{"id":17072,"date":"2024-11-13T17:57:14","date_gmt":"2024-11-13T16:57:14","guid":{"rendered":"https:\/\/archiv.siov.sk\/?p=17072"},"modified":"2024-11-13T18:01:37","modified_gmt":"2024-11-13T17:01:37","slug":"pozname-vitazov-sutaze-kadernikov-vizazistov-aj-body-art","status":"publish","type":"post","link":"https:\/\/archiv.siov.sk\/en\/pozname-vitazov-sutaze-kadernikov-vizazistov-aj-body-art\/","title":{"rendered":"Pozn\u00e1me v\u00ed\u0165azov s\u00fa\u0165a\u017ee kadern\u00edkov, viz\u00e1\u017eistov aj body art"},"content":{"rendered":"<p style=\"text-align: justify;\">Medzin\u00e1rodn\u00fd ve\u013etrh kozmetiky a kadern\u00edctva INTERBEAUTY v bratislavskej Inchebe bol za\u010diatkom novembra miestom \u00a09. ro\u010dn\u00edka celo\u0161t\u00e1tnej s\u00fa\u0165a\u017ee stredo\u0161kol\u00e1kov v odborn\u00fdch zru\u010dnostiach kadern\u00edkov a viz\u00e1\u017eistov <strong>Skills Slovakia Uk\u00e1\u017e \u010do vie\u0161<\/strong>\u00a0\u201c<strong>O zlat\u00e9 no\u017enice\u201d.<\/strong><\/p>\n<p style=\"text-align: justify;\">S\u00fa\u0165a\u017ee sa z\u00fa\u010dastnilo celkom 130 s\u00fa\u0165a\u017eiacich z\u00a0cel\u00e9ho Slovenska vr\u00e1tane 72 stredo\u0161kol\u00e1kov. \u00a0S\u00fa\u0165a\u017eilo sa v \u0161tyroch kateg\u00f3ri\u00e1ch pre stredn\u00e9 \u0161koly a dospel\u00fdch s t\u00e9mami\u00a0<strong>\u201eTREND CUT\u201c \u2013 d\u00e1msky trendov\u00fd strih jese\u0148 \u2013 zima 2024, \u00a0\u201eKOMER\u010cN\u00dd SVADOBN\u00dd \u00da\u010cES\u201c,\u00a0 \u00a0\u201eMODERN\u00dd P\u00c1NSKY STRIH\u201c- vo\u013en\u00e1 t\u00e9ma bez krit\u00e9ri\u00ed.\u00a0<\/strong>Poslednou t\u00e9mou pre odbor kozmeti\u010dka bola <strong>\u00a0AI, umel\u00e1 inteligencia.<\/strong>\u00a0\u00a0Okrem umiestnen\u00ed na prvom a\u017e tretom mieste bol \u00a0vyhl\u00e1sen\u00fd kateg\u00f3ri\u00ed\u00a0 vyhodnoten\u00fd aj absol\u00fatny v\u00ed\u0165az <strong>Patrik Pavol Margu\u0161<\/strong> zo\u00a0SO\u0160 beauty slu\u017eieb Bratislava.<\/p>\n<p><strong>&#8222;TREND CUT\u201c \u2013 d\u00e1msky trendov\u00fd strih jese\u0148 \u2013 zima 2024<\/strong><strong>:<\/strong><\/p>\n<p style=\"text-align: justify;\">Prv\u00e9 miesto z\u00edskala <strong>M\u00e1ria Filipov\u00e1<\/strong> zo SO\u0160 techniky a\u00a0slu\u017eieb, druh\u00e9 miesto <strong>Lea Dud\u00e1\u0161ov\u00e1<\/strong> zo\u00a0SO\u0160 obchodu a\u00a0slu\u017eieb Pie\u0161\u0165any, tretie miesto patr\u00ed <strong>Denise \u0160najderovej<\/strong> zo SO\u0160 hotel. slu\u017eieb a\u00a0obchodu Zvolen.<\/p>\n<p>\u201e<strong>KOMER\u010cN\u00dd SVADOBN\u00dd \u00da\u010cES\u201c:<\/strong><\/p>\n<p style=\"text-align: justify;\">Prvenstvo z\u00edskala <strong>Zuzana Petr\u00fafkov\u00e1<\/strong> zo SO\u0160 KaV Sv\u00e4toplukova Bratislava, \u00a0druh\u00e9 miesto <strong>Chiara Bongilajov\u00e1<\/strong> zo\u00a0SO\u0160 slu\u017eibe Levice a\u00a0tretia sa umiestnila <strong>Sab\u00edna Pol\u00e1kov\u00e1<\/strong> z\u00a0SO\u0160 beauty slu\u017eieb Bratislava.<\/p>\n<p><strong>\u201eMODERN\u00dd P\u00c1NSKY STRIH\u201c:<\/strong><\/p>\n<p style=\"text-align: justify;\">Prv\u00e9 miesto obsadil<strong> Patrik Pavol Margu\u0161<\/strong> zo\u00a0SO\u0160 beauty slu\u017eieb Bratislava, druh\u00e9 miesto <strong>Kevin Cz\u00edk<\/strong> zo S\u00fakromnej\u00a0 SO\u0160 Rimavsk\u00e1 Sobota a\u00a0tret\u00ed skon\u010dil <strong>J\u00e1n Harvan<\/strong> zo\u00a0SO\u0160 obchodu a\u00a0slu\u017eieb Humenn\u00e9.<\/p>\n<p><strong>Umel\u00e1 inteligencia &#8211; AI:<\/strong><\/p>\n<p style=\"text-align: justify;\">Prv\u00e1 bola \u00a0<strong>Laura D\u017e\u00e1covsk\u00e1<\/strong> zo\u00a0SO\u0160 techniky a\u00a0slu\u017eieb Nitra, druh\u00e1 <strong>Vanesa Rigov\u00e1<\/strong> zo\u00a0SO\u0160 techniky a\u00a0slu\u017eieb Nitra a\u00a0tretie miesto z\u00edskala <strong>Maya Badyllo \u0160ev\u010d\u00edkov\u00e1<\/strong> zo\u00a0SO\u0160 obchodu a\u00a0slu\u017eieb Tren\u010d\u00edn.<\/p>\n<p>\u00a0 \u00a0 \u00a0 \u00a0 \u00a0 \u00a0 \u00a0 \u00a0 \u00a0 \u00a0 \u00a0 \u00a0 \u00a0 \u00a0 \u00a0 \u00a0 \u00a0 \u00a0 \u00a0 \u00a0 \u00a0 \u00a0 \u00a0 \u00a0 \u00a0 \u00a0 \u00a0 \u00a0 \u00a0 \u00a0 \u00a0 \u00a0 \u00a0 \u00a0 <img fetchpriority=\"high\" decoding=\"async\" class=\"alignnone wp-image-17075\" src=\"https:\/\/archiv.siov.sk\/wp-content\/uploads\/2024\/11\/462542338_967288245442347_3767401068979186927_n-768x1024.jpg\" alt=\"\" width=\"250\" height=\"333\" srcset=\"https:\/\/archiv.siov.sk\/wp-content\/uploads\/2024\/11\/462542338_967288245442347_3767401068979186927_n-768x1024.jpg 768w, https:\/\/archiv.siov.sk\/wp-content\/uploads\/2024\/11\/462542338_967288245442347_3767401068979186927_n-225x300.jpg 225w, https:\/\/archiv.siov.sk\/wp-content\/uploads\/2024\/11\/462542338_967288245442347_3767401068979186927_n-1152x1536.jpg 1152w, https:\/\/archiv.siov.sk\/wp-content\/uploads\/2024\/11\/462542338_967288245442347_3767401068979186927_n-9x12.jpg 9w, https:\/\/archiv.siov.sk\/wp-content\/uploads\/2024\/11\/462542338_967288245442347_3767401068979186927_n.jpg 1200w\" sizes=\"(max-width: 250px) 100vw, 250px\" \/>\u00a0 \u00a0 \u00a0 \u00a0 \u00a0 <img decoding=\"async\" class=\"alignnone wp-image-17076\" src=\"https:\/\/archiv.siov.sk\/wp-content\/uploads\/2024\/11\/462566597_505404322476487_5801067812940425713_n-768x1024.jpg\" alt=\"\" width=\"250\" height=\"333\" srcset=\"https:\/\/archiv.siov.sk\/wp-content\/uploads\/2024\/11\/462566597_505404322476487_5801067812940425713_n-768x1024.jpg 768w, https:\/\/archiv.siov.sk\/wp-content\/uploads\/2024\/11\/462566597_505404322476487_5801067812940425713_n-225x300.jpg 225w, https:\/\/archiv.siov.sk\/wp-content\/uploads\/2024\/11\/462566597_505404322476487_5801067812940425713_n-1152x1536.jpg 1152w, https:\/\/archiv.siov.sk\/wp-content\/uploads\/2024\/11\/462566597_505404322476487_5801067812940425713_n-9x12.jpg 9w, https:\/\/archiv.siov.sk\/wp-content\/uploads\/2024\/11\/462566597_505404322476487_5801067812940425713_n.jpg 1179w\" sizes=\"(max-width: 250px) 100vw, 250px\" \/><\/p>\n<p>S\u00fa\u0165a\u017eiaci v \u010dasovom limite preuk\u00e1zali v\u00fdnimo\u010dn\u00e9 odborn\u00e9 zru\u010dnosti, predstavivos\u0165, kreativitu, invenciu a cit pre kadern\u00edcke povolanie a viz\u00e1\u017e. \u00a0Porota zlo\u017een\u00e1 z profesion\u00e1lnych kadern\u00edkov a viz\u00e1\u017eistov,\u00a0 pod\u013ea medzin\u00e1rodn\u00fdch krit\u00e9ri\u00ed OMC (Organisation Mondiale de la Coiffure), hodnotila dodr\u017eiavanie bezpe\u010dnosti pri pr\u00e1ci, techniku prevedenia, strih no\u017enicami, celkov\u00fa kreativitu, fin\u00e1lny styling a dodr\u017eanie t\u00e9my.<\/p>\n<p style=\"text-align: justify;\">Organiz\u00e1tor podujatia\u00a0 Zdru\u017eenie kadern\u00edkov a viz\u00e1\u017eistov Slovenska pod veden\u00edm profesion\u00e1lneho kadern\u00edka Polata Elalmisa z Hair Sal\u00f3nu \u00a0Bratislava, podporuje s\u00fa\u0165a\u017e akt\u00edvne nieko\u013eko rokov a te\u0161\u00ed sa na kreat\u00edvne n\u00e1pady mlad\u00fdch stredo\u0161kol\u00e1kov. Ver\u00ed, \u017ee cie\u013e s\u00fa\u0165a\u017ee z\u00edska\u0165 nov\u00e9 sk\u00fasenosti, \u00a0zru\u010dnosti a nezabudnute\u013en\u00e9 pr\u00edjemn\u00e9 z\u00e1\u017eitky sa naplnil. Podujatie podporili \u010fal\u0161\u00ed partneri a\u00a0 odborn\u00ed hodnotitelia z praxe. \u00a0Metodick\u00fdm garantom a partnerom podujatia je \u0160t\u00e1tny in\u0161tit\u00fat odborn\u00e9ho vzdel\u00e1vania odbor podpory smerovania ml\u00e1de\u017ee. S\u00fa\u0165a\u017e \u00a0sa uskuto\u010dnila pod z\u00e1\u0161titou Ministerstva \u0161kolstva,\u00a0 v\u00fdskumu, v\u00fdvoja a ml\u00e1de\u017ee Slovenskej republiky.<\/p>\n<p style=\"text-align: justify;\">Okrem s\u00fa\u0165a\u017ee kadern\u00edkov a viz\u00e1\u017eistov prebehli v r\u00e1mci INTERBEAUTY v Inchebe aj \u201eMajstrovstv\u00e1 Slovenska stredo\u0161kol\u00e1kov\u201c Body Art \u2013 Facepainting a Bodypainting. Celo\u0161t\u00e1tna s\u00fa\u0165a\u017e sa uskuto\u010dnila v kateg\u00f3rii pre stredn\u00e9 \u0161koly s t\u00e9mami <strong>\u201eZapletanie cop\u00edkov\u201c, v dvoch kateg\u00f3ri\u00e1ch: box\u00e9rske cop\u00edky a zapletanie pod\u013ea pr\u00edlohy, \u201eKreat\u00edvny make-up\u201c s t\u00e9mou \u2013 Galactic fashion, a Facepainting s t\u00e9mou \u201ePop Art\u201c. <\/strong>Celkom sa do s\u00fa\u0165a\u017ee zapojilo 34 s\u00fa\u0165a\u017eiacich s 34 modelkami, ktor\u00e9 pod\u010diarkli v\u00fdsledky pr\u00e1c \u017eiakov.<\/p>\n<p>\u00a0 \u00a0 \u00a0 \u00a0 \u00a0 \u00a0 \u00a0 \u00a0 \u00a0 \u00a0 \u00a0 \u00a0 \u00a0 \u00a0 \u00a0 \u00a0 \u00a0 \u00a0 \u00a0 \u00a0 \u00a0 \u00a0 \u00a0 \u00a0 \u00a0 \u00a0 \u00a0 \u00a0 \u00a0 \u00a0 \u00a0 \u00a0 \u00a0 <img decoding=\"async\" class=\"alignnone wp-image-17077\" src=\"https:\/\/archiv.siov.sk\/wp-content\/uploads\/2024\/11\/462582144_1304420147216764_1918923464068326997_n-768x1024.jpg\" alt=\"\" width=\"251\" height=\"335\" srcset=\"https:\/\/archiv.siov.sk\/wp-content\/uploads\/2024\/11\/462582144_1304420147216764_1918923464068326997_n-768x1024.jpg 768w, https:\/\/archiv.siov.sk\/wp-content\/uploads\/2024\/11\/462582144_1304420147216764_1918923464068326997_n-225x300.jpg 225w, https:\/\/archiv.siov.sk\/wp-content\/uploads\/2024\/11\/462582144_1304420147216764_1918923464068326997_n-1152x1536.jpg 1152w, https:\/\/archiv.siov.sk\/wp-content\/uploads\/2024\/11\/462582144_1304420147216764_1918923464068326997_n-9x12.jpg 9w, https:\/\/archiv.siov.sk\/wp-content\/uploads\/2024\/11\/462582144_1304420147216764_1918923464068326997_n.jpg 1200w\" sizes=\"(max-width: 251px) 100vw, 251px\" \/>\u00a0 \u00a0 \u00a0 \u00a0 \u00a0 <img loading=\"lazy\" decoding=\"async\" class=\"alignnone wp-image-17078\" src=\"https:\/\/archiv.siov.sk\/wp-content\/uploads\/2024\/11\/462566545_903274811470352_233981162287664944_n-768x1024.jpg\" alt=\"\" width=\"250\" height=\"333\" srcset=\"https:\/\/archiv.siov.sk\/wp-content\/uploads\/2024\/11\/462566545_903274811470352_233981162287664944_n-768x1024.jpg 768w, https:\/\/archiv.siov.sk\/wp-content\/uploads\/2024\/11\/462566545_903274811470352_233981162287664944_n-225x300.jpg 225w, https:\/\/archiv.siov.sk\/wp-content\/uploads\/2024\/11\/462566545_903274811470352_233981162287664944_n-1152x1536.jpg 1152w, https:\/\/archiv.siov.sk\/wp-content\/uploads\/2024\/11\/462566545_903274811470352_233981162287664944_n-9x12.jpg 9w, https:\/\/archiv.siov.sk\/wp-content\/uploads\/2024\/11\/462566545_903274811470352_233981162287664944_n.jpg 1536w\" sizes=\"(max-width: 250px) 100vw, 250px\" \/><\/p>\n<p style=\"text-align: justify;\">Prv\u00e9 miesto v t\u00e9me <strong>Zapletanie cop\u00edkov<\/strong> z\u00edskala\u00a0 <strong>Vanessa G\u00e1l<\/strong> zo Spojenej \u0161koly Gyulu Szaboa Dunajsk\u00e1 Streda,\u00a0 druh\u00e9 miesto patr\u00ed <strong>Dominike Domeovej <\/strong>zo SO\u0160 \u0160a\u013ea a <strong>Eme \u0160tetkovej<\/strong> zo\u00a0 SO\u0160 hotel. slu\u017eieb Zvolen, tretie miesto z\u00edskali\u00a0 op\u00e4\u0165 dve s\u00fa\u0165a\u017eiace a to <strong>Valent\u00edna Rudincov\u00e1<\/strong>, zo SO\u0160 obchodu a\u00a0slu\u017eieb \u010cadca a\u00a0<strong>Rebeka B\u00edr\u00f3ov\u00e1<\/strong> zo Spojenej \u0161koly Gyulu Szaboa Dunajsk\u00e1 Streda.<\/p>\n<p style=\"text-align: justify;\">Prv\u00e9 miesto v t\u00e9me <strong>Facepainting<\/strong> z\u00edskali \u017eia\u010dky <strong>Romana Hume\u0148ansk\u00e1 <\/strong>zo SO\u0160 slu\u017eieb Pre\u0161ov a <strong>Ema Kov\u00e1\u010dovsk\u00e1<\/strong> zo SO\u0160 beauty slu\u017eieb Bratislava, druh\u00e9 miesto <strong>Adelina Poltorapavlov\u00e1<\/strong> SO\u0160 beauty slu\u017eieb Bratislava a tretie miesto <strong>L\u00edvia Mi\u0161ovcov\u00e1<\/strong> \u00a0zo SO\u0160 beauty Bratislava a <strong>Liliana Sedl\u00e1kov\u00e1<\/strong> tie\u017e zo SO\u0160 beauty Bratislava.<\/p>\n<p style=\"text-align: justify;\">Prv\u00e9 miesto v t\u00e9me <strong>Kreat\u00edvny make-up<\/strong> z\u00edskala <strong>Ema Kov\u00e1\u010dovsk\u00e1<\/strong> zo SO\u0160 beauty\u00a0 slu\u017eieb Bratislava, druh\u00e9 miesto <strong>Fani Bartal<\/strong> zo Spojenej \u0161koly Gyulu Szaboa Dunajsk\u00e1 Streda a\u00a0<strong>Barbora Buchov\u00e1<\/strong>\u00a0 zo SO\u0160 beauty\u00a0 slu\u017eieb Bratislava.\u00a0 Tretie miesto patr\u00ed <strong>Radoslave Lejkovej <\/strong>zo SO\u0160 slu\u017eieb Pre\u0161ov.<\/p>\n<p style=\"text-align: justify;\">S\u00fa\u0165a\u017eiaci preuk\u00e1zali v ur\u010denom \u010dasovom limite svoje v\u00fdnimo\u010dn\u00e9 odborn\u00e9 zru\u010dnosti, predstavivos\u0165, kreativitu, invenciu a cit pre n\u00e1ro\u010dn\u00e9 kre\u00e1cie a ma\u013eovanie na telo a tv\u00e1r. \u00a0Kreat\u00edvne pou\u017eili dekora\u010dn\u00e9 doplnky, parochne, masky a r\u00f4zne \u0161peci\u00e1lne efekty.<\/p>\n<p style=\"text-align: justify;\">Organiz\u00e1tor podujatia Asoci\u00e1cia Bodypainterov Slovenska podporuje s\u00fa\u0165a\u017e akt\u00edvne nieko\u013eko rokov a te\u0161\u00ed sa na kreat\u00edvne n\u00e1pady mlad\u00fdch stredo\u0161kol\u00e1kov. Podujatie podporili \u010fal\u0161\u00ed partneri a\u00a0 odborn\u00ed hodnotitelia z praxe. Metodick\u00fdm garantom podujatia bol \u0160t\u00e1tny in\u0161tit\u00fat odborn\u00e9ho vzdel\u00e1vania odbor podpory smerovania ml\u00e1de\u017ee. Reklamn\u00ed partneri \u2013Belora Bratislava\u2013 kadern\u00edcke potreby, \u00a0Dali Art &#8211; Ma\u013eujme se . Cz, SHARMANT studio s.r.o., Farma Vita Bratislava,<\/p>","protected":false},"excerpt":{"rendered":"<p>Medzin\u00e1rodn\u00fd ve\u013etrh kozmetiky a kadern\u00edctva INTERBEAUTY v bratislavskej Inchebe bol za\u010diatkom novembra miestom \u00a09. ro\u010dn\u00edka celo\u0161t\u00e1tnej s\u00fa\u0165a\u017ee stredo\u0161kol\u00e1kov v odborn\u00fdch zru\u010dnostiach kadern\u00edkov a viz\u00e1\u017eistov Skills Slovakia Uk\u00e1\u017e \u010do vie\u0161\u00a0\u201cO zlat\u00e9 no\u017enice\u201d. S\u00fa\u0165a\u017ee sa z\u00fa\u010dastnilo celkom 130 s\u00fa\u0165a\u017eiacich z\u00a0cel\u00e9ho Slovenska vr\u00e1tane 72 stredo\u0161kol\u00e1kov. \u00a0S\u00fa\u0165a\u017eilo sa v \u0161tyroch kateg\u00f3ri\u00e1ch pre stredn\u00e9 \u0161koly a dospel\u00fdch s t\u00e9mami\u00a0\u201eTREND CUT\u201c [&hellip;]<\/p>\n","protected":false},"author":6,"featured_media":17074,"comment_status":"closed","ping_status":"closed","sticky":false,"template":"","format":"standard","meta":{"site-sidebar-layout":"default","site-content-layout":"","ast-site-content-layout":"default","site-content-style":"default","site-sidebar-style":"default","ast-global-header-display":"","ast-banner-title-visibility":"","ast-main-header-display":"","ast-hfb-above-header-display":"","ast-hfb-below-header-display":"","ast-hfb-mobile-header-display":"","site-post-title":"","ast-breadcrumbs-content":"","ast-featured-img":"","footer-sml-layout":"","ast-disable-related-posts":"","theme-transparent-header-meta":"default","adv-header-id-meta":"","stick-header-meta":"default","header-above-stick-meta":"","header-main-stick-meta":"","header-below-stick-meta":"","astra-migrate-meta-layouts":"set","ast-page-background-enabled":"default","ast-page-background-meta":{"desktop":{"background-color":"var(--ast-global-color-4)","background-image":"","background-repeat":"repeat","background-position":"center center","background-size":"auto","background-attachment":"scroll","background-type":"","background-media":"","overlay-type":"","overlay-color":"","overlay-opacity":"","overlay-gradient":""},"tablet":{"background-color":"","background-image":"","background-repeat":"repeat","background-position":"center center","background-size":"auto","background-attachment":"scroll","background-type":"","background-media":"","overlay-type":"","overlay-color":"","overlay-opacity":"","overlay-gradient":""},"mobile":{"background-color":"","background-image":"","background-repeat":"repeat","background-position":"center center","background-size":"auto","background-attachment":"scroll","background-type":"","background-media":"","overlay-type":"","overlay-color":"","overlay-opacity":"","overlay-gradient":""}},"ast-content-background-meta":{"desktop":{"background-color":"var(--ast-global-color-5)","background-image":"","background-repeat":"repeat","background-position":"center center","background-size":"auto","background-attachment":"scroll","background-type":"","background-media":"","overlay-type":"","overlay-color":"","overlay-opacity":"","overlay-gradient":""},"tablet":{"background-color":"var(--ast-global-color-5)","background-image":"","background-repeat":"repeat","background-position":"center center","background-size":"auto","background-attachment":"scroll","background-type":"","background-media":"","overlay-type":"","overlay-color":"","overlay-opacity":"","overlay-gradient":""},"mobile":{"background-color":"var(--ast-global-color-5)","background-image":"","background-repeat":"repeat","background-position":"center center","background-size":"auto","background-attachment":"scroll","background-type":"","background-media":"","overlay-type":"","overlay-color":"","overlay-opacity":"","overlay-gradient":""}},"footnotes":""},"categories":[1],"tags":[],"class_list":["post-17072","post","type-post","status-publish","format-standard","has-post-thumbnail","hentry","category-aktuality"],"yoast_head":"<!-- This site is optimized with the Yoast SEO plugin v27.5 - https:\/\/yoast.com\/product\/yoast-seo-wordpress\/ -->\n<title>Pozn\u00e1me v\u00ed\u0165azov s\u00fa\u0165a\u017ee kadern\u00edkov, viz\u00e1\u017eistov aj body art - \u0160IOV - \u0161t\u00e1tny in\u0161tit\u00fat odborn\u00e9ho vzdel\u00e1vania<\/title>\n<meta name=\"robots\" content=\"index, follow, max-snippet:-1, max-image-preview:large, max-video-preview:-1\" \/>\n<link rel=\"canonical\" href=\"https:\/\/archiv.siov.sk\/en\/pozname-vitazov-sutaze-kadernikov-vizazistov-aj-body-art\/\" \/>\n<meta property=\"og:locale\" content=\"en_GB\" \/>\n<meta property=\"og:type\" content=\"article\" \/>\n<meta property=\"og:title\" content=\"Pozn\u00e1me v\u00ed\u0165azov s\u00fa\u0165a\u017ee kadern\u00edkov, viz\u00e1\u017eistov aj body art - \u0160IOV - \u0161t\u00e1tny in\u0161tit\u00fat odborn\u00e9ho vzdel\u00e1vania\" \/>\n<meta property=\"og:description\" content=\"Medzin\u00e1rodn\u00fd ve\u013etrh kozmetiky a kadern\u00edctva INTERBEAUTY v bratislavskej Inchebe bol za\u010diatkom novembra miestom \u00a09. ro\u010dn\u00edka celo\u0161t\u00e1tnej s\u00fa\u0165a\u017ee stredo\u0161kol\u00e1kov v odborn\u00fdch zru\u010dnostiach kadern\u00edkov a viz\u00e1\u017eistov Skills Slovakia Uk\u00e1\u017e \u010do vie\u0161\u00a0\u201cO zlat\u00e9 no\u017enice\u201d. S\u00fa\u0165a\u017ee sa z\u00fa\u010dastnilo celkom 130 s\u00fa\u0165a\u017eiacich z\u00a0cel\u00e9ho Slovenska vr\u00e1tane 72 stredo\u0161kol\u00e1kov. \u00a0S\u00fa\u0165a\u017eilo sa v \u0161tyroch kateg\u00f3ri\u00e1ch pre stredn\u00e9 \u0161koly a dospel\u00fdch s t\u00e9mami\u00a0\u201eTREND CUT\u201c [&hellip;]\" \/>\n<meta property=\"og:url\" content=\"https:\/\/archiv.siov.sk\/en\/pozname-vitazov-sutaze-kadernikov-vizazistov-aj-body-art\/\" \/>\n<meta property=\"og:site_name\" content=\"\u0160IOV - \u0161t\u00e1tny in\u0161tit\u00fat odborn\u00e9ho vzdel\u00e1vania\" \/>\n<meta property=\"article:publisher\" content=\"https:\/\/www.facebook.com\/Statnyinstitutodbornehovzdelavania\" \/>\n<meta property=\"article:published_time\" content=\"2024-11-13T16:57:14+00:00\" \/>\n<meta property=\"article:modified_time\" content=\"2024-11-13T17:01:37+00:00\" \/>\n<meta property=\"og:image\" content=\"https:\/\/archiv.siov.sk\/wp-content\/uploads\/2024\/11\/462546941_549872947658828_2903335356440784231_n.jpg\" \/>\n\t<meta property=\"og:image:width\" content=\"1179\" \/>\n\t<meta property=\"og:image:height\" content=\"884\" \/>\n\t<meta property=\"og:image:type\" content=\"image\/jpeg\" \/>\n<meta name=\"author\" content=\"Katar\u00edna Kov\u00e1\u010dov\u00e1\" \/>\n<meta name=\"twitter:card\" content=\"summary_large_image\" \/>\n<meta name=\"twitter:label1\" content=\"Written by\" \/>\n\t<meta name=\"twitter:data1\" content=\"Katar\u00edna Kov\u00e1\u010dov\u00e1\" \/>\n\t<meta name=\"twitter:label2\" content=\"Estimated reading time\" \/>\n\t<meta name=\"twitter:data2\" content=\"5 minutes\" \/>\n<script type=\"application\/ld+json\" class=\"yoast-schema-graph\">{\"@context\":\"https:\\\/\\\/schema.org\",\"@graph\":[{\"@type\":\"Article\",\"@id\":\"https:\\\/\\\/archiv.siov.sk\\\/pozname-vitazov-sutaze-kadernikov-vizazistov-aj-body-art\\\/#article\",\"isPartOf\":{\"@id\":\"https:\\\/\\\/archiv.siov.sk\\\/pozname-vitazov-sutaze-kadernikov-vizazistov-aj-body-art\\\/\"},\"author\":{\"name\":\"Katar\u00edna Kov\u00e1\u010dov\u00e1\",\"@id\":\"https:\\\/\\\/archiv.siov.sk\\\/#\\\/schema\\\/person\\\/e42d633fbd958c6a726e8834d8965e6c\"},\"headline\":\"Pozn\u00e1me v\u00ed\u0165azov s\u00fa\u0165a\u017ee kadern\u00edkov, viz\u00e1\u017eistov aj body art\",\"datePublished\":\"2024-11-13T16:57:14+00:00\",\"dateModified\":\"2024-11-13T17:01:37+00:00\",\"mainEntityOfPage\":{\"@id\":\"https:\\\/\\\/archiv.siov.sk\\\/pozname-vitazov-sutaze-kadernikov-vizazistov-aj-body-art\\\/\"},\"wordCount\":928,\"publisher\":{\"@id\":\"https:\\\/\\\/archiv.siov.sk\\\/#organization\"},\"image\":{\"@id\":\"https:\\\/\\\/archiv.siov.sk\\\/pozname-vitazov-sutaze-kadernikov-vizazistov-aj-body-art\\\/#primaryimage\"},\"thumbnailUrl\":\"https:\\\/\\\/archiv.siov.sk\\\/wp-content\\\/uploads\\\/2024\\\/11\\\/462546941_549872947658828_2903335356440784231_n.jpg\",\"articleSection\":[\"Aktuality\"],\"inLanguage\":\"en-GB\"},{\"@type\":\"WebPage\",\"@id\":\"https:\\\/\\\/archiv.siov.sk\\\/pozname-vitazov-sutaze-kadernikov-vizazistov-aj-body-art\\\/\",\"url\":\"https:\\\/\\\/archiv.siov.sk\\\/pozname-vitazov-sutaze-kadernikov-vizazistov-aj-body-art\\\/\",\"name\":\"Pozn\u00e1me v\u00ed\u0165azov s\u00fa\u0165a\u017ee kadern\u00edkov, viz\u00e1\u017eistov aj body art - \u0160IOV - \u0161t\u00e1tny in\u0161tit\u00fat odborn\u00e9ho vzdel\u00e1vania\",\"isPartOf\":{\"@id\":\"https:\\\/\\\/archiv.siov.sk\\\/#website\"},\"primaryImageOfPage\":{\"@id\":\"https:\\\/\\\/archiv.siov.sk\\\/pozname-vitazov-sutaze-kadernikov-vizazistov-aj-body-art\\\/#primaryimage\"},\"image\":{\"@id\":\"https:\\\/\\\/archiv.siov.sk\\\/pozname-vitazov-sutaze-kadernikov-vizazistov-aj-body-art\\\/#primaryimage\"},\"thumbnailUrl\":\"https:\\\/\\\/archiv.siov.sk\\\/wp-content\\\/uploads\\\/2024\\\/11\\\/462546941_549872947658828_2903335356440784231_n.jpg\",\"datePublished\":\"2024-11-13T16:57:14+00:00\",\"dateModified\":\"2024-11-13T17:01:37+00:00\",\"breadcrumb\":{\"@id\":\"https:\\\/\\\/archiv.siov.sk\\\/pozname-vitazov-sutaze-kadernikov-vizazistov-aj-body-art\\\/#breadcrumb\"},\"inLanguage\":\"en-GB\",\"potentialAction\":[{\"@type\":\"ReadAction\",\"target\":[\"https:\\\/\\\/archiv.siov.sk\\\/pozname-vitazov-sutaze-kadernikov-vizazistov-aj-body-art\\\/\"]}]},{\"@type\":\"ImageObject\",\"inLanguage\":\"en-GB\",\"@id\":\"https:\\\/\\\/archiv.siov.sk\\\/pozname-vitazov-sutaze-kadernikov-vizazistov-aj-body-art\\\/#primaryimage\",\"url\":\"https:\\\/\\\/archiv.siov.sk\\\/wp-content\\\/uploads\\\/2024\\\/11\\\/462546941_549872947658828_2903335356440784231_n.jpg\",\"contentUrl\":\"https:\\\/\\\/archiv.siov.sk\\\/wp-content\\\/uploads\\\/2024\\\/11\\\/462546941_549872947658828_2903335356440784231_n.jpg\",\"width\":1179,\"height\":884},{\"@type\":\"BreadcrumbList\",\"@id\":\"https:\\\/\\\/archiv.siov.sk\\\/pozname-vitazov-sutaze-kadernikov-vizazistov-aj-body-art\\\/#breadcrumb\",\"itemListElement\":[{\"@type\":\"ListItem\",\"position\":1,\"name\":\"Home\",\"item\":\"https:\\\/\\\/archiv.siov.sk\\\/\"},{\"@type\":\"ListItem\",\"position\":2,\"name\":\"Pozn\u00e1me v\u00ed\u0165azov s\u00fa\u0165a\u017ee kadern\u00edkov, viz\u00e1\u017eistov aj body art\"}]},{\"@type\":\"WebSite\",\"@id\":\"https:\\\/\\\/archiv.siov.sk\\\/#website\",\"url\":\"https:\\\/\\\/archiv.siov.sk\\\/\",\"name\":\"\u0160IOV - \u0161t\u00e1tny in\u0161tit\u00fat odborn\u00e9ho vzdel\u00e1vania\",\"description\":\"\",\"publisher\":{\"@id\":\"https:\\\/\\\/archiv.siov.sk\\\/#organization\"},\"potentialAction\":[{\"@type\":\"SearchAction\",\"target\":{\"@type\":\"EntryPoint\",\"urlTemplate\":\"https:\\\/\\\/archiv.siov.sk\\\/?s={search_term_string}\"},\"query-input\":{\"@type\":\"PropertyValueSpecification\",\"valueRequired\":true,\"valueName\":\"search_term_string\"}}],\"inLanguage\":\"en-GB\"},{\"@type\":\"Organization\",\"@id\":\"https:\\\/\\\/archiv.siov.sk\\\/#organization\",\"name\":\"\u0160IOV - \u0161t\u00e1tny in\u0161tit\u00fat odborn\u00e9ho vzdel\u00e1vania\",\"url\":\"https:\\\/\\\/archiv.siov.sk\\\/\",\"logo\":{\"@type\":\"ImageObject\",\"inLanguage\":\"en-GB\",\"@id\":\"https:\\\/\\\/archiv.siov.sk\\\/#\\\/schema\\\/logo\\\/image\\\/\",\"url\":\"https:\\\/\\\/archiv.siov.sk\\\/wp-content\\\/uploads\\\/2024\\\/02\\\/logo-SIOV.png\",\"contentUrl\":\"https:\\\/\\\/archiv.siov.sk\\\/wp-content\\\/uploads\\\/2024\\\/02\\\/logo-SIOV.png\",\"width\":431,\"height\":143,\"caption\":\"\u0160IOV - \u0161t\u00e1tny in\u0161tit\u00fat odborn\u00e9ho vzdel\u00e1vania\"},\"image\":{\"@id\":\"https:\\\/\\\/archiv.siov.sk\\\/#\\\/schema\\\/logo\\\/image\\\/\"},\"sameAs\":[\"https:\\\/\\\/www.facebook.com\\\/Statnyinstitutodbornehovzdelavania\"]},{\"@type\":\"Person\",\"@id\":\"https:\\\/\\\/archiv.siov.sk\\\/#\\\/schema\\\/person\\\/e42d633fbd958c6a726e8834d8965e6c\",\"name\":\"Katar\u00edna Kov\u00e1\u010dov\u00e1\",\"url\":\"https:\\\/\\\/archiv.siov.sk\\\/en\\\/author\\\/katkakovacova\\\/\"}]}<\/script>\n<!-- \/ Yoast SEO plugin. -->","yoast_head_json":{"title":"Pozn\u00e1me v\u00ed\u0165azov s\u00fa\u0165a\u017ee kadern\u00edkov, viz\u00e1\u017eistov aj body art - \u0160IOV - \u0161t\u00e1tny in\u0161tit\u00fat odborn\u00e9ho vzdel\u00e1vania","robots":{"index":"index","follow":"follow","max-snippet":"max-snippet:-1","max-image-preview":"max-image-preview:large","max-video-preview":"max-video-preview:-1"},"canonical":"https:\/\/archiv.siov.sk\/en\/pozname-vitazov-sutaze-kadernikov-vizazistov-aj-body-art\/","og_locale":"en_GB","og_type":"article","og_title":"Pozn\u00e1me v\u00ed\u0165azov s\u00fa\u0165a\u017ee kadern\u00edkov, viz\u00e1\u017eistov aj body art - \u0160IOV - \u0161t\u00e1tny in\u0161tit\u00fat odborn\u00e9ho vzdel\u00e1vania","og_description":"Medzin\u00e1rodn\u00fd ve\u013etrh kozmetiky a kadern\u00edctva INTERBEAUTY v bratislavskej Inchebe bol za\u010diatkom novembra miestom \u00a09. ro\u010dn\u00edka celo\u0161t\u00e1tnej s\u00fa\u0165a\u017ee stredo\u0161kol\u00e1kov v odborn\u00fdch zru\u010dnostiach kadern\u00edkov a viz\u00e1\u017eistov Skills Slovakia Uk\u00e1\u017e \u010do vie\u0161\u00a0\u201cO zlat\u00e9 no\u017enice\u201d. S\u00fa\u0165a\u017ee sa z\u00fa\u010dastnilo celkom 130 s\u00fa\u0165a\u017eiacich z\u00a0cel\u00e9ho Slovenska vr\u00e1tane 72 stredo\u0161kol\u00e1kov. \u00a0S\u00fa\u0165a\u017eilo sa v \u0161tyroch kateg\u00f3ri\u00e1ch pre stredn\u00e9 \u0161koly a dospel\u00fdch s t\u00e9mami\u00a0\u201eTREND CUT\u201c [&hellip;]","og_url":"https:\/\/archiv.siov.sk\/en\/pozname-vitazov-sutaze-kadernikov-vizazistov-aj-body-art\/","og_site_name":"\u0160IOV - \u0161t\u00e1tny in\u0161tit\u00fat odborn\u00e9ho vzdel\u00e1vania","article_publisher":"https:\/\/www.facebook.com\/Statnyinstitutodbornehovzdelavania","article_published_time":"2024-11-13T16:57:14+00:00","article_modified_time":"2024-11-13T17:01:37+00:00","og_image":[{"width":1179,"height":884,"url":"https:\/\/archiv.siov.sk\/wp-content\/uploads\/2024\/11\/462546941_549872947658828_2903335356440784231_n.jpg","type":"image\/jpeg"}],"author":"Katar\u00edna Kov\u00e1\u010dov\u00e1","twitter_card":"summary_large_image","twitter_misc":{"Written by":"Katar\u00edna Kov\u00e1\u010dov\u00e1","Estimated reading time":"5 minutes"},"schema":{"@context":"https:\/\/schema.org","@graph":[{"@type":"Article","@id":"https:\/\/archiv.siov.sk\/pozname-vitazov-sutaze-kadernikov-vizazistov-aj-body-art\/#article","isPartOf":{"@id":"https:\/\/archiv.siov.sk\/pozname-vitazov-sutaze-kadernikov-vizazistov-aj-body-art\/"},"author":{"name":"Katar\u00edna Kov\u00e1\u010dov\u00e1","@id":"https:\/\/archiv.siov.sk\/#\/schema\/person\/e42d633fbd958c6a726e8834d8965e6c"},"headline":"Pozn\u00e1me v\u00ed\u0165azov s\u00fa\u0165a\u017ee kadern\u00edkov, viz\u00e1\u017eistov aj body art","datePublished":"2024-11-13T16:57:14+00:00","dateModified":"2024-11-13T17:01:37+00:00","mainEntityOfPage":{"@id":"https:\/\/archiv.siov.sk\/pozname-vitazov-sutaze-kadernikov-vizazistov-aj-body-art\/"},"wordCount":928,"publisher":{"@id":"https:\/\/archiv.siov.sk\/#organization"},"image":{"@id":"https:\/\/archiv.siov.sk\/pozname-vitazov-sutaze-kadernikov-vizazistov-aj-body-art\/#primaryimage"},"thumbnailUrl":"https:\/\/archiv.siov.sk\/wp-content\/uploads\/2024\/11\/462546941_549872947658828_2903335356440784231_n.jpg","articleSection":["Aktuality"],"inLanguage":"en-GB"},{"@type":"WebPage","@id":"https:\/\/archiv.siov.sk\/pozname-vitazov-sutaze-kadernikov-vizazistov-aj-body-art\/","url":"https:\/\/archiv.siov.sk\/pozname-vitazov-sutaze-kadernikov-vizazistov-aj-body-art\/","name":"Pozn\u00e1me v\u00ed\u0165azov s\u00fa\u0165a\u017ee kadern\u00edkov, viz\u00e1\u017eistov aj body art - \u0160IOV - \u0161t\u00e1tny in\u0161tit\u00fat odborn\u00e9ho vzdel\u00e1vania","isPartOf":{"@id":"https:\/\/archiv.siov.sk\/#website"},"primaryImageOfPage":{"@id":"https:\/\/archiv.siov.sk\/pozname-vitazov-sutaze-kadernikov-vizazistov-aj-body-art\/#primaryimage"},"image":{"@id":"https:\/\/archiv.siov.sk\/pozname-vitazov-sutaze-kadernikov-vizazistov-aj-body-art\/#primaryimage"},"thumbnailUrl":"https:\/\/archiv.siov.sk\/wp-content\/uploads\/2024\/11\/462546941_549872947658828_2903335356440784231_n.jpg","datePublished":"2024-11-13T16:57:14+00:00","dateModified":"2024-11-13T17:01:37+00:00","breadcrumb":{"@id":"https:\/\/archiv.siov.sk\/pozname-vitazov-sutaze-kadernikov-vizazistov-aj-body-art\/#breadcrumb"},"inLanguage":"en-GB","potentialAction":[{"@type":"ReadAction","target":["https:\/\/archiv.siov.sk\/pozname-vitazov-sutaze-kadernikov-vizazistov-aj-body-art\/"]}]},{"@type":"ImageObject","inLanguage":"en-GB","@id":"https:\/\/archiv.siov.sk\/pozname-vitazov-sutaze-kadernikov-vizazistov-aj-body-art\/#primaryimage","url":"https:\/\/archiv.siov.sk\/wp-content\/uploads\/2024\/11\/462546941_549872947658828_2903335356440784231_n.jpg","contentUrl":"https:\/\/archiv.siov.sk\/wp-content\/uploads\/2024\/11\/462546941_549872947658828_2903335356440784231_n.jpg","width":1179,"height":884},{"@type":"BreadcrumbList","@id":"https:\/\/archiv.siov.sk\/pozname-vitazov-sutaze-kadernikov-vizazistov-aj-body-art\/#breadcrumb","itemListElement":[{"@type":"ListItem","position":1,"name":"Home","item":"https:\/\/archiv.siov.sk\/"},{"@type":"ListItem","position":2,"name":"Pozn\u00e1me v\u00ed\u0165azov s\u00fa\u0165a\u017ee kadern\u00edkov, viz\u00e1\u017eistov aj body art"}]},{"@type":"WebSite","@id":"https:\/\/archiv.siov.sk\/#website","url":"https:\/\/archiv.siov.sk\/","name":"\u0160IOV - \u0161t\u00e1tny in\u0161tit\u00fat odborn\u00e9ho vzdel\u00e1vania","description":"","publisher":{"@id":"https:\/\/archiv.siov.sk\/#organization"},"potentialAction":[{"@type":"SearchAction","target":{"@type":"EntryPoint","urlTemplate":"https:\/\/archiv.siov.sk\/?s={search_term_string}"},"query-input":{"@type":"PropertyValueSpecification","valueRequired":true,"valueName":"search_term_string"}}],"inLanguage":"en-GB"},{"@type":"Organization","@id":"https:\/\/archiv.siov.sk\/#organization","name":"\u0160IOV - \u0161t\u00e1tny in\u0161tit\u00fat odborn\u00e9ho vzdel\u00e1vania","url":"https:\/\/archiv.siov.sk\/","logo":{"@type":"ImageObject","inLanguage":"en-GB","@id":"https:\/\/archiv.siov.sk\/#\/schema\/logo\/image\/","url":"https:\/\/archiv.siov.sk\/wp-content\/uploads\/2024\/02\/logo-SIOV.png","contentUrl":"https:\/\/archiv.siov.sk\/wp-content\/uploads\/2024\/02\/logo-SIOV.png","width":431,"height":143,"caption":"\u0160IOV - \u0161t\u00e1tny in\u0161tit\u00fat odborn\u00e9ho vzdel\u00e1vania"},"image":{"@id":"https:\/\/archiv.siov.sk\/#\/schema\/logo\/image\/"},"sameAs":["https:\/\/www.facebook.com\/Statnyinstitutodbornehovzdelavania"]},{"@type":"Person","@id":"https:\/\/archiv.siov.sk\/#\/schema\/person\/e42d633fbd958c6a726e8834d8965e6c","name":"Katar\u00edna Kov\u00e1\u010dov\u00e1","url":"https:\/\/archiv.siov.sk\/en\/author\/katkakovacova\/"}]}},"_links":{"self":[{"href":"https:\/\/archiv.siov.sk\/en\/wp-json\/wp\/v2\/posts\/17072","targetHints":{"allow":["GET"]}}],"collection":[{"href":"https:\/\/archiv.siov.sk\/en\/wp-json\/wp\/v2\/posts"}],"about":[{"href":"https:\/\/archiv.siov.sk\/en\/wp-json\/wp\/v2\/types\/post"}],"author":[{"embeddable":true,"href":"https:\/\/archiv.siov.sk\/en\/wp-json\/wp\/v2\/users\/6"}],"replies":[{"embeddable":true,"href":"https:\/\/archiv.siov.sk\/en\/wp-json\/wp\/v2\/comments?post=17072"}],"version-history":[{"count":3,"href":"https:\/\/archiv.siov.sk\/en\/wp-json\/wp\/v2\/posts\/17072\/revisions"}],"predecessor-version":[{"id":17080,"href":"https:\/\/archiv.siov.sk\/en\/wp-json\/wp\/v2\/posts\/17072\/revisions\/17080"}],"wp:featuredmedia":[{"embeddable":true,"href":"https:\/\/archiv.siov.sk\/en\/wp-json\/wp\/v2\/media\/17074"}],"wp:attachment":[{"href":"https:\/\/archiv.siov.sk\/en\/wp-json\/wp\/v2\/media?parent=17072"}],"wp:term":[{"taxonomy":"category","embeddable":true,"href":"https:\/\/archiv.siov.sk\/en\/wp-json\/wp\/v2\/categories?post=17072"},{"taxonomy":"post_tag","embeddable":true,"href":"https:\/\/archiv.siov.sk\/en\/wp-json\/wp\/v2\/tags?post=17072"}],"curies":[{"name":"wp","href":"https:\/\/api.w.org\/{rel}","templated":true}]}}