{"id":16942,"date":"2024-10-25T12:46:29","date_gmt":"2024-10-25T10:46:29","guid":{"rendered":"https:\/\/archiv.siov.sk\/?p=16942"},"modified":"2025-07-03T10:10:20","modified_gmt":"2025-07-03T08:10:20","slug":"procesne-riadenie","status":"publish","type":"post","link":"https:\/\/archiv.siov.sk\/en\/procesne-riadenie\/","title":{"rendered":"Zav\u00e1dzanie procesn\u00e9ho riadenia v r\u00e1mci modelu CAF"},"content":{"rendered":"<p>D\u0148a 17. okt\u00f3bra 2024 sa konalo stretnutie pracovnej skupiny zameranej na zav\u00e1dzanie procesn\u00e9ho riadenia v r\u00e1mci modelu CAF. Stretnutie otvorila metodi\u010dka p. \u010cuvalov\u00e1, ktor\u00e1 spolu s konzultantkou p. Plassiard \u00fa\u010dastn\u00edkov uviedla do problematiky procesn\u00e9ho riadenia.<\/p>\n<p>Konzultantka predstavila \u00favodn\u00fa prezent\u00e1ciu s praktick\u00fdmi pr\u00edkladmi, na z\u00e1klade ktor\u00fdch mohli \u00fa\u010dastn\u00edci vytvori\u0165 aktu\u00e1lnu mapu procesov na troch \u00farovniach \u2013 mana\u017e\u00e9rske, k\u013e\u00fa\u010dov\u00e9 a podporn\u00e9 procesy.<\/p>\n<p>\u00da\u010dastn\u00edci n\u00e1sledne samostatne sp\u00edsali existuj\u00face procesy a zaradili ich do jednotliv\u00fdch kateg\u00f3ri\u00ed, pri\u010dom konzultantka poskytla \u010fal\u0161ie usmernenie o vhodnom zaraden\u00ed. Diskusia odhalila r\u00f4zne v\u00fdzvy, napr\u00edklad n\u00e1ro\u010dn\u00fa administr\u00e1ciu pracovn\u00fdch a cestovn\u00fdch v\u00fdkazov, ktor\u00e9 bud\u00fa predmetom \u010fal\u0161\u00edch zlep\u0161en\u00ed.<\/p>\n<p>Dosiahnutie ide\u00e1lneho stavu bude dlhodob\u00fd proces, ktor\u00fd sa budeme sna\u017ei\u0165 pos\u00fava\u0165 v nasleduj\u00facich f\u00e1zach. Najbli\u017e\u0161ie stretnutie sa uskuto\u010dn\u00ed 24. okt\u00f3bra 2024.<\/p>\n<figure id=\"attachment_18660\" aria-describedby=\"caption-attachment-18660\" style=\"width: 500px\" class=\"wp-caption aligncenter\"><img decoding=\"async\" class=\"wp-image-18660\" src=\"https:\/\/archiv.siov.sk\/wp-content\/uploads\/2025\/04\/loga_np_kvalita-1024x158.png\" alt=\"loga_kvalita_projekt\" width=\"500\" height=\"77\" srcset=\"https:\/\/archiv.siov.sk\/wp-content\/uploads\/2025\/04\/loga_np_kvalita-1024x158.png 1024w, https:\/\/archiv.siov.sk\/wp-content\/uploads\/2025\/04\/loga_np_kvalita-300x46.png 300w, https:\/\/archiv.siov.sk\/wp-content\/uploads\/2025\/04\/loga_np_kvalita-768x119.png 768w, https:\/\/archiv.siov.sk\/wp-content\/uploads\/2025\/04\/loga_np_kvalita-18x3.png 18w, https:\/\/archiv.siov.sk\/wp-content\/uploads\/2025\/04\/elementor\/thumbs\/loga_np_kvalita-r5cjqsfvrn5sfhsjyrw97tvig25lp3e6m5t1uzcj7g.png 450w, https:\/\/archiv.siov.sk\/wp-content\/uploads\/2025\/04\/loga_np_kvalita.png 1229w\" sizes=\"(max-width: 500px) 100vw, 500px\" \/><figcaption id=\"caption-attachment-18660\" class=\"wp-caption-text\">Aktivita je realizovan\u00e1 v r\u00e1mci n\u00e1rodn\u00e9ho projektu Zavedenie mana\u017e\u00e9rstva kvality v OVP a\u00a0vzdel\u00e1van\u00ed dospel\u00fdch spolufinancovan\u00e9ho Eur\u00f3pskou \u00faniou v r\u00e1mci\u00a0Programu Slovensko.<\/figcaption><\/figure>","protected":false},"excerpt":{"rendered":"<p>D\u0148a 17. okt\u00f3bra 2024 sa konalo stretnutie pracovnej skupiny zameranej na zav\u00e1dzanie procesn\u00e9ho riadenia v r\u00e1mci modelu CAF. Stretnutie otvorila metodi\u010dka p. \u010cuvalov\u00e1, ktor\u00e1 spolu s konzultantkou p. Plassiard \u00fa\u010dastn\u00edkov uviedla do problematiky procesn\u00e9ho riadenia. Konzultantka predstavila \u00favodn\u00fa prezent\u00e1ciu s praktick\u00fdmi pr\u00edkladmi, na z\u00e1klade ktor\u00fdch mohli \u00fa\u010dastn\u00edci vytvori\u0165 aktu\u00e1lnu mapu procesov na troch \u00farovniach \u2013 [&hellip;]<\/p>\n","protected":false},"author":10,"featured_media":16954,"comment_status":"closed","ping_status":"closed","sticky":false,"template":"","format":"standard","meta":{"site-sidebar-layout":"default","site-content-layout":"","ast-site-content-layout":"default","site-content-style":"default","site-sidebar-style":"default","ast-global-header-display":"","ast-banner-title-visibility":"","ast-main-header-display":"","ast-hfb-above-header-display":"","ast-hfb-below-header-display":"","ast-hfb-mobile-header-display":"","site-post-title":"","ast-breadcrumbs-content":"","ast-featured-img":"","footer-sml-layout":"","ast-disable-related-posts":"","theme-transparent-header-meta":"default","adv-header-id-meta":"","stick-header-meta":"default","header-above-stick-meta":"","header-main-stick-meta":"","header-below-stick-meta":"","astra-migrate-meta-layouts":"set","ast-page-background-enabled":"default","ast-page-background-meta":{"desktop":{"background-color":"var(--ast-global-color-4)","background-image":"","background-repeat":"repeat","background-position":"center center","background-size":"auto","background-attachment":"scroll","background-type":"","background-media":"","overlay-type":"","overlay-color":"","overlay-opacity":"","overlay-gradient":""},"tablet":{"background-color":"","background-image":"","background-repeat":"repeat","background-position":"center center","background-size":"auto","background-attachment":"scroll","background-type":"","background-media":"","overlay-type":"","overlay-color":"","overlay-opacity":"","overlay-gradient":""},"mobile":{"background-color":"","background-image":"","background-repeat":"repeat","background-position":"center center","background-size":"auto","background-attachment":"scroll","background-type":"","background-media":"","overlay-type":"","overlay-color":"","overlay-opacity":"","overlay-gradient":""}},"ast-content-background-meta":{"desktop":{"background-color":"var(--ast-global-color-5)","background-image":"","background-repeat":"repeat","background-position":"center center","background-size":"auto","background-attachment":"scroll","background-type":"","background-media":"","overlay-type":"","overlay-color":"","overlay-opacity":"","overlay-gradient":""},"tablet":{"background-color":"var(--ast-global-color-5)","background-image":"","background-repeat":"repeat","background-position":"center center","background-size":"auto","background-attachment":"scroll","background-type":"","background-media":"","overlay-type":"","overlay-color":"","overlay-opacity":"","overlay-gradient":""},"mobile":{"background-color":"var(--ast-global-color-5)","background-image":"","background-repeat":"repeat","background-position":"center center","background-size":"auto","background-attachment":"scroll","background-type":"","background-media":"","overlay-type":"","overlay-color":"","overlay-opacity":"","overlay-gradient":""}},"footnotes":""},"categories":[1,24],"tags":[],"class_list":["post-16942","post","type-post","status-publish","format-standard","has-post-thumbnail","hentry","category-aktuality","category-caf"],"yoast_head":"<!-- This site is optimized with the Yoast SEO plugin v27.5 - https:\/\/yoast.com\/product\/yoast-seo-wordpress\/ -->\n<title>Zav\u00e1dzanie procesn\u00e9ho riadenia v r\u00e1mci modelu CAF - \u0160IOV - \u0161t\u00e1tny in\u0161tit\u00fat odborn\u00e9ho vzdel\u00e1vania<\/title>\n<meta name=\"description\" content=\"D\u0148a 17. okt\u00f3bra 2024 sa konalo stretnutie pracovnej skupiny zameranej na zav\u00e1dzanie procesn\u00e9ho riadenia v r\u00e1mci modelu CAF.\" \/>\n<meta name=\"robots\" content=\"index, follow, max-snippet:-1, max-image-preview:large, max-video-preview:-1\" \/>\n<link rel=\"canonical\" href=\"https:\/\/archiv.siov.sk\/en\/procesne-riadenie\/\" \/>\n<meta property=\"og:locale\" content=\"en_GB\" \/>\n<meta property=\"og:type\" content=\"article\" \/>\n<meta property=\"og:title\" content=\"Zav\u00e1dzanie procesn\u00e9ho riadenia v r\u00e1mci modelu CAF - \u0160IOV - \u0161t\u00e1tny in\u0161tit\u00fat odborn\u00e9ho vzdel\u00e1vania\" \/>\n<meta property=\"og:description\" content=\"D\u0148a 17. okt\u00f3bra 2024 sa konalo stretnutie pracovnej skupiny zameranej na zav\u00e1dzanie procesn\u00e9ho riadenia v r\u00e1mci modelu CAF.\" \/>\n<meta property=\"og:url\" content=\"https:\/\/archiv.siov.sk\/en\/procesne-riadenie\/\" \/>\n<meta property=\"og:site_name\" content=\"\u0160IOV - \u0161t\u00e1tny in\u0161tit\u00fat odborn\u00e9ho vzdel\u00e1vania\" \/>\n<meta property=\"article:publisher\" content=\"https:\/\/www.facebook.com\/Statnyinstitutodbornehovzdelavania\" \/>\n<meta property=\"article:published_time\" content=\"2024-10-25T10:46:29+00:00\" \/>\n<meta property=\"article:modified_time\" content=\"2025-07-03T08:10:20+00:00\" \/>\n<meta property=\"og:image\" content=\"https:\/\/archiv.siov.sk\/wp-content\/uploads\/2024\/10\/procesy-1024x685.png\" \/>\n\t<meta property=\"og:image:width\" content=\"1024\" \/>\n\t<meta property=\"og:image:height\" content=\"685\" \/>\n\t<meta property=\"og:image:type\" content=\"image\/png\" \/>\n<meta name=\"author\" content=\"Gabriela Budayov\u00e1\" \/>\n<meta name=\"twitter:card\" content=\"summary_large_image\" \/>\n<meta name=\"twitter:label1\" content=\"Written by\" \/>\n\t<meta name=\"twitter:data1\" content=\"Gabriela Budayov\u00e1\" \/>\n\t<meta name=\"twitter:label2\" content=\"Estimated reading time\" \/>\n\t<meta name=\"twitter:data2\" content=\"2 minutes\" \/>\n<script type=\"application\/ld+json\" class=\"yoast-schema-graph\">{\"@context\":\"https:\\\/\\\/schema.org\",\"@graph\":[{\"@type\":\"Article\",\"@id\":\"https:\\\/\\\/archiv.siov.sk\\\/procesne-riadenie\\\/#article\",\"isPartOf\":{\"@id\":\"https:\\\/\\\/archiv.siov.sk\\\/procesne-riadenie\\\/\"},\"author\":{\"name\":\"Gabriela Budayov\u00e1\",\"@id\":\"https:\\\/\\\/archiv.siov.sk\\\/#\\\/schema\\\/person\\\/2d35146a9c0fa51b027e8ff319cee627\"},\"headline\":\"Zav\u00e1dzanie procesn\u00e9ho riadenia v r\u00e1mci modelu CAF\",\"datePublished\":\"2024-10-25T10:46:29+00:00\",\"dateModified\":\"2025-07-03T08:10:20+00:00\",\"mainEntityOfPage\":{\"@id\":\"https:\\\/\\\/archiv.siov.sk\\\/procesne-riadenie\\\/\"},\"wordCount\":204,\"publisher\":{\"@id\":\"https:\\\/\\\/archiv.siov.sk\\\/#organization\"},\"image\":{\"@id\":\"https:\\\/\\\/archiv.siov.sk\\\/procesne-riadenie\\\/#primaryimage\"},\"thumbnailUrl\":\"https:\\\/\\\/archiv.siov.sk\\\/wp-content\\\/uploads\\\/2024\\\/10\\\/procesy.png\",\"articleSection\":[\"Aktuality\",\"CAF\"],\"inLanguage\":\"en-GB\"},{\"@type\":\"WebPage\",\"@id\":\"https:\\\/\\\/archiv.siov.sk\\\/procesne-riadenie\\\/\",\"url\":\"https:\\\/\\\/archiv.siov.sk\\\/procesne-riadenie\\\/\",\"name\":\"Zav\u00e1dzanie procesn\u00e9ho riadenia v r\u00e1mci modelu CAF - \u0160IOV - \u0161t\u00e1tny in\u0161tit\u00fat odborn\u00e9ho vzdel\u00e1vania\",\"isPartOf\":{\"@id\":\"https:\\\/\\\/archiv.siov.sk\\\/#website\"},\"primaryImageOfPage\":{\"@id\":\"https:\\\/\\\/archiv.siov.sk\\\/procesne-riadenie\\\/#primaryimage\"},\"image\":{\"@id\":\"https:\\\/\\\/archiv.siov.sk\\\/procesne-riadenie\\\/#primaryimage\"},\"thumbnailUrl\":\"https:\\\/\\\/archiv.siov.sk\\\/wp-content\\\/uploads\\\/2024\\\/10\\\/procesy.png\",\"datePublished\":\"2024-10-25T10:46:29+00:00\",\"dateModified\":\"2025-07-03T08:10:20+00:00\",\"description\":\"D\u0148a 17. okt\u00f3bra 2024 sa konalo stretnutie pracovnej skupiny zameranej na zav\u00e1dzanie procesn\u00e9ho riadenia v r\u00e1mci modelu CAF.\",\"breadcrumb\":{\"@id\":\"https:\\\/\\\/archiv.siov.sk\\\/procesne-riadenie\\\/#breadcrumb\"},\"inLanguage\":\"en-GB\",\"potentialAction\":[{\"@type\":\"ReadAction\",\"target\":[\"https:\\\/\\\/archiv.siov.sk\\\/procesne-riadenie\\\/\"]}]},{\"@type\":\"ImageObject\",\"inLanguage\":\"en-GB\",\"@id\":\"https:\\\/\\\/archiv.siov.sk\\\/procesne-riadenie\\\/#primaryimage\",\"url\":\"https:\\\/\\\/archiv.siov.sk\\\/wp-content\\\/uploads\\\/2024\\\/10\\\/procesy.png\",\"contentUrl\":\"https:\\\/\\\/archiv.siov.sk\\\/wp-content\\\/uploads\\\/2024\\\/10\\\/procesy.png\",\"width\":2152,\"height\":1440,\"caption\":\"procesne_riadenie_\u0161iov_caf\"},{\"@type\":\"BreadcrumbList\",\"@id\":\"https:\\\/\\\/archiv.siov.sk\\\/procesne-riadenie\\\/#breadcrumb\",\"itemListElement\":[{\"@type\":\"ListItem\",\"position\":1,\"name\":\"Home\",\"item\":\"https:\\\/\\\/archiv.siov.sk\\\/\"},{\"@type\":\"ListItem\",\"position\":2,\"name\":\"Zav\u00e1dzanie procesn\u00e9ho riadenia v r\u00e1mci modelu CAF\"}]},{\"@type\":\"WebSite\",\"@id\":\"https:\\\/\\\/archiv.siov.sk\\\/#website\",\"url\":\"https:\\\/\\\/archiv.siov.sk\\\/\",\"name\":\"\u0160IOV - \u0161t\u00e1tny in\u0161tit\u00fat odborn\u00e9ho vzdel\u00e1vania\",\"description\":\"\",\"publisher\":{\"@id\":\"https:\\\/\\\/archiv.siov.sk\\\/#organization\"},\"potentialAction\":[{\"@type\":\"SearchAction\",\"target\":{\"@type\":\"EntryPoint\",\"urlTemplate\":\"https:\\\/\\\/archiv.siov.sk\\\/?s={search_term_string}\"},\"query-input\":{\"@type\":\"PropertyValueSpecification\",\"valueRequired\":true,\"valueName\":\"search_term_string\"}}],\"inLanguage\":\"en-GB\"},{\"@type\":\"Organization\",\"@id\":\"https:\\\/\\\/archiv.siov.sk\\\/#organization\",\"name\":\"\u0160IOV - \u0161t\u00e1tny in\u0161tit\u00fat odborn\u00e9ho vzdel\u00e1vania\",\"url\":\"https:\\\/\\\/archiv.siov.sk\\\/\",\"logo\":{\"@type\":\"ImageObject\",\"inLanguage\":\"en-GB\",\"@id\":\"https:\\\/\\\/archiv.siov.sk\\\/#\\\/schema\\\/logo\\\/image\\\/\",\"url\":\"https:\\\/\\\/archiv.siov.sk\\\/wp-content\\\/uploads\\\/2024\\\/02\\\/logo-SIOV.png\",\"contentUrl\":\"https:\\\/\\\/archiv.siov.sk\\\/wp-content\\\/uploads\\\/2024\\\/02\\\/logo-SIOV.png\",\"width\":431,\"height\":143,\"caption\":\"\u0160IOV - \u0161t\u00e1tny in\u0161tit\u00fat odborn\u00e9ho vzdel\u00e1vania\"},\"image\":{\"@id\":\"https:\\\/\\\/archiv.siov.sk\\\/#\\\/schema\\\/logo\\\/image\\\/\"},\"sameAs\":[\"https:\\\/\\\/www.facebook.com\\\/Statnyinstitutodbornehovzdelavania\"]},{\"@type\":\"Person\",\"@id\":\"https:\\\/\\\/archiv.siov.sk\\\/#\\\/schema\\\/person\\\/2d35146a9c0fa51b027e8ff319cee627\",\"name\":\"Gabriela Budayov\u00e1\",\"url\":\"https:\\\/\\\/archiv.siov.sk\\\/en\\\/author\\\/gabriela-budayova\\\/\"}]}<\/script>\n<!-- \/ Yoast SEO plugin. -->","yoast_head_json":{"title":"Zav\u00e1dzanie procesn\u00e9ho riadenia v r\u00e1mci modelu CAF - \u0160IOV - \u0161t\u00e1tny in\u0161tit\u00fat odborn\u00e9ho vzdel\u00e1vania","description":"D\u0148a 17. okt\u00f3bra 2024 sa konalo stretnutie pracovnej skupiny zameranej na zav\u00e1dzanie procesn\u00e9ho riadenia v r\u00e1mci modelu CAF.","robots":{"index":"index","follow":"follow","max-snippet":"max-snippet:-1","max-image-preview":"max-image-preview:large","max-video-preview":"max-video-preview:-1"},"canonical":"https:\/\/archiv.siov.sk\/en\/procesne-riadenie\/","og_locale":"en_GB","og_type":"article","og_title":"Zav\u00e1dzanie procesn\u00e9ho riadenia v r\u00e1mci modelu CAF - \u0160IOV - \u0161t\u00e1tny in\u0161tit\u00fat odborn\u00e9ho vzdel\u00e1vania","og_description":"D\u0148a 17. okt\u00f3bra 2024 sa konalo stretnutie pracovnej skupiny zameranej na zav\u00e1dzanie procesn\u00e9ho riadenia v r\u00e1mci modelu CAF.","og_url":"https:\/\/archiv.siov.sk\/en\/procesne-riadenie\/","og_site_name":"\u0160IOV - \u0161t\u00e1tny in\u0161tit\u00fat odborn\u00e9ho vzdel\u00e1vania","article_publisher":"https:\/\/www.facebook.com\/Statnyinstitutodbornehovzdelavania","article_published_time":"2024-10-25T10:46:29+00:00","article_modified_time":"2025-07-03T08:10:20+00:00","og_image":[{"width":1024,"height":685,"url":"https:\/\/archiv.siov.sk\/wp-content\/uploads\/2024\/10\/procesy-1024x685.png","type":"image\/png"}],"author":"Gabriela Budayov\u00e1","twitter_card":"summary_large_image","twitter_misc":{"Written by":"Gabriela Budayov\u00e1","Estimated reading time":"2 minutes"},"schema":{"@context":"https:\/\/schema.org","@graph":[{"@type":"Article","@id":"https:\/\/archiv.siov.sk\/procesne-riadenie\/#article","isPartOf":{"@id":"https:\/\/archiv.siov.sk\/procesne-riadenie\/"},"author":{"name":"Gabriela Budayov\u00e1","@id":"https:\/\/archiv.siov.sk\/#\/schema\/person\/2d35146a9c0fa51b027e8ff319cee627"},"headline":"Zav\u00e1dzanie procesn\u00e9ho riadenia v r\u00e1mci modelu CAF","datePublished":"2024-10-25T10:46:29+00:00","dateModified":"2025-07-03T08:10:20+00:00","mainEntityOfPage":{"@id":"https:\/\/archiv.siov.sk\/procesne-riadenie\/"},"wordCount":204,"publisher":{"@id":"https:\/\/archiv.siov.sk\/#organization"},"image":{"@id":"https:\/\/archiv.siov.sk\/procesne-riadenie\/#primaryimage"},"thumbnailUrl":"https:\/\/archiv.siov.sk\/wp-content\/uploads\/2024\/10\/procesy.png","articleSection":["Aktuality","CAF"],"inLanguage":"en-GB"},{"@type":"WebPage","@id":"https:\/\/archiv.siov.sk\/procesne-riadenie\/","url":"https:\/\/archiv.siov.sk\/procesne-riadenie\/","name":"Zav\u00e1dzanie procesn\u00e9ho riadenia v r\u00e1mci modelu CAF - \u0160IOV - \u0161t\u00e1tny in\u0161tit\u00fat odborn\u00e9ho vzdel\u00e1vania","isPartOf":{"@id":"https:\/\/archiv.siov.sk\/#website"},"primaryImageOfPage":{"@id":"https:\/\/archiv.siov.sk\/procesne-riadenie\/#primaryimage"},"image":{"@id":"https:\/\/archiv.siov.sk\/procesne-riadenie\/#primaryimage"},"thumbnailUrl":"https:\/\/archiv.siov.sk\/wp-content\/uploads\/2024\/10\/procesy.png","datePublished":"2024-10-25T10:46:29+00:00","dateModified":"2025-07-03T08:10:20+00:00","description":"D\u0148a 17. okt\u00f3bra 2024 sa konalo stretnutie pracovnej skupiny zameranej na zav\u00e1dzanie procesn\u00e9ho riadenia v r\u00e1mci modelu CAF.","breadcrumb":{"@id":"https:\/\/archiv.siov.sk\/procesne-riadenie\/#breadcrumb"},"inLanguage":"en-GB","potentialAction":[{"@type":"ReadAction","target":["https:\/\/archiv.siov.sk\/procesne-riadenie\/"]}]},{"@type":"ImageObject","inLanguage":"en-GB","@id":"https:\/\/archiv.siov.sk\/procesne-riadenie\/#primaryimage","url":"https:\/\/archiv.siov.sk\/wp-content\/uploads\/2024\/10\/procesy.png","contentUrl":"https:\/\/archiv.siov.sk\/wp-content\/uploads\/2024\/10\/procesy.png","width":2152,"height":1440,"caption":"procesne_riadenie_\u0161iov_caf"},{"@type":"BreadcrumbList","@id":"https:\/\/archiv.siov.sk\/procesne-riadenie\/#breadcrumb","itemListElement":[{"@type":"ListItem","position":1,"name":"Home","item":"https:\/\/archiv.siov.sk\/"},{"@type":"ListItem","position":2,"name":"Zav\u00e1dzanie procesn\u00e9ho riadenia v r\u00e1mci modelu CAF"}]},{"@type":"WebSite","@id":"https:\/\/archiv.siov.sk\/#website","url":"https:\/\/archiv.siov.sk\/","name":"\u0160IOV - \u0161t\u00e1tny in\u0161tit\u00fat odborn\u00e9ho vzdel\u00e1vania","description":"","publisher":{"@id":"https:\/\/archiv.siov.sk\/#organization"},"potentialAction":[{"@type":"SearchAction","target":{"@type":"EntryPoint","urlTemplate":"https:\/\/archiv.siov.sk\/?s={search_term_string}"},"query-input":{"@type":"PropertyValueSpecification","valueRequired":true,"valueName":"search_term_string"}}],"inLanguage":"en-GB"},{"@type":"Organization","@id":"https:\/\/archiv.siov.sk\/#organization","name":"\u0160IOV - \u0161t\u00e1tny in\u0161tit\u00fat odborn\u00e9ho vzdel\u00e1vania","url":"https:\/\/archiv.siov.sk\/","logo":{"@type":"ImageObject","inLanguage":"en-GB","@id":"https:\/\/archiv.siov.sk\/#\/schema\/logo\/image\/","url":"https:\/\/archiv.siov.sk\/wp-content\/uploads\/2024\/02\/logo-SIOV.png","contentUrl":"https:\/\/archiv.siov.sk\/wp-content\/uploads\/2024\/02\/logo-SIOV.png","width":431,"height":143,"caption":"\u0160IOV - \u0161t\u00e1tny in\u0161tit\u00fat odborn\u00e9ho vzdel\u00e1vania"},"image":{"@id":"https:\/\/archiv.siov.sk\/#\/schema\/logo\/image\/"},"sameAs":["https:\/\/www.facebook.com\/Statnyinstitutodbornehovzdelavania"]},{"@type":"Person","@id":"https:\/\/archiv.siov.sk\/#\/schema\/person\/2d35146a9c0fa51b027e8ff319cee627","name":"Gabriela Budayov\u00e1","url":"https:\/\/archiv.siov.sk\/en\/author\/gabriela-budayova\/"}]}},"_links":{"self":[{"href":"https:\/\/archiv.siov.sk\/en\/wp-json\/wp\/v2\/posts\/16942","targetHints":{"allow":["GET"]}}],"collection":[{"href":"https:\/\/archiv.siov.sk\/en\/wp-json\/wp\/v2\/posts"}],"about":[{"href":"https:\/\/archiv.siov.sk\/en\/wp-json\/wp\/v2\/types\/post"}],"author":[{"embeddable":true,"href":"https:\/\/archiv.siov.sk\/en\/wp-json\/wp\/v2\/users\/10"}],"replies":[{"embeddable":true,"href":"https:\/\/archiv.siov.sk\/en\/wp-json\/wp\/v2\/comments?post=16942"}],"version-history":[{"count":10,"href":"https:\/\/archiv.siov.sk\/en\/wp-json\/wp\/v2\/posts\/16942\/revisions"}],"predecessor-version":[{"id":19759,"href":"https:\/\/archiv.siov.sk\/en\/wp-json\/wp\/v2\/posts\/16942\/revisions\/19759"}],"wp:featuredmedia":[{"embeddable":true,"href":"https:\/\/archiv.siov.sk\/en\/wp-json\/wp\/v2\/media\/16954"}],"wp:attachment":[{"href":"https:\/\/archiv.siov.sk\/en\/wp-json\/wp\/v2\/media?parent=16942"}],"wp:term":[{"taxonomy":"category","embeddable":true,"href":"https:\/\/archiv.siov.sk\/en\/wp-json\/wp\/v2\/categories?post=16942"},{"taxonomy":"post_tag","embeddable":true,"href":"https:\/\/archiv.siov.sk\/en\/wp-json\/wp\/v2\/tags?post=16942"}],"curies":[{"name":"wp","href":"https:\/\/api.w.org\/{rel}","templated":true}]}}