{"id":16816,"date":"2024-10-16T09:33:58","date_gmt":"2024-10-16T07:33:58","guid":{"rendered":"https:\/\/archiv.siov.sk\/?p=16816"},"modified":"2024-10-16T09:47:36","modified_gmt":"2024-10-16T07:47:36","slug":"siov-pokracuje-v-spolupraci-s-unesco-unevoc","status":"publish","type":"post","link":"https:\/\/archiv.siov.sk\/en\/siov-pokracuje-v-spolupraci-s-unesco-unevoc\/","title":{"rendered":"\u0160IOV pokra\u010duje v spolupr\u00e1ci s UNESCO-UNEVOC"},"content":{"rendered":"<p>S pote\u0161en\u00edm sme prijali spr\u00e1vu, \u017ee \u010dlenstvo \u0160t\u00e1tneho in\u0161tit\u00fatu odborn\u00e9ho vzdel\u00e1vania v medzin\u00e1rodnej sieti UNEVOC bolo \u00faspe\u0161ne obnoven\u00e9 na obdobie rokov 2024-2027.<\/p>\n<p>\u010clenstvo v sieti UNESCO-UNEVOC potvrdzuje n\u00e1\u0161 dlhodob\u00fd z\u00e1v\u00e4zok zlep\u0161ova\u0165 syst\u00e9my odborn\u00e9ho vzdel\u00e1vania a pr\u00edpravy (OVP) a prispieva\u0165 k rozvoju glob\u00e1lnej komunity, ktorej cie\u013eom je podpora kvalitn\u00e9ho a inkluz\u00edvneho vzdel\u00e1vania.<br \/>\nTento certifik\u00e1t symbolizuje na\u0161u akt\u00edvnu \u00fa\u010das\u0165 na zlep\u0161ovan\u00ed OVP a my sa te\u0161\u00edme na \u010fal\u0161iu spolupr\u00e1cu v r\u00e1mci strednodobej strat\u00e9gie, ktor\u00e1 bude formova\u0165 na\u0161e \u010fal\u0161ie kroky.<\/p>\n<p><img fetchpriority=\"high\" decoding=\"async\" class=\"wp-image-16814 aligncenter\" src=\"https:\/\/archiv.siov.sk\/wp-content\/uploads\/2024\/10\/120_SIOV_UNEVOC-Network-Membership-Certificate-300x232.png\" alt=\"unevoc certifik\u00e1t\" width=\"400\" height=\"309\" srcset=\"https:\/\/archiv.siov.sk\/wp-content\/uploads\/2024\/10\/120_SIOV_UNEVOC-Network-Membership-Certificate-300x232.png 300w, https:\/\/archiv.siov.sk\/wp-content\/uploads\/2024\/10\/120_SIOV_UNEVOC-Network-Membership-Certificate-1024x791.png 1024w, https:\/\/archiv.siov.sk\/wp-content\/uploads\/2024\/10\/120_SIOV_UNEVOC-Network-Membership-Certificate-768x593.png 768w, https:\/\/archiv.siov.sk\/wp-content\/uploads\/2024\/10\/120_SIOV_UNEVOC-Network-Membership-Certificate-1536x1187.png 1536w, https:\/\/archiv.siov.sk\/wp-content\/uploads\/2024\/10\/120_SIOV_UNEVOC-Network-Membership-Certificate-16x12.png 16w, https:\/\/archiv.siov.sk\/wp-content\/uploads\/2024\/10\/120_SIOV_UNEVOC-Network-Membership-Certificate.png 1584w\" sizes=\"(max-width: 400px) 100vw, 400px\" \/><br \/>\n<strong><a href=\"https:\/\/unevoc.unesco.org\/home\/\" target=\"_blank\" rel=\"noopener\">UNESCO-UNEVOC<\/a><\/strong> je glob\u00e1lnym centrom pre technick\u00e9 a odborn\u00e9 vzdel\u00e1vanie a pr\u00edpravu. Podporuje \u010dlensk\u00e9 \u0161t\u00e1ty v ich \u00fasil\u00ed o zlep\u0161enie syst\u00e9mov vzdel\u00e1vania a pr\u00edpravy, ktor\u00e9 pom\u00e1haj\u00fa rozv\u00edja\u0165 zru\u010dnosti pre svet pr\u00e1ce, a z\u00e1rove\u0148 podporuje inkluz\u00edvny a udr\u017eate\u013en\u00fd rozvoj, najm\u00e4 pre ml\u00e1de\u017e, \u017eeny a znev\u00fdhodnen\u00e9 skupiny.<\/p>","protected":false},"excerpt":{"rendered":"<p>S pote\u0161en\u00edm sme prijali spr\u00e1vu, \u017ee \u010dlenstvo \u0160t\u00e1tneho in\u0161tit\u00fatu odborn\u00e9ho vzdel\u00e1vania v medzin\u00e1rodnej sieti UNEVOC bolo \u00faspe\u0161ne obnoven\u00e9 na obdobie rokov 2024-2027. \u010clenstvo v sieti UNESCO-UNEVOC potvrdzuje n\u00e1\u0161 dlhodob\u00fd z\u00e1v\u00e4zok zlep\u0161ova\u0165 syst\u00e9my odborn\u00e9ho vzdel\u00e1vania a pr\u00edpravy (OVP) a prispieva\u0165 k rozvoju glob\u00e1lnej komunity, ktorej cie\u013eom je podpora kvalitn\u00e9ho a inkluz\u00edvneho vzdel\u00e1vania. Tento certifik\u00e1t symbolizuje na\u0161u [&hellip;]<\/p>\n","protected":false},"author":10,"featured_media":16815,"comment_status":"closed","ping_status":"closed","sticky":false,"template":"","format":"standard","meta":{"site-sidebar-layout":"default","site-content-layout":"","ast-site-content-layout":"default","site-content-style":"default","site-sidebar-style":"default","ast-global-header-display":"","ast-banner-title-visibility":"","ast-main-header-display":"","ast-hfb-above-header-display":"","ast-hfb-below-header-display":"","ast-hfb-mobile-header-display":"","site-post-title":"","ast-breadcrumbs-content":"","ast-featured-img":"","footer-sml-layout":"","ast-disable-related-posts":"","theme-transparent-header-meta":"default","adv-header-id-meta":"","stick-header-meta":"default","header-above-stick-meta":"","header-main-stick-meta":"","header-below-stick-meta":"","astra-migrate-meta-layouts":"set","ast-page-background-enabled":"default","ast-page-background-meta":{"desktop":{"background-color":"var(--ast-global-color-4)","background-image":"","background-repeat":"repeat","background-position":"center center","background-size":"auto","background-attachment":"scroll","background-type":"","background-media":"","overlay-type":"","overlay-color":"","overlay-opacity":"","overlay-gradient":""},"tablet":{"background-color":"","background-image":"","background-repeat":"repeat","background-position":"center center","background-size":"auto","background-attachment":"scroll","background-type":"","background-media":"","overlay-type":"","overlay-color":"","overlay-opacity":"","overlay-gradient":""},"mobile":{"background-color":"","background-image":"","background-repeat":"repeat","background-position":"center center","background-size":"auto","background-attachment":"scroll","background-type":"","background-media":"","overlay-type":"","overlay-color":"","overlay-opacity":"","overlay-gradient":""}},"ast-content-background-meta":{"desktop":{"background-color":"var(--ast-global-color-5)","background-image":"","background-repeat":"repeat","background-position":"center center","background-size":"auto","background-attachment":"scroll","background-type":"","background-media":"","overlay-type":"","overlay-color":"","overlay-opacity":"","overlay-gradient":""},"tablet":{"background-color":"var(--ast-global-color-5)","background-image":"","background-repeat":"repeat","background-position":"center center","background-size":"auto","background-attachment":"scroll","background-type":"","background-media":"","overlay-type":"","overlay-color":"","overlay-opacity":"","overlay-gradient":""},"mobile":{"background-color":"var(--ast-global-color-5)","background-image":"","background-repeat":"repeat","background-position":"center center","background-size":"auto","background-attachment":"scroll","background-type":"","background-media":"","overlay-type":"","overlay-color":"","overlay-opacity":"","overlay-gradient":""}},"footnotes":""},"categories":[1],"tags":[],"class_list":["post-16816","post","type-post","status-publish","format-standard","has-post-thumbnail","hentry","category-aktuality"],"yoast_head":"<!-- This site is optimized with the Yoast SEO plugin v27.5 - https:\/\/yoast.com\/product\/yoast-seo-wordpress\/ -->\n<title>\u0160IOV pokra\u010duje v spolupr\u00e1ci s UNESCO-UNEVOC - \u0160IOV - \u0161t\u00e1tny in\u0161tit\u00fat odborn\u00e9ho vzdel\u00e1vania<\/title>\n<meta name=\"description\" content=\"S pote\u0161en\u00edm sme prijali spr\u00e1vu, \u017ee \u010dlenstvo \u0160t\u00e1tneho in\u0161tit\u00fatu odborn\u00e9ho vzdel\u00e1vania v medzin\u00e1rodnej sieti UNEVOC bolo \u00faspe\u0161ne obnoven\u00e9 na obdobie 2024-2027.\" \/>\n<meta name=\"robots\" content=\"index, follow, max-snippet:-1, max-image-preview:large, max-video-preview:-1\" \/>\n<link rel=\"canonical\" href=\"https:\/\/archiv.siov.sk\/en\/siov-pokracuje-v-spolupraci-s-unesco-unevoc\/\" \/>\n<meta property=\"og:locale\" content=\"en_GB\" \/>\n<meta property=\"og:type\" content=\"article\" \/>\n<meta property=\"og:title\" content=\"\u0160IOV pokra\u010duje v spolupr\u00e1ci s UNESCO-UNEVOC - \u0160IOV - \u0161t\u00e1tny in\u0161tit\u00fat odborn\u00e9ho vzdel\u00e1vania\" \/>\n<meta property=\"og:description\" content=\"S pote\u0161en\u00edm sme prijali spr\u00e1vu, \u017ee \u010dlenstvo \u0160t\u00e1tneho in\u0161tit\u00fatu odborn\u00e9ho vzdel\u00e1vania v medzin\u00e1rodnej sieti UNEVOC bolo \u00faspe\u0161ne obnoven\u00e9 na obdobie 2024-2027.\" \/>\n<meta property=\"og:url\" content=\"https:\/\/archiv.siov.sk\/en\/siov-pokracuje-v-spolupraci-s-unesco-unevoc\/\" \/>\n<meta property=\"og:site_name\" content=\"\u0160IOV - \u0161t\u00e1tny in\u0161tit\u00fat odborn\u00e9ho vzdel\u00e1vania\" \/>\n<meta property=\"article:publisher\" content=\"https:\/\/www.facebook.com\/Statnyinstitutodbornehovzdelavania\" \/>\n<meta property=\"article:published_time\" content=\"2024-10-16T07:33:58+00:00\" \/>\n<meta property=\"article:modified_time\" content=\"2024-10-16T07:47:36+00:00\" \/>\n<meta property=\"og:image\" content=\"https:\/\/archiv.siov.sk\/wp-content\/uploads\/2024\/10\/Snimka-obrazovky-2024-10-16-093241.png\" \/>\n\t<meta property=\"og:image:width\" content=\"662\" \/>\n\t<meta property=\"og:image:height\" content=\"221\" \/>\n\t<meta property=\"og:image:type\" content=\"image\/png\" \/>\n<meta name=\"author\" content=\"Gabriela Budayov\u00e1\" \/>\n<meta name=\"twitter:card\" content=\"summary_large_image\" \/>\n<meta name=\"twitter:label1\" content=\"Written by\" \/>\n\t<meta name=\"twitter:data1\" content=\"Gabriela Budayov\u00e1\" \/>\n\t<meta name=\"twitter:label2\" content=\"Estimated reading time\" \/>\n\t<meta name=\"twitter:data2\" content=\"2 minutes\" \/>\n<script type=\"application\/ld+json\" class=\"yoast-schema-graph\">{\"@context\":\"https:\\\/\\\/schema.org\",\"@graph\":[{\"@type\":\"Article\",\"@id\":\"https:\\\/\\\/archiv.siov.sk\\\/siov-pokracuje-v-spolupraci-s-unesco-unevoc\\\/#article\",\"isPartOf\":{\"@id\":\"https:\\\/\\\/archiv.siov.sk\\\/siov-pokracuje-v-spolupraci-s-unesco-unevoc\\\/\"},\"author\":{\"name\":\"Gabriela Budayov\u00e1\",\"@id\":\"https:\\\/\\\/archiv.siov.sk\\\/#\\\/schema\\\/person\\\/2d35146a9c0fa51b027e8ff319cee627\"},\"headline\":\"\u0160IOV pokra\u010duje v spolupr\u00e1ci s UNESCO-UNEVOC\",\"datePublished\":\"2024-10-16T07:33:58+00:00\",\"dateModified\":\"2024-10-16T07:47:36+00:00\",\"mainEntityOfPage\":{\"@id\":\"https:\\\/\\\/archiv.siov.sk\\\/siov-pokracuje-v-spolupraci-s-unesco-unevoc\\\/\"},\"wordCount\":180,\"publisher\":{\"@id\":\"https:\\\/\\\/archiv.siov.sk\\\/#organization\"},\"image\":{\"@id\":\"https:\\\/\\\/archiv.siov.sk\\\/siov-pokracuje-v-spolupraci-s-unesco-unevoc\\\/#primaryimage\"},\"thumbnailUrl\":\"https:\\\/\\\/archiv.siov.sk\\\/wp-content\\\/uploads\\\/2024\\\/10\\\/Snimka-obrazovky-2024-10-16-093241.png\",\"articleSection\":[\"Aktuality\"],\"inLanguage\":\"en-GB\"},{\"@type\":\"WebPage\",\"@id\":\"https:\\\/\\\/archiv.siov.sk\\\/siov-pokracuje-v-spolupraci-s-unesco-unevoc\\\/\",\"url\":\"https:\\\/\\\/archiv.siov.sk\\\/siov-pokracuje-v-spolupraci-s-unesco-unevoc\\\/\",\"name\":\"\u0160IOV pokra\u010duje v spolupr\u00e1ci s UNESCO-UNEVOC - \u0160IOV - \u0161t\u00e1tny in\u0161tit\u00fat odborn\u00e9ho vzdel\u00e1vania\",\"isPartOf\":{\"@id\":\"https:\\\/\\\/archiv.siov.sk\\\/#website\"},\"primaryImageOfPage\":{\"@id\":\"https:\\\/\\\/archiv.siov.sk\\\/siov-pokracuje-v-spolupraci-s-unesco-unevoc\\\/#primaryimage\"},\"image\":{\"@id\":\"https:\\\/\\\/archiv.siov.sk\\\/siov-pokracuje-v-spolupraci-s-unesco-unevoc\\\/#primaryimage\"},\"thumbnailUrl\":\"https:\\\/\\\/archiv.siov.sk\\\/wp-content\\\/uploads\\\/2024\\\/10\\\/Snimka-obrazovky-2024-10-16-093241.png\",\"datePublished\":\"2024-10-16T07:33:58+00:00\",\"dateModified\":\"2024-10-16T07:47:36+00:00\",\"description\":\"S pote\u0161en\u00edm sme prijali spr\u00e1vu, \u017ee \u010dlenstvo \u0160t\u00e1tneho in\u0161tit\u00fatu odborn\u00e9ho vzdel\u00e1vania v medzin\u00e1rodnej sieti UNEVOC bolo \u00faspe\u0161ne obnoven\u00e9 na obdobie 2024-2027.\",\"breadcrumb\":{\"@id\":\"https:\\\/\\\/archiv.siov.sk\\\/siov-pokracuje-v-spolupraci-s-unesco-unevoc\\\/#breadcrumb\"},\"inLanguage\":\"en-GB\",\"potentialAction\":[{\"@type\":\"ReadAction\",\"target\":[\"https:\\\/\\\/archiv.siov.sk\\\/siov-pokracuje-v-spolupraci-s-unesco-unevoc\\\/\"]}]},{\"@type\":\"ImageObject\",\"inLanguage\":\"en-GB\",\"@id\":\"https:\\\/\\\/archiv.siov.sk\\\/siov-pokracuje-v-spolupraci-s-unesco-unevoc\\\/#primaryimage\",\"url\":\"https:\\\/\\\/archiv.siov.sk\\\/wp-content\\\/uploads\\\/2024\\\/10\\\/Snimka-obrazovky-2024-10-16-093241.png\",\"contentUrl\":\"https:\\\/\\\/archiv.siov.sk\\\/wp-content\\\/uploads\\\/2024\\\/10\\\/Snimka-obrazovky-2024-10-16-093241.png\",\"width\":662,\"height\":221,\"caption\":\"UNESCO-UNEVOC\"},{\"@type\":\"BreadcrumbList\",\"@id\":\"https:\\\/\\\/archiv.siov.sk\\\/siov-pokracuje-v-spolupraci-s-unesco-unevoc\\\/#breadcrumb\",\"itemListElement\":[{\"@type\":\"ListItem\",\"position\":1,\"name\":\"Home\",\"item\":\"https:\\\/\\\/archiv.siov.sk\\\/\"},{\"@type\":\"ListItem\",\"position\":2,\"name\":\"\u0160IOV pokra\u010duje v spolupr\u00e1ci s UNESCO-UNEVOC\"}]},{\"@type\":\"WebSite\",\"@id\":\"https:\\\/\\\/archiv.siov.sk\\\/#website\",\"url\":\"https:\\\/\\\/archiv.siov.sk\\\/\",\"name\":\"\u0160IOV - \u0161t\u00e1tny in\u0161tit\u00fat odborn\u00e9ho vzdel\u00e1vania\",\"description\":\"\",\"publisher\":{\"@id\":\"https:\\\/\\\/archiv.siov.sk\\\/#organization\"},\"potentialAction\":[{\"@type\":\"SearchAction\",\"target\":{\"@type\":\"EntryPoint\",\"urlTemplate\":\"https:\\\/\\\/archiv.siov.sk\\\/?s={search_term_string}\"},\"query-input\":{\"@type\":\"PropertyValueSpecification\",\"valueRequired\":true,\"valueName\":\"search_term_string\"}}],\"inLanguage\":\"en-GB\"},{\"@type\":\"Organization\",\"@id\":\"https:\\\/\\\/archiv.siov.sk\\\/#organization\",\"name\":\"\u0160IOV - \u0161t\u00e1tny in\u0161tit\u00fat odborn\u00e9ho vzdel\u00e1vania\",\"url\":\"https:\\\/\\\/archiv.siov.sk\\\/\",\"logo\":{\"@type\":\"ImageObject\",\"inLanguage\":\"en-GB\",\"@id\":\"https:\\\/\\\/archiv.siov.sk\\\/#\\\/schema\\\/logo\\\/image\\\/\",\"url\":\"https:\\\/\\\/archiv.siov.sk\\\/wp-content\\\/uploads\\\/2024\\\/02\\\/logo-SIOV.png\",\"contentUrl\":\"https:\\\/\\\/archiv.siov.sk\\\/wp-content\\\/uploads\\\/2024\\\/02\\\/logo-SIOV.png\",\"width\":431,\"height\":143,\"caption\":\"\u0160IOV - \u0161t\u00e1tny in\u0161tit\u00fat odborn\u00e9ho vzdel\u00e1vania\"},\"image\":{\"@id\":\"https:\\\/\\\/archiv.siov.sk\\\/#\\\/schema\\\/logo\\\/image\\\/\"},\"sameAs\":[\"https:\\\/\\\/www.facebook.com\\\/Statnyinstitutodbornehovzdelavania\"]},{\"@type\":\"Person\",\"@id\":\"https:\\\/\\\/archiv.siov.sk\\\/#\\\/schema\\\/person\\\/2d35146a9c0fa51b027e8ff319cee627\",\"name\":\"Gabriela Budayov\u00e1\",\"url\":\"https:\\\/\\\/archiv.siov.sk\\\/en\\\/author\\\/gabriela-budayova\\\/\"}]}<\/script>\n<!-- \/ Yoast SEO plugin. -->","yoast_head_json":{"title":"\u0160IOV pokra\u010duje v spolupr\u00e1ci s UNESCO-UNEVOC - \u0160IOV - \u0161t\u00e1tny in\u0161tit\u00fat odborn\u00e9ho vzdel\u00e1vania","description":"S pote\u0161en\u00edm sme prijali spr\u00e1vu, \u017ee \u010dlenstvo \u0160t\u00e1tneho in\u0161tit\u00fatu odborn\u00e9ho vzdel\u00e1vania v medzin\u00e1rodnej sieti UNEVOC bolo \u00faspe\u0161ne obnoven\u00e9 na obdobie 2024-2027.","robots":{"index":"index","follow":"follow","max-snippet":"max-snippet:-1","max-image-preview":"max-image-preview:large","max-video-preview":"max-video-preview:-1"},"canonical":"https:\/\/archiv.siov.sk\/en\/siov-pokracuje-v-spolupraci-s-unesco-unevoc\/","og_locale":"en_GB","og_type":"article","og_title":"\u0160IOV pokra\u010duje v spolupr\u00e1ci s UNESCO-UNEVOC - \u0160IOV - \u0161t\u00e1tny in\u0161tit\u00fat odborn\u00e9ho vzdel\u00e1vania","og_description":"S pote\u0161en\u00edm sme prijali spr\u00e1vu, \u017ee \u010dlenstvo \u0160t\u00e1tneho in\u0161tit\u00fatu odborn\u00e9ho vzdel\u00e1vania v medzin\u00e1rodnej sieti UNEVOC bolo \u00faspe\u0161ne obnoven\u00e9 na obdobie 2024-2027.","og_url":"https:\/\/archiv.siov.sk\/en\/siov-pokracuje-v-spolupraci-s-unesco-unevoc\/","og_site_name":"\u0160IOV - \u0161t\u00e1tny in\u0161tit\u00fat odborn\u00e9ho vzdel\u00e1vania","article_publisher":"https:\/\/www.facebook.com\/Statnyinstitutodbornehovzdelavania","article_published_time":"2024-10-16T07:33:58+00:00","article_modified_time":"2024-10-16T07:47:36+00:00","og_image":[{"width":662,"height":221,"url":"https:\/\/archiv.siov.sk\/wp-content\/uploads\/2024\/10\/Snimka-obrazovky-2024-10-16-093241.png","type":"image\/png"}],"author":"Gabriela Budayov\u00e1","twitter_card":"summary_large_image","twitter_misc":{"Written by":"Gabriela Budayov\u00e1","Estimated reading time":"2 minutes"},"schema":{"@context":"https:\/\/schema.org","@graph":[{"@type":"Article","@id":"https:\/\/archiv.siov.sk\/siov-pokracuje-v-spolupraci-s-unesco-unevoc\/#article","isPartOf":{"@id":"https:\/\/archiv.siov.sk\/siov-pokracuje-v-spolupraci-s-unesco-unevoc\/"},"author":{"name":"Gabriela Budayov\u00e1","@id":"https:\/\/archiv.siov.sk\/#\/schema\/person\/2d35146a9c0fa51b027e8ff319cee627"},"headline":"\u0160IOV pokra\u010duje v spolupr\u00e1ci s UNESCO-UNEVOC","datePublished":"2024-10-16T07:33:58+00:00","dateModified":"2024-10-16T07:47:36+00:00","mainEntityOfPage":{"@id":"https:\/\/archiv.siov.sk\/siov-pokracuje-v-spolupraci-s-unesco-unevoc\/"},"wordCount":180,"publisher":{"@id":"https:\/\/archiv.siov.sk\/#organization"},"image":{"@id":"https:\/\/archiv.siov.sk\/siov-pokracuje-v-spolupraci-s-unesco-unevoc\/#primaryimage"},"thumbnailUrl":"https:\/\/archiv.siov.sk\/wp-content\/uploads\/2024\/10\/Snimka-obrazovky-2024-10-16-093241.png","articleSection":["Aktuality"],"inLanguage":"en-GB"},{"@type":"WebPage","@id":"https:\/\/archiv.siov.sk\/siov-pokracuje-v-spolupraci-s-unesco-unevoc\/","url":"https:\/\/archiv.siov.sk\/siov-pokracuje-v-spolupraci-s-unesco-unevoc\/","name":"\u0160IOV pokra\u010duje v spolupr\u00e1ci s UNESCO-UNEVOC - \u0160IOV - \u0161t\u00e1tny in\u0161tit\u00fat odborn\u00e9ho vzdel\u00e1vania","isPartOf":{"@id":"https:\/\/archiv.siov.sk\/#website"},"primaryImageOfPage":{"@id":"https:\/\/archiv.siov.sk\/siov-pokracuje-v-spolupraci-s-unesco-unevoc\/#primaryimage"},"image":{"@id":"https:\/\/archiv.siov.sk\/siov-pokracuje-v-spolupraci-s-unesco-unevoc\/#primaryimage"},"thumbnailUrl":"https:\/\/archiv.siov.sk\/wp-content\/uploads\/2024\/10\/Snimka-obrazovky-2024-10-16-093241.png","datePublished":"2024-10-16T07:33:58+00:00","dateModified":"2024-10-16T07:47:36+00:00","description":"S pote\u0161en\u00edm sme prijali spr\u00e1vu, \u017ee \u010dlenstvo \u0160t\u00e1tneho in\u0161tit\u00fatu odborn\u00e9ho vzdel\u00e1vania v medzin\u00e1rodnej sieti UNEVOC bolo \u00faspe\u0161ne obnoven\u00e9 na obdobie 2024-2027.","breadcrumb":{"@id":"https:\/\/archiv.siov.sk\/siov-pokracuje-v-spolupraci-s-unesco-unevoc\/#breadcrumb"},"inLanguage":"en-GB","potentialAction":[{"@type":"ReadAction","target":["https:\/\/archiv.siov.sk\/siov-pokracuje-v-spolupraci-s-unesco-unevoc\/"]}]},{"@type":"ImageObject","inLanguage":"en-GB","@id":"https:\/\/archiv.siov.sk\/siov-pokracuje-v-spolupraci-s-unesco-unevoc\/#primaryimage","url":"https:\/\/archiv.siov.sk\/wp-content\/uploads\/2024\/10\/Snimka-obrazovky-2024-10-16-093241.png","contentUrl":"https:\/\/archiv.siov.sk\/wp-content\/uploads\/2024\/10\/Snimka-obrazovky-2024-10-16-093241.png","width":662,"height":221,"caption":"UNESCO-UNEVOC"},{"@type":"BreadcrumbList","@id":"https:\/\/archiv.siov.sk\/siov-pokracuje-v-spolupraci-s-unesco-unevoc\/#breadcrumb","itemListElement":[{"@type":"ListItem","position":1,"name":"Home","item":"https:\/\/archiv.siov.sk\/"},{"@type":"ListItem","position":2,"name":"\u0160IOV pokra\u010duje v spolupr\u00e1ci s UNESCO-UNEVOC"}]},{"@type":"WebSite","@id":"https:\/\/archiv.siov.sk\/#website","url":"https:\/\/archiv.siov.sk\/","name":"\u0160IOV - \u0161t\u00e1tny in\u0161tit\u00fat odborn\u00e9ho vzdel\u00e1vania","description":"","publisher":{"@id":"https:\/\/archiv.siov.sk\/#organization"},"potentialAction":[{"@type":"SearchAction","target":{"@type":"EntryPoint","urlTemplate":"https:\/\/archiv.siov.sk\/?s={search_term_string}"},"query-input":{"@type":"PropertyValueSpecification","valueRequired":true,"valueName":"search_term_string"}}],"inLanguage":"en-GB"},{"@type":"Organization","@id":"https:\/\/archiv.siov.sk\/#organization","name":"\u0160IOV - \u0161t\u00e1tny in\u0161tit\u00fat odborn\u00e9ho vzdel\u00e1vania","url":"https:\/\/archiv.siov.sk\/","logo":{"@type":"ImageObject","inLanguage":"en-GB","@id":"https:\/\/archiv.siov.sk\/#\/schema\/logo\/image\/","url":"https:\/\/archiv.siov.sk\/wp-content\/uploads\/2024\/02\/logo-SIOV.png","contentUrl":"https:\/\/archiv.siov.sk\/wp-content\/uploads\/2024\/02\/logo-SIOV.png","width":431,"height":143,"caption":"\u0160IOV - \u0161t\u00e1tny in\u0161tit\u00fat odborn\u00e9ho vzdel\u00e1vania"},"image":{"@id":"https:\/\/archiv.siov.sk\/#\/schema\/logo\/image\/"},"sameAs":["https:\/\/www.facebook.com\/Statnyinstitutodbornehovzdelavania"]},{"@type":"Person","@id":"https:\/\/archiv.siov.sk\/#\/schema\/person\/2d35146a9c0fa51b027e8ff319cee627","name":"Gabriela Budayov\u00e1","url":"https:\/\/archiv.siov.sk\/en\/author\/gabriela-budayova\/"}]}},"_links":{"self":[{"href":"https:\/\/archiv.siov.sk\/en\/wp-json\/wp\/v2\/posts\/16816","targetHints":{"allow":["GET"]}}],"collection":[{"href":"https:\/\/archiv.siov.sk\/en\/wp-json\/wp\/v2\/posts"}],"about":[{"href":"https:\/\/archiv.siov.sk\/en\/wp-json\/wp\/v2\/types\/post"}],"author":[{"embeddable":true,"href":"https:\/\/archiv.siov.sk\/en\/wp-json\/wp\/v2\/users\/10"}],"replies":[{"embeddable":true,"href":"https:\/\/archiv.siov.sk\/en\/wp-json\/wp\/v2\/comments?post=16816"}],"version-history":[{"count":4,"href":"https:\/\/archiv.siov.sk\/en\/wp-json\/wp\/v2\/posts\/16816\/revisions"}],"predecessor-version":[{"id":16820,"href":"https:\/\/archiv.siov.sk\/en\/wp-json\/wp\/v2\/posts\/16816\/revisions\/16820"}],"wp:featuredmedia":[{"embeddable":true,"href":"https:\/\/archiv.siov.sk\/en\/wp-json\/wp\/v2\/media\/16815"}],"wp:attachment":[{"href":"https:\/\/archiv.siov.sk\/en\/wp-json\/wp\/v2\/media?parent=16816"}],"wp:term":[{"taxonomy":"category","embeddable":true,"href":"https:\/\/archiv.siov.sk\/en\/wp-json\/wp\/v2\/categories?post=16816"},{"taxonomy":"post_tag","embeddable":true,"href":"https:\/\/archiv.siov.sk\/en\/wp-json\/wp\/v2\/tags?post=16816"}],"curies":[{"name":"wp","href":"https:\/\/api.w.org\/{rel}","templated":true}]}}