{"id":16766,"date":"2024-10-14T22:21:30","date_gmt":"2024-10-14T20:21:30","guid":{"rendered":"https:\/\/archiv.siov.sk\/?p=16766"},"modified":"2024-10-15T07:57:31","modified_gmt":"2024-10-15T05:57:31","slug":"stretnutie-na-temu-inovacii-a-perspektiv-odborneho-a-celozivotneho-vzdelavania","status":"publish","type":"post","link":"https:\/\/archiv.siov.sk\/en\/stretnutie-na-temu-inovacii-a-perspektiv-odborneho-a-celozivotneho-vzdelavania\/","title":{"rendered":"Stretnutie na t\u00e9mu inov\u00e1ci\u00ed a perspekt\u00edv odborn\u00e9ho a celo\u017eivotn\u00e9ho vzdel\u00e1vania"},"content":{"rendered":"<p style=\"text-align: justify;\">\u0160t\u00e1tny in\u0161tit\u00fat odborn\u00e9ho vzdel\u00e1vania zorganizoval dvojd\u0148ov\u00e9 pracovn\u00e9 stretnutie, po\u010das ktor\u00e9ho sme informovali partnerov o\u00a0aktu\u00e1lnych t\u00e9mach, projektoch, aktivit\u00e1ch a\u00a0z\u00e1meroch. Okrem toho sme od \u00fa\u010dastn\u00edkov z\u00edskali mimoriadne d\u00f4le\u017eit\u00fa sp\u00e4tn\u00fa v\u00e4zbu a\u00a0posilnili spolo\u010dn\u00fd networking.<\/p>\n<p>\u00a0 \u00a0 \u00a0 \u00a0 \u00a0 \u00a0 \u00a0 \u00a0 \u00a0 \u00a0 \u00a0 \u00a0 \u00a0 \u00a0 \u00a0 \u00a0 \u00a0 \u00a0 \u00a0 \u00a0 \u00a0 \u00a0 \u00a0 <img fetchpriority=\"high\" decoding=\"async\" class=\"alignnone wp-image-16769\" src=\"https:\/\/archiv.siov.sk\/wp-content\/uploads\/2024\/10\/462535725_8461640870620464_3936204404682313426_n-225x300.jpg\" alt=\"\" width=\"300\" height=\"400\" srcset=\"https:\/\/archiv.siov.sk\/wp-content\/uploads\/2024\/10\/462535725_8461640870620464_3936204404682313426_n-225x300.jpg 225w, https:\/\/archiv.siov.sk\/wp-content\/uploads\/2024\/10\/462535725_8461640870620464_3936204404682313426_n-768x1024.jpg 768w, https:\/\/archiv.siov.sk\/wp-content\/uploads\/2024\/10\/462535725_8461640870620464_3936204404682313426_n-1152x1536.jpg 1152w, https:\/\/archiv.siov.sk\/wp-content\/uploads\/2024\/10\/462535725_8461640870620464_3936204404682313426_n-9x12.jpg 9w, https:\/\/archiv.siov.sk\/wp-content\/uploads\/2024\/10\/462535725_8461640870620464_3936204404682313426_n.jpg 1536w\" sizes=\"(max-width: 300px) 100vw, 300px\" \/>\u00a0 \u00a0 \u00a0 \u00a0 \u00a0 \u00a0<img decoding=\"async\" class=\"alignnone wp-image-16770\" src=\"https:\/\/archiv.siov.sk\/wp-content\/uploads\/2024\/10\/462535467_926258319408461_1822028176666207066_n-225x300.jpg\" alt=\"\" width=\"300\" height=\"400\" srcset=\"https:\/\/archiv.siov.sk\/wp-content\/uploads\/2024\/10\/462535467_926258319408461_1822028176666207066_n-225x300.jpg 225w, https:\/\/archiv.siov.sk\/wp-content\/uploads\/2024\/10\/462535467_926258319408461_1822028176666207066_n-768x1024.jpg 768w, https:\/\/archiv.siov.sk\/wp-content\/uploads\/2024\/10\/462535467_926258319408461_1822028176666207066_n-1152x1536.jpg 1152w, https:\/\/archiv.siov.sk\/wp-content\/uploads\/2024\/10\/462535467_926258319408461_1822028176666207066_n-9x12.jpg 9w, https:\/\/archiv.siov.sk\/wp-content\/uploads\/2024\/10\/462535467_926258319408461_1822028176666207066_n.jpg 1536w\" sizes=\"(max-width: 300px) 100vw, 300px\" \/><\/p>\n<p style=\"text-align: justify;\">Venovali sme sa tradi\u010dne odborn\u00e9mu vzdel\u00e1vaniu a\u00a0pr\u00edprave, s\u00fa\u0165a\u017eiam stredn\u00fdch \u0161k\u00f4l, cvi\u010dn\u00fdm firm\u00e1m, du\u00e1lnemu a\u00a0celo\u017eivotn\u00e9mu vzdel\u00e1vaniu, ale tie\u017e aktu\u00e1lnym projektom a\u00a0iniciat\u00edvam E\u00da. Po priv\u00edtan\u00ed a\u00a0\u00favodnom slove riadite\u013ea \u0160IOV-u Branislava Had\u00e1ra sa jednotliv\u00fdch t\u00e9m ujali v\u017edy konkr\u00e9tni kolegovia, ktor\u00ed poskytli inform\u00e1cie z\u00a0prvej ruky.<\/p>\n<p><img decoding=\"async\" class=\"aligncenter wp-image-16772\" src=\"https:\/\/archiv.siov.sk\/wp-content\/uploads\/2024\/10\/462539519_348412571632430_4002890972929132493_n-1-225x300.jpg\" alt=\"\" width=\"300\" height=\"400\" srcset=\"https:\/\/archiv.siov.sk\/wp-content\/uploads\/2024\/10\/462539519_348412571632430_4002890972929132493_n-1-225x300.jpg 225w, https:\/\/archiv.siov.sk\/wp-content\/uploads\/2024\/10\/462539519_348412571632430_4002890972929132493_n-1-768x1024.jpg 768w, https:\/\/archiv.siov.sk\/wp-content\/uploads\/2024\/10\/462539519_348412571632430_4002890972929132493_n-1-1152x1536.jpg 1152w, https:\/\/archiv.siov.sk\/wp-content\/uploads\/2024\/10\/462539519_348412571632430_4002890972929132493_n-1-9x12.jpg 9w, https:\/\/archiv.siov.sk\/wp-content\/uploads\/2024\/10\/462539519_348412571632430_4002890972929132493_n-1.jpg 1536w\" sizes=\"(max-width: 300px) 100vw, 300px\" \/><\/p>\n<p style=\"text-align: justify;\">Stredo\u0161kol\u00e1ci, ktor\u00ed s\u00fa stredobodom na\u0161ich aktiv\u00edt sa prel\u00ednali cel\u00fdm programom. Jednak pre na\u0161ich host\u00ed pripravili dar\u010deky a\u00a0\u017eiaci z\u00a0dom\u00e1cej pie\u0161\u0165anskej Hotelovej akad\u00e9mie spravili z\u00a0cofee breaku z\u00e1\u017eitok flambovan\u00edm palaciniek a\u00a0potom v\u0161etko e\u0161te vy\u0161perkovali barmanskou \u0161ou.<\/p>\n<p>\u00a0 \u00a0 \u00a0 \u00a0 \u00a0 \u00a0 \u00a0 \u00a0 \u00a0 \u00a0 \u00a0 \u00a0 \u00a0 \u00a0 \u00a0 \u00a0 \u00a0 \u00a0 \u00a0 \u00a0 \u00a0 \u00a0<img loading=\"lazy\" decoding=\"async\" class=\"alignnone size-medium wp-image-16773\" src=\"https:\/\/archiv.siov.sk\/wp-content\/uploads\/2024\/10\/462540900_452465640617314_1934492509946912307_n-300x225.jpg\" alt=\"\" width=\"300\" height=\"225\" srcset=\"https:\/\/archiv.siov.sk\/wp-content\/uploads\/2024\/10\/462540900_452465640617314_1934492509946912307_n-300x225.jpg 300w, https:\/\/archiv.siov.sk\/wp-content\/uploads\/2024\/10\/462540900_452465640617314_1934492509946912307_n-1024x768.jpg 1024w, https:\/\/archiv.siov.sk\/wp-content\/uploads\/2024\/10\/462540900_452465640617314_1934492509946912307_n-768x576.jpg 768w, https:\/\/archiv.siov.sk\/wp-content\/uploads\/2024\/10\/462540900_452465640617314_1934492509946912307_n-1536x1152.jpg 1536w, https:\/\/archiv.siov.sk\/wp-content\/uploads\/2024\/10\/462540900_452465640617314_1934492509946912307_n-16x12.jpg 16w, https:\/\/archiv.siov.sk\/wp-content\/uploads\/2024\/10\/462540900_452465640617314_1934492509946912307_n.jpg 2048w\" sizes=\"(max-width: 300px) 100vw, 300px\" \/>\u00a0 \u00a0 \u00a0 <img loading=\"lazy\" decoding=\"async\" class=\"alignnone wp-image-16774\" src=\"https:\/\/archiv.siov.sk\/wp-content\/uploads\/2024\/10\/462556704_867977622138230_7399894377116353511_n-225x300.jpg\" alt=\"\" width=\"169\" height=\"226\" srcset=\"https:\/\/archiv.siov.sk\/wp-content\/uploads\/2024\/10\/462556704_867977622138230_7399894377116353511_n-225x300.jpg 225w, https:\/\/archiv.siov.sk\/wp-content\/uploads\/2024\/10\/462556704_867977622138230_7399894377116353511_n-768x1024.jpg 768w, https:\/\/archiv.siov.sk\/wp-content\/uploads\/2024\/10\/462556704_867977622138230_7399894377116353511_n-1152x1536.jpg 1152w, https:\/\/archiv.siov.sk\/wp-content\/uploads\/2024\/10\/462556704_867977622138230_7399894377116353511_n-9x12.jpg 9w, https:\/\/archiv.siov.sk\/wp-content\/uploads\/2024\/10\/462556704_867977622138230_7399894377116353511_n.jpg 1536w\" sizes=\"(max-width: 169px) 100vw, 169px\" \/><\/p>\n<p style=\"text-align: justify;\">Druh\u00fd de\u0148 sme host\u00ed rozdelili na men\u0161ie skupiny a\u00a0naplno rozpr\u00fadili diskusiu a\u00a0e\u0161te viac podporili networking v\u00a0r\u00e1mci workshopov zameran\u00fdch na u\u017e spom\u00ednan\u00e9 projekty.<\/p>\n<p><img loading=\"lazy\" decoding=\"async\" class=\"alignnone wp-image-16775 aligncenter\" src=\"https:\/\/archiv.siov.sk\/wp-content\/uploads\/2024\/10\/462549209_555602077147371_7583849997659357276_n-768x1024.jpg\" alt=\"\" width=\"281\" height=\"375\" srcset=\"https:\/\/archiv.siov.sk\/wp-content\/uploads\/2024\/10\/462549209_555602077147371_7583849997659357276_n-768x1024.jpg 768w, https:\/\/archiv.siov.sk\/wp-content\/uploads\/2024\/10\/462549209_555602077147371_7583849997659357276_n-225x300.jpg 225w, https:\/\/archiv.siov.sk\/wp-content\/uploads\/2024\/10\/462549209_555602077147371_7583849997659357276_n-1152x1536.jpg 1152w, https:\/\/archiv.siov.sk\/wp-content\/uploads\/2024\/10\/462549209_555602077147371_7583849997659357276_n-9x12.jpg 9w, https:\/\/archiv.siov.sk\/wp-content\/uploads\/2024\/10\/462549209_555602077147371_7583849997659357276_n.jpg 1536w\" sizes=\"(max-width: 281px) 100vw, 281px\" \/><\/p>\n<p style=\"text-align: justify;\">Mimoriadne si v\u00e1\u017eime, \u017ee si v\u00a0nabitom pracovnom programe na\u0161li \u010das na \u00fa\u010das\u0165 aj \u0161t\u00e1tny tajomn\u00edk Ministerstva \u0161kolstva, v\u00fdskumu, v\u00fdvoja a\u00a0ml\u00e1de\u017ee Slavom\u00edr Partila a\u00a0\u0161t\u00e1tny tajomn\u00edk Ministerstva pr\u00e1ce, soci\u00e1lnych vec\u00ed a\u00a0rodiny Mari\u00e1n Valentovi\u010d a\u00a0pod\u010diarkli tak v\u00fdznam podujatia. E\u0161te raz \u010fakujeme v\u0161etk\u00fdm \u00fa\u010dastn\u00edkom pracovn\u00e9ho stretnutia a\u00a0te\u0161\u00edme sa na \u010fal\u0161iu spolupr\u00e1cu.<\/p>","protected":false},"excerpt":{"rendered":"<p>\u0160t\u00e1tny in\u0161tit\u00fat odborn\u00e9ho vzdel\u00e1vania zorganizoval dvojd\u0148ov\u00e9 pracovn\u00e9 stretnutie, po\u010das ktor\u00e9ho sme informovali partnerov o\u00a0aktu\u00e1lnych t\u00e9mach, projektoch, aktivit\u00e1ch a\u00a0z\u00e1meroch. Okrem toho sme od \u00fa\u010dastn\u00edkov z\u00edskali mimoriadne d\u00f4le\u017eit\u00fa sp\u00e4tn\u00fa v\u00e4zbu a\u00a0posilnili spolo\u010dn\u00fd networking. \u00a0 \u00a0 \u00a0 \u00a0 \u00a0 \u00a0 \u00a0 \u00a0 \u00a0 \u00a0 \u00a0 \u00a0 \u00a0 \u00a0 \u00a0 \u00a0 \u00a0 \u00a0 \u00a0 \u00a0 \u00a0 \u00a0 \u00a0 \u00a0 [&hellip;]<\/p>\n","protected":false},"author":6,"featured_media":16768,"comment_status":"closed","ping_status":"closed","sticky":false,"template":"","format":"standard","meta":{"site-sidebar-layout":"default","site-content-layout":"","ast-site-content-layout":"default","site-content-style":"default","site-sidebar-style":"default","ast-global-header-display":"","ast-banner-title-visibility":"","ast-main-header-display":"","ast-hfb-above-header-display":"","ast-hfb-below-header-display":"","ast-hfb-mobile-header-display":"","site-post-title":"","ast-breadcrumbs-content":"","ast-featured-img":"","footer-sml-layout":"","ast-disable-related-posts":"","theme-transparent-header-meta":"default","adv-header-id-meta":"","stick-header-meta":"default","header-above-stick-meta":"","header-main-stick-meta":"","header-below-stick-meta":"","astra-migrate-meta-layouts":"set","ast-page-background-enabled":"default","ast-page-background-meta":{"desktop":{"background-color":"var(--ast-global-color-4)","background-image":"","background-repeat":"repeat","background-position":"center center","background-size":"auto","background-attachment":"scroll","background-type":"","background-media":"","overlay-type":"","overlay-color":"","overlay-opacity":"","overlay-gradient":""},"tablet":{"background-color":"","background-image":"","background-repeat":"repeat","background-position":"center center","background-size":"auto","background-attachment":"scroll","background-type":"","background-media":"","overlay-type":"","overlay-color":"","overlay-opacity":"","overlay-gradient":""},"mobile":{"background-color":"","background-image":"","background-repeat":"repeat","background-position":"center center","background-size":"auto","background-attachment":"scroll","background-type":"","background-media":"","overlay-type":"","overlay-color":"","overlay-opacity":"","overlay-gradient":""}},"ast-content-background-meta":{"desktop":{"background-color":"var(--ast-global-color-5)","background-image":"","background-repeat":"repeat","background-position":"center center","background-size":"auto","background-attachment":"scroll","background-type":"","background-media":"","overlay-type":"","overlay-color":"","overlay-opacity":"","overlay-gradient":""},"tablet":{"background-color":"var(--ast-global-color-5)","background-image":"","background-repeat":"repeat","background-position":"center center","background-size":"auto","background-attachment":"scroll","background-type":"","background-media":"","overlay-type":"","overlay-color":"","overlay-opacity":"","overlay-gradient":""},"mobile":{"background-color":"var(--ast-global-color-5)","background-image":"","background-repeat":"repeat","background-position":"center center","background-size":"auto","background-attachment":"scroll","background-type":"","background-media":"","overlay-type":"","overlay-color":"","overlay-opacity":"","overlay-gradient":""}},"footnotes":""},"categories":[1],"tags":[],"class_list":["post-16766","post","type-post","status-publish","format-standard","has-post-thumbnail","hentry","category-aktuality"],"yoast_head":"<!-- This site is optimized with the Yoast SEO plugin v27.5 - https:\/\/yoast.com\/product\/yoast-seo-wordpress\/ -->\n<title>Stretnutie na t\u00e9mu inov\u00e1ci\u00ed a perspekt\u00edv odborn\u00e9ho a celo\u017eivotn\u00e9ho vzdel\u00e1vania - \u0160IOV - \u0161t\u00e1tny in\u0161tit\u00fat odborn\u00e9ho vzdel\u00e1vania<\/title>\n<meta name=\"robots\" content=\"index, follow, max-snippet:-1, max-image-preview:large, max-video-preview:-1\" \/>\n<link rel=\"canonical\" href=\"https:\/\/archiv.siov.sk\/en\/stretnutie-na-temu-inovacii-a-perspektiv-odborneho-a-celozivotneho-vzdelavania\/\" \/>\n<meta property=\"og:locale\" content=\"en_GB\" \/>\n<meta property=\"og:type\" content=\"article\" \/>\n<meta property=\"og:title\" content=\"Stretnutie na t\u00e9mu inov\u00e1ci\u00ed a perspekt\u00edv odborn\u00e9ho a celo\u017eivotn\u00e9ho vzdel\u00e1vania - \u0160IOV - \u0161t\u00e1tny in\u0161tit\u00fat odborn\u00e9ho vzdel\u00e1vania\" \/>\n<meta property=\"og:description\" content=\"\u0160t\u00e1tny in\u0161tit\u00fat odborn\u00e9ho vzdel\u00e1vania zorganizoval dvojd\u0148ov\u00e9 pracovn\u00e9 stretnutie, po\u010das ktor\u00e9ho sme informovali partnerov o\u00a0aktu\u00e1lnych t\u00e9mach, projektoch, aktivit\u00e1ch a\u00a0z\u00e1meroch. Okrem toho sme od \u00fa\u010dastn\u00edkov z\u00edskali mimoriadne d\u00f4le\u017eit\u00fa sp\u00e4tn\u00fa v\u00e4zbu a\u00a0posilnili spolo\u010dn\u00fd networking. \u00a0 \u00a0 \u00a0 \u00a0 \u00a0 \u00a0 \u00a0 \u00a0 \u00a0 \u00a0 \u00a0 \u00a0 \u00a0 \u00a0 \u00a0 \u00a0 \u00a0 \u00a0 \u00a0 \u00a0 \u00a0 \u00a0 \u00a0 \u00a0 [&hellip;]\" \/>\n<meta property=\"og:url\" content=\"https:\/\/archiv.siov.sk\/en\/stretnutie-na-temu-inovacii-a-perspektiv-odborneho-a-celozivotneho-vzdelavania\/\" \/>\n<meta property=\"og:site_name\" content=\"\u0160IOV - \u0161t\u00e1tny in\u0161tit\u00fat odborn\u00e9ho vzdel\u00e1vania\" \/>\n<meta property=\"article:publisher\" content=\"https:\/\/www.facebook.com\/Statnyinstitutodbornehovzdelavania\" \/>\n<meta property=\"article:published_time\" content=\"2024-10-14T20:21:30+00:00\" \/>\n<meta property=\"article:modified_time\" content=\"2024-10-15T05:57:31+00:00\" \/>\n<meta property=\"og:image\" content=\"https:\/\/archiv.siov.sk\/wp-content\/uploads\/2024\/10\/461895235_534706002595010_7134272396269825912_n.jpg\" \/>\n\t<meta property=\"og:image:width\" content=\"2048\" \/>\n\t<meta property=\"og:image:height\" content=\"1536\" \/>\n\t<meta property=\"og:image:type\" content=\"image\/jpeg\" \/>\n<meta name=\"author\" content=\"Katar\u00edna Kov\u00e1\u010dov\u00e1\" \/>\n<meta name=\"twitter:card\" content=\"summary_large_image\" \/>\n<meta name=\"twitter:label1\" content=\"Written by\" \/>\n\t<meta name=\"twitter:data1\" content=\"Katar\u00edna Kov\u00e1\u010dov\u00e1\" \/>\n\t<meta name=\"twitter:label2\" content=\"Estimated reading time\" \/>\n\t<meta name=\"twitter:data2\" content=\"3 minutes\" \/>\n<script type=\"application\/ld+json\" class=\"yoast-schema-graph\">{\"@context\":\"https:\\\/\\\/schema.org\",\"@graph\":[{\"@type\":\"Article\",\"@id\":\"https:\\\/\\\/archiv.siov.sk\\\/stretnutie-na-temu-inovacii-a-perspektiv-odborneho-a-celozivotneho-vzdelavania\\\/#article\",\"isPartOf\":{\"@id\":\"https:\\\/\\\/archiv.siov.sk\\\/stretnutie-na-temu-inovacii-a-perspektiv-odborneho-a-celozivotneho-vzdelavania\\\/\"},\"author\":{\"name\":\"Katar\u00edna Kov\u00e1\u010dov\u00e1\",\"@id\":\"https:\\\/\\\/archiv.siov.sk\\\/#\\\/schema\\\/person\\\/e42d633fbd958c6a726e8834d8965e6c\"},\"headline\":\"Stretnutie na t\u00e9mu inov\u00e1ci\u00ed a perspekt\u00edv odborn\u00e9ho a celo\u017eivotn\u00e9ho vzdel\u00e1vania\",\"datePublished\":\"2024-10-14T20:21:30+00:00\",\"dateModified\":\"2024-10-15T05:57:31+00:00\",\"mainEntityOfPage\":{\"@id\":\"https:\\\/\\\/archiv.siov.sk\\\/stretnutie-na-temu-inovacii-a-perspektiv-odborneho-a-celozivotneho-vzdelavania\\\/\"},\"wordCount\":302,\"publisher\":{\"@id\":\"https:\\\/\\\/archiv.siov.sk\\\/#organization\"},\"image\":{\"@id\":\"https:\\\/\\\/archiv.siov.sk\\\/stretnutie-na-temu-inovacii-a-perspektiv-odborneho-a-celozivotneho-vzdelavania\\\/#primaryimage\"},\"thumbnailUrl\":\"https:\\\/\\\/archiv.siov.sk\\\/wp-content\\\/uploads\\\/2024\\\/10\\\/461895235_534706002595010_7134272396269825912_n.jpg\",\"articleSection\":[\"Aktuality\"],\"inLanguage\":\"en-GB\"},{\"@type\":\"WebPage\",\"@id\":\"https:\\\/\\\/archiv.siov.sk\\\/stretnutie-na-temu-inovacii-a-perspektiv-odborneho-a-celozivotneho-vzdelavania\\\/\",\"url\":\"https:\\\/\\\/archiv.siov.sk\\\/stretnutie-na-temu-inovacii-a-perspektiv-odborneho-a-celozivotneho-vzdelavania\\\/\",\"name\":\"Stretnutie na t\u00e9mu inov\u00e1ci\u00ed a perspekt\u00edv odborn\u00e9ho a celo\u017eivotn\u00e9ho vzdel\u00e1vania - \u0160IOV - \u0161t\u00e1tny in\u0161tit\u00fat odborn\u00e9ho vzdel\u00e1vania\",\"isPartOf\":{\"@id\":\"https:\\\/\\\/archiv.siov.sk\\\/#website\"},\"primaryImageOfPage\":{\"@id\":\"https:\\\/\\\/archiv.siov.sk\\\/stretnutie-na-temu-inovacii-a-perspektiv-odborneho-a-celozivotneho-vzdelavania\\\/#primaryimage\"},\"image\":{\"@id\":\"https:\\\/\\\/archiv.siov.sk\\\/stretnutie-na-temu-inovacii-a-perspektiv-odborneho-a-celozivotneho-vzdelavania\\\/#primaryimage\"},\"thumbnailUrl\":\"https:\\\/\\\/archiv.siov.sk\\\/wp-content\\\/uploads\\\/2024\\\/10\\\/461895235_534706002595010_7134272396269825912_n.jpg\",\"datePublished\":\"2024-10-14T20:21:30+00:00\",\"dateModified\":\"2024-10-15T05:57:31+00:00\",\"breadcrumb\":{\"@id\":\"https:\\\/\\\/archiv.siov.sk\\\/stretnutie-na-temu-inovacii-a-perspektiv-odborneho-a-celozivotneho-vzdelavania\\\/#breadcrumb\"},\"inLanguage\":\"en-GB\",\"potentialAction\":[{\"@type\":\"ReadAction\",\"target\":[\"https:\\\/\\\/archiv.siov.sk\\\/stretnutie-na-temu-inovacii-a-perspektiv-odborneho-a-celozivotneho-vzdelavania\\\/\"]}]},{\"@type\":\"ImageObject\",\"inLanguage\":\"en-GB\",\"@id\":\"https:\\\/\\\/archiv.siov.sk\\\/stretnutie-na-temu-inovacii-a-perspektiv-odborneho-a-celozivotneho-vzdelavania\\\/#primaryimage\",\"url\":\"https:\\\/\\\/archiv.siov.sk\\\/wp-content\\\/uploads\\\/2024\\\/10\\\/461895235_534706002595010_7134272396269825912_n.jpg\",\"contentUrl\":\"https:\\\/\\\/archiv.siov.sk\\\/wp-content\\\/uploads\\\/2024\\\/10\\\/461895235_534706002595010_7134272396269825912_n.jpg\",\"width\":2048,\"height\":1536},{\"@type\":\"BreadcrumbList\",\"@id\":\"https:\\\/\\\/archiv.siov.sk\\\/stretnutie-na-temu-inovacii-a-perspektiv-odborneho-a-celozivotneho-vzdelavania\\\/#breadcrumb\",\"itemListElement\":[{\"@type\":\"ListItem\",\"position\":1,\"name\":\"Home\",\"item\":\"https:\\\/\\\/archiv.siov.sk\\\/\"},{\"@type\":\"ListItem\",\"position\":2,\"name\":\"Stretnutie na t\u00e9mu inov\u00e1ci\u00ed a perspekt\u00edv odborn\u00e9ho a celo\u017eivotn\u00e9ho vzdel\u00e1vania\"}]},{\"@type\":\"WebSite\",\"@id\":\"https:\\\/\\\/archiv.siov.sk\\\/#website\",\"url\":\"https:\\\/\\\/archiv.siov.sk\\\/\",\"name\":\"\u0160IOV - \u0161t\u00e1tny in\u0161tit\u00fat odborn\u00e9ho vzdel\u00e1vania\",\"description\":\"\",\"publisher\":{\"@id\":\"https:\\\/\\\/archiv.siov.sk\\\/#organization\"},\"potentialAction\":[{\"@type\":\"SearchAction\",\"target\":{\"@type\":\"EntryPoint\",\"urlTemplate\":\"https:\\\/\\\/archiv.siov.sk\\\/?s={search_term_string}\"},\"query-input\":{\"@type\":\"PropertyValueSpecification\",\"valueRequired\":true,\"valueName\":\"search_term_string\"}}],\"inLanguage\":\"en-GB\"},{\"@type\":\"Organization\",\"@id\":\"https:\\\/\\\/archiv.siov.sk\\\/#organization\",\"name\":\"\u0160IOV - \u0161t\u00e1tny in\u0161tit\u00fat odborn\u00e9ho vzdel\u00e1vania\",\"url\":\"https:\\\/\\\/archiv.siov.sk\\\/\",\"logo\":{\"@type\":\"ImageObject\",\"inLanguage\":\"en-GB\",\"@id\":\"https:\\\/\\\/archiv.siov.sk\\\/#\\\/schema\\\/logo\\\/image\\\/\",\"url\":\"https:\\\/\\\/archiv.siov.sk\\\/wp-content\\\/uploads\\\/2024\\\/02\\\/logo-SIOV.png\",\"contentUrl\":\"https:\\\/\\\/archiv.siov.sk\\\/wp-content\\\/uploads\\\/2024\\\/02\\\/logo-SIOV.png\",\"width\":431,\"height\":143,\"caption\":\"\u0160IOV - \u0161t\u00e1tny in\u0161tit\u00fat odborn\u00e9ho vzdel\u00e1vania\"},\"image\":{\"@id\":\"https:\\\/\\\/archiv.siov.sk\\\/#\\\/schema\\\/logo\\\/image\\\/\"},\"sameAs\":[\"https:\\\/\\\/www.facebook.com\\\/Statnyinstitutodbornehovzdelavania\"]},{\"@type\":\"Person\",\"@id\":\"https:\\\/\\\/archiv.siov.sk\\\/#\\\/schema\\\/person\\\/e42d633fbd958c6a726e8834d8965e6c\",\"name\":\"Katar\u00edna Kov\u00e1\u010dov\u00e1\",\"url\":\"https:\\\/\\\/archiv.siov.sk\\\/en\\\/author\\\/katkakovacova\\\/\"}]}<\/script>\n<!-- \/ Yoast SEO plugin. -->","yoast_head_json":{"title":"Stretnutie na t\u00e9mu inov\u00e1ci\u00ed a perspekt\u00edv odborn\u00e9ho a celo\u017eivotn\u00e9ho vzdel\u00e1vania - \u0160IOV - \u0161t\u00e1tny in\u0161tit\u00fat odborn\u00e9ho vzdel\u00e1vania","robots":{"index":"index","follow":"follow","max-snippet":"max-snippet:-1","max-image-preview":"max-image-preview:large","max-video-preview":"max-video-preview:-1"},"canonical":"https:\/\/archiv.siov.sk\/en\/stretnutie-na-temu-inovacii-a-perspektiv-odborneho-a-celozivotneho-vzdelavania\/","og_locale":"en_GB","og_type":"article","og_title":"Stretnutie na t\u00e9mu inov\u00e1ci\u00ed a perspekt\u00edv odborn\u00e9ho a celo\u017eivotn\u00e9ho vzdel\u00e1vania - \u0160IOV - \u0161t\u00e1tny in\u0161tit\u00fat odborn\u00e9ho vzdel\u00e1vania","og_description":"\u0160t\u00e1tny in\u0161tit\u00fat odborn\u00e9ho vzdel\u00e1vania zorganizoval dvojd\u0148ov\u00e9 pracovn\u00e9 stretnutie, po\u010das ktor\u00e9ho sme informovali partnerov o\u00a0aktu\u00e1lnych t\u00e9mach, projektoch, aktivit\u00e1ch a\u00a0z\u00e1meroch. Okrem toho sme od \u00fa\u010dastn\u00edkov z\u00edskali mimoriadne d\u00f4le\u017eit\u00fa sp\u00e4tn\u00fa v\u00e4zbu a\u00a0posilnili spolo\u010dn\u00fd networking. \u00a0 \u00a0 \u00a0 \u00a0 \u00a0 \u00a0 \u00a0 \u00a0 \u00a0 \u00a0 \u00a0 \u00a0 \u00a0 \u00a0 \u00a0 \u00a0 \u00a0 \u00a0 \u00a0 \u00a0 \u00a0 \u00a0 \u00a0 \u00a0 [&hellip;]","og_url":"https:\/\/archiv.siov.sk\/en\/stretnutie-na-temu-inovacii-a-perspektiv-odborneho-a-celozivotneho-vzdelavania\/","og_site_name":"\u0160IOV - \u0161t\u00e1tny in\u0161tit\u00fat odborn\u00e9ho vzdel\u00e1vania","article_publisher":"https:\/\/www.facebook.com\/Statnyinstitutodbornehovzdelavania","article_published_time":"2024-10-14T20:21:30+00:00","article_modified_time":"2024-10-15T05:57:31+00:00","og_image":[{"width":2048,"height":1536,"url":"https:\/\/archiv.siov.sk\/wp-content\/uploads\/2024\/10\/461895235_534706002595010_7134272396269825912_n.jpg","type":"image\/jpeg"}],"author":"Katar\u00edna Kov\u00e1\u010dov\u00e1","twitter_card":"summary_large_image","twitter_misc":{"Written by":"Katar\u00edna Kov\u00e1\u010dov\u00e1","Estimated reading time":"3 minutes"},"schema":{"@context":"https:\/\/schema.org","@graph":[{"@type":"Article","@id":"https:\/\/archiv.siov.sk\/stretnutie-na-temu-inovacii-a-perspektiv-odborneho-a-celozivotneho-vzdelavania\/#article","isPartOf":{"@id":"https:\/\/archiv.siov.sk\/stretnutie-na-temu-inovacii-a-perspektiv-odborneho-a-celozivotneho-vzdelavania\/"},"author":{"name":"Katar\u00edna Kov\u00e1\u010dov\u00e1","@id":"https:\/\/archiv.siov.sk\/#\/schema\/person\/e42d633fbd958c6a726e8834d8965e6c"},"headline":"Stretnutie na t\u00e9mu inov\u00e1ci\u00ed a perspekt\u00edv odborn\u00e9ho a celo\u017eivotn\u00e9ho vzdel\u00e1vania","datePublished":"2024-10-14T20:21:30+00:00","dateModified":"2024-10-15T05:57:31+00:00","mainEntityOfPage":{"@id":"https:\/\/archiv.siov.sk\/stretnutie-na-temu-inovacii-a-perspektiv-odborneho-a-celozivotneho-vzdelavania\/"},"wordCount":302,"publisher":{"@id":"https:\/\/archiv.siov.sk\/#organization"},"image":{"@id":"https:\/\/archiv.siov.sk\/stretnutie-na-temu-inovacii-a-perspektiv-odborneho-a-celozivotneho-vzdelavania\/#primaryimage"},"thumbnailUrl":"https:\/\/archiv.siov.sk\/wp-content\/uploads\/2024\/10\/461895235_534706002595010_7134272396269825912_n.jpg","articleSection":["Aktuality"],"inLanguage":"en-GB"},{"@type":"WebPage","@id":"https:\/\/archiv.siov.sk\/stretnutie-na-temu-inovacii-a-perspektiv-odborneho-a-celozivotneho-vzdelavania\/","url":"https:\/\/archiv.siov.sk\/stretnutie-na-temu-inovacii-a-perspektiv-odborneho-a-celozivotneho-vzdelavania\/","name":"Stretnutie na t\u00e9mu inov\u00e1ci\u00ed a perspekt\u00edv odborn\u00e9ho a celo\u017eivotn\u00e9ho vzdel\u00e1vania - \u0160IOV - \u0161t\u00e1tny in\u0161tit\u00fat odborn\u00e9ho vzdel\u00e1vania","isPartOf":{"@id":"https:\/\/archiv.siov.sk\/#website"},"primaryImageOfPage":{"@id":"https:\/\/archiv.siov.sk\/stretnutie-na-temu-inovacii-a-perspektiv-odborneho-a-celozivotneho-vzdelavania\/#primaryimage"},"image":{"@id":"https:\/\/archiv.siov.sk\/stretnutie-na-temu-inovacii-a-perspektiv-odborneho-a-celozivotneho-vzdelavania\/#primaryimage"},"thumbnailUrl":"https:\/\/archiv.siov.sk\/wp-content\/uploads\/2024\/10\/461895235_534706002595010_7134272396269825912_n.jpg","datePublished":"2024-10-14T20:21:30+00:00","dateModified":"2024-10-15T05:57:31+00:00","breadcrumb":{"@id":"https:\/\/archiv.siov.sk\/stretnutie-na-temu-inovacii-a-perspektiv-odborneho-a-celozivotneho-vzdelavania\/#breadcrumb"},"inLanguage":"en-GB","potentialAction":[{"@type":"ReadAction","target":["https:\/\/archiv.siov.sk\/stretnutie-na-temu-inovacii-a-perspektiv-odborneho-a-celozivotneho-vzdelavania\/"]}]},{"@type":"ImageObject","inLanguage":"en-GB","@id":"https:\/\/archiv.siov.sk\/stretnutie-na-temu-inovacii-a-perspektiv-odborneho-a-celozivotneho-vzdelavania\/#primaryimage","url":"https:\/\/archiv.siov.sk\/wp-content\/uploads\/2024\/10\/461895235_534706002595010_7134272396269825912_n.jpg","contentUrl":"https:\/\/archiv.siov.sk\/wp-content\/uploads\/2024\/10\/461895235_534706002595010_7134272396269825912_n.jpg","width":2048,"height":1536},{"@type":"BreadcrumbList","@id":"https:\/\/archiv.siov.sk\/stretnutie-na-temu-inovacii-a-perspektiv-odborneho-a-celozivotneho-vzdelavania\/#breadcrumb","itemListElement":[{"@type":"ListItem","position":1,"name":"Home","item":"https:\/\/archiv.siov.sk\/"},{"@type":"ListItem","position":2,"name":"Stretnutie na t\u00e9mu inov\u00e1ci\u00ed a perspekt\u00edv odborn\u00e9ho a celo\u017eivotn\u00e9ho vzdel\u00e1vania"}]},{"@type":"WebSite","@id":"https:\/\/archiv.siov.sk\/#website","url":"https:\/\/archiv.siov.sk\/","name":"\u0160IOV - \u0161t\u00e1tny in\u0161tit\u00fat odborn\u00e9ho vzdel\u00e1vania","description":"","publisher":{"@id":"https:\/\/archiv.siov.sk\/#organization"},"potentialAction":[{"@type":"SearchAction","target":{"@type":"EntryPoint","urlTemplate":"https:\/\/archiv.siov.sk\/?s={search_term_string}"},"query-input":{"@type":"PropertyValueSpecification","valueRequired":true,"valueName":"search_term_string"}}],"inLanguage":"en-GB"},{"@type":"Organization","@id":"https:\/\/archiv.siov.sk\/#organization","name":"\u0160IOV - \u0161t\u00e1tny in\u0161tit\u00fat odborn\u00e9ho vzdel\u00e1vania","url":"https:\/\/archiv.siov.sk\/","logo":{"@type":"ImageObject","inLanguage":"en-GB","@id":"https:\/\/archiv.siov.sk\/#\/schema\/logo\/image\/","url":"https:\/\/archiv.siov.sk\/wp-content\/uploads\/2024\/02\/logo-SIOV.png","contentUrl":"https:\/\/archiv.siov.sk\/wp-content\/uploads\/2024\/02\/logo-SIOV.png","width":431,"height":143,"caption":"\u0160IOV - \u0161t\u00e1tny in\u0161tit\u00fat odborn\u00e9ho vzdel\u00e1vania"},"image":{"@id":"https:\/\/archiv.siov.sk\/#\/schema\/logo\/image\/"},"sameAs":["https:\/\/www.facebook.com\/Statnyinstitutodbornehovzdelavania"]},{"@type":"Person","@id":"https:\/\/archiv.siov.sk\/#\/schema\/person\/e42d633fbd958c6a726e8834d8965e6c","name":"Katar\u00edna Kov\u00e1\u010dov\u00e1","url":"https:\/\/archiv.siov.sk\/en\/author\/katkakovacova\/"}]}},"_links":{"self":[{"href":"https:\/\/archiv.siov.sk\/en\/wp-json\/wp\/v2\/posts\/16766","targetHints":{"allow":["GET"]}}],"collection":[{"href":"https:\/\/archiv.siov.sk\/en\/wp-json\/wp\/v2\/posts"}],"about":[{"href":"https:\/\/archiv.siov.sk\/en\/wp-json\/wp\/v2\/types\/post"}],"author":[{"embeddable":true,"href":"https:\/\/archiv.siov.sk\/en\/wp-json\/wp\/v2\/users\/6"}],"replies":[{"embeddable":true,"href":"https:\/\/archiv.siov.sk\/en\/wp-json\/wp\/v2\/comments?post=16766"}],"version-history":[{"count":3,"href":"https:\/\/archiv.siov.sk\/en\/wp-json\/wp\/v2\/posts\/16766\/revisions"}],"predecessor-version":[{"id":16801,"href":"https:\/\/archiv.siov.sk\/en\/wp-json\/wp\/v2\/posts\/16766\/revisions\/16801"}],"wp:featuredmedia":[{"embeddable":true,"href":"https:\/\/archiv.siov.sk\/en\/wp-json\/wp\/v2\/media\/16768"}],"wp:attachment":[{"href":"https:\/\/archiv.siov.sk\/en\/wp-json\/wp\/v2\/media?parent=16766"}],"wp:term":[{"taxonomy":"category","embeddable":true,"href":"https:\/\/archiv.siov.sk\/en\/wp-json\/wp\/v2\/categories?post=16766"},{"taxonomy":"post_tag","embeddable":true,"href":"https:\/\/archiv.siov.sk\/en\/wp-json\/wp\/v2\/tags?post=16766"}],"curies":[{"name":"wp","href":"https:\/\/api.w.org\/{rel}","templated":true}]}}