{"id":16551,"date":"2024-09-27T15:24:34","date_gmt":"2024-09-27T13:24:34","guid":{"rendered":"https:\/\/archiv.siov.sk\/?p=16551"},"modified":"2024-09-30T10:12:01","modified_gmt":"2024-09-30T08:12:01","slug":"festival-zrucnosti-2024-2","status":"publish","type":"post","link":"https:\/\/archiv.siov.sk\/en\/festival-zrucnosti-2024-2\/","title":{"rendered":"Festival zru\u010dnost\u00ed 2024: Pr\u00edbehy talentov, technol\u00f3gie a vzdel\u00e1vacie aktivity pre v\u0161etk\u00fdch"},"content":{"rendered":"<p>Festival zru\u010dnost\u00ed 2024 priniesol t\u00fd\u017ede\u0148 pln\u00fd in\u0161pirat\u00edvnych podujat\u00ed, predn\u00e1\u0161ok, praktick\u00fdch uk\u00e1\u017eok a projektov, ktor\u00e9 spojili odborn\u00edkov, \u0161tudentov a verejnos\u0165 z cel\u00e9ho Slovenska. S mno\u017estvom vzdel\u00e1vac\u00edch aktiv\u00edt sme sa dotkli \u0161irokej \u0161k\u00e1ly t\u00e9m od technol\u00f3gi\u00ed, inov\u00e1ci\u00ed a\u017e po rozvoj praktick\u00fdch zru\u010dnost\u00ed.<\/p>\n<p><strong>Bud\u00facnos\u0165 vzdel\u00e1vania: technol\u00f3gie, inov\u00e1cie a zru\u010dnosti<\/strong><\/p>\n<p>Jedn\u00fdm z hlavn\u00fdch bodov programu bola <a href=\"https:\/\/archiv.siov.sk\/en\/otvaracia-konferencia-festivalu-zrucnosti\/\" target=\"_blank\" rel=\"noopener\"><em>konferencia<\/em><\/a>, ktor\u00e1 otvorila diskusie o modern\u00fdch trendoch v odbornom a celo\u017eivotnom vzdel\u00e1van\u00ed. Hlavn\u00e9 t\u00e9my sa t\u00fdkali bud\u00facnosti vzdel\u00e1vania, vyu\u017eitia umelej inteligencie, etick\u00fdch ot\u00e1zok vo v\u00fdskume a zmen\u00e1ch, ktor\u00e9 prin\u00e1\u0161a zelen\u00e1 a digit\u00e1lna transform\u00e1cia. Odborn\u00edci sa venovali aj n\u00e1rokom pracovn\u00e9ho trhu na nov\u00e9 zru\u010dnosti.<\/p>\n<p><img fetchpriority=\"high\" decoding=\"async\" class=\"alignnone wp-image-16514\" src=\"https:\/\/archiv.siov.sk\/wp-content\/uploads\/2024\/09\/DSC_6777-300x200.jpg\" alt=\"gallova hadar \u0161iov\" width=\"450\" height=\"300\" srcset=\"https:\/\/archiv.siov.sk\/wp-content\/uploads\/2024\/09\/DSC_6777-300x200.jpg 300w, https:\/\/archiv.siov.sk\/wp-content\/uploads\/2024\/09\/DSC_6777-1024x682.jpg 1024w, https:\/\/archiv.siov.sk\/wp-content\/uploads\/2024\/09\/DSC_6777-768x512.jpg 768w, https:\/\/archiv.siov.sk\/wp-content\/uploads\/2024\/09\/DSC_6777-1536x1024.jpg 1536w, https:\/\/archiv.siov.sk\/wp-content\/uploads\/2024\/09\/DSC_6777-18x12.jpg 18w, https:\/\/archiv.siov.sk\/wp-content\/uploads\/2024\/09\/DSC_6777-272x182.jpg 272w, https:\/\/archiv.siov.sk\/wp-content\/uploads\/2024\/09\/DSC_6777.jpg 1670w\" sizes=\"(max-width: 450px) 100vw, 450px\" \/>\u00a0 \u00a0 <img decoding=\"async\" class=\"alignnone wp-image-16545\" src=\"https:\/\/archiv.siov.sk\/wp-content\/uploads\/2024\/09\/DSC_6853-300x200.jpg\" alt=\"konferencia Festival zru\u010dnost\u00ed\" width=\"450\" height=\"300\" srcset=\"https:\/\/archiv.siov.sk\/wp-content\/uploads\/2024\/09\/DSC_6853-300x200.jpg 300w, https:\/\/archiv.siov.sk\/wp-content\/uploads\/2024\/09\/DSC_6853-1024x682.jpg 1024w, https:\/\/archiv.siov.sk\/wp-content\/uploads\/2024\/09\/DSC_6853-768x512.jpg 768w, https:\/\/archiv.siov.sk\/wp-content\/uploads\/2024\/09\/DSC_6853-1536x1024.jpg 1536w, https:\/\/archiv.siov.sk\/wp-content\/uploads\/2024\/09\/DSC_6853-18x12.jpg 18w, https:\/\/archiv.siov.sk\/wp-content\/uploads\/2024\/09\/DSC_6853-272x182.jpg 272w, https:\/\/archiv.siov.sk\/wp-content\/uploads\/2024\/09\/DSC_6853.jpg 1670w\" sizes=\"(max-width: 450px) 100vw, 450px\" \/><\/p>\n<p><strong>Sal\u00f3n technol\u00f3gi\u00ed: inovat\u00edvne projekty v praxi<\/strong><\/p>\n<p>Po\u010das <em>Sal\u00f3nu technol\u00f3gi\u00ed<\/em> mohli n\u00e1v\u0161tevn\u00edci vidie\u0165 mno\u017estvo inovat\u00edvnych projektov, ktor\u00e9 demon\u0161trovali mo\u017enosti vyu\u017eitia virtu\u00e1lnej a zmie\u0161anej reality vo v\u00fdu\u010dbe. Fakulta bezpe\u010dnostn\u00e9ho in\u017einierstva na \u017dilinskej univerzite predviedla simul\u00e1cie hasenia po\u017eiarov a BOZP tr\u00e9ningu, zatia\u013e \u010do spolo\u010dnos\u0165 Virtubea umo\u017enila vysk\u00fa\u0161a\u0165 si virtu\u00e1lne lakovanie a zv\u00e1ranie.<\/p>\n<p><img decoding=\"async\" class=\"alignnone wp-image-16548\" src=\"https:\/\/archiv.siov.sk\/wp-content\/uploads\/2024\/09\/DSC_7485-300x200.jpg\" alt=\"uniza\" width=\"450\" height=\"300\" srcset=\"https:\/\/archiv.siov.sk\/wp-content\/uploads\/2024\/09\/DSC_7485-300x200.jpg 300w, https:\/\/archiv.siov.sk\/wp-content\/uploads\/2024\/09\/DSC_7485-1024x683.jpg 1024w, https:\/\/archiv.siov.sk\/wp-content\/uploads\/2024\/09\/DSC_7485-768x512.jpg 768w, https:\/\/archiv.siov.sk\/wp-content\/uploads\/2024\/09\/DSC_7485-18x12.jpg 18w, https:\/\/archiv.siov.sk\/wp-content\/uploads\/2024\/09\/DSC_7485-272x182.jpg 272w, https:\/\/archiv.siov.sk\/wp-content\/uploads\/2024\/09\/DSC_7485.jpg 1392w\" sizes=\"(max-width: 450px) 100vw, 450px\" \/>\u00a0 \u00a0 <img loading=\"lazy\" decoding=\"async\" class=\"alignnone wp-image-16549\" src=\"https:\/\/archiv.siov.sk\/wp-content\/uploads\/2024\/09\/DSC_7531-300x200.jpg\" alt=\"virtubea havlicek\" width=\"450\" height=\"300\" srcset=\"https:\/\/archiv.siov.sk\/wp-content\/uploads\/2024\/09\/DSC_7531-300x200.jpg 300w, https:\/\/archiv.siov.sk\/wp-content\/uploads\/2024\/09\/DSC_7531-1024x683.jpg 1024w, https:\/\/archiv.siov.sk\/wp-content\/uploads\/2024\/09\/DSC_7531-768x512.jpg 768w, https:\/\/archiv.siov.sk\/wp-content\/uploads\/2024\/09\/DSC_7531-18x12.jpg 18w, https:\/\/archiv.siov.sk\/wp-content\/uploads\/2024\/09\/DSC_7531-272x182.jpg 272w, https:\/\/archiv.siov.sk\/wp-content\/uploads\/2024\/09\/DSC_7531.jpg 1392w\" sizes=\"(max-width: 450px) 100vw, 450px\" \/><\/p>\n<p>Pavel Doln\u00edk zo Strednej priemyselnej \u0161koly strojn\u00edckej v Bratislave predstavil aplik\u00e1ciu Infomat, ako vhodn\u00fd u\u010debn\u00fd materi\u00e1l pre \u017eiakov stredn\u00fdch \u0161k\u00f4l, ktor\u00e1 podporuje rozvoj kritick\u00e9ho myslenia a medi\u00e1lnej gramotnosti. Vysvetlil tie\u017e, ako ju m\u00f4\u017eu u\u010ditelia zakomponova\u0165 do u\u010debn\u00fdch osnov. Veronika Hube\u0148\u00e1kov\u00e1 z UPJ\u0160 Ko\u0161ice predstavila projekt DiTEdu zameran\u00fd na digit\u00e1lnu transform\u00e1ciu \u0161k\u00f4l, ktor\u00fd m\u00e1 zabezpe\u010di\u0165 kvalitn\u00e9 vyu\u017e\u00edvanie digit\u00e1lnych technol\u00f3gi\u00ed v \u0161kol\u00e1ch.<\/p>\n<p>Z\u00e1ujem vyvolali aj predn\u00e1\u0161ky o kybernetickej bezpe\u010dnosti od vl\u00e1dnej jednotky CSIRT, prezent\u00e1cia n\u00e1u\u010dn\u00fdch hier pre zlep\u0161enie vzdel\u00e1vacieho procesu od Belindy Ra\u0161nerovej z Impact Games a z\u00e1\u017eitkov\u00e9 e-learningy od Honzu Slo\u017eila. R\u00f3bert \u0160tub\u0148a predstavil projekt REPowerEU, ktor\u00e9ho cie\u013eom je o.i. vzdel\u00e1va\u0165 \u017eiakov v oblasti zelen\u00fdch zru\u010dnost\u00ed.<\/p>\n<p><img loading=\"lazy\" decoding=\"async\" class=\"alignnone wp-image-16547\" src=\"https:\/\/archiv.siov.sk\/wp-content\/uploads\/2024\/09\/DSC_7323-300x200.jpg\" alt=\"csirt\" width=\"450\" height=\"300\" srcset=\"https:\/\/archiv.siov.sk\/wp-content\/uploads\/2024\/09\/DSC_7323-300x200.jpg 300w, https:\/\/archiv.siov.sk\/wp-content\/uploads\/2024\/09\/DSC_7323-1024x683.jpg 1024w, https:\/\/archiv.siov.sk\/wp-content\/uploads\/2024\/09\/DSC_7323-768x512.jpg 768w, https:\/\/archiv.siov.sk\/wp-content\/uploads\/2024\/09\/DSC_7323-18x12.jpg 18w, https:\/\/archiv.siov.sk\/wp-content\/uploads\/2024\/09\/DSC_7323-272x182.jpg 272w, https:\/\/archiv.siov.sk\/wp-content\/uploads\/2024\/09\/DSC_7323.jpg 1392w\" sizes=\"(max-width: 450px) 100vw, 450px\" \/>\u00a0 \u00a0 <img loading=\"lazy\" decoding=\"async\" class=\"alignnone wp-image-16553\" src=\"https:\/\/archiv.siov.sk\/wp-content\/uploads\/2024\/09\/DSC_7698-300x200.jpg\" alt=\"\u0161tub\u0148a repower\" width=\"450\" height=\"300\" srcset=\"https:\/\/archiv.siov.sk\/wp-content\/uploads\/2024\/09\/DSC_7698-300x200.jpg 300w, https:\/\/archiv.siov.sk\/wp-content\/uploads\/2024\/09\/DSC_7698-1024x683.jpg 1024w, https:\/\/archiv.siov.sk\/wp-content\/uploads\/2024\/09\/DSC_7698-768x512.jpg 768w, https:\/\/archiv.siov.sk\/wp-content\/uploads\/2024\/09\/DSC_7698-18x12.jpg 18w, https:\/\/archiv.siov.sk\/wp-content\/uploads\/2024\/09\/DSC_7698-272x182.jpg 272w, https:\/\/archiv.siov.sk\/wp-content\/uploads\/2024\/09\/DSC_7698.jpg 1392w\" sizes=\"(max-width: 450px) 100vw, 450px\" \/><\/p>\n<p><strong>\u0160tudenti, ktor\u00ed menia svet<\/strong><\/p>\n<p>\u0160tvrtkov\u00fd program <em>Akad\u00e9mie stredo\u0161kolsk\u00fdch talentov<\/em> bol jedn\u00fdm z najin\u0161pirat\u00edvnej\u0161\u00edch momentov festivalu. Mlad\u00e1 gener\u00e1cia uk\u00e1zala, \u017ee m\u00e1 jasn\u00fa v\u00edziu o tom, v akom svete chce \u017ei\u0165 a je pripraven\u00e1 prevzia\u0165 zodpovednos\u0165 za jeho formovanie. \u0160tudenti odborn\u00fdch \u0161k\u00f4l predviedli, ako sa po\u010das \u0161t\u00fadia akt\u00edvne zap\u00e1jali do s\u00fa\u0165a\u017e\u00ed, rozv\u00edjali vlastn\u00e9 projekty, zakladali firmy a prin\u00e1\u0161ali inovat\u00edvne rie\u0161enia \u2013 od v\u00fdvoja aplik\u00e1ci\u00ed a\u017e po ekologick\u00e9 iniciat\u00edvy. Ich pr\u00edbehy sa stali in\u0161pir\u00e1ciou pre mlad\u0161\u00edch spolu\u017eiakov, aby sa neb\u00e1li vyda\u0165 na podobn\u00fa cestu a vyu\u017ei\u0165 pr\u00edle\u017eitosti, ktor\u00e9 im \u0161kolstvo a svet pon\u00fakaj\u00fa.<\/p>\n<p><img loading=\"lazy\" decoding=\"async\" class=\"alignnone wp-image-16556\" src=\"https:\/\/archiv.siov.sk\/wp-content\/uploads\/2024\/09\/siov_festival_zrucnosti-300x200.jpg\" alt=\"akademia_s\u0161_talentov_\u0161iov\" width=\"450\" height=\"300\" srcset=\"https:\/\/archiv.siov.sk\/wp-content\/uploads\/2024\/09\/siov_festival_zrucnosti-300x200.jpg 300w, https:\/\/archiv.siov.sk\/wp-content\/uploads\/2024\/09\/siov_festival_zrucnosti-1024x683.jpg 1024w, https:\/\/archiv.siov.sk\/wp-content\/uploads\/2024\/09\/siov_festival_zrucnosti-768x512.jpg 768w, https:\/\/archiv.siov.sk\/wp-content\/uploads\/2024\/09\/siov_festival_zrucnosti-18x12.jpg 18w, https:\/\/archiv.siov.sk\/wp-content\/uploads\/2024\/09\/siov_festival_zrucnosti-272x182.jpg 272w, https:\/\/archiv.siov.sk\/wp-content\/uploads\/2024\/09\/siov_festival_zrucnosti.jpg 1392w\" sizes=\"(max-width: 450px) 100vw, 450px\" \/>\u00a0 \u00a0 <img loading=\"lazy\" decoding=\"async\" class=\"alignnone wp-image-16555\" src=\"https:\/\/archiv.siov.sk\/wp-content\/uploads\/2024\/09\/DSC_7930-300x200.jpg\" alt=\"akad\u00e9mia_talentov_festival_zru\u010dnost\u00ed\" width=\"450\" height=\"300\" srcset=\"https:\/\/archiv.siov.sk\/wp-content\/uploads\/2024\/09\/DSC_7930-300x200.jpg 300w, https:\/\/archiv.siov.sk\/wp-content\/uploads\/2024\/09\/DSC_7930-1024x683.jpg 1024w, https:\/\/archiv.siov.sk\/wp-content\/uploads\/2024\/09\/DSC_7930-768x512.jpg 768w, https:\/\/archiv.siov.sk\/wp-content\/uploads\/2024\/09\/DSC_7930-18x12.jpg 18w, https:\/\/archiv.siov.sk\/wp-content\/uploads\/2024\/09\/DSC_7930-272x182.jpg 272w, https:\/\/archiv.siov.sk\/wp-content\/uploads\/2024\/09\/DSC_7930.jpg 1392w\" sizes=\"(max-width: 450px) 100vw, 450px\" \/><\/p>\n<p><strong>Vzdel\u00e1vacie aktivity pre \u0161irok\u00fa verejnos\u0165<\/strong><\/p>\n<p>Po\u010das cel\u00e9ho t\u00fd\u017ed\u0148a mali n\u00e1v\u0161tevn\u00edci mo\u017enos\u0165 zapoji\u0165 sa do vzdel\u00e1vac\u00edch aktiv\u00edt organizovan\u00fdch na\u0161imi partnermi zo vzdel\u00e1vac\u00edch organiz\u00e1ci\u00ed a ob\u010dianskych zdru\u017een\u00ed. Program zah\u0155\u0148al \u0161irok\u00fa \u0161k\u00e1lu t\u00e9m \u2013 od rozvoja digit\u00e1lnych zru\u010dnost\u00ed, kari\u00e9rov\u00e9ho poradenstva, grafick\u00e9ho dizajnu, projektov\u00e9ho riadenia a\u017e po workshopy zameran\u00e9 na prezenta\u010dn\u00e9 zru\u010dnosti, fotografovanie a kritick\u00e9 myslenie.<\/p>\n<p><strong>Po\u010fakovanie partnerom<\/strong><\/p>\n<p>Radi by sme po\u010fakovali v\u0161etk\u00fdm, ktor\u00ed prijali na\u0161e pozvanie a vyst\u00fapili s d\u00f4le\u017eit\u00fdmi t\u00e9mami pre bud\u00facnos\u0165 vzdel\u00e1vania. Po\u010das pondelka a stredy sme na p\u00f3di\u00e1ch priv\u00edtali 19 skvel\u00fdch sp\u00edkrov a vo \u0161tvrtok v <em>Space up centre<\/em> vyst\u00fapili \u0161tudenti so svojimi kreat\u00edvnymi n\u00e1padmi, v\u00fdnimo\u010dn\u00fdmi vedomos\u0165ami a praktick\u00fdmi zru\u010dnos\u0165ami, ktor\u00e9 maj\u00fa potenci\u00e1l meni\u0165 svet k lep\u0161iemu.<\/p>\n<p>Ve\u013emi si v\u00e1\u017eime podporu viac ako 40 partnerov, z ktor\u00fdch v\u00e4\u010d\u0161ina prispela k roz\u0161\u00edreniu festivalu po celom Slovensku organizovan\u00edm vzdel\u00e1vac\u00edch aktiv\u00edt vo svojich mest\u00e1ch alebo online. \u010eakujeme, \u017ee ste sa stali s\u00fa\u010das\u0165ou tohto v\u00fdnimo\u010dn\u00e9ho podujatia, a ver\u00edme, \u017ee na\u0161a \u00faspe\u0161n\u00e1 spolupr\u00e1ca bude pokra\u010dova\u0165 aj v bud\u00facnosti.<\/p>\n<p>&nbsp;<\/p>\n<p>Pre\u010d\u00edtajte si viac:<\/p>\n<p>\u010cl\u00e1nok s\u00a0organiz\u00e1torkami festivalu na aktuality.sk: <a href=\"https:\/\/www.aktuality.sk\/clanok\/cAx9yXO\/lubica-gallova-ovladanie-roznych-typov-zrucnosti-vedie-k-osobnej-odolnosti-aj-pri-zvladani-tlaku-sucasnej-spolocnosti-rozhovor\/\">https:\/\/www.aktuality.sk\/clanok\/cAx9yXO\/lubica-gallova-ovladanie-roznych-typov-zrucnosti-vedie-k-osobnej-odolnosti-aj-pri-zvladani-tlaku-sucasnej-spolocnosti-rozhovor\/<\/a><\/p>\n<p>Report\u00e1\u017e R\u00e1dia Slovensko zo Sal\u00f3nu technol\u00f3gi\u00ed: <a href=\"https:\/\/slovensko.rtvs.sk\/clanky\/vzdelavanie\/377660\/festival-zrucnosti-o-inovaciach-vo-vzdelavani?fbclid=IwY2xjawFl-ExleHRuA2FlbQIxMAABHR8lIAMHCMwt8TkbtPvIgLGY34VSey1LLXD68I9unqgtvPpn2roiVSxTeA_aem_GvBMgd6j5Ev6mNrLICqtJQ\">https:\/\/slovensko.rtvs.sk\/clanky\/vzdelavanie\/377660\/festival-zrucnosti-o-inovaciach-vo-vzdelavani?fbclid=IwY2xjawFl-ExleHRuA2FlbQIxMAABHR8lIAMHCMwt8TkbtPvIgLGY34VSey1LLXD68I9unqgtvPpn2roiVSxTeA_aem_GvBMgd6j5Ev6mNrLICqtJQ<\/a><\/p>\n<p>\u010cl\u00e1nok na port\u00e1li \u0161kolsk\u00e9.sk prevzat\u00fd z\u00a0TASR: <a href=\"https:\/\/www.skolske.sk\/clanok\/62216\/salon-technologii-v-bratislave-predstavil-trendy-v-digitalizacii-vzdelavania\">https:\/\/www.skolske.sk\/clanok\/62216\/salon-technologii-v-bratislave-predstavil-trendy-v-digitalizacii-vzdelavania\u00a0<\/a><\/p>\n<p><img loading=\"lazy\" decoding=\"async\" class=\"wp-image-16559 aligncenter\" src=\"https:\/\/archiv.siov.sk\/wp-content\/uploads\/2024\/09\/partneri_festivalu_zrucnosti-1-300x199.png\" alt=\"partneri festivalu zru\u010dnost\u00ed\" width=\"500\" height=\"331\" srcset=\"https:\/\/archiv.siov.sk\/wp-content\/uploads\/2024\/09\/partneri_festivalu_zrucnosti-1-300x199.png 300w, https:\/\/archiv.siov.sk\/wp-content\/uploads\/2024\/09\/partneri_festivalu_zrucnosti-1-1024x678.png 1024w, https:\/\/archiv.siov.sk\/wp-content\/uploads\/2024\/09\/partneri_festivalu_zrucnosti-1-768x508.png 768w, https:\/\/archiv.siov.sk\/wp-content\/uploads\/2024\/09\/partneri_festivalu_zrucnosti-1-18x12.png 18w, https:\/\/archiv.siov.sk\/wp-content\/uploads\/2024\/09\/partneri_festivalu_zrucnosti-1.png 1336w\" sizes=\"(max-width: 500px) 100vw, 500px\" \/><\/p>\n<p><img loading=\"lazy\" decoding=\"async\" class=\"aligncenter wp-image-16561\" src=\"https:\/\/archiv.siov.sk\/wp-content\/uploads\/2024\/09\/Copy-of-SK-Spolufinancovany-Europskou-uniou_PANTONE-300x66.jpg\" alt=\"spolufinancovan\u00fd EU\" width=\"200\" height=\"44\" srcset=\"https:\/\/archiv.siov.sk\/wp-content\/uploads\/2024\/09\/Copy-of-SK-Spolufinancovany-Europskou-uniou_PANTONE-300x66.jpg 300w, https:\/\/archiv.siov.sk\/wp-content\/uploads\/2024\/09\/Copy-of-SK-Spolufinancovany-Europskou-uniou_PANTONE-1024x226.jpg 1024w, https:\/\/archiv.siov.sk\/wp-content\/uploads\/2024\/09\/Copy-of-SK-Spolufinancovany-Europskou-uniou_PANTONE-768x170.jpg 768w, https:\/\/archiv.siov.sk\/wp-content\/uploads\/2024\/09\/Copy-of-SK-Spolufinancovany-Europskou-uniou_PANTONE-1536x339.jpg 1536w, https:\/\/archiv.siov.sk\/wp-content\/uploads\/2024\/09\/Copy-of-SK-Spolufinancovany-Europskou-uniou_PANTONE-2048x452.jpg 2048w, https:\/\/archiv.siov.sk\/wp-content\/uploads\/2024\/09\/Copy-of-SK-Spolufinancovany-Europskou-uniou_PANTONE-18x4.jpg 18w\" sizes=\"(max-width: 200px) 100vw, 200px\" \/><\/p>","protected":false},"excerpt":{"rendered":"<p>Festival zru\u010dnost\u00ed 2024 priniesol t\u00fd\u017ede\u0148 pln\u00fd in\u0161pirat\u00edvnych podujat\u00ed, predn\u00e1\u0161ok, praktick\u00fdch uk\u00e1\u017eok a projektov, ktor\u00e9 spojili odborn\u00edkov, \u0161tudentov a verejnos\u0165 z cel\u00e9ho Slovenska. S mno\u017estvom vzdel\u00e1vac\u00edch aktiv\u00edt sme sa dotkli \u0161irokej \u0161k\u00e1ly t\u00e9m od technol\u00f3gi\u00ed, inov\u00e1ci\u00ed a\u017e po rozvoj praktick\u00fdch zru\u010dnost\u00ed. Bud\u00facnos\u0165 vzdel\u00e1vania: technol\u00f3gie, inov\u00e1cie a zru\u010dnosti Jedn\u00fdm z hlavn\u00fdch bodov programu bola konferencia, ktor\u00e1 otvorila [&hellip;]<\/p>\n","protected":false},"author":10,"featured_media":16550,"comment_status":"closed","ping_status":"closed","sticky":false,"template":"","format":"standard","meta":{"site-sidebar-layout":"default","site-content-layout":"","ast-site-content-layout":"default","site-content-style":"default","site-sidebar-style":"default","ast-global-header-display":"","ast-banner-title-visibility":"","ast-main-header-display":"","ast-hfb-above-header-display":"","ast-hfb-below-header-display":"","ast-hfb-mobile-header-display":"","site-post-title":"","ast-breadcrumbs-content":"","ast-featured-img":"","footer-sml-layout":"","ast-disable-related-posts":"","theme-transparent-header-meta":"default","adv-header-id-meta":"","stick-header-meta":"default","header-above-stick-meta":"","header-main-stick-meta":"","header-below-stick-meta":"","astra-migrate-meta-layouts":"set","ast-page-background-enabled":"default","ast-page-background-meta":{"desktop":{"background-color":"var(--ast-global-color-4)","background-image":"","background-repeat":"repeat","background-position":"center center","background-size":"auto","background-attachment":"scroll","background-type":"","background-media":"","overlay-type":"","overlay-color":"","overlay-opacity":"","overlay-gradient":""},"tablet":{"background-color":"","background-image":"","background-repeat":"repeat","background-position":"center center","background-size":"auto","background-attachment":"scroll","background-type":"","background-media":"","overlay-type":"","overlay-color":"","overlay-opacity":"","overlay-gradient":""},"mobile":{"background-color":"","background-image":"","background-repeat":"repeat","background-position":"center center","background-size":"auto","background-attachment":"scroll","background-type":"","background-media":"","overlay-type":"","overlay-color":"","overlay-opacity":"","overlay-gradient":""}},"ast-content-background-meta":{"desktop":{"background-color":"var(--ast-global-color-5)","background-image":"","background-repeat":"repeat","background-position":"center center","background-size":"auto","background-attachment":"scroll","background-type":"","background-media":"","overlay-type":"","overlay-color":"","overlay-opacity":"","overlay-gradient":""},"tablet":{"background-color":"var(--ast-global-color-5)","background-image":"","background-repeat":"repeat","background-position":"center center","background-size":"auto","background-attachment":"scroll","background-type":"","background-media":"","overlay-type":"","overlay-color":"","overlay-opacity":"","overlay-gradient":""},"mobile":{"background-color":"var(--ast-global-color-5)","background-image":"","background-repeat":"repeat","background-position":"center center","background-size":"auto","background-attachment":"scroll","background-type":"","background-media":"","overlay-type":"","overlay-color":"","overlay-opacity":"","overlay-gradient":""}},"footnotes":""},"categories":[1],"tags":[],"class_list":["post-16551","post","type-post","status-publish","format-standard","has-post-thumbnail","hentry","category-aktuality"],"yoast_head":"<!-- This site is optimized with the Yoast SEO plugin v27.5 - https:\/\/yoast.com\/product\/yoast-seo-wordpress\/ -->\n<title>Festival zru\u010dnost\u00ed 2024: Pr\u00edbehy talentov, technol\u00f3gie a vzdel\u00e1vacie aktivity pre v\u0161etk\u00fdch - \u0160IOV - \u0161t\u00e1tny in\u0161tit\u00fat odborn\u00e9ho vzdel\u00e1vania<\/title>\n<meta name=\"robots\" content=\"index, follow, max-snippet:-1, max-image-preview:large, max-video-preview:-1\" \/>\n<link rel=\"canonical\" href=\"https:\/\/archiv.siov.sk\/en\/festival-zrucnosti-2024-2\/\" \/>\n<meta property=\"og:locale\" content=\"en_GB\" \/>\n<meta property=\"og:type\" content=\"article\" \/>\n<meta property=\"og:title\" content=\"Festival zru\u010dnost\u00ed 2024: Pr\u00edbehy talentov, technol\u00f3gie a vzdel\u00e1vacie aktivity pre v\u0161etk\u00fdch - \u0160IOV - \u0161t\u00e1tny in\u0161tit\u00fat odborn\u00e9ho vzdel\u00e1vania\" \/>\n<meta property=\"og:description\" content=\"Festival zru\u010dnost\u00ed 2024 priniesol t\u00fd\u017ede\u0148 pln\u00fd in\u0161pirat\u00edvnych podujat\u00ed, predn\u00e1\u0161ok, praktick\u00fdch uk\u00e1\u017eok a projektov, ktor\u00e9 spojili odborn\u00edkov, \u0161tudentov a verejnos\u0165 z cel\u00e9ho Slovenska. S mno\u017estvom vzdel\u00e1vac\u00edch aktiv\u00edt sme sa dotkli \u0161irokej \u0161k\u00e1ly t\u00e9m od technol\u00f3gi\u00ed, inov\u00e1ci\u00ed a\u017e po rozvoj praktick\u00fdch zru\u010dnost\u00ed. Bud\u00facnos\u0165 vzdel\u00e1vania: technol\u00f3gie, inov\u00e1cie a zru\u010dnosti Jedn\u00fdm z hlavn\u00fdch bodov programu bola konferencia, ktor\u00e1 otvorila [&hellip;]\" \/>\n<meta property=\"og:url\" content=\"https:\/\/archiv.siov.sk\/en\/festival-zrucnosti-2024-2\/\" \/>\n<meta property=\"og:site_name\" content=\"\u0160IOV - \u0161t\u00e1tny in\u0161tit\u00fat odborn\u00e9ho vzdel\u00e1vania\" \/>\n<meta property=\"article:publisher\" content=\"https:\/\/www.facebook.com\/Statnyinstitutodbornehovzdelavania\" \/>\n<meta property=\"article:published_time\" content=\"2024-09-27T13:24:34+00:00\" \/>\n<meta property=\"article:modified_time\" content=\"2024-09-30T08:12:01+00:00\" \/>\n<meta property=\"og:image\" content=\"https:\/\/archiv.siov.sk\/wp-content\/uploads\/2024\/09\/DSC_7680.jpg\" \/>\n\t<meta property=\"og:image:width\" content=\"1392\" \/>\n\t<meta property=\"og:image:height\" content=\"928\" \/>\n\t<meta property=\"og:image:type\" content=\"image\/jpeg\" \/>\n<meta name=\"author\" content=\"Gabriela Budayov\u00e1\" \/>\n<meta name=\"twitter:card\" content=\"summary_large_image\" \/>\n<meta name=\"twitter:label1\" content=\"Written by\" \/>\n\t<meta name=\"twitter:data1\" content=\"Gabriela Budayov\u00e1\" \/>\n\t<meta name=\"twitter:label2\" content=\"Estimated reading time\" \/>\n\t<meta name=\"twitter:data2\" content=\"6 minutes\" \/>\n<script type=\"application\/ld+json\" class=\"yoast-schema-graph\">{\"@context\":\"https:\\\/\\\/schema.org\",\"@graph\":[{\"@type\":\"Article\",\"@id\":\"https:\\\/\\\/archiv.siov.sk\\\/festival-zrucnosti-2024-2\\\/#article\",\"isPartOf\":{\"@id\":\"https:\\\/\\\/archiv.siov.sk\\\/festival-zrucnosti-2024-2\\\/\"},\"author\":{\"name\":\"Gabriela Budayov\u00e1\",\"@id\":\"https:\\\/\\\/archiv.siov.sk\\\/#\\\/schema\\\/person\\\/2d35146a9c0fa51b027e8ff319cee627\"},\"headline\":\"Festival zru\u010dnost\u00ed 2024: Pr\u00edbehy talentov, technol\u00f3gie a vzdel\u00e1vacie aktivity pre v\u0161etk\u00fdch\",\"datePublished\":\"2024-09-27T13:24:34+00:00\",\"dateModified\":\"2024-09-30T08:12:01+00:00\",\"mainEntityOfPage\":{\"@id\":\"https:\\\/\\\/archiv.siov.sk\\\/festival-zrucnosti-2024-2\\\/\"},\"wordCount\":806,\"publisher\":{\"@id\":\"https:\\\/\\\/archiv.siov.sk\\\/#organization\"},\"image\":{\"@id\":\"https:\\\/\\\/archiv.siov.sk\\\/festival-zrucnosti-2024-2\\\/#primaryimage\"},\"thumbnailUrl\":\"https:\\\/\\\/archiv.siov.sk\\\/wp-content\\\/uploads\\\/2024\\\/09\\\/DSC_7680.jpg\",\"articleSection\":[\"Aktuality\"],\"inLanguage\":\"en-GB\"},{\"@type\":\"WebPage\",\"@id\":\"https:\\\/\\\/archiv.siov.sk\\\/festival-zrucnosti-2024-2\\\/\",\"url\":\"https:\\\/\\\/archiv.siov.sk\\\/festival-zrucnosti-2024-2\\\/\",\"name\":\"Festival zru\u010dnost\u00ed 2024: Pr\u00edbehy talentov, technol\u00f3gie a vzdel\u00e1vacie aktivity pre v\u0161etk\u00fdch - \u0160IOV - \u0161t\u00e1tny in\u0161tit\u00fat odborn\u00e9ho vzdel\u00e1vania\",\"isPartOf\":{\"@id\":\"https:\\\/\\\/archiv.siov.sk\\\/#website\"},\"primaryImageOfPage\":{\"@id\":\"https:\\\/\\\/archiv.siov.sk\\\/festival-zrucnosti-2024-2\\\/#primaryimage\"},\"image\":{\"@id\":\"https:\\\/\\\/archiv.siov.sk\\\/festival-zrucnosti-2024-2\\\/#primaryimage\"},\"thumbnailUrl\":\"https:\\\/\\\/archiv.siov.sk\\\/wp-content\\\/uploads\\\/2024\\\/09\\\/DSC_7680.jpg\",\"datePublished\":\"2024-09-27T13:24:34+00:00\",\"dateModified\":\"2024-09-30T08:12:01+00:00\",\"breadcrumb\":{\"@id\":\"https:\\\/\\\/archiv.siov.sk\\\/festival-zrucnosti-2024-2\\\/#breadcrumb\"},\"inLanguage\":\"en-GB\",\"potentialAction\":[{\"@type\":\"ReadAction\",\"target\":[\"https:\\\/\\\/archiv.siov.sk\\\/festival-zrucnosti-2024-2\\\/\"]}]},{\"@type\":\"ImageObject\",\"inLanguage\":\"en-GB\",\"@id\":\"https:\\\/\\\/archiv.siov.sk\\\/festival-zrucnosti-2024-2\\\/#primaryimage\",\"url\":\"https:\\\/\\\/archiv.siov.sk\\\/wp-content\\\/uploads\\\/2024\\\/09\\\/DSC_7680.jpg\",\"contentUrl\":\"https:\\\/\\\/archiv.siov.sk\\\/wp-content\\\/uploads\\\/2024\\\/09\\\/DSC_7680.jpg\",\"width\":1392,\"height\":928},{\"@type\":\"BreadcrumbList\",\"@id\":\"https:\\\/\\\/archiv.siov.sk\\\/festival-zrucnosti-2024-2\\\/#breadcrumb\",\"itemListElement\":[{\"@type\":\"ListItem\",\"position\":1,\"name\":\"Home\",\"item\":\"https:\\\/\\\/archiv.siov.sk\\\/\"},{\"@type\":\"ListItem\",\"position\":2,\"name\":\"Festival zru\u010dnost\u00ed 2024: Pr\u00edbehy talentov, technol\u00f3gie a vzdel\u00e1vacie aktivity pre v\u0161etk\u00fdch\"}]},{\"@type\":\"WebSite\",\"@id\":\"https:\\\/\\\/archiv.siov.sk\\\/#website\",\"url\":\"https:\\\/\\\/archiv.siov.sk\\\/\",\"name\":\"\u0160IOV - \u0161t\u00e1tny in\u0161tit\u00fat odborn\u00e9ho vzdel\u00e1vania\",\"description\":\"\",\"publisher\":{\"@id\":\"https:\\\/\\\/archiv.siov.sk\\\/#organization\"},\"potentialAction\":[{\"@type\":\"SearchAction\",\"target\":{\"@type\":\"EntryPoint\",\"urlTemplate\":\"https:\\\/\\\/archiv.siov.sk\\\/?s={search_term_string}\"},\"query-input\":{\"@type\":\"PropertyValueSpecification\",\"valueRequired\":true,\"valueName\":\"search_term_string\"}}],\"inLanguage\":\"en-GB\"},{\"@type\":\"Organization\",\"@id\":\"https:\\\/\\\/archiv.siov.sk\\\/#organization\",\"name\":\"\u0160IOV - \u0161t\u00e1tny in\u0161tit\u00fat odborn\u00e9ho vzdel\u00e1vania\",\"url\":\"https:\\\/\\\/archiv.siov.sk\\\/\",\"logo\":{\"@type\":\"ImageObject\",\"inLanguage\":\"en-GB\",\"@id\":\"https:\\\/\\\/archiv.siov.sk\\\/#\\\/schema\\\/logo\\\/image\\\/\",\"url\":\"https:\\\/\\\/archiv.siov.sk\\\/wp-content\\\/uploads\\\/2024\\\/02\\\/logo-SIOV.png\",\"contentUrl\":\"https:\\\/\\\/archiv.siov.sk\\\/wp-content\\\/uploads\\\/2024\\\/02\\\/logo-SIOV.png\",\"width\":431,\"height\":143,\"caption\":\"\u0160IOV - \u0161t\u00e1tny in\u0161tit\u00fat odborn\u00e9ho vzdel\u00e1vania\"},\"image\":{\"@id\":\"https:\\\/\\\/archiv.siov.sk\\\/#\\\/schema\\\/logo\\\/image\\\/\"},\"sameAs\":[\"https:\\\/\\\/www.facebook.com\\\/Statnyinstitutodbornehovzdelavania\"]},{\"@type\":\"Person\",\"@id\":\"https:\\\/\\\/archiv.siov.sk\\\/#\\\/schema\\\/person\\\/2d35146a9c0fa51b027e8ff319cee627\",\"name\":\"Gabriela Budayov\u00e1\",\"url\":\"https:\\\/\\\/archiv.siov.sk\\\/en\\\/author\\\/gabriela-budayova\\\/\"}]}<\/script>\n<!-- \/ Yoast SEO plugin. -->","yoast_head_json":{"title":"Festival zru\u010dnost\u00ed 2024: Pr\u00edbehy talentov, technol\u00f3gie a vzdel\u00e1vacie aktivity pre v\u0161etk\u00fdch - \u0160IOV - \u0161t\u00e1tny in\u0161tit\u00fat odborn\u00e9ho vzdel\u00e1vania","robots":{"index":"index","follow":"follow","max-snippet":"max-snippet:-1","max-image-preview":"max-image-preview:large","max-video-preview":"max-video-preview:-1"},"canonical":"https:\/\/archiv.siov.sk\/en\/festival-zrucnosti-2024-2\/","og_locale":"en_GB","og_type":"article","og_title":"Festival zru\u010dnost\u00ed 2024: Pr\u00edbehy talentov, technol\u00f3gie a vzdel\u00e1vacie aktivity pre v\u0161etk\u00fdch - \u0160IOV - \u0161t\u00e1tny in\u0161tit\u00fat odborn\u00e9ho vzdel\u00e1vania","og_description":"Festival zru\u010dnost\u00ed 2024 priniesol t\u00fd\u017ede\u0148 pln\u00fd in\u0161pirat\u00edvnych podujat\u00ed, predn\u00e1\u0161ok, praktick\u00fdch uk\u00e1\u017eok a projektov, ktor\u00e9 spojili odborn\u00edkov, \u0161tudentov a verejnos\u0165 z cel\u00e9ho Slovenska. S mno\u017estvom vzdel\u00e1vac\u00edch aktiv\u00edt sme sa dotkli \u0161irokej \u0161k\u00e1ly t\u00e9m od technol\u00f3gi\u00ed, inov\u00e1ci\u00ed a\u017e po rozvoj praktick\u00fdch zru\u010dnost\u00ed. Bud\u00facnos\u0165 vzdel\u00e1vania: technol\u00f3gie, inov\u00e1cie a zru\u010dnosti Jedn\u00fdm z hlavn\u00fdch bodov programu bola konferencia, ktor\u00e1 otvorila [&hellip;]","og_url":"https:\/\/archiv.siov.sk\/en\/festival-zrucnosti-2024-2\/","og_site_name":"\u0160IOV - \u0161t\u00e1tny in\u0161tit\u00fat odborn\u00e9ho vzdel\u00e1vania","article_publisher":"https:\/\/www.facebook.com\/Statnyinstitutodbornehovzdelavania","article_published_time":"2024-09-27T13:24:34+00:00","article_modified_time":"2024-09-30T08:12:01+00:00","og_image":[{"width":1392,"height":928,"url":"https:\/\/archiv.siov.sk\/wp-content\/uploads\/2024\/09\/DSC_7680.jpg","type":"image\/jpeg"}],"author":"Gabriela Budayov\u00e1","twitter_card":"summary_large_image","twitter_misc":{"Written by":"Gabriela Budayov\u00e1","Estimated reading time":"6 minutes"},"schema":{"@context":"https:\/\/schema.org","@graph":[{"@type":"Article","@id":"https:\/\/archiv.siov.sk\/festival-zrucnosti-2024-2\/#article","isPartOf":{"@id":"https:\/\/archiv.siov.sk\/festival-zrucnosti-2024-2\/"},"author":{"name":"Gabriela Budayov\u00e1","@id":"https:\/\/archiv.siov.sk\/#\/schema\/person\/2d35146a9c0fa51b027e8ff319cee627"},"headline":"Festival zru\u010dnost\u00ed 2024: Pr\u00edbehy talentov, technol\u00f3gie a vzdel\u00e1vacie aktivity pre v\u0161etk\u00fdch","datePublished":"2024-09-27T13:24:34+00:00","dateModified":"2024-09-30T08:12:01+00:00","mainEntityOfPage":{"@id":"https:\/\/archiv.siov.sk\/festival-zrucnosti-2024-2\/"},"wordCount":806,"publisher":{"@id":"https:\/\/archiv.siov.sk\/#organization"},"image":{"@id":"https:\/\/archiv.siov.sk\/festival-zrucnosti-2024-2\/#primaryimage"},"thumbnailUrl":"https:\/\/archiv.siov.sk\/wp-content\/uploads\/2024\/09\/DSC_7680.jpg","articleSection":["Aktuality"],"inLanguage":"en-GB"},{"@type":"WebPage","@id":"https:\/\/archiv.siov.sk\/festival-zrucnosti-2024-2\/","url":"https:\/\/archiv.siov.sk\/festival-zrucnosti-2024-2\/","name":"Festival zru\u010dnost\u00ed 2024: Pr\u00edbehy talentov, technol\u00f3gie a vzdel\u00e1vacie aktivity pre v\u0161etk\u00fdch - \u0160IOV - \u0161t\u00e1tny in\u0161tit\u00fat odborn\u00e9ho vzdel\u00e1vania","isPartOf":{"@id":"https:\/\/archiv.siov.sk\/#website"},"primaryImageOfPage":{"@id":"https:\/\/archiv.siov.sk\/festival-zrucnosti-2024-2\/#primaryimage"},"image":{"@id":"https:\/\/archiv.siov.sk\/festival-zrucnosti-2024-2\/#primaryimage"},"thumbnailUrl":"https:\/\/archiv.siov.sk\/wp-content\/uploads\/2024\/09\/DSC_7680.jpg","datePublished":"2024-09-27T13:24:34+00:00","dateModified":"2024-09-30T08:12:01+00:00","breadcrumb":{"@id":"https:\/\/archiv.siov.sk\/festival-zrucnosti-2024-2\/#breadcrumb"},"inLanguage":"en-GB","potentialAction":[{"@type":"ReadAction","target":["https:\/\/archiv.siov.sk\/festival-zrucnosti-2024-2\/"]}]},{"@type":"ImageObject","inLanguage":"en-GB","@id":"https:\/\/archiv.siov.sk\/festival-zrucnosti-2024-2\/#primaryimage","url":"https:\/\/archiv.siov.sk\/wp-content\/uploads\/2024\/09\/DSC_7680.jpg","contentUrl":"https:\/\/archiv.siov.sk\/wp-content\/uploads\/2024\/09\/DSC_7680.jpg","width":1392,"height":928},{"@type":"BreadcrumbList","@id":"https:\/\/archiv.siov.sk\/festival-zrucnosti-2024-2\/#breadcrumb","itemListElement":[{"@type":"ListItem","position":1,"name":"Home","item":"https:\/\/archiv.siov.sk\/"},{"@type":"ListItem","position":2,"name":"Festival zru\u010dnost\u00ed 2024: Pr\u00edbehy talentov, technol\u00f3gie a vzdel\u00e1vacie aktivity pre v\u0161etk\u00fdch"}]},{"@type":"WebSite","@id":"https:\/\/archiv.siov.sk\/#website","url":"https:\/\/archiv.siov.sk\/","name":"\u0160IOV - \u0161t\u00e1tny in\u0161tit\u00fat odborn\u00e9ho vzdel\u00e1vania","description":"","publisher":{"@id":"https:\/\/archiv.siov.sk\/#organization"},"potentialAction":[{"@type":"SearchAction","target":{"@type":"EntryPoint","urlTemplate":"https:\/\/archiv.siov.sk\/?s={search_term_string}"},"query-input":{"@type":"PropertyValueSpecification","valueRequired":true,"valueName":"search_term_string"}}],"inLanguage":"en-GB"},{"@type":"Organization","@id":"https:\/\/archiv.siov.sk\/#organization","name":"\u0160IOV - \u0161t\u00e1tny in\u0161tit\u00fat odborn\u00e9ho vzdel\u00e1vania","url":"https:\/\/archiv.siov.sk\/","logo":{"@type":"ImageObject","inLanguage":"en-GB","@id":"https:\/\/archiv.siov.sk\/#\/schema\/logo\/image\/","url":"https:\/\/archiv.siov.sk\/wp-content\/uploads\/2024\/02\/logo-SIOV.png","contentUrl":"https:\/\/archiv.siov.sk\/wp-content\/uploads\/2024\/02\/logo-SIOV.png","width":431,"height":143,"caption":"\u0160IOV - \u0161t\u00e1tny in\u0161tit\u00fat odborn\u00e9ho vzdel\u00e1vania"},"image":{"@id":"https:\/\/archiv.siov.sk\/#\/schema\/logo\/image\/"},"sameAs":["https:\/\/www.facebook.com\/Statnyinstitutodbornehovzdelavania"]},{"@type":"Person","@id":"https:\/\/archiv.siov.sk\/#\/schema\/person\/2d35146a9c0fa51b027e8ff319cee627","name":"Gabriela Budayov\u00e1","url":"https:\/\/archiv.siov.sk\/en\/author\/gabriela-budayova\/"}]}},"_links":{"self":[{"href":"https:\/\/archiv.siov.sk\/en\/wp-json\/wp\/v2\/posts\/16551","targetHints":{"allow":["GET"]}}],"collection":[{"href":"https:\/\/archiv.siov.sk\/en\/wp-json\/wp\/v2\/posts"}],"about":[{"href":"https:\/\/archiv.siov.sk\/en\/wp-json\/wp\/v2\/types\/post"}],"author":[{"embeddable":true,"href":"https:\/\/archiv.siov.sk\/en\/wp-json\/wp\/v2\/users\/10"}],"replies":[{"embeddable":true,"href":"https:\/\/archiv.siov.sk\/en\/wp-json\/wp\/v2\/comments?post=16551"}],"version-history":[{"count":7,"href":"https:\/\/archiv.siov.sk\/en\/wp-json\/wp\/v2\/posts\/16551\/revisions"}],"predecessor-version":[{"id":16563,"href":"https:\/\/archiv.siov.sk\/en\/wp-json\/wp\/v2\/posts\/16551\/revisions\/16563"}],"wp:featuredmedia":[{"embeddable":true,"href":"https:\/\/archiv.siov.sk\/en\/wp-json\/wp\/v2\/media\/16550"}],"wp:attachment":[{"href":"https:\/\/archiv.siov.sk\/en\/wp-json\/wp\/v2\/media?parent=16551"}],"wp:term":[{"taxonomy":"category","embeddable":true,"href":"https:\/\/archiv.siov.sk\/en\/wp-json\/wp\/v2\/categories?post=16551"},{"taxonomy":"post_tag","embeddable":true,"href":"https:\/\/archiv.siov.sk\/en\/wp-json\/wp\/v2\/tags?post=16551"}],"curies":[{"name":"wp","href":"https:\/\/api.w.org\/{rel}","templated":true}]}}