{"id":16527,"date":"2024-09-24T13:46:04","date_gmt":"2024-09-24T11:46:04","guid":{"rendered":"https:\/\/archiv.siov.sk\/?p=16527"},"modified":"2025-07-03T10:26:40","modified_gmt":"2025-07-03T08:26:40","slug":"otvaracia-konferencia-festivalu-zrucnosti","status":"publish","type":"post","link":"https:\/\/archiv.siov.sk\/en\/otvaracia-konferencia-festivalu-zrucnosti\/","title":{"rendered":"Otv\u00e1racia konferencia Festivalu zru\u010dnost\u00ed"},"content":{"rendered":"<p>Festival zru\u010dnost\u00ed otvorili v pondelok 23. septembra Branislav Had\u00e1r, riadite\u013e \u0160t\u00e1tneho in\u0161tit\u00fatu odborn\u00e9ho vzdel\u00e1vania a \u013dubica G\u00e1llov\u00e1, n\u00e1mestn\u00ed\u010dka riadite\u013ea pre celo\u017eivotn\u00e9 vzdel\u00e1vanie a hlavn\u00e1 organiz\u00e1torka Festivalu zru\u010dnost\u00ed.<br \/>\nVo svojich pr\u00edhovoroch priv\u00edtali \u00fa\u010dastn\u00edkov konferencie a z\u00e1rove\u0148 ich pozvali z\u00fa\u010dastni\u0165 sa \u010fal\u0161\u00edch podujat\u00ed festivalu. Obaja zd\u00f4raznili v\u00fdznam vzdel\u00e1vania a rozvoja zru\u010dnost\u00ed v dne\u0161nom svete, kde technologick\u00e9 a inova\u010dn\u00e9 trendy z\u00e1sadne formuj\u00fa bud\u00facnos\u0165 pracovn\u00e9ho trhu.<\/p>\n<p>V \u00favode konferencie vyst\u00fapil Slavom\u00edr Partila, \u0161t\u00e1tny tajomn\u00edk ministerstva \u0161kolstva, ktor\u00fd zd\u00f4raznil dve z\u00e1sadn\u00e9 zmeny, ktor\u00e9 n\u00e1s \u010dakaj\u00fa v oblasti vzdel\u00e1vania. Prvou je optimaliz\u00e1cia siete stredn\u00fdch odborn\u00fdch \u0161k\u00f4l, ktor\u00e1 m\u00e1 za cie\u013e zefekt\u00edvni\u0165 ich fungovanie a druhou je zmena v pr\u00edstupe k celo\u017eivotn\u00e9mu vzdel\u00e1vaniu, ktor\u00e1 m\u00e1 umo\u017eni\u0165 \u013eu\u010fom v\u0161etk\u00fdch vekov\u00fdch kateg\u00f3ri\u00ed \u013eah\u0161\u00ed pr\u00edstup k vzdelaniu a prisp\u00f4sobi\u0165 ich kvalifik\u00e1ciu po\u017eiadavk\u00e1m trhu pr\u00e1ce.<\/p>\n<p><img fetchpriority=\"high\" decoding=\"async\" class=\"wp-image-16514 alignnone\" src=\"https:\/\/archiv.siov.sk\/wp-content\/uploads\/2024\/09\/DSC_6777-300x200.jpg\" alt=\"\" width=\"450\" height=\"300\" srcset=\"https:\/\/archiv.siov.sk\/wp-content\/uploads\/2024\/09\/DSC_6777-300x200.jpg 300w, https:\/\/archiv.siov.sk\/wp-content\/uploads\/2024\/09\/DSC_6777-1024x682.jpg 1024w, https:\/\/archiv.siov.sk\/wp-content\/uploads\/2024\/09\/DSC_6777-768x512.jpg 768w, https:\/\/archiv.siov.sk\/wp-content\/uploads\/2024\/09\/DSC_6777-1536x1024.jpg 1536w, https:\/\/archiv.siov.sk\/wp-content\/uploads\/2024\/09\/DSC_6777-18x12.jpg 18w, https:\/\/archiv.siov.sk\/wp-content\/uploads\/2024\/09\/DSC_6777-272x182.jpg 272w, https:\/\/archiv.siov.sk\/wp-content\/uploads\/2024\/09\/DSC_6777.jpg 1670w\" sizes=\"(max-width: 450px) 100vw, 450px\" \/>\u00a0 \u00a0 <img decoding=\"async\" class=\"alignnone wp-image-16515\" src=\"https:\/\/archiv.siov.sk\/wp-content\/uploads\/2024\/09\/DSC_6798-300x200.jpg\" alt=\"Slavom\u00edr Partila \u0161t\u00e1tny tajomn\u00edk\" width=\"450\" height=\"300\" srcset=\"https:\/\/archiv.siov.sk\/wp-content\/uploads\/2024\/09\/DSC_6798-300x200.jpg 300w, https:\/\/archiv.siov.sk\/wp-content\/uploads\/2024\/09\/DSC_6798-1024x682.jpg 1024w, https:\/\/archiv.siov.sk\/wp-content\/uploads\/2024\/09\/DSC_6798-768x512.jpg 768w, https:\/\/archiv.siov.sk\/wp-content\/uploads\/2024\/09\/DSC_6798-1536x1024.jpg 1536w, https:\/\/archiv.siov.sk\/wp-content\/uploads\/2024\/09\/DSC_6798-18x12.jpg 18w, https:\/\/archiv.siov.sk\/wp-content\/uploads\/2024\/09\/DSC_6798-272x182.jpg 272w, https:\/\/archiv.siov.sk\/wp-content\/uploads\/2024\/09\/DSC_6798.jpg 1670w\" sizes=\"(max-width: 450px) 100vw, 450px\" \/><\/p>\n<p>Na t\u00fato t\u00e9mu nadviazal Peter Szovics (M\u0160VVaM SR), ktor\u00fd predstavil projekt EPIVU \u2013 elektronick\u00fa platformu individu\u00e1lnych vzdel\u00e1vac\u00edch \u00fa\u010dtov. T\u00e1to platforma m\u00e1 sl\u00fa\u017ei\u0165 ako centralizovan\u00e9 miesto pre vzdel\u00e1vanie dospel\u00fdch, kde sa stretn\u00fa poskytovatelia vzdel\u00e1vania a jeho z\u00e1ujemcovia.<\/p>\n<p>So\u0148a Ft\u00e1\u010dnikov\u00e1 (CVTI SR) vo svojej predn\u00e1\u0161ke zd\u00f4raznila d\u00f4le\u017eitos\u0165 v\u00fdskumnej etiky a akademickej integrity. Pouk\u00e1zala na pr\u00e1cu s d\u00e1tami pomocou umelej inteligencie a na v\u00fdzvy t\u00fdkaj\u00face sa ot\u00e1zok intelektu\u00e1lneho vlastn\u00edctva v s\u00fa\u010dasnom akademickom prostred\u00ed.<\/p>\n<p><img decoding=\"async\" class=\"alignnone wp-image-16516\" src=\"https:\/\/archiv.siov.sk\/wp-content\/uploads\/2024\/09\/DSC_6804-300x200.jpg\" alt=\"Peter Szovics\" width=\"450\" height=\"300\" srcset=\"https:\/\/archiv.siov.sk\/wp-content\/uploads\/2024\/09\/DSC_6804-300x200.jpg 300w, https:\/\/archiv.siov.sk\/wp-content\/uploads\/2024\/09\/DSC_6804-1024x682.jpg 1024w, https:\/\/archiv.siov.sk\/wp-content\/uploads\/2024\/09\/DSC_6804-768x512.jpg 768w, https:\/\/archiv.siov.sk\/wp-content\/uploads\/2024\/09\/DSC_6804-1536x1024.jpg 1536w, https:\/\/archiv.siov.sk\/wp-content\/uploads\/2024\/09\/DSC_6804-18x12.jpg 18w, https:\/\/archiv.siov.sk\/wp-content\/uploads\/2024\/09\/DSC_6804-272x182.jpg 272w, https:\/\/archiv.siov.sk\/wp-content\/uploads\/2024\/09\/DSC_6804.jpg 1670w\" sizes=\"(max-width: 450px) 100vw, 450px\" \/>\u00a0 \u00a0 <img loading=\"lazy\" decoding=\"async\" class=\"alignnone wp-image-16518\" src=\"https:\/\/archiv.siov.sk\/wp-content\/uploads\/2024\/09\/DSC_6870-300x200.jpg\" alt=\"So\u0148a Ft\u00e1\u010dnikov\u00e1\" width=\"450\" height=\"300\" srcset=\"https:\/\/archiv.siov.sk\/wp-content\/uploads\/2024\/09\/DSC_6870-300x200.jpg 300w, https:\/\/archiv.siov.sk\/wp-content\/uploads\/2024\/09\/DSC_6870-1024x683.jpg 1024w, https:\/\/archiv.siov.sk\/wp-content\/uploads\/2024\/09\/DSC_6870-768x512.jpg 768w, https:\/\/archiv.siov.sk\/wp-content\/uploads\/2024\/09\/DSC_6870-1536x1024.jpg 1536w, https:\/\/archiv.siov.sk\/wp-content\/uploads\/2024\/09\/DSC_6870-18x12.jpg 18w, https:\/\/archiv.siov.sk\/wp-content\/uploads\/2024\/09\/DSC_6870-272x182.jpg 272w, https:\/\/archiv.siov.sk\/wp-content\/uploads\/2024\/09\/DSC_6870.jpg 1557w\" sizes=\"(max-width: 450px) 100vw, 450px\" \/><\/p>\n<p>Ricardo Espinoza (OECD) sa zameral na kvalitu vo vzdel\u00e1van\u00ed dospel\u00fdch. Vyzdvihol tri d\u00f4le\u017eit\u00e9 oblasti: vyhodnocovanie v\u00fdsledkov vo vzdel\u00e1van\u00ed dospel\u00fdch, \u010do predstavuje cenn\u00e9 d\u00e1ta pre zlep\u0161enie ponuky vzdel\u00e1vac\u00edch programov, umo\u017enenie informovan\u00e9ho v\u00fdberu prostredn\u00edctvom vzdel\u00e1vac\u00edch \u00fa\u010dtov a zabezpe\u010denie kvality digit\u00e1lneho vzdel\u00e1vania.<\/p>\n<p>J\u00e1n Lang (FIIT STU) predstavil vo svojej predn\u00e1\u0161ke otvoren\u00e9 vzdel\u00e1vacie zdroje, konkr\u00e9tne platformu ECEhub, ktor\u00e1 m\u00e1 sl\u00fa\u017ei\u0165 k vytv\u00e1raniu a \u0161\u00edreniu vzdel\u00e1vacieho obsahu a pomocou tzv. kolekt\u00edvnej inteligencie dosahova\u0165 zlep\u0161ovanie kvality v\u00fdu\u010dby.<\/p>\n<p><img loading=\"lazy\" decoding=\"async\" class=\"alignnone wp-image-16519\" src=\"https:\/\/archiv.siov.sk\/wp-content\/uploads\/2024\/09\/DSC_6875-300x200.jpg\" alt=\"Ricardo Espinoza\" width=\"450\" height=\"300\" srcset=\"https:\/\/archiv.siov.sk\/wp-content\/uploads\/2024\/09\/DSC_6875-300x200.jpg 300w, https:\/\/archiv.siov.sk\/wp-content\/uploads\/2024\/09\/DSC_6875-1024x682.jpg 1024w, https:\/\/archiv.siov.sk\/wp-content\/uploads\/2024\/09\/DSC_6875-768x512.jpg 768w, https:\/\/archiv.siov.sk\/wp-content\/uploads\/2024\/09\/DSC_6875-1536x1023.jpg 1536w, https:\/\/archiv.siov.sk\/wp-content\/uploads\/2024\/09\/DSC_6875-18x12.jpg 18w, https:\/\/archiv.siov.sk\/wp-content\/uploads\/2024\/09\/DSC_6875-272x182.jpg 272w, https:\/\/archiv.siov.sk\/wp-content\/uploads\/2024\/09\/DSC_6875.jpg 1612w\" sizes=\"(max-width: 450px) 100vw, 450px\" \/>\u00a0 \u00a0 <img loading=\"lazy\" decoding=\"async\" class=\"alignnone wp-image-16520\" src=\"https:\/\/archiv.siov.sk\/wp-content\/uploads\/2024\/09\/DSC_6891-300x200.jpg\" alt=\"J\u00e1n Lang\" width=\"450\" height=\"300\" srcset=\"https:\/\/archiv.siov.sk\/wp-content\/uploads\/2024\/09\/DSC_6891-300x200.jpg 300w, https:\/\/archiv.siov.sk\/wp-content\/uploads\/2024\/09\/DSC_6891-1024x682.jpg 1024w, https:\/\/archiv.siov.sk\/wp-content\/uploads\/2024\/09\/DSC_6891-768x512.jpg 768w, https:\/\/archiv.siov.sk\/wp-content\/uploads\/2024\/09\/DSC_6891-1536x1024.jpg 1536w, https:\/\/archiv.siov.sk\/wp-content\/uploads\/2024\/09\/DSC_6891-18x12.jpg 18w, https:\/\/archiv.siov.sk\/wp-content\/uploads\/2024\/09\/DSC_6891-272x182.jpg 272w, https:\/\/archiv.siov.sk\/wp-content\/uploads\/2024\/09\/DSC_6891.jpg 1670w\" sizes=\"(max-width: 450px) 100vw, 450px\" \/><\/p>\n<p>\u013duba Habod\u00e1szov\u00e1 (\u0160IOV) uk\u00e1zala, \u017ee d\u00e1ta m\u00f4\u017eu by\u0165 zauj\u00edmav\u00e9, ak ich dok\u00e1\u017eeme spr\u00e1vne interpretova\u0165. Podrobne predstavila Eur\u00f3psky index zru\u010dnost\u00ed pod\u013ea Cedefop, ktor\u00fd odha\u013euje s\u00falad zru\u010dnost\u00ed s trhom pr\u00e1ce. Z\u00e1rove\u0148 prezentovala \u0161tatistiky o zamestnanosti absolventov SO\u0160 pod\u013ea stup\u0148a vzdelania a upozornila na znepokojiv\u00fd n\u00e1rast nedobrovo\u013en\u00fdch \u010diasto\u010dn\u00fdch \u00fav\u00e4zkov na Slovensku.<\/p>\n<p>Franti\u0161ek Janke (TUKE) predstavil zmeny vypl\u00fdvaj\u00face zo zelenej a digit\u00e1lnej transform\u00e1cie, a tie\u017e zru\u010dnosti, ktor\u00e9 bud\u00fa v d\u00f4sledku t\u00fdchto zmien nevyhnutn\u00e9. Medzi k\u013e\u00fa\u010dov\u00e9 oblasti patria automatiz\u00e1cia a optimaliz\u00e1cia v\u00fdrobn\u00fdch procesov, predl\u017eovanie \u017eivotnosti strojov a produktov, zv\u00fd\u0161enie \u00farovne separ\u00e1cie odpadu a vyu\u017e\u00edvanie obnovite\u013en\u00fdch zdrojov energie.<\/p>\n<p><img loading=\"lazy\" decoding=\"async\" class=\"alignnone wp-image-16523\" src=\"https:\/\/archiv.siov.sk\/wp-content\/uploads\/2024\/09\/DSC_6955-300x200.jpg\" alt=\"\u013duba Habod\u00e1szov\u00e1\" width=\"450\" height=\"300\" srcset=\"https:\/\/archiv.siov.sk\/wp-content\/uploads\/2024\/09\/DSC_6955-300x200.jpg 300w, https:\/\/archiv.siov.sk\/wp-content\/uploads\/2024\/09\/DSC_6955-1024x682.jpg 1024w, https:\/\/archiv.siov.sk\/wp-content\/uploads\/2024\/09\/DSC_6955-768x512.jpg 768w, https:\/\/archiv.siov.sk\/wp-content\/uploads\/2024\/09\/DSC_6955-1536x1024.jpg 1536w, https:\/\/archiv.siov.sk\/wp-content\/uploads\/2024\/09\/DSC_6955-18x12.jpg 18w, https:\/\/archiv.siov.sk\/wp-content\/uploads\/2024\/09\/DSC_6955-272x182.jpg 272w, https:\/\/archiv.siov.sk\/wp-content\/uploads\/2024\/09\/DSC_6955.jpg 1670w\" sizes=\"(max-width: 450px) 100vw, 450px\" \/>\u00a0 \u00a0 <img loading=\"lazy\" decoding=\"async\" class=\"alignnone wp-image-16524\" src=\"https:\/\/archiv.siov.sk\/wp-content\/uploads\/2024\/09\/DSC_6984-300x200.jpg\" alt=\"Franti\u0161ek Janke\" width=\"450\" height=\"300\" srcset=\"https:\/\/archiv.siov.sk\/wp-content\/uploads\/2024\/09\/DSC_6984-300x200.jpg 300w, https:\/\/archiv.siov.sk\/wp-content\/uploads\/2024\/09\/DSC_6984-1024x682.jpg 1024w, https:\/\/archiv.siov.sk\/wp-content\/uploads\/2024\/09\/DSC_6984-768x512.jpg 768w, https:\/\/archiv.siov.sk\/wp-content\/uploads\/2024\/09\/DSC_6984-1536x1024.jpg 1536w, https:\/\/archiv.siov.sk\/wp-content\/uploads\/2024\/09\/DSC_6984-18x12.jpg 18w, https:\/\/archiv.siov.sk\/wp-content\/uploads\/2024\/09\/DSC_6984-272x182.jpg 272w, https:\/\/archiv.siov.sk\/wp-content\/uploads\/2024\/09\/DSC_6984.jpg 1670w\" sizes=\"(max-width: 450px) 100vw, 450px\" \/><\/p>\n<p>Veronika \u0160irock\u00e1 (Grafton) pribl\u00ed\u017eila o\u010dak\u00e1vania a zru\u010dnosti gener\u00e1cie Z na trhu pr\u00e1ce. Pouk\u00e1zala na to, \u010do motivuje jednotliv\u00e9 gener\u00e1cie k prijatiu zamestnania alebo naopak, pre\u010do sa rozhoduj\u00fa pre odchod z pr\u00e1ce.<\/p>\n<p>\u010eakujeme v\u0161etk\u00fdm sp\u00edkrom za ich cenn\u00e9 pr\u00edspevky, ktor\u00e9 priniesli in\u0161pirat\u00edvne poh\u013eady na bud\u00facnos\u0165 vzdel\u00e1vania v kontexte digitaliz\u00e1cie, technol\u00f3gi\u00ed a zru\u010dnost\u00ed a \u00fa\u010dastn\u00edkom za ich akt\u00edvnu \u00fa\u010das\u0165 a z\u00e1ujem. Ver\u00edme, \u017ee konferencia bola pre v\u00e1s pr\u00ednosn\u00e1 a podnietila nov\u00e9 n\u00e1pady a diskusie, ktor\u00e9 bud\u00fa pokra\u010dova\u0165 aj po skon\u010den\u00ed podujatia.<\/p>\n<p><img loading=\"lazy\" decoding=\"async\" class=\"alignnone wp-image-16526\" src=\"https:\/\/archiv.siov.sk\/wp-content\/uploads\/2024\/09\/DSC_7052-300x200.jpg\" alt=\"Veronika \u0160irock\u00e1\" width=\"450\" height=\"300\" srcset=\"https:\/\/archiv.siov.sk\/wp-content\/uploads\/2024\/09\/DSC_7052-300x200.jpg 300w, https:\/\/archiv.siov.sk\/wp-content\/uploads\/2024\/09\/DSC_7052-1024x682.jpg 1024w, https:\/\/archiv.siov.sk\/wp-content\/uploads\/2024\/09\/DSC_7052-768x512.jpg 768w, https:\/\/archiv.siov.sk\/wp-content\/uploads\/2024\/09\/DSC_7052-1536x1024.jpg 1536w, https:\/\/archiv.siov.sk\/wp-content\/uploads\/2024\/09\/DSC_7052-18x12.jpg 18w, https:\/\/archiv.siov.sk\/wp-content\/uploads\/2024\/09\/DSC_7052-272x182.jpg 272w, https:\/\/archiv.siov.sk\/wp-content\/uploads\/2024\/09\/DSC_7052.jpg 1670w\" sizes=\"(max-width: 450px) 100vw, 450px\" \/>\u00a0 \u00a0 <img loading=\"lazy\" decoding=\"async\" class=\"alignnone wp-image-16517\" src=\"https:\/\/archiv.siov.sk\/wp-content\/uploads\/2024\/09\/DSC_6834-300x200.jpg\" alt=\"\u00fa\u010dastn\u00edci konferencie\" width=\"450\" height=\"300\" srcset=\"https:\/\/archiv.siov.sk\/wp-content\/uploads\/2024\/09\/DSC_6834-300x200.jpg 300w, https:\/\/archiv.siov.sk\/wp-content\/uploads\/2024\/09\/DSC_6834-1024x682.jpg 1024w, https:\/\/archiv.siov.sk\/wp-content\/uploads\/2024\/09\/DSC_6834-768x512.jpg 768w, https:\/\/archiv.siov.sk\/wp-content\/uploads\/2024\/09\/DSC_6834-1536x1024.jpg 1536w, https:\/\/archiv.siov.sk\/wp-content\/uploads\/2024\/09\/DSC_6834-18x12.jpg 18w, https:\/\/archiv.siov.sk\/wp-content\/uploads\/2024\/09\/DSC_6834-272x182.jpg 272w, https:\/\/archiv.siov.sk\/wp-content\/uploads\/2024\/09\/DSC_6834.jpg 1670w\" sizes=\"(max-width: 450px) 100vw, 450px\" \/><\/p>\n<p>Prezent\u00e1cie a dopl\u0148uj\u00face materi\u00e1ly z konferencie s\u00fa k dispoz\u00edcii tu: <a href=\"https:\/\/mesiacvzdelavania.sk\/konferencia\/\">https:\/\/mesiacvzdelavania.sk\/konferencia\/<\/a><\/p>\n<p>&nbsp;<\/p>\n<figure id=\"attachment_19606\" aria-describedby=\"caption-attachment-19606\" style=\"width: 450px\" class=\"wp-caption aligncenter\"><img loading=\"lazy\" decoding=\"async\" class=\"wp-image-19606\" src=\"https:\/\/archiv.siov.sk\/wp-content\/uploads\/2025\/06\/spolufinancovane-EU-300x86.png\" alt=\"spolufinancovany EU logo\" width=\"450\" height=\"128\" srcset=\"https:\/\/archiv.siov.sk\/wp-content\/uploads\/2025\/06\/spolufinancovane-EU-300x86.png 300w, https:\/\/archiv.siov.sk\/wp-content\/uploads\/2025\/06\/spolufinancovane-EU-18x5.png 18w, https:\/\/archiv.siov.sk\/wp-content\/uploads\/2025\/06\/spolufinancovane-EU.png 600w\" sizes=\"(max-width: 450px) 100vw, 450px\" \/><figcaption id=\"caption-attachment-19606\" class=\"wp-caption-text\">Financovan\u00e9 Eur\u00f3pskou \u00faniou. Vyjadren\u00e9 n\u00e1zory a postoje s\u00fa n\u00e1zormi a vyhl\u00e1seniami autora a nemusia nevyhnutne odr\u00e1\u017ea\u0165 n\u00e1zory a stanovisk\u00e1 Eur\u00f3pskej \u00fanie alebo Eur\u00f3pskej v\u00fdkonnej agent\u00fary pre vzdel\u00e1vanie a kult\u00faru (EACEA). Eur\u00f3pska \u00fania ani EACEA za ne nepreberaj\u00fa \u017eiadnu zodpovednos\u0165.<\/figcaption><\/figure>\n<p>&nbsp;<\/p>\n<p>&nbsp;<\/p>","protected":false},"excerpt":{"rendered":"<p>Festival zru\u010dnost\u00ed otvorili v pondelok 23. septembra Branislav Had\u00e1r, riadite\u013e \u0160t\u00e1tneho in\u0161tit\u00fatu odborn\u00e9ho vzdel\u00e1vania a \u013dubica G\u00e1llov\u00e1, n\u00e1mestn\u00ed\u010dka riadite\u013ea pre celo\u017eivotn\u00e9 vzdel\u00e1vanie a hlavn\u00e1 organiz\u00e1torka Festivalu zru\u010dnost\u00ed. Vo svojich pr\u00edhovoroch priv\u00edtali \u00fa\u010dastn\u00edkov konferencie a z\u00e1rove\u0148 ich pozvali z\u00fa\u010dastni\u0165 sa \u010fal\u0161\u00edch podujat\u00ed festivalu. Obaja zd\u00f4raznili v\u00fdznam vzdel\u00e1vania a rozvoja zru\u010dnost\u00ed v dne\u0161nom svete, kde technologick\u00e9 a [&hellip;]<\/p>\n","protected":false},"author":10,"featured_media":16513,"comment_status":"closed","ping_status":"closed","sticky":false,"template":"","format":"standard","meta":{"site-sidebar-layout":"default","site-content-layout":"","ast-site-content-layout":"default","site-content-style":"default","site-sidebar-style":"default","ast-global-header-display":"","ast-banner-title-visibility":"","ast-main-header-display":"","ast-hfb-above-header-display":"","ast-hfb-below-header-display":"","ast-hfb-mobile-header-display":"","site-post-title":"","ast-breadcrumbs-content":"","ast-featured-img":"","footer-sml-layout":"","ast-disable-related-posts":"","theme-transparent-header-meta":"default","adv-header-id-meta":"","stick-header-meta":"default","header-above-stick-meta":"","header-main-stick-meta":"","header-below-stick-meta":"","astra-migrate-meta-layouts":"set","ast-page-background-enabled":"default","ast-page-background-meta":{"desktop":{"background-color":"var(--ast-global-color-4)","background-image":"","background-repeat":"repeat","background-position":"center center","background-size":"auto","background-attachment":"scroll","background-type":"","background-media":"","overlay-type":"","overlay-color":"","overlay-opacity":"","overlay-gradient":""},"tablet":{"background-color":"","background-image":"","background-repeat":"repeat","background-position":"center center","background-size":"auto","background-attachment":"scroll","background-type":"","background-media":"","overlay-type":"","overlay-color":"","overlay-opacity":"","overlay-gradient":""},"mobile":{"background-color":"","background-image":"","background-repeat":"repeat","background-position":"center center","background-size":"auto","background-attachment":"scroll","background-type":"","background-media":"","overlay-type":"","overlay-color":"","overlay-opacity":"","overlay-gradient":""}},"ast-content-background-meta":{"desktop":{"background-color":"var(--ast-global-color-5)","background-image":"","background-repeat":"repeat","background-position":"center center","background-size":"auto","background-attachment":"scroll","background-type":"","background-media":"","overlay-type":"","overlay-color":"","overlay-opacity":"","overlay-gradient":""},"tablet":{"background-color":"var(--ast-global-color-5)","background-image":"","background-repeat":"repeat","background-position":"center center","background-size":"auto","background-attachment":"scroll","background-type":"","background-media":"","overlay-type":"","overlay-color":"","overlay-opacity":"","overlay-gradient":""},"mobile":{"background-color":"var(--ast-global-color-5)","background-image":"","background-repeat":"repeat","background-position":"center center","background-size":"auto","background-attachment":"scroll","background-type":"","background-media":"","overlay-type":"","overlay-color":"","overlay-opacity":"","overlay-gradient":""}},"footnotes":""},"categories":[1],"tags":[],"class_list":["post-16527","post","type-post","status-publish","format-standard","has-post-thumbnail","hentry","category-aktuality"],"yoast_head":"<!-- This site is optimized with the Yoast SEO plugin v27.5 - https:\/\/yoast.com\/product\/yoast-seo-wordpress\/ -->\n<title>Otv\u00e1racia konferencia Festivalu zru\u010dnost\u00ed - \u0160IOV - \u0161t\u00e1tny in\u0161tit\u00fat odborn\u00e9ho vzdel\u00e1vania<\/title>\n<meta name=\"robots\" content=\"index, follow, max-snippet:-1, max-image-preview:large, max-video-preview:-1\" \/>\n<link rel=\"canonical\" href=\"https:\/\/archiv.siov.sk\/en\/otvaracia-konferencia-festivalu-zrucnosti\/\" \/>\n<meta property=\"og:locale\" content=\"en_GB\" \/>\n<meta property=\"og:type\" content=\"article\" \/>\n<meta property=\"og:title\" content=\"Otv\u00e1racia konferencia Festivalu zru\u010dnost\u00ed - \u0160IOV - \u0161t\u00e1tny in\u0161tit\u00fat odborn\u00e9ho vzdel\u00e1vania\" \/>\n<meta property=\"og:description\" content=\"Festival zru\u010dnost\u00ed otvorili v pondelok 23. septembra Branislav Had\u00e1r, riadite\u013e \u0160t\u00e1tneho in\u0161tit\u00fatu odborn\u00e9ho vzdel\u00e1vania a \u013dubica G\u00e1llov\u00e1, n\u00e1mestn\u00ed\u010dka riadite\u013ea pre celo\u017eivotn\u00e9 vzdel\u00e1vanie a hlavn\u00e1 organiz\u00e1torka Festivalu zru\u010dnost\u00ed. Vo svojich pr\u00edhovoroch priv\u00edtali \u00fa\u010dastn\u00edkov konferencie a z\u00e1rove\u0148 ich pozvali z\u00fa\u010dastni\u0165 sa \u010fal\u0161\u00edch podujat\u00ed festivalu. Obaja zd\u00f4raznili v\u00fdznam vzdel\u00e1vania a rozvoja zru\u010dnost\u00ed v dne\u0161nom svete, kde technologick\u00e9 a [&hellip;]\" \/>\n<meta property=\"og:url\" content=\"https:\/\/archiv.siov.sk\/en\/otvaracia-konferencia-festivalu-zrucnosti\/\" \/>\n<meta property=\"og:site_name\" content=\"\u0160IOV - \u0161t\u00e1tny in\u0161tit\u00fat odborn\u00e9ho vzdel\u00e1vania\" \/>\n<meta property=\"article:publisher\" content=\"https:\/\/www.facebook.com\/Statnyinstitutodbornehovzdelavania\" \/>\n<meta property=\"article:published_time\" content=\"2024-09-24T11:46:04+00:00\" \/>\n<meta property=\"article:modified_time\" content=\"2025-07-03T08:26:40+00:00\" \/>\n<meta property=\"og:image\" content=\"https:\/\/archiv.siov.sk\/wp-content\/uploads\/2024\/09\/DSC_6770.jpg\" \/>\n\t<meta property=\"og:image:width\" content=\"1670\" \/>\n\t<meta property=\"og:image:height\" content=\"1113\" \/>\n\t<meta property=\"og:image:type\" content=\"image\/jpeg\" \/>\n<meta name=\"author\" content=\"Gabriela Budayov\u00e1\" \/>\n<meta name=\"twitter:card\" content=\"summary_large_image\" \/>\n<meta name=\"twitter:label1\" content=\"Written by\" \/>\n\t<meta name=\"twitter:data1\" content=\"Gabriela Budayov\u00e1\" \/>\n\t<meta name=\"twitter:label2\" content=\"Estimated reading time\" \/>\n\t<meta name=\"twitter:data2\" content=\"6 minutes\" \/>\n<script type=\"application\/ld+json\" class=\"yoast-schema-graph\">{\"@context\":\"https:\\\/\\\/schema.org\",\"@graph\":[{\"@type\":\"Article\",\"@id\":\"https:\\\/\\\/archiv.siov.sk\\\/otvaracia-konferencia-festivalu-zrucnosti\\\/#article\",\"isPartOf\":{\"@id\":\"https:\\\/\\\/archiv.siov.sk\\\/otvaracia-konferencia-festivalu-zrucnosti\\\/\"},\"author\":{\"name\":\"Gabriela Budayov\u00e1\",\"@id\":\"https:\\\/\\\/archiv.siov.sk\\\/#\\\/schema\\\/person\\\/2d35146a9c0fa51b027e8ff319cee627\"},\"headline\":\"Otv\u00e1racia konferencia Festivalu zru\u010dnost\u00ed\",\"datePublished\":\"2024-09-24T11:46:04+00:00\",\"dateModified\":\"2025-07-03T08:26:40+00:00\",\"mainEntityOfPage\":{\"@id\":\"https:\\\/\\\/archiv.siov.sk\\\/otvaracia-konferencia-festivalu-zrucnosti\\\/\"},\"wordCount\":713,\"publisher\":{\"@id\":\"https:\\\/\\\/archiv.siov.sk\\\/#organization\"},\"image\":{\"@id\":\"https:\\\/\\\/archiv.siov.sk\\\/otvaracia-konferencia-festivalu-zrucnosti\\\/#primaryimage\"},\"thumbnailUrl\":\"https:\\\/\\\/archiv.siov.sk\\\/wp-content\\\/uploads\\\/2024\\\/09\\\/DSC_6770.jpg\",\"articleSection\":[\"Aktuality\"],\"inLanguage\":\"en-GB\"},{\"@type\":\"WebPage\",\"@id\":\"https:\\\/\\\/archiv.siov.sk\\\/otvaracia-konferencia-festivalu-zrucnosti\\\/\",\"url\":\"https:\\\/\\\/archiv.siov.sk\\\/otvaracia-konferencia-festivalu-zrucnosti\\\/\",\"name\":\"Otv\u00e1racia konferencia Festivalu zru\u010dnost\u00ed - \u0160IOV - \u0161t\u00e1tny in\u0161tit\u00fat odborn\u00e9ho vzdel\u00e1vania\",\"isPartOf\":{\"@id\":\"https:\\\/\\\/archiv.siov.sk\\\/#website\"},\"primaryImageOfPage\":{\"@id\":\"https:\\\/\\\/archiv.siov.sk\\\/otvaracia-konferencia-festivalu-zrucnosti\\\/#primaryimage\"},\"image\":{\"@id\":\"https:\\\/\\\/archiv.siov.sk\\\/otvaracia-konferencia-festivalu-zrucnosti\\\/#primaryimage\"},\"thumbnailUrl\":\"https:\\\/\\\/archiv.siov.sk\\\/wp-content\\\/uploads\\\/2024\\\/09\\\/DSC_6770.jpg\",\"datePublished\":\"2024-09-24T11:46:04+00:00\",\"dateModified\":\"2025-07-03T08:26:40+00:00\",\"breadcrumb\":{\"@id\":\"https:\\\/\\\/archiv.siov.sk\\\/otvaracia-konferencia-festivalu-zrucnosti\\\/#breadcrumb\"},\"inLanguage\":\"en-GB\",\"potentialAction\":[{\"@type\":\"ReadAction\",\"target\":[\"https:\\\/\\\/archiv.siov.sk\\\/otvaracia-konferencia-festivalu-zrucnosti\\\/\"]}]},{\"@type\":\"ImageObject\",\"inLanguage\":\"en-GB\",\"@id\":\"https:\\\/\\\/archiv.siov.sk\\\/otvaracia-konferencia-festivalu-zrucnosti\\\/#primaryimage\",\"url\":\"https:\\\/\\\/archiv.siov.sk\\\/wp-content\\\/uploads\\\/2024\\\/09\\\/DSC_6770.jpg\",\"contentUrl\":\"https:\\\/\\\/archiv.siov.sk\\\/wp-content\\\/uploads\\\/2024\\\/09\\\/DSC_6770.jpg\",\"width\":1670,\"height\":1113,\"caption\":\"konferencia festival zru\u010dnost\u00ed 2024\"},{\"@type\":\"BreadcrumbList\",\"@id\":\"https:\\\/\\\/archiv.siov.sk\\\/otvaracia-konferencia-festivalu-zrucnosti\\\/#breadcrumb\",\"itemListElement\":[{\"@type\":\"ListItem\",\"position\":1,\"name\":\"Home\",\"item\":\"https:\\\/\\\/archiv.siov.sk\\\/\"},{\"@type\":\"ListItem\",\"position\":2,\"name\":\"Otv\u00e1racia konferencia Festivalu zru\u010dnost\u00ed\"}]},{\"@type\":\"WebSite\",\"@id\":\"https:\\\/\\\/archiv.siov.sk\\\/#website\",\"url\":\"https:\\\/\\\/archiv.siov.sk\\\/\",\"name\":\"\u0160IOV - \u0161t\u00e1tny in\u0161tit\u00fat odborn\u00e9ho vzdel\u00e1vania\",\"description\":\"\",\"publisher\":{\"@id\":\"https:\\\/\\\/archiv.siov.sk\\\/#organization\"},\"potentialAction\":[{\"@type\":\"SearchAction\",\"target\":{\"@type\":\"EntryPoint\",\"urlTemplate\":\"https:\\\/\\\/archiv.siov.sk\\\/?s={search_term_string}\"},\"query-input\":{\"@type\":\"PropertyValueSpecification\",\"valueRequired\":true,\"valueName\":\"search_term_string\"}}],\"inLanguage\":\"en-GB\"},{\"@type\":\"Organization\",\"@id\":\"https:\\\/\\\/archiv.siov.sk\\\/#organization\",\"name\":\"\u0160IOV - \u0161t\u00e1tny in\u0161tit\u00fat odborn\u00e9ho vzdel\u00e1vania\",\"url\":\"https:\\\/\\\/archiv.siov.sk\\\/\",\"logo\":{\"@type\":\"ImageObject\",\"inLanguage\":\"en-GB\",\"@id\":\"https:\\\/\\\/archiv.siov.sk\\\/#\\\/schema\\\/logo\\\/image\\\/\",\"url\":\"https:\\\/\\\/archiv.siov.sk\\\/wp-content\\\/uploads\\\/2024\\\/02\\\/logo-SIOV.png\",\"contentUrl\":\"https:\\\/\\\/archiv.siov.sk\\\/wp-content\\\/uploads\\\/2024\\\/02\\\/logo-SIOV.png\",\"width\":431,\"height\":143,\"caption\":\"\u0160IOV - \u0161t\u00e1tny in\u0161tit\u00fat odborn\u00e9ho vzdel\u00e1vania\"},\"image\":{\"@id\":\"https:\\\/\\\/archiv.siov.sk\\\/#\\\/schema\\\/logo\\\/image\\\/\"},\"sameAs\":[\"https:\\\/\\\/www.facebook.com\\\/Statnyinstitutodbornehovzdelavania\"]},{\"@type\":\"Person\",\"@id\":\"https:\\\/\\\/archiv.siov.sk\\\/#\\\/schema\\\/person\\\/2d35146a9c0fa51b027e8ff319cee627\",\"name\":\"Gabriela Budayov\u00e1\",\"url\":\"https:\\\/\\\/archiv.siov.sk\\\/en\\\/author\\\/gabriela-budayova\\\/\"}]}<\/script>\n<!-- \/ Yoast SEO plugin. -->","yoast_head_json":{"title":"Otv\u00e1racia konferencia Festivalu zru\u010dnost\u00ed - \u0160IOV - \u0161t\u00e1tny in\u0161tit\u00fat odborn\u00e9ho vzdel\u00e1vania","robots":{"index":"index","follow":"follow","max-snippet":"max-snippet:-1","max-image-preview":"max-image-preview:large","max-video-preview":"max-video-preview:-1"},"canonical":"https:\/\/archiv.siov.sk\/en\/otvaracia-konferencia-festivalu-zrucnosti\/","og_locale":"en_GB","og_type":"article","og_title":"Otv\u00e1racia konferencia Festivalu zru\u010dnost\u00ed - \u0160IOV - \u0161t\u00e1tny in\u0161tit\u00fat odborn\u00e9ho vzdel\u00e1vania","og_description":"Festival zru\u010dnost\u00ed otvorili v pondelok 23. septembra Branislav Had\u00e1r, riadite\u013e \u0160t\u00e1tneho in\u0161tit\u00fatu odborn\u00e9ho vzdel\u00e1vania a \u013dubica G\u00e1llov\u00e1, n\u00e1mestn\u00ed\u010dka riadite\u013ea pre celo\u017eivotn\u00e9 vzdel\u00e1vanie a hlavn\u00e1 organiz\u00e1torka Festivalu zru\u010dnost\u00ed. Vo svojich pr\u00edhovoroch priv\u00edtali \u00fa\u010dastn\u00edkov konferencie a z\u00e1rove\u0148 ich pozvali z\u00fa\u010dastni\u0165 sa \u010fal\u0161\u00edch podujat\u00ed festivalu. Obaja zd\u00f4raznili v\u00fdznam vzdel\u00e1vania a rozvoja zru\u010dnost\u00ed v dne\u0161nom svete, kde technologick\u00e9 a [&hellip;]","og_url":"https:\/\/archiv.siov.sk\/en\/otvaracia-konferencia-festivalu-zrucnosti\/","og_site_name":"\u0160IOV - \u0161t\u00e1tny in\u0161tit\u00fat odborn\u00e9ho vzdel\u00e1vania","article_publisher":"https:\/\/www.facebook.com\/Statnyinstitutodbornehovzdelavania","article_published_time":"2024-09-24T11:46:04+00:00","article_modified_time":"2025-07-03T08:26:40+00:00","og_image":[{"width":1670,"height":1113,"url":"https:\/\/archiv.siov.sk\/wp-content\/uploads\/2024\/09\/DSC_6770.jpg","type":"image\/jpeg"}],"author":"Gabriela Budayov\u00e1","twitter_card":"summary_large_image","twitter_misc":{"Written by":"Gabriela Budayov\u00e1","Estimated reading time":"6 minutes"},"schema":{"@context":"https:\/\/schema.org","@graph":[{"@type":"Article","@id":"https:\/\/archiv.siov.sk\/otvaracia-konferencia-festivalu-zrucnosti\/#article","isPartOf":{"@id":"https:\/\/archiv.siov.sk\/otvaracia-konferencia-festivalu-zrucnosti\/"},"author":{"name":"Gabriela Budayov\u00e1","@id":"https:\/\/archiv.siov.sk\/#\/schema\/person\/2d35146a9c0fa51b027e8ff319cee627"},"headline":"Otv\u00e1racia konferencia Festivalu zru\u010dnost\u00ed","datePublished":"2024-09-24T11:46:04+00:00","dateModified":"2025-07-03T08:26:40+00:00","mainEntityOfPage":{"@id":"https:\/\/archiv.siov.sk\/otvaracia-konferencia-festivalu-zrucnosti\/"},"wordCount":713,"publisher":{"@id":"https:\/\/archiv.siov.sk\/#organization"},"image":{"@id":"https:\/\/archiv.siov.sk\/otvaracia-konferencia-festivalu-zrucnosti\/#primaryimage"},"thumbnailUrl":"https:\/\/archiv.siov.sk\/wp-content\/uploads\/2024\/09\/DSC_6770.jpg","articleSection":["Aktuality"],"inLanguage":"en-GB"},{"@type":"WebPage","@id":"https:\/\/archiv.siov.sk\/otvaracia-konferencia-festivalu-zrucnosti\/","url":"https:\/\/archiv.siov.sk\/otvaracia-konferencia-festivalu-zrucnosti\/","name":"Otv\u00e1racia konferencia Festivalu zru\u010dnost\u00ed - \u0160IOV - \u0161t\u00e1tny in\u0161tit\u00fat odborn\u00e9ho vzdel\u00e1vania","isPartOf":{"@id":"https:\/\/archiv.siov.sk\/#website"},"primaryImageOfPage":{"@id":"https:\/\/archiv.siov.sk\/otvaracia-konferencia-festivalu-zrucnosti\/#primaryimage"},"image":{"@id":"https:\/\/archiv.siov.sk\/otvaracia-konferencia-festivalu-zrucnosti\/#primaryimage"},"thumbnailUrl":"https:\/\/archiv.siov.sk\/wp-content\/uploads\/2024\/09\/DSC_6770.jpg","datePublished":"2024-09-24T11:46:04+00:00","dateModified":"2025-07-03T08:26:40+00:00","breadcrumb":{"@id":"https:\/\/archiv.siov.sk\/otvaracia-konferencia-festivalu-zrucnosti\/#breadcrumb"},"inLanguage":"en-GB","potentialAction":[{"@type":"ReadAction","target":["https:\/\/archiv.siov.sk\/otvaracia-konferencia-festivalu-zrucnosti\/"]}]},{"@type":"ImageObject","inLanguage":"en-GB","@id":"https:\/\/archiv.siov.sk\/otvaracia-konferencia-festivalu-zrucnosti\/#primaryimage","url":"https:\/\/archiv.siov.sk\/wp-content\/uploads\/2024\/09\/DSC_6770.jpg","contentUrl":"https:\/\/archiv.siov.sk\/wp-content\/uploads\/2024\/09\/DSC_6770.jpg","width":1670,"height":1113,"caption":"konferencia festival zru\u010dnost\u00ed 2024"},{"@type":"BreadcrumbList","@id":"https:\/\/archiv.siov.sk\/otvaracia-konferencia-festivalu-zrucnosti\/#breadcrumb","itemListElement":[{"@type":"ListItem","position":1,"name":"Home","item":"https:\/\/archiv.siov.sk\/"},{"@type":"ListItem","position":2,"name":"Otv\u00e1racia konferencia Festivalu zru\u010dnost\u00ed"}]},{"@type":"WebSite","@id":"https:\/\/archiv.siov.sk\/#website","url":"https:\/\/archiv.siov.sk\/","name":"\u0160IOV - \u0161t\u00e1tny in\u0161tit\u00fat odborn\u00e9ho vzdel\u00e1vania","description":"","publisher":{"@id":"https:\/\/archiv.siov.sk\/#organization"},"potentialAction":[{"@type":"SearchAction","target":{"@type":"EntryPoint","urlTemplate":"https:\/\/archiv.siov.sk\/?s={search_term_string}"},"query-input":{"@type":"PropertyValueSpecification","valueRequired":true,"valueName":"search_term_string"}}],"inLanguage":"en-GB"},{"@type":"Organization","@id":"https:\/\/archiv.siov.sk\/#organization","name":"\u0160IOV - \u0161t\u00e1tny in\u0161tit\u00fat odborn\u00e9ho vzdel\u00e1vania","url":"https:\/\/archiv.siov.sk\/","logo":{"@type":"ImageObject","inLanguage":"en-GB","@id":"https:\/\/archiv.siov.sk\/#\/schema\/logo\/image\/","url":"https:\/\/archiv.siov.sk\/wp-content\/uploads\/2024\/02\/logo-SIOV.png","contentUrl":"https:\/\/archiv.siov.sk\/wp-content\/uploads\/2024\/02\/logo-SIOV.png","width":431,"height":143,"caption":"\u0160IOV - \u0161t\u00e1tny in\u0161tit\u00fat odborn\u00e9ho vzdel\u00e1vania"},"image":{"@id":"https:\/\/archiv.siov.sk\/#\/schema\/logo\/image\/"},"sameAs":["https:\/\/www.facebook.com\/Statnyinstitutodbornehovzdelavania"]},{"@type":"Person","@id":"https:\/\/archiv.siov.sk\/#\/schema\/person\/2d35146a9c0fa51b027e8ff319cee627","name":"Gabriela Budayov\u00e1","url":"https:\/\/archiv.siov.sk\/en\/author\/gabriela-budayova\/"}]}},"_links":{"self":[{"href":"https:\/\/archiv.siov.sk\/en\/wp-json\/wp\/v2\/posts\/16527","targetHints":{"allow":["GET"]}}],"collection":[{"href":"https:\/\/archiv.siov.sk\/en\/wp-json\/wp\/v2\/posts"}],"about":[{"href":"https:\/\/archiv.siov.sk\/en\/wp-json\/wp\/v2\/types\/post"}],"author":[{"embeddable":true,"href":"https:\/\/archiv.siov.sk\/en\/wp-json\/wp\/v2\/users\/10"}],"replies":[{"embeddable":true,"href":"https:\/\/archiv.siov.sk\/en\/wp-json\/wp\/v2\/comments?post=16527"}],"version-history":[{"count":7,"href":"https:\/\/archiv.siov.sk\/en\/wp-json\/wp\/v2\/posts\/16527\/revisions"}],"predecessor-version":[{"id":19761,"href":"https:\/\/archiv.siov.sk\/en\/wp-json\/wp\/v2\/posts\/16527\/revisions\/19761"}],"wp:featuredmedia":[{"embeddable":true,"href":"https:\/\/archiv.siov.sk\/en\/wp-json\/wp\/v2\/media\/16513"}],"wp:attachment":[{"href":"https:\/\/archiv.siov.sk\/en\/wp-json\/wp\/v2\/media?parent=16527"}],"wp:term":[{"taxonomy":"category","embeddable":true,"href":"https:\/\/archiv.siov.sk\/en\/wp-json\/wp\/v2\/categories?post=16527"},{"taxonomy":"post_tag","embeddable":true,"href":"https:\/\/archiv.siov.sk\/en\/wp-json\/wp\/v2\/tags?post=16527"}],"curies":[{"name":"wp","href":"https:\/\/api.w.org\/{rel}","templated":true}]}}