{"id":16479,"date":"2024-09-19T13:15:57","date_gmt":"2024-09-19T11:15:57","guid":{"rendered":"https:\/\/archiv.siov.sk\/?p=16479"},"modified":"2025-07-03T10:28:54","modified_gmt":"2025-07-03T08:28:54","slug":"festival-zrucnosti-v-zaverecnej-faze","status":"publish","type":"post","link":"https:\/\/archiv.siov.sk\/en\/festival-zrucnosti-v-zaverecnej-faze\/","title":{"rendered":"Pr\u00edpravy Festivalu zru\u010dnost\u00ed v z\u00e1vere\u010dnej f\u00e1ze"},"content":{"rendered":"<p>\u0160t\u00e1tny in\u0161tit\u00fat odborn\u00e9ho vzdel\u00e1vania v spolupr\u00e1ci s Ministerstvom \u0161kolstva, v\u00fdskumu, v\u00fdvoja a ml\u00e1de\u017ee, v\u00e1s srde\u010dne poz\u00fdvaj\u00fa na druh\u00fd ro\u010dn\u00edk <a href=\"https:\/\/mesiacvzdelavania.sk\/\" target=\"_blank\" rel=\"noopener\">Festivalu zru\u010dnost\u00ed<\/a>, ktor\u00fd sa uskuto\u010dn\u00ed <strong>23. a\u017e 27. septembra 2024<\/strong> v\u00a0Bratislave.<\/p>\n<p>Pr\u00edpravy s\u00fa v z\u00e1vere\u010dnej f\u00e1ze, sp\u00edkri s\u00fa potvrden\u00ed a s nad\u0161en\u00edm o\u010dak\u00e1vame otvorenie festivalu. Tento ro\u010dn\u00edk prinesie mno\u017estvo podujat\u00ed pre \u0161irok\u00e9 publikum \u2013 odborn\u00edkov z praxe, vzdel\u00e1vacie in\u0161tit\u00facie, organiz\u00e1cie podporuj\u00face vzdel\u00e1vanie, pedag\u00f3gov, \u0161tudentov stredn\u00fdch odborn\u00fdch \u0161k\u00f4l a verejnos\u0165.<\/p>\n<p>Pozrite si program jednotliv\u00fdch dn\u00ed a nenechajte si ujs\u0165 t\u00fd\u017ede\u0148 pln\u00fd vzdel\u00e1vania a objavovania nov\u00fdch pr\u00edle\u017eitost\u00ed.<\/p>\n<p><img fetchpriority=\"high\" decoding=\"async\" class=\"alignnone wp-image-16477\" src=\"https:\/\/archiv.siov.sk\/wp-content\/uploads\/2024\/09\/FZ2024_Program_Konferencia-212x300.png\" alt=\"program konferencia\" width=\"400\" height=\"566\" srcset=\"https:\/\/archiv.siov.sk\/wp-content\/uploads\/2024\/09\/FZ2024_Program_Konferencia-212x300.png 212w, https:\/\/archiv.siov.sk\/wp-content\/uploads\/2024\/09\/FZ2024_Program_Konferencia-724x1024.png 724w, https:\/\/archiv.siov.sk\/wp-content\/uploads\/2024\/09\/FZ2024_Program_Konferencia-768x1086.png 768w, https:\/\/archiv.siov.sk\/wp-content\/uploads\/2024\/09\/FZ2024_Program_Konferencia-1086x1536.png 1086w, https:\/\/archiv.siov.sk\/wp-content\/uploads\/2024\/09\/FZ2024_Program_Konferencia-8x12.png 8w, https:\/\/archiv.siov.sk\/wp-content\/uploads\/2024\/09\/FZ2024_Program_Konferencia.png 1414w\" sizes=\"(max-width: 400px) 100vw, 400px\" \/>\u00a0 \u00a0 \u00a0 \u00a0<img decoding=\"async\" class=\"alignnone wp-image-16501\" src=\"https:\/\/archiv.siov.sk\/wp-content\/uploads\/2024\/09\/FZ2024_Program-Salonu-technologii-1-212x300.png\" alt=\"Sal\u00f3n technol\u00f3gi\u00ed\" width=\"400\" height=\"566\" srcset=\"https:\/\/archiv.siov.sk\/wp-content\/uploads\/2024\/09\/FZ2024_Program-Salonu-technologii-1-212x300.png 212w, https:\/\/archiv.siov.sk\/wp-content\/uploads\/2024\/09\/FZ2024_Program-Salonu-technologii-1-724x1024.png 724w, https:\/\/archiv.siov.sk\/wp-content\/uploads\/2024\/09\/FZ2024_Program-Salonu-technologii-1-768x1086.png 768w, https:\/\/archiv.siov.sk\/wp-content\/uploads\/2024\/09\/FZ2024_Program-Salonu-technologii-1-1086x1536.png 1086w, https:\/\/archiv.siov.sk\/wp-content\/uploads\/2024\/09\/FZ2024_Program-Salonu-technologii-1-8x12.png 8w, https:\/\/archiv.siov.sk\/wp-content\/uploads\/2024\/09\/FZ2024_Program-Salonu-technologii-1.png 1414w\" sizes=\"(max-width: 400px) 100vw, 400px\" \/><\/p>\n<p><img decoding=\"async\" class=\"alignnone wp-image-16476\" src=\"https:\/\/archiv.siov.sk\/wp-content\/uploads\/2024\/09\/FZ2024_Program_Akademia-stredoskolskych-talentov_3-212x300.png\" alt=\"Akad\u00e9mia stredo\u0161kolsk\u00fdch talentov\" width=\"400\" height=\"566\" srcset=\"https:\/\/archiv.siov.sk\/wp-content\/uploads\/2024\/09\/FZ2024_Program_Akademia-stredoskolskych-talentov_3-212x300.png 212w, https:\/\/archiv.siov.sk\/wp-content\/uploads\/2024\/09\/FZ2024_Program_Akademia-stredoskolskych-talentov_3-724x1024.png 724w, https:\/\/archiv.siov.sk\/wp-content\/uploads\/2024\/09\/FZ2024_Program_Akademia-stredoskolskych-talentov_3-768x1086.png 768w, https:\/\/archiv.siov.sk\/wp-content\/uploads\/2024\/09\/FZ2024_Program_Akademia-stredoskolskych-talentov_3-1086x1536.png 1086w, https:\/\/archiv.siov.sk\/wp-content\/uploads\/2024\/09\/FZ2024_Program_Akademia-stredoskolskych-talentov_3-8x12.png 8w, https:\/\/archiv.siov.sk\/wp-content\/uploads\/2024\/09\/FZ2024_Program_Akademia-stredoskolskych-talentov_3.png 1414w\" sizes=\"(max-width: 400px) 100vw, 400px\" \/>\u00a0 \u00a0 \u00a0 \u00a0<img loading=\"lazy\" decoding=\"async\" class=\"alignnone wp-image-16474\" src=\"https:\/\/archiv.siov.sk\/wp-content\/uploads\/2024\/09\/FZ2024_Prehliadka-zrucnosti_4-212x300.png\" alt=\"Prezent\u00e1cia zru\u010dnost\u00ed Eurovea\" width=\"400\" height=\"566\" srcset=\"https:\/\/archiv.siov.sk\/wp-content\/uploads\/2024\/09\/FZ2024_Prehliadka-zrucnosti_4-212x300.png 212w, https:\/\/archiv.siov.sk\/wp-content\/uploads\/2024\/09\/FZ2024_Prehliadka-zrucnosti_4-724x1024.png 724w, https:\/\/archiv.siov.sk\/wp-content\/uploads\/2024\/09\/FZ2024_Prehliadka-zrucnosti_4-768x1086.png 768w, https:\/\/archiv.siov.sk\/wp-content\/uploads\/2024\/09\/FZ2024_Prehliadka-zrucnosti_4-1086x1536.png 1086w, https:\/\/archiv.siov.sk\/wp-content\/uploads\/2024\/09\/FZ2024_Prehliadka-zrucnosti_4-8x12.png 8w, https:\/\/archiv.siov.sk\/wp-content\/uploads\/2024\/09\/FZ2024_Prehliadka-zrucnosti_4.png 1414w\" sizes=\"(max-width: 400px) 100vw, 400px\" \/><\/p>\n<p>&nbsp;<\/p>\n<p>Viac inform\u00e1ci\u00ed n\u00e1jdete na <a href=\"https:\/\/mesiacvzdelavania.sk\/\" target=\"_blank\" rel=\"noopener\">www.festivalzrucnosti.sk<\/a><\/p>\n<p><strong>\u010eakujeme partnerom podujatia:<\/strong><\/p>\n<p><img loading=\"lazy\" decoding=\"async\" class=\"alignnone wp-image-16498\" src=\"https:\/\/archiv.siov.sk\/wp-content\/uploads\/2024\/09\/partneri_festivalu_zrucnosti-300x199.png\" alt=\"Partneri festivalu zru\u010dnost\u00ed\" width=\"650\" height=\"430\" srcset=\"https:\/\/archiv.siov.sk\/wp-content\/uploads\/2024\/09\/partneri_festivalu_zrucnosti-300x199.png 300w, https:\/\/archiv.siov.sk\/wp-content\/uploads\/2024\/09\/partneri_festivalu_zrucnosti-1024x678.png 1024w, https:\/\/archiv.siov.sk\/wp-content\/uploads\/2024\/09\/partneri_festivalu_zrucnosti-768x508.png 768w, https:\/\/archiv.siov.sk\/wp-content\/uploads\/2024\/09\/partneri_festivalu_zrucnosti-18x12.png 18w, https:\/\/archiv.siov.sk\/wp-content\/uploads\/2024\/09\/partneri_festivalu_zrucnosti.png 1336w\" sizes=\"(max-width: 650px) 100vw, 650px\" \/><\/p>\n<figure id=\"attachment_19606\" aria-describedby=\"caption-attachment-19606\" style=\"width: 450px\" class=\"wp-caption aligncenter\"><img loading=\"lazy\" decoding=\"async\" class=\"wp-image-19606\" src=\"https:\/\/archiv.siov.sk\/wp-content\/uploads\/2025\/06\/spolufinancovane-EU-300x86.png\" alt=\"spolufinancovany EU logo\" width=\"450\" height=\"128\" srcset=\"https:\/\/archiv.siov.sk\/wp-content\/uploads\/2025\/06\/spolufinancovane-EU-300x86.png 300w, https:\/\/archiv.siov.sk\/wp-content\/uploads\/2025\/06\/spolufinancovane-EU-18x5.png 18w, https:\/\/archiv.siov.sk\/wp-content\/uploads\/2025\/06\/spolufinancovane-EU.png 600w\" sizes=\"(max-width: 450px) 100vw, 450px\" \/><figcaption id=\"caption-attachment-19606\" class=\"wp-caption-text\">Financovan\u00e9 Eur\u00f3pskou \u00faniou. Vyjadren\u00e9 n\u00e1zory a postoje s\u00fa n\u00e1zormi a vyhl\u00e1seniami autora a nemusia nevyhnutne odr\u00e1\u017ea\u0165 n\u00e1zory a stanovisk\u00e1 Eur\u00f3pskej \u00fanie alebo Eur\u00f3pskej v\u00fdkonnej agent\u00fary pre vzdel\u00e1vanie a kult\u00faru (EACEA). Eur\u00f3pska \u00fania ani EACEA za ne nepreberaj\u00fa \u017eiadnu zodpovednos\u0165.<\/figcaption><\/figure>","protected":false},"excerpt":{"rendered":"<p>\u0160t\u00e1tny in\u0161tit\u00fat odborn\u00e9ho vzdel\u00e1vania v spolupr\u00e1ci s Ministerstvom \u0161kolstva, v\u00fdskumu, v\u00fdvoja a ml\u00e1de\u017ee, v\u00e1s srde\u010dne poz\u00fdvaj\u00fa na druh\u00fd ro\u010dn\u00edk Festivalu zru\u010dnost\u00ed, ktor\u00fd sa uskuto\u010dn\u00ed 23. a\u017e 27. septembra 2024 v\u00a0Bratislave. Pr\u00edpravy s\u00fa v z\u00e1vere\u010dnej f\u00e1ze, sp\u00edkri s\u00fa potvrden\u00ed a s nad\u0161en\u00edm o\u010dak\u00e1vame otvorenie festivalu. Tento ro\u010dn\u00edk prinesie mno\u017estvo podujat\u00ed pre \u0161irok\u00e9 publikum \u2013 odborn\u00edkov z [&hellip;]<\/p>\n","protected":false},"author":10,"featured_media":16485,"comment_status":"closed","ping_status":"closed","sticky":false,"template":"","format":"standard","meta":{"site-sidebar-layout":"default","site-content-layout":"","ast-site-content-layout":"default","site-content-style":"default","site-sidebar-style":"default","ast-global-header-display":"","ast-banner-title-visibility":"","ast-main-header-display":"","ast-hfb-above-header-display":"","ast-hfb-below-header-display":"","ast-hfb-mobile-header-display":"","site-post-title":"","ast-breadcrumbs-content":"","ast-featured-img":"","footer-sml-layout":"","ast-disable-related-posts":"","theme-transparent-header-meta":"default","adv-header-id-meta":"","stick-header-meta":"default","header-above-stick-meta":"","header-main-stick-meta":"","header-below-stick-meta":"","astra-migrate-meta-layouts":"set","ast-page-background-enabled":"default","ast-page-background-meta":{"desktop":{"background-color":"var(--ast-global-color-4)","background-image":"","background-repeat":"repeat","background-position":"center center","background-size":"auto","background-attachment":"scroll","background-type":"","background-media":"","overlay-type":"","overlay-color":"","overlay-opacity":"","overlay-gradient":""},"tablet":{"background-color":"","background-image":"","background-repeat":"repeat","background-position":"center center","background-size":"auto","background-attachment":"scroll","background-type":"","background-media":"","overlay-type":"","overlay-color":"","overlay-opacity":"","overlay-gradient":""},"mobile":{"background-color":"","background-image":"","background-repeat":"repeat","background-position":"center center","background-size":"auto","background-attachment":"scroll","background-type":"","background-media":"","overlay-type":"","overlay-color":"","overlay-opacity":"","overlay-gradient":""}},"ast-content-background-meta":{"desktop":{"background-color":"var(--ast-global-color-5)","background-image":"","background-repeat":"repeat","background-position":"center center","background-size":"auto","background-attachment":"scroll","background-type":"","background-media":"","overlay-type":"","overlay-color":"","overlay-opacity":"","overlay-gradient":""},"tablet":{"background-color":"var(--ast-global-color-5)","background-image":"","background-repeat":"repeat","background-position":"center center","background-size":"auto","background-attachment":"scroll","background-type":"","background-media":"","overlay-type":"","overlay-color":"","overlay-opacity":"","overlay-gradient":""},"mobile":{"background-color":"var(--ast-global-color-5)","background-image":"","background-repeat":"repeat","background-position":"center center","background-size":"auto","background-attachment":"scroll","background-type":"","background-media":"","overlay-type":"","overlay-color":"","overlay-opacity":"","overlay-gradient":""}},"footnotes":""},"categories":[1],"tags":[],"class_list":["post-16479","post","type-post","status-publish","format-standard","has-post-thumbnail","hentry","category-aktuality"],"yoast_head":"<!-- This site is optimized with the Yoast SEO plugin v27.5 - https:\/\/yoast.com\/product\/yoast-seo-wordpress\/ -->\n<title>Pr\u00edpravy Festivalu zru\u010dnost\u00ed v z\u00e1vere\u010dnej f\u00e1ze - \u0160IOV - \u0161t\u00e1tny in\u0161tit\u00fat odborn\u00e9ho vzdel\u00e1vania<\/title>\n<meta name=\"robots\" content=\"index, follow, max-snippet:-1, max-image-preview:large, max-video-preview:-1\" \/>\n<link rel=\"canonical\" href=\"https:\/\/archiv.siov.sk\/en\/festival-zrucnosti-v-zaverecnej-faze\/\" \/>\n<meta property=\"og:locale\" content=\"en_GB\" \/>\n<meta property=\"og:type\" content=\"article\" \/>\n<meta property=\"og:title\" content=\"Pr\u00edpravy Festivalu zru\u010dnost\u00ed v z\u00e1vere\u010dnej f\u00e1ze - \u0160IOV - \u0161t\u00e1tny in\u0161tit\u00fat odborn\u00e9ho vzdel\u00e1vania\" \/>\n<meta property=\"og:description\" content=\"\u0160t\u00e1tny in\u0161tit\u00fat odborn\u00e9ho vzdel\u00e1vania v spolupr\u00e1ci s Ministerstvom \u0161kolstva, v\u00fdskumu, v\u00fdvoja a ml\u00e1de\u017ee, v\u00e1s srde\u010dne poz\u00fdvaj\u00fa na druh\u00fd ro\u010dn\u00edk Festivalu zru\u010dnost\u00ed, ktor\u00fd sa uskuto\u010dn\u00ed 23. a\u017e 27. septembra 2024 v\u00a0Bratislave. Pr\u00edpravy s\u00fa v z\u00e1vere\u010dnej f\u00e1ze, sp\u00edkri s\u00fa potvrden\u00ed a s nad\u0161en\u00edm o\u010dak\u00e1vame otvorenie festivalu. Tento ro\u010dn\u00edk prinesie mno\u017estvo podujat\u00ed pre \u0161irok\u00e9 publikum \u2013 odborn\u00edkov z [&hellip;]\" \/>\n<meta property=\"og:url\" content=\"https:\/\/archiv.siov.sk\/en\/festival-zrucnosti-v-zaverecnej-faze\/\" \/>\n<meta property=\"og:site_name\" content=\"\u0160IOV - \u0161t\u00e1tny in\u0161tit\u00fat odborn\u00e9ho vzdel\u00e1vania\" \/>\n<meta property=\"article:publisher\" content=\"https:\/\/www.facebook.com\/Statnyinstitutodbornehovzdelavania\" \/>\n<meta property=\"article:published_time\" content=\"2024-09-19T11:15:57+00:00\" \/>\n<meta property=\"article:modified_time\" content=\"2025-07-03T08:28:54+00:00\" \/>\n<meta property=\"og:image\" content=\"https:\/\/archiv.siov.sk\/wp-content\/uploads\/2024\/09\/FZ_2024_Teaser-Instagram.png\" \/>\n\t<meta property=\"og:image:width\" content=\"1080\" \/>\n\t<meta property=\"og:image:height\" content=\"1080\" \/>\n\t<meta property=\"og:image:type\" content=\"image\/png\" \/>\n<meta name=\"author\" content=\"Gabriela Budayov\u00e1\" \/>\n<meta name=\"twitter:card\" content=\"summary_large_image\" \/>\n<meta name=\"twitter:label1\" content=\"Written by\" \/>\n\t<meta name=\"twitter:data1\" content=\"Gabriela Budayov\u00e1\" \/>\n\t<meta name=\"twitter:label2\" content=\"Estimated reading time\" \/>\n\t<meta name=\"twitter:data2\" content=\"3 minutes\" \/>\n<script type=\"application\/ld+json\" class=\"yoast-schema-graph\">{\"@context\":\"https:\\\/\\\/schema.org\",\"@graph\":[{\"@type\":\"Article\",\"@id\":\"https:\\\/\\\/archiv.siov.sk\\\/festival-zrucnosti-v-zaverecnej-faze\\\/#article\",\"isPartOf\":{\"@id\":\"https:\\\/\\\/archiv.siov.sk\\\/festival-zrucnosti-v-zaverecnej-faze\\\/\"},\"author\":{\"name\":\"Gabriela Budayov\u00e1\",\"@id\":\"https:\\\/\\\/archiv.siov.sk\\\/#\\\/schema\\\/person\\\/2d35146a9c0fa51b027e8ff319cee627\"},\"headline\":\"Pr\u00edpravy Festivalu zru\u010dnost\u00ed v z\u00e1vere\u010dnej f\u00e1ze\",\"datePublished\":\"2024-09-19T11:15:57+00:00\",\"dateModified\":\"2025-07-03T08:28:54+00:00\",\"mainEntityOfPage\":{\"@id\":\"https:\\\/\\\/archiv.siov.sk\\\/festival-zrucnosti-v-zaverecnej-faze\\\/\"},\"wordCount\":210,\"publisher\":{\"@id\":\"https:\\\/\\\/archiv.siov.sk\\\/#organization\"},\"image\":{\"@id\":\"https:\\\/\\\/archiv.siov.sk\\\/festival-zrucnosti-v-zaverecnej-faze\\\/#primaryimage\"},\"thumbnailUrl\":\"https:\\\/\\\/archiv.siov.sk\\\/wp-content\\\/uploads\\\/2024\\\/09\\\/FZ_2024_Teaser-Instagram.png\",\"articleSection\":[\"Aktuality\"],\"inLanguage\":\"en-GB\"},{\"@type\":\"WebPage\",\"@id\":\"https:\\\/\\\/archiv.siov.sk\\\/festival-zrucnosti-v-zaverecnej-faze\\\/\",\"url\":\"https:\\\/\\\/archiv.siov.sk\\\/festival-zrucnosti-v-zaverecnej-faze\\\/\",\"name\":\"Pr\u00edpravy Festivalu zru\u010dnost\u00ed v z\u00e1vere\u010dnej f\u00e1ze - \u0160IOV - \u0161t\u00e1tny in\u0161tit\u00fat odborn\u00e9ho vzdel\u00e1vania\",\"isPartOf\":{\"@id\":\"https:\\\/\\\/archiv.siov.sk\\\/#website\"},\"primaryImageOfPage\":{\"@id\":\"https:\\\/\\\/archiv.siov.sk\\\/festival-zrucnosti-v-zaverecnej-faze\\\/#primaryimage\"},\"image\":{\"@id\":\"https:\\\/\\\/archiv.siov.sk\\\/festival-zrucnosti-v-zaverecnej-faze\\\/#primaryimage\"},\"thumbnailUrl\":\"https:\\\/\\\/archiv.siov.sk\\\/wp-content\\\/uploads\\\/2024\\\/09\\\/FZ_2024_Teaser-Instagram.png\",\"datePublished\":\"2024-09-19T11:15:57+00:00\",\"dateModified\":\"2025-07-03T08:28:54+00:00\",\"breadcrumb\":{\"@id\":\"https:\\\/\\\/archiv.siov.sk\\\/festival-zrucnosti-v-zaverecnej-faze\\\/#breadcrumb\"},\"inLanguage\":\"en-GB\",\"potentialAction\":[{\"@type\":\"ReadAction\",\"target\":[\"https:\\\/\\\/archiv.siov.sk\\\/festival-zrucnosti-v-zaverecnej-faze\\\/\"]}]},{\"@type\":\"ImageObject\",\"inLanguage\":\"en-GB\",\"@id\":\"https:\\\/\\\/archiv.siov.sk\\\/festival-zrucnosti-v-zaverecnej-faze\\\/#primaryimage\",\"url\":\"https:\\\/\\\/archiv.siov.sk\\\/wp-content\\\/uploads\\\/2024\\\/09\\\/FZ_2024_Teaser-Instagram.png\",\"contentUrl\":\"https:\\\/\\\/archiv.siov.sk\\\/wp-content\\\/uploads\\\/2024\\\/09\\\/FZ_2024_Teaser-Instagram.png\",\"width\":1080,\"height\":1080,\"caption\":\"Festival zru\u010dnost\u00ed\"},{\"@type\":\"BreadcrumbList\",\"@id\":\"https:\\\/\\\/archiv.siov.sk\\\/festival-zrucnosti-v-zaverecnej-faze\\\/#breadcrumb\",\"itemListElement\":[{\"@type\":\"ListItem\",\"position\":1,\"name\":\"Home\",\"item\":\"https:\\\/\\\/archiv.siov.sk\\\/\"},{\"@type\":\"ListItem\",\"position\":2,\"name\":\"Pr\u00edpravy Festivalu zru\u010dnost\u00ed v z\u00e1vere\u010dnej f\u00e1ze\"}]},{\"@type\":\"WebSite\",\"@id\":\"https:\\\/\\\/archiv.siov.sk\\\/#website\",\"url\":\"https:\\\/\\\/archiv.siov.sk\\\/\",\"name\":\"\u0160IOV - \u0161t\u00e1tny in\u0161tit\u00fat odborn\u00e9ho vzdel\u00e1vania\",\"description\":\"\",\"publisher\":{\"@id\":\"https:\\\/\\\/archiv.siov.sk\\\/#organization\"},\"potentialAction\":[{\"@type\":\"SearchAction\",\"target\":{\"@type\":\"EntryPoint\",\"urlTemplate\":\"https:\\\/\\\/archiv.siov.sk\\\/?s={search_term_string}\"},\"query-input\":{\"@type\":\"PropertyValueSpecification\",\"valueRequired\":true,\"valueName\":\"search_term_string\"}}],\"inLanguage\":\"en-GB\"},{\"@type\":\"Organization\",\"@id\":\"https:\\\/\\\/archiv.siov.sk\\\/#organization\",\"name\":\"\u0160IOV - \u0161t\u00e1tny in\u0161tit\u00fat odborn\u00e9ho vzdel\u00e1vania\",\"url\":\"https:\\\/\\\/archiv.siov.sk\\\/\",\"logo\":{\"@type\":\"ImageObject\",\"inLanguage\":\"en-GB\",\"@id\":\"https:\\\/\\\/archiv.siov.sk\\\/#\\\/schema\\\/logo\\\/image\\\/\",\"url\":\"https:\\\/\\\/archiv.siov.sk\\\/wp-content\\\/uploads\\\/2024\\\/02\\\/logo-SIOV.png\",\"contentUrl\":\"https:\\\/\\\/archiv.siov.sk\\\/wp-content\\\/uploads\\\/2024\\\/02\\\/logo-SIOV.png\",\"width\":431,\"height\":143,\"caption\":\"\u0160IOV - \u0161t\u00e1tny in\u0161tit\u00fat odborn\u00e9ho vzdel\u00e1vania\"},\"image\":{\"@id\":\"https:\\\/\\\/archiv.siov.sk\\\/#\\\/schema\\\/logo\\\/image\\\/\"},\"sameAs\":[\"https:\\\/\\\/www.facebook.com\\\/Statnyinstitutodbornehovzdelavania\"]},{\"@type\":\"Person\",\"@id\":\"https:\\\/\\\/archiv.siov.sk\\\/#\\\/schema\\\/person\\\/2d35146a9c0fa51b027e8ff319cee627\",\"name\":\"Gabriela Budayov\u00e1\",\"url\":\"https:\\\/\\\/archiv.siov.sk\\\/en\\\/author\\\/gabriela-budayova\\\/\"}]}<\/script>\n<!-- \/ Yoast SEO plugin. -->","yoast_head_json":{"title":"Pr\u00edpravy Festivalu zru\u010dnost\u00ed v z\u00e1vere\u010dnej f\u00e1ze - \u0160IOV - \u0161t\u00e1tny in\u0161tit\u00fat odborn\u00e9ho vzdel\u00e1vania","robots":{"index":"index","follow":"follow","max-snippet":"max-snippet:-1","max-image-preview":"max-image-preview:large","max-video-preview":"max-video-preview:-1"},"canonical":"https:\/\/archiv.siov.sk\/en\/festival-zrucnosti-v-zaverecnej-faze\/","og_locale":"en_GB","og_type":"article","og_title":"Pr\u00edpravy Festivalu zru\u010dnost\u00ed v z\u00e1vere\u010dnej f\u00e1ze - \u0160IOV - \u0161t\u00e1tny in\u0161tit\u00fat odborn\u00e9ho vzdel\u00e1vania","og_description":"\u0160t\u00e1tny in\u0161tit\u00fat odborn\u00e9ho vzdel\u00e1vania v spolupr\u00e1ci s Ministerstvom \u0161kolstva, v\u00fdskumu, v\u00fdvoja a ml\u00e1de\u017ee, v\u00e1s srde\u010dne poz\u00fdvaj\u00fa na druh\u00fd ro\u010dn\u00edk Festivalu zru\u010dnost\u00ed, ktor\u00fd sa uskuto\u010dn\u00ed 23. a\u017e 27. septembra 2024 v\u00a0Bratislave. Pr\u00edpravy s\u00fa v z\u00e1vere\u010dnej f\u00e1ze, sp\u00edkri s\u00fa potvrden\u00ed a s nad\u0161en\u00edm o\u010dak\u00e1vame otvorenie festivalu. Tento ro\u010dn\u00edk prinesie mno\u017estvo podujat\u00ed pre \u0161irok\u00e9 publikum \u2013 odborn\u00edkov z [&hellip;]","og_url":"https:\/\/archiv.siov.sk\/en\/festival-zrucnosti-v-zaverecnej-faze\/","og_site_name":"\u0160IOV - \u0161t\u00e1tny in\u0161tit\u00fat odborn\u00e9ho vzdel\u00e1vania","article_publisher":"https:\/\/www.facebook.com\/Statnyinstitutodbornehovzdelavania","article_published_time":"2024-09-19T11:15:57+00:00","article_modified_time":"2025-07-03T08:28:54+00:00","og_image":[{"width":1080,"height":1080,"url":"https:\/\/archiv.siov.sk\/wp-content\/uploads\/2024\/09\/FZ_2024_Teaser-Instagram.png","type":"image\/png"}],"author":"Gabriela Budayov\u00e1","twitter_card":"summary_large_image","twitter_misc":{"Written by":"Gabriela Budayov\u00e1","Estimated reading time":"3 minutes"},"schema":{"@context":"https:\/\/schema.org","@graph":[{"@type":"Article","@id":"https:\/\/archiv.siov.sk\/festival-zrucnosti-v-zaverecnej-faze\/#article","isPartOf":{"@id":"https:\/\/archiv.siov.sk\/festival-zrucnosti-v-zaverecnej-faze\/"},"author":{"name":"Gabriela Budayov\u00e1","@id":"https:\/\/archiv.siov.sk\/#\/schema\/person\/2d35146a9c0fa51b027e8ff319cee627"},"headline":"Pr\u00edpravy Festivalu zru\u010dnost\u00ed v z\u00e1vere\u010dnej f\u00e1ze","datePublished":"2024-09-19T11:15:57+00:00","dateModified":"2025-07-03T08:28:54+00:00","mainEntityOfPage":{"@id":"https:\/\/archiv.siov.sk\/festival-zrucnosti-v-zaverecnej-faze\/"},"wordCount":210,"publisher":{"@id":"https:\/\/archiv.siov.sk\/#organization"},"image":{"@id":"https:\/\/archiv.siov.sk\/festival-zrucnosti-v-zaverecnej-faze\/#primaryimage"},"thumbnailUrl":"https:\/\/archiv.siov.sk\/wp-content\/uploads\/2024\/09\/FZ_2024_Teaser-Instagram.png","articleSection":["Aktuality"],"inLanguage":"en-GB"},{"@type":"WebPage","@id":"https:\/\/archiv.siov.sk\/festival-zrucnosti-v-zaverecnej-faze\/","url":"https:\/\/archiv.siov.sk\/festival-zrucnosti-v-zaverecnej-faze\/","name":"Pr\u00edpravy Festivalu zru\u010dnost\u00ed v z\u00e1vere\u010dnej f\u00e1ze - \u0160IOV - \u0161t\u00e1tny in\u0161tit\u00fat odborn\u00e9ho vzdel\u00e1vania","isPartOf":{"@id":"https:\/\/archiv.siov.sk\/#website"},"primaryImageOfPage":{"@id":"https:\/\/archiv.siov.sk\/festival-zrucnosti-v-zaverecnej-faze\/#primaryimage"},"image":{"@id":"https:\/\/archiv.siov.sk\/festival-zrucnosti-v-zaverecnej-faze\/#primaryimage"},"thumbnailUrl":"https:\/\/archiv.siov.sk\/wp-content\/uploads\/2024\/09\/FZ_2024_Teaser-Instagram.png","datePublished":"2024-09-19T11:15:57+00:00","dateModified":"2025-07-03T08:28:54+00:00","breadcrumb":{"@id":"https:\/\/archiv.siov.sk\/festival-zrucnosti-v-zaverecnej-faze\/#breadcrumb"},"inLanguage":"en-GB","potentialAction":[{"@type":"ReadAction","target":["https:\/\/archiv.siov.sk\/festival-zrucnosti-v-zaverecnej-faze\/"]}]},{"@type":"ImageObject","inLanguage":"en-GB","@id":"https:\/\/archiv.siov.sk\/festival-zrucnosti-v-zaverecnej-faze\/#primaryimage","url":"https:\/\/archiv.siov.sk\/wp-content\/uploads\/2024\/09\/FZ_2024_Teaser-Instagram.png","contentUrl":"https:\/\/archiv.siov.sk\/wp-content\/uploads\/2024\/09\/FZ_2024_Teaser-Instagram.png","width":1080,"height":1080,"caption":"Festival zru\u010dnost\u00ed"},{"@type":"BreadcrumbList","@id":"https:\/\/archiv.siov.sk\/festival-zrucnosti-v-zaverecnej-faze\/#breadcrumb","itemListElement":[{"@type":"ListItem","position":1,"name":"Home","item":"https:\/\/archiv.siov.sk\/"},{"@type":"ListItem","position":2,"name":"Pr\u00edpravy Festivalu zru\u010dnost\u00ed v z\u00e1vere\u010dnej f\u00e1ze"}]},{"@type":"WebSite","@id":"https:\/\/archiv.siov.sk\/#website","url":"https:\/\/archiv.siov.sk\/","name":"\u0160IOV - \u0161t\u00e1tny in\u0161tit\u00fat odborn\u00e9ho vzdel\u00e1vania","description":"","publisher":{"@id":"https:\/\/archiv.siov.sk\/#organization"},"potentialAction":[{"@type":"SearchAction","target":{"@type":"EntryPoint","urlTemplate":"https:\/\/archiv.siov.sk\/?s={search_term_string}"},"query-input":{"@type":"PropertyValueSpecification","valueRequired":true,"valueName":"search_term_string"}}],"inLanguage":"en-GB"},{"@type":"Organization","@id":"https:\/\/archiv.siov.sk\/#organization","name":"\u0160IOV - \u0161t\u00e1tny in\u0161tit\u00fat odborn\u00e9ho vzdel\u00e1vania","url":"https:\/\/archiv.siov.sk\/","logo":{"@type":"ImageObject","inLanguage":"en-GB","@id":"https:\/\/archiv.siov.sk\/#\/schema\/logo\/image\/","url":"https:\/\/archiv.siov.sk\/wp-content\/uploads\/2024\/02\/logo-SIOV.png","contentUrl":"https:\/\/archiv.siov.sk\/wp-content\/uploads\/2024\/02\/logo-SIOV.png","width":431,"height":143,"caption":"\u0160IOV - \u0161t\u00e1tny in\u0161tit\u00fat odborn\u00e9ho vzdel\u00e1vania"},"image":{"@id":"https:\/\/archiv.siov.sk\/#\/schema\/logo\/image\/"},"sameAs":["https:\/\/www.facebook.com\/Statnyinstitutodbornehovzdelavania"]},{"@type":"Person","@id":"https:\/\/archiv.siov.sk\/#\/schema\/person\/2d35146a9c0fa51b027e8ff319cee627","name":"Gabriela Budayov\u00e1","url":"https:\/\/archiv.siov.sk\/en\/author\/gabriela-budayova\/"}]}},"_links":{"self":[{"href":"https:\/\/archiv.siov.sk\/en\/wp-json\/wp\/v2\/posts\/16479","targetHints":{"allow":["GET"]}}],"collection":[{"href":"https:\/\/archiv.siov.sk\/en\/wp-json\/wp\/v2\/posts"}],"about":[{"href":"https:\/\/archiv.siov.sk\/en\/wp-json\/wp\/v2\/types\/post"}],"author":[{"embeddable":true,"href":"https:\/\/archiv.siov.sk\/en\/wp-json\/wp\/v2\/users\/10"}],"replies":[{"embeddable":true,"href":"https:\/\/archiv.siov.sk\/en\/wp-json\/wp\/v2\/comments?post=16479"}],"version-history":[{"count":15,"href":"https:\/\/archiv.siov.sk\/en\/wp-json\/wp\/v2\/posts\/16479\/revisions"}],"predecessor-version":[{"id":19762,"href":"https:\/\/archiv.siov.sk\/en\/wp-json\/wp\/v2\/posts\/16479\/revisions\/19762"}],"wp:featuredmedia":[{"embeddable":true,"href":"https:\/\/archiv.siov.sk\/en\/wp-json\/wp\/v2\/media\/16485"}],"wp:attachment":[{"href":"https:\/\/archiv.siov.sk\/en\/wp-json\/wp\/v2\/media?parent=16479"}],"wp:term":[{"taxonomy":"category","embeddable":true,"href":"https:\/\/archiv.siov.sk\/en\/wp-json\/wp\/v2\/categories?post=16479"},{"taxonomy":"post_tag","embeddable":true,"href":"https:\/\/archiv.siov.sk\/en\/wp-json\/wp\/v2\/tags?post=16479"}],"curies":[{"name":"wp","href":"https:\/\/api.w.org\/{rel}","templated":true}]}}