{"id":16414,"date":"2024-09-02T10:45:40","date_gmt":"2024-09-02T08:45:40","guid":{"rendered":"https:\/\/archiv.siov.sk\/?p=16414"},"modified":"2025-02-18T09:49:37","modified_gmt":"2025-02-18T08:49:37","slug":"spolocne-ranajky-v-siov-ii","status":"publish","type":"post","link":"https:\/\/archiv.siov.sk\/en\/spolocne-ranajky-v-siov-ii\/","title":{"rendered":"Spolo\u010dn\u00e9 ra\u0148ajky v \u0160IOV II"},"content":{"rendered":"<p>D\u0148a 21. augusta 2024 sa zamestnanci \u0160t\u00e1tneho in\u0161tit\u00fatu odborn\u00e9ho vzdel\u00e1vania (\u0160IOV) stretli na druh\u00fdch spolo\u010dn\u00fdch ra\u0148ajk\u00e1ch, ktor\u00e9 sa postupne st\u00e1vaj\u00fa novou trad\u00edciou.<\/p>\n<p>V pr\u00edjemnej atmosf\u00e9re sme diskutovali o nadch\u00e1dzaj\u00facich aktivit\u00e1ch, novink\u00e1ch a pl\u00e1noch in\u0161tit\u00fatu. Cie\u013eom t\u00fdchto stretnut\u00ed je nielen posilnenie komunik\u00e1cie medzi zamestnancami, ale aj podpora t\u00edmovej spolupr\u00e1ce.<\/p>\n<p><img fetchpriority=\"high\" decoding=\"async\" class=\"wp-image-16417 alignright\" src=\"https:\/\/archiv.siov.sk\/wp-content\/uploads\/2024\/09\/ranajky_statny_institut_odborneho_vzdelavania-300x190.jpg\" alt=\"\" width=\"415\" height=\"263\" srcset=\"https:\/\/archiv.siov.sk\/wp-content\/uploads\/2024\/09\/ranajky_statny_institut_odborneho_vzdelavania-300x190.jpg 300w, https:\/\/archiv.siov.sk\/wp-content\/uploads\/2024\/09\/ranajky_statny_institut_odborneho_vzdelavania-1024x650.jpg 1024w, https:\/\/archiv.siov.sk\/wp-content\/uploads\/2024\/09\/ranajky_statny_institut_odborneho_vzdelavania-768x488.jpg 768w, https:\/\/archiv.siov.sk\/wp-content\/uploads\/2024\/09\/ranajky_statny_institut_odborneho_vzdelavania-1536x975.jpg 1536w, https:\/\/archiv.siov.sk\/wp-content\/uploads\/2024\/09\/ranajky_statny_institut_odborneho_vzdelavania-18x12.jpg 18w, https:\/\/archiv.siov.sk\/wp-content\/uploads\/2024\/09\/ranajky_statny_institut_odborneho_vzdelavania.jpg 2048w\" sizes=\"(max-width: 415px) 100vw, 415px\" \/><\/p>\n<p>Program stretnutia zah\u0155\u0148al nieko\u013eko d\u00f4le\u017eit\u00fdch bodov:<\/p>\n<ul>\n<li><strong>Festival zru\u010dnost\u00ed<\/strong> (Tatiana Haviarov\u00e1)<\/li>\n<li><strong>Hodnoty \u0160IOV<\/strong> (\u013dubica G\u00e1llov\u00e1)<\/li>\n<li><strong>Ak\u010dn\u00fd pl\u00e1n zlep\u0161ovania<\/strong> (Jana \u010cuvalov\u00e1)<\/li>\n<li><strong>Medzin\u00e1rodn\u00fd ve\u013etrh cvi\u010dn\u00fdch firiem Slovensko 2024<\/strong> v Bratislave (Gabriela Horeck\u00e1)<\/li>\n<li><strong>Harmonogram s\u00fa\u0165a\u017e\u00ed pre \u0161kolsk\u00fd rok 2024\/25<\/strong> (Vlasta P\u00fachovsk\u00e1)<\/li>\n<\/ul>\n<p>Ra\u0148ajky vytv\u00e1raj\u00fa priestor nielen na form\u00e1lnu v\u00fdmenu inform\u00e1ci\u00ed, ale aj na n\u00e1sledn\u00fa neform\u00e1lnu diskusiu a zdie\u013eanie n\u00e1padov, \u010do zvy\u0161uje efektivitu spolupr\u00e1ce v r\u00e1mci n\u00e1\u0161ho in\u0161tit\u00fatu.<\/p>\n<p><img decoding=\"async\" class=\"alignnone wp-image-16419\" src=\"https:\/\/archiv.siov.sk\/wp-content\/uploads\/2024\/09\/ranajky_siov_caf-289x300.jpg\" alt=\"\" width=\"320\" height=\"332\" srcset=\"https:\/\/archiv.siov.sk\/wp-content\/uploads\/2024\/09\/ranajky_siov_caf-289x300.jpg 289w, https:\/\/archiv.siov.sk\/wp-content\/uploads\/2024\/09\/ranajky_siov_caf-986x1024.jpg 986w, https:\/\/archiv.siov.sk\/wp-content\/uploads\/2024\/09\/ranajky_siov_caf-768x798.jpg 768w, https:\/\/archiv.siov.sk\/wp-content\/uploads\/2024\/09\/ranajky_siov_caf-1479x1536.jpg 1479w, https:\/\/archiv.siov.sk\/wp-content\/uploads\/2024\/09\/ranajky_siov_caf-12x12.jpg 12w, https:\/\/archiv.siov.sk\/wp-content\/uploads\/2024\/09\/ranajky_siov_caf.jpg 1536w\" sizes=\"(max-width: 320px) 100vw, 320px\" \/> <img decoding=\"async\" class=\"alignnone wp-image-16416\" src=\"https:\/\/archiv.siov.sk\/wp-content\/uploads\/2024\/09\/ranajky_siov_august-225x300.jpg\" alt=\"\" width=\"250\" height=\"333\" srcset=\"https:\/\/archiv.siov.sk\/wp-content\/uploads\/2024\/09\/ranajky_siov_august-225x300.jpg 225w, https:\/\/archiv.siov.sk\/wp-content\/uploads\/2024\/09\/ranajky_siov_august-768x1024.jpg 768w, https:\/\/archiv.siov.sk\/wp-content\/uploads\/2024\/09\/ranajky_siov_august-1152x1536.jpg 1152w, https:\/\/archiv.siov.sk\/wp-content\/uploads\/2024\/09\/ranajky_siov_august-9x12.jpg 9w, https:\/\/archiv.siov.sk\/wp-content\/uploads\/2024\/09\/ranajky_siov_august.jpg 1536w\" sizes=\"(max-width: 250px) 100vw, 250px\" \/><\/p>","protected":false},"excerpt":{"rendered":"<p>D\u0148a 21. augusta 2024 sa zamestnanci \u0160t\u00e1tneho in\u0161tit\u00fatu odborn\u00e9ho vzdel\u00e1vania (\u0160IOV) stretli na druh\u00fdch spolo\u010dn\u00fdch ra\u0148ajk\u00e1ch, ktor\u00e9 sa postupne st\u00e1vaj\u00fa novou trad\u00edciou. V pr\u00edjemnej atmosf\u00e9re sme diskutovali o nadch\u00e1dzaj\u00facich aktivit\u00e1ch, novink\u00e1ch a pl\u00e1noch in\u0161tit\u00fatu. Cie\u013eom t\u00fdchto stretnut\u00ed je nielen posilnenie komunik\u00e1cie medzi zamestnancami, ale aj podpora t\u00edmovej spolupr\u00e1ce. Program stretnutia zah\u0155\u0148al nieko\u013eko d\u00f4le\u017eit\u00fdch bodov: Festival [&hellip;]<\/p>\n","protected":false},"author":10,"featured_media":16421,"comment_status":"closed","ping_status":"closed","sticky":false,"template":"","format":"standard","meta":{"site-sidebar-layout":"default","site-content-layout":"","ast-site-content-layout":"default","site-content-style":"default","site-sidebar-style":"default","ast-global-header-display":"","ast-banner-title-visibility":"","ast-main-header-display":"","ast-hfb-above-header-display":"","ast-hfb-below-header-display":"","ast-hfb-mobile-header-display":"","site-post-title":"","ast-breadcrumbs-content":"","ast-featured-img":"","footer-sml-layout":"","ast-disable-related-posts":"","theme-transparent-header-meta":"default","adv-header-id-meta":"","stick-header-meta":"default","header-above-stick-meta":"","header-main-stick-meta":"","header-below-stick-meta":"","astra-migrate-meta-layouts":"set","ast-page-background-enabled":"default","ast-page-background-meta":{"desktop":{"background-color":"var(--ast-global-color-4)","background-image":"","background-repeat":"repeat","background-position":"center center","background-size":"auto","background-attachment":"scroll","background-type":"","background-media":"","overlay-type":"","overlay-color":"","overlay-opacity":"","overlay-gradient":""},"tablet":{"background-color":"","background-image":"","background-repeat":"repeat","background-position":"center center","background-size":"auto","background-attachment":"scroll","background-type":"","background-media":"","overlay-type":"","overlay-color":"","overlay-opacity":"","overlay-gradient":""},"mobile":{"background-color":"","background-image":"","background-repeat":"repeat","background-position":"center center","background-size":"auto","background-attachment":"scroll","background-type":"","background-media":"","overlay-type":"","overlay-color":"","overlay-opacity":"","overlay-gradient":""}},"ast-content-background-meta":{"desktop":{"background-color":"var(--ast-global-color-5)","background-image":"","background-repeat":"repeat","background-position":"center center","background-size":"auto","background-attachment":"scroll","background-type":"","background-media":"","overlay-type":"","overlay-color":"","overlay-opacity":"","overlay-gradient":""},"tablet":{"background-color":"var(--ast-global-color-5)","background-image":"","background-repeat":"repeat","background-position":"center center","background-size":"auto","background-attachment":"scroll","background-type":"","background-media":"","overlay-type":"","overlay-color":"","overlay-opacity":"","overlay-gradient":""},"mobile":{"background-color":"var(--ast-global-color-5)","background-image":"","background-repeat":"repeat","background-position":"center center","background-size":"auto","background-attachment":"scroll","background-type":"","background-media":"","overlay-type":"","overlay-color":"","overlay-opacity":"","overlay-gradient":""}},"footnotes":""},"categories":[24],"tags":[],"class_list":["post-16414","post","type-post","status-publish","format-standard","has-post-thumbnail","hentry","category-caf"],"yoast_head":"<!-- This site is optimized with the Yoast SEO plugin v27.5 - https:\/\/yoast.com\/product\/yoast-seo-wordpress\/ -->\n<title>Spolo\u010dn\u00e9 ra\u0148ajky v \u0160IOV II - \u0160IOV - \u0161t\u00e1tny in\u0161tit\u00fat odborn\u00e9ho vzdel\u00e1vania<\/title>\n<meta name=\"robots\" content=\"index, follow, max-snippet:-1, max-image-preview:large, max-video-preview:-1\" \/>\n<link rel=\"canonical\" href=\"https:\/\/archiv.siov.sk\/en\/spolocne-ranajky-v-siov-ii\/\" \/>\n<meta property=\"og:locale\" content=\"en_GB\" \/>\n<meta property=\"og:type\" content=\"article\" \/>\n<meta property=\"og:title\" content=\"Spolo\u010dn\u00e9 ra\u0148ajky v \u0160IOV II - \u0160IOV - \u0161t\u00e1tny in\u0161tit\u00fat odborn\u00e9ho vzdel\u00e1vania\" \/>\n<meta property=\"og:description\" content=\"D\u0148a 21. augusta 2024 sa zamestnanci \u0160t\u00e1tneho in\u0161tit\u00fatu odborn\u00e9ho vzdel\u00e1vania (\u0160IOV) stretli na druh\u00fdch spolo\u010dn\u00fdch ra\u0148ajk\u00e1ch, ktor\u00e9 sa postupne st\u00e1vaj\u00fa novou trad\u00edciou. V pr\u00edjemnej atmosf\u00e9re sme diskutovali o nadch\u00e1dzaj\u00facich aktivit\u00e1ch, novink\u00e1ch a pl\u00e1noch in\u0161tit\u00fatu. Cie\u013eom t\u00fdchto stretnut\u00ed je nielen posilnenie komunik\u00e1cie medzi zamestnancami, ale aj podpora t\u00edmovej spolupr\u00e1ce. Program stretnutia zah\u0155\u0148al nieko\u013eko d\u00f4le\u017eit\u00fdch bodov: Festival [&hellip;]\" \/>\n<meta property=\"og:url\" content=\"https:\/\/archiv.siov.sk\/en\/spolocne-ranajky-v-siov-ii\/\" \/>\n<meta property=\"og:site_name\" content=\"\u0160IOV - \u0161t\u00e1tny in\u0161tit\u00fat odborn\u00e9ho vzdel\u00e1vania\" \/>\n<meta property=\"article:publisher\" content=\"https:\/\/www.facebook.com\/Statnyinstitutodbornehovzdelavania\" \/>\n<meta property=\"article:published_time\" content=\"2024-09-02T08:45:40+00:00\" \/>\n<meta property=\"article:modified_time\" content=\"2025-02-18T08:49:37+00:00\" \/>\n<meta property=\"og:image\" content=\"https:\/\/archiv.siov.sk\/wp-content\/uploads\/2024\/09\/spolocne_ranajky_siov_caf.png\" \/>\n\t<meta property=\"og:image:width\" content=\"940\" \/>\n\t<meta property=\"og:image:height\" content=\"788\" \/>\n\t<meta property=\"og:image:type\" content=\"image\/png\" \/>\n<meta name=\"author\" content=\"Gabriela Budayov\u00e1\" \/>\n<meta name=\"twitter:card\" content=\"summary_large_image\" \/>\n<meta name=\"twitter:label1\" content=\"Written by\" \/>\n\t<meta name=\"twitter:data1\" content=\"Gabriela Budayov\u00e1\" \/>\n\t<meta name=\"twitter:label2\" content=\"Estimated reading time\" \/>\n\t<meta name=\"twitter:data2\" content=\"2 minutes\" \/>\n<script type=\"application\/ld+json\" class=\"yoast-schema-graph\">{\"@context\":\"https:\\\/\\\/schema.org\",\"@graph\":[{\"@type\":\"Article\",\"@id\":\"https:\\\/\\\/archiv.siov.sk\\\/spolocne-ranajky-v-siov-ii\\\/#article\",\"isPartOf\":{\"@id\":\"https:\\\/\\\/archiv.siov.sk\\\/spolocne-ranajky-v-siov-ii\\\/\"},\"author\":{\"name\":\"Gabriela Budayov\u00e1\",\"@id\":\"https:\\\/\\\/archiv.siov.sk\\\/#\\\/schema\\\/person\\\/2d35146a9c0fa51b027e8ff319cee627\"},\"headline\":\"Spolo\u010dn\u00e9 ra\u0148ajky v \u0160IOV II\",\"datePublished\":\"2024-09-02T08:45:40+00:00\",\"dateModified\":\"2025-02-18T08:49:37+00:00\",\"mainEntityOfPage\":{\"@id\":\"https:\\\/\\\/archiv.siov.sk\\\/spolocne-ranajky-v-siov-ii\\\/\"},\"wordCount\":171,\"publisher\":{\"@id\":\"https:\\\/\\\/archiv.siov.sk\\\/#organization\"},\"image\":{\"@id\":\"https:\\\/\\\/archiv.siov.sk\\\/spolocne-ranajky-v-siov-ii\\\/#primaryimage\"},\"thumbnailUrl\":\"https:\\\/\\\/archiv.siov.sk\\\/wp-content\\\/uploads\\\/2024\\\/09\\\/spolocne_ranajky_siov_caf.png\",\"articleSection\":[\"CAF\"],\"inLanguage\":\"en-GB\"},{\"@type\":\"WebPage\",\"@id\":\"https:\\\/\\\/archiv.siov.sk\\\/spolocne-ranajky-v-siov-ii\\\/\",\"url\":\"https:\\\/\\\/archiv.siov.sk\\\/spolocne-ranajky-v-siov-ii\\\/\",\"name\":\"Spolo\u010dn\u00e9 ra\u0148ajky v \u0160IOV II - \u0160IOV - \u0161t\u00e1tny in\u0161tit\u00fat odborn\u00e9ho vzdel\u00e1vania\",\"isPartOf\":{\"@id\":\"https:\\\/\\\/archiv.siov.sk\\\/#website\"},\"primaryImageOfPage\":{\"@id\":\"https:\\\/\\\/archiv.siov.sk\\\/spolocne-ranajky-v-siov-ii\\\/#primaryimage\"},\"image\":{\"@id\":\"https:\\\/\\\/archiv.siov.sk\\\/spolocne-ranajky-v-siov-ii\\\/#primaryimage\"},\"thumbnailUrl\":\"https:\\\/\\\/archiv.siov.sk\\\/wp-content\\\/uploads\\\/2024\\\/09\\\/spolocne_ranajky_siov_caf.png\",\"datePublished\":\"2024-09-02T08:45:40+00:00\",\"dateModified\":\"2025-02-18T08:49:37+00:00\",\"breadcrumb\":{\"@id\":\"https:\\\/\\\/archiv.siov.sk\\\/spolocne-ranajky-v-siov-ii\\\/#breadcrumb\"},\"inLanguage\":\"en-GB\",\"potentialAction\":[{\"@type\":\"ReadAction\",\"target\":[\"https:\\\/\\\/archiv.siov.sk\\\/spolocne-ranajky-v-siov-ii\\\/\"]}]},{\"@type\":\"ImageObject\",\"inLanguage\":\"en-GB\",\"@id\":\"https:\\\/\\\/archiv.siov.sk\\\/spolocne-ranajky-v-siov-ii\\\/#primaryimage\",\"url\":\"https:\\\/\\\/archiv.siov.sk\\\/wp-content\\\/uploads\\\/2024\\\/09\\\/spolocne_ranajky_siov_caf.png\",\"contentUrl\":\"https:\\\/\\\/archiv.siov.sk\\\/wp-content\\\/uploads\\\/2024\\\/09\\\/spolocne_ranajky_siov_caf.png\",\"width\":940,\"height\":788,\"caption\":\"Spolo\u010dn\u00e9 ra\u0148ajky \u0160IOV\"},{\"@type\":\"BreadcrumbList\",\"@id\":\"https:\\\/\\\/archiv.siov.sk\\\/spolocne-ranajky-v-siov-ii\\\/#breadcrumb\",\"itemListElement\":[{\"@type\":\"ListItem\",\"position\":1,\"name\":\"Home\",\"item\":\"https:\\\/\\\/archiv.siov.sk\\\/\"},{\"@type\":\"ListItem\",\"position\":2,\"name\":\"Spolo\u010dn\u00e9 ra\u0148ajky v \u0160IOV II\"}]},{\"@type\":\"WebSite\",\"@id\":\"https:\\\/\\\/archiv.siov.sk\\\/#website\",\"url\":\"https:\\\/\\\/archiv.siov.sk\\\/\",\"name\":\"\u0160IOV - \u0161t\u00e1tny in\u0161tit\u00fat odborn\u00e9ho vzdel\u00e1vania\",\"description\":\"\",\"publisher\":{\"@id\":\"https:\\\/\\\/archiv.siov.sk\\\/#organization\"},\"potentialAction\":[{\"@type\":\"SearchAction\",\"target\":{\"@type\":\"EntryPoint\",\"urlTemplate\":\"https:\\\/\\\/archiv.siov.sk\\\/?s={search_term_string}\"},\"query-input\":{\"@type\":\"PropertyValueSpecification\",\"valueRequired\":true,\"valueName\":\"search_term_string\"}}],\"inLanguage\":\"en-GB\"},{\"@type\":\"Organization\",\"@id\":\"https:\\\/\\\/archiv.siov.sk\\\/#organization\",\"name\":\"\u0160IOV - \u0161t\u00e1tny in\u0161tit\u00fat odborn\u00e9ho vzdel\u00e1vania\",\"url\":\"https:\\\/\\\/archiv.siov.sk\\\/\",\"logo\":{\"@type\":\"ImageObject\",\"inLanguage\":\"en-GB\",\"@id\":\"https:\\\/\\\/archiv.siov.sk\\\/#\\\/schema\\\/logo\\\/image\\\/\",\"url\":\"https:\\\/\\\/archiv.siov.sk\\\/wp-content\\\/uploads\\\/2024\\\/02\\\/logo-SIOV.png\",\"contentUrl\":\"https:\\\/\\\/archiv.siov.sk\\\/wp-content\\\/uploads\\\/2024\\\/02\\\/logo-SIOV.png\",\"width\":431,\"height\":143,\"caption\":\"\u0160IOV - \u0161t\u00e1tny in\u0161tit\u00fat odborn\u00e9ho vzdel\u00e1vania\"},\"image\":{\"@id\":\"https:\\\/\\\/archiv.siov.sk\\\/#\\\/schema\\\/logo\\\/image\\\/\"},\"sameAs\":[\"https:\\\/\\\/www.facebook.com\\\/Statnyinstitutodbornehovzdelavania\"]},{\"@type\":\"Person\",\"@id\":\"https:\\\/\\\/archiv.siov.sk\\\/#\\\/schema\\\/person\\\/2d35146a9c0fa51b027e8ff319cee627\",\"name\":\"Gabriela Budayov\u00e1\",\"url\":\"https:\\\/\\\/archiv.siov.sk\\\/en\\\/author\\\/gabriela-budayova\\\/\"}]}<\/script>\n<!-- \/ Yoast SEO plugin. -->","yoast_head_json":{"title":"Spolo\u010dn\u00e9 ra\u0148ajky v \u0160IOV II - \u0160IOV - \u0161t\u00e1tny in\u0161tit\u00fat odborn\u00e9ho vzdel\u00e1vania","robots":{"index":"index","follow":"follow","max-snippet":"max-snippet:-1","max-image-preview":"max-image-preview:large","max-video-preview":"max-video-preview:-1"},"canonical":"https:\/\/archiv.siov.sk\/en\/spolocne-ranajky-v-siov-ii\/","og_locale":"en_GB","og_type":"article","og_title":"Spolo\u010dn\u00e9 ra\u0148ajky v \u0160IOV II - \u0160IOV - \u0161t\u00e1tny in\u0161tit\u00fat odborn\u00e9ho vzdel\u00e1vania","og_description":"D\u0148a 21. augusta 2024 sa zamestnanci \u0160t\u00e1tneho in\u0161tit\u00fatu odborn\u00e9ho vzdel\u00e1vania (\u0160IOV) stretli na druh\u00fdch spolo\u010dn\u00fdch ra\u0148ajk\u00e1ch, ktor\u00e9 sa postupne st\u00e1vaj\u00fa novou trad\u00edciou. V pr\u00edjemnej atmosf\u00e9re sme diskutovali o nadch\u00e1dzaj\u00facich aktivit\u00e1ch, novink\u00e1ch a pl\u00e1noch in\u0161tit\u00fatu. Cie\u013eom t\u00fdchto stretnut\u00ed je nielen posilnenie komunik\u00e1cie medzi zamestnancami, ale aj podpora t\u00edmovej spolupr\u00e1ce. Program stretnutia zah\u0155\u0148al nieko\u013eko d\u00f4le\u017eit\u00fdch bodov: Festival [&hellip;]","og_url":"https:\/\/archiv.siov.sk\/en\/spolocne-ranajky-v-siov-ii\/","og_site_name":"\u0160IOV - \u0161t\u00e1tny in\u0161tit\u00fat odborn\u00e9ho vzdel\u00e1vania","article_publisher":"https:\/\/www.facebook.com\/Statnyinstitutodbornehovzdelavania","article_published_time":"2024-09-02T08:45:40+00:00","article_modified_time":"2025-02-18T08:49:37+00:00","og_image":[{"width":940,"height":788,"url":"https:\/\/archiv.siov.sk\/wp-content\/uploads\/2024\/09\/spolocne_ranajky_siov_caf.png","type":"image\/png"}],"author":"Gabriela Budayov\u00e1","twitter_card":"summary_large_image","twitter_misc":{"Written by":"Gabriela Budayov\u00e1","Estimated reading time":"2 minutes"},"schema":{"@context":"https:\/\/schema.org","@graph":[{"@type":"Article","@id":"https:\/\/archiv.siov.sk\/spolocne-ranajky-v-siov-ii\/#article","isPartOf":{"@id":"https:\/\/archiv.siov.sk\/spolocne-ranajky-v-siov-ii\/"},"author":{"name":"Gabriela Budayov\u00e1","@id":"https:\/\/archiv.siov.sk\/#\/schema\/person\/2d35146a9c0fa51b027e8ff319cee627"},"headline":"Spolo\u010dn\u00e9 ra\u0148ajky v \u0160IOV II","datePublished":"2024-09-02T08:45:40+00:00","dateModified":"2025-02-18T08:49:37+00:00","mainEntityOfPage":{"@id":"https:\/\/archiv.siov.sk\/spolocne-ranajky-v-siov-ii\/"},"wordCount":171,"publisher":{"@id":"https:\/\/archiv.siov.sk\/#organization"},"image":{"@id":"https:\/\/archiv.siov.sk\/spolocne-ranajky-v-siov-ii\/#primaryimage"},"thumbnailUrl":"https:\/\/archiv.siov.sk\/wp-content\/uploads\/2024\/09\/spolocne_ranajky_siov_caf.png","articleSection":["CAF"],"inLanguage":"en-GB"},{"@type":"WebPage","@id":"https:\/\/archiv.siov.sk\/spolocne-ranajky-v-siov-ii\/","url":"https:\/\/archiv.siov.sk\/spolocne-ranajky-v-siov-ii\/","name":"Spolo\u010dn\u00e9 ra\u0148ajky v \u0160IOV II - \u0160IOV - \u0161t\u00e1tny in\u0161tit\u00fat odborn\u00e9ho vzdel\u00e1vania","isPartOf":{"@id":"https:\/\/archiv.siov.sk\/#website"},"primaryImageOfPage":{"@id":"https:\/\/archiv.siov.sk\/spolocne-ranajky-v-siov-ii\/#primaryimage"},"image":{"@id":"https:\/\/archiv.siov.sk\/spolocne-ranajky-v-siov-ii\/#primaryimage"},"thumbnailUrl":"https:\/\/archiv.siov.sk\/wp-content\/uploads\/2024\/09\/spolocne_ranajky_siov_caf.png","datePublished":"2024-09-02T08:45:40+00:00","dateModified":"2025-02-18T08:49:37+00:00","breadcrumb":{"@id":"https:\/\/archiv.siov.sk\/spolocne-ranajky-v-siov-ii\/#breadcrumb"},"inLanguage":"en-GB","potentialAction":[{"@type":"ReadAction","target":["https:\/\/archiv.siov.sk\/spolocne-ranajky-v-siov-ii\/"]}]},{"@type":"ImageObject","inLanguage":"en-GB","@id":"https:\/\/archiv.siov.sk\/spolocne-ranajky-v-siov-ii\/#primaryimage","url":"https:\/\/archiv.siov.sk\/wp-content\/uploads\/2024\/09\/spolocne_ranajky_siov_caf.png","contentUrl":"https:\/\/archiv.siov.sk\/wp-content\/uploads\/2024\/09\/spolocne_ranajky_siov_caf.png","width":940,"height":788,"caption":"Spolo\u010dn\u00e9 ra\u0148ajky \u0160IOV"},{"@type":"BreadcrumbList","@id":"https:\/\/archiv.siov.sk\/spolocne-ranajky-v-siov-ii\/#breadcrumb","itemListElement":[{"@type":"ListItem","position":1,"name":"Home","item":"https:\/\/archiv.siov.sk\/"},{"@type":"ListItem","position":2,"name":"Spolo\u010dn\u00e9 ra\u0148ajky v \u0160IOV II"}]},{"@type":"WebSite","@id":"https:\/\/archiv.siov.sk\/#website","url":"https:\/\/archiv.siov.sk\/","name":"\u0160IOV - \u0161t\u00e1tny in\u0161tit\u00fat odborn\u00e9ho vzdel\u00e1vania","description":"","publisher":{"@id":"https:\/\/archiv.siov.sk\/#organization"},"potentialAction":[{"@type":"SearchAction","target":{"@type":"EntryPoint","urlTemplate":"https:\/\/archiv.siov.sk\/?s={search_term_string}"},"query-input":{"@type":"PropertyValueSpecification","valueRequired":true,"valueName":"search_term_string"}}],"inLanguage":"en-GB"},{"@type":"Organization","@id":"https:\/\/archiv.siov.sk\/#organization","name":"\u0160IOV - \u0161t\u00e1tny in\u0161tit\u00fat odborn\u00e9ho vzdel\u00e1vania","url":"https:\/\/archiv.siov.sk\/","logo":{"@type":"ImageObject","inLanguage":"en-GB","@id":"https:\/\/archiv.siov.sk\/#\/schema\/logo\/image\/","url":"https:\/\/archiv.siov.sk\/wp-content\/uploads\/2024\/02\/logo-SIOV.png","contentUrl":"https:\/\/archiv.siov.sk\/wp-content\/uploads\/2024\/02\/logo-SIOV.png","width":431,"height":143,"caption":"\u0160IOV - \u0161t\u00e1tny in\u0161tit\u00fat odborn\u00e9ho vzdel\u00e1vania"},"image":{"@id":"https:\/\/archiv.siov.sk\/#\/schema\/logo\/image\/"},"sameAs":["https:\/\/www.facebook.com\/Statnyinstitutodbornehovzdelavania"]},{"@type":"Person","@id":"https:\/\/archiv.siov.sk\/#\/schema\/person\/2d35146a9c0fa51b027e8ff319cee627","name":"Gabriela Budayov\u00e1","url":"https:\/\/archiv.siov.sk\/en\/author\/gabriela-budayova\/"}]}},"_links":{"self":[{"href":"https:\/\/archiv.siov.sk\/en\/wp-json\/wp\/v2\/posts\/16414","targetHints":{"allow":["GET"]}}],"collection":[{"href":"https:\/\/archiv.siov.sk\/en\/wp-json\/wp\/v2\/posts"}],"about":[{"href":"https:\/\/archiv.siov.sk\/en\/wp-json\/wp\/v2\/types\/post"}],"author":[{"embeddable":true,"href":"https:\/\/archiv.siov.sk\/en\/wp-json\/wp\/v2\/users\/10"}],"replies":[{"embeddable":true,"href":"https:\/\/archiv.siov.sk\/en\/wp-json\/wp\/v2\/comments?post=16414"}],"version-history":[{"count":5,"href":"https:\/\/archiv.siov.sk\/en\/wp-json\/wp\/v2\/posts\/16414\/revisions"}],"predecessor-version":[{"id":17884,"href":"https:\/\/archiv.siov.sk\/en\/wp-json\/wp\/v2\/posts\/16414\/revisions\/17884"}],"wp:featuredmedia":[{"embeddable":true,"href":"https:\/\/archiv.siov.sk\/en\/wp-json\/wp\/v2\/media\/16421"}],"wp:attachment":[{"href":"https:\/\/archiv.siov.sk\/en\/wp-json\/wp\/v2\/media?parent=16414"}],"wp:term":[{"taxonomy":"category","embeddable":true,"href":"https:\/\/archiv.siov.sk\/en\/wp-json\/wp\/v2\/categories?post=16414"},{"taxonomy":"post_tag","embeddable":true,"href":"https:\/\/archiv.siov.sk\/en\/wp-json\/wp\/v2\/tags?post=16414"}],"curies":[{"name":"wp","href":"https:\/\/api.w.org\/{rel}","templated":true}]}}