{"id":16409,"date":"2024-09-09T15:35:40","date_gmt":"2024-09-09T13:35:40","guid":{"rendered":"https:\/\/archiv.siov.sk\/?p=16409"},"modified":"2024-09-09T15:42:53","modified_gmt":"2024-09-09T13:42:53","slug":"majstrovstva-slovenska-skills-slovakia-vo-floristike-v-polovici-septembra-uvitaju-najlepsich-stredoskolakov-a-profesionalov-v-piestanoch","status":"publish","type":"post","link":"https:\/\/archiv.siov.sk\/en\/majstrovstva-slovenska-skills-slovakia-vo-floristike-v-polovici-septembra-uvitaju-najlepsich-stredoskolakov-a-profesionalov-v-piestanoch\/","title":{"rendered":"Majstrovstv\u00e1 Slovenska \u201eSkills Slovakia\u201c vo floristike v polovici septembra uv\u00edtaj\u00fa najlep\u0161\u00edch stredo\u0161kol\u00e1kov a profesion\u00e1lov v Pie\u0161\u0165anoch"},"content":{"rendered":"<p style=\"text-align: justify;\">Slovensk\u00e1 asoci\u00e1cia kvetin\u00e1rov a floristov spolu s partnermi aj tento rok organizuje tradi\u010dn\u00fa celo\u0161t\u00e1tnu n\u00e1rodn\u00fa s\u00fa\u0165a\u017e vo viazan\u00ed a aran\u017eovan\u00ed kvetov s medzin\u00e1rodnou \u00fa\u010das\u0165ou ur\u010den\u00fa stredo\u0161kol\u00e1kom aj profesion\u00e1lnym floristom. Tridsiaty prv\u00fd ro\u010dn\u00edk s\u00fa\u0165a\u017ee\u00a0 s medzin\u00e1rodnou \u00fa\u010das\u0165ou VICTORIA REGIA 2024 prebehne 18. septembra.<\/p>\n<p style=\"text-align: justify;\">Tento rok sa \u0148ou nesie hlavn\u00e1\u00a0 t\u00e9ma &#8211; \u00a0\u201eEnergia sa mus\u00ed h\u00fdba\u0165\u201c. Pre kateg\u00f3riu z\u00e1hradn\u00edcke \u0161koly tu bud\u00fa osobitn\u00e9 zauj\u00edmav\u00e9 a kreat\u00edvne t\u00e9my: \u201eEnergia v pohybe \u2013 kytica\u201c, \u201eOd puku a\u017e po plod \u2013 Priestorov\u00e1 kompoz\u00edcia\u201c, \u201ePrekvapenie \u2013 tajn\u00e1 pr\u00e1ca\u201c. V t\u00fdchto troch s\u00fa\u0165a\u017en\u00fdch \u00faloh\u00e1ch \u017eiaci uk\u00e1\u017eu svoje zru\u010dnosti, predstavivos\u0165, kreativitu a cit pre umenie aran\u017eovania kvetov.<\/p>\n<p style=\"text-align: justify;\">S\u00fa\u0165a\u017en\u00e9 kre\u00e1cie pod\u013ea n\u00e1ro\u010dnost\u00ed vytvoria\u00a0 v \u010dasovom rozp\u00e4t\u00ed 60 a\u017e 120 min\u00fat. V kateg\u00f3rii stredn\u00fdch odborn\u00fdch \u0161k\u00f4l o\u010dak\u00e1vame viac ako 20 najlep\u0161\u00edch \u017eiakov \u0161k\u00f4l. S\u00fa\u0165a\u017ee sa z\u00fa\u010dast\u0148uj\u00fa aj t\u00edmy z Ma\u010farska a \u010ceskej republiky. V\u00ed\u0165azi bud\u00fa oce\u0148ovan\u00ed od prv\u00e9ho po tretie miesto. Hlavn\u00e1 a technick\u00e1 komisia bude hodnoti\u0165 pod\u013ea medzin\u00e1rodn\u00e9ho bodov\u00e9ho syst\u00e9mu FLORINT.<\/p>\n<p style=\"text-align: justify;\">Pred 15 rokmi sa s\u00fa\u0165a\u017e zaradila do syst\u00e9mu s\u00fa\u0165a\u017e\u00ed stredn\u00fdch \u0161k\u00f4l v odborn\u00fdch zru\u010dnostiach Skills Slovakia s mo\u017enos\u0165ou nomin\u00e1cie v\u00ed\u0165azov na medzin\u00e1rodn\u00fa s\u00fa\u0165a\u017e v odborn\u00fdch zru\u010dnostiach EuroSkills. \u010eal\u0161\u00ed ro\u010dn\u00edk EuroSkills sa bude kona\u0165 2025 \u00a0v term\u00edne 9.- 13. septembra v d\u00e1nskom meste Herning.<\/p>\n<p style=\"text-align: justify;\">Vyhlasovate\u013eom s\u00fa\u0165a\u017ee je Ministerstvo \u0161kolstva, v\u00fdskumu, v\u00fdvoja a ml\u00e1de\u017ee SR a metodick\u00fdm gestorom je \u0160t\u00e1tnym in\u0161tit\u00fatom odborn\u00e9ho vzdel\u00e1vania. Podujatie odborne podporuj\u00fa profesion\u00e1lni odborn\u00edci z praxe pod garanciou Slovenskej asoci\u00e1cie kvetin\u00e1rov a floristov a \u010fal\u0161\u00edmi partnermi z hospod\u00e1rskej praxe, podporou mesta Pie\u0161\u0165any a Trnavsk\u00e9ho samospr\u00e1vneho kraja.<\/p>","protected":false},"excerpt":{"rendered":"<p>Slovensk\u00e1 asoci\u00e1cia kvetin\u00e1rov a floristov spolu s partnermi aj tento rok organizuje tradi\u010dn\u00fa celo\u0161t\u00e1tnu n\u00e1rodn\u00fa s\u00fa\u0165a\u017e vo viazan\u00ed a aran\u017eovan\u00ed kvetov s medzin\u00e1rodnou \u00fa\u010das\u0165ou ur\u010den\u00fa stredo\u0161kol\u00e1kom aj profesion\u00e1lnym floristom. Tridsiaty prv\u00fd ro\u010dn\u00edk s\u00fa\u0165a\u017ee\u00a0 s medzin\u00e1rodnou \u00fa\u010das\u0165ou VICTORIA REGIA 2024 prebehne 18. septembra. Tento rok sa \u0148ou nesie hlavn\u00e1\u00a0 t\u00e9ma &#8211; \u00a0\u201eEnergia sa mus\u00ed h\u00fdba\u0165\u201c. Pre [&hellip;]<\/p>\n","protected":false},"author":6,"featured_media":16413,"comment_status":"closed","ping_status":"closed","sticky":false,"template":"","format":"standard","meta":{"site-sidebar-layout":"default","site-content-layout":"","ast-site-content-layout":"default","site-content-style":"default","site-sidebar-style":"default","ast-global-header-display":"","ast-banner-title-visibility":"","ast-main-header-display":"","ast-hfb-above-header-display":"","ast-hfb-below-header-display":"","ast-hfb-mobile-header-display":"","site-post-title":"","ast-breadcrumbs-content":"","ast-featured-img":"","footer-sml-layout":"","ast-disable-related-posts":"","theme-transparent-header-meta":"default","adv-header-id-meta":"","stick-header-meta":"default","header-above-stick-meta":"","header-main-stick-meta":"","header-below-stick-meta":"","astra-migrate-meta-layouts":"set","ast-page-background-enabled":"default","ast-page-background-meta":{"desktop":{"background-color":"var(--ast-global-color-4)","background-image":"","background-repeat":"repeat","background-position":"center center","background-size":"auto","background-attachment":"scroll","background-type":"","background-media":"","overlay-type":"","overlay-color":"","overlay-opacity":"","overlay-gradient":""},"tablet":{"background-color":"","background-image":"","background-repeat":"repeat","background-position":"center center","background-size":"auto","background-attachment":"scroll","background-type":"","background-media":"","overlay-type":"","overlay-color":"","overlay-opacity":"","overlay-gradient":""},"mobile":{"background-color":"","background-image":"","background-repeat":"repeat","background-position":"center center","background-size":"auto","background-attachment":"scroll","background-type":"","background-media":"","overlay-type":"","overlay-color":"","overlay-opacity":"","overlay-gradient":""}},"ast-content-background-meta":{"desktop":{"background-color":"var(--ast-global-color-5)","background-image":"","background-repeat":"repeat","background-position":"center center","background-size":"auto","background-attachment":"scroll","background-type":"","background-media":"","overlay-type":"","overlay-color":"","overlay-opacity":"","overlay-gradient":""},"tablet":{"background-color":"var(--ast-global-color-5)","background-image":"","background-repeat":"repeat","background-position":"center center","background-size":"auto","background-attachment":"scroll","background-type":"","background-media":"","overlay-type":"","overlay-color":"","overlay-opacity":"","overlay-gradient":""},"mobile":{"background-color":"var(--ast-global-color-5)","background-image":"","background-repeat":"repeat","background-position":"center center","background-size":"auto","background-attachment":"scroll","background-type":"","background-media":"","overlay-type":"","overlay-color":"","overlay-opacity":"","overlay-gradient":""}},"footnotes":""},"categories":[1],"tags":[],"class_list":["post-16409","post","type-post","status-publish","format-standard","has-post-thumbnail","hentry","category-aktuality"],"yoast_head":"<!-- This site is optimized with the Yoast SEO plugin v27.5 - https:\/\/yoast.com\/product\/yoast-seo-wordpress\/ -->\n<title>Majstrovstv\u00e1 Slovenska \u201eSkills Slovakia\u201c vo floristike v polovici septembra uv\u00edtaj\u00fa najlep\u0161\u00edch stredo\u0161kol\u00e1kov a profesion\u00e1lov v Pie\u0161\u0165anoch - \u0160IOV - \u0161t\u00e1tny in\u0161tit\u00fat odborn\u00e9ho vzdel\u00e1vania<\/title>\n<meta name=\"robots\" content=\"index, follow, max-snippet:-1, max-image-preview:large, max-video-preview:-1\" \/>\n<link rel=\"canonical\" href=\"https:\/\/archiv.siov.sk\/en\/majstrovstva-slovenska-skills-slovakia-vo-floristike-v-polovici-septembra-uvitaju-najlepsich-stredoskolakov-a-profesionalov-v-piestanoch\/\" \/>\n<meta property=\"og:locale\" content=\"en_GB\" \/>\n<meta property=\"og:type\" content=\"article\" \/>\n<meta property=\"og:title\" content=\"Majstrovstv\u00e1 Slovenska \u201eSkills Slovakia\u201c vo floristike v polovici septembra uv\u00edtaj\u00fa najlep\u0161\u00edch stredo\u0161kol\u00e1kov a profesion\u00e1lov v Pie\u0161\u0165anoch - \u0160IOV - \u0161t\u00e1tny in\u0161tit\u00fat odborn\u00e9ho vzdel\u00e1vania\" \/>\n<meta property=\"og:description\" content=\"Slovensk\u00e1 asoci\u00e1cia kvetin\u00e1rov a floristov spolu s partnermi aj tento rok organizuje tradi\u010dn\u00fa celo\u0161t\u00e1tnu n\u00e1rodn\u00fa s\u00fa\u0165a\u017e vo viazan\u00ed a aran\u017eovan\u00ed kvetov s medzin\u00e1rodnou \u00fa\u010das\u0165ou ur\u010den\u00fa stredo\u0161kol\u00e1kom aj profesion\u00e1lnym floristom. Tridsiaty prv\u00fd ro\u010dn\u00edk s\u00fa\u0165a\u017ee\u00a0 s medzin\u00e1rodnou \u00fa\u010das\u0165ou VICTORIA REGIA 2024 prebehne 18. septembra. Tento rok sa \u0148ou nesie hlavn\u00e1\u00a0 t\u00e9ma &#8211; \u00a0\u201eEnergia sa mus\u00ed h\u00fdba\u0165\u201c. Pre [&hellip;]\" \/>\n<meta property=\"og:url\" content=\"https:\/\/archiv.siov.sk\/en\/majstrovstva-slovenska-skills-slovakia-vo-floristike-v-polovici-septembra-uvitaju-najlepsich-stredoskolakov-a-profesionalov-v-piestanoch\/\" \/>\n<meta property=\"og:site_name\" content=\"\u0160IOV - \u0161t\u00e1tny in\u0161tit\u00fat odborn\u00e9ho vzdel\u00e1vania\" \/>\n<meta property=\"article:publisher\" content=\"https:\/\/www.facebook.com\/Statnyinstitutodbornehovzdelavania\" \/>\n<meta property=\"article:published_time\" content=\"2024-09-09T13:35:40+00:00\" \/>\n<meta property=\"article:modified_time\" content=\"2024-09-09T13:42:53+00:00\" \/>\n<meta property=\"og:image\" content=\"https:\/\/archiv.siov.sk\/wp-content\/uploads\/2024\/09\/victoria-regia-landart-2024_plakat_v2-1-scaled.jpg\" \/>\n\t<meta property=\"og:image:width\" content=\"1810\" \/>\n\t<meta property=\"og:image:height\" content=\"2560\" \/>\n\t<meta property=\"og:image:type\" content=\"image\/jpeg\" \/>\n<meta name=\"author\" content=\"Katar\u00edna Kov\u00e1\u010dov\u00e1\" \/>\n<meta name=\"twitter:card\" content=\"summary_large_image\" \/>\n<meta name=\"twitter:label1\" content=\"Written by\" \/>\n\t<meta name=\"twitter:data1\" content=\"Katar\u00edna Kov\u00e1\u010dov\u00e1\" \/>\n\t<meta name=\"twitter:label2\" content=\"Estimated reading time\" \/>\n\t<meta name=\"twitter:data2\" content=\"2 minutes\" \/>\n<script type=\"application\/ld+json\" class=\"yoast-schema-graph\">{\"@context\":\"https:\\\/\\\/schema.org\",\"@graph\":[{\"@type\":\"Article\",\"@id\":\"https:\\\/\\\/archiv.siov.sk\\\/majstrovstva-slovenska-skills-slovakia-vo-floristike-v-polovici-septembra-uvitaju-najlepsich-stredoskolakov-a-profesionalov-v-piestanoch\\\/#article\",\"isPartOf\":{\"@id\":\"https:\\\/\\\/archiv.siov.sk\\\/majstrovstva-slovenska-skills-slovakia-vo-floristike-v-polovici-septembra-uvitaju-najlepsich-stredoskolakov-a-profesionalov-v-piestanoch\\\/\"},\"author\":{\"name\":\"Katar\u00edna Kov\u00e1\u010dov\u00e1\",\"@id\":\"https:\\\/\\\/archiv.siov.sk\\\/#\\\/schema\\\/person\\\/e42d633fbd958c6a726e8834d8965e6c\"},\"headline\":\"Majstrovstv\u00e1 Slovenska \u201eSkills Slovakia\u201c vo floristike v polovici septembra uv\u00edtaj\u00fa najlep\u0161\u00edch stredo\u0161kol\u00e1kov a profesion\u00e1lov v Pie\u0161\u0165anoch\",\"datePublished\":\"2024-09-09T13:35:40+00:00\",\"dateModified\":\"2024-09-09T13:42:53+00:00\",\"mainEntityOfPage\":{\"@id\":\"https:\\\/\\\/archiv.siov.sk\\\/majstrovstva-slovenska-skills-slovakia-vo-floristike-v-polovici-septembra-uvitaju-najlepsich-stredoskolakov-a-profesionalov-v-piestanoch\\\/\"},\"wordCount\":360,\"publisher\":{\"@id\":\"https:\\\/\\\/archiv.siov.sk\\\/#organization\"},\"image\":{\"@id\":\"https:\\\/\\\/archiv.siov.sk\\\/majstrovstva-slovenska-skills-slovakia-vo-floristike-v-polovici-septembra-uvitaju-najlepsich-stredoskolakov-a-profesionalov-v-piestanoch\\\/#primaryimage\"},\"thumbnailUrl\":\"https:\\\/\\\/archiv.siov.sk\\\/wp-content\\\/uploads\\\/2024\\\/09\\\/victoria-regia-landart-2024_plakat_v2-1-scaled.jpg\",\"articleSection\":[\"Aktuality\"],\"inLanguage\":\"en-GB\"},{\"@type\":\"WebPage\",\"@id\":\"https:\\\/\\\/archiv.siov.sk\\\/majstrovstva-slovenska-skills-slovakia-vo-floristike-v-polovici-septembra-uvitaju-najlepsich-stredoskolakov-a-profesionalov-v-piestanoch\\\/\",\"url\":\"https:\\\/\\\/archiv.siov.sk\\\/majstrovstva-slovenska-skills-slovakia-vo-floristike-v-polovici-septembra-uvitaju-najlepsich-stredoskolakov-a-profesionalov-v-piestanoch\\\/\",\"name\":\"Majstrovstv\u00e1 Slovenska \u201eSkills Slovakia\u201c vo floristike v polovici septembra uv\u00edtaj\u00fa najlep\u0161\u00edch stredo\u0161kol\u00e1kov a profesion\u00e1lov v Pie\u0161\u0165anoch - \u0160IOV - \u0161t\u00e1tny in\u0161tit\u00fat odborn\u00e9ho vzdel\u00e1vania\",\"isPartOf\":{\"@id\":\"https:\\\/\\\/archiv.siov.sk\\\/#website\"},\"primaryImageOfPage\":{\"@id\":\"https:\\\/\\\/archiv.siov.sk\\\/majstrovstva-slovenska-skills-slovakia-vo-floristike-v-polovici-septembra-uvitaju-najlepsich-stredoskolakov-a-profesionalov-v-piestanoch\\\/#primaryimage\"},\"image\":{\"@id\":\"https:\\\/\\\/archiv.siov.sk\\\/majstrovstva-slovenska-skills-slovakia-vo-floristike-v-polovici-septembra-uvitaju-najlepsich-stredoskolakov-a-profesionalov-v-piestanoch\\\/#primaryimage\"},\"thumbnailUrl\":\"https:\\\/\\\/archiv.siov.sk\\\/wp-content\\\/uploads\\\/2024\\\/09\\\/victoria-regia-landart-2024_plakat_v2-1-scaled.jpg\",\"datePublished\":\"2024-09-09T13:35:40+00:00\",\"dateModified\":\"2024-09-09T13:42:53+00:00\",\"breadcrumb\":{\"@id\":\"https:\\\/\\\/archiv.siov.sk\\\/majstrovstva-slovenska-skills-slovakia-vo-floristike-v-polovici-septembra-uvitaju-najlepsich-stredoskolakov-a-profesionalov-v-piestanoch\\\/#breadcrumb\"},\"inLanguage\":\"en-GB\",\"potentialAction\":[{\"@type\":\"ReadAction\",\"target\":[\"https:\\\/\\\/archiv.siov.sk\\\/majstrovstva-slovenska-skills-slovakia-vo-floristike-v-polovici-septembra-uvitaju-najlepsich-stredoskolakov-a-profesionalov-v-piestanoch\\\/\"]}]},{\"@type\":\"ImageObject\",\"inLanguage\":\"en-GB\",\"@id\":\"https:\\\/\\\/archiv.siov.sk\\\/majstrovstva-slovenska-skills-slovakia-vo-floristike-v-polovici-septembra-uvitaju-najlepsich-stredoskolakov-a-profesionalov-v-piestanoch\\\/#primaryimage\",\"url\":\"https:\\\/\\\/archiv.siov.sk\\\/wp-content\\\/uploads\\\/2024\\\/09\\\/victoria-regia-landart-2024_plakat_v2-1-scaled.jpg\",\"contentUrl\":\"https:\\\/\\\/archiv.siov.sk\\\/wp-content\\\/uploads\\\/2024\\\/09\\\/victoria-regia-landart-2024_plakat_v2-1-scaled.jpg\",\"width\":1810,\"height\":2560},{\"@type\":\"BreadcrumbList\",\"@id\":\"https:\\\/\\\/archiv.siov.sk\\\/majstrovstva-slovenska-skills-slovakia-vo-floristike-v-polovici-septembra-uvitaju-najlepsich-stredoskolakov-a-profesionalov-v-piestanoch\\\/#breadcrumb\",\"itemListElement\":[{\"@type\":\"ListItem\",\"position\":1,\"name\":\"Home\",\"item\":\"https:\\\/\\\/archiv.siov.sk\\\/\"},{\"@type\":\"ListItem\",\"position\":2,\"name\":\"Majstrovstv\u00e1 Slovenska \u201eSkills Slovakia\u201c vo floristike v polovici septembra uv\u00edtaj\u00fa najlep\u0161\u00edch stredo\u0161kol\u00e1kov a profesion\u00e1lov v Pie\u0161\u0165anoch\"}]},{\"@type\":\"WebSite\",\"@id\":\"https:\\\/\\\/archiv.siov.sk\\\/#website\",\"url\":\"https:\\\/\\\/archiv.siov.sk\\\/\",\"name\":\"\u0160IOV - \u0161t\u00e1tny in\u0161tit\u00fat odborn\u00e9ho vzdel\u00e1vania\",\"description\":\"\",\"publisher\":{\"@id\":\"https:\\\/\\\/archiv.siov.sk\\\/#organization\"},\"potentialAction\":[{\"@type\":\"SearchAction\",\"target\":{\"@type\":\"EntryPoint\",\"urlTemplate\":\"https:\\\/\\\/archiv.siov.sk\\\/?s={search_term_string}\"},\"query-input\":{\"@type\":\"PropertyValueSpecification\",\"valueRequired\":true,\"valueName\":\"search_term_string\"}}],\"inLanguage\":\"en-GB\"},{\"@type\":\"Organization\",\"@id\":\"https:\\\/\\\/archiv.siov.sk\\\/#organization\",\"name\":\"\u0160IOV - \u0161t\u00e1tny in\u0161tit\u00fat odborn\u00e9ho vzdel\u00e1vania\",\"url\":\"https:\\\/\\\/archiv.siov.sk\\\/\",\"logo\":{\"@type\":\"ImageObject\",\"inLanguage\":\"en-GB\",\"@id\":\"https:\\\/\\\/archiv.siov.sk\\\/#\\\/schema\\\/logo\\\/image\\\/\",\"url\":\"https:\\\/\\\/archiv.siov.sk\\\/wp-content\\\/uploads\\\/2024\\\/02\\\/logo-SIOV.png\",\"contentUrl\":\"https:\\\/\\\/archiv.siov.sk\\\/wp-content\\\/uploads\\\/2024\\\/02\\\/logo-SIOV.png\",\"width\":431,\"height\":143,\"caption\":\"\u0160IOV - \u0161t\u00e1tny in\u0161tit\u00fat odborn\u00e9ho vzdel\u00e1vania\"},\"image\":{\"@id\":\"https:\\\/\\\/archiv.siov.sk\\\/#\\\/schema\\\/logo\\\/image\\\/\"},\"sameAs\":[\"https:\\\/\\\/www.facebook.com\\\/Statnyinstitutodbornehovzdelavania\"]},{\"@type\":\"Person\",\"@id\":\"https:\\\/\\\/archiv.siov.sk\\\/#\\\/schema\\\/person\\\/e42d633fbd958c6a726e8834d8965e6c\",\"name\":\"Katar\u00edna Kov\u00e1\u010dov\u00e1\",\"url\":\"https:\\\/\\\/archiv.siov.sk\\\/en\\\/author\\\/katkakovacova\\\/\"}]}<\/script>\n<!-- \/ Yoast SEO plugin. -->","yoast_head_json":{"title":"Majstrovstv\u00e1 Slovenska \u201eSkills Slovakia\u201c vo floristike v polovici septembra uv\u00edtaj\u00fa najlep\u0161\u00edch stredo\u0161kol\u00e1kov a profesion\u00e1lov v Pie\u0161\u0165anoch - \u0160IOV - \u0161t\u00e1tny in\u0161tit\u00fat odborn\u00e9ho vzdel\u00e1vania","robots":{"index":"index","follow":"follow","max-snippet":"max-snippet:-1","max-image-preview":"max-image-preview:large","max-video-preview":"max-video-preview:-1"},"canonical":"https:\/\/archiv.siov.sk\/en\/majstrovstva-slovenska-skills-slovakia-vo-floristike-v-polovici-septembra-uvitaju-najlepsich-stredoskolakov-a-profesionalov-v-piestanoch\/","og_locale":"en_GB","og_type":"article","og_title":"Majstrovstv\u00e1 Slovenska \u201eSkills Slovakia\u201c vo floristike v polovici septembra uv\u00edtaj\u00fa najlep\u0161\u00edch stredo\u0161kol\u00e1kov a profesion\u00e1lov v Pie\u0161\u0165anoch - \u0160IOV - \u0161t\u00e1tny in\u0161tit\u00fat odborn\u00e9ho vzdel\u00e1vania","og_description":"Slovensk\u00e1 asoci\u00e1cia kvetin\u00e1rov a floristov spolu s partnermi aj tento rok organizuje tradi\u010dn\u00fa celo\u0161t\u00e1tnu n\u00e1rodn\u00fa s\u00fa\u0165a\u017e vo viazan\u00ed a aran\u017eovan\u00ed kvetov s medzin\u00e1rodnou \u00fa\u010das\u0165ou ur\u010den\u00fa stredo\u0161kol\u00e1kom aj profesion\u00e1lnym floristom. Tridsiaty prv\u00fd ro\u010dn\u00edk s\u00fa\u0165a\u017ee\u00a0 s medzin\u00e1rodnou \u00fa\u010das\u0165ou VICTORIA REGIA 2024 prebehne 18. septembra. Tento rok sa \u0148ou nesie hlavn\u00e1\u00a0 t\u00e9ma &#8211; \u00a0\u201eEnergia sa mus\u00ed h\u00fdba\u0165\u201c. Pre [&hellip;]","og_url":"https:\/\/archiv.siov.sk\/en\/majstrovstva-slovenska-skills-slovakia-vo-floristike-v-polovici-septembra-uvitaju-najlepsich-stredoskolakov-a-profesionalov-v-piestanoch\/","og_site_name":"\u0160IOV - \u0161t\u00e1tny in\u0161tit\u00fat odborn\u00e9ho vzdel\u00e1vania","article_publisher":"https:\/\/www.facebook.com\/Statnyinstitutodbornehovzdelavania","article_published_time":"2024-09-09T13:35:40+00:00","article_modified_time":"2024-09-09T13:42:53+00:00","og_image":[{"width":1810,"height":2560,"url":"https:\/\/archiv.siov.sk\/wp-content\/uploads\/2024\/09\/victoria-regia-landart-2024_plakat_v2-1-scaled.jpg","type":"image\/jpeg"}],"author":"Katar\u00edna Kov\u00e1\u010dov\u00e1","twitter_card":"summary_large_image","twitter_misc":{"Written by":"Katar\u00edna Kov\u00e1\u010dov\u00e1","Estimated reading time":"2 minutes"},"schema":{"@context":"https:\/\/schema.org","@graph":[{"@type":"Article","@id":"https:\/\/archiv.siov.sk\/majstrovstva-slovenska-skills-slovakia-vo-floristike-v-polovici-septembra-uvitaju-najlepsich-stredoskolakov-a-profesionalov-v-piestanoch\/#article","isPartOf":{"@id":"https:\/\/archiv.siov.sk\/majstrovstva-slovenska-skills-slovakia-vo-floristike-v-polovici-septembra-uvitaju-najlepsich-stredoskolakov-a-profesionalov-v-piestanoch\/"},"author":{"name":"Katar\u00edna Kov\u00e1\u010dov\u00e1","@id":"https:\/\/archiv.siov.sk\/#\/schema\/person\/e42d633fbd958c6a726e8834d8965e6c"},"headline":"Majstrovstv\u00e1 Slovenska \u201eSkills Slovakia\u201c vo floristike v polovici septembra uv\u00edtaj\u00fa najlep\u0161\u00edch stredo\u0161kol\u00e1kov a profesion\u00e1lov v Pie\u0161\u0165anoch","datePublished":"2024-09-09T13:35:40+00:00","dateModified":"2024-09-09T13:42:53+00:00","mainEntityOfPage":{"@id":"https:\/\/archiv.siov.sk\/majstrovstva-slovenska-skills-slovakia-vo-floristike-v-polovici-septembra-uvitaju-najlepsich-stredoskolakov-a-profesionalov-v-piestanoch\/"},"wordCount":360,"publisher":{"@id":"https:\/\/archiv.siov.sk\/#organization"},"image":{"@id":"https:\/\/archiv.siov.sk\/majstrovstva-slovenska-skills-slovakia-vo-floristike-v-polovici-septembra-uvitaju-najlepsich-stredoskolakov-a-profesionalov-v-piestanoch\/#primaryimage"},"thumbnailUrl":"https:\/\/archiv.siov.sk\/wp-content\/uploads\/2024\/09\/victoria-regia-landart-2024_plakat_v2-1-scaled.jpg","articleSection":["Aktuality"],"inLanguage":"en-GB"},{"@type":"WebPage","@id":"https:\/\/archiv.siov.sk\/majstrovstva-slovenska-skills-slovakia-vo-floristike-v-polovici-septembra-uvitaju-najlepsich-stredoskolakov-a-profesionalov-v-piestanoch\/","url":"https:\/\/archiv.siov.sk\/majstrovstva-slovenska-skills-slovakia-vo-floristike-v-polovici-septembra-uvitaju-najlepsich-stredoskolakov-a-profesionalov-v-piestanoch\/","name":"Majstrovstv\u00e1 Slovenska \u201eSkills Slovakia\u201c vo floristike v polovici septembra uv\u00edtaj\u00fa najlep\u0161\u00edch stredo\u0161kol\u00e1kov a profesion\u00e1lov v Pie\u0161\u0165anoch - \u0160IOV - \u0161t\u00e1tny in\u0161tit\u00fat odborn\u00e9ho vzdel\u00e1vania","isPartOf":{"@id":"https:\/\/archiv.siov.sk\/#website"},"primaryImageOfPage":{"@id":"https:\/\/archiv.siov.sk\/majstrovstva-slovenska-skills-slovakia-vo-floristike-v-polovici-septembra-uvitaju-najlepsich-stredoskolakov-a-profesionalov-v-piestanoch\/#primaryimage"},"image":{"@id":"https:\/\/archiv.siov.sk\/majstrovstva-slovenska-skills-slovakia-vo-floristike-v-polovici-septembra-uvitaju-najlepsich-stredoskolakov-a-profesionalov-v-piestanoch\/#primaryimage"},"thumbnailUrl":"https:\/\/archiv.siov.sk\/wp-content\/uploads\/2024\/09\/victoria-regia-landart-2024_plakat_v2-1-scaled.jpg","datePublished":"2024-09-09T13:35:40+00:00","dateModified":"2024-09-09T13:42:53+00:00","breadcrumb":{"@id":"https:\/\/archiv.siov.sk\/majstrovstva-slovenska-skills-slovakia-vo-floristike-v-polovici-septembra-uvitaju-najlepsich-stredoskolakov-a-profesionalov-v-piestanoch\/#breadcrumb"},"inLanguage":"en-GB","potentialAction":[{"@type":"ReadAction","target":["https:\/\/archiv.siov.sk\/majstrovstva-slovenska-skills-slovakia-vo-floristike-v-polovici-septembra-uvitaju-najlepsich-stredoskolakov-a-profesionalov-v-piestanoch\/"]}]},{"@type":"ImageObject","inLanguage":"en-GB","@id":"https:\/\/archiv.siov.sk\/majstrovstva-slovenska-skills-slovakia-vo-floristike-v-polovici-septembra-uvitaju-najlepsich-stredoskolakov-a-profesionalov-v-piestanoch\/#primaryimage","url":"https:\/\/archiv.siov.sk\/wp-content\/uploads\/2024\/09\/victoria-regia-landart-2024_plakat_v2-1-scaled.jpg","contentUrl":"https:\/\/archiv.siov.sk\/wp-content\/uploads\/2024\/09\/victoria-regia-landart-2024_plakat_v2-1-scaled.jpg","width":1810,"height":2560},{"@type":"BreadcrumbList","@id":"https:\/\/archiv.siov.sk\/majstrovstva-slovenska-skills-slovakia-vo-floristike-v-polovici-septembra-uvitaju-najlepsich-stredoskolakov-a-profesionalov-v-piestanoch\/#breadcrumb","itemListElement":[{"@type":"ListItem","position":1,"name":"Home","item":"https:\/\/archiv.siov.sk\/"},{"@type":"ListItem","position":2,"name":"Majstrovstv\u00e1 Slovenska \u201eSkills Slovakia\u201c vo floristike v polovici septembra uv\u00edtaj\u00fa najlep\u0161\u00edch stredo\u0161kol\u00e1kov a profesion\u00e1lov v Pie\u0161\u0165anoch"}]},{"@type":"WebSite","@id":"https:\/\/archiv.siov.sk\/#website","url":"https:\/\/archiv.siov.sk\/","name":"\u0160IOV - \u0161t\u00e1tny in\u0161tit\u00fat odborn\u00e9ho vzdel\u00e1vania","description":"","publisher":{"@id":"https:\/\/archiv.siov.sk\/#organization"},"potentialAction":[{"@type":"SearchAction","target":{"@type":"EntryPoint","urlTemplate":"https:\/\/archiv.siov.sk\/?s={search_term_string}"},"query-input":{"@type":"PropertyValueSpecification","valueRequired":true,"valueName":"search_term_string"}}],"inLanguage":"en-GB"},{"@type":"Organization","@id":"https:\/\/archiv.siov.sk\/#organization","name":"\u0160IOV - \u0161t\u00e1tny in\u0161tit\u00fat odborn\u00e9ho vzdel\u00e1vania","url":"https:\/\/archiv.siov.sk\/","logo":{"@type":"ImageObject","inLanguage":"en-GB","@id":"https:\/\/archiv.siov.sk\/#\/schema\/logo\/image\/","url":"https:\/\/archiv.siov.sk\/wp-content\/uploads\/2024\/02\/logo-SIOV.png","contentUrl":"https:\/\/archiv.siov.sk\/wp-content\/uploads\/2024\/02\/logo-SIOV.png","width":431,"height":143,"caption":"\u0160IOV - \u0161t\u00e1tny in\u0161tit\u00fat odborn\u00e9ho vzdel\u00e1vania"},"image":{"@id":"https:\/\/archiv.siov.sk\/#\/schema\/logo\/image\/"},"sameAs":["https:\/\/www.facebook.com\/Statnyinstitutodbornehovzdelavania"]},{"@type":"Person","@id":"https:\/\/archiv.siov.sk\/#\/schema\/person\/e42d633fbd958c6a726e8834d8965e6c","name":"Katar\u00edna Kov\u00e1\u010dov\u00e1","url":"https:\/\/archiv.siov.sk\/en\/author\/katkakovacova\/"}]}},"_links":{"self":[{"href":"https:\/\/archiv.siov.sk\/en\/wp-json\/wp\/v2\/posts\/16409","targetHints":{"allow":["GET"]}}],"collection":[{"href":"https:\/\/archiv.siov.sk\/en\/wp-json\/wp\/v2\/posts"}],"about":[{"href":"https:\/\/archiv.siov.sk\/en\/wp-json\/wp\/v2\/types\/post"}],"author":[{"embeddable":true,"href":"https:\/\/archiv.siov.sk\/en\/wp-json\/wp\/v2\/users\/6"}],"replies":[{"embeddable":true,"href":"https:\/\/archiv.siov.sk\/en\/wp-json\/wp\/v2\/comments?post=16409"}],"version-history":[{"count":2,"href":"https:\/\/archiv.siov.sk\/en\/wp-json\/wp\/v2\/posts\/16409\/revisions"}],"predecessor-version":[{"id":16412,"href":"https:\/\/archiv.siov.sk\/en\/wp-json\/wp\/v2\/posts\/16409\/revisions\/16412"}],"wp:featuredmedia":[{"embeddable":true,"href":"https:\/\/archiv.siov.sk\/en\/wp-json\/wp\/v2\/media\/16413"}],"wp:attachment":[{"href":"https:\/\/archiv.siov.sk\/en\/wp-json\/wp\/v2\/media?parent=16409"}],"wp:term":[{"taxonomy":"category","embeddable":true,"href":"https:\/\/archiv.siov.sk\/en\/wp-json\/wp\/v2\/categories?post=16409"},{"taxonomy":"post_tag","embeddable":true,"href":"https:\/\/archiv.siov.sk\/en\/wp-json\/wp\/v2\/tags?post=16409"}],"curies":[{"name":"wp","href":"https:\/\/api.w.org\/{rel}","templated":true}]}}