{"id":16338,"date":"2024-08-28T13:56:11","date_gmt":"2024-08-28T11:56:11","guid":{"rendered":"https:\/\/archiv.siov.sk\/?p=16338"},"modified":"2025-07-03T10:36:42","modified_gmt":"2025-07-03T08:36:42","slug":"festival-zrucnosti-2024","status":"publish","type":"post","link":"https:\/\/archiv.siov.sk\/en\/festival-zrucnosti-2024\/","title":{"rendered":"Festival zru\u010dnost\u00ed 2024: Oslava vzdel\u00e1vania a inov\u00e1ci\u00ed!"},"content":{"rendered":"<p>Druh\u00fd ro\u010dn\u00edk <a href=\"https:\/\/mesiacvzdelavania.sk\/\" target=\"_blank\" rel=\"noopener\">Festivalu zru\u010dnost\u00ed<\/a>, ktor\u00fd organizuje \u0160t\u00e1tny in\u0161tit\u00fat odborn\u00e9ho vzdel\u00e1vania v spolupr\u00e1ci s Ministerstvom \u0161kolstva, v\u00fdskumu, v\u00fdvoja a ml\u00e1de\u017ee SR, prin\u00e1\u0161a bohat\u00fd program pre v\u0161etk\u00fdch, ktor\u00ed sa zauj\u00edmaj\u00fa o rozvoj svojich zru\u010dnost\u00ed a o najnov\u0161ie trendy vo vzdel\u00e1van\u00ed.<\/p>\n<p>Po\u010das cel\u00e9ho t\u00fd\u017ed\u0148a sa bud\u00fa kona\u0165 r\u00f4zne podujatia po celom Slovensku, ktor\u00e9 bud\u00fa zameran\u00e9 na podporu celo\u017eivotn\u00e9ho u\u010denia a rozvoj zru\u010dnost\u00ed potrebn\u00fdch pre \u00faspech v digit\u00e1lnom veku.<\/p>\n<p>Festival zru\u010dnost\u00ed 2024 pon\u00faka jedine\u010dn\u00fa pr\u00edle\u017eitos\u0165 pre ka\u017ed\u00e9ho, kto sa zauj\u00edma o vzdel\u00e1vanie a osobnostn\u00fd rast. \u010ci u\u017e ste \u0161tudent, pedag\u00f3g, odborn\u00edk z praxe alebo sa jednoducho zauj\u00edmate o sebarozvoj, n\u00e1jdete si tu nie\u010do pre seba.<\/p>\n<p><strong>\u010co v\u00e1s \u010dak\u00e1?<\/strong><\/p>\n<p><strong><u>23. september &#8211; Konferencia<\/u><\/strong><\/p>\n<p>Festival bude sl\u00e1vnostne otvoren\u00fd konferenciou pre odborn\u00fa verejnos\u0165 v pondelok 23. septembra 2024 v Clarion Congress Hotel Bratislava. \u00da\u010dastn\u00edci konferencie bud\u00fa ma\u0165 mo\u017enos\u0165 diskutova\u0165 o aktu\u00e1lnych t\u00e9mach v oblasti vzdel\u00e1vania, ako s\u00fa technol\u00f3gie, inov\u00e1cie a zru\u010dnosti potrebn\u00e9 pre \u00faspech na trhu pr\u00e1ce.<\/p>\n<p><strong><u>23. &#8211; 27. september &#8211; Vzdel\u00e1vacie aktivity<\/u><\/strong><\/p>\n<p>Po\u010das cel\u00e9ho t\u00fd\u017ed\u0148a sa bud\u00fa kona\u0165 workshopy, semin\u00e1re a \u0161kolenia po celom Slovensku. Tieto aktivity s\u00fa ur\u010den\u00e9 pre \u0161irok\u00fa verejnos\u0165, vr\u00e1tane \u017eiakov, \u0161tudentov, pedag\u00f3gov i seniorov.<\/p>\n<p><strong><u>25. september &#8211; Sal\u00f3n technol\u00f3gi\u00ed<\/u><\/strong><\/p>\n<p>T\u00e9ma \u201eBud\u00facnos\u0165 vzdel\u00e1vania s\u00a0AI\u201c prinesie mno\u017estvo inovat\u00edvnych rie\u0161en\u00ed, ktor\u00e9 je mo\u017en\u00e9 aplikova\u0165 vo vzdel\u00e1vacom procese. Na svoje si pr\u00eddu najm\u00e4 pedag\u00f3govia, digit\u00e1lni koordin\u00e1tori a\u00a0riaditelia \u0161k\u00f4l, preto v\u00e1s srde\u010dne poz\u00fdvame do Vedeck\u00e9ho parku UK v\u00a0\u010dase od 10:00 \u2013 15:00 hodiny.<br \/>\n\u010cakaj\u00fa v\u00e1s prezent\u00e1cie a\u00a0praktick\u00e9 uk\u00e1\u017eky \u0161kolen\u00ed vo virtu\u00e1lnej a\u00a0zmie\u0161anej realite, ponuka interakt\u00edvnych e-learningov\u00fdch kurzov, digit\u00e1lne vzdel\u00e1vacie hry, aplik\u00e1cia, ktor\u00e1 u\u00a0\u0161tudentov rozv\u00edja kritick\u00e9 myslenie a zaobera\u0165 sa budeme aj kybernetickou bezpe\u010dnos\u0165ou na \u0161kol\u00e1ch.<\/p>\n<p><strong><u>26. september &#8211; Akad\u00e9mia stredo\u0161kolsk\u00fdch talentov<\/u><\/strong><\/p>\n<p>Skvel\u00fa mo\u017enos\u0165 ako odprezentova\u0165 svoj \u00faspe\u0161n\u00fd projekt dostan\u00fa \u017eiaci stredn\u00fdch odborn\u00fdch \u0161k\u00f4l vo \u0161tvrtok 26. septembra 2024 od 9:00 do 12:00 v priestoroch SPACE UP na Z\u00e1hradn\u00edckej 95 v Bratislave. Poz\u00fdvame \u017eiakov, aby pri\u0161li podpori\u0165 svojich rovesn\u00edkov a in\u0161pirovali sa ich nad\u0161en\u00edm a \u00faspechmi.<\/p>\n<p><strong><u>27. september &#8211; Prezent\u00e1cia zru\u010dnost\u00ed pre verejnos\u0165<\/u><\/strong><\/p>\n<p>Za\u017eite interakt\u00edvny program a spoznajte r\u00f4zne vzdel\u00e1vacie organiz\u00e1cie na n\u00e1mest\u00ed M.R.\u0160tef\u00e1nika pred Euroveou. Cel\u00fdm programom od 14:00 do 18:00 v\u00e1s bude sprev\u00e1dza\u0165 Barbara \u201eBabsy\u201c Jagu\u0161\u00e1k.<\/p>\n<p><img fetchpriority=\"high\" decoding=\"async\" class=\"aligncenter wp-image-16337\" src=\"https:\/\/archiv.siov.sk\/wp-content\/uploads\/2024\/08\/Harmonogram_Festival_zrucnosti-300x169.png\" alt=\"Festival zru\u010dnost\u00ed harmonogram\" width=\"480\" height=\"270\" srcset=\"https:\/\/archiv.siov.sk\/wp-content\/uploads\/2024\/08\/Harmonogram_Festival_zrucnosti-300x169.png 300w, https:\/\/archiv.siov.sk\/wp-content\/uploads\/2024\/08\/Harmonogram_Festival_zrucnosti-1024x576.png 1024w, https:\/\/archiv.siov.sk\/wp-content\/uploads\/2024\/08\/Harmonogram_Festival_zrucnosti-768x432.png 768w, https:\/\/archiv.siov.sk\/wp-content\/uploads\/2024\/08\/Harmonogram_Festival_zrucnosti-1536x864.png 1536w, https:\/\/archiv.siov.sk\/wp-content\/uploads\/2024\/08\/Harmonogram_Festival_zrucnosti-18x10.png 18w, https:\/\/archiv.siov.sk\/wp-content\/uploads\/2024\/08\/Harmonogram_Festival_zrucnosti.png 1920w\" sizes=\"(max-width: 480px) 100vw, 480px\" \/><\/p>\n<p><strong>Zapojte sa aj vy!<\/strong><\/p>\n<p data-sourcepos=\"40:1-40:271\"><u>VZDEL\u00c1VACIE AKTIVITY<\/u> m\u00f4\u017eu v r\u00e1mci FZ2024 zorganizova\u0165 v\u0161etky vzdel\u00e1vacie organiz\u00e1cie, in\u0161tit\u00facie, ob\u010dianske zdru\u017eenia a \u0161koly s cie\u013eom podpori\u0165 rozvoj zru\u010dnost\u00ed na Slovensku: <a href=\"https:\/\/shorturl.at\/2Cvxk?fbclid=IwZXh0bgNhZW0CMTAAAR24gvr62NQIiqf85dxD7Z9Miq-CvsslFJzJVokQUIL8K3JvIHzoP2Iz9_E_aem_YNuiqq1nL1TBkaljBtHXNQ\">https:\/\/shorturl.at\/2Cvxk<\/a><\/p>\n<p><u>SAL\u00d3N TECHNOL\u00d3GI\u00cd<\/u> vytv\u00e1ra priestor pre firmy a inov\u00e1torov, ktor\u00ed m\u00f4\u017eu predstavi\u0165 pedag\u00f3gom trendy a nov\u00e9 technol\u00f3gie vo vzdel\u00e1van\u00ed. Pozrie\u0165 program a zaregistrova\u0165 sa na konferenciu m\u00f4\u017eete <a href=\"https:\/\/mesiacvzdelavania.sk\/technologicky-salon\/\" target=\"_blank\" rel=\"noopener\">tu<\/a>.<\/p>\n<p><u>AKAD\u00c9MIA STREDO\u0160KOLSK\u00ddCH TALENTOV<\/u> je pr\u00edle\u017eitos\u0165 odprezentova\u0165 \u0161tudentsk\u00fa pr\u00e1cu, projekt, st\u00e1\u017e alebo in\u00fd \u00faspech pred \u0161irokou verejnos\u0165ou a in\u0161pirova\u0165 in\u00fdch: <a href=\"https:\/\/shorturl.at\/MJjeD?fbclid=IwZXh0bgNhZW0CMTAAAR3YBNAMF9F0vXVL_0h9tLFCN6Zq61ODzqZbd-g60MpZAnQlbws6TBeE5gA_aem_I39czZlS9V8ix0H797zUIg\">https:\/\/shorturl.at\/MJjeD<\/a><\/p>\n<p><iframe title=\"YouTube video player\" src=\"https:\/\/www.youtube.com\/embed\/-EWE814G0_w?si=cGexHVN_rrMhrP55\" width=\"560\" height=\"315\" frameborder=\"0\" allowfullscreen=\"allowfullscreen\"><\/iframe><\/p>\n<p>Festival zru\u010dnost\u00ed 2024 je skvelou pr\u00edle\u017eitos\u0165ou pre v\u0161etk\u00fdch, ktor\u00ed sa zauj\u00edmaj\u00fa o vzdel\u00e1vanie a rozvoj z\u00e1kladn\u00fdch zru\u010dnost\u00ed. Pridajte sa k n\u00e1m a bu\u010fte s\u00fa\u010das\u0165ou tejto v\u00fdznamnej udalosti!<\/p>\n<p data-sourcepos=\"48:1-49:27\"><strong>Viac inform\u00e1ci\u00ed: <a href=\"https:\/\/mesiacvzdelavania.sk\/\">www.festivalzrucnosti.sk<\/a><\/strong><\/p>\n<p data-sourcepos=\"48:1-49:27\"><strong>Partneri podujatia:<\/strong><\/p>\n<p data-sourcepos=\"53:1-53:45\"><img decoding=\"async\" class=\"alignnone wp-image-19763\" src=\"https:\/\/archiv.siov.sk\/wp-content\/uploads\/2024\/08\/partneri_festivalu_zrucnosti-300x199.png\" alt=\"partneri FZ 2024\" width=\"500\" height=\"331\" srcset=\"https:\/\/archiv.siov.sk\/wp-content\/uploads\/2024\/08\/partneri_festivalu_zrucnosti-300x199.png 300w, https:\/\/archiv.siov.sk\/wp-content\/uploads\/2024\/08\/partneri_festivalu_zrucnosti-1024x678.png 1024w, https:\/\/archiv.siov.sk\/wp-content\/uploads\/2024\/08\/partneri_festivalu_zrucnosti-768x508.png 768w, https:\/\/archiv.siov.sk\/wp-content\/uploads\/2024\/08\/partneri_festivalu_zrucnosti-18x12.png 18w, https:\/\/archiv.siov.sk\/wp-content\/uploads\/2024\/08\/partneri_festivalu_zrucnosti.png 1336w\" sizes=\"(max-width: 500px) 100vw, 500px\" \/><\/p>\n<figure id=\"attachment_19606\" aria-describedby=\"caption-attachment-19606\" style=\"width: 450px\" class=\"wp-caption aligncenter\"><img decoding=\"async\" class=\"wp-image-19606\" src=\"https:\/\/archiv.siov.sk\/wp-content\/uploads\/2025\/06\/spolufinancovane-EU-300x86.png\" alt=\"spolufinancovany EU logo\" width=\"450\" height=\"128\" srcset=\"https:\/\/archiv.siov.sk\/wp-content\/uploads\/2025\/06\/spolufinancovane-EU-300x86.png 300w, https:\/\/archiv.siov.sk\/wp-content\/uploads\/2025\/06\/spolufinancovane-EU-18x5.png 18w, https:\/\/archiv.siov.sk\/wp-content\/uploads\/2025\/06\/spolufinancovane-EU.png 600w\" sizes=\"(max-width: 450px) 100vw, 450px\" \/><figcaption id=\"caption-attachment-19606\" class=\"wp-caption-text\">Financovan\u00e9 Eur\u00f3pskou \u00faniou. Vyjadren\u00e9 n\u00e1zory a postoje s\u00fa n\u00e1zormi a vyhl\u00e1seniami autora a nemusia nevyhnutne odr\u00e1\u017ea\u0165 n\u00e1zory a stanovisk\u00e1 Eur\u00f3pskej \u00fanie alebo Eur\u00f3pskej v\u00fdkonnej agent\u00fary pre vzdel\u00e1vanie a kult\u00faru (EACEA). Eur\u00f3pska \u00fania ani EACEA za ne nepreberaj\u00fa \u017eiadnu zodpovednos\u0165.<\/figcaption><\/figure>","protected":false},"excerpt":{"rendered":"<p>Druh\u00fd ro\u010dn\u00edk Festivalu zru\u010dnost\u00ed, ktor\u00fd organizuje \u0160t\u00e1tny in\u0161tit\u00fat odborn\u00e9ho vzdel\u00e1vania v spolupr\u00e1ci s Ministerstvom \u0161kolstva, v\u00fdskumu, v\u00fdvoja a ml\u00e1de\u017ee SR, prin\u00e1\u0161a bohat\u00fd program pre v\u0161etk\u00fdch, ktor\u00ed sa zauj\u00edmaj\u00fa o rozvoj svojich zru\u010dnost\u00ed a o najnov\u0161ie trendy vo vzdel\u00e1van\u00ed. Po\u010das cel\u00e9ho t\u00fd\u017ed\u0148a sa bud\u00fa kona\u0165 r\u00f4zne podujatia po celom Slovensku, ktor\u00e9 bud\u00fa zameran\u00e9 na podporu celo\u017eivotn\u00e9ho [&hellip;]<\/p>\n","protected":false},"author":10,"featured_media":16336,"comment_status":"closed","ping_status":"closed","sticky":false,"template":"","format":"standard","meta":{"site-sidebar-layout":"default","site-content-layout":"","ast-site-content-layout":"default","site-content-style":"default","site-sidebar-style":"default","ast-global-header-display":"","ast-banner-title-visibility":"","ast-main-header-display":"","ast-hfb-above-header-display":"","ast-hfb-below-header-display":"","ast-hfb-mobile-header-display":"","site-post-title":"","ast-breadcrumbs-content":"","ast-featured-img":"","footer-sml-layout":"","ast-disable-related-posts":"","theme-transparent-header-meta":"default","adv-header-id-meta":"","stick-header-meta":"default","header-above-stick-meta":"","header-main-stick-meta":"","header-below-stick-meta":"","astra-migrate-meta-layouts":"set","ast-page-background-enabled":"default","ast-page-background-meta":{"desktop":{"background-color":"var(--ast-global-color-4)","background-image":"","background-repeat":"repeat","background-position":"center center","background-size":"auto","background-attachment":"scroll","background-type":"","background-media":"","overlay-type":"","overlay-color":"","overlay-opacity":"","overlay-gradient":""},"tablet":{"background-color":"","background-image":"","background-repeat":"repeat","background-position":"center center","background-size":"auto","background-attachment":"scroll","background-type":"","background-media":"","overlay-type":"","overlay-color":"","overlay-opacity":"","overlay-gradient":""},"mobile":{"background-color":"","background-image":"","background-repeat":"repeat","background-position":"center center","background-size":"auto","background-attachment":"scroll","background-type":"","background-media":"","overlay-type":"","overlay-color":"","overlay-opacity":"","overlay-gradient":""}},"ast-content-background-meta":{"desktop":{"background-color":"var(--ast-global-color-5)","background-image":"","background-repeat":"repeat","background-position":"center center","background-size":"auto","background-attachment":"scroll","background-type":"","background-media":"","overlay-type":"","overlay-color":"","overlay-opacity":"","overlay-gradient":""},"tablet":{"background-color":"var(--ast-global-color-5)","background-image":"","background-repeat":"repeat","background-position":"center center","background-size":"auto","background-attachment":"scroll","background-type":"","background-media":"","overlay-type":"","overlay-color":"","overlay-opacity":"","overlay-gradient":""},"mobile":{"background-color":"var(--ast-global-color-5)","background-image":"","background-repeat":"repeat","background-position":"center center","background-size":"auto","background-attachment":"scroll","background-type":"","background-media":"","overlay-type":"","overlay-color":"","overlay-opacity":"","overlay-gradient":""}},"footnotes":""},"categories":[1],"tags":[],"class_list":["post-16338","post","type-post","status-publish","format-standard","has-post-thumbnail","hentry","category-aktuality"],"yoast_head":"<!-- This site is optimized with the Yoast SEO plugin v27.5 - https:\/\/yoast.com\/product\/yoast-seo-wordpress\/ -->\n<title>Festival zru\u010dnost\u00ed 2024: Oslava vzdel\u00e1vania a inov\u00e1ci\u00ed! - \u0160IOV - \u0161t\u00e1tny in\u0161tit\u00fat odborn\u00e9ho vzdel\u00e1vania<\/title>\n<meta name=\"description\" content=\"Festival zru\u010dnost\u00ed 2024 prin\u00e1\u0161a bohat\u00fd program pre v\u0161etk\u00fdch, ktor\u00ed sa zauj\u00edmaj\u00fa o rozvoj zru\u010dnost\u00ed a o najnov\u0161ie trendy vo vzdel\u00e1van\u00ed.\" \/>\n<meta name=\"robots\" content=\"index, follow, max-snippet:-1, max-image-preview:large, max-video-preview:-1\" \/>\n<link rel=\"canonical\" href=\"https:\/\/archiv.siov.sk\/en\/festival-zrucnosti-2024\/\" \/>\n<meta property=\"og:locale\" content=\"en_GB\" \/>\n<meta property=\"og:type\" content=\"article\" \/>\n<meta property=\"og:title\" content=\"Festival zru\u010dnost\u00ed 2024: Oslava vzdel\u00e1vania a inov\u00e1ci\u00ed! - \u0160IOV - \u0161t\u00e1tny in\u0161tit\u00fat odborn\u00e9ho vzdel\u00e1vania\" \/>\n<meta property=\"og:description\" content=\"Festival zru\u010dnost\u00ed 2024 prin\u00e1\u0161a bohat\u00fd program pre v\u0161etk\u00fdch, ktor\u00ed sa zauj\u00edmaj\u00fa o rozvoj zru\u010dnost\u00ed a o najnov\u0161ie trendy vo vzdel\u00e1van\u00ed.\" \/>\n<meta property=\"og:url\" content=\"https:\/\/archiv.siov.sk\/en\/festival-zrucnosti-2024\/\" \/>\n<meta property=\"og:site_name\" content=\"\u0160IOV - \u0161t\u00e1tny in\u0161tit\u00fat odborn\u00e9ho vzdel\u00e1vania\" \/>\n<meta property=\"article:publisher\" content=\"https:\/\/www.facebook.com\/Statnyinstitutodbornehovzdelavania\" \/>\n<meta property=\"article:published_time\" content=\"2024-08-28T11:56:11+00:00\" \/>\n<meta property=\"article:modified_time\" content=\"2025-07-03T08:36:42+00:00\" \/>\n<meta property=\"og:image\" content=\"https:\/\/archiv.siov.sk\/wp-content\/uploads\/2024\/08\/FZ_2024_Teaser.png\" \/>\n\t<meta property=\"og:image:width\" content=\"1363\" \/>\n\t<meta property=\"og:image:height\" content=\"912\" \/>\n\t<meta property=\"og:image:type\" content=\"image\/png\" \/>\n<meta name=\"author\" content=\"Gabriela Budayov\u00e1\" \/>\n<meta name=\"twitter:card\" content=\"summary_large_image\" \/>\n<meta name=\"twitter:label1\" content=\"Written by\" \/>\n\t<meta name=\"twitter:data1\" content=\"Gabriela Budayov\u00e1\" \/>\n\t<meta name=\"twitter:label2\" content=\"Estimated reading time\" \/>\n\t<meta name=\"twitter:data2\" content=\"4 minutes\" \/>\n<script type=\"application\/ld+json\" class=\"yoast-schema-graph\">{\"@context\":\"https:\\\/\\\/schema.org\",\"@graph\":[{\"@type\":\"Article\",\"@id\":\"https:\\\/\\\/archiv.siov.sk\\\/festival-zrucnosti-2024\\\/#article\",\"isPartOf\":{\"@id\":\"https:\\\/\\\/archiv.siov.sk\\\/festival-zrucnosti-2024\\\/\"},\"author\":{\"name\":\"Gabriela Budayov\u00e1\",\"@id\":\"https:\\\/\\\/archiv.siov.sk\\\/#\\\/schema\\\/person\\\/2d35146a9c0fa51b027e8ff319cee627\"},\"headline\":\"Festival zru\u010dnost\u00ed 2024: Oslava vzdel\u00e1vania a inov\u00e1ci\u00ed!\",\"datePublished\":\"2024-08-28T11:56:11+00:00\",\"dateModified\":\"2025-07-03T08:36:42+00:00\",\"mainEntityOfPage\":{\"@id\":\"https:\\\/\\\/archiv.siov.sk\\\/festival-zrucnosti-2024\\\/\"},\"wordCount\":685,\"publisher\":{\"@id\":\"https:\\\/\\\/archiv.siov.sk\\\/#organization\"},\"image\":{\"@id\":\"https:\\\/\\\/archiv.siov.sk\\\/festival-zrucnosti-2024\\\/#primaryimage\"},\"thumbnailUrl\":\"https:\\\/\\\/archiv.siov.sk\\\/wp-content\\\/uploads\\\/2024\\\/08\\\/FZ_2024_Teaser.png\",\"articleSection\":[\"Aktuality\"],\"inLanguage\":\"en-GB\"},{\"@type\":\"WebPage\",\"@id\":\"https:\\\/\\\/archiv.siov.sk\\\/festival-zrucnosti-2024\\\/\",\"url\":\"https:\\\/\\\/archiv.siov.sk\\\/festival-zrucnosti-2024\\\/\",\"name\":\"Festival zru\u010dnost\u00ed 2024: Oslava vzdel\u00e1vania a inov\u00e1ci\u00ed! - \u0160IOV - \u0161t\u00e1tny in\u0161tit\u00fat odborn\u00e9ho vzdel\u00e1vania\",\"isPartOf\":{\"@id\":\"https:\\\/\\\/archiv.siov.sk\\\/#website\"},\"primaryImageOfPage\":{\"@id\":\"https:\\\/\\\/archiv.siov.sk\\\/festival-zrucnosti-2024\\\/#primaryimage\"},\"image\":{\"@id\":\"https:\\\/\\\/archiv.siov.sk\\\/festival-zrucnosti-2024\\\/#primaryimage\"},\"thumbnailUrl\":\"https:\\\/\\\/archiv.siov.sk\\\/wp-content\\\/uploads\\\/2024\\\/08\\\/FZ_2024_Teaser.png\",\"datePublished\":\"2024-08-28T11:56:11+00:00\",\"dateModified\":\"2025-07-03T08:36:42+00:00\",\"description\":\"Festival zru\u010dnost\u00ed 2024 prin\u00e1\u0161a bohat\u00fd program pre v\u0161etk\u00fdch, ktor\u00ed sa zauj\u00edmaj\u00fa o rozvoj zru\u010dnost\u00ed a o najnov\u0161ie trendy vo vzdel\u00e1van\u00ed.\",\"breadcrumb\":{\"@id\":\"https:\\\/\\\/archiv.siov.sk\\\/festival-zrucnosti-2024\\\/#breadcrumb\"},\"inLanguage\":\"en-GB\",\"potentialAction\":[{\"@type\":\"ReadAction\",\"target\":[\"https:\\\/\\\/archiv.siov.sk\\\/festival-zrucnosti-2024\\\/\"]}]},{\"@type\":\"ImageObject\",\"inLanguage\":\"en-GB\",\"@id\":\"https:\\\/\\\/archiv.siov.sk\\\/festival-zrucnosti-2024\\\/#primaryimage\",\"url\":\"https:\\\/\\\/archiv.siov.sk\\\/wp-content\\\/uploads\\\/2024\\\/08\\\/FZ_2024_Teaser.png\",\"contentUrl\":\"https:\\\/\\\/archiv.siov.sk\\\/wp-content\\\/uploads\\\/2024\\\/08\\\/FZ_2024_Teaser.png\",\"width\":1363,\"height\":912,\"caption\":\"Festival zru\u010dnost\u00ed 2024\"},{\"@type\":\"BreadcrumbList\",\"@id\":\"https:\\\/\\\/archiv.siov.sk\\\/festival-zrucnosti-2024\\\/#breadcrumb\",\"itemListElement\":[{\"@type\":\"ListItem\",\"position\":1,\"name\":\"Home\",\"item\":\"https:\\\/\\\/archiv.siov.sk\\\/\"},{\"@type\":\"ListItem\",\"position\":2,\"name\":\"Festival zru\u010dnost\u00ed 2024: Oslava vzdel\u00e1vania a inov\u00e1ci\u00ed!\"}]},{\"@type\":\"WebSite\",\"@id\":\"https:\\\/\\\/archiv.siov.sk\\\/#website\",\"url\":\"https:\\\/\\\/archiv.siov.sk\\\/\",\"name\":\"\u0160IOV - \u0161t\u00e1tny in\u0161tit\u00fat odborn\u00e9ho vzdel\u00e1vania\",\"description\":\"\",\"publisher\":{\"@id\":\"https:\\\/\\\/archiv.siov.sk\\\/#organization\"},\"potentialAction\":[{\"@type\":\"SearchAction\",\"target\":{\"@type\":\"EntryPoint\",\"urlTemplate\":\"https:\\\/\\\/archiv.siov.sk\\\/?s={search_term_string}\"},\"query-input\":{\"@type\":\"PropertyValueSpecification\",\"valueRequired\":true,\"valueName\":\"search_term_string\"}}],\"inLanguage\":\"en-GB\"},{\"@type\":\"Organization\",\"@id\":\"https:\\\/\\\/archiv.siov.sk\\\/#organization\",\"name\":\"\u0160IOV - \u0161t\u00e1tny in\u0161tit\u00fat odborn\u00e9ho vzdel\u00e1vania\",\"url\":\"https:\\\/\\\/archiv.siov.sk\\\/\",\"logo\":{\"@type\":\"ImageObject\",\"inLanguage\":\"en-GB\",\"@id\":\"https:\\\/\\\/archiv.siov.sk\\\/#\\\/schema\\\/logo\\\/image\\\/\",\"url\":\"https:\\\/\\\/archiv.siov.sk\\\/wp-content\\\/uploads\\\/2024\\\/02\\\/logo-SIOV.png\",\"contentUrl\":\"https:\\\/\\\/archiv.siov.sk\\\/wp-content\\\/uploads\\\/2024\\\/02\\\/logo-SIOV.png\",\"width\":431,\"height\":143,\"caption\":\"\u0160IOV - \u0161t\u00e1tny in\u0161tit\u00fat odborn\u00e9ho vzdel\u00e1vania\"},\"image\":{\"@id\":\"https:\\\/\\\/archiv.siov.sk\\\/#\\\/schema\\\/logo\\\/image\\\/\"},\"sameAs\":[\"https:\\\/\\\/www.facebook.com\\\/Statnyinstitutodbornehovzdelavania\"]},{\"@type\":\"Person\",\"@id\":\"https:\\\/\\\/archiv.siov.sk\\\/#\\\/schema\\\/person\\\/2d35146a9c0fa51b027e8ff319cee627\",\"name\":\"Gabriela Budayov\u00e1\",\"url\":\"https:\\\/\\\/archiv.siov.sk\\\/en\\\/author\\\/gabriela-budayova\\\/\"}]}<\/script>\n<!-- \/ Yoast SEO plugin. -->","yoast_head_json":{"title":"Festival zru\u010dnost\u00ed 2024: Oslava vzdel\u00e1vania a inov\u00e1ci\u00ed! - \u0160IOV - \u0161t\u00e1tny in\u0161tit\u00fat odborn\u00e9ho vzdel\u00e1vania","description":"Festival zru\u010dnost\u00ed 2024 prin\u00e1\u0161a bohat\u00fd program pre v\u0161etk\u00fdch, ktor\u00ed sa zauj\u00edmaj\u00fa o rozvoj zru\u010dnost\u00ed a o najnov\u0161ie trendy vo vzdel\u00e1van\u00ed.","robots":{"index":"index","follow":"follow","max-snippet":"max-snippet:-1","max-image-preview":"max-image-preview:large","max-video-preview":"max-video-preview:-1"},"canonical":"https:\/\/archiv.siov.sk\/en\/festival-zrucnosti-2024\/","og_locale":"en_GB","og_type":"article","og_title":"Festival zru\u010dnost\u00ed 2024: Oslava vzdel\u00e1vania a inov\u00e1ci\u00ed! - \u0160IOV - \u0161t\u00e1tny in\u0161tit\u00fat odborn\u00e9ho vzdel\u00e1vania","og_description":"Festival zru\u010dnost\u00ed 2024 prin\u00e1\u0161a bohat\u00fd program pre v\u0161etk\u00fdch, ktor\u00ed sa zauj\u00edmaj\u00fa o rozvoj zru\u010dnost\u00ed a o najnov\u0161ie trendy vo vzdel\u00e1van\u00ed.","og_url":"https:\/\/archiv.siov.sk\/en\/festival-zrucnosti-2024\/","og_site_name":"\u0160IOV - \u0161t\u00e1tny in\u0161tit\u00fat odborn\u00e9ho vzdel\u00e1vania","article_publisher":"https:\/\/www.facebook.com\/Statnyinstitutodbornehovzdelavania","article_published_time":"2024-08-28T11:56:11+00:00","article_modified_time":"2025-07-03T08:36:42+00:00","og_image":[{"width":1363,"height":912,"url":"https:\/\/archiv.siov.sk\/wp-content\/uploads\/2024\/08\/FZ_2024_Teaser.png","type":"image\/png"}],"author":"Gabriela Budayov\u00e1","twitter_card":"summary_large_image","twitter_misc":{"Written by":"Gabriela Budayov\u00e1","Estimated reading time":"4 minutes"},"schema":{"@context":"https:\/\/schema.org","@graph":[{"@type":"Article","@id":"https:\/\/archiv.siov.sk\/festival-zrucnosti-2024\/#article","isPartOf":{"@id":"https:\/\/archiv.siov.sk\/festival-zrucnosti-2024\/"},"author":{"name":"Gabriela Budayov\u00e1","@id":"https:\/\/archiv.siov.sk\/#\/schema\/person\/2d35146a9c0fa51b027e8ff319cee627"},"headline":"Festival zru\u010dnost\u00ed 2024: Oslava vzdel\u00e1vania a inov\u00e1ci\u00ed!","datePublished":"2024-08-28T11:56:11+00:00","dateModified":"2025-07-03T08:36:42+00:00","mainEntityOfPage":{"@id":"https:\/\/archiv.siov.sk\/festival-zrucnosti-2024\/"},"wordCount":685,"publisher":{"@id":"https:\/\/archiv.siov.sk\/#organization"},"image":{"@id":"https:\/\/archiv.siov.sk\/festival-zrucnosti-2024\/#primaryimage"},"thumbnailUrl":"https:\/\/archiv.siov.sk\/wp-content\/uploads\/2024\/08\/FZ_2024_Teaser.png","articleSection":["Aktuality"],"inLanguage":"en-GB"},{"@type":"WebPage","@id":"https:\/\/archiv.siov.sk\/festival-zrucnosti-2024\/","url":"https:\/\/archiv.siov.sk\/festival-zrucnosti-2024\/","name":"Festival zru\u010dnost\u00ed 2024: Oslava vzdel\u00e1vania a inov\u00e1ci\u00ed! - \u0160IOV - \u0161t\u00e1tny in\u0161tit\u00fat odborn\u00e9ho vzdel\u00e1vania","isPartOf":{"@id":"https:\/\/archiv.siov.sk\/#website"},"primaryImageOfPage":{"@id":"https:\/\/archiv.siov.sk\/festival-zrucnosti-2024\/#primaryimage"},"image":{"@id":"https:\/\/archiv.siov.sk\/festival-zrucnosti-2024\/#primaryimage"},"thumbnailUrl":"https:\/\/archiv.siov.sk\/wp-content\/uploads\/2024\/08\/FZ_2024_Teaser.png","datePublished":"2024-08-28T11:56:11+00:00","dateModified":"2025-07-03T08:36:42+00:00","description":"Festival zru\u010dnost\u00ed 2024 prin\u00e1\u0161a bohat\u00fd program pre v\u0161etk\u00fdch, ktor\u00ed sa zauj\u00edmaj\u00fa o rozvoj zru\u010dnost\u00ed a o najnov\u0161ie trendy vo vzdel\u00e1van\u00ed.","breadcrumb":{"@id":"https:\/\/archiv.siov.sk\/festival-zrucnosti-2024\/#breadcrumb"},"inLanguage":"en-GB","potentialAction":[{"@type":"ReadAction","target":["https:\/\/archiv.siov.sk\/festival-zrucnosti-2024\/"]}]},{"@type":"ImageObject","inLanguage":"en-GB","@id":"https:\/\/archiv.siov.sk\/festival-zrucnosti-2024\/#primaryimage","url":"https:\/\/archiv.siov.sk\/wp-content\/uploads\/2024\/08\/FZ_2024_Teaser.png","contentUrl":"https:\/\/archiv.siov.sk\/wp-content\/uploads\/2024\/08\/FZ_2024_Teaser.png","width":1363,"height":912,"caption":"Festival zru\u010dnost\u00ed 2024"},{"@type":"BreadcrumbList","@id":"https:\/\/archiv.siov.sk\/festival-zrucnosti-2024\/#breadcrumb","itemListElement":[{"@type":"ListItem","position":1,"name":"Home","item":"https:\/\/archiv.siov.sk\/"},{"@type":"ListItem","position":2,"name":"Festival zru\u010dnost\u00ed 2024: Oslava vzdel\u00e1vania a inov\u00e1ci\u00ed!"}]},{"@type":"WebSite","@id":"https:\/\/archiv.siov.sk\/#website","url":"https:\/\/archiv.siov.sk\/","name":"\u0160IOV - \u0161t\u00e1tny in\u0161tit\u00fat odborn\u00e9ho vzdel\u00e1vania","description":"","publisher":{"@id":"https:\/\/archiv.siov.sk\/#organization"},"potentialAction":[{"@type":"SearchAction","target":{"@type":"EntryPoint","urlTemplate":"https:\/\/archiv.siov.sk\/?s={search_term_string}"},"query-input":{"@type":"PropertyValueSpecification","valueRequired":true,"valueName":"search_term_string"}}],"inLanguage":"en-GB"},{"@type":"Organization","@id":"https:\/\/archiv.siov.sk\/#organization","name":"\u0160IOV - \u0161t\u00e1tny in\u0161tit\u00fat odborn\u00e9ho vzdel\u00e1vania","url":"https:\/\/archiv.siov.sk\/","logo":{"@type":"ImageObject","inLanguage":"en-GB","@id":"https:\/\/archiv.siov.sk\/#\/schema\/logo\/image\/","url":"https:\/\/archiv.siov.sk\/wp-content\/uploads\/2024\/02\/logo-SIOV.png","contentUrl":"https:\/\/archiv.siov.sk\/wp-content\/uploads\/2024\/02\/logo-SIOV.png","width":431,"height":143,"caption":"\u0160IOV - \u0161t\u00e1tny in\u0161tit\u00fat odborn\u00e9ho vzdel\u00e1vania"},"image":{"@id":"https:\/\/archiv.siov.sk\/#\/schema\/logo\/image\/"},"sameAs":["https:\/\/www.facebook.com\/Statnyinstitutodbornehovzdelavania"]},{"@type":"Person","@id":"https:\/\/archiv.siov.sk\/#\/schema\/person\/2d35146a9c0fa51b027e8ff319cee627","name":"Gabriela Budayov\u00e1","url":"https:\/\/archiv.siov.sk\/en\/author\/gabriela-budayova\/"}]}},"_links":{"self":[{"href":"https:\/\/archiv.siov.sk\/en\/wp-json\/wp\/v2\/posts\/16338","targetHints":{"allow":["GET"]}}],"collection":[{"href":"https:\/\/archiv.siov.sk\/en\/wp-json\/wp\/v2\/posts"}],"about":[{"href":"https:\/\/archiv.siov.sk\/en\/wp-json\/wp\/v2\/types\/post"}],"author":[{"embeddable":true,"href":"https:\/\/archiv.siov.sk\/en\/wp-json\/wp\/v2\/users\/10"}],"replies":[{"embeddable":true,"href":"https:\/\/archiv.siov.sk\/en\/wp-json\/wp\/v2\/comments?post=16338"}],"version-history":[{"count":25,"href":"https:\/\/archiv.siov.sk\/en\/wp-json\/wp\/v2\/posts\/16338\/revisions"}],"predecessor-version":[{"id":16344,"href":"https:\/\/archiv.siov.sk\/en\/wp-json\/wp\/v2\/posts\/16338\/revisions\/16344"}],"wp:featuredmedia":[{"embeddable":true,"href":"https:\/\/archiv.siov.sk\/en\/wp-json\/wp\/v2\/media\/16336"}],"wp:attachment":[{"href":"https:\/\/archiv.siov.sk\/en\/wp-json\/wp\/v2\/media?parent=16338"}],"wp:term":[{"taxonomy":"category","embeddable":true,"href":"https:\/\/archiv.siov.sk\/en\/wp-json\/wp\/v2\/categories?post=16338"},{"taxonomy":"post_tag","embeddable":true,"href":"https:\/\/archiv.siov.sk\/en\/wp-json\/wp\/v2\/tags?post=16338"}],"curies":[{"name":"wp","href":"https:\/\/api.w.org\/{rel}","templated":true}]}}