{"id":16267,"date":"2024-08-07T09:39:47","date_gmt":"2024-08-07T07:39:47","guid":{"rendered":"https:\/\/archiv.siov.sk\/?p=16267"},"modified":"2024-08-07T09:41:16","modified_gmt":"2024-08-07T07:41:16","slug":"slovensko-sa-intenzivne-pripravuje-na-deviaty-rocnik-euroskills","status":"publish","type":"post","link":"https:\/\/archiv.siov.sk\/en\/slovensko-sa-intenzivne-pripravuje-na-deviaty-rocnik-euroskills\/","title":{"rendered":"Slovensko sa intenz\u00edvne pripravuje na deviaty ro\u010dn\u00edk EuroSkills"},"content":{"rendered":"<p style=\"text-align: justify;\">Bud\u00facoro\u010dn\u00e9 EuroSkills sa uskuto\u010dn\u00ed 9.-13. septembra 2025 v d\u00e1nskom meste Herning ako jedno z v\u00fdnimo\u010dn\u00fdch podujat\u00ed za \u00fa\u010dasti viac ako \u0161es\u0165sto mlad\u00fdch talentovan\u00fdch odborn\u00edkov z celej Eur\u00f3py. Majstrovstv\u00e1 Eur\u00f3py v pribli\u017ene 38 zru\u010dnostiach a povolaniach bud\u00fa zah\u0155\u0148a\u0165 zauj\u00edmav\u00e9 s\u00fa\u0165a\u017ee a uk\u00e1\u017eky za podpory odborn\u00edkov z firiem. Slovensko intenz\u00edvne pripravuje nomin\u00e1ciu jeden\u00e1stich profesi\u00ed.<\/p>\n<p style=\"text-align: justify;\">Aby bola \u00fa\u010das\u0165 na\u0161ej reprezent\u00e1cie zav\u0155\u0161en\u00e1 \u00faspechom, od\u0161tartovala intenz\u00edvna pr\u00edprava u\u017e teraz. Na\u0161i\u00a0 stredo\u0161kol\u00e1ci sa pod doh\u013eadom expertov oboznamuj\u00fa s n\u00e1ro\u010dn\u00fdmi podmienkami s\u00fa\u0165a\u017en\u00fdch zameran\u00ed v profesii floristika, mechatronika, elektronika, grafick\u00fd dizajn\u00e9r, web developer, chladiaca a klimatiza\u010dn\u00e1 technika, \u00a0kuch\u00e1r, mur\u00e1r, maliar, kadern\u00edk a podnikavos\u0165 mlad\u00fdch.<\/p>\n<p style=\"text-align: justify;\">\u0160t\u00e1tny in\u0161tit\u00fat odborn\u00e9ho vzdel\u00e1vania (\u0160IOV) v spolupr\u00e1ci s jeden\u00e1stimi odborn\u00fdmi expertami z hospod\u00e1rskej praxe, ktor\u00ed s\u00fa \u010dlenmi pracovnej\/v\u00fdberovej skupiny, po splnen\u00ed podmienok Skills Slovakia\u00a0 nominuj\u00fa\u00a0 p\u00e4tn\u00e1s\u0165\u00a0 s\u00fa\u0165a\u017eiacich.<\/p>\n<p style=\"text-align: justify;\">Podujatie bude sprev\u00e1dza\u0165 cel\u00fd rad programov pre \u0161tudentov, ml\u00e1de\u017e a verejnos\u0165. O\u010dak\u00e1va sa \u00fa\u010das\u0165 sto tis\u00edc n\u00e1v\u0161tevn\u00edkov z cel\u00e9ho D\u00e1nska a zahrani\u010dia. \u017diaci z\u00e1kladn\u00fdch \u0161k\u00f4l sa pozr\u00fa &#8222;priamo cez rameno&#8220; najlep\u0161\u00edm mlad\u00fdm v profesi\u00e1ch z celej Eur\u00f3py alebo si sami otestuj\u00fa svoje schopnosti a talent na staniciach \u201e Vysk\u00fa\u0161ajte si zru\u010dnosti\u201c, ktor\u00e9 bud\u00fa pr\u00edle\u017eitos\u0165ou za\u017ei\u0165 kari\u00e9rnu orient\u00e1ciu interakt\u00edvnym a vzru\u0161uj\u00facim sp\u00f4sobom. S\u00fa\u010das\u0165ou bude aj \u0161peci\u00e1lny program pre odborn\u00edkov, konferencie, semin\u00e1re a predn\u00e1\u0161ky.<\/p>\n<p style=\"text-align: justify;\">EuroSkills je centr\u00e1lnou p\u00e1kou proti nedostatku kvalifikovan\u00fdch pracovn\u00edkov. Poslan\u00edm hnutia WorldSkills je zv\u00fd\u0161i\u0165 profil a uznanie kvalifikovan\u00fdch \u013eud\u00ed a uk\u00e1za\u0165, ak\u00e9 d\u00f4le\u017eit\u00e9 s\u00fa zru\u010dnosti pri dosahovan\u00ed ekonomick\u00e9ho rastu a osobn\u00e9ho \u00faspechu. Jedine\u010dn\u00e9 podujatie podporuje vzdelanie, rozvoj zru\u010dnost\u00ed a ekonomick\u00fa prosperitu v\u0161etk\u00fdch zapojen\u00fdch kraj\u00edn Eur\u00f3py.<\/p>\n<p style=\"text-align: justify;\">\u00da\u010das\u0165 slovensk\u00e9ho t\u00edmu podporuje \u0160t\u00e1tny in\u0161tit\u00fat odborn\u00e9ho vzdel\u00e1vania, ktor\u00fd je \u010dlenom a partnerom Worldskills\u00a0 od roku 2008.<\/p>","protected":false},"excerpt":{"rendered":"<p>Bud\u00facoro\u010dn\u00e9 EuroSkills sa uskuto\u010dn\u00ed 9.-13. septembra 2025 v d\u00e1nskom meste Herning ako jedno z v\u00fdnimo\u010dn\u00fdch podujat\u00ed za \u00fa\u010dasti viac ako \u0161es\u0165sto mlad\u00fdch talentovan\u00fdch odborn\u00edkov z celej Eur\u00f3py. Majstrovstv\u00e1 Eur\u00f3py v pribli\u017ene 38 zru\u010dnostiach a povolaniach bud\u00fa zah\u0155\u0148a\u0165 zauj\u00edmav\u00e9 s\u00fa\u0165a\u017ee a uk\u00e1\u017eky za podpory odborn\u00edkov z firiem. Slovensko intenz\u00edvne pripravuje nomin\u00e1ciu jeden\u00e1stich profesi\u00ed. Aby bola \u00fa\u010das\u0165 [&hellip;]<\/p>\n","protected":false},"author":6,"featured_media":16269,"comment_status":"closed","ping_status":"closed","sticky":false,"template":"","format":"standard","meta":{"site-sidebar-layout":"default","site-content-layout":"","ast-site-content-layout":"default","site-content-style":"default","site-sidebar-style":"default","ast-global-header-display":"","ast-banner-title-visibility":"","ast-main-header-display":"","ast-hfb-above-header-display":"","ast-hfb-below-header-display":"","ast-hfb-mobile-header-display":"","site-post-title":"","ast-breadcrumbs-content":"","ast-featured-img":"","footer-sml-layout":"","ast-disable-related-posts":"","theme-transparent-header-meta":"default","adv-header-id-meta":"","stick-header-meta":"default","header-above-stick-meta":"","header-main-stick-meta":"","header-below-stick-meta":"","astra-migrate-meta-layouts":"set","ast-page-background-enabled":"default","ast-page-background-meta":{"desktop":{"background-color":"var(--ast-global-color-4)","background-image":"","background-repeat":"repeat","background-position":"center center","background-size":"auto","background-attachment":"scroll","background-type":"","background-media":"","overlay-type":"","overlay-color":"","overlay-opacity":"","overlay-gradient":""},"tablet":{"background-color":"","background-image":"","background-repeat":"repeat","background-position":"center center","background-size":"auto","background-attachment":"scroll","background-type":"","background-media":"","overlay-type":"","overlay-color":"","overlay-opacity":"","overlay-gradient":""},"mobile":{"background-color":"","background-image":"","background-repeat":"repeat","background-position":"center center","background-size":"auto","background-attachment":"scroll","background-type":"","background-media":"","overlay-type":"","overlay-color":"","overlay-opacity":"","overlay-gradient":""}},"ast-content-background-meta":{"desktop":{"background-color":"var(--ast-global-color-5)","background-image":"","background-repeat":"repeat","background-position":"center center","background-size":"auto","background-attachment":"scroll","background-type":"","background-media":"","overlay-type":"","overlay-color":"","overlay-opacity":"","overlay-gradient":""},"tablet":{"background-color":"var(--ast-global-color-5)","background-image":"","background-repeat":"repeat","background-position":"center center","background-size":"auto","background-attachment":"scroll","background-type":"","background-media":"","overlay-type":"","overlay-color":"","overlay-opacity":"","overlay-gradient":""},"mobile":{"background-color":"var(--ast-global-color-5)","background-image":"","background-repeat":"repeat","background-position":"center center","background-size":"auto","background-attachment":"scroll","background-type":"","background-media":"","overlay-type":"","overlay-color":"","overlay-opacity":"","overlay-gradient":""}},"footnotes":""},"categories":[1],"tags":[],"class_list":["post-16267","post","type-post","status-publish","format-standard","has-post-thumbnail","hentry","category-aktuality"],"yoast_head":"<!-- This site is optimized with the Yoast SEO plugin v27.5 - https:\/\/yoast.com\/product\/yoast-seo-wordpress\/ -->\n<title>Slovensko sa intenz\u00edvne pripravuje na deviaty ro\u010dn\u00edk EuroSkills - \u0160IOV - \u0161t\u00e1tny in\u0161tit\u00fat odborn\u00e9ho vzdel\u00e1vania<\/title>\n<meta name=\"robots\" content=\"index, follow, max-snippet:-1, max-image-preview:large, max-video-preview:-1\" \/>\n<link rel=\"canonical\" href=\"https:\/\/archiv.siov.sk\/en\/slovensko-sa-intenzivne-pripravuje-na-deviaty-rocnik-euroskills\/\" \/>\n<meta property=\"og:locale\" content=\"en_GB\" \/>\n<meta property=\"og:type\" content=\"article\" \/>\n<meta property=\"og:title\" content=\"Slovensko sa intenz\u00edvne pripravuje na deviaty ro\u010dn\u00edk EuroSkills - \u0160IOV - \u0161t\u00e1tny in\u0161tit\u00fat odborn\u00e9ho vzdel\u00e1vania\" \/>\n<meta property=\"og:description\" content=\"Bud\u00facoro\u010dn\u00e9 EuroSkills sa uskuto\u010dn\u00ed 9.-13. septembra 2025 v d\u00e1nskom meste Herning ako jedno z v\u00fdnimo\u010dn\u00fdch podujat\u00ed za \u00fa\u010dasti viac ako \u0161es\u0165sto mlad\u00fdch talentovan\u00fdch odborn\u00edkov z celej Eur\u00f3py. Majstrovstv\u00e1 Eur\u00f3py v pribli\u017ene 38 zru\u010dnostiach a povolaniach bud\u00fa zah\u0155\u0148a\u0165 zauj\u00edmav\u00e9 s\u00fa\u0165a\u017ee a uk\u00e1\u017eky za podpory odborn\u00edkov z firiem. Slovensko intenz\u00edvne pripravuje nomin\u00e1ciu jeden\u00e1stich profesi\u00ed. Aby bola \u00fa\u010das\u0165 [&hellip;]\" \/>\n<meta property=\"og:url\" content=\"https:\/\/archiv.siov.sk\/en\/slovensko-sa-intenzivne-pripravuje-na-deviaty-rocnik-euroskills\/\" \/>\n<meta property=\"og:site_name\" content=\"\u0160IOV - \u0161t\u00e1tny in\u0161tit\u00fat odborn\u00e9ho vzdel\u00e1vania\" \/>\n<meta property=\"article:publisher\" content=\"https:\/\/www.facebook.com\/Statnyinstitutodbornehovzdelavania\" \/>\n<meta property=\"article:published_time\" content=\"2024-08-07T07:39:47+00:00\" \/>\n<meta property=\"article:modified_time\" content=\"2024-08-07T07:41:16+00:00\" \/>\n<meta property=\"og:image\" content=\"https:\/\/archiv.siov.sk\/wp-content\/uploads\/2024\/08\/euroskills-2025.png\" \/>\n\t<meta property=\"og:image:width\" content=\"244\" \/>\n\t<meta property=\"og:image:height\" content=\"206\" \/>\n\t<meta property=\"og:image:type\" content=\"image\/png\" \/>\n<meta name=\"author\" content=\"Katar\u00edna Kov\u00e1\u010dov\u00e1\" \/>\n<meta name=\"twitter:card\" content=\"summary_large_image\" \/>\n<meta name=\"twitter:label1\" content=\"Written by\" \/>\n\t<meta name=\"twitter:data1\" content=\"Katar\u00edna Kov\u00e1\u010dov\u00e1\" \/>\n\t<meta name=\"twitter:label2\" content=\"Estimated reading time\" \/>\n\t<meta name=\"twitter:data2\" content=\"2 minutes\" \/>\n<script type=\"application\/ld+json\" class=\"yoast-schema-graph\">{\"@context\":\"https:\\\/\\\/schema.org\",\"@graph\":[{\"@type\":\"Article\",\"@id\":\"https:\\\/\\\/archiv.siov.sk\\\/slovensko-sa-intenzivne-pripravuje-na-deviaty-rocnik-euroskills\\\/#article\",\"isPartOf\":{\"@id\":\"https:\\\/\\\/archiv.siov.sk\\\/slovensko-sa-intenzivne-pripravuje-na-deviaty-rocnik-euroskills\\\/\"},\"author\":{\"name\":\"Katar\u00edna Kov\u00e1\u010dov\u00e1\",\"@id\":\"https:\\\/\\\/archiv.siov.sk\\\/#\\\/schema\\\/person\\\/e42d633fbd958c6a726e8834d8965e6c\"},\"headline\":\"Slovensko sa intenz\u00edvne pripravuje na deviaty ro\u010dn\u00edk EuroSkills\",\"datePublished\":\"2024-08-07T07:39:47+00:00\",\"dateModified\":\"2024-08-07T07:41:16+00:00\",\"mainEntityOfPage\":{\"@id\":\"https:\\\/\\\/archiv.siov.sk\\\/slovensko-sa-intenzivne-pripravuje-na-deviaty-rocnik-euroskills\\\/\"},\"wordCount\":387,\"publisher\":{\"@id\":\"https:\\\/\\\/archiv.siov.sk\\\/#organization\"},\"image\":{\"@id\":\"https:\\\/\\\/archiv.siov.sk\\\/slovensko-sa-intenzivne-pripravuje-na-deviaty-rocnik-euroskills\\\/#primaryimage\"},\"thumbnailUrl\":\"https:\\\/\\\/archiv.siov.sk\\\/wp-content\\\/uploads\\\/2024\\\/08\\\/euroskills-2025.png\",\"articleSection\":[\"Aktuality\"],\"inLanguage\":\"en-GB\"},{\"@type\":\"WebPage\",\"@id\":\"https:\\\/\\\/archiv.siov.sk\\\/slovensko-sa-intenzivne-pripravuje-na-deviaty-rocnik-euroskills\\\/\",\"url\":\"https:\\\/\\\/archiv.siov.sk\\\/slovensko-sa-intenzivne-pripravuje-na-deviaty-rocnik-euroskills\\\/\",\"name\":\"Slovensko sa intenz\u00edvne pripravuje na deviaty ro\u010dn\u00edk EuroSkills - \u0160IOV - \u0161t\u00e1tny in\u0161tit\u00fat odborn\u00e9ho vzdel\u00e1vania\",\"isPartOf\":{\"@id\":\"https:\\\/\\\/archiv.siov.sk\\\/#website\"},\"primaryImageOfPage\":{\"@id\":\"https:\\\/\\\/archiv.siov.sk\\\/slovensko-sa-intenzivne-pripravuje-na-deviaty-rocnik-euroskills\\\/#primaryimage\"},\"image\":{\"@id\":\"https:\\\/\\\/archiv.siov.sk\\\/slovensko-sa-intenzivne-pripravuje-na-deviaty-rocnik-euroskills\\\/#primaryimage\"},\"thumbnailUrl\":\"https:\\\/\\\/archiv.siov.sk\\\/wp-content\\\/uploads\\\/2024\\\/08\\\/euroskills-2025.png\",\"datePublished\":\"2024-08-07T07:39:47+00:00\",\"dateModified\":\"2024-08-07T07:41:16+00:00\",\"breadcrumb\":{\"@id\":\"https:\\\/\\\/archiv.siov.sk\\\/slovensko-sa-intenzivne-pripravuje-na-deviaty-rocnik-euroskills\\\/#breadcrumb\"},\"inLanguage\":\"en-GB\",\"potentialAction\":[{\"@type\":\"ReadAction\",\"target\":[\"https:\\\/\\\/archiv.siov.sk\\\/slovensko-sa-intenzivne-pripravuje-na-deviaty-rocnik-euroskills\\\/\"]}]},{\"@type\":\"ImageObject\",\"inLanguage\":\"en-GB\",\"@id\":\"https:\\\/\\\/archiv.siov.sk\\\/slovensko-sa-intenzivne-pripravuje-na-deviaty-rocnik-euroskills\\\/#primaryimage\",\"url\":\"https:\\\/\\\/archiv.siov.sk\\\/wp-content\\\/uploads\\\/2024\\\/08\\\/euroskills-2025.png\",\"contentUrl\":\"https:\\\/\\\/archiv.siov.sk\\\/wp-content\\\/uploads\\\/2024\\\/08\\\/euroskills-2025.png\",\"width\":244,\"height\":206},{\"@type\":\"BreadcrumbList\",\"@id\":\"https:\\\/\\\/archiv.siov.sk\\\/slovensko-sa-intenzivne-pripravuje-na-deviaty-rocnik-euroskills\\\/#breadcrumb\",\"itemListElement\":[{\"@type\":\"ListItem\",\"position\":1,\"name\":\"Home\",\"item\":\"https:\\\/\\\/archiv.siov.sk\\\/\"},{\"@type\":\"ListItem\",\"position\":2,\"name\":\"Slovensko sa intenz\u00edvne pripravuje na deviaty ro\u010dn\u00edk EuroSkills\"}]},{\"@type\":\"WebSite\",\"@id\":\"https:\\\/\\\/archiv.siov.sk\\\/#website\",\"url\":\"https:\\\/\\\/archiv.siov.sk\\\/\",\"name\":\"\u0160IOV - \u0161t\u00e1tny in\u0161tit\u00fat odborn\u00e9ho vzdel\u00e1vania\",\"description\":\"\",\"publisher\":{\"@id\":\"https:\\\/\\\/archiv.siov.sk\\\/#organization\"},\"potentialAction\":[{\"@type\":\"SearchAction\",\"target\":{\"@type\":\"EntryPoint\",\"urlTemplate\":\"https:\\\/\\\/archiv.siov.sk\\\/?s={search_term_string}\"},\"query-input\":{\"@type\":\"PropertyValueSpecification\",\"valueRequired\":true,\"valueName\":\"search_term_string\"}}],\"inLanguage\":\"en-GB\"},{\"@type\":\"Organization\",\"@id\":\"https:\\\/\\\/archiv.siov.sk\\\/#organization\",\"name\":\"\u0160IOV - \u0161t\u00e1tny in\u0161tit\u00fat odborn\u00e9ho vzdel\u00e1vania\",\"url\":\"https:\\\/\\\/archiv.siov.sk\\\/\",\"logo\":{\"@type\":\"ImageObject\",\"inLanguage\":\"en-GB\",\"@id\":\"https:\\\/\\\/archiv.siov.sk\\\/#\\\/schema\\\/logo\\\/image\\\/\",\"url\":\"https:\\\/\\\/archiv.siov.sk\\\/wp-content\\\/uploads\\\/2024\\\/02\\\/logo-SIOV.png\",\"contentUrl\":\"https:\\\/\\\/archiv.siov.sk\\\/wp-content\\\/uploads\\\/2024\\\/02\\\/logo-SIOV.png\",\"width\":431,\"height\":143,\"caption\":\"\u0160IOV - \u0161t\u00e1tny in\u0161tit\u00fat odborn\u00e9ho vzdel\u00e1vania\"},\"image\":{\"@id\":\"https:\\\/\\\/archiv.siov.sk\\\/#\\\/schema\\\/logo\\\/image\\\/\"},\"sameAs\":[\"https:\\\/\\\/www.facebook.com\\\/Statnyinstitutodbornehovzdelavania\"]},{\"@type\":\"Person\",\"@id\":\"https:\\\/\\\/archiv.siov.sk\\\/#\\\/schema\\\/person\\\/e42d633fbd958c6a726e8834d8965e6c\",\"name\":\"Katar\u00edna Kov\u00e1\u010dov\u00e1\",\"url\":\"https:\\\/\\\/archiv.siov.sk\\\/en\\\/author\\\/katkakovacova\\\/\"}]}<\/script>\n<!-- \/ Yoast SEO plugin. -->","yoast_head_json":{"title":"Slovensko sa intenz\u00edvne pripravuje na deviaty ro\u010dn\u00edk EuroSkills - \u0160IOV - \u0161t\u00e1tny in\u0161tit\u00fat odborn\u00e9ho vzdel\u00e1vania","robots":{"index":"index","follow":"follow","max-snippet":"max-snippet:-1","max-image-preview":"max-image-preview:large","max-video-preview":"max-video-preview:-1"},"canonical":"https:\/\/archiv.siov.sk\/en\/slovensko-sa-intenzivne-pripravuje-na-deviaty-rocnik-euroskills\/","og_locale":"en_GB","og_type":"article","og_title":"Slovensko sa intenz\u00edvne pripravuje na deviaty ro\u010dn\u00edk EuroSkills - \u0160IOV - \u0161t\u00e1tny in\u0161tit\u00fat odborn\u00e9ho vzdel\u00e1vania","og_description":"Bud\u00facoro\u010dn\u00e9 EuroSkills sa uskuto\u010dn\u00ed 9.-13. septembra 2025 v d\u00e1nskom meste Herning ako jedno z v\u00fdnimo\u010dn\u00fdch podujat\u00ed za \u00fa\u010dasti viac ako \u0161es\u0165sto mlad\u00fdch talentovan\u00fdch odborn\u00edkov z celej Eur\u00f3py. Majstrovstv\u00e1 Eur\u00f3py v pribli\u017ene 38 zru\u010dnostiach a povolaniach bud\u00fa zah\u0155\u0148a\u0165 zauj\u00edmav\u00e9 s\u00fa\u0165a\u017ee a uk\u00e1\u017eky za podpory odborn\u00edkov z firiem. Slovensko intenz\u00edvne pripravuje nomin\u00e1ciu jeden\u00e1stich profesi\u00ed. Aby bola \u00fa\u010das\u0165 [&hellip;]","og_url":"https:\/\/archiv.siov.sk\/en\/slovensko-sa-intenzivne-pripravuje-na-deviaty-rocnik-euroskills\/","og_site_name":"\u0160IOV - \u0161t\u00e1tny in\u0161tit\u00fat odborn\u00e9ho vzdel\u00e1vania","article_publisher":"https:\/\/www.facebook.com\/Statnyinstitutodbornehovzdelavania","article_published_time":"2024-08-07T07:39:47+00:00","article_modified_time":"2024-08-07T07:41:16+00:00","og_image":[{"width":244,"height":206,"url":"https:\/\/archiv.siov.sk\/wp-content\/uploads\/2024\/08\/euroskills-2025.png","type":"image\/png"}],"author":"Katar\u00edna Kov\u00e1\u010dov\u00e1","twitter_card":"summary_large_image","twitter_misc":{"Written by":"Katar\u00edna Kov\u00e1\u010dov\u00e1","Estimated reading time":"2 minutes"},"schema":{"@context":"https:\/\/schema.org","@graph":[{"@type":"Article","@id":"https:\/\/archiv.siov.sk\/slovensko-sa-intenzivne-pripravuje-na-deviaty-rocnik-euroskills\/#article","isPartOf":{"@id":"https:\/\/archiv.siov.sk\/slovensko-sa-intenzivne-pripravuje-na-deviaty-rocnik-euroskills\/"},"author":{"name":"Katar\u00edna Kov\u00e1\u010dov\u00e1","@id":"https:\/\/archiv.siov.sk\/#\/schema\/person\/e42d633fbd958c6a726e8834d8965e6c"},"headline":"Slovensko sa intenz\u00edvne pripravuje na deviaty ro\u010dn\u00edk EuroSkills","datePublished":"2024-08-07T07:39:47+00:00","dateModified":"2024-08-07T07:41:16+00:00","mainEntityOfPage":{"@id":"https:\/\/archiv.siov.sk\/slovensko-sa-intenzivne-pripravuje-na-deviaty-rocnik-euroskills\/"},"wordCount":387,"publisher":{"@id":"https:\/\/archiv.siov.sk\/#organization"},"image":{"@id":"https:\/\/archiv.siov.sk\/slovensko-sa-intenzivne-pripravuje-na-deviaty-rocnik-euroskills\/#primaryimage"},"thumbnailUrl":"https:\/\/archiv.siov.sk\/wp-content\/uploads\/2024\/08\/euroskills-2025.png","articleSection":["Aktuality"],"inLanguage":"en-GB"},{"@type":"WebPage","@id":"https:\/\/archiv.siov.sk\/slovensko-sa-intenzivne-pripravuje-na-deviaty-rocnik-euroskills\/","url":"https:\/\/archiv.siov.sk\/slovensko-sa-intenzivne-pripravuje-na-deviaty-rocnik-euroskills\/","name":"Slovensko sa intenz\u00edvne pripravuje na deviaty ro\u010dn\u00edk EuroSkills - \u0160IOV - \u0161t\u00e1tny in\u0161tit\u00fat odborn\u00e9ho vzdel\u00e1vania","isPartOf":{"@id":"https:\/\/archiv.siov.sk\/#website"},"primaryImageOfPage":{"@id":"https:\/\/archiv.siov.sk\/slovensko-sa-intenzivne-pripravuje-na-deviaty-rocnik-euroskills\/#primaryimage"},"image":{"@id":"https:\/\/archiv.siov.sk\/slovensko-sa-intenzivne-pripravuje-na-deviaty-rocnik-euroskills\/#primaryimage"},"thumbnailUrl":"https:\/\/archiv.siov.sk\/wp-content\/uploads\/2024\/08\/euroskills-2025.png","datePublished":"2024-08-07T07:39:47+00:00","dateModified":"2024-08-07T07:41:16+00:00","breadcrumb":{"@id":"https:\/\/archiv.siov.sk\/slovensko-sa-intenzivne-pripravuje-na-deviaty-rocnik-euroskills\/#breadcrumb"},"inLanguage":"en-GB","potentialAction":[{"@type":"ReadAction","target":["https:\/\/archiv.siov.sk\/slovensko-sa-intenzivne-pripravuje-na-deviaty-rocnik-euroskills\/"]}]},{"@type":"ImageObject","inLanguage":"en-GB","@id":"https:\/\/archiv.siov.sk\/slovensko-sa-intenzivne-pripravuje-na-deviaty-rocnik-euroskills\/#primaryimage","url":"https:\/\/archiv.siov.sk\/wp-content\/uploads\/2024\/08\/euroskills-2025.png","contentUrl":"https:\/\/archiv.siov.sk\/wp-content\/uploads\/2024\/08\/euroskills-2025.png","width":244,"height":206},{"@type":"BreadcrumbList","@id":"https:\/\/archiv.siov.sk\/slovensko-sa-intenzivne-pripravuje-na-deviaty-rocnik-euroskills\/#breadcrumb","itemListElement":[{"@type":"ListItem","position":1,"name":"Home","item":"https:\/\/archiv.siov.sk\/"},{"@type":"ListItem","position":2,"name":"Slovensko sa intenz\u00edvne pripravuje na deviaty ro\u010dn\u00edk EuroSkills"}]},{"@type":"WebSite","@id":"https:\/\/archiv.siov.sk\/#website","url":"https:\/\/archiv.siov.sk\/","name":"\u0160IOV - \u0161t\u00e1tny in\u0161tit\u00fat odborn\u00e9ho vzdel\u00e1vania","description":"","publisher":{"@id":"https:\/\/archiv.siov.sk\/#organization"},"potentialAction":[{"@type":"SearchAction","target":{"@type":"EntryPoint","urlTemplate":"https:\/\/archiv.siov.sk\/?s={search_term_string}"},"query-input":{"@type":"PropertyValueSpecification","valueRequired":true,"valueName":"search_term_string"}}],"inLanguage":"en-GB"},{"@type":"Organization","@id":"https:\/\/archiv.siov.sk\/#organization","name":"\u0160IOV - \u0161t\u00e1tny in\u0161tit\u00fat odborn\u00e9ho vzdel\u00e1vania","url":"https:\/\/archiv.siov.sk\/","logo":{"@type":"ImageObject","inLanguage":"en-GB","@id":"https:\/\/archiv.siov.sk\/#\/schema\/logo\/image\/","url":"https:\/\/archiv.siov.sk\/wp-content\/uploads\/2024\/02\/logo-SIOV.png","contentUrl":"https:\/\/archiv.siov.sk\/wp-content\/uploads\/2024\/02\/logo-SIOV.png","width":431,"height":143,"caption":"\u0160IOV - \u0161t\u00e1tny in\u0161tit\u00fat odborn\u00e9ho vzdel\u00e1vania"},"image":{"@id":"https:\/\/archiv.siov.sk\/#\/schema\/logo\/image\/"},"sameAs":["https:\/\/www.facebook.com\/Statnyinstitutodbornehovzdelavania"]},{"@type":"Person","@id":"https:\/\/archiv.siov.sk\/#\/schema\/person\/e42d633fbd958c6a726e8834d8965e6c","name":"Katar\u00edna Kov\u00e1\u010dov\u00e1","url":"https:\/\/archiv.siov.sk\/en\/author\/katkakovacova\/"}]}},"_links":{"self":[{"href":"https:\/\/archiv.siov.sk\/en\/wp-json\/wp\/v2\/posts\/16267","targetHints":{"allow":["GET"]}}],"collection":[{"href":"https:\/\/archiv.siov.sk\/en\/wp-json\/wp\/v2\/posts"}],"about":[{"href":"https:\/\/archiv.siov.sk\/en\/wp-json\/wp\/v2\/types\/post"}],"author":[{"embeddable":true,"href":"https:\/\/archiv.siov.sk\/en\/wp-json\/wp\/v2\/users\/6"}],"replies":[{"embeddable":true,"href":"https:\/\/archiv.siov.sk\/en\/wp-json\/wp\/v2\/comments?post=16267"}],"version-history":[{"count":2,"href":"https:\/\/archiv.siov.sk\/en\/wp-json\/wp\/v2\/posts\/16267\/revisions"}],"predecessor-version":[{"id":16270,"href":"https:\/\/archiv.siov.sk\/en\/wp-json\/wp\/v2\/posts\/16267\/revisions\/16270"}],"wp:featuredmedia":[{"embeddable":true,"href":"https:\/\/archiv.siov.sk\/en\/wp-json\/wp\/v2\/media\/16269"}],"wp:attachment":[{"href":"https:\/\/archiv.siov.sk\/en\/wp-json\/wp\/v2\/media?parent=16267"}],"wp:term":[{"taxonomy":"category","embeddable":true,"href":"https:\/\/archiv.siov.sk\/en\/wp-json\/wp\/v2\/categories?post=16267"},{"taxonomy":"post_tag","embeddable":true,"href":"https:\/\/archiv.siov.sk\/en\/wp-json\/wp\/v2\/tags?post=16267"}],"curies":[{"name":"wp","href":"https:\/\/api.w.org\/{rel}","templated":true}]}}