{"id":16235,"date":"2024-05-21T09:48:04","date_gmt":"2024-05-21T07:48:04","guid":{"rendered":"https:\/\/archiv.siov.sk\/?p=16235"},"modified":"2025-06-13T08:57:50","modified_gmt":"2025-06-13T06:57:50","slug":"vzdelavacia-mobilita-finsko","status":"publish","type":"post","link":"https:\/\/archiv.siov.sk\/en\/vzdelavacia-mobilita-finsko\/","title":{"rendered":"Vzdel\u00e1vacia mobilita jednotlivcov &#8211; F\u00ednsko"},"content":{"rendered":"<p>&nbsp;<\/p>\n<p><img fetchpriority=\"high\" decoding=\"async\" class=\"wp-image-16232 alignright\" src=\"https:\/\/archiv.siov.sk\/wp-content\/uploads\/2024\/07\/Finsko-2_mobilita-300x225.jpeg\" alt=\"\u0161iov vo F\u00ednsku\" width=\"400\" height=\"300\" srcset=\"https:\/\/archiv.siov.sk\/wp-content\/uploads\/2024\/07\/Finsko-2_mobilita-300x225.jpeg 300w, https:\/\/archiv.siov.sk\/wp-content\/uploads\/2024\/07\/Finsko-2_mobilita-768x576.jpeg 768w, https:\/\/archiv.siov.sk\/wp-content\/uploads\/2024\/07\/Finsko-2_mobilita-16x12.jpeg 16w, https:\/\/archiv.siov.sk\/wp-content\/uploads\/2024\/07\/Finsko-2_mobilita.jpeg 1024w\" sizes=\"(max-width: 400px) 100vw, 400px\" \/><span style=\"font-size: 16px; font-style: normal; font-weight: 400;\">Sie\u0165 jeden\u00e1stich vzdel\u00e1vac\u00edch centier s viac ako 42 000 \u0161tudentmi, 3 dni pln\u00e9 programu, 13 \u00fa\u010dastn\u00edkov a rozmanitos\u0165v tom najv\u00e4\u010d\u0161om rozsahu. Aj takto by sa dala op\u00edsa\u0165 na\u0161a \u0161tudijn\u00e1 n\u00e1v\u0161teva v r\u00e1mci programu ERASMUS+ vo F\u00ednsku, presnej\u0161ie v m<\/span><span style=\"font-size: 16px;\">este Espoo, kde s\u00eddli Centrum excelentnosti OMNIA, ktor\u00e9 pon\u00faka r\u00f4zne typy \u0161t\u00fadia \u0161tudentom aj dospel\u00fdm.<\/span><\/p>\n<p>Cie\u013eom na\u0161ej n\u00e1v\u0161tevy spolo\u010dne so z\u00e1stupcami \u0160IOV a\u00a0\u0161tyroch samospr\u00e1vnych krajov bolo bli\u017e\u0161ie porozumie\u0165 vzdel\u00e1vaciemu syst\u00e9mu vo F\u00ednsku, pozrie\u0165 sa na to, ako sa d\u00e1 efekt\u00edvne vybudova\u0165 vzdel\u00e1vacie centrum ak\u00fdm je OMNIA. Taktie\u017e n\u00e1s zauj\u00edmalo, ako sa men\u00ed rola u\u010dite\u013ea cez prizmu meniaceho sa spolo\u010densk\u00e9ho v\u00fdvoja, pandemick\u00fdch rokov a\u00a0najm\u00e4 cez meniace sa potreby \u0161tudentov.<\/p>\n<p><img decoding=\"async\" class=\"wp-image-16233 alignleft\" src=\"https:\/\/archiv.siov.sk\/wp-content\/uploads\/2024\/07\/Mobilita_Finsko-1-siov-300x225.jpeg\" alt=\"\u0161iov vo F\u00ednsku\" width=\"400\" height=\"300\" srcset=\"https:\/\/archiv.siov.sk\/wp-content\/uploads\/2024\/07\/Mobilita_Finsko-1-siov-300x225.jpeg 300w, https:\/\/archiv.siov.sk\/wp-content\/uploads\/2024\/07\/Mobilita_Finsko-1-siov-768x576.jpeg 768w, https:\/\/archiv.siov.sk\/wp-content\/uploads\/2024\/07\/Mobilita_Finsko-1-siov-16x12.jpeg 16w, https:\/\/archiv.siov.sk\/wp-content\/uploads\/2024\/07\/Mobilita_Finsko-1-siov.jpeg 1024w\" sizes=\"(max-width: 400px) 100vw, 400px\" \/><\/p>\n<p>Po\u010das na\u0161ej trojd\u0148ovej n\u00e1v\u0161tevy sme mali mo\u017enos\u0165 by\u0165 s\u00fa\u010das\u0165ou vyu\u010dovac\u00edch hod\u00edn, kde sme sa rozpr\u00e1vali so \u0161tudentmi a u\u010dite\u013emi o\u00a0tom, ak\u00e9 pozit\u00edva, ale aj v\u00fdzvy pon\u00faka vzdel\u00e1vanie v\u00a0OMNII.\u00a0 Podstatn\u00fa \u010das\u0165 \u0161tudentov tvoria migranti a\u00a0vzdel\u00e1vanie je zalo\u017een\u00e9 na d\u00f4vere medzi u\u010dite\u013eom a\u00a0\u017eiakom. OMNIA m\u00e1 nieko\u013eko kampusov a\u00a0my sme mali mo\u017enos\u0165 vidie<span style=\"font-size: 16px;\">\u0165 hlavn\u00fd kampus \u2013 okrem tried pre v\u0161eobecn\u00fa v\u00fdu\u010dbu sme nav\u0161t\u00edvili drev\u00e1rske dielne, z\u00e1hradn\u00edcke centrum ako aj kadern\u00edcky sal\u00f3n \u010di odevn\u00fa diel\u0148u.<\/span><\/p>\n<p>Bolo zauj\u00edmav\u00e9 dozvedie\u0165 sa viac o\u00a0postaven\u00ed u\u010dite\u013ea a\u00a0jeho d\u00f4le\u017eitej role vo f\u00ednskej spolo\u010dnosti, preto\u017ee by\u0165 u\u010dite\u013eom vo F\u00ednsku je prest\u00ed\u017e a\u00a0rodi\u010dia maj\u00fa pln\u00fa d\u00f4veru ku vzdel\u00e1vacej in\u0161tit\u00facii, ktor\u00fa nav\u0161tevuj\u00fa ich deti. Deti s\u00fa veden\u00e9 k\u00a0samostatnosti, vyrastaj\u00fa a\u00a0u\u010dia sa v\u00a0diverznom prostred\u00ed, ktor\u00e9 im pon\u00faka nekone\u010dn\u00e9 mo\u017enosti pre sebarealiz\u00e1ciu a budovanie kontaktov. F\u00ednsky vzdel\u00e1vac\u00ed syst\u00e9m prihliada na potreby ka\u017ed\u00e9ho \u017eiaka a\u00a0t\u00fdmto potreb\u00e1m upravuje aj vyu\u010dovac\u00ed proces.<\/p>\n<p>F\u00ednsko n\u00e1m pon\u00faklo nov\u00fd poh\u013ead na to, ako sa m\u00f4\u017ee vzdel\u00e1vac\u00ed syst\u00e9m pribl\u00ed\u017ei\u0165 viac k \u0161tudentom a\u00a0ako vie by\u0165 \u0161kola otvoren\u00e1 pre v\u0161etk\u00fdch bez vekov\u00fdch a\u00a0in\u00fdch rozdielov. N\u00e1v\u0161teva n\u00e1m dala mno\u017estvo z\u00e1\u017eitkov a\u00a0n\u00e1padov, z\u00a0ktor\u00fdch budeme \u010falej \u010derpa\u0165.<\/p>\n<p><img decoding=\"async\" class=\"wp-image-18660 aligncenter\" src=\"https:\/\/archiv.siov.sk\/wp-content\/uploads\/2025\/04\/loga_np_kvalita-300x46.png\" alt=\"loga_kvalita_projekt\" width=\"450\" height=\"70\" srcset=\"https:\/\/archiv.siov.sk\/wp-content\/uploads\/2025\/04\/loga_np_kvalita-300x46.png 300w, https:\/\/archiv.siov.sk\/wp-content\/uploads\/2025\/04\/loga_np_kvalita-1024x158.png 1024w, https:\/\/archiv.siov.sk\/wp-content\/uploads\/2025\/04\/loga_np_kvalita-768x119.png 768w, https:\/\/archiv.siov.sk\/wp-content\/uploads\/2025\/04\/loga_np_kvalita-18x3.png 18w, https:\/\/archiv.siov.sk\/wp-content\/uploads\/2025\/04\/elementor\/thumbs\/loga_np_kvalita-r5cjqsfvrn5sfhsjyrw97tvig25lp3e6m5t1uzcj7g.png 450w, https:\/\/archiv.siov.sk\/wp-content\/uploads\/2025\/04\/loga_np_kvalita.png 1229w\" sizes=\"(max-width: 450px) 100vw, 450px\" \/><\/p>","protected":false},"excerpt":{"rendered":"<p>&nbsp; Sie\u0165 jeden\u00e1stich vzdel\u00e1vac\u00edch centier s viac ako 42 000 \u0161tudentmi, 3 dni pln\u00e9 programu, 13 \u00fa\u010dastn\u00edkov a rozmanitos\u0165v tom najv\u00e4\u010d\u0161om rozsahu. Aj takto by sa dala op\u00edsa\u0165 na\u0161a \u0161tudijn\u00e1 n\u00e1v\u0161teva v r\u00e1mci programu ERASMUS+ vo F\u00ednsku, presnej\u0161ie v meste Espoo, kde s\u00eddli Centrum excelentnosti OMNIA, ktor\u00e9 pon\u00faka r\u00f4zne typy \u0161t\u00fadia \u0161tudentom aj dospel\u00fdm. Cie\u013eom [&hellip;]<\/p>\n","protected":false},"author":10,"featured_media":16234,"comment_status":"closed","ping_status":"closed","sticky":false,"template":"","format":"standard","meta":{"site-sidebar-layout":"default","site-content-layout":"","ast-site-content-layout":"default","site-content-style":"default","site-sidebar-style":"default","ast-global-header-display":"","ast-banner-title-visibility":"","ast-main-header-display":"","ast-hfb-above-header-display":"","ast-hfb-below-header-display":"","ast-hfb-mobile-header-display":"","site-post-title":"","ast-breadcrumbs-content":"","ast-featured-img":"","footer-sml-layout":"","ast-disable-related-posts":"","theme-transparent-header-meta":"default","adv-header-id-meta":"","stick-header-meta":"default","header-above-stick-meta":"","header-main-stick-meta":"","header-below-stick-meta":"","astra-migrate-meta-layouts":"set","ast-page-background-enabled":"default","ast-page-background-meta":{"desktop":{"background-color":"var(--ast-global-color-4)","background-image":"","background-repeat":"repeat","background-position":"center center","background-size":"auto","background-attachment":"scroll","background-type":"","background-media":"","overlay-type":"","overlay-color":"","overlay-opacity":"","overlay-gradient":""},"tablet":{"background-color":"","background-image":"","background-repeat":"repeat","background-position":"center center","background-size":"auto","background-attachment":"scroll","background-type":"","background-media":"","overlay-type":"","overlay-color":"","overlay-opacity":"","overlay-gradient":""},"mobile":{"background-color":"","background-image":"","background-repeat":"repeat","background-position":"center center","background-size":"auto","background-attachment":"scroll","background-type":"","background-media":"","overlay-type":"","overlay-color":"","overlay-opacity":"","overlay-gradient":""}},"ast-content-background-meta":{"desktop":{"background-color":"var(--ast-global-color-5)","background-image":"","background-repeat":"repeat","background-position":"center center","background-size":"auto","background-attachment":"scroll","background-type":"","background-media":"","overlay-type":"","overlay-color":"","overlay-opacity":"","overlay-gradient":""},"tablet":{"background-color":"var(--ast-global-color-5)","background-image":"","background-repeat":"repeat","background-position":"center center","background-size":"auto","background-attachment":"scroll","background-type":"","background-media":"","overlay-type":"","overlay-color":"","overlay-opacity":"","overlay-gradient":""},"mobile":{"background-color":"var(--ast-global-color-5)","background-image":"","background-repeat":"repeat","background-position":"center center","background-size":"auto","background-attachment":"scroll","background-type":"","background-media":"","overlay-type":"","overlay-color":"","overlay-opacity":"","overlay-gradient":""}},"footnotes":""},"categories":[25],"tags":[],"class_list":["post-16235","post","type-post","status-publish","format-standard","has-post-thumbnail","hentry","category-erasmusplus"],"yoast_head":"<!-- This site is optimized with the Yoast SEO plugin v27.5 - https:\/\/yoast.com\/product\/yoast-seo-wordpress\/ -->\n<title>Vzdel\u00e1vacia mobilita jednotlivcov - F\u00ednsko - \u0160IOV - \u0161t\u00e1tny in\u0161tit\u00fat odborn\u00e9ho vzdel\u00e1vania<\/title>\n<meta name=\"description\" content=\"Zahrani\u010dn\u00e1 mobilita roz\u0161\u00edrila obzory nielen o f\u00ednskom vzdel\u00e1vacom syst\u00e9me...\" \/>\n<meta name=\"robots\" content=\"index, follow, max-snippet:-1, max-image-preview:large, max-video-preview:-1\" \/>\n<link rel=\"canonical\" href=\"https:\/\/archiv.siov.sk\/en\/vzdelavacia-mobilita-finsko\/\" \/>\n<meta property=\"og:locale\" content=\"en_GB\" \/>\n<meta property=\"og:type\" content=\"article\" \/>\n<meta property=\"og:title\" content=\"Vzdel\u00e1vacia mobilita jednotlivcov - F\u00ednsko - \u0160IOV - \u0161t\u00e1tny in\u0161tit\u00fat odborn\u00e9ho vzdel\u00e1vania\" \/>\n<meta property=\"og:description\" content=\"Zahrani\u010dn\u00e1 mobilita roz\u0161\u00edrila obzory nielen o f\u00ednskom vzdel\u00e1vacom syst\u00e9me...\" \/>\n<meta property=\"og:url\" content=\"https:\/\/archiv.siov.sk\/en\/vzdelavacia-mobilita-finsko\/\" \/>\n<meta property=\"og:site_name\" content=\"\u0160IOV - \u0161t\u00e1tny in\u0161tit\u00fat odborn\u00e9ho vzdel\u00e1vania\" \/>\n<meta property=\"article:publisher\" content=\"https:\/\/www.facebook.com\/Statnyinstitutodbornehovzdelavania\" \/>\n<meta property=\"article:published_time\" content=\"2024-05-21T07:48:04+00:00\" \/>\n<meta property=\"article:modified_time\" content=\"2025-06-13T06:57:50+00:00\" \/>\n<meta property=\"og:image\" content=\"https:\/\/archiv.siov.sk\/wp-content\/uploads\/2024\/07\/Finsko-siov_mobilita.jpeg\" \/>\n\t<meta property=\"og:image:width\" content=\"2048\" \/>\n\t<meta property=\"og:image:height\" content=\"1536\" \/>\n\t<meta property=\"og:image:type\" content=\"image\/jpeg\" \/>\n<meta name=\"author\" content=\"Gabriela Budayov\u00e1\" \/>\n<meta name=\"twitter:card\" content=\"summary_large_image\" \/>\n<meta name=\"twitter:label1\" content=\"Written by\" \/>\n\t<meta name=\"twitter:data1\" content=\"Gabriela Budayov\u00e1\" \/>\n\t<meta name=\"twitter:label2\" content=\"Estimated reading time\" \/>\n\t<meta name=\"twitter:data2\" content=\"3 minutes\" \/>\n<script type=\"application\/ld+json\" class=\"yoast-schema-graph\">{\"@context\":\"https:\\\/\\\/schema.org\",\"@graph\":[{\"@type\":\"Article\",\"@id\":\"https:\\\/\\\/archiv.siov.sk\\\/vzdelavacia-mobilita-finsko\\\/#article\",\"isPartOf\":{\"@id\":\"https:\\\/\\\/archiv.siov.sk\\\/vzdelavacia-mobilita-finsko\\\/\"},\"author\":{\"name\":\"Gabriela Budayov\u00e1\",\"@id\":\"https:\\\/\\\/archiv.siov.sk\\\/#\\\/schema\\\/person\\\/2d35146a9c0fa51b027e8ff319cee627\"},\"headline\":\"Vzdel\u00e1vacia mobilita jednotlivcov &#8211; F\u00ednsko\",\"datePublished\":\"2024-05-21T07:48:04+00:00\",\"dateModified\":\"2025-06-13T06:57:50+00:00\",\"mainEntityOfPage\":{\"@id\":\"https:\\\/\\\/archiv.siov.sk\\\/vzdelavacia-mobilita-finsko\\\/\"},\"wordCount\":425,\"publisher\":{\"@id\":\"https:\\\/\\\/archiv.siov.sk\\\/#organization\"},\"image\":{\"@id\":\"https:\\\/\\\/archiv.siov.sk\\\/vzdelavacia-mobilita-finsko\\\/#primaryimage\"},\"thumbnailUrl\":\"https:\\\/\\\/archiv.siov.sk\\\/wp-content\\\/uploads\\\/2024\\\/07\\\/Finsko-siov_mobilita.jpeg\",\"articleSection\":[\"Erasmus+\"],\"inLanguage\":\"en-GB\"},{\"@type\":\"WebPage\",\"@id\":\"https:\\\/\\\/archiv.siov.sk\\\/vzdelavacia-mobilita-finsko\\\/\",\"url\":\"https:\\\/\\\/archiv.siov.sk\\\/vzdelavacia-mobilita-finsko\\\/\",\"name\":\"Vzdel\u00e1vacia mobilita jednotlivcov - F\u00ednsko - \u0160IOV - \u0161t\u00e1tny in\u0161tit\u00fat odborn\u00e9ho vzdel\u00e1vania\",\"isPartOf\":{\"@id\":\"https:\\\/\\\/archiv.siov.sk\\\/#website\"},\"primaryImageOfPage\":{\"@id\":\"https:\\\/\\\/archiv.siov.sk\\\/vzdelavacia-mobilita-finsko\\\/#primaryimage\"},\"image\":{\"@id\":\"https:\\\/\\\/archiv.siov.sk\\\/vzdelavacia-mobilita-finsko\\\/#primaryimage\"},\"thumbnailUrl\":\"https:\\\/\\\/archiv.siov.sk\\\/wp-content\\\/uploads\\\/2024\\\/07\\\/Finsko-siov_mobilita.jpeg\",\"datePublished\":\"2024-05-21T07:48:04+00:00\",\"dateModified\":\"2025-06-13T06:57:50+00:00\",\"description\":\"Zahrani\u010dn\u00e1 mobilita roz\u0161\u00edrila obzory nielen o f\u00ednskom vzdel\u00e1vacom syst\u00e9me...\",\"breadcrumb\":{\"@id\":\"https:\\\/\\\/archiv.siov.sk\\\/vzdelavacia-mobilita-finsko\\\/#breadcrumb\"},\"inLanguage\":\"en-GB\",\"potentialAction\":[{\"@type\":\"ReadAction\",\"target\":[\"https:\\\/\\\/archiv.siov.sk\\\/vzdelavacia-mobilita-finsko\\\/\"]}]},{\"@type\":\"ImageObject\",\"inLanguage\":\"en-GB\",\"@id\":\"https:\\\/\\\/archiv.siov.sk\\\/vzdelavacia-mobilita-finsko\\\/#primaryimage\",\"url\":\"https:\\\/\\\/archiv.siov.sk\\\/wp-content\\\/uploads\\\/2024\\\/07\\\/Finsko-siov_mobilita.jpeg\",\"contentUrl\":\"https:\\\/\\\/archiv.siov.sk\\\/wp-content\\\/uploads\\\/2024\\\/07\\\/Finsko-siov_mobilita.jpeg\",\"width\":2048,\"height\":1536,\"caption\":\"Vzdel\u00e1vacia mobilita Erasmus+ F\u00ednsko\"},{\"@type\":\"BreadcrumbList\",\"@id\":\"https:\\\/\\\/archiv.siov.sk\\\/vzdelavacia-mobilita-finsko\\\/#breadcrumb\",\"itemListElement\":[{\"@type\":\"ListItem\",\"position\":1,\"name\":\"Home\",\"item\":\"https:\\\/\\\/archiv.siov.sk\\\/\"},{\"@type\":\"ListItem\",\"position\":2,\"name\":\"Vzdel\u00e1vacia mobilita jednotlivcov &#8211; F\u00ednsko\"}]},{\"@type\":\"WebSite\",\"@id\":\"https:\\\/\\\/archiv.siov.sk\\\/#website\",\"url\":\"https:\\\/\\\/archiv.siov.sk\\\/\",\"name\":\"\u0160IOV - \u0161t\u00e1tny in\u0161tit\u00fat odborn\u00e9ho vzdel\u00e1vania\",\"description\":\"\",\"publisher\":{\"@id\":\"https:\\\/\\\/archiv.siov.sk\\\/#organization\"},\"potentialAction\":[{\"@type\":\"SearchAction\",\"target\":{\"@type\":\"EntryPoint\",\"urlTemplate\":\"https:\\\/\\\/archiv.siov.sk\\\/?s={search_term_string}\"},\"query-input\":{\"@type\":\"PropertyValueSpecification\",\"valueRequired\":true,\"valueName\":\"search_term_string\"}}],\"inLanguage\":\"en-GB\"},{\"@type\":\"Organization\",\"@id\":\"https:\\\/\\\/archiv.siov.sk\\\/#organization\",\"name\":\"\u0160IOV - \u0161t\u00e1tny in\u0161tit\u00fat odborn\u00e9ho vzdel\u00e1vania\",\"url\":\"https:\\\/\\\/archiv.siov.sk\\\/\",\"logo\":{\"@type\":\"ImageObject\",\"inLanguage\":\"en-GB\",\"@id\":\"https:\\\/\\\/archiv.siov.sk\\\/#\\\/schema\\\/logo\\\/image\\\/\",\"url\":\"https:\\\/\\\/archiv.siov.sk\\\/wp-content\\\/uploads\\\/2024\\\/02\\\/logo-SIOV.png\",\"contentUrl\":\"https:\\\/\\\/archiv.siov.sk\\\/wp-content\\\/uploads\\\/2024\\\/02\\\/logo-SIOV.png\",\"width\":431,\"height\":143,\"caption\":\"\u0160IOV - \u0161t\u00e1tny in\u0161tit\u00fat odborn\u00e9ho vzdel\u00e1vania\"},\"image\":{\"@id\":\"https:\\\/\\\/archiv.siov.sk\\\/#\\\/schema\\\/logo\\\/image\\\/\"},\"sameAs\":[\"https:\\\/\\\/www.facebook.com\\\/Statnyinstitutodbornehovzdelavania\"]},{\"@type\":\"Person\",\"@id\":\"https:\\\/\\\/archiv.siov.sk\\\/#\\\/schema\\\/person\\\/2d35146a9c0fa51b027e8ff319cee627\",\"name\":\"Gabriela Budayov\u00e1\",\"url\":\"https:\\\/\\\/archiv.siov.sk\\\/en\\\/author\\\/gabriela-budayova\\\/\"}]}<\/script>\n<!-- \/ Yoast SEO plugin. -->","yoast_head_json":{"title":"Vzdel\u00e1vacia mobilita jednotlivcov - F\u00ednsko - \u0160IOV - \u0161t\u00e1tny in\u0161tit\u00fat odborn\u00e9ho vzdel\u00e1vania","description":"Zahrani\u010dn\u00e1 mobilita roz\u0161\u00edrila obzory nielen o f\u00ednskom vzdel\u00e1vacom syst\u00e9me...","robots":{"index":"index","follow":"follow","max-snippet":"max-snippet:-1","max-image-preview":"max-image-preview:large","max-video-preview":"max-video-preview:-1"},"canonical":"https:\/\/archiv.siov.sk\/en\/vzdelavacia-mobilita-finsko\/","og_locale":"en_GB","og_type":"article","og_title":"Vzdel\u00e1vacia mobilita jednotlivcov - F\u00ednsko - \u0160IOV - \u0161t\u00e1tny in\u0161tit\u00fat odborn\u00e9ho vzdel\u00e1vania","og_description":"Zahrani\u010dn\u00e1 mobilita roz\u0161\u00edrila obzory nielen o f\u00ednskom vzdel\u00e1vacom syst\u00e9me...","og_url":"https:\/\/archiv.siov.sk\/en\/vzdelavacia-mobilita-finsko\/","og_site_name":"\u0160IOV - \u0161t\u00e1tny in\u0161tit\u00fat odborn\u00e9ho vzdel\u00e1vania","article_publisher":"https:\/\/www.facebook.com\/Statnyinstitutodbornehovzdelavania","article_published_time":"2024-05-21T07:48:04+00:00","article_modified_time":"2025-06-13T06:57:50+00:00","og_image":[{"width":2048,"height":1536,"url":"https:\/\/archiv.siov.sk\/wp-content\/uploads\/2024\/07\/Finsko-siov_mobilita.jpeg","type":"image\/jpeg"}],"author":"Gabriela Budayov\u00e1","twitter_card":"summary_large_image","twitter_misc":{"Written by":"Gabriela Budayov\u00e1","Estimated reading time":"3 minutes"},"schema":{"@context":"https:\/\/schema.org","@graph":[{"@type":"Article","@id":"https:\/\/archiv.siov.sk\/vzdelavacia-mobilita-finsko\/#article","isPartOf":{"@id":"https:\/\/archiv.siov.sk\/vzdelavacia-mobilita-finsko\/"},"author":{"name":"Gabriela Budayov\u00e1","@id":"https:\/\/archiv.siov.sk\/#\/schema\/person\/2d35146a9c0fa51b027e8ff319cee627"},"headline":"Vzdel\u00e1vacia mobilita jednotlivcov &#8211; F\u00ednsko","datePublished":"2024-05-21T07:48:04+00:00","dateModified":"2025-06-13T06:57:50+00:00","mainEntityOfPage":{"@id":"https:\/\/archiv.siov.sk\/vzdelavacia-mobilita-finsko\/"},"wordCount":425,"publisher":{"@id":"https:\/\/archiv.siov.sk\/#organization"},"image":{"@id":"https:\/\/archiv.siov.sk\/vzdelavacia-mobilita-finsko\/#primaryimage"},"thumbnailUrl":"https:\/\/archiv.siov.sk\/wp-content\/uploads\/2024\/07\/Finsko-siov_mobilita.jpeg","articleSection":["Erasmus+"],"inLanguage":"en-GB"},{"@type":"WebPage","@id":"https:\/\/archiv.siov.sk\/vzdelavacia-mobilita-finsko\/","url":"https:\/\/archiv.siov.sk\/vzdelavacia-mobilita-finsko\/","name":"Vzdel\u00e1vacia mobilita jednotlivcov - F\u00ednsko - \u0160IOV - \u0161t\u00e1tny in\u0161tit\u00fat odborn\u00e9ho vzdel\u00e1vania","isPartOf":{"@id":"https:\/\/archiv.siov.sk\/#website"},"primaryImageOfPage":{"@id":"https:\/\/archiv.siov.sk\/vzdelavacia-mobilita-finsko\/#primaryimage"},"image":{"@id":"https:\/\/archiv.siov.sk\/vzdelavacia-mobilita-finsko\/#primaryimage"},"thumbnailUrl":"https:\/\/archiv.siov.sk\/wp-content\/uploads\/2024\/07\/Finsko-siov_mobilita.jpeg","datePublished":"2024-05-21T07:48:04+00:00","dateModified":"2025-06-13T06:57:50+00:00","description":"Zahrani\u010dn\u00e1 mobilita roz\u0161\u00edrila obzory nielen o f\u00ednskom vzdel\u00e1vacom syst\u00e9me...","breadcrumb":{"@id":"https:\/\/archiv.siov.sk\/vzdelavacia-mobilita-finsko\/#breadcrumb"},"inLanguage":"en-GB","potentialAction":[{"@type":"ReadAction","target":["https:\/\/archiv.siov.sk\/vzdelavacia-mobilita-finsko\/"]}]},{"@type":"ImageObject","inLanguage":"en-GB","@id":"https:\/\/archiv.siov.sk\/vzdelavacia-mobilita-finsko\/#primaryimage","url":"https:\/\/archiv.siov.sk\/wp-content\/uploads\/2024\/07\/Finsko-siov_mobilita.jpeg","contentUrl":"https:\/\/archiv.siov.sk\/wp-content\/uploads\/2024\/07\/Finsko-siov_mobilita.jpeg","width":2048,"height":1536,"caption":"Vzdel\u00e1vacia mobilita Erasmus+ F\u00ednsko"},{"@type":"BreadcrumbList","@id":"https:\/\/archiv.siov.sk\/vzdelavacia-mobilita-finsko\/#breadcrumb","itemListElement":[{"@type":"ListItem","position":1,"name":"Home","item":"https:\/\/archiv.siov.sk\/"},{"@type":"ListItem","position":2,"name":"Vzdel\u00e1vacia mobilita jednotlivcov &#8211; F\u00ednsko"}]},{"@type":"WebSite","@id":"https:\/\/archiv.siov.sk\/#website","url":"https:\/\/archiv.siov.sk\/","name":"\u0160IOV - \u0161t\u00e1tny in\u0161tit\u00fat odborn\u00e9ho vzdel\u00e1vania","description":"","publisher":{"@id":"https:\/\/archiv.siov.sk\/#organization"},"potentialAction":[{"@type":"SearchAction","target":{"@type":"EntryPoint","urlTemplate":"https:\/\/archiv.siov.sk\/?s={search_term_string}"},"query-input":{"@type":"PropertyValueSpecification","valueRequired":true,"valueName":"search_term_string"}}],"inLanguage":"en-GB"},{"@type":"Organization","@id":"https:\/\/archiv.siov.sk\/#organization","name":"\u0160IOV - \u0161t\u00e1tny in\u0161tit\u00fat odborn\u00e9ho vzdel\u00e1vania","url":"https:\/\/archiv.siov.sk\/","logo":{"@type":"ImageObject","inLanguage":"en-GB","@id":"https:\/\/archiv.siov.sk\/#\/schema\/logo\/image\/","url":"https:\/\/archiv.siov.sk\/wp-content\/uploads\/2024\/02\/logo-SIOV.png","contentUrl":"https:\/\/archiv.siov.sk\/wp-content\/uploads\/2024\/02\/logo-SIOV.png","width":431,"height":143,"caption":"\u0160IOV - \u0161t\u00e1tny in\u0161tit\u00fat odborn\u00e9ho vzdel\u00e1vania"},"image":{"@id":"https:\/\/archiv.siov.sk\/#\/schema\/logo\/image\/"},"sameAs":["https:\/\/www.facebook.com\/Statnyinstitutodbornehovzdelavania"]},{"@type":"Person","@id":"https:\/\/archiv.siov.sk\/#\/schema\/person\/2d35146a9c0fa51b027e8ff319cee627","name":"Gabriela Budayov\u00e1","url":"https:\/\/archiv.siov.sk\/en\/author\/gabriela-budayova\/"}]}},"_links":{"self":[{"href":"https:\/\/archiv.siov.sk\/en\/wp-json\/wp\/v2\/posts\/16235","targetHints":{"allow":["GET"]}}],"collection":[{"href":"https:\/\/archiv.siov.sk\/en\/wp-json\/wp\/v2\/posts"}],"about":[{"href":"https:\/\/archiv.siov.sk\/en\/wp-json\/wp\/v2\/types\/post"}],"author":[{"embeddable":true,"href":"https:\/\/archiv.siov.sk\/en\/wp-json\/wp\/v2\/users\/10"}],"replies":[{"embeddable":true,"href":"https:\/\/archiv.siov.sk\/en\/wp-json\/wp\/v2\/comments?post=16235"}],"version-history":[{"count":8,"href":"https:\/\/archiv.siov.sk\/en\/wp-json\/wp\/v2\/posts\/16235\/revisions"}],"predecessor-version":[{"id":19445,"href":"https:\/\/archiv.siov.sk\/en\/wp-json\/wp\/v2\/posts\/16235\/revisions\/19445"}],"wp:featuredmedia":[{"embeddable":true,"href":"https:\/\/archiv.siov.sk\/en\/wp-json\/wp\/v2\/media\/16234"}],"wp:attachment":[{"href":"https:\/\/archiv.siov.sk\/en\/wp-json\/wp\/v2\/media?parent=16235"}],"wp:term":[{"taxonomy":"category","embeddable":true,"href":"https:\/\/archiv.siov.sk\/en\/wp-json\/wp\/v2\/categories?post=16235"},{"taxonomy":"post_tag","embeddable":true,"href":"https:\/\/archiv.siov.sk\/en\/wp-json\/wp\/v2\/tags?post=16235"}],"curies":[{"name":"wp","href":"https:\/\/api.w.org\/{rel}","templated":true}]}}