{"id":16211,"date":"2023-06-14T16:46:03","date_gmt":"2023-06-14T14:46:03","guid":{"rendered":"https:\/\/archiv.siov.sk\/?p=16211"},"modified":"2024-07-24T16:53:01","modified_gmt":"2024-07-24T14:53:01","slug":"konzorcium-pre-vzdelavacie-mobility-v-oblasti-ovp","status":"publish","type":"post","link":"https:\/\/archiv.siov.sk\/en\/konzorcium-pre-vzdelavacie-mobility-v-oblasti-ovp\/","title":{"rendered":"Konzorcium pre vzdel\u00e1vacie mobility v oblasti OVP"},"content":{"rendered":"<p class=\"has-text-align-center\">Hlavn\u00fdm cie\u013eom vzdel\u00e1vac\u00edch mobil\u00edt jednotlivcov programu Erasmus+ je podpori\u0165, in\u0161pirova\u0165 a povzbudi\u0165 k rozvoju prostredn\u00edctvom osobnej sk\u00fasenosti zo zahrani\u010dia.<\/p>\n<p class=\"has-text-align-center\">Cie\u013eov\u00e1 skupina vzdel\u00e1vac\u00edch mobil\u00edt je nesmierne \u0161irok\u00e1, patria sem \u0161tudenti, zamestnanci, st\u00e1\u017eisti, u\u010dni, pracovn\u00edci s ml\u00e1de\u017eou a mlad\u00ed \u013eudia.<\/p>\n<p>\u0160t\u00e1tny in\u0161tit\u00fat odborn\u00e9ho vzdel\u00e1vania sa v roku 2021 odhodlal a z\u00edskal akredit\u00e1ciu ako koordin\u00e1tor konzorcia pre vzdel\u00e1vacie mobility jednotlivcov v oblasti odborn\u00e9ho vzdel\u00e1vania a pr\u00edpravy. V r\u00e1mci prv\u00e9ho roka mobilitn\u00fdch aktiv\u00edt sme v \u0161kolskom roku 2022\/2023 zatia\u013e zrealizovali 5 vzdel\u00e1vac\u00edch mobil\u00edt pre 29 \u013eud\u00ed z \u010dlensk\u00fdch organiz\u00e1cii konzorcia:<\/p>\n<ul>\n<li>\n<ul>\n<li><a href=\"https:\/\/www.asoss.sk\/\"><strong>Asoci\u00e1cia stredn\u00fdch odborn\u00fdch \u0161k\u00f4l Slovenska<\/strong><\/a><\/li>\n<\/ul>\n<\/li>\n<\/ul>\n<ul>\n<li>\n<ul>\n<li><strong><a href=\"https:\/\/www.bbsk.sk\/\">Banskobystrick\u00fd samospr\u00e1vny kraj<\/a><\/strong><\/li>\n<\/ul>\n<\/li>\n<\/ul>\n<ul>\n<li>\n<ul>\n<li><strong><a href=\"https:\/\/web.vucke.sk\/sk\/\">Ko\u0161ick\u00fd samospr\u00e1vny kraj<\/a><\/strong><\/li>\n<\/ul>\n<\/li>\n<\/ul>\n<ul>\n<li>\n<ul>\n<li><strong><a href=\"https:\/\/www.po-kraj.sk\/sk\/\">Pre\u0161ovsk\u00fd samospr\u00e1vny kraj<\/a><\/strong><\/li>\n<\/ul>\n<\/li>\n<\/ul>\n<ul>\n<li>\n<ul>\n<li><strong><a href=\"https:\/\/www.zilinskazupa.sk\/\">\u017dilinsk\u00fd samospr\u00e1vny kraj\u00a0<\/a><\/strong><\/li>\n<\/ul>\n<\/li>\n<\/ul>\n<p>Prostredn\u00edctvom \u201e<strong>job shadowingov<\/strong>\u201c spozn\u00e1vame r\u00f4zne organiz\u00e1cie, v r\u00f4znych krajin\u00e1ch, z\u00edskavame mno\u017estvo pracovn\u00fdch in\u0161pir\u00e1ci\u00ed a nov\u00fdch kontaktov pre bud\u00facu spolupr\u00e1cu.<\/p>\n<ol>\n<li><a href=\"https:\/\/okvalite.sk\/vzdelavacia-mobilita-jednotlivcov-spanielsko\/\"><strong>V okt\u00f3bri 2022<\/strong><\/a>\u00a0sme sa vydali na prv\u00fa vzdel\u00e1vaciu mobilitu n\u00e1\u0161ho konzorcia do \u0160panielska<\/li>\n<li><strong><a href=\"https:\/\/okvalite.sk\/vzdelavacia-mobilita-jednotlivcov-praha-12-13-12-2022\/\">V decembri 2022<\/a><\/strong>\u00a0sme nav\u0161t\u00edvili kolegov z\u00a0<strong><a href=\"https:\/\/www.npi.cz\/\">N\u00e1rodnom pedagogickom in\u0161tit\u00fate v Prahe<\/a><\/strong><\/li>\n<li><strong><a href=\"https:\/\/okvalite.sk\/chorvatske-inspiracie-vdaka-vzdelavacej-mobilite-erasmus\/\">Vo febru\u00e1ri 2023<\/a><\/strong>\u00a0n\u00e1s priv\u00edtali v\u00a0<strong><a href=\"https:\/\/www.asoo.hr\/\">Agent\u00fare pre odborn\u00e9 vzdel\u00e1vanie a vzdel\u00e1vanie dospel\u00fdch<\/a><\/strong>\u00a0v Z\u00e1hrebe<\/li>\n<li><strong><a href=\"https:\/\/okvalite.sk\/tknika-open-days-prostrednictvom-vzdelavacej-mobility-erasmus\/\">V marci 2023<\/a><\/strong>\u00a0sme vyslali pedag\u00f3gov z Asoci\u00e1cie stredn\u00fdch odborn\u00fdch \u0161k\u00f4l Slovenska na jobshadowing do\u00a0<strong><a href=\"https:\/\/tknika.eus\/en\/\">Centier excelentnosti v \u0161panielskom Baskicku<\/a><\/strong><\/li>\n<li><strong><a href=\"https:\/\/okvalite.sk\/asociacia-strednych-odbornych-skol-na-vzdelavacej-mobilite\/\">V m\u00e1ji 2023<\/a><\/strong>\u00a0\u010fal\u0161ia skupina pedag\u00f3gov z Asoci\u00e1cie stredn\u00fdch odborn\u00fdch \u0161k\u00f4l Slovenska nahliadla za in\u0161pir\u00e1ciou na\u00a0<strong><a href=\"https:\/\/www.ssps.cz\/\">Sm\u00edchovsk\u00fa st\u0159edn\u00ed pr\u016fmyslov\u00fa \u0161kolu<\/a><\/strong>\u00a0v Prahe<\/li>\n<li><a href=\"https:\/\/epale.ec.europa.eu\/sk\/content\/studijne-navstevy-eqavet-slovensko\"><strong>V j\u00fali 2023<\/strong><\/a>\u00a0sme nav\u0161t\u00edvili ma\u010farsk\u00fdch kolegov z\u00a0<a href=\"https:\/\/eqavet.nive.hu\/\"><strong>NRP EQAVET v Budape\u0161ti<\/strong><\/a><\/li>\n<\/ol>\n<p><img decoding=\"async\" class=\"alignnone size-medium wp-image-16210\" src=\"https:\/\/archiv.siov.sk\/wp-content\/uploads\/2024\/07\/vzdelavacie_mobility-300x104.png\" alt=\"NRP EQAVET Budape\u0161\u0165\" width=\"300\" height=\"104\" srcset=\"https:\/\/archiv.siov.sk\/wp-content\/uploads\/2024\/07\/vzdelavacie_mobility-300x104.png 300w, https:\/\/archiv.siov.sk\/wp-content\/uploads\/2024\/07\/vzdelavacie_mobility-768x266.png 768w, https:\/\/archiv.siov.sk\/wp-content\/uploads\/2024\/07\/vzdelavacie_mobility-18x6.png 18w, https:\/\/archiv.siov.sk\/wp-content\/uploads\/2024\/07\/vzdelavacie_mobility.png 958w\" sizes=\"(max-width: 300px) 100vw, 300px\" \/><\/p>\n<p>Pre neust\u00e1ly rozvoj aktiv\u00edt n\u00e1\u0161ho mobilitn\u00e9ho konzorcia sme nepreme\u0161kali\u00a0<a href=\"https:\/\/www.erasmusplus.sk\/tca\/\"><strong>Training and Cooperation Activity<\/strong><\/a>\u00a0(TCA) a\u00a0n\u00e1zvom Consortium: Challenges and opportunities, ktor\u00fd organizovala N\u00f3rska N\u00e1rodn\u00e1 agent\u00fara programu Erasmus+. TCA sa z\u00fa\u010dastnilo 60 \u00fa\u010dastn\u00edkov z\u00a015 kraj\u00edn s\u00a0r\u00f4znorod\u00fdmi sk\u00fasenos\u0165ami v role koordin\u00e1tora mobilitn\u00e9ho konzorcia. Preto sa aj v\u010faka tomuto eventu bohat\u00e9mu na inform\u00e1cie, workshopy a\u00a0kontakty, te\u0161\u00edme na bud\u00faci \u0161kolsk\u00fd rok a\u00a0nov\u00e9 smerovanie n\u00e1\u0161ho konzorcia.<\/p>\n<p>Koniec \u0161kolsk\u00e9ho roka u\u017e klope na dvere ale my budeme za pracovn\u00fdmi in\u0161pir\u00e1ciami cestova\u0165 aj v\u00a0lete.<\/p>\n<p class=\"has-text-align-center\" style=\"text-align: center;\"><strong>Preto\u017ee chu\u0165 a rados\u0165 z celo\u017eivotn\u00e9ho vzdel\u00e1vania nemaj\u00fa pr\u00e1zdniny.<\/strong><\/p>\n<p><img decoding=\"async\" class=\"alignnone size-medium wp-image-16215 aligncenter\" src=\"https:\/\/archiv.siov.sk\/wp-content\/uploads\/2024\/07\/logaEqavet-300x44.jpg\" alt=\"eqavet\" width=\"300\" height=\"44\" srcset=\"https:\/\/archiv.siov.sk\/wp-content\/uploads\/2024\/07\/logaEqavet-300x44.jpg 300w, https:\/\/archiv.siov.sk\/wp-content\/uploads\/2024\/07\/logaEqavet-18x3.jpg 18w, https:\/\/archiv.siov.sk\/wp-content\/uploads\/2024\/07\/logaEqavet.jpg 750w\" sizes=\"(max-width: 300px) 100vw, 300px\" \/><\/p>","protected":false},"excerpt":{"rendered":"<p>Hlavn\u00fdm cie\u013eom vzdel\u00e1vac\u00edch mobil\u00edt jednotlivcov programu Erasmus+ je podpori\u0165, in\u0161pirova\u0165 a povzbudi\u0165 k rozvoju prostredn\u00edctvom osobnej sk\u00fasenosti zo zahrani\u010dia. Cie\u013eov\u00e1 skupina vzdel\u00e1vac\u00edch mobil\u00edt je nesmierne \u0161irok\u00e1, patria sem \u0161tudenti, zamestnanci, st\u00e1\u017eisti, u\u010dni, pracovn\u00edci s ml\u00e1de\u017eou a mlad\u00ed \u013eudia. \u0160t\u00e1tny in\u0161tit\u00fat odborn\u00e9ho vzdel\u00e1vania sa v roku 2021 odhodlal a z\u00edskal akredit\u00e1ciu ako koordin\u00e1tor konzorcia pre vzdel\u00e1vacie [&hellip;]<\/p>\n","protected":false},"author":10,"featured_media":16209,"comment_status":"closed","ping_status":"closed","sticky":false,"template":"","format":"standard","meta":{"site-sidebar-layout":"default","site-content-layout":"","ast-site-content-layout":"default","site-content-style":"default","site-sidebar-style":"default","ast-global-header-display":"","ast-banner-title-visibility":"","ast-main-header-display":"","ast-hfb-above-header-display":"","ast-hfb-below-header-display":"","ast-hfb-mobile-header-display":"","site-post-title":"","ast-breadcrumbs-content":"","ast-featured-img":"","footer-sml-layout":"","ast-disable-related-posts":"","theme-transparent-header-meta":"default","adv-header-id-meta":"","stick-header-meta":"default","header-above-stick-meta":"","header-main-stick-meta":"","header-below-stick-meta":"","astra-migrate-meta-layouts":"set","ast-page-background-enabled":"default","ast-page-background-meta":{"desktop":{"background-color":"var(--ast-global-color-4)","background-image":"","background-repeat":"repeat","background-position":"center center","background-size":"auto","background-attachment":"scroll","background-type":"","background-media":"","overlay-type":"","overlay-color":"","overlay-opacity":"","overlay-gradient":""},"tablet":{"background-color":"","background-image":"","background-repeat":"repeat","background-position":"center center","background-size":"auto","background-attachment":"scroll","background-type":"","background-media":"","overlay-type":"","overlay-color":"","overlay-opacity":"","overlay-gradient":""},"mobile":{"background-color":"","background-image":"","background-repeat":"repeat","background-position":"center center","background-size":"auto","background-attachment":"scroll","background-type":"","background-media":"","overlay-type":"","overlay-color":"","overlay-opacity":"","overlay-gradient":""}},"ast-content-background-meta":{"desktop":{"background-color":"var(--ast-global-color-5)","background-image":"","background-repeat":"repeat","background-position":"center center","background-size":"auto","background-attachment":"scroll","background-type":"","background-media":"","overlay-type":"","overlay-color":"","overlay-opacity":"","overlay-gradient":""},"tablet":{"background-color":"var(--ast-global-color-5)","background-image":"","background-repeat":"repeat","background-position":"center center","background-size":"auto","background-attachment":"scroll","background-type":"","background-media":"","overlay-type":"","overlay-color":"","overlay-opacity":"","overlay-gradient":""},"mobile":{"background-color":"var(--ast-global-color-5)","background-image":"","background-repeat":"repeat","background-position":"center center","background-size":"auto","background-attachment":"scroll","background-type":"","background-media":"","overlay-type":"","overlay-color":"","overlay-opacity":"","overlay-gradient":""}},"footnotes":""},"categories":[25],"tags":[],"class_list":["post-16211","post","type-post","status-publish","format-standard","has-post-thumbnail","hentry","category-erasmusplus"],"yoast_head":"<!-- This site is optimized with the Yoast SEO plugin v27.5 - https:\/\/yoast.com\/product\/yoast-seo-wordpress\/ -->\n<title>Konzorcium pre vzdel\u00e1vacie mobility v oblasti OVP - \u0160IOV - \u0161t\u00e1tny in\u0161tit\u00fat odborn\u00e9ho vzdel\u00e1vania<\/title>\n<meta name=\"description\" content=\"Hlavn\u00fdm cie\u013eom vzdel\u00e1vac\u00edch mobil\u00edt jednotlivcov programu Erasmus+ je podpori\u0165, in\u0161pirova\u0165 a povzbudi\u0165 k rozvoju prostredn\u00edctvom osobnej sk\u00fasenosti zo zahrani\u010dia.\" \/>\n<meta name=\"robots\" content=\"index, follow, max-snippet:-1, max-image-preview:large, max-video-preview:-1\" \/>\n<link rel=\"canonical\" href=\"https:\/\/archiv.siov.sk\/en\/konzorcium-pre-vzdelavacie-mobility-v-oblasti-ovp\/\" \/>\n<meta property=\"og:locale\" content=\"en_GB\" \/>\n<meta property=\"og:type\" content=\"article\" \/>\n<meta property=\"og:title\" content=\"Konzorcium pre vzdel\u00e1vacie mobility v oblasti OVP - \u0160IOV - \u0161t\u00e1tny in\u0161tit\u00fat odborn\u00e9ho vzdel\u00e1vania\" \/>\n<meta property=\"og:description\" content=\"Hlavn\u00fdm cie\u013eom vzdel\u00e1vac\u00edch mobil\u00edt jednotlivcov programu Erasmus+ je podpori\u0165, in\u0161pirova\u0165 a povzbudi\u0165 k rozvoju prostredn\u00edctvom osobnej sk\u00fasenosti zo zahrani\u010dia.\" \/>\n<meta property=\"og:url\" content=\"https:\/\/archiv.siov.sk\/en\/konzorcium-pre-vzdelavacie-mobility-v-oblasti-ovp\/\" \/>\n<meta property=\"og:site_name\" content=\"\u0160IOV - \u0161t\u00e1tny in\u0161tit\u00fat odborn\u00e9ho vzdel\u00e1vania\" \/>\n<meta property=\"article:publisher\" content=\"https:\/\/www.facebook.com\/Statnyinstitutodbornehovzdelavania\" \/>\n<meta property=\"article:published_time\" content=\"2023-06-14T14:46:03+00:00\" \/>\n<meta property=\"article:modified_time\" content=\"2024-07-24T14:53:01+00:00\" \/>\n<meta property=\"og:image\" content=\"https:\/\/archiv.siov.sk\/wp-content\/uploads\/2024\/07\/vzdelavacia_mobilita_erasmus_plus.png\" \/>\n\t<meta property=\"og:image:width\" content=\"465\" \/>\n\t<meta property=\"og:image:height\" content=\"620\" \/>\n\t<meta property=\"og:image:type\" content=\"image\/png\" \/>\n<meta name=\"author\" content=\"Gabriela Budayov\u00e1\" \/>\n<meta name=\"twitter:card\" content=\"summary_large_image\" \/>\n<meta name=\"twitter:label1\" content=\"Written by\" \/>\n\t<meta name=\"twitter:data1\" content=\"Gabriela Budayov\u00e1\" \/>\n\t<meta name=\"twitter:label2\" content=\"Estimated reading time\" \/>\n\t<meta name=\"twitter:data2\" content=\"3 minutes\" \/>\n<script type=\"application\/ld+json\" class=\"yoast-schema-graph\">{\"@context\":\"https:\\\/\\\/schema.org\",\"@graph\":[{\"@type\":\"Article\",\"@id\":\"https:\\\/\\\/archiv.siov.sk\\\/konzorcium-pre-vzdelavacie-mobility-v-oblasti-ovp\\\/#article\",\"isPartOf\":{\"@id\":\"https:\\\/\\\/archiv.siov.sk\\\/konzorcium-pre-vzdelavacie-mobility-v-oblasti-ovp\\\/\"},\"author\":{\"name\":\"Gabriela Budayov\u00e1\",\"@id\":\"https:\\\/\\\/archiv.siov.sk\\\/#\\\/schema\\\/person\\\/2d35146a9c0fa51b027e8ff319cee627\"},\"headline\":\"Konzorcium pre vzdel\u00e1vacie mobility v oblasti OVP\",\"datePublished\":\"2023-06-14T14:46:03+00:00\",\"dateModified\":\"2024-07-24T14:53:01+00:00\",\"mainEntityOfPage\":{\"@id\":\"https:\\\/\\\/archiv.siov.sk\\\/konzorcium-pre-vzdelavacie-mobility-v-oblasti-ovp\\\/\"},\"wordCount\":439,\"publisher\":{\"@id\":\"https:\\\/\\\/archiv.siov.sk\\\/#organization\"},\"image\":{\"@id\":\"https:\\\/\\\/archiv.siov.sk\\\/konzorcium-pre-vzdelavacie-mobility-v-oblasti-ovp\\\/#primaryimage\"},\"thumbnailUrl\":\"https:\\\/\\\/archiv.siov.sk\\\/wp-content\\\/uploads\\\/2024\\\/07\\\/vzdelavacia_mobilita_erasmus_plus.png\",\"articleSection\":[\"Erasmus+\"],\"inLanguage\":\"en-GB\"},{\"@type\":\"WebPage\",\"@id\":\"https:\\\/\\\/archiv.siov.sk\\\/konzorcium-pre-vzdelavacie-mobility-v-oblasti-ovp\\\/\",\"url\":\"https:\\\/\\\/archiv.siov.sk\\\/konzorcium-pre-vzdelavacie-mobility-v-oblasti-ovp\\\/\",\"name\":\"Konzorcium pre vzdel\u00e1vacie mobility v oblasti OVP - \u0160IOV - \u0161t\u00e1tny in\u0161tit\u00fat odborn\u00e9ho vzdel\u00e1vania\",\"isPartOf\":{\"@id\":\"https:\\\/\\\/archiv.siov.sk\\\/#website\"},\"primaryImageOfPage\":{\"@id\":\"https:\\\/\\\/archiv.siov.sk\\\/konzorcium-pre-vzdelavacie-mobility-v-oblasti-ovp\\\/#primaryimage\"},\"image\":{\"@id\":\"https:\\\/\\\/archiv.siov.sk\\\/konzorcium-pre-vzdelavacie-mobility-v-oblasti-ovp\\\/#primaryimage\"},\"thumbnailUrl\":\"https:\\\/\\\/archiv.siov.sk\\\/wp-content\\\/uploads\\\/2024\\\/07\\\/vzdelavacia_mobilita_erasmus_plus.png\",\"datePublished\":\"2023-06-14T14:46:03+00:00\",\"dateModified\":\"2024-07-24T14:53:01+00:00\",\"description\":\"Hlavn\u00fdm cie\u013eom vzdel\u00e1vac\u00edch mobil\u00edt jednotlivcov programu Erasmus+ je podpori\u0165, in\u0161pirova\u0165 a povzbudi\u0165 k rozvoju prostredn\u00edctvom osobnej sk\u00fasenosti zo zahrani\u010dia.\",\"breadcrumb\":{\"@id\":\"https:\\\/\\\/archiv.siov.sk\\\/konzorcium-pre-vzdelavacie-mobility-v-oblasti-ovp\\\/#breadcrumb\"},\"inLanguage\":\"en-GB\",\"potentialAction\":[{\"@type\":\"ReadAction\",\"target\":[\"https:\\\/\\\/archiv.siov.sk\\\/konzorcium-pre-vzdelavacie-mobility-v-oblasti-ovp\\\/\"]}]},{\"@type\":\"ImageObject\",\"inLanguage\":\"en-GB\",\"@id\":\"https:\\\/\\\/archiv.siov.sk\\\/konzorcium-pre-vzdelavacie-mobility-v-oblasti-ovp\\\/#primaryimage\",\"url\":\"https:\\\/\\\/archiv.siov.sk\\\/wp-content\\\/uploads\\\/2024\\\/07\\\/vzdelavacia_mobilita_erasmus_plus.png\",\"contentUrl\":\"https:\\\/\\\/archiv.siov.sk\\\/wp-content\\\/uploads\\\/2024\\\/07\\\/vzdelavacia_mobilita_erasmus_plus.png\",\"width\":465,\"height\":620,\"caption\":\"Erasmus mobility\"},{\"@type\":\"BreadcrumbList\",\"@id\":\"https:\\\/\\\/archiv.siov.sk\\\/konzorcium-pre-vzdelavacie-mobility-v-oblasti-ovp\\\/#breadcrumb\",\"itemListElement\":[{\"@type\":\"ListItem\",\"position\":1,\"name\":\"Home\",\"item\":\"https:\\\/\\\/archiv.siov.sk\\\/\"},{\"@type\":\"ListItem\",\"position\":2,\"name\":\"Konzorcium pre vzdel\u00e1vacie mobility v oblasti OVP\"}]},{\"@type\":\"WebSite\",\"@id\":\"https:\\\/\\\/archiv.siov.sk\\\/#website\",\"url\":\"https:\\\/\\\/archiv.siov.sk\\\/\",\"name\":\"\u0160IOV - \u0161t\u00e1tny in\u0161tit\u00fat odborn\u00e9ho vzdel\u00e1vania\",\"description\":\"\",\"publisher\":{\"@id\":\"https:\\\/\\\/archiv.siov.sk\\\/#organization\"},\"potentialAction\":[{\"@type\":\"SearchAction\",\"target\":{\"@type\":\"EntryPoint\",\"urlTemplate\":\"https:\\\/\\\/archiv.siov.sk\\\/?s={search_term_string}\"},\"query-input\":{\"@type\":\"PropertyValueSpecification\",\"valueRequired\":true,\"valueName\":\"search_term_string\"}}],\"inLanguage\":\"en-GB\"},{\"@type\":\"Organization\",\"@id\":\"https:\\\/\\\/archiv.siov.sk\\\/#organization\",\"name\":\"\u0160IOV - \u0161t\u00e1tny in\u0161tit\u00fat odborn\u00e9ho vzdel\u00e1vania\",\"url\":\"https:\\\/\\\/archiv.siov.sk\\\/\",\"logo\":{\"@type\":\"ImageObject\",\"inLanguage\":\"en-GB\",\"@id\":\"https:\\\/\\\/archiv.siov.sk\\\/#\\\/schema\\\/logo\\\/image\\\/\",\"url\":\"https:\\\/\\\/archiv.siov.sk\\\/wp-content\\\/uploads\\\/2024\\\/02\\\/logo-SIOV.png\",\"contentUrl\":\"https:\\\/\\\/archiv.siov.sk\\\/wp-content\\\/uploads\\\/2024\\\/02\\\/logo-SIOV.png\",\"width\":431,\"height\":143,\"caption\":\"\u0160IOV - \u0161t\u00e1tny in\u0161tit\u00fat odborn\u00e9ho vzdel\u00e1vania\"},\"image\":{\"@id\":\"https:\\\/\\\/archiv.siov.sk\\\/#\\\/schema\\\/logo\\\/image\\\/\"},\"sameAs\":[\"https:\\\/\\\/www.facebook.com\\\/Statnyinstitutodbornehovzdelavania\"]},{\"@type\":\"Person\",\"@id\":\"https:\\\/\\\/archiv.siov.sk\\\/#\\\/schema\\\/person\\\/2d35146a9c0fa51b027e8ff319cee627\",\"name\":\"Gabriela Budayov\u00e1\",\"url\":\"https:\\\/\\\/archiv.siov.sk\\\/en\\\/author\\\/gabriela-budayova\\\/\"}]}<\/script>\n<!-- \/ Yoast SEO plugin. -->","yoast_head_json":{"title":"Konzorcium pre vzdel\u00e1vacie mobility v oblasti OVP - \u0160IOV - \u0161t\u00e1tny in\u0161tit\u00fat odborn\u00e9ho vzdel\u00e1vania","description":"Hlavn\u00fdm cie\u013eom vzdel\u00e1vac\u00edch mobil\u00edt jednotlivcov programu Erasmus+ je podpori\u0165, in\u0161pirova\u0165 a povzbudi\u0165 k rozvoju prostredn\u00edctvom osobnej sk\u00fasenosti zo zahrani\u010dia.","robots":{"index":"index","follow":"follow","max-snippet":"max-snippet:-1","max-image-preview":"max-image-preview:large","max-video-preview":"max-video-preview:-1"},"canonical":"https:\/\/archiv.siov.sk\/en\/konzorcium-pre-vzdelavacie-mobility-v-oblasti-ovp\/","og_locale":"en_GB","og_type":"article","og_title":"Konzorcium pre vzdel\u00e1vacie mobility v oblasti OVP - \u0160IOV - \u0161t\u00e1tny in\u0161tit\u00fat odborn\u00e9ho vzdel\u00e1vania","og_description":"Hlavn\u00fdm cie\u013eom vzdel\u00e1vac\u00edch mobil\u00edt jednotlivcov programu Erasmus+ je podpori\u0165, in\u0161pirova\u0165 a povzbudi\u0165 k rozvoju prostredn\u00edctvom osobnej sk\u00fasenosti zo zahrani\u010dia.","og_url":"https:\/\/archiv.siov.sk\/en\/konzorcium-pre-vzdelavacie-mobility-v-oblasti-ovp\/","og_site_name":"\u0160IOV - \u0161t\u00e1tny in\u0161tit\u00fat odborn\u00e9ho vzdel\u00e1vania","article_publisher":"https:\/\/www.facebook.com\/Statnyinstitutodbornehovzdelavania","article_published_time":"2023-06-14T14:46:03+00:00","article_modified_time":"2024-07-24T14:53:01+00:00","og_image":[{"width":465,"height":620,"url":"https:\/\/archiv.siov.sk\/wp-content\/uploads\/2024\/07\/vzdelavacia_mobilita_erasmus_plus.png","type":"image\/png"}],"author":"Gabriela Budayov\u00e1","twitter_card":"summary_large_image","twitter_misc":{"Written by":"Gabriela Budayov\u00e1","Estimated reading time":"3 minutes"},"schema":{"@context":"https:\/\/schema.org","@graph":[{"@type":"Article","@id":"https:\/\/archiv.siov.sk\/konzorcium-pre-vzdelavacie-mobility-v-oblasti-ovp\/#article","isPartOf":{"@id":"https:\/\/archiv.siov.sk\/konzorcium-pre-vzdelavacie-mobility-v-oblasti-ovp\/"},"author":{"name":"Gabriela Budayov\u00e1","@id":"https:\/\/archiv.siov.sk\/#\/schema\/person\/2d35146a9c0fa51b027e8ff319cee627"},"headline":"Konzorcium pre vzdel\u00e1vacie mobility v oblasti OVP","datePublished":"2023-06-14T14:46:03+00:00","dateModified":"2024-07-24T14:53:01+00:00","mainEntityOfPage":{"@id":"https:\/\/archiv.siov.sk\/konzorcium-pre-vzdelavacie-mobility-v-oblasti-ovp\/"},"wordCount":439,"publisher":{"@id":"https:\/\/archiv.siov.sk\/#organization"},"image":{"@id":"https:\/\/archiv.siov.sk\/konzorcium-pre-vzdelavacie-mobility-v-oblasti-ovp\/#primaryimage"},"thumbnailUrl":"https:\/\/archiv.siov.sk\/wp-content\/uploads\/2024\/07\/vzdelavacia_mobilita_erasmus_plus.png","articleSection":["Erasmus+"],"inLanguage":"en-GB"},{"@type":"WebPage","@id":"https:\/\/archiv.siov.sk\/konzorcium-pre-vzdelavacie-mobility-v-oblasti-ovp\/","url":"https:\/\/archiv.siov.sk\/konzorcium-pre-vzdelavacie-mobility-v-oblasti-ovp\/","name":"Konzorcium pre vzdel\u00e1vacie mobility v oblasti OVP - \u0160IOV - \u0161t\u00e1tny in\u0161tit\u00fat odborn\u00e9ho vzdel\u00e1vania","isPartOf":{"@id":"https:\/\/archiv.siov.sk\/#website"},"primaryImageOfPage":{"@id":"https:\/\/archiv.siov.sk\/konzorcium-pre-vzdelavacie-mobility-v-oblasti-ovp\/#primaryimage"},"image":{"@id":"https:\/\/archiv.siov.sk\/konzorcium-pre-vzdelavacie-mobility-v-oblasti-ovp\/#primaryimage"},"thumbnailUrl":"https:\/\/archiv.siov.sk\/wp-content\/uploads\/2024\/07\/vzdelavacia_mobilita_erasmus_plus.png","datePublished":"2023-06-14T14:46:03+00:00","dateModified":"2024-07-24T14:53:01+00:00","description":"Hlavn\u00fdm cie\u013eom vzdel\u00e1vac\u00edch mobil\u00edt jednotlivcov programu Erasmus+ je podpori\u0165, in\u0161pirova\u0165 a povzbudi\u0165 k rozvoju prostredn\u00edctvom osobnej sk\u00fasenosti zo zahrani\u010dia.","breadcrumb":{"@id":"https:\/\/archiv.siov.sk\/konzorcium-pre-vzdelavacie-mobility-v-oblasti-ovp\/#breadcrumb"},"inLanguage":"en-GB","potentialAction":[{"@type":"ReadAction","target":["https:\/\/archiv.siov.sk\/konzorcium-pre-vzdelavacie-mobility-v-oblasti-ovp\/"]}]},{"@type":"ImageObject","inLanguage":"en-GB","@id":"https:\/\/archiv.siov.sk\/konzorcium-pre-vzdelavacie-mobility-v-oblasti-ovp\/#primaryimage","url":"https:\/\/archiv.siov.sk\/wp-content\/uploads\/2024\/07\/vzdelavacia_mobilita_erasmus_plus.png","contentUrl":"https:\/\/archiv.siov.sk\/wp-content\/uploads\/2024\/07\/vzdelavacia_mobilita_erasmus_plus.png","width":465,"height":620,"caption":"Erasmus mobility"},{"@type":"BreadcrumbList","@id":"https:\/\/archiv.siov.sk\/konzorcium-pre-vzdelavacie-mobility-v-oblasti-ovp\/#breadcrumb","itemListElement":[{"@type":"ListItem","position":1,"name":"Home","item":"https:\/\/archiv.siov.sk\/"},{"@type":"ListItem","position":2,"name":"Konzorcium pre vzdel\u00e1vacie mobility v oblasti OVP"}]},{"@type":"WebSite","@id":"https:\/\/archiv.siov.sk\/#website","url":"https:\/\/archiv.siov.sk\/","name":"\u0160IOV - \u0161t\u00e1tny in\u0161tit\u00fat odborn\u00e9ho vzdel\u00e1vania","description":"","publisher":{"@id":"https:\/\/archiv.siov.sk\/#organization"},"potentialAction":[{"@type":"SearchAction","target":{"@type":"EntryPoint","urlTemplate":"https:\/\/archiv.siov.sk\/?s={search_term_string}"},"query-input":{"@type":"PropertyValueSpecification","valueRequired":true,"valueName":"search_term_string"}}],"inLanguage":"en-GB"},{"@type":"Organization","@id":"https:\/\/archiv.siov.sk\/#organization","name":"\u0160IOV - \u0161t\u00e1tny in\u0161tit\u00fat odborn\u00e9ho vzdel\u00e1vania","url":"https:\/\/archiv.siov.sk\/","logo":{"@type":"ImageObject","inLanguage":"en-GB","@id":"https:\/\/archiv.siov.sk\/#\/schema\/logo\/image\/","url":"https:\/\/archiv.siov.sk\/wp-content\/uploads\/2024\/02\/logo-SIOV.png","contentUrl":"https:\/\/archiv.siov.sk\/wp-content\/uploads\/2024\/02\/logo-SIOV.png","width":431,"height":143,"caption":"\u0160IOV - \u0161t\u00e1tny in\u0161tit\u00fat odborn\u00e9ho vzdel\u00e1vania"},"image":{"@id":"https:\/\/archiv.siov.sk\/#\/schema\/logo\/image\/"},"sameAs":["https:\/\/www.facebook.com\/Statnyinstitutodbornehovzdelavania"]},{"@type":"Person","@id":"https:\/\/archiv.siov.sk\/#\/schema\/person\/2d35146a9c0fa51b027e8ff319cee627","name":"Gabriela Budayov\u00e1","url":"https:\/\/archiv.siov.sk\/en\/author\/gabriela-budayova\/"}]}},"_links":{"self":[{"href":"https:\/\/archiv.siov.sk\/en\/wp-json\/wp\/v2\/posts\/16211","targetHints":{"allow":["GET"]}}],"collection":[{"href":"https:\/\/archiv.siov.sk\/en\/wp-json\/wp\/v2\/posts"}],"about":[{"href":"https:\/\/archiv.siov.sk\/en\/wp-json\/wp\/v2\/types\/post"}],"author":[{"embeddable":true,"href":"https:\/\/archiv.siov.sk\/en\/wp-json\/wp\/v2\/users\/10"}],"replies":[{"embeddable":true,"href":"https:\/\/archiv.siov.sk\/en\/wp-json\/wp\/v2\/comments?post=16211"}],"version-history":[{"count":4,"href":"https:\/\/archiv.siov.sk\/en\/wp-json\/wp\/v2\/posts\/16211\/revisions"}],"predecessor-version":[{"id":16216,"href":"https:\/\/archiv.siov.sk\/en\/wp-json\/wp\/v2\/posts\/16211\/revisions\/16216"}],"wp:featuredmedia":[{"embeddable":true,"href":"https:\/\/archiv.siov.sk\/en\/wp-json\/wp\/v2\/media\/16209"}],"wp:attachment":[{"href":"https:\/\/archiv.siov.sk\/en\/wp-json\/wp\/v2\/media?parent=16211"}],"wp:term":[{"taxonomy":"category","embeddable":true,"href":"https:\/\/archiv.siov.sk\/en\/wp-json\/wp\/v2\/categories?post=16211"},{"taxonomy":"post_tag","embeddable":true,"href":"https:\/\/archiv.siov.sk\/en\/wp-json\/wp\/v2\/tags?post=16211"}],"curies":[{"name":"wp","href":"https:\/\/api.w.org\/{rel}","templated":true}]}}