{"id":16195,"date":"2024-07-22T14:35:14","date_gmt":"2024-07-22T12:35:14","guid":{"rendered":"https:\/\/archiv.siov.sk\/?p=16195"},"modified":"2024-07-22T14:35:23","modified_gmt":"2024-07-22T12:35:23","slug":"mlady-tvorca-2024","status":"publish","type":"post","link":"https:\/\/archiv.siov.sk\/en\/mlady-tvorca-2024\/","title":{"rendered":"Mlad\u00fd tvorca 2024"},"content":{"rendered":"<p style=\"text-align: justify;\">V\u00fdstava Mlad\u00fd tvorca sa uskuto\u010dn\u00ed v d\u0148och 16. &#8211; 17. 10. 2024 po prv\u00fd raz ako putovn\u00e9 podujatie v Kas\u00e1r\u0148ach\/\u00a0 KULTURPARKU v Ko\u0161iciach. S\u00fa\u010das\u0165ou v\u00fdstavy bude aj prezent\u00e1cia cvi\u010dn\u00fdch firiem \u0161k\u00f4l stredn\u00e9ho a v\u00fdchodn\u00e9ho Slovenska.<\/p>\n<p><strong>R\u00e1mcov\u00fd harmonogram:<\/strong><\/p>\n<p>15.10.2024 ( utorok: 11.00 h. \u2013 16.00 h) \u2013 \u00faprava expoz\u00edci\u00ed<\/p>\n<p>16.10.2024 (streda: 9.00 h \u2013 16.00 h) \u2013 prezent\u00e1cia st\u00e1nkov, hodnotenie s\u00fa\u0165a\u017e\u00ed, sprievodn\u00fd program<\/p>\n<p>17.10.2024 (\u0161tvrtok: 9:00h \u2013 16.00 h) \u2013 od 12.00h vyhodnotenie s\u00fa\u0165a\u017e\u00ed a spolo\u010densk\u00fd raut.<\/p>\n<p>V\u00ed\u0165azn\u00e9 projekty, v\u00fdrobky, inov\u00e1cie budeme pri vyhodnoten\u00ed premieta\u0165. Projekt si nahrajte na USB k\u013e\u00fa\u010d a prineste so sebou. N\u00e1klady na stravovanie, ubytovanie a cestovanie MH SR neuhr\u00e1dza.<\/p>\n<p style=\"text-align: justify;\">Ak spolupracujete a ste v kontakte s riadite\u013emi Z\u0160 z v\u00e1\u0161ho okolia, odovzdajte im inform\u00e1ciu a\u00a0 pozvanie na v\u00fdstavu aj prostredn\u00edctvom osobnej intervencie. Takisto ak v r\u00e1mci du\u00e1lneho vzdel\u00e1vania spolupracujete s firmou, zamestn\u00e1vate\u013eom, vyu\u017eite mo\u017enosti spolo\u010dnej expoz\u00edcie.<\/p>\n<p style=\"text-align: justify;\">Nev\u00e1hajte predstavi\u0165 svoju \u0161kolu \u017eiakom z\u00e1kladn\u00fdch \u0161k\u00f4l a tie\u017e\u00a0 bud\u00facim zamestn\u00e1vate\u013eom s minim\u00e1lnymi n\u00e1kladmi.<\/p>\n<p><a href=\"https:\/\/archiv.siov.sk\/wp-content\/uploads\/2024\/07\/cena-MH-SR.pdf\" target=\"_blank\" rel=\"noopener\">Pravidl\u00e1 s\u00fa\u0165a\u017ee Cena Ministerstva hospod\u00e1rstva SR za inov\u00e1ciu a technick\u00fa tvorivos\u0165 &#8211; Mlad\u00fd tvorca 2024<\/a><\/p>\n<p><a href=\"https:\/\/archiv.siov.sk\/wp-content\/uploads\/2024\/07\/podnikatelsky-sen.pdf\" target=\"_blank\" rel=\"noopener\">Pravidl\u00e1 s\u00fa\u0165a\u017ee M\u00f4j podnikate\u013esk\u00fd sen &#8211; Mlad\u00fd tvorca 2024<\/a><\/p>","protected":false},"excerpt":{"rendered":"<p>V\u00fdstava Mlad\u00fd tvorca sa uskuto\u010dn\u00ed v d\u0148och 16. &#8211; 17. 10. 2024 po prv\u00fd raz ako putovn\u00e9 podujatie v Kas\u00e1r\u0148ach\/\u00a0 KULTURPARKU v Ko\u0161iciach. S\u00fa\u010das\u0165ou v\u00fdstavy bude aj prezent\u00e1cia cvi\u010dn\u00fdch firiem \u0161k\u00f4l stredn\u00e9ho a v\u00fdchodn\u00e9ho Slovenska. R\u00e1mcov\u00fd harmonogram: 15.10.2024 ( utorok: 11.00 h. \u2013 16.00 h) \u2013 \u00faprava expoz\u00edci\u00ed 16.10.2024 (streda: 9.00 h \u2013 16.00 h) [&hellip;]<\/p>\n","protected":false},"author":6,"featured_media":16199,"comment_status":"closed","ping_status":"closed","sticky":false,"template":"","format":"standard","meta":{"site-sidebar-layout":"default","site-content-layout":"","ast-site-content-layout":"default","site-content-style":"default","site-sidebar-style":"default","ast-global-header-display":"","ast-banner-title-visibility":"","ast-main-header-display":"","ast-hfb-above-header-display":"","ast-hfb-below-header-display":"","ast-hfb-mobile-header-display":"","site-post-title":"","ast-breadcrumbs-content":"","ast-featured-img":"","footer-sml-layout":"","ast-disable-related-posts":"","theme-transparent-header-meta":"default","adv-header-id-meta":"","stick-header-meta":"default","header-above-stick-meta":"","header-main-stick-meta":"","header-below-stick-meta":"","astra-migrate-meta-layouts":"set","ast-page-background-enabled":"default","ast-page-background-meta":{"desktop":{"background-color":"var(--ast-global-color-4)","background-image":"","background-repeat":"repeat","background-position":"center center","background-size":"auto","background-attachment":"scroll","background-type":"","background-media":"","overlay-type":"","overlay-color":"","overlay-opacity":"","overlay-gradient":""},"tablet":{"background-color":"","background-image":"","background-repeat":"repeat","background-position":"center center","background-size":"auto","background-attachment":"scroll","background-type":"","background-media":"","overlay-type":"","overlay-color":"","overlay-opacity":"","overlay-gradient":""},"mobile":{"background-color":"","background-image":"","background-repeat":"repeat","background-position":"center center","background-size":"auto","background-attachment":"scroll","background-type":"","background-media":"","overlay-type":"","overlay-color":"","overlay-opacity":"","overlay-gradient":""}},"ast-content-background-meta":{"desktop":{"background-color":"var(--ast-global-color-5)","background-image":"","background-repeat":"repeat","background-position":"center center","background-size":"auto","background-attachment":"scroll","background-type":"","background-media":"","overlay-type":"","overlay-color":"","overlay-opacity":"","overlay-gradient":""},"tablet":{"background-color":"var(--ast-global-color-5)","background-image":"","background-repeat":"repeat","background-position":"center center","background-size":"auto","background-attachment":"scroll","background-type":"","background-media":"","overlay-type":"","overlay-color":"","overlay-opacity":"","overlay-gradient":""},"mobile":{"background-color":"var(--ast-global-color-5)","background-image":"","background-repeat":"repeat","background-position":"center center","background-size":"auto","background-attachment":"scroll","background-type":"","background-media":"","overlay-type":"","overlay-color":"","overlay-opacity":"","overlay-gradient":""}},"footnotes":""},"categories":[1],"tags":[],"class_list":["post-16195","post","type-post","status-publish","format-standard","has-post-thumbnail","hentry","category-aktuality"],"yoast_head":"<!-- This site is optimized with the Yoast SEO plugin v27.5 - https:\/\/yoast.com\/product\/yoast-seo-wordpress\/ -->\n<title>Mlad\u00fd tvorca 2024 - \u0160IOV - \u0161t\u00e1tny in\u0161tit\u00fat odborn\u00e9ho vzdel\u00e1vania<\/title>\n<meta name=\"robots\" content=\"index, follow, max-snippet:-1, max-image-preview:large, max-video-preview:-1\" \/>\n<link rel=\"canonical\" href=\"https:\/\/archiv.siov.sk\/en\/mlady-tvorca-2024\/\" \/>\n<meta property=\"og:locale\" content=\"en_GB\" \/>\n<meta property=\"og:type\" content=\"article\" \/>\n<meta property=\"og:title\" content=\"Mlad\u00fd tvorca 2024 - \u0160IOV - \u0161t\u00e1tny in\u0161tit\u00fat odborn\u00e9ho vzdel\u00e1vania\" \/>\n<meta property=\"og:description\" content=\"V\u00fdstava Mlad\u00fd tvorca sa uskuto\u010dn\u00ed v d\u0148och 16. &#8211; 17. 10. 2024 po prv\u00fd raz ako putovn\u00e9 podujatie v Kas\u00e1r\u0148ach\/\u00a0 KULTURPARKU v Ko\u0161iciach. S\u00fa\u010das\u0165ou v\u00fdstavy bude aj prezent\u00e1cia cvi\u010dn\u00fdch firiem \u0161k\u00f4l stredn\u00e9ho a v\u00fdchodn\u00e9ho Slovenska. R\u00e1mcov\u00fd harmonogram: 15.10.2024 ( utorok: 11.00 h. \u2013 16.00 h) \u2013 \u00faprava expoz\u00edci\u00ed 16.10.2024 (streda: 9.00 h \u2013 16.00 h) [&hellip;]\" \/>\n<meta property=\"og:url\" content=\"https:\/\/archiv.siov.sk\/en\/mlady-tvorca-2024\/\" \/>\n<meta property=\"og:site_name\" content=\"\u0160IOV - \u0161t\u00e1tny in\u0161tit\u00fat odborn\u00e9ho vzdel\u00e1vania\" \/>\n<meta property=\"article:publisher\" content=\"https:\/\/www.facebook.com\/Statnyinstitutodbornehovzdelavania\" \/>\n<meta property=\"article:published_time\" content=\"2024-07-22T12:35:14+00:00\" \/>\n<meta property=\"article:modified_time\" content=\"2024-07-22T12:35:23+00:00\" \/>\n<meta property=\"og:image\" content=\"https:\/\/archiv.siov.sk\/wp-content\/uploads\/2024\/07\/shutterstock_save-the-date-scaled-e1738262506208.jpg\" \/>\n\t<meta property=\"og:image:width\" content=\"2300\" \/>\n\t<meta property=\"og:image:height\" content=\"999\" \/>\n\t<meta property=\"og:image:type\" content=\"image\/jpeg\" \/>\n<meta name=\"author\" content=\"Katar\u00edna Kov\u00e1\u010dov\u00e1\" \/>\n<meta name=\"twitter:card\" content=\"summary_large_image\" \/>\n<meta name=\"twitter:label1\" content=\"Written by\" \/>\n\t<meta name=\"twitter:data1\" content=\"Katar\u00edna Kov\u00e1\u010dov\u00e1\" \/>\n\t<meta name=\"twitter:label2\" content=\"Estimated reading time\" \/>\n\t<meta name=\"twitter:data2\" content=\"2 minutes\" \/>\n<script type=\"application\/ld+json\" class=\"yoast-schema-graph\">{\"@context\":\"https:\\\/\\\/schema.org\",\"@graph\":[{\"@type\":\"Article\",\"@id\":\"https:\\\/\\\/archiv.siov.sk\\\/mlady-tvorca-2024\\\/#article\",\"isPartOf\":{\"@id\":\"https:\\\/\\\/archiv.siov.sk\\\/mlady-tvorca-2024\\\/\"},\"author\":{\"name\":\"Katar\u00edna Kov\u00e1\u010dov\u00e1\",\"@id\":\"https:\\\/\\\/archiv.siov.sk\\\/#\\\/schema\\\/person\\\/e42d633fbd958c6a726e8834d8965e6c\"},\"headline\":\"Mlad\u00fd tvorca 2024\",\"datePublished\":\"2024-07-22T12:35:14+00:00\",\"dateModified\":\"2024-07-22T12:35:23+00:00\",\"mainEntityOfPage\":{\"@id\":\"https:\\\/\\\/archiv.siov.sk\\\/mlady-tvorca-2024\\\/\"},\"wordCount\":218,\"publisher\":{\"@id\":\"https:\\\/\\\/archiv.siov.sk\\\/#organization\"},\"image\":{\"@id\":\"https:\\\/\\\/archiv.siov.sk\\\/mlady-tvorca-2024\\\/#primaryimage\"},\"thumbnailUrl\":\"https:\\\/\\\/archiv.siov.sk\\\/wp-content\\\/uploads\\\/2024\\\/07\\\/shutterstock_save-the-date-scaled-e1738262506208.jpg\",\"articleSection\":[\"Aktuality\"],\"inLanguage\":\"en-GB\"},{\"@type\":\"WebPage\",\"@id\":\"https:\\\/\\\/archiv.siov.sk\\\/mlady-tvorca-2024\\\/\",\"url\":\"https:\\\/\\\/archiv.siov.sk\\\/mlady-tvorca-2024\\\/\",\"name\":\"Mlad\u00fd tvorca 2024 - \u0160IOV - \u0161t\u00e1tny in\u0161tit\u00fat odborn\u00e9ho vzdel\u00e1vania\",\"isPartOf\":{\"@id\":\"https:\\\/\\\/archiv.siov.sk\\\/#website\"},\"primaryImageOfPage\":{\"@id\":\"https:\\\/\\\/archiv.siov.sk\\\/mlady-tvorca-2024\\\/#primaryimage\"},\"image\":{\"@id\":\"https:\\\/\\\/archiv.siov.sk\\\/mlady-tvorca-2024\\\/#primaryimage\"},\"thumbnailUrl\":\"https:\\\/\\\/archiv.siov.sk\\\/wp-content\\\/uploads\\\/2024\\\/07\\\/shutterstock_save-the-date-scaled-e1738262506208.jpg\",\"datePublished\":\"2024-07-22T12:35:14+00:00\",\"dateModified\":\"2024-07-22T12:35:23+00:00\",\"breadcrumb\":{\"@id\":\"https:\\\/\\\/archiv.siov.sk\\\/mlady-tvorca-2024\\\/#breadcrumb\"},\"inLanguage\":\"en-GB\",\"potentialAction\":[{\"@type\":\"ReadAction\",\"target\":[\"https:\\\/\\\/archiv.siov.sk\\\/mlady-tvorca-2024\\\/\"]}]},{\"@type\":\"ImageObject\",\"inLanguage\":\"en-GB\",\"@id\":\"https:\\\/\\\/archiv.siov.sk\\\/mlady-tvorca-2024\\\/#primaryimage\",\"url\":\"https:\\\/\\\/archiv.siov.sk\\\/wp-content\\\/uploads\\\/2024\\\/07\\\/shutterstock_save-the-date-scaled-e1738262506208.jpg\",\"contentUrl\":\"https:\\\/\\\/archiv.siov.sk\\\/wp-content\\\/uploads\\\/2024\\\/07\\\/shutterstock_save-the-date-scaled-e1738262506208.jpg\",\"width\":2300,\"height\":999},{\"@type\":\"BreadcrumbList\",\"@id\":\"https:\\\/\\\/archiv.siov.sk\\\/mlady-tvorca-2024\\\/#breadcrumb\",\"itemListElement\":[{\"@type\":\"ListItem\",\"position\":1,\"name\":\"Home\",\"item\":\"https:\\\/\\\/archiv.siov.sk\\\/\"},{\"@type\":\"ListItem\",\"position\":2,\"name\":\"Mlad\u00fd tvorca 2024\"}]},{\"@type\":\"WebSite\",\"@id\":\"https:\\\/\\\/archiv.siov.sk\\\/#website\",\"url\":\"https:\\\/\\\/archiv.siov.sk\\\/\",\"name\":\"\u0160IOV - \u0161t\u00e1tny in\u0161tit\u00fat odborn\u00e9ho vzdel\u00e1vania\",\"description\":\"\",\"publisher\":{\"@id\":\"https:\\\/\\\/archiv.siov.sk\\\/#organization\"},\"potentialAction\":[{\"@type\":\"SearchAction\",\"target\":{\"@type\":\"EntryPoint\",\"urlTemplate\":\"https:\\\/\\\/archiv.siov.sk\\\/?s={search_term_string}\"},\"query-input\":{\"@type\":\"PropertyValueSpecification\",\"valueRequired\":true,\"valueName\":\"search_term_string\"}}],\"inLanguage\":\"en-GB\"},{\"@type\":\"Organization\",\"@id\":\"https:\\\/\\\/archiv.siov.sk\\\/#organization\",\"name\":\"\u0160IOV - \u0161t\u00e1tny in\u0161tit\u00fat odborn\u00e9ho vzdel\u00e1vania\",\"url\":\"https:\\\/\\\/archiv.siov.sk\\\/\",\"logo\":{\"@type\":\"ImageObject\",\"inLanguage\":\"en-GB\",\"@id\":\"https:\\\/\\\/archiv.siov.sk\\\/#\\\/schema\\\/logo\\\/image\\\/\",\"url\":\"https:\\\/\\\/archiv.siov.sk\\\/wp-content\\\/uploads\\\/2024\\\/02\\\/logo-SIOV.png\",\"contentUrl\":\"https:\\\/\\\/archiv.siov.sk\\\/wp-content\\\/uploads\\\/2024\\\/02\\\/logo-SIOV.png\",\"width\":431,\"height\":143,\"caption\":\"\u0160IOV - \u0161t\u00e1tny in\u0161tit\u00fat odborn\u00e9ho vzdel\u00e1vania\"},\"image\":{\"@id\":\"https:\\\/\\\/archiv.siov.sk\\\/#\\\/schema\\\/logo\\\/image\\\/\"},\"sameAs\":[\"https:\\\/\\\/www.facebook.com\\\/Statnyinstitutodbornehovzdelavania\"]},{\"@type\":\"Person\",\"@id\":\"https:\\\/\\\/archiv.siov.sk\\\/#\\\/schema\\\/person\\\/e42d633fbd958c6a726e8834d8965e6c\",\"name\":\"Katar\u00edna Kov\u00e1\u010dov\u00e1\",\"url\":\"https:\\\/\\\/archiv.siov.sk\\\/en\\\/author\\\/katkakovacova\\\/\"}]}<\/script>\n<!-- \/ Yoast SEO plugin. -->","yoast_head_json":{"title":"Mlad\u00fd tvorca 2024 - \u0160IOV - \u0161t\u00e1tny in\u0161tit\u00fat odborn\u00e9ho vzdel\u00e1vania","robots":{"index":"index","follow":"follow","max-snippet":"max-snippet:-1","max-image-preview":"max-image-preview:large","max-video-preview":"max-video-preview:-1"},"canonical":"https:\/\/archiv.siov.sk\/en\/mlady-tvorca-2024\/","og_locale":"en_GB","og_type":"article","og_title":"Mlad\u00fd tvorca 2024 - \u0160IOV - \u0161t\u00e1tny in\u0161tit\u00fat odborn\u00e9ho vzdel\u00e1vania","og_description":"V\u00fdstava Mlad\u00fd tvorca sa uskuto\u010dn\u00ed v d\u0148och 16. &#8211; 17. 10. 2024 po prv\u00fd raz ako putovn\u00e9 podujatie v Kas\u00e1r\u0148ach\/\u00a0 KULTURPARKU v Ko\u0161iciach. S\u00fa\u010das\u0165ou v\u00fdstavy bude aj prezent\u00e1cia cvi\u010dn\u00fdch firiem \u0161k\u00f4l stredn\u00e9ho a v\u00fdchodn\u00e9ho Slovenska. R\u00e1mcov\u00fd harmonogram: 15.10.2024 ( utorok: 11.00 h. \u2013 16.00 h) \u2013 \u00faprava expoz\u00edci\u00ed 16.10.2024 (streda: 9.00 h \u2013 16.00 h) [&hellip;]","og_url":"https:\/\/archiv.siov.sk\/en\/mlady-tvorca-2024\/","og_site_name":"\u0160IOV - \u0161t\u00e1tny in\u0161tit\u00fat odborn\u00e9ho vzdel\u00e1vania","article_publisher":"https:\/\/www.facebook.com\/Statnyinstitutodbornehovzdelavania","article_published_time":"2024-07-22T12:35:14+00:00","article_modified_time":"2024-07-22T12:35:23+00:00","og_image":[{"width":2300,"height":999,"url":"https:\/\/archiv.siov.sk\/wp-content\/uploads\/2024\/07\/shutterstock_save-the-date-scaled-e1738262506208.jpg","type":"image\/jpeg"}],"author":"Katar\u00edna Kov\u00e1\u010dov\u00e1","twitter_card":"summary_large_image","twitter_misc":{"Written by":"Katar\u00edna Kov\u00e1\u010dov\u00e1","Estimated reading time":"2 minutes"},"schema":{"@context":"https:\/\/schema.org","@graph":[{"@type":"Article","@id":"https:\/\/archiv.siov.sk\/mlady-tvorca-2024\/#article","isPartOf":{"@id":"https:\/\/archiv.siov.sk\/mlady-tvorca-2024\/"},"author":{"name":"Katar\u00edna Kov\u00e1\u010dov\u00e1","@id":"https:\/\/archiv.siov.sk\/#\/schema\/person\/e42d633fbd958c6a726e8834d8965e6c"},"headline":"Mlad\u00fd tvorca 2024","datePublished":"2024-07-22T12:35:14+00:00","dateModified":"2024-07-22T12:35:23+00:00","mainEntityOfPage":{"@id":"https:\/\/archiv.siov.sk\/mlady-tvorca-2024\/"},"wordCount":218,"publisher":{"@id":"https:\/\/archiv.siov.sk\/#organization"},"image":{"@id":"https:\/\/archiv.siov.sk\/mlady-tvorca-2024\/#primaryimage"},"thumbnailUrl":"https:\/\/archiv.siov.sk\/wp-content\/uploads\/2024\/07\/shutterstock_save-the-date-scaled-e1738262506208.jpg","articleSection":["Aktuality"],"inLanguage":"en-GB"},{"@type":"WebPage","@id":"https:\/\/archiv.siov.sk\/mlady-tvorca-2024\/","url":"https:\/\/archiv.siov.sk\/mlady-tvorca-2024\/","name":"Mlad\u00fd tvorca 2024 - \u0160IOV - \u0161t\u00e1tny in\u0161tit\u00fat odborn\u00e9ho vzdel\u00e1vania","isPartOf":{"@id":"https:\/\/archiv.siov.sk\/#website"},"primaryImageOfPage":{"@id":"https:\/\/archiv.siov.sk\/mlady-tvorca-2024\/#primaryimage"},"image":{"@id":"https:\/\/archiv.siov.sk\/mlady-tvorca-2024\/#primaryimage"},"thumbnailUrl":"https:\/\/archiv.siov.sk\/wp-content\/uploads\/2024\/07\/shutterstock_save-the-date-scaled-e1738262506208.jpg","datePublished":"2024-07-22T12:35:14+00:00","dateModified":"2024-07-22T12:35:23+00:00","breadcrumb":{"@id":"https:\/\/archiv.siov.sk\/mlady-tvorca-2024\/#breadcrumb"},"inLanguage":"en-GB","potentialAction":[{"@type":"ReadAction","target":["https:\/\/archiv.siov.sk\/mlady-tvorca-2024\/"]}]},{"@type":"ImageObject","inLanguage":"en-GB","@id":"https:\/\/archiv.siov.sk\/mlady-tvorca-2024\/#primaryimage","url":"https:\/\/archiv.siov.sk\/wp-content\/uploads\/2024\/07\/shutterstock_save-the-date-scaled-e1738262506208.jpg","contentUrl":"https:\/\/archiv.siov.sk\/wp-content\/uploads\/2024\/07\/shutterstock_save-the-date-scaled-e1738262506208.jpg","width":2300,"height":999},{"@type":"BreadcrumbList","@id":"https:\/\/archiv.siov.sk\/mlady-tvorca-2024\/#breadcrumb","itemListElement":[{"@type":"ListItem","position":1,"name":"Home","item":"https:\/\/archiv.siov.sk\/"},{"@type":"ListItem","position":2,"name":"Mlad\u00fd tvorca 2024"}]},{"@type":"WebSite","@id":"https:\/\/archiv.siov.sk\/#website","url":"https:\/\/archiv.siov.sk\/","name":"\u0160IOV - \u0161t\u00e1tny in\u0161tit\u00fat odborn\u00e9ho vzdel\u00e1vania","description":"","publisher":{"@id":"https:\/\/archiv.siov.sk\/#organization"},"potentialAction":[{"@type":"SearchAction","target":{"@type":"EntryPoint","urlTemplate":"https:\/\/archiv.siov.sk\/?s={search_term_string}"},"query-input":{"@type":"PropertyValueSpecification","valueRequired":true,"valueName":"search_term_string"}}],"inLanguage":"en-GB"},{"@type":"Organization","@id":"https:\/\/archiv.siov.sk\/#organization","name":"\u0160IOV - \u0161t\u00e1tny in\u0161tit\u00fat odborn\u00e9ho vzdel\u00e1vania","url":"https:\/\/archiv.siov.sk\/","logo":{"@type":"ImageObject","inLanguage":"en-GB","@id":"https:\/\/archiv.siov.sk\/#\/schema\/logo\/image\/","url":"https:\/\/archiv.siov.sk\/wp-content\/uploads\/2024\/02\/logo-SIOV.png","contentUrl":"https:\/\/archiv.siov.sk\/wp-content\/uploads\/2024\/02\/logo-SIOV.png","width":431,"height":143,"caption":"\u0160IOV - \u0161t\u00e1tny in\u0161tit\u00fat odborn\u00e9ho vzdel\u00e1vania"},"image":{"@id":"https:\/\/archiv.siov.sk\/#\/schema\/logo\/image\/"},"sameAs":["https:\/\/www.facebook.com\/Statnyinstitutodbornehovzdelavania"]},{"@type":"Person","@id":"https:\/\/archiv.siov.sk\/#\/schema\/person\/e42d633fbd958c6a726e8834d8965e6c","name":"Katar\u00edna Kov\u00e1\u010dov\u00e1","url":"https:\/\/archiv.siov.sk\/en\/author\/katkakovacova\/"}]}},"_links":{"self":[{"href":"https:\/\/archiv.siov.sk\/en\/wp-json\/wp\/v2\/posts\/16195","targetHints":{"allow":["GET"]}}],"collection":[{"href":"https:\/\/archiv.siov.sk\/en\/wp-json\/wp\/v2\/posts"}],"about":[{"href":"https:\/\/archiv.siov.sk\/en\/wp-json\/wp\/v2\/types\/post"}],"author":[{"embeddable":true,"href":"https:\/\/archiv.siov.sk\/en\/wp-json\/wp\/v2\/users\/6"}],"replies":[{"embeddable":true,"href":"https:\/\/archiv.siov.sk\/en\/wp-json\/wp\/v2\/comments?post=16195"}],"version-history":[{"count":2,"href":"https:\/\/archiv.siov.sk\/en\/wp-json\/wp\/v2\/posts\/16195\/revisions"}],"predecessor-version":[{"id":16200,"href":"https:\/\/archiv.siov.sk\/en\/wp-json\/wp\/v2\/posts\/16195\/revisions\/16200"}],"wp:featuredmedia":[{"embeddable":true,"href":"https:\/\/archiv.siov.sk\/en\/wp-json\/wp\/v2\/media\/16199"}],"wp:attachment":[{"href":"https:\/\/archiv.siov.sk\/en\/wp-json\/wp\/v2\/media?parent=16195"}],"wp:term":[{"taxonomy":"category","embeddable":true,"href":"https:\/\/archiv.siov.sk\/en\/wp-json\/wp\/v2\/categories?post=16195"},{"taxonomy":"post_tag","embeddable":true,"href":"https:\/\/archiv.siov.sk\/en\/wp-json\/wp\/v2\/tags?post=16195"}],"curies":[{"name":"wp","href":"https:\/\/api.w.org\/{rel}","templated":true}]}}