{"id":16191,"date":"2023-05-03T18:58:31","date_gmt":"2023-05-03T16:58:31","guid":{"rendered":"https:\/\/archiv.siov.sk\/?p=16191"},"modified":"2024-07-21T19:00:47","modified_gmt":"2024-07-21T17:00:47","slug":"asociacia-strednych-odbornych-skol-na-vzdelavacej-mobilite-v-prahe","status":"publish","type":"post","link":"https:\/\/archiv.siov.sk\/en\/asociacia-strednych-odbornych-skol-na-vzdelavacej-mobilite-v-prahe\/","title":{"rendered":"Asoci\u00e1cia stredn\u00fdch odborn\u00fdch \u0161k\u00f4l na vzdel\u00e1vacej mobilite v Prahe"},"content":{"rendered":"<p>Po\u010das m\u00e1jovej vzdel\u00e1vacej mobility zamierili na\u0161i kolegovia z\u00a0<a href=\"https:\/\/www.asoss.sk\/\">Asoci\u00e1cie stredn\u00fdch odborn\u00fdch \u0161k\u00f4l Slovenska<\/a>\u00a0na\u00a0<a href=\"https:\/\/www.ssps.cz\/\">Sm\u00edchovsk\u00fa st\u0159edn\u00ed pr\u016fmyslov\u00fa \u0161kolu a\u00a0gymn\u00e1zium v\u00a0Prahe<\/a>.<\/p>\n<p>Hlavn\u00fdm d\u00f4vodom v\u00fdberu hos\u0165uj\u00facej organiz\u00e1cie bolo jej renom\u00e9 o\u00a0zap\u00e1jan\u00ed \u017eiakov a\u00a0absolventov do chodu \u0161koly nad r\u00e1mec klasick\u00e9ho vyu\u010dovania. \u00da\u010dastn\u00edci vzdel\u00e1vacej mobility mali mo\u017enos\u0165 za\u017ei\u0165 viac ako ka\u017edodenn\u00fd chod \u0161koly. Trojd\u0148ov\u00e1 mobilita toti\u017e prebiehala po\u010das \u00fastnych maturitn\u00fdch sk\u00fa\u0161ok.<\/p>\n<p><img fetchpriority=\"high\" decoding=\"async\" class=\"alignnone size-medium wp-image-16190\" src=\"https:\/\/archiv.siov.sk\/wp-content\/uploads\/2024\/07\/laska_kit-300x293.jpeg\" alt=\"Maxi starter kit\" width=\"300\" height=\"293\" srcset=\"https:\/\/archiv.siov.sk\/wp-content\/uploads\/2024\/07\/laska_kit-300x293.jpeg 300w, https:\/\/archiv.siov.sk\/wp-content\/uploads\/2024\/07\/laska_kit-12x12.jpeg 12w, https:\/\/archiv.siov.sk\/wp-content\/uploads\/2024\/07\/laska_kit.jpeg 570w\" sizes=\"(max-width: 300px) 100vw, 300px\" \/><\/p>\n<p>Sm\u00edchovsk\u00e1 \u0161kola si pre slovensk\u00fa skupinu\u00a0pedag\u00f3gov pripravila t\u00edm sprievodcov v\u00a0zlo\u017een\u00ed \u2013 predsedu \u0161kolsk\u00e9ho parlamentu a \u0161tudenta, ktor\u00fd je z\u00e1rove\u0148 asistentom riadite\u013ea. Okrem podrobnej prehliadky \u0161koly spojenej s\u00a0rozhovormi so \u017eiakmi si sprev\u00e1dzaj\u00faci t\u00edm pre \u00fa\u010dastn\u00edkov pripravil:<\/p>\n<ul class=\"wp-block-list\">\n<li>prezent\u00e1cie \u017eiakov a\u00a0pedag\u00f3gov z\u00a0oblast\u00ed kybernetickej bezpe\u010dnosti a\u00a0umelej inteligencie,<\/li>\n<li>predstavenie metodiky u\u010denia vybran\u00fdch predmetov veden\u00fdch \u017eiakmi,<\/li>\n<li>n\u00e1\u010duvy vyu\u010dovac\u00edch hod\u00edn programovania a\u00a0v\u00fdpo\u010dtovej techniky s\u00a0podrobn\u00fdm predstaven\u00edm cie\u013eov hodiny a\u00a0sp\u00f4sobu hodnotenia v\u00fdstupu \u017eiaka.<\/li>\n<\/ul>\n<p><img decoding=\"async\" class=\"alignnone size-medium wp-image-16189\" src=\"https:\/\/archiv.siov.sk\/wp-content\/uploads\/2024\/07\/asocia_strednych_odbornych_skol_siov-300x233.jpeg\" alt=\"\" width=\"300\" height=\"233\" srcset=\"https:\/\/archiv.siov.sk\/wp-content\/uploads\/2024\/07\/asocia_strednych_odbornych_skol_siov-300x233.jpeg 300w, https:\/\/archiv.siov.sk\/wp-content\/uploads\/2024\/07\/asocia_strednych_odbornych_skol_siov-768x597.jpeg 768w, https:\/\/archiv.siov.sk\/wp-content\/uploads\/2024\/07\/asocia_strednych_odbornych_skol_siov-15x12.jpeg 15w, https:\/\/archiv.siov.sk\/wp-content\/uploads\/2024\/07\/asocia_strednych_odbornych_skol_siov.jpeg 788w\" sizes=\"(max-width: 300px) 100vw, 300px\" \/><\/p>\n<p>Ako n\u00e1m \u00fa\u010dastn\u00edci prezradili, vzdel\u00e1vacia mobilita prispeje k\u00a0skvalitneniu hodnotiacich procesov \u017eiakov, ako aj k\u00a0prepracovaniu krit\u00e9ri\u00ed pre prijatie nov\u00fdch uch\u00e1dza\u010dov. Z\u00e1rove\u0148 mobilitn\u00e1 skupina pl\u00e1nuje zorganizova\u0165 \u010desko-slovensk\u00fd videohovor \u0161kolsk\u00fdch parlamentov za \u00fa\u010delom v\u00fdmeny sk\u00fasenost\u00ed a\u00a0nadviazania bud\u00facej spolupr\u00e1ce.<\/p>\n<p><img decoding=\"async\" class=\"size-medium wp-image-16181 aligncenter\" src=\"https:\/\/archiv.siov.sk\/wp-content\/uploads\/2024\/07\/SIOV_ASOSS-300x40.jpg\" alt=\"logo_siov_asoss\" width=\"300\" height=\"40\" srcset=\"https:\/\/archiv.siov.sk\/wp-content\/uploads\/2024\/07\/SIOV_ASOSS-300x40.jpg 300w, https:\/\/archiv.siov.sk\/wp-content\/uploads\/2024\/07\/SIOV_ASOSS-18x2.jpg 18w, https:\/\/archiv.siov.sk\/wp-content\/uploads\/2024\/07\/SIOV_ASOSS.jpg 751w\" sizes=\"(max-width: 300px) 100vw, 300px\" \/><\/p>","protected":false},"excerpt":{"rendered":"<p>Po\u010das m\u00e1jovej vzdel\u00e1vacej mobility zamierili na\u0161i kolegovia z\u00a0Asoci\u00e1cie stredn\u00fdch odborn\u00fdch \u0161k\u00f4l Slovenska\u00a0na\u00a0Sm\u00edchovsk\u00fa st\u0159edn\u00ed pr\u016fmyslov\u00fa \u0161kolu a\u00a0gymn\u00e1zium v\u00a0Prahe. Hlavn\u00fdm d\u00f4vodom v\u00fdberu hos\u0165uj\u00facej organiz\u00e1cie bolo jej renom\u00e9 o\u00a0zap\u00e1jan\u00ed \u017eiakov a\u00a0absolventov do chodu \u0161koly nad r\u00e1mec klasick\u00e9ho vyu\u010dovania. \u00da\u010dastn\u00edci vzdel\u00e1vacej mobility mali mo\u017enos\u0165 za\u017ei\u0165 viac ako ka\u017edodenn\u00fd chod \u0161koly. Trojd\u0148ov\u00e1 mobilita toti\u017e prebiehala po\u010das \u00fastnych maturitn\u00fdch sk\u00fa\u0161ok. Sm\u00edchovsk\u00e1 [&hellip;]<\/p>\n","protected":false},"author":10,"featured_media":16188,"comment_status":"closed","ping_status":"closed","sticky":false,"template":"","format":"standard","meta":{"site-sidebar-layout":"default","site-content-layout":"","ast-site-content-layout":"default","site-content-style":"default","site-sidebar-style":"default","ast-global-header-display":"","ast-banner-title-visibility":"","ast-main-header-display":"","ast-hfb-above-header-display":"","ast-hfb-below-header-display":"","ast-hfb-mobile-header-display":"","site-post-title":"","ast-breadcrumbs-content":"","ast-featured-img":"","footer-sml-layout":"","ast-disable-related-posts":"","theme-transparent-header-meta":"default","adv-header-id-meta":"","stick-header-meta":"default","header-above-stick-meta":"","header-main-stick-meta":"","header-below-stick-meta":"","astra-migrate-meta-layouts":"set","ast-page-background-enabled":"default","ast-page-background-meta":{"desktop":{"background-color":"var(--ast-global-color-4)","background-image":"","background-repeat":"repeat","background-position":"center center","background-size":"auto","background-attachment":"scroll","background-type":"","background-media":"","overlay-type":"","overlay-color":"","overlay-opacity":"","overlay-gradient":""},"tablet":{"background-color":"","background-image":"","background-repeat":"repeat","background-position":"center center","background-size":"auto","background-attachment":"scroll","background-type":"","background-media":"","overlay-type":"","overlay-color":"","overlay-opacity":"","overlay-gradient":""},"mobile":{"background-color":"","background-image":"","background-repeat":"repeat","background-position":"center center","background-size":"auto","background-attachment":"scroll","background-type":"","background-media":"","overlay-type":"","overlay-color":"","overlay-opacity":"","overlay-gradient":""}},"ast-content-background-meta":{"desktop":{"background-color":"var(--ast-global-color-5)","background-image":"","background-repeat":"repeat","background-position":"center center","background-size":"auto","background-attachment":"scroll","background-type":"","background-media":"","overlay-type":"","overlay-color":"","overlay-opacity":"","overlay-gradient":""},"tablet":{"background-color":"var(--ast-global-color-5)","background-image":"","background-repeat":"repeat","background-position":"center center","background-size":"auto","background-attachment":"scroll","background-type":"","background-media":"","overlay-type":"","overlay-color":"","overlay-opacity":"","overlay-gradient":""},"mobile":{"background-color":"var(--ast-global-color-5)","background-image":"","background-repeat":"repeat","background-position":"center center","background-size":"auto","background-attachment":"scroll","background-type":"","background-media":"","overlay-type":"","overlay-color":"","overlay-opacity":"","overlay-gradient":""}},"footnotes":""},"categories":[25],"tags":[],"class_list":["post-16191","post","type-post","status-publish","format-standard","has-post-thumbnail","hentry","category-erasmusplus"],"yoast_head":"<!-- This site is optimized with the Yoast SEO plugin v27.5 - https:\/\/yoast.com\/product\/yoast-seo-wordpress\/ -->\n<title>Asoci\u00e1cia stredn\u00fdch odborn\u00fdch \u0161k\u00f4l na vzdel\u00e1vacej mobilite v Prahe - \u0160IOV - \u0161t\u00e1tny in\u0161tit\u00fat odborn\u00e9ho vzdel\u00e1vania<\/title>\n<meta name=\"robots\" content=\"index, follow, max-snippet:-1, max-image-preview:large, max-video-preview:-1\" \/>\n<link rel=\"canonical\" href=\"https:\/\/archiv.siov.sk\/en\/asociacia-strednych-odbornych-skol-na-vzdelavacej-mobilite-v-prahe\/\" \/>\n<meta property=\"og:locale\" content=\"en_GB\" \/>\n<meta property=\"og:type\" content=\"article\" \/>\n<meta property=\"og:title\" content=\"Asoci\u00e1cia stredn\u00fdch odborn\u00fdch \u0161k\u00f4l na vzdel\u00e1vacej mobilite v Prahe - \u0160IOV - \u0161t\u00e1tny in\u0161tit\u00fat odborn\u00e9ho vzdel\u00e1vania\" \/>\n<meta property=\"og:description\" content=\"Po\u010das m\u00e1jovej vzdel\u00e1vacej mobility zamierili na\u0161i kolegovia z\u00a0Asoci\u00e1cie stredn\u00fdch odborn\u00fdch \u0161k\u00f4l Slovenska\u00a0na\u00a0Sm\u00edchovsk\u00fa st\u0159edn\u00ed pr\u016fmyslov\u00fa \u0161kolu a\u00a0gymn\u00e1zium v\u00a0Prahe. Hlavn\u00fdm d\u00f4vodom v\u00fdberu hos\u0165uj\u00facej organiz\u00e1cie bolo jej renom\u00e9 o\u00a0zap\u00e1jan\u00ed \u017eiakov a\u00a0absolventov do chodu \u0161koly nad r\u00e1mec klasick\u00e9ho vyu\u010dovania. \u00da\u010dastn\u00edci vzdel\u00e1vacej mobility mali mo\u017enos\u0165 za\u017ei\u0165 viac ako ka\u017edodenn\u00fd chod \u0161koly. Trojd\u0148ov\u00e1 mobilita toti\u017e prebiehala po\u010das \u00fastnych maturitn\u00fdch sk\u00fa\u0161ok. Sm\u00edchovsk\u00e1 [&hellip;]\" \/>\n<meta property=\"og:url\" content=\"https:\/\/archiv.siov.sk\/en\/asociacia-strednych-odbornych-skol-na-vzdelavacej-mobilite-v-prahe\/\" \/>\n<meta property=\"og:site_name\" content=\"\u0160IOV - \u0161t\u00e1tny in\u0161tit\u00fat odborn\u00e9ho vzdel\u00e1vania\" \/>\n<meta property=\"article:publisher\" content=\"https:\/\/www.facebook.com\/Statnyinstitutodbornehovzdelavania\" \/>\n<meta property=\"article:published_time\" content=\"2023-05-03T16:58:31+00:00\" \/>\n<meta property=\"article:modified_time\" content=\"2024-07-21T17:00:47+00:00\" \/>\n<meta property=\"og:image\" content=\"https:\/\/archiv.siov.sk\/wp-content\/uploads\/2024\/07\/mobilita_praha.jpg\" \/>\n\t<meta property=\"og:image:width\" content=\"950\" \/>\n\t<meta property=\"og:image:height\" content=\"725\" \/>\n\t<meta property=\"og:image:type\" content=\"image\/jpeg\" \/>\n<meta name=\"author\" content=\"Gabriela Budayov\u00e1\" \/>\n<meta name=\"twitter:card\" content=\"summary_large_image\" \/>\n<meta name=\"twitter:label1\" content=\"Written by\" \/>\n\t<meta name=\"twitter:data1\" content=\"Gabriela Budayov\u00e1\" \/>\n\t<meta name=\"twitter:label2\" content=\"Estimated reading time\" \/>\n\t<meta name=\"twitter:data2\" content=\"2 minutes\" \/>\n<script type=\"application\/ld+json\" class=\"yoast-schema-graph\">{\"@context\":\"https:\\\/\\\/schema.org\",\"@graph\":[{\"@type\":\"Article\",\"@id\":\"https:\\\/\\\/archiv.siov.sk\\\/asociacia-strednych-odbornych-skol-na-vzdelavacej-mobilite-v-prahe\\\/#article\",\"isPartOf\":{\"@id\":\"https:\\\/\\\/archiv.siov.sk\\\/asociacia-strednych-odbornych-skol-na-vzdelavacej-mobilite-v-prahe\\\/\"},\"author\":{\"name\":\"Gabriela Budayov\u00e1\",\"@id\":\"https:\\\/\\\/archiv.siov.sk\\\/#\\\/schema\\\/person\\\/2d35146a9c0fa51b027e8ff319cee627\"},\"headline\":\"Asoci\u00e1cia stredn\u00fdch odborn\u00fdch \u0161k\u00f4l na vzdel\u00e1vacej mobilite v Prahe\",\"datePublished\":\"2023-05-03T16:58:31+00:00\",\"dateModified\":\"2024-07-21T17:00:47+00:00\",\"mainEntityOfPage\":{\"@id\":\"https:\\\/\\\/archiv.siov.sk\\\/asociacia-strednych-odbornych-skol-na-vzdelavacej-mobilite-v-prahe\\\/\"},\"wordCount\":258,\"publisher\":{\"@id\":\"https:\\\/\\\/archiv.siov.sk\\\/#organization\"},\"image\":{\"@id\":\"https:\\\/\\\/archiv.siov.sk\\\/asociacia-strednych-odbornych-skol-na-vzdelavacej-mobilite-v-prahe\\\/#primaryimage\"},\"thumbnailUrl\":\"https:\\\/\\\/archiv.siov.sk\\\/wp-content\\\/uploads\\\/2024\\\/07\\\/mobilita_praha.jpg\",\"articleSection\":[\"Erasmus+\"],\"inLanguage\":\"en-GB\"},{\"@type\":\"WebPage\",\"@id\":\"https:\\\/\\\/archiv.siov.sk\\\/asociacia-strednych-odbornych-skol-na-vzdelavacej-mobilite-v-prahe\\\/\",\"url\":\"https:\\\/\\\/archiv.siov.sk\\\/asociacia-strednych-odbornych-skol-na-vzdelavacej-mobilite-v-prahe\\\/\",\"name\":\"Asoci\u00e1cia stredn\u00fdch odborn\u00fdch \u0161k\u00f4l na vzdel\u00e1vacej mobilite v Prahe - \u0160IOV - \u0161t\u00e1tny in\u0161tit\u00fat odborn\u00e9ho vzdel\u00e1vania\",\"isPartOf\":{\"@id\":\"https:\\\/\\\/archiv.siov.sk\\\/#website\"},\"primaryImageOfPage\":{\"@id\":\"https:\\\/\\\/archiv.siov.sk\\\/asociacia-strednych-odbornych-skol-na-vzdelavacej-mobilite-v-prahe\\\/#primaryimage\"},\"image\":{\"@id\":\"https:\\\/\\\/archiv.siov.sk\\\/asociacia-strednych-odbornych-skol-na-vzdelavacej-mobilite-v-prahe\\\/#primaryimage\"},\"thumbnailUrl\":\"https:\\\/\\\/archiv.siov.sk\\\/wp-content\\\/uploads\\\/2024\\\/07\\\/mobilita_praha.jpg\",\"datePublished\":\"2023-05-03T16:58:31+00:00\",\"dateModified\":\"2024-07-21T17:00:47+00:00\",\"breadcrumb\":{\"@id\":\"https:\\\/\\\/archiv.siov.sk\\\/asociacia-strednych-odbornych-skol-na-vzdelavacej-mobilite-v-prahe\\\/#breadcrumb\"},\"inLanguage\":\"en-GB\",\"potentialAction\":[{\"@type\":\"ReadAction\",\"target\":[\"https:\\\/\\\/archiv.siov.sk\\\/asociacia-strednych-odbornych-skol-na-vzdelavacej-mobilite-v-prahe\\\/\"]}]},{\"@type\":\"ImageObject\",\"inLanguage\":\"en-GB\",\"@id\":\"https:\\\/\\\/archiv.siov.sk\\\/asociacia-strednych-odbornych-skol-na-vzdelavacej-mobilite-v-prahe\\\/#primaryimage\",\"url\":\"https:\\\/\\\/archiv.siov.sk\\\/wp-content\\\/uploads\\\/2024\\\/07\\\/mobilita_praha.jpg\",\"contentUrl\":\"https:\\\/\\\/archiv.siov.sk\\\/wp-content\\\/uploads\\\/2024\\\/07\\\/mobilita_praha.jpg\",\"width\":950,\"height\":725,\"caption\":\"citat Jan Werich\"},{\"@type\":\"BreadcrumbList\",\"@id\":\"https:\\\/\\\/archiv.siov.sk\\\/asociacia-strednych-odbornych-skol-na-vzdelavacej-mobilite-v-prahe\\\/#breadcrumb\",\"itemListElement\":[{\"@type\":\"ListItem\",\"position\":1,\"name\":\"Home\",\"item\":\"https:\\\/\\\/archiv.siov.sk\\\/\"},{\"@type\":\"ListItem\",\"position\":2,\"name\":\"Asoci\u00e1cia stredn\u00fdch odborn\u00fdch \u0161k\u00f4l na vzdel\u00e1vacej mobilite v Prahe\"}]},{\"@type\":\"WebSite\",\"@id\":\"https:\\\/\\\/archiv.siov.sk\\\/#website\",\"url\":\"https:\\\/\\\/archiv.siov.sk\\\/\",\"name\":\"\u0160IOV - \u0161t\u00e1tny in\u0161tit\u00fat odborn\u00e9ho vzdel\u00e1vania\",\"description\":\"\",\"publisher\":{\"@id\":\"https:\\\/\\\/archiv.siov.sk\\\/#organization\"},\"potentialAction\":[{\"@type\":\"SearchAction\",\"target\":{\"@type\":\"EntryPoint\",\"urlTemplate\":\"https:\\\/\\\/archiv.siov.sk\\\/?s={search_term_string}\"},\"query-input\":{\"@type\":\"PropertyValueSpecification\",\"valueRequired\":true,\"valueName\":\"search_term_string\"}}],\"inLanguage\":\"en-GB\"},{\"@type\":\"Organization\",\"@id\":\"https:\\\/\\\/archiv.siov.sk\\\/#organization\",\"name\":\"\u0160IOV - \u0161t\u00e1tny in\u0161tit\u00fat odborn\u00e9ho vzdel\u00e1vania\",\"url\":\"https:\\\/\\\/archiv.siov.sk\\\/\",\"logo\":{\"@type\":\"ImageObject\",\"inLanguage\":\"en-GB\",\"@id\":\"https:\\\/\\\/archiv.siov.sk\\\/#\\\/schema\\\/logo\\\/image\\\/\",\"url\":\"https:\\\/\\\/archiv.siov.sk\\\/wp-content\\\/uploads\\\/2024\\\/02\\\/logo-SIOV.png\",\"contentUrl\":\"https:\\\/\\\/archiv.siov.sk\\\/wp-content\\\/uploads\\\/2024\\\/02\\\/logo-SIOV.png\",\"width\":431,\"height\":143,\"caption\":\"\u0160IOV - \u0161t\u00e1tny in\u0161tit\u00fat odborn\u00e9ho vzdel\u00e1vania\"},\"image\":{\"@id\":\"https:\\\/\\\/archiv.siov.sk\\\/#\\\/schema\\\/logo\\\/image\\\/\"},\"sameAs\":[\"https:\\\/\\\/www.facebook.com\\\/Statnyinstitutodbornehovzdelavania\"]},{\"@type\":\"Person\",\"@id\":\"https:\\\/\\\/archiv.siov.sk\\\/#\\\/schema\\\/person\\\/2d35146a9c0fa51b027e8ff319cee627\",\"name\":\"Gabriela Budayov\u00e1\",\"url\":\"https:\\\/\\\/archiv.siov.sk\\\/en\\\/author\\\/gabriela-budayova\\\/\"}]}<\/script>\n<!-- \/ Yoast SEO plugin. -->","yoast_head_json":{"title":"Asoci\u00e1cia stredn\u00fdch odborn\u00fdch \u0161k\u00f4l na vzdel\u00e1vacej mobilite v Prahe - \u0160IOV - \u0161t\u00e1tny in\u0161tit\u00fat odborn\u00e9ho vzdel\u00e1vania","robots":{"index":"index","follow":"follow","max-snippet":"max-snippet:-1","max-image-preview":"max-image-preview:large","max-video-preview":"max-video-preview:-1"},"canonical":"https:\/\/archiv.siov.sk\/en\/asociacia-strednych-odbornych-skol-na-vzdelavacej-mobilite-v-prahe\/","og_locale":"en_GB","og_type":"article","og_title":"Asoci\u00e1cia stredn\u00fdch odborn\u00fdch \u0161k\u00f4l na vzdel\u00e1vacej mobilite v Prahe - \u0160IOV - \u0161t\u00e1tny in\u0161tit\u00fat odborn\u00e9ho vzdel\u00e1vania","og_description":"Po\u010das m\u00e1jovej vzdel\u00e1vacej mobility zamierili na\u0161i kolegovia z\u00a0Asoci\u00e1cie stredn\u00fdch odborn\u00fdch \u0161k\u00f4l Slovenska\u00a0na\u00a0Sm\u00edchovsk\u00fa st\u0159edn\u00ed pr\u016fmyslov\u00fa \u0161kolu a\u00a0gymn\u00e1zium v\u00a0Prahe. Hlavn\u00fdm d\u00f4vodom v\u00fdberu hos\u0165uj\u00facej organiz\u00e1cie bolo jej renom\u00e9 o\u00a0zap\u00e1jan\u00ed \u017eiakov a\u00a0absolventov do chodu \u0161koly nad r\u00e1mec klasick\u00e9ho vyu\u010dovania. \u00da\u010dastn\u00edci vzdel\u00e1vacej mobility mali mo\u017enos\u0165 za\u017ei\u0165 viac ako ka\u017edodenn\u00fd chod \u0161koly. Trojd\u0148ov\u00e1 mobilita toti\u017e prebiehala po\u010das \u00fastnych maturitn\u00fdch sk\u00fa\u0161ok. Sm\u00edchovsk\u00e1 [&hellip;]","og_url":"https:\/\/archiv.siov.sk\/en\/asociacia-strednych-odbornych-skol-na-vzdelavacej-mobilite-v-prahe\/","og_site_name":"\u0160IOV - \u0161t\u00e1tny in\u0161tit\u00fat odborn\u00e9ho vzdel\u00e1vania","article_publisher":"https:\/\/www.facebook.com\/Statnyinstitutodbornehovzdelavania","article_published_time":"2023-05-03T16:58:31+00:00","article_modified_time":"2024-07-21T17:00:47+00:00","og_image":[{"width":950,"height":725,"url":"https:\/\/archiv.siov.sk\/wp-content\/uploads\/2024\/07\/mobilita_praha.jpg","type":"image\/jpeg"}],"author":"Gabriela Budayov\u00e1","twitter_card":"summary_large_image","twitter_misc":{"Written by":"Gabriela Budayov\u00e1","Estimated reading time":"2 minutes"},"schema":{"@context":"https:\/\/schema.org","@graph":[{"@type":"Article","@id":"https:\/\/archiv.siov.sk\/asociacia-strednych-odbornych-skol-na-vzdelavacej-mobilite-v-prahe\/#article","isPartOf":{"@id":"https:\/\/archiv.siov.sk\/asociacia-strednych-odbornych-skol-na-vzdelavacej-mobilite-v-prahe\/"},"author":{"name":"Gabriela Budayov\u00e1","@id":"https:\/\/archiv.siov.sk\/#\/schema\/person\/2d35146a9c0fa51b027e8ff319cee627"},"headline":"Asoci\u00e1cia stredn\u00fdch odborn\u00fdch \u0161k\u00f4l na vzdel\u00e1vacej mobilite v Prahe","datePublished":"2023-05-03T16:58:31+00:00","dateModified":"2024-07-21T17:00:47+00:00","mainEntityOfPage":{"@id":"https:\/\/archiv.siov.sk\/asociacia-strednych-odbornych-skol-na-vzdelavacej-mobilite-v-prahe\/"},"wordCount":258,"publisher":{"@id":"https:\/\/archiv.siov.sk\/#organization"},"image":{"@id":"https:\/\/archiv.siov.sk\/asociacia-strednych-odbornych-skol-na-vzdelavacej-mobilite-v-prahe\/#primaryimage"},"thumbnailUrl":"https:\/\/archiv.siov.sk\/wp-content\/uploads\/2024\/07\/mobilita_praha.jpg","articleSection":["Erasmus+"],"inLanguage":"en-GB"},{"@type":"WebPage","@id":"https:\/\/archiv.siov.sk\/asociacia-strednych-odbornych-skol-na-vzdelavacej-mobilite-v-prahe\/","url":"https:\/\/archiv.siov.sk\/asociacia-strednych-odbornych-skol-na-vzdelavacej-mobilite-v-prahe\/","name":"Asoci\u00e1cia stredn\u00fdch odborn\u00fdch \u0161k\u00f4l na vzdel\u00e1vacej mobilite v Prahe - \u0160IOV - \u0161t\u00e1tny in\u0161tit\u00fat odborn\u00e9ho vzdel\u00e1vania","isPartOf":{"@id":"https:\/\/archiv.siov.sk\/#website"},"primaryImageOfPage":{"@id":"https:\/\/archiv.siov.sk\/asociacia-strednych-odbornych-skol-na-vzdelavacej-mobilite-v-prahe\/#primaryimage"},"image":{"@id":"https:\/\/archiv.siov.sk\/asociacia-strednych-odbornych-skol-na-vzdelavacej-mobilite-v-prahe\/#primaryimage"},"thumbnailUrl":"https:\/\/archiv.siov.sk\/wp-content\/uploads\/2024\/07\/mobilita_praha.jpg","datePublished":"2023-05-03T16:58:31+00:00","dateModified":"2024-07-21T17:00:47+00:00","breadcrumb":{"@id":"https:\/\/archiv.siov.sk\/asociacia-strednych-odbornych-skol-na-vzdelavacej-mobilite-v-prahe\/#breadcrumb"},"inLanguage":"en-GB","potentialAction":[{"@type":"ReadAction","target":["https:\/\/archiv.siov.sk\/asociacia-strednych-odbornych-skol-na-vzdelavacej-mobilite-v-prahe\/"]}]},{"@type":"ImageObject","inLanguage":"en-GB","@id":"https:\/\/archiv.siov.sk\/asociacia-strednych-odbornych-skol-na-vzdelavacej-mobilite-v-prahe\/#primaryimage","url":"https:\/\/archiv.siov.sk\/wp-content\/uploads\/2024\/07\/mobilita_praha.jpg","contentUrl":"https:\/\/archiv.siov.sk\/wp-content\/uploads\/2024\/07\/mobilita_praha.jpg","width":950,"height":725,"caption":"citat Jan Werich"},{"@type":"BreadcrumbList","@id":"https:\/\/archiv.siov.sk\/asociacia-strednych-odbornych-skol-na-vzdelavacej-mobilite-v-prahe\/#breadcrumb","itemListElement":[{"@type":"ListItem","position":1,"name":"Home","item":"https:\/\/archiv.siov.sk\/"},{"@type":"ListItem","position":2,"name":"Asoci\u00e1cia stredn\u00fdch odborn\u00fdch \u0161k\u00f4l na vzdel\u00e1vacej mobilite v Prahe"}]},{"@type":"WebSite","@id":"https:\/\/archiv.siov.sk\/#website","url":"https:\/\/archiv.siov.sk\/","name":"\u0160IOV - \u0161t\u00e1tny in\u0161tit\u00fat odborn\u00e9ho vzdel\u00e1vania","description":"","publisher":{"@id":"https:\/\/archiv.siov.sk\/#organization"},"potentialAction":[{"@type":"SearchAction","target":{"@type":"EntryPoint","urlTemplate":"https:\/\/archiv.siov.sk\/?s={search_term_string}"},"query-input":{"@type":"PropertyValueSpecification","valueRequired":true,"valueName":"search_term_string"}}],"inLanguage":"en-GB"},{"@type":"Organization","@id":"https:\/\/archiv.siov.sk\/#organization","name":"\u0160IOV - \u0161t\u00e1tny in\u0161tit\u00fat odborn\u00e9ho vzdel\u00e1vania","url":"https:\/\/archiv.siov.sk\/","logo":{"@type":"ImageObject","inLanguage":"en-GB","@id":"https:\/\/archiv.siov.sk\/#\/schema\/logo\/image\/","url":"https:\/\/archiv.siov.sk\/wp-content\/uploads\/2024\/02\/logo-SIOV.png","contentUrl":"https:\/\/archiv.siov.sk\/wp-content\/uploads\/2024\/02\/logo-SIOV.png","width":431,"height":143,"caption":"\u0160IOV - \u0161t\u00e1tny in\u0161tit\u00fat odborn\u00e9ho vzdel\u00e1vania"},"image":{"@id":"https:\/\/archiv.siov.sk\/#\/schema\/logo\/image\/"},"sameAs":["https:\/\/www.facebook.com\/Statnyinstitutodbornehovzdelavania"]},{"@type":"Person","@id":"https:\/\/archiv.siov.sk\/#\/schema\/person\/2d35146a9c0fa51b027e8ff319cee627","name":"Gabriela Budayov\u00e1","url":"https:\/\/archiv.siov.sk\/en\/author\/gabriela-budayova\/"}]}},"_links":{"self":[{"href":"https:\/\/archiv.siov.sk\/en\/wp-json\/wp\/v2\/posts\/16191","targetHints":{"allow":["GET"]}}],"collection":[{"href":"https:\/\/archiv.siov.sk\/en\/wp-json\/wp\/v2\/posts"}],"about":[{"href":"https:\/\/archiv.siov.sk\/en\/wp-json\/wp\/v2\/types\/post"}],"author":[{"embeddable":true,"href":"https:\/\/archiv.siov.sk\/en\/wp-json\/wp\/v2\/users\/10"}],"replies":[{"embeddable":true,"href":"https:\/\/archiv.siov.sk\/en\/wp-json\/wp\/v2\/comments?post=16191"}],"version-history":[{"count":3,"href":"https:\/\/archiv.siov.sk\/en\/wp-json\/wp\/v2\/posts\/16191\/revisions"}],"predecessor-version":[{"id":16194,"href":"https:\/\/archiv.siov.sk\/en\/wp-json\/wp\/v2\/posts\/16191\/revisions\/16194"}],"wp:featuredmedia":[{"embeddable":true,"href":"https:\/\/archiv.siov.sk\/en\/wp-json\/wp\/v2\/media\/16188"}],"wp:attachment":[{"href":"https:\/\/archiv.siov.sk\/en\/wp-json\/wp\/v2\/media?parent=16191"}],"wp:term":[{"taxonomy":"category","embeddable":true,"href":"https:\/\/archiv.siov.sk\/en\/wp-json\/wp\/v2\/categories?post=16191"},{"taxonomy":"post_tag","embeddable":true,"href":"https:\/\/archiv.siov.sk\/en\/wp-json\/wp\/v2\/tags?post=16191"}],"curies":[{"name":"wp","href":"https:\/\/api.w.org\/{rel}","templated":true}]}}