{"id":16184,"date":"2023-04-03T08:50:22","date_gmt":"2023-04-03T06:50:22","guid":{"rendered":"https:\/\/archiv.siov.sk\/?p=16184"},"modified":"2024-07-21T18:52:54","modified_gmt":"2024-07-21T16:52:54","slug":"tknika-open-days-prostrednictvom-vzdelavacej-mobility-erasmus","status":"publish","type":"post","link":"https:\/\/archiv.siov.sk\/en\/tknika-open-days-prostrednictvom-vzdelavacej-mobility-erasmus\/","title":{"rendered":"TKNIKA Open Days prostredn\u00edctvom vzdel\u00e1vacej mobility Erasmus+"},"content":{"rendered":"<p>Hlavn\u00fdm bodom programu boli TKNIKA OPEN DAYS, ktor\u00fdch sa z\u00fa\u010dastnili \u0161tyria pedag\u00f3govia z\u00a0<a href=\"https:\/\/www.asoss.sk\/\">Asoci\u00e1cie stredn\u00fdch odborn\u00fdch \u0161k\u00f4l Slovenska<\/a>\u00a0v\u00a0d\u0148och 27. \u2013 29. marca 2023.\u00a0<a href=\"https:\/\/tknika.eus\/en\/\">TKNIKA<\/a>\u00a0je Baskick\u00e9 centrum aplikovan\u00e9ho v\u00fdskumu patriace pod Ministerstvo pre odborn\u00e9 vzdel\u00e1vanie a pr\u00edpravu a Ministerstvo \u0161kolstva baskickej vl\u00e1dy.<\/p>\n<p>Inov\u00e1cie a aplikovan\u00fd v\u00fdskum s\u00fa jadrom Tknika v jej pokra\u010duj\u00facom \u00fasil\u00ed umiestni\u0165 baskick\u00e9 odborn\u00e9 vzdel\u00e1vanie na popredn\u00e9 miesto v Eur\u00f3pe. Tknika je mo\u017en\u00e9 pova\u017eova\u0165 za najpokrokovej\u0161ie centrum odborn\u00e9ho vzdel\u00e1vania v\u00a0Eur\u00f3pe.<\/p>\n<p>Centrum rozv\u00edja inovat\u00edvne projekty v oblasti technol\u00f3gie, vzdel\u00e1vania a\u00a0mana\u017ementu, a to prostredn\u00edctvom vytv\u00e1rania siet\u00ed a priameho zapojenia u\u010dite\u013esk\u00e9ho zboru z\u00a0OVP v\u00a0Baskickom regi\u00f3ne.<\/p>\n<p><img fetchpriority=\"high\" decoding=\"async\" class=\"alignnone size-medium wp-image-16183\" src=\"https:\/\/archiv.siov.sk\/wp-content\/uploads\/2024\/07\/Tknika_openDays-mobilita_siov-300x243.jpeg\" alt=\"Centrum odborn\u00e9ho vzdel\u00e1vania TKNIKA\" width=\"300\" height=\"243\" srcset=\"https:\/\/archiv.siov.sk\/wp-content\/uploads\/2024\/07\/Tknika_openDays-mobilita_siov-300x243.jpeg 300w, https:\/\/archiv.siov.sk\/wp-content\/uploads\/2024\/07\/Tknika_openDays-mobilita_siov-15x12.jpeg 15w, https:\/\/archiv.siov.sk\/wp-content\/uploads\/2024\/07\/Tknika_openDays-mobilita_siov.jpeg 724w\" sizes=\"(max-width: 300px) 100vw, 300px\" \/><\/p>\n<ol class=\"wp-block-list\" type=\"1\">\n<li>de\u0148 TKNIKA Open Days bol venovan\u00fd predstaveniu TKNIKA, ich \u010dinnost\u00ed a\u00a0d\u00f4le\u017eitosti v\u00a0rozvoji odborn\u00e9ho vzdel\u00e1vania v\u00a0kraji.<\/li>\n<li>de\u0148 \u00fa\u010dastn\u00edci str\u00e1vili v\u00a0\u0161kole CIPF Tolosaldea LHII, ktor\u00e1 sa zameriava najm\u00e4 na v\u00fdrobn\u00e9 procesy v\u00a0r\u00f4znych odvetviach priemyslu.<\/li>\n<li>de\u0148 nav\u0161t\u00edvili \u0160kolu CIFP Usurbill LHII, ktor\u00e1 \u00fa\u010dastn\u00edkom prezentovala pl\u00e1novanie a\u00a0organizovanie odborn\u00e9ho vyu\u010dovania v\u00a0Baskickom kraji, vz\u00e1jomn\u00e9 zdie\u013eanie priestorov, zariaden\u00ed, ako aj vedomost\u00ed u\u010dite\u013eov v\u00a0konkr\u00e9tnych odboroch.<\/li>\n<\/ol>\n<p>Program TKNIKA Open Days bol ve\u013emi bohat\u00fd, r\u00f4znorod\u00fd a\u00a0nesmierne in\u0161pirat\u00edvny pre \u010fal\u0161\u00ed rozvoj odborn\u00e9ho vzdel\u00e1vania na Slovensku.<\/p>\n<p><img decoding=\"async\" class=\"alignnone size-medium wp-image-16181\" src=\"https:\/\/archiv.siov.sk\/wp-content\/uploads\/2024\/07\/SIOV_ASOSS-300x40.jpg\" alt=\"logo_siov_asoss\" width=\"300\" height=\"40\" srcset=\"https:\/\/archiv.siov.sk\/wp-content\/uploads\/2024\/07\/SIOV_ASOSS-300x40.jpg 300w, https:\/\/archiv.siov.sk\/wp-content\/uploads\/2024\/07\/SIOV_ASOSS-18x2.jpg 18w, https:\/\/archiv.siov.sk\/wp-content\/uploads\/2024\/07\/SIOV_ASOSS.jpg 751w\" sizes=\"(max-width: 300px) 100vw, 300px\" \/><\/p>","protected":false},"excerpt":{"rendered":"<p>Hlavn\u00fdm bodom programu boli TKNIKA OPEN DAYS, ktor\u00fdch sa z\u00fa\u010dastnili \u0161tyria pedag\u00f3govia z\u00a0Asoci\u00e1cie stredn\u00fdch odborn\u00fdch \u0161k\u00f4l Slovenska\u00a0v\u00a0d\u0148och 27. \u2013 29. marca 2023.\u00a0TKNIKA\u00a0je Baskick\u00e9 centrum aplikovan\u00e9ho v\u00fdskumu patriace pod Ministerstvo pre odborn\u00e9 vzdel\u00e1vanie a pr\u00edpravu a Ministerstvo \u0161kolstva baskickej vl\u00e1dy. Inov\u00e1cie a aplikovan\u00fd v\u00fdskum s\u00fa jadrom Tknika v jej pokra\u010duj\u00facom \u00fasil\u00ed umiestni\u0165 baskick\u00e9 odborn\u00e9 vzdel\u00e1vanie na [&hellip;]<\/p>\n","protected":false},"author":10,"featured_media":16182,"comment_status":"closed","ping_status":"closed","sticky":false,"template":"","format":"standard","meta":{"site-sidebar-layout":"default","site-content-layout":"","ast-site-content-layout":"default","site-content-style":"default","site-sidebar-style":"default","ast-global-header-display":"","ast-banner-title-visibility":"","ast-main-header-display":"","ast-hfb-above-header-display":"","ast-hfb-below-header-display":"","ast-hfb-mobile-header-display":"","site-post-title":"","ast-breadcrumbs-content":"","ast-featured-img":"","footer-sml-layout":"","ast-disable-related-posts":"","theme-transparent-header-meta":"default","adv-header-id-meta":"","stick-header-meta":"default","header-above-stick-meta":"","header-main-stick-meta":"","header-below-stick-meta":"","astra-migrate-meta-layouts":"set","ast-page-background-enabled":"default","ast-page-background-meta":{"desktop":{"background-color":"var(--ast-global-color-4)","background-image":"","background-repeat":"repeat","background-position":"center center","background-size":"auto","background-attachment":"scroll","background-type":"","background-media":"","overlay-type":"","overlay-color":"","overlay-opacity":"","overlay-gradient":""},"tablet":{"background-color":"","background-image":"","background-repeat":"repeat","background-position":"center center","background-size":"auto","background-attachment":"scroll","background-type":"","background-media":"","overlay-type":"","overlay-color":"","overlay-opacity":"","overlay-gradient":""},"mobile":{"background-color":"","background-image":"","background-repeat":"repeat","background-position":"center center","background-size":"auto","background-attachment":"scroll","background-type":"","background-media":"","overlay-type":"","overlay-color":"","overlay-opacity":"","overlay-gradient":""}},"ast-content-background-meta":{"desktop":{"background-color":"var(--ast-global-color-5)","background-image":"","background-repeat":"repeat","background-position":"center center","background-size":"auto","background-attachment":"scroll","background-type":"","background-media":"","overlay-type":"","overlay-color":"","overlay-opacity":"","overlay-gradient":""},"tablet":{"background-color":"var(--ast-global-color-5)","background-image":"","background-repeat":"repeat","background-position":"center center","background-size":"auto","background-attachment":"scroll","background-type":"","background-media":"","overlay-type":"","overlay-color":"","overlay-opacity":"","overlay-gradient":""},"mobile":{"background-color":"var(--ast-global-color-5)","background-image":"","background-repeat":"repeat","background-position":"center center","background-size":"auto","background-attachment":"scroll","background-type":"","background-media":"","overlay-type":"","overlay-color":"","overlay-opacity":"","overlay-gradient":""}},"footnotes":""},"categories":[25],"tags":[],"class_list":["post-16184","post","type-post","status-publish","format-standard","has-post-thumbnail","hentry","category-erasmusplus"],"yoast_head":"<!-- This site is optimized with the Yoast SEO plugin v27.5 - https:\/\/yoast.com\/product\/yoast-seo-wordpress\/ -->\n<title>TKNIKA Open Days prostredn\u00edctvom vzdel\u00e1vacej mobility Erasmus+ - \u0160IOV - \u0161t\u00e1tny in\u0161tit\u00fat odborn\u00e9ho vzdel\u00e1vania<\/title>\n<meta name=\"robots\" content=\"index, follow, max-snippet:-1, max-image-preview:large, max-video-preview:-1\" \/>\n<link rel=\"canonical\" href=\"https:\/\/archiv.siov.sk\/en\/tknika-open-days-prostrednictvom-vzdelavacej-mobility-erasmus\/\" \/>\n<meta property=\"og:locale\" content=\"en_GB\" \/>\n<meta property=\"og:type\" content=\"article\" \/>\n<meta property=\"og:title\" content=\"TKNIKA Open Days prostredn\u00edctvom vzdel\u00e1vacej mobility Erasmus+ - \u0160IOV - \u0161t\u00e1tny in\u0161tit\u00fat odborn\u00e9ho vzdel\u00e1vania\" \/>\n<meta property=\"og:description\" content=\"Hlavn\u00fdm bodom programu boli TKNIKA OPEN DAYS, ktor\u00fdch sa z\u00fa\u010dastnili \u0161tyria pedag\u00f3govia z\u00a0Asoci\u00e1cie stredn\u00fdch odborn\u00fdch \u0161k\u00f4l Slovenska\u00a0v\u00a0d\u0148och 27. \u2013 29. marca 2023.\u00a0TKNIKA\u00a0je Baskick\u00e9 centrum aplikovan\u00e9ho v\u00fdskumu patriace pod Ministerstvo pre odborn\u00e9 vzdel\u00e1vanie a pr\u00edpravu a Ministerstvo \u0161kolstva baskickej vl\u00e1dy. Inov\u00e1cie a aplikovan\u00fd v\u00fdskum s\u00fa jadrom Tknika v jej pokra\u010duj\u00facom \u00fasil\u00ed umiestni\u0165 baskick\u00e9 odborn\u00e9 vzdel\u00e1vanie na [&hellip;]\" \/>\n<meta property=\"og:url\" content=\"https:\/\/archiv.siov.sk\/en\/tknika-open-days-prostrednictvom-vzdelavacej-mobility-erasmus\/\" \/>\n<meta property=\"og:site_name\" content=\"\u0160IOV - \u0161t\u00e1tny in\u0161tit\u00fat odborn\u00e9ho vzdel\u00e1vania\" \/>\n<meta property=\"article:publisher\" content=\"https:\/\/www.facebook.com\/Statnyinstitutodbornehovzdelavania\" \/>\n<meta property=\"article:published_time\" content=\"2023-04-03T06:50:22+00:00\" \/>\n<meta property=\"article:modified_time\" content=\"2024-07-21T16:52:54+00:00\" \/>\n<meta property=\"og:image\" content=\"https:\/\/archiv.siov.sk\/wp-content\/uploads\/2024\/07\/Tknika_OD.jpg\" \/>\n\t<meta property=\"og:image:width\" content=\"688\" \/>\n\t<meta property=\"og:image:height\" content=\"634\" \/>\n\t<meta property=\"og:image:type\" content=\"image\/jpeg\" \/>\n<meta name=\"author\" content=\"Gabriela Budayov\u00e1\" \/>\n<meta name=\"twitter:card\" content=\"summary_large_image\" \/>\n<meta name=\"twitter:label1\" content=\"Written by\" \/>\n\t<meta name=\"twitter:data1\" content=\"Gabriela Budayov\u00e1\" \/>\n\t<meta name=\"twitter:label2\" content=\"Estimated reading time\" \/>\n\t<meta name=\"twitter:data2\" content=\"2 minutes\" \/>\n<script type=\"application\/ld+json\" class=\"yoast-schema-graph\">{\"@context\":\"https:\\\/\\\/schema.org\",\"@graph\":[{\"@type\":\"Article\",\"@id\":\"https:\\\/\\\/archiv.siov.sk\\\/tknika-open-days-prostrednictvom-vzdelavacej-mobility-erasmus\\\/#article\",\"isPartOf\":{\"@id\":\"https:\\\/\\\/archiv.siov.sk\\\/tknika-open-days-prostrednictvom-vzdelavacej-mobility-erasmus\\\/\"},\"author\":{\"name\":\"Gabriela Budayov\u00e1\",\"@id\":\"https:\\\/\\\/archiv.siov.sk\\\/#\\\/schema\\\/person\\\/2d35146a9c0fa51b027e8ff319cee627\"},\"headline\":\"TKNIKA Open Days prostredn\u00edctvom vzdel\u00e1vacej mobility Erasmus+\",\"datePublished\":\"2023-04-03T06:50:22+00:00\",\"dateModified\":\"2024-07-21T16:52:54+00:00\",\"mainEntityOfPage\":{\"@id\":\"https:\\\/\\\/archiv.siov.sk\\\/tknika-open-days-prostrednictvom-vzdelavacej-mobility-erasmus\\\/\"},\"wordCount\":250,\"publisher\":{\"@id\":\"https:\\\/\\\/archiv.siov.sk\\\/#organization\"},\"image\":{\"@id\":\"https:\\\/\\\/archiv.siov.sk\\\/tknika-open-days-prostrednictvom-vzdelavacej-mobility-erasmus\\\/#primaryimage\"},\"thumbnailUrl\":\"https:\\\/\\\/archiv.siov.sk\\\/wp-content\\\/uploads\\\/2024\\\/07\\\/Tknika_OD.jpg\",\"articleSection\":[\"Erasmus+\"],\"inLanguage\":\"en-GB\"},{\"@type\":\"WebPage\",\"@id\":\"https:\\\/\\\/archiv.siov.sk\\\/tknika-open-days-prostrednictvom-vzdelavacej-mobility-erasmus\\\/\",\"url\":\"https:\\\/\\\/archiv.siov.sk\\\/tknika-open-days-prostrednictvom-vzdelavacej-mobility-erasmus\\\/\",\"name\":\"TKNIKA Open Days prostredn\u00edctvom vzdel\u00e1vacej mobility Erasmus+ - \u0160IOV - \u0161t\u00e1tny in\u0161tit\u00fat odborn\u00e9ho vzdel\u00e1vania\",\"isPartOf\":{\"@id\":\"https:\\\/\\\/archiv.siov.sk\\\/#website\"},\"primaryImageOfPage\":{\"@id\":\"https:\\\/\\\/archiv.siov.sk\\\/tknika-open-days-prostrednictvom-vzdelavacej-mobility-erasmus\\\/#primaryimage\"},\"image\":{\"@id\":\"https:\\\/\\\/archiv.siov.sk\\\/tknika-open-days-prostrednictvom-vzdelavacej-mobility-erasmus\\\/#primaryimage\"},\"thumbnailUrl\":\"https:\\\/\\\/archiv.siov.sk\\\/wp-content\\\/uploads\\\/2024\\\/07\\\/Tknika_OD.jpg\",\"datePublished\":\"2023-04-03T06:50:22+00:00\",\"dateModified\":\"2024-07-21T16:52:54+00:00\",\"breadcrumb\":{\"@id\":\"https:\\\/\\\/archiv.siov.sk\\\/tknika-open-days-prostrednictvom-vzdelavacej-mobility-erasmus\\\/#breadcrumb\"},\"inLanguage\":\"en-GB\",\"potentialAction\":[{\"@type\":\"ReadAction\",\"target\":[\"https:\\\/\\\/archiv.siov.sk\\\/tknika-open-days-prostrednictvom-vzdelavacej-mobility-erasmus\\\/\"]}]},{\"@type\":\"ImageObject\",\"inLanguage\":\"en-GB\",\"@id\":\"https:\\\/\\\/archiv.siov.sk\\\/tknika-open-days-prostrednictvom-vzdelavacej-mobility-erasmus\\\/#primaryimage\",\"url\":\"https:\\\/\\\/archiv.siov.sk\\\/wp-content\\\/uploads\\\/2024\\\/07\\\/Tknika_OD.jpg\",\"contentUrl\":\"https:\\\/\\\/archiv.siov.sk\\\/wp-content\\\/uploads\\\/2024\\\/07\\\/Tknika_OD.jpg\",\"width\":688,\"height\":634,\"caption\":\"Open days TKNIKA\"},{\"@type\":\"BreadcrumbList\",\"@id\":\"https:\\\/\\\/archiv.siov.sk\\\/tknika-open-days-prostrednictvom-vzdelavacej-mobility-erasmus\\\/#breadcrumb\",\"itemListElement\":[{\"@type\":\"ListItem\",\"position\":1,\"name\":\"Home\",\"item\":\"https:\\\/\\\/archiv.siov.sk\\\/\"},{\"@type\":\"ListItem\",\"position\":2,\"name\":\"TKNIKA Open Days prostredn\u00edctvom vzdel\u00e1vacej mobility Erasmus+\"}]},{\"@type\":\"WebSite\",\"@id\":\"https:\\\/\\\/archiv.siov.sk\\\/#website\",\"url\":\"https:\\\/\\\/archiv.siov.sk\\\/\",\"name\":\"\u0160IOV - \u0161t\u00e1tny in\u0161tit\u00fat odborn\u00e9ho vzdel\u00e1vania\",\"description\":\"\",\"publisher\":{\"@id\":\"https:\\\/\\\/archiv.siov.sk\\\/#organization\"},\"potentialAction\":[{\"@type\":\"SearchAction\",\"target\":{\"@type\":\"EntryPoint\",\"urlTemplate\":\"https:\\\/\\\/archiv.siov.sk\\\/?s={search_term_string}\"},\"query-input\":{\"@type\":\"PropertyValueSpecification\",\"valueRequired\":true,\"valueName\":\"search_term_string\"}}],\"inLanguage\":\"en-GB\"},{\"@type\":\"Organization\",\"@id\":\"https:\\\/\\\/archiv.siov.sk\\\/#organization\",\"name\":\"\u0160IOV - \u0161t\u00e1tny in\u0161tit\u00fat odborn\u00e9ho vzdel\u00e1vania\",\"url\":\"https:\\\/\\\/archiv.siov.sk\\\/\",\"logo\":{\"@type\":\"ImageObject\",\"inLanguage\":\"en-GB\",\"@id\":\"https:\\\/\\\/archiv.siov.sk\\\/#\\\/schema\\\/logo\\\/image\\\/\",\"url\":\"https:\\\/\\\/archiv.siov.sk\\\/wp-content\\\/uploads\\\/2024\\\/02\\\/logo-SIOV.png\",\"contentUrl\":\"https:\\\/\\\/archiv.siov.sk\\\/wp-content\\\/uploads\\\/2024\\\/02\\\/logo-SIOV.png\",\"width\":431,\"height\":143,\"caption\":\"\u0160IOV - \u0161t\u00e1tny in\u0161tit\u00fat odborn\u00e9ho vzdel\u00e1vania\"},\"image\":{\"@id\":\"https:\\\/\\\/archiv.siov.sk\\\/#\\\/schema\\\/logo\\\/image\\\/\"},\"sameAs\":[\"https:\\\/\\\/www.facebook.com\\\/Statnyinstitutodbornehovzdelavania\"]},{\"@type\":\"Person\",\"@id\":\"https:\\\/\\\/archiv.siov.sk\\\/#\\\/schema\\\/person\\\/2d35146a9c0fa51b027e8ff319cee627\",\"name\":\"Gabriela Budayov\u00e1\",\"url\":\"https:\\\/\\\/archiv.siov.sk\\\/en\\\/author\\\/gabriela-budayova\\\/\"}]}<\/script>\n<!-- \/ Yoast SEO plugin. -->","yoast_head_json":{"title":"TKNIKA Open Days prostredn\u00edctvom vzdel\u00e1vacej mobility Erasmus+ - \u0160IOV - \u0161t\u00e1tny in\u0161tit\u00fat odborn\u00e9ho vzdel\u00e1vania","robots":{"index":"index","follow":"follow","max-snippet":"max-snippet:-1","max-image-preview":"max-image-preview:large","max-video-preview":"max-video-preview:-1"},"canonical":"https:\/\/archiv.siov.sk\/en\/tknika-open-days-prostrednictvom-vzdelavacej-mobility-erasmus\/","og_locale":"en_GB","og_type":"article","og_title":"TKNIKA Open Days prostredn\u00edctvom vzdel\u00e1vacej mobility Erasmus+ - \u0160IOV - \u0161t\u00e1tny in\u0161tit\u00fat odborn\u00e9ho vzdel\u00e1vania","og_description":"Hlavn\u00fdm bodom programu boli TKNIKA OPEN DAYS, ktor\u00fdch sa z\u00fa\u010dastnili \u0161tyria pedag\u00f3govia z\u00a0Asoci\u00e1cie stredn\u00fdch odborn\u00fdch \u0161k\u00f4l Slovenska\u00a0v\u00a0d\u0148och 27. \u2013 29. marca 2023.\u00a0TKNIKA\u00a0je Baskick\u00e9 centrum aplikovan\u00e9ho v\u00fdskumu patriace pod Ministerstvo pre odborn\u00e9 vzdel\u00e1vanie a pr\u00edpravu a Ministerstvo \u0161kolstva baskickej vl\u00e1dy. Inov\u00e1cie a aplikovan\u00fd v\u00fdskum s\u00fa jadrom Tknika v jej pokra\u010duj\u00facom \u00fasil\u00ed umiestni\u0165 baskick\u00e9 odborn\u00e9 vzdel\u00e1vanie na [&hellip;]","og_url":"https:\/\/archiv.siov.sk\/en\/tknika-open-days-prostrednictvom-vzdelavacej-mobility-erasmus\/","og_site_name":"\u0160IOV - \u0161t\u00e1tny in\u0161tit\u00fat odborn\u00e9ho vzdel\u00e1vania","article_publisher":"https:\/\/www.facebook.com\/Statnyinstitutodbornehovzdelavania","article_published_time":"2023-04-03T06:50:22+00:00","article_modified_time":"2024-07-21T16:52:54+00:00","og_image":[{"width":688,"height":634,"url":"https:\/\/archiv.siov.sk\/wp-content\/uploads\/2024\/07\/Tknika_OD.jpg","type":"image\/jpeg"}],"author":"Gabriela Budayov\u00e1","twitter_card":"summary_large_image","twitter_misc":{"Written by":"Gabriela Budayov\u00e1","Estimated reading time":"2 minutes"},"schema":{"@context":"https:\/\/schema.org","@graph":[{"@type":"Article","@id":"https:\/\/archiv.siov.sk\/tknika-open-days-prostrednictvom-vzdelavacej-mobility-erasmus\/#article","isPartOf":{"@id":"https:\/\/archiv.siov.sk\/tknika-open-days-prostrednictvom-vzdelavacej-mobility-erasmus\/"},"author":{"name":"Gabriela Budayov\u00e1","@id":"https:\/\/archiv.siov.sk\/#\/schema\/person\/2d35146a9c0fa51b027e8ff319cee627"},"headline":"TKNIKA Open Days prostredn\u00edctvom vzdel\u00e1vacej mobility Erasmus+","datePublished":"2023-04-03T06:50:22+00:00","dateModified":"2024-07-21T16:52:54+00:00","mainEntityOfPage":{"@id":"https:\/\/archiv.siov.sk\/tknika-open-days-prostrednictvom-vzdelavacej-mobility-erasmus\/"},"wordCount":250,"publisher":{"@id":"https:\/\/archiv.siov.sk\/#organization"},"image":{"@id":"https:\/\/archiv.siov.sk\/tknika-open-days-prostrednictvom-vzdelavacej-mobility-erasmus\/#primaryimage"},"thumbnailUrl":"https:\/\/archiv.siov.sk\/wp-content\/uploads\/2024\/07\/Tknika_OD.jpg","articleSection":["Erasmus+"],"inLanguage":"en-GB"},{"@type":"WebPage","@id":"https:\/\/archiv.siov.sk\/tknika-open-days-prostrednictvom-vzdelavacej-mobility-erasmus\/","url":"https:\/\/archiv.siov.sk\/tknika-open-days-prostrednictvom-vzdelavacej-mobility-erasmus\/","name":"TKNIKA Open Days prostredn\u00edctvom vzdel\u00e1vacej mobility Erasmus+ - \u0160IOV - \u0161t\u00e1tny in\u0161tit\u00fat odborn\u00e9ho vzdel\u00e1vania","isPartOf":{"@id":"https:\/\/archiv.siov.sk\/#website"},"primaryImageOfPage":{"@id":"https:\/\/archiv.siov.sk\/tknika-open-days-prostrednictvom-vzdelavacej-mobility-erasmus\/#primaryimage"},"image":{"@id":"https:\/\/archiv.siov.sk\/tknika-open-days-prostrednictvom-vzdelavacej-mobility-erasmus\/#primaryimage"},"thumbnailUrl":"https:\/\/archiv.siov.sk\/wp-content\/uploads\/2024\/07\/Tknika_OD.jpg","datePublished":"2023-04-03T06:50:22+00:00","dateModified":"2024-07-21T16:52:54+00:00","breadcrumb":{"@id":"https:\/\/archiv.siov.sk\/tknika-open-days-prostrednictvom-vzdelavacej-mobility-erasmus\/#breadcrumb"},"inLanguage":"en-GB","potentialAction":[{"@type":"ReadAction","target":["https:\/\/archiv.siov.sk\/tknika-open-days-prostrednictvom-vzdelavacej-mobility-erasmus\/"]}]},{"@type":"ImageObject","inLanguage":"en-GB","@id":"https:\/\/archiv.siov.sk\/tknika-open-days-prostrednictvom-vzdelavacej-mobility-erasmus\/#primaryimage","url":"https:\/\/archiv.siov.sk\/wp-content\/uploads\/2024\/07\/Tknika_OD.jpg","contentUrl":"https:\/\/archiv.siov.sk\/wp-content\/uploads\/2024\/07\/Tknika_OD.jpg","width":688,"height":634,"caption":"Open days TKNIKA"},{"@type":"BreadcrumbList","@id":"https:\/\/archiv.siov.sk\/tknika-open-days-prostrednictvom-vzdelavacej-mobility-erasmus\/#breadcrumb","itemListElement":[{"@type":"ListItem","position":1,"name":"Home","item":"https:\/\/archiv.siov.sk\/"},{"@type":"ListItem","position":2,"name":"TKNIKA Open Days prostredn\u00edctvom vzdel\u00e1vacej mobility Erasmus+"}]},{"@type":"WebSite","@id":"https:\/\/archiv.siov.sk\/#website","url":"https:\/\/archiv.siov.sk\/","name":"\u0160IOV - \u0161t\u00e1tny in\u0161tit\u00fat odborn\u00e9ho vzdel\u00e1vania","description":"","publisher":{"@id":"https:\/\/archiv.siov.sk\/#organization"},"potentialAction":[{"@type":"SearchAction","target":{"@type":"EntryPoint","urlTemplate":"https:\/\/archiv.siov.sk\/?s={search_term_string}"},"query-input":{"@type":"PropertyValueSpecification","valueRequired":true,"valueName":"search_term_string"}}],"inLanguage":"en-GB"},{"@type":"Organization","@id":"https:\/\/archiv.siov.sk\/#organization","name":"\u0160IOV - \u0161t\u00e1tny in\u0161tit\u00fat odborn\u00e9ho vzdel\u00e1vania","url":"https:\/\/archiv.siov.sk\/","logo":{"@type":"ImageObject","inLanguage":"en-GB","@id":"https:\/\/archiv.siov.sk\/#\/schema\/logo\/image\/","url":"https:\/\/archiv.siov.sk\/wp-content\/uploads\/2024\/02\/logo-SIOV.png","contentUrl":"https:\/\/archiv.siov.sk\/wp-content\/uploads\/2024\/02\/logo-SIOV.png","width":431,"height":143,"caption":"\u0160IOV - \u0161t\u00e1tny in\u0161tit\u00fat odborn\u00e9ho vzdel\u00e1vania"},"image":{"@id":"https:\/\/archiv.siov.sk\/#\/schema\/logo\/image\/"},"sameAs":["https:\/\/www.facebook.com\/Statnyinstitutodbornehovzdelavania"]},{"@type":"Person","@id":"https:\/\/archiv.siov.sk\/#\/schema\/person\/2d35146a9c0fa51b027e8ff319cee627","name":"Gabriela Budayov\u00e1","url":"https:\/\/archiv.siov.sk\/en\/author\/gabriela-budayova\/"}]}},"_links":{"self":[{"href":"https:\/\/archiv.siov.sk\/en\/wp-json\/wp\/v2\/posts\/16184","targetHints":{"allow":["GET"]}}],"collection":[{"href":"https:\/\/archiv.siov.sk\/en\/wp-json\/wp\/v2\/posts"}],"about":[{"href":"https:\/\/archiv.siov.sk\/en\/wp-json\/wp\/v2\/types\/post"}],"author":[{"embeddable":true,"href":"https:\/\/archiv.siov.sk\/en\/wp-json\/wp\/v2\/users\/10"}],"replies":[{"embeddable":true,"href":"https:\/\/archiv.siov.sk\/en\/wp-json\/wp\/v2\/comments?post=16184"}],"version-history":[{"count":3,"href":"https:\/\/archiv.siov.sk\/en\/wp-json\/wp\/v2\/posts\/16184\/revisions"}],"predecessor-version":[{"id":16187,"href":"https:\/\/archiv.siov.sk\/en\/wp-json\/wp\/v2\/posts\/16184\/revisions\/16187"}],"wp:featuredmedia":[{"embeddable":true,"href":"https:\/\/archiv.siov.sk\/en\/wp-json\/wp\/v2\/media\/16182"}],"wp:attachment":[{"href":"https:\/\/archiv.siov.sk\/en\/wp-json\/wp\/v2\/media?parent=16184"}],"wp:term":[{"taxonomy":"category","embeddable":true,"href":"https:\/\/archiv.siov.sk\/en\/wp-json\/wp\/v2\/categories?post=16184"},{"taxonomy":"post_tag","embeddable":true,"href":"https:\/\/archiv.siov.sk\/en\/wp-json\/wp\/v2\/tags?post=16184"}],"curies":[{"name":"wp","href":"https:\/\/api.w.org\/{rel}","templated":true}]}}