{"id":16167,"date":"2024-07-16T13:35:57","date_gmt":"2024-07-16T11:35:57","guid":{"rendered":"https:\/\/archiv.siov.sk\/?p=16167"},"modified":"2024-07-16T13:36:56","modified_gmt":"2024-07-16T11:36:56","slug":"pozvanka-na-seminar-nova-aplikacia-sccf-jazyk-marketing-a-financna-gramotnost-v-cvicnej-firme","status":"publish","type":"post","link":"https:\/\/archiv.siov.sk\/en\/pozvanka-na-seminar-nova-aplikacia-sccf-jazyk-marketing-a-financna-gramotnost-v-cvicnej-firme\/","title":{"rendered":"Pozv\u00e1nka na semin\u00e1r Nov\u00e1 aplik\u00e1cia SCCF, jazyk, marketing a finan\u010dn\u00e1 gramotnos\u0165 v cvi\u010dnej firme"},"content":{"rendered":"<p style=\"text-align: justify;\">Poz\u00fdvame V\u00e1s na <strong>semin\u00e1r pre pedagogick\u00fdch zamestnancov so zameran\u00edm na v\u00fdu\u010dbu cvi\u010dnej firmy<\/strong>, ktor\u00fd pripravuje \u0160t\u00e1tny in\u0161tit\u00fat odborn\u00e9ho vzdel\u00e1vania, odbor \u201eFinan\u010dnej gramotnosti, Slovensk\u00e9 centrum cvi\u010dn\u00fdch firiem a podpory smerovania ml\u00e1de\u017ee\u201c.<\/p>\n<p style=\"text-align: justify;\">Semin\u00e1r je ur\u010den\u00fd za\u010d\u00ednaj\u00facim, ale aj pokro\u010dil\u00fdm u\u010dite\u013eom stredn\u00fdch \u0161k\u00f4l a zameria sa na odborn\u00fa problematiku v\u00fdu\u010dby predmetu cvi\u010dn\u00e1 firma. Prostredn\u00edctvom cvi\u010dnej firmy sa \u017eiaci, ako aj u\u010ditelia ponoria do podnikate\u013eskej reality doma ale aj v zahrani\u010d\u00ed, hoci len simulovane.<\/p>\n<p style=\"text-align: justify;\">Semin\u00e1r sa uskuto\u010dn\u00ed <strong>27. augusta od 9.00 u n\u00e1s v \u0160t\u00e1tnom in\u0161tit\u00fate odborn\u00e9ho vzdel\u00e1vania a prihl\u00e1si\u0165 sa na\u0148 m\u00f4\u017eete pomocou <a href=\"https:\/\/docs.google.com\/forms\/d\/1TZ8AgRIhJm5bIF8ioTTCjodRqSMuTZoXo6fvplZnOBI\/viewform?edit_requested=true\">FORMUL\u00c1RA<\/a> do 26. augusta.\u00a0<\/strong><\/p>\n<p>Viac inform\u00e1ci\u00ed spolu s programom a lektormi n\u00e1jdete v pozv\u00e1nke <strong><a href=\"https:\/\/archiv.siov.sk\/wp-content\/uploads\/2024\/07\/Pozvanka_seminar_CF_2708_2024_loga-L-.pdf\" target=\"_blank\" rel=\"noopener\">TU<\/a><\/strong><\/p>","protected":false},"excerpt":{"rendered":"<p>Poz\u00fdvame V\u00e1s na semin\u00e1r pre pedagogick\u00fdch zamestnancov so zameran\u00edm na v\u00fdu\u010dbu cvi\u010dnej firmy, ktor\u00fd pripravuje \u0160t\u00e1tny in\u0161tit\u00fat odborn\u00e9ho vzdel\u00e1vania, odbor \u201eFinan\u010dnej gramotnosti, Slovensk\u00e9 centrum cvi\u010dn\u00fdch firiem a podpory smerovania ml\u00e1de\u017ee\u201c. Semin\u00e1r je ur\u010den\u00fd za\u010d\u00ednaj\u00facim, ale aj pokro\u010dil\u00fdm u\u010dite\u013eom stredn\u00fdch \u0161k\u00f4l a zameria sa na odborn\u00fa problematiku v\u00fdu\u010dby predmetu cvi\u010dn\u00e1 firma. Prostredn\u00edctvom cvi\u010dnej firmy sa \u017eiaci, [&hellip;]<\/p>\n","protected":false},"author":6,"featured_media":16170,"comment_status":"closed","ping_status":"closed","sticky":false,"template":"","format":"standard","meta":{"site-sidebar-layout":"default","site-content-layout":"","ast-site-content-layout":"default","site-content-style":"default","site-sidebar-style":"default","ast-global-header-display":"","ast-banner-title-visibility":"","ast-main-header-display":"","ast-hfb-above-header-display":"","ast-hfb-below-header-display":"","ast-hfb-mobile-header-display":"","site-post-title":"","ast-breadcrumbs-content":"","ast-featured-img":"","footer-sml-layout":"","ast-disable-related-posts":"","theme-transparent-header-meta":"default","adv-header-id-meta":"","stick-header-meta":"default","header-above-stick-meta":"","header-main-stick-meta":"","header-below-stick-meta":"","astra-migrate-meta-layouts":"set","ast-page-background-enabled":"default","ast-page-background-meta":{"desktop":{"background-color":"var(--ast-global-color-4)","background-image":"","background-repeat":"repeat","background-position":"center center","background-size":"auto","background-attachment":"scroll","background-type":"","background-media":"","overlay-type":"","overlay-color":"","overlay-opacity":"","overlay-gradient":""},"tablet":{"background-color":"","background-image":"","background-repeat":"repeat","background-position":"center center","background-size":"auto","background-attachment":"scroll","background-type":"","background-media":"","overlay-type":"","overlay-color":"","overlay-opacity":"","overlay-gradient":""},"mobile":{"background-color":"","background-image":"","background-repeat":"repeat","background-position":"center center","background-size":"auto","background-attachment":"scroll","background-type":"","background-media":"","overlay-type":"","overlay-color":"","overlay-opacity":"","overlay-gradient":""}},"ast-content-background-meta":{"desktop":{"background-color":"var(--ast-global-color-5)","background-image":"","background-repeat":"repeat","background-position":"center center","background-size":"auto","background-attachment":"scroll","background-type":"","background-media":"","overlay-type":"","overlay-color":"","overlay-opacity":"","overlay-gradient":""},"tablet":{"background-color":"var(--ast-global-color-5)","background-image":"","background-repeat":"repeat","background-position":"center center","background-size":"auto","background-attachment":"scroll","background-type":"","background-media":"","overlay-type":"","overlay-color":"","overlay-opacity":"","overlay-gradient":""},"mobile":{"background-color":"var(--ast-global-color-5)","background-image":"","background-repeat":"repeat","background-position":"center center","background-size":"auto","background-attachment":"scroll","background-type":"","background-media":"","overlay-type":"","overlay-color":"","overlay-opacity":"","overlay-gradient":""}},"footnotes":""},"categories":[1],"tags":[],"class_list":["post-16167","post","type-post","status-publish","format-standard","has-post-thumbnail","hentry","category-aktuality"],"yoast_head":"<!-- This site is optimized with the Yoast SEO plugin v27.5 - https:\/\/yoast.com\/product\/yoast-seo-wordpress\/ -->\n<title>Pozv\u00e1nka na semin\u00e1r Nov\u00e1 aplik\u00e1cia SCCF, jazyk, marketing a finan\u010dn\u00e1 gramotnos\u0165 v cvi\u010dnej firme - \u0160IOV - \u0161t\u00e1tny in\u0161tit\u00fat odborn\u00e9ho vzdel\u00e1vania<\/title>\n<meta name=\"robots\" content=\"index, follow, max-snippet:-1, max-image-preview:large, max-video-preview:-1\" \/>\n<link rel=\"canonical\" href=\"https:\/\/archiv.siov.sk\/en\/pozvanka-na-seminar-nova-aplikacia-sccf-jazyk-marketing-a-financna-gramotnost-v-cvicnej-firme\/\" \/>\n<meta property=\"og:locale\" content=\"en_GB\" \/>\n<meta property=\"og:type\" content=\"article\" \/>\n<meta property=\"og:title\" content=\"Pozv\u00e1nka na semin\u00e1r Nov\u00e1 aplik\u00e1cia SCCF, jazyk, marketing a finan\u010dn\u00e1 gramotnos\u0165 v cvi\u010dnej firme - \u0160IOV - \u0161t\u00e1tny in\u0161tit\u00fat odborn\u00e9ho vzdel\u00e1vania\" \/>\n<meta property=\"og:description\" content=\"Poz\u00fdvame V\u00e1s na semin\u00e1r pre pedagogick\u00fdch zamestnancov so zameran\u00edm na v\u00fdu\u010dbu cvi\u010dnej firmy, ktor\u00fd pripravuje \u0160t\u00e1tny in\u0161tit\u00fat odborn\u00e9ho vzdel\u00e1vania, odbor \u201eFinan\u010dnej gramotnosti, Slovensk\u00e9 centrum cvi\u010dn\u00fdch firiem a podpory smerovania ml\u00e1de\u017ee\u201c. Semin\u00e1r je ur\u010den\u00fd za\u010d\u00ednaj\u00facim, ale aj pokro\u010dil\u00fdm u\u010dite\u013eom stredn\u00fdch \u0161k\u00f4l a zameria sa na odborn\u00fa problematiku v\u00fdu\u010dby predmetu cvi\u010dn\u00e1 firma. Prostredn\u00edctvom cvi\u010dnej firmy sa \u017eiaci, [&hellip;]\" \/>\n<meta property=\"og:url\" content=\"https:\/\/archiv.siov.sk\/en\/pozvanka-na-seminar-nova-aplikacia-sccf-jazyk-marketing-a-financna-gramotnost-v-cvicnej-firme\/\" \/>\n<meta property=\"og:site_name\" content=\"\u0160IOV - \u0161t\u00e1tny in\u0161tit\u00fat odborn\u00e9ho vzdel\u00e1vania\" \/>\n<meta property=\"article:publisher\" content=\"https:\/\/www.facebook.com\/Statnyinstitutodbornehovzdelavania\" \/>\n<meta property=\"article:published_time\" content=\"2024-07-16T11:35:57+00:00\" \/>\n<meta property=\"article:modified_time\" content=\"2024-07-16T11:36:56+00:00\" \/>\n<meta property=\"og:image\" content=\"https:\/\/archiv.siov.sk\/wp-content\/uploads\/2024\/07\/shutterstock_round-table-scaled.jpg\" \/>\n\t<meta property=\"og:image:width\" content=\"2560\" \/>\n\t<meta property=\"og:image:height\" content=\"1709\" \/>\n\t<meta property=\"og:image:type\" content=\"image\/jpeg\" \/>\n<meta name=\"author\" content=\"Katar\u00edna Kov\u00e1\u010dov\u00e1\" \/>\n<meta name=\"twitter:card\" content=\"summary_large_image\" \/>\n<meta name=\"twitter:label1\" content=\"Written by\" \/>\n\t<meta name=\"twitter:data1\" content=\"Katar\u00edna Kov\u00e1\u010dov\u00e1\" \/>\n\t<meta name=\"twitter:label2\" content=\"Estimated reading time\" \/>\n\t<meta name=\"twitter:data2\" content=\"1 minute\" \/>\n<script type=\"application\/ld+json\" class=\"yoast-schema-graph\">{\"@context\":\"https:\\\/\\\/schema.org\",\"@graph\":[{\"@type\":\"Article\",\"@id\":\"https:\\\/\\\/archiv.siov.sk\\\/pozvanka-na-seminar-nova-aplikacia-sccf-jazyk-marketing-a-financna-gramotnost-v-cvicnej-firme\\\/#article\",\"isPartOf\":{\"@id\":\"https:\\\/\\\/archiv.siov.sk\\\/pozvanka-na-seminar-nova-aplikacia-sccf-jazyk-marketing-a-financna-gramotnost-v-cvicnej-firme\\\/\"},\"author\":{\"name\":\"Katar\u00edna Kov\u00e1\u010dov\u00e1\",\"@id\":\"https:\\\/\\\/archiv.siov.sk\\\/#\\\/schema\\\/person\\\/e42d633fbd958c6a726e8834d8965e6c\"},\"headline\":\"Pozv\u00e1nka na semin\u00e1r Nov\u00e1 aplik\u00e1cia SCCF, jazyk, marketing a finan\u010dn\u00e1 gramotnos\u0165 v cvi\u010dnej firme\",\"datePublished\":\"2024-07-16T11:35:57+00:00\",\"dateModified\":\"2024-07-16T11:36:56+00:00\",\"mainEntityOfPage\":{\"@id\":\"https:\\\/\\\/archiv.siov.sk\\\/pozvanka-na-seminar-nova-aplikacia-sccf-jazyk-marketing-a-financna-gramotnost-v-cvicnej-firme\\\/\"},\"wordCount\":170,\"publisher\":{\"@id\":\"https:\\\/\\\/archiv.siov.sk\\\/#organization\"},\"image\":{\"@id\":\"https:\\\/\\\/archiv.siov.sk\\\/pozvanka-na-seminar-nova-aplikacia-sccf-jazyk-marketing-a-financna-gramotnost-v-cvicnej-firme\\\/#primaryimage\"},\"thumbnailUrl\":\"https:\\\/\\\/archiv.siov.sk\\\/wp-content\\\/uploads\\\/2024\\\/07\\\/shutterstock_round-table-scaled.jpg\",\"articleSection\":[\"Aktuality\"],\"inLanguage\":\"en-GB\"},{\"@type\":\"WebPage\",\"@id\":\"https:\\\/\\\/archiv.siov.sk\\\/pozvanka-na-seminar-nova-aplikacia-sccf-jazyk-marketing-a-financna-gramotnost-v-cvicnej-firme\\\/\",\"url\":\"https:\\\/\\\/archiv.siov.sk\\\/pozvanka-na-seminar-nova-aplikacia-sccf-jazyk-marketing-a-financna-gramotnost-v-cvicnej-firme\\\/\",\"name\":\"Pozv\u00e1nka na semin\u00e1r Nov\u00e1 aplik\u00e1cia SCCF, jazyk, marketing a finan\u010dn\u00e1 gramotnos\u0165 v cvi\u010dnej firme - \u0160IOV - \u0161t\u00e1tny in\u0161tit\u00fat odborn\u00e9ho vzdel\u00e1vania\",\"isPartOf\":{\"@id\":\"https:\\\/\\\/archiv.siov.sk\\\/#website\"},\"primaryImageOfPage\":{\"@id\":\"https:\\\/\\\/archiv.siov.sk\\\/pozvanka-na-seminar-nova-aplikacia-sccf-jazyk-marketing-a-financna-gramotnost-v-cvicnej-firme\\\/#primaryimage\"},\"image\":{\"@id\":\"https:\\\/\\\/archiv.siov.sk\\\/pozvanka-na-seminar-nova-aplikacia-sccf-jazyk-marketing-a-financna-gramotnost-v-cvicnej-firme\\\/#primaryimage\"},\"thumbnailUrl\":\"https:\\\/\\\/archiv.siov.sk\\\/wp-content\\\/uploads\\\/2024\\\/07\\\/shutterstock_round-table-scaled.jpg\",\"datePublished\":\"2024-07-16T11:35:57+00:00\",\"dateModified\":\"2024-07-16T11:36:56+00:00\",\"breadcrumb\":{\"@id\":\"https:\\\/\\\/archiv.siov.sk\\\/pozvanka-na-seminar-nova-aplikacia-sccf-jazyk-marketing-a-financna-gramotnost-v-cvicnej-firme\\\/#breadcrumb\"},\"inLanguage\":\"en-GB\",\"potentialAction\":[{\"@type\":\"ReadAction\",\"target\":[\"https:\\\/\\\/archiv.siov.sk\\\/pozvanka-na-seminar-nova-aplikacia-sccf-jazyk-marketing-a-financna-gramotnost-v-cvicnej-firme\\\/\"]}]},{\"@type\":\"ImageObject\",\"inLanguage\":\"en-GB\",\"@id\":\"https:\\\/\\\/archiv.siov.sk\\\/pozvanka-na-seminar-nova-aplikacia-sccf-jazyk-marketing-a-financna-gramotnost-v-cvicnej-firme\\\/#primaryimage\",\"url\":\"https:\\\/\\\/archiv.siov.sk\\\/wp-content\\\/uploads\\\/2024\\\/07\\\/shutterstock_round-table-scaled.jpg\",\"contentUrl\":\"https:\\\/\\\/archiv.siov.sk\\\/wp-content\\\/uploads\\\/2024\\\/07\\\/shutterstock_round-table-scaled.jpg\",\"width\":2560,\"height\":1709},{\"@type\":\"BreadcrumbList\",\"@id\":\"https:\\\/\\\/archiv.siov.sk\\\/pozvanka-na-seminar-nova-aplikacia-sccf-jazyk-marketing-a-financna-gramotnost-v-cvicnej-firme\\\/#breadcrumb\",\"itemListElement\":[{\"@type\":\"ListItem\",\"position\":1,\"name\":\"Home\",\"item\":\"https:\\\/\\\/archiv.siov.sk\\\/\"},{\"@type\":\"ListItem\",\"position\":2,\"name\":\"Pozv\u00e1nka na semin\u00e1r Nov\u00e1 aplik\u00e1cia SCCF, jazyk, marketing a finan\u010dn\u00e1 gramotnos\u0165 v cvi\u010dnej firme\"}]},{\"@type\":\"WebSite\",\"@id\":\"https:\\\/\\\/archiv.siov.sk\\\/#website\",\"url\":\"https:\\\/\\\/archiv.siov.sk\\\/\",\"name\":\"\u0160IOV - \u0161t\u00e1tny in\u0161tit\u00fat odborn\u00e9ho vzdel\u00e1vania\",\"description\":\"\",\"publisher\":{\"@id\":\"https:\\\/\\\/archiv.siov.sk\\\/#organization\"},\"potentialAction\":[{\"@type\":\"SearchAction\",\"target\":{\"@type\":\"EntryPoint\",\"urlTemplate\":\"https:\\\/\\\/archiv.siov.sk\\\/?s={search_term_string}\"},\"query-input\":{\"@type\":\"PropertyValueSpecification\",\"valueRequired\":true,\"valueName\":\"search_term_string\"}}],\"inLanguage\":\"en-GB\"},{\"@type\":\"Organization\",\"@id\":\"https:\\\/\\\/archiv.siov.sk\\\/#organization\",\"name\":\"\u0160IOV - \u0161t\u00e1tny in\u0161tit\u00fat odborn\u00e9ho vzdel\u00e1vania\",\"url\":\"https:\\\/\\\/archiv.siov.sk\\\/\",\"logo\":{\"@type\":\"ImageObject\",\"inLanguage\":\"en-GB\",\"@id\":\"https:\\\/\\\/archiv.siov.sk\\\/#\\\/schema\\\/logo\\\/image\\\/\",\"url\":\"https:\\\/\\\/archiv.siov.sk\\\/wp-content\\\/uploads\\\/2024\\\/02\\\/logo-SIOV.png\",\"contentUrl\":\"https:\\\/\\\/archiv.siov.sk\\\/wp-content\\\/uploads\\\/2024\\\/02\\\/logo-SIOV.png\",\"width\":431,\"height\":143,\"caption\":\"\u0160IOV - \u0161t\u00e1tny in\u0161tit\u00fat odborn\u00e9ho vzdel\u00e1vania\"},\"image\":{\"@id\":\"https:\\\/\\\/archiv.siov.sk\\\/#\\\/schema\\\/logo\\\/image\\\/\"},\"sameAs\":[\"https:\\\/\\\/www.facebook.com\\\/Statnyinstitutodbornehovzdelavania\"]},{\"@type\":\"Person\",\"@id\":\"https:\\\/\\\/archiv.siov.sk\\\/#\\\/schema\\\/person\\\/e42d633fbd958c6a726e8834d8965e6c\",\"name\":\"Katar\u00edna Kov\u00e1\u010dov\u00e1\",\"url\":\"https:\\\/\\\/archiv.siov.sk\\\/en\\\/author\\\/katkakovacova\\\/\"}]}<\/script>\n<!-- \/ Yoast SEO plugin. -->","yoast_head_json":{"title":"Pozv\u00e1nka na semin\u00e1r Nov\u00e1 aplik\u00e1cia SCCF, jazyk, marketing a finan\u010dn\u00e1 gramotnos\u0165 v cvi\u010dnej firme - \u0160IOV - \u0161t\u00e1tny in\u0161tit\u00fat odborn\u00e9ho vzdel\u00e1vania","robots":{"index":"index","follow":"follow","max-snippet":"max-snippet:-1","max-image-preview":"max-image-preview:large","max-video-preview":"max-video-preview:-1"},"canonical":"https:\/\/archiv.siov.sk\/en\/pozvanka-na-seminar-nova-aplikacia-sccf-jazyk-marketing-a-financna-gramotnost-v-cvicnej-firme\/","og_locale":"en_GB","og_type":"article","og_title":"Pozv\u00e1nka na semin\u00e1r Nov\u00e1 aplik\u00e1cia SCCF, jazyk, marketing a finan\u010dn\u00e1 gramotnos\u0165 v cvi\u010dnej firme - \u0160IOV - \u0161t\u00e1tny in\u0161tit\u00fat odborn\u00e9ho vzdel\u00e1vania","og_description":"Poz\u00fdvame V\u00e1s na semin\u00e1r pre pedagogick\u00fdch zamestnancov so zameran\u00edm na v\u00fdu\u010dbu cvi\u010dnej firmy, ktor\u00fd pripravuje \u0160t\u00e1tny in\u0161tit\u00fat odborn\u00e9ho vzdel\u00e1vania, odbor \u201eFinan\u010dnej gramotnosti, Slovensk\u00e9 centrum cvi\u010dn\u00fdch firiem a podpory smerovania ml\u00e1de\u017ee\u201c. Semin\u00e1r je ur\u010den\u00fd za\u010d\u00ednaj\u00facim, ale aj pokro\u010dil\u00fdm u\u010dite\u013eom stredn\u00fdch \u0161k\u00f4l a zameria sa na odborn\u00fa problematiku v\u00fdu\u010dby predmetu cvi\u010dn\u00e1 firma. Prostredn\u00edctvom cvi\u010dnej firmy sa \u017eiaci, [&hellip;]","og_url":"https:\/\/archiv.siov.sk\/en\/pozvanka-na-seminar-nova-aplikacia-sccf-jazyk-marketing-a-financna-gramotnost-v-cvicnej-firme\/","og_site_name":"\u0160IOV - \u0161t\u00e1tny in\u0161tit\u00fat odborn\u00e9ho vzdel\u00e1vania","article_publisher":"https:\/\/www.facebook.com\/Statnyinstitutodbornehovzdelavania","article_published_time":"2024-07-16T11:35:57+00:00","article_modified_time":"2024-07-16T11:36:56+00:00","og_image":[{"width":2560,"height":1709,"url":"https:\/\/archiv.siov.sk\/wp-content\/uploads\/2024\/07\/shutterstock_round-table-scaled.jpg","type":"image\/jpeg"}],"author":"Katar\u00edna Kov\u00e1\u010dov\u00e1","twitter_card":"summary_large_image","twitter_misc":{"Written by":"Katar\u00edna Kov\u00e1\u010dov\u00e1","Estimated reading time":"1 minute"},"schema":{"@context":"https:\/\/schema.org","@graph":[{"@type":"Article","@id":"https:\/\/archiv.siov.sk\/pozvanka-na-seminar-nova-aplikacia-sccf-jazyk-marketing-a-financna-gramotnost-v-cvicnej-firme\/#article","isPartOf":{"@id":"https:\/\/archiv.siov.sk\/pozvanka-na-seminar-nova-aplikacia-sccf-jazyk-marketing-a-financna-gramotnost-v-cvicnej-firme\/"},"author":{"name":"Katar\u00edna Kov\u00e1\u010dov\u00e1","@id":"https:\/\/archiv.siov.sk\/#\/schema\/person\/e42d633fbd958c6a726e8834d8965e6c"},"headline":"Pozv\u00e1nka na semin\u00e1r Nov\u00e1 aplik\u00e1cia SCCF, jazyk, marketing a finan\u010dn\u00e1 gramotnos\u0165 v cvi\u010dnej firme","datePublished":"2024-07-16T11:35:57+00:00","dateModified":"2024-07-16T11:36:56+00:00","mainEntityOfPage":{"@id":"https:\/\/archiv.siov.sk\/pozvanka-na-seminar-nova-aplikacia-sccf-jazyk-marketing-a-financna-gramotnost-v-cvicnej-firme\/"},"wordCount":170,"publisher":{"@id":"https:\/\/archiv.siov.sk\/#organization"},"image":{"@id":"https:\/\/archiv.siov.sk\/pozvanka-na-seminar-nova-aplikacia-sccf-jazyk-marketing-a-financna-gramotnost-v-cvicnej-firme\/#primaryimage"},"thumbnailUrl":"https:\/\/archiv.siov.sk\/wp-content\/uploads\/2024\/07\/shutterstock_round-table-scaled.jpg","articleSection":["Aktuality"],"inLanguage":"en-GB"},{"@type":"WebPage","@id":"https:\/\/archiv.siov.sk\/pozvanka-na-seminar-nova-aplikacia-sccf-jazyk-marketing-a-financna-gramotnost-v-cvicnej-firme\/","url":"https:\/\/archiv.siov.sk\/pozvanka-na-seminar-nova-aplikacia-sccf-jazyk-marketing-a-financna-gramotnost-v-cvicnej-firme\/","name":"Pozv\u00e1nka na semin\u00e1r Nov\u00e1 aplik\u00e1cia SCCF, jazyk, marketing a finan\u010dn\u00e1 gramotnos\u0165 v cvi\u010dnej firme - \u0160IOV - \u0161t\u00e1tny in\u0161tit\u00fat odborn\u00e9ho vzdel\u00e1vania","isPartOf":{"@id":"https:\/\/archiv.siov.sk\/#website"},"primaryImageOfPage":{"@id":"https:\/\/archiv.siov.sk\/pozvanka-na-seminar-nova-aplikacia-sccf-jazyk-marketing-a-financna-gramotnost-v-cvicnej-firme\/#primaryimage"},"image":{"@id":"https:\/\/archiv.siov.sk\/pozvanka-na-seminar-nova-aplikacia-sccf-jazyk-marketing-a-financna-gramotnost-v-cvicnej-firme\/#primaryimage"},"thumbnailUrl":"https:\/\/archiv.siov.sk\/wp-content\/uploads\/2024\/07\/shutterstock_round-table-scaled.jpg","datePublished":"2024-07-16T11:35:57+00:00","dateModified":"2024-07-16T11:36:56+00:00","breadcrumb":{"@id":"https:\/\/archiv.siov.sk\/pozvanka-na-seminar-nova-aplikacia-sccf-jazyk-marketing-a-financna-gramotnost-v-cvicnej-firme\/#breadcrumb"},"inLanguage":"en-GB","potentialAction":[{"@type":"ReadAction","target":["https:\/\/archiv.siov.sk\/pozvanka-na-seminar-nova-aplikacia-sccf-jazyk-marketing-a-financna-gramotnost-v-cvicnej-firme\/"]}]},{"@type":"ImageObject","inLanguage":"en-GB","@id":"https:\/\/archiv.siov.sk\/pozvanka-na-seminar-nova-aplikacia-sccf-jazyk-marketing-a-financna-gramotnost-v-cvicnej-firme\/#primaryimage","url":"https:\/\/archiv.siov.sk\/wp-content\/uploads\/2024\/07\/shutterstock_round-table-scaled.jpg","contentUrl":"https:\/\/archiv.siov.sk\/wp-content\/uploads\/2024\/07\/shutterstock_round-table-scaled.jpg","width":2560,"height":1709},{"@type":"BreadcrumbList","@id":"https:\/\/archiv.siov.sk\/pozvanka-na-seminar-nova-aplikacia-sccf-jazyk-marketing-a-financna-gramotnost-v-cvicnej-firme\/#breadcrumb","itemListElement":[{"@type":"ListItem","position":1,"name":"Home","item":"https:\/\/archiv.siov.sk\/"},{"@type":"ListItem","position":2,"name":"Pozv\u00e1nka na semin\u00e1r Nov\u00e1 aplik\u00e1cia SCCF, jazyk, marketing a finan\u010dn\u00e1 gramotnos\u0165 v cvi\u010dnej firme"}]},{"@type":"WebSite","@id":"https:\/\/archiv.siov.sk\/#website","url":"https:\/\/archiv.siov.sk\/","name":"\u0160IOV - \u0161t\u00e1tny in\u0161tit\u00fat odborn\u00e9ho vzdel\u00e1vania","description":"","publisher":{"@id":"https:\/\/archiv.siov.sk\/#organization"},"potentialAction":[{"@type":"SearchAction","target":{"@type":"EntryPoint","urlTemplate":"https:\/\/archiv.siov.sk\/?s={search_term_string}"},"query-input":{"@type":"PropertyValueSpecification","valueRequired":true,"valueName":"search_term_string"}}],"inLanguage":"en-GB"},{"@type":"Organization","@id":"https:\/\/archiv.siov.sk\/#organization","name":"\u0160IOV - \u0161t\u00e1tny in\u0161tit\u00fat odborn\u00e9ho vzdel\u00e1vania","url":"https:\/\/archiv.siov.sk\/","logo":{"@type":"ImageObject","inLanguage":"en-GB","@id":"https:\/\/archiv.siov.sk\/#\/schema\/logo\/image\/","url":"https:\/\/archiv.siov.sk\/wp-content\/uploads\/2024\/02\/logo-SIOV.png","contentUrl":"https:\/\/archiv.siov.sk\/wp-content\/uploads\/2024\/02\/logo-SIOV.png","width":431,"height":143,"caption":"\u0160IOV - \u0161t\u00e1tny in\u0161tit\u00fat odborn\u00e9ho vzdel\u00e1vania"},"image":{"@id":"https:\/\/archiv.siov.sk\/#\/schema\/logo\/image\/"},"sameAs":["https:\/\/www.facebook.com\/Statnyinstitutodbornehovzdelavania"]},{"@type":"Person","@id":"https:\/\/archiv.siov.sk\/#\/schema\/person\/e42d633fbd958c6a726e8834d8965e6c","name":"Katar\u00edna Kov\u00e1\u010dov\u00e1","url":"https:\/\/archiv.siov.sk\/en\/author\/katkakovacova\/"}]}},"_links":{"self":[{"href":"https:\/\/archiv.siov.sk\/en\/wp-json\/wp\/v2\/posts\/16167","targetHints":{"allow":["GET"]}}],"collection":[{"href":"https:\/\/archiv.siov.sk\/en\/wp-json\/wp\/v2\/posts"}],"about":[{"href":"https:\/\/archiv.siov.sk\/en\/wp-json\/wp\/v2\/types\/post"}],"author":[{"embeddable":true,"href":"https:\/\/archiv.siov.sk\/en\/wp-json\/wp\/v2\/users\/6"}],"replies":[{"embeddable":true,"href":"https:\/\/archiv.siov.sk\/en\/wp-json\/wp\/v2\/comments?post=16167"}],"version-history":[{"count":2,"href":"https:\/\/archiv.siov.sk\/en\/wp-json\/wp\/v2\/posts\/16167\/revisions"}],"predecessor-version":[{"id":16171,"href":"https:\/\/archiv.siov.sk\/en\/wp-json\/wp\/v2\/posts\/16167\/revisions\/16171"}],"wp:featuredmedia":[{"embeddable":true,"href":"https:\/\/archiv.siov.sk\/en\/wp-json\/wp\/v2\/media\/16170"}],"wp:attachment":[{"href":"https:\/\/archiv.siov.sk\/en\/wp-json\/wp\/v2\/media?parent=16167"}],"wp:term":[{"taxonomy":"category","embeddable":true,"href":"https:\/\/archiv.siov.sk\/en\/wp-json\/wp\/v2\/categories?post=16167"},{"taxonomy":"post_tag","embeddable":true,"href":"https:\/\/archiv.siov.sk\/en\/wp-json\/wp\/v2\/tags?post=16167"}],"curies":[{"name":"wp","href":"https:\/\/api.w.org\/{rel}","templated":true}]}}