{"id":16144,"date":"2022-10-27T10:03:06","date_gmt":"2022-10-27T08:03:06","guid":{"rendered":"https:\/\/archiv.siov.sk\/?p=16144"},"modified":"2024-07-17T11:24:20","modified_gmt":"2024-07-17T09:24:20","slug":"vzdelavacia-mobilita-jednotlivcov-spanielsko","status":"publish","type":"post","link":"https:\/\/archiv.siov.sk\/en\/vzdelavacia-mobilita-jednotlivcov-spanielsko\/","title":{"rendered":"Vzdel\u00e1vacia mobilita jednotlivcov &#8211; \u0160panielsko"},"content":{"rendered":"<h4><strong>\u00da\u010delom aktiv\u00edt v\u00a0r\u00e1mci mobility financovan\u00fdch z\u00a0programu Erasmus+ je poskytn\u00fa\u0165 vzdel\u00e1vacie pr\u00edle\u017eitosti jednotlivcom a\u00a0podpori\u0165 internacionaliz\u00e1ciu a\u00a0in\u0161titucion\u00e1lny rozvoj poskytovate\u013eov OVP a\u00a0\u010fal\u0161\u00edch organiz\u00e1ci\u00ed v\u00a0sektore odborn\u00e9ho vzdel\u00e1vania a\u00a0pr\u00edpravy.\u00a0<\/strong><\/h4>\n<p>V r\u00e1mci aktiv\u00edt v n\u00e1rodnom referen\u010dnom mieste (NRP) Eqavet realizujeme od okt\u00f3bra 2022\u00a0\u00a0<strong>vzdel\u00e1vacie mobility jednotlivcov\u00a0<\/strong>pre tvorcov polit\u00edk a zainteresovan\u00e9 strany.<\/p>\n<p>V d\u0148och\u00a0<strong>25.-27. okt\u00f3bra 2022<\/strong>\u00a0sme spolu s riadite\u013eom \u0160IOV, Branislavom Had\u00e1rom, a kolegami z V\u00daC Bansk\u00e1 Bystrica a Pre\u0161ov, Silvou Ma\u0161l\u00e1rovou a Miroslavom Va\u0161kom vycestovali do \u0160panielska.<\/p>\n<p><strong>Hlavn\u00fdm cie\u013eom mobility<\/strong>\u00a0bolo z\u00edska\u0165 nov\u00e9 vedomosti o zabezpe\u010dovan\u00ed kvality OVP v inom \u010dlenskom \u0161t\u00e1te E\u00da na n\u00e1rodnej, region\u00e1lnej a in\u0161titucion\u00e1lnej \u00farovni. Okrem toho mobility umo\u017e\u0148uj\u00fa s organiz\u00e1ciami a jednotlivcami nadv\u00e4zovanie a rozvoj spolupr\u00e1ce potrebnej pre zvy\u0161ovanie kvality OVP a budovanie vz\u0165ahov, ktor\u00e9 s\u00fa nevyhnutn\u00e9 napr\u00edklad aj pri realiz\u00e1cii Centier excelentnosti (CoVE).<\/p>\n<p data-sourcepos=\"14:1-14:28\"><strong>De\u0148 1: NRP Eqavet Madrid<\/strong><\/p>\n<ul data-sourcepos=\"16:1-20:0\">\n<li data-sourcepos=\"16:1-16:44\">Stretnutie s kolegami z NRP Eqavet Madrid.<\/li>\n<li data-sourcepos=\"17:1-17:58\">Prezent\u00e1cia fungovania syst\u00e9mu vzdel\u00e1vania v \u0160panielsku.<\/li>\n<li data-sourcepos=\"18:1-18:53\">Diskusia o odli\u0161nostiach v 17 regi\u00f3noch \u0160panielska.<\/li>\n<li data-sourcepos=\"19:1-20:0\">Z\u00edskanie inform\u00e1ci\u00ed o najnov\u0161om v\u00fdvoji a legislat\u00edvnych zmen\u00e1ch v OVP.<\/li>\n<\/ul>\n<p data-sourcepos=\"21:1-21:41\"><strong>De\u0148 2: Stredn\u00e1 odborn\u00e1 \u0161kola Usurbile<\/strong><\/p>\n<ul data-sourcepos=\"23:1-29:0\">\n<li data-sourcepos=\"23:1-23:46\">N\u00e1v\u0161teva strednej odbornej \u0161koly v Usurbile (<strong>USURBILGO LANDIBE ESKOLA<\/strong>).<\/li>\n<li data-sourcepos=\"24:1-27:38\">Prehliadka \u0161koly a obozn\u00e1menie sa s jej zameran\u00edm na:\n<ul data-sourcepos=\"25:5-27:38\">\n<li data-sourcepos=\"25:5-25:25\">Du\u00e1lne vzdel\u00e1vanie.<\/li>\n<li data-sourcepos=\"26:5-26:30\">Celo\u017eivotn\u00e9 vzdel\u00e1vanie.<\/li>\n<li data-sourcepos=\"27:5-27:38\">Podporu dlhodobo nezamestnan\u00fdch.<\/li>\n<li data-sourcepos=\"27:5-27:38\">Vyu\u010dovanie v 5 odboroch: Biznis a financie, Elektrina a elektronika, Efekt\u00edvne hospod\u00e1renie s pr\u00edrodn\u00fdmi zdrojmi, Stroj\u00e1rstvo a In\u0161tal\u00e1cia a \u00fadr\u017eba.<\/li>\n<\/ul>\n<\/li>\n<li data-sourcepos=\"28:1-29:0\">Zauj\u00edmav\u00fd informa\u010dn\u00fd syst\u00e9m sleduj\u00faci \u0161tudentov na praktickom vyu\u010dovan\u00ed.<\/li>\n<\/ul>\n<p data-sourcepos=\"30:1-30:39\"><strong>De\u0148 3: Centrum excelentnosti TKNIKA<\/strong><\/p>\n<ul data-sourcepos=\"32:1-44:0\">\n<li data-sourcepos=\"32:1-32:65\">Prehliadka jedn\u00e9ho z najlep\u0161\u00edch centier excelentnosti v Eur\u00f3pe.<\/li>\n<li data-sourcepos=\"33:1-33:58\">TKNIKA spolupracuje so v\u0161etk\u00fdmi centrami OVP v Baskicku.<\/li>\n<li data-sourcepos=\"34:1-40:37\">Zameranie na v\u00fdskum a inov\u00e1cie v 6 <span class=\"citation-0\">oblastiach: <\/span>\n<ul data-sourcepos=\"35:5-40:37\">\n<li data-sourcepos=\"35:5-35:52\"><span class=\"citation-0\">Technologick\u00e9 inov\u00e1cie a inteligentn\u00e9 syst\u00e9my.<\/span><\/li>\n<li data-sourcepos=\"36:5-36:16\"><span class=\"citation-0\">Mana\u017ement.<\/span><\/li>\n<li data-sourcepos=\"37:5-37:34\"><span class=\"citation-0\">U\u010denie k vysokej v\u00fdkonnosti.<\/span><\/li>\n<li data-sourcepos=\"38:5-38:51\"><span class=\"citation-0\">Aplikovan\u00e9 inov\u00e1cie a strategick\u00e9 nastavenia.<\/span><\/li>\n<li data-sourcepos=\"39:5-39:26\"><span class=\"citation-0\">Internacionaliz\u00e1cia.<\/span><\/li>\n<li data-sourcepos=\"40:5-40:37\"><span class=\"citation-0\">Biologick\u00e9 vedy a udr\u017eate\u013enos\u0165.<\/span><\/li>\n<\/ul>\n<\/li>\n<li data-sourcepos=\"41:1-41:111\"><span class=\"citation-0 citation-end-0\">Objective<\/span> centra je rozv\u00edja\u0165 a implementova\u0165 inov\u00e1cie pre stredn\u00e9 odborn\u00e9 \u0161koly, firmy a zamestn\u00e1vate\u013eov.<\/li>\n<li data-sourcepos=\"42:1-42:64\">TKNIKA podporuje transfer vedomost\u00ed a zru\u010dnost\u00ed medzi \u0161kolami.<\/li>\n<li data-sourcepos=\"43:1-44:0\">Centrum realizuje inovat\u00edvne projekty v oblastiach technol\u00f3gi\u00ed, vzdel\u00e1vania a mana\u017ementu.<\/li>\n<\/ul>\n<p>Centrum sa venuje vyv\u00edjaniu a implement\u00e1cii inov\u00e1ci\u00ed pre stredn\u00e9 odborn\u00e9 \u0161koly, centr\u00e1 odborn\u00e9ho vzdel\u00e1vania a pr\u00edpravy, firmy a zamestn\u00e1vate\u013eov. Tknika je podporovan\u00e1 Ministerstvom vzdel\u00e1vania a odbornej pr\u00edpravy\u00a0<strong>v\u00a0Baskicku<\/strong>. Centrum m\u00e1 \u00b4<strong>transfer vedomost\u00ed a zru\u010dnost\u00ed<\/strong>\u00b4 ako jeden z hlavn\u00fdch cie\u013eov, so snahou odovzd\u00e1va\u0165 a zdie\u013ea\u0165 inform\u00e1cie, aby sa stredn\u00e9 odborn\u00e9 \u0161koly vzdel\u00e1vali, in\u0161pirovali, informovali a n\u00e1sledne sa sami st\u00e1vali excelentn\u00fdmi subjektmi vo svojich odvetviach, svojom smerovan\u00ed\u00a0 a p\u00f4soben\u00ed. Pomocou priameho vzdel\u00e1vania u\u010dite\u013eov a pedag\u00f3gov centrum vyv\u00edja\u00a0<strong>inovat\u00edvne projekty<\/strong>\u00a0v oblastiach technol\u00f3gi\u00ed, vzdel\u00e1vania a mana\u017ementu.<\/p>\n<p>Mobilita v r\u00e1mci programu Erasmus+ do \u0160panielska bola pre z\u00fa\u010dastnen\u00fdch cenn\u00fdm pr\u00ednosom. Priniesla n\u00e1m nov\u00e9 vedomosti a sk\u00fasenosti o syst\u00e9me zabezpe\u010dovan\u00ed kvality OVP v inom \u010dlenskom \u0161t\u00e1te E\u00da a umo\u017enila n\u00e1m nadviaza\u0165 kontakty s k\u013e\u00fa\u010dov\u00fdmi akt\u00e9rmi v tejto oblasti.<\/p>\n<p><img fetchpriority=\"high\" decoding=\"async\" class=\"alignnone size-medium wp-image-16154\" src=\"https:\/\/archiv.siov.sk\/wp-content\/uploads\/2024\/07\/logo-erasmus-300x170.png\" alt=\"erasmus_plus\" width=\"300\" height=\"170\" srcset=\"https:\/\/archiv.siov.sk\/wp-content\/uploads\/2024\/07\/logo-erasmus-300x170.png 300w, https:\/\/archiv.siov.sk\/wp-content\/uploads\/2024\/07\/logo-erasmus-1024x580.png 1024w, https:\/\/archiv.siov.sk\/wp-content\/uploads\/2024\/07\/logo-erasmus-768x435.png 768w, https:\/\/archiv.siov.sk\/wp-content\/uploads\/2024\/07\/logo-erasmus-18x10.png 18w, https:\/\/archiv.siov.sk\/wp-content\/uploads\/2024\/07\/logo-erasmus.png 1200w\" sizes=\"(max-width: 300px) 100vw, 300px\" \/> <img decoding=\"async\" class=\"alignnone size-full wp-image-16155\" src=\"https:\/\/archiv.siov.sk\/wp-content\/uploads\/2024\/07\/logo-spolufinancovany-europskou-uniou.jpg\" alt=\"spolufinancovan\u00fd Eur\u00f3pskou \u00faniou\" width=\"300\" height=\"68\" srcset=\"https:\/\/archiv.siov.sk\/wp-content\/uploads\/2024\/07\/logo-spolufinancovany-europskou-uniou.jpg 300w, https:\/\/archiv.siov.sk\/wp-content\/uploads\/2024\/07\/logo-spolufinancovany-europskou-uniou-18x4.jpg 18w\" sizes=\"(max-width: 300px) 100vw, 300px\" \/><\/p>","protected":false},"excerpt":{"rendered":"<p>\u00da\u010delom aktiv\u00edt v\u00a0r\u00e1mci mobility financovan\u00fdch z\u00a0programu Erasmus+ je poskytn\u00fa\u0165 vzdel\u00e1vacie pr\u00edle\u017eitosti jednotlivcom a\u00a0podpori\u0165 internacionaliz\u00e1ciu a\u00a0in\u0161titucion\u00e1lny rozvoj poskytovate\u013eov OVP a\u00a0\u010fal\u0161\u00edch organiz\u00e1ci\u00ed v\u00a0sektore odborn\u00e9ho vzdel\u00e1vania a\u00a0pr\u00edpravy.\u00a0 V r\u00e1mci aktiv\u00edt v n\u00e1rodnom referen\u010dnom mieste (NRP) Eqavet realizujeme od okt\u00f3bra 2022\u00a0\u00a0vzdel\u00e1vacie mobility jednotlivcov\u00a0pre tvorcov polit\u00edk a zainteresovan\u00e9 strany. V d\u0148och\u00a025.-27. okt\u00f3bra 2022\u00a0sme spolu s riadite\u013eom \u0160IOV, Branislavom Had\u00e1rom, a [&hellip;]<\/p>\n","protected":false},"author":10,"featured_media":16143,"comment_status":"closed","ping_status":"closed","sticky":false,"template":"","format":"standard","meta":{"site-sidebar-layout":"default","site-content-layout":"","ast-site-content-layout":"default","site-content-style":"default","site-sidebar-style":"default","ast-global-header-display":"","ast-banner-title-visibility":"","ast-main-header-display":"","ast-hfb-above-header-display":"","ast-hfb-below-header-display":"","ast-hfb-mobile-header-display":"","site-post-title":"","ast-breadcrumbs-content":"","ast-featured-img":"","footer-sml-layout":"","ast-disable-related-posts":"","theme-transparent-header-meta":"default","adv-header-id-meta":"","stick-header-meta":"default","header-above-stick-meta":"","header-main-stick-meta":"","header-below-stick-meta":"","astra-migrate-meta-layouts":"set","ast-page-background-enabled":"default","ast-page-background-meta":{"desktop":{"background-color":"var(--ast-global-color-4)","background-image":"","background-repeat":"repeat","background-position":"center center","background-size":"auto","background-attachment":"scroll","background-type":"","background-media":"","overlay-type":"","overlay-color":"","overlay-opacity":"","overlay-gradient":""},"tablet":{"background-color":"","background-image":"","background-repeat":"repeat","background-position":"center center","background-size":"auto","background-attachment":"scroll","background-type":"","background-media":"","overlay-type":"","overlay-color":"","overlay-opacity":"","overlay-gradient":""},"mobile":{"background-color":"","background-image":"","background-repeat":"repeat","background-position":"center center","background-size":"auto","background-attachment":"scroll","background-type":"","background-media":"","overlay-type":"","overlay-color":"","overlay-opacity":"","overlay-gradient":""}},"ast-content-background-meta":{"desktop":{"background-color":"var(--ast-global-color-5)","background-image":"","background-repeat":"repeat","background-position":"center center","background-size":"auto","background-attachment":"scroll","background-type":"","background-media":"","overlay-type":"","overlay-color":"","overlay-opacity":"","overlay-gradient":""},"tablet":{"background-color":"var(--ast-global-color-5)","background-image":"","background-repeat":"repeat","background-position":"center center","background-size":"auto","background-attachment":"scroll","background-type":"","background-media":"","overlay-type":"","overlay-color":"","overlay-opacity":"","overlay-gradient":""},"mobile":{"background-color":"var(--ast-global-color-5)","background-image":"","background-repeat":"repeat","background-position":"center center","background-size":"auto","background-attachment":"scroll","background-type":"","background-media":"","overlay-type":"","overlay-color":"","overlay-opacity":"","overlay-gradient":""}},"footnotes":""},"categories":[25],"tags":[],"class_list":["post-16144","post","type-post","status-publish","format-standard","has-post-thumbnail","hentry","category-erasmusplus"],"yoast_head":"<!-- This site is optimized with the Yoast SEO plugin v27.5 - https:\/\/yoast.com\/product\/yoast-seo-wordpress\/ -->\n<title>Vzdel\u00e1vacia mobilita jednotlivcov - \u0160panielsko - \u0160IOV - \u0161t\u00e1tny in\u0161tit\u00fat odborn\u00e9ho vzdel\u00e1vania<\/title>\n<meta name=\"description\" content=\"V r\u00e1mci aktiv\u00edt v n\u00e1rodnom referen\u010dnom mieste (NRP) Eqavet realizujeme od okt\u00f3bra 2022\u00a0vzdel\u00e1vacie mobility\u00a0pre tvorcov polit\u00edk a zainteresovan\u00e9 strany.\" \/>\n<meta name=\"robots\" content=\"index, follow, max-snippet:-1, max-image-preview:large, max-video-preview:-1\" \/>\n<link rel=\"canonical\" href=\"https:\/\/archiv.siov.sk\/en\/vzdelavacia-mobilita-jednotlivcov-spanielsko\/\" \/>\n<meta property=\"og:locale\" content=\"en_GB\" \/>\n<meta property=\"og:type\" content=\"article\" \/>\n<meta property=\"og:title\" content=\"Vzdel\u00e1vacia mobilita jednotlivcov - \u0160panielsko - \u0160IOV - \u0161t\u00e1tny in\u0161tit\u00fat odborn\u00e9ho vzdel\u00e1vania\" \/>\n<meta property=\"og:description\" content=\"V r\u00e1mci aktiv\u00edt v n\u00e1rodnom referen\u010dnom mieste (NRP) Eqavet realizujeme od okt\u00f3bra 2022\u00a0vzdel\u00e1vacie mobility\u00a0pre tvorcov polit\u00edk a zainteresovan\u00e9 strany.\" \/>\n<meta property=\"og:url\" content=\"https:\/\/archiv.siov.sk\/en\/vzdelavacia-mobilita-jednotlivcov-spanielsko\/\" \/>\n<meta property=\"og:site_name\" content=\"\u0160IOV - \u0161t\u00e1tny in\u0161tit\u00fat odborn\u00e9ho vzdel\u00e1vania\" \/>\n<meta property=\"article:publisher\" content=\"https:\/\/www.facebook.com\/Statnyinstitutodbornehovzdelavania\" \/>\n<meta property=\"article:published_time\" content=\"2022-10-27T08:03:06+00:00\" \/>\n<meta property=\"article:modified_time\" content=\"2024-07-17T09:24:20+00:00\" \/>\n<meta property=\"og:image\" content=\"https:\/\/archiv.siov.sk\/wp-content\/uploads\/2024\/07\/erasmus_mobilita_spanielsko_siov.jpeg\" \/>\n\t<meta property=\"og:image:width\" content=\"1024\" \/>\n\t<meta property=\"og:image:height\" content=\"768\" \/>\n\t<meta property=\"og:image:type\" content=\"image\/jpeg\" \/>\n<meta name=\"author\" content=\"Gabriela Budayov\u00e1\" \/>\n<meta name=\"twitter:card\" content=\"summary_large_image\" \/>\n<meta name=\"twitter:label1\" content=\"Written by\" \/>\n\t<meta name=\"twitter:data1\" content=\"Gabriela Budayov\u00e1\" \/>\n\t<meta name=\"twitter:label2\" content=\"Estimated reading time\" \/>\n\t<meta name=\"twitter:data2\" content=\"3 minutes\" \/>\n<script type=\"application\/ld+json\" class=\"yoast-schema-graph\">{\"@context\":\"https:\\\/\\\/schema.org\",\"@graph\":[{\"@type\":\"Article\",\"@id\":\"https:\\\/\\\/archiv.siov.sk\\\/vzdelavacia-mobilita-jednotlivcov-spanielsko\\\/#article\",\"isPartOf\":{\"@id\":\"https:\\\/\\\/archiv.siov.sk\\\/vzdelavacia-mobilita-jednotlivcov-spanielsko\\\/\"},\"author\":{\"name\":\"Gabriela Budayov\u00e1\",\"@id\":\"https:\\\/\\\/archiv.siov.sk\\\/#\\\/schema\\\/person\\\/2d35146a9c0fa51b027e8ff319cee627\"},\"headline\":\"Vzdel\u00e1vacia mobilita jednotlivcov &#8211; \u0160panielsko\",\"datePublished\":\"2022-10-27T08:03:06+00:00\",\"dateModified\":\"2024-07-17T09:24:20+00:00\",\"mainEntityOfPage\":{\"@id\":\"https:\\\/\\\/archiv.siov.sk\\\/vzdelavacia-mobilita-jednotlivcov-spanielsko\\\/\"},\"wordCount\":583,\"publisher\":{\"@id\":\"https:\\\/\\\/archiv.siov.sk\\\/#organization\"},\"image\":{\"@id\":\"https:\\\/\\\/archiv.siov.sk\\\/vzdelavacia-mobilita-jednotlivcov-spanielsko\\\/#primaryimage\"},\"thumbnailUrl\":\"https:\\\/\\\/archiv.siov.sk\\\/wp-content\\\/uploads\\\/2024\\\/07\\\/erasmus_mobilita_spanielsko_siov.jpeg\",\"articleSection\":[\"Erasmus+\"],\"inLanguage\":\"en-GB\"},{\"@type\":\"WebPage\",\"@id\":\"https:\\\/\\\/archiv.siov.sk\\\/vzdelavacia-mobilita-jednotlivcov-spanielsko\\\/\",\"url\":\"https:\\\/\\\/archiv.siov.sk\\\/vzdelavacia-mobilita-jednotlivcov-spanielsko\\\/\",\"name\":\"Vzdel\u00e1vacia mobilita jednotlivcov - \u0160panielsko - \u0160IOV - \u0161t\u00e1tny in\u0161tit\u00fat odborn\u00e9ho vzdel\u00e1vania\",\"isPartOf\":{\"@id\":\"https:\\\/\\\/archiv.siov.sk\\\/#website\"},\"primaryImageOfPage\":{\"@id\":\"https:\\\/\\\/archiv.siov.sk\\\/vzdelavacia-mobilita-jednotlivcov-spanielsko\\\/#primaryimage\"},\"image\":{\"@id\":\"https:\\\/\\\/archiv.siov.sk\\\/vzdelavacia-mobilita-jednotlivcov-spanielsko\\\/#primaryimage\"},\"thumbnailUrl\":\"https:\\\/\\\/archiv.siov.sk\\\/wp-content\\\/uploads\\\/2024\\\/07\\\/erasmus_mobilita_spanielsko_siov.jpeg\",\"datePublished\":\"2022-10-27T08:03:06+00:00\",\"dateModified\":\"2024-07-17T09:24:20+00:00\",\"description\":\"V r\u00e1mci aktiv\u00edt v n\u00e1rodnom referen\u010dnom mieste (NRP) Eqavet realizujeme od okt\u00f3bra 2022\u00a0vzdel\u00e1vacie mobility\u00a0pre tvorcov polit\u00edk a zainteresovan\u00e9 strany.\",\"breadcrumb\":{\"@id\":\"https:\\\/\\\/archiv.siov.sk\\\/vzdelavacia-mobilita-jednotlivcov-spanielsko\\\/#breadcrumb\"},\"inLanguage\":\"en-GB\",\"potentialAction\":[{\"@type\":\"ReadAction\",\"target\":[\"https:\\\/\\\/archiv.siov.sk\\\/vzdelavacia-mobilita-jednotlivcov-spanielsko\\\/\"]}]},{\"@type\":\"ImageObject\",\"inLanguage\":\"en-GB\",\"@id\":\"https:\\\/\\\/archiv.siov.sk\\\/vzdelavacia-mobilita-jednotlivcov-spanielsko\\\/#primaryimage\",\"url\":\"https:\\\/\\\/archiv.siov.sk\\\/wp-content\\\/uploads\\\/2024\\\/07\\\/erasmus_mobilita_spanielsko_siov.jpeg\",\"contentUrl\":\"https:\\\/\\\/archiv.siov.sk\\\/wp-content\\\/uploads\\\/2024\\\/07\\\/erasmus_mobilita_spanielsko_siov.jpeg\",\"width\":1024,\"height\":768,\"caption\":\"Erasmus_mobilita_spanielsko\"},{\"@type\":\"BreadcrumbList\",\"@id\":\"https:\\\/\\\/archiv.siov.sk\\\/vzdelavacia-mobilita-jednotlivcov-spanielsko\\\/#breadcrumb\",\"itemListElement\":[{\"@type\":\"ListItem\",\"position\":1,\"name\":\"Home\",\"item\":\"https:\\\/\\\/archiv.siov.sk\\\/\"},{\"@type\":\"ListItem\",\"position\":2,\"name\":\"Vzdel\u00e1vacia mobilita jednotlivcov &#8211; \u0160panielsko\"}]},{\"@type\":\"WebSite\",\"@id\":\"https:\\\/\\\/archiv.siov.sk\\\/#website\",\"url\":\"https:\\\/\\\/archiv.siov.sk\\\/\",\"name\":\"\u0160IOV - \u0161t\u00e1tny in\u0161tit\u00fat odborn\u00e9ho vzdel\u00e1vania\",\"description\":\"\",\"publisher\":{\"@id\":\"https:\\\/\\\/archiv.siov.sk\\\/#organization\"},\"potentialAction\":[{\"@type\":\"SearchAction\",\"target\":{\"@type\":\"EntryPoint\",\"urlTemplate\":\"https:\\\/\\\/archiv.siov.sk\\\/?s={search_term_string}\"},\"query-input\":{\"@type\":\"PropertyValueSpecification\",\"valueRequired\":true,\"valueName\":\"search_term_string\"}}],\"inLanguage\":\"en-GB\"},{\"@type\":\"Organization\",\"@id\":\"https:\\\/\\\/archiv.siov.sk\\\/#organization\",\"name\":\"\u0160IOV - \u0161t\u00e1tny in\u0161tit\u00fat odborn\u00e9ho vzdel\u00e1vania\",\"url\":\"https:\\\/\\\/archiv.siov.sk\\\/\",\"logo\":{\"@type\":\"ImageObject\",\"inLanguage\":\"en-GB\",\"@id\":\"https:\\\/\\\/archiv.siov.sk\\\/#\\\/schema\\\/logo\\\/image\\\/\",\"url\":\"https:\\\/\\\/archiv.siov.sk\\\/wp-content\\\/uploads\\\/2024\\\/02\\\/logo-SIOV.png\",\"contentUrl\":\"https:\\\/\\\/archiv.siov.sk\\\/wp-content\\\/uploads\\\/2024\\\/02\\\/logo-SIOV.png\",\"width\":431,\"height\":143,\"caption\":\"\u0160IOV - \u0161t\u00e1tny in\u0161tit\u00fat odborn\u00e9ho vzdel\u00e1vania\"},\"image\":{\"@id\":\"https:\\\/\\\/archiv.siov.sk\\\/#\\\/schema\\\/logo\\\/image\\\/\"},\"sameAs\":[\"https:\\\/\\\/www.facebook.com\\\/Statnyinstitutodbornehovzdelavania\"]},{\"@type\":\"Person\",\"@id\":\"https:\\\/\\\/archiv.siov.sk\\\/#\\\/schema\\\/person\\\/2d35146a9c0fa51b027e8ff319cee627\",\"name\":\"Gabriela Budayov\u00e1\",\"url\":\"https:\\\/\\\/archiv.siov.sk\\\/en\\\/author\\\/gabriela-budayova\\\/\"}]}<\/script>\n<!-- \/ Yoast SEO plugin. -->","yoast_head_json":{"title":"Vzdel\u00e1vacia mobilita jednotlivcov - \u0160panielsko - \u0160IOV - \u0161t\u00e1tny in\u0161tit\u00fat odborn\u00e9ho vzdel\u00e1vania","description":"V r\u00e1mci aktiv\u00edt v n\u00e1rodnom referen\u010dnom mieste (NRP) Eqavet realizujeme od okt\u00f3bra 2022\u00a0vzdel\u00e1vacie mobility\u00a0pre tvorcov polit\u00edk a zainteresovan\u00e9 strany.","robots":{"index":"index","follow":"follow","max-snippet":"max-snippet:-1","max-image-preview":"max-image-preview:large","max-video-preview":"max-video-preview:-1"},"canonical":"https:\/\/archiv.siov.sk\/en\/vzdelavacia-mobilita-jednotlivcov-spanielsko\/","og_locale":"en_GB","og_type":"article","og_title":"Vzdel\u00e1vacia mobilita jednotlivcov - \u0160panielsko - \u0160IOV - \u0161t\u00e1tny in\u0161tit\u00fat odborn\u00e9ho vzdel\u00e1vania","og_description":"V r\u00e1mci aktiv\u00edt v n\u00e1rodnom referen\u010dnom mieste (NRP) Eqavet realizujeme od okt\u00f3bra 2022\u00a0vzdel\u00e1vacie mobility\u00a0pre tvorcov polit\u00edk a zainteresovan\u00e9 strany.","og_url":"https:\/\/archiv.siov.sk\/en\/vzdelavacia-mobilita-jednotlivcov-spanielsko\/","og_site_name":"\u0160IOV - \u0161t\u00e1tny in\u0161tit\u00fat odborn\u00e9ho vzdel\u00e1vania","article_publisher":"https:\/\/www.facebook.com\/Statnyinstitutodbornehovzdelavania","article_published_time":"2022-10-27T08:03:06+00:00","article_modified_time":"2024-07-17T09:24:20+00:00","og_image":[{"width":1024,"height":768,"url":"https:\/\/archiv.siov.sk\/wp-content\/uploads\/2024\/07\/erasmus_mobilita_spanielsko_siov.jpeg","type":"image\/jpeg"}],"author":"Gabriela Budayov\u00e1","twitter_card":"summary_large_image","twitter_misc":{"Written by":"Gabriela Budayov\u00e1","Estimated reading time":"3 minutes"},"schema":{"@context":"https:\/\/schema.org","@graph":[{"@type":"Article","@id":"https:\/\/archiv.siov.sk\/vzdelavacia-mobilita-jednotlivcov-spanielsko\/#article","isPartOf":{"@id":"https:\/\/archiv.siov.sk\/vzdelavacia-mobilita-jednotlivcov-spanielsko\/"},"author":{"name":"Gabriela Budayov\u00e1","@id":"https:\/\/archiv.siov.sk\/#\/schema\/person\/2d35146a9c0fa51b027e8ff319cee627"},"headline":"Vzdel\u00e1vacia mobilita jednotlivcov &#8211; \u0160panielsko","datePublished":"2022-10-27T08:03:06+00:00","dateModified":"2024-07-17T09:24:20+00:00","mainEntityOfPage":{"@id":"https:\/\/archiv.siov.sk\/vzdelavacia-mobilita-jednotlivcov-spanielsko\/"},"wordCount":583,"publisher":{"@id":"https:\/\/archiv.siov.sk\/#organization"},"image":{"@id":"https:\/\/archiv.siov.sk\/vzdelavacia-mobilita-jednotlivcov-spanielsko\/#primaryimage"},"thumbnailUrl":"https:\/\/archiv.siov.sk\/wp-content\/uploads\/2024\/07\/erasmus_mobilita_spanielsko_siov.jpeg","articleSection":["Erasmus+"],"inLanguage":"en-GB"},{"@type":"WebPage","@id":"https:\/\/archiv.siov.sk\/vzdelavacia-mobilita-jednotlivcov-spanielsko\/","url":"https:\/\/archiv.siov.sk\/vzdelavacia-mobilita-jednotlivcov-spanielsko\/","name":"Vzdel\u00e1vacia mobilita jednotlivcov - \u0160panielsko - \u0160IOV - \u0161t\u00e1tny in\u0161tit\u00fat odborn\u00e9ho vzdel\u00e1vania","isPartOf":{"@id":"https:\/\/archiv.siov.sk\/#website"},"primaryImageOfPage":{"@id":"https:\/\/archiv.siov.sk\/vzdelavacia-mobilita-jednotlivcov-spanielsko\/#primaryimage"},"image":{"@id":"https:\/\/archiv.siov.sk\/vzdelavacia-mobilita-jednotlivcov-spanielsko\/#primaryimage"},"thumbnailUrl":"https:\/\/archiv.siov.sk\/wp-content\/uploads\/2024\/07\/erasmus_mobilita_spanielsko_siov.jpeg","datePublished":"2022-10-27T08:03:06+00:00","dateModified":"2024-07-17T09:24:20+00:00","description":"V r\u00e1mci aktiv\u00edt v n\u00e1rodnom referen\u010dnom mieste (NRP) Eqavet realizujeme od okt\u00f3bra 2022\u00a0vzdel\u00e1vacie mobility\u00a0pre tvorcov polit\u00edk a zainteresovan\u00e9 strany.","breadcrumb":{"@id":"https:\/\/archiv.siov.sk\/vzdelavacia-mobilita-jednotlivcov-spanielsko\/#breadcrumb"},"inLanguage":"en-GB","potentialAction":[{"@type":"ReadAction","target":["https:\/\/archiv.siov.sk\/vzdelavacia-mobilita-jednotlivcov-spanielsko\/"]}]},{"@type":"ImageObject","inLanguage":"en-GB","@id":"https:\/\/archiv.siov.sk\/vzdelavacia-mobilita-jednotlivcov-spanielsko\/#primaryimage","url":"https:\/\/archiv.siov.sk\/wp-content\/uploads\/2024\/07\/erasmus_mobilita_spanielsko_siov.jpeg","contentUrl":"https:\/\/archiv.siov.sk\/wp-content\/uploads\/2024\/07\/erasmus_mobilita_spanielsko_siov.jpeg","width":1024,"height":768,"caption":"Erasmus_mobilita_spanielsko"},{"@type":"BreadcrumbList","@id":"https:\/\/archiv.siov.sk\/vzdelavacia-mobilita-jednotlivcov-spanielsko\/#breadcrumb","itemListElement":[{"@type":"ListItem","position":1,"name":"Home","item":"https:\/\/archiv.siov.sk\/"},{"@type":"ListItem","position":2,"name":"Vzdel\u00e1vacia mobilita jednotlivcov &#8211; \u0160panielsko"}]},{"@type":"WebSite","@id":"https:\/\/archiv.siov.sk\/#website","url":"https:\/\/archiv.siov.sk\/","name":"\u0160IOV - \u0161t\u00e1tny in\u0161tit\u00fat odborn\u00e9ho vzdel\u00e1vania","description":"","publisher":{"@id":"https:\/\/archiv.siov.sk\/#organization"},"potentialAction":[{"@type":"SearchAction","target":{"@type":"EntryPoint","urlTemplate":"https:\/\/archiv.siov.sk\/?s={search_term_string}"},"query-input":{"@type":"PropertyValueSpecification","valueRequired":true,"valueName":"search_term_string"}}],"inLanguage":"en-GB"},{"@type":"Organization","@id":"https:\/\/archiv.siov.sk\/#organization","name":"\u0160IOV - \u0161t\u00e1tny in\u0161tit\u00fat odborn\u00e9ho vzdel\u00e1vania","url":"https:\/\/archiv.siov.sk\/","logo":{"@type":"ImageObject","inLanguage":"en-GB","@id":"https:\/\/archiv.siov.sk\/#\/schema\/logo\/image\/","url":"https:\/\/archiv.siov.sk\/wp-content\/uploads\/2024\/02\/logo-SIOV.png","contentUrl":"https:\/\/archiv.siov.sk\/wp-content\/uploads\/2024\/02\/logo-SIOV.png","width":431,"height":143,"caption":"\u0160IOV - \u0161t\u00e1tny in\u0161tit\u00fat odborn\u00e9ho vzdel\u00e1vania"},"image":{"@id":"https:\/\/archiv.siov.sk\/#\/schema\/logo\/image\/"},"sameAs":["https:\/\/www.facebook.com\/Statnyinstitutodbornehovzdelavania"]},{"@type":"Person","@id":"https:\/\/archiv.siov.sk\/#\/schema\/person\/2d35146a9c0fa51b027e8ff319cee627","name":"Gabriela Budayov\u00e1","url":"https:\/\/archiv.siov.sk\/en\/author\/gabriela-budayova\/"}]}},"_links":{"self":[{"href":"https:\/\/archiv.siov.sk\/en\/wp-json\/wp\/v2\/posts\/16144","targetHints":{"allow":["GET"]}}],"collection":[{"href":"https:\/\/archiv.siov.sk\/en\/wp-json\/wp\/v2\/posts"}],"about":[{"href":"https:\/\/archiv.siov.sk\/en\/wp-json\/wp\/v2\/types\/post"}],"author":[{"embeddable":true,"href":"https:\/\/archiv.siov.sk\/en\/wp-json\/wp\/v2\/users\/10"}],"replies":[{"embeddable":true,"href":"https:\/\/archiv.siov.sk\/en\/wp-json\/wp\/v2\/comments?post=16144"}],"version-history":[{"count":4,"href":"https:\/\/archiv.siov.sk\/en\/wp-json\/wp\/v2\/posts\/16144\/revisions"}],"predecessor-version":[{"id":16157,"href":"https:\/\/archiv.siov.sk\/en\/wp-json\/wp\/v2\/posts\/16144\/revisions\/16157"}],"wp:featuredmedia":[{"embeddable":true,"href":"https:\/\/archiv.siov.sk\/en\/wp-json\/wp\/v2\/media\/16143"}],"wp:attachment":[{"href":"https:\/\/archiv.siov.sk\/en\/wp-json\/wp\/v2\/media?parent=16144"}],"wp:term":[{"taxonomy":"category","embeddable":true,"href":"https:\/\/archiv.siov.sk\/en\/wp-json\/wp\/v2\/categories?post=16144"},{"taxonomy":"post_tag","embeddable":true,"href":"https:\/\/archiv.siov.sk\/en\/wp-json\/wp\/v2\/tags?post=16144"}],"curies":[{"name":"wp","href":"https:\/\/api.w.org\/{rel}","templated":true}]}}