{"id":16130,"date":"2024-07-10T10:23:41","date_gmt":"2024-07-10T08:23:41","guid":{"rendered":"https:\/\/archiv.siov.sk\/?p=16130"},"modified":"2024-07-10T10:24:54","modified_gmt":"2024-07-10T08:24:54","slug":"16-rocnik-studentskej-sutaze-rodinny-dom-velux-ukazal-vysoku-uroven-stredoskolakov","status":"publish","type":"post","link":"https:\/\/archiv.siov.sk\/en\/16-rocnik-studentskej-sutaze-rodinny-dom-velux-ukazal-vysoku-uroven-stredoskolakov\/","title":{"rendered":"16. ro\u010dn\u00edk \u0161tudentskej s\u00fa\u0165a\u017ee Rodinn\u00fd dom VELUX uk\u00e1zal vysok\u00fa \u00farove\u0148 stredo\u0161kol\u00e1kov"},"content":{"rendered":"<p style=\"text-align: justify;\">Spolo\u010dnos\u0165 VELUX na Slovensku u\u017e 16 rokov organizuje s\u00fa\u0165a\u017e pre \u0161tudentov stredn\u00fdch \u0161k\u00f4l so zameran\u00edm na stavebn\u00edctvo. Po rokoch sa vyhl\u00e1senie jej v\u00fdsledkov op\u00e4\u0165 konalo na\u017eivo za osobn\u00e9ho stretnutia s\u00fa\u0165a\u017eiacich \u0161tudentov, pedag\u00f3gov a z\u00e1stupcov architektonickej obce.<\/p>\n<p style=\"text-align: justify;\">Pravidlom a cie\u013eom s\u00fa\u0165a\u017ee je navrhova\u0165 projekty domov, do ktor\u00fdch denn\u00e9 svetlo a \u010derstv\u00fd vzduch prich\u00e1dza strechou prostredn\u00edctvom v\u00fdrobkov VELUX. S\u00fa\u0165a\u017e bola vyhl\u00e1sen\u00e1 pod z\u00e1\u0161titou \u0160t\u00e1tneho In\u0161tit\u00fatu odborn\u00e9ho vzdel\u00e1vania, ktor\u00fd pre umiestnen\u00fdch na prv\u00fdch troch miestach udelil pam\u00e4tn\u00e9 poh\u00e1re \u0160IOV.<\/p>\n<p style=\"text-align: justify;\">VELUX si pre \u0161tudentov pripravil aj \u0161kolenia n\u00e1pomocn\u00e9 k vypracovaniu ich projektov. Workshopy konaj\u00face sa v bratislavskom showroome VELUX i online streamovan\u00e9 webin\u00e1re mali za cie\u013e \u0161tudentov nau\u010di\u0165 spr\u00e1vne pracova\u0165 s denn\u00fdm svetlom a stava\u0165 zdrav\u00e9 a udr\u017eate\u013en\u00e9 budovy.<\/p>\n<p><strong>\u0160tudenti potvrdili z\u00e1ujem vysokou \u00fa\u010das\u0165ou<\/strong><\/p>\n<p style=\"text-align: justify;\"><strong>\u00a0<\/strong>Do s\u00fa\u0165a\u017ee Rodinn\u00fd dom VELUX sa tento rok prihl\u00e1silo a\u017e 126 \u0161tudentov z\u00a09 stredn\u00fdch odborn\u00fdch \u0161k\u00f4l, pri\u010dom do celo\u0161t\u00e1tneho kola post\u00fapilo napokon 39 projektov, ktor\u00e9 posudzovala odborn\u00e1 porota v\u00a0zlo\u017een\u00ed:<\/p>\n<ul>\n<li><strong> Art. Richard Kilo, Kilo\/Hon\u010d <\/strong><\/li>\n<li><strong> arch Luk\u00e1\u0161 \u0160\u00edp, PhD., Coolstock <\/strong><\/li>\n<\/ul>\n<p style=\"text-align: justify;\">Z\u00e1stupca spolo\u010dnosti VELUX, architekt Marek Petr\u00edk prezradil aj novinku: \u201eV spolo\u010dnosti VELUX h\u013ead\u00e1me sp\u00f4soby, ako \u010falej \u0161tudentom pom\u00f4c\u0165 vzdel\u00e1va\u0165 sa a\u00a0rozv\u00edja\u0165. Podarilo sa n\u00e1m nadviaza\u0165 spolupr\u00e1cu so spolo\u010dnos\u0165ou Lumion v\u00a0\u010ceskej Republike a\u00a0na Slovensku a\u00a0pre \u0161tudentov sme\u00a0pripravili webin\u00e1r so zauj\u00edmav\u00fdm tipmi a\u00a0trikmi pre 3D vizualiz\u00e1cie.\u201c<\/p>\n<p style=\"text-align: justify;\">V\u00fdsledky \u0161kolsk\u00e9ho i\u00a0celo\u0161t\u00e1tneho kola \u0161tudentskej s\u00fa\u0165a\u017ee Rodinn\u00fd dom s\u00fa dostupn\u00e9 na webe: <a href=\"https:\/\/www.velux.sk\/odbornici\/architekti-a-projektanti\/sutaze\/rodinny-dom\">https:\/\/www.velux.sk\/odbornici\/architekti-a-projektanti\/sutaze\/rodinny-dom<\/a><\/p>\n<p><strong>Aktu\u00e1lny ro\u010dn\u00edk prekvapil mnoh\u00fdmi spolupr\u00e1cami <\/strong><\/p>\n<p style=\"text-align: justify;\">Spolupracuj\u00face \u0161tudentsk\u00e9 dvojice, z\u00a0ktor\u00fdch jedna z\u00edskala aj prv\u00e9 miesto, boli v\u00fdraznou s\u00fa\u010das\u0165ou tohto ro\u010dn\u00edka. Pr\u00e1ca vo dvojici si vy\u017eaduje siln\u00fa mor\u00e1lku a\u00a0profesion\u00e1lny pr\u00edstup, aby bol z\u00e1vere\u010dn\u00fd projekt \u00faspe\u0161n\u00fd, a\u00a0je skvel\u00fdm predpokladom pre pracovn\u00fa bud\u00facnos\u0165 \u0161tudentov v\u00a0ateli\u00e9roch.<\/p>\n<p style=\"text-align: justify;\">\u010clen poroty architekt Richard Kilo hovor\u00ed: \u201ePrihl\u00e1sen\u00e9 projekty boli takmer na vysoko\u0161kolskej \u00farovni. \u0160tudenti sa nau\u010dili na projektoch cielene a\u017e atmosf\u00e9ricky umiest\u0148ova\u0165 svetl\u00edky a\u00a0stre\u0161n\u00e9 okn\u00e1 tam, kde boli naozaj potrebn\u00e9, a\u00a0dokonale vyu\u017ei\u0165 ka\u017ed\u00fd priestor v\u00a0dispoz\u00edcii projektov\u00fdch n\u00e1vrhov. Mali sme ve\u013ea favoritov a\u00a0rozhodnutie o\u00a0v\u00fdhercoch nebolo jednoduch\u00e9. Spolo\u010dn\u00fdm prvkom ohodnoten\u00fdch pr\u00e1c bola ich nad\u010dasovos\u0165 a\u00a0funk\u010dnos\u0165. Projekty bolo \u013eahk\u00e9 predstavi\u0165 si vybudovan\u00e9 v\u00a0meste, v\u00a0pr\u00edrode, \u010di hor\u00e1ch.\u201c<\/p>\n<p style=\"text-align: justify;\">Porota udelila okrem 1.-3. miesta tie\u017e 4 odmeny a jednu cenu zamestnancov spolo\u010dnosti VELUX. <strong>V\u00ed\u0165aznou pr\u00e1cou sa stal projekt s\u00a0n\u00e1zvom \u201eDom Harm\u00f3nia\u201c Milana Jureka a\u00a0Vladim\u00edra Boytsana <\/strong>zo Strednej priemyselnej \u0161koly stavebnej a\u00a0geodetickej v\u00a0Bratislave.<\/p>\n<p style=\"text-align: justify;\">Konzultantkou pr\u00e1ce bola Ing. Arch. Katar\u00edna Lavrin\u010d\u00edkov\u00e1. \u201eV\u00a0tejto pr\u00e1ci v\u00fdborne funguje dispoz\u00edcia a\u00a0pr\u00e1ca so svetlom aj za pomoci tienenia. Chv\u00e1lim aj to , \u017ee do projektu \u0161tudenti zakomponovali zdroje obnovite\u013enej energie,\u201c zhodnotil projekt Luk\u00e1\u0161 \u0160\u00edp.<\/p>\n<p style=\"text-align: justify;\">Luk\u00e1\u0161 \u0160\u00edp z\u00a0poz\u00edcie vysoko\u0161kolsk\u00e9ho pedag\u00f3ga na fakulte architekt\u00fary STU v Bratislave dal na z\u00e1klade prihl\u00e1sen\u00fdch projektov \u0161tudentom aj tip do bud\u00facna: \u201eVytv\u00e1ra\u0165 fyzick\u00fa maketu projektu je v\u00fdborn\u00e9 v\u00a0tom, \u017ee si m\u00f4\u017eete t\u00fa architekt\u00faru aj ohmata\u0165. Aj v\u00a0dobe, kedy digit\u00e1lne technol\u00f3gie a\u00a0mo\u017enosti napreduj\u00fa, sa tak\u00e9to rie\u0161enie ukazuje st\u00e1le ako nenahradite\u013en\u00e9.\u201c<\/p>\n<p style=\"text-align: justify;\">Odmenen\u00e1 je tradi\u010dne aj \u0161kola, ktor\u00e1 m\u00e1 najv\u00e4\u010d\u0161\u00ed po\u010det odovzdan\u00fdch pr\u00e1c. Tentokr\u00e1t si toto ocenenie zasl\u00fa\u017eili a\u017e dve \u0161koly, ktor\u00e9 ich odovzdali rovnak\u00fd po\u010det. Sponzorsk\u00fd dar v\u00a0hodnote 150 eur si odniesli Stredn\u00e1 priemyseln\u00e1 \u0161kola stavebn\u00e1 v\u00a0Nitre a\u00a0Stredn\u00e1 priemyseln\u00e1 \u0161kola stavebn\u00e1 a\u00a0geodetick\u00e1 v\u00a0Ko\u0161iciach.<\/p>\n<p style=\"text-align: justify;\">Konanie vyhodnotenia s\u00fa\u0165a\u017ee na\u017eivo poskytlo \u0161tudentom pr\u00edle\u017eitos\u0165 pre sp\u00e4tn\u00fa v\u00e4zbu na ich pr\u00e1ce a\u00a0diskusiu ako aj s\u00a0odbornou porotou, tak aj s ich kolegami z\u00a0in\u00fdch \u0161k\u00f4l. Potvrden\u00e9 je, \u017ee na bud\u00faci rok sa m\u00f4\u017eeme te\u0161i\u0165 na pokra\u010dovanie s\u00fa\u0165a\u017ee a\u00a0jej 17. ro\u010dn\u00edk.<\/p>","protected":false},"excerpt":{"rendered":"<p>Spolo\u010dnos\u0165 VELUX na Slovensku u\u017e 16 rokov organizuje s\u00fa\u0165a\u017e pre \u0161tudentov stredn\u00fdch \u0161k\u00f4l so zameran\u00edm na stavebn\u00edctvo. Po rokoch sa vyhl\u00e1senie jej v\u00fdsledkov op\u00e4\u0165 konalo na\u017eivo za osobn\u00e9ho stretnutia s\u00fa\u0165a\u017eiacich \u0161tudentov, pedag\u00f3gov a z\u00e1stupcov architektonickej obce. Pravidlom a cie\u013eom s\u00fa\u0165a\u017ee je navrhova\u0165 projekty domov, do ktor\u00fdch denn\u00e9 svetlo a \u010derstv\u00fd vzduch prich\u00e1dza strechou prostredn\u00edctvom v\u00fdrobkov [&hellip;]<\/p>\n","protected":false},"author":6,"featured_media":16133,"comment_status":"closed","ping_status":"closed","sticky":false,"template":"","format":"standard","meta":{"site-sidebar-layout":"default","site-content-layout":"","ast-site-content-layout":"default","site-content-style":"default","site-sidebar-style":"default","ast-global-header-display":"","ast-banner-title-visibility":"","ast-main-header-display":"","ast-hfb-above-header-display":"","ast-hfb-below-header-display":"","ast-hfb-mobile-header-display":"","site-post-title":"","ast-breadcrumbs-content":"","ast-featured-img":"","footer-sml-layout":"","ast-disable-related-posts":"","theme-transparent-header-meta":"default","adv-header-id-meta":"","stick-header-meta":"default","header-above-stick-meta":"","header-main-stick-meta":"","header-below-stick-meta":"","astra-migrate-meta-layouts":"set","ast-page-background-enabled":"default","ast-page-background-meta":{"desktop":{"background-color":"var(--ast-global-color-4)","background-image":"","background-repeat":"repeat","background-position":"center center","background-size":"auto","background-attachment":"scroll","background-type":"","background-media":"","overlay-type":"","overlay-color":"","overlay-opacity":"","overlay-gradient":""},"tablet":{"background-color":"","background-image":"","background-repeat":"repeat","background-position":"center center","background-size":"auto","background-attachment":"scroll","background-type":"","background-media":"","overlay-type":"","overlay-color":"","overlay-opacity":"","overlay-gradient":""},"mobile":{"background-color":"","background-image":"","background-repeat":"repeat","background-position":"center center","background-size":"auto","background-attachment":"scroll","background-type":"","background-media":"","overlay-type":"","overlay-color":"","overlay-opacity":"","overlay-gradient":""}},"ast-content-background-meta":{"desktop":{"background-color":"var(--ast-global-color-5)","background-image":"","background-repeat":"repeat","background-position":"center center","background-size":"auto","background-attachment":"scroll","background-type":"","background-media":"","overlay-type":"","overlay-color":"","overlay-opacity":"","overlay-gradient":""},"tablet":{"background-color":"var(--ast-global-color-5)","background-image":"","background-repeat":"repeat","background-position":"center center","background-size":"auto","background-attachment":"scroll","background-type":"","background-media":"","overlay-type":"","overlay-color":"","overlay-opacity":"","overlay-gradient":""},"mobile":{"background-color":"var(--ast-global-color-5)","background-image":"","background-repeat":"repeat","background-position":"center center","background-size":"auto","background-attachment":"scroll","background-type":"","background-media":"","overlay-type":"","overlay-color":"","overlay-opacity":"","overlay-gradient":""}},"footnotes":""},"categories":[1],"tags":[],"class_list":["post-16130","post","type-post","status-publish","format-standard","has-post-thumbnail","hentry","category-aktuality"],"yoast_head":"<!-- This site is optimized with the Yoast SEO plugin v27.5 - https:\/\/yoast.com\/product\/yoast-seo-wordpress\/ -->\n<title>16. ro\u010dn\u00edk \u0161tudentskej s\u00fa\u0165a\u017ee Rodinn\u00fd dom VELUX uk\u00e1zal vysok\u00fa \u00farove\u0148 stredo\u0161kol\u00e1kov - \u0160IOV - \u0161t\u00e1tny in\u0161tit\u00fat odborn\u00e9ho vzdel\u00e1vania<\/title>\n<meta name=\"robots\" content=\"index, follow, max-snippet:-1, max-image-preview:large, max-video-preview:-1\" \/>\n<link rel=\"canonical\" href=\"https:\/\/archiv.siov.sk\/en\/16-rocnik-studentskej-sutaze-rodinny-dom-velux-ukazal-vysoku-uroven-stredoskolakov\/\" \/>\n<meta property=\"og:locale\" content=\"en_GB\" \/>\n<meta property=\"og:type\" content=\"article\" \/>\n<meta property=\"og:title\" content=\"16. ro\u010dn\u00edk \u0161tudentskej s\u00fa\u0165a\u017ee Rodinn\u00fd dom VELUX uk\u00e1zal vysok\u00fa \u00farove\u0148 stredo\u0161kol\u00e1kov - \u0160IOV - \u0161t\u00e1tny in\u0161tit\u00fat odborn\u00e9ho vzdel\u00e1vania\" \/>\n<meta property=\"og:description\" content=\"Spolo\u010dnos\u0165 VELUX na Slovensku u\u017e 16 rokov organizuje s\u00fa\u0165a\u017e pre \u0161tudentov stredn\u00fdch \u0161k\u00f4l so zameran\u00edm na stavebn\u00edctvo. Po rokoch sa vyhl\u00e1senie jej v\u00fdsledkov op\u00e4\u0165 konalo na\u017eivo za osobn\u00e9ho stretnutia s\u00fa\u0165a\u017eiacich \u0161tudentov, pedag\u00f3gov a z\u00e1stupcov architektonickej obce. Pravidlom a cie\u013eom s\u00fa\u0165a\u017ee je navrhova\u0165 projekty domov, do ktor\u00fdch denn\u00e9 svetlo a \u010derstv\u00fd vzduch prich\u00e1dza strechou prostredn\u00edctvom v\u00fdrobkov [&hellip;]\" \/>\n<meta property=\"og:url\" content=\"https:\/\/archiv.siov.sk\/en\/16-rocnik-studentskej-sutaze-rodinny-dom-velux-ukazal-vysoku-uroven-stredoskolakov\/\" \/>\n<meta property=\"og:site_name\" content=\"\u0160IOV - \u0161t\u00e1tny in\u0161tit\u00fat odborn\u00e9ho vzdel\u00e1vania\" \/>\n<meta property=\"article:publisher\" content=\"https:\/\/www.facebook.com\/Statnyinstitutodbornehovzdelavania\" \/>\n<meta property=\"article:published_time\" content=\"2024-07-10T08:23:41+00:00\" \/>\n<meta property=\"article:modified_time\" content=\"2024-07-10T08:24:54+00:00\" \/>\n<meta property=\"og:image\" content=\"https:\/\/archiv.siov.sk\/wp-content\/uploads\/2024\/07\/449779958_1450123119714218_1519400353552646539_n.jpg\" \/>\n\t<meta property=\"og:image:width\" content=\"1179\" \/>\n\t<meta property=\"og:image:height\" content=\"531\" \/>\n\t<meta property=\"og:image:type\" content=\"image\/jpeg\" \/>\n<meta name=\"author\" content=\"Katar\u00edna Kov\u00e1\u010dov\u00e1\" \/>\n<meta name=\"twitter:card\" content=\"summary_large_image\" \/>\n<meta name=\"twitter:label1\" content=\"Written by\" \/>\n\t<meta name=\"twitter:data1\" content=\"Katar\u00edna Kov\u00e1\u010dov\u00e1\" \/>\n\t<meta name=\"twitter:label2\" content=\"Estimated reading time\" \/>\n\t<meta name=\"twitter:data2\" content=\"4 minutes\" \/>\n<script type=\"application\/ld+json\" class=\"yoast-schema-graph\">{\"@context\":\"https:\\\/\\\/schema.org\",\"@graph\":[{\"@type\":\"Article\",\"@id\":\"https:\\\/\\\/archiv.siov.sk\\\/16-rocnik-studentskej-sutaze-rodinny-dom-velux-ukazal-vysoku-uroven-stredoskolakov\\\/#article\",\"isPartOf\":{\"@id\":\"https:\\\/\\\/archiv.siov.sk\\\/16-rocnik-studentskej-sutaze-rodinny-dom-velux-ukazal-vysoku-uroven-stredoskolakov\\\/\"},\"author\":{\"name\":\"Katar\u00edna Kov\u00e1\u010dov\u00e1\",\"@id\":\"https:\\\/\\\/archiv.siov.sk\\\/#\\\/schema\\\/person\\\/e42d633fbd958c6a726e8834d8965e6c\"},\"headline\":\"16. ro\u010dn\u00edk \u0161tudentskej s\u00fa\u0165a\u017ee Rodinn\u00fd dom VELUX uk\u00e1zal vysok\u00fa \u00farove\u0148 stredo\u0161kol\u00e1kov\",\"datePublished\":\"2024-07-10T08:23:41+00:00\",\"dateModified\":\"2024-07-10T08:24:54+00:00\",\"mainEntityOfPage\":{\"@id\":\"https:\\\/\\\/archiv.siov.sk\\\/16-rocnik-studentskej-sutaze-rodinny-dom-velux-ukazal-vysoku-uroven-stredoskolakov\\\/\"},\"wordCount\":760,\"publisher\":{\"@id\":\"https:\\\/\\\/archiv.siov.sk\\\/#organization\"},\"image\":{\"@id\":\"https:\\\/\\\/archiv.siov.sk\\\/16-rocnik-studentskej-sutaze-rodinny-dom-velux-ukazal-vysoku-uroven-stredoskolakov\\\/#primaryimage\"},\"thumbnailUrl\":\"https:\\\/\\\/archiv.siov.sk\\\/wp-content\\\/uploads\\\/2024\\\/07\\\/449779958_1450123119714218_1519400353552646539_n.jpg\",\"articleSection\":[\"Aktuality\"],\"inLanguage\":\"en-GB\"},{\"@type\":\"WebPage\",\"@id\":\"https:\\\/\\\/archiv.siov.sk\\\/16-rocnik-studentskej-sutaze-rodinny-dom-velux-ukazal-vysoku-uroven-stredoskolakov\\\/\",\"url\":\"https:\\\/\\\/archiv.siov.sk\\\/16-rocnik-studentskej-sutaze-rodinny-dom-velux-ukazal-vysoku-uroven-stredoskolakov\\\/\",\"name\":\"16. ro\u010dn\u00edk \u0161tudentskej s\u00fa\u0165a\u017ee Rodinn\u00fd dom VELUX uk\u00e1zal vysok\u00fa \u00farove\u0148 stredo\u0161kol\u00e1kov - \u0160IOV - \u0161t\u00e1tny in\u0161tit\u00fat odborn\u00e9ho vzdel\u00e1vania\",\"isPartOf\":{\"@id\":\"https:\\\/\\\/archiv.siov.sk\\\/#website\"},\"primaryImageOfPage\":{\"@id\":\"https:\\\/\\\/archiv.siov.sk\\\/16-rocnik-studentskej-sutaze-rodinny-dom-velux-ukazal-vysoku-uroven-stredoskolakov\\\/#primaryimage\"},\"image\":{\"@id\":\"https:\\\/\\\/archiv.siov.sk\\\/16-rocnik-studentskej-sutaze-rodinny-dom-velux-ukazal-vysoku-uroven-stredoskolakov\\\/#primaryimage\"},\"thumbnailUrl\":\"https:\\\/\\\/archiv.siov.sk\\\/wp-content\\\/uploads\\\/2024\\\/07\\\/449779958_1450123119714218_1519400353552646539_n.jpg\",\"datePublished\":\"2024-07-10T08:23:41+00:00\",\"dateModified\":\"2024-07-10T08:24:54+00:00\",\"breadcrumb\":{\"@id\":\"https:\\\/\\\/archiv.siov.sk\\\/16-rocnik-studentskej-sutaze-rodinny-dom-velux-ukazal-vysoku-uroven-stredoskolakov\\\/#breadcrumb\"},\"inLanguage\":\"en-GB\",\"potentialAction\":[{\"@type\":\"ReadAction\",\"target\":[\"https:\\\/\\\/archiv.siov.sk\\\/16-rocnik-studentskej-sutaze-rodinny-dom-velux-ukazal-vysoku-uroven-stredoskolakov\\\/\"]}]},{\"@type\":\"ImageObject\",\"inLanguage\":\"en-GB\",\"@id\":\"https:\\\/\\\/archiv.siov.sk\\\/16-rocnik-studentskej-sutaze-rodinny-dom-velux-ukazal-vysoku-uroven-stredoskolakov\\\/#primaryimage\",\"url\":\"https:\\\/\\\/archiv.siov.sk\\\/wp-content\\\/uploads\\\/2024\\\/07\\\/449779958_1450123119714218_1519400353552646539_n.jpg\",\"contentUrl\":\"https:\\\/\\\/archiv.siov.sk\\\/wp-content\\\/uploads\\\/2024\\\/07\\\/449779958_1450123119714218_1519400353552646539_n.jpg\",\"width\":1179,\"height\":531},{\"@type\":\"BreadcrumbList\",\"@id\":\"https:\\\/\\\/archiv.siov.sk\\\/16-rocnik-studentskej-sutaze-rodinny-dom-velux-ukazal-vysoku-uroven-stredoskolakov\\\/#breadcrumb\",\"itemListElement\":[{\"@type\":\"ListItem\",\"position\":1,\"name\":\"Home\",\"item\":\"https:\\\/\\\/archiv.siov.sk\\\/\"},{\"@type\":\"ListItem\",\"position\":2,\"name\":\"16. ro\u010dn\u00edk \u0161tudentskej s\u00fa\u0165a\u017ee Rodinn\u00fd dom VELUX uk\u00e1zal vysok\u00fa \u00farove\u0148 stredo\u0161kol\u00e1kov\"}]},{\"@type\":\"WebSite\",\"@id\":\"https:\\\/\\\/archiv.siov.sk\\\/#website\",\"url\":\"https:\\\/\\\/archiv.siov.sk\\\/\",\"name\":\"\u0160IOV - \u0161t\u00e1tny in\u0161tit\u00fat odborn\u00e9ho vzdel\u00e1vania\",\"description\":\"\",\"publisher\":{\"@id\":\"https:\\\/\\\/archiv.siov.sk\\\/#organization\"},\"potentialAction\":[{\"@type\":\"SearchAction\",\"target\":{\"@type\":\"EntryPoint\",\"urlTemplate\":\"https:\\\/\\\/archiv.siov.sk\\\/?s={search_term_string}\"},\"query-input\":{\"@type\":\"PropertyValueSpecification\",\"valueRequired\":true,\"valueName\":\"search_term_string\"}}],\"inLanguage\":\"en-GB\"},{\"@type\":\"Organization\",\"@id\":\"https:\\\/\\\/archiv.siov.sk\\\/#organization\",\"name\":\"\u0160IOV - \u0161t\u00e1tny in\u0161tit\u00fat odborn\u00e9ho vzdel\u00e1vania\",\"url\":\"https:\\\/\\\/archiv.siov.sk\\\/\",\"logo\":{\"@type\":\"ImageObject\",\"inLanguage\":\"en-GB\",\"@id\":\"https:\\\/\\\/archiv.siov.sk\\\/#\\\/schema\\\/logo\\\/image\\\/\",\"url\":\"https:\\\/\\\/archiv.siov.sk\\\/wp-content\\\/uploads\\\/2024\\\/02\\\/logo-SIOV.png\",\"contentUrl\":\"https:\\\/\\\/archiv.siov.sk\\\/wp-content\\\/uploads\\\/2024\\\/02\\\/logo-SIOV.png\",\"width\":431,\"height\":143,\"caption\":\"\u0160IOV - \u0161t\u00e1tny in\u0161tit\u00fat odborn\u00e9ho vzdel\u00e1vania\"},\"image\":{\"@id\":\"https:\\\/\\\/archiv.siov.sk\\\/#\\\/schema\\\/logo\\\/image\\\/\"},\"sameAs\":[\"https:\\\/\\\/www.facebook.com\\\/Statnyinstitutodbornehovzdelavania\"]},{\"@type\":\"Person\",\"@id\":\"https:\\\/\\\/archiv.siov.sk\\\/#\\\/schema\\\/person\\\/e42d633fbd958c6a726e8834d8965e6c\",\"name\":\"Katar\u00edna Kov\u00e1\u010dov\u00e1\",\"url\":\"https:\\\/\\\/archiv.siov.sk\\\/en\\\/author\\\/katkakovacova\\\/\"}]}<\/script>\n<!-- \/ Yoast SEO plugin. -->","yoast_head_json":{"title":"16. ro\u010dn\u00edk \u0161tudentskej s\u00fa\u0165a\u017ee Rodinn\u00fd dom VELUX uk\u00e1zal vysok\u00fa \u00farove\u0148 stredo\u0161kol\u00e1kov - \u0160IOV - \u0161t\u00e1tny in\u0161tit\u00fat odborn\u00e9ho vzdel\u00e1vania","robots":{"index":"index","follow":"follow","max-snippet":"max-snippet:-1","max-image-preview":"max-image-preview:large","max-video-preview":"max-video-preview:-1"},"canonical":"https:\/\/archiv.siov.sk\/en\/16-rocnik-studentskej-sutaze-rodinny-dom-velux-ukazal-vysoku-uroven-stredoskolakov\/","og_locale":"en_GB","og_type":"article","og_title":"16. ro\u010dn\u00edk \u0161tudentskej s\u00fa\u0165a\u017ee Rodinn\u00fd dom VELUX uk\u00e1zal vysok\u00fa \u00farove\u0148 stredo\u0161kol\u00e1kov - \u0160IOV - \u0161t\u00e1tny in\u0161tit\u00fat odborn\u00e9ho vzdel\u00e1vania","og_description":"Spolo\u010dnos\u0165 VELUX na Slovensku u\u017e 16 rokov organizuje s\u00fa\u0165a\u017e pre \u0161tudentov stredn\u00fdch \u0161k\u00f4l so zameran\u00edm na stavebn\u00edctvo. Po rokoch sa vyhl\u00e1senie jej v\u00fdsledkov op\u00e4\u0165 konalo na\u017eivo za osobn\u00e9ho stretnutia s\u00fa\u0165a\u017eiacich \u0161tudentov, pedag\u00f3gov a z\u00e1stupcov architektonickej obce. Pravidlom a cie\u013eom s\u00fa\u0165a\u017ee je navrhova\u0165 projekty domov, do ktor\u00fdch denn\u00e9 svetlo a \u010derstv\u00fd vzduch prich\u00e1dza strechou prostredn\u00edctvom v\u00fdrobkov [&hellip;]","og_url":"https:\/\/archiv.siov.sk\/en\/16-rocnik-studentskej-sutaze-rodinny-dom-velux-ukazal-vysoku-uroven-stredoskolakov\/","og_site_name":"\u0160IOV - \u0161t\u00e1tny in\u0161tit\u00fat odborn\u00e9ho vzdel\u00e1vania","article_publisher":"https:\/\/www.facebook.com\/Statnyinstitutodbornehovzdelavania","article_published_time":"2024-07-10T08:23:41+00:00","article_modified_time":"2024-07-10T08:24:54+00:00","og_image":[{"width":1179,"height":531,"url":"https:\/\/archiv.siov.sk\/wp-content\/uploads\/2024\/07\/449779958_1450123119714218_1519400353552646539_n.jpg","type":"image\/jpeg"}],"author":"Katar\u00edna Kov\u00e1\u010dov\u00e1","twitter_card":"summary_large_image","twitter_misc":{"Written by":"Katar\u00edna Kov\u00e1\u010dov\u00e1","Estimated reading time":"4 minutes"},"schema":{"@context":"https:\/\/schema.org","@graph":[{"@type":"Article","@id":"https:\/\/archiv.siov.sk\/16-rocnik-studentskej-sutaze-rodinny-dom-velux-ukazal-vysoku-uroven-stredoskolakov\/#article","isPartOf":{"@id":"https:\/\/archiv.siov.sk\/16-rocnik-studentskej-sutaze-rodinny-dom-velux-ukazal-vysoku-uroven-stredoskolakov\/"},"author":{"name":"Katar\u00edna Kov\u00e1\u010dov\u00e1","@id":"https:\/\/archiv.siov.sk\/#\/schema\/person\/e42d633fbd958c6a726e8834d8965e6c"},"headline":"16. ro\u010dn\u00edk \u0161tudentskej s\u00fa\u0165a\u017ee Rodinn\u00fd dom VELUX uk\u00e1zal vysok\u00fa \u00farove\u0148 stredo\u0161kol\u00e1kov","datePublished":"2024-07-10T08:23:41+00:00","dateModified":"2024-07-10T08:24:54+00:00","mainEntityOfPage":{"@id":"https:\/\/archiv.siov.sk\/16-rocnik-studentskej-sutaze-rodinny-dom-velux-ukazal-vysoku-uroven-stredoskolakov\/"},"wordCount":760,"publisher":{"@id":"https:\/\/archiv.siov.sk\/#organization"},"image":{"@id":"https:\/\/archiv.siov.sk\/16-rocnik-studentskej-sutaze-rodinny-dom-velux-ukazal-vysoku-uroven-stredoskolakov\/#primaryimage"},"thumbnailUrl":"https:\/\/archiv.siov.sk\/wp-content\/uploads\/2024\/07\/449779958_1450123119714218_1519400353552646539_n.jpg","articleSection":["Aktuality"],"inLanguage":"en-GB"},{"@type":"WebPage","@id":"https:\/\/archiv.siov.sk\/16-rocnik-studentskej-sutaze-rodinny-dom-velux-ukazal-vysoku-uroven-stredoskolakov\/","url":"https:\/\/archiv.siov.sk\/16-rocnik-studentskej-sutaze-rodinny-dom-velux-ukazal-vysoku-uroven-stredoskolakov\/","name":"16. ro\u010dn\u00edk \u0161tudentskej s\u00fa\u0165a\u017ee Rodinn\u00fd dom VELUX uk\u00e1zal vysok\u00fa \u00farove\u0148 stredo\u0161kol\u00e1kov - \u0160IOV - \u0161t\u00e1tny in\u0161tit\u00fat odborn\u00e9ho vzdel\u00e1vania","isPartOf":{"@id":"https:\/\/archiv.siov.sk\/#website"},"primaryImageOfPage":{"@id":"https:\/\/archiv.siov.sk\/16-rocnik-studentskej-sutaze-rodinny-dom-velux-ukazal-vysoku-uroven-stredoskolakov\/#primaryimage"},"image":{"@id":"https:\/\/archiv.siov.sk\/16-rocnik-studentskej-sutaze-rodinny-dom-velux-ukazal-vysoku-uroven-stredoskolakov\/#primaryimage"},"thumbnailUrl":"https:\/\/archiv.siov.sk\/wp-content\/uploads\/2024\/07\/449779958_1450123119714218_1519400353552646539_n.jpg","datePublished":"2024-07-10T08:23:41+00:00","dateModified":"2024-07-10T08:24:54+00:00","breadcrumb":{"@id":"https:\/\/archiv.siov.sk\/16-rocnik-studentskej-sutaze-rodinny-dom-velux-ukazal-vysoku-uroven-stredoskolakov\/#breadcrumb"},"inLanguage":"en-GB","potentialAction":[{"@type":"ReadAction","target":["https:\/\/archiv.siov.sk\/16-rocnik-studentskej-sutaze-rodinny-dom-velux-ukazal-vysoku-uroven-stredoskolakov\/"]}]},{"@type":"ImageObject","inLanguage":"en-GB","@id":"https:\/\/archiv.siov.sk\/16-rocnik-studentskej-sutaze-rodinny-dom-velux-ukazal-vysoku-uroven-stredoskolakov\/#primaryimage","url":"https:\/\/archiv.siov.sk\/wp-content\/uploads\/2024\/07\/449779958_1450123119714218_1519400353552646539_n.jpg","contentUrl":"https:\/\/archiv.siov.sk\/wp-content\/uploads\/2024\/07\/449779958_1450123119714218_1519400353552646539_n.jpg","width":1179,"height":531},{"@type":"BreadcrumbList","@id":"https:\/\/archiv.siov.sk\/16-rocnik-studentskej-sutaze-rodinny-dom-velux-ukazal-vysoku-uroven-stredoskolakov\/#breadcrumb","itemListElement":[{"@type":"ListItem","position":1,"name":"Home","item":"https:\/\/archiv.siov.sk\/"},{"@type":"ListItem","position":2,"name":"16. ro\u010dn\u00edk \u0161tudentskej s\u00fa\u0165a\u017ee Rodinn\u00fd dom VELUX uk\u00e1zal vysok\u00fa \u00farove\u0148 stredo\u0161kol\u00e1kov"}]},{"@type":"WebSite","@id":"https:\/\/archiv.siov.sk\/#website","url":"https:\/\/archiv.siov.sk\/","name":"\u0160IOV - \u0161t\u00e1tny in\u0161tit\u00fat odborn\u00e9ho vzdel\u00e1vania","description":"","publisher":{"@id":"https:\/\/archiv.siov.sk\/#organization"},"potentialAction":[{"@type":"SearchAction","target":{"@type":"EntryPoint","urlTemplate":"https:\/\/archiv.siov.sk\/?s={search_term_string}"},"query-input":{"@type":"PropertyValueSpecification","valueRequired":true,"valueName":"search_term_string"}}],"inLanguage":"en-GB"},{"@type":"Organization","@id":"https:\/\/archiv.siov.sk\/#organization","name":"\u0160IOV - \u0161t\u00e1tny in\u0161tit\u00fat odborn\u00e9ho vzdel\u00e1vania","url":"https:\/\/archiv.siov.sk\/","logo":{"@type":"ImageObject","inLanguage":"en-GB","@id":"https:\/\/archiv.siov.sk\/#\/schema\/logo\/image\/","url":"https:\/\/archiv.siov.sk\/wp-content\/uploads\/2024\/02\/logo-SIOV.png","contentUrl":"https:\/\/archiv.siov.sk\/wp-content\/uploads\/2024\/02\/logo-SIOV.png","width":431,"height":143,"caption":"\u0160IOV - \u0161t\u00e1tny in\u0161tit\u00fat odborn\u00e9ho vzdel\u00e1vania"},"image":{"@id":"https:\/\/archiv.siov.sk\/#\/schema\/logo\/image\/"},"sameAs":["https:\/\/www.facebook.com\/Statnyinstitutodbornehovzdelavania"]},{"@type":"Person","@id":"https:\/\/archiv.siov.sk\/#\/schema\/person\/e42d633fbd958c6a726e8834d8965e6c","name":"Katar\u00edna Kov\u00e1\u010dov\u00e1","url":"https:\/\/archiv.siov.sk\/en\/author\/katkakovacova\/"}]}},"_links":{"self":[{"href":"https:\/\/archiv.siov.sk\/en\/wp-json\/wp\/v2\/posts\/16130","targetHints":{"allow":["GET"]}}],"collection":[{"href":"https:\/\/archiv.siov.sk\/en\/wp-json\/wp\/v2\/posts"}],"about":[{"href":"https:\/\/archiv.siov.sk\/en\/wp-json\/wp\/v2\/types\/post"}],"author":[{"embeddable":true,"href":"https:\/\/archiv.siov.sk\/en\/wp-json\/wp\/v2\/users\/6"}],"replies":[{"embeddable":true,"href":"https:\/\/archiv.siov.sk\/en\/wp-json\/wp\/v2\/comments?post=16130"}],"version-history":[{"count":2,"href":"https:\/\/archiv.siov.sk\/en\/wp-json\/wp\/v2\/posts\/16130\/revisions"}],"predecessor-version":[{"id":16134,"href":"https:\/\/archiv.siov.sk\/en\/wp-json\/wp\/v2\/posts\/16130\/revisions\/16134"}],"wp:featuredmedia":[{"embeddable":true,"href":"https:\/\/archiv.siov.sk\/en\/wp-json\/wp\/v2\/media\/16133"}],"wp:attachment":[{"href":"https:\/\/archiv.siov.sk\/en\/wp-json\/wp\/v2\/media?parent=16130"}],"wp:term":[{"taxonomy":"category","embeddable":true,"href":"https:\/\/archiv.siov.sk\/en\/wp-json\/wp\/v2\/categories?post=16130"},{"taxonomy":"post_tag","embeddable":true,"href":"https:\/\/archiv.siov.sk\/en\/wp-json\/wp\/v2\/tags?post=16130"}],"curies":[{"name":"wp","href":"https:\/\/api.w.org\/{rel}","templated":true}]}}