{"id":16107,"date":"2024-07-10T09:16:19","date_gmt":"2024-07-10T07:16:19","guid":{"rendered":"https:\/\/archiv.siov.sk\/?p=16107"},"modified":"2024-07-10T10:58:09","modified_gmt":"2024-07-10T08:58:09","slug":"spolocne-ranajky","status":"publish","type":"post","link":"https:\/\/archiv.siov.sk\/en\/spolocne-ranajky\/","title":{"rendered":"Spolo\u010dn\u00e9 ra\u0148ajky v \u0160IOV"},"content":{"rendered":"<p>Jedn\u00fdm z prv\u00fdch v\u00fdsledkov zmien v\u00a0\u0160t\u00e1tnom in\u0161tit\u00fate odborn\u00e9ho vzdel\u00e1vania (\u0160IOV), ktor\u00e9 vyplynuli z \u00favodnej f\u00e1zy CAF, je <strong>zavedenie pravideln\u00fdch spolo\u010dn\u00fdch ra\u0148ajok<\/strong>. Cie\u013eom t\u00fdchto stretnut\u00ed je posilni\u0165 komunik\u00e1ciu a spolupr\u00e1cu medzi zamestnancami in\u0161tit\u00facie.<\/p>\n<p>Prv\u00e9 stretnutie sa uskuto\u010dnilo vo \u0161tvrtok 27. j\u00fana. Zamestnanci priniesli r\u00f4zne sladk\u00e9 a slan\u00e9 dobroty, d\u017e\u00fasy a limon\u00e1dy, a tak si spolo\u010dne vychutnali chutn\u00e9 a neform\u00e1lne ra\u0148ajky. Okrem budovania priate\u013eskej atmosf\u00e9ry a neform\u00e1lnej komunik\u00e1cie sl\u00fa\u017eia spolo\u010dn\u00e9 ra\u0148ajky aj na diskusiu o d\u00f4le\u017eit\u00fdch t\u00e9mach t\u00fdkaj\u00facich sa \u0160IOV. Na prvom stretnut\u00ed sa venovali:<\/p>\n<ul>\n<li>Implement\u00e1cii modelu CAF<\/li>\n<li>Ak\u010dn\u00e9mu pl\u00e1nu zlep\u0161ovania (definovanie oblast\u00ed na zlep\u0161enie ako napr. hodnoty a poslanie organiz\u00e1cie, procesn\u00e9 riadenie, efekt\u00edvna komunika\u010dn\u00e1 strat\u00e9gia, pravideln\u00e1 realiz\u00e1cia SWOT anal\u00fdzy, strat\u00e9gia riadenia \u0160IOV a riadenia \u013eudsk\u00fdch zdrojov, moderniz\u00e1cia organiz\u00e1cie, strat\u00e9gia spolo\u010denskej zodpovednosti,&#8230;)<\/li>\n<li>N\u00e1vrhom na zlep\u0161enia (n\u00e1vrhmi m\u00f4\u017ee prispie\u0165 ka\u017ed\u00fd zamestnanec, a\u00a0to bu\u010f e-mailom alebo prostredn\u00edctvom Schr\u00e1nky n\u00e1padov a podnetov)<\/li>\n<\/ul>\n<p>Spolo\u010dn\u00e9 ra\u0148ajky s\u00fa v\u00fdbornou pr\u00edle\u017eitos\u0165ou pre vz\u00e1jomn\u00e9 spozn\u00e1vanie sa, v\u00fdmenu n\u00e1padov a h\u013eadanie spolo\u010dn\u00fdch rie\u0161en\u00ed. Vedenie \u0160IOV ver\u00ed, \u017ee sa t\u00e1to aktivita stane ob\u013e\u00fabenou trad\u00edciou a prinesie so sebou e\u0161te viac pozit\u00edvnej energie a spolupr\u00e1ce.<\/p>\n<p>Spolo\u010dn\u00e9 ra\u0148ajky sa bud\u00fa kona\u0165 v pravideln\u00fdch term\u00ednoch, o ktor\u00fdch bud\u00fa zamestnanci informovan\u00ed vopred. <strong>Ak m\u00e1te z\u00e1ujem o \u00fa\u010das\u0165 na spolo\u010dn\u00fdch ra\u0148ajk\u00e1ch, nev\u00e1hajte sa prida\u0165 na najbli\u017e\u0161ie stretnutie! \ud83d\ude42<\/strong><\/p>\n<figure id=\"attachment_16104\" aria-describedby=\"caption-attachment-16104\" style=\"width: 262px\" class=\"wp-caption alignleft\"><img fetchpriority=\"high\" decoding=\"async\" class=\"size-medium wp-image-16104\" src=\"https:\/\/archiv.siov.sk\/wp-content\/uploads\/2024\/07\/siov_ranajky_gallova-262x300.jpg\" alt=\"Spolo\u010dn\u00e9 ra\u0148ajky v \u0160IOV Branislav Had\u00e1r \u013dubica G\u00e1llov\u00e1\" width=\"262\" height=\"300\" srcset=\"https:\/\/archiv.siov.sk\/wp-content\/uploads\/2024\/07\/siov_ranajky_gallova-262x300.jpg 262w, https:\/\/archiv.siov.sk\/wp-content\/uploads\/2024\/07\/siov_ranajky_gallova-895x1024.jpg 895w, https:\/\/archiv.siov.sk\/wp-content\/uploads\/2024\/07\/siov_ranajky_gallova-768x879.jpg 768w, https:\/\/archiv.siov.sk\/wp-content\/uploads\/2024\/07\/siov_ranajky_gallova-10x12.jpg 10w, https:\/\/archiv.siov.sk\/wp-content\/uploads\/2024\/07\/siov_ranajky_gallova.jpg 1200w\" sizes=\"(max-width: 262px) 100vw, 262px\" \/><figcaption id=\"caption-attachment-16104\" class=\"wp-caption-text\">Riadite\u013e \u0160IOV Ing. Branislav Had\u00e1r a n\u00e1mestn\u00ed\u010dka \u00daseku pre celo\u017eivotn\u00e9 vzdel\u00e1vanie Mgr. \u013dubica G\u00e1llov\u00e1 po\u010das otvorenia Spolo\u010dn\u00fdch ra\u0148ajok<\/figcaption><\/figure>\n<figure id=\"attachment_16106\" aria-describedby=\"caption-attachment-16106\" style=\"width: 300px\" class=\"wp-caption alignleft\"><img decoding=\"async\" class=\"size-medium wp-image-16106\" src=\"https:\/\/archiv.siov.sk\/wp-content\/uploads\/2024\/07\/siov_ranajky-300x287.jpg\" alt=\"Spolo\u010dn\u00e9 ra\u0148ajky v \u0160t\u00e1tnom in\u0161tit\u00fate odborn\u00e9ho vzdel\u00e1vania\" width=\"300\" height=\"287\" srcset=\"https:\/\/archiv.siov.sk\/wp-content\/uploads\/2024\/07\/siov_ranajky-300x287.jpg 300w, https:\/\/archiv.siov.sk\/wp-content\/uploads\/2024\/07\/siov_ranajky-768x735.jpg 768w, https:\/\/archiv.siov.sk\/wp-content\/uploads\/2024\/07\/siov_ranajky-13x12.jpg 13w, https:\/\/archiv.siov.sk\/wp-content\/uploads\/2024\/07\/siov_ranajky.jpg 900w\" sizes=\"(max-width: 300px) 100vw, 300px\" \/><figcaption id=\"caption-attachment-16106\" class=\"wp-caption-text\">Zamestnanci \u0160IOV po\u010das zah\u00e1jenia Spolo\u010dn\u00fdch ra\u0148ajok<\/figcaption><\/figure>\n<p>&nbsp;<\/p>","protected":false},"excerpt":{"rendered":"<p>Jedn\u00fdm z prv\u00fdch v\u00fdsledkov zmien v\u00a0\u0160t\u00e1tnom in\u0161tit\u00fate odborn\u00e9ho vzdel\u00e1vania (\u0160IOV), ktor\u00e9 vyplynuli z \u00favodnej f\u00e1zy CAF, je zavedenie pravideln\u00fdch spolo\u010dn\u00fdch ra\u0148ajok. Cie\u013eom t\u00fdchto stretnut\u00ed je posilni\u0165 komunik\u00e1ciu a spolupr\u00e1cu medzi zamestnancami in\u0161tit\u00facie. Prv\u00e9 stretnutie sa uskuto\u010dnilo vo \u0161tvrtok 27. j\u00fana. Zamestnanci priniesli r\u00f4zne sladk\u00e9 a slan\u00e9 dobroty, d\u017e\u00fasy a limon\u00e1dy, a tak si spolo\u010dne vychutnali [&hellip;]<\/p>\n","protected":false},"author":10,"featured_media":16135,"comment_status":"closed","ping_status":"closed","sticky":false,"template":"","format":"standard","meta":{"site-sidebar-layout":"default","site-content-layout":"","ast-site-content-layout":"default","site-content-style":"default","site-sidebar-style":"default","ast-global-header-display":"","ast-banner-title-visibility":"","ast-main-header-display":"","ast-hfb-above-header-display":"","ast-hfb-below-header-display":"","ast-hfb-mobile-header-display":"","site-post-title":"","ast-breadcrumbs-content":"","ast-featured-img":"","footer-sml-layout":"","ast-disable-related-posts":"","theme-transparent-header-meta":"default","adv-header-id-meta":"","stick-header-meta":"default","header-above-stick-meta":"","header-main-stick-meta":"","header-below-stick-meta":"","astra-migrate-meta-layouts":"set","ast-page-background-enabled":"default","ast-page-background-meta":{"desktop":{"background-color":"var(--ast-global-color-4)","background-image":"","background-repeat":"repeat","background-position":"center center","background-size":"auto","background-attachment":"scroll","background-type":"","background-media":"","overlay-type":"","overlay-color":"","overlay-opacity":"","overlay-gradient":""},"tablet":{"background-color":"","background-image":"","background-repeat":"repeat","background-position":"center center","background-size":"auto","background-attachment":"scroll","background-type":"","background-media":"","overlay-type":"","overlay-color":"","overlay-opacity":"","overlay-gradient":""},"mobile":{"background-color":"","background-image":"","background-repeat":"repeat","background-position":"center center","background-size":"auto","background-attachment":"scroll","background-type":"","background-media":"","overlay-type":"","overlay-color":"","overlay-opacity":"","overlay-gradient":""}},"ast-content-background-meta":{"desktop":{"background-color":"var(--ast-global-color-5)","background-image":"","background-repeat":"repeat","background-position":"center center","background-size":"auto","background-attachment":"scroll","background-type":"","background-media":"","overlay-type":"","overlay-color":"","overlay-opacity":"","overlay-gradient":""},"tablet":{"background-color":"var(--ast-global-color-5)","background-image":"","background-repeat":"repeat","background-position":"center center","background-size":"auto","background-attachment":"scroll","background-type":"","background-media":"","overlay-type":"","overlay-color":"","overlay-opacity":"","overlay-gradient":""},"mobile":{"background-color":"var(--ast-global-color-5)","background-image":"","background-repeat":"repeat","background-position":"center center","background-size":"auto","background-attachment":"scroll","background-type":"","background-media":"","overlay-type":"","overlay-color":"","overlay-opacity":"","overlay-gradient":""}},"footnotes":""},"categories":[1,24],"tags":[],"class_list":["post-16107","post","type-post","status-publish","format-standard","has-post-thumbnail","hentry","category-aktuality","category-caf"],"yoast_head":"<!-- This site is optimized with the Yoast SEO plugin v27.5 - https:\/\/yoast.com\/product\/yoast-seo-wordpress\/ -->\n<title>Spolo\u010dn\u00e9 ra\u0148ajky v \u0160IOV - \u0160IOV - \u0161t\u00e1tny in\u0161tit\u00fat odborn\u00e9ho vzdel\u00e1vania<\/title>\n<meta name=\"description\" content=\"Jedn\u00fdm z prv\u00fdch v\u00fdsledkov zmien v\u00a0\u0160t\u00e1tnom in\u0161tit\u00fate odborn\u00e9ho vzdel\u00e1vania (\u0160IOV), ktor\u00e9 vyplynuli z \u00favodnej f\u00e1zy CAF, je zavedenie spolo\u010dn\u00fdch ra\u0148ajok.\" \/>\n<meta name=\"robots\" content=\"index, follow, max-snippet:-1, max-image-preview:large, max-video-preview:-1\" \/>\n<link rel=\"canonical\" href=\"https:\/\/archiv.siov.sk\/en\/spolocne-ranajky\/\" \/>\n<meta property=\"og:locale\" content=\"en_GB\" \/>\n<meta property=\"og:type\" content=\"article\" \/>\n<meta property=\"og:title\" content=\"Spolo\u010dn\u00e9 ra\u0148ajky v \u0160IOV - \u0160IOV - \u0161t\u00e1tny in\u0161tit\u00fat odborn\u00e9ho vzdel\u00e1vania\" \/>\n<meta property=\"og:description\" content=\"Jedn\u00fdm z prv\u00fdch v\u00fdsledkov zmien v\u00a0\u0160t\u00e1tnom in\u0161tit\u00fate odborn\u00e9ho vzdel\u00e1vania (\u0160IOV), ktor\u00e9 vyplynuli z \u00favodnej f\u00e1zy CAF, je zavedenie spolo\u010dn\u00fdch ra\u0148ajok.\" \/>\n<meta property=\"og:url\" content=\"https:\/\/archiv.siov.sk\/en\/spolocne-ranajky\/\" \/>\n<meta property=\"og:site_name\" content=\"\u0160IOV - \u0161t\u00e1tny in\u0161tit\u00fat odborn\u00e9ho vzdel\u00e1vania\" \/>\n<meta property=\"article:publisher\" content=\"https:\/\/www.facebook.com\/Statnyinstitutodbornehovzdelavania\" \/>\n<meta property=\"article:published_time\" content=\"2024-07-10T07:16:19+00:00\" \/>\n<meta property=\"article:modified_time\" content=\"2024-07-10T08:58:09+00:00\" \/>\n<meta property=\"og:image\" content=\"https:\/\/archiv.siov.sk\/wp-content\/uploads\/2024\/07\/spolocne_ranajky_siov.png\" \/>\n\t<meta property=\"og:image:width\" content=\"634\" \/>\n\t<meta property=\"og:image:height\" content=\"367\" \/>\n\t<meta property=\"og:image:type\" content=\"image\/png\" \/>\n<meta name=\"author\" content=\"Gabriela Budayov\u00e1\" \/>\n<meta name=\"twitter:card\" content=\"summary_large_image\" \/>\n<meta name=\"twitter:label1\" content=\"Written by\" \/>\n\t<meta name=\"twitter:data1\" content=\"Gabriela Budayov\u00e1\" \/>\n\t<meta name=\"twitter:label2\" content=\"Estimated reading time\" \/>\n\t<meta name=\"twitter:data2\" content=\"2 minutes\" \/>\n<script type=\"application\/ld+json\" class=\"yoast-schema-graph\">{\"@context\":\"https:\\\/\\\/schema.org\",\"@graph\":[{\"@type\":\"Article\",\"@id\":\"https:\\\/\\\/archiv.siov.sk\\\/spolocne-ranajky\\\/#article\",\"isPartOf\":{\"@id\":\"https:\\\/\\\/archiv.siov.sk\\\/spolocne-ranajky\\\/\"},\"author\":{\"name\":\"Gabriela Budayov\u00e1\",\"@id\":\"https:\\\/\\\/archiv.siov.sk\\\/#\\\/schema\\\/person\\\/2d35146a9c0fa51b027e8ff319cee627\"},\"headline\":\"Spolo\u010dn\u00e9 ra\u0148ajky v \u0160IOV\",\"datePublished\":\"2024-07-10T07:16:19+00:00\",\"dateModified\":\"2024-07-10T08:58:09+00:00\",\"mainEntityOfPage\":{\"@id\":\"https:\\\/\\\/archiv.siov.sk\\\/spolocne-ranajky\\\/\"},\"wordCount\":360,\"publisher\":{\"@id\":\"https:\\\/\\\/archiv.siov.sk\\\/#organization\"},\"image\":{\"@id\":\"https:\\\/\\\/archiv.siov.sk\\\/spolocne-ranajky\\\/#primaryimage\"},\"thumbnailUrl\":\"https:\\\/\\\/archiv.siov.sk\\\/wp-content\\\/uploads\\\/2024\\\/07\\\/spolocne_ranajky_siov.png\",\"articleSection\":[\"Aktuality\",\"CAF\"],\"inLanguage\":\"en-GB\"},{\"@type\":\"WebPage\",\"@id\":\"https:\\\/\\\/archiv.siov.sk\\\/spolocne-ranajky\\\/\",\"url\":\"https:\\\/\\\/archiv.siov.sk\\\/spolocne-ranajky\\\/\",\"name\":\"Spolo\u010dn\u00e9 ra\u0148ajky v \u0160IOV - \u0160IOV - \u0161t\u00e1tny in\u0161tit\u00fat odborn\u00e9ho vzdel\u00e1vania\",\"isPartOf\":{\"@id\":\"https:\\\/\\\/archiv.siov.sk\\\/#website\"},\"primaryImageOfPage\":{\"@id\":\"https:\\\/\\\/archiv.siov.sk\\\/spolocne-ranajky\\\/#primaryimage\"},\"image\":{\"@id\":\"https:\\\/\\\/archiv.siov.sk\\\/spolocne-ranajky\\\/#primaryimage\"},\"thumbnailUrl\":\"https:\\\/\\\/archiv.siov.sk\\\/wp-content\\\/uploads\\\/2024\\\/07\\\/spolocne_ranajky_siov.png\",\"datePublished\":\"2024-07-10T07:16:19+00:00\",\"dateModified\":\"2024-07-10T08:58:09+00:00\",\"description\":\"Jedn\u00fdm z prv\u00fdch v\u00fdsledkov zmien v\u00a0\u0160t\u00e1tnom in\u0161tit\u00fate odborn\u00e9ho vzdel\u00e1vania (\u0160IOV), ktor\u00e9 vyplynuli z \u00favodnej f\u00e1zy CAF, je zavedenie spolo\u010dn\u00fdch ra\u0148ajok.\",\"breadcrumb\":{\"@id\":\"https:\\\/\\\/archiv.siov.sk\\\/spolocne-ranajky\\\/#breadcrumb\"},\"inLanguage\":\"en-GB\",\"potentialAction\":[{\"@type\":\"ReadAction\",\"target\":[\"https:\\\/\\\/archiv.siov.sk\\\/spolocne-ranajky\\\/\"]}]},{\"@type\":\"ImageObject\",\"inLanguage\":\"en-GB\",\"@id\":\"https:\\\/\\\/archiv.siov.sk\\\/spolocne-ranajky\\\/#primaryimage\",\"url\":\"https:\\\/\\\/archiv.siov.sk\\\/wp-content\\\/uploads\\\/2024\\\/07\\\/spolocne_ranajky_siov.png\",\"contentUrl\":\"https:\\\/\\\/archiv.siov.sk\\\/wp-content\\\/uploads\\\/2024\\\/07\\\/spolocne_ranajky_siov.png\",\"width\":634,\"height\":367,\"caption\":\"Spolo\u010dn\u00e9 ra\u0148ajky v \u0160t\u00e1tnom in\u0161tit\u00fate odborn\u00e9ho vzdel\u00e1vania\"},{\"@type\":\"BreadcrumbList\",\"@id\":\"https:\\\/\\\/archiv.siov.sk\\\/spolocne-ranajky\\\/#breadcrumb\",\"itemListElement\":[{\"@type\":\"ListItem\",\"position\":1,\"name\":\"Home\",\"item\":\"https:\\\/\\\/archiv.siov.sk\\\/\"},{\"@type\":\"ListItem\",\"position\":2,\"name\":\"Spolo\u010dn\u00e9 ra\u0148ajky v \u0160IOV\"}]},{\"@type\":\"WebSite\",\"@id\":\"https:\\\/\\\/archiv.siov.sk\\\/#website\",\"url\":\"https:\\\/\\\/archiv.siov.sk\\\/\",\"name\":\"\u0160IOV - \u0161t\u00e1tny in\u0161tit\u00fat odborn\u00e9ho vzdel\u00e1vania\",\"description\":\"\",\"publisher\":{\"@id\":\"https:\\\/\\\/archiv.siov.sk\\\/#organization\"},\"potentialAction\":[{\"@type\":\"SearchAction\",\"target\":{\"@type\":\"EntryPoint\",\"urlTemplate\":\"https:\\\/\\\/archiv.siov.sk\\\/?s={search_term_string}\"},\"query-input\":{\"@type\":\"PropertyValueSpecification\",\"valueRequired\":true,\"valueName\":\"search_term_string\"}}],\"inLanguage\":\"en-GB\"},{\"@type\":\"Organization\",\"@id\":\"https:\\\/\\\/archiv.siov.sk\\\/#organization\",\"name\":\"\u0160IOV - \u0161t\u00e1tny in\u0161tit\u00fat odborn\u00e9ho vzdel\u00e1vania\",\"url\":\"https:\\\/\\\/archiv.siov.sk\\\/\",\"logo\":{\"@type\":\"ImageObject\",\"inLanguage\":\"en-GB\",\"@id\":\"https:\\\/\\\/archiv.siov.sk\\\/#\\\/schema\\\/logo\\\/image\\\/\",\"url\":\"https:\\\/\\\/archiv.siov.sk\\\/wp-content\\\/uploads\\\/2024\\\/02\\\/logo-SIOV.png\",\"contentUrl\":\"https:\\\/\\\/archiv.siov.sk\\\/wp-content\\\/uploads\\\/2024\\\/02\\\/logo-SIOV.png\",\"width\":431,\"height\":143,\"caption\":\"\u0160IOV - \u0161t\u00e1tny in\u0161tit\u00fat odborn\u00e9ho vzdel\u00e1vania\"},\"image\":{\"@id\":\"https:\\\/\\\/archiv.siov.sk\\\/#\\\/schema\\\/logo\\\/image\\\/\"},\"sameAs\":[\"https:\\\/\\\/www.facebook.com\\\/Statnyinstitutodbornehovzdelavania\"]},{\"@type\":\"Person\",\"@id\":\"https:\\\/\\\/archiv.siov.sk\\\/#\\\/schema\\\/person\\\/2d35146a9c0fa51b027e8ff319cee627\",\"name\":\"Gabriela Budayov\u00e1\",\"url\":\"https:\\\/\\\/archiv.siov.sk\\\/en\\\/author\\\/gabriela-budayova\\\/\"}]}<\/script>\n<!-- \/ Yoast SEO plugin. -->","yoast_head_json":{"title":"Spolo\u010dn\u00e9 ra\u0148ajky v \u0160IOV - \u0160IOV - \u0161t\u00e1tny in\u0161tit\u00fat odborn\u00e9ho vzdel\u00e1vania","description":"Jedn\u00fdm z prv\u00fdch v\u00fdsledkov zmien v\u00a0\u0160t\u00e1tnom in\u0161tit\u00fate odborn\u00e9ho vzdel\u00e1vania (\u0160IOV), ktor\u00e9 vyplynuli z \u00favodnej f\u00e1zy CAF, je zavedenie spolo\u010dn\u00fdch ra\u0148ajok.","robots":{"index":"index","follow":"follow","max-snippet":"max-snippet:-1","max-image-preview":"max-image-preview:large","max-video-preview":"max-video-preview:-1"},"canonical":"https:\/\/archiv.siov.sk\/en\/spolocne-ranajky\/","og_locale":"en_GB","og_type":"article","og_title":"Spolo\u010dn\u00e9 ra\u0148ajky v \u0160IOV - \u0160IOV - \u0161t\u00e1tny in\u0161tit\u00fat odborn\u00e9ho vzdel\u00e1vania","og_description":"Jedn\u00fdm z prv\u00fdch v\u00fdsledkov zmien v\u00a0\u0160t\u00e1tnom in\u0161tit\u00fate odborn\u00e9ho vzdel\u00e1vania (\u0160IOV), ktor\u00e9 vyplynuli z \u00favodnej f\u00e1zy CAF, je zavedenie spolo\u010dn\u00fdch ra\u0148ajok.","og_url":"https:\/\/archiv.siov.sk\/en\/spolocne-ranajky\/","og_site_name":"\u0160IOV - \u0161t\u00e1tny in\u0161tit\u00fat odborn\u00e9ho vzdel\u00e1vania","article_publisher":"https:\/\/www.facebook.com\/Statnyinstitutodbornehovzdelavania","article_published_time":"2024-07-10T07:16:19+00:00","article_modified_time":"2024-07-10T08:58:09+00:00","og_image":[{"width":634,"height":367,"url":"https:\/\/archiv.siov.sk\/wp-content\/uploads\/2024\/07\/spolocne_ranajky_siov.png","type":"image\/png"}],"author":"Gabriela Budayov\u00e1","twitter_card":"summary_large_image","twitter_misc":{"Written by":"Gabriela Budayov\u00e1","Estimated reading time":"2 minutes"},"schema":{"@context":"https:\/\/schema.org","@graph":[{"@type":"Article","@id":"https:\/\/archiv.siov.sk\/spolocne-ranajky\/#article","isPartOf":{"@id":"https:\/\/archiv.siov.sk\/spolocne-ranajky\/"},"author":{"name":"Gabriela Budayov\u00e1","@id":"https:\/\/archiv.siov.sk\/#\/schema\/person\/2d35146a9c0fa51b027e8ff319cee627"},"headline":"Spolo\u010dn\u00e9 ra\u0148ajky v \u0160IOV","datePublished":"2024-07-10T07:16:19+00:00","dateModified":"2024-07-10T08:58:09+00:00","mainEntityOfPage":{"@id":"https:\/\/archiv.siov.sk\/spolocne-ranajky\/"},"wordCount":360,"publisher":{"@id":"https:\/\/archiv.siov.sk\/#organization"},"image":{"@id":"https:\/\/archiv.siov.sk\/spolocne-ranajky\/#primaryimage"},"thumbnailUrl":"https:\/\/archiv.siov.sk\/wp-content\/uploads\/2024\/07\/spolocne_ranajky_siov.png","articleSection":["Aktuality","CAF"],"inLanguage":"en-GB"},{"@type":"WebPage","@id":"https:\/\/archiv.siov.sk\/spolocne-ranajky\/","url":"https:\/\/archiv.siov.sk\/spolocne-ranajky\/","name":"Spolo\u010dn\u00e9 ra\u0148ajky v \u0160IOV - \u0160IOV - \u0161t\u00e1tny in\u0161tit\u00fat odborn\u00e9ho vzdel\u00e1vania","isPartOf":{"@id":"https:\/\/archiv.siov.sk\/#website"},"primaryImageOfPage":{"@id":"https:\/\/archiv.siov.sk\/spolocne-ranajky\/#primaryimage"},"image":{"@id":"https:\/\/archiv.siov.sk\/spolocne-ranajky\/#primaryimage"},"thumbnailUrl":"https:\/\/archiv.siov.sk\/wp-content\/uploads\/2024\/07\/spolocne_ranajky_siov.png","datePublished":"2024-07-10T07:16:19+00:00","dateModified":"2024-07-10T08:58:09+00:00","description":"Jedn\u00fdm z prv\u00fdch v\u00fdsledkov zmien v\u00a0\u0160t\u00e1tnom in\u0161tit\u00fate odborn\u00e9ho vzdel\u00e1vania (\u0160IOV), ktor\u00e9 vyplynuli z \u00favodnej f\u00e1zy CAF, je zavedenie spolo\u010dn\u00fdch ra\u0148ajok.","breadcrumb":{"@id":"https:\/\/archiv.siov.sk\/spolocne-ranajky\/#breadcrumb"},"inLanguage":"en-GB","potentialAction":[{"@type":"ReadAction","target":["https:\/\/archiv.siov.sk\/spolocne-ranajky\/"]}]},{"@type":"ImageObject","inLanguage":"en-GB","@id":"https:\/\/archiv.siov.sk\/spolocne-ranajky\/#primaryimage","url":"https:\/\/archiv.siov.sk\/wp-content\/uploads\/2024\/07\/spolocne_ranajky_siov.png","contentUrl":"https:\/\/archiv.siov.sk\/wp-content\/uploads\/2024\/07\/spolocne_ranajky_siov.png","width":634,"height":367,"caption":"Spolo\u010dn\u00e9 ra\u0148ajky v \u0160t\u00e1tnom in\u0161tit\u00fate odborn\u00e9ho vzdel\u00e1vania"},{"@type":"BreadcrumbList","@id":"https:\/\/archiv.siov.sk\/spolocne-ranajky\/#breadcrumb","itemListElement":[{"@type":"ListItem","position":1,"name":"Home","item":"https:\/\/archiv.siov.sk\/"},{"@type":"ListItem","position":2,"name":"Spolo\u010dn\u00e9 ra\u0148ajky v \u0160IOV"}]},{"@type":"WebSite","@id":"https:\/\/archiv.siov.sk\/#website","url":"https:\/\/archiv.siov.sk\/","name":"\u0160IOV - \u0161t\u00e1tny in\u0161tit\u00fat odborn\u00e9ho vzdel\u00e1vania","description":"","publisher":{"@id":"https:\/\/archiv.siov.sk\/#organization"},"potentialAction":[{"@type":"SearchAction","target":{"@type":"EntryPoint","urlTemplate":"https:\/\/archiv.siov.sk\/?s={search_term_string}"},"query-input":{"@type":"PropertyValueSpecification","valueRequired":true,"valueName":"search_term_string"}}],"inLanguage":"en-GB"},{"@type":"Organization","@id":"https:\/\/archiv.siov.sk\/#organization","name":"\u0160IOV - \u0161t\u00e1tny in\u0161tit\u00fat odborn\u00e9ho vzdel\u00e1vania","url":"https:\/\/archiv.siov.sk\/","logo":{"@type":"ImageObject","inLanguage":"en-GB","@id":"https:\/\/archiv.siov.sk\/#\/schema\/logo\/image\/","url":"https:\/\/archiv.siov.sk\/wp-content\/uploads\/2024\/02\/logo-SIOV.png","contentUrl":"https:\/\/archiv.siov.sk\/wp-content\/uploads\/2024\/02\/logo-SIOV.png","width":431,"height":143,"caption":"\u0160IOV - \u0161t\u00e1tny in\u0161tit\u00fat odborn\u00e9ho vzdel\u00e1vania"},"image":{"@id":"https:\/\/archiv.siov.sk\/#\/schema\/logo\/image\/"},"sameAs":["https:\/\/www.facebook.com\/Statnyinstitutodbornehovzdelavania"]},{"@type":"Person","@id":"https:\/\/archiv.siov.sk\/#\/schema\/person\/2d35146a9c0fa51b027e8ff319cee627","name":"Gabriela Budayov\u00e1","url":"https:\/\/archiv.siov.sk\/en\/author\/gabriela-budayova\/"}]}},"_links":{"self":[{"href":"https:\/\/archiv.siov.sk\/en\/wp-json\/wp\/v2\/posts\/16107","targetHints":{"allow":["GET"]}}],"collection":[{"href":"https:\/\/archiv.siov.sk\/en\/wp-json\/wp\/v2\/posts"}],"about":[{"href":"https:\/\/archiv.siov.sk\/en\/wp-json\/wp\/v2\/types\/post"}],"author":[{"embeddable":true,"href":"https:\/\/archiv.siov.sk\/en\/wp-json\/wp\/v2\/users\/10"}],"replies":[{"embeddable":true,"href":"https:\/\/archiv.siov.sk\/en\/wp-json\/wp\/v2\/comments?post=16107"}],"version-history":[{"count":9,"href":"https:\/\/archiv.siov.sk\/en\/wp-json\/wp\/v2\/posts\/16107\/revisions"}],"predecessor-version":[{"id":16132,"href":"https:\/\/archiv.siov.sk\/en\/wp-json\/wp\/v2\/posts\/16107\/revisions\/16132"}],"wp:featuredmedia":[{"embeddable":true,"href":"https:\/\/archiv.siov.sk\/en\/wp-json\/wp\/v2\/media\/16135"}],"wp:attachment":[{"href":"https:\/\/archiv.siov.sk\/en\/wp-json\/wp\/v2\/media?parent=16107"}],"wp:term":[{"taxonomy":"category","embeddable":true,"href":"https:\/\/archiv.siov.sk\/en\/wp-json\/wp\/v2\/categories?post=16107"},{"taxonomy":"post_tag","embeddable":true,"href":"https:\/\/archiv.siov.sk\/en\/wp-json\/wp\/v2\/tags?post=16107"}],"curies":[{"name":"wp","href":"https:\/\/api.w.org\/{rel}","templated":true}]}}