{"id":16092,"date":"2024-06-28T11:33:10","date_gmt":"2024-06-28T09:33:10","guid":{"rendered":"https:\/\/archiv.siov.sk\/?p=16092"},"modified":"2025-05-16T12:01:48","modified_gmt":"2025-05-16T10:01:48","slug":"skolenie-procesne-riadenie","status":"publish","type":"post","link":"https:\/\/archiv.siov.sk\/en\/skolenie-procesne-riadenie\/","title":{"rendered":"Absolvovali sme 2-mesa\u010dn\u00e9 \u0161kolenie o procesnom riaden\u00ed"},"content":{"rendered":"<figure id=\"attachment_18660\" aria-describedby=\"caption-attachment-18660\" style=\"width: 654px\" class=\"wp-caption aligncenter\"><img fetchpriority=\"high\" decoding=\"async\" class=\"wp-image-18660\" src=\"https:\/\/archiv.siov.sk\/wp-content\/uploads\/2025\/04\/loga_np_kvalita-1024x158.png\" alt=\"loga_kvalita_projekt\" width=\"654\" height=\"101\" srcset=\"https:\/\/archiv.siov.sk\/wp-content\/uploads\/2025\/04\/loga_np_kvalita-1024x158.png 1024w, https:\/\/archiv.siov.sk\/wp-content\/uploads\/2025\/04\/loga_np_kvalita-300x46.png 300w, https:\/\/archiv.siov.sk\/wp-content\/uploads\/2025\/04\/loga_np_kvalita-768x119.png 768w, https:\/\/archiv.siov.sk\/wp-content\/uploads\/2025\/04\/loga_np_kvalita-18x3.png 18w, https:\/\/archiv.siov.sk\/wp-content\/uploads\/2025\/04\/elementor\/thumbs\/loga_np_kvalita-r5cjqsfvrn5sfhsjyrw97tvig25lp3e6m5t1uzcj7g.png 450w, https:\/\/archiv.siov.sk\/wp-content\/uploads\/2025\/04\/loga_np_kvalita.png 1229w\" sizes=\"(max-width: 654px) 100vw, 654px\" \/><figcaption id=\"caption-attachment-18660\" class=\"wp-caption-text\">Aktivita sa realizovala v r\u00e1mci n\u00e1rodn\u00e9ho projektu Zavedenie mana\u017e\u00e9rstva kvality v OVP a vzdel\u00e1van\u00ed dospel\u00fdch spolufinancovan\u00e9ho Eur\u00f3pskou \u00faniou v r\u00e1mci Programu Slovensko.<\/figcaption><\/figure>\n<p>V r\u00e1mci snahy o neust\u00e1le zlep\u0161ovanie sa vedenie a \u010dlenovia CAF t\u00edmu zo \u0160t\u00e1tneho in\u0161tit\u00fatu odborn\u00e9ho vzdel\u00e1vania z\u00fa\u010dastnili 2-mesa\u010dn\u00e9ho cyklu \u0161kolen\u00ed o procesnom riaden\u00ed. Toto \u0161kolenie prinieslo na\u0161im zamestnancom cenn\u00e9 teoretick\u00e9 aj praktick\u00e9 vedomosti, ktor\u00e9 teraz m\u00f4\u017eu efekt\u00edvne uplat\u0148ova\u0165 v praxi.<\/p>\n<h2><strong>Obsah \u0161kolenia<\/strong><\/h2>\n<h3><strong>Prv\u00e1 f\u00e1za: Mapovanie procesov a nastavovanie strat\u00e9gie<\/strong><\/h3>\n<p>V prvej f\u00e1ze sa \u00fa\u010dastn\u00edci nau\u010dili mapova\u0165 a analyzova\u0165 existuj\u00face procesy. Nastavili si strat\u00e9giu a ciele pre procesn\u00e9 riadenie, definovali k\u013e\u00fa\u010dov\u00e9 ukazovatele v\u00fdkonnosti (KPI) a nastavili samotn\u00e9 procesy. S\u00fa\u010das\u0165ou tejto f\u00e1zy bolo aj vytvorenie procesn\u00e9ho kompeten\u010dn\u00e9ho modelu.<\/p>\n<h3><strong>Druh\u00e1 f\u00e1za: Zdie\u013eanie najlep\u0161\u00edch prakt\u00edk<\/strong><\/h3>\n<p>V druhej f\u00e1ze sa \u00fa\u010dastn\u00edci obozn\u00e1mili s najlep\u0161\u00edmi praktikami a trendami v procesnom riaden\u00ed od popredn\u00fdch firiem. Nau\u010dili sa, ako mera\u0165 efektivitu procesov, ako vytvori\u0165 syst\u00e9m procesn\u00e9ho riadenia a ako budova\u0165 zodpovednos\u0165 (ownership) v t\u00edme. D\u00f4le\u017eitou s\u00fa\u010das\u0165ou tejto f\u00e1zy bolo aj rozdelenie rol\u00ed v t\u00edmovom procesnom riaden\u00ed.<\/p>\n<h3><strong>Tretia f\u00e1za: Implement\u00e1cia a vyhodnocovanie v\u00fdstupov<\/strong><\/h3>\n<p>V tretej f\u00e1ze sa \u00fa\u010dastn\u00edci nau\u010dili implementova\u0165 v\u00fdstupy z predch\u00e1dzaj\u00facich f\u00e1z do praxe. Vyhodnotili v\u00fdsledky a zaviedli kroky na udr\u017eanie inov\u00e1ci\u00ed. Venovali sa aj rozdeleniu kompetenci\u00ed v r\u00e1mci t\u00edmu. Nau\u010dili sa o d\u00f4le\u017eitosti a pr\u00ednosoch procesn\u00e9ho mana\u017ementu a pracovali na projektov\u00fdch map\u00e1ch na z\u00e1klade t\u00edmov\u00fdch rol\u00ed. Diskutovalo sa aj o kontinu\u00e1lnom zlep\u0161ovan\u00ed procesov v t\u00edme, o vyhodnocovan\u00ed zlep\u0161ovac\u00edch procesov a o tom, \u010do v\u0161etko mus\u00ed obsahova\u0165 ak\u010dn\u00fd pl\u00e1n zlep\u0161ovania.<\/p>\n<p><img decoding=\"async\" class=\"alignnone wp-image-16089\" src=\"https:\/\/archiv.siov.sk\/wp-content\/uploads\/2024\/06\/skolenie_siov_procesne_riadenie-300x169.png\" alt=\"\" width=\"454\" height=\"256\" srcset=\"https:\/\/archiv.siov.sk\/wp-content\/uploads\/2024\/06\/skolenie_siov_procesne_riadenie-300x169.png 300w, https:\/\/archiv.siov.sk\/wp-content\/uploads\/2024\/06\/skolenie_siov_procesne_riadenie-768x434.png 768w, https:\/\/archiv.siov.sk\/wp-content\/uploads\/2024\/06\/skolenie_siov_procesne_riadenie-18x10.png 18w, https:\/\/archiv.siov.sk\/wp-content\/uploads\/2024\/06\/skolenie_siov_procesne_riadenie.png 995w\" sizes=\"(max-width: 454px) 100vw, 454px\" \/><\/p>\n<h2><\/h2>\n<h2><strong>Forma \u0161kolenia a jeho pr\u00ednosy<\/strong><\/h2>\n<p>Zabudnite na nudn\u00e9 predn\u00e1\u0161ky! Toto \u0161kolenie bolo realizovan\u00e9 interakt\u00edvnym sp\u00f4sobom s d\u00f4razom na t\u00edmov\u00fa pr\u00e1cu a diskusie. V\u010faka interakt\u00edvnemu pr\u00edstupu lektorov \u00fa\u010dastn\u00edci \u013eah\u0161ie pochopili teoretick\u00fa \u010das\u0165 a z\u00edskan\u00e9 vedomosti cez praktick\u00e9 aktivity ihne\u010f aplikovali do praxe. Prostredn\u00edctvom \u0161kolenia identifikovali vlastn\u00e9 nedostatky a zdroje motiv\u00e1cie, nau\u010dili sa ako rozv\u00edja\u0165 potenci\u00e1l zamestnancov, podporili ich sebamotiv\u00e1ciu a zefekt\u00edvnili pr\u00e1cu, \u010do prispeje k dosahovaniu lep\u0161\u00edch v\u00fdsledkov a v\u00e4\u010d\u0161ej radosti z pr\u00e1ce.<\/p>\n<p>Z\u00edskan\u00e9 znalosti a zru\u010dnosti n\u00e1m umo\u017enia efekt\u00edvnej\u0161ie riadi\u0165 procesy v na\u0161om in\u0161tit\u00fate, dosahova\u0165 lep\u0161ie v\u00fdsledky a kontinu\u00e1lne zlep\u0161ova\u0165 na\u0161u pr\u00e1cu. Ver\u00edme, \u017ee tieto zlep\u0161enia prines\u00fa dlhodob\u00fd pozit\u00edvny vplyv na fungovanie \u0160IOV a prines\u00fa v\u00e4\u010d\u0161iu spokojnos\u0165 na\u0161im zamestnancom.<\/p>\n<figure id=\"attachment_16090\" aria-describedby=\"caption-attachment-16090\" style=\"width: 300px\" class=\"wp-caption alignleft\"><img decoding=\"async\" class=\"wp-image-16090\" src=\"https:\/\/archiv.siov.sk\/wp-content\/uploads\/2024\/06\/skolenie_workshop_suvko_siov-282x300.png\" alt=\"\u0161kolenie procesn\u00e9 riadenie\" width=\"300\" height=\"319\" srcset=\"https:\/\/archiv.siov.sk\/wp-content\/uploads\/2024\/06\/skolenie_workshop_suvko_siov-282x300.png 282w, https:\/\/archiv.siov.sk\/wp-content\/uploads\/2024\/06\/skolenie_workshop_suvko_siov-963x1024.png 963w, https:\/\/archiv.siov.sk\/wp-content\/uploads\/2024\/06\/skolenie_workshop_suvko_siov-768x817.png 768w, https:\/\/archiv.siov.sk\/wp-content\/uploads\/2024\/06\/skolenie_workshop_suvko_siov-1444x1536.png 1444w, https:\/\/archiv.siov.sk\/wp-content\/uploads\/2024\/06\/skolenie_workshop_suvko_siov-11x12.png 11w, https:\/\/archiv.siov.sk\/wp-content\/uploads\/2024\/06\/skolenie_workshop_suvko_siov.png 1800w\" sizes=\"(max-width: 300px) 100vw, 300px\" \/><figcaption id=\"caption-attachment-16090\" class=\"wp-caption-text\">\u0160kolenie projektov\u00e9 riadenie<\/figcaption><\/figure>\n<figure id=\"attachment_16091\" aria-describedby=\"caption-attachment-16091\" style=\"width: 425px\" class=\"wp-caption alignleft\"><img loading=\"lazy\" decoding=\"async\" class=\"wp-image-16091\" src=\"https:\/\/archiv.siov.sk\/wp-content\/uploads\/2024\/06\/Suvko_siov_-diplomy-300x225.jpeg\" alt=\"\u0161kolenie projektov\u00e9 riadenie \u0161iov suvko\" width=\"425\" height=\"319\" srcset=\"https:\/\/archiv.siov.sk\/wp-content\/uploads\/2024\/06\/Suvko_siov_-diplomy-300x225.jpeg 300w, https:\/\/archiv.siov.sk\/wp-content\/uploads\/2024\/06\/Suvko_siov_-diplomy-1024x768.jpeg 1024w, https:\/\/archiv.siov.sk\/wp-content\/uploads\/2024\/06\/Suvko_siov_-diplomy-768x576.jpeg 768w, https:\/\/archiv.siov.sk\/wp-content\/uploads\/2024\/06\/Suvko_siov_-diplomy-1536x1152.jpeg 1536w, https:\/\/archiv.siov.sk\/wp-content\/uploads\/2024\/06\/Suvko_siov_-diplomy-2048x1536.jpeg 2048w, https:\/\/archiv.siov.sk\/wp-content\/uploads\/2024\/06\/Suvko_siov_-diplomy-16x12.jpeg 16w\" sizes=\"(max-width: 425px) 100vw, 425px\" \/><figcaption id=\"caption-attachment-16091\" class=\"wp-caption-text\">Z\u00e1vere\u010dn\u00e9 odovzdanie diplomov<\/figcaption><\/figure>","protected":false},"excerpt":{"rendered":"<p>V r\u00e1mci snahy o neust\u00e1le zlep\u0161ovanie sa vedenie a \u010dlenovia CAF t\u00edmu zo \u0160t\u00e1tneho in\u0161tit\u00fatu odborn\u00e9ho vzdel\u00e1vania z\u00fa\u010dastnili 2-mesa\u010dn\u00e9ho cyklu \u0161kolen\u00ed o procesnom riaden\u00ed. Toto \u0161kolenie prinieslo na\u0161im zamestnancom cenn\u00e9 teoretick\u00e9 aj praktick\u00e9 vedomosti, ktor\u00e9 teraz m\u00f4\u017eu efekt\u00edvne uplat\u0148ova\u0165 v praxi. Obsah \u0161kolenia Prv\u00e1 f\u00e1za: Mapovanie procesov a nastavovanie strat\u00e9gie V prvej f\u00e1ze sa \u00fa\u010dastn\u00edci [&hellip;]<\/p>\n","protected":false},"author":10,"featured_media":16088,"comment_status":"closed","ping_status":"closed","sticky":false,"template":"","format":"standard","meta":{"site-sidebar-layout":"default","site-content-layout":"","ast-site-content-layout":"default","site-content-style":"default","site-sidebar-style":"default","ast-global-header-display":"","ast-banner-title-visibility":"","ast-main-header-display":"","ast-hfb-above-header-display":"","ast-hfb-below-header-display":"","ast-hfb-mobile-header-display":"","site-post-title":"","ast-breadcrumbs-content":"","ast-featured-img":"","footer-sml-layout":"","ast-disable-related-posts":"","theme-transparent-header-meta":"default","adv-header-id-meta":"","stick-header-meta":"default","header-above-stick-meta":"","header-main-stick-meta":"","header-below-stick-meta":"","astra-migrate-meta-layouts":"set","ast-page-background-enabled":"default","ast-page-background-meta":{"desktop":{"background-color":"var(--ast-global-color-4)","background-image":"","background-repeat":"repeat","background-position":"center center","background-size":"auto","background-attachment":"scroll","background-type":"","background-media":"","overlay-type":"","overlay-color":"","overlay-opacity":"","overlay-gradient":""},"tablet":{"background-color":"","background-image":"","background-repeat":"repeat","background-position":"center center","background-size":"auto","background-attachment":"scroll","background-type":"","background-media":"","overlay-type":"","overlay-color":"","overlay-opacity":"","overlay-gradient":""},"mobile":{"background-color":"","background-image":"","background-repeat":"repeat","background-position":"center center","background-size":"auto","background-attachment":"scroll","background-type":"","background-media":"","overlay-type":"","overlay-color":"","overlay-opacity":"","overlay-gradient":""}},"ast-content-background-meta":{"desktop":{"background-color":"var(--ast-global-color-5)","background-image":"","background-repeat":"repeat","background-position":"center center","background-size":"auto","background-attachment":"scroll","background-type":"","background-media":"","overlay-type":"","overlay-color":"","overlay-opacity":"","overlay-gradient":""},"tablet":{"background-color":"var(--ast-global-color-5)","background-image":"","background-repeat":"repeat","background-position":"center center","background-size":"auto","background-attachment":"scroll","background-type":"","background-media":"","overlay-type":"","overlay-color":"","overlay-opacity":"","overlay-gradient":""},"mobile":{"background-color":"var(--ast-global-color-5)","background-image":"","background-repeat":"repeat","background-position":"center center","background-size":"auto","background-attachment":"scroll","background-type":"","background-media":"","overlay-type":"","overlay-color":"","overlay-opacity":"","overlay-gradient":""}},"footnotes":""},"categories":[1,24],"tags":[],"class_list":["post-16092","post","type-post","status-publish","format-standard","has-post-thumbnail","hentry","category-aktuality","category-caf"],"yoast_head":"<!-- This site is optimized with the Yoast SEO plugin v27.5 - https:\/\/yoast.com\/product\/yoast-seo-wordpress\/ -->\n<title>Absolvovali sme 2-mesa\u010dn\u00e9 \u0161kolenie o procesnom riaden\u00ed - \u0160IOV - \u0161t\u00e1tny in\u0161tit\u00fat odborn\u00e9ho vzdel\u00e1vania<\/title>\n<meta name=\"description\" content=\"V r\u00e1mci snahy o neust\u00e1le zlep\u0161ovanie sa vedenie a \u010dlenovia CAF t\u00edmu zo \u0160IOV z\u00fa\u010dastnili 2-mesa\u010dn\u00e9ho cyklu \u0161kolen\u00ed o procesnom riaden\u00ed.\" \/>\n<meta name=\"robots\" content=\"index, follow, max-snippet:-1, max-image-preview:large, max-video-preview:-1\" \/>\n<link rel=\"canonical\" href=\"https:\/\/archiv.siov.sk\/en\/skolenie-procesne-riadenie\/\" \/>\n<meta property=\"og:locale\" content=\"en_GB\" \/>\n<meta property=\"og:type\" content=\"article\" \/>\n<meta property=\"og:title\" content=\"Absolvovali sme 2-mesa\u010dn\u00e9 \u0161kolenie o procesnom riaden\u00ed - \u0160IOV - \u0161t\u00e1tny in\u0161tit\u00fat odborn\u00e9ho vzdel\u00e1vania\" \/>\n<meta property=\"og:description\" content=\"V r\u00e1mci snahy o neust\u00e1le zlep\u0161ovanie sa vedenie a \u010dlenovia CAF t\u00edmu zo \u0160IOV z\u00fa\u010dastnili 2-mesa\u010dn\u00e9ho cyklu \u0161kolen\u00ed o procesnom riaden\u00ed.\" \/>\n<meta property=\"og:url\" content=\"https:\/\/archiv.siov.sk\/en\/skolenie-procesne-riadenie\/\" \/>\n<meta property=\"og:site_name\" content=\"\u0160IOV - \u0161t\u00e1tny in\u0161tit\u00fat odborn\u00e9ho vzdel\u00e1vania\" \/>\n<meta property=\"article:publisher\" content=\"https:\/\/www.facebook.com\/Statnyinstitutodbornehovzdelavania\" \/>\n<meta property=\"article:published_time\" content=\"2024-06-28T09:33:10+00:00\" \/>\n<meta property=\"article:modified_time\" content=\"2025-05-16T10:01:48+00:00\" \/>\n<meta property=\"og:image\" content=\"https:\/\/archiv.siov.sk\/wp-content\/uploads\/2024\/06\/skolenie_procesne_riadenie_siov.jpg\" \/>\n\t<meta property=\"og:image:width\" content=\"2400\" \/>\n\t<meta property=\"og:image:height\" content=\"1729\" \/>\n\t<meta property=\"og:image:type\" content=\"image\/jpeg\" \/>\n<meta name=\"author\" content=\"Gabriela Budayov\u00e1\" \/>\n<meta name=\"twitter:card\" content=\"summary_large_image\" \/>\n<meta name=\"twitter:label1\" content=\"Written by\" \/>\n\t<meta name=\"twitter:data1\" content=\"Gabriela Budayov\u00e1\" \/>\n\t<meta name=\"twitter:label2\" content=\"Estimated reading time\" \/>\n\t<meta name=\"twitter:data2\" content=\"3 minutes\" \/>\n<script type=\"application\/ld+json\" class=\"yoast-schema-graph\">{\"@context\":\"https:\\\/\\\/schema.org\",\"@graph\":[{\"@type\":\"Article\",\"@id\":\"https:\\\/\\\/archiv.siov.sk\\\/skolenie-procesne-riadenie\\\/#article\",\"isPartOf\":{\"@id\":\"https:\\\/\\\/archiv.siov.sk\\\/skolenie-procesne-riadenie\\\/\"},\"author\":{\"name\":\"Gabriela Budayov\u00e1\",\"@id\":\"https:\\\/\\\/archiv.siov.sk\\\/#\\\/schema\\\/person\\\/2d35146a9c0fa51b027e8ff319cee627\"},\"headline\":\"Absolvovali sme 2-mesa\u010dn\u00e9 \u0161kolenie o procesnom riaden\u00ed\",\"datePublished\":\"2024-06-28T09:33:10+00:00\",\"dateModified\":\"2025-05-16T10:01:48+00:00\",\"mainEntityOfPage\":{\"@id\":\"https:\\\/\\\/archiv.siov.sk\\\/skolenie-procesne-riadenie\\\/\"},\"wordCount\":521,\"publisher\":{\"@id\":\"https:\\\/\\\/archiv.siov.sk\\\/#organization\"},\"image\":{\"@id\":\"https:\\\/\\\/archiv.siov.sk\\\/skolenie-procesne-riadenie\\\/#primaryimage\"},\"thumbnailUrl\":\"https:\\\/\\\/archiv.siov.sk\\\/wp-content\\\/uploads\\\/2024\\\/06\\\/skolenie_procesne_riadenie_siov.jpg\",\"articleSection\":[\"Aktuality\",\"CAF\"],\"inLanguage\":\"en-GB\"},{\"@type\":\"WebPage\",\"@id\":\"https:\\\/\\\/archiv.siov.sk\\\/skolenie-procesne-riadenie\\\/\",\"url\":\"https:\\\/\\\/archiv.siov.sk\\\/skolenie-procesne-riadenie\\\/\",\"name\":\"Absolvovali sme 2-mesa\u010dn\u00e9 \u0161kolenie o procesnom riaden\u00ed - \u0160IOV - \u0161t\u00e1tny in\u0161tit\u00fat odborn\u00e9ho vzdel\u00e1vania\",\"isPartOf\":{\"@id\":\"https:\\\/\\\/archiv.siov.sk\\\/#website\"},\"primaryImageOfPage\":{\"@id\":\"https:\\\/\\\/archiv.siov.sk\\\/skolenie-procesne-riadenie\\\/#primaryimage\"},\"image\":{\"@id\":\"https:\\\/\\\/archiv.siov.sk\\\/skolenie-procesne-riadenie\\\/#primaryimage\"},\"thumbnailUrl\":\"https:\\\/\\\/archiv.siov.sk\\\/wp-content\\\/uploads\\\/2024\\\/06\\\/skolenie_procesne_riadenie_siov.jpg\",\"datePublished\":\"2024-06-28T09:33:10+00:00\",\"dateModified\":\"2025-05-16T10:01:48+00:00\",\"description\":\"V r\u00e1mci snahy o neust\u00e1le zlep\u0161ovanie sa vedenie a \u010dlenovia CAF t\u00edmu zo \u0160IOV z\u00fa\u010dastnili 2-mesa\u010dn\u00e9ho cyklu \u0161kolen\u00ed o procesnom riaden\u00ed.\",\"breadcrumb\":{\"@id\":\"https:\\\/\\\/archiv.siov.sk\\\/skolenie-procesne-riadenie\\\/#breadcrumb\"},\"inLanguage\":\"en-GB\",\"potentialAction\":[{\"@type\":\"ReadAction\",\"target\":[\"https:\\\/\\\/archiv.siov.sk\\\/skolenie-procesne-riadenie\\\/\"]}]},{\"@type\":\"ImageObject\",\"inLanguage\":\"en-GB\",\"@id\":\"https:\\\/\\\/archiv.siov.sk\\\/skolenie-procesne-riadenie\\\/#primaryimage\",\"url\":\"https:\\\/\\\/archiv.siov.sk\\\/wp-content\\\/uploads\\\/2024\\\/06\\\/skolenie_procesne_riadenie_siov.jpg\",\"contentUrl\":\"https:\\\/\\\/archiv.siov.sk\\\/wp-content\\\/uploads\\\/2024\\\/06\\\/skolenie_procesne_riadenie_siov.jpg\",\"width\":2400,\"height\":1729,\"caption\":\"\u0161kolenie procesn\u00e9 riadenie\"},{\"@type\":\"BreadcrumbList\",\"@id\":\"https:\\\/\\\/archiv.siov.sk\\\/skolenie-procesne-riadenie\\\/#breadcrumb\",\"itemListElement\":[{\"@type\":\"ListItem\",\"position\":1,\"name\":\"Home\",\"item\":\"https:\\\/\\\/archiv.siov.sk\\\/\"},{\"@type\":\"ListItem\",\"position\":2,\"name\":\"Absolvovali sme 2-mesa\u010dn\u00e9 \u0161kolenie o procesnom riaden\u00ed\"}]},{\"@type\":\"WebSite\",\"@id\":\"https:\\\/\\\/archiv.siov.sk\\\/#website\",\"url\":\"https:\\\/\\\/archiv.siov.sk\\\/\",\"name\":\"\u0160IOV - \u0161t\u00e1tny in\u0161tit\u00fat odborn\u00e9ho vzdel\u00e1vania\",\"description\":\"\",\"publisher\":{\"@id\":\"https:\\\/\\\/archiv.siov.sk\\\/#organization\"},\"potentialAction\":[{\"@type\":\"SearchAction\",\"target\":{\"@type\":\"EntryPoint\",\"urlTemplate\":\"https:\\\/\\\/archiv.siov.sk\\\/?s={search_term_string}\"},\"query-input\":{\"@type\":\"PropertyValueSpecification\",\"valueRequired\":true,\"valueName\":\"search_term_string\"}}],\"inLanguage\":\"en-GB\"},{\"@type\":\"Organization\",\"@id\":\"https:\\\/\\\/archiv.siov.sk\\\/#organization\",\"name\":\"\u0160IOV - \u0161t\u00e1tny in\u0161tit\u00fat odborn\u00e9ho vzdel\u00e1vania\",\"url\":\"https:\\\/\\\/archiv.siov.sk\\\/\",\"logo\":{\"@type\":\"ImageObject\",\"inLanguage\":\"en-GB\",\"@id\":\"https:\\\/\\\/archiv.siov.sk\\\/#\\\/schema\\\/logo\\\/image\\\/\",\"url\":\"https:\\\/\\\/archiv.siov.sk\\\/wp-content\\\/uploads\\\/2024\\\/02\\\/logo-SIOV.png\",\"contentUrl\":\"https:\\\/\\\/archiv.siov.sk\\\/wp-content\\\/uploads\\\/2024\\\/02\\\/logo-SIOV.png\",\"width\":431,\"height\":143,\"caption\":\"\u0160IOV - \u0161t\u00e1tny in\u0161tit\u00fat odborn\u00e9ho vzdel\u00e1vania\"},\"image\":{\"@id\":\"https:\\\/\\\/archiv.siov.sk\\\/#\\\/schema\\\/logo\\\/image\\\/\"},\"sameAs\":[\"https:\\\/\\\/www.facebook.com\\\/Statnyinstitutodbornehovzdelavania\"]},{\"@type\":\"Person\",\"@id\":\"https:\\\/\\\/archiv.siov.sk\\\/#\\\/schema\\\/person\\\/2d35146a9c0fa51b027e8ff319cee627\",\"name\":\"Gabriela Budayov\u00e1\",\"url\":\"https:\\\/\\\/archiv.siov.sk\\\/en\\\/author\\\/gabriela-budayova\\\/\"}]}<\/script>\n<!-- \/ Yoast SEO plugin. -->","yoast_head_json":{"title":"Absolvovali sme 2-mesa\u010dn\u00e9 \u0161kolenie o procesnom riaden\u00ed - \u0160IOV - \u0161t\u00e1tny in\u0161tit\u00fat odborn\u00e9ho vzdel\u00e1vania","description":"V r\u00e1mci snahy o neust\u00e1le zlep\u0161ovanie sa vedenie a \u010dlenovia CAF t\u00edmu zo \u0160IOV z\u00fa\u010dastnili 2-mesa\u010dn\u00e9ho cyklu \u0161kolen\u00ed o procesnom riaden\u00ed.","robots":{"index":"index","follow":"follow","max-snippet":"max-snippet:-1","max-image-preview":"max-image-preview:large","max-video-preview":"max-video-preview:-1"},"canonical":"https:\/\/archiv.siov.sk\/en\/skolenie-procesne-riadenie\/","og_locale":"en_GB","og_type":"article","og_title":"Absolvovali sme 2-mesa\u010dn\u00e9 \u0161kolenie o procesnom riaden\u00ed - \u0160IOV - \u0161t\u00e1tny in\u0161tit\u00fat odborn\u00e9ho vzdel\u00e1vania","og_description":"V r\u00e1mci snahy o neust\u00e1le zlep\u0161ovanie sa vedenie a \u010dlenovia CAF t\u00edmu zo \u0160IOV z\u00fa\u010dastnili 2-mesa\u010dn\u00e9ho cyklu \u0161kolen\u00ed o procesnom riaden\u00ed.","og_url":"https:\/\/archiv.siov.sk\/en\/skolenie-procesne-riadenie\/","og_site_name":"\u0160IOV - \u0161t\u00e1tny in\u0161tit\u00fat odborn\u00e9ho vzdel\u00e1vania","article_publisher":"https:\/\/www.facebook.com\/Statnyinstitutodbornehovzdelavania","article_published_time":"2024-06-28T09:33:10+00:00","article_modified_time":"2025-05-16T10:01:48+00:00","og_image":[{"width":2400,"height":1729,"url":"https:\/\/archiv.siov.sk\/wp-content\/uploads\/2024\/06\/skolenie_procesne_riadenie_siov.jpg","type":"image\/jpeg"}],"author":"Gabriela Budayov\u00e1","twitter_card":"summary_large_image","twitter_misc":{"Written by":"Gabriela Budayov\u00e1","Estimated reading time":"3 minutes"},"schema":{"@context":"https:\/\/schema.org","@graph":[{"@type":"Article","@id":"https:\/\/archiv.siov.sk\/skolenie-procesne-riadenie\/#article","isPartOf":{"@id":"https:\/\/archiv.siov.sk\/skolenie-procesne-riadenie\/"},"author":{"name":"Gabriela Budayov\u00e1","@id":"https:\/\/archiv.siov.sk\/#\/schema\/person\/2d35146a9c0fa51b027e8ff319cee627"},"headline":"Absolvovali sme 2-mesa\u010dn\u00e9 \u0161kolenie o procesnom riaden\u00ed","datePublished":"2024-06-28T09:33:10+00:00","dateModified":"2025-05-16T10:01:48+00:00","mainEntityOfPage":{"@id":"https:\/\/archiv.siov.sk\/skolenie-procesne-riadenie\/"},"wordCount":521,"publisher":{"@id":"https:\/\/archiv.siov.sk\/#organization"},"image":{"@id":"https:\/\/archiv.siov.sk\/skolenie-procesne-riadenie\/#primaryimage"},"thumbnailUrl":"https:\/\/archiv.siov.sk\/wp-content\/uploads\/2024\/06\/skolenie_procesne_riadenie_siov.jpg","articleSection":["Aktuality","CAF"],"inLanguage":"en-GB"},{"@type":"WebPage","@id":"https:\/\/archiv.siov.sk\/skolenie-procesne-riadenie\/","url":"https:\/\/archiv.siov.sk\/skolenie-procesne-riadenie\/","name":"Absolvovali sme 2-mesa\u010dn\u00e9 \u0161kolenie o procesnom riaden\u00ed - \u0160IOV - \u0161t\u00e1tny in\u0161tit\u00fat odborn\u00e9ho vzdel\u00e1vania","isPartOf":{"@id":"https:\/\/archiv.siov.sk\/#website"},"primaryImageOfPage":{"@id":"https:\/\/archiv.siov.sk\/skolenie-procesne-riadenie\/#primaryimage"},"image":{"@id":"https:\/\/archiv.siov.sk\/skolenie-procesne-riadenie\/#primaryimage"},"thumbnailUrl":"https:\/\/archiv.siov.sk\/wp-content\/uploads\/2024\/06\/skolenie_procesne_riadenie_siov.jpg","datePublished":"2024-06-28T09:33:10+00:00","dateModified":"2025-05-16T10:01:48+00:00","description":"V r\u00e1mci snahy o neust\u00e1le zlep\u0161ovanie sa vedenie a \u010dlenovia CAF t\u00edmu zo \u0160IOV z\u00fa\u010dastnili 2-mesa\u010dn\u00e9ho cyklu \u0161kolen\u00ed o procesnom riaden\u00ed.","breadcrumb":{"@id":"https:\/\/archiv.siov.sk\/skolenie-procesne-riadenie\/#breadcrumb"},"inLanguage":"en-GB","potentialAction":[{"@type":"ReadAction","target":["https:\/\/archiv.siov.sk\/skolenie-procesne-riadenie\/"]}]},{"@type":"ImageObject","inLanguage":"en-GB","@id":"https:\/\/archiv.siov.sk\/skolenie-procesne-riadenie\/#primaryimage","url":"https:\/\/archiv.siov.sk\/wp-content\/uploads\/2024\/06\/skolenie_procesne_riadenie_siov.jpg","contentUrl":"https:\/\/archiv.siov.sk\/wp-content\/uploads\/2024\/06\/skolenie_procesne_riadenie_siov.jpg","width":2400,"height":1729,"caption":"\u0161kolenie procesn\u00e9 riadenie"},{"@type":"BreadcrumbList","@id":"https:\/\/archiv.siov.sk\/skolenie-procesne-riadenie\/#breadcrumb","itemListElement":[{"@type":"ListItem","position":1,"name":"Home","item":"https:\/\/archiv.siov.sk\/"},{"@type":"ListItem","position":2,"name":"Absolvovali sme 2-mesa\u010dn\u00e9 \u0161kolenie o procesnom riaden\u00ed"}]},{"@type":"WebSite","@id":"https:\/\/archiv.siov.sk\/#website","url":"https:\/\/archiv.siov.sk\/","name":"\u0160IOV - \u0161t\u00e1tny in\u0161tit\u00fat odborn\u00e9ho vzdel\u00e1vania","description":"","publisher":{"@id":"https:\/\/archiv.siov.sk\/#organization"},"potentialAction":[{"@type":"SearchAction","target":{"@type":"EntryPoint","urlTemplate":"https:\/\/archiv.siov.sk\/?s={search_term_string}"},"query-input":{"@type":"PropertyValueSpecification","valueRequired":true,"valueName":"search_term_string"}}],"inLanguage":"en-GB"},{"@type":"Organization","@id":"https:\/\/archiv.siov.sk\/#organization","name":"\u0160IOV - \u0161t\u00e1tny in\u0161tit\u00fat odborn\u00e9ho vzdel\u00e1vania","url":"https:\/\/archiv.siov.sk\/","logo":{"@type":"ImageObject","inLanguage":"en-GB","@id":"https:\/\/archiv.siov.sk\/#\/schema\/logo\/image\/","url":"https:\/\/archiv.siov.sk\/wp-content\/uploads\/2024\/02\/logo-SIOV.png","contentUrl":"https:\/\/archiv.siov.sk\/wp-content\/uploads\/2024\/02\/logo-SIOV.png","width":431,"height":143,"caption":"\u0160IOV - \u0161t\u00e1tny in\u0161tit\u00fat odborn\u00e9ho vzdel\u00e1vania"},"image":{"@id":"https:\/\/archiv.siov.sk\/#\/schema\/logo\/image\/"},"sameAs":["https:\/\/www.facebook.com\/Statnyinstitutodbornehovzdelavania"]},{"@type":"Person","@id":"https:\/\/archiv.siov.sk\/#\/schema\/person\/2d35146a9c0fa51b027e8ff319cee627","name":"Gabriela Budayov\u00e1","url":"https:\/\/archiv.siov.sk\/en\/author\/gabriela-budayova\/"}]}},"_links":{"self":[{"href":"https:\/\/archiv.siov.sk\/en\/wp-json\/wp\/v2\/posts\/16092","targetHints":{"allow":["GET"]}}],"collection":[{"href":"https:\/\/archiv.siov.sk\/en\/wp-json\/wp\/v2\/posts"}],"about":[{"href":"https:\/\/archiv.siov.sk\/en\/wp-json\/wp\/v2\/types\/post"}],"author":[{"embeddable":true,"href":"https:\/\/archiv.siov.sk\/en\/wp-json\/wp\/v2\/users\/10"}],"replies":[{"embeddable":true,"href":"https:\/\/archiv.siov.sk\/en\/wp-json\/wp\/v2\/comments?post=16092"}],"version-history":[{"count":9,"href":"https:\/\/archiv.siov.sk\/en\/wp-json\/wp\/v2\/posts\/16092\/revisions"}],"predecessor-version":[{"id":18945,"href":"https:\/\/archiv.siov.sk\/en\/wp-json\/wp\/v2\/posts\/16092\/revisions\/18945"}],"wp:featuredmedia":[{"embeddable":true,"href":"https:\/\/archiv.siov.sk\/en\/wp-json\/wp\/v2\/media\/16088"}],"wp:attachment":[{"href":"https:\/\/archiv.siov.sk\/en\/wp-json\/wp\/v2\/media?parent=16092"}],"wp:term":[{"taxonomy":"category","embeddable":true,"href":"https:\/\/archiv.siov.sk\/en\/wp-json\/wp\/v2\/categories?post=16092"},{"taxonomy":"post_tag","embeddable":true,"href":"https:\/\/archiv.siov.sk\/en\/wp-json\/wp\/v2\/tags?post=16092"}],"curies":[{"name":"wp","href":"https:\/\/api.w.org\/{rel}","templated":true}]}}