{"id":16078,"date":"2024-06-21T09:30:29","date_gmt":"2024-06-21T07:30:29","guid":{"rendered":"https:\/\/archiv.siov.sk\/?p=16078"},"modified":"2025-05-16T11:41:45","modified_gmt":"2025-05-16T09:41:45","slug":"caf-posudenie-na-mieste","status":"publish","type":"post","link":"https:\/\/archiv.siov.sk\/en\/caf-posudenie-na-mieste\/","title":{"rendered":"CAF \u2013 Pos\u00fadenie na mieste"},"content":{"rendered":"<p>D\u0148a 18. j\u00fana 2024 sa na p\u00f4de \u0160t\u00e1tneho in\u0161tit\u00fatu odborn\u00e9ho vzdel\u00e1vania (\u0160IOV) uskuto\u010dnilo <strong>pos\u00fadenie na mieste<\/strong>, ktor\u00e9 predstavuje k\u013e\u00fa\u010dov\u00fd krok v procese samohodnotenia in\u0161tit\u00faci\u00ed pod\u013ea modelu CAF. Cie\u013eom modelu CAF je komplexn\u00e9 hodnotenie a zdokona\u013eovanie fungovania organiz\u00e1ci\u00ed.<\/p>\n<p>Metodi\u010dka Jana \u010cuvalov\u00e1 priv\u00edtala <strong>extern\u00fd t\u00edm posudzovate\u013eov<\/strong>, ktor\u00fd tvorili Milan \u0160est\u00e1k a Pavel Ve\u010de\u0159a, spolu s konzultantkou Monikou Jurkovi\u010dovou z \u00daradu pre normaliz\u00e1ciu, metrol\u00f3giu a sk\u00fa\u0161obn\u00edctvo.<\/p>\n<p>Riadite\u013e \u0160IOV, Branislav Had\u00e1r, n\u00e1sledne predstavil hist\u00f3riu, hlavn\u00e9 \u010dinnosti a aktivity in\u0161tit\u00facie, motiv\u00e1cie zapojenia sa do modelu CAF, ako aj oblasti, v ktor\u00fdch chce \u0160IOV dosiahnu\u0165 zlep\u0161enia.<\/p>\n<p>Diskusia sa potom s\u00fastredila na jednotliv\u00e9 <strong>krit\u00e9ri\u00e1 modelu CAF<\/strong>. \u010clenovia CAF t\u00edmu zodpovedali ot\u00e1zky posudzovate\u013eov a\u00a0dopl\u0148ovali inform\u00e1cie zo samohodnotiacej spr\u00e1vy. Posudzovatelia ocenili otvoren\u00fa komunik\u00e1ciu a\u00a0anga\u017eovanos\u0165 v\u0161etk\u00fdch pr\u00edtomn\u00fdch.<\/p>\n<p><strong>Extern\u00ed posudzovatelia<\/strong> vyzdvihli viacero <strong>siln\u00fdch str\u00e1nok \u0160IOV-u<\/strong>, a z\u00e1rove\u0148 identifikovali <strong>oblasti na zlep\u0161enie<\/strong>, s\u00a0ktor\u00fdmi \u0160IOV bude pracova\u0165 v\u00a0nasleduj\u00facom obdob\u00ed. Podrobn\u00e9 z\u00e1very z\u00a0pos\u00fadenia na mieste, vr\u00e1tane odpor\u00fa\u010dan\u00ed pre \u010fal\u0161\u00ed rozvoj in\u0161tit\u00facie, bud\u00fa spracovan\u00e9 do konca j\u00fana 2024.<\/p>\n<figure id=\"attachment_18660\" aria-describedby=\"caption-attachment-18660\" style=\"width: 771px\" class=\"wp-caption aligncenter\"><img fetchpriority=\"high\" decoding=\"async\" class=\"wp-image-18660\" src=\"https:\/\/archiv.siov.sk\/wp-content\/uploads\/2025\/04\/loga_np_kvalita-1024x158.png\" alt=\"loga_kvalita_projekt\" width=\"771\" height=\"119\" srcset=\"https:\/\/archiv.siov.sk\/wp-content\/uploads\/2025\/04\/loga_np_kvalita-1024x158.png 1024w, https:\/\/archiv.siov.sk\/wp-content\/uploads\/2025\/04\/loga_np_kvalita-300x46.png 300w, https:\/\/archiv.siov.sk\/wp-content\/uploads\/2025\/04\/loga_np_kvalita-768x119.png 768w, https:\/\/archiv.siov.sk\/wp-content\/uploads\/2025\/04\/loga_np_kvalita-18x3.png 18w, https:\/\/archiv.siov.sk\/wp-content\/uploads\/2025\/04\/elementor\/thumbs\/loga_np_kvalita-r5cjqsfvrn5sfhsjyrw97tvig25lp3e6m5t1uzcj7g.png 450w, https:\/\/archiv.siov.sk\/wp-content\/uploads\/2025\/04\/loga_np_kvalita.png 1229w\" sizes=\"(max-width: 771px) 100vw, 771px\" \/><figcaption id=\"caption-attachment-18660\" class=\"wp-caption-text\">Aktivita je s\u00fa\u010das\u0165ou n\u00e1rodn\u00e9ho projektu Zavedenie mana\u017e\u00e9rstva kvality v OVP a vzdel\u00e1van\u00ed dospel\u00fdch spolufinancovan\u00e9ho Eur\u00f3pskou \u00faniou v r\u00e1mci Programu Slovensko.<\/figcaption><\/figure>","protected":false},"excerpt":{"rendered":"<p>D\u0148a 18. j\u00fana 2024 sa na p\u00f4de \u0160t\u00e1tneho in\u0161tit\u00fatu odborn\u00e9ho vzdel\u00e1vania (\u0160IOV) uskuto\u010dnilo pos\u00fadenie na mieste, ktor\u00e9 predstavuje k\u013e\u00fa\u010dov\u00fd krok v procese samohodnotenia in\u0161tit\u00faci\u00ed pod\u013ea modelu CAF. Cie\u013eom modelu CAF je komplexn\u00e9 hodnotenie a zdokona\u013eovanie fungovania organiz\u00e1ci\u00ed. Metodi\u010dka Jana \u010cuvalov\u00e1 priv\u00edtala extern\u00fd t\u00edm posudzovate\u013eov, ktor\u00fd tvorili Milan \u0160est\u00e1k a Pavel Ve\u010de\u0159a, spolu s konzultantkou Monikou [&hellip;]<\/p>\n","protected":false},"author":10,"featured_media":16077,"comment_status":"closed","ping_status":"closed","sticky":false,"template":"","format":"standard","meta":{"site-sidebar-layout":"default","site-content-layout":"","ast-site-content-layout":"default","site-content-style":"default","site-sidebar-style":"default","ast-global-header-display":"","ast-banner-title-visibility":"","ast-main-header-display":"","ast-hfb-above-header-display":"","ast-hfb-below-header-display":"","ast-hfb-mobile-header-display":"","site-post-title":"","ast-breadcrumbs-content":"","ast-featured-img":"","footer-sml-layout":"","ast-disable-related-posts":"","theme-transparent-header-meta":"default","adv-header-id-meta":"","stick-header-meta":"default","header-above-stick-meta":"","header-main-stick-meta":"","header-below-stick-meta":"","astra-migrate-meta-layouts":"set","ast-page-background-enabled":"default","ast-page-background-meta":{"desktop":{"background-color":"var(--ast-global-color-4)","background-image":"","background-repeat":"repeat","background-position":"center center","background-size":"auto","background-attachment":"scroll","background-type":"","background-media":"","overlay-type":"","overlay-color":"","overlay-opacity":"","overlay-gradient":""},"tablet":{"background-color":"","background-image":"","background-repeat":"repeat","background-position":"center center","background-size":"auto","background-attachment":"scroll","background-type":"","background-media":"","overlay-type":"","overlay-color":"","overlay-opacity":"","overlay-gradient":""},"mobile":{"background-color":"","background-image":"","background-repeat":"repeat","background-position":"center center","background-size":"auto","background-attachment":"scroll","background-type":"","background-media":"","overlay-type":"","overlay-color":"","overlay-opacity":"","overlay-gradient":""}},"ast-content-background-meta":{"desktop":{"background-color":"var(--ast-global-color-5)","background-image":"","background-repeat":"repeat","background-position":"center center","background-size":"auto","background-attachment":"scroll","background-type":"","background-media":"","overlay-type":"","overlay-color":"","overlay-opacity":"","overlay-gradient":""},"tablet":{"background-color":"var(--ast-global-color-5)","background-image":"","background-repeat":"repeat","background-position":"center center","background-size":"auto","background-attachment":"scroll","background-type":"","background-media":"","overlay-type":"","overlay-color":"","overlay-opacity":"","overlay-gradient":""},"mobile":{"background-color":"var(--ast-global-color-5)","background-image":"","background-repeat":"repeat","background-position":"center center","background-size":"auto","background-attachment":"scroll","background-type":"","background-media":"","overlay-type":"","overlay-color":"","overlay-opacity":"","overlay-gradient":""}},"footnotes":""},"categories":[1,24],"tags":[],"class_list":["post-16078","post","type-post","status-publish","format-standard","has-post-thumbnail","hentry","category-aktuality","category-caf"],"yoast_head":"<!-- This site is optimized with the Yoast SEO plugin v27.5 - https:\/\/yoast.com\/product\/yoast-seo-wordpress\/ -->\n<title>CAF \u2013 Pos\u00fadenie na mieste - \u0160IOV - \u0161t\u00e1tny in\u0161tit\u00fat odborn\u00e9ho vzdel\u00e1vania<\/title>\n<meta name=\"description\" content=\"D\u0148a 18. j\u00fana 2024 sa na p\u00f4de \u0160t\u00e1tneho in\u0161tit\u00fatu odborn\u00e9ho vzdel\u00e1vania (\u0160IOV) uskuto\u010dnilo pos\u00fadenie na mieste, ktor\u00e9 predstavuje k\u013e\u00fa\u010dov\u00fd krok v procese samohodnotenia in\u0161tit\u00faci\u00ed pod\u013ea modelu CAF.\" \/>\n<meta name=\"robots\" content=\"index, follow, max-snippet:-1, max-image-preview:large, max-video-preview:-1\" \/>\n<link rel=\"canonical\" href=\"https:\/\/archiv.siov.sk\/en\/caf-posudenie-na-mieste\/\" \/>\n<meta property=\"og:locale\" content=\"en_GB\" \/>\n<meta property=\"og:type\" content=\"article\" \/>\n<meta property=\"og:title\" content=\"CAF \u2013 Pos\u00fadenie na mieste - \u0160IOV - \u0161t\u00e1tny in\u0161tit\u00fat odborn\u00e9ho vzdel\u00e1vania\" \/>\n<meta property=\"og:description\" content=\"D\u0148a 18. j\u00fana 2024 sa na p\u00f4de \u0160t\u00e1tneho in\u0161tit\u00fatu odborn\u00e9ho vzdel\u00e1vania (\u0160IOV) uskuto\u010dnilo pos\u00fadenie na mieste, ktor\u00e9 predstavuje k\u013e\u00fa\u010dov\u00fd krok v procese samohodnotenia in\u0161tit\u00faci\u00ed pod\u013ea modelu CAF.\" \/>\n<meta property=\"og:url\" content=\"https:\/\/archiv.siov.sk\/en\/caf-posudenie-na-mieste\/\" \/>\n<meta property=\"og:site_name\" content=\"\u0160IOV - \u0161t\u00e1tny in\u0161tit\u00fat odborn\u00e9ho vzdel\u00e1vania\" \/>\n<meta property=\"article:publisher\" content=\"https:\/\/www.facebook.com\/Statnyinstitutodbornehovzdelavania\" \/>\n<meta property=\"article:published_time\" content=\"2024-06-21T07:30:29+00:00\" \/>\n<meta property=\"article:modified_time\" content=\"2025-05-16T09:41:45+00:00\" \/>\n<meta property=\"og:image\" content=\"https:\/\/archiv.siov.sk\/wp-content\/uploads\/2024\/06\/caf_posudenie_na_mieste-1024x961.png\" \/>\n\t<meta property=\"og:image:width\" content=\"1024\" \/>\n\t<meta property=\"og:image:height\" content=\"961\" \/>\n\t<meta property=\"og:image:type\" content=\"image\/png\" \/>\n<meta name=\"author\" content=\"Gabriela Budayov\u00e1\" \/>\n<meta name=\"twitter:card\" content=\"summary_large_image\" \/>\n<meta name=\"twitter:label1\" content=\"Written by\" \/>\n\t<meta name=\"twitter:data1\" content=\"Gabriela Budayov\u00e1\" \/>\n\t<meta name=\"twitter:label2\" content=\"Estimated reading time\" \/>\n\t<meta name=\"twitter:data2\" content=\"2 minutes\" \/>\n<script type=\"application\/ld+json\" class=\"yoast-schema-graph\">{\"@context\":\"https:\\\/\\\/schema.org\",\"@graph\":[{\"@type\":\"Article\",\"@id\":\"https:\\\/\\\/archiv.siov.sk\\\/caf-posudenie-na-mieste\\\/#article\",\"isPartOf\":{\"@id\":\"https:\\\/\\\/archiv.siov.sk\\\/caf-posudenie-na-mieste\\\/\"},\"author\":{\"name\":\"Gabriela Budayov\u00e1\",\"@id\":\"https:\\\/\\\/archiv.siov.sk\\\/#\\\/schema\\\/person\\\/2d35146a9c0fa51b027e8ff319cee627\"},\"headline\":\"CAF \u2013 Pos\u00fadenie na mieste\",\"datePublished\":\"2024-06-21T07:30:29+00:00\",\"dateModified\":\"2025-05-16T09:41:45+00:00\",\"mainEntityOfPage\":{\"@id\":\"https:\\\/\\\/archiv.siov.sk\\\/caf-posudenie-na-mieste\\\/\"},\"wordCount\":261,\"publisher\":{\"@id\":\"https:\\\/\\\/archiv.siov.sk\\\/#organization\"},\"image\":{\"@id\":\"https:\\\/\\\/archiv.siov.sk\\\/caf-posudenie-na-mieste\\\/#primaryimage\"},\"thumbnailUrl\":\"https:\\\/\\\/archiv.siov.sk\\\/wp-content\\\/uploads\\\/2024\\\/06\\\/caf_posudenie_na_mieste.png\",\"articleSection\":[\"Aktuality\",\"CAF\"],\"inLanguage\":\"en-GB\"},{\"@type\":\"WebPage\",\"@id\":\"https:\\\/\\\/archiv.siov.sk\\\/caf-posudenie-na-mieste\\\/\",\"url\":\"https:\\\/\\\/archiv.siov.sk\\\/caf-posudenie-na-mieste\\\/\",\"name\":\"CAF \u2013 Pos\u00fadenie na mieste - \u0160IOV - \u0161t\u00e1tny in\u0161tit\u00fat odborn\u00e9ho vzdel\u00e1vania\",\"isPartOf\":{\"@id\":\"https:\\\/\\\/archiv.siov.sk\\\/#website\"},\"primaryImageOfPage\":{\"@id\":\"https:\\\/\\\/archiv.siov.sk\\\/caf-posudenie-na-mieste\\\/#primaryimage\"},\"image\":{\"@id\":\"https:\\\/\\\/archiv.siov.sk\\\/caf-posudenie-na-mieste\\\/#primaryimage\"},\"thumbnailUrl\":\"https:\\\/\\\/archiv.siov.sk\\\/wp-content\\\/uploads\\\/2024\\\/06\\\/caf_posudenie_na_mieste.png\",\"datePublished\":\"2024-06-21T07:30:29+00:00\",\"dateModified\":\"2025-05-16T09:41:45+00:00\",\"description\":\"D\u0148a 18. j\u00fana 2024 sa na p\u00f4de \u0160t\u00e1tneho in\u0161tit\u00fatu odborn\u00e9ho vzdel\u00e1vania (\u0160IOV) uskuto\u010dnilo pos\u00fadenie na mieste, ktor\u00e9 predstavuje k\u013e\u00fa\u010dov\u00fd krok v procese samohodnotenia in\u0161tit\u00faci\u00ed pod\u013ea modelu CAF.\",\"breadcrumb\":{\"@id\":\"https:\\\/\\\/archiv.siov.sk\\\/caf-posudenie-na-mieste\\\/#breadcrumb\"},\"inLanguage\":\"en-GB\",\"potentialAction\":[{\"@type\":\"ReadAction\",\"target\":[\"https:\\\/\\\/archiv.siov.sk\\\/caf-posudenie-na-mieste\\\/\"]}]},{\"@type\":\"ImageObject\",\"inLanguage\":\"en-GB\",\"@id\":\"https:\\\/\\\/archiv.siov.sk\\\/caf-posudenie-na-mieste\\\/#primaryimage\",\"url\":\"https:\\\/\\\/archiv.siov.sk\\\/wp-content\\\/uploads\\\/2024\\\/06\\\/caf_posudenie_na_mieste.png\",\"contentUrl\":\"https:\\\/\\\/archiv.siov.sk\\\/wp-content\\\/uploads\\\/2024\\\/06\\\/caf_posudenie_na_mieste.png\",\"width\":1470,\"height\":1380,\"caption\":\"\u0160t\u00e1tny in\u0161tit\u00fat odborn\u00e9ho vzdel\u00e1vania model CAF Pos\u00fadenie na mieste\"},{\"@type\":\"BreadcrumbList\",\"@id\":\"https:\\\/\\\/archiv.siov.sk\\\/caf-posudenie-na-mieste\\\/#breadcrumb\",\"itemListElement\":[{\"@type\":\"ListItem\",\"position\":1,\"name\":\"Home\",\"item\":\"https:\\\/\\\/archiv.siov.sk\\\/\"},{\"@type\":\"ListItem\",\"position\":2,\"name\":\"CAF \u2013 Pos\u00fadenie na mieste\"}]},{\"@type\":\"WebSite\",\"@id\":\"https:\\\/\\\/archiv.siov.sk\\\/#website\",\"url\":\"https:\\\/\\\/archiv.siov.sk\\\/\",\"name\":\"\u0160IOV - \u0161t\u00e1tny in\u0161tit\u00fat odborn\u00e9ho vzdel\u00e1vania\",\"description\":\"\",\"publisher\":{\"@id\":\"https:\\\/\\\/archiv.siov.sk\\\/#organization\"},\"potentialAction\":[{\"@type\":\"SearchAction\",\"target\":{\"@type\":\"EntryPoint\",\"urlTemplate\":\"https:\\\/\\\/archiv.siov.sk\\\/?s={search_term_string}\"},\"query-input\":{\"@type\":\"PropertyValueSpecification\",\"valueRequired\":true,\"valueName\":\"search_term_string\"}}],\"inLanguage\":\"en-GB\"},{\"@type\":\"Organization\",\"@id\":\"https:\\\/\\\/archiv.siov.sk\\\/#organization\",\"name\":\"\u0160IOV - \u0161t\u00e1tny in\u0161tit\u00fat odborn\u00e9ho vzdel\u00e1vania\",\"url\":\"https:\\\/\\\/archiv.siov.sk\\\/\",\"logo\":{\"@type\":\"ImageObject\",\"inLanguage\":\"en-GB\",\"@id\":\"https:\\\/\\\/archiv.siov.sk\\\/#\\\/schema\\\/logo\\\/image\\\/\",\"url\":\"https:\\\/\\\/archiv.siov.sk\\\/wp-content\\\/uploads\\\/2024\\\/02\\\/logo-SIOV.png\",\"contentUrl\":\"https:\\\/\\\/archiv.siov.sk\\\/wp-content\\\/uploads\\\/2024\\\/02\\\/logo-SIOV.png\",\"width\":431,\"height\":143,\"caption\":\"\u0160IOV - \u0161t\u00e1tny in\u0161tit\u00fat odborn\u00e9ho vzdel\u00e1vania\"},\"image\":{\"@id\":\"https:\\\/\\\/archiv.siov.sk\\\/#\\\/schema\\\/logo\\\/image\\\/\"},\"sameAs\":[\"https:\\\/\\\/www.facebook.com\\\/Statnyinstitutodbornehovzdelavania\"]},{\"@type\":\"Person\",\"@id\":\"https:\\\/\\\/archiv.siov.sk\\\/#\\\/schema\\\/person\\\/2d35146a9c0fa51b027e8ff319cee627\",\"name\":\"Gabriela Budayov\u00e1\",\"url\":\"https:\\\/\\\/archiv.siov.sk\\\/en\\\/author\\\/gabriela-budayova\\\/\"}]}<\/script>\n<!-- \/ Yoast SEO plugin. -->","yoast_head_json":{"title":"CAF \u2013 Pos\u00fadenie na mieste - \u0160IOV - \u0161t\u00e1tny in\u0161tit\u00fat odborn\u00e9ho vzdel\u00e1vania","description":"D\u0148a 18. j\u00fana 2024 sa na p\u00f4de \u0160t\u00e1tneho in\u0161tit\u00fatu odborn\u00e9ho vzdel\u00e1vania (\u0160IOV) uskuto\u010dnilo pos\u00fadenie na mieste, ktor\u00e9 predstavuje k\u013e\u00fa\u010dov\u00fd krok v procese samohodnotenia in\u0161tit\u00faci\u00ed pod\u013ea modelu CAF.","robots":{"index":"index","follow":"follow","max-snippet":"max-snippet:-1","max-image-preview":"max-image-preview:large","max-video-preview":"max-video-preview:-1"},"canonical":"https:\/\/archiv.siov.sk\/en\/caf-posudenie-na-mieste\/","og_locale":"en_GB","og_type":"article","og_title":"CAF \u2013 Pos\u00fadenie na mieste - \u0160IOV - \u0161t\u00e1tny in\u0161tit\u00fat odborn\u00e9ho vzdel\u00e1vania","og_description":"D\u0148a 18. j\u00fana 2024 sa na p\u00f4de \u0160t\u00e1tneho in\u0161tit\u00fatu odborn\u00e9ho vzdel\u00e1vania (\u0160IOV) uskuto\u010dnilo pos\u00fadenie na mieste, ktor\u00e9 predstavuje k\u013e\u00fa\u010dov\u00fd krok v procese samohodnotenia in\u0161tit\u00faci\u00ed pod\u013ea modelu CAF.","og_url":"https:\/\/archiv.siov.sk\/en\/caf-posudenie-na-mieste\/","og_site_name":"\u0160IOV - \u0161t\u00e1tny in\u0161tit\u00fat odborn\u00e9ho vzdel\u00e1vania","article_publisher":"https:\/\/www.facebook.com\/Statnyinstitutodbornehovzdelavania","article_published_time":"2024-06-21T07:30:29+00:00","article_modified_time":"2025-05-16T09:41:45+00:00","og_image":[{"width":1024,"height":961,"url":"https:\/\/archiv.siov.sk\/wp-content\/uploads\/2024\/06\/caf_posudenie_na_mieste-1024x961.png","type":"image\/png"}],"author":"Gabriela Budayov\u00e1","twitter_card":"summary_large_image","twitter_misc":{"Written by":"Gabriela Budayov\u00e1","Estimated reading time":"2 minutes"},"schema":{"@context":"https:\/\/schema.org","@graph":[{"@type":"Article","@id":"https:\/\/archiv.siov.sk\/caf-posudenie-na-mieste\/#article","isPartOf":{"@id":"https:\/\/archiv.siov.sk\/caf-posudenie-na-mieste\/"},"author":{"name":"Gabriela Budayov\u00e1","@id":"https:\/\/archiv.siov.sk\/#\/schema\/person\/2d35146a9c0fa51b027e8ff319cee627"},"headline":"CAF \u2013 Pos\u00fadenie na mieste","datePublished":"2024-06-21T07:30:29+00:00","dateModified":"2025-05-16T09:41:45+00:00","mainEntityOfPage":{"@id":"https:\/\/archiv.siov.sk\/caf-posudenie-na-mieste\/"},"wordCount":261,"publisher":{"@id":"https:\/\/archiv.siov.sk\/#organization"},"image":{"@id":"https:\/\/archiv.siov.sk\/caf-posudenie-na-mieste\/#primaryimage"},"thumbnailUrl":"https:\/\/archiv.siov.sk\/wp-content\/uploads\/2024\/06\/caf_posudenie_na_mieste.png","articleSection":["Aktuality","CAF"],"inLanguage":"en-GB"},{"@type":"WebPage","@id":"https:\/\/archiv.siov.sk\/caf-posudenie-na-mieste\/","url":"https:\/\/archiv.siov.sk\/caf-posudenie-na-mieste\/","name":"CAF \u2013 Pos\u00fadenie na mieste - \u0160IOV - \u0161t\u00e1tny in\u0161tit\u00fat odborn\u00e9ho vzdel\u00e1vania","isPartOf":{"@id":"https:\/\/archiv.siov.sk\/#website"},"primaryImageOfPage":{"@id":"https:\/\/archiv.siov.sk\/caf-posudenie-na-mieste\/#primaryimage"},"image":{"@id":"https:\/\/archiv.siov.sk\/caf-posudenie-na-mieste\/#primaryimage"},"thumbnailUrl":"https:\/\/archiv.siov.sk\/wp-content\/uploads\/2024\/06\/caf_posudenie_na_mieste.png","datePublished":"2024-06-21T07:30:29+00:00","dateModified":"2025-05-16T09:41:45+00:00","description":"D\u0148a 18. j\u00fana 2024 sa na p\u00f4de \u0160t\u00e1tneho in\u0161tit\u00fatu odborn\u00e9ho vzdel\u00e1vania (\u0160IOV) uskuto\u010dnilo pos\u00fadenie na mieste, ktor\u00e9 predstavuje k\u013e\u00fa\u010dov\u00fd krok v procese samohodnotenia in\u0161tit\u00faci\u00ed pod\u013ea modelu CAF.","breadcrumb":{"@id":"https:\/\/archiv.siov.sk\/caf-posudenie-na-mieste\/#breadcrumb"},"inLanguage":"en-GB","potentialAction":[{"@type":"ReadAction","target":["https:\/\/archiv.siov.sk\/caf-posudenie-na-mieste\/"]}]},{"@type":"ImageObject","inLanguage":"en-GB","@id":"https:\/\/archiv.siov.sk\/caf-posudenie-na-mieste\/#primaryimage","url":"https:\/\/archiv.siov.sk\/wp-content\/uploads\/2024\/06\/caf_posudenie_na_mieste.png","contentUrl":"https:\/\/archiv.siov.sk\/wp-content\/uploads\/2024\/06\/caf_posudenie_na_mieste.png","width":1470,"height":1380,"caption":"\u0160t\u00e1tny in\u0161tit\u00fat odborn\u00e9ho vzdel\u00e1vania model CAF Pos\u00fadenie na mieste"},{"@type":"BreadcrumbList","@id":"https:\/\/archiv.siov.sk\/caf-posudenie-na-mieste\/#breadcrumb","itemListElement":[{"@type":"ListItem","position":1,"name":"Home","item":"https:\/\/archiv.siov.sk\/"},{"@type":"ListItem","position":2,"name":"CAF \u2013 Pos\u00fadenie na mieste"}]},{"@type":"WebSite","@id":"https:\/\/archiv.siov.sk\/#website","url":"https:\/\/archiv.siov.sk\/","name":"\u0160IOV - \u0161t\u00e1tny in\u0161tit\u00fat odborn\u00e9ho vzdel\u00e1vania","description":"","publisher":{"@id":"https:\/\/archiv.siov.sk\/#organization"},"potentialAction":[{"@type":"SearchAction","target":{"@type":"EntryPoint","urlTemplate":"https:\/\/archiv.siov.sk\/?s={search_term_string}"},"query-input":{"@type":"PropertyValueSpecification","valueRequired":true,"valueName":"search_term_string"}}],"inLanguage":"en-GB"},{"@type":"Organization","@id":"https:\/\/archiv.siov.sk\/#organization","name":"\u0160IOV - \u0161t\u00e1tny in\u0161tit\u00fat odborn\u00e9ho vzdel\u00e1vania","url":"https:\/\/archiv.siov.sk\/","logo":{"@type":"ImageObject","inLanguage":"en-GB","@id":"https:\/\/archiv.siov.sk\/#\/schema\/logo\/image\/","url":"https:\/\/archiv.siov.sk\/wp-content\/uploads\/2024\/02\/logo-SIOV.png","contentUrl":"https:\/\/archiv.siov.sk\/wp-content\/uploads\/2024\/02\/logo-SIOV.png","width":431,"height":143,"caption":"\u0160IOV - \u0161t\u00e1tny in\u0161tit\u00fat odborn\u00e9ho vzdel\u00e1vania"},"image":{"@id":"https:\/\/archiv.siov.sk\/#\/schema\/logo\/image\/"},"sameAs":["https:\/\/www.facebook.com\/Statnyinstitutodbornehovzdelavania"]},{"@type":"Person","@id":"https:\/\/archiv.siov.sk\/#\/schema\/person\/2d35146a9c0fa51b027e8ff319cee627","name":"Gabriela Budayov\u00e1","url":"https:\/\/archiv.siov.sk\/en\/author\/gabriela-budayova\/"}]}},"_links":{"self":[{"href":"https:\/\/archiv.siov.sk\/en\/wp-json\/wp\/v2\/posts\/16078","targetHints":{"allow":["GET"]}}],"collection":[{"href":"https:\/\/archiv.siov.sk\/en\/wp-json\/wp\/v2\/posts"}],"about":[{"href":"https:\/\/archiv.siov.sk\/en\/wp-json\/wp\/v2\/types\/post"}],"author":[{"embeddable":true,"href":"https:\/\/archiv.siov.sk\/en\/wp-json\/wp\/v2\/users\/10"}],"replies":[{"embeddable":true,"href":"https:\/\/archiv.siov.sk\/en\/wp-json\/wp\/v2\/comments?post=16078"}],"version-history":[{"count":2,"href":"https:\/\/archiv.siov.sk\/en\/wp-json\/wp\/v2\/posts\/16078\/revisions"}],"predecessor-version":[{"id":18933,"href":"https:\/\/archiv.siov.sk\/en\/wp-json\/wp\/v2\/posts\/16078\/revisions\/18933"}],"wp:featuredmedia":[{"embeddable":true,"href":"https:\/\/archiv.siov.sk\/en\/wp-json\/wp\/v2\/media\/16077"}],"wp:attachment":[{"href":"https:\/\/archiv.siov.sk\/en\/wp-json\/wp\/v2\/media?parent=16078"}],"wp:term":[{"taxonomy":"category","embeddable":true,"href":"https:\/\/archiv.siov.sk\/en\/wp-json\/wp\/v2\/categories?post=16078"},{"taxonomy":"post_tag","embeddable":true,"href":"https:\/\/archiv.siov.sk\/en\/wp-json\/wp\/v2\/tags?post=16078"}],"curies":[{"name":"wp","href":"https:\/\/api.w.org\/{rel}","templated":true}]}}