{"id":15835,"date":"2024-06-12T14:02:59","date_gmt":"2024-06-12T12:02:59","guid":{"rendered":"https:\/\/archiv.siov.sk\/?p=15835"},"modified":"2024-06-12T14:03:09","modified_gmt":"2024-06-12T12:03:09","slug":"sutaz-v-oblasti-bezpecnosti-a-ochrany-zdravia-pri-praci-overila-znalosti-stredoskolakov-2","status":"publish","type":"post","link":"https:\/\/archiv.siov.sk\/en\/sutaz-v-oblasti-bezpecnosti-a-ochrany-zdravia-pri-praci-overila-znalosti-stredoskolakov-2\/","title":{"rendered":"S\u00fa\u0165a\u017e v oblasti bezpe\u010dnosti a ochrany zdravia pri pr\u00e1ci overila znalosti stredo\u0161kol\u00e1kov"},"content":{"rendered":"<p style=\"text-align: justify;\">Ot\u00e1zkami bezpe\u010dnosti a ochrany zdravia pri pr\u00e1ci (BOZP) sa u\u017e 49 rokov zaober\u00e1 s\u00fa\u0165a\u017e ur\u010den\u00e1 \u017eiakom stredn\u00fdch odborn\u00fdch \u0161k\u00f4l so zameran\u00edm na stavebn\u00edctvo, dopravu, automobilov\u00fa dopravu, podnikanie v remesl\u00e1ch a slu\u017eb\u00e1ch a \u0161koly technick\u00e9ho zamerania. Organizuje a zabezpe\u010duje ju Integrovan\u00fd odborov\u00fd zv\u00e4z\u00a0(IOZ), pod z\u00e1\u0161titou Ministra pr\u00e1ce, soci\u00e1lnych vec\u00ed a rodiny Slovenskej republiky, Ministerstva \u0161kolstva, v\u00fdskumu, v\u00fdvoja a ml\u00e1de\u017ee Slovenskej republiky v s\u00fa\u010dinnosti so \u0160t\u00e1tnym in\u0161tit\u00fatom odborn\u00e9ho vzdel\u00e1vania, soci\u00e1lnymi partnermi z radov zamestn\u00e1vate\u013eov a \u010fal\u0161\u00edmi partnermi. <strong>Celo\u0161t\u00e1tne kolo sa realizovalo 6.-7. j\u00fana na Strednej odbornej \u0161kole stavebnej v \u017diline. \u00a0<\/strong><\/p>\n<p style=\"text-align: justify;\">S\u00fa\u0165a\u017e je zameran\u00e1 na osvojenie si vedomost\u00ed v tejto oblasti, ich uplat\u0148ovanie v praxi a n\u00e1sledne v zamestnan\u00ed a je predov\u0161etk\u00fdm prevenciou pred ne\u017eiaducimi udalos\u0165ami na pracovisk\u00e1ch. S\u00fa\u0165a\u017en\u00e9 ot\u00e1zky pozost\u00e1vali z okruhu legislat\u00edvnej \u00fapravy BOZP, \u010fal\u0161\u00edch teoretick\u00fdch a praktick\u00fdch znalost\u00ed z danej oblasti, ktor\u00e9 museli \u017eiaci zvl\u00e1dnu\u0165 v predp\u00edsanom \u010dasovom limite.<\/p>\n<p style=\"text-align: justify;\">Za objekt\u00edvne pos\u00fadenie znalost\u00ed s\u00fa\u0165a\u017eiacich bola zodpovedn\u00e1 porota zlo\u017een\u00e1 z odborn\u00edkov akt\u00edvne \u010dinn\u00fdch v oblasti BOZP, a to \u010dlena Komisie BOZP IOZ, predseda Rady mlad\u00fdch odbor\u00e1rov, z\u00e1stupcu Konfeder\u00e1cie odborov\u00fdch zv\u00e4zov SR, \u00daradu verejn\u00e9ho zdravotn\u00edctva SR a z\u00e1stupcu in\u0161pektor\u00e1tu pr\u00e1ce \u017dilina a odborn\u00edka z odboru BOZP zo spolo\u010dnosti GAJOS, s.r.o., Liptovsk\u00fd Mikul\u00e1\u0161.<\/p>\n<p style=\"text-align: justify;\">Do celo\u0161t\u00e1tneho kola sa zapojilo\u00a0<strong>14 stredn\u00fdch odborn\u00fdch \u0161k\u00f4l<\/strong>\u00a0s\u00a0tromi s\u00fa\u0165a\u017eiacimi \u017eiakmi, celkom v\u00a0po\u010dte 42 \u017eiakov, v\u00a0ktor\u00fdch p\u00f4sob\u00ed odborov\u00e1 organiz\u00e1cia IOZ a\u00a0\u0161koly osloven\u00e9 IOZ. Svoju \u0161ikovnos\u0165 preuk\u00e1zali \u0161koly z\u00a0Trnavy, Tren\u010d\u00edna, Liptovsk\u00e9ho Mikul\u00e1\u0161a, \u00a0Banskej \u00a0Bystrice, Prievidze, Pre\u0161ova, Nitry, \u017diliny, Ko\u0161\u00edc, Popradu, Martin &#8211; Priekopa, Giraltovce, Kr\u00e1sno nad Kysucou.<\/p>\n<p>Ocenenia stredn\u00fdch odborn\u00fdch \u0161k\u00f4l so zameran\u00edm na stavebn\u00edctvo:<\/p>\n<ol>\n<li>miesto: <strong>Spojen\u00e1 \u0161kola Kremni\u010dka Bansk\u00e1 Bystrica<\/strong><\/li>\n<li>miesto: <strong>Stredn\u00e1 odborn\u00e1 \u0161kola technick\u00e1 Pre\u0161ov<\/strong><\/li>\n<li>miesto: <strong>Stredn\u00e1 odborn\u00e1 \u0161kola Prievidza<\/strong><\/li>\n<\/ol>\n<p>Ocenenia stredn\u00fdch odborn\u00fdch \u0161k\u00f4l, ako absol\u00fatnych v\u00ed\u0165azov:<\/p>\n<ol>\n<li>miesto: <strong>Spojen\u00e1 \u0161kola Kremni\u010dka Bansk\u00e1 Bystrica<\/strong><\/li>\n<li>miesto: <strong>Stredn\u00e1 odborn\u00e1 \u0161kola technick\u00e1 Pre\u0161ov<\/strong><\/li>\n<li>miesto: <strong>Stredn\u00e1 odborn\u00e1 \u0161kola Prievidza<\/strong><\/li>\n<\/ol>\n<p>Ocenenia za s\u00fa\u0165a\u017e jednotlivcov si prevzali t\u00edto \u017eiaci:<\/p>\n<ol>\n<li>miesto: <strong>Macho Mat\u00fa\u0161<\/strong> <strong>(zo Strednej odbornej \u0161koly Prievidza)<\/strong><\/li>\n<li>miesto: <strong>\u0160tvart\u00e1k Jakub<\/strong> <strong>(zo Strednej odbornej \u0161koly technickej Pre\u0161ov)<\/strong><\/li>\n<li>miesto: <strong>\u0160tavina Daniel<\/strong> <strong>(<\/strong><strong>zo Spojenej \u0161koly Kremni\u010dka Bansk\u00e1 Bystrica)<\/strong><\/li>\n<\/ol>\n<p style=\"text-align: justify;\">Jednotlivci umiestnen\u00ed na prv\u00fdch troch miestach v celo\u0161t\u00e1tnom kole z\u00edskali Ro\u010dn\u00edkov\u00fd poh\u00e1r IOZ, vecn\u00e9 ceny a diplomy. V s\u00fa\u0165a\u017ei \u0161k\u00f4l z\u00edskala v\u00ed\u0165azn\u00e1 \u0161kola Putovn\u00fd poh\u00e1r IOZ, diplomy a vecn\u00e9 ceny. Tri v\u00ed\u0165azn\u00e9 \u0161koly z\u00edskali \u00a0osobitn\u00e9 ocenenie \u0160IOV \u2013 \u201ePoh\u00e1r v\u00ed\u0165aza riadite\u013ea \u0160IOV Skills Slovakia s\u00fa\u0165a\u017e BOZP 2024\u201c.<\/p>\n<p style=\"text-align: justify;\">Na s\u00fa\u0165a\u017e boli prizvan\u00ed tie\u017e vz\u00e1cni hostia a partneri z \u00a0KOZ SR, \u0160t\u00e1tneho in\u0161tit\u00fatu odborn\u00e9ho vzdel\u00e1vania, Zv\u00e4zu stavebn\u00fdch podnikate\u013eov, In\u0161pektor\u00e1tu pr\u00e1ce a \u010fal\u0161\u00ed z hospod\u00e1rskej praxe.<\/p>\n<p>V\u00ed\u0165azom srde\u010dne blaho\u017eel\u00e1me!<\/p>\n<p>&nbsp;<\/p>","protected":false},"excerpt":{"rendered":"<p>Ot\u00e1zkami bezpe\u010dnosti a ochrany zdravia pri pr\u00e1ci (BOZP) sa u\u017e 49 rokov zaober\u00e1 s\u00fa\u0165a\u017e ur\u010den\u00e1 \u017eiakom stredn\u00fdch odborn\u00fdch \u0161k\u00f4l so zameran\u00edm na stavebn\u00edctvo, dopravu, automobilov\u00fa dopravu, podnikanie v remesl\u00e1ch a slu\u017eb\u00e1ch a \u0161koly technick\u00e9ho zamerania. Organizuje a zabezpe\u010duje ju Integrovan\u00fd odborov\u00fd zv\u00e4z\u00a0(IOZ), pod z\u00e1\u0161titou Ministra pr\u00e1ce, soci\u00e1lnych vec\u00ed a rodiny Slovenskej republiky, Ministerstva \u0161kolstva, v\u00fdskumu, [&hellip;]<\/p>\n","protected":false},"author":6,"featured_media":15837,"comment_status":"closed","ping_status":"closed","sticky":false,"template":"","format":"standard","meta":{"site-sidebar-layout":"default","site-content-layout":"","ast-site-content-layout":"default","site-content-style":"default","site-sidebar-style":"default","ast-global-header-display":"","ast-banner-title-visibility":"","ast-main-header-display":"","ast-hfb-above-header-display":"","ast-hfb-below-header-display":"","ast-hfb-mobile-header-display":"","site-post-title":"","ast-breadcrumbs-content":"","ast-featured-img":"","footer-sml-layout":"","ast-disable-related-posts":"","theme-transparent-header-meta":"default","adv-header-id-meta":"","stick-header-meta":"default","header-above-stick-meta":"","header-main-stick-meta":"","header-below-stick-meta":"","astra-migrate-meta-layouts":"set","ast-page-background-enabled":"default","ast-page-background-meta":{"desktop":{"background-color":"var(--ast-global-color-4)","background-image":"","background-repeat":"repeat","background-position":"center center","background-size":"auto","background-attachment":"scroll","background-type":"","background-media":"","overlay-type":"","overlay-color":"","overlay-opacity":"","overlay-gradient":""},"tablet":{"background-color":"","background-image":"","background-repeat":"repeat","background-position":"center center","background-size":"auto","background-attachment":"scroll","background-type":"","background-media":"","overlay-type":"","overlay-color":"","overlay-opacity":"","overlay-gradient":""},"mobile":{"background-color":"","background-image":"","background-repeat":"repeat","background-position":"center center","background-size":"auto","background-attachment":"scroll","background-type":"","background-media":"","overlay-type":"","overlay-color":"","overlay-opacity":"","overlay-gradient":""}},"ast-content-background-meta":{"desktop":{"background-color":"var(--ast-global-color-5)","background-image":"","background-repeat":"repeat","background-position":"center center","background-size":"auto","background-attachment":"scroll","background-type":"","background-media":"","overlay-type":"","overlay-color":"","overlay-opacity":"","overlay-gradient":""},"tablet":{"background-color":"var(--ast-global-color-5)","background-image":"","background-repeat":"repeat","background-position":"center center","background-size":"auto","background-attachment":"scroll","background-type":"","background-media":"","overlay-type":"","overlay-color":"","overlay-opacity":"","overlay-gradient":""},"mobile":{"background-color":"var(--ast-global-color-5)","background-image":"","background-repeat":"repeat","background-position":"center center","background-size":"auto","background-attachment":"scroll","background-type":"","background-media":"","overlay-type":"","overlay-color":"","overlay-opacity":"","overlay-gradient":""}},"footnotes":""},"categories":[1],"tags":[],"class_list":["post-15835","post","type-post","status-publish","format-standard","has-post-thumbnail","hentry","category-aktuality"],"yoast_head":"<!-- This site is optimized with the Yoast SEO plugin v27.5 - https:\/\/yoast.com\/product\/yoast-seo-wordpress\/ -->\n<title>S\u00fa\u0165a\u017e v oblasti bezpe\u010dnosti a ochrany zdravia pri pr\u00e1ci overila znalosti stredo\u0161kol\u00e1kov - \u0160IOV - \u0161t\u00e1tny in\u0161tit\u00fat odborn\u00e9ho vzdel\u00e1vania<\/title>\n<meta name=\"robots\" content=\"index, follow, max-snippet:-1, max-image-preview:large, max-video-preview:-1\" \/>\n<link rel=\"canonical\" href=\"https:\/\/archiv.siov.sk\/en\/sutaz-v-oblasti-bezpecnosti-a-ochrany-zdravia-pri-praci-overila-znalosti-stredoskolakov-2\/\" \/>\n<meta property=\"og:locale\" content=\"en_GB\" \/>\n<meta property=\"og:type\" content=\"article\" \/>\n<meta property=\"og:title\" content=\"S\u00fa\u0165a\u017e v oblasti bezpe\u010dnosti a ochrany zdravia pri pr\u00e1ci overila znalosti stredo\u0161kol\u00e1kov - \u0160IOV - \u0161t\u00e1tny in\u0161tit\u00fat odborn\u00e9ho vzdel\u00e1vania\" \/>\n<meta property=\"og:description\" content=\"Ot\u00e1zkami bezpe\u010dnosti a ochrany zdravia pri pr\u00e1ci (BOZP) sa u\u017e 49 rokov zaober\u00e1 s\u00fa\u0165a\u017e ur\u010den\u00e1 \u017eiakom stredn\u00fdch odborn\u00fdch \u0161k\u00f4l so zameran\u00edm na stavebn\u00edctvo, dopravu, automobilov\u00fa dopravu, podnikanie v remesl\u00e1ch a slu\u017eb\u00e1ch a \u0161koly technick\u00e9ho zamerania. Organizuje a zabezpe\u010duje ju Integrovan\u00fd odborov\u00fd zv\u00e4z\u00a0(IOZ), pod z\u00e1\u0161titou Ministra pr\u00e1ce, soci\u00e1lnych vec\u00ed a rodiny Slovenskej republiky, Ministerstva \u0161kolstva, v\u00fdskumu, [&hellip;]\" \/>\n<meta property=\"og:url\" content=\"https:\/\/archiv.siov.sk\/en\/sutaz-v-oblasti-bezpecnosti-a-ochrany-zdravia-pri-praci-overila-znalosti-stredoskolakov-2\/\" \/>\n<meta property=\"og:site_name\" content=\"\u0160IOV - \u0161t\u00e1tny in\u0161tit\u00fat odborn\u00e9ho vzdel\u00e1vania\" \/>\n<meta property=\"article:publisher\" content=\"https:\/\/www.facebook.com\/Statnyinstitutodbornehovzdelavania\" \/>\n<meta property=\"article:published_time\" content=\"2024-06-12T12:02:59+00:00\" \/>\n<meta property=\"article:modified_time\" content=\"2024-06-12T12:03:09+00:00\" \/>\n<meta property=\"og:image\" content=\"https:\/\/archiv.siov.sk\/wp-content\/uploads\/2024\/06\/442686805_2258915607793555_8778255201309682861_n.jpg\" \/>\n\t<meta property=\"og:image:width\" content=\"2048\" \/>\n\t<meta property=\"og:image:height\" content=\"1536\" \/>\n\t<meta property=\"og:image:type\" content=\"image\/jpeg\" \/>\n<meta name=\"author\" content=\"Katar\u00edna Kov\u00e1\u010dov\u00e1\" \/>\n<meta name=\"twitter:card\" content=\"summary_large_image\" \/>\n<meta name=\"twitter:label1\" content=\"Written by\" \/>\n\t<meta name=\"twitter:data1\" content=\"Katar\u00edna Kov\u00e1\u010dov\u00e1\" \/>\n\t<meta name=\"twitter:label2\" content=\"Estimated reading time\" \/>\n\t<meta name=\"twitter:data2\" content=\"3 minutes\" \/>\n<script type=\"application\/ld+json\" class=\"yoast-schema-graph\">{\"@context\":\"https:\\\/\\\/schema.org\",\"@graph\":[{\"@type\":\"Article\",\"@id\":\"https:\\\/\\\/archiv.siov.sk\\\/sutaz-v-oblasti-bezpecnosti-a-ochrany-zdravia-pri-praci-overila-znalosti-stredoskolakov-2\\\/#article\",\"isPartOf\":{\"@id\":\"https:\\\/\\\/archiv.siov.sk\\\/sutaz-v-oblasti-bezpecnosti-a-ochrany-zdravia-pri-praci-overila-znalosti-stredoskolakov-2\\\/\"},\"author\":{\"name\":\"Katar\u00edna Kov\u00e1\u010dov\u00e1\",\"@id\":\"https:\\\/\\\/archiv.siov.sk\\\/#\\\/schema\\\/person\\\/e42d633fbd958c6a726e8834d8965e6c\"},\"headline\":\"S\u00fa\u0165a\u017e v oblasti bezpe\u010dnosti a ochrany zdravia pri pr\u00e1ci overila znalosti stredo\u0161kol\u00e1kov\",\"datePublished\":\"2024-06-12T12:02:59+00:00\",\"dateModified\":\"2024-06-12T12:03:09+00:00\",\"mainEntityOfPage\":{\"@id\":\"https:\\\/\\\/archiv.siov.sk\\\/sutaz-v-oblasti-bezpecnosti-a-ochrany-zdravia-pri-praci-overila-znalosti-stredoskolakov-2\\\/\"},\"wordCount\":567,\"publisher\":{\"@id\":\"https:\\\/\\\/archiv.siov.sk\\\/#organization\"},\"image\":{\"@id\":\"https:\\\/\\\/archiv.siov.sk\\\/sutaz-v-oblasti-bezpecnosti-a-ochrany-zdravia-pri-praci-overila-znalosti-stredoskolakov-2\\\/#primaryimage\"},\"thumbnailUrl\":\"https:\\\/\\\/archiv.siov.sk\\\/wp-content\\\/uploads\\\/2024\\\/06\\\/442686805_2258915607793555_8778255201309682861_n.jpg\",\"articleSection\":[\"Aktuality\"],\"inLanguage\":\"en-GB\"},{\"@type\":\"WebPage\",\"@id\":\"https:\\\/\\\/archiv.siov.sk\\\/sutaz-v-oblasti-bezpecnosti-a-ochrany-zdravia-pri-praci-overila-znalosti-stredoskolakov-2\\\/\",\"url\":\"https:\\\/\\\/archiv.siov.sk\\\/sutaz-v-oblasti-bezpecnosti-a-ochrany-zdravia-pri-praci-overila-znalosti-stredoskolakov-2\\\/\",\"name\":\"S\u00fa\u0165a\u017e v oblasti bezpe\u010dnosti a ochrany zdravia pri pr\u00e1ci overila znalosti stredo\u0161kol\u00e1kov - \u0160IOV - \u0161t\u00e1tny in\u0161tit\u00fat odborn\u00e9ho vzdel\u00e1vania\",\"isPartOf\":{\"@id\":\"https:\\\/\\\/archiv.siov.sk\\\/#website\"},\"primaryImageOfPage\":{\"@id\":\"https:\\\/\\\/archiv.siov.sk\\\/sutaz-v-oblasti-bezpecnosti-a-ochrany-zdravia-pri-praci-overila-znalosti-stredoskolakov-2\\\/#primaryimage\"},\"image\":{\"@id\":\"https:\\\/\\\/archiv.siov.sk\\\/sutaz-v-oblasti-bezpecnosti-a-ochrany-zdravia-pri-praci-overila-znalosti-stredoskolakov-2\\\/#primaryimage\"},\"thumbnailUrl\":\"https:\\\/\\\/archiv.siov.sk\\\/wp-content\\\/uploads\\\/2024\\\/06\\\/442686805_2258915607793555_8778255201309682861_n.jpg\",\"datePublished\":\"2024-06-12T12:02:59+00:00\",\"dateModified\":\"2024-06-12T12:03:09+00:00\",\"breadcrumb\":{\"@id\":\"https:\\\/\\\/archiv.siov.sk\\\/sutaz-v-oblasti-bezpecnosti-a-ochrany-zdravia-pri-praci-overila-znalosti-stredoskolakov-2\\\/#breadcrumb\"},\"inLanguage\":\"en-GB\",\"potentialAction\":[{\"@type\":\"ReadAction\",\"target\":[\"https:\\\/\\\/archiv.siov.sk\\\/sutaz-v-oblasti-bezpecnosti-a-ochrany-zdravia-pri-praci-overila-znalosti-stredoskolakov-2\\\/\"]}]},{\"@type\":\"ImageObject\",\"inLanguage\":\"en-GB\",\"@id\":\"https:\\\/\\\/archiv.siov.sk\\\/sutaz-v-oblasti-bezpecnosti-a-ochrany-zdravia-pri-praci-overila-znalosti-stredoskolakov-2\\\/#primaryimage\",\"url\":\"https:\\\/\\\/archiv.siov.sk\\\/wp-content\\\/uploads\\\/2024\\\/06\\\/442686805_2258915607793555_8778255201309682861_n.jpg\",\"contentUrl\":\"https:\\\/\\\/archiv.siov.sk\\\/wp-content\\\/uploads\\\/2024\\\/06\\\/442686805_2258915607793555_8778255201309682861_n.jpg\",\"width\":2048,\"height\":1536},{\"@type\":\"BreadcrumbList\",\"@id\":\"https:\\\/\\\/archiv.siov.sk\\\/sutaz-v-oblasti-bezpecnosti-a-ochrany-zdravia-pri-praci-overila-znalosti-stredoskolakov-2\\\/#breadcrumb\",\"itemListElement\":[{\"@type\":\"ListItem\",\"position\":1,\"name\":\"Home\",\"item\":\"https:\\\/\\\/archiv.siov.sk\\\/\"},{\"@type\":\"ListItem\",\"position\":2,\"name\":\"S\u00fa\u0165a\u017e v oblasti bezpe\u010dnosti a ochrany zdravia pri pr\u00e1ci overila znalosti stredo\u0161kol\u00e1kov\"}]},{\"@type\":\"WebSite\",\"@id\":\"https:\\\/\\\/archiv.siov.sk\\\/#website\",\"url\":\"https:\\\/\\\/archiv.siov.sk\\\/\",\"name\":\"\u0160IOV - \u0161t\u00e1tny in\u0161tit\u00fat odborn\u00e9ho vzdel\u00e1vania\",\"description\":\"\",\"publisher\":{\"@id\":\"https:\\\/\\\/archiv.siov.sk\\\/#organization\"},\"potentialAction\":[{\"@type\":\"SearchAction\",\"target\":{\"@type\":\"EntryPoint\",\"urlTemplate\":\"https:\\\/\\\/archiv.siov.sk\\\/?s={search_term_string}\"},\"query-input\":{\"@type\":\"PropertyValueSpecification\",\"valueRequired\":true,\"valueName\":\"search_term_string\"}}],\"inLanguage\":\"en-GB\"},{\"@type\":\"Organization\",\"@id\":\"https:\\\/\\\/archiv.siov.sk\\\/#organization\",\"name\":\"\u0160IOV - \u0161t\u00e1tny in\u0161tit\u00fat odborn\u00e9ho vzdel\u00e1vania\",\"url\":\"https:\\\/\\\/archiv.siov.sk\\\/\",\"logo\":{\"@type\":\"ImageObject\",\"inLanguage\":\"en-GB\",\"@id\":\"https:\\\/\\\/archiv.siov.sk\\\/#\\\/schema\\\/logo\\\/image\\\/\",\"url\":\"https:\\\/\\\/archiv.siov.sk\\\/wp-content\\\/uploads\\\/2024\\\/02\\\/logo-SIOV.png\",\"contentUrl\":\"https:\\\/\\\/archiv.siov.sk\\\/wp-content\\\/uploads\\\/2024\\\/02\\\/logo-SIOV.png\",\"width\":431,\"height\":143,\"caption\":\"\u0160IOV - \u0161t\u00e1tny in\u0161tit\u00fat odborn\u00e9ho vzdel\u00e1vania\"},\"image\":{\"@id\":\"https:\\\/\\\/archiv.siov.sk\\\/#\\\/schema\\\/logo\\\/image\\\/\"},\"sameAs\":[\"https:\\\/\\\/www.facebook.com\\\/Statnyinstitutodbornehovzdelavania\"]},{\"@type\":\"Person\",\"@id\":\"https:\\\/\\\/archiv.siov.sk\\\/#\\\/schema\\\/person\\\/e42d633fbd958c6a726e8834d8965e6c\",\"name\":\"Katar\u00edna Kov\u00e1\u010dov\u00e1\",\"url\":\"https:\\\/\\\/archiv.siov.sk\\\/en\\\/author\\\/katkakovacova\\\/\"}]}<\/script>\n<!-- \/ Yoast SEO plugin. -->","yoast_head_json":{"title":"S\u00fa\u0165a\u017e v oblasti bezpe\u010dnosti a ochrany zdravia pri pr\u00e1ci overila znalosti stredo\u0161kol\u00e1kov - \u0160IOV - \u0161t\u00e1tny in\u0161tit\u00fat odborn\u00e9ho vzdel\u00e1vania","robots":{"index":"index","follow":"follow","max-snippet":"max-snippet:-1","max-image-preview":"max-image-preview:large","max-video-preview":"max-video-preview:-1"},"canonical":"https:\/\/archiv.siov.sk\/en\/sutaz-v-oblasti-bezpecnosti-a-ochrany-zdravia-pri-praci-overila-znalosti-stredoskolakov-2\/","og_locale":"en_GB","og_type":"article","og_title":"S\u00fa\u0165a\u017e v oblasti bezpe\u010dnosti a ochrany zdravia pri pr\u00e1ci overila znalosti stredo\u0161kol\u00e1kov - \u0160IOV - \u0161t\u00e1tny in\u0161tit\u00fat odborn\u00e9ho vzdel\u00e1vania","og_description":"Ot\u00e1zkami bezpe\u010dnosti a ochrany zdravia pri pr\u00e1ci (BOZP) sa u\u017e 49 rokov zaober\u00e1 s\u00fa\u0165a\u017e ur\u010den\u00e1 \u017eiakom stredn\u00fdch odborn\u00fdch \u0161k\u00f4l so zameran\u00edm na stavebn\u00edctvo, dopravu, automobilov\u00fa dopravu, podnikanie v remesl\u00e1ch a slu\u017eb\u00e1ch a \u0161koly technick\u00e9ho zamerania. Organizuje a zabezpe\u010duje ju Integrovan\u00fd odborov\u00fd zv\u00e4z\u00a0(IOZ), pod z\u00e1\u0161titou Ministra pr\u00e1ce, soci\u00e1lnych vec\u00ed a rodiny Slovenskej republiky, Ministerstva \u0161kolstva, v\u00fdskumu, [&hellip;]","og_url":"https:\/\/archiv.siov.sk\/en\/sutaz-v-oblasti-bezpecnosti-a-ochrany-zdravia-pri-praci-overila-znalosti-stredoskolakov-2\/","og_site_name":"\u0160IOV - \u0161t\u00e1tny in\u0161tit\u00fat odborn\u00e9ho vzdel\u00e1vania","article_publisher":"https:\/\/www.facebook.com\/Statnyinstitutodbornehovzdelavania","article_published_time":"2024-06-12T12:02:59+00:00","article_modified_time":"2024-06-12T12:03:09+00:00","og_image":[{"width":2048,"height":1536,"url":"https:\/\/archiv.siov.sk\/wp-content\/uploads\/2024\/06\/442686805_2258915607793555_8778255201309682861_n.jpg","type":"image\/jpeg"}],"author":"Katar\u00edna Kov\u00e1\u010dov\u00e1","twitter_card":"summary_large_image","twitter_misc":{"Written by":"Katar\u00edna Kov\u00e1\u010dov\u00e1","Estimated reading time":"3 minutes"},"schema":{"@context":"https:\/\/schema.org","@graph":[{"@type":"Article","@id":"https:\/\/archiv.siov.sk\/sutaz-v-oblasti-bezpecnosti-a-ochrany-zdravia-pri-praci-overila-znalosti-stredoskolakov-2\/#article","isPartOf":{"@id":"https:\/\/archiv.siov.sk\/sutaz-v-oblasti-bezpecnosti-a-ochrany-zdravia-pri-praci-overila-znalosti-stredoskolakov-2\/"},"author":{"name":"Katar\u00edna Kov\u00e1\u010dov\u00e1","@id":"https:\/\/archiv.siov.sk\/#\/schema\/person\/e42d633fbd958c6a726e8834d8965e6c"},"headline":"S\u00fa\u0165a\u017e v oblasti bezpe\u010dnosti a ochrany zdravia pri pr\u00e1ci overila znalosti stredo\u0161kol\u00e1kov","datePublished":"2024-06-12T12:02:59+00:00","dateModified":"2024-06-12T12:03:09+00:00","mainEntityOfPage":{"@id":"https:\/\/archiv.siov.sk\/sutaz-v-oblasti-bezpecnosti-a-ochrany-zdravia-pri-praci-overila-znalosti-stredoskolakov-2\/"},"wordCount":567,"publisher":{"@id":"https:\/\/archiv.siov.sk\/#organization"},"image":{"@id":"https:\/\/archiv.siov.sk\/sutaz-v-oblasti-bezpecnosti-a-ochrany-zdravia-pri-praci-overila-znalosti-stredoskolakov-2\/#primaryimage"},"thumbnailUrl":"https:\/\/archiv.siov.sk\/wp-content\/uploads\/2024\/06\/442686805_2258915607793555_8778255201309682861_n.jpg","articleSection":["Aktuality"],"inLanguage":"en-GB"},{"@type":"WebPage","@id":"https:\/\/archiv.siov.sk\/sutaz-v-oblasti-bezpecnosti-a-ochrany-zdravia-pri-praci-overila-znalosti-stredoskolakov-2\/","url":"https:\/\/archiv.siov.sk\/sutaz-v-oblasti-bezpecnosti-a-ochrany-zdravia-pri-praci-overila-znalosti-stredoskolakov-2\/","name":"S\u00fa\u0165a\u017e v oblasti bezpe\u010dnosti a ochrany zdravia pri pr\u00e1ci overila znalosti stredo\u0161kol\u00e1kov - \u0160IOV - \u0161t\u00e1tny in\u0161tit\u00fat odborn\u00e9ho vzdel\u00e1vania","isPartOf":{"@id":"https:\/\/archiv.siov.sk\/#website"},"primaryImageOfPage":{"@id":"https:\/\/archiv.siov.sk\/sutaz-v-oblasti-bezpecnosti-a-ochrany-zdravia-pri-praci-overila-znalosti-stredoskolakov-2\/#primaryimage"},"image":{"@id":"https:\/\/archiv.siov.sk\/sutaz-v-oblasti-bezpecnosti-a-ochrany-zdravia-pri-praci-overila-znalosti-stredoskolakov-2\/#primaryimage"},"thumbnailUrl":"https:\/\/archiv.siov.sk\/wp-content\/uploads\/2024\/06\/442686805_2258915607793555_8778255201309682861_n.jpg","datePublished":"2024-06-12T12:02:59+00:00","dateModified":"2024-06-12T12:03:09+00:00","breadcrumb":{"@id":"https:\/\/archiv.siov.sk\/sutaz-v-oblasti-bezpecnosti-a-ochrany-zdravia-pri-praci-overila-znalosti-stredoskolakov-2\/#breadcrumb"},"inLanguage":"en-GB","potentialAction":[{"@type":"ReadAction","target":["https:\/\/archiv.siov.sk\/sutaz-v-oblasti-bezpecnosti-a-ochrany-zdravia-pri-praci-overila-znalosti-stredoskolakov-2\/"]}]},{"@type":"ImageObject","inLanguage":"en-GB","@id":"https:\/\/archiv.siov.sk\/sutaz-v-oblasti-bezpecnosti-a-ochrany-zdravia-pri-praci-overila-znalosti-stredoskolakov-2\/#primaryimage","url":"https:\/\/archiv.siov.sk\/wp-content\/uploads\/2024\/06\/442686805_2258915607793555_8778255201309682861_n.jpg","contentUrl":"https:\/\/archiv.siov.sk\/wp-content\/uploads\/2024\/06\/442686805_2258915607793555_8778255201309682861_n.jpg","width":2048,"height":1536},{"@type":"BreadcrumbList","@id":"https:\/\/archiv.siov.sk\/sutaz-v-oblasti-bezpecnosti-a-ochrany-zdravia-pri-praci-overila-znalosti-stredoskolakov-2\/#breadcrumb","itemListElement":[{"@type":"ListItem","position":1,"name":"Home","item":"https:\/\/archiv.siov.sk\/"},{"@type":"ListItem","position":2,"name":"S\u00fa\u0165a\u017e v oblasti bezpe\u010dnosti a ochrany zdravia pri pr\u00e1ci overila znalosti stredo\u0161kol\u00e1kov"}]},{"@type":"WebSite","@id":"https:\/\/archiv.siov.sk\/#website","url":"https:\/\/archiv.siov.sk\/","name":"\u0160IOV - \u0161t\u00e1tny in\u0161tit\u00fat odborn\u00e9ho vzdel\u00e1vania","description":"","publisher":{"@id":"https:\/\/archiv.siov.sk\/#organization"},"potentialAction":[{"@type":"SearchAction","target":{"@type":"EntryPoint","urlTemplate":"https:\/\/archiv.siov.sk\/?s={search_term_string}"},"query-input":{"@type":"PropertyValueSpecification","valueRequired":true,"valueName":"search_term_string"}}],"inLanguage":"en-GB"},{"@type":"Organization","@id":"https:\/\/archiv.siov.sk\/#organization","name":"\u0160IOV - \u0161t\u00e1tny in\u0161tit\u00fat odborn\u00e9ho vzdel\u00e1vania","url":"https:\/\/archiv.siov.sk\/","logo":{"@type":"ImageObject","inLanguage":"en-GB","@id":"https:\/\/archiv.siov.sk\/#\/schema\/logo\/image\/","url":"https:\/\/archiv.siov.sk\/wp-content\/uploads\/2024\/02\/logo-SIOV.png","contentUrl":"https:\/\/archiv.siov.sk\/wp-content\/uploads\/2024\/02\/logo-SIOV.png","width":431,"height":143,"caption":"\u0160IOV - \u0161t\u00e1tny in\u0161tit\u00fat odborn\u00e9ho vzdel\u00e1vania"},"image":{"@id":"https:\/\/archiv.siov.sk\/#\/schema\/logo\/image\/"},"sameAs":["https:\/\/www.facebook.com\/Statnyinstitutodbornehovzdelavania"]},{"@type":"Person","@id":"https:\/\/archiv.siov.sk\/#\/schema\/person\/e42d633fbd958c6a726e8834d8965e6c","name":"Katar\u00edna Kov\u00e1\u010dov\u00e1","url":"https:\/\/archiv.siov.sk\/en\/author\/katkakovacova\/"}]}},"_links":{"self":[{"href":"https:\/\/archiv.siov.sk\/en\/wp-json\/wp\/v2\/posts\/15835","targetHints":{"allow":["GET"]}}],"collection":[{"href":"https:\/\/archiv.siov.sk\/en\/wp-json\/wp\/v2\/posts"}],"about":[{"href":"https:\/\/archiv.siov.sk\/en\/wp-json\/wp\/v2\/types\/post"}],"author":[{"embeddable":true,"href":"https:\/\/archiv.siov.sk\/en\/wp-json\/wp\/v2\/users\/6"}],"replies":[{"embeddable":true,"href":"https:\/\/archiv.siov.sk\/en\/wp-json\/wp\/v2\/comments?post=15835"}],"version-history":[{"count":2,"href":"https:\/\/archiv.siov.sk\/en\/wp-json\/wp\/v2\/posts\/15835\/revisions"}],"predecessor-version":[{"id":15838,"href":"https:\/\/archiv.siov.sk\/en\/wp-json\/wp\/v2\/posts\/15835\/revisions\/15838"}],"wp:featuredmedia":[{"embeddable":true,"href":"https:\/\/archiv.siov.sk\/en\/wp-json\/wp\/v2\/media\/15837"}],"wp:attachment":[{"href":"https:\/\/archiv.siov.sk\/en\/wp-json\/wp\/v2\/media?parent=15835"}],"wp:term":[{"taxonomy":"category","embeddable":true,"href":"https:\/\/archiv.siov.sk\/en\/wp-json\/wp\/v2\/categories?post=15835"},{"taxonomy":"post_tag","embeddable":true,"href":"https:\/\/archiv.siov.sk\/en\/wp-json\/wp\/v2\/tags?post=15835"}],"curies":[{"name":"wp","href":"https:\/\/api.w.org\/{rel}","templated":true}]}}