{"id":15766,"date":"2024-05-23T13:00:01","date_gmt":"2024-05-23T11:00:01","guid":{"rendered":"https:\/\/archiv.siov.sk\/?p=15766"},"modified":"2024-05-23T13:01:45","modified_gmt":"2024-05-23T11:01:45","slug":"25-rocnik-celostatnej-sutaze-v-agropodnikani-zivotnom-prostredi-a-veterinarnom-zdravotnictve-sa-uspesne-zavrsil-v-kezmarku","status":"publish","type":"post","link":"https:\/\/archiv.siov.sk\/en\/25-rocnik-celostatnej-sutaze-v-agropodnikani-zivotnom-prostredi-a-veterinarnom-zdravotnictve-sa-uspesne-zavrsil-v-kezmarku\/","title":{"rendered":"25. ro\u010dn\u00edk celo\u0161t\u00e1tnej s\u00fa\u0165a\u017ee v agropodnikan\u00ed, \u017eivotnom prostred\u00ed a veterin\u00e1rnom zdravotn\u00edctve sa \u00faspe\u0161ne zav\u0155\u0161il v Ke\u017emarku"},"content":{"rendered":"<p style=\"text-align: justify;\">Mlad\u00fd ekofarm\u00e1r je s\u00fa\u0165a\u017eou, ktor\u00e1 u\u017e dvadsa\u0165p\u00e4\u0165 rokov sp\u00e1ja talentovan\u00fdch \u017eiakov stredn\u00fdch odborn\u00fdch \u0161k\u00f4l so \u0161tudijn\u00fdmi odbormi agropodnikanie, \u017eivotn\u00e9 prostredie, veterin\u00e1rne zdravotn\u00edctvo a hygiena a \u010fal\u0161\u00edmi s\u00favisiacimi s po\u013enohospod\u00e1rstvom, potravin\u00e1rstvom a ekol\u00f3giou s cie\u013eom porovn\u00e1vania vedomost\u00ed a odborn\u00fdch zru\u010dnost\u00ed. Celo\u0161t\u00e1tne kolo sa uskuto\u010dnilo na Strednej odbornej \u0161kole agropotravin\u00e1rskej a technickej v Ke\u017emarku v term\u00edne 15.- 17. m\u00e1ja.<\/p>\n<p style=\"text-align: justify;\">Praktick\u00e1 \u010das\u0165 s\u00fa\u0165a\u017ee &#8211; vlastn\u00e9 dojenie je v\u017edy p\u00f4sobiv\u00e1 pr\u00e1ve pre re\u00e1lne prostredie, ktor\u00e9 pripravilo Po\u013enohospod\u00e1rske dru\u017estvo podielnikov v Ke\u017emarku. \u017diaci po\u010das s\u00fa\u0165a\u017ee absolvovali spolu p\u00e4\u0165 \u010dast\u00ed \u2013 p\u00edsomn\u00fd test o mlieku, jeho z\u00edskavan\u00ed, zlo\u017een\u00ed, kvalite dojn\u00edc k\u00f4z a oviec, o v\u00fd\u017eive zvierat a krmovin\u00e1rstve, pokra\u010dovan\u00edm bolo spom\u00ednan\u00e9 dojenie a posudzovanie zdravotn\u00e9ho stavu dojn\u00edc. Zauj\u00edmavou \u010das\u0165ou s\u00fa\u0165a\u017ee boli aj laborat\u00f3rne sk\u00fa\u0161ky mlieka, v r\u00e1mci ktor\u00fdch s\u00fa\u0165a\u017eiaci hodnotili jeho kvalitu na z\u00e1klade degusta\u010dn\u00fdch a laborat\u00f3rnych sk\u00fa\u0161ok. Nech\u00fdbali ani \u00falohy z rozboru l\u00fa\u010dneho porastu, semien os\u00edv a krmov\u00edn a v\u00fdpo\u010dty spotreby krm\u00edv.<\/p>\n<p><img fetchpriority=\"high\" decoding=\"async\" class=\"wp-image-15768 aligncenter\" src=\"https:\/\/archiv.siov.sk\/wp-content\/uploads\/2024\/05\/440901124_1527354387845175_5447959155105076414_n-768x1024.jpg\" alt=\"\" width=\"475\" height=\"634\" srcset=\"https:\/\/archiv.siov.sk\/wp-content\/uploads\/2024\/05\/440901124_1527354387845175_5447959155105076414_n-768x1023.jpg 768w, https:\/\/archiv.siov.sk\/wp-content\/uploads\/2024\/05\/440901124_1527354387845175_5447959155105076414_n-225x300.jpg 225w, https:\/\/archiv.siov.sk\/wp-content\/uploads\/2024\/05\/440901124_1527354387845175_5447959155105076414_n-1153x1536.jpg 1153w, https:\/\/archiv.siov.sk\/wp-content\/uploads\/2024\/05\/440901124_1527354387845175_5447959155105076414_n-9x12.jpg 9w, https:\/\/archiv.siov.sk\/wp-content\/uploads\/2024\/05\/440901124_1527354387845175_5447959155105076414_n.jpg 1179w\" sizes=\"(max-width: 475px) 100vw, 475px\" \/><\/p>\n<p style=\"text-align: center;\">Mlad\u00fd ekofarm\u00e1r 2024<\/p>\n<p style=\"text-align: justify;\">Sprievodn\u00fdm programom boli odborn\u00e9 predn\u00e1\u0161ky z praxe &#8211; predsedu a ved\u00faceho \u017eivo\u010d\u00ed\u0161nej v\u00fdroby dru\u017estva v Ke\u017emarku, z\u00e1stupcu firmy Sano a predsedu Celo\u0161t\u00e1tnej odbornej komisie p\u00e1na Tan\u010dina z N\u00e1rodn\u00e9ho po\u013enohospod\u00e1rskeho a potravin\u00e1rskeho centra V\u00daZV Nitra. Po\u010dasie prialo \u00fa\u010dastn\u00edkom aj pri zauj\u00edmavej\u00a0 prehliadke\u00a0 Ke\u017emarsk\u00e9ho hradu, jedin\u00e9ho zachovan\u00e9ho na Spi\u0161i.<\/p>\n<p>Umiestnenie na prv\u00fdch troch miestach z\u00edskali:<\/p>\n<ol>\n<li><strong>miesto<\/strong>\u00a0Aneta Hartelov\u00e1<strong>, SO\u0160 PaSV Predmestsk\u00e1 82, \u017dilina,<\/strong><\/li>\n<li><strong>miesto<\/strong>\u00a0Oliver Kop\u010d\u00e1k, <strong>SO\u0160 veterin\u00e1rna, Dr\u00e1\u017eovsk\u00e1 14,\u00a0 Nitra,<\/strong><\/li>\n<li><strong>miesto<\/strong>\u00a0Martin Krn\u00e1\u010d <strong>SO\u0160 Pod B\u00e1no\u0161om 80, Bansk\u00e1 Bystrica.<\/strong><\/li>\n<\/ol>\n<p style=\"text-align: justify;\">Celkom sa s\u00fa\u0165a\u017ee z\u00fa\u010dastnilo tridsa\u0165tri s\u00fa\u0165a\u017eiacich z\u00a0cel\u00e9ho Slovenska. Symbolicky putovn\u00fd poh\u00e1r realiz\u00e1tora 26. ro\u010dn\u00edka celo\u0161t\u00e1tneho kola s\u00fa\u0165a\u017ee preber\u00e1\u00a0 \u017dilinsk\u00fd kraj.<\/p>\n<p>V\u00ed\u0165azom srde\u010dne blaho\u017eel\u00e1me!<\/p>","protected":false},"excerpt":{"rendered":"<p>Mlad\u00fd ekofarm\u00e1r je s\u00fa\u0165a\u017eou, ktor\u00e1 u\u017e dvadsa\u0165p\u00e4\u0165 rokov sp\u00e1ja talentovan\u00fdch \u017eiakov stredn\u00fdch odborn\u00fdch \u0161k\u00f4l so \u0161tudijn\u00fdmi odbormi agropodnikanie, \u017eivotn\u00e9 prostredie, veterin\u00e1rne zdravotn\u00edctvo a hygiena a \u010fal\u0161\u00edmi s\u00favisiacimi s po\u013enohospod\u00e1rstvom, potravin\u00e1rstvom a ekol\u00f3giou s cie\u013eom porovn\u00e1vania vedomost\u00ed a odborn\u00fdch zru\u010dnost\u00ed. Celo\u0161t\u00e1tne kolo sa uskuto\u010dnilo na Strednej odbornej \u0161kole agropotravin\u00e1rskej a technickej v Ke\u017emarku v term\u00edne 15.- [&hellip;]<\/p>\n","protected":false},"author":6,"featured_media":15769,"comment_status":"closed","ping_status":"closed","sticky":false,"template":"","format":"standard","meta":{"site-sidebar-layout":"default","site-content-layout":"","ast-site-content-layout":"default","site-content-style":"default","site-sidebar-style":"default","ast-global-header-display":"","ast-banner-title-visibility":"","ast-main-header-display":"","ast-hfb-above-header-display":"","ast-hfb-below-header-display":"","ast-hfb-mobile-header-display":"","site-post-title":"","ast-breadcrumbs-content":"","ast-featured-img":"","footer-sml-layout":"","ast-disable-related-posts":"","theme-transparent-header-meta":"default","adv-header-id-meta":"","stick-header-meta":"default","header-above-stick-meta":"","header-main-stick-meta":"","header-below-stick-meta":"","astra-migrate-meta-layouts":"set","ast-page-background-enabled":"default","ast-page-background-meta":{"desktop":{"background-color":"var(--ast-global-color-4)","background-image":"","background-repeat":"repeat","background-position":"center center","background-size":"auto","background-attachment":"scroll","background-type":"","background-media":"","overlay-type":"","overlay-color":"","overlay-opacity":"","overlay-gradient":""},"tablet":{"background-color":"","background-image":"","background-repeat":"repeat","background-position":"center center","background-size":"auto","background-attachment":"scroll","background-type":"","background-media":"","overlay-type":"","overlay-color":"","overlay-opacity":"","overlay-gradient":""},"mobile":{"background-color":"","background-image":"","background-repeat":"repeat","background-position":"center center","background-size":"auto","background-attachment":"scroll","background-type":"","background-media":"","overlay-type":"","overlay-color":"","overlay-opacity":"","overlay-gradient":""}},"ast-content-background-meta":{"desktop":{"background-color":"var(--ast-global-color-5)","background-image":"","background-repeat":"repeat","background-position":"center center","background-size":"auto","background-attachment":"scroll","background-type":"","background-media":"","overlay-type":"","overlay-color":"","overlay-opacity":"","overlay-gradient":""},"tablet":{"background-color":"var(--ast-global-color-5)","background-image":"","background-repeat":"repeat","background-position":"center center","background-size":"auto","background-attachment":"scroll","background-type":"","background-media":"","overlay-type":"","overlay-color":"","overlay-opacity":"","overlay-gradient":""},"mobile":{"background-color":"var(--ast-global-color-5)","background-image":"","background-repeat":"repeat","background-position":"center center","background-size":"auto","background-attachment":"scroll","background-type":"","background-media":"","overlay-type":"","overlay-color":"","overlay-opacity":"","overlay-gradient":""}},"footnotes":""},"categories":[1],"tags":[],"class_list":["post-15766","post","type-post","status-publish","format-standard","has-post-thumbnail","hentry","category-aktuality"],"yoast_head":"<!-- This site is optimized with the Yoast SEO plugin v27.5 - https:\/\/yoast.com\/product\/yoast-seo-wordpress\/ -->\n<title>25. ro\u010dn\u00edk celo\u0161t\u00e1tnej s\u00fa\u0165a\u017ee v agropodnikan\u00ed, \u017eivotnom prostred\u00ed a veterin\u00e1rnom zdravotn\u00edctve sa \u00faspe\u0161ne zav\u0155\u0161il v Ke\u017emarku - \u0160IOV - \u0161t\u00e1tny in\u0161tit\u00fat odborn\u00e9ho vzdel\u00e1vania<\/title>\n<meta name=\"robots\" content=\"index, follow, max-snippet:-1, max-image-preview:large, max-video-preview:-1\" \/>\n<link rel=\"canonical\" href=\"https:\/\/archiv.siov.sk\/en\/25-rocnik-celostatnej-sutaze-v-agropodnikani-zivotnom-prostredi-a-veterinarnom-zdravotnictve-sa-uspesne-zavrsil-v-kezmarku\/\" \/>\n<meta property=\"og:locale\" content=\"en_GB\" \/>\n<meta property=\"og:type\" content=\"article\" \/>\n<meta property=\"og:title\" content=\"25. ro\u010dn\u00edk celo\u0161t\u00e1tnej s\u00fa\u0165a\u017ee v agropodnikan\u00ed, \u017eivotnom prostred\u00ed a veterin\u00e1rnom zdravotn\u00edctve sa \u00faspe\u0161ne zav\u0155\u0161il v Ke\u017emarku - \u0160IOV - \u0161t\u00e1tny in\u0161tit\u00fat odborn\u00e9ho vzdel\u00e1vania\" \/>\n<meta property=\"og:description\" content=\"Mlad\u00fd ekofarm\u00e1r je s\u00fa\u0165a\u017eou, ktor\u00e1 u\u017e dvadsa\u0165p\u00e4\u0165 rokov sp\u00e1ja talentovan\u00fdch \u017eiakov stredn\u00fdch odborn\u00fdch \u0161k\u00f4l so \u0161tudijn\u00fdmi odbormi agropodnikanie, \u017eivotn\u00e9 prostredie, veterin\u00e1rne zdravotn\u00edctvo a hygiena a \u010fal\u0161\u00edmi s\u00favisiacimi s po\u013enohospod\u00e1rstvom, potravin\u00e1rstvom a ekol\u00f3giou s cie\u013eom porovn\u00e1vania vedomost\u00ed a odborn\u00fdch zru\u010dnost\u00ed. Celo\u0161t\u00e1tne kolo sa uskuto\u010dnilo na Strednej odbornej \u0161kole agropotravin\u00e1rskej a technickej v Ke\u017emarku v term\u00edne 15.- [&hellip;]\" \/>\n<meta property=\"og:url\" content=\"https:\/\/archiv.siov.sk\/en\/25-rocnik-celostatnej-sutaze-v-agropodnikani-zivotnom-prostredi-a-veterinarnom-zdravotnictve-sa-uspesne-zavrsil-v-kezmarku\/\" \/>\n<meta property=\"og:site_name\" content=\"\u0160IOV - \u0161t\u00e1tny in\u0161tit\u00fat odborn\u00e9ho vzdel\u00e1vania\" \/>\n<meta property=\"article:publisher\" content=\"https:\/\/www.facebook.com\/Statnyinstitutodbornehovzdelavania\" \/>\n<meta property=\"article:published_time\" content=\"2024-05-23T11:00:01+00:00\" \/>\n<meta property=\"article:modified_time\" content=\"2024-05-23T11:01:45+00:00\" \/>\n<meta property=\"og:image\" content=\"https:\/\/archiv.siov.sk\/wp-content\/uploads\/2024\/05\/441015345_983958269926329_5718909539498642709_n.jpg\" \/>\n\t<meta property=\"og:image:width\" content=\"1179\" \/>\n\t<meta property=\"og:image:height\" content=\"1279\" \/>\n\t<meta property=\"og:image:type\" content=\"image\/jpeg\" \/>\n<meta name=\"author\" content=\"Katar\u00edna Kov\u00e1\u010dov\u00e1\" \/>\n<meta name=\"twitter:card\" content=\"summary_large_image\" \/>\n<meta name=\"twitter:label1\" content=\"Written by\" \/>\n\t<meta name=\"twitter:data1\" content=\"Katar\u00edna Kov\u00e1\u010dov\u00e1\" \/>\n\t<meta name=\"twitter:label2\" content=\"Estimated reading time\" \/>\n\t<meta name=\"twitter:data2\" content=\"2 minutes\" \/>\n<script type=\"application\/ld+json\" class=\"yoast-schema-graph\">{\"@context\":\"https:\\\/\\\/schema.org\",\"@graph\":[{\"@type\":\"Article\",\"@id\":\"https:\\\/\\\/archiv.siov.sk\\\/25-rocnik-celostatnej-sutaze-v-agropodnikani-zivotnom-prostredi-a-veterinarnom-zdravotnictve-sa-uspesne-zavrsil-v-kezmarku\\\/#article\",\"isPartOf\":{\"@id\":\"https:\\\/\\\/archiv.siov.sk\\\/25-rocnik-celostatnej-sutaze-v-agropodnikani-zivotnom-prostredi-a-veterinarnom-zdravotnictve-sa-uspesne-zavrsil-v-kezmarku\\\/\"},\"author\":{\"name\":\"Katar\u00edna Kov\u00e1\u010dov\u00e1\",\"@id\":\"https:\\\/\\\/archiv.siov.sk\\\/#\\\/schema\\\/person\\\/e42d633fbd958c6a726e8834d8965e6c\"},\"headline\":\"25. ro\u010dn\u00edk celo\u0161t\u00e1tnej s\u00fa\u0165a\u017ee v agropodnikan\u00ed, \u017eivotnom prostred\u00ed a veterin\u00e1rnom zdravotn\u00edctve sa \u00faspe\u0161ne zav\u0155\u0161il v Ke\u017emarku\",\"datePublished\":\"2024-05-23T11:00:01+00:00\",\"dateModified\":\"2024-05-23T11:01:45+00:00\",\"mainEntityOfPage\":{\"@id\":\"https:\\\/\\\/archiv.siov.sk\\\/25-rocnik-celostatnej-sutaze-v-agropodnikani-zivotnom-prostredi-a-veterinarnom-zdravotnictve-sa-uspesne-zavrsil-v-kezmarku\\\/\"},\"wordCount\":400,\"publisher\":{\"@id\":\"https:\\\/\\\/archiv.siov.sk\\\/#organization\"},\"image\":{\"@id\":\"https:\\\/\\\/archiv.siov.sk\\\/25-rocnik-celostatnej-sutaze-v-agropodnikani-zivotnom-prostredi-a-veterinarnom-zdravotnictve-sa-uspesne-zavrsil-v-kezmarku\\\/#primaryimage\"},\"thumbnailUrl\":\"https:\\\/\\\/archiv.siov.sk\\\/wp-content\\\/uploads\\\/2024\\\/05\\\/441015345_983958269926329_5718909539498642709_n.jpg\",\"articleSection\":[\"Aktuality\"],\"inLanguage\":\"en-GB\"},{\"@type\":\"WebPage\",\"@id\":\"https:\\\/\\\/archiv.siov.sk\\\/25-rocnik-celostatnej-sutaze-v-agropodnikani-zivotnom-prostredi-a-veterinarnom-zdravotnictve-sa-uspesne-zavrsil-v-kezmarku\\\/\",\"url\":\"https:\\\/\\\/archiv.siov.sk\\\/25-rocnik-celostatnej-sutaze-v-agropodnikani-zivotnom-prostredi-a-veterinarnom-zdravotnictve-sa-uspesne-zavrsil-v-kezmarku\\\/\",\"name\":\"25. ro\u010dn\u00edk celo\u0161t\u00e1tnej s\u00fa\u0165a\u017ee v agropodnikan\u00ed, \u017eivotnom prostred\u00ed a veterin\u00e1rnom zdravotn\u00edctve sa \u00faspe\u0161ne zav\u0155\u0161il v Ke\u017emarku - \u0160IOV - \u0161t\u00e1tny in\u0161tit\u00fat odborn\u00e9ho vzdel\u00e1vania\",\"isPartOf\":{\"@id\":\"https:\\\/\\\/archiv.siov.sk\\\/#website\"},\"primaryImageOfPage\":{\"@id\":\"https:\\\/\\\/archiv.siov.sk\\\/25-rocnik-celostatnej-sutaze-v-agropodnikani-zivotnom-prostredi-a-veterinarnom-zdravotnictve-sa-uspesne-zavrsil-v-kezmarku\\\/#primaryimage\"},\"image\":{\"@id\":\"https:\\\/\\\/archiv.siov.sk\\\/25-rocnik-celostatnej-sutaze-v-agropodnikani-zivotnom-prostredi-a-veterinarnom-zdravotnictve-sa-uspesne-zavrsil-v-kezmarku\\\/#primaryimage\"},\"thumbnailUrl\":\"https:\\\/\\\/archiv.siov.sk\\\/wp-content\\\/uploads\\\/2024\\\/05\\\/441015345_983958269926329_5718909539498642709_n.jpg\",\"datePublished\":\"2024-05-23T11:00:01+00:00\",\"dateModified\":\"2024-05-23T11:01:45+00:00\",\"breadcrumb\":{\"@id\":\"https:\\\/\\\/archiv.siov.sk\\\/25-rocnik-celostatnej-sutaze-v-agropodnikani-zivotnom-prostredi-a-veterinarnom-zdravotnictve-sa-uspesne-zavrsil-v-kezmarku\\\/#breadcrumb\"},\"inLanguage\":\"en-GB\",\"potentialAction\":[{\"@type\":\"ReadAction\",\"target\":[\"https:\\\/\\\/archiv.siov.sk\\\/25-rocnik-celostatnej-sutaze-v-agropodnikani-zivotnom-prostredi-a-veterinarnom-zdravotnictve-sa-uspesne-zavrsil-v-kezmarku\\\/\"]}]},{\"@type\":\"ImageObject\",\"inLanguage\":\"en-GB\",\"@id\":\"https:\\\/\\\/archiv.siov.sk\\\/25-rocnik-celostatnej-sutaze-v-agropodnikani-zivotnom-prostredi-a-veterinarnom-zdravotnictve-sa-uspesne-zavrsil-v-kezmarku\\\/#primaryimage\",\"url\":\"https:\\\/\\\/archiv.siov.sk\\\/wp-content\\\/uploads\\\/2024\\\/05\\\/441015345_983958269926329_5718909539498642709_n.jpg\",\"contentUrl\":\"https:\\\/\\\/archiv.siov.sk\\\/wp-content\\\/uploads\\\/2024\\\/05\\\/441015345_983958269926329_5718909539498642709_n.jpg\",\"width\":1179,\"height\":1279},{\"@type\":\"BreadcrumbList\",\"@id\":\"https:\\\/\\\/archiv.siov.sk\\\/25-rocnik-celostatnej-sutaze-v-agropodnikani-zivotnom-prostredi-a-veterinarnom-zdravotnictve-sa-uspesne-zavrsil-v-kezmarku\\\/#breadcrumb\",\"itemListElement\":[{\"@type\":\"ListItem\",\"position\":1,\"name\":\"Home\",\"item\":\"https:\\\/\\\/archiv.siov.sk\\\/\"},{\"@type\":\"ListItem\",\"position\":2,\"name\":\"25. ro\u010dn\u00edk celo\u0161t\u00e1tnej s\u00fa\u0165a\u017ee v agropodnikan\u00ed, \u017eivotnom prostred\u00ed a veterin\u00e1rnom zdravotn\u00edctve sa \u00faspe\u0161ne zav\u0155\u0161il v Ke\u017emarku\"}]},{\"@type\":\"WebSite\",\"@id\":\"https:\\\/\\\/archiv.siov.sk\\\/#website\",\"url\":\"https:\\\/\\\/archiv.siov.sk\\\/\",\"name\":\"\u0160IOV - \u0161t\u00e1tny in\u0161tit\u00fat odborn\u00e9ho vzdel\u00e1vania\",\"description\":\"\",\"publisher\":{\"@id\":\"https:\\\/\\\/archiv.siov.sk\\\/#organization\"},\"potentialAction\":[{\"@type\":\"SearchAction\",\"target\":{\"@type\":\"EntryPoint\",\"urlTemplate\":\"https:\\\/\\\/archiv.siov.sk\\\/?s={search_term_string}\"},\"query-input\":{\"@type\":\"PropertyValueSpecification\",\"valueRequired\":true,\"valueName\":\"search_term_string\"}}],\"inLanguage\":\"en-GB\"},{\"@type\":\"Organization\",\"@id\":\"https:\\\/\\\/archiv.siov.sk\\\/#organization\",\"name\":\"\u0160IOV - \u0161t\u00e1tny in\u0161tit\u00fat odborn\u00e9ho vzdel\u00e1vania\",\"url\":\"https:\\\/\\\/archiv.siov.sk\\\/\",\"logo\":{\"@type\":\"ImageObject\",\"inLanguage\":\"en-GB\",\"@id\":\"https:\\\/\\\/archiv.siov.sk\\\/#\\\/schema\\\/logo\\\/image\\\/\",\"url\":\"https:\\\/\\\/archiv.siov.sk\\\/wp-content\\\/uploads\\\/2024\\\/02\\\/logo-SIOV.png\",\"contentUrl\":\"https:\\\/\\\/archiv.siov.sk\\\/wp-content\\\/uploads\\\/2024\\\/02\\\/logo-SIOV.png\",\"width\":431,\"height\":143,\"caption\":\"\u0160IOV - \u0161t\u00e1tny in\u0161tit\u00fat odborn\u00e9ho vzdel\u00e1vania\"},\"image\":{\"@id\":\"https:\\\/\\\/archiv.siov.sk\\\/#\\\/schema\\\/logo\\\/image\\\/\"},\"sameAs\":[\"https:\\\/\\\/www.facebook.com\\\/Statnyinstitutodbornehovzdelavania\"]},{\"@type\":\"Person\",\"@id\":\"https:\\\/\\\/archiv.siov.sk\\\/#\\\/schema\\\/person\\\/e42d633fbd958c6a726e8834d8965e6c\",\"name\":\"Katar\u00edna Kov\u00e1\u010dov\u00e1\",\"url\":\"https:\\\/\\\/archiv.siov.sk\\\/en\\\/author\\\/katkakovacova\\\/\"}]}<\/script>\n<!-- \/ Yoast SEO plugin. -->","yoast_head_json":{"title":"25. ro\u010dn\u00edk celo\u0161t\u00e1tnej s\u00fa\u0165a\u017ee v agropodnikan\u00ed, \u017eivotnom prostred\u00ed a veterin\u00e1rnom zdravotn\u00edctve sa \u00faspe\u0161ne zav\u0155\u0161il v Ke\u017emarku - \u0160IOV - \u0161t\u00e1tny in\u0161tit\u00fat odborn\u00e9ho vzdel\u00e1vania","robots":{"index":"index","follow":"follow","max-snippet":"max-snippet:-1","max-image-preview":"max-image-preview:large","max-video-preview":"max-video-preview:-1"},"canonical":"https:\/\/archiv.siov.sk\/en\/25-rocnik-celostatnej-sutaze-v-agropodnikani-zivotnom-prostredi-a-veterinarnom-zdravotnictve-sa-uspesne-zavrsil-v-kezmarku\/","og_locale":"en_GB","og_type":"article","og_title":"25. ro\u010dn\u00edk celo\u0161t\u00e1tnej s\u00fa\u0165a\u017ee v agropodnikan\u00ed, \u017eivotnom prostred\u00ed a veterin\u00e1rnom zdravotn\u00edctve sa \u00faspe\u0161ne zav\u0155\u0161il v Ke\u017emarku - \u0160IOV - \u0161t\u00e1tny in\u0161tit\u00fat odborn\u00e9ho vzdel\u00e1vania","og_description":"Mlad\u00fd ekofarm\u00e1r je s\u00fa\u0165a\u017eou, ktor\u00e1 u\u017e dvadsa\u0165p\u00e4\u0165 rokov sp\u00e1ja talentovan\u00fdch \u017eiakov stredn\u00fdch odborn\u00fdch \u0161k\u00f4l so \u0161tudijn\u00fdmi odbormi agropodnikanie, \u017eivotn\u00e9 prostredie, veterin\u00e1rne zdravotn\u00edctvo a hygiena a \u010fal\u0161\u00edmi s\u00favisiacimi s po\u013enohospod\u00e1rstvom, potravin\u00e1rstvom a ekol\u00f3giou s cie\u013eom porovn\u00e1vania vedomost\u00ed a odborn\u00fdch zru\u010dnost\u00ed. Celo\u0161t\u00e1tne kolo sa uskuto\u010dnilo na Strednej odbornej \u0161kole agropotravin\u00e1rskej a technickej v Ke\u017emarku v term\u00edne 15.- [&hellip;]","og_url":"https:\/\/archiv.siov.sk\/en\/25-rocnik-celostatnej-sutaze-v-agropodnikani-zivotnom-prostredi-a-veterinarnom-zdravotnictve-sa-uspesne-zavrsil-v-kezmarku\/","og_site_name":"\u0160IOV - \u0161t\u00e1tny in\u0161tit\u00fat odborn\u00e9ho vzdel\u00e1vania","article_publisher":"https:\/\/www.facebook.com\/Statnyinstitutodbornehovzdelavania","article_published_time":"2024-05-23T11:00:01+00:00","article_modified_time":"2024-05-23T11:01:45+00:00","og_image":[{"width":1179,"height":1279,"url":"https:\/\/archiv.siov.sk\/wp-content\/uploads\/2024\/05\/441015345_983958269926329_5718909539498642709_n.jpg","type":"image\/jpeg"}],"author":"Katar\u00edna Kov\u00e1\u010dov\u00e1","twitter_card":"summary_large_image","twitter_misc":{"Written by":"Katar\u00edna Kov\u00e1\u010dov\u00e1","Estimated reading time":"2 minutes"},"schema":{"@context":"https:\/\/schema.org","@graph":[{"@type":"Article","@id":"https:\/\/archiv.siov.sk\/25-rocnik-celostatnej-sutaze-v-agropodnikani-zivotnom-prostredi-a-veterinarnom-zdravotnictve-sa-uspesne-zavrsil-v-kezmarku\/#article","isPartOf":{"@id":"https:\/\/archiv.siov.sk\/25-rocnik-celostatnej-sutaze-v-agropodnikani-zivotnom-prostredi-a-veterinarnom-zdravotnictve-sa-uspesne-zavrsil-v-kezmarku\/"},"author":{"name":"Katar\u00edna Kov\u00e1\u010dov\u00e1","@id":"https:\/\/archiv.siov.sk\/#\/schema\/person\/e42d633fbd958c6a726e8834d8965e6c"},"headline":"25. ro\u010dn\u00edk celo\u0161t\u00e1tnej s\u00fa\u0165a\u017ee v agropodnikan\u00ed, \u017eivotnom prostred\u00ed a veterin\u00e1rnom zdravotn\u00edctve sa \u00faspe\u0161ne zav\u0155\u0161il v Ke\u017emarku","datePublished":"2024-05-23T11:00:01+00:00","dateModified":"2024-05-23T11:01:45+00:00","mainEntityOfPage":{"@id":"https:\/\/archiv.siov.sk\/25-rocnik-celostatnej-sutaze-v-agropodnikani-zivotnom-prostredi-a-veterinarnom-zdravotnictve-sa-uspesne-zavrsil-v-kezmarku\/"},"wordCount":400,"publisher":{"@id":"https:\/\/archiv.siov.sk\/#organization"},"image":{"@id":"https:\/\/archiv.siov.sk\/25-rocnik-celostatnej-sutaze-v-agropodnikani-zivotnom-prostredi-a-veterinarnom-zdravotnictve-sa-uspesne-zavrsil-v-kezmarku\/#primaryimage"},"thumbnailUrl":"https:\/\/archiv.siov.sk\/wp-content\/uploads\/2024\/05\/441015345_983958269926329_5718909539498642709_n.jpg","articleSection":["Aktuality"],"inLanguage":"en-GB"},{"@type":"WebPage","@id":"https:\/\/archiv.siov.sk\/25-rocnik-celostatnej-sutaze-v-agropodnikani-zivotnom-prostredi-a-veterinarnom-zdravotnictve-sa-uspesne-zavrsil-v-kezmarku\/","url":"https:\/\/archiv.siov.sk\/25-rocnik-celostatnej-sutaze-v-agropodnikani-zivotnom-prostredi-a-veterinarnom-zdravotnictve-sa-uspesne-zavrsil-v-kezmarku\/","name":"25. ro\u010dn\u00edk celo\u0161t\u00e1tnej s\u00fa\u0165a\u017ee v agropodnikan\u00ed, \u017eivotnom prostred\u00ed a veterin\u00e1rnom zdravotn\u00edctve sa \u00faspe\u0161ne zav\u0155\u0161il v Ke\u017emarku - \u0160IOV - \u0161t\u00e1tny in\u0161tit\u00fat odborn\u00e9ho vzdel\u00e1vania","isPartOf":{"@id":"https:\/\/archiv.siov.sk\/#website"},"primaryImageOfPage":{"@id":"https:\/\/archiv.siov.sk\/25-rocnik-celostatnej-sutaze-v-agropodnikani-zivotnom-prostredi-a-veterinarnom-zdravotnictve-sa-uspesne-zavrsil-v-kezmarku\/#primaryimage"},"image":{"@id":"https:\/\/archiv.siov.sk\/25-rocnik-celostatnej-sutaze-v-agropodnikani-zivotnom-prostredi-a-veterinarnom-zdravotnictve-sa-uspesne-zavrsil-v-kezmarku\/#primaryimage"},"thumbnailUrl":"https:\/\/archiv.siov.sk\/wp-content\/uploads\/2024\/05\/441015345_983958269926329_5718909539498642709_n.jpg","datePublished":"2024-05-23T11:00:01+00:00","dateModified":"2024-05-23T11:01:45+00:00","breadcrumb":{"@id":"https:\/\/archiv.siov.sk\/25-rocnik-celostatnej-sutaze-v-agropodnikani-zivotnom-prostredi-a-veterinarnom-zdravotnictve-sa-uspesne-zavrsil-v-kezmarku\/#breadcrumb"},"inLanguage":"en-GB","potentialAction":[{"@type":"ReadAction","target":["https:\/\/archiv.siov.sk\/25-rocnik-celostatnej-sutaze-v-agropodnikani-zivotnom-prostredi-a-veterinarnom-zdravotnictve-sa-uspesne-zavrsil-v-kezmarku\/"]}]},{"@type":"ImageObject","inLanguage":"en-GB","@id":"https:\/\/archiv.siov.sk\/25-rocnik-celostatnej-sutaze-v-agropodnikani-zivotnom-prostredi-a-veterinarnom-zdravotnictve-sa-uspesne-zavrsil-v-kezmarku\/#primaryimage","url":"https:\/\/archiv.siov.sk\/wp-content\/uploads\/2024\/05\/441015345_983958269926329_5718909539498642709_n.jpg","contentUrl":"https:\/\/archiv.siov.sk\/wp-content\/uploads\/2024\/05\/441015345_983958269926329_5718909539498642709_n.jpg","width":1179,"height":1279},{"@type":"BreadcrumbList","@id":"https:\/\/archiv.siov.sk\/25-rocnik-celostatnej-sutaze-v-agropodnikani-zivotnom-prostredi-a-veterinarnom-zdravotnictve-sa-uspesne-zavrsil-v-kezmarku\/#breadcrumb","itemListElement":[{"@type":"ListItem","position":1,"name":"Home","item":"https:\/\/archiv.siov.sk\/"},{"@type":"ListItem","position":2,"name":"25. ro\u010dn\u00edk celo\u0161t\u00e1tnej s\u00fa\u0165a\u017ee v agropodnikan\u00ed, \u017eivotnom prostred\u00ed a veterin\u00e1rnom zdravotn\u00edctve sa \u00faspe\u0161ne zav\u0155\u0161il v Ke\u017emarku"}]},{"@type":"WebSite","@id":"https:\/\/archiv.siov.sk\/#website","url":"https:\/\/archiv.siov.sk\/","name":"\u0160IOV - \u0161t\u00e1tny in\u0161tit\u00fat odborn\u00e9ho vzdel\u00e1vania","description":"","publisher":{"@id":"https:\/\/archiv.siov.sk\/#organization"},"potentialAction":[{"@type":"SearchAction","target":{"@type":"EntryPoint","urlTemplate":"https:\/\/archiv.siov.sk\/?s={search_term_string}"},"query-input":{"@type":"PropertyValueSpecification","valueRequired":true,"valueName":"search_term_string"}}],"inLanguage":"en-GB"},{"@type":"Organization","@id":"https:\/\/archiv.siov.sk\/#organization","name":"\u0160IOV - \u0161t\u00e1tny in\u0161tit\u00fat odborn\u00e9ho vzdel\u00e1vania","url":"https:\/\/archiv.siov.sk\/","logo":{"@type":"ImageObject","inLanguage":"en-GB","@id":"https:\/\/archiv.siov.sk\/#\/schema\/logo\/image\/","url":"https:\/\/archiv.siov.sk\/wp-content\/uploads\/2024\/02\/logo-SIOV.png","contentUrl":"https:\/\/archiv.siov.sk\/wp-content\/uploads\/2024\/02\/logo-SIOV.png","width":431,"height":143,"caption":"\u0160IOV - \u0161t\u00e1tny in\u0161tit\u00fat odborn\u00e9ho vzdel\u00e1vania"},"image":{"@id":"https:\/\/archiv.siov.sk\/#\/schema\/logo\/image\/"},"sameAs":["https:\/\/www.facebook.com\/Statnyinstitutodbornehovzdelavania"]},{"@type":"Person","@id":"https:\/\/archiv.siov.sk\/#\/schema\/person\/e42d633fbd958c6a726e8834d8965e6c","name":"Katar\u00edna Kov\u00e1\u010dov\u00e1","url":"https:\/\/archiv.siov.sk\/en\/author\/katkakovacova\/"}]}},"_links":{"self":[{"href":"https:\/\/archiv.siov.sk\/en\/wp-json\/wp\/v2\/posts\/15766","targetHints":{"allow":["GET"]}}],"collection":[{"href":"https:\/\/archiv.siov.sk\/en\/wp-json\/wp\/v2\/posts"}],"about":[{"href":"https:\/\/archiv.siov.sk\/en\/wp-json\/wp\/v2\/types\/post"}],"author":[{"embeddable":true,"href":"https:\/\/archiv.siov.sk\/en\/wp-json\/wp\/v2\/users\/6"}],"replies":[{"embeddable":true,"href":"https:\/\/archiv.siov.sk\/en\/wp-json\/wp\/v2\/comments?post=15766"}],"version-history":[{"count":2,"href":"https:\/\/archiv.siov.sk\/en\/wp-json\/wp\/v2\/posts\/15766\/revisions"}],"predecessor-version":[{"id":15770,"href":"https:\/\/archiv.siov.sk\/en\/wp-json\/wp\/v2\/posts\/15766\/revisions\/15770"}],"wp:featuredmedia":[{"embeddable":true,"href":"https:\/\/archiv.siov.sk\/en\/wp-json\/wp\/v2\/media\/15769"}],"wp:attachment":[{"href":"https:\/\/archiv.siov.sk\/en\/wp-json\/wp\/v2\/media?parent=15766"}],"wp:term":[{"taxonomy":"category","embeddable":true,"href":"https:\/\/archiv.siov.sk\/en\/wp-json\/wp\/v2\/categories?post=15766"},{"taxonomy":"post_tag","embeddable":true,"href":"https:\/\/archiv.siov.sk\/en\/wp-json\/wp\/v2\/tags?post=15766"}],"curies":[{"name":"wp","href":"https:\/\/api.w.org\/{rel}","templated":true}]}}