{"id":15725,"date":"2024-05-21T14:58:47","date_gmt":"2024-05-21T12:58:47","guid":{"rendered":"https:\/\/archiv.siov.sk\/?p=15725"},"modified":"2024-06-03T10:18:43","modified_gmt":"2024-06-03T08:18:43","slug":"kriticke-myslenie-a-vzdelavanie-dospelych-v-dobe-dezinformacii","status":"publish","type":"post","link":"https:\/\/archiv.siov.sk\/en\/kriticke-myslenie-a-vzdelavanie-dospelych-v-dobe-dezinformacii\/","title":{"rendered":"Kritick\u00e9 myslenie a vzdel\u00e1vanie dospel\u00fdch v dobe dezinform\u00e1ci\u00ed"},"content":{"rendered":"<p style=\"text-align: center;\">Konferencia EPALE v\u00a0Bratislave<\/p>\n<p style=\"text-align: justify;\">V dobe zahltenia inform\u00e1ciami je kritick\u00e9 myslenie k\u013e\u00fa\u010dovou zru\u010dnos\u0165ou pre ka\u017ed\u00e9ho z n\u00e1s. Pr\u00e1ve tejto t\u00e9me sa venovala slovensko-\u010desk\u00e1 konferencia EPALE s n\u00e1zvom <strong>\u201eU\u010denie sa ako cesta ku kritick\u00e9mu mysleniu dospel\u00fdch\u201c<\/strong>, ktor\u00e1 sa konala 15. m\u00e1ja 2024 v priestoroch Slovenskej n\u00e1rodnej gal\u00e9rie v\u00a0Bratislave a ktor\u00fa spolo\u010dne zorganizovali EPALE Slovensko a\u00a0EPALE \u010cesk\u00e1 republika.<\/p>\n<p style=\"text-align: justify;\">Po\u010das d\u0148a mali \u00fa\u010dastn\u00edci mo\u017enos\u0165 vypo\u010du\u0165 si vyst\u00fapenia odborn\u00edkov z viacer\u00fdch oblast\u00ed, ktor\u00ed sa venovali r\u00f4znym aspektom vzdel\u00e1vania dospel\u00fdch v\u00a0oblasti kritick\u00e9ho myslenia. Medzi predn\u00e1\u0161aj\u00facimi boli:<\/p>\n<ul>\n<li style=\"text-align: justify;\"><strong>Bohumil \u201eBob\u201c Kartous<\/strong> (Vysok\u00e1 \u0161kola ekonomie a\u00a0managementu, Praha), expert na dezinform\u00e1cie a autor kn\u00edh No Future a Future ON! o vzdel\u00e1van\u00ed a sebarozvoji v\u00a0s\u00fa\u010dasnosti. Vo svojej predn\u00e1\u0161ke sa zameral na t\u00e9mu vz\u010fa\u013eovania gener\u00e1ci\u00ed vplyvom technologick\u00e9ho pokroku a pon\u00fakol cenn\u00e9 postrehy o tom, ako m\u00f4\u017eeme v tomto dynamickom prostred\u00ed op\u00e4\u0165 dosiahnu\u0165 vz\u00e1jomn\u00e9 porozumenie namiesto snahy o\u00a0presvied\u010danie.<\/li>\n<li style=\"text-align: justify;\"><strong>Mat\u00fa\u0161 Sloboda<\/strong> (\u00dastav verejnej politiky, FSEV UK), b\u00fdval\u00fd fact-checker, ktor\u00fd sa podelil o sk\u00fasenosti s overovan\u00edm faktov vo verejnom priestore. Okrem praktick\u00fdch tipov na ochranu pred dezinform\u00e1ciami predstavil aj vzorce, ktor\u00e9 n\u00e1m pom\u00f4\u017eu identifikova\u0165 nespo\u013eahliv\u00e9 spr\u00e1vy a kriticky hodnoti\u0165 inform\u00e1cie z m\u00e9di\u00ed.<\/li>\n<\/ul>\n<p><img fetchpriority=\"high\" decoding=\"async\" class=\"wp-image-15729 aligncenter\" src=\"https:\/\/archiv.siov.sk\/wp-content\/uploads\/2024\/05\/konferencia_epale_bob_kartous-1024x683.jpg\" alt=\"\" width=\"590\" height=\"393\" srcset=\"https:\/\/archiv.siov.sk\/wp-content\/uploads\/2024\/05\/konferencia_epale_bob_kartous-1024x683.jpg 1024w, https:\/\/archiv.siov.sk\/wp-content\/uploads\/2024\/05\/konferencia_epale_bob_kartous-300x200.jpg 300w, https:\/\/archiv.siov.sk\/wp-content\/uploads\/2024\/05\/konferencia_epale_bob_kartous-768x512.jpg 768w, https:\/\/archiv.siov.sk\/wp-content\/uploads\/2024\/05\/konferencia_epale_bob_kartous-1536x1024.jpg 1536w, https:\/\/archiv.siov.sk\/wp-content\/uploads\/2024\/05\/konferencia_epale_bob_kartous-18x12.jpg 18w, https:\/\/archiv.siov.sk\/wp-content\/uploads\/2024\/05\/konferencia_epale_bob_kartous-272x182.jpg 272w, https:\/\/archiv.siov.sk\/wp-content\/uploads\/2024\/05\/konferencia_epale_bob_kartous.jpg 1593w\" sizes=\"(max-width: 590px) 100vw, 590px\" \/>\u00a0 <img decoding=\"async\" class=\"wp-image-15730 aligncenter\" src=\"https:\/\/archiv.siov.sk\/wp-content\/uploads\/2024\/05\/konferencia_epale_matus_sloboda-1024x683.jpg\" alt=\"\" width=\"590\" height=\"393\" srcset=\"https:\/\/archiv.siov.sk\/wp-content\/uploads\/2024\/05\/konferencia_epale_matus_sloboda-1024x683.jpg 1024w, https:\/\/archiv.siov.sk\/wp-content\/uploads\/2024\/05\/konferencia_epale_matus_sloboda-300x200.jpg 300w, https:\/\/archiv.siov.sk\/wp-content\/uploads\/2024\/05\/konferencia_epale_matus_sloboda-768x512.jpg 768w, https:\/\/archiv.siov.sk\/wp-content\/uploads\/2024\/05\/konferencia_epale_matus_sloboda-1536x1024.jpg 1536w, https:\/\/archiv.siov.sk\/wp-content\/uploads\/2024\/05\/konferencia_epale_matus_sloboda-18x12.jpg 18w, https:\/\/archiv.siov.sk\/wp-content\/uploads\/2024\/05\/konferencia_epale_matus_sloboda-272x182.jpg 272w, https:\/\/archiv.siov.sk\/wp-content\/uploads\/2024\/05\/konferencia_epale_matus_sloboda.jpg 1593w\" sizes=\"(max-width: 590px) 100vw, 590px\" \/><\/p>\n<p style=\"text-align: center;\">Bohumil &#8222;Bob&#8220; Kartous a Mat\u00fa\u0161 Sloboda na Konferencii EPALE<\/p>\n<p>&nbsp;<\/p>\n<ul>\n<li style=\"text-align: justify;\"><strong>Michal Kaderka <\/strong>(Gymn\u00e1zium na Zatlance, Praha), koordin\u00e1tor medi\u00e1lneho vzdel\u00e1vania, ktor\u00e9ho cie\u013eom je posil\u0148ova\u0165 informa\u010dn\u00fa gramotnos\u0165 prostredn\u00edctvom u\u010dite\u013eov. V r\u00e1mci svojho pr\u00edspevku prezentoval pr\u00edklady aktiv\u00edt zameran\u00fdch na kvalitat\u00edvnu zmenu vo vzdel\u00e1van\u00ed, tvorbu vzdel\u00e1vac\u00edch polit\u00edk a\u00a0strategick\u00fdch dokumentov.<\/li>\n<li style=\"text-align: justify;\"><strong>Pavol Lacko <\/strong>(In\u0161tit\u00fat pre dobre spravovan\u00fa spolo\u010dnos\u0165, Bratislava) v\u00a0spolupr\u00e1ci s\u00a0publikom demon\u0161troval efekt konfirma\u010dn\u00e9ho skreslenia. Cie\u013eom tejto prezent\u00e1cie bolo pouk\u00e1za\u0165 na stereotypy, ktor\u00e9 ovplyv\u0148uj\u00fa na\u0161e vn\u00edmanie a hodnotenie r\u00f4znych situ\u00e1ci\u00ed.<\/li>\n<li style=\"text-align: justify;\"><strong>Tereza Kr\u00e1\u010dmarov\u00e1 <\/strong>(Fakescape z.s.) predstavila hern\u00e9 princ\u00edpy vo vzdel\u00e1van\u00ed dospel\u00fdch, v\u010faka ktor\u00fdm sa \u00fa\u010dastn\u00edci kurzov u\u010dia kriticky myslie\u0165, vyh\u013ead\u00e1va\u0165 relevantn\u00e9 inform\u00e1cie z d\u00f4veryhodn\u00fdch zdrojov a\u00a0rozli\u0161ova\u0165 medzi faktami a\u00a0fikciou.<\/li>\n<\/ul>\n<p style=\"text-align: justify;\">Do panelovej diskusie prijali pozvanie <strong>Michaela Beran Sl\u00e1dkayov\u00e1<\/strong> (UMB,\u00a0Bansk\u00e1 Bystrica), <strong>Zuzana Panczov\u00e1<\/strong> (SAV, Bratislava), <strong>Martin Dobe\u0161<\/strong> (EPALE \u010cR), <strong>Libu\u0161a Ja\u010fu\u010fov\u00e1<\/strong>\u00a0a <strong>Viera N\u00e9methov\u00e1<\/strong> z Miestnej kni\u017enice v\u00a0Petr\u017ealke. Moder\u00e1torkou diskusie bola ambas\u00e1dorka EPALE Slovensko <strong>Ivana Studen\u00e1<\/strong> (SAV, Bratislava).<\/p>\n<p><img decoding=\"async\" class=\"wp-image-15728 aligncenter\" src=\"https:\/\/archiv.siov.sk\/wp-content\/uploads\/2024\/05\/konferencia_epale_panelova_diskusia-1024x683.jpg\" alt=\"\" width=\"590\" height=\"394\" srcset=\"https:\/\/archiv.siov.sk\/wp-content\/uploads\/2024\/05\/konferencia_epale_panelova_diskusia-1024x683.jpg 1024w, https:\/\/archiv.siov.sk\/wp-content\/uploads\/2024\/05\/konferencia_epale_panelova_diskusia-300x200.jpg 300w, https:\/\/archiv.siov.sk\/wp-content\/uploads\/2024\/05\/konferencia_epale_panelova_diskusia-768x512.jpg 768w, https:\/\/archiv.siov.sk\/wp-content\/uploads\/2024\/05\/konferencia_epale_panelova_diskusia-1536x1024.jpg 1536w, https:\/\/archiv.siov.sk\/wp-content\/uploads\/2024\/05\/konferencia_epale_panelova_diskusia-2048x1365.jpg 2048w, https:\/\/archiv.siov.sk\/wp-content\/uploads\/2024\/05\/konferencia_epale_panelova_diskusia-18x12.jpg 18w, https:\/\/archiv.siov.sk\/wp-content\/uploads\/2024\/05\/konferencia_epale_panelova_diskusia-272x182.jpg 272w\" sizes=\"(max-width: 590px) 100vw, 590px\" \/><\/p>\n<p style=\"text-align: center;\">Konferencia EPALE &#8211; Panelov\u00e1 diskusia<\/p>\n<p style=\"text-align: justify;\">Diskusia sa venovala \u0161irokej \u0161k\u00e1le kon\u0161pira\u010dn\u00fdch presved\u010den\u00ed, ktor\u00e9 sa \u0161\u00edria v online aj offline prostred\u00ed. Panelisti zd\u00f4raznili, \u017ee tieto te\u00f3rie \u010dasto apeluj\u00fa na em\u00f3cie a sna\u017eia sa manipulova\u0165 s vn\u00edman\u00edm reality. V tomto kontexte je k\u013e\u00fa\u010dov\u00e9 rozli\u0161ova\u0165 medzi inform\u00e1ciami z d\u00f4veryhodn\u00fdch a overen\u00fdch zdrojov a t\u00fdmi, ktor\u00e9 sa \u0161\u00edria na soci\u00e1lnych sie\u0165ach bez ak\u00e9hoko\u013evek faktick\u00e9ho z\u00e1kladu.<\/p>\n<p style=\"text-align: justify;\">Diskusia tie\u017e pouk\u00e1zala na to, \u017ee v dne\u0161nom informa\u010dnom prebytku je aj pre kriticky uva\u017euj\u00facich \u013eud\u00ed n\u00e1ro\u010dn\u00e9, orientova\u0165 sa v r\u00f4znorod\u00fdch inform\u00e1ci\u00e1ch a rozpozna\u0165 spo\u013eahliv\u00e9 zdroje. V tejto informa\u010dne zahltenej dobe plnej dezinform\u00e1ci\u00ed je k\u013e\u00fa\u010dov\u00e9 vzdel\u00e1vanie k akt\u00edvnemu ob\u010dianstvu a kritick\u00e9mu mysleniu. V\u010faka nim sa nau\u010d\u00edme orientova\u0165 sa v spleti inform\u00e1ci\u00ed a robi\u0165 zodpovedn\u00e9 rozhodnutia.<\/p>\n<p style=\"text-align: justify;\">Konferencia bola pr\u00ednosn\u00fdm podujat\u00edm pre v\u0161etk\u00fdch lektorov, pedag\u00f3gov, knihovn\u00edkov a \u010fal\u0161\u00edch pracovn\u00edkov nielen v oblasti vzdel\u00e1vania dospel\u00fdch, ktor\u00ed sa chc\u00fa dozvedie\u0165 viac o kritickom myslen\u00ed a\u00a0\u010falej ho rozv\u00edja\u0165 vo svojich in\u0161tit\u00faci\u00e1ch. \u010eakujeme v\u0161etk\u00fdm predn\u00e1\u0161aj\u00facim a \u00fa\u010dastn\u00edkom za to, \u017ee prispeli k \u00faspe\u0161n\u00e9mu priebehu konferencie. Te\u0161\u00edme sa na \u010fal\u0161ie stretnutia s\u00a0vami na podujatiach EPALE.<\/p>\n<p><img loading=\"lazy\" decoding=\"async\" class=\"wp-image-15731 aligncenter\" src=\"https:\/\/archiv.siov.sk\/wp-content\/uploads\/2024\/05\/konferencia_epale_cesko_slovensko-1024x683.jpg\" alt=\"\" width=\"590\" height=\"393\" srcset=\"https:\/\/archiv.siov.sk\/wp-content\/uploads\/2024\/05\/konferencia_epale_cesko_slovensko-1024x683.jpg 1024w, https:\/\/archiv.siov.sk\/wp-content\/uploads\/2024\/05\/konferencia_epale_cesko_slovensko-300x200.jpg 300w, https:\/\/archiv.siov.sk\/wp-content\/uploads\/2024\/05\/konferencia_epale_cesko_slovensko-768x512.jpg 768w, https:\/\/archiv.siov.sk\/wp-content\/uploads\/2024\/05\/konferencia_epale_cesko_slovensko-1536x1024.jpg 1536w, https:\/\/archiv.siov.sk\/wp-content\/uploads\/2024\/05\/konferencia_epale_cesko_slovensko-18x12.jpg 18w, https:\/\/archiv.siov.sk\/wp-content\/uploads\/2024\/05\/konferencia_epale_cesko_slovensko-272x182.jpg 272w, https:\/\/archiv.siov.sk\/wp-content\/uploads\/2024\/05\/konferencia_epale_cesko_slovensko.jpg 1593w\" sizes=\"(max-width: 590px) 100vw, 590px\" \/><\/p>\n<p style=\"text-align: center;\">Konferencia EPALE<\/p>\n<p style=\"text-align: justify;\"><strong>Chcete sa dozvedie\u0165 viac o\u00a0t\u00e9mach s\u00favisiacich so vzdel\u00e1van\u00edm dospel\u00fdch? Nav\u0161t\u00edvte webov\u00fa str\u00e1nku <a href=\"https:\/\/epale.ec.europa.eu\/en\">EPALE<\/a>. Sledujte n\u00e1s aj na <a href=\"https:\/\/www.facebook.com\/EPALE.SK\">Facebooku<\/a>, kde m\u00f4\u017eete zdie\u013ea\u0165<\/strong> <strong>poznatky z konferencie s kolegami, \u0161tudentmi, rodinou a priate\u013emi. Spolo\u010dne m\u00f4\u017eeme budova\u0165 informovanej\u0161iu a vzdelanej\u0161iu spolo\u010dnos\u0165.<\/strong><\/p>\n<p><strong>Pozrite si tie\u017e <a href=\"https:\/\/www.youtube.com\/watch?v=j-Q6o7RDZOA&amp;t=3s\" target=\"_blank\" rel=\"noopener\">video z konferencie<\/a>.<\/strong><\/p>","protected":false},"excerpt":{"rendered":"<p>Konferencia EPALE v\u00a0Bratislave V dobe zahltenia inform\u00e1ciami je kritick\u00e9 myslenie k\u013e\u00fa\u010dovou zru\u010dnos\u0165ou pre ka\u017ed\u00e9ho z n\u00e1s. Pr\u00e1ve tejto t\u00e9me sa venovala slovensko-\u010desk\u00e1 konferencia EPALE s n\u00e1zvom \u201eU\u010denie sa ako cesta ku kritick\u00e9mu mysleniu dospel\u00fdch\u201c, ktor\u00e1 sa konala 15. m\u00e1ja 2024 v priestoroch Slovenskej n\u00e1rodnej gal\u00e9rie v\u00a0Bratislave a ktor\u00fa spolo\u010dne zorganizovali EPALE Slovensko a\u00a0EPALE \u010cesk\u00e1 republika. [&hellip;]<\/p>\n","protected":false},"author":6,"featured_media":15727,"comment_status":"closed","ping_status":"closed","sticky":false,"template":"","format":"standard","meta":{"site-sidebar-layout":"default","site-content-layout":"","ast-site-content-layout":"default","site-content-style":"default","site-sidebar-style":"default","ast-global-header-display":"","ast-banner-title-visibility":"","ast-main-header-display":"","ast-hfb-above-header-display":"","ast-hfb-below-header-display":"","ast-hfb-mobile-header-display":"","site-post-title":"","ast-breadcrumbs-content":"","ast-featured-img":"","footer-sml-layout":"","ast-disable-related-posts":"","theme-transparent-header-meta":"default","adv-header-id-meta":"","stick-header-meta":"default","header-above-stick-meta":"","header-main-stick-meta":"","header-below-stick-meta":"","astra-migrate-meta-layouts":"set","ast-page-background-enabled":"default","ast-page-background-meta":{"desktop":{"background-color":"var(--ast-global-color-4)","background-image":"","background-repeat":"repeat","background-position":"center center","background-size":"auto","background-attachment":"scroll","background-type":"","background-media":"","overlay-type":"","overlay-color":"","overlay-opacity":"","overlay-gradient":""},"tablet":{"background-color":"","background-image":"","background-repeat":"repeat","background-position":"center center","background-size":"auto","background-attachment":"scroll","background-type":"","background-media":"","overlay-type":"","overlay-color":"","overlay-opacity":"","overlay-gradient":""},"mobile":{"background-color":"","background-image":"","background-repeat":"repeat","background-position":"center center","background-size":"auto","background-attachment":"scroll","background-type":"","background-media":"","overlay-type":"","overlay-color":"","overlay-opacity":"","overlay-gradient":""}},"ast-content-background-meta":{"desktop":{"background-color":"var(--ast-global-color-5)","background-image":"","background-repeat":"repeat","background-position":"center center","background-size":"auto","background-attachment":"scroll","background-type":"","background-media":"","overlay-type":"","overlay-color":"","overlay-opacity":"","overlay-gradient":""},"tablet":{"background-color":"var(--ast-global-color-5)","background-image":"","background-repeat":"repeat","background-position":"center center","background-size":"auto","background-attachment":"scroll","background-type":"","background-media":"","overlay-type":"","overlay-color":"","overlay-opacity":"","overlay-gradient":""},"mobile":{"background-color":"var(--ast-global-color-5)","background-image":"","background-repeat":"repeat","background-position":"center center","background-size":"auto","background-attachment":"scroll","background-type":"","background-media":"","overlay-type":"","overlay-color":"","overlay-opacity":"","overlay-gradient":""}},"footnotes":""},"categories":[1],"tags":[],"class_list":["post-15725","post","type-post","status-publish","format-standard","has-post-thumbnail","hentry","category-aktuality"],"yoast_head":"<!-- This site is optimized with the Yoast SEO plugin v27.5 - https:\/\/yoast.com\/product\/yoast-seo-wordpress\/ -->\n<title>Kritick\u00e9 myslenie a vzdel\u00e1vanie dospel\u00fdch v dobe dezinform\u00e1ci\u00ed - \u0160IOV - \u0161t\u00e1tny in\u0161tit\u00fat odborn\u00e9ho vzdel\u00e1vania<\/title>\n<meta name=\"robots\" content=\"index, follow, max-snippet:-1, max-image-preview:large, max-video-preview:-1\" \/>\n<link rel=\"canonical\" href=\"https:\/\/archiv.siov.sk\/en\/kriticke-myslenie-a-vzdelavanie-dospelych-v-dobe-dezinformacii\/\" \/>\n<meta property=\"og:locale\" content=\"en_GB\" \/>\n<meta property=\"og:type\" content=\"article\" \/>\n<meta property=\"og:title\" content=\"Kritick\u00e9 myslenie a vzdel\u00e1vanie dospel\u00fdch v dobe dezinform\u00e1ci\u00ed - \u0160IOV - \u0161t\u00e1tny in\u0161tit\u00fat odborn\u00e9ho vzdel\u00e1vania\" \/>\n<meta property=\"og:description\" content=\"Konferencia EPALE v\u00a0Bratislave V dobe zahltenia inform\u00e1ciami je kritick\u00e9 myslenie k\u013e\u00fa\u010dovou zru\u010dnos\u0165ou pre ka\u017ed\u00e9ho z n\u00e1s. Pr\u00e1ve tejto t\u00e9me sa venovala slovensko-\u010desk\u00e1 konferencia EPALE s n\u00e1zvom \u201eU\u010denie sa ako cesta ku kritick\u00e9mu mysleniu dospel\u00fdch\u201c, ktor\u00e1 sa konala 15. m\u00e1ja 2024 v priestoroch Slovenskej n\u00e1rodnej gal\u00e9rie v\u00a0Bratislave a ktor\u00fa spolo\u010dne zorganizovali EPALE Slovensko a\u00a0EPALE \u010cesk\u00e1 republika. [&hellip;]\" \/>\n<meta property=\"og:url\" content=\"https:\/\/archiv.siov.sk\/en\/kriticke-myslenie-a-vzdelavanie-dospelych-v-dobe-dezinformacii\/\" \/>\n<meta property=\"og:site_name\" content=\"\u0160IOV - \u0161t\u00e1tny in\u0161tit\u00fat odborn\u00e9ho vzdel\u00e1vania\" \/>\n<meta property=\"article:publisher\" content=\"https:\/\/www.facebook.com\/Statnyinstitutodbornehovzdelavania\" \/>\n<meta property=\"article:published_time\" content=\"2024-05-21T12:58:47+00:00\" \/>\n<meta property=\"article:modified_time\" content=\"2024-06-03T08:18:43+00:00\" \/>\n<meta property=\"og:image\" content=\"https:\/\/archiv.siov.sk\/wp-content\/uploads\/2024\/05\/konferencia_epale_otvorenie.jpg\" \/>\n\t<meta property=\"og:image:width\" content=\"2400\" \/>\n\t<meta property=\"og:image:height\" content=\"1600\" \/>\n\t<meta property=\"og:image:type\" content=\"image\/jpeg\" \/>\n<meta name=\"author\" content=\"Katar\u00edna Kov\u00e1\u010dov\u00e1\" \/>\n<meta name=\"twitter:card\" content=\"summary_large_image\" \/>\n<meta name=\"twitter:label1\" content=\"Written by\" \/>\n\t<meta name=\"twitter:data1\" content=\"Katar\u00edna Kov\u00e1\u010dov\u00e1\" \/>\n\t<meta name=\"twitter:label2\" content=\"Estimated reading time\" \/>\n\t<meta name=\"twitter:data2\" content=\"4 minutes\" \/>\n<script type=\"application\/ld+json\" class=\"yoast-schema-graph\">{\"@context\":\"https:\\\/\\\/schema.org\",\"@graph\":[{\"@type\":\"Article\",\"@id\":\"https:\\\/\\\/archiv.siov.sk\\\/kriticke-myslenie-a-vzdelavanie-dospelych-v-dobe-dezinformacii\\\/#article\",\"isPartOf\":{\"@id\":\"https:\\\/\\\/archiv.siov.sk\\\/kriticke-myslenie-a-vzdelavanie-dospelych-v-dobe-dezinformacii\\\/\"},\"author\":{\"name\":\"Katar\u00edna Kov\u00e1\u010dov\u00e1\",\"@id\":\"https:\\\/\\\/archiv.siov.sk\\\/#\\\/schema\\\/person\\\/e42d633fbd958c6a726e8834d8965e6c\"},\"headline\":\"Kritick\u00e9 myslenie a vzdel\u00e1vanie dospel\u00fdch v dobe dezinform\u00e1ci\u00ed\",\"datePublished\":\"2024-05-21T12:58:47+00:00\",\"dateModified\":\"2024-06-03T08:18:43+00:00\",\"mainEntityOfPage\":{\"@id\":\"https:\\\/\\\/archiv.siov.sk\\\/kriticke-myslenie-a-vzdelavanie-dospelych-v-dobe-dezinformacii\\\/\"},\"wordCount\":761,\"publisher\":{\"@id\":\"https:\\\/\\\/archiv.siov.sk\\\/#organization\"},\"image\":{\"@id\":\"https:\\\/\\\/archiv.siov.sk\\\/kriticke-myslenie-a-vzdelavanie-dospelych-v-dobe-dezinformacii\\\/#primaryimage\"},\"thumbnailUrl\":\"https:\\\/\\\/archiv.siov.sk\\\/wp-content\\\/uploads\\\/2024\\\/05\\\/konferencia_epale_otvorenie.jpg\",\"articleSection\":[\"Aktuality\"],\"inLanguage\":\"en-GB\"},{\"@type\":\"WebPage\",\"@id\":\"https:\\\/\\\/archiv.siov.sk\\\/kriticke-myslenie-a-vzdelavanie-dospelych-v-dobe-dezinformacii\\\/\",\"url\":\"https:\\\/\\\/archiv.siov.sk\\\/kriticke-myslenie-a-vzdelavanie-dospelych-v-dobe-dezinformacii\\\/\",\"name\":\"Kritick\u00e9 myslenie a vzdel\u00e1vanie dospel\u00fdch v dobe dezinform\u00e1ci\u00ed - \u0160IOV - \u0161t\u00e1tny in\u0161tit\u00fat odborn\u00e9ho vzdel\u00e1vania\",\"isPartOf\":{\"@id\":\"https:\\\/\\\/archiv.siov.sk\\\/#website\"},\"primaryImageOfPage\":{\"@id\":\"https:\\\/\\\/archiv.siov.sk\\\/kriticke-myslenie-a-vzdelavanie-dospelych-v-dobe-dezinformacii\\\/#primaryimage\"},\"image\":{\"@id\":\"https:\\\/\\\/archiv.siov.sk\\\/kriticke-myslenie-a-vzdelavanie-dospelych-v-dobe-dezinformacii\\\/#primaryimage\"},\"thumbnailUrl\":\"https:\\\/\\\/archiv.siov.sk\\\/wp-content\\\/uploads\\\/2024\\\/05\\\/konferencia_epale_otvorenie.jpg\",\"datePublished\":\"2024-05-21T12:58:47+00:00\",\"dateModified\":\"2024-06-03T08:18:43+00:00\",\"breadcrumb\":{\"@id\":\"https:\\\/\\\/archiv.siov.sk\\\/kriticke-myslenie-a-vzdelavanie-dospelych-v-dobe-dezinformacii\\\/#breadcrumb\"},\"inLanguage\":\"en-GB\",\"potentialAction\":[{\"@type\":\"ReadAction\",\"target\":[\"https:\\\/\\\/archiv.siov.sk\\\/kriticke-myslenie-a-vzdelavanie-dospelych-v-dobe-dezinformacii\\\/\"]}]},{\"@type\":\"ImageObject\",\"inLanguage\":\"en-GB\",\"@id\":\"https:\\\/\\\/archiv.siov.sk\\\/kriticke-myslenie-a-vzdelavanie-dospelych-v-dobe-dezinformacii\\\/#primaryimage\",\"url\":\"https:\\\/\\\/archiv.siov.sk\\\/wp-content\\\/uploads\\\/2024\\\/05\\\/konferencia_epale_otvorenie.jpg\",\"contentUrl\":\"https:\\\/\\\/archiv.siov.sk\\\/wp-content\\\/uploads\\\/2024\\\/05\\\/konferencia_epale_otvorenie.jpg\",\"width\":2400,\"height\":1600},{\"@type\":\"BreadcrumbList\",\"@id\":\"https:\\\/\\\/archiv.siov.sk\\\/kriticke-myslenie-a-vzdelavanie-dospelych-v-dobe-dezinformacii\\\/#breadcrumb\",\"itemListElement\":[{\"@type\":\"ListItem\",\"position\":1,\"name\":\"Home\",\"item\":\"https:\\\/\\\/archiv.siov.sk\\\/\"},{\"@type\":\"ListItem\",\"position\":2,\"name\":\"Kritick\u00e9 myslenie a vzdel\u00e1vanie dospel\u00fdch v dobe dezinform\u00e1ci\u00ed\"}]},{\"@type\":\"WebSite\",\"@id\":\"https:\\\/\\\/archiv.siov.sk\\\/#website\",\"url\":\"https:\\\/\\\/archiv.siov.sk\\\/\",\"name\":\"\u0160IOV - \u0161t\u00e1tny in\u0161tit\u00fat odborn\u00e9ho vzdel\u00e1vania\",\"description\":\"\",\"publisher\":{\"@id\":\"https:\\\/\\\/archiv.siov.sk\\\/#organization\"},\"potentialAction\":[{\"@type\":\"SearchAction\",\"target\":{\"@type\":\"EntryPoint\",\"urlTemplate\":\"https:\\\/\\\/archiv.siov.sk\\\/?s={search_term_string}\"},\"query-input\":{\"@type\":\"PropertyValueSpecification\",\"valueRequired\":true,\"valueName\":\"search_term_string\"}}],\"inLanguage\":\"en-GB\"},{\"@type\":\"Organization\",\"@id\":\"https:\\\/\\\/archiv.siov.sk\\\/#organization\",\"name\":\"\u0160IOV - \u0161t\u00e1tny in\u0161tit\u00fat odborn\u00e9ho vzdel\u00e1vania\",\"url\":\"https:\\\/\\\/archiv.siov.sk\\\/\",\"logo\":{\"@type\":\"ImageObject\",\"inLanguage\":\"en-GB\",\"@id\":\"https:\\\/\\\/archiv.siov.sk\\\/#\\\/schema\\\/logo\\\/image\\\/\",\"url\":\"https:\\\/\\\/archiv.siov.sk\\\/wp-content\\\/uploads\\\/2024\\\/02\\\/logo-SIOV.png\",\"contentUrl\":\"https:\\\/\\\/archiv.siov.sk\\\/wp-content\\\/uploads\\\/2024\\\/02\\\/logo-SIOV.png\",\"width\":431,\"height\":143,\"caption\":\"\u0160IOV - \u0161t\u00e1tny in\u0161tit\u00fat odborn\u00e9ho vzdel\u00e1vania\"},\"image\":{\"@id\":\"https:\\\/\\\/archiv.siov.sk\\\/#\\\/schema\\\/logo\\\/image\\\/\"},\"sameAs\":[\"https:\\\/\\\/www.facebook.com\\\/Statnyinstitutodbornehovzdelavania\"]},{\"@type\":\"Person\",\"@id\":\"https:\\\/\\\/archiv.siov.sk\\\/#\\\/schema\\\/person\\\/e42d633fbd958c6a726e8834d8965e6c\",\"name\":\"Katar\u00edna Kov\u00e1\u010dov\u00e1\",\"url\":\"https:\\\/\\\/archiv.siov.sk\\\/en\\\/author\\\/katkakovacova\\\/\"}]}<\/script>\n<!-- \/ Yoast SEO plugin. -->","yoast_head_json":{"title":"Kritick\u00e9 myslenie a vzdel\u00e1vanie dospel\u00fdch v dobe dezinform\u00e1ci\u00ed - \u0160IOV - \u0161t\u00e1tny in\u0161tit\u00fat odborn\u00e9ho vzdel\u00e1vania","robots":{"index":"index","follow":"follow","max-snippet":"max-snippet:-1","max-image-preview":"max-image-preview:large","max-video-preview":"max-video-preview:-1"},"canonical":"https:\/\/archiv.siov.sk\/en\/kriticke-myslenie-a-vzdelavanie-dospelych-v-dobe-dezinformacii\/","og_locale":"en_GB","og_type":"article","og_title":"Kritick\u00e9 myslenie a vzdel\u00e1vanie dospel\u00fdch v dobe dezinform\u00e1ci\u00ed - \u0160IOV - \u0161t\u00e1tny in\u0161tit\u00fat odborn\u00e9ho vzdel\u00e1vania","og_description":"Konferencia EPALE v\u00a0Bratislave V dobe zahltenia inform\u00e1ciami je kritick\u00e9 myslenie k\u013e\u00fa\u010dovou zru\u010dnos\u0165ou pre ka\u017ed\u00e9ho z n\u00e1s. Pr\u00e1ve tejto t\u00e9me sa venovala slovensko-\u010desk\u00e1 konferencia EPALE s n\u00e1zvom \u201eU\u010denie sa ako cesta ku kritick\u00e9mu mysleniu dospel\u00fdch\u201c, ktor\u00e1 sa konala 15. m\u00e1ja 2024 v priestoroch Slovenskej n\u00e1rodnej gal\u00e9rie v\u00a0Bratislave a ktor\u00fa spolo\u010dne zorganizovali EPALE Slovensko a\u00a0EPALE \u010cesk\u00e1 republika. [&hellip;]","og_url":"https:\/\/archiv.siov.sk\/en\/kriticke-myslenie-a-vzdelavanie-dospelych-v-dobe-dezinformacii\/","og_site_name":"\u0160IOV - \u0161t\u00e1tny in\u0161tit\u00fat odborn\u00e9ho vzdel\u00e1vania","article_publisher":"https:\/\/www.facebook.com\/Statnyinstitutodbornehovzdelavania","article_published_time":"2024-05-21T12:58:47+00:00","article_modified_time":"2024-06-03T08:18:43+00:00","og_image":[{"width":2400,"height":1600,"url":"https:\/\/archiv.siov.sk\/wp-content\/uploads\/2024\/05\/konferencia_epale_otvorenie.jpg","type":"image\/jpeg"}],"author":"Katar\u00edna Kov\u00e1\u010dov\u00e1","twitter_card":"summary_large_image","twitter_misc":{"Written by":"Katar\u00edna Kov\u00e1\u010dov\u00e1","Estimated reading time":"4 minutes"},"schema":{"@context":"https:\/\/schema.org","@graph":[{"@type":"Article","@id":"https:\/\/archiv.siov.sk\/kriticke-myslenie-a-vzdelavanie-dospelych-v-dobe-dezinformacii\/#article","isPartOf":{"@id":"https:\/\/archiv.siov.sk\/kriticke-myslenie-a-vzdelavanie-dospelych-v-dobe-dezinformacii\/"},"author":{"name":"Katar\u00edna Kov\u00e1\u010dov\u00e1","@id":"https:\/\/archiv.siov.sk\/#\/schema\/person\/e42d633fbd958c6a726e8834d8965e6c"},"headline":"Kritick\u00e9 myslenie a vzdel\u00e1vanie dospel\u00fdch v dobe dezinform\u00e1ci\u00ed","datePublished":"2024-05-21T12:58:47+00:00","dateModified":"2024-06-03T08:18:43+00:00","mainEntityOfPage":{"@id":"https:\/\/archiv.siov.sk\/kriticke-myslenie-a-vzdelavanie-dospelych-v-dobe-dezinformacii\/"},"wordCount":761,"publisher":{"@id":"https:\/\/archiv.siov.sk\/#organization"},"image":{"@id":"https:\/\/archiv.siov.sk\/kriticke-myslenie-a-vzdelavanie-dospelych-v-dobe-dezinformacii\/#primaryimage"},"thumbnailUrl":"https:\/\/archiv.siov.sk\/wp-content\/uploads\/2024\/05\/konferencia_epale_otvorenie.jpg","articleSection":["Aktuality"],"inLanguage":"en-GB"},{"@type":"WebPage","@id":"https:\/\/archiv.siov.sk\/kriticke-myslenie-a-vzdelavanie-dospelych-v-dobe-dezinformacii\/","url":"https:\/\/archiv.siov.sk\/kriticke-myslenie-a-vzdelavanie-dospelych-v-dobe-dezinformacii\/","name":"Kritick\u00e9 myslenie a vzdel\u00e1vanie dospel\u00fdch v dobe dezinform\u00e1ci\u00ed - \u0160IOV - \u0161t\u00e1tny in\u0161tit\u00fat odborn\u00e9ho vzdel\u00e1vania","isPartOf":{"@id":"https:\/\/archiv.siov.sk\/#website"},"primaryImageOfPage":{"@id":"https:\/\/archiv.siov.sk\/kriticke-myslenie-a-vzdelavanie-dospelych-v-dobe-dezinformacii\/#primaryimage"},"image":{"@id":"https:\/\/archiv.siov.sk\/kriticke-myslenie-a-vzdelavanie-dospelych-v-dobe-dezinformacii\/#primaryimage"},"thumbnailUrl":"https:\/\/archiv.siov.sk\/wp-content\/uploads\/2024\/05\/konferencia_epale_otvorenie.jpg","datePublished":"2024-05-21T12:58:47+00:00","dateModified":"2024-06-03T08:18:43+00:00","breadcrumb":{"@id":"https:\/\/archiv.siov.sk\/kriticke-myslenie-a-vzdelavanie-dospelych-v-dobe-dezinformacii\/#breadcrumb"},"inLanguage":"en-GB","potentialAction":[{"@type":"ReadAction","target":["https:\/\/archiv.siov.sk\/kriticke-myslenie-a-vzdelavanie-dospelych-v-dobe-dezinformacii\/"]}]},{"@type":"ImageObject","inLanguage":"en-GB","@id":"https:\/\/archiv.siov.sk\/kriticke-myslenie-a-vzdelavanie-dospelych-v-dobe-dezinformacii\/#primaryimage","url":"https:\/\/archiv.siov.sk\/wp-content\/uploads\/2024\/05\/konferencia_epale_otvorenie.jpg","contentUrl":"https:\/\/archiv.siov.sk\/wp-content\/uploads\/2024\/05\/konferencia_epale_otvorenie.jpg","width":2400,"height":1600},{"@type":"BreadcrumbList","@id":"https:\/\/archiv.siov.sk\/kriticke-myslenie-a-vzdelavanie-dospelych-v-dobe-dezinformacii\/#breadcrumb","itemListElement":[{"@type":"ListItem","position":1,"name":"Home","item":"https:\/\/archiv.siov.sk\/"},{"@type":"ListItem","position":2,"name":"Kritick\u00e9 myslenie a vzdel\u00e1vanie dospel\u00fdch v dobe dezinform\u00e1ci\u00ed"}]},{"@type":"WebSite","@id":"https:\/\/archiv.siov.sk\/#website","url":"https:\/\/archiv.siov.sk\/","name":"\u0160IOV - \u0161t\u00e1tny in\u0161tit\u00fat odborn\u00e9ho vzdel\u00e1vania","description":"","publisher":{"@id":"https:\/\/archiv.siov.sk\/#organization"},"potentialAction":[{"@type":"SearchAction","target":{"@type":"EntryPoint","urlTemplate":"https:\/\/archiv.siov.sk\/?s={search_term_string}"},"query-input":{"@type":"PropertyValueSpecification","valueRequired":true,"valueName":"search_term_string"}}],"inLanguage":"en-GB"},{"@type":"Organization","@id":"https:\/\/archiv.siov.sk\/#organization","name":"\u0160IOV - \u0161t\u00e1tny in\u0161tit\u00fat odborn\u00e9ho vzdel\u00e1vania","url":"https:\/\/archiv.siov.sk\/","logo":{"@type":"ImageObject","inLanguage":"en-GB","@id":"https:\/\/archiv.siov.sk\/#\/schema\/logo\/image\/","url":"https:\/\/archiv.siov.sk\/wp-content\/uploads\/2024\/02\/logo-SIOV.png","contentUrl":"https:\/\/archiv.siov.sk\/wp-content\/uploads\/2024\/02\/logo-SIOV.png","width":431,"height":143,"caption":"\u0160IOV - \u0161t\u00e1tny in\u0161tit\u00fat odborn\u00e9ho vzdel\u00e1vania"},"image":{"@id":"https:\/\/archiv.siov.sk\/#\/schema\/logo\/image\/"},"sameAs":["https:\/\/www.facebook.com\/Statnyinstitutodbornehovzdelavania"]},{"@type":"Person","@id":"https:\/\/archiv.siov.sk\/#\/schema\/person\/e42d633fbd958c6a726e8834d8965e6c","name":"Katar\u00edna Kov\u00e1\u010dov\u00e1","url":"https:\/\/archiv.siov.sk\/en\/author\/katkakovacova\/"}]}},"_links":{"self":[{"href":"https:\/\/archiv.siov.sk\/en\/wp-json\/wp\/v2\/posts\/15725","targetHints":{"allow":["GET"]}}],"collection":[{"href":"https:\/\/archiv.siov.sk\/en\/wp-json\/wp\/v2\/posts"}],"about":[{"href":"https:\/\/archiv.siov.sk\/en\/wp-json\/wp\/v2\/types\/post"}],"author":[{"embeddable":true,"href":"https:\/\/archiv.siov.sk\/en\/wp-json\/wp\/v2\/users\/6"}],"replies":[{"embeddable":true,"href":"https:\/\/archiv.siov.sk\/en\/wp-json\/wp\/v2\/comments?post=15725"}],"version-history":[{"count":7,"href":"https:\/\/archiv.siov.sk\/en\/wp-json\/wp\/v2\/posts\/15725\/revisions"}],"predecessor-version":[{"id":15808,"href":"https:\/\/archiv.siov.sk\/en\/wp-json\/wp\/v2\/posts\/15725\/revisions\/15808"}],"wp:featuredmedia":[{"embeddable":true,"href":"https:\/\/archiv.siov.sk\/en\/wp-json\/wp\/v2\/media\/15727"}],"wp:attachment":[{"href":"https:\/\/archiv.siov.sk\/en\/wp-json\/wp\/v2\/media?parent=15725"}],"wp:term":[{"taxonomy":"category","embeddable":true,"href":"https:\/\/archiv.siov.sk\/en\/wp-json\/wp\/v2\/categories?post=15725"},{"taxonomy":"post_tag","embeddable":true,"href":"https:\/\/archiv.siov.sk\/en\/wp-json\/wp\/v2\/tags?post=15725"}],"curies":[{"name":"wp","href":"https:\/\/api.w.org\/{rel}","templated":true}]}}