{"id":15719,"date":"2024-05-20T13:23:19","date_gmt":"2024-05-20T11:23:19","guid":{"rendered":"https:\/\/archiv.siov.sk\/?p=15719"},"modified":"2024-05-21T13:08:16","modified_gmt":"2024-05-21T11:08:16","slug":"veltrh-podnikatelskych-zrucnosti-na-obchodnej-akademii-nevadzova","status":"publish","type":"post","link":"https:\/\/archiv.siov.sk\/en\/veltrh-podnikatelskych-zrucnosti-na-obchodnej-akademii-nevadzova\/","title":{"rendered":"Ve\u013etrh podnikate\u013esk\u00fdch zru\u010dnost\u00ed na Obchodnej akad\u00e9mii Nev\u00e4dzov\u00e1"},"content":{"rendered":"<p style=\"text-align: justify;\">Obchodn\u00e1 akad\u00e9mia Nev\u00e4dzov\u00e1 3 pripravila u\u017e jeden\u00e1sty ve\u013etrh podnikate\u013esk\u00fdch zru\u010dnost\u00ed, na ktorom sa predstavilo dvadsa\u0165\u0161tyri cvi\u010dn\u00fdch firiem. Organiz\u00e1tormi podujatia boli Obchodn\u00e1 akad\u00e9mia Nev\u00e4dzov\u00e1, Cvi\u010dn\u00e1 firma MANOS a \u0161tudentsk\u00e1 firma Alares.<\/p>\n<p style=\"text-align: justify;\">Je ve\u013emi d\u00f4le\u017eit\u00e9 vysvetli\u0165, \u017ee t\u00edmy cvi\u010dn\u00fdch firiem, ktor\u00e9 sa predstavili na tomto malom ve\u013etrhu, tvorili \u017eiaci troch druh\u00e1ckych tried, ktor\u00ed t\u00fdm zav\u0155\u0161ili a\u00a0uk\u00e1zali to, \u010do sa nau\u010dili na predmete \u201ePodnikate\u013esk\u00e9 zru\u010dnosti\u201c.<\/p>\n<p style=\"text-align: justify;\">R\u00e1no si v\u0161etky cvi\u010dn\u00e9 firmy pripravili a upravili st\u00e1nok. O deviatej hodine sme spolo\u010dne, teda pani riadite\u013eka Obchodnej akad\u00e9mie a my zo \u0160t\u00e1tneho in\u0161tit\u00fatu odborn\u00e9ho vzdel\u00e1vania, sl\u00e1vnostne otvorili ve\u013etrh a za\u010dalo obchodovanie a s\u00fa\u0165a\u017eenie. Cvi\u010dn\u00e9 firmy s\u00fa\u0165a\u017eili a\u017e v \u0161trn\u00e1stich kateg\u00f3ri\u00e1ch. Vyhodnotenie ve\u013etrhu a ocenenie s\u00fa\u0165a\u017eiacich trvalo minim\u00e1lne hodinu i ke\u010f sa v ka\u017edej kateg\u00f3rii vyhl\u00e1silo a ocenilo len prv\u00e9 miesto s\u00fa\u0165a\u017ee. Ka\u017ed\u00fd v ocenenej firme dostal medailu a vecn\u00e9 dary.<\/p>\n<p style=\"text-align: justify;\">V\u00fdsledkov\u00fa listinu n\u00e1jdete na <a href=\"https:\/\/www.facebook.com\/nevadzka\">https:\/\/www.facebook.com\/nevadzka<\/a> a v kr\u00e1tkom \u010dase na web s\u00eddle Obchodn\u00e1 akad\u00e9mia Nev\u00e4dzov\u00e1.<\/p>\n<p style=\"text-align: justify;\">\u017diaci, ktor\u00ed sa prezentovali na ve\u013etrhu cvi\u010dn\u00fdch firiem, n\u00e1m potvrdili, \u017ee ke\u010f si zvolia predmet podnikania, ktor\u00fd ich zauj\u00edma, vedia by\u0165 akt\u00edvni, anga\u017eovan\u00ed a\u00a0zanieten\u00ed.<\/p>\n<p style=\"text-align: justify;\">Obchodn\u00e1 akad\u00e9mia je stredn\u00e1 \u0161kola s\u00eddliaca na Nev\u00e4dzovej ulici \u010d\u00edslo 3 na s\u00eddlisku Tr\u00e1vniky, v mestskej \u010dasti Ru\u017einov v Bratislave. Ide o jednu z najakt\u00edvnej\u0161\u00edch stredn\u00fdch odborn\u00fdch \u0161k\u00f4l ekonomick\u00e9ho zamerania na Slovensku s unik\u00e1tnym \u0161kolsk\u00fdm vzdel\u00e1vac\u00edm programom podnikate\u013esk\u00e9 zru\u010dnosti.<\/p>\n<p>&nbsp;<\/p>","protected":false},"excerpt":{"rendered":"<p>Obchodn\u00e1 akad\u00e9mia Nev\u00e4dzov\u00e1 3 pripravila u\u017e jeden\u00e1sty ve\u013etrh podnikate\u013esk\u00fdch zru\u010dnost\u00ed, na ktorom sa predstavilo dvadsa\u0165\u0161tyri cvi\u010dn\u00fdch firiem. Organiz\u00e1tormi podujatia boli Obchodn\u00e1 akad\u00e9mia Nev\u00e4dzov\u00e1, Cvi\u010dn\u00e1 firma MANOS a \u0161tudentsk\u00e1 firma Alares. Je ve\u013emi d\u00f4le\u017eit\u00e9 vysvetli\u0165, \u017ee t\u00edmy cvi\u010dn\u00fdch firiem, ktor\u00e9 sa predstavili na tomto malom ve\u013etrhu, tvorili \u017eiaci troch druh\u00e1ckych tried, ktor\u00ed t\u00fdm zav\u0155\u0161ili a\u00a0uk\u00e1zali to, [&hellip;]<\/p>\n","protected":false},"author":6,"featured_media":15724,"comment_status":"closed","ping_status":"closed","sticky":false,"template":"","format":"standard","meta":{"site-sidebar-layout":"default","site-content-layout":"","ast-site-content-layout":"default","site-content-style":"default","site-sidebar-style":"default","ast-global-header-display":"","ast-banner-title-visibility":"","ast-main-header-display":"","ast-hfb-above-header-display":"","ast-hfb-below-header-display":"","ast-hfb-mobile-header-display":"","site-post-title":"","ast-breadcrumbs-content":"","ast-featured-img":"","footer-sml-layout":"","ast-disable-related-posts":"","theme-transparent-header-meta":"default","adv-header-id-meta":"","stick-header-meta":"default","header-above-stick-meta":"","header-main-stick-meta":"","header-below-stick-meta":"","astra-migrate-meta-layouts":"set","ast-page-background-enabled":"default","ast-page-background-meta":{"desktop":{"background-color":"var(--ast-global-color-4)","background-image":"","background-repeat":"repeat","background-position":"center center","background-size":"auto","background-attachment":"scroll","background-type":"","background-media":"","overlay-type":"","overlay-color":"","overlay-opacity":"","overlay-gradient":""},"tablet":{"background-color":"","background-image":"","background-repeat":"repeat","background-position":"center center","background-size":"auto","background-attachment":"scroll","background-type":"","background-media":"","overlay-type":"","overlay-color":"","overlay-opacity":"","overlay-gradient":""},"mobile":{"background-color":"","background-image":"","background-repeat":"repeat","background-position":"center center","background-size":"auto","background-attachment":"scroll","background-type":"","background-media":"","overlay-type":"","overlay-color":"","overlay-opacity":"","overlay-gradient":""}},"ast-content-background-meta":{"desktop":{"background-color":"var(--ast-global-color-5)","background-image":"","background-repeat":"repeat","background-position":"center center","background-size":"auto","background-attachment":"scroll","background-type":"","background-media":"","overlay-type":"","overlay-color":"","overlay-opacity":"","overlay-gradient":""},"tablet":{"background-color":"var(--ast-global-color-5)","background-image":"","background-repeat":"repeat","background-position":"center center","background-size":"auto","background-attachment":"scroll","background-type":"","background-media":"","overlay-type":"","overlay-color":"","overlay-opacity":"","overlay-gradient":""},"mobile":{"background-color":"var(--ast-global-color-5)","background-image":"","background-repeat":"repeat","background-position":"center center","background-size":"auto","background-attachment":"scroll","background-type":"","background-media":"","overlay-type":"","overlay-color":"","overlay-opacity":"","overlay-gradient":""}},"footnotes":""},"categories":[1],"tags":[],"class_list":["post-15719","post","type-post","status-publish","format-standard","has-post-thumbnail","hentry","category-aktuality"],"yoast_head":"<!-- This site is optimized with the Yoast SEO plugin v27.5 - https:\/\/yoast.com\/product\/yoast-seo-wordpress\/ -->\n<title>Ve\u013etrh podnikate\u013esk\u00fdch zru\u010dnost\u00ed na Obchodnej akad\u00e9mii Nev\u00e4dzov\u00e1 - \u0160IOV - \u0161t\u00e1tny in\u0161tit\u00fat odborn\u00e9ho vzdel\u00e1vania<\/title>\n<meta name=\"robots\" content=\"index, follow, max-snippet:-1, max-image-preview:large, max-video-preview:-1\" \/>\n<link rel=\"canonical\" href=\"https:\/\/archiv.siov.sk\/en\/veltrh-podnikatelskych-zrucnosti-na-obchodnej-akademii-nevadzova\/\" \/>\n<meta property=\"og:locale\" content=\"en_GB\" \/>\n<meta property=\"og:type\" content=\"article\" \/>\n<meta property=\"og:title\" content=\"Ve\u013etrh podnikate\u013esk\u00fdch zru\u010dnost\u00ed na Obchodnej akad\u00e9mii Nev\u00e4dzov\u00e1 - \u0160IOV - \u0161t\u00e1tny in\u0161tit\u00fat odborn\u00e9ho vzdel\u00e1vania\" \/>\n<meta property=\"og:description\" content=\"Obchodn\u00e1 akad\u00e9mia Nev\u00e4dzov\u00e1 3 pripravila u\u017e jeden\u00e1sty ve\u013etrh podnikate\u013esk\u00fdch zru\u010dnost\u00ed, na ktorom sa predstavilo dvadsa\u0165\u0161tyri cvi\u010dn\u00fdch firiem. Organiz\u00e1tormi podujatia boli Obchodn\u00e1 akad\u00e9mia Nev\u00e4dzov\u00e1, Cvi\u010dn\u00e1 firma MANOS a \u0161tudentsk\u00e1 firma Alares. Je ve\u013emi d\u00f4le\u017eit\u00e9 vysvetli\u0165, \u017ee t\u00edmy cvi\u010dn\u00fdch firiem, ktor\u00e9 sa predstavili na tomto malom ve\u013etrhu, tvorili \u017eiaci troch druh\u00e1ckych tried, ktor\u00ed t\u00fdm zav\u0155\u0161ili a\u00a0uk\u00e1zali to, [&hellip;]\" \/>\n<meta property=\"og:url\" content=\"https:\/\/archiv.siov.sk\/en\/veltrh-podnikatelskych-zrucnosti-na-obchodnej-akademii-nevadzova\/\" \/>\n<meta property=\"og:site_name\" content=\"\u0160IOV - \u0161t\u00e1tny in\u0161tit\u00fat odborn\u00e9ho vzdel\u00e1vania\" \/>\n<meta property=\"article:publisher\" content=\"https:\/\/www.facebook.com\/Statnyinstitutodbornehovzdelavania\" \/>\n<meta property=\"article:published_time\" content=\"2024-05-20T11:23:19+00:00\" \/>\n<meta property=\"article:modified_time\" content=\"2024-05-21T11:08:16+00:00\" \/>\n<meta property=\"og:image\" content=\"https:\/\/archiv.siov.sk\/wp-content\/uploads\/2024\/05\/OA_Nevadzova_DPZ_2024_pp.jpg\" \/>\n\t<meta property=\"og:image:width\" content=\"1509\" \/>\n\t<meta property=\"og:image:height\" content=\"940\" \/>\n\t<meta property=\"og:image:type\" content=\"image\/jpeg\" \/>\n<meta name=\"author\" content=\"Katar\u00edna Kov\u00e1\u010dov\u00e1\" \/>\n<meta name=\"twitter:card\" content=\"summary_large_image\" \/>\n<meta name=\"twitter:label1\" content=\"Written by\" \/>\n\t<meta name=\"twitter:data1\" content=\"Katar\u00edna Kov\u00e1\u010dov\u00e1\" \/>\n\t<meta name=\"twitter:label2\" content=\"Estimated reading time\" \/>\n\t<meta name=\"twitter:data2\" content=\"2 minutes\" \/>\n<script type=\"application\/ld+json\" class=\"yoast-schema-graph\">{\"@context\":\"https:\\\/\\\/schema.org\",\"@graph\":[{\"@type\":\"Article\",\"@id\":\"https:\\\/\\\/archiv.siov.sk\\\/veltrh-podnikatelskych-zrucnosti-na-obchodnej-akademii-nevadzova\\\/#article\",\"isPartOf\":{\"@id\":\"https:\\\/\\\/archiv.siov.sk\\\/veltrh-podnikatelskych-zrucnosti-na-obchodnej-akademii-nevadzova\\\/\"},\"author\":{\"name\":\"Katar\u00edna Kov\u00e1\u010dov\u00e1\",\"@id\":\"https:\\\/\\\/archiv.siov.sk\\\/#\\\/schema\\\/person\\\/e42d633fbd958c6a726e8834d8965e6c\"},\"headline\":\"Ve\u013etrh podnikate\u013esk\u00fdch zru\u010dnost\u00ed na Obchodnej akad\u00e9mii Nev\u00e4dzov\u00e1\",\"datePublished\":\"2024-05-20T11:23:19+00:00\",\"dateModified\":\"2024-05-21T11:08:16+00:00\",\"mainEntityOfPage\":{\"@id\":\"https:\\\/\\\/archiv.siov.sk\\\/veltrh-podnikatelskych-zrucnosti-na-obchodnej-akademii-nevadzova\\\/\"},\"wordCount\":321,\"publisher\":{\"@id\":\"https:\\\/\\\/archiv.siov.sk\\\/#organization\"},\"image\":{\"@id\":\"https:\\\/\\\/archiv.siov.sk\\\/veltrh-podnikatelskych-zrucnosti-na-obchodnej-akademii-nevadzova\\\/#primaryimage\"},\"thumbnailUrl\":\"https:\\\/\\\/archiv.siov.sk\\\/wp-content\\\/uploads\\\/2024\\\/05\\\/OA_Nevadzova_DPZ_2024_pp.jpg\",\"articleSection\":[\"Aktuality\"],\"inLanguage\":\"en-GB\"},{\"@type\":\"WebPage\",\"@id\":\"https:\\\/\\\/archiv.siov.sk\\\/veltrh-podnikatelskych-zrucnosti-na-obchodnej-akademii-nevadzova\\\/\",\"url\":\"https:\\\/\\\/archiv.siov.sk\\\/veltrh-podnikatelskych-zrucnosti-na-obchodnej-akademii-nevadzova\\\/\",\"name\":\"Ve\u013etrh podnikate\u013esk\u00fdch zru\u010dnost\u00ed na Obchodnej akad\u00e9mii Nev\u00e4dzov\u00e1 - \u0160IOV - \u0161t\u00e1tny in\u0161tit\u00fat odborn\u00e9ho vzdel\u00e1vania\",\"isPartOf\":{\"@id\":\"https:\\\/\\\/archiv.siov.sk\\\/#website\"},\"primaryImageOfPage\":{\"@id\":\"https:\\\/\\\/archiv.siov.sk\\\/veltrh-podnikatelskych-zrucnosti-na-obchodnej-akademii-nevadzova\\\/#primaryimage\"},\"image\":{\"@id\":\"https:\\\/\\\/archiv.siov.sk\\\/veltrh-podnikatelskych-zrucnosti-na-obchodnej-akademii-nevadzova\\\/#primaryimage\"},\"thumbnailUrl\":\"https:\\\/\\\/archiv.siov.sk\\\/wp-content\\\/uploads\\\/2024\\\/05\\\/OA_Nevadzova_DPZ_2024_pp.jpg\",\"datePublished\":\"2024-05-20T11:23:19+00:00\",\"dateModified\":\"2024-05-21T11:08:16+00:00\",\"breadcrumb\":{\"@id\":\"https:\\\/\\\/archiv.siov.sk\\\/veltrh-podnikatelskych-zrucnosti-na-obchodnej-akademii-nevadzova\\\/#breadcrumb\"},\"inLanguage\":\"en-GB\",\"potentialAction\":[{\"@type\":\"ReadAction\",\"target\":[\"https:\\\/\\\/archiv.siov.sk\\\/veltrh-podnikatelskych-zrucnosti-na-obchodnej-akademii-nevadzova\\\/\"]}]},{\"@type\":\"ImageObject\",\"inLanguage\":\"en-GB\",\"@id\":\"https:\\\/\\\/archiv.siov.sk\\\/veltrh-podnikatelskych-zrucnosti-na-obchodnej-akademii-nevadzova\\\/#primaryimage\",\"url\":\"https:\\\/\\\/archiv.siov.sk\\\/wp-content\\\/uploads\\\/2024\\\/05\\\/OA_Nevadzova_DPZ_2024_pp.jpg\",\"contentUrl\":\"https:\\\/\\\/archiv.siov.sk\\\/wp-content\\\/uploads\\\/2024\\\/05\\\/OA_Nevadzova_DPZ_2024_pp.jpg\",\"width\":1509,\"height\":940},{\"@type\":\"BreadcrumbList\",\"@id\":\"https:\\\/\\\/archiv.siov.sk\\\/veltrh-podnikatelskych-zrucnosti-na-obchodnej-akademii-nevadzova\\\/#breadcrumb\",\"itemListElement\":[{\"@type\":\"ListItem\",\"position\":1,\"name\":\"Home\",\"item\":\"https:\\\/\\\/archiv.siov.sk\\\/\"},{\"@type\":\"ListItem\",\"position\":2,\"name\":\"Ve\u013etrh podnikate\u013esk\u00fdch zru\u010dnost\u00ed na Obchodnej akad\u00e9mii Nev\u00e4dzov\u00e1\"}]},{\"@type\":\"WebSite\",\"@id\":\"https:\\\/\\\/archiv.siov.sk\\\/#website\",\"url\":\"https:\\\/\\\/archiv.siov.sk\\\/\",\"name\":\"\u0160IOV - \u0161t\u00e1tny in\u0161tit\u00fat odborn\u00e9ho vzdel\u00e1vania\",\"description\":\"\",\"publisher\":{\"@id\":\"https:\\\/\\\/archiv.siov.sk\\\/#organization\"},\"potentialAction\":[{\"@type\":\"SearchAction\",\"target\":{\"@type\":\"EntryPoint\",\"urlTemplate\":\"https:\\\/\\\/archiv.siov.sk\\\/?s={search_term_string}\"},\"query-input\":{\"@type\":\"PropertyValueSpecification\",\"valueRequired\":true,\"valueName\":\"search_term_string\"}}],\"inLanguage\":\"en-GB\"},{\"@type\":\"Organization\",\"@id\":\"https:\\\/\\\/archiv.siov.sk\\\/#organization\",\"name\":\"\u0160IOV - \u0161t\u00e1tny in\u0161tit\u00fat odborn\u00e9ho vzdel\u00e1vania\",\"url\":\"https:\\\/\\\/archiv.siov.sk\\\/\",\"logo\":{\"@type\":\"ImageObject\",\"inLanguage\":\"en-GB\",\"@id\":\"https:\\\/\\\/archiv.siov.sk\\\/#\\\/schema\\\/logo\\\/image\\\/\",\"url\":\"https:\\\/\\\/archiv.siov.sk\\\/wp-content\\\/uploads\\\/2024\\\/02\\\/logo-SIOV.png\",\"contentUrl\":\"https:\\\/\\\/archiv.siov.sk\\\/wp-content\\\/uploads\\\/2024\\\/02\\\/logo-SIOV.png\",\"width\":431,\"height\":143,\"caption\":\"\u0160IOV - \u0161t\u00e1tny in\u0161tit\u00fat odborn\u00e9ho vzdel\u00e1vania\"},\"image\":{\"@id\":\"https:\\\/\\\/archiv.siov.sk\\\/#\\\/schema\\\/logo\\\/image\\\/\"},\"sameAs\":[\"https:\\\/\\\/www.facebook.com\\\/Statnyinstitutodbornehovzdelavania\"]},{\"@type\":\"Person\",\"@id\":\"https:\\\/\\\/archiv.siov.sk\\\/#\\\/schema\\\/person\\\/e42d633fbd958c6a726e8834d8965e6c\",\"name\":\"Katar\u00edna Kov\u00e1\u010dov\u00e1\",\"url\":\"https:\\\/\\\/archiv.siov.sk\\\/en\\\/author\\\/katkakovacova\\\/\"}]}<\/script>\n<!-- \/ Yoast SEO plugin. -->","yoast_head_json":{"title":"Ve\u013etrh podnikate\u013esk\u00fdch zru\u010dnost\u00ed na Obchodnej akad\u00e9mii Nev\u00e4dzov\u00e1 - \u0160IOV - \u0161t\u00e1tny in\u0161tit\u00fat odborn\u00e9ho vzdel\u00e1vania","robots":{"index":"index","follow":"follow","max-snippet":"max-snippet:-1","max-image-preview":"max-image-preview:large","max-video-preview":"max-video-preview:-1"},"canonical":"https:\/\/archiv.siov.sk\/en\/veltrh-podnikatelskych-zrucnosti-na-obchodnej-akademii-nevadzova\/","og_locale":"en_GB","og_type":"article","og_title":"Ve\u013etrh podnikate\u013esk\u00fdch zru\u010dnost\u00ed na Obchodnej akad\u00e9mii Nev\u00e4dzov\u00e1 - \u0160IOV - \u0161t\u00e1tny in\u0161tit\u00fat odborn\u00e9ho vzdel\u00e1vania","og_description":"Obchodn\u00e1 akad\u00e9mia Nev\u00e4dzov\u00e1 3 pripravila u\u017e jeden\u00e1sty ve\u013etrh podnikate\u013esk\u00fdch zru\u010dnost\u00ed, na ktorom sa predstavilo dvadsa\u0165\u0161tyri cvi\u010dn\u00fdch firiem. Organiz\u00e1tormi podujatia boli Obchodn\u00e1 akad\u00e9mia Nev\u00e4dzov\u00e1, Cvi\u010dn\u00e1 firma MANOS a \u0161tudentsk\u00e1 firma Alares. Je ve\u013emi d\u00f4le\u017eit\u00e9 vysvetli\u0165, \u017ee t\u00edmy cvi\u010dn\u00fdch firiem, ktor\u00e9 sa predstavili na tomto malom ve\u013etrhu, tvorili \u017eiaci troch druh\u00e1ckych tried, ktor\u00ed t\u00fdm zav\u0155\u0161ili a\u00a0uk\u00e1zali to, [&hellip;]","og_url":"https:\/\/archiv.siov.sk\/en\/veltrh-podnikatelskych-zrucnosti-na-obchodnej-akademii-nevadzova\/","og_site_name":"\u0160IOV - \u0161t\u00e1tny in\u0161tit\u00fat odborn\u00e9ho vzdel\u00e1vania","article_publisher":"https:\/\/www.facebook.com\/Statnyinstitutodbornehovzdelavania","article_published_time":"2024-05-20T11:23:19+00:00","article_modified_time":"2024-05-21T11:08:16+00:00","og_image":[{"width":1509,"height":940,"url":"https:\/\/archiv.siov.sk\/wp-content\/uploads\/2024\/05\/OA_Nevadzova_DPZ_2024_pp.jpg","type":"image\/jpeg"}],"author":"Katar\u00edna Kov\u00e1\u010dov\u00e1","twitter_card":"summary_large_image","twitter_misc":{"Written by":"Katar\u00edna Kov\u00e1\u010dov\u00e1","Estimated reading time":"2 minutes"},"schema":{"@context":"https:\/\/schema.org","@graph":[{"@type":"Article","@id":"https:\/\/archiv.siov.sk\/veltrh-podnikatelskych-zrucnosti-na-obchodnej-akademii-nevadzova\/#article","isPartOf":{"@id":"https:\/\/archiv.siov.sk\/veltrh-podnikatelskych-zrucnosti-na-obchodnej-akademii-nevadzova\/"},"author":{"name":"Katar\u00edna Kov\u00e1\u010dov\u00e1","@id":"https:\/\/archiv.siov.sk\/#\/schema\/person\/e42d633fbd958c6a726e8834d8965e6c"},"headline":"Ve\u013etrh podnikate\u013esk\u00fdch zru\u010dnost\u00ed na Obchodnej akad\u00e9mii Nev\u00e4dzov\u00e1","datePublished":"2024-05-20T11:23:19+00:00","dateModified":"2024-05-21T11:08:16+00:00","mainEntityOfPage":{"@id":"https:\/\/archiv.siov.sk\/veltrh-podnikatelskych-zrucnosti-na-obchodnej-akademii-nevadzova\/"},"wordCount":321,"publisher":{"@id":"https:\/\/archiv.siov.sk\/#organization"},"image":{"@id":"https:\/\/archiv.siov.sk\/veltrh-podnikatelskych-zrucnosti-na-obchodnej-akademii-nevadzova\/#primaryimage"},"thumbnailUrl":"https:\/\/archiv.siov.sk\/wp-content\/uploads\/2024\/05\/OA_Nevadzova_DPZ_2024_pp.jpg","articleSection":["Aktuality"],"inLanguage":"en-GB"},{"@type":"WebPage","@id":"https:\/\/archiv.siov.sk\/veltrh-podnikatelskych-zrucnosti-na-obchodnej-akademii-nevadzova\/","url":"https:\/\/archiv.siov.sk\/veltrh-podnikatelskych-zrucnosti-na-obchodnej-akademii-nevadzova\/","name":"Ve\u013etrh podnikate\u013esk\u00fdch zru\u010dnost\u00ed na Obchodnej akad\u00e9mii Nev\u00e4dzov\u00e1 - \u0160IOV - \u0161t\u00e1tny in\u0161tit\u00fat odborn\u00e9ho vzdel\u00e1vania","isPartOf":{"@id":"https:\/\/archiv.siov.sk\/#website"},"primaryImageOfPage":{"@id":"https:\/\/archiv.siov.sk\/veltrh-podnikatelskych-zrucnosti-na-obchodnej-akademii-nevadzova\/#primaryimage"},"image":{"@id":"https:\/\/archiv.siov.sk\/veltrh-podnikatelskych-zrucnosti-na-obchodnej-akademii-nevadzova\/#primaryimage"},"thumbnailUrl":"https:\/\/archiv.siov.sk\/wp-content\/uploads\/2024\/05\/OA_Nevadzova_DPZ_2024_pp.jpg","datePublished":"2024-05-20T11:23:19+00:00","dateModified":"2024-05-21T11:08:16+00:00","breadcrumb":{"@id":"https:\/\/archiv.siov.sk\/veltrh-podnikatelskych-zrucnosti-na-obchodnej-akademii-nevadzova\/#breadcrumb"},"inLanguage":"en-GB","potentialAction":[{"@type":"ReadAction","target":["https:\/\/archiv.siov.sk\/veltrh-podnikatelskych-zrucnosti-na-obchodnej-akademii-nevadzova\/"]}]},{"@type":"ImageObject","inLanguage":"en-GB","@id":"https:\/\/archiv.siov.sk\/veltrh-podnikatelskych-zrucnosti-na-obchodnej-akademii-nevadzova\/#primaryimage","url":"https:\/\/archiv.siov.sk\/wp-content\/uploads\/2024\/05\/OA_Nevadzova_DPZ_2024_pp.jpg","contentUrl":"https:\/\/archiv.siov.sk\/wp-content\/uploads\/2024\/05\/OA_Nevadzova_DPZ_2024_pp.jpg","width":1509,"height":940},{"@type":"BreadcrumbList","@id":"https:\/\/archiv.siov.sk\/veltrh-podnikatelskych-zrucnosti-na-obchodnej-akademii-nevadzova\/#breadcrumb","itemListElement":[{"@type":"ListItem","position":1,"name":"Home","item":"https:\/\/archiv.siov.sk\/"},{"@type":"ListItem","position":2,"name":"Ve\u013etrh podnikate\u013esk\u00fdch zru\u010dnost\u00ed na Obchodnej akad\u00e9mii Nev\u00e4dzov\u00e1"}]},{"@type":"WebSite","@id":"https:\/\/archiv.siov.sk\/#website","url":"https:\/\/archiv.siov.sk\/","name":"\u0160IOV - \u0161t\u00e1tny in\u0161tit\u00fat odborn\u00e9ho vzdel\u00e1vania","description":"","publisher":{"@id":"https:\/\/archiv.siov.sk\/#organization"},"potentialAction":[{"@type":"SearchAction","target":{"@type":"EntryPoint","urlTemplate":"https:\/\/archiv.siov.sk\/?s={search_term_string}"},"query-input":{"@type":"PropertyValueSpecification","valueRequired":true,"valueName":"search_term_string"}}],"inLanguage":"en-GB"},{"@type":"Organization","@id":"https:\/\/archiv.siov.sk\/#organization","name":"\u0160IOV - \u0161t\u00e1tny in\u0161tit\u00fat odborn\u00e9ho vzdel\u00e1vania","url":"https:\/\/archiv.siov.sk\/","logo":{"@type":"ImageObject","inLanguage":"en-GB","@id":"https:\/\/archiv.siov.sk\/#\/schema\/logo\/image\/","url":"https:\/\/archiv.siov.sk\/wp-content\/uploads\/2024\/02\/logo-SIOV.png","contentUrl":"https:\/\/archiv.siov.sk\/wp-content\/uploads\/2024\/02\/logo-SIOV.png","width":431,"height":143,"caption":"\u0160IOV - \u0161t\u00e1tny in\u0161tit\u00fat odborn\u00e9ho vzdel\u00e1vania"},"image":{"@id":"https:\/\/archiv.siov.sk\/#\/schema\/logo\/image\/"},"sameAs":["https:\/\/www.facebook.com\/Statnyinstitutodbornehovzdelavania"]},{"@type":"Person","@id":"https:\/\/archiv.siov.sk\/#\/schema\/person\/e42d633fbd958c6a726e8834d8965e6c","name":"Katar\u00edna Kov\u00e1\u010dov\u00e1","url":"https:\/\/archiv.siov.sk\/en\/author\/katkakovacova\/"}]}},"_links":{"self":[{"href":"https:\/\/archiv.siov.sk\/en\/wp-json\/wp\/v2\/posts\/15719","targetHints":{"allow":["GET"]}}],"collection":[{"href":"https:\/\/archiv.siov.sk\/en\/wp-json\/wp\/v2\/posts"}],"about":[{"href":"https:\/\/archiv.siov.sk\/en\/wp-json\/wp\/v2\/types\/post"}],"author":[{"embeddable":true,"href":"https:\/\/archiv.siov.sk\/en\/wp-json\/wp\/v2\/users\/6"}],"replies":[{"embeddable":true,"href":"https:\/\/archiv.siov.sk\/en\/wp-json\/wp\/v2\/comments?post=15719"}],"version-history":[{"count":2,"href":"https:\/\/archiv.siov.sk\/en\/wp-json\/wp\/v2\/posts\/15719\/revisions"}],"predecessor-version":[{"id":15721,"href":"https:\/\/archiv.siov.sk\/en\/wp-json\/wp\/v2\/posts\/15719\/revisions\/15721"}],"wp:featuredmedia":[{"embeddable":true,"href":"https:\/\/archiv.siov.sk\/en\/wp-json\/wp\/v2\/media\/15724"}],"wp:attachment":[{"href":"https:\/\/archiv.siov.sk\/en\/wp-json\/wp\/v2\/media?parent=15719"}],"wp:term":[{"taxonomy":"category","embeddable":true,"href":"https:\/\/archiv.siov.sk\/en\/wp-json\/wp\/v2\/categories?post=15719"},{"taxonomy":"post_tag","embeddable":true,"href":"https:\/\/archiv.siov.sk\/en\/wp-json\/wp\/v2\/tags?post=15719"}],"curies":[{"name":"wp","href":"https:\/\/api.w.org\/{rel}","templated":true}]}}