{"id":15647,"date":"2024-05-16T10:43:10","date_gmt":"2024-05-16T08:43:10","guid":{"rendered":"https:\/\/archiv.siov.sk\/?p=15647"},"modified":"2024-05-16T10:44:19","modified_gmt":"2024-05-16T08:44:19","slug":"mladi-ekofarmari-sutazia-vo-finalovom-kole","status":"publish","type":"post","link":"https:\/\/archiv.siov.sk\/en\/mladi-ekofarmari-sutazia-vo-finalovom-kole\/","title":{"rendered":"Mlad\u00ed ekofarm\u00e1ri s\u00fa\u0165a\u017eia vo fin\u00e1lovom kole"},"content":{"rendered":"<p style=\"text-align: justify;\"><strong>Mlad\u00fd ekofarm\u00e1r \u2013 s\u00fa\u0165a\u017e o\u00a0mlieku u\u017e 25 rokov prispieva k zvy\u0161ovaniu odborn\u00fdch vedomost\u00ed a\u00a0zru\u010dnost\u00ed \u017eiakov stredn\u00fdch odborn\u00fdch \u0161k\u00f4l v\u00a0oblasti agrosektora.<\/strong><\/p>\n<p style=\"text-align: justify;\">Ide o s\u00fa\u0165a\u017e ur\u010den\u00fa \u017eiakom stredn\u00fdch odborn\u00fdch \u0161k\u00f4l so \u0161tudijn\u00fdmi odbormi agropodnikanie, \u017eivotn\u00e9 prostredie, veterin\u00e1rne zdravotn\u00edctvo a hygiena a \u010fal\u0161\u00edmi odbormi s\u00favisiacimi s po\u013enohospod\u00e1rstvom, potravin\u00e1rstvom a ekol\u00f3giou. 25. ro\u010dn\u00edk celo\u0161t\u00e1tneho kola s\u00fa\u0165a\u017ee sa v t\u00fdchto d\u0148och (15.-17. m\u00e1ja) realizuje na Strednej odbornej \u0161kole agropotravin\u00e1rskej a technickej v Ke\u017emarku.<\/p>\n<p style=\"text-align: justify;\">Do fin\u00e1le s\u00fa\u0165a\u017ee post\u00fapilo zo \u0161kolsk\u00fdch k\u00f4l 36 \u017eiakov. Mlad\u00fd ekofarm\u00e1r \u2013 s\u00fa\u0165a\u017e o mlieku roz\u0161iruje ich obzory poznania, podporuje odborn\u00e9 zru\u010dnosti, vytv\u00e1ra trval\u00fd vz\u0165ah k po\u013enohospod\u00e1rstvu a amb\u00edciu pracova\u0165 v tomto odbore.<\/p>\n<p>S\u00fa\u0165a\u017eiaci pod\u013ea programu celo\u0161t\u00e1tneho kola postupne absolvuj\u00fa p\u00e4\u0165 \u010dast\u00ed:<\/p>\n<ul>\n<li><strong>Dojenie \u2013 <\/strong>v tejto \u010dasti bud\u00fa \u017eiaci hodnoti\u0165 spr\u00e1vnos\u0165 postupu dojenia na po\u013enohospod\u00e1rskej farme v\u00a0Ke\u017emarku<\/li>\n<li><strong>Test o\u00a0mlieku <\/strong>\u2013 \u017eiaci v\u00a0danom \u010dasovom limite uk\u00e1\u017eu svoje teoretick\u00e9 vedomosti<\/li>\n<li><strong>V\u00fdpo\u010dty laborat\u00f3rnych sk\u00fa\u0161ok<\/strong> <strong>surov\u00e9ho kravsk\u00e9ho mlieka<\/strong> \u2013 v\u00a0r\u00e1mci praktickej \u010dasti v\u00a0laborat\u00f3riu s\u00fa\u0165a\u017eiaci vypo\u010d\u00edtaj\u00fa v\u00a0stanovenom \u010dase zadan\u00e9 \u00falohy<\/li>\n<li><strong>Hodnotenie kvality mlieka <\/strong>\u2013 s\u00fa\u0165a\u017eiaci bud\u00fa zatrie\u010fova\u0165 mlieko do tried kvality na z\u00e1klade zadan\u00fdch \u00fadajov<\/li>\n<li><strong>Pozn\u00e1vanie rastl\u00edn, os\u00edv a\u00a0krmov\u00edn <\/strong>\u2013 \u017eiaci z uk\u00e1\u017eok \u010derstv\u00fdch rastl\u00edn ur\u010dia ich n\u00e1zvy, s\u00fa\u010das\u0165ou je aj rozbor l\u00fa\u010dneho porastu, semien os\u00edv a\u00a0krmov\u00edn a\u00a0v\u00fdpo\u010dty spotreby krm\u00edv<\/li>\n<\/ul>\n<p style=\"text-align: justify;\">Vyhlasovate\u013eom s\u00fa\u0165a\u017ee je Ministerstvo \u0161kolstva, v\u00fdskumu, v\u00fdvoja a ml\u00e1de\u017ee SR. \u0160t\u00e1tny in\u0161tit\u00fat odborn\u00e9ho vzdel\u00e1vania je odborn\u00fdm a metodick\u00fdm garantom. Odborn\u00fdmi partnermi v oblasti tvorby \u00faloh a zadan\u00ed a hodnotite\u013emi s\u00fa profesion\u00e1lne osobnosti z N\u00e1rodn\u00e9ho po\u013enohospod\u00e1rskeho a potravin\u00e1rskeho centra V\u00da\u017dV Nitra a Slovenskej po\u013enohospod\u00e1rskej univerzity Nitra.<\/p>","protected":false},"excerpt":{"rendered":"<p>Mlad\u00fd ekofarm\u00e1r \u2013 s\u00fa\u0165a\u017e o\u00a0mlieku u\u017e 25 rokov prispieva k zvy\u0161ovaniu odborn\u00fdch vedomost\u00ed a\u00a0zru\u010dnost\u00ed \u017eiakov stredn\u00fdch odborn\u00fdch \u0161k\u00f4l v\u00a0oblasti agrosektora. Ide o s\u00fa\u0165a\u017e ur\u010den\u00fa \u017eiakom stredn\u00fdch odborn\u00fdch \u0161k\u00f4l so \u0161tudijn\u00fdmi odbormi agropodnikanie, \u017eivotn\u00e9 prostredie, veterin\u00e1rne zdravotn\u00edctvo a hygiena a \u010fal\u0161\u00edmi odbormi s\u00favisiacimi s po\u013enohospod\u00e1rstvom, potravin\u00e1rstvom a ekol\u00f3giou. 25. ro\u010dn\u00edk celo\u0161t\u00e1tneho kola s\u00fa\u0165a\u017ee sa v t\u00fdchto [&hellip;]<\/p>\n","protected":false},"author":6,"featured_media":15649,"comment_status":"closed","ping_status":"closed","sticky":false,"template":"","format":"standard","meta":{"site-sidebar-layout":"default","site-content-layout":"","ast-site-content-layout":"default","site-content-style":"default","site-sidebar-style":"default","ast-global-header-display":"","ast-banner-title-visibility":"","ast-main-header-display":"","ast-hfb-above-header-display":"","ast-hfb-below-header-display":"","ast-hfb-mobile-header-display":"","site-post-title":"","ast-breadcrumbs-content":"","ast-featured-img":"","footer-sml-layout":"","ast-disable-related-posts":"","theme-transparent-header-meta":"default","adv-header-id-meta":"","stick-header-meta":"default","header-above-stick-meta":"","header-main-stick-meta":"","header-below-stick-meta":"","astra-migrate-meta-layouts":"set","ast-page-background-enabled":"default","ast-page-background-meta":{"desktop":{"background-color":"var(--ast-global-color-4)","background-image":"","background-repeat":"repeat","background-position":"center center","background-size":"auto","background-attachment":"scroll","background-type":"","background-media":"","overlay-type":"","overlay-color":"","overlay-opacity":"","overlay-gradient":""},"tablet":{"background-color":"","background-image":"","background-repeat":"repeat","background-position":"center center","background-size":"auto","background-attachment":"scroll","background-type":"","background-media":"","overlay-type":"","overlay-color":"","overlay-opacity":"","overlay-gradient":""},"mobile":{"background-color":"","background-image":"","background-repeat":"repeat","background-position":"center center","background-size":"auto","background-attachment":"scroll","background-type":"","background-media":"","overlay-type":"","overlay-color":"","overlay-opacity":"","overlay-gradient":""}},"ast-content-background-meta":{"desktop":{"background-color":"var(--ast-global-color-5)","background-image":"","background-repeat":"repeat","background-position":"center center","background-size":"auto","background-attachment":"scroll","background-type":"","background-media":"","overlay-type":"","overlay-color":"","overlay-opacity":"","overlay-gradient":""},"tablet":{"background-color":"var(--ast-global-color-5)","background-image":"","background-repeat":"repeat","background-position":"center center","background-size":"auto","background-attachment":"scroll","background-type":"","background-media":"","overlay-type":"","overlay-color":"","overlay-opacity":"","overlay-gradient":""},"mobile":{"background-color":"var(--ast-global-color-5)","background-image":"","background-repeat":"repeat","background-position":"center center","background-size":"auto","background-attachment":"scroll","background-type":"","background-media":"","overlay-type":"","overlay-color":"","overlay-opacity":"","overlay-gradient":""}},"footnotes":""},"categories":[1],"tags":[],"class_list":["post-15647","post","type-post","status-publish","format-standard","has-post-thumbnail","hentry","category-aktuality"],"yoast_head":"<!-- This site is optimized with the Yoast SEO plugin v27.5 - https:\/\/yoast.com\/product\/yoast-seo-wordpress\/ -->\n<title>Mlad\u00ed ekofarm\u00e1ri s\u00fa\u0165a\u017eia vo fin\u00e1lovom kole - \u0160IOV - \u0161t\u00e1tny in\u0161tit\u00fat odborn\u00e9ho vzdel\u00e1vania<\/title>\n<meta name=\"robots\" content=\"index, follow, max-snippet:-1, max-image-preview:large, max-video-preview:-1\" \/>\n<link rel=\"canonical\" href=\"https:\/\/archiv.siov.sk\/en\/mladi-ekofarmari-sutazia-vo-finalovom-kole\/\" \/>\n<meta property=\"og:locale\" content=\"en_GB\" \/>\n<meta property=\"og:type\" content=\"article\" \/>\n<meta property=\"og:title\" content=\"Mlad\u00ed ekofarm\u00e1ri s\u00fa\u0165a\u017eia vo fin\u00e1lovom kole - \u0160IOV - \u0161t\u00e1tny in\u0161tit\u00fat odborn\u00e9ho vzdel\u00e1vania\" \/>\n<meta property=\"og:description\" content=\"Mlad\u00fd ekofarm\u00e1r \u2013 s\u00fa\u0165a\u017e o\u00a0mlieku u\u017e 25 rokov prispieva k zvy\u0161ovaniu odborn\u00fdch vedomost\u00ed a\u00a0zru\u010dnost\u00ed \u017eiakov stredn\u00fdch odborn\u00fdch \u0161k\u00f4l v\u00a0oblasti agrosektora. Ide o s\u00fa\u0165a\u017e ur\u010den\u00fa \u017eiakom stredn\u00fdch odborn\u00fdch \u0161k\u00f4l so \u0161tudijn\u00fdmi odbormi agropodnikanie, \u017eivotn\u00e9 prostredie, veterin\u00e1rne zdravotn\u00edctvo a hygiena a \u010fal\u0161\u00edmi odbormi s\u00favisiacimi s po\u013enohospod\u00e1rstvom, potravin\u00e1rstvom a ekol\u00f3giou. 25. ro\u010dn\u00edk celo\u0161t\u00e1tneho kola s\u00fa\u0165a\u017ee sa v t\u00fdchto [&hellip;]\" \/>\n<meta property=\"og:url\" content=\"https:\/\/archiv.siov.sk\/en\/mladi-ekofarmari-sutazia-vo-finalovom-kole\/\" \/>\n<meta property=\"og:site_name\" content=\"\u0160IOV - \u0161t\u00e1tny in\u0161tit\u00fat odborn\u00e9ho vzdel\u00e1vania\" \/>\n<meta property=\"article:publisher\" content=\"https:\/\/www.facebook.com\/Statnyinstitutodbornehovzdelavania\" \/>\n<meta property=\"article:published_time\" content=\"2024-05-16T08:43:10+00:00\" \/>\n<meta property=\"article:modified_time\" content=\"2024-05-16T08:44:19+00:00\" \/>\n<meta property=\"og:image\" content=\"https:\/\/archiv.siov.sk\/wp-content\/uploads\/2024\/05\/441010393_1180712293064589_7083700133028845333_n.jpg\" \/>\n\t<meta property=\"og:image:width\" content=\"1179\" \/>\n\t<meta property=\"og:image:height\" content=\"1240\" \/>\n\t<meta property=\"og:image:type\" content=\"image\/jpeg\" \/>\n<meta name=\"author\" content=\"Katar\u00edna Kov\u00e1\u010dov\u00e1\" \/>\n<meta name=\"twitter:card\" content=\"summary_large_image\" \/>\n<meta name=\"twitter:label1\" content=\"Written by\" \/>\n\t<meta name=\"twitter:data1\" content=\"Katar\u00edna Kov\u00e1\u010dov\u00e1\" \/>\n\t<meta name=\"twitter:label2\" content=\"Estimated reading time\" \/>\n\t<meta name=\"twitter:data2\" content=\"2 minutes\" \/>\n<script type=\"application\/ld+json\" class=\"yoast-schema-graph\">{\"@context\":\"https:\\\/\\\/schema.org\",\"@graph\":[{\"@type\":\"Article\",\"@id\":\"https:\\\/\\\/archiv.siov.sk\\\/mladi-ekofarmari-sutazia-vo-finalovom-kole\\\/#article\",\"isPartOf\":{\"@id\":\"https:\\\/\\\/archiv.siov.sk\\\/mladi-ekofarmari-sutazia-vo-finalovom-kole\\\/\"},\"author\":{\"name\":\"Katar\u00edna Kov\u00e1\u010dov\u00e1\",\"@id\":\"https:\\\/\\\/archiv.siov.sk\\\/#\\\/schema\\\/person\\\/e42d633fbd958c6a726e8834d8965e6c\"},\"headline\":\"Mlad\u00ed ekofarm\u00e1ri s\u00fa\u0165a\u017eia vo fin\u00e1lovom kole\",\"datePublished\":\"2024-05-16T08:43:10+00:00\",\"dateModified\":\"2024-05-16T08:44:19+00:00\",\"mainEntityOfPage\":{\"@id\":\"https:\\\/\\\/archiv.siov.sk\\\/mladi-ekofarmari-sutazia-vo-finalovom-kole\\\/\"},\"wordCount\":366,\"publisher\":{\"@id\":\"https:\\\/\\\/archiv.siov.sk\\\/#organization\"},\"image\":{\"@id\":\"https:\\\/\\\/archiv.siov.sk\\\/mladi-ekofarmari-sutazia-vo-finalovom-kole\\\/#primaryimage\"},\"thumbnailUrl\":\"https:\\\/\\\/archiv.siov.sk\\\/wp-content\\\/uploads\\\/2024\\\/05\\\/441010393_1180712293064589_7083700133028845333_n.jpg\",\"articleSection\":[\"Aktuality\"],\"inLanguage\":\"en-GB\"},{\"@type\":\"WebPage\",\"@id\":\"https:\\\/\\\/archiv.siov.sk\\\/mladi-ekofarmari-sutazia-vo-finalovom-kole\\\/\",\"url\":\"https:\\\/\\\/archiv.siov.sk\\\/mladi-ekofarmari-sutazia-vo-finalovom-kole\\\/\",\"name\":\"Mlad\u00ed ekofarm\u00e1ri s\u00fa\u0165a\u017eia vo fin\u00e1lovom kole - \u0160IOV - \u0161t\u00e1tny in\u0161tit\u00fat odborn\u00e9ho vzdel\u00e1vania\",\"isPartOf\":{\"@id\":\"https:\\\/\\\/archiv.siov.sk\\\/#website\"},\"primaryImageOfPage\":{\"@id\":\"https:\\\/\\\/archiv.siov.sk\\\/mladi-ekofarmari-sutazia-vo-finalovom-kole\\\/#primaryimage\"},\"image\":{\"@id\":\"https:\\\/\\\/archiv.siov.sk\\\/mladi-ekofarmari-sutazia-vo-finalovom-kole\\\/#primaryimage\"},\"thumbnailUrl\":\"https:\\\/\\\/archiv.siov.sk\\\/wp-content\\\/uploads\\\/2024\\\/05\\\/441010393_1180712293064589_7083700133028845333_n.jpg\",\"datePublished\":\"2024-05-16T08:43:10+00:00\",\"dateModified\":\"2024-05-16T08:44:19+00:00\",\"breadcrumb\":{\"@id\":\"https:\\\/\\\/archiv.siov.sk\\\/mladi-ekofarmari-sutazia-vo-finalovom-kole\\\/#breadcrumb\"},\"inLanguage\":\"en-GB\",\"potentialAction\":[{\"@type\":\"ReadAction\",\"target\":[\"https:\\\/\\\/archiv.siov.sk\\\/mladi-ekofarmari-sutazia-vo-finalovom-kole\\\/\"]}]},{\"@type\":\"ImageObject\",\"inLanguage\":\"en-GB\",\"@id\":\"https:\\\/\\\/archiv.siov.sk\\\/mladi-ekofarmari-sutazia-vo-finalovom-kole\\\/#primaryimage\",\"url\":\"https:\\\/\\\/archiv.siov.sk\\\/wp-content\\\/uploads\\\/2024\\\/05\\\/441010393_1180712293064589_7083700133028845333_n.jpg\",\"contentUrl\":\"https:\\\/\\\/archiv.siov.sk\\\/wp-content\\\/uploads\\\/2024\\\/05\\\/441010393_1180712293064589_7083700133028845333_n.jpg\",\"width\":1179,\"height\":1240},{\"@type\":\"BreadcrumbList\",\"@id\":\"https:\\\/\\\/archiv.siov.sk\\\/mladi-ekofarmari-sutazia-vo-finalovom-kole\\\/#breadcrumb\",\"itemListElement\":[{\"@type\":\"ListItem\",\"position\":1,\"name\":\"Home\",\"item\":\"https:\\\/\\\/archiv.siov.sk\\\/\"},{\"@type\":\"ListItem\",\"position\":2,\"name\":\"Mlad\u00ed ekofarm\u00e1ri s\u00fa\u0165a\u017eia vo fin\u00e1lovom kole\"}]},{\"@type\":\"WebSite\",\"@id\":\"https:\\\/\\\/archiv.siov.sk\\\/#website\",\"url\":\"https:\\\/\\\/archiv.siov.sk\\\/\",\"name\":\"\u0160IOV - \u0161t\u00e1tny in\u0161tit\u00fat odborn\u00e9ho vzdel\u00e1vania\",\"description\":\"\",\"publisher\":{\"@id\":\"https:\\\/\\\/archiv.siov.sk\\\/#organization\"},\"potentialAction\":[{\"@type\":\"SearchAction\",\"target\":{\"@type\":\"EntryPoint\",\"urlTemplate\":\"https:\\\/\\\/archiv.siov.sk\\\/?s={search_term_string}\"},\"query-input\":{\"@type\":\"PropertyValueSpecification\",\"valueRequired\":true,\"valueName\":\"search_term_string\"}}],\"inLanguage\":\"en-GB\"},{\"@type\":\"Organization\",\"@id\":\"https:\\\/\\\/archiv.siov.sk\\\/#organization\",\"name\":\"\u0160IOV - \u0161t\u00e1tny in\u0161tit\u00fat odborn\u00e9ho vzdel\u00e1vania\",\"url\":\"https:\\\/\\\/archiv.siov.sk\\\/\",\"logo\":{\"@type\":\"ImageObject\",\"inLanguage\":\"en-GB\",\"@id\":\"https:\\\/\\\/archiv.siov.sk\\\/#\\\/schema\\\/logo\\\/image\\\/\",\"url\":\"https:\\\/\\\/archiv.siov.sk\\\/wp-content\\\/uploads\\\/2024\\\/02\\\/logo-SIOV.png\",\"contentUrl\":\"https:\\\/\\\/archiv.siov.sk\\\/wp-content\\\/uploads\\\/2024\\\/02\\\/logo-SIOV.png\",\"width\":431,\"height\":143,\"caption\":\"\u0160IOV - \u0161t\u00e1tny in\u0161tit\u00fat odborn\u00e9ho vzdel\u00e1vania\"},\"image\":{\"@id\":\"https:\\\/\\\/archiv.siov.sk\\\/#\\\/schema\\\/logo\\\/image\\\/\"},\"sameAs\":[\"https:\\\/\\\/www.facebook.com\\\/Statnyinstitutodbornehovzdelavania\"]},{\"@type\":\"Person\",\"@id\":\"https:\\\/\\\/archiv.siov.sk\\\/#\\\/schema\\\/person\\\/e42d633fbd958c6a726e8834d8965e6c\",\"name\":\"Katar\u00edna Kov\u00e1\u010dov\u00e1\",\"url\":\"https:\\\/\\\/archiv.siov.sk\\\/en\\\/author\\\/katkakovacova\\\/\"}]}<\/script>\n<!-- \/ Yoast SEO plugin. -->","yoast_head_json":{"title":"Mlad\u00ed ekofarm\u00e1ri s\u00fa\u0165a\u017eia vo fin\u00e1lovom kole - \u0160IOV - \u0161t\u00e1tny in\u0161tit\u00fat odborn\u00e9ho vzdel\u00e1vania","robots":{"index":"index","follow":"follow","max-snippet":"max-snippet:-1","max-image-preview":"max-image-preview:large","max-video-preview":"max-video-preview:-1"},"canonical":"https:\/\/archiv.siov.sk\/en\/mladi-ekofarmari-sutazia-vo-finalovom-kole\/","og_locale":"en_GB","og_type":"article","og_title":"Mlad\u00ed ekofarm\u00e1ri s\u00fa\u0165a\u017eia vo fin\u00e1lovom kole - \u0160IOV - \u0161t\u00e1tny in\u0161tit\u00fat odborn\u00e9ho vzdel\u00e1vania","og_description":"Mlad\u00fd ekofarm\u00e1r \u2013 s\u00fa\u0165a\u017e o\u00a0mlieku u\u017e 25 rokov prispieva k zvy\u0161ovaniu odborn\u00fdch vedomost\u00ed a\u00a0zru\u010dnost\u00ed \u017eiakov stredn\u00fdch odborn\u00fdch \u0161k\u00f4l v\u00a0oblasti agrosektora. Ide o s\u00fa\u0165a\u017e ur\u010den\u00fa \u017eiakom stredn\u00fdch odborn\u00fdch \u0161k\u00f4l so \u0161tudijn\u00fdmi odbormi agropodnikanie, \u017eivotn\u00e9 prostredie, veterin\u00e1rne zdravotn\u00edctvo a hygiena a \u010fal\u0161\u00edmi odbormi s\u00favisiacimi s po\u013enohospod\u00e1rstvom, potravin\u00e1rstvom a ekol\u00f3giou. 25. ro\u010dn\u00edk celo\u0161t\u00e1tneho kola s\u00fa\u0165a\u017ee sa v t\u00fdchto [&hellip;]","og_url":"https:\/\/archiv.siov.sk\/en\/mladi-ekofarmari-sutazia-vo-finalovom-kole\/","og_site_name":"\u0160IOV - \u0161t\u00e1tny in\u0161tit\u00fat odborn\u00e9ho vzdel\u00e1vania","article_publisher":"https:\/\/www.facebook.com\/Statnyinstitutodbornehovzdelavania","article_published_time":"2024-05-16T08:43:10+00:00","article_modified_time":"2024-05-16T08:44:19+00:00","og_image":[{"width":1179,"height":1240,"url":"https:\/\/archiv.siov.sk\/wp-content\/uploads\/2024\/05\/441010393_1180712293064589_7083700133028845333_n.jpg","type":"image\/jpeg"}],"author":"Katar\u00edna Kov\u00e1\u010dov\u00e1","twitter_card":"summary_large_image","twitter_misc":{"Written by":"Katar\u00edna Kov\u00e1\u010dov\u00e1","Estimated reading time":"2 minutes"},"schema":{"@context":"https:\/\/schema.org","@graph":[{"@type":"Article","@id":"https:\/\/archiv.siov.sk\/mladi-ekofarmari-sutazia-vo-finalovom-kole\/#article","isPartOf":{"@id":"https:\/\/archiv.siov.sk\/mladi-ekofarmari-sutazia-vo-finalovom-kole\/"},"author":{"name":"Katar\u00edna Kov\u00e1\u010dov\u00e1","@id":"https:\/\/archiv.siov.sk\/#\/schema\/person\/e42d633fbd958c6a726e8834d8965e6c"},"headline":"Mlad\u00ed ekofarm\u00e1ri s\u00fa\u0165a\u017eia vo fin\u00e1lovom kole","datePublished":"2024-05-16T08:43:10+00:00","dateModified":"2024-05-16T08:44:19+00:00","mainEntityOfPage":{"@id":"https:\/\/archiv.siov.sk\/mladi-ekofarmari-sutazia-vo-finalovom-kole\/"},"wordCount":366,"publisher":{"@id":"https:\/\/archiv.siov.sk\/#organization"},"image":{"@id":"https:\/\/archiv.siov.sk\/mladi-ekofarmari-sutazia-vo-finalovom-kole\/#primaryimage"},"thumbnailUrl":"https:\/\/archiv.siov.sk\/wp-content\/uploads\/2024\/05\/441010393_1180712293064589_7083700133028845333_n.jpg","articleSection":["Aktuality"],"inLanguage":"en-GB"},{"@type":"WebPage","@id":"https:\/\/archiv.siov.sk\/mladi-ekofarmari-sutazia-vo-finalovom-kole\/","url":"https:\/\/archiv.siov.sk\/mladi-ekofarmari-sutazia-vo-finalovom-kole\/","name":"Mlad\u00ed ekofarm\u00e1ri s\u00fa\u0165a\u017eia vo fin\u00e1lovom kole - \u0160IOV - \u0161t\u00e1tny in\u0161tit\u00fat odborn\u00e9ho vzdel\u00e1vania","isPartOf":{"@id":"https:\/\/archiv.siov.sk\/#website"},"primaryImageOfPage":{"@id":"https:\/\/archiv.siov.sk\/mladi-ekofarmari-sutazia-vo-finalovom-kole\/#primaryimage"},"image":{"@id":"https:\/\/archiv.siov.sk\/mladi-ekofarmari-sutazia-vo-finalovom-kole\/#primaryimage"},"thumbnailUrl":"https:\/\/archiv.siov.sk\/wp-content\/uploads\/2024\/05\/441010393_1180712293064589_7083700133028845333_n.jpg","datePublished":"2024-05-16T08:43:10+00:00","dateModified":"2024-05-16T08:44:19+00:00","breadcrumb":{"@id":"https:\/\/archiv.siov.sk\/mladi-ekofarmari-sutazia-vo-finalovom-kole\/#breadcrumb"},"inLanguage":"en-GB","potentialAction":[{"@type":"ReadAction","target":["https:\/\/archiv.siov.sk\/mladi-ekofarmari-sutazia-vo-finalovom-kole\/"]}]},{"@type":"ImageObject","inLanguage":"en-GB","@id":"https:\/\/archiv.siov.sk\/mladi-ekofarmari-sutazia-vo-finalovom-kole\/#primaryimage","url":"https:\/\/archiv.siov.sk\/wp-content\/uploads\/2024\/05\/441010393_1180712293064589_7083700133028845333_n.jpg","contentUrl":"https:\/\/archiv.siov.sk\/wp-content\/uploads\/2024\/05\/441010393_1180712293064589_7083700133028845333_n.jpg","width":1179,"height":1240},{"@type":"BreadcrumbList","@id":"https:\/\/archiv.siov.sk\/mladi-ekofarmari-sutazia-vo-finalovom-kole\/#breadcrumb","itemListElement":[{"@type":"ListItem","position":1,"name":"Home","item":"https:\/\/archiv.siov.sk\/"},{"@type":"ListItem","position":2,"name":"Mlad\u00ed ekofarm\u00e1ri s\u00fa\u0165a\u017eia vo fin\u00e1lovom kole"}]},{"@type":"WebSite","@id":"https:\/\/archiv.siov.sk\/#website","url":"https:\/\/archiv.siov.sk\/","name":"\u0160IOV - \u0161t\u00e1tny in\u0161tit\u00fat odborn\u00e9ho vzdel\u00e1vania","description":"","publisher":{"@id":"https:\/\/archiv.siov.sk\/#organization"},"potentialAction":[{"@type":"SearchAction","target":{"@type":"EntryPoint","urlTemplate":"https:\/\/archiv.siov.sk\/?s={search_term_string}"},"query-input":{"@type":"PropertyValueSpecification","valueRequired":true,"valueName":"search_term_string"}}],"inLanguage":"en-GB"},{"@type":"Organization","@id":"https:\/\/archiv.siov.sk\/#organization","name":"\u0160IOV - \u0161t\u00e1tny in\u0161tit\u00fat odborn\u00e9ho vzdel\u00e1vania","url":"https:\/\/archiv.siov.sk\/","logo":{"@type":"ImageObject","inLanguage":"en-GB","@id":"https:\/\/archiv.siov.sk\/#\/schema\/logo\/image\/","url":"https:\/\/archiv.siov.sk\/wp-content\/uploads\/2024\/02\/logo-SIOV.png","contentUrl":"https:\/\/archiv.siov.sk\/wp-content\/uploads\/2024\/02\/logo-SIOV.png","width":431,"height":143,"caption":"\u0160IOV - \u0161t\u00e1tny in\u0161tit\u00fat odborn\u00e9ho vzdel\u00e1vania"},"image":{"@id":"https:\/\/archiv.siov.sk\/#\/schema\/logo\/image\/"},"sameAs":["https:\/\/www.facebook.com\/Statnyinstitutodbornehovzdelavania"]},{"@type":"Person","@id":"https:\/\/archiv.siov.sk\/#\/schema\/person\/e42d633fbd958c6a726e8834d8965e6c","name":"Katar\u00edna Kov\u00e1\u010dov\u00e1","url":"https:\/\/archiv.siov.sk\/en\/author\/katkakovacova\/"}]}},"_links":{"self":[{"href":"https:\/\/archiv.siov.sk\/en\/wp-json\/wp\/v2\/posts\/15647","targetHints":{"allow":["GET"]}}],"collection":[{"href":"https:\/\/archiv.siov.sk\/en\/wp-json\/wp\/v2\/posts"}],"about":[{"href":"https:\/\/archiv.siov.sk\/en\/wp-json\/wp\/v2\/types\/post"}],"author":[{"embeddable":true,"href":"https:\/\/archiv.siov.sk\/en\/wp-json\/wp\/v2\/users\/6"}],"replies":[{"embeddable":true,"href":"https:\/\/archiv.siov.sk\/en\/wp-json\/wp\/v2\/comments?post=15647"}],"version-history":[{"count":2,"href":"https:\/\/archiv.siov.sk\/en\/wp-json\/wp\/v2\/posts\/15647\/revisions"}],"predecessor-version":[{"id":15650,"href":"https:\/\/archiv.siov.sk\/en\/wp-json\/wp\/v2\/posts\/15647\/revisions\/15650"}],"wp:featuredmedia":[{"embeddable":true,"href":"https:\/\/archiv.siov.sk\/en\/wp-json\/wp\/v2\/media\/15649"}],"wp:attachment":[{"href":"https:\/\/archiv.siov.sk\/en\/wp-json\/wp\/v2\/media?parent=15647"}],"wp:term":[{"taxonomy":"category","embeddable":true,"href":"https:\/\/archiv.siov.sk\/en\/wp-json\/wp\/v2\/categories?post=15647"},{"taxonomy":"post_tag","embeddable":true,"href":"https:\/\/archiv.siov.sk\/en\/wp-json\/wp\/v2\/tags?post=15647"}],"curies":[{"name":"wp","href":"https:\/\/api.w.org\/{rel}","templated":true}]}}