{"id":15606,"date":"2024-03-09T15:11:25","date_gmt":"2024-03-09T14:11:25","guid":{"rendered":"https:\/\/archiv.siov.sk\/?p=15606"},"modified":"2025-05-16T12:04:23","modified_gmt":"2025-05-16T10:04:23","slug":"implementacia-modelu-caf-v-statnom-institute-odborneho-vzdelavania-2","status":"publish","type":"post","link":"https:\/\/archiv.siov.sk\/en\/implementacia-modelu-caf-v-statnom-institute-odborneho-vzdelavania-2\/","title":{"rendered":"Implement\u00e1cia modelu CAF v \u0160t\u00e1tnom in\u0161tit\u00fate odborn\u00e9ho vzdel\u00e1vania"},"content":{"rendered":"<p style=\"text-align: justify;\">\u0160t\u00e1tny in\u0161tit\u00fat odborn\u00e9ho vzdel\u00e1vania (\u0160IOV) kladie ve\u013ek\u00fd d\u00f4raz na kvalitn\u00e9 vzdel\u00e1vanie, a preto od roku 2024 zav\u00e1dza <a href=\"https:\/\/cafcentrum.unms.sk\/storage\/DOKUMENTY\/Pr%C3%ADru%C4%8Dka%20CAF%202020.pdf\">model CAF<\/a> (Common Assessment Framework). V\u010faka tomuto komplexn\u00e9mu n\u00e1stroju bude m\u00f4c\u0165\u00a0 systematicky zlep\u0161ova\u0165 fungovanie vo v\u0161etk\u00fdch oblastiach a dosiahnu\u0165 tak efekt\u00edvnej\u0161iu, transparentnej\u0161iu a na v\u00fdsledky orientovan\u00fa in\u0161tit\u00faciu, ktor\u00e1 bude sl\u00fa\u017ei\u0165 ako vzor pre ostatn\u00e9 in\u0161tit\u00facie verejn\u00e9ho sektora.<\/p>\n<p>&nbsp;<\/p>\n<h2>Pre\u010do je implement\u00e1cia modelu CAF pre \u0160IOV d\u00f4le\u017eit\u00e1?<\/h2>\n<p>&nbsp;<\/p>\n<ul>\n<li><strong>Zv\u00fd\u0161enie efekt\u00edvnosti organiz\u00e1cie:<\/strong> Odb\u00faranie administrat\u00edvnej z\u00e1\u0165a\u017ee a zefekt\u00edvnenie procesov.<\/li>\n<li><strong>Zlep\u0161enie intern\u00fdch procesov:<\/strong> Procesy bud\u00fa zoptimalizovan\u00e9 tak, aby boli transparentn\u00e9 viedli k dosiahnutiu stanoven\u00fdch cie\u013eov.<\/li>\n<li><strong>Skvalitnenie slu\u017eieb:<\/strong> V\u010faka modelu CAF posunieme poskytovan\u00e9 slu\u017eby na vy\u0161\u0161iu \u00farove\u0148.<\/li>\n<li><strong>Otvorenos\u0165 a zodpovednos\u0165:<\/strong> Implement\u00e1cia modelu CAF posiln\u00ed \u00fasilie transparentne komunik\u00e1cie.<\/li>\n<\/ul>\n<p>&nbsp;<\/p>\n<p style=\"text-align: justify;\">Model CAF nie je len s\u00fabor pravidiel, ale sk\u00f4r filozofia riadenia zameran\u00e1 na kult\u00faru kvality a excelentnos\u0165. Nejde o jednorazov\u00fd projekt, ale sk\u00f4r kontinu\u00e1lny proces zameran\u00fd na neust\u00e1le zlep\u0161ovanie. \u0160IOV sa tak vyd\u00e1va na cestu transform\u00e1cie, ktor\u00e1 povedie k efekt\u00edvnej\u0161ej, kvalitnej\u0161ej a zodpovednej\u0161ej in\u0161tit\u00facii, ktor\u00e1 bude hra\u0165 k\u013e\u00fa\u010dov\u00fa \u00falohu v rozvoji slovensk\u00e9ho vzdel\u00e1vacieho syst\u00e9mu.<\/p>\n<p><img fetchpriority=\"high\" decoding=\"async\" class=\"wp-image-15609 aligncenter\" src=\"https:\/\/archiv.siov.sk\/wp-content\/uploads\/2024\/05\/skolenie_model_caf-1-1024x768.jpg\" alt=\"\" width=\"423\" height=\"317\" srcset=\"https:\/\/archiv.siov.sk\/wp-content\/uploads\/2024\/05\/skolenie_model_caf-1-1024x768.jpg 1024w, https:\/\/archiv.siov.sk\/wp-content\/uploads\/2024\/05\/skolenie_model_caf-1-300x225.jpg 300w, https:\/\/archiv.siov.sk\/wp-content\/uploads\/2024\/05\/skolenie_model_caf-1-768x576.jpg 768w, https:\/\/archiv.siov.sk\/wp-content\/uploads\/2024\/05\/skolenie_model_caf-1-1536x1152.jpg 1536w, https:\/\/archiv.siov.sk\/wp-content\/uploads\/2024\/05\/skolenie_model_caf-1-16x12.jpg 16w, https:\/\/archiv.siov.sk\/wp-content\/uploads\/2024\/05\/skolenie_model_caf-1.jpg 2040w\" sizes=\"(max-width: 423px) 100vw, 423px\" \/><\/p>\n<p>&nbsp;<\/p>\n<h3>K\u013e\u00fa\u010dov\u00e9 f\u00e1zy implement\u00e1cie:<\/h3>\n<p>&nbsp;<\/p>\n<ol>\n<li><strong> \u00davodn\u00fd proces<\/strong><\/li>\n<\/ol>\n<ul>\n<li>Febru\u00e1r 2024: Rozhodnutie o implement\u00e1cii<\/li>\n<li>Vytvorenie t\u00edmu: Mgr. \u013dubica G\u00e1llov\u00e1 (garantka) a Mgr. Jana \u010cuvalov\u00e1 (metodi\u010dka) ved\u00fa 18-\u010dlenn\u00fd t\u00edm zlo\u017een\u00fd zo zamestnancov z r\u00f4znych oddelen\u00ed<\/li>\n<li>\u00davodn\u00e9 2-d\u0148ov\u00e9 \u0161kolenie<\/li>\n<\/ul>\n<ol start=\"2\">\n<li><strong> Proces samohodnotenia:<\/strong><\/li>\n<\/ol>\n<ul>\n<li>Spolo\u010dn\u00e9 samohodnotenie: Aktu\u00e1lne prebieha anal\u00fdza siln\u00fdch str\u00e1nok a oblast\u00ed na zlep\u0161enie<\/li>\n<li>Cie\u013e: Identifikova\u0165 pr\u00edle\u017eitosti na rast a zefekt\u00edvnenie fungovania \u0160IOV<\/li>\n<li>Vypracovanie samohodnotiacej spr\u00e1vy<\/li>\n<\/ul>\n<ol start=\"3\">\n<li><strong> Proces zlep\u0161ovania:<\/strong><\/li>\n<\/ol>\n<ul>\n<li>Vypracovanie ak\u010dn\u00e9ho pl\u00e1nu<\/li>\n<li>Implement\u00e1cia zmien<\/li>\n<li>Monitorovanie a\u00a0hodnotenie<\/li>\n<\/ul>\n<p style=\"text-align: justify;\">Sme presved\u010den\u00ed, \u017ee implement\u00e1cia modelu CAF je d\u00f4le\u017eit\u00fdm krokom vpred pre \u0160IOV a pre bud\u00facnos\u0165 vzdel\u00e1vania na Slovensku. Sledujte na\u0161e webov\u00e9 str\u00e1nky a soci\u00e1lne siete, kde v\u00e1s budeme informova\u0165 o \u010fal\u0161\u00edch krokoch na ceste k excelentnosti.<\/p>\n<figure id=\"attachment_18660\" aria-describedby=\"caption-attachment-18660\" style=\"width: 654px\" class=\"wp-caption aligncenter\"><img decoding=\"async\" class=\"wp-image-18660\" src=\"https:\/\/archiv.siov.sk\/wp-content\/uploads\/2025\/04\/loga_np_kvalita-1024x158.png\" alt=\"loga_kvalita_projekt\" width=\"654\" height=\"101\" srcset=\"https:\/\/archiv.siov.sk\/wp-content\/uploads\/2025\/04\/loga_np_kvalita-1024x158.png 1024w, https:\/\/archiv.siov.sk\/wp-content\/uploads\/2025\/04\/loga_np_kvalita-300x46.png 300w, https:\/\/archiv.siov.sk\/wp-content\/uploads\/2025\/04\/loga_np_kvalita-768x119.png 768w, https:\/\/archiv.siov.sk\/wp-content\/uploads\/2025\/04\/loga_np_kvalita-18x3.png 18w, https:\/\/archiv.siov.sk\/wp-content\/uploads\/2025\/04\/elementor\/thumbs\/loga_np_kvalita-r5cjqsfvrn5sfhsjyrw97tvig25lp3e6m5t1uzcj7g.png 450w, https:\/\/archiv.siov.sk\/wp-content\/uploads\/2025\/04\/loga_np_kvalita.png 1229w\" sizes=\"(max-width: 654px) 100vw, 654px\" \/><figcaption id=\"caption-attachment-18660\" class=\"wp-caption-text\">Aktivita sa realizovala v r\u00e1mci n\u00e1rodn\u00e9ho projektu Zavedenie mana\u017e\u00e9rstva kvality v OVP a vzdel\u00e1van\u00ed dospel\u00fdch spolufinancovan\u00e9ho Eur\u00f3pskou \u00faniou v r\u00e1mci Programu Slovensko.<\/figcaption><\/figure>","protected":false},"excerpt":{"rendered":"<p>\u0160t\u00e1tny in\u0161tit\u00fat odborn\u00e9ho vzdel\u00e1vania (\u0160IOV) kladie ve\u013ek\u00fd d\u00f4raz na kvalitn\u00e9 vzdel\u00e1vanie, a preto od roku 2024 zav\u00e1dza model CAF (Common Assessment Framework). V\u010faka tomuto komplexn\u00e9mu n\u00e1stroju bude m\u00f4c\u0165\u00a0 systematicky zlep\u0161ova\u0165 fungovanie vo v\u0161etk\u00fdch oblastiach a dosiahnu\u0165 tak efekt\u00edvnej\u0161iu, transparentnej\u0161iu a na v\u00fdsledky orientovan\u00fa in\u0161tit\u00faciu, ktor\u00e1 bude sl\u00fa\u017ei\u0165 ako vzor pre ostatn\u00e9 in\u0161tit\u00facie verejn\u00e9ho sektora. &nbsp; [&hellip;]<\/p>\n","protected":false},"author":6,"featured_media":15608,"comment_status":"closed","ping_status":"closed","sticky":false,"template":"","format":"standard","meta":{"site-sidebar-layout":"default","site-content-layout":"","ast-site-content-layout":"default","site-content-style":"default","site-sidebar-style":"default","ast-global-header-display":"","ast-banner-title-visibility":"","ast-main-header-display":"","ast-hfb-above-header-display":"","ast-hfb-below-header-display":"","ast-hfb-mobile-header-display":"","site-post-title":"","ast-breadcrumbs-content":"","ast-featured-img":"","footer-sml-layout":"","ast-disable-related-posts":"","theme-transparent-header-meta":"default","adv-header-id-meta":"","stick-header-meta":"default","header-above-stick-meta":"","header-main-stick-meta":"","header-below-stick-meta":"","astra-migrate-meta-layouts":"set","ast-page-background-enabled":"default","ast-page-background-meta":{"desktop":{"background-color":"var(--ast-global-color-4)","background-image":"","background-repeat":"repeat","background-position":"center center","background-size":"auto","background-attachment":"scroll","background-type":"","background-media":"","overlay-type":"","overlay-color":"","overlay-opacity":"","overlay-gradient":""},"tablet":{"background-color":"","background-image":"","background-repeat":"repeat","background-position":"center center","background-size":"auto","background-attachment":"scroll","background-type":"","background-media":"","overlay-type":"","overlay-color":"","overlay-opacity":"","overlay-gradient":""},"mobile":{"background-color":"","background-image":"","background-repeat":"repeat","background-position":"center center","background-size":"auto","background-attachment":"scroll","background-type":"","background-media":"","overlay-type":"","overlay-color":"","overlay-opacity":"","overlay-gradient":""}},"ast-content-background-meta":{"desktop":{"background-color":"var(--ast-global-color-5)","background-image":"","background-repeat":"repeat","background-position":"center center","background-size":"auto","background-attachment":"scroll","background-type":"","background-media":"","overlay-type":"","overlay-color":"","overlay-opacity":"","overlay-gradient":""},"tablet":{"background-color":"var(--ast-global-color-5)","background-image":"","background-repeat":"repeat","background-position":"center center","background-size":"auto","background-attachment":"scroll","background-type":"","background-media":"","overlay-type":"","overlay-color":"","overlay-opacity":"","overlay-gradient":""},"mobile":{"background-color":"var(--ast-global-color-5)","background-image":"","background-repeat":"repeat","background-position":"center center","background-size":"auto","background-attachment":"scroll","background-type":"","background-media":"","overlay-type":"","overlay-color":"","overlay-opacity":"","overlay-gradient":""}},"footnotes":""},"categories":[1,24],"tags":[],"class_list":["post-15606","post","type-post","status-publish","format-standard","has-post-thumbnail","hentry","category-aktuality","category-caf"],"yoast_head":"<!-- This site is optimized with the Yoast SEO plugin v27.5 - https:\/\/yoast.com\/product\/yoast-seo-wordpress\/ -->\n<title>Implement\u00e1cia modelu CAF v \u0160t\u00e1tnom in\u0161tit\u00fate odborn\u00e9ho vzdel\u00e1vania - \u0160IOV - \u0161t\u00e1tny in\u0161tit\u00fat odborn\u00e9ho vzdel\u00e1vania<\/title>\n<meta name=\"robots\" content=\"index, follow, max-snippet:-1, max-image-preview:large, max-video-preview:-1\" \/>\n<link rel=\"canonical\" href=\"https:\/\/archiv.siov.sk\/en\/implementacia-modelu-caf-v-statnom-institute-odborneho-vzdelavania-2\/\" \/>\n<meta property=\"og:locale\" content=\"en_GB\" \/>\n<meta property=\"og:type\" content=\"article\" \/>\n<meta property=\"og:title\" content=\"Implement\u00e1cia modelu CAF v \u0160t\u00e1tnom in\u0161tit\u00fate odborn\u00e9ho vzdel\u00e1vania - \u0160IOV - \u0161t\u00e1tny in\u0161tit\u00fat odborn\u00e9ho vzdel\u00e1vania\" \/>\n<meta property=\"og:description\" content=\"\u0160t\u00e1tny in\u0161tit\u00fat odborn\u00e9ho vzdel\u00e1vania (\u0160IOV) kladie ve\u013ek\u00fd d\u00f4raz na kvalitn\u00e9 vzdel\u00e1vanie, a preto od roku 2024 zav\u00e1dza model CAF (Common Assessment Framework). V\u010faka tomuto komplexn\u00e9mu n\u00e1stroju bude m\u00f4c\u0165\u00a0 systematicky zlep\u0161ova\u0165 fungovanie vo v\u0161etk\u00fdch oblastiach a dosiahnu\u0165 tak efekt\u00edvnej\u0161iu, transparentnej\u0161iu a na v\u00fdsledky orientovan\u00fa in\u0161tit\u00faciu, ktor\u00e1 bude sl\u00fa\u017ei\u0165 ako vzor pre ostatn\u00e9 in\u0161tit\u00facie verejn\u00e9ho sektora. &nbsp; [&hellip;]\" \/>\n<meta property=\"og:url\" content=\"https:\/\/archiv.siov.sk\/en\/implementacia-modelu-caf-v-statnom-institute-odborneho-vzdelavania-2\/\" \/>\n<meta property=\"og:site_name\" content=\"\u0160IOV - \u0161t\u00e1tny in\u0161tit\u00fat odborn\u00e9ho vzdel\u00e1vania\" \/>\n<meta property=\"article:publisher\" content=\"https:\/\/www.facebook.com\/Statnyinstitutodbornehovzdelavania\" \/>\n<meta property=\"article:published_time\" content=\"2024-03-09T14:11:25+00:00\" \/>\n<meta property=\"article:modified_time\" content=\"2025-05-16T10:04:23+00:00\" \/>\n<meta property=\"og:image\" content=\"https:\/\/archiv.siov.sk\/wp-content\/uploads\/2024\/05\/skolenie_model_caf-2.jpg\" \/>\n\t<meta property=\"og:image:width\" content=\"2040\" \/>\n\t<meta property=\"og:image:height\" content=\"1530\" \/>\n\t<meta property=\"og:image:type\" content=\"image\/jpeg\" \/>\n<meta name=\"author\" content=\"Katar\u00edna Kov\u00e1\u010dov\u00e1\" \/>\n<meta name=\"twitter:card\" content=\"summary_large_image\" \/>\n<meta name=\"twitter:label1\" content=\"Written by\" \/>\n\t<meta name=\"twitter:data1\" content=\"Katar\u00edna Kov\u00e1\u010dov\u00e1\" \/>\n\t<meta name=\"twitter:label2\" content=\"Estimated reading time\" \/>\n\t<meta name=\"twitter:data2\" content=\"3 minutes\" \/>\n<script type=\"application\/ld+json\" class=\"yoast-schema-graph\">{\"@context\":\"https:\\\/\\\/schema.org\",\"@graph\":[{\"@type\":\"Article\",\"@id\":\"https:\\\/\\\/archiv.siov.sk\\\/implementacia-modelu-caf-v-statnom-institute-odborneho-vzdelavania-2\\\/#article\",\"isPartOf\":{\"@id\":\"https:\\\/\\\/archiv.siov.sk\\\/implementacia-modelu-caf-v-statnom-institute-odborneho-vzdelavania-2\\\/\"},\"author\":{\"name\":\"Katar\u00edna Kov\u00e1\u010dov\u00e1\",\"@id\":\"https:\\\/\\\/archiv.siov.sk\\\/#\\\/schema\\\/person\\\/e42d633fbd958c6a726e8834d8965e6c\"},\"headline\":\"Implement\u00e1cia modelu CAF v \u0160t\u00e1tnom in\u0161tit\u00fate odborn\u00e9ho vzdel\u00e1vania\",\"datePublished\":\"2024-03-09T14:11:25+00:00\",\"dateModified\":\"2025-05-16T10:04:23+00:00\",\"mainEntityOfPage\":{\"@id\":\"https:\\\/\\\/archiv.siov.sk\\\/implementacia-modelu-caf-v-statnom-institute-odborneho-vzdelavania-2\\\/\"},\"wordCount\":427,\"publisher\":{\"@id\":\"https:\\\/\\\/archiv.siov.sk\\\/#organization\"},\"image\":{\"@id\":\"https:\\\/\\\/archiv.siov.sk\\\/implementacia-modelu-caf-v-statnom-institute-odborneho-vzdelavania-2\\\/#primaryimage\"},\"thumbnailUrl\":\"https:\\\/\\\/archiv.siov.sk\\\/wp-content\\\/uploads\\\/2024\\\/05\\\/skolenie_model_caf-2.jpg\",\"articleSection\":[\"Aktuality\",\"CAF\"],\"inLanguage\":\"en-GB\"},{\"@type\":\"WebPage\",\"@id\":\"https:\\\/\\\/archiv.siov.sk\\\/implementacia-modelu-caf-v-statnom-institute-odborneho-vzdelavania-2\\\/\",\"url\":\"https:\\\/\\\/archiv.siov.sk\\\/implementacia-modelu-caf-v-statnom-institute-odborneho-vzdelavania-2\\\/\",\"name\":\"Implement\u00e1cia modelu CAF v \u0160t\u00e1tnom in\u0161tit\u00fate odborn\u00e9ho vzdel\u00e1vania - \u0160IOV - \u0161t\u00e1tny in\u0161tit\u00fat odborn\u00e9ho vzdel\u00e1vania\",\"isPartOf\":{\"@id\":\"https:\\\/\\\/archiv.siov.sk\\\/#website\"},\"primaryImageOfPage\":{\"@id\":\"https:\\\/\\\/archiv.siov.sk\\\/implementacia-modelu-caf-v-statnom-institute-odborneho-vzdelavania-2\\\/#primaryimage\"},\"image\":{\"@id\":\"https:\\\/\\\/archiv.siov.sk\\\/implementacia-modelu-caf-v-statnom-institute-odborneho-vzdelavania-2\\\/#primaryimage\"},\"thumbnailUrl\":\"https:\\\/\\\/archiv.siov.sk\\\/wp-content\\\/uploads\\\/2024\\\/05\\\/skolenie_model_caf-2.jpg\",\"datePublished\":\"2024-03-09T14:11:25+00:00\",\"dateModified\":\"2025-05-16T10:04:23+00:00\",\"breadcrumb\":{\"@id\":\"https:\\\/\\\/archiv.siov.sk\\\/implementacia-modelu-caf-v-statnom-institute-odborneho-vzdelavania-2\\\/#breadcrumb\"},\"inLanguage\":\"en-GB\",\"potentialAction\":[{\"@type\":\"ReadAction\",\"target\":[\"https:\\\/\\\/archiv.siov.sk\\\/implementacia-modelu-caf-v-statnom-institute-odborneho-vzdelavania-2\\\/\"]}]},{\"@type\":\"ImageObject\",\"inLanguage\":\"en-GB\",\"@id\":\"https:\\\/\\\/archiv.siov.sk\\\/implementacia-modelu-caf-v-statnom-institute-odborneho-vzdelavania-2\\\/#primaryimage\",\"url\":\"https:\\\/\\\/archiv.siov.sk\\\/wp-content\\\/uploads\\\/2024\\\/05\\\/skolenie_model_caf-2.jpg\",\"contentUrl\":\"https:\\\/\\\/archiv.siov.sk\\\/wp-content\\\/uploads\\\/2024\\\/05\\\/skolenie_model_caf-2.jpg\",\"width\":2040,\"height\":1530},{\"@type\":\"BreadcrumbList\",\"@id\":\"https:\\\/\\\/archiv.siov.sk\\\/implementacia-modelu-caf-v-statnom-institute-odborneho-vzdelavania-2\\\/#breadcrumb\",\"itemListElement\":[{\"@type\":\"ListItem\",\"position\":1,\"name\":\"Home\",\"item\":\"https:\\\/\\\/archiv.siov.sk\\\/\"},{\"@type\":\"ListItem\",\"position\":2,\"name\":\"Implement\u00e1cia modelu CAF v \u0160t\u00e1tnom in\u0161tit\u00fate odborn\u00e9ho vzdel\u00e1vania\"}]},{\"@type\":\"WebSite\",\"@id\":\"https:\\\/\\\/archiv.siov.sk\\\/#website\",\"url\":\"https:\\\/\\\/archiv.siov.sk\\\/\",\"name\":\"\u0160IOV - \u0161t\u00e1tny in\u0161tit\u00fat odborn\u00e9ho vzdel\u00e1vania\",\"description\":\"\",\"publisher\":{\"@id\":\"https:\\\/\\\/archiv.siov.sk\\\/#organization\"},\"potentialAction\":[{\"@type\":\"SearchAction\",\"target\":{\"@type\":\"EntryPoint\",\"urlTemplate\":\"https:\\\/\\\/archiv.siov.sk\\\/?s={search_term_string}\"},\"query-input\":{\"@type\":\"PropertyValueSpecification\",\"valueRequired\":true,\"valueName\":\"search_term_string\"}}],\"inLanguage\":\"en-GB\"},{\"@type\":\"Organization\",\"@id\":\"https:\\\/\\\/archiv.siov.sk\\\/#organization\",\"name\":\"\u0160IOV - \u0161t\u00e1tny in\u0161tit\u00fat odborn\u00e9ho vzdel\u00e1vania\",\"url\":\"https:\\\/\\\/archiv.siov.sk\\\/\",\"logo\":{\"@type\":\"ImageObject\",\"inLanguage\":\"en-GB\",\"@id\":\"https:\\\/\\\/archiv.siov.sk\\\/#\\\/schema\\\/logo\\\/image\\\/\",\"url\":\"https:\\\/\\\/archiv.siov.sk\\\/wp-content\\\/uploads\\\/2024\\\/02\\\/logo-SIOV.png\",\"contentUrl\":\"https:\\\/\\\/archiv.siov.sk\\\/wp-content\\\/uploads\\\/2024\\\/02\\\/logo-SIOV.png\",\"width\":431,\"height\":143,\"caption\":\"\u0160IOV - \u0161t\u00e1tny in\u0161tit\u00fat odborn\u00e9ho vzdel\u00e1vania\"},\"image\":{\"@id\":\"https:\\\/\\\/archiv.siov.sk\\\/#\\\/schema\\\/logo\\\/image\\\/\"},\"sameAs\":[\"https:\\\/\\\/www.facebook.com\\\/Statnyinstitutodbornehovzdelavania\"]},{\"@type\":\"Person\",\"@id\":\"https:\\\/\\\/archiv.siov.sk\\\/#\\\/schema\\\/person\\\/e42d633fbd958c6a726e8834d8965e6c\",\"name\":\"Katar\u00edna Kov\u00e1\u010dov\u00e1\",\"url\":\"https:\\\/\\\/archiv.siov.sk\\\/en\\\/author\\\/katkakovacova\\\/\"}]}<\/script>\n<!-- \/ Yoast SEO plugin. -->","yoast_head_json":{"title":"Implement\u00e1cia modelu CAF v \u0160t\u00e1tnom in\u0161tit\u00fate odborn\u00e9ho vzdel\u00e1vania - \u0160IOV - \u0161t\u00e1tny in\u0161tit\u00fat odborn\u00e9ho vzdel\u00e1vania","robots":{"index":"index","follow":"follow","max-snippet":"max-snippet:-1","max-image-preview":"max-image-preview:large","max-video-preview":"max-video-preview:-1"},"canonical":"https:\/\/archiv.siov.sk\/en\/implementacia-modelu-caf-v-statnom-institute-odborneho-vzdelavania-2\/","og_locale":"en_GB","og_type":"article","og_title":"Implement\u00e1cia modelu CAF v \u0160t\u00e1tnom in\u0161tit\u00fate odborn\u00e9ho vzdel\u00e1vania - \u0160IOV - \u0161t\u00e1tny in\u0161tit\u00fat odborn\u00e9ho vzdel\u00e1vania","og_description":"\u0160t\u00e1tny in\u0161tit\u00fat odborn\u00e9ho vzdel\u00e1vania (\u0160IOV) kladie ve\u013ek\u00fd d\u00f4raz na kvalitn\u00e9 vzdel\u00e1vanie, a preto od roku 2024 zav\u00e1dza model CAF (Common Assessment Framework). V\u010faka tomuto komplexn\u00e9mu n\u00e1stroju bude m\u00f4c\u0165\u00a0 systematicky zlep\u0161ova\u0165 fungovanie vo v\u0161etk\u00fdch oblastiach a dosiahnu\u0165 tak efekt\u00edvnej\u0161iu, transparentnej\u0161iu a na v\u00fdsledky orientovan\u00fa in\u0161tit\u00faciu, ktor\u00e1 bude sl\u00fa\u017ei\u0165 ako vzor pre ostatn\u00e9 in\u0161tit\u00facie verejn\u00e9ho sektora. &nbsp; [&hellip;]","og_url":"https:\/\/archiv.siov.sk\/en\/implementacia-modelu-caf-v-statnom-institute-odborneho-vzdelavania-2\/","og_site_name":"\u0160IOV - \u0161t\u00e1tny in\u0161tit\u00fat odborn\u00e9ho vzdel\u00e1vania","article_publisher":"https:\/\/www.facebook.com\/Statnyinstitutodbornehovzdelavania","article_published_time":"2024-03-09T14:11:25+00:00","article_modified_time":"2025-05-16T10:04:23+00:00","og_image":[{"width":2040,"height":1530,"url":"https:\/\/archiv.siov.sk\/wp-content\/uploads\/2024\/05\/skolenie_model_caf-2.jpg","type":"image\/jpeg"}],"author":"Katar\u00edna Kov\u00e1\u010dov\u00e1","twitter_card":"summary_large_image","twitter_misc":{"Written by":"Katar\u00edna Kov\u00e1\u010dov\u00e1","Estimated reading time":"3 minutes"},"schema":{"@context":"https:\/\/schema.org","@graph":[{"@type":"Article","@id":"https:\/\/archiv.siov.sk\/implementacia-modelu-caf-v-statnom-institute-odborneho-vzdelavania-2\/#article","isPartOf":{"@id":"https:\/\/archiv.siov.sk\/implementacia-modelu-caf-v-statnom-institute-odborneho-vzdelavania-2\/"},"author":{"name":"Katar\u00edna Kov\u00e1\u010dov\u00e1","@id":"https:\/\/archiv.siov.sk\/#\/schema\/person\/e42d633fbd958c6a726e8834d8965e6c"},"headline":"Implement\u00e1cia modelu CAF v \u0160t\u00e1tnom in\u0161tit\u00fate odborn\u00e9ho vzdel\u00e1vania","datePublished":"2024-03-09T14:11:25+00:00","dateModified":"2025-05-16T10:04:23+00:00","mainEntityOfPage":{"@id":"https:\/\/archiv.siov.sk\/implementacia-modelu-caf-v-statnom-institute-odborneho-vzdelavania-2\/"},"wordCount":427,"publisher":{"@id":"https:\/\/archiv.siov.sk\/#organization"},"image":{"@id":"https:\/\/archiv.siov.sk\/implementacia-modelu-caf-v-statnom-institute-odborneho-vzdelavania-2\/#primaryimage"},"thumbnailUrl":"https:\/\/archiv.siov.sk\/wp-content\/uploads\/2024\/05\/skolenie_model_caf-2.jpg","articleSection":["Aktuality","CAF"],"inLanguage":"en-GB"},{"@type":"WebPage","@id":"https:\/\/archiv.siov.sk\/implementacia-modelu-caf-v-statnom-institute-odborneho-vzdelavania-2\/","url":"https:\/\/archiv.siov.sk\/implementacia-modelu-caf-v-statnom-institute-odborneho-vzdelavania-2\/","name":"Implement\u00e1cia modelu CAF v \u0160t\u00e1tnom in\u0161tit\u00fate odborn\u00e9ho vzdel\u00e1vania - \u0160IOV - \u0161t\u00e1tny in\u0161tit\u00fat odborn\u00e9ho vzdel\u00e1vania","isPartOf":{"@id":"https:\/\/archiv.siov.sk\/#website"},"primaryImageOfPage":{"@id":"https:\/\/archiv.siov.sk\/implementacia-modelu-caf-v-statnom-institute-odborneho-vzdelavania-2\/#primaryimage"},"image":{"@id":"https:\/\/archiv.siov.sk\/implementacia-modelu-caf-v-statnom-institute-odborneho-vzdelavania-2\/#primaryimage"},"thumbnailUrl":"https:\/\/archiv.siov.sk\/wp-content\/uploads\/2024\/05\/skolenie_model_caf-2.jpg","datePublished":"2024-03-09T14:11:25+00:00","dateModified":"2025-05-16T10:04:23+00:00","breadcrumb":{"@id":"https:\/\/archiv.siov.sk\/implementacia-modelu-caf-v-statnom-institute-odborneho-vzdelavania-2\/#breadcrumb"},"inLanguage":"en-GB","potentialAction":[{"@type":"ReadAction","target":["https:\/\/archiv.siov.sk\/implementacia-modelu-caf-v-statnom-institute-odborneho-vzdelavania-2\/"]}]},{"@type":"ImageObject","inLanguage":"en-GB","@id":"https:\/\/archiv.siov.sk\/implementacia-modelu-caf-v-statnom-institute-odborneho-vzdelavania-2\/#primaryimage","url":"https:\/\/archiv.siov.sk\/wp-content\/uploads\/2024\/05\/skolenie_model_caf-2.jpg","contentUrl":"https:\/\/archiv.siov.sk\/wp-content\/uploads\/2024\/05\/skolenie_model_caf-2.jpg","width":2040,"height":1530},{"@type":"BreadcrumbList","@id":"https:\/\/archiv.siov.sk\/implementacia-modelu-caf-v-statnom-institute-odborneho-vzdelavania-2\/#breadcrumb","itemListElement":[{"@type":"ListItem","position":1,"name":"Home","item":"https:\/\/archiv.siov.sk\/"},{"@type":"ListItem","position":2,"name":"Implement\u00e1cia modelu CAF v \u0160t\u00e1tnom in\u0161tit\u00fate odborn\u00e9ho vzdel\u00e1vania"}]},{"@type":"WebSite","@id":"https:\/\/archiv.siov.sk\/#website","url":"https:\/\/archiv.siov.sk\/","name":"\u0160IOV - \u0161t\u00e1tny in\u0161tit\u00fat odborn\u00e9ho vzdel\u00e1vania","description":"","publisher":{"@id":"https:\/\/archiv.siov.sk\/#organization"},"potentialAction":[{"@type":"SearchAction","target":{"@type":"EntryPoint","urlTemplate":"https:\/\/archiv.siov.sk\/?s={search_term_string}"},"query-input":{"@type":"PropertyValueSpecification","valueRequired":true,"valueName":"search_term_string"}}],"inLanguage":"en-GB"},{"@type":"Organization","@id":"https:\/\/archiv.siov.sk\/#organization","name":"\u0160IOV - \u0161t\u00e1tny in\u0161tit\u00fat odborn\u00e9ho vzdel\u00e1vania","url":"https:\/\/archiv.siov.sk\/","logo":{"@type":"ImageObject","inLanguage":"en-GB","@id":"https:\/\/archiv.siov.sk\/#\/schema\/logo\/image\/","url":"https:\/\/archiv.siov.sk\/wp-content\/uploads\/2024\/02\/logo-SIOV.png","contentUrl":"https:\/\/archiv.siov.sk\/wp-content\/uploads\/2024\/02\/logo-SIOV.png","width":431,"height":143,"caption":"\u0160IOV - \u0161t\u00e1tny in\u0161tit\u00fat odborn\u00e9ho vzdel\u00e1vania"},"image":{"@id":"https:\/\/archiv.siov.sk\/#\/schema\/logo\/image\/"},"sameAs":["https:\/\/www.facebook.com\/Statnyinstitutodbornehovzdelavania"]},{"@type":"Person","@id":"https:\/\/archiv.siov.sk\/#\/schema\/person\/e42d633fbd958c6a726e8834d8965e6c","name":"Katar\u00edna Kov\u00e1\u010dov\u00e1","url":"https:\/\/archiv.siov.sk\/en\/author\/katkakovacova\/"}]}},"_links":{"self":[{"href":"https:\/\/archiv.siov.sk\/en\/wp-json\/wp\/v2\/posts\/15606","targetHints":{"allow":["GET"]}}],"collection":[{"href":"https:\/\/archiv.siov.sk\/en\/wp-json\/wp\/v2\/posts"}],"about":[{"href":"https:\/\/archiv.siov.sk\/en\/wp-json\/wp\/v2\/types\/post"}],"author":[{"embeddable":true,"href":"https:\/\/archiv.siov.sk\/en\/wp-json\/wp\/v2\/users\/6"}],"replies":[{"embeddable":true,"href":"https:\/\/archiv.siov.sk\/en\/wp-json\/wp\/v2\/comments?post=15606"}],"version-history":[{"count":6,"href":"https:\/\/archiv.siov.sk\/en\/wp-json\/wp\/v2\/posts\/15606\/revisions"}],"predecessor-version":[{"id":18948,"href":"https:\/\/archiv.siov.sk\/en\/wp-json\/wp\/v2\/posts\/15606\/revisions\/18948"}],"wp:featuredmedia":[{"embeddable":true,"href":"https:\/\/archiv.siov.sk\/en\/wp-json\/wp\/v2\/media\/15608"}],"wp:attachment":[{"href":"https:\/\/archiv.siov.sk\/en\/wp-json\/wp\/v2\/media?parent=15606"}],"wp:term":[{"taxonomy":"category","embeddable":true,"href":"https:\/\/archiv.siov.sk\/en\/wp-json\/wp\/v2\/categories?post=15606"},{"taxonomy":"post_tag","embeddable":true,"href":"https:\/\/archiv.siov.sk\/en\/wp-json\/wp\/v2\/tags?post=15606"}],"curies":[{"name":"wp","href":"https:\/\/api.w.org\/{rel}","templated":true}]}}