{"id":15169,"date":"2024-04-23T15:24:31","date_gmt":"2024-04-23T13:24:31","guid":{"rendered":"https:\/\/archiv.siov.sk\/?p=15169"},"modified":"2025-07-03T10:41:26","modified_gmt":"2025-07-03T08:41:26","slug":"konferencia-zabezpecovanie-kvality-ako-sucast-zivota-skoly","status":"publish","type":"post","link":"https:\/\/archiv.siov.sk\/en\/konferencia-zabezpecovanie-kvality-ako-sucast-zivota-skoly\/","title":{"rendered":"KONFERENCIA ZABEZPE\u010cOVANIE KVALITY AKO S\u00da\u010cAS\u0164 \u017dIVOTA \u0160KOLY"},"content":{"rendered":"<section class=\"elementor-section elementor-top-section elementor-element elementor-element-fc6fe2c elementor-section-boxed elementor-section-height-default elementor-section-height-default\" data-id=\"fc6fe2c\" data-element_type=\"section\">\n<div class=\"elementor-container elementor-column-gap-default\">\n<div class=\"elementor-column elementor-col-100 elementor-top-column elementor-element elementor-element-11da10f\" data-id=\"11da10f\" data-element_type=\"column\">\n<div class=\"elementor-widget-wrap elementor-element-populated\">\n<div class=\"elementor-element elementor-element-f1eece4 elementor-widget elementor-widget-heading\" data-id=\"f1eece4\" data-element_type=\"widget\" data-widget_type=\"heading.default\">\n<div class=\"elementor-widget-container\">\n<h6 class=\"elementor-heading-title elementor-size-default\" style=\"text-align: justify;\"><b>Poz\u00fdvame V\u00e1s na konferenciu s n\u00e1zvom Zabezpe\u010dovanie kvality ako s\u00fa\u010das\u0165 \u017eivota \u0161koly, ktor\u00e1 sa uskuto\u010dn\u00ed 30. apr\u00edla 2024 v kult\u00farnom centre Mal\u00fd Berl\u00edn v \u010dase od 13:00 do 17:00 hod.<\/b><\/h6>\n<\/div>\n<\/div>\n<\/div>\n<\/div>\n<\/div>\n<\/section>\n<section class=\"elementor-section elementor-top-section elementor-element elementor-element-219170d elementor-section-boxed elementor-section-height-default elementor-section-height-default\" data-id=\"219170d\" data-element_type=\"section\">\n<div class=\"elementor-container elementor-column-gap-default\">\n<div class=\"elementor-column elementor-col-100 elementor-top-column elementor-element elementor-element-df3f01f\" data-id=\"df3f01f\" data-element_type=\"column\">\n<div class=\"elementor-widget-wrap elementor-element-populated\">\n<div class=\"elementor-element elementor-element-5ce6433 elementor-widget elementor-widget-text-editor\" data-id=\"5ce6433\" data-element_type=\"widget\" data-widget_type=\"text-editor.default\">\n<div class=\"elementor-widget-container\">\n<p>&nbsp;<\/p>\n<p style=\"text-align: justify;\">E\u0161te t\u00fd\u017ede\u0148 m\u00e1te mo\u017enos\u0165\u00a0<strong><a href=\"https:\/\/docs.google.com\/forms\/d\/e\/1FAIpQLScoLkOAnimZYdvRJUZ0t6TWyGunKqgGH0AnUa8yQE0mCFVg2g\/viewform\">zaregistrova\u0165 sa <\/a><\/strong>na konferenciu, na ktorej sa u\u017e po tret\u00edkr\u00e1t uskuto\u010dn\u00ed sl\u00e1vnostn\u00e9 vyhl\u00e1senie v\u00ed\u0165azov <strong><a href=\"https:\/\/okvalite.sk\/narodna-cena-kvality-v-ovp-2024\/\">N\u00e1rodnej ceny kvality v\u00a0OVP 2024<\/a><\/strong>. Konferencia je z\u00e1vere\u010dn\u00fdm podujat\u00edm <strong><a href=\"https:\/\/okvalite.sk\/podujatia-2024\/\">Mesiaca kvality<\/a><\/strong>, nad ktor\u00fdm prevzalo z\u00e1\u0161titu Ministerstvo \u0161kolstva, v\u00fdskumu, v\u00fdvoja a ml\u00e1de\u017ee SR.<\/p>\n<p>Predt\u00fdm ako sa dozvieme tohtoro\u010dn\u00fdch v\u00fdhercov N\u00e1rodnej ceny kvality v OVP n\u00e1s \u010dakaj\u00fa prezent\u00e1cie re\u010dn\u00edkov zo Slovenska, Holandska a\u00a0Chorv\u00e1tska:<\/p>\n<p style=\"text-align: justify;\"><strong>Daisy Termorshuizen<\/strong>\u00a0z\u00a0 Centra pre inov\u00e1cie vzdel\u00e1vania a\u00a0odbornej pr\u00edpravy n\u00e1m predstav\u00ed ako pracuj\u00fa s\u00a0u\u010dite\u013emi v\u00a0oblasti \u201eleadershipu\u201c a\u00a0posilnenia zapojenia \u0161tudentov do zabezpe\u010dovania kvality v\u00a0Holandsku.<\/p>\n<p style=\"text-align: justify;\"><strong>Tamara Hudolin<\/strong>\u00a0z Agent\u00fary pre odborn\u00e9 vzdel\u00e1vanie a pr\u00edpravu a vzdel\u00e1vanie dospel\u00fdch spolu s\u00a0predstavite\u013eom SO\u0160 z\u00a0Dubrovn\u00edka predstavia projekt Trasovanie absolventov a\u00a0ak\u00e9 v\u00fdsledky im prin\u00e1\u0161a.<\/p>\n<p style=\"text-align: justify;\"><strong>Jana Feherpataky-Kuzmov\u00e1<\/strong>\u00a0z\u00a0In\u0161tit\u00fatu pre akt\u00edvne ob\u010dianstvo n\u00e1m pribl\u00ed\u017ei spolupr\u00e1cu so \u0161kolami, a to najm\u00e4 prostredn\u00edctvom skvalit\u0148ovania ob\u010dianskej v\u00fdchovy a vzdel\u00e1vania det\u00ed aj dospel\u00fdch a syst\u00e9mov\u00fdch zlep\u0161en\u00ed na lok\u00e1lnej, celoslovenskej aj eur\u00f3pskej \u00farovni.<\/p>\n<p style=\"text-align: justify;\">Po prest\u00e1vke bude nasledova\u0165\u00a0<strong>panelov\u00e1 diskusia s\u00a0n\u00e1zvom Zabezpe\u010dovanie kvality r\u00f4znych akt\u00e9rov v\u00a0OVP<\/strong>. Pozvanie do nej prijali riadite\u013e odboru \u0161kolstva Trnavsk\u00e9ho samospr\u00e1vneho kraja, <strong>Stanislav Pravda<\/strong>, riadite\u013e hotelovej akad\u00e9mie v Pie\u0161\u0165anoch,\u00a0<strong>Ladislav Bla\u0161kovi\u010d<\/strong>\u00a0a z\u00e1stupca zamestn\u00e1vate\u013ea ZF s.r.o.,\u00a0<strong>Marek Benedik<\/strong>. Diskusia bude najm\u00e4 o d\u00f4le\u017eitosti spolupr\u00e1ce medzi zria\u010fovate\u013eom, zamestn\u00e1vate\u013eom a \u0161kolou, o tom, ako prebieha komunik\u00e1cia, ako sa zabezpe\u010duje kvalita a efekt\u00edvnos\u0165 praxe \u0161tudentov na pracovisku, ak\u00e1 je particip\u00e1cia na tvorbe \u0160kVP a pod.<\/p>\n<p style=\"text-align: justify;\"><strong>Juraj Vantuch<\/strong> zo \u0160t\u00e1tneho in\u0161tit\u00fatu odborn\u00e9ho vzdel\u00e1vania uzatvor\u00ed prezent\u00e1cie jeho pr\u00edspevkom o tom, ako sa pozera\u0165 na kvalitu v OVP a zodpovie ot\u00e1zku \u010di potrebuje Slovensko strat\u00e9giu zabezpe\u010dovania kvality vo vzdel\u00e1van\u00ed.<\/p>\n<p>Po skon\u010den\u00ed ofici\u00e1lneho\u00a0<a href=\"https:\/\/okvalite.sk\/wp-content\/uploads\/2024\/04\/program-narodna-cena-2024_compressed.pdf\"><strong>programu<\/strong><\/a>\u00a0V\u00e1s poz\u00fdvame na mal\u00e9 ob\u010derstvenie a networking pri \u010da\u0161i v\u00edna.<\/p>\n<p>Podujatie bude tlmo\u010den\u00e9 z anglick\u00e9ho do slovensk\u00e9ho jazyka.<\/p>\n<\/div>\n<div class=\"elementor-column elementor-col-50 elementor-top-column elementor-element elementor-element-4bcf268\" data-id=\"4bcf268\" data-element_type=\"column\">\n<div class=\"elementor-widget-wrap elementor-element-populated\">\n<div class=\"elementor-element elementor-element-b26bcc6 elementor-align-center elementor-widget elementor-widget-button\" data-id=\"b26bcc6\" data-element_type=\"widget\" data-widget_type=\"button.default\">\n<div class=\"elementor-widget-container\">\n<div class=\"elementor-button-wrapper\" style=\"text-align: left;\"><a class=\"elementor-button elementor-button-link elementor-size-sm\" href=\"https:\/\/okvalite.sk\/wp-content\/uploads\/2024\/04\/program-narodna-cena-2024_compressed.pdf\" target=\"_blank\" rel=\"noopener\"><span class=\"elementor-button-content-wrapper\"><span class=\"elementor-button-text\">PROGRAM<\/span><\/span><\/a><\/div>\n<\/div>\n<\/div>\n<div><\/div>\n<div class=\"elementor-element elementor-element-b26bcc6 elementor-align-center elementor-widget elementor-widget-button\" data-id=\"b26bcc6\" data-element_type=\"widget\" data-widget_type=\"button.default\">\n<div class=\"elementor-widget-container\">\n<div><\/div>\n<div style=\"text-align: left;\"><\/div>\n<\/div>\n<\/div>\n<\/div>\n<\/div>\n<div class=\"elementor-column elementor-col-50 elementor-top-column elementor-element elementor-element-3d7bb4c\" data-id=\"3d7bb4c\" data-element_type=\"column\">\n<div class=\"elementor-widget-wrap elementor-element-populated\">\n<div class=\"elementor-element elementor-element-83a395d elementor-align-center elementor-widget elementor-widget-button\" data-id=\"83a395d\" data-element_type=\"widget\" data-widget_type=\"button.default\">\n<div class=\"elementor-widget-container\">\n<div class=\"elementor-button-wrapper\" style=\"text-align: left;\"><a class=\"elementor-button elementor-button-link elementor-size-sm\" href=\"https:\/\/docs.google.com\/forms\/d\/e\/1FAIpQLScoLkOAnimZYdvRJUZ0t6TWyGunKqgGH0AnUa8yQE0mCFVg2g\/viewform\" target=\"_blank\" rel=\"noopener\"><span class=\"elementor-button-content-wrapper\"><span class=\"elementor-button-text\">REGISTR\u00c1CIA<\/span><\/span><\/a><\/div>\n<div><\/div>\n<\/div>\n<\/div>\n<\/div>\n<\/div>\n<div class=\"elementor-widget-container\">\n<p>&nbsp;<\/p>\n<p>Te\u0161\u00edme sa na V\u00e1s.<\/p>\n<figure id=\"attachment_19606\" aria-describedby=\"caption-attachment-19606\" style=\"width: 400px\" class=\"wp-caption aligncenter\"><img decoding=\"async\" class=\"wp-image-19606\" src=\"https:\/\/archiv.siov.sk\/wp-content\/uploads\/2025\/06\/spolufinancovane-EU-300x86.png\" alt=\"spolufinancovany EU logo\" width=\"400\" height=\"114\" srcset=\"https:\/\/archiv.siov.sk\/wp-content\/uploads\/2025\/06\/spolufinancovane-EU-300x86.png 300w, https:\/\/archiv.siov.sk\/wp-content\/uploads\/2025\/06\/spolufinancovane-EU-18x5.png 18w, https:\/\/archiv.siov.sk\/wp-content\/uploads\/2025\/06\/spolufinancovane-EU.png 600w\" sizes=\"(max-width: 400px) 100vw, 400px\" \/><figcaption id=\"caption-attachment-19606\" class=\"wp-caption-text\">Financovan\u00e9 Eur\u00f3pskou \u00faniou. Vyjadren\u00e9 n\u00e1zory a postoje s\u00fa n\u00e1zormi a vyhl\u00e1seniami autora a nemusia nevyhnutne odr\u00e1\u017ea\u0165 n\u00e1zory a stanovisk\u00e1 Eur\u00f3pskej \u00fanie alebo Eur\u00f3pskej v\u00fdkonnej agent\u00fary pre vzdel\u00e1vanie a kult\u00faru (EACEA). Eur\u00f3pska \u00fania ani EACEA za ne nepreberaj\u00fa \u017eiadnu zodpovednos\u0165.<\/figcaption><\/figure>\n<p>&nbsp;<\/p>\n<p style=\"text-align: center;\"><strong>Viac o na\u0161ich re\u010dn\u00edkoch:<\/strong><\/p>\n<\/div>\n<\/div>\n<\/div>\n<\/div>\n<\/div>\n<\/section>\n<section class=\"elementor-section elementor-top-section elementor-element elementor-element-cf049b6 elementor-section-boxed elementor-section-height-default elementor-section-height-default\" data-id=\"cf049b6\" data-element_type=\"section\">\n<div class=\"elementor-container elementor-column-gap-default\">\n<div class=\"elementor-column elementor-col-25 elementor-top-column elementor-element elementor-element-ed0d93a\" data-id=\"ed0d93a\" data-element_type=\"column\">\n<div class=\"elementor-widget-wrap elementor-element-populated\">\n<div class=\"elementor-element elementor-element-1e0d438 elementor-widget elementor-widget-image\" data-id=\"1e0d438\" data-element_type=\"widget\" data-widget_type=\"image.default\">\n<div class=\"elementor-widget-container\"><\/div>\n<\/div>\n<\/div>\n<\/div>\n<\/div>\n<\/section>\n<section class=\"elementor-section elementor-top-section elementor-element elementor-element-96c982a elementor-section-boxed elementor-section-height-default elementor-section-height-default\" data-id=\"96c982a\" data-element_type=\"section\">\n<div class=\"elementor-container elementor-column-gap-default\">\n<div class=\"elementor-column elementor-col-25 elementor-top-column elementor-element elementor-element-2e7ef8c\" data-id=\"2e7ef8c\" data-element_type=\"column\">\n<div class=\"elementor-widget-wrap elementor-element-populated\">\n<div class=\"elementor-element elementor-element-1700a85 elementor-widget__width-initial elementor-widget elementor-widget-text-editor\" data-id=\"1700a85\" data-element_type=\"widget\" data-widget_type=\"text-editor.default\">\n<div class=\"elementor-widget-container\">\n<p><img decoding=\"async\" class=\"aligncenter\" src=\"https:\/\/okvalite.sk\/wp-content\/uploads\/2024\/04\/Daisy-150x150.jpg\" \/><\/p>\n<p style=\"text-align: justify;\"><strong>Daisy Termorshuizen<\/strong> je koordin\u00e1torkou n\u00e1rodn\u00e9ho referen\u010dn\u00e9ho miesta EQAVET v Holandsku. Okrem koordin\u00e1cie projektu sa osobitne zameriava na zapojenie \u0161tudentov do zabezpe\u010dovania kvality. Okrem pr\u00e1ce pre EQA<span style=\"font-size: 16px;\">VET pracuje Daisy aj pre\u00a0<\/span><strong style=\"font-size: 16px;\">CINOP \u2013 holandsk\u00fa poradensk\u00fa a v\u00fdskumn\u00fa organiz\u00e1ciu zameran\u00fa na odborn\u00e9 vzdel\u00e1vanie a pr\u00edpravu<\/strong><span style=\"font-size: 16px;\">. Pracuje ako konzultantka v oblasti t\u00edmov\u00e9ho vzdel\u00e1vania a inov\u00e1ci\u00ed. V\u010faka vzdelaniu v oblasti medzin\u00e1rodn\u00fdch rozvojov\u00fdch \u0161t\u00fadi\u00ed a sk\u00fasenostiam v oblasti udr\u017eate\u013enosti pracuje Daisy na projektoch t\u00fdkaj\u00facich sa integr\u00e1cie udr\u017eate\u013enosti do vzdel\u00e1vania a zru\u010dnost\u00ed 21. storo\u010dia.<\/span><\/p>\n<\/div>\n<\/div>\n<\/div>\n<\/div>\n<div class=\"elementor-column elementor-col-25 elementor-top-column elementor-element elementor-element-6904ac4\" data-id=\"6904ac4\" data-element_type=\"column\">\n<div class=\"elementor-widget-wrap elementor-element-populated\">\n<div class=\"elementor-element elementor-element-0ce007f elementor-widget__width-initial elementor-widget elementor-widget-text-editor\" data-id=\"0ce007f\" data-element_type=\"widget\" data-widget_type=\"text-editor.default\">\n<div class=\"elementor-widget-container\">\n<p><img decoding=\"async\" class=\"aligncenter\" src=\"https:\/\/okvalite.sk\/wp-content\/uploads\/2024\/04\/Tamara-Hudolin-e1713876228966.png\" \/><\/p>\n<p style=\"text-align: justify;\"><strong>Tamara Hudolin\u00a0<\/strong>je v s\u00fa\u010dasnosti ved\u00facou sekcie medzin\u00e1rodnej spolupr\u00e1ce v\u00a0<strong>Agent\u00fare pre odborn\u00e9 vzdel\u00e1vanie a pr\u00edpravu a vzdel\u00e1vanie dospel\u00fdch (AVETAE)<\/strong>, n\u00e1rodnej in\u0161tit\u00facii pre pl\u00e1novanie, rozvoj, organiz\u00e1ciu, implement\u00e1ciu, \u0161t\u00fadium a zlep\u0161ovanie syst\u00e9mu odborn\u00e9ho vzdel\u00e1vania a pr\u00edpravy a vzdel\u00e1vania dospel\u00fdch. Jej odborn\u00fdmi oblas\u0165ami a profesion\u00e1lnymi sk\u00fasenos\u0165ami s\u00fa politika odborn\u00e9ho vzdel\u00e1vania a pr\u00edpravy, tvorba profesijn\u00fdch \u0161tandardov, kvalifik\u00e1cie a u\u010debn\u00e9 osnovy a eur\u00f3pske n\u00e1stroje pre OVP. V posledn\u00fdch desiatich rokoch je \u010dlenkou r\u00f4znych expertn\u00fdch skup\u00edn v oblasti OVP a akt\u00edvne spolupracuje s in\u00fdmi odborn\u00fdmi zdru\u017eeniami a zainteresovan\u00fdmi stranami v chorv\u00e1tskom vzdel\u00e1vacom syst\u00e9me.<\/p>\n<\/div>\n<\/div>\n<\/div>\n<\/div>\n<div class=\"elementor-column elementor-col-25 elementor-top-column elementor-element elementor-element-aba7fb1\" data-id=\"aba7fb1\" data-element_type=\"column\">\n<div class=\"elementor-widget-wrap elementor-element-populated\">\n<div class=\"elementor-element elementor-element-0cd354f elementor-widget__width-initial elementor-widget elementor-widget-text-editor\" data-id=\"0cd354f\" data-element_type=\"widget\" data-widget_type=\"text-editor.default\">\n<div class=\"elementor-widget-container\">\n<p><img decoding=\"async\" class=\"aligncenter\" src=\"https:\/\/okvalite.sk\/wp-content\/uploads\/2024\/04\/JFK-profil_2023_res-150x150.jpg\" \/><\/p>\n<p style=\"text-align: justify;\"><strong>Jana Feherpataky-Kuzmov\u00e1<\/strong>\u00a0je spoluzakladate\u013ekou a v\u00fdkonnou riadite\u013ekou\u00a0<strong>In\u0161tit\u00fatu pre akt\u00edvne ob\u010dianstvo<\/strong>\u00a0a vedie organiz\u00e1ciu k budovaniu vyspelej, funk\u010dnej a udr\u017eate\u013enej ob\u010dianskej spolo\u010dnosti, v ktorej je ka\u017ed\u00fd ob\u010dan jej akt\u00edvnou, d\u00f4le\u017eitou a nenahradite\u013enou s\u00fa\u010das\u0165ou. Je autorkou konceptu \u0160koly, ktor\u00e9 menia svet a zakladate\u013ekou programu, za ktor\u00fd jej Eur\u00f3psky parlament v roku 2023 udelil Cenu eur\u00f3pskeho ob\u010dana. Dlhodobo p\u00f4sob\u00ed ako odborn\u00ed\u010dka na ob\u010diansku v\u00fdchovu a vzdel\u00e1vanie, metodi\u010dka, lektorka z\u00e1\u017eitkov\u00e9ho vzdel\u00e1vania pre deti aj dospel\u00fdch, facilit\u00e1torka a mentorka, ktor\u00e1 sa sna\u017e\u00ed pedag\u00f3gov podporova\u0165 v zav\u00e1dzan\u00ed neform\u00e1lnych a interakt\u00edvnych met\u00f3d do v\u00fdu\u010dby.<\/p>\n<\/div>\n<\/div>\n<\/div>\n<\/div>\n<div class=\"elementor-column elementor-col-25 elementor-top-column elementor-element elementor-element-1eb04b2\" data-id=\"1eb04b2\" data-element_type=\"column\">\n<div class=\"elementor-widget-wrap elementor-element-populated\">\n<div class=\"elementor-element elementor-element-8c7c1d5 elementor-widget__width-initial elementor-widget elementor-widget-text-editor\" data-id=\"8c7c1d5\" data-element_type=\"widget\" data-widget_type=\"text-editor.default\">\n<div class=\"elementor-widget-container\">\n<p><img decoding=\"async\" class=\"aligncenter\" src=\"https:\/\/okvalite.sk\/wp-content\/uploads\/2024\/04\/Speakers_Juraj_Vantuch-150x150.jpg\" \/><\/p>\n<p style=\"text-align: justify;\"><strong>Juraj Vantuch\u00a0<\/strong>je analytik vzdel\u00e1vacej politiky, ktor\u00fd ka\u017edoro\u010dne sprac\u00fava monitorovacie spr\u00e1vy o stave \u0161kolstva na Slovensku pre Eur\u00f3psku komisiu. Je spoluautorom dokumentu U\u010diace sa Slovensko.\u00a0 P\u00f4sob\u00ed aj ako n\u00e1rodn\u00fd koordin\u00e1tor siete\u00a0<strong>ReferNet<\/strong>. ReferNet Slovensko sprac\u00fava spr\u00e1vy o monitorovan\u00ed odborn\u00e9ho vzdel\u00e1vania a pr\u00edpravy a spr\u00e1vy o \u0161pecifick\u00fdch t\u00e9mach s\u00favisiacich s odborn\u00fdm vzdel\u00e1van\u00edm a pr\u00edpravou na Slovensku pre\u00a0<strong>Cedefop<\/strong>. Je ved\u00facim Slovensk\u00e9ho n\u00e1rodn\u00e9ho observat\u00f3ria odborn\u00e9ho vzdel\u00e1vania a pr\u00edpravy od jeho zalo\u017eenia v roku 1997 ako s\u00fa\u010dasti \u0160IOV-u.<\/p>\n<\/div>\n<\/div>\n<\/div>\n<\/div>\n<\/div>\n<\/section>","protected":false},"excerpt":{"rendered":"<p>Poz\u00fdvame V\u00e1s na konferenciu s n\u00e1zvom Zabezpe\u010dovanie kvality ako s\u00fa\u010das\u0165 \u017eivota \u0161koly, ktor\u00e1 sa uskuto\u010dn\u00ed 30. apr\u00edla 2024 v kult\u00farnom centre Mal\u00fd Berl\u00edn v \u010dase od 13:00 do 17:00 hod. &nbsp; E\u0161te t\u00fd\u017ede\u0148 m\u00e1te mo\u017enos\u0165\u00a0zaregistrova\u0165 sa na konferenciu, na ktorej sa u\u017e po tret\u00edkr\u00e1t uskuto\u010dn\u00ed sl\u00e1vnostn\u00e9 vyhl\u00e1senie v\u00ed\u0165azov N\u00e1rodnej ceny kvality v\u00a0OVP 2024. Konferencia je [&hellip;]<\/p>\n","protected":false},"author":6,"featured_media":15171,"comment_status":"closed","ping_status":"closed","sticky":false,"template":"","format":"standard","meta":{"site-sidebar-layout":"default","site-content-layout":"","ast-site-content-layout":"default","site-content-style":"default","site-sidebar-style":"default","ast-global-header-display":"","ast-banner-title-visibility":"","ast-main-header-display":"","ast-hfb-above-header-display":"","ast-hfb-below-header-display":"","ast-hfb-mobile-header-display":"","site-post-title":"","ast-breadcrumbs-content":"","ast-featured-img":"","footer-sml-layout":"","ast-disable-related-posts":"","theme-transparent-header-meta":"default","adv-header-id-meta":"","stick-header-meta":"default","header-above-stick-meta":"","header-main-stick-meta":"","header-below-stick-meta":"","astra-migrate-meta-layouts":"set","ast-page-background-enabled":"default","ast-page-background-meta":{"desktop":{"background-color":"var(--ast-global-color-4)","background-image":"","background-repeat":"repeat","background-position":"center center","background-size":"auto","background-attachment":"scroll","background-type":"","background-media":"","overlay-type":"","overlay-color":"","overlay-opacity":"","overlay-gradient":""},"tablet":{"background-color":"","background-image":"","background-repeat":"repeat","background-position":"center center","background-size":"auto","background-attachment":"scroll","background-type":"","background-media":"","overlay-type":"","overlay-color":"","overlay-opacity":"","overlay-gradient":""},"mobile":{"background-color":"","background-image":"","background-repeat":"repeat","background-position":"center center","background-size":"auto","background-attachment":"scroll","background-type":"","background-media":"","overlay-type":"","overlay-color":"","overlay-opacity":"","overlay-gradient":""}},"ast-content-background-meta":{"desktop":{"background-color":"var(--ast-global-color-5)","background-image":"","background-repeat":"repeat","background-position":"center center","background-size":"auto","background-attachment":"scroll","background-type":"","background-media":"","overlay-type":"","overlay-color":"","overlay-opacity":"","overlay-gradient":""},"tablet":{"background-color":"var(--ast-global-color-5)","background-image":"","background-repeat":"repeat","background-position":"center center","background-size":"auto","background-attachment":"scroll","background-type":"","background-media":"","overlay-type":"","overlay-color":"","overlay-opacity":"","overlay-gradient":""},"mobile":{"background-color":"var(--ast-global-color-5)","background-image":"","background-repeat":"repeat","background-position":"center center","background-size":"auto","background-attachment":"scroll","background-type":"","background-media":"","overlay-type":"","overlay-color":"","overlay-opacity":"","overlay-gradient":""}},"footnotes":""},"categories":[1],"tags":[],"class_list":["post-15169","post","type-post","status-publish","format-standard","has-post-thumbnail","hentry","category-aktuality"],"yoast_head":"<!-- This site is optimized with the Yoast SEO plugin v27.5 - https:\/\/yoast.com\/product\/yoast-seo-wordpress\/ -->\n<title>KONFERENCIA ZABEZPE\u010cOVANIE KVALITY AKO S\u00da\u010cAS\u0164 \u017dIVOTA \u0160KOLY - \u0160IOV - \u0161t\u00e1tny in\u0161tit\u00fat odborn\u00e9ho vzdel\u00e1vania<\/title>\n<meta name=\"robots\" content=\"index, follow, max-snippet:-1, max-image-preview:large, max-video-preview:-1\" \/>\n<link rel=\"canonical\" href=\"https:\/\/archiv.siov.sk\/en\/konferencia-zabezpecovanie-kvality-ako-sucast-zivota-skoly\/\" \/>\n<meta property=\"og:locale\" content=\"en_GB\" \/>\n<meta property=\"og:type\" content=\"article\" \/>\n<meta property=\"og:title\" content=\"KONFERENCIA ZABEZPE\u010cOVANIE KVALITY AKO S\u00da\u010cAS\u0164 \u017dIVOTA \u0160KOLY - \u0160IOV - \u0161t\u00e1tny in\u0161tit\u00fat odborn\u00e9ho vzdel\u00e1vania\" \/>\n<meta property=\"og:description\" content=\"Poz\u00fdvame V\u00e1s na konferenciu s n\u00e1zvom Zabezpe\u010dovanie kvality ako s\u00fa\u010das\u0165 \u017eivota \u0161koly, ktor\u00e1 sa uskuto\u010dn\u00ed 30. apr\u00edla 2024 v kult\u00farnom centre Mal\u00fd Berl\u00edn v \u010dase od 13:00 do 17:00 hod. &nbsp; E\u0161te t\u00fd\u017ede\u0148 m\u00e1te mo\u017enos\u0165\u00a0zaregistrova\u0165 sa na konferenciu, na ktorej sa u\u017e po tret\u00edkr\u00e1t uskuto\u010dn\u00ed sl\u00e1vnostn\u00e9 vyhl\u00e1senie v\u00ed\u0165azov N\u00e1rodnej ceny kvality v\u00a0OVP 2024. Konferencia je [&hellip;]\" \/>\n<meta property=\"og:url\" content=\"https:\/\/archiv.siov.sk\/en\/konferencia-zabezpecovanie-kvality-ako-sucast-zivota-skoly\/\" \/>\n<meta property=\"og:site_name\" content=\"\u0160IOV - \u0161t\u00e1tny in\u0161tit\u00fat odborn\u00e9ho vzdel\u00e1vania\" \/>\n<meta property=\"article:publisher\" content=\"https:\/\/www.facebook.com\/Statnyinstitutodbornehovzdelavania\" \/>\n<meta property=\"article:published_time\" content=\"2024-04-23T13:24:31+00:00\" \/>\n<meta property=\"article:modified_time\" content=\"2025-07-03T08:41:26+00:00\" \/>\n<meta property=\"og:image\" content=\"https:\/\/archiv.siov.sk\/wp-content\/uploads\/2024\/04\/04_mapa@3x.jpg\" \/>\n\t<meta property=\"og:image:width\" content=\"1920\" \/>\n\t<meta property=\"og:image:height\" content=\"1146\" \/>\n\t<meta property=\"og:image:type\" content=\"image\/jpeg\" \/>\n<meta name=\"author\" content=\"Katar\u00edna Kov\u00e1\u010dov\u00e1\" \/>\n<meta name=\"twitter:card\" content=\"summary_large_image\" \/>\n<meta name=\"twitter:label1\" content=\"Written by\" \/>\n\t<meta name=\"twitter:data1\" content=\"Katar\u00edna Kov\u00e1\u010dov\u00e1\" \/>\n\t<meta name=\"twitter:label2\" content=\"Estimated reading time\" \/>\n\t<meta name=\"twitter:data2\" content=\"5 minutes\" \/>\n<script type=\"application\/ld+json\" class=\"yoast-schema-graph\">{\"@context\":\"https:\\\/\\\/schema.org\",\"@graph\":[{\"@type\":\"Article\",\"@id\":\"https:\\\/\\\/archiv.siov.sk\\\/konferencia-zabezpecovanie-kvality-ako-sucast-zivota-skoly\\\/#article\",\"isPartOf\":{\"@id\":\"https:\\\/\\\/archiv.siov.sk\\\/konferencia-zabezpecovanie-kvality-ako-sucast-zivota-skoly\\\/\"},\"author\":{\"name\":\"Katar\u00edna Kov\u00e1\u010dov\u00e1\",\"@id\":\"https:\\\/\\\/archiv.siov.sk\\\/#\\\/schema\\\/person\\\/e42d633fbd958c6a726e8834d8965e6c\"},\"headline\":\"KONFERENCIA ZABEZPE\u010cOVANIE KVALITY AKO S\u00da\u010cAS\u0164 \u017dIVOTA \u0160KOLY\",\"datePublished\":\"2024-04-23T13:24:31+00:00\",\"dateModified\":\"2025-07-03T08:41:26+00:00\",\"mainEntityOfPage\":{\"@id\":\"https:\\\/\\\/archiv.siov.sk\\\/konferencia-zabezpecovanie-kvality-ako-sucast-zivota-skoly\\\/\"},\"wordCount\":990,\"publisher\":{\"@id\":\"https:\\\/\\\/archiv.siov.sk\\\/#organization\"},\"image\":{\"@id\":\"https:\\\/\\\/archiv.siov.sk\\\/konferencia-zabezpecovanie-kvality-ako-sucast-zivota-skoly\\\/#primaryimage\"},\"thumbnailUrl\":\"https:\\\/\\\/archiv.siov.sk\\\/wp-content\\\/uploads\\\/2024\\\/04\\\/04_mapa@3x.jpg\",\"articleSection\":[\"Aktuality\"],\"inLanguage\":\"en-GB\"},{\"@type\":\"WebPage\",\"@id\":\"https:\\\/\\\/archiv.siov.sk\\\/konferencia-zabezpecovanie-kvality-ako-sucast-zivota-skoly\\\/\",\"url\":\"https:\\\/\\\/archiv.siov.sk\\\/konferencia-zabezpecovanie-kvality-ako-sucast-zivota-skoly\\\/\",\"name\":\"KONFERENCIA ZABEZPE\u010cOVANIE KVALITY AKO S\u00da\u010cAS\u0164 \u017dIVOTA \u0160KOLY - \u0160IOV - \u0161t\u00e1tny in\u0161tit\u00fat odborn\u00e9ho vzdel\u00e1vania\",\"isPartOf\":{\"@id\":\"https:\\\/\\\/archiv.siov.sk\\\/#website\"},\"primaryImageOfPage\":{\"@id\":\"https:\\\/\\\/archiv.siov.sk\\\/konferencia-zabezpecovanie-kvality-ako-sucast-zivota-skoly\\\/#primaryimage\"},\"image\":{\"@id\":\"https:\\\/\\\/archiv.siov.sk\\\/konferencia-zabezpecovanie-kvality-ako-sucast-zivota-skoly\\\/#primaryimage\"},\"thumbnailUrl\":\"https:\\\/\\\/archiv.siov.sk\\\/wp-content\\\/uploads\\\/2024\\\/04\\\/04_mapa@3x.jpg\",\"datePublished\":\"2024-04-23T13:24:31+00:00\",\"dateModified\":\"2025-07-03T08:41:26+00:00\",\"breadcrumb\":{\"@id\":\"https:\\\/\\\/archiv.siov.sk\\\/konferencia-zabezpecovanie-kvality-ako-sucast-zivota-skoly\\\/#breadcrumb\"},\"inLanguage\":\"en-GB\",\"potentialAction\":[{\"@type\":\"ReadAction\",\"target\":[\"https:\\\/\\\/archiv.siov.sk\\\/konferencia-zabezpecovanie-kvality-ako-sucast-zivota-skoly\\\/\"]}]},{\"@type\":\"ImageObject\",\"inLanguage\":\"en-GB\",\"@id\":\"https:\\\/\\\/archiv.siov.sk\\\/konferencia-zabezpecovanie-kvality-ako-sucast-zivota-skoly\\\/#primaryimage\",\"url\":\"https:\\\/\\\/archiv.siov.sk\\\/wp-content\\\/uploads\\\/2024\\\/04\\\/04_mapa@3x.jpg\",\"contentUrl\":\"https:\\\/\\\/archiv.siov.sk\\\/wp-content\\\/uploads\\\/2024\\\/04\\\/04_mapa@3x.jpg\",\"width\":1920,\"height\":1146},{\"@type\":\"BreadcrumbList\",\"@id\":\"https:\\\/\\\/archiv.siov.sk\\\/konferencia-zabezpecovanie-kvality-ako-sucast-zivota-skoly\\\/#breadcrumb\",\"itemListElement\":[{\"@type\":\"ListItem\",\"position\":1,\"name\":\"Home\",\"item\":\"https:\\\/\\\/archiv.siov.sk\\\/\"},{\"@type\":\"ListItem\",\"position\":2,\"name\":\"KONFERENCIA ZABEZPE\u010cOVANIE KVALITY AKO S\u00da\u010cAS\u0164 \u017dIVOTA \u0160KOLY\"}]},{\"@type\":\"WebSite\",\"@id\":\"https:\\\/\\\/archiv.siov.sk\\\/#website\",\"url\":\"https:\\\/\\\/archiv.siov.sk\\\/\",\"name\":\"\u0160IOV - \u0161t\u00e1tny in\u0161tit\u00fat odborn\u00e9ho vzdel\u00e1vania\",\"description\":\"\",\"publisher\":{\"@id\":\"https:\\\/\\\/archiv.siov.sk\\\/#organization\"},\"potentialAction\":[{\"@type\":\"SearchAction\",\"target\":{\"@type\":\"EntryPoint\",\"urlTemplate\":\"https:\\\/\\\/archiv.siov.sk\\\/?s={search_term_string}\"},\"query-input\":{\"@type\":\"PropertyValueSpecification\",\"valueRequired\":true,\"valueName\":\"search_term_string\"}}],\"inLanguage\":\"en-GB\"},{\"@type\":\"Organization\",\"@id\":\"https:\\\/\\\/archiv.siov.sk\\\/#organization\",\"name\":\"\u0160IOV - \u0161t\u00e1tny in\u0161tit\u00fat odborn\u00e9ho vzdel\u00e1vania\",\"url\":\"https:\\\/\\\/archiv.siov.sk\\\/\",\"logo\":{\"@type\":\"ImageObject\",\"inLanguage\":\"en-GB\",\"@id\":\"https:\\\/\\\/archiv.siov.sk\\\/#\\\/schema\\\/logo\\\/image\\\/\",\"url\":\"https:\\\/\\\/archiv.siov.sk\\\/wp-content\\\/uploads\\\/2024\\\/02\\\/logo-SIOV.png\",\"contentUrl\":\"https:\\\/\\\/archiv.siov.sk\\\/wp-content\\\/uploads\\\/2024\\\/02\\\/logo-SIOV.png\",\"width\":431,\"height\":143,\"caption\":\"\u0160IOV - \u0161t\u00e1tny in\u0161tit\u00fat odborn\u00e9ho vzdel\u00e1vania\"},\"image\":{\"@id\":\"https:\\\/\\\/archiv.siov.sk\\\/#\\\/schema\\\/logo\\\/image\\\/\"},\"sameAs\":[\"https:\\\/\\\/www.facebook.com\\\/Statnyinstitutodbornehovzdelavania\"]},{\"@type\":\"Person\",\"@id\":\"https:\\\/\\\/archiv.siov.sk\\\/#\\\/schema\\\/person\\\/e42d633fbd958c6a726e8834d8965e6c\",\"name\":\"Katar\u00edna Kov\u00e1\u010dov\u00e1\",\"url\":\"https:\\\/\\\/archiv.siov.sk\\\/en\\\/author\\\/katkakovacova\\\/\"}]}<\/script>\n<!-- \/ Yoast SEO plugin. -->","yoast_head_json":{"title":"KONFERENCIA ZABEZPE\u010cOVANIE KVALITY AKO S\u00da\u010cAS\u0164 \u017dIVOTA \u0160KOLY - \u0160IOV - \u0161t\u00e1tny in\u0161tit\u00fat odborn\u00e9ho vzdel\u00e1vania","robots":{"index":"index","follow":"follow","max-snippet":"max-snippet:-1","max-image-preview":"max-image-preview:large","max-video-preview":"max-video-preview:-1"},"canonical":"https:\/\/archiv.siov.sk\/en\/konferencia-zabezpecovanie-kvality-ako-sucast-zivota-skoly\/","og_locale":"en_GB","og_type":"article","og_title":"KONFERENCIA ZABEZPE\u010cOVANIE KVALITY AKO S\u00da\u010cAS\u0164 \u017dIVOTA \u0160KOLY - \u0160IOV - \u0161t\u00e1tny in\u0161tit\u00fat odborn\u00e9ho vzdel\u00e1vania","og_description":"Poz\u00fdvame V\u00e1s na konferenciu s n\u00e1zvom Zabezpe\u010dovanie kvality ako s\u00fa\u010das\u0165 \u017eivota \u0161koly, ktor\u00e1 sa uskuto\u010dn\u00ed 30. apr\u00edla 2024 v kult\u00farnom centre Mal\u00fd Berl\u00edn v \u010dase od 13:00 do 17:00 hod. &nbsp; E\u0161te t\u00fd\u017ede\u0148 m\u00e1te mo\u017enos\u0165\u00a0zaregistrova\u0165 sa na konferenciu, na ktorej sa u\u017e po tret\u00edkr\u00e1t uskuto\u010dn\u00ed sl\u00e1vnostn\u00e9 vyhl\u00e1senie v\u00ed\u0165azov N\u00e1rodnej ceny kvality v\u00a0OVP 2024. Konferencia je [&hellip;]","og_url":"https:\/\/archiv.siov.sk\/en\/konferencia-zabezpecovanie-kvality-ako-sucast-zivota-skoly\/","og_site_name":"\u0160IOV - \u0161t\u00e1tny in\u0161tit\u00fat odborn\u00e9ho vzdel\u00e1vania","article_publisher":"https:\/\/www.facebook.com\/Statnyinstitutodbornehovzdelavania","article_published_time":"2024-04-23T13:24:31+00:00","article_modified_time":"2025-07-03T08:41:26+00:00","og_image":[{"width":1920,"height":1146,"url":"https:\/\/archiv.siov.sk\/wp-content\/uploads\/2024\/04\/04_mapa@3x.jpg","type":"image\/jpeg"}],"author":"Katar\u00edna Kov\u00e1\u010dov\u00e1","twitter_card":"summary_large_image","twitter_misc":{"Written by":"Katar\u00edna Kov\u00e1\u010dov\u00e1","Estimated reading time":"5 minutes"},"schema":{"@context":"https:\/\/schema.org","@graph":[{"@type":"Article","@id":"https:\/\/archiv.siov.sk\/konferencia-zabezpecovanie-kvality-ako-sucast-zivota-skoly\/#article","isPartOf":{"@id":"https:\/\/archiv.siov.sk\/konferencia-zabezpecovanie-kvality-ako-sucast-zivota-skoly\/"},"author":{"name":"Katar\u00edna Kov\u00e1\u010dov\u00e1","@id":"https:\/\/archiv.siov.sk\/#\/schema\/person\/e42d633fbd958c6a726e8834d8965e6c"},"headline":"KONFERENCIA ZABEZPE\u010cOVANIE KVALITY AKO S\u00da\u010cAS\u0164 \u017dIVOTA \u0160KOLY","datePublished":"2024-04-23T13:24:31+00:00","dateModified":"2025-07-03T08:41:26+00:00","mainEntityOfPage":{"@id":"https:\/\/archiv.siov.sk\/konferencia-zabezpecovanie-kvality-ako-sucast-zivota-skoly\/"},"wordCount":990,"publisher":{"@id":"https:\/\/archiv.siov.sk\/#organization"},"image":{"@id":"https:\/\/archiv.siov.sk\/konferencia-zabezpecovanie-kvality-ako-sucast-zivota-skoly\/#primaryimage"},"thumbnailUrl":"https:\/\/archiv.siov.sk\/wp-content\/uploads\/2024\/04\/04_mapa@3x.jpg","articleSection":["Aktuality"],"inLanguage":"en-GB"},{"@type":"WebPage","@id":"https:\/\/archiv.siov.sk\/konferencia-zabezpecovanie-kvality-ako-sucast-zivota-skoly\/","url":"https:\/\/archiv.siov.sk\/konferencia-zabezpecovanie-kvality-ako-sucast-zivota-skoly\/","name":"KONFERENCIA ZABEZPE\u010cOVANIE KVALITY AKO S\u00da\u010cAS\u0164 \u017dIVOTA \u0160KOLY - \u0160IOV - \u0161t\u00e1tny in\u0161tit\u00fat odborn\u00e9ho vzdel\u00e1vania","isPartOf":{"@id":"https:\/\/archiv.siov.sk\/#website"},"primaryImageOfPage":{"@id":"https:\/\/archiv.siov.sk\/konferencia-zabezpecovanie-kvality-ako-sucast-zivota-skoly\/#primaryimage"},"image":{"@id":"https:\/\/archiv.siov.sk\/konferencia-zabezpecovanie-kvality-ako-sucast-zivota-skoly\/#primaryimage"},"thumbnailUrl":"https:\/\/archiv.siov.sk\/wp-content\/uploads\/2024\/04\/04_mapa@3x.jpg","datePublished":"2024-04-23T13:24:31+00:00","dateModified":"2025-07-03T08:41:26+00:00","breadcrumb":{"@id":"https:\/\/archiv.siov.sk\/konferencia-zabezpecovanie-kvality-ako-sucast-zivota-skoly\/#breadcrumb"},"inLanguage":"en-GB","potentialAction":[{"@type":"ReadAction","target":["https:\/\/archiv.siov.sk\/konferencia-zabezpecovanie-kvality-ako-sucast-zivota-skoly\/"]}]},{"@type":"ImageObject","inLanguage":"en-GB","@id":"https:\/\/archiv.siov.sk\/konferencia-zabezpecovanie-kvality-ako-sucast-zivota-skoly\/#primaryimage","url":"https:\/\/archiv.siov.sk\/wp-content\/uploads\/2024\/04\/04_mapa@3x.jpg","contentUrl":"https:\/\/archiv.siov.sk\/wp-content\/uploads\/2024\/04\/04_mapa@3x.jpg","width":1920,"height":1146},{"@type":"BreadcrumbList","@id":"https:\/\/archiv.siov.sk\/konferencia-zabezpecovanie-kvality-ako-sucast-zivota-skoly\/#breadcrumb","itemListElement":[{"@type":"ListItem","position":1,"name":"Home","item":"https:\/\/archiv.siov.sk\/"},{"@type":"ListItem","position":2,"name":"KONFERENCIA ZABEZPE\u010cOVANIE KVALITY AKO S\u00da\u010cAS\u0164 \u017dIVOTA \u0160KOLY"}]},{"@type":"WebSite","@id":"https:\/\/archiv.siov.sk\/#website","url":"https:\/\/archiv.siov.sk\/","name":"\u0160IOV - \u0161t\u00e1tny in\u0161tit\u00fat odborn\u00e9ho vzdel\u00e1vania","description":"","publisher":{"@id":"https:\/\/archiv.siov.sk\/#organization"},"potentialAction":[{"@type":"SearchAction","target":{"@type":"EntryPoint","urlTemplate":"https:\/\/archiv.siov.sk\/?s={search_term_string}"},"query-input":{"@type":"PropertyValueSpecification","valueRequired":true,"valueName":"search_term_string"}}],"inLanguage":"en-GB"},{"@type":"Organization","@id":"https:\/\/archiv.siov.sk\/#organization","name":"\u0160IOV - \u0161t\u00e1tny in\u0161tit\u00fat odborn\u00e9ho vzdel\u00e1vania","url":"https:\/\/archiv.siov.sk\/","logo":{"@type":"ImageObject","inLanguage":"en-GB","@id":"https:\/\/archiv.siov.sk\/#\/schema\/logo\/image\/","url":"https:\/\/archiv.siov.sk\/wp-content\/uploads\/2024\/02\/logo-SIOV.png","contentUrl":"https:\/\/archiv.siov.sk\/wp-content\/uploads\/2024\/02\/logo-SIOV.png","width":431,"height":143,"caption":"\u0160IOV - \u0161t\u00e1tny in\u0161tit\u00fat odborn\u00e9ho vzdel\u00e1vania"},"image":{"@id":"https:\/\/archiv.siov.sk\/#\/schema\/logo\/image\/"},"sameAs":["https:\/\/www.facebook.com\/Statnyinstitutodbornehovzdelavania"]},{"@type":"Person","@id":"https:\/\/archiv.siov.sk\/#\/schema\/person\/e42d633fbd958c6a726e8834d8965e6c","name":"Katar\u00edna Kov\u00e1\u010dov\u00e1","url":"https:\/\/archiv.siov.sk\/en\/author\/katkakovacova\/"}]}},"_links":{"self":[{"href":"https:\/\/archiv.siov.sk\/en\/wp-json\/wp\/v2\/posts\/15169","targetHints":{"allow":["GET"]}}],"collection":[{"href":"https:\/\/archiv.siov.sk\/en\/wp-json\/wp\/v2\/posts"}],"about":[{"href":"https:\/\/archiv.siov.sk\/en\/wp-json\/wp\/v2\/types\/post"}],"author":[{"embeddable":true,"href":"https:\/\/archiv.siov.sk\/en\/wp-json\/wp\/v2\/users\/6"}],"replies":[{"embeddable":true,"href":"https:\/\/archiv.siov.sk\/en\/wp-json\/wp\/v2\/comments?post=15169"}],"version-history":[{"count":8,"href":"https:\/\/archiv.siov.sk\/en\/wp-json\/wp\/v2\/posts\/15169\/revisions"}],"predecessor-version":[{"id":19766,"href":"https:\/\/archiv.siov.sk\/en\/wp-json\/wp\/v2\/posts\/15169\/revisions\/19766"}],"wp:featuredmedia":[{"embeddable":true,"href":"https:\/\/archiv.siov.sk\/en\/wp-json\/wp\/v2\/media\/15171"}],"wp:attachment":[{"href":"https:\/\/archiv.siov.sk\/en\/wp-json\/wp\/v2\/media?parent=15169"}],"wp:term":[{"taxonomy":"category","embeddable":true,"href":"https:\/\/archiv.siov.sk\/en\/wp-json\/wp\/v2\/categories?post=15169"},{"taxonomy":"post_tag","embeddable":true,"href":"https:\/\/archiv.siov.sk\/en\/wp-json\/wp\/v2\/tags?post=15169"}],"curies":[{"name":"wp","href":"https:\/\/api.w.org\/{rel}","templated":true}]}}