{"id":15023,"date":"2024-04-08T11:20:40","date_gmt":"2024-04-08T09:20:40","guid":{"rendered":"https:\/\/archiv.siov.sk\/?p=15023"},"modified":"2025-05-16T11:54:21","modified_gmt":"2025-05-16T09:54:21","slug":"implementacia-modelu-caf-v-statnom-institute-odborneho-vzdelavania","status":"publish","type":"post","link":"https:\/\/archiv.siov.sk\/en\/implementacia-modelu-caf-v-statnom-institute-odborneho-vzdelavania\/","title":{"rendered":"Implement\u00e1cia modelu CAF v \u0160t\u00e1tnom in\u0161tit\u00fate odborn\u00e9ho vzdel\u00e1vania"},"content":{"rendered":"<p>\u0160IOV implementuje model CAF (Common Assesment Framework) od roku 2024 v r\u00e1mci n\u00e1rodn\u00e9ho projektu \u201e<strong>Zavedenie mana\u017e\u00e9rstva kvality v\u00a0OVP a\u00a0vzdel\u00e1van\u00ed dospel\u00fdch<\/strong>\u201c, ktor\u00fd je podporen\u00fd z Eur\u00f3pskeho soci\u00e1lneho fondu prostredn\u00edctvom Programu Slovensko 2021 &#8211; 2027.<\/p>\n<p><strong>\u00davod\u00a0<\/strong><\/p>\n<p>Spolo\u010dn\u00fd syst\u00e9m hodnotenia kvality (The\u00a0Common\u00a0Assessment\u00a0Framework\u00a0\u2013 CAF) je n\u00e1strojom komplexn\u00e9ho mana\u017e\u00e9rstva kvality, in\u0161pirovan\u00fd modelom v\u00fdnimo\u010dnosti Eur\u00f3pskej nad\u00e1cie pre mana\u017e\u00e9rstvo kvality (EFQM). Model CAF poskytuje poh\u013ead na organiz\u00e1ciu z r\u00f4znych uhlov a s\u00fa\u010dasne holisticky analyzuje v\u00fdkonnos\u0165 organiz\u00e1cie.<\/p>\n<p><strong>P\u00f4vod a v\u00fdvoj\u00a0<\/strong><\/p>\n<p>Model CAF je ur\u010den\u00fd pre organiz\u00e1cie eur\u00f3pskeho verejn\u00e9ho sektora. Bol vytvoren\u00fd pod z\u00e1\u0161titou Skupiny pre inov\u00e1ciu verejn\u00fdch slu\u017eieb (Innovative\u00a0Public\u00a0Services\u00a0Group \u2013 IPSG), pracovnou skupinou n\u00e1rodn\u00fdch expertov, vytvorenou gener\u00e1lnymi riadite\u013emi zodpovedn\u00fdmi za oblas\u0165 spr\u00e1vy vec\u00ed verejn\u00fdch, v \u010dlensk\u00fdch krajin\u00e1ch E\u00da (DGs) s cie\u013eom podpori\u0165 vz\u00e1jomn\u00fa v\u00fdmenu a spolupr\u00e1cu pri inovat\u00edvnych sp\u00f4soboch moderniz\u00e1cie uplat\u0148ovania \u0161t\u00e1tnej moci a poskytovania verejn\u00fdch slu\u017eieb v E\u00da.<\/p>\n<p>Eur\u00f3psky in\u0161tit\u00fat pre verejn\u00fa spr\u00e1vu (EIPA) v\u202fMaastrichtre\u00a0p\u00f4sob\u00ed ako Eur\u00f3pske informa\u010dn\u00e9 centrum modelu CAF (www.eipa.eu). EIPA vytv\u00e1ra datab\u00e1zu organiz\u00e1ci\u00ed implementuj\u00facich model CAF, ktor\u00e1 zah\u0155\u0148a dobr\u00fa prax vo verejnej spr\u00e1ve nielen v Eur\u00f3pe.<\/p>\n<p><strong>Hlavn\u00fd z\u00e1mer\u00a0\u00a0<\/strong><\/p>\n<p>Model CAF predstavuje jednoduch\u00fd n\u00e1stroj na aplik\u00e1ciu techn\u00edk mana\u017e\u00e9rstva kvality, ktor\u00e9ho cie\u013eom je zlep\u0161ovanie v\u00fdkonnosti. Poskytuje samohodnotiaci syst\u00e9m koncep\u010dne bl\u00edzky hlavn\u00fdm n\u00e1strojom komplexn\u00e9ho mana\u017e\u00e9rstva kvality, zvl\u00e1\u0161\u0165 modelu v\u00fdnimo\u010dnosti EFQM, prisp\u00f4soben\u00fd organiz\u00e1ci\u00e1m verejn\u00e9ho sektoru ber\u00fac do \u00favahy ich \u0161pecifik\u00e1.<\/p>\n<p><strong>Model CAF m\u00e1 tieto hlavn\u00e9 z\u00e1mery:\u00a0<\/strong><\/p>\n<ol>\n<li><strong>zavies\u0165 princ\u00edpy komplexn\u00e9ho mana\u017e\u00e9rstva kvality<\/strong> do verejnej spr\u00e1vy, metodicky vies\u0165 organiz\u00e1cie pri porozumen\u00ed a aplik\u00e1cii samohodnotenia vo f\u00e1ze prechodu od syst\u00e9mu pl\u00e1novania a v\u00fdkonu k plne integrovan\u00e9mu cyklu PDCA;<\/li>\n<li><strong>podporova\u0165 samohodnotenie organiz\u00e1ci\u00ed<\/strong> verejn\u00e9ho sektoru s cie\u013eom z\u00edska\u0165 \u0161trukt\u00farovan\u00fd obraz organiz\u00e1cie a n\u00e1sledne n\u00e1mety pre zlep\u0161ovacie \u010dinnosti;<\/li>\n<li><strong>prep\u00e1ja\u0165 r\u00f4zne modely<\/strong> <strong>mana\u017e\u00e9rstva kvality<\/strong>;<\/li>\n<li><strong>podporova\u0165\u00a0bench\u00a0learning<\/strong>medzi organiz\u00e1ciami verejn\u00e9ho sektoru.<\/li>\n<\/ol>\n<p><strong>Cie\u013eov\u00e1 skupina organiz\u00e1ci\u00ed\u00a0\u00a0<\/strong><\/p>\n<p style=\"text-align: justify;\">Model CAF bol navrhnut\u00fd na pou\u017e\u00edvanie pre v\u0161etky \u010dasti verejn\u00e9ho sektoru, aplikovate\u013en\u00fd vo\u202fverejn\u00fdch organiz\u00e1ci\u00e1ch na n\u00e1rodnej\/feder\u00e1lnej, region\u00e1lnej alebo miestnej \u00farovni. M\u00f4\u017ee sa tie\u017e pou\u017e\u00edva\u0165 za r\u00f4znych okolnost\u00ed, napr. ako s\u00fa\u010das\u0165 systematick\u00e9ho programu reforiem alebo ako z\u00e1klad pre cielen\u00e9 riadenie \u00fasilia o zvy\u0161ovanie kvality organiz\u00e1ci\u00ed, poskytuj\u00facich verejn\u00e9 slu\u017eby. V\u202fniektor\u00fdch pr\u00edpadoch, najm\u00e4 vo ve\u013emi ve\u013ek\u00fdch\u00a0organiz\u00e1ci\u00e1ch, sa m\u00f4\u017ee samohodnotenie vykona\u0165 len v\u202f\u010dasti organiz\u00e1cie, napr. vo vybranom organiza\u010dnom \u00fatvare.<\/p>\n<p><strong>\u0160trukt\u00fara modelu CAF<\/strong><\/p>\n<p><img fetchpriority=\"high\" decoding=\"async\" class=\"wp-image-15025\" src=\"https:\/\/archiv.siov.sk\/wp-content\/uploads\/2024\/04\/caf-300x184.jpg\" alt=\"caf\" width=\"484\" height=\"297\" srcset=\"https:\/\/archiv.siov.sk\/wp-content\/uploads\/2024\/04\/caf-300x184.jpg 300w, https:\/\/archiv.siov.sk\/wp-content\/uploads\/2024\/04\/caf-18x12.jpg 18w, https:\/\/archiv.siov.sk\/wp-content\/uploads\/2024\/04\/caf.jpg 677w\" sizes=\"(max-width: 484px) 100vw, 484px\" \/><\/p>\n<p>\u0160trukt\u00fara deviatich oblast\u00ed ur\u010duje hlavn\u00e9 aspekty pre anal\u00fdzu organiz\u00e1cie.<\/p>\n<ul>\n<li><strong>Predpoklady<\/strong> (krit\u00e9ri\u00e1 1-5) ur\u010duj\u00fa, \u010do organiz\u00e1cia rob\u00ed a ako pristupuje ku svojim \u00faloh\u00e1m za \u00fa\u010delom dosiahnutia \u017eelan\u00fdch v\u00fdsledkov<\/li>\n<li><strong>V\u00fdsledky <\/strong>(krit\u00e9ria 6-9) meraj\u00fa v\u00fdsledky dosiahnut\u00e9 vo vz\u0165ahu k ob\u010danom\/z\u00e1kazn\u00edkom, zamestnancom, spolo\u010dnosti a k\u013e\u00fa\u010dov\u00e9 v\u00fdsledky v\u00fdkonnosti prostredn\u00edctvom merania vn\u00edmania a hodnotenia intern\u00fdch ukazovate\u013eov.<\/li>\n<\/ul>\n<p>Ka\u017ed\u00e9 krit\u00e9rium sa del\u00ed na\u00a0subkrit\u00e9ri\u00e1. Spolo\u010dne 28\u00a0subkrit\u00e9ri\u00ed\u00a0ur\u010duje hlavn\u00e9 oblasti, na ktor\u00e9 sa organiz\u00e1cia zameriava v\u00a0samohodnotiacej spr\u00e1ve.<\/p>\n<p><strong>Koncepty a hodnoty modelu CAF\u00a0<\/strong><\/p>\n<p>Ako n\u00e1stroj komplexn\u00e9ho mana\u017e\u00e9rstva kvality sa model CAF hl\u00e1si k z\u00e1kladn\u00fdm princ\u00edpom v\u00fdnimo\u010dnosti, ako ich p\u00f4vodne definovala Eur\u00f3pska nad\u00e1cia pre mana\u017e\u00e9rstvo kvality (EFQM). Model CAF tieto princ\u00edpy pren\u00e1\u0161a do kontextu verejn\u00e9ho sektora a na ich z\u00e1klade sa sna\u017e\u00ed zlep\u0161ova\u0165 v\u00fdkonnos\u0165 organiz\u00e1ci\u00ed verejnej spr\u00e1vy. Na rozdiel od tradi\u010dn\u00fdch byrokratick\u00fdch organiz\u00e1ci\u00ed verejnej spr\u00e1vy, <strong>organiz\u00e1ciu implementuj\u00facu princ\u00edpy v\u00fdnimo\u010dnosti mo\u017eno zaradi\u0165 k organiz\u00e1ci\u00e1m orientovan\u00fdm na kult\u00faru kvality<\/strong>.<\/p>\n<p><img decoding=\"async\" class=\"wp-image-15026\" src=\"https:\/\/archiv.siov.sk\/wp-content\/uploads\/2024\/04\/PrincipyVynimocnosti-300x177.jpg\" alt=\"principy\" width=\"471\" height=\"278\" srcset=\"https:\/\/archiv.siov.sk\/wp-content\/uploads\/2024\/04\/PrincipyVynimocnosti-300x177.jpg 300w, https:\/\/archiv.siov.sk\/wp-content\/uploads\/2024\/04\/PrincipyVynimocnosti-18x12.jpg 18w, https:\/\/archiv.siov.sk\/wp-content\/uploads\/2024\/04\/PrincipyVynimocnosti.jpg 674w\" sizes=\"(max-width: 471px) 100vw, 471px\" \/><\/p>\n<figure id=\"attachment_18660\" aria-describedby=\"caption-attachment-18660\" style=\"width: 719px\" class=\"wp-caption aligncenter\"><img decoding=\"async\" class=\"wp-image-18660\" src=\"https:\/\/archiv.siov.sk\/wp-content\/uploads\/2025\/04\/loga_np_kvalita-1024x158.png\" alt=\"loga_kvalita_projekt\" width=\"719\" height=\"111\" srcset=\"https:\/\/archiv.siov.sk\/wp-content\/uploads\/2025\/04\/loga_np_kvalita-1024x158.png 1024w, https:\/\/archiv.siov.sk\/wp-content\/uploads\/2025\/04\/loga_np_kvalita-300x46.png 300w, https:\/\/archiv.siov.sk\/wp-content\/uploads\/2025\/04\/loga_np_kvalita-768x119.png 768w, https:\/\/archiv.siov.sk\/wp-content\/uploads\/2025\/04\/loga_np_kvalita-18x3.png 18w, https:\/\/archiv.siov.sk\/wp-content\/uploads\/2025\/04\/elementor\/thumbs\/loga_np_kvalita-r5cjqsfvrn5sfhsjyrw97tvig25lp3e6m5t1uzcj7g.png 450w, https:\/\/archiv.siov.sk\/wp-content\/uploads\/2025\/04\/loga_np_kvalita.png 1229w\" sizes=\"(max-width: 719px) 100vw, 719px\" \/><figcaption id=\"caption-attachment-18660\" class=\"wp-caption-text\">Aktivita je realizovan\u00e1 v r\u00e1mci n\u00e1rodn\u00e9ho projektu Zavedenie mana\u017e\u00e9rstva kvality v OVP a vzdel\u00e1van\u00ed dospel\u00fdch spolufinancovan\u00e9ho Eur\u00f3pskou \u00faniou v r\u00e1mci Programu Slovensko.<\/figcaption><\/figure>","protected":false},"excerpt":{"rendered":"<p>\u0160IOV implementuje model CAF (Common Assesment Framework) od roku 2024 v r\u00e1mci n\u00e1rodn\u00e9ho projektu \u201eZavedenie mana\u017e\u00e9rstva kvality v\u00a0OVP a\u00a0vzdel\u00e1van\u00ed dospel\u00fdch\u201c, ktor\u00fd je podporen\u00fd z Eur\u00f3pskeho soci\u00e1lneho fondu prostredn\u00edctvom Programu Slovensko 2021 &#8211; 2027. \u00davod\u00a0 Spolo\u010dn\u00fd syst\u00e9m hodnotenia kvality (The\u00a0Common\u00a0Assessment\u00a0Framework\u00a0\u2013 CAF) je n\u00e1strojom komplexn\u00e9ho mana\u017e\u00e9rstva kvality, in\u0161pirovan\u00fd modelom v\u00fdnimo\u010dnosti Eur\u00f3pskej nad\u00e1cie pre mana\u017e\u00e9rstvo kvality (EFQM). Model [&hellip;]<\/p>\n","protected":false},"author":4,"featured_media":15025,"comment_status":"closed","ping_status":"closed","sticky":false,"template":"","format":"standard","meta":{"site-sidebar-layout":"default","site-content-layout":"","ast-site-content-layout":"default","site-content-style":"default","site-sidebar-style":"default","ast-global-header-display":"","ast-banner-title-visibility":"","ast-main-header-display":"","ast-hfb-above-header-display":"","ast-hfb-below-header-display":"","ast-hfb-mobile-header-display":"","site-post-title":"","ast-breadcrumbs-content":"","ast-featured-img":"","footer-sml-layout":"","ast-disable-related-posts":"","theme-transparent-header-meta":"default","adv-header-id-meta":"","stick-header-meta":"default","header-above-stick-meta":"","header-main-stick-meta":"","header-below-stick-meta":"","astra-migrate-meta-layouts":"set","ast-page-background-enabled":"default","ast-page-background-meta":{"desktop":{"background-color":"var(--ast-global-color-4)","background-image":"","background-repeat":"repeat","background-position":"center center","background-size":"auto","background-attachment":"scroll","background-type":"","background-media":"","overlay-type":"","overlay-color":"","overlay-opacity":"","overlay-gradient":""},"tablet":{"background-color":"","background-image":"","background-repeat":"repeat","background-position":"center center","background-size":"auto","background-attachment":"scroll","background-type":"","background-media":"","overlay-type":"","overlay-color":"","overlay-opacity":"","overlay-gradient":""},"mobile":{"background-color":"","background-image":"","background-repeat":"repeat","background-position":"center center","background-size":"auto","background-attachment":"scroll","background-type":"","background-media":"","overlay-type":"","overlay-color":"","overlay-opacity":"","overlay-gradient":""}},"ast-content-background-meta":{"desktop":{"background-color":"var(--ast-global-color-5)","background-image":"","background-repeat":"repeat","background-position":"center center","background-size":"auto","background-attachment":"scroll","background-type":"","background-media":"","overlay-type":"","overlay-color":"","overlay-opacity":"","overlay-gradient":""},"tablet":{"background-color":"var(--ast-global-color-5)","background-image":"","background-repeat":"repeat","background-position":"center center","background-size":"auto","background-attachment":"scroll","background-type":"","background-media":"","overlay-type":"","overlay-color":"","overlay-opacity":"","overlay-gradient":""},"mobile":{"background-color":"var(--ast-global-color-5)","background-image":"","background-repeat":"repeat","background-position":"center center","background-size":"auto","background-attachment":"scroll","background-type":"","background-media":"","overlay-type":"","overlay-color":"","overlay-opacity":"","overlay-gradient":""}},"footnotes":""},"categories":[1],"tags":[],"class_list":["post-15023","post","type-post","status-publish","format-standard","has-post-thumbnail","hentry","category-aktuality"],"yoast_head":"<!-- This site is optimized with the Yoast SEO plugin v27.5 - https:\/\/yoast.com\/product\/yoast-seo-wordpress\/ -->\n<title>Implement\u00e1cia modelu CAF v \u0160t\u00e1tnom in\u0161tit\u00fate odborn\u00e9ho vzdel\u00e1vania - \u0160IOV - \u0161t\u00e1tny in\u0161tit\u00fat odborn\u00e9ho vzdel\u00e1vania<\/title>\n<meta name=\"robots\" content=\"index, follow, max-snippet:-1, max-image-preview:large, max-video-preview:-1\" \/>\n<link rel=\"canonical\" href=\"https:\/\/archiv.siov.sk\/en\/implementacia-modelu-caf-v-statnom-institute-odborneho-vzdelavania\/\" \/>\n<meta property=\"og:locale\" content=\"en_GB\" \/>\n<meta property=\"og:type\" content=\"article\" \/>\n<meta property=\"og:title\" content=\"Implement\u00e1cia modelu CAF v \u0160t\u00e1tnom in\u0161tit\u00fate odborn\u00e9ho vzdel\u00e1vania - \u0160IOV - \u0161t\u00e1tny in\u0161tit\u00fat odborn\u00e9ho vzdel\u00e1vania\" \/>\n<meta property=\"og:description\" content=\"\u0160IOV implementuje model CAF (Common Assesment Framework) od roku 2024 v r\u00e1mci n\u00e1rodn\u00e9ho projektu \u201eZavedenie mana\u017e\u00e9rstva kvality v\u00a0OVP a\u00a0vzdel\u00e1van\u00ed dospel\u00fdch\u201c, ktor\u00fd je podporen\u00fd z Eur\u00f3pskeho soci\u00e1lneho fondu prostredn\u00edctvom Programu Slovensko 2021 &#8211; 2027. \u00davod\u00a0 Spolo\u010dn\u00fd syst\u00e9m hodnotenia kvality (The\u00a0Common\u00a0Assessment\u00a0Framework\u00a0\u2013 CAF) je n\u00e1strojom komplexn\u00e9ho mana\u017e\u00e9rstva kvality, in\u0161pirovan\u00fd modelom v\u00fdnimo\u010dnosti Eur\u00f3pskej nad\u00e1cie pre mana\u017e\u00e9rstvo kvality (EFQM). Model [&hellip;]\" \/>\n<meta property=\"og:url\" content=\"https:\/\/archiv.siov.sk\/en\/implementacia-modelu-caf-v-statnom-institute-odborneho-vzdelavania\/\" \/>\n<meta property=\"og:site_name\" content=\"\u0160IOV - \u0161t\u00e1tny in\u0161tit\u00fat odborn\u00e9ho vzdel\u00e1vania\" \/>\n<meta property=\"article:publisher\" content=\"https:\/\/www.facebook.com\/Statnyinstitutodbornehovzdelavania\" \/>\n<meta property=\"article:published_time\" content=\"2024-04-08T09:20:40+00:00\" \/>\n<meta property=\"article:modified_time\" content=\"2025-05-16T09:54:21+00:00\" \/>\n<meta property=\"og:image\" content=\"https:\/\/archiv.siov.sk\/wp-content\/uploads\/2024\/04\/caf.jpg\" \/>\n\t<meta property=\"og:image:width\" content=\"677\" \/>\n\t<meta property=\"og:image:height\" content=\"416\" \/>\n\t<meta property=\"og:image:type\" content=\"image\/jpeg\" \/>\n<meta name=\"author\" content=\"Tom\u00e1\u0161 Rus\u0148\u00e1k\" \/>\n<meta name=\"twitter:card\" content=\"summary_large_image\" \/>\n<meta name=\"twitter:label1\" content=\"Written by\" \/>\n\t<meta name=\"twitter:data1\" content=\"Tom\u00e1\u0161 Rus\u0148\u00e1k\" \/>\n\t<meta name=\"twitter:label2\" content=\"Estimated reading time\" \/>\n\t<meta name=\"twitter:data2\" content=\"4 minutes\" \/>\n<script type=\"application\/ld+json\" class=\"yoast-schema-graph\">{\"@context\":\"https:\\\/\\\/schema.org\",\"@graph\":[{\"@type\":\"Article\",\"@id\":\"https:\\\/\\\/archiv.siov.sk\\\/implementacia-modelu-caf-v-statnom-institute-odborneho-vzdelavania\\\/#article\",\"isPartOf\":{\"@id\":\"https:\\\/\\\/archiv.siov.sk\\\/implementacia-modelu-caf-v-statnom-institute-odborneho-vzdelavania\\\/\"},\"author\":{\"name\":\"Tom\u00e1\u0161 Rus\u0148\u00e1k\",\"@id\":\"https:\\\/\\\/archiv.siov.sk\\\/#\\\/schema\\\/person\\\/cd5e238f461d845b603811e5c041307d\"},\"headline\":\"Implement\u00e1cia modelu CAF v \u0160t\u00e1tnom in\u0161tit\u00fate odborn\u00e9ho vzdel\u00e1vania\",\"datePublished\":\"2024-04-08T09:20:40+00:00\",\"dateModified\":\"2025-05-16T09:54:21+00:00\",\"mainEntityOfPage\":{\"@id\":\"https:\\\/\\\/archiv.siov.sk\\\/implementacia-modelu-caf-v-statnom-institute-odborneho-vzdelavania\\\/\"},\"wordCount\":760,\"publisher\":{\"@id\":\"https:\\\/\\\/archiv.siov.sk\\\/#organization\"},\"image\":{\"@id\":\"https:\\\/\\\/archiv.siov.sk\\\/implementacia-modelu-caf-v-statnom-institute-odborneho-vzdelavania\\\/#primaryimage\"},\"thumbnailUrl\":\"https:\\\/\\\/archiv.siov.sk\\\/wp-content\\\/uploads\\\/2024\\\/04\\\/caf.jpg\",\"articleSection\":[\"Aktuality\"],\"inLanguage\":\"en-GB\"},{\"@type\":\"WebPage\",\"@id\":\"https:\\\/\\\/archiv.siov.sk\\\/implementacia-modelu-caf-v-statnom-institute-odborneho-vzdelavania\\\/\",\"url\":\"https:\\\/\\\/archiv.siov.sk\\\/implementacia-modelu-caf-v-statnom-institute-odborneho-vzdelavania\\\/\",\"name\":\"Implement\u00e1cia modelu CAF v \u0160t\u00e1tnom in\u0161tit\u00fate odborn\u00e9ho vzdel\u00e1vania - \u0160IOV - \u0161t\u00e1tny in\u0161tit\u00fat odborn\u00e9ho vzdel\u00e1vania\",\"isPartOf\":{\"@id\":\"https:\\\/\\\/archiv.siov.sk\\\/#website\"},\"primaryImageOfPage\":{\"@id\":\"https:\\\/\\\/archiv.siov.sk\\\/implementacia-modelu-caf-v-statnom-institute-odborneho-vzdelavania\\\/#primaryimage\"},\"image\":{\"@id\":\"https:\\\/\\\/archiv.siov.sk\\\/implementacia-modelu-caf-v-statnom-institute-odborneho-vzdelavania\\\/#primaryimage\"},\"thumbnailUrl\":\"https:\\\/\\\/archiv.siov.sk\\\/wp-content\\\/uploads\\\/2024\\\/04\\\/caf.jpg\",\"datePublished\":\"2024-04-08T09:20:40+00:00\",\"dateModified\":\"2025-05-16T09:54:21+00:00\",\"breadcrumb\":{\"@id\":\"https:\\\/\\\/archiv.siov.sk\\\/implementacia-modelu-caf-v-statnom-institute-odborneho-vzdelavania\\\/#breadcrumb\"},\"inLanguage\":\"en-GB\",\"potentialAction\":[{\"@type\":\"ReadAction\",\"target\":[\"https:\\\/\\\/archiv.siov.sk\\\/implementacia-modelu-caf-v-statnom-institute-odborneho-vzdelavania\\\/\"]}]},{\"@type\":\"ImageObject\",\"inLanguage\":\"en-GB\",\"@id\":\"https:\\\/\\\/archiv.siov.sk\\\/implementacia-modelu-caf-v-statnom-institute-odborneho-vzdelavania\\\/#primaryimage\",\"url\":\"https:\\\/\\\/archiv.siov.sk\\\/wp-content\\\/uploads\\\/2024\\\/04\\\/caf.jpg\",\"contentUrl\":\"https:\\\/\\\/archiv.siov.sk\\\/wp-content\\\/uploads\\\/2024\\\/04\\\/caf.jpg\",\"width\":677,\"height\":416,\"caption\":\"caf\"},{\"@type\":\"BreadcrumbList\",\"@id\":\"https:\\\/\\\/archiv.siov.sk\\\/implementacia-modelu-caf-v-statnom-institute-odborneho-vzdelavania\\\/#breadcrumb\",\"itemListElement\":[{\"@type\":\"ListItem\",\"position\":1,\"name\":\"Home\",\"item\":\"https:\\\/\\\/archiv.siov.sk\\\/\"},{\"@type\":\"ListItem\",\"position\":2,\"name\":\"Implement\u00e1cia modelu CAF v \u0160t\u00e1tnom in\u0161tit\u00fate odborn\u00e9ho vzdel\u00e1vania\"}]},{\"@type\":\"WebSite\",\"@id\":\"https:\\\/\\\/archiv.siov.sk\\\/#website\",\"url\":\"https:\\\/\\\/archiv.siov.sk\\\/\",\"name\":\"\u0160IOV - \u0161t\u00e1tny in\u0161tit\u00fat odborn\u00e9ho vzdel\u00e1vania\",\"description\":\"\",\"publisher\":{\"@id\":\"https:\\\/\\\/archiv.siov.sk\\\/#organization\"},\"potentialAction\":[{\"@type\":\"SearchAction\",\"target\":{\"@type\":\"EntryPoint\",\"urlTemplate\":\"https:\\\/\\\/archiv.siov.sk\\\/?s={search_term_string}\"},\"query-input\":{\"@type\":\"PropertyValueSpecification\",\"valueRequired\":true,\"valueName\":\"search_term_string\"}}],\"inLanguage\":\"en-GB\"},{\"@type\":\"Organization\",\"@id\":\"https:\\\/\\\/archiv.siov.sk\\\/#organization\",\"name\":\"\u0160IOV - \u0161t\u00e1tny in\u0161tit\u00fat odborn\u00e9ho vzdel\u00e1vania\",\"url\":\"https:\\\/\\\/archiv.siov.sk\\\/\",\"logo\":{\"@type\":\"ImageObject\",\"inLanguage\":\"en-GB\",\"@id\":\"https:\\\/\\\/archiv.siov.sk\\\/#\\\/schema\\\/logo\\\/image\\\/\",\"url\":\"https:\\\/\\\/archiv.siov.sk\\\/wp-content\\\/uploads\\\/2024\\\/02\\\/logo-SIOV.png\",\"contentUrl\":\"https:\\\/\\\/archiv.siov.sk\\\/wp-content\\\/uploads\\\/2024\\\/02\\\/logo-SIOV.png\",\"width\":431,\"height\":143,\"caption\":\"\u0160IOV - \u0161t\u00e1tny in\u0161tit\u00fat odborn\u00e9ho vzdel\u00e1vania\"},\"image\":{\"@id\":\"https:\\\/\\\/archiv.siov.sk\\\/#\\\/schema\\\/logo\\\/image\\\/\"},\"sameAs\":[\"https:\\\/\\\/www.facebook.com\\\/Statnyinstitutodbornehovzdelavania\"]},{\"@type\":\"Person\",\"@id\":\"https:\\\/\\\/archiv.siov.sk\\\/#\\\/schema\\\/person\\\/cd5e238f461d845b603811e5c041307d\",\"name\":\"Tom\u00e1\u0161 Rus\u0148\u00e1k\",\"url\":\"https:\\\/\\\/archiv.siov.sk\\\/en\\\/author\\\/adminsiov\\\/\"}]}<\/script>\n<!-- \/ Yoast SEO plugin. -->","yoast_head_json":{"title":"Implement\u00e1cia modelu CAF v \u0160t\u00e1tnom in\u0161tit\u00fate odborn\u00e9ho vzdel\u00e1vania - \u0160IOV - \u0161t\u00e1tny in\u0161tit\u00fat odborn\u00e9ho vzdel\u00e1vania","robots":{"index":"index","follow":"follow","max-snippet":"max-snippet:-1","max-image-preview":"max-image-preview:large","max-video-preview":"max-video-preview:-1"},"canonical":"https:\/\/archiv.siov.sk\/en\/implementacia-modelu-caf-v-statnom-institute-odborneho-vzdelavania\/","og_locale":"en_GB","og_type":"article","og_title":"Implement\u00e1cia modelu CAF v \u0160t\u00e1tnom in\u0161tit\u00fate odborn\u00e9ho vzdel\u00e1vania - \u0160IOV - \u0161t\u00e1tny in\u0161tit\u00fat odborn\u00e9ho vzdel\u00e1vania","og_description":"\u0160IOV implementuje model CAF (Common Assesment Framework) od roku 2024 v r\u00e1mci n\u00e1rodn\u00e9ho projektu \u201eZavedenie mana\u017e\u00e9rstva kvality v\u00a0OVP a\u00a0vzdel\u00e1van\u00ed dospel\u00fdch\u201c, ktor\u00fd je podporen\u00fd z Eur\u00f3pskeho soci\u00e1lneho fondu prostredn\u00edctvom Programu Slovensko 2021 &#8211; 2027. \u00davod\u00a0 Spolo\u010dn\u00fd syst\u00e9m hodnotenia kvality (The\u00a0Common\u00a0Assessment\u00a0Framework\u00a0\u2013 CAF) je n\u00e1strojom komplexn\u00e9ho mana\u017e\u00e9rstva kvality, in\u0161pirovan\u00fd modelom v\u00fdnimo\u010dnosti Eur\u00f3pskej nad\u00e1cie pre mana\u017e\u00e9rstvo kvality (EFQM). Model [&hellip;]","og_url":"https:\/\/archiv.siov.sk\/en\/implementacia-modelu-caf-v-statnom-institute-odborneho-vzdelavania\/","og_site_name":"\u0160IOV - \u0161t\u00e1tny in\u0161tit\u00fat odborn\u00e9ho vzdel\u00e1vania","article_publisher":"https:\/\/www.facebook.com\/Statnyinstitutodbornehovzdelavania","article_published_time":"2024-04-08T09:20:40+00:00","article_modified_time":"2025-05-16T09:54:21+00:00","og_image":[{"width":677,"height":416,"url":"https:\/\/archiv.siov.sk\/wp-content\/uploads\/2024\/04\/caf.jpg","type":"image\/jpeg"}],"author":"Tom\u00e1\u0161 Rus\u0148\u00e1k","twitter_card":"summary_large_image","twitter_misc":{"Written by":"Tom\u00e1\u0161 Rus\u0148\u00e1k","Estimated reading time":"4 minutes"},"schema":{"@context":"https:\/\/schema.org","@graph":[{"@type":"Article","@id":"https:\/\/archiv.siov.sk\/implementacia-modelu-caf-v-statnom-institute-odborneho-vzdelavania\/#article","isPartOf":{"@id":"https:\/\/archiv.siov.sk\/implementacia-modelu-caf-v-statnom-institute-odborneho-vzdelavania\/"},"author":{"name":"Tom\u00e1\u0161 Rus\u0148\u00e1k","@id":"https:\/\/archiv.siov.sk\/#\/schema\/person\/cd5e238f461d845b603811e5c041307d"},"headline":"Implement\u00e1cia modelu CAF v \u0160t\u00e1tnom in\u0161tit\u00fate odborn\u00e9ho vzdel\u00e1vania","datePublished":"2024-04-08T09:20:40+00:00","dateModified":"2025-05-16T09:54:21+00:00","mainEntityOfPage":{"@id":"https:\/\/archiv.siov.sk\/implementacia-modelu-caf-v-statnom-institute-odborneho-vzdelavania\/"},"wordCount":760,"publisher":{"@id":"https:\/\/archiv.siov.sk\/#organization"},"image":{"@id":"https:\/\/archiv.siov.sk\/implementacia-modelu-caf-v-statnom-institute-odborneho-vzdelavania\/#primaryimage"},"thumbnailUrl":"https:\/\/archiv.siov.sk\/wp-content\/uploads\/2024\/04\/caf.jpg","articleSection":["Aktuality"],"inLanguage":"en-GB"},{"@type":"WebPage","@id":"https:\/\/archiv.siov.sk\/implementacia-modelu-caf-v-statnom-institute-odborneho-vzdelavania\/","url":"https:\/\/archiv.siov.sk\/implementacia-modelu-caf-v-statnom-institute-odborneho-vzdelavania\/","name":"Implement\u00e1cia modelu CAF v \u0160t\u00e1tnom in\u0161tit\u00fate odborn\u00e9ho vzdel\u00e1vania - \u0160IOV - \u0161t\u00e1tny in\u0161tit\u00fat odborn\u00e9ho vzdel\u00e1vania","isPartOf":{"@id":"https:\/\/archiv.siov.sk\/#website"},"primaryImageOfPage":{"@id":"https:\/\/archiv.siov.sk\/implementacia-modelu-caf-v-statnom-institute-odborneho-vzdelavania\/#primaryimage"},"image":{"@id":"https:\/\/archiv.siov.sk\/implementacia-modelu-caf-v-statnom-institute-odborneho-vzdelavania\/#primaryimage"},"thumbnailUrl":"https:\/\/archiv.siov.sk\/wp-content\/uploads\/2024\/04\/caf.jpg","datePublished":"2024-04-08T09:20:40+00:00","dateModified":"2025-05-16T09:54:21+00:00","breadcrumb":{"@id":"https:\/\/archiv.siov.sk\/implementacia-modelu-caf-v-statnom-institute-odborneho-vzdelavania\/#breadcrumb"},"inLanguage":"en-GB","potentialAction":[{"@type":"ReadAction","target":["https:\/\/archiv.siov.sk\/implementacia-modelu-caf-v-statnom-institute-odborneho-vzdelavania\/"]}]},{"@type":"ImageObject","inLanguage":"en-GB","@id":"https:\/\/archiv.siov.sk\/implementacia-modelu-caf-v-statnom-institute-odborneho-vzdelavania\/#primaryimage","url":"https:\/\/archiv.siov.sk\/wp-content\/uploads\/2024\/04\/caf.jpg","contentUrl":"https:\/\/archiv.siov.sk\/wp-content\/uploads\/2024\/04\/caf.jpg","width":677,"height":416,"caption":"caf"},{"@type":"BreadcrumbList","@id":"https:\/\/archiv.siov.sk\/implementacia-modelu-caf-v-statnom-institute-odborneho-vzdelavania\/#breadcrumb","itemListElement":[{"@type":"ListItem","position":1,"name":"Home","item":"https:\/\/archiv.siov.sk\/"},{"@type":"ListItem","position":2,"name":"Implement\u00e1cia modelu CAF v \u0160t\u00e1tnom in\u0161tit\u00fate odborn\u00e9ho vzdel\u00e1vania"}]},{"@type":"WebSite","@id":"https:\/\/archiv.siov.sk\/#website","url":"https:\/\/archiv.siov.sk\/","name":"\u0160IOV - \u0161t\u00e1tny in\u0161tit\u00fat odborn\u00e9ho vzdel\u00e1vania","description":"","publisher":{"@id":"https:\/\/archiv.siov.sk\/#organization"},"potentialAction":[{"@type":"SearchAction","target":{"@type":"EntryPoint","urlTemplate":"https:\/\/archiv.siov.sk\/?s={search_term_string}"},"query-input":{"@type":"PropertyValueSpecification","valueRequired":true,"valueName":"search_term_string"}}],"inLanguage":"en-GB"},{"@type":"Organization","@id":"https:\/\/archiv.siov.sk\/#organization","name":"\u0160IOV - \u0161t\u00e1tny in\u0161tit\u00fat odborn\u00e9ho vzdel\u00e1vania","url":"https:\/\/archiv.siov.sk\/","logo":{"@type":"ImageObject","inLanguage":"en-GB","@id":"https:\/\/archiv.siov.sk\/#\/schema\/logo\/image\/","url":"https:\/\/archiv.siov.sk\/wp-content\/uploads\/2024\/02\/logo-SIOV.png","contentUrl":"https:\/\/archiv.siov.sk\/wp-content\/uploads\/2024\/02\/logo-SIOV.png","width":431,"height":143,"caption":"\u0160IOV - \u0161t\u00e1tny in\u0161tit\u00fat odborn\u00e9ho vzdel\u00e1vania"},"image":{"@id":"https:\/\/archiv.siov.sk\/#\/schema\/logo\/image\/"},"sameAs":["https:\/\/www.facebook.com\/Statnyinstitutodbornehovzdelavania"]},{"@type":"Person","@id":"https:\/\/archiv.siov.sk\/#\/schema\/person\/cd5e238f461d845b603811e5c041307d","name":"Tom\u00e1\u0161 Rus\u0148\u00e1k","url":"https:\/\/archiv.siov.sk\/en\/author\/adminsiov\/"}]}},"_links":{"self":[{"href":"https:\/\/archiv.siov.sk\/en\/wp-json\/wp\/v2\/posts\/15023","targetHints":{"allow":["GET"]}}],"collection":[{"href":"https:\/\/archiv.siov.sk\/en\/wp-json\/wp\/v2\/posts"}],"about":[{"href":"https:\/\/archiv.siov.sk\/en\/wp-json\/wp\/v2\/types\/post"}],"author":[{"embeddable":true,"href":"https:\/\/archiv.siov.sk\/en\/wp-json\/wp\/v2\/users\/4"}],"replies":[{"embeddable":true,"href":"https:\/\/archiv.siov.sk\/en\/wp-json\/wp\/v2\/comments?post=15023"}],"version-history":[{"count":3,"href":"https:\/\/archiv.siov.sk\/en\/wp-json\/wp\/v2\/posts\/15023\/revisions"}],"predecessor-version":[{"id":18942,"href":"https:\/\/archiv.siov.sk\/en\/wp-json\/wp\/v2\/posts\/15023\/revisions\/18942"}],"wp:featuredmedia":[{"embeddable":true,"href":"https:\/\/archiv.siov.sk\/en\/wp-json\/wp\/v2\/media\/15025"}],"wp:attachment":[{"href":"https:\/\/archiv.siov.sk\/en\/wp-json\/wp\/v2\/media?parent=15023"}],"wp:term":[{"taxonomy":"category","embeddable":true,"href":"https:\/\/archiv.siov.sk\/en\/wp-json\/wp\/v2\/categories?post=15023"},{"taxonomy":"post_tag","embeddable":true,"href":"https:\/\/archiv.siov.sk\/en\/wp-json\/wp\/v2\/tags?post=15023"}],"curies":[{"name":"wp","href":"https:\/\/api.w.org\/{rel}","templated":true}]}}