{"id":14984,"date":"2024-04-04T14:46:52","date_gmt":"2024-04-04T12:46:52","guid":{"rendered":"https:\/\/archiv.siov.sk\/?p=14984"},"modified":"2025-07-03T10:43:01","modified_gmt":"2025-07-03T08:43:01","slug":"april-mesiac-kvality","status":"publish","type":"post","link":"https:\/\/archiv.siov.sk\/en\/april-mesiac-kvality\/","title":{"rendered":"Apr\u00edl &#8211; mesiac kvality"},"content":{"rendered":"<p style=\"text-align: justify;\">\u0160t\u00e1tny in\u0161tit\u00fat odborn\u00e9ho vzdel\u00e1vania so svojim t\u00edmom z \u00faseku celo\u017eivotn\u00e9ho vzdel\u00e1vania v spolupr\u00e1ci s Radou zamestn\u00e1vate\u013eov pre odborn\u00e9 vzdel\u00e1vanie a pr\u00edpravu organizuje u\u017e tret\u00ed ro\u010dn\u00edk Mesiaca kvality s viacer\u00fdmi podujatiami pre v\u0161etk\u00fdch, ktor\u00fdch zauj\u00edma zlep\u0161ovanie odborn\u00e9ho vzdel\u00e1vania a pr\u00edpravy na Slovensku. Nad podujatiami prebralo z\u00e1\u0161titu Ministerstvo \u0161kolstva, v\u00fdskumu, v\u00fdvoja a ml\u00e1de\u017ee SR.<\/p>\n<p style=\"text-align: justify;\">U\u010ditelia, vedenie \u0161k\u00f4l, z\u00e1stupcovia V\u00daC, odborn\u00e1 verejnos\u0165, ako aj v\u0161etci, ktor\u00ed sa radi u\u010dia nov\u00e9 veci si m\u00f4\u017eu v apr\u00edli vybra\u0165 z viacer\u00fdch pripravovan\u00fdch workshopov, filmov\u00fdch premietan\u00ed a diskusi\u00ed. Vyvrcholen\u00edm Mesiaca kvality bude konferencia \u201eZabezpe\u010denie kvality ako s\u00fa\u010das\u0165 \u017eivota \u0161koly\u201c 30. apr\u00edla v Trnave.<\/p>\n<p><strong><u>Program Mesiaca kvality:<\/u><\/strong><\/p>\n<ul>\n<li><strong>4. apr\u00edl 2024: \u0160kolenie k tvorbe Ak\u010dn\u00e9ho pl\u00e1nu v procese peer review v \u017diline<\/strong><\/li>\n<\/ul>\n<p style=\"text-align: justify;\">\u0160kolenie zameran\u00e9 na tvorbu Ak\u010dn\u00e9ho pl\u00e1nu v procese peer review je ur\u010den\u00e9 z\u00e1stupcom SO\u0160, ktor\u00ed maj\u00fa sk\u00fasenosti s tvorbou sebahodnotiacej spr\u00e1vy. \u00da\u010dastn\u00edci sa obozn\u00e1mia s cyklom zabezpe\u010dovania kvality, ak\u010dn\u00fdm pl\u00e1nom a s t\u00fdm spojen\u00fdm stanovovan\u00edm si SMART cie\u013eov.<\/p>\n<ul>\n<li><strong>10. apr\u00edl 2024:<\/strong>\u00a0<strong>Filmov\u00e9 podujatie EU-OSHA v Ko\u0161iciach<\/strong><\/li>\n<\/ul>\n<p style=\"text-align: justify;\">V spolupr\u00e1ci s N\u00e1rodn\u00fdm kontaktn\u00fdm miestom Eur\u00f3pskej Agent\u00fary pre bezpe\u010dnos\u0165 a ochranu zdravia pri pr\u00e1ci organizujeme filmov\u00e9 podujatie spojen\u00e9 s diskusiou so odborn\u00edkom z N\u00e1rodn\u00e9ho in\u0161pektor\u00e1tu pr\u00e1ce pre z\u00e1stupcov SO\u0160 v kine \u00dasmev v Ko\u0161iciach od 13:00 do 15:00 hod.<\/p>\n<ul>\n<li><strong>17 \u2013 18. apr\u00edl 2024: \u0160kolenie k tvorbe Sebahodnotiacej spr\u00e1vy a Ak\u010dn\u00e9ho pl\u00e1nu v procese peer review v Tren\u010d\u00edne<\/strong><\/li>\n<\/ul>\n<p style=\"text-align: justify;\">\u0160kolenie zameran\u00e9 na tvorbu sebahodnotiacej spr\u00e1vy a ak\u010dn\u00e9ho pl\u00e1nu v procese peer review je ur\u010den\u00e9 z\u00e1stupcom SO\u0160 z Tren\u010dianskeho samospr\u00e1vneho kraja.<\/p>\n<ul>\n<li><strong>23- 24. apr\u00edl 2024: \u0160kolenie hodnotite\u013eov peer review vo Zvolene<\/strong><\/li>\n<\/ul>\n<p style=\"text-align: justify;\">\u0160kolenie hodnotite\u013eov peer review sa uskuto\u010dn\u00ed v\u00a0<a href=\"https:\/\/hotel.hotel-academic.sk\/\">Hoteli Academic<\/a>\u00a0vo Zvolene.\u00a0Cie\u013eom \u0161kolenia je obozn\u00e1mi\u0165 sa s met\u00f3dou vz\u00e1jomn\u00e9ho hodnotenia peer review cez interakt\u00edvne a praktick\u00e9 cvi\u010denia.<\/p>\n<p><a href=\"https:\/\/docs.google.com\/forms\/d\/e\/1FAIpQLSdbp_JfNtPTm0N58s3BdnCLULcCnG8FV1XCu7jVczoF5dNjoA\/viewform\"><strong>REGISTR\u00c1CIA<\/strong>\u00a0<\/a>do 15. apr\u00edla 2024. Za in\u0161tit\u00faciu je mo\u017en\u00e9 vysla\u0165 dvoch z\u00e1stupcov.<\/p>\n<ul>\n<li><strong>30 apr\u00edl 2024: Konferencia v Trnave<\/strong><\/li>\n<\/ul>\n<p style=\"text-align: justify;\">Konferencia s n\u00e1zvom Zabezpe\u010dovanie kvality ako s\u00fa\u010das\u0165 \u017eivota \u0161koly\u00a0\u00a0sa bude kona\u0165\u00a0\u00a0<strong>30.apr\u00edla od 13:00 do 17:00 hod. v kult\u00farnom centre Mal\u00fd Berl\u00edn v Trnave.<\/strong>\u00a0Te\u0161i\u0165 sa m\u00f4\u017eete na re\u010dn\u00edkov a re\u010dn\u00ed\u010dky\u00a0zo Slovenska, Chorv\u00e1tska a\u00a0Holandska a\u00a0panelov\u00fa diskusiu so z\u00e1stupcami z V\u00daC, \u0161koly a zamestn\u00e1vate\u013ea.<\/p>\n<p style=\"text-align: justify;\">Po prezent\u00e1ci\u00e1ch sa uskuto\u010dn\u00ed\u00a0sl\u00e1vnostn\u00e9 vyhl\u00e1senie v\u00ed\u0165azov N\u00e1rodnej ceny kvality v\u00a0OVP 2024.\u00a0Po skon\u010den\u00ed programu n\u00e1s bude \u010daka\u0165 ob\u010derstvenie a\u00a0pr\u00edjemn\u00e9 diskusie pri \u010da\u0161i v\u00edna. Podujatie bude tlmo\u010den\u00e9 z\u00a0anglick\u00e9ho do slovensk\u00e9ho jazyka.<\/p>\n<p><a href=\"https:\/\/docs.google.com\/forms\/d\/e\/1FAIpQLScoLkOAnimZYdvRJUZ0t6TWyGunKqgGH0AnUa8yQE0mCFVg2g\/viewform\"><strong>REGISTR\u00c1CIA<\/strong><\/a>\u00a0 do 26. apr\u00edla 2024.<\/p>\n<p><a href=\"http:\/\/okvalite.sk\/wp-content\/uploads\/2024\/03\/KONFERENCIA-program.pdf\"><strong>Program konferencie n\u00e1jdete TU.<\/strong><\/a><\/p>\n<p>Te\u0161\u00edme sa na v\u00e1s!<\/p>\n<figure id=\"attachment_19606\" aria-describedby=\"caption-attachment-19606\" style=\"width: 450px\" class=\"wp-caption aligncenter\"><img fetchpriority=\"high\" decoding=\"async\" class=\"wp-image-19606\" src=\"https:\/\/archiv.siov.sk\/wp-content\/uploads\/2025\/06\/spolufinancovane-EU-300x86.png\" alt=\"spolufinancovany EU logo\" width=\"450\" height=\"128\" srcset=\"https:\/\/archiv.siov.sk\/wp-content\/uploads\/2025\/06\/spolufinancovane-EU-300x86.png 300w, https:\/\/archiv.siov.sk\/wp-content\/uploads\/2025\/06\/spolufinancovane-EU-18x5.png 18w, https:\/\/archiv.siov.sk\/wp-content\/uploads\/2025\/06\/spolufinancovane-EU.png 600w\" sizes=\"(max-width: 450px) 100vw, 450px\" \/><figcaption id=\"caption-attachment-19606\" class=\"wp-caption-text\">Financovan\u00e9 Eur\u00f3pskou \u00faniou. Vyjadren\u00e9 n\u00e1zory a postoje s\u00fa n\u00e1zormi a vyhl\u00e1seniami autora a nemusia nevyhnutne odr\u00e1\u017ea\u0165 n\u00e1zory a stanovisk\u00e1 Eur\u00f3pskej \u00fanie alebo Eur\u00f3pskej v\u00fdkonnej agent\u00fary pre vzdel\u00e1vanie a kult\u00faru (EACEA). Eur\u00f3pska \u00fania ani EACEA za ne nepreberaj\u00fa \u017eiadnu zodpovednos\u0165.<\/figcaption><\/figure>","protected":false},"excerpt":{"rendered":"<p>\u0160t\u00e1tny in\u0161tit\u00fat odborn\u00e9ho vzdel\u00e1vania so svojim t\u00edmom z \u00faseku celo\u017eivotn\u00e9ho vzdel\u00e1vania v spolupr\u00e1ci s Radou zamestn\u00e1vate\u013eov pre odborn\u00e9 vzdel\u00e1vanie a pr\u00edpravu organizuje u\u017e tret\u00ed ro\u010dn\u00edk Mesiaca kvality s viacer\u00fdmi podujatiami pre v\u0161etk\u00fdch, ktor\u00fdch zauj\u00edma zlep\u0161ovanie odborn\u00e9ho vzdel\u00e1vania a pr\u00edpravy na Slovensku. Nad podujatiami prebralo z\u00e1\u0161titu Ministerstvo \u0161kolstva, v\u00fdskumu, v\u00fdvoja a ml\u00e1de\u017ee SR. U\u010ditelia, vedenie \u0161k\u00f4l, [&hellip;]<\/p>\n","protected":false},"author":6,"featured_media":14990,"comment_status":"closed","ping_status":"closed","sticky":false,"template":"","format":"standard","meta":{"site-sidebar-layout":"default","site-content-layout":"","ast-site-content-layout":"default","site-content-style":"default","site-sidebar-style":"default","ast-global-header-display":"","ast-banner-title-visibility":"","ast-main-header-display":"","ast-hfb-above-header-display":"","ast-hfb-below-header-display":"","ast-hfb-mobile-header-display":"","site-post-title":"","ast-breadcrumbs-content":"","ast-featured-img":"","footer-sml-layout":"","ast-disable-related-posts":"","theme-transparent-header-meta":"default","adv-header-id-meta":"","stick-header-meta":"default","header-above-stick-meta":"","header-main-stick-meta":"","header-below-stick-meta":"","astra-migrate-meta-layouts":"set","ast-page-background-enabled":"default","ast-page-background-meta":{"desktop":{"background-color":"var(--ast-global-color-4)","background-image":"","background-repeat":"repeat","background-position":"center center","background-size":"auto","background-attachment":"scroll","background-type":"","background-media":"","overlay-type":"","overlay-color":"","overlay-opacity":"","overlay-gradient":""},"tablet":{"background-color":"","background-image":"","background-repeat":"repeat","background-position":"center center","background-size":"auto","background-attachment":"scroll","background-type":"","background-media":"","overlay-type":"","overlay-color":"","overlay-opacity":"","overlay-gradient":""},"mobile":{"background-color":"","background-image":"","background-repeat":"repeat","background-position":"center center","background-size":"auto","background-attachment":"scroll","background-type":"","background-media":"","overlay-type":"","overlay-color":"","overlay-opacity":"","overlay-gradient":""}},"ast-content-background-meta":{"desktop":{"background-color":"var(--ast-global-color-5)","background-image":"","background-repeat":"repeat","background-position":"center center","background-size":"auto","background-attachment":"scroll","background-type":"","background-media":"","overlay-type":"","overlay-color":"","overlay-opacity":"","overlay-gradient":""},"tablet":{"background-color":"var(--ast-global-color-5)","background-image":"","background-repeat":"repeat","background-position":"center center","background-size":"auto","background-attachment":"scroll","background-type":"","background-media":"","overlay-type":"","overlay-color":"","overlay-opacity":"","overlay-gradient":""},"mobile":{"background-color":"var(--ast-global-color-5)","background-image":"","background-repeat":"repeat","background-position":"center center","background-size":"auto","background-attachment":"scroll","background-type":"","background-media":"","overlay-type":"","overlay-color":"","overlay-opacity":"","overlay-gradient":""}},"footnotes":""},"categories":[1],"tags":[],"class_list":["post-14984","post","type-post","status-publish","format-standard","has-post-thumbnail","hentry","category-aktuality"],"yoast_head":"<!-- This site is optimized with the Yoast SEO plugin v27.5 - https:\/\/yoast.com\/product\/yoast-seo-wordpress\/ -->\n<title>Apr\u00edl - mesiac kvality - \u0160IOV - \u0161t\u00e1tny in\u0161tit\u00fat odborn\u00e9ho vzdel\u00e1vania<\/title>\n<meta name=\"robots\" content=\"index, follow, max-snippet:-1, max-image-preview:large, max-video-preview:-1\" \/>\n<link rel=\"canonical\" href=\"https:\/\/archiv.siov.sk\/en\/april-mesiac-kvality\/\" \/>\n<meta property=\"og:locale\" content=\"en_GB\" \/>\n<meta property=\"og:type\" content=\"article\" \/>\n<meta property=\"og:title\" content=\"Apr\u00edl - mesiac kvality - \u0160IOV - \u0161t\u00e1tny in\u0161tit\u00fat odborn\u00e9ho vzdel\u00e1vania\" \/>\n<meta property=\"og:description\" content=\"\u0160t\u00e1tny in\u0161tit\u00fat odborn\u00e9ho vzdel\u00e1vania so svojim t\u00edmom z \u00faseku celo\u017eivotn\u00e9ho vzdel\u00e1vania v spolupr\u00e1ci s Radou zamestn\u00e1vate\u013eov pre odborn\u00e9 vzdel\u00e1vanie a pr\u00edpravu organizuje u\u017e tret\u00ed ro\u010dn\u00edk Mesiaca kvality s viacer\u00fdmi podujatiami pre v\u0161etk\u00fdch, ktor\u00fdch zauj\u00edma zlep\u0161ovanie odborn\u00e9ho vzdel\u00e1vania a pr\u00edpravy na Slovensku. Nad podujatiami prebralo z\u00e1\u0161titu Ministerstvo \u0161kolstva, v\u00fdskumu, v\u00fdvoja a ml\u00e1de\u017ee SR. U\u010ditelia, vedenie \u0161k\u00f4l, [&hellip;]\" \/>\n<meta property=\"og:url\" content=\"https:\/\/archiv.siov.sk\/en\/april-mesiac-kvality\/\" \/>\n<meta property=\"og:site_name\" content=\"\u0160IOV - \u0161t\u00e1tny in\u0161tit\u00fat odborn\u00e9ho vzdel\u00e1vania\" \/>\n<meta property=\"article:publisher\" content=\"https:\/\/www.facebook.com\/Statnyinstitutodbornehovzdelavania\" \/>\n<meta property=\"article:published_time\" content=\"2024-04-04T12:46:52+00:00\" \/>\n<meta property=\"article:modified_time\" content=\"2025-07-03T08:43:01+00:00\" \/>\n<meta property=\"og:image\" content=\"https:\/\/archiv.siov.sk\/wp-content\/uploads\/2024\/04\/mapa@3x.png\" \/>\n\t<meta property=\"og:image:width\" content=\"1920\" \/>\n\t<meta property=\"og:image:height\" content=\"1146\" \/>\n\t<meta property=\"og:image:type\" content=\"image\/png\" \/>\n<meta name=\"author\" content=\"Katar\u00edna Kov\u00e1\u010dov\u00e1\" \/>\n<meta name=\"twitter:card\" content=\"summary_large_image\" \/>\n<meta name=\"twitter:label1\" content=\"Written by\" \/>\n\t<meta name=\"twitter:data1\" content=\"Katar\u00edna Kov\u00e1\u010dov\u00e1\" \/>\n\t<meta name=\"twitter:label2\" content=\"Estimated reading time\" \/>\n\t<meta name=\"twitter:data2\" content=\"3 minutes\" \/>\n<script type=\"application\/ld+json\" class=\"yoast-schema-graph\">{\"@context\":\"https:\\\/\\\/schema.org\",\"@graph\":[{\"@type\":\"Article\",\"@id\":\"https:\\\/\\\/archiv.siov.sk\\\/april-mesiac-kvality\\\/#article\",\"isPartOf\":{\"@id\":\"https:\\\/\\\/archiv.siov.sk\\\/april-mesiac-kvality\\\/\"},\"author\":{\"name\":\"Katar\u00edna Kov\u00e1\u010dov\u00e1\",\"@id\":\"https:\\\/\\\/archiv.siov.sk\\\/#\\\/schema\\\/person\\\/e42d633fbd958c6a726e8834d8965e6c\"},\"headline\":\"Apr\u00edl &#8211; mesiac kvality\",\"datePublished\":\"2024-04-04T12:46:52+00:00\",\"dateModified\":\"2025-07-03T08:43:01+00:00\",\"mainEntityOfPage\":{\"@id\":\"https:\\\/\\\/archiv.siov.sk\\\/april-mesiac-kvality\\\/\"},\"wordCount\":584,\"publisher\":{\"@id\":\"https:\\\/\\\/archiv.siov.sk\\\/#organization\"},\"image\":{\"@id\":\"https:\\\/\\\/archiv.siov.sk\\\/april-mesiac-kvality\\\/#primaryimage\"},\"thumbnailUrl\":\"https:\\\/\\\/archiv.siov.sk\\\/wp-content\\\/uploads\\\/2024\\\/04\\\/mapa@3x.png\",\"articleSection\":[\"Aktuality\"],\"inLanguage\":\"en-GB\"},{\"@type\":\"WebPage\",\"@id\":\"https:\\\/\\\/archiv.siov.sk\\\/april-mesiac-kvality\\\/\",\"url\":\"https:\\\/\\\/archiv.siov.sk\\\/april-mesiac-kvality\\\/\",\"name\":\"Apr\u00edl - mesiac kvality - \u0160IOV - \u0161t\u00e1tny in\u0161tit\u00fat odborn\u00e9ho vzdel\u00e1vania\",\"isPartOf\":{\"@id\":\"https:\\\/\\\/archiv.siov.sk\\\/#website\"},\"primaryImageOfPage\":{\"@id\":\"https:\\\/\\\/archiv.siov.sk\\\/april-mesiac-kvality\\\/#primaryimage\"},\"image\":{\"@id\":\"https:\\\/\\\/archiv.siov.sk\\\/april-mesiac-kvality\\\/#primaryimage\"},\"thumbnailUrl\":\"https:\\\/\\\/archiv.siov.sk\\\/wp-content\\\/uploads\\\/2024\\\/04\\\/mapa@3x.png\",\"datePublished\":\"2024-04-04T12:46:52+00:00\",\"dateModified\":\"2025-07-03T08:43:01+00:00\",\"breadcrumb\":{\"@id\":\"https:\\\/\\\/archiv.siov.sk\\\/april-mesiac-kvality\\\/#breadcrumb\"},\"inLanguage\":\"en-GB\",\"potentialAction\":[{\"@type\":\"ReadAction\",\"target\":[\"https:\\\/\\\/archiv.siov.sk\\\/april-mesiac-kvality\\\/\"]}]},{\"@type\":\"ImageObject\",\"inLanguage\":\"en-GB\",\"@id\":\"https:\\\/\\\/archiv.siov.sk\\\/april-mesiac-kvality\\\/#primaryimage\",\"url\":\"https:\\\/\\\/archiv.siov.sk\\\/wp-content\\\/uploads\\\/2024\\\/04\\\/mapa@3x.png\",\"contentUrl\":\"https:\\\/\\\/archiv.siov.sk\\\/wp-content\\\/uploads\\\/2024\\\/04\\\/mapa@3x.png\",\"width\":1920,\"height\":1146},{\"@type\":\"BreadcrumbList\",\"@id\":\"https:\\\/\\\/archiv.siov.sk\\\/april-mesiac-kvality\\\/#breadcrumb\",\"itemListElement\":[{\"@type\":\"ListItem\",\"position\":1,\"name\":\"Home\",\"item\":\"https:\\\/\\\/archiv.siov.sk\\\/\"},{\"@type\":\"ListItem\",\"position\":2,\"name\":\"Apr\u00edl &#8211; mesiac kvality\"}]},{\"@type\":\"WebSite\",\"@id\":\"https:\\\/\\\/archiv.siov.sk\\\/#website\",\"url\":\"https:\\\/\\\/archiv.siov.sk\\\/\",\"name\":\"\u0160IOV - \u0161t\u00e1tny in\u0161tit\u00fat odborn\u00e9ho vzdel\u00e1vania\",\"description\":\"\",\"publisher\":{\"@id\":\"https:\\\/\\\/archiv.siov.sk\\\/#organization\"},\"potentialAction\":[{\"@type\":\"SearchAction\",\"target\":{\"@type\":\"EntryPoint\",\"urlTemplate\":\"https:\\\/\\\/archiv.siov.sk\\\/?s={search_term_string}\"},\"query-input\":{\"@type\":\"PropertyValueSpecification\",\"valueRequired\":true,\"valueName\":\"search_term_string\"}}],\"inLanguage\":\"en-GB\"},{\"@type\":\"Organization\",\"@id\":\"https:\\\/\\\/archiv.siov.sk\\\/#organization\",\"name\":\"\u0160IOV - \u0161t\u00e1tny in\u0161tit\u00fat odborn\u00e9ho vzdel\u00e1vania\",\"url\":\"https:\\\/\\\/archiv.siov.sk\\\/\",\"logo\":{\"@type\":\"ImageObject\",\"inLanguage\":\"en-GB\",\"@id\":\"https:\\\/\\\/archiv.siov.sk\\\/#\\\/schema\\\/logo\\\/image\\\/\",\"url\":\"https:\\\/\\\/archiv.siov.sk\\\/wp-content\\\/uploads\\\/2024\\\/02\\\/logo-SIOV.png\",\"contentUrl\":\"https:\\\/\\\/archiv.siov.sk\\\/wp-content\\\/uploads\\\/2024\\\/02\\\/logo-SIOV.png\",\"width\":431,\"height\":143,\"caption\":\"\u0160IOV - \u0161t\u00e1tny in\u0161tit\u00fat odborn\u00e9ho vzdel\u00e1vania\"},\"image\":{\"@id\":\"https:\\\/\\\/archiv.siov.sk\\\/#\\\/schema\\\/logo\\\/image\\\/\"},\"sameAs\":[\"https:\\\/\\\/www.facebook.com\\\/Statnyinstitutodbornehovzdelavania\"]},{\"@type\":\"Person\",\"@id\":\"https:\\\/\\\/archiv.siov.sk\\\/#\\\/schema\\\/person\\\/e42d633fbd958c6a726e8834d8965e6c\",\"name\":\"Katar\u00edna Kov\u00e1\u010dov\u00e1\",\"url\":\"https:\\\/\\\/archiv.siov.sk\\\/en\\\/author\\\/katkakovacova\\\/\"}]}<\/script>\n<!-- \/ Yoast SEO plugin. -->","yoast_head_json":{"title":"Apr\u00edl - mesiac kvality - \u0160IOV - \u0161t\u00e1tny in\u0161tit\u00fat odborn\u00e9ho vzdel\u00e1vania","robots":{"index":"index","follow":"follow","max-snippet":"max-snippet:-1","max-image-preview":"max-image-preview:large","max-video-preview":"max-video-preview:-1"},"canonical":"https:\/\/archiv.siov.sk\/en\/april-mesiac-kvality\/","og_locale":"en_GB","og_type":"article","og_title":"Apr\u00edl - mesiac kvality - \u0160IOV - \u0161t\u00e1tny in\u0161tit\u00fat odborn\u00e9ho vzdel\u00e1vania","og_description":"\u0160t\u00e1tny in\u0161tit\u00fat odborn\u00e9ho vzdel\u00e1vania so svojim t\u00edmom z \u00faseku celo\u017eivotn\u00e9ho vzdel\u00e1vania v spolupr\u00e1ci s Radou zamestn\u00e1vate\u013eov pre odborn\u00e9 vzdel\u00e1vanie a pr\u00edpravu organizuje u\u017e tret\u00ed ro\u010dn\u00edk Mesiaca kvality s viacer\u00fdmi podujatiami pre v\u0161etk\u00fdch, ktor\u00fdch zauj\u00edma zlep\u0161ovanie odborn\u00e9ho vzdel\u00e1vania a pr\u00edpravy na Slovensku. Nad podujatiami prebralo z\u00e1\u0161titu Ministerstvo \u0161kolstva, v\u00fdskumu, v\u00fdvoja a ml\u00e1de\u017ee SR. U\u010ditelia, vedenie \u0161k\u00f4l, [&hellip;]","og_url":"https:\/\/archiv.siov.sk\/en\/april-mesiac-kvality\/","og_site_name":"\u0160IOV - \u0161t\u00e1tny in\u0161tit\u00fat odborn\u00e9ho vzdel\u00e1vania","article_publisher":"https:\/\/www.facebook.com\/Statnyinstitutodbornehovzdelavania","article_published_time":"2024-04-04T12:46:52+00:00","article_modified_time":"2025-07-03T08:43:01+00:00","og_image":[{"width":1920,"height":1146,"url":"https:\/\/archiv.siov.sk\/wp-content\/uploads\/2024\/04\/mapa@3x.png","type":"image\/png"}],"author":"Katar\u00edna Kov\u00e1\u010dov\u00e1","twitter_card":"summary_large_image","twitter_misc":{"Written by":"Katar\u00edna Kov\u00e1\u010dov\u00e1","Estimated reading time":"3 minutes"},"schema":{"@context":"https:\/\/schema.org","@graph":[{"@type":"Article","@id":"https:\/\/archiv.siov.sk\/april-mesiac-kvality\/#article","isPartOf":{"@id":"https:\/\/archiv.siov.sk\/april-mesiac-kvality\/"},"author":{"name":"Katar\u00edna Kov\u00e1\u010dov\u00e1","@id":"https:\/\/archiv.siov.sk\/#\/schema\/person\/e42d633fbd958c6a726e8834d8965e6c"},"headline":"Apr\u00edl &#8211; mesiac kvality","datePublished":"2024-04-04T12:46:52+00:00","dateModified":"2025-07-03T08:43:01+00:00","mainEntityOfPage":{"@id":"https:\/\/archiv.siov.sk\/april-mesiac-kvality\/"},"wordCount":584,"publisher":{"@id":"https:\/\/archiv.siov.sk\/#organization"},"image":{"@id":"https:\/\/archiv.siov.sk\/april-mesiac-kvality\/#primaryimage"},"thumbnailUrl":"https:\/\/archiv.siov.sk\/wp-content\/uploads\/2024\/04\/mapa@3x.png","articleSection":["Aktuality"],"inLanguage":"en-GB"},{"@type":"WebPage","@id":"https:\/\/archiv.siov.sk\/april-mesiac-kvality\/","url":"https:\/\/archiv.siov.sk\/april-mesiac-kvality\/","name":"Apr\u00edl - mesiac kvality - \u0160IOV - \u0161t\u00e1tny in\u0161tit\u00fat odborn\u00e9ho vzdel\u00e1vania","isPartOf":{"@id":"https:\/\/archiv.siov.sk\/#website"},"primaryImageOfPage":{"@id":"https:\/\/archiv.siov.sk\/april-mesiac-kvality\/#primaryimage"},"image":{"@id":"https:\/\/archiv.siov.sk\/april-mesiac-kvality\/#primaryimage"},"thumbnailUrl":"https:\/\/archiv.siov.sk\/wp-content\/uploads\/2024\/04\/mapa@3x.png","datePublished":"2024-04-04T12:46:52+00:00","dateModified":"2025-07-03T08:43:01+00:00","breadcrumb":{"@id":"https:\/\/archiv.siov.sk\/april-mesiac-kvality\/#breadcrumb"},"inLanguage":"en-GB","potentialAction":[{"@type":"ReadAction","target":["https:\/\/archiv.siov.sk\/april-mesiac-kvality\/"]}]},{"@type":"ImageObject","inLanguage":"en-GB","@id":"https:\/\/archiv.siov.sk\/april-mesiac-kvality\/#primaryimage","url":"https:\/\/archiv.siov.sk\/wp-content\/uploads\/2024\/04\/mapa@3x.png","contentUrl":"https:\/\/archiv.siov.sk\/wp-content\/uploads\/2024\/04\/mapa@3x.png","width":1920,"height":1146},{"@type":"BreadcrumbList","@id":"https:\/\/archiv.siov.sk\/april-mesiac-kvality\/#breadcrumb","itemListElement":[{"@type":"ListItem","position":1,"name":"Home","item":"https:\/\/archiv.siov.sk\/"},{"@type":"ListItem","position":2,"name":"Apr\u00edl &#8211; mesiac kvality"}]},{"@type":"WebSite","@id":"https:\/\/archiv.siov.sk\/#website","url":"https:\/\/archiv.siov.sk\/","name":"\u0160IOV - \u0161t\u00e1tny in\u0161tit\u00fat odborn\u00e9ho vzdel\u00e1vania","description":"","publisher":{"@id":"https:\/\/archiv.siov.sk\/#organization"},"potentialAction":[{"@type":"SearchAction","target":{"@type":"EntryPoint","urlTemplate":"https:\/\/archiv.siov.sk\/?s={search_term_string}"},"query-input":{"@type":"PropertyValueSpecification","valueRequired":true,"valueName":"search_term_string"}}],"inLanguage":"en-GB"},{"@type":"Organization","@id":"https:\/\/archiv.siov.sk\/#organization","name":"\u0160IOV - \u0161t\u00e1tny in\u0161tit\u00fat odborn\u00e9ho vzdel\u00e1vania","url":"https:\/\/archiv.siov.sk\/","logo":{"@type":"ImageObject","inLanguage":"en-GB","@id":"https:\/\/archiv.siov.sk\/#\/schema\/logo\/image\/","url":"https:\/\/archiv.siov.sk\/wp-content\/uploads\/2024\/02\/logo-SIOV.png","contentUrl":"https:\/\/archiv.siov.sk\/wp-content\/uploads\/2024\/02\/logo-SIOV.png","width":431,"height":143,"caption":"\u0160IOV - \u0161t\u00e1tny in\u0161tit\u00fat odborn\u00e9ho vzdel\u00e1vania"},"image":{"@id":"https:\/\/archiv.siov.sk\/#\/schema\/logo\/image\/"},"sameAs":["https:\/\/www.facebook.com\/Statnyinstitutodbornehovzdelavania"]},{"@type":"Person","@id":"https:\/\/archiv.siov.sk\/#\/schema\/person\/e42d633fbd958c6a726e8834d8965e6c","name":"Katar\u00edna Kov\u00e1\u010dov\u00e1","url":"https:\/\/archiv.siov.sk\/en\/author\/katkakovacova\/"}]}},"_links":{"self":[{"href":"https:\/\/archiv.siov.sk\/en\/wp-json\/wp\/v2\/posts\/14984","targetHints":{"allow":["GET"]}}],"collection":[{"href":"https:\/\/archiv.siov.sk\/en\/wp-json\/wp\/v2\/posts"}],"about":[{"href":"https:\/\/archiv.siov.sk\/en\/wp-json\/wp\/v2\/types\/post"}],"author":[{"embeddable":true,"href":"https:\/\/archiv.siov.sk\/en\/wp-json\/wp\/v2\/users\/6"}],"replies":[{"embeddable":true,"href":"https:\/\/archiv.siov.sk\/en\/wp-json\/wp\/v2\/comments?post=14984"}],"version-history":[{"count":4,"href":"https:\/\/archiv.siov.sk\/en\/wp-json\/wp\/v2\/posts\/14984\/revisions"}],"predecessor-version":[{"id":19767,"href":"https:\/\/archiv.siov.sk\/en\/wp-json\/wp\/v2\/posts\/14984\/revisions\/19767"}],"wp:featuredmedia":[{"embeddable":true,"href":"https:\/\/archiv.siov.sk\/en\/wp-json\/wp\/v2\/media\/14990"}],"wp:attachment":[{"href":"https:\/\/archiv.siov.sk\/en\/wp-json\/wp\/v2\/media?parent=14984"}],"wp:term":[{"taxonomy":"category","embeddable":true,"href":"https:\/\/archiv.siov.sk\/en\/wp-json\/wp\/v2\/categories?post=14984"},{"taxonomy":"post_tag","embeddable":true,"href":"https:\/\/archiv.siov.sk\/en\/wp-json\/wp\/v2\/tags?post=14984"}],"curies":[{"name":"wp","href":"https:\/\/api.w.org\/{rel}","templated":true}]}}