{"id":14976,"date":"2024-04-03T14:54:26","date_gmt":"2024-04-03T12:54:26","guid":{"rendered":"https:\/\/archiv.siov.sk\/?p=14976"},"modified":"2024-04-03T14:54:35","modified_gmt":"2024-04-03T12:54:35","slug":"stredoskolska-odborna-cinnost-predstavi-talenty-na-46-rocniku-v-nitre","status":"publish","type":"post","link":"https:\/\/archiv.siov.sk\/en\/stredoskolska-odborna-cinnost-predstavi-talenty-na-46-rocniku-v-nitre\/","title":{"rendered":"Stredo\u0161kolsk\u00e1 odborn\u00e1 \u010dinnos\u0165 predstav\u00ed talenty na 46. ro\u010dn\u00edku v Nitre"},"content":{"rendered":"<p style=\"text-align: justify;\">Stredo\u0161kolsk\u00e1 odborn\u00e1 \u010dinnos\u0165 je vedomostnou s\u00fa\u0165a\u017eou \u017eiakov stredn\u00fdch \u0161k\u00f4l z cel\u00e9ho Slovenska. Po\u010det zapojen\u00fdch\u00a0 \u0161tudentov aktu\u00e1lne prekro\u010dil hranicu p\u00e4\u0165 tis\u00edc.<\/p>\n<p style=\"text-align: justify;\">Pre \u0161kolsk\u00fd rok 2023\/2024 Ministerstvo \u0161kolstva, v\u00fdskumu, v\u00fdvoja a ml\u00e1de\u017ee SR vyhl\u00e1silo u\u017e 46. ro\u010dn\u00edk s\u00fa\u0165a\u017ee.\u00a0 Celo\u0161t\u00e1tnej prehliadke predch\u00e1dzali postupne \u0161kolsk\u00e9, okresn\u00e9 a krajsk\u00e9 kol\u00e1. \u00a0\u017diaci stredn\u00fdch \u0161k\u00f4l \u00a0mali mo\u017enos\u0165 prihl\u00e1si\u0165 zauj\u00edmav\u00e9 rie\u0161enia do sedemn\u00e1stich s\u00fa\u0165a\u017en\u00fdch odborov s pr\u00edrodovedn\u00fdm, technick\u00fdm, humanitn\u00fdm a spolo\u010denskovedn\u00fdm zameran\u00edm. \u00a0S\u00fa\u0165a\u017eiaci zabojovali a v\u00fdsledky, ktor\u00e9 splnili\u00a0 krit\u00e9ri\u00e1 postupu\u00a0 z \u00f4smych \u00a0krajov\u00a0 v po\u010dte 272 odborn\u00fdch pr\u00e1c sa stretn\u00fa na celo\u0161t\u00e1tnej prehliadke v Nitre. Ka\u017ed\u00fd kraj reprezentuje tridsa\u0165\u0161tyri najlep\u0161\u00edch \u017eiakov. Celo\u0161t\u00e1tna prehliadka sa bude tento rok kona\u0165 23.-26. apr\u00edla na p\u00f4de Strednej odbornej \u0161koly veterin\u00e1rnej v Nitre.<\/p>\n<p style=\"text-align: justify;\">Stredo\u0161kolsk\u00e1 odborn\u00e1 \u010dinnos\u0165 je pre s\u00fa\u0165a\u017eiacich pr\u00ed\u0165a\u017eliv\u00e1 pre zauj\u00edmav\u00e9 stretnutia \u017eiakov s\u00a0odborn\u00edkmi z\u00a0r\u00f4znych vysok\u00fdch \u0161k\u00f4l aj z\u00a0odbornej praxe, ktor\u00ed s\u00a0rados\u0165ou a\u00a0nezi\u0161tne odovzd\u00e1vaj\u00fa svoje sk\u00fasenosti stredo\u0161kol\u00e1kom t\u00fa\u017eiacim po vedomostiach. \u0160t\u00e1tny in\u0161tit\u00fat odborn\u00e9ho vzdel\u00e1vania vn\u00edma Stredo\u0161kolsk\u00fa odborn\u00fa \u010dinnos\u0165 ako jedine\u010dn\u00fa aktivitu podporuj\u00facu nadan\u00fdch a\u00a0talentovan\u00fdch \u017eiakov sprev\u00e1dzan\u00fa \u010fal\u0161\u00edmi motiv\u00e1ciami a\u00a0podujatiami, konferenciou stredo\u0161kol\u00e1kov, ale aj prezent\u00e1ciami\u00a0 na s\u00fa\u0165a\u017eiach a\u00a0v\u00fdstav\u00e1ch v\u00a0zahrani\u010d\u00ed.<\/p>\n<p style=\"text-align: justify;\">Priestory Strednej odbornej \u0161koly veterin\u00e1rnej v Nitre sa stan\u00fa miestom obhajob pr\u00e1c stredo\u0161kol\u00e1kov. V tomto ro\u010dn\u00edku si bud\u00fa ma\u0165 mo\u017enos\u0165 porovna\u0165 vedomosti aj so \u017eiakmi s \u010ceskej republiky. Odborn\u00e9 hodnotiace komisie pedag\u00f3gov a profesion\u00e1lnych odborn\u00edkov z cel\u00e9ho Slovenska erudovane\u00a0 zhodnotia \u00a0v\u00fdstupy kreat\u00edvnych \u00a0pr\u00e1c.\u00a0 Prezentova\u0165 a \u00a0argumentova\u0165 svoje n\u00e1pady, vysvet\u013eova\u0165 rie\u0161enia a preuk\u00e1za\u0165 odborn\u00e9 znalost\u00ed predpoklad\u00e1 u \u017eiakov v\u00fdborn\u00e9 komunika\u010dn\u00e9 zru\u010dnosti a odvahu. V\u00fdnimo\u010dnos\u0165 s\u00fa\u0165a\u017ee pod\u010diarkuje skuto\u010dnos\u0165, \u017ee sa v\u00fdrazne podie\u013ea\u00a0 na odbornom,\u00a0 osobnostnom a profesijnom rozvoji \u017eiakov, roz\u0161iruje im obzory poznania, nov\u00e9 vedomosti v odborno-teoretick\u00fdch a odborno-praktick\u00fdch zru\u010dnostiach. By\u0165 akt\u00edvnym \u00fa\u010dastn\u00edkom Stredo\u0161kolskej\u00a0 odbornej \u010dinnosti je v\u00fdbornou sk\u00fasenos\u0165ou a odrazov\u00fdm most\u00edkom, \u010di u\u017e pre \u00faspe\u0161n\u00e9 zav\u0155\u0161enie stredo\u0161kolsk\u00e9ho \u0161t\u00fadia alebo motiv\u00e1ciou pre spr\u00e1vny v\u00fdber vysoko\u0161kolsk\u00e9ho \u0161t\u00fadia a bud\u00facej profesijnej orient\u00e1cie. Za d\u00f4slednou a systematickou pr\u00e1cou podporuj\u00facou tvorivos\u0165 \u017eiakov je rad zanieten\u00fdch pedag\u00f3gov stredn\u00fdch, vysok\u00fdch \u0161k\u00f4l a \u010fal\u0161\u00edch odborn\u00edkov z praxe, ktor\u00fdm patr\u00ed\u00a0 po\u010fakovanie.<\/p>\n<p>V\u00ed\u0165azi sa bud\u00fa ma\u0165 mo\u017enos\u0165 predstavi\u0165 u\u00a0na\u0161ich partnerov\u00a0 v\u00a0\u010cesku na celo\u0161t\u00e1tnej prehliadke SO\u010c.<\/p>\n<p>&nbsp;<\/p>","protected":false},"excerpt":{"rendered":"<p>Stredo\u0161kolsk\u00e1 odborn\u00e1 \u010dinnos\u0165 je vedomostnou s\u00fa\u0165a\u017eou \u017eiakov stredn\u00fdch \u0161k\u00f4l z cel\u00e9ho Slovenska. Po\u010det zapojen\u00fdch\u00a0 \u0161tudentov aktu\u00e1lne prekro\u010dil hranicu p\u00e4\u0165 tis\u00edc. Pre \u0161kolsk\u00fd rok 2023\/2024 Ministerstvo \u0161kolstva, v\u00fdskumu, v\u00fdvoja a ml\u00e1de\u017ee SR vyhl\u00e1silo u\u017e 46. ro\u010dn\u00edk s\u00fa\u0165a\u017ee.\u00a0 Celo\u0161t\u00e1tnej prehliadke predch\u00e1dzali postupne \u0161kolsk\u00e9, okresn\u00e9 a krajsk\u00e9 kol\u00e1. \u00a0\u017diaci stredn\u00fdch \u0161k\u00f4l \u00a0mali mo\u017enos\u0165 prihl\u00e1si\u0165 zauj\u00edmav\u00e9 rie\u0161enia do sedemn\u00e1stich [&hellip;]<\/p>\n","protected":false},"author":6,"featured_media":14579,"comment_status":"closed","ping_status":"closed","sticky":false,"template":"","format":"standard","meta":{"site-sidebar-layout":"default","site-content-layout":"","ast-site-content-layout":"default","site-content-style":"default","site-sidebar-style":"default","ast-global-header-display":"","ast-banner-title-visibility":"","ast-main-header-display":"","ast-hfb-above-header-display":"","ast-hfb-below-header-display":"","ast-hfb-mobile-header-display":"","site-post-title":"","ast-breadcrumbs-content":"","ast-featured-img":"","footer-sml-layout":"","ast-disable-related-posts":"","theme-transparent-header-meta":"default","adv-header-id-meta":"","stick-header-meta":"","header-above-stick-meta":"","header-main-stick-meta":"","header-below-stick-meta":"","astra-migrate-meta-layouts":"set","ast-page-background-enabled":"default","ast-page-background-meta":{"desktop":{"background-color":"var(--ast-global-color-4)","background-image":"","background-repeat":"repeat","background-position":"center center","background-size":"auto","background-attachment":"scroll","background-type":"","background-media":"","overlay-type":"","overlay-color":"","overlay-opacity":"","overlay-gradient":""},"tablet":{"background-color":"","background-image":"","background-repeat":"repeat","background-position":"center center","background-size":"auto","background-attachment":"scroll","background-type":"","background-media":"","overlay-type":"","overlay-color":"","overlay-opacity":"","overlay-gradient":""},"mobile":{"background-color":"","background-image":"","background-repeat":"repeat","background-position":"center center","background-size":"auto","background-attachment":"scroll","background-type":"","background-media":"","overlay-type":"","overlay-color":"","overlay-opacity":"","overlay-gradient":""}},"ast-content-background-meta":{"desktop":{"background-color":"var(--ast-global-color-5)","background-image":"","background-repeat":"repeat","background-position":"center center","background-size":"auto","background-attachment":"scroll","background-type":"","background-media":"","overlay-type":"","overlay-color":"","overlay-opacity":"","overlay-gradient":""},"tablet":{"background-color":"var(--ast-global-color-5)","background-image":"","background-repeat":"repeat","background-position":"center center","background-size":"auto","background-attachment":"scroll","background-type":"","background-media":"","overlay-type":"","overlay-color":"","overlay-opacity":"","overlay-gradient":""},"mobile":{"background-color":"var(--ast-global-color-5)","background-image":"","background-repeat":"repeat","background-position":"center center","background-size":"auto","background-attachment":"scroll","background-type":"","background-media":"","overlay-type":"","overlay-color":"","overlay-opacity":"","overlay-gradient":""}},"footnotes":""},"categories":[1],"tags":[],"class_list":["post-14976","post","type-post","status-publish","format-standard","has-post-thumbnail","hentry","category-aktuality"],"yoast_head":"<!-- This site is optimized with the Yoast SEO plugin v27.5 - https:\/\/yoast.com\/product\/yoast-seo-wordpress\/ -->\n<title>Stredo\u0161kolsk\u00e1 odborn\u00e1 \u010dinnos\u0165 predstav\u00ed talenty na 46. ro\u010dn\u00edku v Nitre - \u0160IOV - \u0161t\u00e1tny in\u0161tit\u00fat odborn\u00e9ho vzdel\u00e1vania<\/title>\n<meta name=\"robots\" content=\"index, follow, max-snippet:-1, max-image-preview:large, max-video-preview:-1\" \/>\n<link rel=\"canonical\" href=\"https:\/\/archiv.siov.sk\/en\/stredoskolska-odborna-cinnost-predstavi-talenty-na-46-rocniku-v-nitre\/\" \/>\n<meta property=\"og:locale\" content=\"en_GB\" \/>\n<meta property=\"og:type\" content=\"article\" \/>\n<meta property=\"og:title\" content=\"Stredo\u0161kolsk\u00e1 odborn\u00e1 \u010dinnos\u0165 predstav\u00ed talenty na 46. ro\u010dn\u00edku v Nitre - \u0160IOV - \u0161t\u00e1tny in\u0161tit\u00fat odborn\u00e9ho vzdel\u00e1vania\" \/>\n<meta property=\"og:description\" content=\"Stredo\u0161kolsk\u00e1 odborn\u00e1 \u010dinnos\u0165 je vedomostnou s\u00fa\u0165a\u017eou \u017eiakov stredn\u00fdch \u0161k\u00f4l z cel\u00e9ho Slovenska. Po\u010det zapojen\u00fdch\u00a0 \u0161tudentov aktu\u00e1lne prekro\u010dil hranicu p\u00e4\u0165 tis\u00edc. Pre \u0161kolsk\u00fd rok 2023\/2024 Ministerstvo \u0161kolstva, v\u00fdskumu, v\u00fdvoja a ml\u00e1de\u017ee SR vyhl\u00e1silo u\u017e 46. ro\u010dn\u00edk s\u00fa\u0165a\u017ee.\u00a0 Celo\u0161t\u00e1tnej prehliadke predch\u00e1dzali postupne \u0161kolsk\u00e9, okresn\u00e9 a krajsk\u00e9 kol\u00e1. \u00a0\u017diaci stredn\u00fdch \u0161k\u00f4l \u00a0mali mo\u017enos\u0165 prihl\u00e1si\u0165 zauj\u00edmav\u00e9 rie\u0161enia do sedemn\u00e1stich [&hellip;]\" \/>\n<meta property=\"og:url\" content=\"https:\/\/archiv.siov.sk\/en\/stredoskolska-odborna-cinnost-predstavi-talenty-na-46-rocniku-v-nitre\/\" \/>\n<meta property=\"og:site_name\" content=\"\u0160IOV - \u0161t\u00e1tny in\u0161tit\u00fat odborn\u00e9ho vzdel\u00e1vania\" \/>\n<meta property=\"article:publisher\" content=\"https:\/\/www.facebook.com\/Statnyinstitutodbornehovzdelavania\" \/>\n<meta property=\"article:published_time\" content=\"2024-04-03T12:54:26+00:00\" \/>\n<meta property=\"article:modified_time\" content=\"2024-04-03T12:54:35+00:00\" \/>\n<meta property=\"og:image\" content=\"https:\/\/archiv.siov.sk\/wp-content\/uploads\/2024\/02\/Color-Variant-A-e1715241507117.png\" \/>\n\t<meta property=\"og:image:width\" content=\"150\" \/>\n\t<meta property=\"og:image:height\" content=\"239\" \/>\n\t<meta property=\"og:image:type\" content=\"image\/png\" \/>\n<meta name=\"author\" content=\"Katar\u00edna Kov\u00e1\u010dov\u00e1\" \/>\n<meta name=\"twitter:card\" content=\"summary_large_image\" \/>\n<meta name=\"twitter:label1\" content=\"Written by\" \/>\n\t<meta name=\"twitter:data1\" content=\"Katar\u00edna Kov\u00e1\u010dov\u00e1\" \/>\n\t<meta name=\"twitter:label2\" content=\"Estimated reading time\" \/>\n\t<meta name=\"twitter:data2\" content=\"3 minutes\" \/>\n<script type=\"application\/ld+json\" class=\"yoast-schema-graph\">{\"@context\":\"https:\\\/\\\/schema.org\",\"@graph\":[{\"@type\":\"Article\",\"@id\":\"https:\\\/\\\/archiv.siov.sk\\\/stredoskolska-odborna-cinnost-predstavi-talenty-na-46-rocniku-v-nitre\\\/#article\",\"isPartOf\":{\"@id\":\"https:\\\/\\\/archiv.siov.sk\\\/stredoskolska-odborna-cinnost-predstavi-talenty-na-46-rocniku-v-nitre\\\/\"},\"author\":{\"name\":\"Katar\u00edna Kov\u00e1\u010dov\u00e1\",\"@id\":\"https:\\\/\\\/archiv.siov.sk\\\/#\\\/schema\\\/person\\\/e42d633fbd958c6a726e8834d8965e6c\"},\"headline\":\"Stredo\u0161kolsk\u00e1 odborn\u00e1 \u010dinnos\u0165 predstav\u00ed talenty na 46. ro\u010dn\u00edku v Nitre\",\"datePublished\":\"2024-04-03T12:54:26+00:00\",\"dateModified\":\"2024-04-03T12:54:35+00:00\",\"mainEntityOfPage\":{\"@id\":\"https:\\\/\\\/archiv.siov.sk\\\/stredoskolska-odborna-cinnost-predstavi-talenty-na-46-rocniku-v-nitre\\\/\"},\"wordCount\":507,\"publisher\":{\"@id\":\"https:\\\/\\\/archiv.siov.sk\\\/#organization\"},\"image\":{\"@id\":\"https:\\\/\\\/archiv.siov.sk\\\/stredoskolska-odborna-cinnost-predstavi-talenty-na-46-rocniku-v-nitre\\\/#primaryimage\"},\"thumbnailUrl\":\"https:\\\/\\\/archiv.siov.sk\\\/wp-content\\\/uploads\\\/2024\\\/02\\\/Color-Variant-A-e1715241507117.png\",\"articleSection\":[\"Aktuality\"],\"inLanguage\":\"en-GB\"},{\"@type\":\"WebPage\",\"@id\":\"https:\\\/\\\/archiv.siov.sk\\\/stredoskolska-odborna-cinnost-predstavi-talenty-na-46-rocniku-v-nitre\\\/\",\"url\":\"https:\\\/\\\/archiv.siov.sk\\\/stredoskolska-odborna-cinnost-predstavi-talenty-na-46-rocniku-v-nitre\\\/\",\"name\":\"Stredo\u0161kolsk\u00e1 odborn\u00e1 \u010dinnos\u0165 predstav\u00ed talenty na 46. ro\u010dn\u00edku v Nitre - \u0160IOV - \u0161t\u00e1tny in\u0161tit\u00fat odborn\u00e9ho vzdel\u00e1vania\",\"isPartOf\":{\"@id\":\"https:\\\/\\\/archiv.siov.sk\\\/#website\"},\"primaryImageOfPage\":{\"@id\":\"https:\\\/\\\/archiv.siov.sk\\\/stredoskolska-odborna-cinnost-predstavi-talenty-na-46-rocniku-v-nitre\\\/#primaryimage\"},\"image\":{\"@id\":\"https:\\\/\\\/archiv.siov.sk\\\/stredoskolska-odborna-cinnost-predstavi-talenty-na-46-rocniku-v-nitre\\\/#primaryimage\"},\"thumbnailUrl\":\"https:\\\/\\\/archiv.siov.sk\\\/wp-content\\\/uploads\\\/2024\\\/02\\\/Color-Variant-A-e1715241507117.png\",\"datePublished\":\"2024-04-03T12:54:26+00:00\",\"dateModified\":\"2024-04-03T12:54:35+00:00\",\"breadcrumb\":{\"@id\":\"https:\\\/\\\/archiv.siov.sk\\\/stredoskolska-odborna-cinnost-predstavi-talenty-na-46-rocniku-v-nitre\\\/#breadcrumb\"},\"inLanguage\":\"en-GB\",\"potentialAction\":[{\"@type\":\"ReadAction\",\"target\":[\"https:\\\/\\\/archiv.siov.sk\\\/stredoskolska-odborna-cinnost-predstavi-talenty-na-46-rocniku-v-nitre\\\/\"]}]},{\"@type\":\"ImageObject\",\"inLanguage\":\"en-GB\",\"@id\":\"https:\\\/\\\/archiv.siov.sk\\\/stredoskolska-odborna-cinnost-predstavi-talenty-na-46-rocniku-v-nitre\\\/#primaryimage\",\"url\":\"https:\\\/\\\/archiv.siov.sk\\\/wp-content\\\/uploads\\\/2024\\\/02\\\/Color-Variant-A-e1715241507117.png\",\"contentUrl\":\"https:\\\/\\\/archiv.siov.sk\\\/wp-content\\\/uploads\\\/2024\\\/02\\\/Color-Variant-A-e1715241507117.png\",\"width\":150,\"height\":239},{\"@type\":\"BreadcrumbList\",\"@id\":\"https:\\\/\\\/archiv.siov.sk\\\/stredoskolska-odborna-cinnost-predstavi-talenty-na-46-rocniku-v-nitre\\\/#breadcrumb\",\"itemListElement\":[{\"@type\":\"ListItem\",\"position\":1,\"name\":\"Home\",\"item\":\"https:\\\/\\\/archiv.siov.sk\\\/\"},{\"@type\":\"ListItem\",\"position\":2,\"name\":\"Stredo\u0161kolsk\u00e1 odborn\u00e1 \u010dinnos\u0165 predstav\u00ed talenty na 46. ro\u010dn\u00edku v Nitre\"}]},{\"@type\":\"WebSite\",\"@id\":\"https:\\\/\\\/archiv.siov.sk\\\/#website\",\"url\":\"https:\\\/\\\/archiv.siov.sk\\\/\",\"name\":\"\u0160IOV - \u0161t\u00e1tny in\u0161tit\u00fat odborn\u00e9ho vzdel\u00e1vania\",\"description\":\"\",\"publisher\":{\"@id\":\"https:\\\/\\\/archiv.siov.sk\\\/#organization\"},\"potentialAction\":[{\"@type\":\"SearchAction\",\"target\":{\"@type\":\"EntryPoint\",\"urlTemplate\":\"https:\\\/\\\/archiv.siov.sk\\\/?s={search_term_string}\"},\"query-input\":{\"@type\":\"PropertyValueSpecification\",\"valueRequired\":true,\"valueName\":\"search_term_string\"}}],\"inLanguage\":\"en-GB\"},{\"@type\":\"Organization\",\"@id\":\"https:\\\/\\\/archiv.siov.sk\\\/#organization\",\"name\":\"\u0160IOV - \u0161t\u00e1tny in\u0161tit\u00fat odborn\u00e9ho vzdel\u00e1vania\",\"url\":\"https:\\\/\\\/archiv.siov.sk\\\/\",\"logo\":{\"@type\":\"ImageObject\",\"inLanguage\":\"en-GB\",\"@id\":\"https:\\\/\\\/archiv.siov.sk\\\/#\\\/schema\\\/logo\\\/image\\\/\",\"url\":\"https:\\\/\\\/archiv.siov.sk\\\/wp-content\\\/uploads\\\/2024\\\/02\\\/logo-SIOV.png\",\"contentUrl\":\"https:\\\/\\\/archiv.siov.sk\\\/wp-content\\\/uploads\\\/2024\\\/02\\\/logo-SIOV.png\",\"width\":431,\"height\":143,\"caption\":\"\u0160IOV - \u0161t\u00e1tny in\u0161tit\u00fat odborn\u00e9ho vzdel\u00e1vania\"},\"image\":{\"@id\":\"https:\\\/\\\/archiv.siov.sk\\\/#\\\/schema\\\/logo\\\/image\\\/\"},\"sameAs\":[\"https:\\\/\\\/www.facebook.com\\\/Statnyinstitutodbornehovzdelavania\"]},{\"@type\":\"Person\",\"@id\":\"https:\\\/\\\/archiv.siov.sk\\\/#\\\/schema\\\/person\\\/e42d633fbd958c6a726e8834d8965e6c\",\"name\":\"Katar\u00edna Kov\u00e1\u010dov\u00e1\",\"url\":\"https:\\\/\\\/archiv.siov.sk\\\/en\\\/author\\\/katkakovacova\\\/\"}]}<\/script>\n<!-- \/ Yoast SEO plugin. -->","yoast_head_json":{"title":"Stredo\u0161kolsk\u00e1 odborn\u00e1 \u010dinnos\u0165 predstav\u00ed talenty na 46. ro\u010dn\u00edku v Nitre - \u0160IOV - \u0161t\u00e1tny in\u0161tit\u00fat odborn\u00e9ho vzdel\u00e1vania","robots":{"index":"index","follow":"follow","max-snippet":"max-snippet:-1","max-image-preview":"max-image-preview:large","max-video-preview":"max-video-preview:-1"},"canonical":"https:\/\/archiv.siov.sk\/en\/stredoskolska-odborna-cinnost-predstavi-talenty-na-46-rocniku-v-nitre\/","og_locale":"en_GB","og_type":"article","og_title":"Stredo\u0161kolsk\u00e1 odborn\u00e1 \u010dinnos\u0165 predstav\u00ed talenty na 46. ro\u010dn\u00edku v Nitre - \u0160IOV - \u0161t\u00e1tny in\u0161tit\u00fat odborn\u00e9ho vzdel\u00e1vania","og_description":"Stredo\u0161kolsk\u00e1 odborn\u00e1 \u010dinnos\u0165 je vedomostnou s\u00fa\u0165a\u017eou \u017eiakov stredn\u00fdch \u0161k\u00f4l z cel\u00e9ho Slovenska. Po\u010det zapojen\u00fdch\u00a0 \u0161tudentov aktu\u00e1lne prekro\u010dil hranicu p\u00e4\u0165 tis\u00edc. Pre \u0161kolsk\u00fd rok 2023\/2024 Ministerstvo \u0161kolstva, v\u00fdskumu, v\u00fdvoja a ml\u00e1de\u017ee SR vyhl\u00e1silo u\u017e 46. ro\u010dn\u00edk s\u00fa\u0165a\u017ee.\u00a0 Celo\u0161t\u00e1tnej prehliadke predch\u00e1dzali postupne \u0161kolsk\u00e9, okresn\u00e9 a krajsk\u00e9 kol\u00e1. \u00a0\u017diaci stredn\u00fdch \u0161k\u00f4l \u00a0mali mo\u017enos\u0165 prihl\u00e1si\u0165 zauj\u00edmav\u00e9 rie\u0161enia do sedemn\u00e1stich [&hellip;]","og_url":"https:\/\/archiv.siov.sk\/en\/stredoskolska-odborna-cinnost-predstavi-talenty-na-46-rocniku-v-nitre\/","og_site_name":"\u0160IOV - \u0161t\u00e1tny in\u0161tit\u00fat odborn\u00e9ho vzdel\u00e1vania","article_publisher":"https:\/\/www.facebook.com\/Statnyinstitutodbornehovzdelavania","article_published_time":"2024-04-03T12:54:26+00:00","article_modified_time":"2024-04-03T12:54:35+00:00","og_image":[{"width":150,"height":239,"url":"https:\/\/archiv.siov.sk\/wp-content\/uploads\/2024\/02\/Color-Variant-A-e1715241507117.png","type":"image\/png"}],"author":"Katar\u00edna Kov\u00e1\u010dov\u00e1","twitter_card":"summary_large_image","twitter_misc":{"Written by":"Katar\u00edna Kov\u00e1\u010dov\u00e1","Estimated reading time":"3 minutes"},"schema":{"@context":"https:\/\/schema.org","@graph":[{"@type":"Article","@id":"https:\/\/archiv.siov.sk\/stredoskolska-odborna-cinnost-predstavi-talenty-na-46-rocniku-v-nitre\/#article","isPartOf":{"@id":"https:\/\/archiv.siov.sk\/stredoskolska-odborna-cinnost-predstavi-talenty-na-46-rocniku-v-nitre\/"},"author":{"name":"Katar\u00edna Kov\u00e1\u010dov\u00e1","@id":"https:\/\/archiv.siov.sk\/#\/schema\/person\/e42d633fbd958c6a726e8834d8965e6c"},"headline":"Stredo\u0161kolsk\u00e1 odborn\u00e1 \u010dinnos\u0165 predstav\u00ed talenty na 46. ro\u010dn\u00edku v Nitre","datePublished":"2024-04-03T12:54:26+00:00","dateModified":"2024-04-03T12:54:35+00:00","mainEntityOfPage":{"@id":"https:\/\/archiv.siov.sk\/stredoskolska-odborna-cinnost-predstavi-talenty-na-46-rocniku-v-nitre\/"},"wordCount":507,"publisher":{"@id":"https:\/\/archiv.siov.sk\/#organization"},"image":{"@id":"https:\/\/archiv.siov.sk\/stredoskolska-odborna-cinnost-predstavi-talenty-na-46-rocniku-v-nitre\/#primaryimage"},"thumbnailUrl":"https:\/\/archiv.siov.sk\/wp-content\/uploads\/2024\/02\/Color-Variant-A-e1715241507117.png","articleSection":["Aktuality"],"inLanguage":"en-GB"},{"@type":"WebPage","@id":"https:\/\/archiv.siov.sk\/stredoskolska-odborna-cinnost-predstavi-talenty-na-46-rocniku-v-nitre\/","url":"https:\/\/archiv.siov.sk\/stredoskolska-odborna-cinnost-predstavi-talenty-na-46-rocniku-v-nitre\/","name":"Stredo\u0161kolsk\u00e1 odborn\u00e1 \u010dinnos\u0165 predstav\u00ed talenty na 46. ro\u010dn\u00edku v Nitre - \u0160IOV - \u0161t\u00e1tny in\u0161tit\u00fat odborn\u00e9ho vzdel\u00e1vania","isPartOf":{"@id":"https:\/\/archiv.siov.sk\/#website"},"primaryImageOfPage":{"@id":"https:\/\/archiv.siov.sk\/stredoskolska-odborna-cinnost-predstavi-talenty-na-46-rocniku-v-nitre\/#primaryimage"},"image":{"@id":"https:\/\/archiv.siov.sk\/stredoskolska-odborna-cinnost-predstavi-talenty-na-46-rocniku-v-nitre\/#primaryimage"},"thumbnailUrl":"https:\/\/archiv.siov.sk\/wp-content\/uploads\/2024\/02\/Color-Variant-A-e1715241507117.png","datePublished":"2024-04-03T12:54:26+00:00","dateModified":"2024-04-03T12:54:35+00:00","breadcrumb":{"@id":"https:\/\/archiv.siov.sk\/stredoskolska-odborna-cinnost-predstavi-talenty-na-46-rocniku-v-nitre\/#breadcrumb"},"inLanguage":"en-GB","potentialAction":[{"@type":"ReadAction","target":["https:\/\/archiv.siov.sk\/stredoskolska-odborna-cinnost-predstavi-talenty-na-46-rocniku-v-nitre\/"]}]},{"@type":"ImageObject","inLanguage":"en-GB","@id":"https:\/\/archiv.siov.sk\/stredoskolska-odborna-cinnost-predstavi-talenty-na-46-rocniku-v-nitre\/#primaryimage","url":"https:\/\/archiv.siov.sk\/wp-content\/uploads\/2024\/02\/Color-Variant-A-e1715241507117.png","contentUrl":"https:\/\/archiv.siov.sk\/wp-content\/uploads\/2024\/02\/Color-Variant-A-e1715241507117.png","width":150,"height":239},{"@type":"BreadcrumbList","@id":"https:\/\/archiv.siov.sk\/stredoskolska-odborna-cinnost-predstavi-talenty-na-46-rocniku-v-nitre\/#breadcrumb","itemListElement":[{"@type":"ListItem","position":1,"name":"Home","item":"https:\/\/archiv.siov.sk\/"},{"@type":"ListItem","position":2,"name":"Stredo\u0161kolsk\u00e1 odborn\u00e1 \u010dinnos\u0165 predstav\u00ed talenty na 46. ro\u010dn\u00edku v Nitre"}]},{"@type":"WebSite","@id":"https:\/\/archiv.siov.sk\/#website","url":"https:\/\/archiv.siov.sk\/","name":"\u0160IOV - \u0161t\u00e1tny in\u0161tit\u00fat odborn\u00e9ho vzdel\u00e1vania","description":"","publisher":{"@id":"https:\/\/archiv.siov.sk\/#organization"},"potentialAction":[{"@type":"SearchAction","target":{"@type":"EntryPoint","urlTemplate":"https:\/\/archiv.siov.sk\/?s={search_term_string}"},"query-input":{"@type":"PropertyValueSpecification","valueRequired":true,"valueName":"search_term_string"}}],"inLanguage":"en-GB"},{"@type":"Organization","@id":"https:\/\/archiv.siov.sk\/#organization","name":"\u0160IOV - \u0161t\u00e1tny in\u0161tit\u00fat odborn\u00e9ho vzdel\u00e1vania","url":"https:\/\/archiv.siov.sk\/","logo":{"@type":"ImageObject","inLanguage":"en-GB","@id":"https:\/\/archiv.siov.sk\/#\/schema\/logo\/image\/","url":"https:\/\/archiv.siov.sk\/wp-content\/uploads\/2024\/02\/logo-SIOV.png","contentUrl":"https:\/\/archiv.siov.sk\/wp-content\/uploads\/2024\/02\/logo-SIOV.png","width":431,"height":143,"caption":"\u0160IOV - \u0161t\u00e1tny in\u0161tit\u00fat odborn\u00e9ho vzdel\u00e1vania"},"image":{"@id":"https:\/\/archiv.siov.sk\/#\/schema\/logo\/image\/"},"sameAs":["https:\/\/www.facebook.com\/Statnyinstitutodbornehovzdelavania"]},{"@type":"Person","@id":"https:\/\/archiv.siov.sk\/#\/schema\/person\/e42d633fbd958c6a726e8834d8965e6c","name":"Katar\u00edna Kov\u00e1\u010dov\u00e1","url":"https:\/\/archiv.siov.sk\/en\/author\/katkakovacova\/"}]}},"_links":{"self":[{"href":"https:\/\/archiv.siov.sk\/en\/wp-json\/wp\/v2\/posts\/14976","targetHints":{"allow":["GET"]}}],"collection":[{"href":"https:\/\/archiv.siov.sk\/en\/wp-json\/wp\/v2\/posts"}],"about":[{"href":"https:\/\/archiv.siov.sk\/en\/wp-json\/wp\/v2\/types\/post"}],"author":[{"embeddable":true,"href":"https:\/\/archiv.siov.sk\/en\/wp-json\/wp\/v2\/users\/6"}],"replies":[{"embeddable":true,"href":"https:\/\/archiv.siov.sk\/en\/wp-json\/wp\/v2\/comments?post=14976"}],"version-history":[{"count":2,"href":"https:\/\/archiv.siov.sk\/en\/wp-json\/wp\/v2\/posts\/14976\/revisions"}],"predecessor-version":[{"id":14978,"href":"https:\/\/archiv.siov.sk\/en\/wp-json\/wp\/v2\/posts\/14976\/revisions\/14978"}],"wp:featuredmedia":[{"embeddable":true,"href":"https:\/\/archiv.siov.sk\/en\/wp-json\/wp\/v2\/media\/14579"}],"wp:attachment":[{"href":"https:\/\/archiv.siov.sk\/en\/wp-json\/wp\/v2\/media?parent=14976"}],"wp:term":[{"taxonomy":"category","embeddable":true,"href":"https:\/\/archiv.siov.sk\/en\/wp-json\/wp\/v2\/categories?post=14976"},{"taxonomy":"post_tag","embeddable":true,"href":"https:\/\/archiv.siov.sk\/en\/wp-json\/wp\/v2\/tags?post=14976"}],"curies":[{"name":"wp","href":"https:\/\/api.w.org\/{rel}","templated":true}]}}