{"id":14954,"date":"2024-03-28T13:15:04","date_gmt":"2024-03-28T12:15:04","guid":{"rendered":"https:\/\/archiv.siov.sk\/?p=14954"},"modified":"2024-03-28T13:16:13","modified_gmt":"2024-03-28T12:16:13","slug":"plan-obnovy-prinasa-do-zilinskeho-samospravneho-kraja-reformu-a-investicie-v-oblasti-zelenych-zrucnosti","status":"publish","type":"post","link":"https:\/\/archiv.siov.sk\/en\/plan-obnovy-prinasa-do-zilinskeho-samospravneho-kraja-reformu-a-investicie-v-oblasti-zelenych-zrucnosti\/","title":{"rendered":"Pl\u00e1n obnovy prin\u00e1\u0161a do \u017dilinsk\u00e9ho samospr\u00e1vneho kraja reformu a invest\u00edcie v oblasti zelen\u00fdch zru\u010dnost\u00ed"},"content":{"rendered":"<p style=\"text-align: justify;\">\u0160t\u00e1tny in\u0161tit\u00fat odborn\u00e9ho vzdel\u00e1vania a \u017dilinsk\u00fd samospr\u00e1vny kraj 27. marca sl\u00e1vnostne podp\u00edsali memorand\u00e1 o spolupr\u00e1ci\u00a0 SO\u0160 stavebnej v \u017diline a Spojenej \u0161koly v Martine\u00a0 v r\u00e1mci Pl\u00e1nu obnovy a odolnosti SR v oblasti REPowerEU. Pre \u0161koly predstavuje podp\u00edsanie memor\u00e1nd zlep\u0161enie vzdel\u00e1vania a zv\u00fd\u0161enie kvality \u017eiakov v odbore Technik energetick\u00fdch zariaden\u00ed budov.<\/p>\n<p style=\"text-align: justify;\">Realiz\u00e1cia kapitoly REPowerEU v\u00a0s\u00falade s\u00a0vyt\u00fd\u010den\u00fdmi cie\u013emi Eur\u00f3pskej \u00fanie, najm\u00e4 v\u00a0oblasti boja s\u00a0klimatickou kr\u00edzou vr\u00e1tane prechodu na zelen\u00fa ekonomiku si vy\u017eaduje pr\u00edpravu vysoko kvalifikovan\u00fdch odborn\u00edkov, ktor\u00ed musia disponova\u0165 vhodn\u00fdmi zelen\u00fdmi zru\u010dnos\u0165ami v\u00a0oblasti obnovite\u013en\u00fdch zdrojov energie.<\/p>\n<p style=\"text-align: justify;\">V s\u00falade s t\u00fdm \u0160t\u00e1tny in\u0161tit\u00fat odborn\u00e9ho vzdel\u00e1vania pl\u00e1nuje postupne uzavrie\u0165 memorand\u00e1 aj so \u0161kolami a samospr\u00e1vami v in\u00fdch krajoch Slovenska. \u017dilinsk\u00fd samospr\u00e1vny kraj v\u0161ak aktu\u00e1lne pova\u017euje za najpripravenej\u0161\u00ed pre otvorenie \u00a0projektu. Podpisom memor\u00e1nd zahajujeme spolupr\u00e1cu v oblasti rozvoja zelen\u00fdch zru\u010dnost\u00ed.<\/p>\n<p style=\"text-align: justify;\">U\u010debne vybudovan\u00e9 na uveden\u00fdch stredn\u00fdch \u0161kol\u00e1ch bud\u00fa sl\u00fa\u017ei\u0165 na z\u00edskanie zru\u010dnost\u00ed a\u00a0overovanie nadobudnut\u00fdch vedomost\u00ed v\u00a0oblasti nasadzovania obnovite\u013en\u00fdch zdrojov energie s\u00a0vyu\u017eit\u00edm SMART technol\u00f3gi\u00ed. \u0160koly ich bud\u00fa pou\u017e\u00edva\u0165 na vyu\u010dovanie v\u00a0oblasti zlep\u0161enia nakladania s\u00a0energiami existuj\u00facich budov smerom k\u00a0zni\u017eovaniu emisi\u00ed CO2 a\u00a0vyu\u017e\u00edvaniu vod\u00edka. Celkov\u00e1 invest\u00edcia pre obidve \u0161koly je pl\u00e1novan\u00e1 vo v\u00fd\u0161ke dva mili\u00f3ny eur.<\/p>\n<p><img fetchpriority=\"high\" decoding=\"async\" class=\"alignnone size-medium wp-image-14957 aligncenter\" src=\"https:\/\/archiv.siov.sk\/wp-content\/uploads\/2024\/03\/431350453_968728778017223_8891679871317946934_n-225x300.jpg\" alt=\"\" width=\"225\" height=\"300\" srcset=\"https:\/\/archiv.siov.sk\/wp-content\/uploads\/2024\/03\/431350453_968728778017223_8891679871317946934_n-225x300.jpg 225w, https:\/\/archiv.siov.sk\/wp-content\/uploads\/2024\/03\/431350453_968728778017223_8891679871317946934_n-767x1024.jpg 767w, https:\/\/archiv.siov.sk\/wp-content\/uploads\/2024\/03\/431350453_968728778017223_8891679871317946934_n-768x1025.jpg 768w, https:\/\/archiv.siov.sk\/wp-content\/uploads\/2024\/03\/431350453_968728778017223_8891679871317946934_n-1151x1536.jpg 1151w, https:\/\/archiv.siov.sk\/wp-content\/uploads\/2024\/03\/431350453_968728778017223_8891679871317946934_n-9x12.jpg 9w, https:\/\/archiv.siov.sk\/wp-content\/uploads\/2024\/03\/431350453_968728778017223_8891679871317946934_n.jpg 1178w\" sizes=\"(max-width: 225px) 100vw, 225px\" \/><\/p>\n<p><img decoding=\"async\" class=\"size-medium wp-image-14958 aligncenter\" src=\"https:\/\/archiv.siov.sk\/wp-content\/uploads\/2024\/03\/432826868_931370658996755_4348098220741663474_n-300x225.jpg\" alt=\"\" width=\"300\" height=\"225\" srcset=\"https:\/\/archiv.siov.sk\/wp-content\/uploads\/2024\/03\/432826868_931370658996755_4348098220741663474_n-300x225.jpg 300w, https:\/\/archiv.siov.sk\/wp-content\/uploads\/2024\/03\/432826868_931370658996755_4348098220741663474_n-1024x768.jpg 1024w, https:\/\/archiv.siov.sk\/wp-content\/uploads\/2024\/03\/432826868_931370658996755_4348098220741663474_n-768x576.jpg 768w, https:\/\/archiv.siov.sk\/wp-content\/uploads\/2024\/03\/432826868_931370658996755_4348098220741663474_n-16x12.jpg 16w, https:\/\/archiv.siov.sk\/wp-content\/uploads\/2024\/03\/432826868_931370658996755_4348098220741663474_n.jpg 1179w\" sizes=\"(max-width: 300px) 100vw, 300px\" \/><\/p>\n<p style=\"text-align: justify;\">\u201eP<em>odpisom memoranda otv\u00e1rame so \u017dilinsk\u00fdm samospr\u00e1vnym krajom \u010fal\u0161iu spolupr\u00e1cu tentokr\u00e1t zameran\u00fa na rozvoj zelen\u00fdch zru\u010dnost\u00ed. Tento krok predstavuje pr\u00edle\u017eitos\u0165 aj pre ostatn\u00e9 samospr\u00e1vne kraje a ich \u0161koly v nap\u013a\u0148an\u00ed agendy a cie\u013eov vyt\u00fd\u010den\u00fdch v ich strategick\u00fdch dokumentoch a Agende 2030. Energetika v smere ochrany svetovej kl\u00edmy predstavuje k\u013e\u00fa\u010dov\u00e9 odvetvie, ktor\u00e9 si vy\u017eaduje kvalifikovan\u00fdch \u013eud\u00ed. Ver\u00edm, \u017ee dnes od\u0161tartovan\u00e1 spolupr\u00e1ca n\u00e1m vz\u00e1jomne pom\u00f4\u017ee ich v\u00fdrazne doplni\u0165, &#8220; <\/em>uviedol riadite\u013e \u0160t\u00e1tneho in\u0161tit\u00fatu odborn\u00e9ho vzdel\u00e1vania Branislav Had\u00e1r.<\/p>\n<p style=\"text-align: justify;\">Na oboch stredn\u00fdch \u0161kol\u00e1ch bud\u00fa v\u00a0nasleduj\u00facom obdob\u00ed v\u00a0spolupr\u00e1ci s\u00a0odborn\u00edkmi \u00a0vybaven\u00e9 priestory \u0161k\u00f4l za \u00fa\u010delom teoretickej a\u00a0praktickej v\u00fdu\u010dby \u017eiakov a\u00a0pedagogick\u00fdch zamestnancov. Uskuto\u010dnia sa kurzy a\u00a0\u0161kolenia pedag\u00f3gov a\u00a0\u0161kolite\u013eov pre prax, \u017eiaci absolvuj\u00fa nov\u00e9 moduly v\u00a0oblasti obnovite\u013en\u00fdch zdrojov energie.<\/p>\n<p style=\"text-align: justify;\">\u201e<em>Te\u0161\u00ed ma, \u017ee \u017dilinsk\u00fd samospr\u00e1vny kraj zahajuje \u00a0reformy v oblasti zelen\u00fdch zru\u010dnost\u00ed. Sme krajom inov\u00e1ci\u00ed a na\u0161ou snahou je aj dosahova\u0165 technologick\u00fd progres v s\u00favislosti so \u0161etren\u00edm energiami a investovan\u00edm do obnovite\u013en\u00fdch zdrojov energie. Pokia\u013e chceme docieli\u0165 rozvoj k\u013e\u00fa\u010dov\u00fdch odvetv\u00ed n\u00e1\u0161ho hospod\u00e1rstva, je potrebn\u00e9, aby sa zelen\u00e9 zru\u010dnosti stali pre n\u00e1s samozrejmos\u0165ou. Ka\u017ed\u00fd z n\u00e1s m\u00f4\u017ee prispie\u0165 k zmene a som rada, \u017ee v\u010faka REPowerEU dostan\u00fa na\u0161i \u017eiaci a pedag\u00f3govia pr\u00edle\u017eitos\u0165 rozv\u00edja\u0165 svoje odborn\u00e9 zelen\u00e9 zru\u010dnosti a by\u0165 vzorom pre ostatn\u00fdch,&#8220;<\/em> komentovala spolupr\u00e1cu predsedn\u00ed\u010dka \u017dilinsk\u00e9ho samospr\u00e1vneho kraja Erika Jurinov\u00e1.<\/p>\n<p style=\"text-align: justify;\">V\u010faka Pl\u00e1nu obnovy a\u00a0odolnosti (kapitola REPowerEU) sa ur\u00fdch\u013euje zelen\u00e1 transform\u00e1cia a\u00a0podnecuj\u00fa sa ve\u013ek\u00e9 invest\u00edcie do energie z\u00a0obnovite\u013en\u00fdch\u00a0 zdrojov.<\/p>\n<p>&nbsp;<\/p>","protected":false},"excerpt":{"rendered":"<p>\u0160t\u00e1tny in\u0161tit\u00fat odborn\u00e9ho vzdel\u00e1vania a \u017dilinsk\u00fd samospr\u00e1vny kraj 27. marca sl\u00e1vnostne podp\u00edsali memorand\u00e1 o spolupr\u00e1ci\u00a0 SO\u0160 stavebnej v \u017diline a Spojenej \u0161koly v Martine\u00a0 v r\u00e1mci Pl\u00e1nu obnovy a odolnosti SR v oblasti REPowerEU. Pre \u0161koly predstavuje podp\u00edsanie memor\u00e1nd zlep\u0161enie vzdel\u00e1vania a zv\u00fd\u0161enie kvality \u017eiakov v odbore Technik energetick\u00fdch zariaden\u00ed budov. Realiz\u00e1cia kapitoly REPowerEU v\u00a0s\u00falade [&hellip;]<\/p>\n","protected":false},"author":6,"featured_media":14956,"comment_status":"closed","ping_status":"closed","sticky":false,"template":"","format":"standard","meta":{"site-sidebar-layout":"default","site-content-layout":"","ast-site-content-layout":"default","site-content-style":"default","site-sidebar-style":"default","ast-global-header-display":"","ast-banner-title-visibility":"","ast-main-header-display":"","ast-hfb-above-header-display":"","ast-hfb-below-header-display":"","ast-hfb-mobile-header-display":"","site-post-title":"","ast-breadcrumbs-content":"","ast-featured-img":"","footer-sml-layout":"","ast-disable-related-posts":"","theme-transparent-header-meta":"default","adv-header-id-meta":"","stick-header-meta":"","header-above-stick-meta":"","header-main-stick-meta":"","header-below-stick-meta":"","astra-migrate-meta-layouts":"set","ast-page-background-enabled":"default","ast-page-background-meta":{"desktop":{"background-color":"var(--ast-global-color-4)","background-image":"","background-repeat":"repeat","background-position":"center center","background-size":"auto","background-attachment":"scroll","background-type":"","background-media":"","overlay-type":"","overlay-color":"","overlay-opacity":"","overlay-gradient":""},"tablet":{"background-color":"","background-image":"","background-repeat":"repeat","background-position":"center center","background-size":"auto","background-attachment":"scroll","background-type":"","background-media":"","overlay-type":"","overlay-color":"","overlay-opacity":"","overlay-gradient":""},"mobile":{"background-color":"","background-image":"","background-repeat":"repeat","background-position":"center center","background-size":"auto","background-attachment":"scroll","background-type":"","background-media":"","overlay-type":"","overlay-color":"","overlay-opacity":"","overlay-gradient":""}},"ast-content-background-meta":{"desktop":{"background-color":"var(--ast-global-color-5)","background-image":"","background-repeat":"repeat","background-position":"center center","background-size":"auto","background-attachment":"scroll","background-type":"","background-media":"","overlay-type":"","overlay-color":"","overlay-opacity":"","overlay-gradient":""},"tablet":{"background-color":"var(--ast-global-color-5)","background-image":"","background-repeat":"repeat","background-position":"center center","background-size":"auto","background-attachment":"scroll","background-type":"","background-media":"","overlay-type":"","overlay-color":"","overlay-opacity":"","overlay-gradient":""},"mobile":{"background-color":"var(--ast-global-color-5)","background-image":"","background-repeat":"repeat","background-position":"center center","background-size":"auto","background-attachment":"scroll","background-type":"","background-media":"","overlay-type":"","overlay-color":"","overlay-opacity":"","overlay-gradient":""}},"footnotes":""},"categories":[1],"tags":[],"class_list":["post-14954","post","type-post","status-publish","format-standard","has-post-thumbnail","hentry","category-aktuality"],"yoast_head":"<!-- This site is optimized with the Yoast SEO plugin v27.5 - https:\/\/yoast.com\/product\/yoast-seo-wordpress\/ -->\n<title>Pl\u00e1n obnovy prin\u00e1\u0161a do \u017dilinsk\u00e9ho samospr\u00e1vneho kraja reformu a invest\u00edcie v oblasti zelen\u00fdch zru\u010dnost\u00ed - \u0160IOV - \u0161t\u00e1tny in\u0161tit\u00fat odborn\u00e9ho vzdel\u00e1vania<\/title>\n<meta name=\"robots\" content=\"index, follow, max-snippet:-1, max-image-preview:large, max-video-preview:-1\" \/>\n<link rel=\"canonical\" href=\"https:\/\/archiv.siov.sk\/en\/plan-obnovy-prinasa-do-zilinskeho-samospravneho-kraja-reformu-a-investicie-v-oblasti-zelenych-zrucnosti\/\" \/>\n<meta property=\"og:locale\" content=\"en_GB\" \/>\n<meta property=\"og:type\" content=\"article\" \/>\n<meta property=\"og:title\" content=\"Pl\u00e1n obnovy prin\u00e1\u0161a do \u017dilinsk\u00e9ho samospr\u00e1vneho kraja reformu a invest\u00edcie v oblasti zelen\u00fdch zru\u010dnost\u00ed - \u0160IOV - \u0161t\u00e1tny in\u0161tit\u00fat odborn\u00e9ho vzdel\u00e1vania\" \/>\n<meta property=\"og:description\" content=\"\u0160t\u00e1tny in\u0161tit\u00fat odborn\u00e9ho vzdel\u00e1vania a \u017dilinsk\u00fd samospr\u00e1vny kraj 27. marca sl\u00e1vnostne podp\u00edsali memorand\u00e1 o spolupr\u00e1ci\u00a0 SO\u0160 stavebnej v \u017diline a Spojenej \u0161koly v Martine\u00a0 v r\u00e1mci Pl\u00e1nu obnovy a odolnosti SR v oblasti REPowerEU. Pre \u0161koly predstavuje podp\u00edsanie memor\u00e1nd zlep\u0161enie vzdel\u00e1vania a zv\u00fd\u0161enie kvality \u017eiakov v odbore Technik energetick\u00fdch zariaden\u00ed budov. Realiz\u00e1cia kapitoly REPowerEU v\u00a0s\u00falade [&hellip;]\" \/>\n<meta property=\"og:url\" content=\"https:\/\/archiv.siov.sk\/en\/plan-obnovy-prinasa-do-zilinskeho-samospravneho-kraja-reformu-a-investicie-v-oblasti-zelenych-zrucnosti\/\" \/>\n<meta property=\"og:site_name\" content=\"\u0160IOV - \u0161t\u00e1tny in\u0161tit\u00fat odborn\u00e9ho vzdel\u00e1vania\" \/>\n<meta property=\"article:publisher\" content=\"https:\/\/www.facebook.com\/Statnyinstitutodbornehovzdelavania\" \/>\n<meta property=\"article:published_time\" content=\"2024-03-28T12:15:04+00:00\" \/>\n<meta property=\"article:modified_time\" content=\"2024-03-28T12:16:13+00:00\" \/>\n<meta property=\"og:image\" content=\"https:\/\/archiv.siov.sk\/wp-content\/uploads\/2024\/03\/432788549_400694579345282_2037595457684312341_n.jpg\" \/>\n\t<meta property=\"og:image:width\" content=\"1179\" \/>\n\t<meta property=\"og:image:height\" content=\"1572\" \/>\n\t<meta property=\"og:image:type\" content=\"image\/jpeg\" \/>\n<meta name=\"author\" content=\"Katar\u00edna Kov\u00e1\u010dov\u00e1\" \/>\n<meta name=\"twitter:card\" content=\"summary_large_image\" \/>\n<meta name=\"twitter:label1\" content=\"Written by\" \/>\n\t<meta name=\"twitter:data1\" content=\"Katar\u00edna Kov\u00e1\u010dov\u00e1\" \/>\n\t<meta name=\"twitter:label2\" content=\"Estimated reading time\" \/>\n\t<meta name=\"twitter:data2\" content=\"3 minutes\" \/>\n<script type=\"application\/ld+json\" class=\"yoast-schema-graph\">{\"@context\":\"https:\\\/\\\/schema.org\",\"@graph\":[{\"@type\":\"Article\",\"@id\":\"https:\\\/\\\/archiv.siov.sk\\\/plan-obnovy-prinasa-do-zilinskeho-samospravneho-kraja-reformu-a-investicie-v-oblasti-zelenych-zrucnosti\\\/#article\",\"isPartOf\":{\"@id\":\"https:\\\/\\\/archiv.siov.sk\\\/plan-obnovy-prinasa-do-zilinskeho-samospravneho-kraja-reformu-a-investicie-v-oblasti-zelenych-zrucnosti\\\/\"},\"author\":{\"name\":\"Katar\u00edna Kov\u00e1\u010dov\u00e1\",\"@id\":\"https:\\\/\\\/archiv.siov.sk\\\/#\\\/schema\\\/person\\\/e42d633fbd958c6a726e8834d8965e6c\"},\"headline\":\"Pl\u00e1n obnovy prin\u00e1\u0161a do \u017dilinsk\u00e9ho samospr\u00e1vneho kraja reformu a invest\u00edcie v oblasti zelen\u00fdch zru\u010dnost\u00ed\",\"datePublished\":\"2024-03-28T12:15:04+00:00\",\"dateModified\":\"2024-03-28T12:16:13+00:00\",\"mainEntityOfPage\":{\"@id\":\"https:\\\/\\\/archiv.siov.sk\\\/plan-obnovy-prinasa-do-zilinskeho-samospravneho-kraja-reformu-a-investicie-v-oblasti-zelenych-zrucnosti\\\/\"},\"wordCount\":602,\"publisher\":{\"@id\":\"https:\\\/\\\/archiv.siov.sk\\\/#organization\"},\"image\":{\"@id\":\"https:\\\/\\\/archiv.siov.sk\\\/plan-obnovy-prinasa-do-zilinskeho-samospravneho-kraja-reformu-a-investicie-v-oblasti-zelenych-zrucnosti\\\/#primaryimage\"},\"thumbnailUrl\":\"https:\\\/\\\/archiv.siov.sk\\\/wp-content\\\/uploads\\\/2024\\\/03\\\/432788549_400694579345282_2037595457684312341_n.jpg\",\"articleSection\":[\"Aktuality\"],\"inLanguage\":\"en-GB\"},{\"@type\":\"WebPage\",\"@id\":\"https:\\\/\\\/archiv.siov.sk\\\/plan-obnovy-prinasa-do-zilinskeho-samospravneho-kraja-reformu-a-investicie-v-oblasti-zelenych-zrucnosti\\\/\",\"url\":\"https:\\\/\\\/archiv.siov.sk\\\/plan-obnovy-prinasa-do-zilinskeho-samospravneho-kraja-reformu-a-investicie-v-oblasti-zelenych-zrucnosti\\\/\",\"name\":\"Pl\u00e1n obnovy prin\u00e1\u0161a do \u017dilinsk\u00e9ho samospr\u00e1vneho kraja reformu a invest\u00edcie v oblasti zelen\u00fdch zru\u010dnost\u00ed - \u0160IOV - \u0161t\u00e1tny in\u0161tit\u00fat odborn\u00e9ho vzdel\u00e1vania\",\"isPartOf\":{\"@id\":\"https:\\\/\\\/archiv.siov.sk\\\/#website\"},\"primaryImageOfPage\":{\"@id\":\"https:\\\/\\\/archiv.siov.sk\\\/plan-obnovy-prinasa-do-zilinskeho-samospravneho-kraja-reformu-a-investicie-v-oblasti-zelenych-zrucnosti\\\/#primaryimage\"},\"image\":{\"@id\":\"https:\\\/\\\/archiv.siov.sk\\\/plan-obnovy-prinasa-do-zilinskeho-samospravneho-kraja-reformu-a-investicie-v-oblasti-zelenych-zrucnosti\\\/#primaryimage\"},\"thumbnailUrl\":\"https:\\\/\\\/archiv.siov.sk\\\/wp-content\\\/uploads\\\/2024\\\/03\\\/432788549_400694579345282_2037595457684312341_n.jpg\",\"datePublished\":\"2024-03-28T12:15:04+00:00\",\"dateModified\":\"2024-03-28T12:16:13+00:00\",\"breadcrumb\":{\"@id\":\"https:\\\/\\\/archiv.siov.sk\\\/plan-obnovy-prinasa-do-zilinskeho-samospravneho-kraja-reformu-a-investicie-v-oblasti-zelenych-zrucnosti\\\/#breadcrumb\"},\"inLanguage\":\"en-GB\",\"potentialAction\":[{\"@type\":\"ReadAction\",\"target\":[\"https:\\\/\\\/archiv.siov.sk\\\/plan-obnovy-prinasa-do-zilinskeho-samospravneho-kraja-reformu-a-investicie-v-oblasti-zelenych-zrucnosti\\\/\"]}]},{\"@type\":\"ImageObject\",\"inLanguage\":\"en-GB\",\"@id\":\"https:\\\/\\\/archiv.siov.sk\\\/plan-obnovy-prinasa-do-zilinskeho-samospravneho-kraja-reformu-a-investicie-v-oblasti-zelenych-zrucnosti\\\/#primaryimage\",\"url\":\"https:\\\/\\\/archiv.siov.sk\\\/wp-content\\\/uploads\\\/2024\\\/03\\\/432788549_400694579345282_2037595457684312341_n.jpg\",\"contentUrl\":\"https:\\\/\\\/archiv.siov.sk\\\/wp-content\\\/uploads\\\/2024\\\/03\\\/432788549_400694579345282_2037595457684312341_n.jpg\",\"width\":1179,\"height\":1572},{\"@type\":\"BreadcrumbList\",\"@id\":\"https:\\\/\\\/archiv.siov.sk\\\/plan-obnovy-prinasa-do-zilinskeho-samospravneho-kraja-reformu-a-investicie-v-oblasti-zelenych-zrucnosti\\\/#breadcrumb\",\"itemListElement\":[{\"@type\":\"ListItem\",\"position\":1,\"name\":\"Home\",\"item\":\"https:\\\/\\\/archiv.siov.sk\\\/\"},{\"@type\":\"ListItem\",\"position\":2,\"name\":\"Pl\u00e1n obnovy prin\u00e1\u0161a do \u017dilinsk\u00e9ho samospr\u00e1vneho kraja reformu a invest\u00edcie v oblasti zelen\u00fdch zru\u010dnost\u00ed\"}]},{\"@type\":\"WebSite\",\"@id\":\"https:\\\/\\\/archiv.siov.sk\\\/#website\",\"url\":\"https:\\\/\\\/archiv.siov.sk\\\/\",\"name\":\"\u0160IOV - \u0161t\u00e1tny in\u0161tit\u00fat odborn\u00e9ho vzdel\u00e1vania\",\"description\":\"\",\"publisher\":{\"@id\":\"https:\\\/\\\/archiv.siov.sk\\\/#organization\"},\"potentialAction\":[{\"@type\":\"SearchAction\",\"target\":{\"@type\":\"EntryPoint\",\"urlTemplate\":\"https:\\\/\\\/archiv.siov.sk\\\/?s={search_term_string}\"},\"query-input\":{\"@type\":\"PropertyValueSpecification\",\"valueRequired\":true,\"valueName\":\"search_term_string\"}}],\"inLanguage\":\"en-GB\"},{\"@type\":\"Organization\",\"@id\":\"https:\\\/\\\/archiv.siov.sk\\\/#organization\",\"name\":\"\u0160IOV - \u0161t\u00e1tny in\u0161tit\u00fat odborn\u00e9ho vzdel\u00e1vania\",\"url\":\"https:\\\/\\\/archiv.siov.sk\\\/\",\"logo\":{\"@type\":\"ImageObject\",\"inLanguage\":\"en-GB\",\"@id\":\"https:\\\/\\\/archiv.siov.sk\\\/#\\\/schema\\\/logo\\\/image\\\/\",\"url\":\"https:\\\/\\\/archiv.siov.sk\\\/wp-content\\\/uploads\\\/2024\\\/02\\\/logo-SIOV.png\",\"contentUrl\":\"https:\\\/\\\/archiv.siov.sk\\\/wp-content\\\/uploads\\\/2024\\\/02\\\/logo-SIOV.png\",\"width\":431,\"height\":143,\"caption\":\"\u0160IOV - \u0161t\u00e1tny in\u0161tit\u00fat odborn\u00e9ho vzdel\u00e1vania\"},\"image\":{\"@id\":\"https:\\\/\\\/archiv.siov.sk\\\/#\\\/schema\\\/logo\\\/image\\\/\"},\"sameAs\":[\"https:\\\/\\\/www.facebook.com\\\/Statnyinstitutodbornehovzdelavania\"]},{\"@type\":\"Person\",\"@id\":\"https:\\\/\\\/archiv.siov.sk\\\/#\\\/schema\\\/person\\\/e42d633fbd958c6a726e8834d8965e6c\",\"name\":\"Katar\u00edna Kov\u00e1\u010dov\u00e1\",\"url\":\"https:\\\/\\\/archiv.siov.sk\\\/en\\\/author\\\/katkakovacova\\\/\"}]}<\/script>\n<!-- \/ Yoast SEO plugin. -->","yoast_head_json":{"title":"Pl\u00e1n obnovy prin\u00e1\u0161a do \u017dilinsk\u00e9ho samospr\u00e1vneho kraja reformu a invest\u00edcie v oblasti zelen\u00fdch zru\u010dnost\u00ed - \u0160IOV - \u0161t\u00e1tny in\u0161tit\u00fat odborn\u00e9ho vzdel\u00e1vania","robots":{"index":"index","follow":"follow","max-snippet":"max-snippet:-1","max-image-preview":"max-image-preview:large","max-video-preview":"max-video-preview:-1"},"canonical":"https:\/\/archiv.siov.sk\/en\/plan-obnovy-prinasa-do-zilinskeho-samospravneho-kraja-reformu-a-investicie-v-oblasti-zelenych-zrucnosti\/","og_locale":"en_GB","og_type":"article","og_title":"Pl\u00e1n obnovy prin\u00e1\u0161a do \u017dilinsk\u00e9ho samospr\u00e1vneho kraja reformu a invest\u00edcie v oblasti zelen\u00fdch zru\u010dnost\u00ed - \u0160IOV - \u0161t\u00e1tny in\u0161tit\u00fat odborn\u00e9ho vzdel\u00e1vania","og_description":"\u0160t\u00e1tny in\u0161tit\u00fat odborn\u00e9ho vzdel\u00e1vania a \u017dilinsk\u00fd samospr\u00e1vny kraj 27. marca sl\u00e1vnostne podp\u00edsali memorand\u00e1 o spolupr\u00e1ci\u00a0 SO\u0160 stavebnej v \u017diline a Spojenej \u0161koly v Martine\u00a0 v r\u00e1mci Pl\u00e1nu obnovy a odolnosti SR v oblasti REPowerEU. Pre \u0161koly predstavuje podp\u00edsanie memor\u00e1nd zlep\u0161enie vzdel\u00e1vania a zv\u00fd\u0161enie kvality \u017eiakov v odbore Technik energetick\u00fdch zariaden\u00ed budov. Realiz\u00e1cia kapitoly REPowerEU v\u00a0s\u00falade [&hellip;]","og_url":"https:\/\/archiv.siov.sk\/en\/plan-obnovy-prinasa-do-zilinskeho-samospravneho-kraja-reformu-a-investicie-v-oblasti-zelenych-zrucnosti\/","og_site_name":"\u0160IOV - \u0161t\u00e1tny in\u0161tit\u00fat odborn\u00e9ho vzdel\u00e1vania","article_publisher":"https:\/\/www.facebook.com\/Statnyinstitutodbornehovzdelavania","article_published_time":"2024-03-28T12:15:04+00:00","article_modified_time":"2024-03-28T12:16:13+00:00","og_image":[{"width":1179,"height":1572,"url":"https:\/\/archiv.siov.sk\/wp-content\/uploads\/2024\/03\/432788549_400694579345282_2037595457684312341_n.jpg","type":"image\/jpeg"}],"author":"Katar\u00edna Kov\u00e1\u010dov\u00e1","twitter_card":"summary_large_image","twitter_misc":{"Written by":"Katar\u00edna Kov\u00e1\u010dov\u00e1","Estimated reading time":"3 minutes"},"schema":{"@context":"https:\/\/schema.org","@graph":[{"@type":"Article","@id":"https:\/\/archiv.siov.sk\/plan-obnovy-prinasa-do-zilinskeho-samospravneho-kraja-reformu-a-investicie-v-oblasti-zelenych-zrucnosti\/#article","isPartOf":{"@id":"https:\/\/archiv.siov.sk\/plan-obnovy-prinasa-do-zilinskeho-samospravneho-kraja-reformu-a-investicie-v-oblasti-zelenych-zrucnosti\/"},"author":{"name":"Katar\u00edna Kov\u00e1\u010dov\u00e1","@id":"https:\/\/archiv.siov.sk\/#\/schema\/person\/e42d633fbd958c6a726e8834d8965e6c"},"headline":"Pl\u00e1n obnovy prin\u00e1\u0161a do \u017dilinsk\u00e9ho samospr\u00e1vneho kraja reformu a invest\u00edcie v oblasti zelen\u00fdch zru\u010dnost\u00ed","datePublished":"2024-03-28T12:15:04+00:00","dateModified":"2024-03-28T12:16:13+00:00","mainEntityOfPage":{"@id":"https:\/\/archiv.siov.sk\/plan-obnovy-prinasa-do-zilinskeho-samospravneho-kraja-reformu-a-investicie-v-oblasti-zelenych-zrucnosti\/"},"wordCount":602,"publisher":{"@id":"https:\/\/archiv.siov.sk\/#organization"},"image":{"@id":"https:\/\/archiv.siov.sk\/plan-obnovy-prinasa-do-zilinskeho-samospravneho-kraja-reformu-a-investicie-v-oblasti-zelenych-zrucnosti\/#primaryimage"},"thumbnailUrl":"https:\/\/archiv.siov.sk\/wp-content\/uploads\/2024\/03\/432788549_400694579345282_2037595457684312341_n.jpg","articleSection":["Aktuality"],"inLanguage":"en-GB"},{"@type":"WebPage","@id":"https:\/\/archiv.siov.sk\/plan-obnovy-prinasa-do-zilinskeho-samospravneho-kraja-reformu-a-investicie-v-oblasti-zelenych-zrucnosti\/","url":"https:\/\/archiv.siov.sk\/plan-obnovy-prinasa-do-zilinskeho-samospravneho-kraja-reformu-a-investicie-v-oblasti-zelenych-zrucnosti\/","name":"Pl\u00e1n obnovy prin\u00e1\u0161a do \u017dilinsk\u00e9ho samospr\u00e1vneho kraja reformu a invest\u00edcie v oblasti zelen\u00fdch zru\u010dnost\u00ed - \u0160IOV - \u0161t\u00e1tny in\u0161tit\u00fat odborn\u00e9ho vzdel\u00e1vania","isPartOf":{"@id":"https:\/\/archiv.siov.sk\/#website"},"primaryImageOfPage":{"@id":"https:\/\/archiv.siov.sk\/plan-obnovy-prinasa-do-zilinskeho-samospravneho-kraja-reformu-a-investicie-v-oblasti-zelenych-zrucnosti\/#primaryimage"},"image":{"@id":"https:\/\/archiv.siov.sk\/plan-obnovy-prinasa-do-zilinskeho-samospravneho-kraja-reformu-a-investicie-v-oblasti-zelenych-zrucnosti\/#primaryimage"},"thumbnailUrl":"https:\/\/archiv.siov.sk\/wp-content\/uploads\/2024\/03\/432788549_400694579345282_2037595457684312341_n.jpg","datePublished":"2024-03-28T12:15:04+00:00","dateModified":"2024-03-28T12:16:13+00:00","breadcrumb":{"@id":"https:\/\/archiv.siov.sk\/plan-obnovy-prinasa-do-zilinskeho-samospravneho-kraja-reformu-a-investicie-v-oblasti-zelenych-zrucnosti\/#breadcrumb"},"inLanguage":"en-GB","potentialAction":[{"@type":"ReadAction","target":["https:\/\/archiv.siov.sk\/plan-obnovy-prinasa-do-zilinskeho-samospravneho-kraja-reformu-a-investicie-v-oblasti-zelenych-zrucnosti\/"]}]},{"@type":"ImageObject","inLanguage":"en-GB","@id":"https:\/\/archiv.siov.sk\/plan-obnovy-prinasa-do-zilinskeho-samospravneho-kraja-reformu-a-investicie-v-oblasti-zelenych-zrucnosti\/#primaryimage","url":"https:\/\/archiv.siov.sk\/wp-content\/uploads\/2024\/03\/432788549_400694579345282_2037595457684312341_n.jpg","contentUrl":"https:\/\/archiv.siov.sk\/wp-content\/uploads\/2024\/03\/432788549_400694579345282_2037595457684312341_n.jpg","width":1179,"height":1572},{"@type":"BreadcrumbList","@id":"https:\/\/archiv.siov.sk\/plan-obnovy-prinasa-do-zilinskeho-samospravneho-kraja-reformu-a-investicie-v-oblasti-zelenych-zrucnosti\/#breadcrumb","itemListElement":[{"@type":"ListItem","position":1,"name":"Home","item":"https:\/\/archiv.siov.sk\/"},{"@type":"ListItem","position":2,"name":"Pl\u00e1n obnovy prin\u00e1\u0161a do \u017dilinsk\u00e9ho samospr\u00e1vneho kraja reformu a invest\u00edcie v oblasti zelen\u00fdch zru\u010dnost\u00ed"}]},{"@type":"WebSite","@id":"https:\/\/archiv.siov.sk\/#website","url":"https:\/\/archiv.siov.sk\/","name":"\u0160IOV - \u0161t\u00e1tny in\u0161tit\u00fat odborn\u00e9ho vzdel\u00e1vania","description":"","publisher":{"@id":"https:\/\/archiv.siov.sk\/#organization"},"potentialAction":[{"@type":"SearchAction","target":{"@type":"EntryPoint","urlTemplate":"https:\/\/archiv.siov.sk\/?s={search_term_string}"},"query-input":{"@type":"PropertyValueSpecification","valueRequired":true,"valueName":"search_term_string"}}],"inLanguage":"en-GB"},{"@type":"Organization","@id":"https:\/\/archiv.siov.sk\/#organization","name":"\u0160IOV - \u0161t\u00e1tny in\u0161tit\u00fat odborn\u00e9ho vzdel\u00e1vania","url":"https:\/\/archiv.siov.sk\/","logo":{"@type":"ImageObject","inLanguage":"en-GB","@id":"https:\/\/archiv.siov.sk\/#\/schema\/logo\/image\/","url":"https:\/\/archiv.siov.sk\/wp-content\/uploads\/2024\/02\/logo-SIOV.png","contentUrl":"https:\/\/archiv.siov.sk\/wp-content\/uploads\/2024\/02\/logo-SIOV.png","width":431,"height":143,"caption":"\u0160IOV - \u0161t\u00e1tny in\u0161tit\u00fat odborn\u00e9ho vzdel\u00e1vania"},"image":{"@id":"https:\/\/archiv.siov.sk\/#\/schema\/logo\/image\/"},"sameAs":["https:\/\/www.facebook.com\/Statnyinstitutodbornehovzdelavania"]},{"@type":"Person","@id":"https:\/\/archiv.siov.sk\/#\/schema\/person\/e42d633fbd958c6a726e8834d8965e6c","name":"Katar\u00edna Kov\u00e1\u010dov\u00e1","url":"https:\/\/archiv.siov.sk\/en\/author\/katkakovacova\/"}]}},"_links":{"self":[{"href":"https:\/\/archiv.siov.sk\/en\/wp-json\/wp\/v2\/posts\/14954","targetHints":{"allow":["GET"]}}],"collection":[{"href":"https:\/\/archiv.siov.sk\/en\/wp-json\/wp\/v2\/posts"}],"about":[{"href":"https:\/\/archiv.siov.sk\/en\/wp-json\/wp\/v2\/types\/post"}],"author":[{"embeddable":true,"href":"https:\/\/archiv.siov.sk\/en\/wp-json\/wp\/v2\/users\/6"}],"replies":[{"embeddable":true,"href":"https:\/\/archiv.siov.sk\/en\/wp-json\/wp\/v2\/comments?post=14954"}],"version-history":[{"count":2,"href":"https:\/\/archiv.siov.sk\/en\/wp-json\/wp\/v2\/posts\/14954\/revisions"}],"predecessor-version":[{"id":14959,"href":"https:\/\/archiv.siov.sk\/en\/wp-json\/wp\/v2\/posts\/14954\/revisions\/14959"}],"wp:featuredmedia":[{"embeddable":true,"href":"https:\/\/archiv.siov.sk\/en\/wp-json\/wp\/v2\/media\/14956"}],"wp:attachment":[{"href":"https:\/\/archiv.siov.sk\/en\/wp-json\/wp\/v2\/media?parent=14954"}],"wp:term":[{"taxonomy":"category","embeddable":true,"href":"https:\/\/archiv.siov.sk\/en\/wp-json\/wp\/v2\/categories?post=14954"},{"taxonomy":"post_tag","embeddable":true,"href":"https:\/\/archiv.siov.sk\/en\/wp-json\/wp\/v2\/tags?post=14954"}],"curies":[{"name":"wp","href":"https:\/\/api.w.org\/{rel}","templated":true}]}}