{"id":14812,"date":"2024-03-07T13:00:53","date_gmt":"2024-03-07T12:00:53","guid":{"rendered":"https:\/\/archiv.siov.sk\/?p=14812"},"modified":"2024-03-07T13:03:43","modified_gmt":"2024-03-07T12:03:43","slug":"sutaz-zenit-preveri-odborne-technicke-zrucnosti-ziakov-strednych-skol","status":"publish","type":"post","link":"https:\/\/archiv.siov.sk\/en\/sutaz-zenit-preveri-odborne-technicke-zrucnosti-ziakov-strednych-skol\/","title":{"rendered":"S\u00fa\u0165a\u017e ZENIT prever\u00ed odborn\u00e9 technick\u00e9 zru\u010dnosti \u017eiakov stredn\u00fdch \u0161k\u00f4l"},"content":{"rendered":"<p style=\"text-align: justify;\">Stredo\u0161kol\u00e1ci z\u00a0cel\u00e9ho Slovenska si 18.-21. marca zmeraj\u00fa sily v\u00a0desiatich kateg\u00f3ri\u00e1ch celoslovensk\u00e9ho kola s\u00fa\u0165a\u017ee ZENIT Skills Slovakia, ktor\u00e9 sa kon\u00e1\u00a0 na Spojenej \u0161kole, ulica \u0160kolsk\u00e1 7,\u00a0 Bansk\u00e1 Bystrica.<\/p>\n<p style=\"text-align: justify;\">Svoje odborn\u00e9 vedomosti a\u00a0zru\u010dnosti \u017eiaci uk\u00e1zali najsk\u00f4r na \u0161kolsk\u00fdch kol\u00e1ch a\u00a0t\u00ed najlep\u0161\u00ed post\u00fapili na krajsk\u00e9 kol\u00e1. V\u00ed\u0165azi z\u00a0\u00f4smich krajov, spolu dev\u00e4\u0165desiat\u0161es\u0165 \u017eiakov z\u00a0cel\u00e9ho Slovenska sa stretne na celo\u0161t\u00e1tnom kole Zenitu. Prv\u00fd de\u0148 sa uk\u00e1\u017eu v\u00a0teoretick\u00fdch vedomostiach a \u00a0druh\u00fd bud\u00fa s\u00fa\u0165a\u017ei\u0165 v\u00a0praktick\u00fdch zru\u010dnostiach. V n\u00e1ro\u010dn\u00fdch s\u00fa\u0165a\u017en\u00fdch zadaniach v\u00a0kateg\u00f3ri\u00e1ch programovanie A, B, web grafik a\u00a0web developer, elektronika A, B, a\u00a0stroj\u00e1rstvo A, C &#8211; CNC, S &#8211; strojn\u00e9 a\u00a0R &#8211; ru\u010dn\u00e9 obr\u00e1banie predstavia\u00a0 mimoriadne nadanie, talent a\u00a0v\u00fdnimo\u010dnos\u0165 dosiahnut\u00fdch teoretick\u00fdch a\u00a0praktick\u00fdch vedomost\u00ed, ktor\u00e9 pre svoje atrakt\u00edvne zamerania s\u00fa dnes na trhu pr\u00e1ce zamestn\u00e1vate\u013emi nesmierne \u017eiadan\u00e9. Do \u0161kolsk\u00fdch k\u00f4l, ktor\u00e9 predch\u00e1dzali krajsk\u00fdm kol\u00e1m a celo\u0161t\u00e1tnemu, sa v\u00a0tomto \u0161kolskom roku zapojilo 5 350 \u017eiakov zo stredn\u00fdch odborn\u00fdch \u0161k\u00f4l a\u00a0gymn\u00e1zi\u00ed.<\/p>\n<p style=\"text-align: justify;\">Odborn\u00e9 hodnotiace komisie bud\u00fa aj v\u00a0tomto jubilejnom \u0161tyridsiatom ro\u010dn\u00edku ma\u0165 nesmierne d\u00f4le\u017eit\u00fa\u00a0 \u00falohu zhodnoti\u0165 pr\u00e1cu \u017eiakov a\u00a0vybra\u0165 v\u00ed\u0165azov. V\u00a0zameraniach web grafik a\u00a0elektronika\u00a0 sa s\u00fa\u0165a\u017e zaradila do projektu Erasmus+\u00a0 SkillsComp s cie\u013eom rozvoja talentov a\u00a0porovn\u00e1vania \u00farovne odborn\u00fdch vedomost\u00ed a\u00a0zru\u010dnost\u00ed s\u00a0\u010ceskou republikou, Po\u013eskom a\u00a0Rumunskom.<\/p>\n<p style=\"text-align: justify;\">Celo\u0161t\u00e1tne kolo metodicky a odborne zabezpe\u010duje \u0160t\u00e1tny in\u0161tit\u00fat odborn\u00e9ho vzdel\u00e1vania, odbor podpory smerovania ml\u00e1de\u017ee. Vyhlasovate\u013eom je Ministerstvo \u0161kolstva, v\u00fdskumu, v\u00fdvoja a ml\u00e1de\u017ee SR.<\/p>\n<p style=\"text-align: justify;\">Najlep\u0161\u00ed v\u00a0kateg\u00f3ri\u00e1ch grafik, programovanie web developer a elektronik maj\u00fa mo\u017enos\u0165 v\u00a0bud\u00facich ro\u010dn\u00edkoch post\u00fapi\u0165 do v\u00fdberov\u00e9ho t\u00edmu eur\u00f3pskej s\u00fa\u0165a\u017ee zru\u010dnosti mlad\u00fdch talentov EuroSkills 2025.<\/p>\n<p><a href=\"https:\/\/archiv.siov.sk\/wp-content\/uploads\/2024\/03\/ZENIT-plagat-1_2024.pdf\" target=\"_blank\" rel=\"noopener\">Plag\u00e1t Zenit 2024<\/a><\/p>","protected":false},"excerpt":{"rendered":"<p>Stredo\u0161kol\u00e1ci z\u00a0cel\u00e9ho Slovenska si 18.-21. marca zmeraj\u00fa sily v\u00a0desiatich kateg\u00f3ri\u00e1ch celoslovensk\u00e9ho kola s\u00fa\u0165a\u017ee ZENIT Skills Slovakia, ktor\u00e9 sa kon\u00e1\u00a0 na Spojenej \u0161kole, ulica \u0160kolsk\u00e1 7,\u00a0 Bansk\u00e1 Bystrica. Svoje odborn\u00e9 vedomosti a\u00a0zru\u010dnosti \u017eiaci uk\u00e1zali najsk\u00f4r na \u0161kolsk\u00fdch kol\u00e1ch a\u00a0t\u00ed najlep\u0161\u00ed post\u00fapili na krajsk\u00e9 kol\u00e1. V\u00ed\u0165azi z\u00a0\u00f4smich krajov, spolu dev\u00e4\u0165desiat\u0161es\u0165 \u017eiakov z\u00a0cel\u00e9ho Slovenska sa stretne na celo\u0161t\u00e1tnom [&hellip;]<\/p>\n","protected":false},"author":6,"featured_media":14816,"comment_status":"closed","ping_status":"closed","sticky":false,"template":"","format":"standard","meta":{"site-sidebar-layout":"default","site-content-layout":"","ast-site-content-layout":"default","site-content-style":"default","site-sidebar-style":"default","ast-global-header-display":"","ast-banner-title-visibility":"","ast-main-header-display":"","ast-hfb-above-header-display":"","ast-hfb-below-header-display":"","ast-hfb-mobile-header-display":"","site-post-title":"","ast-breadcrumbs-content":"","ast-featured-img":"","footer-sml-layout":"","ast-disable-related-posts":"","theme-transparent-header-meta":"default","adv-header-id-meta":"","stick-header-meta":"","header-above-stick-meta":"","header-main-stick-meta":"","header-below-stick-meta":"","astra-migrate-meta-layouts":"set","ast-page-background-enabled":"default","ast-page-background-meta":{"desktop":{"background-color":"var(--ast-global-color-4)","background-image":"","background-repeat":"repeat","background-position":"center center","background-size":"auto","background-attachment":"scroll","background-type":"","background-media":"","overlay-type":"","overlay-color":"","overlay-opacity":"","overlay-gradient":""},"tablet":{"background-color":"","background-image":"","background-repeat":"repeat","background-position":"center center","background-size":"auto","background-attachment":"scroll","background-type":"","background-media":"","overlay-type":"","overlay-color":"","overlay-opacity":"","overlay-gradient":""},"mobile":{"background-color":"","background-image":"","background-repeat":"repeat","background-position":"center center","background-size":"auto","background-attachment":"scroll","background-type":"","background-media":"","overlay-type":"","overlay-color":"","overlay-opacity":"","overlay-gradient":""}},"ast-content-background-meta":{"desktop":{"background-color":"var(--ast-global-color-5)","background-image":"","background-repeat":"repeat","background-position":"center center","background-size":"auto","background-attachment":"scroll","background-type":"","background-media":"","overlay-type":"","overlay-color":"","overlay-opacity":"","overlay-gradient":""},"tablet":{"background-color":"var(--ast-global-color-5)","background-image":"","background-repeat":"repeat","background-position":"center center","background-size":"auto","background-attachment":"scroll","background-type":"","background-media":"","overlay-type":"","overlay-color":"","overlay-opacity":"","overlay-gradient":""},"mobile":{"background-color":"var(--ast-global-color-5)","background-image":"","background-repeat":"repeat","background-position":"center center","background-size":"auto","background-attachment":"scroll","background-type":"","background-media":"","overlay-type":"","overlay-color":"","overlay-opacity":"","overlay-gradient":""}},"footnotes":""},"categories":[1],"tags":[],"class_list":["post-14812","post","type-post","status-publish","format-standard","has-post-thumbnail","hentry","category-aktuality"],"yoast_head":"<!-- This site is optimized with the Yoast SEO plugin v27.5 - https:\/\/yoast.com\/product\/yoast-seo-wordpress\/ -->\n<title>S\u00fa\u0165a\u017e ZENIT prever\u00ed odborn\u00e9 technick\u00e9 zru\u010dnosti \u017eiakov stredn\u00fdch \u0161k\u00f4l - \u0160IOV - \u0161t\u00e1tny in\u0161tit\u00fat odborn\u00e9ho vzdel\u00e1vania<\/title>\n<meta name=\"robots\" content=\"index, follow, max-snippet:-1, max-image-preview:large, max-video-preview:-1\" \/>\n<link rel=\"canonical\" href=\"https:\/\/archiv.siov.sk\/en\/sutaz-zenit-preveri-odborne-technicke-zrucnosti-ziakov-strednych-skol\/\" \/>\n<meta property=\"og:locale\" content=\"en_GB\" \/>\n<meta property=\"og:type\" content=\"article\" \/>\n<meta property=\"og:title\" content=\"S\u00fa\u0165a\u017e ZENIT prever\u00ed odborn\u00e9 technick\u00e9 zru\u010dnosti \u017eiakov stredn\u00fdch \u0161k\u00f4l - \u0160IOV - \u0161t\u00e1tny in\u0161tit\u00fat odborn\u00e9ho vzdel\u00e1vania\" \/>\n<meta property=\"og:description\" content=\"Stredo\u0161kol\u00e1ci z\u00a0cel\u00e9ho Slovenska si 18.-21. marca zmeraj\u00fa sily v\u00a0desiatich kateg\u00f3ri\u00e1ch celoslovensk\u00e9ho kola s\u00fa\u0165a\u017ee ZENIT Skills Slovakia, ktor\u00e9 sa kon\u00e1\u00a0 na Spojenej \u0161kole, ulica \u0160kolsk\u00e1 7,\u00a0 Bansk\u00e1 Bystrica. Svoje odborn\u00e9 vedomosti a\u00a0zru\u010dnosti \u017eiaci uk\u00e1zali najsk\u00f4r na \u0161kolsk\u00fdch kol\u00e1ch a\u00a0t\u00ed najlep\u0161\u00ed post\u00fapili na krajsk\u00e9 kol\u00e1. V\u00ed\u0165azi z\u00a0\u00f4smich krajov, spolu dev\u00e4\u0165desiat\u0161es\u0165 \u017eiakov z\u00a0cel\u00e9ho Slovenska sa stretne na celo\u0161t\u00e1tnom [&hellip;]\" \/>\n<meta property=\"og:url\" content=\"https:\/\/archiv.siov.sk\/en\/sutaz-zenit-preveri-odborne-technicke-zrucnosti-ziakov-strednych-skol\/\" \/>\n<meta property=\"og:site_name\" content=\"\u0160IOV - \u0161t\u00e1tny in\u0161tit\u00fat odborn\u00e9ho vzdel\u00e1vania\" \/>\n<meta property=\"article:publisher\" content=\"https:\/\/www.facebook.com\/Statnyinstitutodbornehovzdelavania\" \/>\n<meta property=\"article:published_time\" content=\"2024-03-07T12:00:53+00:00\" \/>\n<meta property=\"article:modified_time\" content=\"2024-03-07T12:03:43+00:00\" \/>\n<meta property=\"og:image\" content=\"https:\/\/archiv.siov.sk\/wp-content\/uploads\/2024\/03\/331970308_1640788109713052_7894065963912935312_n.jpg\" \/>\n\t<meta property=\"og:image:width\" content=\"2048\" \/>\n\t<meta property=\"og:image:height\" content=\"1536\" \/>\n\t<meta property=\"og:image:type\" content=\"image\/jpeg\" \/>\n<meta name=\"author\" content=\"Katar\u00edna Kov\u00e1\u010dov\u00e1\" \/>\n<meta name=\"twitter:card\" content=\"summary_large_image\" \/>\n<meta name=\"twitter:label1\" content=\"Written by\" \/>\n\t<meta name=\"twitter:data1\" content=\"Katar\u00edna Kov\u00e1\u010dov\u00e1\" \/>\n\t<meta name=\"twitter:label2\" content=\"Estimated reading time\" \/>\n\t<meta name=\"twitter:data2\" content=\"2 minutes\" \/>\n<script type=\"application\/ld+json\" class=\"yoast-schema-graph\">{\"@context\":\"https:\\\/\\\/schema.org\",\"@graph\":[{\"@type\":\"Article\",\"@id\":\"https:\\\/\\\/archiv.siov.sk\\\/sutaz-zenit-preveri-odborne-technicke-zrucnosti-ziakov-strednych-skol\\\/#article\",\"isPartOf\":{\"@id\":\"https:\\\/\\\/archiv.siov.sk\\\/sutaz-zenit-preveri-odborne-technicke-zrucnosti-ziakov-strednych-skol\\\/\"},\"author\":{\"name\":\"Katar\u00edna Kov\u00e1\u010dov\u00e1\",\"@id\":\"https:\\\/\\\/archiv.siov.sk\\\/#\\\/schema\\\/person\\\/e42d633fbd958c6a726e8834d8965e6c\"},\"headline\":\"S\u00fa\u0165a\u017e ZENIT prever\u00ed odborn\u00e9 technick\u00e9 zru\u010dnosti \u017eiakov stredn\u00fdch \u0161k\u00f4l\",\"datePublished\":\"2024-03-07T12:00:53+00:00\",\"dateModified\":\"2024-03-07T12:03:43+00:00\",\"mainEntityOfPage\":{\"@id\":\"https:\\\/\\\/archiv.siov.sk\\\/sutaz-zenit-preveri-odborne-technicke-zrucnosti-ziakov-strednych-skol\\\/\"},\"wordCount\":365,\"publisher\":{\"@id\":\"https:\\\/\\\/archiv.siov.sk\\\/#organization\"},\"image\":{\"@id\":\"https:\\\/\\\/archiv.siov.sk\\\/sutaz-zenit-preveri-odborne-technicke-zrucnosti-ziakov-strednych-skol\\\/#primaryimage\"},\"thumbnailUrl\":\"https:\\\/\\\/archiv.siov.sk\\\/wp-content\\\/uploads\\\/2024\\\/03\\\/331970308_1640788109713052_7894065963912935312_n.jpg\",\"articleSection\":[\"Aktuality\"],\"inLanguage\":\"en-GB\"},{\"@type\":\"WebPage\",\"@id\":\"https:\\\/\\\/archiv.siov.sk\\\/sutaz-zenit-preveri-odborne-technicke-zrucnosti-ziakov-strednych-skol\\\/\",\"url\":\"https:\\\/\\\/archiv.siov.sk\\\/sutaz-zenit-preveri-odborne-technicke-zrucnosti-ziakov-strednych-skol\\\/\",\"name\":\"S\u00fa\u0165a\u017e ZENIT prever\u00ed odborn\u00e9 technick\u00e9 zru\u010dnosti \u017eiakov stredn\u00fdch \u0161k\u00f4l - \u0160IOV - \u0161t\u00e1tny in\u0161tit\u00fat odborn\u00e9ho vzdel\u00e1vania\",\"isPartOf\":{\"@id\":\"https:\\\/\\\/archiv.siov.sk\\\/#website\"},\"primaryImageOfPage\":{\"@id\":\"https:\\\/\\\/archiv.siov.sk\\\/sutaz-zenit-preveri-odborne-technicke-zrucnosti-ziakov-strednych-skol\\\/#primaryimage\"},\"image\":{\"@id\":\"https:\\\/\\\/archiv.siov.sk\\\/sutaz-zenit-preveri-odborne-technicke-zrucnosti-ziakov-strednych-skol\\\/#primaryimage\"},\"thumbnailUrl\":\"https:\\\/\\\/archiv.siov.sk\\\/wp-content\\\/uploads\\\/2024\\\/03\\\/331970308_1640788109713052_7894065963912935312_n.jpg\",\"datePublished\":\"2024-03-07T12:00:53+00:00\",\"dateModified\":\"2024-03-07T12:03:43+00:00\",\"breadcrumb\":{\"@id\":\"https:\\\/\\\/archiv.siov.sk\\\/sutaz-zenit-preveri-odborne-technicke-zrucnosti-ziakov-strednych-skol\\\/#breadcrumb\"},\"inLanguage\":\"en-GB\",\"potentialAction\":[{\"@type\":\"ReadAction\",\"target\":[\"https:\\\/\\\/archiv.siov.sk\\\/sutaz-zenit-preveri-odborne-technicke-zrucnosti-ziakov-strednych-skol\\\/\"]}]},{\"@type\":\"ImageObject\",\"inLanguage\":\"en-GB\",\"@id\":\"https:\\\/\\\/archiv.siov.sk\\\/sutaz-zenit-preveri-odborne-technicke-zrucnosti-ziakov-strednych-skol\\\/#primaryimage\",\"url\":\"https:\\\/\\\/archiv.siov.sk\\\/wp-content\\\/uploads\\\/2024\\\/03\\\/331970308_1640788109713052_7894065963912935312_n.jpg\",\"contentUrl\":\"https:\\\/\\\/archiv.siov.sk\\\/wp-content\\\/uploads\\\/2024\\\/03\\\/331970308_1640788109713052_7894065963912935312_n.jpg\",\"width\":2048,\"height\":1536},{\"@type\":\"BreadcrumbList\",\"@id\":\"https:\\\/\\\/archiv.siov.sk\\\/sutaz-zenit-preveri-odborne-technicke-zrucnosti-ziakov-strednych-skol\\\/#breadcrumb\",\"itemListElement\":[{\"@type\":\"ListItem\",\"position\":1,\"name\":\"Home\",\"item\":\"https:\\\/\\\/archiv.siov.sk\\\/\"},{\"@type\":\"ListItem\",\"position\":2,\"name\":\"S\u00fa\u0165a\u017e ZENIT prever\u00ed odborn\u00e9 technick\u00e9 zru\u010dnosti \u017eiakov stredn\u00fdch \u0161k\u00f4l\"}]},{\"@type\":\"WebSite\",\"@id\":\"https:\\\/\\\/archiv.siov.sk\\\/#website\",\"url\":\"https:\\\/\\\/archiv.siov.sk\\\/\",\"name\":\"\u0160IOV - \u0161t\u00e1tny in\u0161tit\u00fat odborn\u00e9ho vzdel\u00e1vania\",\"description\":\"\",\"publisher\":{\"@id\":\"https:\\\/\\\/archiv.siov.sk\\\/#organization\"},\"potentialAction\":[{\"@type\":\"SearchAction\",\"target\":{\"@type\":\"EntryPoint\",\"urlTemplate\":\"https:\\\/\\\/archiv.siov.sk\\\/?s={search_term_string}\"},\"query-input\":{\"@type\":\"PropertyValueSpecification\",\"valueRequired\":true,\"valueName\":\"search_term_string\"}}],\"inLanguage\":\"en-GB\"},{\"@type\":\"Organization\",\"@id\":\"https:\\\/\\\/archiv.siov.sk\\\/#organization\",\"name\":\"\u0160IOV - \u0161t\u00e1tny in\u0161tit\u00fat odborn\u00e9ho vzdel\u00e1vania\",\"url\":\"https:\\\/\\\/archiv.siov.sk\\\/\",\"logo\":{\"@type\":\"ImageObject\",\"inLanguage\":\"en-GB\",\"@id\":\"https:\\\/\\\/archiv.siov.sk\\\/#\\\/schema\\\/logo\\\/image\\\/\",\"url\":\"https:\\\/\\\/archiv.siov.sk\\\/wp-content\\\/uploads\\\/2024\\\/02\\\/logo-SIOV.png\",\"contentUrl\":\"https:\\\/\\\/archiv.siov.sk\\\/wp-content\\\/uploads\\\/2024\\\/02\\\/logo-SIOV.png\",\"width\":431,\"height\":143,\"caption\":\"\u0160IOV - \u0161t\u00e1tny in\u0161tit\u00fat odborn\u00e9ho vzdel\u00e1vania\"},\"image\":{\"@id\":\"https:\\\/\\\/archiv.siov.sk\\\/#\\\/schema\\\/logo\\\/image\\\/\"},\"sameAs\":[\"https:\\\/\\\/www.facebook.com\\\/Statnyinstitutodbornehovzdelavania\"]},{\"@type\":\"Person\",\"@id\":\"https:\\\/\\\/archiv.siov.sk\\\/#\\\/schema\\\/person\\\/e42d633fbd958c6a726e8834d8965e6c\",\"name\":\"Katar\u00edna Kov\u00e1\u010dov\u00e1\",\"url\":\"https:\\\/\\\/archiv.siov.sk\\\/en\\\/author\\\/katkakovacova\\\/\"}]}<\/script>\n<!-- \/ Yoast SEO plugin. -->","yoast_head_json":{"title":"S\u00fa\u0165a\u017e ZENIT prever\u00ed odborn\u00e9 technick\u00e9 zru\u010dnosti \u017eiakov stredn\u00fdch \u0161k\u00f4l - \u0160IOV - \u0161t\u00e1tny in\u0161tit\u00fat odborn\u00e9ho vzdel\u00e1vania","robots":{"index":"index","follow":"follow","max-snippet":"max-snippet:-1","max-image-preview":"max-image-preview:large","max-video-preview":"max-video-preview:-1"},"canonical":"https:\/\/archiv.siov.sk\/en\/sutaz-zenit-preveri-odborne-technicke-zrucnosti-ziakov-strednych-skol\/","og_locale":"en_GB","og_type":"article","og_title":"S\u00fa\u0165a\u017e ZENIT prever\u00ed odborn\u00e9 technick\u00e9 zru\u010dnosti \u017eiakov stredn\u00fdch \u0161k\u00f4l - \u0160IOV - \u0161t\u00e1tny in\u0161tit\u00fat odborn\u00e9ho vzdel\u00e1vania","og_description":"Stredo\u0161kol\u00e1ci z\u00a0cel\u00e9ho Slovenska si 18.-21. marca zmeraj\u00fa sily v\u00a0desiatich kateg\u00f3ri\u00e1ch celoslovensk\u00e9ho kola s\u00fa\u0165a\u017ee ZENIT Skills Slovakia, ktor\u00e9 sa kon\u00e1\u00a0 na Spojenej \u0161kole, ulica \u0160kolsk\u00e1 7,\u00a0 Bansk\u00e1 Bystrica. Svoje odborn\u00e9 vedomosti a\u00a0zru\u010dnosti \u017eiaci uk\u00e1zali najsk\u00f4r na \u0161kolsk\u00fdch kol\u00e1ch a\u00a0t\u00ed najlep\u0161\u00ed post\u00fapili na krajsk\u00e9 kol\u00e1. V\u00ed\u0165azi z\u00a0\u00f4smich krajov, spolu dev\u00e4\u0165desiat\u0161es\u0165 \u017eiakov z\u00a0cel\u00e9ho Slovenska sa stretne na celo\u0161t\u00e1tnom [&hellip;]","og_url":"https:\/\/archiv.siov.sk\/en\/sutaz-zenit-preveri-odborne-technicke-zrucnosti-ziakov-strednych-skol\/","og_site_name":"\u0160IOV - \u0161t\u00e1tny in\u0161tit\u00fat odborn\u00e9ho vzdel\u00e1vania","article_publisher":"https:\/\/www.facebook.com\/Statnyinstitutodbornehovzdelavania","article_published_time":"2024-03-07T12:00:53+00:00","article_modified_time":"2024-03-07T12:03:43+00:00","og_image":[{"width":2048,"height":1536,"url":"https:\/\/archiv.siov.sk\/wp-content\/uploads\/2024\/03\/331970308_1640788109713052_7894065963912935312_n.jpg","type":"image\/jpeg"}],"author":"Katar\u00edna Kov\u00e1\u010dov\u00e1","twitter_card":"summary_large_image","twitter_misc":{"Written by":"Katar\u00edna Kov\u00e1\u010dov\u00e1","Estimated reading time":"2 minutes"},"schema":{"@context":"https:\/\/schema.org","@graph":[{"@type":"Article","@id":"https:\/\/archiv.siov.sk\/sutaz-zenit-preveri-odborne-technicke-zrucnosti-ziakov-strednych-skol\/#article","isPartOf":{"@id":"https:\/\/archiv.siov.sk\/sutaz-zenit-preveri-odborne-technicke-zrucnosti-ziakov-strednych-skol\/"},"author":{"name":"Katar\u00edna Kov\u00e1\u010dov\u00e1","@id":"https:\/\/archiv.siov.sk\/#\/schema\/person\/e42d633fbd958c6a726e8834d8965e6c"},"headline":"S\u00fa\u0165a\u017e ZENIT prever\u00ed odborn\u00e9 technick\u00e9 zru\u010dnosti \u017eiakov stredn\u00fdch \u0161k\u00f4l","datePublished":"2024-03-07T12:00:53+00:00","dateModified":"2024-03-07T12:03:43+00:00","mainEntityOfPage":{"@id":"https:\/\/archiv.siov.sk\/sutaz-zenit-preveri-odborne-technicke-zrucnosti-ziakov-strednych-skol\/"},"wordCount":365,"publisher":{"@id":"https:\/\/archiv.siov.sk\/#organization"},"image":{"@id":"https:\/\/archiv.siov.sk\/sutaz-zenit-preveri-odborne-technicke-zrucnosti-ziakov-strednych-skol\/#primaryimage"},"thumbnailUrl":"https:\/\/archiv.siov.sk\/wp-content\/uploads\/2024\/03\/331970308_1640788109713052_7894065963912935312_n.jpg","articleSection":["Aktuality"],"inLanguage":"en-GB"},{"@type":"WebPage","@id":"https:\/\/archiv.siov.sk\/sutaz-zenit-preveri-odborne-technicke-zrucnosti-ziakov-strednych-skol\/","url":"https:\/\/archiv.siov.sk\/sutaz-zenit-preveri-odborne-technicke-zrucnosti-ziakov-strednych-skol\/","name":"S\u00fa\u0165a\u017e ZENIT prever\u00ed odborn\u00e9 technick\u00e9 zru\u010dnosti \u017eiakov stredn\u00fdch \u0161k\u00f4l - \u0160IOV - \u0161t\u00e1tny in\u0161tit\u00fat odborn\u00e9ho vzdel\u00e1vania","isPartOf":{"@id":"https:\/\/archiv.siov.sk\/#website"},"primaryImageOfPage":{"@id":"https:\/\/archiv.siov.sk\/sutaz-zenit-preveri-odborne-technicke-zrucnosti-ziakov-strednych-skol\/#primaryimage"},"image":{"@id":"https:\/\/archiv.siov.sk\/sutaz-zenit-preveri-odborne-technicke-zrucnosti-ziakov-strednych-skol\/#primaryimage"},"thumbnailUrl":"https:\/\/archiv.siov.sk\/wp-content\/uploads\/2024\/03\/331970308_1640788109713052_7894065963912935312_n.jpg","datePublished":"2024-03-07T12:00:53+00:00","dateModified":"2024-03-07T12:03:43+00:00","breadcrumb":{"@id":"https:\/\/archiv.siov.sk\/sutaz-zenit-preveri-odborne-technicke-zrucnosti-ziakov-strednych-skol\/#breadcrumb"},"inLanguage":"en-GB","potentialAction":[{"@type":"ReadAction","target":["https:\/\/archiv.siov.sk\/sutaz-zenit-preveri-odborne-technicke-zrucnosti-ziakov-strednych-skol\/"]}]},{"@type":"ImageObject","inLanguage":"en-GB","@id":"https:\/\/archiv.siov.sk\/sutaz-zenit-preveri-odborne-technicke-zrucnosti-ziakov-strednych-skol\/#primaryimage","url":"https:\/\/archiv.siov.sk\/wp-content\/uploads\/2024\/03\/331970308_1640788109713052_7894065963912935312_n.jpg","contentUrl":"https:\/\/archiv.siov.sk\/wp-content\/uploads\/2024\/03\/331970308_1640788109713052_7894065963912935312_n.jpg","width":2048,"height":1536},{"@type":"BreadcrumbList","@id":"https:\/\/archiv.siov.sk\/sutaz-zenit-preveri-odborne-technicke-zrucnosti-ziakov-strednych-skol\/#breadcrumb","itemListElement":[{"@type":"ListItem","position":1,"name":"Home","item":"https:\/\/archiv.siov.sk\/"},{"@type":"ListItem","position":2,"name":"S\u00fa\u0165a\u017e ZENIT prever\u00ed odborn\u00e9 technick\u00e9 zru\u010dnosti \u017eiakov stredn\u00fdch \u0161k\u00f4l"}]},{"@type":"WebSite","@id":"https:\/\/archiv.siov.sk\/#website","url":"https:\/\/archiv.siov.sk\/","name":"\u0160IOV - \u0161t\u00e1tny in\u0161tit\u00fat odborn\u00e9ho vzdel\u00e1vania","description":"","publisher":{"@id":"https:\/\/archiv.siov.sk\/#organization"},"potentialAction":[{"@type":"SearchAction","target":{"@type":"EntryPoint","urlTemplate":"https:\/\/archiv.siov.sk\/?s={search_term_string}"},"query-input":{"@type":"PropertyValueSpecification","valueRequired":true,"valueName":"search_term_string"}}],"inLanguage":"en-GB"},{"@type":"Organization","@id":"https:\/\/archiv.siov.sk\/#organization","name":"\u0160IOV - \u0161t\u00e1tny in\u0161tit\u00fat odborn\u00e9ho vzdel\u00e1vania","url":"https:\/\/archiv.siov.sk\/","logo":{"@type":"ImageObject","inLanguage":"en-GB","@id":"https:\/\/archiv.siov.sk\/#\/schema\/logo\/image\/","url":"https:\/\/archiv.siov.sk\/wp-content\/uploads\/2024\/02\/logo-SIOV.png","contentUrl":"https:\/\/archiv.siov.sk\/wp-content\/uploads\/2024\/02\/logo-SIOV.png","width":431,"height":143,"caption":"\u0160IOV - \u0161t\u00e1tny in\u0161tit\u00fat odborn\u00e9ho vzdel\u00e1vania"},"image":{"@id":"https:\/\/archiv.siov.sk\/#\/schema\/logo\/image\/"},"sameAs":["https:\/\/www.facebook.com\/Statnyinstitutodbornehovzdelavania"]},{"@type":"Person","@id":"https:\/\/archiv.siov.sk\/#\/schema\/person\/e42d633fbd958c6a726e8834d8965e6c","name":"Katar\u00edna Kov\u00e1\u010dov\u00e1","url":"https:\/\/archiv.siov.sk\/en\/author\/katkakovacova\/"}]}},"_links":{"self":[{"href":"https:\/\/archiv.siov.sk\/en\/wp-json\/wp\/v2\/posts\/14812","targetHints":{"allow":["GET"]}}],"collection":[{"href":"https:\/\/archiv.siov.sk\/en\/wp-json\/wp\/v2\/posts"}],"about":[{"href":"https:\/\/archiv.siov.sk\/en\/wp-json\/wp\/v2\/types\/post"}],"author":[{"embeddable":true,"href":"https:\/\/archiv.siov.sk\/en\/wp-json\/wp\/v2\/users\/6"}],"replies":[{"embeddable":true,"href":"https:\/\/archiv.siov.sk\/en\/wp-json\/wp\/v2\/comments?post=14812"}],"version-history":[{"count":2,"href":"https:\/\/archiv.siov.sk\/en\/wp-json\/wp\/v2\/posts\/14812\/revisions"}],"predecessor-version":[{"id":14815,"href":"https:\/\/archiv.siov.sk\/en\/wp-json\/wp\/v2\/posts\/14812\/revisions\/14815"}],"wp:featuredmedia":[{"embeddable":true,"href":"https:\/\/archiv.siov.sk\/en\/wp-json\/wp\/v2\/media\/14816"}],"wp:attachment":[{"href":"https:\/\/archiv.siov.sk\/en\/wp-json\/wp\/v2\/media?parent=14812"}],"wp:term":[{"taxonomy":"category","embeddable":true,"href":"https:\/\/archiv.siov.sk\/en\/wp-json\/wp\/v2\/categories?post=14812"},{"taxonomy":"post_tag","embeddable":true,"href":"https:\/\/archiv.siov.sk\/en\/wp-json\/wp\/v2\/tags?post=14812"}],"curies":[{"name":"wp","href":"https:\/\/api.w.org\/{rel}","templated":true}]}}