{"id":14802,"date":"2024-03-06T14:57:01","date_gmt":"2024-03-06T13:57:01","guid":{"rendered":"https:\/\/archiv.siov.sk\/?p=14802"},"modified":"2025-07-03T13:46:57","modified_gmt":"2025-07-03T11:46:57","slug":"zahranicna-mobilita-rozsirila-obzory-nielen-o-litovskom-vzdelavacom-systeme","status":"publish","type":"post","link":"https:\/\/archiv.siov.sk\/en\/zahranicna-mobilita-rozsirila-obzory-nielen-o-litovskom-vzdelavacom-systeme\/","title":{"rendered":"Zahrani\u010dn\u00e1 mobilita roz\u0161\u00edrila obzory (nielen) o litovskom vzdel\u00e1vacom syst\u00e9me"},"content":{"rendered":"<p style=\"text-align: justify;\">Jedno vzdel\u00e1vacie centrum technol\u00f3gi\u00ed, tri dni, jeden\u00e1s\u0165 \u00fa\u010dastn\u00edkov a nespo\u010detne ve\u013ea nov\u00fdch inform\u00e1ci\u00ed a postrehov. Aj takto by sa dala op\u00edsa\u0165 \u0161tudijn\u00e1 n\u00e1v\u0161teva v Kaunase ne\u010faleko Vilniusu.<\/p>\n<p style=\"text-align: justify;\">Cie\u013eom mobility bolo dozvedie\u0165 sa viac o vzdel\u00e1vacom syst\u00e9me v Litve a \u0161peci\u00e1lne o odbornom vzdel\u00e1van\u00ed a pr\u00edprave, vzdel\u00e1van\u00ed dospel\u00fdch, zahrani\u010dnej spolupr\u00e1ci s partnermi, n\u00e1bore \u017eiakov a sp\u00e1jan\u00ed \u0161k\u00f4l.<\/p>\n<p style=\"text-align: justify;\">Vzdel\u00e1vacie centrum\u00a0<strong><a style=\"font-style: inherit; font-weight: inherit;\" href=\"https:\/\/kautech.lt\/\">KAUTECH\u00a0<\/a><\/strong>m\u00e1 3000 \u017eiakov, 500 zamestnancov a 250 partnerov. M\u00e1 dvan\u00e1s\u0165 programov, ktor\u00e9 by chceli od bud\u00faceho roka zredukova\u0165 na desa\u0165. V celej Litve, ktor\u00e1 m\u00e1 takmer 3 mili\u00f3ny obyvate\u013eov, je <strong style=\"font-style: inherit;\">44 stredn\u00fdch odborn\u00fdch \u0161k\u00f4l<\/strong>. K\u00a0tomuto \u010d\u00edslu sa dostali postupne, ke\u010f pred desiatimi rokmi pri\u0161la po\u017eiadavka na sp\u00e1janie \u0161k\u00f4l. Centrum je zapojen\u00e9 do 18 medzin\u00e1rodn\u00fdch projektov, pri\u010dom ro\u010dne vysielaj\u00fa 200 \u0161tudentov a\u00a0u\u010dite\u013eov do zahrani\u010dia. Riadite\u013e pre\u0161ovskej SO\u0160 po prezent\u00e1cii projektovej koordin\u00e1torky a jej t\u00edmu skon\u0161tatoval \u017ee \u201esa ur\u010dite bude sna\u017ei\u0165 vytvori\u0165 samostatn\u00fa poz\u00edciu projektov\u00e9ho mana\u017e\u00e9ra na \u0161kole.\u201c<\/p>\n<p style=\"text-align: justify;\">\u00da\u010dastn\u00edci z 8 r\u00f4znych \u0161k\u00f4l a in\u0161tit\u00faci\u00ed mali mo\u017enos\u0165 za\u017ei\u0165 priebeh vyu\u010dovac\u00edch hod\u00edn pre dospel\u00fdch a vidie\u0165 dielne pre dopravu, drevospracuj\u00faci priemysel, stavebn\u00edctvo a podobne.<\/p>\n<p style=\"text-align: justify;\">\u00da\u010dastn\u00edci si s kolegami z Litvy vymenili kontakty a d\u00fafame, \u017ee sa touto mobilitou na\u0161tartovala \u010fal\u0161ia medzin\u00e1rodn\u00e1 spolupr\u00e1ca.<\/p>\n<p><img fetchpriority=\"high\" decoding=\"async\" class=\"alignnone wp-image-19443\" src=\"https:\/\/archiv.siov.sk\/wp-content\/uploads\/2024\/03\/mobilita_kautech_litva_feb_2024-13-300x225.jpg\" alt=\"litva\" width=\"400\" height=\"300\" srcset=\"https:\/\/archiv.siov.sk\/wp-content\/uploads\/2024\/03\/mobilita_kautech_litva_feb_2024-13-300x225.jpg 300w, https:\/\/archiv.siov.sk\/wp-content\/uploads\/2024\/03\/mobilita_kautech_litva_feb_2024-13-1024x768.jpg 1024w, https:\/\/archiv.siov.sk\/wp-content\/uploads\/2024\/03\/mobilita_kautech_litva_feb_2024-13-768x576.jpg 768w, https:\/\/archiv.siov.sk\/wp-content\/uploads\/2024\/03\/mobilita_kautech_litva_feb_2024-13-1536x1152.jpg 1536w, https:\/\/archiv.siov.sk\/wp-content\/uploads\/2024\/03\/mobilita_kautech_litva_feb_2024-13-2048x1536.jpg 2048w, https:\/\/archiv.siov.sk\/wp-content\/uploads\/2024\/03\/mobilita_kautech_litva_feb_2024-13-16x12.jpg 16w\" sizes=\"(max-width: 400px) 100vw, 400px\" \/>\u00a0 \u00a0 <img decoding=\"async\" class=\"alignnone wp-image-19441\" src=\"https:\/\/archiv.siov.sk\/wp-content\/uploads\/2024\/03\/mobilita_kautech_litva_feb_2024-4-300x225.jpg\" alt=\"mobilita litva\" width=\"400\" height=\"300\" srcset=\"https:\/\/archiv.siov.sk\/wp-content\/uploads\/2024\/03\/mobilita_kautech_litva_feb_2024-4-300x225.jpg 300w, https:\/\/archiv.siov.sk\/wp-content\/uploads\/2024\/03\/mobilita_kautech_litva_feb_2024-4-1024x768.jpg 1024w, https:\/\/archiv.siov.sk\/wp-content\/uploads\/2024\/03\/mobilita_kautech_litva_feb_2024-4-768x576.jpg 768w, https:\/\/archiv.siov.sk\/wp-content\/uploads\/2024\/03\/mobilita_kautech_litva_feb_2024-4-1536x1152.jpg 1536w, https:\/\/archiv.siov.sk\/wp-content\/uploads\/2024\/03\/mobilita_kautech_litva_feb_2024-4-2048x1536.jpg 2048w, https:\/\/archiv.siov.sk\/wp-content\/uploads\/2024\/03\/mobilita_kautech_litva_feb_2024-4-16x12.jpg 16w\" sizes=\"(max-width: 400px) 100vw, 400px\" \/><\/p>\n<p><img decoding=\"async\" class=\"aligncenter wp-image-18660\" src=\"https:\/\/archiv.siov.sk\/wp-content\/uploads\/2025\/04\/loga_np_kvalita-300x46.png\" alt=\"loga_kvalita_projekt\" width=\"450\" height=\"70\" srcset=\"https:\/\/archiv.siov.sk\/wp-content\/uploads\/2025\/04\/loga_np_kvalita-300x46.png 300w, https:\/\/archiv.siov.sk\/wp-content\/uploads\/2025\/04\/loga_np_kvalita-1024x158.png 1024w, https:\/\/archiv.siov.sk\/wp-content\/uploads\/2025\/04\/loga_np_kvalita-768x119.png 768w, https:\/\/archiv.siov.sk\/wp-content\/uploads\/2025\/04\/loga_np_kvalita-18x3.png 18w, https:\/\/archiv.siov.sk\/wp-content\/uploads\/2025\/04\/elementor\/thumbs\/loga_np_kvalita-r5cjqsfvrn5sfhsjyrw97tvig25lp3e6m5t1uzcj7g.png 450w, https:\/\/archiv.siov.sk\/wp-content\/uploads\/2025\/04\/loga_np_kvalita.png 1229w\" sizes=\"(max-width: 450px) 100vw, 450px\" \/><\/p>","protected":false},"excerpt":{"rendered":"<p>Jedno vzdel\u00e1vacie centrum technol\u00f3gi\u00ed, tri dni, jeden\u00e1s\u0165 \u00fa\u010dastn\u00edkov a nespo\u010detne ve\u013ea nov\u00fdch inform\u00e1ci\u00ed a postrehov. Aj takto by sa dala op\u00edsa\u0165 \u0161tudijn\u00e1 n\u00e1v\u0161teva v Kaunase ne\u010faleko Vilniusu. Cie\u013eom mobility bolo dozvedie\u0165 sa viac o vzdel\u00e1vacom syst\u00e9me v Litve a \u0161peci\u00e1lne o odbornom vzdel\u00e1van\u00ed a pr\u00edprave, vzdel\u00e1van\u00ed dospel\u00fdch, zahrani\u010dnej spolupr\u00e1ci s partnermi, n\u00e1bore \u017eiakov a sp\u00e1jan\u00ed [&hellip;]<\/p>\n","protected":false},"author":6,"featured_media":14804,"comment_status":"closed","ping_status":"closed","sticky":false,"template":"","format":"standard","meta":{"site-sidebar-layout":"default","site-content-layout":"","ast-site-content-layout":"default","site-content-style":"default","site-sidebar-style":"default","ast-global-header-display":"","ast-banner-title-visibility":"","ast-main-header-display":"","ast-hfb-above-header-display":"","ast-hfb-below-header-display":"","ast-hfb-mobile-header-display":"","site-post-title":"","ast-breadcrumbs-content":"","ast-featured-img":"","footer-sml-layout":"","ast-disable-related-posts":"","theme-transparent-header-meta":"default","adv-header-id-meta":"","stick-header-meta":"default","header-above-stick-meta":"","header-main-stick-meta":"","header-below-stick-meta":"","astra-migrate-meta-layouts":"set","ast-page-background-enabled":"default","ast-page-background-meta":{"desktop":{"background-color":"var(--ast-global-color-4)","background-image":"","background-repeat":"repeat","background-position":"center center","background-size":"auto","background-attachment":"scroll","background-type":"","background-media":"","overlay-type":"","overlay-color":"","overlay-opacity":"","overlay-gradient":""},"tablet":{"background-color":"","background-image":"","background-repeat":"repeat","background-position":"center center","background-size":"auto","background-attachment":"scroll","background-type":"","background-media":"","overlay-type":"","overlay-color":"","overlay-opacity":"","overlay-gradient":""},"mobile":{"background-color":"","background-image":"","background-repeat":"repeat","background-position":"center center","background-size":"auto","background-attachment":"scroll","background-type":"","background-media":"","overlay-type":"","overlay-color":"","overlay-opacity":"","overlay-gradient":""}},"ast-content-background-meta":{"desktop":{"background-color":"var(--ast-global-color-5)","background-image":"","background-repeat":"repeat","background-position":"center center","background-size":"auto","background-attachment":"scroll","background-type":"","background-media":"","overlay-type":"","overlay-color":"","overlay-opacity":"","overlay-gradient":""},"tablet":{"background-color":"var(--ast-global-color-5)","background-image":"","background-repeat":"repeat","background-position":"center center","background-size":"auto","background-attachment":"scroll","background-type":"","background-media":"","overlay-type":"","overlay-color":"","overlay-opacity":"","overlay-gradient":""},"mobile":{"background-color":"var(--ast-global-color-5)","background-image":"","background-repeat":"repeat","background-position":"center center","background-size":"auto","background-attachment":"scroll","background-type":"","background-media":"","overlay-type":"","overlay-color":"","overlay-opacity":"","overlay-gradient":""}},"footnotes":""},"categories":[1,25],"tags":[],"class_list":["post-14802","post","type-post","status-publish","format-standard","has-post-thumbnail","hentry","category-aktuality","category-erasmusplus"],"yoast_head":"<!-- This site is optimized with the Yoast SEO plugin v27.5 - https:\/\/yoast.com\/product\/yoast-seo-wordpress\/ -->\n<title>Zahrani\u010dn\u00e1 mobilita roz\u0161\u00edrila obzory (nielen) o litovskom vzdel\u00e1vacom syst\u00e9me - \u0160IOV - \u0161t\u00e1tny in\u0161tit\u00fat odborn\u00e9ho vzdel\u00e1vania<\/title>\n<meta name=\"robots\" content=\"index, follow, max-snippet:-1, max-image-preview:large, max-video-preview:-1\" \/>\n<link rel=\"canonical\" href=\"https:\/\/archiv.siov.sk\/en\/zahranicna-mobilita-rozsirila-obzory-nielen-o-litovskom-vzdelavacom-systeme\/\" \/>\n<meta property=\"og:locale\" content=\"en_GB\" \/>\n<meta property=\"og:type\" content=\"article\" \/>\n<meta property=\"og:title\" content=\"Zahrani\u010dn\u00e1 mobilita roz\u0161\u00edrila obzory (nielen) o litovskom vzdel\u00e1vacom syst\u00e9me - \u0160IOV - \u0161t\u00e1tny in\u0161tit\u00fat odborn\u00e9ho vzdel\u00e1vania\" \/>\n<meta property=\"og:description\" content=\"Jedno vzdel\u00e1vacie centrum technol\u00f3gi\u00ed, tri dni, jeden\u00e1s\u0165 \u00fa\u010dastn\u00edkov a nespo\u010detne ve\u013ea nov\u00fdch inform\u00e1ci\u00ed a postrehov. Aj takto by sa dala op\u00edsa\u0165 \u0161tudijn\u00e1 n\u00e1v\u0161teva v Kaunase ne\u010faleko Vilniusu. Cie\u013eom mobility bolo dozvedie\u0165 sa viac o vzdel\u00e1vacom syst\u00e9me v Litve a \u0161peci\u00e1lne o odbornom vzdel\u00e1van\u00ed a pr\u00edprave, vzdel\u00e1van\u00ed dospel\u00fdch, zahrani\u010dnej spolupr\u00e1ci s partnermi, n\u00e1bore \u017eiakov a sp\u00e1jan\u00ed [&hellip;]\" \/>\n<meta property=\"og:url\" content=\"https:\/\/archiv.siov.sk\/en\/zahranicna-mobilita-rozsirila-obzory-nielen-o-litovskom-vzdelavacom-systeme\/\" \/>\n<meta property=\"og:site_name\" content=\"\u0160IOV - \u0161t\u00e1tny in\u0161tit\u00fat odborn\u00e9ho vzdel\u00e1vania\" \/>\n<meta property=\"article:publisher\" content=\"https:\/\/www.facebook.com\/Statnyinstitutodbornehovzdelavania\" \/>\n<meta property=\"article:published_time\" content=\"2024-03-06T13:57:01+00:00\" \/>\n<meta property=\"article:modified_time\" content=\"2025-07-03T11:46:57+00:00\" \/>\n<meta property=\"og:image\" content=\"https:\/\/archiv.siov.sk\/wp-content\/uploads\/2024\/03\/foto-Litva-1.jpg\" \/>\n\t<meta property=\"og:image:width\" content=\"1536\" \/>\n\t<meta property=\"og:image:height\" content=\"1152\" \/>\n\t<meta property=\"og:image:type\" content=\"image\/jpeg\" \/>\n<meta name=\"author\" content=\"Katar\u00edna Kov\u00e1\u010dov\u00e1\" \/>\n<meta name=\"twitter:card\" content=\"summary_large_image\" \/>\n<meta name=\"twitter:label1\" content=\"Written by\" \/>\n\t<meta name=\"twitter:data1\" content=\"Katar\u00edna Kov\u00e1\u010dov\u00e1\" \/>\n\t<meta name=\"twitter:label2\" content=\"Estimated reading time\" \/>\n\t<meta name=\"twitter:data2\" content=\"2 minutes\" \/>\n<script type=\"application\/ld+json\" class=\"yoast-schema-graph\">{\"@context\":\"https:\\\/\\\/schema.org\",\"@graph\":[{\"@type\":\"Article\",\"@id\":\"https:\\\/\\\/archiv.siov.sk\\\/zahranicna-mobilita-rozsirila-obzory-nielen-o-litovskom-vzdelavacom-systeme\\\/#article\",\"isPartOf\":{\"@id\":\"https:\\\/\\\/archiv.siov.sk\\\/zahranicna-mobilita-rozsirila-obzory-nielen-o-litovskom-vzdelavacom-systeme\\\/\"},\"author\":{\"name\":\"Katar\u00edna Kov\u00e1\u010dov\u00e1\",\"@id\":\"https:\\\/\\\/archiv.siov.sk\\\/#\\\/schema\\\/person\\\/e42d633fbd958c6a726e8834d8965e6c\"},\"headline\":\"Zahrani\u010dn\u00e1 mobilita roz\u0161\u00edrila obzory (nielen) o litovskom vzdel\u00e1vacom syst\u00e9me\",\"datePublished\":\"2024-03-06T13:57:01+00:00\",\"dateModified\":\"2025-07-03T11:46:57+00:00\",\"mainEntityOfPage\":{\"@id\":\"https:\\\/\\\/archiv.siov.sk\\\/zahranicna-mobilita-rozsirila-obzory-nielen-o-litovskom-vzdelavacom-systeme\\\/\"},\"wordCount\":268,\"publisher\":{\"@id\":\"https:\\\/\\\/archiv.siov.sk\\\/#organization\"},\"image\":{\"@id\":\"https:\\\/\\\/archiv.siov.sk\\\/zahranicna-mobilita-rozsirila-obzory-nielen-o-litovskom-vzdelavacom-systeme\\\/#primaryimage\"},\"thumbnailUrl\":\"https:\\\/\\\/archiv.siov.sk\\\/wp-content\\\/uploads\\\/2024\\\/03\\\/foto-Litva-1.jpg\",\"articleSection\":[\"Aktuality\",\"Erasmus+\"],\"inLanguage\":\"en-GB\"},{\"@type\":\"WebPage\",\"@id\":\"https:\\\/\\\/archiv.siov.sk\\\/zahranicna-mobilita-rozsirila-obzory-nielen-o-litovskom-vzdelavacom-systeme\\\/\",\"url\":\"https:\\\/\\\/archiv.siov.sk\\\/zahranicna-mobilita-rozsirila-obzory-nielen-o-litovskom-vzdelavacom-systeme\\\/\",\"name\":\"Zahrani\u010dn\u00e1 mobilita roz\u0161\u00edrila obzory (nielen) o litovskom vzdel\u00e1vacom syst\u00e9me - \u0160IOV - \u0161t\u00e1tny in\u0161tit\u00fat odborn\u00e9ho vzdel\u00e1vania\",\"isPartOf\":{\"@id\":\"https:\\\/\\\/archiv.siov.sk\\\/#website\"},\"primaryImageOfPage\":{\"@id\":\"https:\\\/\\\/archiv.siov.sk\\\/zahranicna-mobilita-rozsirila-obzory-nielen-o-litovskom-vzdelavacom-systeme\\\/#primaryimage\"},\"image\":{\"@id\":\"https:\\\/\\\/archiv.siov.sk\\\/zahranicna-mobilita-rozsirila-obzory-nielen-o-litovskom-vzdelavacom-systeme\\\/#primaryimage\"},\"thumbnailUrl\":\"https:\\\/\\\/archiv.siov.sk\\\/wp-content\\\/uploads\\\/2024\\\/03\\\/foto-Litva-1.jpg\",\"datePublished\":\"2024-03-06T13:57:01+00:00\",\"dateModified\":\"2025-07-03T11:46:57+00:00\",\"breadcrumb\":{\"@id\":\"https:\\\/\\\/archiv.siov.sk\\\/zahranicna-mobilita-rozsirila-obzory-nielen-o-litovskom-vzdelavacom-systeme\\\/#breadcrumb\"},\"inLanguage\":\"en-GB\",\"potentialAction\":[{\"@type\":\"ReadAction\",\"target\":[\"https:\\\/\\\/archiv.siov.sk\\\/zahranicna-mobilita-rozsirila-obzory-nielen-o-litovskom-vzdelavacom-systeme\\\/\"]}]},{\"@type\":\"ImageObject\",\"inLanguage\":\"en-GB\",\"@id\":\"https:\\\/\\\/archiv.siov.sk\\\/zahranicna-mobilita-rozsirila-obzory-nielen-o-litovskom-vzdelavacom-systeme\\\/#primaryimage\",\"url\":\"https:\\\/\\\/archiv.siov.sk\\\/wp-content\\\/uploads\\\/2024\\\/03\\\/foto-Litva-1.jpg\",\"contentUrl\":\"https:\\\/\\\/archiv.siov.sk\\\/wp-content\\\/uploads\\\/2024\\\/03\\\/foto-Litva-1.jpg\",\"width\":1536,\"height\":1152},{\"@type\":\"BreadcrumbList\",\"@id\":\"https:\\\/\\\/archiv.siov.sk\\\/zahranicna-mobilita-rozsirila-obzory-nielen-o-litovskom-vzdelavacom-systeme\\\/#breadcrumb\",\"itemListElement\":[{\"@type\":\"ListItem\",\"position\":1,\"name\":\"Home\",\"item\":\"https:\\\/\\\/archiv.siov.sk\\\/\"},{\"@type\":\"ListItem\",\"position\":2,\"name\":\"Zahrani\u010dn\u00e1 mobilita roz\u0161\u00edrila obzory (nielen) o litovskom vzdel\u00e1vacom syst\u00e9me\"}]},{\"@type\":\"WebSite\",\"@id\":\"https:\\\/\\\/archiv.siov.sk\\\/#website\",\"url\":\"https:\\\/\\\/archiv.siov.sk\\\/\",\"name\":\"\u0160IOV - \u0161t\u00e1tny in\u0161tit\u00fat odborn\u00e9ho vzdel\u00e1vania\",\"description\":\"\",\"publisher\":{\"@id\":\"https:\\\/\\\/archiv.siov.sk\\\/#organization\"},\"potentialAction\":[{\"@type\":\"SearchAction\",\"target\":{\"@type\":\"EntryPoint\",\"urlTemplate\":\"https:\\\/\\\/archiv.siov.sk\\\/?s={search_term_string}\"},\"query-input\":{\"@type\":\"PropertyValueSpecification\",\"valueRequired\":true,\"valueName\":\"search_term_string\"}}],\"inLanguage\":\"en-GB\"},{\"@type\":\"Organization\",\"@id\":\"https:\\\/\\\/archiv.siov.sk\\\/#organization\",\"name\":\"\u0160IOV - \u0161t\u00e1tny in\u0161tit\u00fat odborn\u00e9ho vzdel\u00e1vania\",\"url\":\"https:\\\/\\\/archiv.siov.sk\\\/\",\"logo\":{\"@type\":\"ImageObject\",\"inLanguage\":\"en-GB\",\"@id\":\"https:\\\/\\\/archiv.siov.sk\\\/#\\\/schema\\\/logo\\\/image\\\/\",\"url\":\"https:\\\/\\\/archiv.siov.sk\\\/wp-content\\\/uploads\\\/2024\\\/02\\\/logo-SIOV.png\",\"contentUrl\":\"https:\\\/\\\/archiv.siov.sk\\\/wp-content\\\/uploads\\\/2024\\\/02\\\/logo-SIOV.png\",\"width\":431,\"height\":143,\"caption\":\"\u0160IOV - \u0161t\u00e1tny in\u0161tit\u00fat odborn\u00e9ho vzdel\u00e1vania\"},\"image\":{\"@id\":\"https:\\\/\\\/archiv.siov.sk\\\/#\\\/schema\\\/logo\\\/image\\\/\"},\"sameAs\":[\"https:\\\/\\\/www.facebook.com\\\/Statnyinstitutodbornehovzdelavania\"]},{\"@type\":\"Person\",\"@id\":\"https:\\\/\\\/archiv.siov.sk\\\/#\\\/schema\\\/person\\\/e42d633fbd958c6a726e8834d8965e6c\",\"name\":\"Katar\u00edna Kov\u00e1\u010dov\u00e1\",\"url\":\"https:\\\/\\\/archiv.siov.sk\\\/en\\\/author\\\/katkakovacova\\\/\"}]}<\/script>\n<!-- \/ Yoast SEO plugin. -->","yoast_head_json":{"title":"Zahrani\u010dn\u00e1 mobilita roz\u0161\u00edrila obzory (nielen) o litovskom vzdel\u00e1vacom syst\u00e9me - \u0160IOV - \u0161t\u00e1tny in\u0161tit\u00fat odborn\u00e9ho vzdel\u00e1vania","robots":{"index":"index","follow":"follow","max-snippet":"max-snippet:-1","max-image-preview":"max-image-preview:large","max-video-preview":"max-video-preview:-1"},"canonical":"https:\/\/archiv.siov.sk\/en\/zahranicna-mobilita-rozsirila-obzory-nielen-o-litovskom-vzdelavacom-systeme\/","og_locale":"en_GB","og_type":"article","og_title":"Zahrani\u010dn\u00e1 mobilita roz\u0161\u00edrila obzory (nielen) o litovskom vzdel\u00e1vacom syst\u00e9me - \u0160IOV - \u0161t\u00e1tny in\u0161tit\u00fat odborn\u00e9ho vzdel\u00e1vania","og_description":"Jedno vzdel\u00e1vacie centrum technol\u00f3gi\u00ed, tri dni, jeden\u00e1s\u0165 \u00fa\u010dastn\u00edkov a nespo\u010detne ve\u013ea nov\u00fdch inform\u00e1ci\u00ed a postrehov. Aj takto by sa dala op\u00edsa\u0165 \u0161tudijn\u00e1 n\u00e1v\u0161teva v Kaunase ne\u010faleko Vilniusu. Cie\u013eom mobility bolo dozvedie\u0165 sa viac o vzdel\u00e1vacom syst\u00e9me v Litve a \u0161peci\u00e1lne o odbornom vzdel\u00e1van\u00ed a pr\u00edprave, vzdel\u00e1van\u00ed dospel\u00fdch, zahrani\u010dnej spolupr\u00e1ci s partnermi, n\u00e1bore \u017eiakov a sp\u00e1jan\u00ed [&hellip;]","og_url":"https:\/\/archiv.siov.sk\/en\/zahranicna-mobilita-rozsirila-obzory-nielen-o-litovskom-vzdelavacom-systeme\/","og_site_name":"\u0160IOV - \u0161t\u00e1tny in\u0161tit\u00fat odborn\u00e9ho vzdel\u00e1vania","article_publisher":"https:\/\/www.facebook.com\/Statnyinstitutodbornehovzdelavania","article_published_time":"2024-03-06T13:57:01+00:00","article_modified_time":"2025-07-03T11:46:57+00:00","og_image":[{"width":1536,"height":1152,"url":"https:\/\/archiv.siov.sk\/wp-content\/uploads\/2024\/03\/foto-Litva-1.jpg","type":"image\/jpeg"}],"author":"Katar\u00edna Kov\u00e1\u010dov\u00e1","twitter_card":"summary_large_image","twitter_misc":{"Written by":"Katar\u00edna Kov\u00e1\u010dov\u00e1","Estimated reading time":"2 minutes"},"schema":{"@context":"https:\/\/schema.org","@graph":[{"@type":"Article","@id":"https:\/\/archiv.siov.sk\/zahranicna-mobilita-rozsirila-obzory-nielen-o-litovskom-vzdelavacom-systeme\/#article","isPartOf":{"@id":"https:\/\/archiv.siov.sk\/zahranicna-mobilita-rozsirila-obzory-nielen-o-litovskom-vzdelavacom-systeme\/"},"author":{"name":"Katar\u00edna Kov\u00e1\u010dov\u00e1","@id":"https:\/\/archiv.siov.sk\/#\/schema\/person\/e42d633fbd958c6a726e8834d8965e6c"},"headline":"Zahrani\u010dn\u00e1 mobilita roz\u0161\u00edrila obzory (nielen) o litovskom vzdel\u00e1vacom syst\u00e9me","datePublished":"2024-03-06T13:57:01+00:00","dateModified":"2025-07-03T11:46:57+00:00","mainEntityOfPage":{"@id":"https:\/\/archiv.siov.sk\/zahranicna-mobilita-rozsirila-obzory-nielen-o-litovskom-vzdelavacom-systeme\/"},"wordCount":268,"publisher":{"@id":"https:\/\/archiv.siov.sk\/#organization"},"image":{"@id":"https:\/\/archiv.siov.sk\/zahranicna-mobilita-rozsirila-obzory-nielen-o-litovskom-vzdelavacom-systeme\/#primaryimage"},"thumbnailUrl":"https:\/\/archiv.siov.sk\/wp-content\/uploads\/2024\/03\/foto-Litva-1.jpg","articleSection":["Aktuality","Erasmus+"],"inLanguage":"en-GB"},{"@type":"WebPage","@id":"https:\/\/archiv.siov.sk\/zahranicna-mobilita-rozsirila-obzory-nielen-o-litovskom-vzdelavacom-systeme\/","url":"https:\/\/archiv.siov.sk\/zahranicna-mobilita-rozsirila-obzory-nielen-o-litovskom-vzdelavacom-systeme\/","name":"Zahrani\u010dn\u00e1 mobilita roz\u0161\u00edrila obzory (nielen) o litovskom vzdel\u00e1vacom syst\u00e9me - \u0160IOV - \u0161t\u00e1tny in\u0161tit\u00fat odborn\u00e9ho vzdel\u00e1vania","isPartOf":{"@id":"https:\/\/archiv.siov.sk\/#website"},"primaryImageOfPage":{"@id":"https:\/\/archiv.siov.sk\/zahranicna-mobilita-rozsirila-obzory-nielen-o-litovskom-vzdelavacom-systeme\/#primaryimage"},"image":{"@id":"https:\/\/archiv.siov.sk\/zahranicna-mobilita-rozsirila-obzory-nielen-o-litovskom-vzdelavacom-systeme\/#primaryimage"},"thumbnailUrl":"https:\/\/archiv.siov.sk\/wp-content\/uploads\/2024\/03\/foto-Litva-1.jpg","datePublished":"2024-03-06T13:57:01+00:00","dateModified":"2025-07-03T11:46:57+00:00","breadcrumb":{"@id":"https:\/\/archiv.siov.sk\/zahranicna-mobilita-rozsirila-obzory-nielen-o-litovskom-vzdelavacom-systeme\/#breadcrumb"},"inLanguage":"en-GB","potentialAction":[{"@type":"ReadAction","target":["https:\/\/archiv.siov.sk\/zahranicna-mobilita-rozsirila-obzory-nielen-o-litovskom-vzdelavacom-systeme\/"]}]},{"@type":"ImageObject","inLanguage":"en-GB","@id":"https:\/\/archiv.siov.sk\/zahranicna-mobilita-rozsirila-obzory-nielen-o-litovskom-vzdelavacom-systeme\/#primaryimage","url":"https:\/\/archiv.siov.sk\/wp-content\/uploads\/2024\/03\/foto-Litva-1.jpg","contentUrl":"https:\/\/archiv.siov.sk\/wp-content\/uploads\/2024\/03\/foto-Litva-1.jpg","width":1536,"height":1152},{"@type":"BreadcrumbList","@id":"https:\/\/archiv.siov.sk\/zahranicna-mobilita-rozsirila-obzory-nielen-o-litovskom-vzdelavacom-systeme\/#breadcrumb","itemListElement":[{"@type":"ListItem","position":1,"name":"Home","item":"https:\/\/archiv.siov.sk\/"},{"@type":"ListItem","position":2,"name":"Zahrani\u010dn\u00e1 mobilita roz\u0161\u00edrila obzory (nielen) o litovskom vzdel\u00e1vacom syst\u00e9me"}]},{"@type":"WebSite","@id":"https:\/\/archiv.siov.sk\/#website","url":"https:\/\/archiv.siov.sk\/","name":"\u0160IOV - \u0161t\u00e1tny in\u0161tit\u00fat odborn\u00e9ho vzdel\u00e1vania","description":"","publisher":{"@id":"https:\/\/archiv.siov.sk\/#organization"},"potentialAction":[{"@type":"SearchAction","target":{"@type":"EntryPoint","urlTemplate":"https:\/\/archiv.siov.sk\/?s={search_term_string}"},"query-input":{"@type":"PropertyValueSpecification","valueRequired":true,"valueName":"search_term_string"}}],"inLanguage":"en-GB"},{"@type":"Organization","@id":"https:\/\/archiv.siov.sk\/#organization","name":"\u0160IOV - \u0161t\u00e1tny in\u0161tit\u00fat odborn\u00e9ho vzdel\u00e1vania","url":"https:\/\/archiv.siov.sk\/","logo":{"@type":"ImageObject","inLanguage":"en-GB","@id":"https:\/\/archiv.siov.sk\/#\/schema\/logo\/image\/","url":"https:\/\/archiv.siov.sk\/wp-content\/uploads\/2024\/02\/logo-SIOV.png","contentUrl":"https:\/\/archiv.siov.sk\/wp-content\/uploads\/2024\/02\/logo-SIOV.png","width":431,"height":143,"caption":"\u0160IOV - \u0161t\u00e1tny in\u0161tit\u00fat odborn\u00e9ho vzdel\u00e1vania"},"image":{"@id":"https:\/\/archiv.siov.sk\/#\/schema\/logo\/image\/"},"sameAs":["https:\/\/www.facebook.com\/Statnyinstitutodbornehovzdelavania"]},{"@type":"Person","@id":"https:\/\/archiv.siov.sk\/#\/schema\/person\/e42d633fbd958c6a726e8834d8965e6c","name":"Katar\u00edna Kov\u00e1\u010dov\u00e1","url":"https:\/\/archiv.siov.sk\/en\/author\/katkakovacova\/"}]}},"_links":{"self":[{"href":"https:\/\/archiv.siov.sk\/en\/wp-json\/wp\/v2\/posts\/14802","targetHints":{"allow":["GET"]}}],"collection":[{"href":"https:\/\/archiv.siov.sk\/en\/wp-json\/wp\/v2\/posts"}],"about":[{"href":"https:\/\/archiv.siov.sk\/en\/wp-json\/wp\/v2\/types\/post"}],"author":[{"embeddable":true,"href":"https:\/\/archiv.siov.sk\/en\/wp-json\/wp\/v2\/users\/6"}],"replies":[{"embeddable":true,"href":"https:\/\/archiv.siov.sk\/en\/wp-json\/wp\/v2\/comments?post=14802"}],"version-history":[{"count":5,"href":"https:\/\/archiv.siov.sk\/en\/wp-json\/wp\/v2\/posts\/14802\/revisions"}],"predecessor-version":[{"id":19773,"href":"https:\/\/archiv.siov.sk\/en\/wp-json\/wp\/v2\/posts\/14802\/revisions\/19773"}],"wp:featuredmedia":[{"embeddable":true,"href":"https:\/\/archiv.siov.sk\/en\/wp-json\/wp\/v2\/media\/14804"}],"wp:attachment":[{"href":"https:\/\/archiv.siov.sk\/en\/wp-json\/wp\/v2\/media?parent=14802"}],"wp:term":[{"taxonomy":"category","embeddable":true,"href":"https:\/\/archiv.siov.sk\/en\/wp-json\/wp\/v2\/categories?post=14802"},{"taxonomy":"post_tag","embeddable":true,"href":"https:\/\/archiv.siov.sk\/en\/wp-json\/wp\/v2\/tags?post=14802"}],"curies":[{"name":"wp","href":"https:\/\/api.w.org\/{rel}","templated":true}]}}