{"id":14519,"date":"2024-01-30T12:50:54","date_gmt":"2024-01-30T11:50:54","guid":{"rendered":"https:\/\/archiv.siov.sk\/?p=14519"},"modified":"2024-01-30T12:51:30","modified_gmt":"2024-01-30T11:51:30","slug":"ziaci-zapojte-sa-do-ankety-najlepsi-vyucujuci-cvicnej-firmy-2023","status":"publish","type":"post","link":"https:\/\/archiv.siov.sk\/en\/ziaci-zapojte-sa-do-ankety-najlepsi-vyucujuci-cvicnej-firmy-2023\/","title":{"rendered":"\u017diaci, zapojte sa do ankety Najlep\u0161\u00ed vyu\u010duj\u00faci cvi\u010dnej firmy 2023"},"content":{"rendered":"<p style=\"text-align: justify;\">Metropolitn\u00e1 univerzita Praha, o. p. s. a\u00a0\u010cesk\u00e1 po\u0161ta, s. p. s\u00a0podporou Centra fikt\u00edvnych firiem pri NPI \u010cR a\u00a0Slovensk\u00e9ho centra cvi\u010dn\u00fdch firiem pri \u0160IOV vyhl\u00e1sila u\u017e 4. ro\u010dn\u00edk ankety s\u00a0n\u00e1zvom \u201eNajlep\u0161\u00ed vyu\u010duj\u00faci cvi\u010dnej firmy 2023\u201c.<\/p>\n<p>Zapoji\u0165 sa do nej m\u00f4\u017eu \u010desk\u00e9 aj slovensk\u00e9 cvi\u010dn\u00e9 firmy.<\/p>\n<p style=\"text-align: justify;\">\u017diaci cvi\u010dn\u00fdch firiem nap\u00ed\u0161te pr\u00edbeh o tom, pre\u010do by sa pr\u00e1ve V\u00e1\u0161 u\u010dite\u013e mal sta\u0165 \u201enajlep\u0161\u00edm u\u010dite\u013eom cvi\u010dnej firmy 2023\u201c maxim\u00e1lne na dve strany A4. Pr\u00edspevky je potrebn\u00e9 zasla\u0165 na adresu <u>radek.maxa@mup.cz<\/u> najnesk\u00f4r do 29. febru\u00e1ra 2024.<\/p>\n<p>V\u0161etky pr\u00edbehy starostlivo vyhodnotia vyhlasovatelia ankety.<\/p>\n<p>Viac sa dozviete na <a href=\"https:\/\/www.mubanka.cz\/wp-content\/uploads\/2024\/01\/5mubline-nej-vyucujici.pdf\">https:\/\/www.mubanka.cz\/wp-content\/uploads\/2024\/01\/5mubline-nej-vyucujici.pdf\u00a0<\/a><\/p>\n<p>a v dokumente <a href=\"https:\/\/archiv.siov.sk\/wp-content\/uploads\/2024\/01\/Anketa-nejlepsi-vyucujici-2023.pdf\" target=\"_blank\" rel=\"noopener\">TU<\/a><\/p>","protected":false},"excerpt":{"rendered":"<p>Metropolitn\u00e1 univerzita Praha, o. p. s. a\u00a0\u010cesk\u00e1 po\u0161ta, s. p. s\u00a0podporou Centra fikt\u00edvnych firiem pri NPI \u010cR a\u00a0Slovensk\u00e9ho centra cvi\u010dn\u00fdch firiem pri \u0160IOV vyhl\u00e1sila u\u017e 4. ro\u010dn\u00edk ankety s\u00a0n\u00e1zvom \u201eNajlep\u0161\u00ed vyu\u010duj\u00faci cvi\u010dnej firmy 2023\u201c. Zapoji\u0165 sa do nej m\u00f4\u017eu \u010desk\u00e9 aj slovensk\u00e9 cvi\u010dn\u00e9 firmy. \u017diaci cvi\u010dn\u00fdch firiem nap\u00ed\u0161te pr\u00edbeh o tom, pre\u010do by sa pr\u00e1ve [&hellip;]<\/p>\n","protected":false},"author":6,"featured_media":2331,"comment_status":"closed","ping_status":"closed","sticky":false,"template":"","format":"standard","meta":{"site-sidebar-layout":"default","site-content-layout":"","ast-site-content-layout":"default","site-content-style":"default","site-sidebar-style":"default","ast-global-header-display":"","ast-banner-title-visibility":"","ast-main-header-display":"","ast-hfb-above-header-display":"","ast-hfb-below-header-display":"","ast-hfb-mobile-header-display":"","site-post-title":"","ast-breadcrumbs-content":"","ast-featured-img":"","footer-sml-layout":"","ast-disable-related-posts":"","theme-transparent-header-meta":"default","adv-header-id-meta":"","stick-header-meta":"","header-above-stick-meta":"","header-main-stick-meta":"","header-below-stick-meta":"","astra-migrate-meta-layouts":"set","ast-page-background-enabled":"default","ast-page-background-meta":{"desktop":{"background-color":"var(--ast-global-color-4)","background-image":"","background-repeat":"repeat","background-position":"center center","background-size":"auto","background-attachment":"scroll","background-type":"","background-media":"","overlay-type":"","overlay-color":"","overlay-opacity":"","overlay-gradient":""},"tablet":{"background-color":"","background-image":"","background-repeat":"repeat","background-position":"center center","background-size":"auto","background-attachment":"scroll","background-type":"","background-media":"","overlay-type":"","overlay-color":"","overlay-opacity":"","overlay-gradient":""},"mobile":{"background-color":"","background-image":"","background-repeat":"repeat","background-position":"center center","background-size":"auto","background-attachment":"scroll","background-type":"","background-media":"","overlay-type":"","overlay-color":"","overlay-opacity":"","overlay-gradient":""}},"ast-content-background-meta":{"desktop":{"background-color":"var(--ast-global-color-5)","background-image":"","background-repeat":"repeat","background-position":"center center","background-size":"auto","background-attachment":"scroll","background-type":"","background-media":"","overlay-type":"","overlay-color":"","overlay-opacity":"","overlay-gradient":""},"tablet":{"background-color":"var(--ast-global-color-5)","background-image":"","background-repeat":"repeat","background-position":"center center","background-size":"auto","background-attachment":"scroll","background-type":"","background-media":"","overlay-type":"","overlay-color":"","overlay-opacity":"","overlay-gradient":""},"mobile":{"background-color":"var(--ast-global-color-5)","background-image":"","background-repeat":"repeat","background-position":"center center","background-size":"auto","background-attachment":"scroll","background-type":"","background-media":"","overlay-type":"","overlay-color":"","overlay-opacity":"","overlay-gradient":""}},"footnotes":""},"categories":[1],"tags":[],"class_list":["post-14519","post","type-post","status-publish","format-standard","has-post-thumbnail","hentry","category-aktuality"],"yoast_head":"<!-- This site is optimized with the Yoast SEO plugin v27.5 - https:\/\/yoast.com\/product\/yoast-seo-wordpress\/ -->\n<title>\u017diaci, zapojte sa do ankety Najlep\u0161\u00ed vyu\u010duj\u00faci cvi\u010dnej firmy 2023 - \u0160IOV - \u0161t\u00e1tny in\u0161tit\u00fat odborn\u00e9ho vzdel\u00e1vania<\/title>\n<meta name=\"robots\" content=\"index, follow, max-snippet:-1, max-image-preview:large, max-video-preview:-1\" \/>\n<link rel=\"canonical\" href=\"https:\/\/archiv.siov.sk\/en\/ziaci-zapojte-sa-do-ankety-najlepsi-vyucujuci-cvicnej-firmy-2023\/\" \/>\n<meta property=\"og:locale\" content=\"en_GB\" \/>\n<meta property=\"og:type\" content=\"article\" \/>\n<meta property=\"og:title\" content=\"\u017diaci, zapojte sa do ankety Najlep\u0161\u00ed vyu\u010duj\u00faci cvi\u010dnej firmy 2023 - \u0160IOV - \u0161t\u00e1tny in\u0161tit\u00fat odborn\u00e9ho vzdel\u00e1vania\" \/>\n<meta property=\"og:description\" content=\"Metropolitn\u00e1 univerzita Praha, o. p. s. a\u00a0\u010cesk\u00e1 po\u0161ta, s. p. s\u00a0podporou Centra fikt\u00edvnych firiem pri NPI \u010cR a\u00a0Slovensk\u00e9ho centra cvi\u010dn\u00fdch firiem pri \u0160IOV vyhl\u00e1sila u\u017e 4. ro\u010dn\u00edk ankety s\u00a0n\u00e1zvom \u201eNajlep\u0161\u00ed vyu\u010duj\u00faci cvi\u010dnej firmy 2023\u201c. Zapoji\u0165 sa do nej m\u00f4\u017eu \u010desk\u00e9 aj slovensk\u00e9 cvi\u010dn\u00e9 firmy. \u017diaci cvi\u010dn\u00fdch firiem nap\u00ed\u0161te pr\u00edbeh o tom, pre\u010do by sa pr\u00e1ve [&hellip;]\" \/>\n<meta property=\"og:url\" content=\"https:\/\/archiv.siov.sk\/en\/ziaci-zapojte-sa-do-ankety-najlepsi-vyucujuci-cvicnej-firmy-2023\/\" \/>\n<meta property=\"og:site_name\" content=\"\u0160IOV - \u0161t\u00e1tny in\u0161tit\u00fat odborn\u00e9ho vzdel\u00e1vania\" \/>\n<meta property=\"article:publisher\" content=\"https:\/\/www.facebook.com\/Statnyinstitutodbornehovzdelavania\" \/>\n<meta property=\"article:published_time\" content=\"2024-01-30T11:50:54+00:00\" \/>\n<meta property=\"article:modified_time\" content=\"2024-01-30T11:51:30+00:00\" \/>\n<meta property=\"og:image\" content=\"https:\/\/archiv.siov.sk\/wp-content\/uploads\/2019\/02\/top_cvicne.jpg\" \/>\n\t<meta property=\"og:image:width\" content=\"1100\" \/>\n\t<meta property=\"og:image:height\" content=\"445\" \/>\n\t<meta property=\"og:image:type\" content=\"image\/jpeg\" \/>\n<meta name=\"author\" content=\"Katar\u00edna Kov\u00e1\u010dov\u00e1\" \/>\n<meta name=\"twitter:card\" content=\"summary_large_image\" \/>\n<meta name=\"twitter:label1\" content=\"Written by\" \/>\n\t<meta name=\"twitter:data1\" content=\"Katar\u00edna Kov\u00e1\u010dov\u00e1\" \/>\n\t<meta name=\"twitter:label2\" content=\"Estimated reading time\" \/>\n\t<meta name=\"twitter:data2\" content=\"1 minute\" \/>\n<script type=\"application\/ld+json\" class=\"yoast-schema-graph\">{\"@context\":\"https:\\\/\\\/schema.org\",\"@graph\":[{\"@type\":\"Article\",\"@id\":\"https:\\\/\\\/archiv.siov.sk\\\/ziaci-zapojte-sa-do-ankety-najlepsi-vyucujuci-cvicnej-firmy-2023\\\/#article\",\"isPartOf\":{\"@id\":\"https:\\\/\\\/archiv.siov.sk\\\/ziaci-zapojte-sa-do-ankety-najlepsi-vyucujuci-cvicnej-firmy-2023\\\/\"},\"author\":{\"name\":\"Katar\u00edna Kov\u00e1\u010dov\u00e1\",\"@id\":\"https:\\\/\\\/archiv.siov.sk\\\/#\\\/schema\\\/person\\\/e42d633fbd958c6a726e8834d8965e6c\"},\"headline\":\"\u017diaci, zapojte sa do ankety Najlep\u0161\u00ed vyu\u010duj\u00faci cvi\u010dnej firmy 2023\",\"datePublished\":\"2024-01-30T11:50:54+00:00\",\"dateModified\":\"2024-01-30T11:51:30+00:00\",\"mainEntityOfPage\":{\"@id\":\"https:\\\/\\\/archiv.siov.sk\\\/ziaci-zapojte-sa-do-ankety-najlepsi-vyucujuci-cvicnej-firmy-2023\\\/\"},\"wordCount\":148,\"publisher\":{\"@id\":\"https:\\\/\\\/archiv.siov.sk\\\/#organization\"},\"image\":{\"@id\":\"https:\\\/\\\/archiv.siov.sk\\\/ziaci-zapojte-sa-do-ankety-najlepsi-vyucujuci-cvicnej-firmy-2023\\\/#primaryimage\"},\"thumbnailUrl\":\"https:\\\/\\\/archiv.siov.sk\\\/wp-content\\\/uploads\\\/2019\\\/02\\\/top_cvicne.jpg\",\"articleSection\":[\"Aktuality\"],\"inLanguage\":\"en-GB\"},{\"@type\":\"WebPage\",\"@id\":\"https:\\\/\\\/archiv.siov.sk\\\/ziaci-zapojte-sa-do-ankety-najlepsi-vyucujuci-cvicnej-firmy-2023\\\/\",\"url\":\"https:\\\/\\\/archiv.siov.sk\\\/ziaci-zapojte-sa-do-ankety-najlepsi-vyucujuci-cvicnej-firmy-2023\\\/\",\"name\":\"\u017diaci, zapojte sa do ankety Najlep\u0161\u00ed vyu\u010duj\u00faci cvi\u010dnej firmy 2023 - \u0160IOV - \u0161t\u00e1tny in\u0161tit\u00fat odborn\u00e9ho vzdel\u00e1vania\",\"isPartOf\":{\"@id\":\"https:\\\/\\\/archiv.siov.sk\\\/#website\"},\"primaryImageOfPage\":{\"@id\":\"https:\\\/\\\/archiv.siov.sk\\\/ziaci-zapojte-sa-do-ankety-najlepsi-vyucujuci-cvicnej-firmy-2023\\\/#primaryimage\"},\"image\":{\"@id\":\"https:\\\/\\\/archiv.siov.sk\\\/ziaci-zapojte-sa-do-ankety-najlepsi-vyucujuci-cvicnej-firmy-2023\\\/#primaryimage\"},\"thumbnailUrl\":\"https:\\\/\\\/archiv.siov.sk\\\/wp-content\\\/uploads\\\/2019\\\/02\\\/top_cvicne.jpg\",\"datePublished\":\"2024-01-30T11:50:54+00:00\",\"dateModified\":\"2024-01-30T11:51:30+00:00\",\"breadcrumb\":{\"@id\":\"https:\\\/\\\/archiv.siov.sk\\\/ziaci-zapojte-sa-do-ankety-najlepsi-vyucujuci-cvicnej-firmy-2023\\\/#breadcrumb\"},\"inLanguage\":\"en-GB\",\"potentialAction\":[{\"@type\":\"ReadAction\",\"target\":[\"https:\\\/\\\/archiv.siov.sk\\\/ziaci-zapojte-sa-do-ankety-najlepsi-vyucujuci-cvicnej-firmy-2023\\\/\"]}]},{\"@type\":\"ImageObject\",\"inLanguage\":\"en-GB\",\"@id\":\"https:\\\/\\\/archiv.siov.sk\\\/ziaci-zapojte-sa-do-ankety-najlepsi-vyucujuci-cvicnej-firmy-2023\\\/#primaryimage\",\"url\":\"https:\\\/\\\/archiv.siov.sk\\\/wp-content\\\/uploads\\\/2019\\\/02\\\/top_cvicne.jpg\",\"contentUrl\":\"https:\\\/\\\/archiv.siov.sk\\\/wp-content\\\/uploads\\\/2019\\\/02\\\/top_cvicne.jpg\",\"width\":1100,\"height\":445,\"caption\":\"Ve\u013etrh cvi\u010dn\u00fdch firiem prever\u00ed firmy zalo\u017een\u00e9 \u017eiakmi stredn\u00fdch \u0161k\u00f4l\"},{\"@type\":\"BreadcrumbList\",\"@id\":\"https:\\\/\\\/archiv.siov.sk\\\/ziaci-zapojte-sa-do-ankety-najlepsi-vyucujuci-cvicnej-firmy-2023\\\/#breadcrumb\",\"itemListElement\":[{\"@type\":\"ListItem\",\"position\":1,\"name\":\"Home\",\"item\":\"https:\\\/\\\/archiv.siov.sk\\\/\"},{\"@type\":\"ListItem\",\"position\":2,\"name\":\"\u017diaci, zapojte sa do ankety Najlep\u0161\u00ed vyu\u010duj\u00faci cvi\u010dnej firmy 2023\"}]},{\"@type\":\"WebSite\",\"@id\":\"https:\\\/\\\/archiv.siov.sk\\\/#website\",\"url\":\"https:\\\/\\\/archiv.siov.sk\\\/\",\"name\":\"\u0160IOV - \u0161t\u00e1tny in\u0161tit\u00fat odborn\u00e9ho vzdel\u00e1vania\",\"description\":\"\",\"publisher\":{\"@id\":\"https:\\\/\\\/archiv.siov.sk\\\/#organization\"},\"potentialAction\":[{\"@type\":\"SearchAction\",\"target\":{\"@type\":\"EntryPoint\",\"urlTemplate\":\"https:\\\/\\\/archiv.siov.sk\\\/?s={search_term_string}\"},\"query-input\":{\"@type\":\"PropertyValueSpecification\",\"valueRequired\":true,\"valueName\":\"search_term_string\"}}],\"inLanguage\":\"en-GB\"},{\"@type\":\"Organization\",\"@id\":\"https:\\\/\\\/archiv.siov.sk\\\/#organization\",\"name\":\"\u0160IOV - \u0161t\u00e1tny in\u0161tit\u00fat odborn\u00e9ho vzdel\u00e1vania\",\"url\":\"https:\\\/\\\/archiv.siov.sk\\\/\",\"logo\":{\"@type\":\"ImageObject\",\"inLanguage\":\"en-GB\",\"@id\":\"https:\\\/\\\/archiv.siov.sk\\\/#\\\/schema\\\/logo\\\/image\\\/\",\"url\":\"https:\\\/\\\/archiv.siov.sk\\\/wp-content\\\/uploads\\\/2024\\\/02\\\/logo-SIOV.png\",\"contentUrl\":\"https:\\\/\\\/archiv.siov.sk\\\/wp-content\\\/uploads\\\/2024\\\/02\\\/logo-SIOV.png\",\"width\":431,\"height\":143,\"caption\":\"\u0160IOV - \u0161t\u00e1tny in\u0161tit\u00fat odborn\u00e9ho vzdel\u00e1vania\"},\"image\":{\"@id\":\"https:\\\/\\\/archiv.siov.sk\\\/#\\\/schema\\\/logo\\\/image\\\/\"},\"sameAs\":[\"https:\\\/\\\/www.facebook.com\\\/Statnyinstitutodbornehovzdelavania\"]},{\"@type\":\"Person\",\"@id\":\"https:\\\/\\\/archiv.siov.sk\\\/#\\\/schema\\\/person\\\/e42d633fbd958c6a726e8834d8965e6c\",\"name\":\"Katar\u00edna Kov\u00e1\u010dov\u00e1\",\"url\":\"https:\\\/\\\/archiv.siov.sk\\\/en\\\/author\\\/katkakovacova\\\/\"}]}<\/script>\n<!-- \/ Yoast SEO plugin. -->","yoast_head_json":{"title":"\u017diaci, zapojte sa do ankety Najlep\u0161\u00ed vyu\u010duj\u00faci cvi\u010dnej firmy 2023 - \u0160IOV - \u0161t\u00e1tny in\u0161tit\u00fat odborn\u00e9ho vzdel\u00e1vania","robots":{"index":"index","follow":"follow","max-snippet":"max-snippet:-1","max-image-preview":"max-image-preview:large","max-video-preview":"max-video-preview:-1"},"canonical":"https:\/\/archiv.siov.sk\/en\/ziaci-zapojte-sa-do-ankety-najlepsi-vyucujuci-cvicnej-firmy-2023\/","og_locale":"en_GB","og_type":"article","og_title":"\u017diaci, zapojte sa do ankety Najlep\u0161\u00ed vyu\u010duj\u00faci cvi\u010dnej firmy 2023 - \u0160IOV - \u0161t\u00e1tny in\u0161tit\u00fat odborn\u00e9ho vzdel\u00e1vania","og_description":"Metropolitn\u00e1 univerzita Praha, o. p. s. a\u00a0\u010cesk\u00e1 po\u0161ta, s. p. s\u00a0podporou Centra fikt\u00edvnych firiem pri NPI \u010cR a\u00a0Slovensk\u00e9ho centra cvi\u010dn\u00fdch firiem pri \u0160IOV vyhl\u00e1sila u\u017e 4. ro\u010dn\u00edk ankety s\u00a0n\u00e1zvom \u201eNajlep\u0161\u00ed vyu\u010duj\u00faci cvi\u010dnej firmy 2023\u201c. Zapoji\u0165 sa do nej m\u00f4\u017eu \u010desk\u00e9 aj slovensk\u00e9 cvi\u010dn\u00e9 firmy. \u017diaci cvi\u010dn\u00fdch firiem nap\u00ed\u0161te pr\u00edbeh o tom, pre\u010do by sa pr\u00e1ve [&hellip;]","og_url":"https:\/\/archiv.siov.sk\/en\/ziaci-zapojte-sa-do-ankety-najlepsi-vyucujuci-cvicnej-firmy-2023\/","og_site_name":"\u0160IOV - \u0161t\u00e1tny in\u0161tit\u00fat odborn\u00e9ho vzdel\u00e1vania","article_publisher":"https:\/\/www.facebook.com\/Statnyinstitutodbornehovzdelavania","article_published_time":"2024-01-30T11:50:54+00:00","article_modified_time":"2024-01-30T11:51:30+00:00","og_image":[{"width":1100,"height":445,"url":"https:\/\/archiv.siov.sk\/wp-content\/uploads\/2019\/02\/top_cvicne.jpg","type":"image\/jpeg"}],"author":"Katar\u00edna Kov\u00e1\u010dov\u00e1","twitter_card":"summary_large_image","twitter_misc":{"Written by":"Katar\u00edna Kov\u00e1\u010dov\u00e1","Estimated reading time":"1 minute"},"schema":{"@context":"https:\/\/schema.org","@graph":[{"@type":"Article","@id":"https:\/\/archiv.siov.sk\/ziaci-zapojte-sa-do-ankety-najlepsi-vyucujuci-cvicnej-firmy-2023\/#article","isPartOf":{"@id":"https:\/\/archiv.siov.sk\/ziaci-zapojte-sa-do-ankety-najlepsi-vyucujuci-cvicnej-firmy-2023\/"},"author":{"name":"Katar\u00edna Kov\u00e1\u010dov\u00e1","@id":"https:\/\/archiv.siov.sk\/#\/schema\/person\/e42d633fbd958c6a726e8834d8965e6c"},"headline":"\u017diaci, zapojte sa do ankety Najlep\u0161\u00ed vyu\u010duj\u00faci cvi\u010dnej firmy 2023","datePublished":"2024-01-30T11:50:54+00:00","dateModified":"2024-01-30T11:51:30+00:00","mainEntityOfPage":{"@id":"https:\/\/archiv.siov.sk\/ziaci-zapojte-sa-do-ankety-najlepsi-vyucujuci-cvicnej-firmy-2023\/"},"wordCount":148,"publisher":{"@id":"https:\/\/archiv.siov.sk\/#organization"},"image":{"@id":"https:\/\/archiv.siov.sk\/ziaci-zapojte-sa-do-ankety-najlepsi-vyucujuci-cvicnej-firmy-2023\/#primaryimage"},"thumbnailUrl":"https:\/\/archiv.siov.sk\/wp-content\/uploads\/2019\/02\/top_cvicne.jpg","articleSection":["Aktuality"],"inLanguage":"en-GB"},{"@type":"WebPage","@id":"https:\/\/archiv.siov.sk\/ziaci-zapojte-sa-do-ankety-najlepsi-vyucujuci-cvicnej-firmy-2023\/","url":"https:\/\/archiv.siov.sk\/ziaci-zapojte-sa-do-ankety-najlepsi-vyucujuci-cvicnej-firmy-2023\/","name":"\u017diaci, zapojte sa do ankety Najlep\u0161\u00ed vyu\u010duj\u00faci cvi\u010dnej firmy 2023 - \u0160IOV - \u0161t\u00e1tny in\u0161tit\u00fat odborn\u00e9ho vzdel\u00e1vania","isPartOf":{"@id":"https:\/\/archiv.siov.sk\/#website"},"primaryImageOfPage":{"@id":"https:\/\/archiv.siov.sk\/ziaci-zapojte-sa-do-ankety-najlepsi-vyucujuci-cvicnej-firmy-2023\/#primaryimage"},"image":{"@id":"https:\/\/archiv.siov.sk\/ziaci-zapojte-sa-do-ankety-najlepsi-vyucujuci-cvicnej-firmy-2023\/#primaryimage"},"thumbnailUrl":"https:\/\/archiv.siov.sk\/wp-content\/uploads\/2019\/02\/top_cvicne.jpg","datePublished":"2024-01-30T11:50:54+00:00","dateModified":"2024-01-30T11:51:30+00:00","breadcrumb":{"@id":"https:\/\/archiv.siov.sk\/ziaci-zapojte-sa-do-ankety-najlepsi-vyucujuci-cvicnej-firmy-2023\/#breadcrumb"},"inLanguage":"en-GB","potentialAction":[{"@type":"ReadAction","target":["https:\/\/archiv.siov.sk\/ziaci-zapojte-sa-do-ankety-najlepsi-vyucujuci-cvicnej-firmy-2023\/"]}]},{"@type":"ImageObject","inLanguage":"en-GB","@id":"https:\/\/archiv.siov.sk\/ziaci-zapojte-sa-do-ankety-najlepsi-vyucujuci-cvicnej-firmy-2023\/#primaryimage","url":"https:\/\/archiv.siov.sk\/wp-content\/uploads\/2019\/02\/top_cvicne.jpg","contentUrl":"https:\/\/archiv.siov.sk\/wp-content\/uploads\/2019\/02\/top_cvicne.jpg","width":1100,"height":445,"caption":"Ve\u013etrh cvi\u010dn\u00fdch firiem prever\u00ed firmy zalo\u017een\u00e9 \u017eiakmi stredn\u00fdch \u0161k\u00f4l"},{"@type":"BreadcrumbList","@id":"https:\/\/archiv.siov.sk\/ziaci-zapojte-sa-do-ankety-najlepsi-vyucujuci-cvicnej-firmy-2023\/#breadcrumb","itemListElement":[{"@type":"ListItem","position":1,"name":"Home","item":"https:\/\/archiv.siov.sk\/"},{"@type":"ListItem","position":2,"name":"\u017diaci, zapojte sa do ankety Najlep\u0161\u00ed vyu\u010duj\u00faci cvi\u010dnej firmy 2023"}]},{"@type":"WebSite","@id":"https:\/\/archiv.siov.sk\/#website","url":"https:\/\/archiv.siov.sk\/","name":"\u0160IOV - \u0161t\u00e1tny in\u0161tit\u00fat odborn\u00e9ho vzdel\u00e1vania","description":"","publisher":{"@id":"https:\/\/archiv.siov.sk\/#organization"},"potentialAction":[{"@type":"SearchAction","target":{"@type":"EntryPoint","urlTemplate":"https:\/\/archiv.siov.sk\/?s={search_term_string}"},"query-input":{"@type":"PropertyValueSpecification","valueRequired":true,"valueName":"search_term_string"}}],"inLanguage":"en-GB"},{"@type":"Organization","@id":"https:\/\/archiv.siov.sk\/#organization","name":"\u0160IOV - \u0161t\u00e1tny in\u0161tit\u00fat odborn\u00e9ho vzdel\u00e1vania","url":"https:\/\/archiv.siov.sk\/","logo":{"@type":"ImageObject","inLanguage":"en-GB","@id":"https:\/\/archiv.siov.sk\/#\/schema\/logo\/image\/","url":"https:\/\/archiv.siov.sk\/wp-content\/uploads\/2024\/02\/logo-SIOV.png","contentUrl":"https:\/\/archiv.siov.sk\/wp-content\/uploads\/2024\/02\/logo-SIOV.png","width":431,"height":143,"caption":"\u0160IOV - \u0161t\u00e1tny in\u0161tit\u00fat odborn\u00e9ho vzdel\u00e1vania"},"image":{"@id":"https:\/\/archiv.siov.sk\/#\/schema\/logo\/image\/"},"sameAs":["https:\/\/www.facebook.com\/Statnyinstitutodbornehovzdelavania"]},{"@type":"Person","@id":"https:\/\/archiv.siov.sk\/#\/schema\/person\/e42d633fbd958c6a726e8834d8965e6c","name":"Katar\u00edna Kov\u00e1\u010dov\u00e1","url":"https:\/\/archiv.siov.sk\/en\/author\/katkakovacova\/"}]}},"_links":{"self":[{"href":"https:\/\/archiv.siov.sk\/en\/wp-json\/wp\/v2\/posts\/14519","targetHints":{"allow":["GET"]}}],"collection":[{"href":"https:\/\/archiv.siov.sk\/en\/wp-json\/wp\/v2\/posts"}],"about":[{"href":"https:\/\/archiv.siov.sk\/en\/wp-json\/wp\/v2\/types\/post"}],"author":[{"embeddable":true,"href":"https:\/\/archiv.siov.sk\/en\/wp-json\/wp\/v2\/users\/6"}],"replies":[{"embeddable":true,"href":"https:\/\/archiv.siov.sk\/en\/wp-json\/wp\/v2\/comments?post=14519"}],"version-history":[{"count":2,"href":"https:\/\/archiv.siov.sk\/en\/wp-json\/wp\/v2\/posts\/14519\/revisions"}],"predecessor-version":[{"id":14522,"href":"https:\/\/archiv.siov.sk\/en\/wp-json\/wp\/v2\/posts\/14519\/revisions\/14522"}],"wp:featuredmedia":[{"embeddable":true,"href":"https:\/\/archiv.siov.sk\/en\/wp-json\/wp\/v2\/media\/2331"}],"wp:attachment":[{"href":"https:\/\/archiv.siov.sk\/en\/wp-json\/wp\/v2\/media?parent=14519"}],"wp:term":[{"taxonomy":"category","embeddable":true,"href":"https:\/\/archiv.siov.sk\/en\/wp-json\/wp\/v2\/categories?post=14519"},{"taxonomy":"post_tag","embeddable":true,"href":"https:\/\/archiv.siov.sk\/en\/wp-json\/wp\/v2\/tags?post=14519"}],"curies":[{"name":"wp","href":"https:\/\/api.w.org\/{rel}","templated":true}]}}