{"id":14439,"date":"2023-12-13T13:33:59","date_gmt":"2023-12-13T12:33:59","guid":{"rendered":"https:\/\/archiv.siov.sk\/?p=14439"},"modified":"2025-07-03T13:52:43","modified_gmt":"2025-07-03T11:52:43","slug":"leadership-vo-vzdelavani-pod-vedenim-lektoriek-z-eqavet-holandska","status":"publish","type":"post","link":"https:\/\/archiv.siov.sk\/en\/leadership-vo-vzdelavani-pod-vedenim-lektoriek-z-eqavet-holandska\/","title":{"rendered":"Leadership vo vzdel\u00e1van\u00ed pod veden\u00edm lektoriek z EQAVET Holandska"},"content":{"rendered":"<p style=\"text-align: justify;\">E\u0161te viac ako kedyko\u013evek predt\u00fdm je d\u00f4le\u017eit\u00e9 podporova\u0165 siln\u00fdch l\u00eddrov, ktor\u00ed sa neboja prevzia\u0165 zodpovednos\u0165 za kvalitu vzdel\u00e1vania vo svojich in\u0161tit\u00faci\u00e1ch. Na to, aby boli \u00faspe\u0161n\u00ed, potrebuj\u00fa ch\u00e1pa\u0165 komplexne fungovanie eur\u00f3pskeho a n\u00e1rodn\u00e9ho politick\u00e9ho r\u00e1mca, rozv\u00edja\u0165 lok\u00e1lne zdroje a podporova\u0165 person\u00e1lne kapacity a ich potreby.<\/p>\n<p style=\"text-align: justify;\">N\u00e1stroj na tak\u00e9to zmeny vy\u017eaduj\u00face kult\u00faru neust\u00e1leho zlep\u0161ovania vytvoril t\u00edm \u010dlenov n\u00e1rodn\u00e9ho referen\u010dn\u00e9ho miesta EQAVET Holandsko v r\u00e1mci vzdel\u00e1vacieho in\u0161tit\u00fatu CINOP s\u00eddliaceho v Amsterdame. Na z\u00e1klade vedeckej \u0161t\u00fadie vypracovali <a href=\"https:\/\/okvalite.sk\/wp-content\/uploads\/2023\/12\/Manul-10-Insights-4-roles-by-Dutch-NRP-EQAVET-7.pdf\">manu\u00e1l<\/a> s konkr\u00e9tnymi intervenciami z desiatich r\u00f4znych oblast\u00ed zo \u0161tyroch r\u00f4znych poh\u013eadov &#8211; z u\u010dite\u013esk\u00e9ho, zo stredn\u00e9ho mana\u017ementu, z poh\u013eadu vedenia \u0161koly a podporn\u00fdch poz\u00edci\u00ed.<\/p>\n<p style=\"text-align: justify;\">Po\u010das jednod\u0148ov\u00e9ho workshopu organizovan\u00e9ho <a href=\"https:\/\/okvalite.sk\/\">slovensk\u00fdm t\u00edmom EQAVET<\/a> pre pedagogick\u00fdch a odborn\u00fdch zamestnancov, koordin\u00e1torov t\u00edmov kvality a pre vedenie stredn\u00fdch odborn\u00fdch \u0161k\u00f4l n\u00e1m ho predstavili osobne holandsk\u00e9 lektorky: Daisy Thermoshuizen a Nina van Veldhuizen.<\/p>\n<p style=\"text-align: justify;\">Po\u010das pravideln\u00fdch stretnut\u00ed v Holandsku si \u00fa\u010dastn\u00edci \u0161kolenia postupne prech\u00e1dzaj\u00fa spolo\u010dne v\u0161etky \u0161tyri oblasti, pri\u010dom medzi stretnutiami je \u010das na aplikovanie jednotliv\u00fdch poznatkov a \u00faloh priamo v praxi. Po\u010das slovensk\u00e9ho workshopu mali \u00fa\u010dastn\u00edci v skr\u00e1tenej verzii mo\u017enos\u0165 z\u00edska\u0165 preh\u013ead o jednotliv\u00fdch krokoch a vysk\u00fa\u0161a\u0165 si priamo niektor\u00e9 z cvi\u010den\u00ed.<\/p>\n<p style=\"text-align: justify;\">V \u00favodnej prvej \u010dasti metodiky je cie\u013eom stanovi\u0165 si \u010do naju\u017e\u0161ie ciele na zlep\u0161enie za pomoci met\u00f3dy \u201c5Why\u201d, ktor\u00e1 pom\u00e1ha pochopi\u0165 do h\u013abky pr\u00ed\u010dinu probl\u00e9mov. V tejto f\u00e1ze je k\u013e\u00fa\u010dov\u00e9 z\u00fa\u017ei\u0165 si problematiku na jednu a\u017e dve veci, na ktor\u00e9 maj\u00fa dosah a vedia si ich sami rie\u0161i\u0165. N\u00e1sledne si \u00fa\u010dastn\u00edci vytv\u00e1raj\u00fa partnersk\u00fa mapu a analyzuj\u00fa aktu\u00e1lny a \u017eiadan\u00fd stav na rie\u0161enie svojich probl\u00e9mov spolo\u010dne s partnermi.<\/p>\n<p style=\"text-align: justify;\">V druhej \u010dasti sa prech\u00e1dza k jednotliv\u00fdm oblastiam zabezpe\u010dovania kvality a uvedomovania si rol\u00ed v organiz\u00e1cii. Pomocou konkr\u00e9tnych \u00faloh doch\u00e1dza k uvedomeniu a porovnaniu si rol\u00ed, ktor\u00e9 s\u00fa ofici\u00e1lne pridelen\u00e9, s rolami, ktor\u00e9 naozaj v praxi vykon\u00e1vame, \u010dastokr\u00e1t z vlastnej motiv\u00e1cie.<\/p>\n<p style=\"text-align: justify;\">V tretej \u010dasti si \u00fa\u010dastn\u00edci sk\u00fa\u0161aj\u00fa r\u00f4zne \u0161t\u00fdly komunik\u00e1cie, rozoberaj\u00fa konkr\u00e9tne pr\u00edpady a stanovuj\u00fa si jednotliv\u00e9 intervencie. Podrobn\u00e9 mo\u017en\u00e9 ak\u010dn\u00e9 kroky a sp\u00f4soby reagovania na problematick\u00e9 pr\u00edpady pon\u00faka vy\u0161\u0161ie spom\u00ednan\u00fd manu\u00e1l.<\/p>\n<p style=\"text-align: justify;\">Na z\u00e1ver vo \u0161tvrtej \u010dasti \u00fa\u010dastn\u00edci prezentuj\u00fa podniknut\u00e9 zmeny na \u0161kol\u00e1ch a dost\u00e1vaj\u00fa cenn\u00fa sp\u00e4tn\u00fa v\u00e4zbu a reflexiu.<\/p>\n<p style=\"text-align: justify;\">\u00da\u010dastn\u00edci slovensk\u00e9ho \u0161kolenia vyzdvihli d\u00f4le\u017eitos\u0165 prvotn\u00e9ho identifikovania\u00a0 konktr\u00e9tneho probl\u00e9mu, jeho pr\u00ed\u010din a mo\u017enost\u00ed zdrojov na jeho odstr\u00e1nenie. Po\u010das \u0161kolenia si tie\u017e uvedomili d\u00f4le\u017eitos\u0165 priameho identifikovania rol\u00ed jednotliv\u00fdch zamestnancov a ich pracovn\u00fdch mo\u017enost\u00ed. Predstaven\u00e9 aktivity by radi vysk\u00fa\u0161ali v r\u00e1mci svojich intern\u00fdch t\u00edmov. Ve\u013ekou pom\u00f4ckou im pri tom bude poskytnut\u00fd manu\u00e1l. Takisto vyhodnotili form\u00e1t \u0161kolen\u00ed ako pr\u00ednosn\u00fd, kedy sa skupina pozost\u00e1vaj\u00faca z \u013eud\u00ed z r\u00f4znych \u0161k\u00f4l a pracovn\u00fdch poz\u00edcii sna\u017e\u00ed navz\u00e1jom pos\u00fava\u0165 vpred a h\u013eada\u0165 rie\u0161enia po\u010das cel\u00e9ho cyklu viacer\u00fdch stretnut\u00ed.<\/p>\n<p style=\"text-align: justify;\">V\u010faka absolvovan\u00e9mu \u0161koleniu n\u00e1\u0161 t\u00edm EQAVET Slovensko pl\u00e1nuje implementova\u0165 metodiku po\u010das svojich aktiv\u00edt u\u017e po\u010das Mesiaca kvality 2024.\u00a0 \u010eakujeme zahrani\u010dn\u00fdm lektork\u00e1m, ako aj v\u0161etk\u00fdm z\u00fa\u010dastnen\u00fdm akt\u00e9rom a te\u0161\u00edme sa na \u010fal\u0161iu spolupr\u00e1cu.<\/p>\n<p>&nbsp;<\/p>\n<p><img fetchpriority=\"high\" decoding=\"async\" class=\"size-large wp-image-14449 aligncenter\" src=\"https:\/\/archiv.siov.sk\/wp-content\/uploads\/2023\/12\/group-photo-7.12.2023-1-768x1024.jpeg\" alt=\"\" width=\"768\" height=\"1024\" srcset=\"https:\/\/archiv.siov.sk\/wp-content\/uploads\/2023\/12\/group-photo-7.12.2023-1-768x1024.jpeg 768w, https:\/\/archiv.siov.sk\/wp-content\/uploads\/2023\/12\/group-photo-7.12.2023-1-225x300.jpeg 225w, https:\/\/archiv.siov.sk\/wp-content\/uploads\/2023\/12\/group-photo-7.12.2023-1-1152x1536.jpeg 1152w, https:\/\/archiv.siov.sk\/wp-content\/uploads\/2023\/12\/group-photo-7.12.2023-1-9x12.jpeg 9w, https:\/\/archiv.siov.sk\/wp-content\/uploads\/2023\/12\/group-photo-7.12.2023-1.jpeg 1536w\" sizes=\"(max-width: 768px) 100vw, 768px\" \/><\/p>\n<figure id=\"attachment_19606\" aria-describedby=\"caption-attachment-19606\" style=\"width: 450px\" class=\"wp-caption aligncenter\"><img decoding=\"async\" class=\"wp-image-19606\" src=\"https:\/\/archiv.siov.sk\/wp-content\/uploads\/2025\/06\/spolufinancovane-EU-300x86.png\" alt=\"spolufinancovany EU logo\" width=\"450\" height=\"128\" srcset=\"https:\/\/archiv.siov.sk\/wp-content\/uploads\/2025\/06\/spolufinancovane-EU-300x86.png 300w, https:\/\/archiv.siov.sk\/wp-content\/uploads\/2025\/06\/spolufinancovane-EU-18x5.png 18w, https:\/\/archiv.siov.sk\/wp-content\/uploads\/2025\/06\/spolufinancovane-EU.png 600w\" sizes=\"(max-width: 450px) 100vw, 450px\" \/><figcaption id=\"caption-attachment-19606\" class=\"wp-caption-text\">Financovan\u00e9 Eur\u00f3pskou \u00faniou. Vyjadren\u00e9 n\u00e1zory a postoje s\u00fa n\u00e1zormi a vyhl\u00e1seniami autora a nemusia nevyhnutne odr\u00e1\u017ea\u0165 n\u00e1zory a stanovisk\u00e1 Eur\u00f3pskej \u00fanie alebo Eur\u00f3pskej v\u00fdkonnej agent\u00fary pre vzdel\u00e1vanie a kult\u00faru (EACEA). Eur\u00f3pska \u00fania ani EACEA za ne nepreberaj\u00fa \u017eiadnu zodpovednos\u0165.<\/figcaption><\/figure>\n<p>&nbsp;<\/p>","protected":false},"excerpt":{"rendered":"<p>E\u0161te viac ako kedyko\u013evek predt\u00fdm je d\u00f4le\u017eit\u00e9 podporova\u0165 siln\u00fdch l\u00eddrov, ktor\u00ed sa neboja prevzia\u0165 zodpovednos\u0165 za kvalitu vzdel\u00e1vania vo svojich in\u0161tit\u00faci\u00e1ch. Na to, aby boli \u00faspe\u0161n\u00ed, potrebuj\u00fa ch\u00e1pa\u0165 komplexne fungovanie eur\u00f3pskeho a n\u00e1rodn\u00e9ho politick\u00e9ho r\u00e1mca, rozv\u00edja\u0165 lok\u00e1lne zdroje a podporova\u0165 person\u00e1lne kapacity a ich potreby. N\u00e1stroj na tak\u00e9to zmeny vy\u017eaduj\u00face kult\u00faru neust\u00e1leho zlep\u0161ovania vytvoril t\u00edm [&hellip;]<\/p>\n","protected":false},"author":6,"featured_media":14448,"comment_status":"closed","ping_status":"closed","sticky":false,"template":"","format":"standard","meta":{"site-sidebar-layout":"default","site-content-layout":"","ast-site-content-layout":"default","site-content-style":"default","site-sidebar-style":"default","ast-global-header-display":"","ast-banner-title-visibility":"","ast-main-header-display":"","ast-hfb-above-header-display":"","ast-hfb-below-header-display":"","ast-hfb-mobile-header-display":"","site-post-title":"","ast-breadcrumbs-content":"","ast-featured-img":"disabled","footer-sml-layout":"","ast-disable-related-posts":"","theme-transparent-header-meta":"default","adv-header-id-meta":"","stick-header-meta":"default","header-above-stick-meta":"","header-main-stick-meta":"","header-below-stick-meta":"","astra-migrate-meta-layouts":"set","ast-page-background-enabled":"default","ast-page-background-meta":{"desktop":{"background-color":"var(--ast-global-color-4)","background-image":"","background-repeat":"repeat","background-position":"center center","background-size":"auto","background-attachment":"scroll","background-type":"","background-media":"","overlay-type":"","overlay-color":"","overlay-opacity":"","overlay-gradient":""},"tablet":{"background-color":"","background-image":"","background-repeat":"repeat","background-position":"center center","background-size":"auto","background-attachment":"scroll","background-type":"","background-media":"","overlay-type":"","overlay-color":"","overlay-opacity":"","overlay-gradient":""},"mobile":{"background-color":"","background-image":"","background-repeat":"repeat","background-position":"center center","background-size":"auto","background-attachment":"scroll","background-type":"","background-media":"","overlay-type":"","overlay-color":"","overlay-opacity":"","overlay-gradient":""}},"ast-content-background-meta":{"desktop":{"background-color":"var(--ast-global-color-5)","background-image":"","background-repeat":"repeat","background-position":"center center","background-size":"auto","background-attachment":"scroll","background-type":"","background-media":"","overlay-type":"","overlay-color":"","overlay-opacity":"","overlay-gradient":""},"tablet":{"background-color":"var(--ast-global-color-5)","background-image":"","background-repeat":"repeat","background-position":"center center","background-size":"auto","background-attachment":"scroll","background-type":"","background-media":"","overlay-type":"","overlay-color":"","overlay-opacity":"","overlay-gradient":""},"mobile":{"background-color":"var(--ast-global-color-5)","background-image":"","background-repeat":"repeat","background-position":"center center","background-size":"auto","background-attachment":"scroll","background-type":"","background-media":"","overlay-type":"","overlay-color":"","overlay-opacity":"","overlay-gradient":""}},"footnotes":""},"categories":[1],"tags":[],"class_list":["post-14439","post","type-post","status-publish","format-standard","has-post-thumbnail","hentry","category-aktuality"],"yoast_head":"<!-- This site is optimized with the Yoast SEO plugin v27.5 - https:\/\/yoast.com\/product\/yoast-seo-wordpress\/ -->\n<title>Leadership vo vzdel\u00e1van\u00ed pod veden\u00edm lektoriek z EQAVET Holandska - \u0160IOV - \u0161t\u00e1tny in\u0161tit\u00fat odborn\u00e9ho vzdel\u00e1vania<\/title>\n<meta name=\"robots\" content=\"index, follow, max-snippet:-1, max-image-preview:large, max-video-preview:-1\" \/>\n<link rel=\"canonical\" href=\"https:\/\/archiv.siov.sk\/en\/leadership-vo-vzdelavani-pod-vedenim-lektoriek-z-eqavet-holandska\/\" \/>\n<meta property=\"og:locale\" content=\"en_GB\" \/>\n<meta property=\"og:type\" content=\"article\" \/>\n<meta property=\"og:title\" content=\"Leadership vo vzdel\u00e1van\u00ed pod veden\u00edm lektoriek z EQAVET Holandska - \u0160IOV - \u0161t\u00e1tny in\u0161tit\u00fat odborn\u00e9ho vzdel\u00e1vania\" \/>\n<meta property=\"og:description\" content=\"E\u0161te viac ako kedyko\u013evek predt\u00fdm je d\u00f4le\u017eit\u00e9 podporova\u0165 siln\u00fdch l\u00eddrov, ktor\u00ed sa neboja prevzia\u0165 zodpovednos\u0165 za kvalitu vzdel\u00e1vania vo svojich in\u0161tit\u00faci\u00e1ch. Na to, aby boli \u00faspe\u0161n\u00ed, potrebuj\u00fa ch\u00e1pa\u0165 komplexne fungovanie eur\u00f3pskeho a n\u00e1rodn\u00e9ho politick\u00e9ho r\u00e1mca, rozv\u00edja\u0165 lok\u00e1lne zdroje a podporova\u0165 person\u00e1lne kapacity a ich potreby. N\u00e1stroj na tak\u00e9to zmeny vy\u017eaduj\u00face kult\u00faru neust\u00e1leho zlep\u0161ovania vytvoril t\u00edm [&hellip;]\" \/>\n<meta property=\"og:url\" content=\"https:\/\/archiv.siov.sk\/en\/leadership-vo-vzdelavani-pod-vedenim-lektoriek-z-eqavet-holandska\/\" \/>\n<meta property=\"og:site_name\" content=\"\u0160IOV - \u0161t\u00e1tny in\u0161tit\u00fat odborn\u00e9ho vzdel\u00e1vania\" \/>\n<meta property=\"article:publisher\" content=\"https:\/\/www.facebook.com\/Statnyinstitutodbornehovzdelavania\" \/>\n<meta property=\"article:published_time\" content=\"2023-12-13T12:33:59+00:00\" \/>\n<meta property=\"article:modified_time\" content=\"2025-07-03T11:52:43+00:00\" \/>\n<meta property=\"og:image\" content=\"https:\/\/archiv.siov.sk\/wp-content\/uploads\/2023\/12\/EQAVET-kolaz-FINAL.png\" \/>\n\t<meta property=\"og:image:width\" content=\"1400\" \/>\n\t<meta property=\"og:image:height\" content=\"1120\" \/>\n\t<meta property=\"og:image:type\" content=\"image\/png\" \/>\n<meta name=\"author\" content=\"Katar\u00edna Kov\u00e1\u010dov\u00e1\" \/>\n<meta name=\"twitter:card\" content=\"summary_large_image\" \/>\n<meta name=\"twitter:label1\" content=\"Written by\" \/>\n\t<meta name=\"twitter:data1\" content=\"Katar\u00edna Kov\u00e1\u010dov\u00e1\" \/>\n\t<meta name=\"twitter:label2\" content=\"Estimated reading time\" \/>\n\t<meta name=\"twitter:data2\" content=\"4 minutes\" \/>\n<script type=\"application\/ld+json\" class=\"yoast-schema-graph\">{\"@context\":\"https:\\\/\\\/schema.org\",\"@graph\":[{\"@type\":\"Article\",\"@id\":\"https:\\\/\\\/archiv.siov.sk\\\/leadership-vo-vzdelavani-pod-vedenim-lektoriek-z-eqavet-holandska\\\/#article\",\"isPartOf\":{\"@id\":\"https:\\\/\\\/archiv.siov.sk\\\/leadership-vo-vzdelavani-pod-vedenim-lektoriek-z-eqavet-holandska\\\/\"},\"author\":{\"name\":\"Katar\u00edna Kov\u00e1\u010dov\u00e1\",\"@id\":\"https:\\\/\\\/archiv.siov.sk\\\/#\\\/schema\\\/person\\\/e42d633fbd958c6a726e8834d8965e6c\"},\"headline\":\"Leadership vo vzdel\u00e1van\u00ed pod veden\u00edm lektoriek z EQAVET Holandska\",\"datePublished\":\"2023-12-13T12:33:59+00:00\",\"dateModified\":\"2025-07-03T11:52:43+00:00\",\"mainEntityOfPage\":{\"@id\":\"https:\\\/\\\/archiv.siov.sk\\\/leadership-vo-vzdelavani-pod-vedenim-lektoriek-z-eqavet-holandska\\\/\"},\"wordCount\":712,\"publisher\":{\"@id\":\"https:\\\/\\\/archiv.siov.sk\\\/#organization\"},\"image\":{\"@id\":\"https:\\\/\\\/archiv.siov.sk\\\/leadership-vo-vzdelavani-pod-vedenim-lektoriek-z-eqavet-holandska\\\/#primaryimage\"},\"thumbnailUrl\":\"https:\\\/\\\/archiv.siov.sk\\\/wp-content\\\/uploads\\\/2023\\\/12\\\/EQAVET-kolaz-FINAL.png\",\"articleSection\":[\"Aktuality\"],\"inLanguage\":\"en-GB\"},{\"@type\":\"WebPage\",\"@id\":\"https:\\\/\\\/archiv.siov.sk\\\/leadership-vo-vzdelavani-pod-vedenim-lektoriek-z-eqavet-holandska\\\/\",\"url\":\"https:\\\/\\\/archiv.siov.sk\\\/leadership-vo-vzdelavani-pod-vedenim-lektoriek-z-eqavet-holandska\\\/\",\"name\":\"Leadership vo vzdel\u00e1van\u00ed pod veden\u00edm lektoriek z EQAVET Holandska - \u0160IOV - \u0161t\u00e1tny in\u0161tit\u00fat odborn\u00e9ho vzdel\u00e1vania\",\"isPartOf\":{\"@id\":\"https:\\\/\\\/archiv.siov.sk\\\/#website\"},\"primaryImageOfPage\":{\"@id\":\"https:\\\/\\\/archiv.siov.sk\\\/leadership-vo-vzdelavani-pod-vedenim-lektoriek-z-eqavet-holandska\\\/#primaryimage\"},\"image\":{\"@id\":\"https:\\\/\\\/archiv.siov.sk\\\/leadership-vo-vzdelavani-pod-vedenim-lektoriek-z-eqavet-holandska\\\/#primaryimage\"},\"thumbnailUrl\":\"https:\\\/\\\/archiv.siov.sk\\\/wp-content\\\/uploads\\\/2023\\\/12\\\/EQAVET-kolaz-FINAL.png\",\"datePublished\":\"2023-12-13T12:33:59+00:00\",\"dateModified\":\"2025-07-03T11:52:43+00:00\",\"breadcrumb\":{\"@id\":\"https:\\\/\\\/archiv.siov.sk\\\/leadership-vo-vzdelavani-pod-vedenim-lektoriek-z-eqavet-holandska\\\/#breadcrumb\"},\"inLanguage\":\"en-GB\",\"potentialAction\":[{\"@type\":\"ReadAction\",\"target\":[\"https:\\\/\\\/archiv.siov.sk\\\/leadership-vo-vzdelavani-pod-vedenim-lektoriek-z-eqavet-holandska\\\/\"]}]},{\"@type\":\"ImageObject\",\"inLanguage\":\"en-GB\",\"@id\":\"https:\\\/\\\/archiv.siov.sk\\\/leadership-vo-vzdelavani-pod-vedenim-lektoriek-z-eqavet-holandska\\\/#primaryimage\",\"url\":\"https:\\\/\\\/archiv.siov.sk\\\/wp-content\\\/uploads\\\/2023\\\/12\\\/EQAVET-kolaz-FINAL.png\",\"contentUrl\":\"https:\\\/\\\/archiv.siov.sk\\\/wp-content\\\/uploads\\\/2023\\\/12\\\/EQAVET-kolaz-FINAL.png\",\"width\":1400,\"height\":1120},{\"@type\":\"BreadcrumbList\",\"@id\":\"https:\\\/\\\/archiv.siov.sk\\\/leadership-vo-vzdelavani-pod-vedenim-lektoriek-z-eqavet-holandska\\\/#breadcrumb\",\"itemListElement\":[{\"@type\":\"ListItem\",\"position\":1,\"name\":\"Home\",\"item\":\"https:\\\/\\\/archiv.siov.sk\\\/\"},{\"@type\":\"ListItem\",\"position\":2,\"name\":\"Leadership vo vzdel\u00e1van\u00ed pod veden\u00edm lektoriek z EQAVET Holandska\"}]},{\"@type\":\"WebSite\",\"@id\":\"https:\\\/\\\/archiv.siov.sk\\\/#website\",\"url\":\"https:\\\/\\\/archiv.siov.sk\\\/\",\"name\":\"\u0160IOV - \u0161t\u00e1tny in\u0161tit\u00fat odborn\u00e9ho vzdel\u00e1vania\",\"description\":\"\",\"publisher\":{\"@id\":\"https:\\\/\\\/archiv.siov.sk\\\/#organization\"},\"potentialAction\":[{\"@type\":\"SearchAction\",\"target\":{\"@type\":\"EntryPoint\",\"urlTemplate\":\"https:\\\/\\\/archiv.siov.sk\\\/?s={search_term_string}\"},\"query-input\":{\"@type\":\"PropertyValueSpecification\",\"valueRequired\":true,\"valueName\":\"search_term_string\"}}],\"inLanguage\":\"en-GB\"},{\"@type\":\"Organization\",\"@id\":\"https:\\\/\\\/archiv.siov.sk\\\/#organization\",\"name\":\"\u0160IOV - \u0161t\u00e1tny in\u0161tit\u00fat odborn\u00e9ho vzdel\u00e1vania\",\"url\":\"https:\\\/\\\/archiv.siov.sk\\\/\",\"logo\":{\"@type\":\"ImageObject\",\"inLanguage\":\"en-GB\",\"@id\":\"https:\\\/\\\/archiv.siov.sk\\\/#\\\/schema\\\/logo\\\/image\\\/\",\"url\":\"https:\\\/\\\/archiv.siov.sk\\\/wp-content\\\/uploads\\\/2024\\\/02\\\/logo-SIOV.png\",\"contentUrl\":\"https:\\\/\\\/archiv.siov.sk\\\/wp-content\\\/uploads\\\/2024\\\/02\\\/logo-SIOV.png\",\"width\":431,\"height\":143,\"caption\":\"\u0160IOV - \u0161t\u00e1tny in\u0161tit\u00fat odborn\u00e9ho vzdel\u00e1vania\"},\"image\":{\"@id\":\"https:\\\/\\\/archiv.siov.sk\\\/#\\\/schema\\\/logo\\\/image\\\/\"},\"sameAs\":[\"https:\\\/\\\/www.facebook.com\\\/Statnyinstitutodbornehovzdelavania\"]},{\"@type\":\"Person\",\"@id\":\"https:\\\/\\\/archiv.siov.sk\\\/#\\\/schema\\\/person\\\/e42d633fbd958c6a726e8834d8965e6c\",\"name\":\"Katar\u00edna Kov\u00e1\u010dov\u00e1\",\"url\":\"https:\\\/\\\/archiv.siov.sk\\\/en\\\/author\\\/katkakovacova\\\/\"}]}<\/script>\n<!-- \/ Yoast SEO plugin. -->","yoast_head_json":{"title":"Leadership vo vzdel\u00e1van\u00ed pod veden\u00edm lektoriek z EQAVET Holandska - \u0160IOV - \u0161t\u00e1tny in\u0161tit\u00fat odborn\u00e9ho vzdel\u00e1vania","robots":{"index":"index","follow":"follow","max-snippet":"max-snippet:-1","max-image-preview":"max-image-preview:large","max-video-preview":"max-video-preview:-1"},"canonical":"https:\/\/archiv.siov.sk\/en\/leadership-vo-vzdelavani-pod-vedenim-lektoriek-z-eqavet-holandska\/","og_locale":"en_GB","og_type":"article","og_title":"Leadership vo vzdel\u00e1van\u00ed pod veden\u00edm lektoriek z EQAVET Holandska - \u0160IOV - \u0161t\u00e1tny in\u0161tit\u00fat odborn\u00e9ho vzdel\u00e1vania","og_description":"E\u0161te viac ako kedyko\u013evek predt\u00fdm je d\u00f4le\u017eit\u00e9 podporova\u0165 siln\u00fdch l\u00eddrov, ktor\u00ed sa neboja prevzia\u0165 zodpovednos\u0165 za kvalitu vzdel\u00e1vania vo svojich in\u0161tit\u00faci\u00e1ch. Na to, aby boli \u00faspe\u0161n\u00ed, potrebuj\u00fa ch\u00e1pa\u0165 komplexne fungovanie eur\u00f3pskeho a n\u00e1rodn\u00e9ho politick\u00e9ho r\u00e1mca, rozv\u00edja\u0165 lok\u00e1lne zdroje a podporova\u0165 person\u00e1lne kapacity a ich potreby. N\u00e1stroj na tak\u00e9to zmeny vy\u017eaduj\u00face kult\u00faru neust\u00e1leho zlep\u0161ovania vytvoril t\u00edm [&hellip;]","og_url":"https:\/\/archiv.siov.sk\/en\/leadership-vo-vzdelavani-pod-vedenim-lektoriek-z-eqavet-holandska\/","og_site_name":"\u0160IOV - \u0161t\u00e1tny in\u0161tit\u00fat odborn\u00e9ho vzdel\u00e1vania","article_publisher":"https:\/\/www.facebook.com\/Statnyinstitutodbornehovzdelavania","article_published_time":"2023-12-13T12:33:59+00:00","article_modified_time":"2025-07-03T11:52:43+00:00","og_image":[{"width":1400,"height":1120,"url":"https:\/\/archiv.siov.sk\/wp-content\/uploads\/2023\/12\/EQAVET-kolaz-FINAL.png","type":"image\/png"}],"author":"Katar\u00edna Kov\u00e1\u010dov\u00e1","twitter_card":"summary_large_image","twitter_misc":{"Written by":"Katar\u00edna Kov\u00e1\u010dov\u00e1","Estimated reading time":"4 minutes"},"schema":{"@context":"https:\/\/schema.org","@graph":[{"@type":"Article","@id":"https:\/\/archiv.siov.sk\/leadership-vo-vzdelavani-pod-vedenim-lektoriek-z-eqavet-holandska\/#article","isPartOf":{"@id":"https:\/\/archiv.siov.sk\/leadership-vo-vzdelavani-pod-vedenim-lektoriek-z-eqavet-holandska\/"},"author":{"name":"Katar\u00edna Kov\u00e1\u010dov\u00e1","@id":"https:\/\/archiv.siov.sk\/#\/schema\/person\/e42d633fbd958c6a726e8834d8965e6c"},"headline":"Leadership vo vzdel\u00e1van\u00ed pod veden\u00edm lektoriek z EQAVET Holandska","datePublished":"2023-12-13T12:33:59+00:00","dateModified":"2025-07-03T11:52:43+00:00","mainEntityOfPage":{"@id":"https:\/\/archiv.siov.sk\/leadership-vo-vzdelavani-pod-vedenim-lektoriek-z-eqavet-holandska\/"},"wordCount":712,"publisher":{"@id":"https:\/\/archiv.siov.sk\/#organization"},"image":{"@id":"https:\/\/archiv.siov.sk\/leadership-vo-vzdelavani-pod-vedenim-lektoriek-z-eqavet-holandska\/#primaryimage"},"thumbnailUrl":"https:\/\/archiv.siov.sk\/wp-content\/uploads\/2023\/12\/EQAVET-kolaz-FINAL.png","articleSection":["Aktuality"],"inLanguage":"en-GB"},{"@type":"WebPage","@id":"https:\/\/archiv.siov.sk\/leadership-vo-vzdelavani-pod-vedenim-lektoriek-z-eqavet-holandska\/","url":"https:\/\/archiv.siov.sk\/leadership-vo-vzdelavani-pod-vedenim-lektoriek-z-eqavet-holandska\/","name":"Leadership vo vzdel\u00e1van\u00ed pod veden\u00edm lektoriek z EQAVET Holandska - \u0160IOV - \u0161t\u00e1tny in\u0161tit\u00fat odborn\u00e9ho vzdel\u00e1vania","isPartOf":{"@id":"https:\/\/archiv.siov.sk\/#website"},"primaryImageOfPage":{"@id":"https:\/\/archiv.siov.sk\/leadership-vo-vzdelavani-pod-vedenim-lektoriek-z-eqavet-holandska\/#primaryimage"},"image":{"@id":"https:\/\/archiv.siov.sk\/leadership-vo-vzdelavani-pod-vedenim-lektoriek-z-eqavet-holandska\/#primaryimage"},"thumbnailUrl":"https:\/\/archiv.siov.sk\/wp-content\/uploads\/2023\/12\/EQAVET-kolaz-FINAL.png","datePublished":"2023-12-13T12:33:59+00:00","dateModified":"2025-07-03T11:52:43+00:00","breadcrumb":{"@id":"https:\/\/archiv.siov.sk\/leadership-vo-vzdelavani-pod-vedenim-lektoriek-z-eqavet-holandska\/#breadcrumb"},"inLanguage":"en-GB","potentialAction":[{"@type":"ReadAction","target":["https:\/\/archiv.siov.sk\/leadership-vo-vzdelavani-pod-vedenim-lektoriek-z-eqavet-holandska\/"]}]},{"@type":"ImageObject","inLanguage":"en-GB","@id":"https:\/\/archiv.siov.sk\/leadership-vo-vzdelavani-pod-vedenim-lektoriek-z-eqavet-holandska\/#primaryimage","url":"https:\/\/archiv.siov.sk\/wp-content\/uploads\/2023\/12\/EQAVET-kolaz-FINAL.png","contentUrl":"https:\/\/archiv.siov.sk\/wp-content\/uploads\/2023\/12\/EQAVET-kolaz-FINAL.png","width":1400,"height":1120},{"@type":"BreadcrumbList","@id":"https:\/\/archiv.siov.sk\/leadership-vo-vzdelavani-pod-vedenim-lektoriek-z-eqavet-holandska\/#breadcrumb","itemListElement":[{"@type":"ListItem","position":1,"name":"Home","item":"https:\/\/archiv.siov.sk\/"},{"@type":"ListItem","position":2,"name":"Leadership vo vzdel\u00e1van\u00ed pod veden\u00edm lektoriek z EQAVET Holandska"}]},{"@type":"WebSite","@id":"https:\/\/archiv.siov.sk\/#website","url":"https:\/\/archiv.siov.sk\/","name":"\u0160IOV - \u0161t\u00e1tny in\u0161tit\u00fat odborn\u00e9ho vzdel\u00e1vania","description":"","publisher":{"@id":"https:\/\/archiv.siov.sk\/#organization"},"potentialAction":[{"@type":"SearchAction","target":{"@type":"EntryPoint","urlTemplate":"https:\/\/archiv.siov.sk\/?s={search_term_string}"},"query-input":{"@type":"PropertyValueSpecification","valueRequired":true,"valueName":"search_term_string"}}],"inLanguage":"en-GB"},{"@type":"Organization","@id":"https:\/\/archiv.siov.sk\/#organization","name":"\u0160IOV - \u0161t\u00e1tny in\u0161tit\u00fat odborn\u00e9ho vzdel\u00e1vania","url":"https:\/\/archiv.siov.sk\/","logo":{"@type":"ImageObject","inLanguage":"en-GB","@id":"https:\/\/archiv.siov.sk\/#\/schema\/logo\/image\/","url":"https:\/\/archiv.siov.sk\/wp-content\/uploads\/2024\/02\/logo-SIOV.png","contentUrl":"https:\/\/archiv.siov.sk\/wp-content\/uploads\/2024\/02\/logo-SIOV.png","width":431,"height":143,"caption":"\u0160IOV - \u0161t\u00e1tny in\u0161tit\u00fat odborn\u00e9ho vzdel\u00e1vania"},"image":{"@id":"https:\/\/archiv.siov.sk\/#\/schema\/logo\/image\/"},"sameAs":["https:\/\/www.facebook.com\/Statnyinstitutodbornehovzdelavania"]},{"@type":"Person","@id":"https:\/\/archiv.siov.sk\/#\/schema\/person\/e42d633fbd958c6a726e8834d8965e6c","name":"Katar\u00edna Kov\u00e1\u010dov\u00e1","url":"https:\/\/archiv.siov.sk\/en\/author\/katkakovacova\/"}]}},"_links":{"self":[{"href":"https:\/\/archiv.siov.sk\/en\/wp-json\/wp\/v2\/posts\/14439","targetHints":{"allow":["GET"]}}],"collection":[{"href":"https:\/\/archiv.siov.sk\/en\/wp-json\/wp\/v2\/posts"}],"about":[{"href":"https:\/\/archiv.siov.sk\/en\/wp-json\/wp\/v2\/types\/post"}],"author":[{"embeddable":true,"href":"https:\/\/archiv.siov.sk\/en\/wp-json\/wp\/v2\/users\/6"}],"replies":[{"embeddable":true,"href":"https:\/\/archiv.siov.sk\/en\/wp-json\/wp\/v2\/comments?post=14439"}],"version-history":[{"count":7,"href":"https:\/\/archiv.siov.sk\/en\/wp-json\/wp\/v2\/posts\/14439\/revisions"}],"predecessor-version":[{"id":19775,"href":"https:\/\/archiv.siov.sk\/en\/wp-json\/wp\/v2\/posts\/14439\/revisions\/19775"}],"wp:featuredmedia":[{"embeddable":true,"href":"https:\/\/archiv.siov.sk\/en\/wp-json\/wp\/v2\/media\/14448"}],"wp:attachment":[{"href":"https:\/\/archiv.siov.sk\/en\/wp-json\/wp\/v2\/media?parent=14439"}],"wp:term":[{"taxonomy":"category","embeddable":true,"href":"https:\/\/archiv.siov.sk\/en\/wp-json\/wp\/v2\/categories?post=14439"},{"taxonomy":"post_tag","embeddable":true,"href":"https:\/\/archiv.siov.sk\/en\/wp-json\/wp\/v2\/tags?post=14439"}],"curies":[{"name":"wp","href":"https:\/\/api.w.org\/{rel}","templated":true}]}}