{"id":14419,"date":"2023-12-11T12:30:08","date_gmt":"2023-12-11T11:30:08","guid":{"rendered":"https:\/\/archiv.siov.sk\/?p=14419"},"modified":"2023-12-11T12:30:25","modified_gmt":"2023-12-11T11:30:25","slug":"konferencia-uloha-neformalneho-vzdelavania-v-rozvoji-zrucnosti-dospelychpriniesla-mnozstvo-zaujimavych-podnetov-a-otvorenu-diskusiu","status":"publish","type":"post","link":"https:\/\/archiv.siov.sk\/en\/konferencia-uloha-neformalneho-vzdelavania-v-rozvoji-zrucnosti-dospelychpriniesla-mnozstvo-zaujimavych-podnetov-a-otvorenu-diskusiu\/","title":{"rendered":"Konferencia \u201e\u00daloha neform\u00e1lneho vzdel\u00e1vania v rozvoji zru\u010dnost\u00ed dospel\u00fdch\u201cpriniesla mno\u017estvo zauj\u00edmav\u00fdch podnetov a otvoren\u00fa diskusiu"},"content":{"rendered":"<p style=\"text-align: justify;\"><em><span style=\"font-size: 11.0pt; font-family: 'Calibri',sans-serif; color: black;\">Konferencia s\u00a0n\u00e1zvom \u201e<b>\u00daloha neform\u00e1lneho vzdel\u00e1vania v\u00a0rozvoji zru\u010dnost\u00ed dospel\u00fdch<\/b>\u201c, ktorej cie\u013eom bolo otvori\u0165 diskusiu v\u00a0oblasti neform\u00e1lneho vzdel\u00e1vania na Slovensku sa uskuto\u010dnila 7. decembra v\u00a0priestoroch Vedeck\u00e9ho parku Univerzity Komensk\u00e9ho v Bratislave. Podujatie pripravil t\u00edm N\u00e1rodn\u00e9ho koordin\u00e1tora Eur\u00f3pskeho programu vzdel\u00e1vania dospel\u00fdch v\u00a0spolupr\u00e1ci s\u00a0t\u00edmom EPALE Slovensko.\u00a0<\/span><\/em><\/p>\n<p style=\"text-align: justify; margin: 0cm 0cm 8.0pt 0cm;\">Nasledovala diskusia zameran\u00e1 na neform\u00e1lne vzdel\u00e1vanie a jeho pr\u00ednos k rozvoju zru\u010dnost\u00ed. Otvorila priestor pre \u00fa\u010dastn\u00edkov, aby zdie\u013eali svoje my\u0161lienky, n\u00e1zory a sk\u00fasenosti. Po\u010das nej odzneli r\u00f4zne pr\u00edklady rozvoja zru\u010dnost\u00ed dospel\u00fdch prostredn\u00edctvom neform\u00e1lneho vzdel\u00e1vania a inform\u00e1lneho u\u010denia sa. Moder\u00e1torka diskusie pouk\u00e1zala na r\u00f4zne <strong>oblasti, v\u00a0ktor\u00fdch sa neform\u00e1lne vzdel\u00e1vanie realizuje<\/strong>, \u010di u\u017e ide rozvoj z\u00e1kladn\u00fdch, digit\u00e1lnych a jazykov\u00fdch zru\u010dnost\u00ed, zru\u010dnost\u00ed potrebn\u00fdch pre uplatnenie sa na trhu pr\u00e1ce alebo zru\u010dnost\u00ed pre ob\u010diansku particip\u00e1ciu v demokratickej spolo\u010dnosti.<\/p>\n<p style=\"text-align: justify;\">Ako pr\u00edklad dobrej praxe odznel pr\u00edspevok o rozvoji z\u00e1kladn\u00fdch zru\u010dnost\u00ed ob\u010dianskeho zdru\u017eenia Mareena, ktor\u00e9 od roku 2017 pom\u00e1ha cudzincom v integra\u010dnom procese, podporuje vytv\u00e1ranie priate\u013esk\u00e9ho prostredia, ktor\u00e9 sp\u00e1ja Slov\u00e1kov s cudzincami a rozv\u00edja otvoren\u00fa celospolo\u010densk\u00fa diskusiu o t\u00e9mach migr\u00e1cie, integr\u00e1cie a ich v\u00fdzvach. V r\u00e1mci programu vzdel\u00e1vania a rozvoja sa Mareena zameriava na <strong>jazykov\u00e9 kurzy, workshopy o socio-kult\u00farnej orient\u00e1cii a digit\u00e1lnych zru\u010dnostiach v r\u00e1mci pracovn\u00e9ho a kari\u00e9rneho poradenstva<\/strong>.<\/p>\n<p style=\"text-align: justify;\">Tri diskusn\u00e9 kruhy: EPALE a\u00a0vzdel\u00e1vanie dospel\u00fdch na Slovensku, Neform\u00e1lne vzdel\u00e1vanie a\u00a0nov\u00e9 celospolo\u010densk\u00e9 t\u00e9my a\u00a0\u010co znamen\u00e1 kvalita v\u00a0neform\u00e1lnom vzdel\u00e1van\u00ed dospel\u00fdch umo\u017enili pr\u00edtomn\u00fdm ponori\u0165 sa hlb\u0161ie do diskutovan\u00fdch t\u00e9m, podeli\u0165 sa o\u00a0svoje profesijn\u00e9 sk\u00fasenosti a\u00a0vyjadri\u0165 n\u00e1vrhy na zlep\u0161enie v\u00a0jednotliv\u00fdch diskutovan\u00fdch oblastiach.<\/p>\n<p style=\"text-align: justify;\">Z\u00e1ver podujatia bol venovan\u00fd odovzdaniu ceny za pr\u00ednos k\u00a0celo\u017eivotn\u00e9mu vzdel\u00e1vaniu, ktor\u00fa sl\u00e1vnostne odovzdal <strong>\u0161t\u00e1tny tajomn\u00edk M\u0160VVa\u0160 SR Slavom\u00edr Partila<\/strong>. Tohtoro\u010dn\u00e9 ocenenie bolo udelen\u00e9 in memoriam <strong>pani Zuzane \u0160tef\u00e1nikovej<\/strong>, dlhoro\u010dnej spolupracovn\u00ed\u010dke ob\u010dianskeho zdru\u017eenia <strong>Academia Istropolitana Nova<\/strong>. Cenu z\u00a0r\u00fak <strong>Adely Kasalovej<\/strong> z ob\u010dianskeho zdru\u017eenia <strong>Lifestarter<\/strong>, ktor\u00e9 bolo jej dr\u017eite\u013eom v roku 2022, prevzala dc\u00e9ra <strong>Daniela Smith<\/strong>.<\/p>\n<p>Na v\u00fdstupy a\u00a0z\u00e1very podujatia nadvia\u017eu aktivity oboch eur\u00f3pskych iniciat\u00edv v nasleduj\u00facom\u00a0roku.<\/p>\n<p style=\"text-align: justify;\">V\u0161etk\u00fdm z\u00fa\u010dastnen\u00fdm \u010fakujeme za akt\u00edvnu \u00fa\u010das\u0165 v\u00a0diskusi\u00e1ch a\u00a0te\u0161\u00edme sa na stretnutie v\u00a0roku 2024 po\u010das \u010fal\u0161\u00edch zauj\u00edmav\u00fdch podujat\u00ed.<\/p>\n<p>&nbsp;<\/p>","protected":false},"excerpt":{"rendered":"<p>Konferencia s\u00a0n\u00e1zvom \u201e\u00daloha neform\u00e1lneho vzdel\u00e1vania v\u00a0rozvoji zru\u010dnost\u00ed dospel\u00fdch\u201c, ktorej cie\u013eom bolo otvori\u0165 diskusiu v\u00a0oblasti neform\u00e1lneho vzdel\u00e1vania na Slovensku sa uskuto\u010dnila 7. decembra v\u00a0priestoroch Vedeck\u00e9ho parku Univerzity Komensk\u00e9ho v Bratislave. Podujatie pripravil t\u00edm N\u00e1rodn\u00e9ho koordin\u00e1tora Eur\u00f3pskeho programu vzdel\u00e1vania dospel\u00fdch v\u00a0spolupr\u00e1ci s\u00a0t\u00edmom EPALE Slovensko.\u00a0 Nasledovala diskusia zameran\u00e1 na neform\u00e1lne vzdel\u00e1vanie a jeho pr\u00ednos k rozvoju zru\u010dnost\u00ed. Otvorila [&hellip;]<\/p>\n","protected":false},"author":6,"featured_media":14421,"comment_status":"closed","ping_status":"closed","sticky":false,"template":"","format":"standard","meta":{"site-sidebar-layout":"default","site-content-layout":"","ast-site-content-layout":"default","site-content-style":"default","site-sidebar-style":"default","ast-global-header-display":"","ast-banner-title-visibility":"","ast-main-header-display":"","ast-hfb-above-header-display":"","ast-hfb-below-header-display":"","ast-hfb-mobile-header-display":"","site-post-title":"","ast-breadcrumbs-content":"","ast-featured-img":"","footer-sml-layout":"","ast-disable-related-posts":"","theme-transparent-header-meta":"default","adv-header-id-meta":"","stick-header-meta":"","header-above-stick-meta":"","header-main-stick-meta":"","header-below-stick-meta":"","astra-migrate-meta-layouts":"set","ast-page-background-enabled":"default","ast-page-background-meta":{"desktop":{"background-color":"var(--ast-global-color-4)","background-image":"","background-repeat":"repeat","background-position":"center center","background-size":"auto","background-attachment":"scroll","background-type":"","background-media":"","overlay-type":"","overlay-color":"","overlay-opacity":"","overlay-gradient":""},"tablet":{"background-color":"","background-image":"","background-repeat":"repeat","background-position":"center center","background-size":"auto","background-attachment":"scroll","background-type":"","background-media":"","overlay-type":"","overlay-color":"","overlay-opacity":"","overlay-gradient":""},"mobile":{"background-color":"","background-image":"","background-repeat":"repeat","background-position":"center center","background-size":"auto","background-attachment":"scroll","background-type":"","background-media":"","overlay-type":"","overlay-color":"","overlay-opacity":"","overlay-gradient":""}},"ast-content-background-meta":{"desktop":{"background-color":"var(--ast-global-color-5)","background-image":"","background-repeat":"repeat","background-position":"center center","background-size":"auto","background-attachment":"scroll","background-type":"","background-media":"","overlay-type":"","overlay-color":"","overlay-opacity":"","overlay-gradient":""},"tablet":{"background-color":"var(--ast-global-color-5)","background-image":"","background-repeat":"repeat","background-position":"center center","background-size":"auto","background-attachment":"scroll","background-type":"","background-media":"","overlay-type":"","overlay-color":"","overlay-opacity":"","overlay-gradient":""},"mobile":{"background-color":"var(--ast-global-color-5)","background-image":"","background-repeat":"repeat","background-position":"center center","background-size":"auto","background-attachment":"scroll","background-type":"","background-media":"","overlay-type":"","overlay-color":"","overlay-opacity":"","overlay-gradient":""}},"footnotes":""},"categories":[1],"tags":[],"class_list":["post-14419","post","type-post","status-publish","format-standard","has-post-thumbnail","hentry","category-aktuality"],"yoast_head":"<!-- This site is optimized with the Yoast SEO plugin v27.5 - https:\/\/yoast.com\/product\/yoast-seo-wordpress\/ -->\n<title>Konferencia \u201e\u00daloha neform\u00e1lneho vzdel\u00e1vania v rozvoji zru\u010dnost\u00ed dospel\u00fdch\u201cpriniesla mno\u017estvo zauj\u00edmav\u00fdch podnetov a otvoren\u00fa diskusiu - \u0160IOV - \u0161t\u00e1tny in\u0161tit\u00fat odborn\u00e9ho vzdel\u00e1vania<\/title>\n<meta name=\"robots\" content=\"index, follow, max-snippet:-1, max-image-preview:large, max-video-preview:-1\" \/>\n<link rel=\"canonical\" href=\"https:\/\/archiv.siov.sk\/en\/konferencia-uloha-neformalneho-vzdelavania-v-rozvoji-zrucnosti-dospelychpriniesla-mnozstvo-zaujimavych-podnetov-a-otvorenu-diskusiu\/\" \/>\n<meta property=\"og:locale\" content=\"en_GB\" \/>\n<meta property=\"og:type\" content=\"article\" \/>\n<meta property=\"og:title\" content=\"Konferencia \u201e\u00daloha neform\u00e1lneho vzdel\u00e1vania v rozvoji zru\u010dnost\u00ed dospel\u00fdch\u201cpriniesla mno\u017estvo zauj\u00edmav\u00fdch podnetov a otvoren\u00fa diskusiu - \u0160IOV - \u0161t\u00e1tny in\u0161tit\u00fat odborn\u00e9ho vzdel\u00e1vania\" \/>\n<meta property=\"og:description\" content=\"Konferencia s\u00a0n\u00e1zvom \u201e\u00daloha neform\u00e1lneho vzdel\u00e1vania v\u00a0rozvoji zru\u010dnost\u00ed dospel\u00fdch\u201c, ktorej cie\u013eom bolo otvori\u0165 diskusiu v\u00a0oblasti neform\u00e1lneho vzdel\u00e1vania na Slovensku sa uskuto\u010dnila 7. decembra v\u00a0priestoroch Vedeck\u00e9ho parku Univerzity Komensk\u00e9ho v Bratislave. Podujatie pripravil t\u00edm N\u00e1rodn\u00e9ho koordin\u00e1tora Eur\u00f3pskeho programu vzdel\u00e1vania dospel\u00fdch v\u00a0spolupr\u00e1ci s\u00a0t\u00edmom EPALE Slovensko.\u00a0 Nasledovala diskusia zameran\u00e1 na neform\u00e1lne vzdel\u00e1vanie a jeho pr\u00ednos k rozvoju zru\u010dnost\u00ed. Otvorila [&hellip;]\" \/>\n<meta property=\"og:url\" content=\"https:\/\/archiv.siov.sk\/en\/konferencia-uloha-neformalneho-vzdelavania-v-rozvoji-zrucnosti-dospelychpriniesla-mnozstvo-zaujimavych-podnetov-a-otvorenu-diskusiu\/\" \/>\n<meta property=\"og:site_name\" content=\"\u0160IOV - \u0161t\u00e1tny in\u0161tit\u00fat odborn\u00e9ho vzdel\u00e1vania\" \/>\n<meta property=\"article:publisher\" content=\"https:\/\/www.facebook.com\/Statnyinstitutodbornehovzdelavania\" \/>\n<meta property=\"article:published_time\" content=\"2023-12-11T11:30:08+00:00\" \/>\n<meta property=\"article:modified_time\" content=\"2023-12-11T11:30:25+00:00\" \/>\n<meta property=\"og:image\" content=\"https:\/\/archiv.siov.sk\/wp-content\/uploads\/2023\/12\/2.png\" \/>\n\t<meta property=\"og:image:width\" content=\"1748\" \/>\n\t<meta property=\"og:image:height\" content=\"1240\" \/>\n\t<meta property=\"og:image:type\" content=\"image\/png\" \/>\n<meta name=\"author\" content=\"Katar\u00edna Kov\u00e1\u010dov\u00e1\" \/>\n<meta name=\"twitter:card\" content=\"summary_large_image\" \/>\n<meta name=\"twitter:label1\" content=\"Written by\" \/>\n\t<meta name=\"twitter:data1\" content=\"Katar\u00edna Kov\u00e1\u010dov\u00e1\" \/>\n\t<meta name=\"twitter:label2\" content=\"Estimated reading time\" \/>\n\t<meta name=\"twitter:data2\" content=\"2 minutes\" \/>\n<script type=\"application\/ld+json\" class=\"yoast-schema-graph\">{\"@context\":\"https:\\\/\\\/schema.org\",\"@graph\":[{\"@type\":\"Article\",\"@id\":\"https:\\\/\\\/archiv.siov.sk\\\/konferencia-uloha-neformalneho-vzdelavania-v-rozvoji-zrucnosti-dospelychpriniesla-mnozstvo-zaujimavych-podnetov-a-otvorenu-diskusiu\\\/#article\",\"isPartOf\":{\"@id\":\"https:\\\/\\\/archiv.siov.sk\\\/konferencia-uloha-neformalneho-vzdelavania-v-rozvoji-zrucnosti-dospelychpriniesla-mnozstvo-zaujimavych-podnetov-a-otvorenu-diskusiu\\\/\"},\"author\":{\"name\":\"Katar\u00edna Kov\u00e1\u010dov\u00e1\",\"@id\":\"https:\\\/\\\/archiv.siov.sk\\\/#\\\/schema\\\/person\\\/e42d633fbd958c6a726e8834d8965e6c\"},\"headline\":\"Konferencia \u201e\u00daloha neform\u00e1lneho vzdel\u00e1vania v rozvoji zru\u010dnost\u00ed dospel\u00fdch\u201cpriniesla mno\u017estvo zauj\u00edmav\u00fdch podnetov a otvoren\u00fa diskusiu\",\"datePublished\":\"2023-12-11T11:30:08+00:00\",\"dateModified\":\"2023-12-11T11:30:25+00:00\",\"mainEntityOfPage\":{\"@id\":\"https:\\\/\\\/archiv.siov.sk\\\/konferencia-uloha-neformalneho-vzdelavania-v-rozvoji-zrucnosti-dospelychpriniesla-mnozstvo-zaujimavych-podnetov-a-otvorenu-diskusiu\\\/\"},\"wordCount\":490,\"publisher\":{\"@id\":\"https:\\\/\\\/archiv.siov.sk\\\/#organization\"},\"image\":{\"@id\":\"https:\\\/\\\/archiv.siov.sk\\\/konferencia-uloha-neformalneho-vzdelavania-v-rozvoji-zrucnosti-dospelychpriniesla-mnozstvo-zaujimavych-podnetov-a-otvorenu-diskusiu\\\/#primaryimage\"},\"thumbnailUrl\":\"https:\\\/\\\/archiv.siov.sk\\\/wp-content\\\/uploads\\\/2023\\\/12\\\/2.png\",\"articleSection\":[\"Aktuality\"],\"inLanguage\":\"en-GB\"},{\"@type\":\"WebPage\",\"@id\":\"https:\\\/\\\/archiv.siov.sk\\\/konferencia-uloha-neformalneho-vzdelavania-v-rozvoji-zrucnosti-dospelychpriniesla-mnozstvo-zaujimavych-podnetov-a-otvorenu-diskusiu\\\/\",\"url\":\"https:\\\/\\\/archiv.siov.sk\\\/konferencia-uloha-neformalneho-vzdelavania-v-rozvoji-zrucnosti-dospelychpriniesla-mnozstvo-zaujimavych-podnetov-a-otvorenu-diskusiu\\\/\",\"name\":\"Konferencia \u201e\u00daloha neform\u00e1lneho vzdel\u00e1vania v rozvoji zru\u010dnost\u00ed dospel\u00fdch\u201cpriniesla mno\u017estvo zauj\u00edmav\u00fdch podnetov a otvoren\u00fa diskusiu - \u0160IOV - \u0161t\u00e1tny in\u0161tit\u00fat odborn\u00e9ho vzdel\u00e1vania\",\"isPartOf\":{\"@id\":\"https:\\\/\\\/archiv.siov.sk\\\/#website\"},\"primaryImageOfPage\":{\"@id\":\"https:\\\/\\\/archiv.siov.sk\\\/konferencia-uloha-neformalneho-vzdelavania-v-rozvoji-zrucnosti-dospelychpriniesla-mnozstvo-zaujimavych-podnetov-a-otvorenu-diskusiu\\\/#primaryimage\"},\"image\":{\"@id\":\"https:\\\/\\\/archiv.siov.sk\\\/konferencia-uloha-neformalneho-vzdelavania-v-rozvoji-zrucnosti-dospelychpriniesla-mnozstvo-zaujimavych-podnetov-a-otvorenu-diskusiu\\\/#primaryimage\"},\"thumbnailUrl\":\"https:\\\/\\\/archiv.siov.sk\\\/wp-content\\\/uploads\\\/2023\\\/12\\\/2.png\",\"datePublished\":\"2023-12-11T11:30:08+00:00\",\"dateModified\":\"2023-12-11T11:30:25+00:00\",\"breadcrumb\":{\"@id\":\"https:\\\/\\\/archiv.siov.sk\\\/konferencia-uloha-neformalneho-vzdelavania-v-rozvoji-zrucnosti-dospelychpriniesla-mnozstvo-zaujimavych-podnetov-a-otvorenu-diskusiu\\\/#breadcrumb\"},\"inLanguage\":\"en-GB\",\"potentialAction\":[{\"@type\":\"ReadAction\",\"target\":[\"https:\\\/\\\/archiv.siov.sk\\\/konferencia-uloha-neformalneho-vzdelavania-v-rozvoji-zrucnosti-dospelychpriniesla-mnozstvo-zaujimavych-podnetov-a-otvorenu-diskusiu\\\/\"]}]},{\"@type\":\"ImageObject\",\"inLanguage\":\"en-GB\",\"@id\":\"https:\\\/\\\/archiv.siov.sk\\\/konferencia-uloha-neformalneho-vzdelavania-v-rozvoji-zrucnosti-dospelychpriniesla-mnozstvo-zaujimavych-podnetov-a-otvorenu-diskusiu\\\/#primaryimage\",\"url\":\"https:\\\/\\\/archiv.siov.sk\\\/wp-content\\\/uploads\\\/2023\\\/12\\\/2.png\",\"contentUrl\":\"https:\\\/\\\/archiv.siov.sk\\\/wp-content\\\/uploads\\\/2023\\\/12\\\/2.png\",\"width\":1748,\"height\":1240},{\"@type\":\"BreadcrumbList\",\"@id\":\"https:\\\/\\\/archiv.siov.sk\\\/konferencia-uloha-neformalneho-vzdelavania-v-rozvoji-zrucnosti-dospelychpriniesla-mnozstvo-zaujimavych-podnetov-a-otvorenu-diskusiu\\\/#breadcrumb\",\"itemListElement\":[{\"@type\":\"ListItem\",\"position\":1,\"name\":\"Home\",\"item\":\"https:\\\/\\\/archiv.siov.sk\\\/\"},{\"@type\":\"ListItem\",\"position\":2,\"name\":\"Konferencia \u201e\u00daloha neform\u00e1lneho vzdel\u00e1vania v rozvoji zru\u010dnost\u00ed dospel\u00fdch\u201cpriniesla mno\u017estvo zauj\u00edmav\u00fdch podnetov a otvoren\u00fa diskusiu\"}]},{\"@type\":\"WebSite\",\"@id\":\"https:\\\/\\\/archiv.siov.sk\\\/#website\",\"url\":\"https:\\\/\\\/archiv.siov.sk\\\/\",\"name\":\"\u0160IOV - \u0161t\u00e1tny in\u0161tit\u00fat odborn\u00e9ho vzdel\u00e1vania\",\"description\":\"\",\"publisher\":{\"@id\":\"https:\\\/\\\/archiv.siov.sk\\\/#organization\"},\"potentialAction\":[{\"@type\":\"SearchAction\",\"target\":{\"@type\":\"EntryPoint\",\"urlTemplate\":\"https:\\\/\\\/archiv.siov.sk\\\/?s={search_term_string}\"},\"query-input\":{\"@type\":\"PropertyValueSpecification\",\"valueRequired\":true,\"valueName\":\"search_term_string\"}}],\"inLanguage\":\"en-GB\"},{\"@type\":\"Organization\",\"@id\":\"https:\\\/\\\/archiv.siov.sk\\\/#organization\",\"name\":\"\u0160IOV - \u0161t\u00e1tny in\u0161tit\u00fat odborn\u00e9ho vzdel\u00e1vania\",\"url\":\"https:\\\/\\\/archiv.siov.sk\\\/\",\"logo\":{\"@type\":\"ImageObject\",\"inLanguage\":\"en-GB\",\"@id\":\"https:\\\/\\\/archiv.siov.sk\\\/#\\\/schema\\\/logo\\\/image\\\/\",\"url\":\"https:\\\/\\\/archiv.siov.sk\\\/wp-content\\\/uploads\\\/2024\\\/02\\\/logo-SIOV.png\",\"contentUrl\":\"https:\\\/\\\/archiv.siov.sk\\\/wp-content\\\/uploads\\\/2024\\\/02\\\/logo-SIOV.png\",\"width\":431,\"height\":143,\"caption\":\"\u0160IOV - \u0161t\u00e1tny in\u0161tit\u00fat odborn\u00e9ho vzdel\u00e1vania\"},\"image\":{\"@id\":\"https:\\\/\\\/archiv.siov.sk\\\/#\\\/schema\\\/logo\\\/image\\\/\"},\"sameAs\":[\"https:\\\/\\\/www.facebook.com\\\/Statnyinstitutodbornehovzdelavania\"]},{\"@type\":\"Person\",\"@id\":\"https:\\\/\\\/archiv.siov.sk\\\/#\\\/schema\\\/person\\\/e42d633fbd958c6a726e8834d8965e6c\",\"name\":\"Katar\u00edna Kov\u00e1\u010dov\u00e1\",\"url\":\"https:\\\/\\\/archiv.siov.sk\\\/en\\\/author\\\/katkakovacova\\\/\"}]}<\/script>\n<!-- \/ Yoast SEO plugin. -->","yoast_head_json":{"title":"Konferencia \u201e\u00daloha neform\u00e1lneho vzdel\u00e1vania v rozvoji zru\u010dnost\u00ed dospel\u00fdch\u201cpriniesla mno\u017estvo zauj\u00edmav\u00fdch podnetov a otvoren\u00fa diskusiu - \u0160IOV - \u0161t\u00e1tny in\u0161tit\u00fat odborn\u00e9ho vzdel\u00e1vania","robots":{"index":"index","follow":"follow","max-snippet":"max-snippet:-1","max-image-preview":"max-image-preview:large","max-video-preview":"max-video-preview:-1"},"canonical":"https:\/\/archiv.siov.sk\/en\/konferencia-uloha-neformalneho-vzdelavania-v-rozvoji-zrucnosti-dospelychpriniesla-mnozstvo-zaujimavych-podnetov-a-otvorenu-diskusiu\/","og_locale":"en_GB","og_type":"article","og_title":"Konferencia \u201e\u00daloha neform\u00e1lneho vzdel\u00e1vania v rozvoji zru\u010dnost\u00ed dospel\u00fdch\u201cpriniesla mno\u017estvo zauj\u00edmav\u00fdch podnetov a otvoren\u00fa diskusiu - \u0160IOV - \u0161t\u00e1tny in\u0161tit\u00fat odborn\u00e9ho vzdel\u00e1vania","og_description":"Konferencia s\u00a0n\u00e1zvom \u201e\u00daloha neform\u00e1lneho vzdel\u00e1vania v\u00a0rozvoji zru\u010dnost\u00ed dospel\u00fdch\u201c, ktorej cie\u013eom bolo otvori\u0165 diskusiu v\u00a0oblasti neform\u00e1lneho vzdel\u00e1vania na Slovensku sa uskuto\u010dnila 7. decembra v\u00a0priestoroch Vedeck\u00e9ho parku Univerzity Komensk\u00e9ho v Bratislave. Podujatie pripravil t\u00edm N\u00e1rodn\u00e9ho koordin\u00e1tora Eur\u00f3pskeho programu vzdel\u00e1vania dospel\u00fdch v\u00a0spolupr\u00e1ci s\u00a0t\u00edmom EPALE Slovensko.\u00a0 Nasledovala diskusia zameran\u00e1 na neform\u00e1lne vzdel\u00e1vanie a jeho pr\u00ednos k rozvoju zru\u010dnost\u00ed. Otvorila [&hellip;]","og_url":"https:\/\/archiv.siov.sk\/en\/konferencia-uloha-neformalneho-vzdelavania-v-rozvoji-zrucnosti-dospelychpriniesla-mnozstvo-zaujimavych-podnetov-a-otvorenu-diskusiu\/","og_site_name":"\u0160IOV - \u0161t\u00e1tny in\u0161tit\u00fat odborn\u00e9ho vzdel\u00e1vania","article_publisher":"https:\/\/www.facebook.com\/Statnyinstitutodbornehovzdelavania","article_published_time":"2023-12-11T11:30:08+00:00","article_modified_time":"2023-12-11T11:30:25+00:00","og_image":[{"width":1748,"height":1240,"url":"https:\/\/archiv.siov.sk\/wp-content\/uploads\/2023\/12\/2.png","type":"image\/png"}],"author":"Katar\u00edna Kov\u00e1\u010dov\u00e1","twitter_card":"summary_large_image","twitter_misc":{"Written by":"Katar\u00edna Kov\u00e1\u010dov\u00e1","Estimated reading time":"2 minutes"},"schema":{"@context":"https:\/\/schema.org","@graph":[{"@type":"Article","@id":"https:\/\/archiv.siov.sk\/konferencia-uloha-neformalneho-vzdelavania-v-rozvoji-zrucnosti-dospelychpriniesla-mnozstvo-zaujimavych-podnetov-a-otvorenu-diskusiu\/#article","isPartOf":{"@id":"https:\/\/archiv.siov.sk\/konferencia-uloha-neformalneho-vzdelavania-v-rozvoji-zrucnosti-dospelychpriniesla-mnozstvo-zaujimavych-podnetov-a-otvorenu-diskusiu\/"},"author":{"name":"Katar\u00edna Kov\u00e1\u010dov\u00e1","@id":"https:\/\/archiv.siov.sk\/#\/schema\/person\/e42d633fbd958c6a726e8834d8965e6c"},"headline":"Konferencia \u201e\u00daloha neform\u00e1lneho vzdel\u00e1vania v rozvoji zru\u010dnost\u00ed dospel\u00fdch\u201cpriniesla mno\u017estvo zauj\u00edmav\u00fdch podnetov a otvoren\u00fa diskusiu","datePublished":"2023-12-11T11:30:08+00:00","dateModified":"2023-12-11T11:30:25+00:00","mainEntityOfPage":{"@id":"https:\/\/archiv.siov.sk\/konferencia-uloha-neformalneho-vzdelavania-v-rozvoji-zrucnosti-dospelychpriniesla-mnozstvo-zaujimavych-podnetov-a-otvorenu-diskusiu\/"},"wordCount":490,"publisher":{"@id":"https:\/\/archiv.siov.sk\/#organization"},"image":{"@id":"https:\/\/archiv.siov.sk\/konferencia-uloha-neformalneho-vzdelavania-v-rozvoji-zrucnosti-dospelychpriniesla-mnozstvo-zaujimavych-podnetov-a-otvorenu-diskusiu\/#primaryimage"},"thumbnailUrl":"https:\/\/archiv.siov.sk\/wp-content\/uploads\/2023\/12\/2.png","articleSection":["Aktuality"],"inLanguage":"en-GB"},{"@type":"WebPage","@id":"https:\/\/archiv.siov.sk\/konferencia-uloha-neformalneho-vzdelavania-v-rozvoji-zrucnosti-dospelychpriniesla-mnozstvo-zaujimavych-podnetov-a-otvorenu-diskusiu\/","url":"https:\/\/archiv.siov.sk\/konferencia-uloha-neformalneho-vzdelavania-v-rozvoji-zrucnosti-dospelychpriniesla-mnozstvo-zaujimavych-podnetov-a-otvorenu-diskusiu\/","name":"Konferencia \u201e\u00daloha neform\u00e1lneho vzdel\u00e1vania v rozvoji zru\u010dnost\u00ed dospel\u00fdch\u201cpriniesla mno\u017estvo zauj\u00edmav\u00fdch podnetov a otvoren\u00fa diskusiu - \u0160IOV - \u0161t\u00e1tny in\u0161tit\u00fat odborn\u00e9ho vzdel\u00e1vania","isPartOf":{"@id":"https:\/\/archiv.siov.sk\/#website"},"primaryImageOfPage":{"@id":"https:\/\/archiv.siov.sk\/konferencia-uloha-neformalneho-vzdelavania-v-rozvoji-zrucnosti-dospelychpriniesla-mnozstvo-zaujimavych-podnetov-a-otvorenu-diskusiu\/#primaryimage"},"image":{"@id":"https:\/\/archiv.siov.sk\/konferencia-uloha-neformalneho-vzdelavania-v-rozvoji-zrucnosti-dospelychpriniesla-mnozstvo-zaujimavych-podnetov-a-otvorenu-diskusiu\/#primaryimage"},"thumbnailUrl":"https:\/\/archiv.siov.sk\/wp-content\/uploads\/2023\/12\/2.png","datePublished":"2023-12-11T11:30:08+00:00","dateModified":"2023-12-11T11:30:25+00:00","breadcrumb":{"@id":"https:\/\/archiv.siov.sk\/konferencia-uloha-neformalneho-vzdelavania-v-rozvoji-zrucnosti-dospelychpriniesla-mnozstvo-zaujimavych-podnetov-a-otvorenu-diskusiu\/#breadcrumb"},"inLanguage":"en-GB","potentialAction":[{"@type":"ReadAction","target":["https:\/\/archiv.siov.sk\/konferencia-uloha-neformalneho-vzdelavania-v-rozvoji-zrucnosti-dospelychpriniesla-mnozstvo-zaujimavych-podnetov-a-otvorenu-diskusiu\/"]}]},{"@type":"ImageObject","inLanguage":"en-GB","@id":"https:\/\/archiv.siov.sk\/konferencia-uloha-neformalneho-vzdelavania-v-rozvoji-zrucnosti-dospelychpriniesla-mnozstvo-zaujimavych-podnetov-a-otvorenu-diskusiu\/#primaryimage","url":"https:\/\/archiv.siov.sk\/wp-content\/uploads\/2023\/12\/2.png","contentUrl":"https:\/\/archiv.siov.sk\/wp-content\/uploads\/2023\/12\/2.png","width":1748,"height":1240},{"@type":"BreadcrumbList","@id":"https:\/\/archiv.siov.sk\/konferencia-uloha-neformalneho-vzdelavania-v-rozvoji-zrucnosti-dospelychpriniesla-mnozstvo-zaujimavych-podnetov-a-otvorenu-diskusiu\/#breadcrumb","itemListElement":[{"@type":"ListItem","position":1,"name":"Home","item":"https:\/\/archiv.siov.sk\/"},{"@type":"ListItem","position":2,"name":"Konferencia \u201e\u00daloha neform\u00e1lneho vzdel\u00e1vania v rozvoji zru\u010dnost\u00ed dospel\u00fdch\u201cpriniesla mno\u017estvo zauj\u00edmav\u00fdch podnetov a otvoren\u00fa diskusiu"}]},{"@type":"WebSite","@id":"https:\/\/archiv.siov.sk\/#website","url":"https:\/\/archiv.siov.sk\/","name":"\u0160IOV - \u0161t\u00e1tny in\u0161tit\u00fat odborn\u00e9ho vzdel\u00e1vania","description":"","publisher":{"@id":"https:\/\/archiv.siov.sk\/#organization"},"potentialAction":[{"@type":"SearchAction","target":{"@type":"EntryPoint","urlTemplate":"https:\/\/archiv.siov.sk\/?s={search_term_string}"},"query-input":{"@type":"PropertyValueSpecification","valueRequired":true,"valueName":"search_term_string"}}],"inLanguage":"en-GB"},{"@type":"Organization","@id":"https:\/\/archiv.siov.sk\/#organization","name":"\u0160IOV - \u0161t\u00e1tny in\u0161tit\u00fat odborn\u00e9ho vzdel\u00e1vania","url":"https:\/\/archiv.siov.sk\/","logo":{"@type":"ImageObject","inLanguage":"en-GB","@id":"https:\/\/archiv.siov.sk\/#\/schema\/logo\/image\/","url":"https:\/\/archiv.siov.sk\/wp-content\/uploads\/2024\/02\/logo-SIOV.png","contentUrl":"https:\/\/archiv.siov.sk\/wp-content\/uploads\/2024\/02\/logo-SIOV.png","width":431,"height":143,"caption":"\u0160IOV - \u0161t\u00e1tny in\u0161tit\u00fat odborn\u00e9ho vzdel\u00e1vania"},"image":{"@id":"https:\/\/archiv.siov.sk\/#\/schema\/logo\/image\/"},"sameAs":["https:\/\/www.facebook.com\/Statnyinstitutodbornehovzdelavania"]},{"@type":"Person","@id":"https:\/\/archiv.siov.sk\/#\/schema\/person\/e42d633fbd958c6a726e8834d8965e6c","name":"Katar\u00edna Kov\u00e1\u010dov\u00e1","url":"https:\/\/archiv.siov.sk\/en\/author\/katkakovacova\/"}]}},"_links":{"self":[{"href":"https:\/\/archiv.siov.sk\/en\/wp-json\/wp\/v2\/posts\/14419","targetHints":{"allow":["GET"]}}],"collection":[{"href":"https:\/\/archiv.siov.sk\/en\/wp-json\/wp\/v2\/posts"}],"about":[{"href":"https:\/\/archiv.siov.sk\/en\/wp-json\/wp\/v2\/types\/post"}],"author":[{"embeddable":true,"href":"https:\/\/archiv.siov.sk\/en\/wp-json\/wp\/v2\/users\/6"}],"replies":[{"embeddable":true,"href":"https:\/\/archiv.siov.sk\/en\/wp-json\/wp\/v2\/comments?post=14419"}],"version-history":[{"count":2,"href":"https:\/\/archiv.siov.sk\/en\/wp-json\/wp\/v2\/posts\/14419\/revisions"}],"predecessor-version":[{"id":14422,"href":"https:\/\/archiv.siov.sk\/en\/wp-json\/wp\/v2\/posts\/14419\/revisions\/14422"}],"wp:featuredmedia":[{"embeddable":true,"href":"https:\/\/archiv.siov.sk\/en\/wp-json\/wp\/v2\/media\/14421"}],"wp:attachment":[{"href":"https:\/\/archiv.siov.sk\/en\/wp-json\/wp\/v2\/media?parent=14419"}],"wp:term":[{"taxonomy":"category","embeddable":true,"href":"https:\/\/archiv.siov.sk\/en\/wp-json\/wp\/v2\/categories?post=14419"},{"taxonomy":"post_tag","embeddable":true,"href":"https:\/\/archiv.siov.sk\/en\/wp-json\/wp\/v2\/tags?post=14419"}],"curies":[{"name":"wp","href":"https:\/\/api.w.org\/{rel}","templated":true}]}}