{"id":14172,"date":"2023-09-18T10:08:46","date_gmt":"2023-09-18T08:08:46","guid":{"rendered":"https:\/\/archiv.siov.sk\/?p=14172"},"modified":"2023-09-18T10:09:47","modified_gmt":"2023-09-18T08:09:47","slug":"majstrovstva-slovenska-skills-slovakia-vo-floristike-na-sklonku-septembra-privitaju-najlepsich-stredoskolakov-a-profesionalov-v-piestanoch","status":"publish","type":"post","link":"https:\/\/archiv.siov.sk\/en\/majstrovstva-slovenska-skills-slovakia-vo-floristike-na-sklonku-septembra-privitaju-najlepsich-stredoskolakov-a-profesionalov-v-piestanoch\/","title":{"rendered":"Majstrovstv\u00e1 Slovenska \u201eSkills Slovakia\u201c vo floristike na sklonku septembra priv\u00edtaj\u00fa najlep\u0161\u00edch stredo\u0161kol\u00e1kov a profesion\u00e1lov v Pie\u0161\u0165anoch"},"content":{"rendered":"<p style=\"text-align: justify;\">Slovensk\u00e1 asoci\u00e1cia kvetin\u00e1rov a\u00a0floristov v\u00a0Pie\u0161\u0165anoch op\u00e4\u0165 spolu s\u00a0partnermi organizuje tradi\u010dn\u00fa celo\u0161t\u00e1tnu s\u00fa\u0165a\u017e s\u00a0medzin\u00e1rodnou \u00fa\u010das\u0165ou ur\u010den\u00fa\u00a0 stredo\u0161kol\u00e1kom\u00a0 aj profesion\u00e1lom vo floristike.<\/p>\n<p style=\"text-align: justify;\">Jubilejn\u00fd 30. ro\u010dn\u00edk s\u00fa\u0165a\u017ee vo viazan\u00ed a\u00a0aran\u017eovan\u00ed kvetov s\u00a0medzin\u00e1rodnou \u00fa\u010das\u0165ou VICTORIA REGIA 2023 prebehne 20. septembra. \u00a0\u00a0Pred\u00a0 \u0161trn\u00e1stimi rokmi sa zaradila do syst\u00e9mu s\u00fa\u0165a\u017e\u00ed stredn\u00fdch \u0161k\u00f4l v\u00a0odborn\u00fdch zru\u010dnostiach Skill Slovakia s mo\u017enos\u0165ou nomin\u00e1cie v\u00ed\u0165azov na medzin\u00e1rodn\u00fa s\u00fa\u0165a\u017e v\u00a0odborn\u00fdch zru\u010dnostiach EuroSkills. S\u00fa\u0165a\u017e EuroSkills 2023 sa konala 5.- 9. septembra v\u00a0Gdansku a\u00a0floristiku zastupoval v\u00ed\u0165az roku 2022 Du\u0161an Pav\u00far zo Spojenej \u0161koly Rakovice.<\/p>\n<p style=\"text-align: justify;\">N\u00e1rodnou s\u00fa\u0165a\u017eou vo viazan\u00ed a\u00a0aran\u017eovan\u00ed kvetov sa tento rok nesie \u00a0spolo\u010dn\u00e1\u00a0 t\u00e9ma &#8211; \u201e\u0160tyri \u017eivly\u201c. \u00a0Pre kateg\u00f3riu z\u00e1hradn\u00edcke \u0161koly osobitn\u00e9 zauj\u00edmav\u00e9 a\u00a0kreat\u00edvne t\u00e9my &#8211; \u201eVoda \u2013 dekor\u00e1cia do skla\u201c, \u201eOhe\u0148,\u00a0 \u201eZem\u201c. V\u00a0t\u00fdchto s\u00fa\u0165a\u017en\u00fdch \u00faloh\u00e1ch \u017eiaci uk\u00e1\u017eu svoje zru\u010dnosti, predstavivos\u0165, kreativitu a\u00a0cit pre umenie aran\u017eovania kvetov. Celkom sa do s\u00fa\u0165a\u017ee kateg\u00f3rie stredn\u00fdch odborn\u00fdch \u0161k\u00f4l prihl\u00e1silo dev\u00e4\u0165tn\u00e1s\u0165 \u017eiakov zo siedmich stredn\u00fdch \u0161k\u00f4l Slovenska. S\u00fa\u0165a\u017ee sa z\u00fa\u010dast\u0148uj\u00fa aj t\u00edmy z\u00a0Ma\u010farska a\u00a0\u010ceskej republiky. V\u00ed\u0165azi bud\u00fa oce\u0148ovan\u00ed od prv\u00e9ho po tretie miesto a\u00a0z\u00edskaj\u00fa bohat\u00e9 vecn\u00e9 ceny.<\/p>\n<p style=\"text-align: justify;\">Vyhlasovate\u013eom s\u00fa\u0165a\u017ee je Ministerstvo \u0161kolstva, vedy, v\u00fdskumu a\u00a0\u0161portu SR\u00a0 a\u00a0metodick\u00fdm gestorom \u0160t\u00e1tnym in\u0161tit\u00fatom odborn\u00e9ho vzdel\u00e1vania. Podujatie odborne podporuj\u00fa odborn\u00edci z\u00a0praxe Ing. Marek Spev\u00e1k a\u00a0Ing. Eva Stru\u010dkov\u00e1 pod garanciou Slovenskej asoci\u00e1cie kvetin\u00e1rov a\u00a0floristov a\u00a0\u010fal\u0161\u00edmi partnermi z\u00a0hospod\u00e1rskej praxe, podporou mesta Pie\u0161\u0165any a\u00a0Trnavsk\u00e9ho samospr\u00e1vneho kraja.<\/p>","protected":false},"excerpt":{"rendered":"<p>Slovensk\u00e1 asoci\u00e1cia kvetin\u00e1rov a\u00a0floristov v\u00a0Pie\u0161\u0165anoch op\u00e4\u0165 spolu s\u00a0partnermi organizuje tradi\u010dn\u00fa celo\u0161t\u00e1tnu s\u00fa\u0165a\u017e s\u00a0medzin\u00e1rodnou \u00fa\u010das\u0165ou ur\u010den\u00fa\u00a0 stredo\u0161kol\u00e1kom\u00a0 aj profesion\u00e1lom vo floristike. Jubilejn\u00fd 30. ro\u010dn\u00edk s\u00fa\u0165a\u017ee vo viazan\u00ed a\u00a0aran\u017eovan\u00ed kvetov s\u00a0medzin\u00e1rodnou \u00fa\u010das\u0165ou VICTORIA REGIA 2023 prebehne 20. septembra. \u00a0\u00a0Pred\u00a0 \u0161trn\u00e1stimi rokmi sa zaradila do syst\u00e9mu s\u00fa\u0165a\u017e\u00ed stredn\u00fdch \u0161k\u00f4l v\u00a0odborn\u00fdch zru\u010dnostiach Skill Slovakia s mo\u017enos\u0165ou nomin\u00e1cie v\u00ed\u0165azov na [&hellip;]<\/p>\n","protected":false},"author":6,"featured_media":9699,"comment_status":"closed","ping_status":"closed","sticky":false,"template":"","format":"standard","meta":{"site-sidebar-layout":"default","site-content-layout":"","ast-site-content-layout":"default","site-content-style":"default","site-sidebar-style":"default","ast-global-header-display":"","ast-banner-title-visibility":"","ast-main-header-display":"","ast-hfb-above-header-display":"","ast-hfb-below-header-display":"","ast-hfb-mobile-header-display":"","site-post-title":"","ast-breadcrumbs-content":"","ast-featured-img":"","footer-sml-layout":"","ast-disable-related-posts":"","theme-transparent-header-meta":"default","adv-header-id-meta":"","stick-header-meta":"","header-above-stick-meta":"","header-main-stick-meta":"","header-below-stick-meta":"","astra-migrate-meta-layouts":"set","ast-page-background-enabled":"default","ast-page-background-meta":{"desktop":{"background-color":"var(--ast-global-color-4)","background-image":"","background-repeat":"repeat","background-position":"center center","background-size":"auto","background-attachment":"scroll","background-type":"","background-media":"","overlay-type":"","overlay-color":"","overlay-opacity":"","overlay-gradient":""},"tablet":{"background-color":"","background-image":"","background-repeat":"repeat","background-position":"center center","background-size":"auto","background-attachment":"scroll","background-type":"","background-media":"","overlay-type":"","overlay-color":"","overlay-opacity":"","overlay-gradient":""},"mobile":{"background-color":"","background-image":"","background-repeat":"repeat","background-position":"center center","background-size":"auto","background-attachment":"scroll","background-type":"","background-media":"","overlay-type":"","overlay-color":"","overlay-opacity":"","overlay-gradient":""}},"ast-content-background-meta":{"desktop":{"background-color":"var(--ast-global-color-5)","background-image":"","background-repeat":"repeat","background-position":"center center","background-size":"auto","background-attachment":"scroll","background-type":"","background-media":"","overlay-type":"","overlay-color":"","overlay-opacity":"","overlay-gradient":""},"tablet":{"background-color":"var(--ast-global-color-5)","background-image":"","background-repeat":"repeat","background-position":"center center","background-size":"auto","background-attachment":"scroll","background-type":"","background-media":"","overlay-type":"","overlay-color":"","overlay-opacity":"","overlay-gradient":""},"mobile":{"background-color":"var(--ast-global-color-5)","background-image":"","background-repeat":"repeat","background-position":"center center","background-size":"auto","background-attachment":"scroll","background-type":"","background-media":"","overlay-type":"","overlay-color":"","overlay-opacity":"","overlay-gradient":""}},"footnotes":""},"categories":[1],"tags":[],"class_list":["post-14172","post","type-post","status-publish","format-standard","has-post-thumbnail","hentry","category-aktuality"],"yoast_head":"<!-- This site is optimized with the Yoast SEO plugin v27.5 - https:\/\/yoast.com\/product\/yoast-seo-wordpress\/ -->\n<title>Majstrovstv\u00e1 Slovenska \u201eSkills Slovakia\u201c vo floristike na sklonku septembra priv\u00edtaj\u00fa najlep\u0161\u00edch stredo\u0161kol\u00e1kov a profesion\u00e1lov v Pie\u0161\u0165anoch - \u0160IOV - \u0161t\u00e1tny in\u0161tit\u00fat odborn\u00e9ho vzdel\u00e1vania<\/title>\n<meta name=\"robots\" content=\"index, follow, max-snippet:-1, max-image-preview:large, max-video-preview:-1\" \/>\n<link rel=\"canonical\" href=\"https:\/\/archiv.siov.sk\/en\/majstrovstva-slovenska-skills-slovakia-vo-floristike-na-sklonku-septembra-privitaju-najlepsich-stredoskolakov-a-profesionalov-v-piestanoch\/\" \/>\n<meta property=\"og:locale\" content=\"en_GB\" \/>\n<meta property=\"og:type\" content=\"article\" \/>\n<meta property=\"og:title\" content=\"Majstrovstv\u00e1 Slovenska \u201eSkills Slovakia\u201c vo floristike na sklonku septembra priv\u00edtaj\u00fa najlep\u0161\u00edch stredo\u0161kol\u00e1kov a profesion\u00e1lov v Pie\u0161\u0165anoch - \u0160IOV - \u0161t\u00e1tny in\u0161tit\u00fat odborn\u00e9ho vzdel\u00e1vania\" \/>\n<meta property=\"og:description\" content=\"Slovensk\u00e1 asoci\u00e1cia kvetin\u00e1rov a\u00a0floristov v\u00a0Pie\u0161\u0165anoch op\u00e4\u0165 spolu s\u00a0partnermi organizuje tradi\u010dn\u00fa celo\u0161t\u00e1tnu s\u00fa\u0165a\u017e s\u00a0medzin\u00e1rodnou \u00fa\u010das\u0165ou ur\u010den\u00fa\u00a0 stredo\u0161kol\u00e1kom\u00a0 aj profesion\u00e1lom vo floristike. Jubilejn\u00fd 30. ro\u010dn\u00edk s\u00fa\u0165a\u017ee vo viazan\u00ed a\u00a0aran\u017eovan\u00ed kvetov s\u00a0medzin\u00e1rodnou \u00fa\u010das\u0165ou VICTORIA REGIA 2023 prebehne 20. septembra. \u00a0\u00a0Pred\u00a0 \u0161trn\u00e1stimi rokmi sa zaradila do syst\u00e9mu s\u00fa\u0165a\u017e\u00ed stredn\u00fdch \u0161k\u00f4l v\u00a0odborn\u00fdch zru\u010dnostiach Skill Slovakia s mo\u017enos\u0165ou nomin\u00e1cie v\u00ed\u0165azov na [&hellip;]\" \/>\n<meta property=\"og:url\" content=\"https:\/\/archiv.siov.sk\/en\/majstrovstva-slovenska-skills-slovakia-vo-floristike-na-sklonku-septembra-privitaju-najlepsich-stredoskolakov-a-profesionalov-v-piestanoch\/\" \/>\n<meta property=\"og:site_name\" content=\"\u0160IOV - \u0161t\u00e1tny in\u0161tit\u00fat odborn\u00e9ho vzdel\u00e1vania\" \/>\n<meta property=\"article:publisher\" content=\"https:\/\/www.facebook.com\/Statnyinstitutodbornehovzdelavania\" \/>\n<meta property=\"article:published_time\" content=\"2023-09-18T08:08:46+00:00\" \/>\n<meta property=\"article:modified_time\" content=\"2023-09-18T08:09:47+00:00\" \/>\n<meta property=\"og:image\" content=\"https:\/\/archiv.siov.sk\/wp-content\/uploads\/2021\/09\/VR.jpg\" \/>\n\t<meta property=\"og:image:width\" content=\"576\" \/>\n\t<meta property=\"og:image:height\" content=\"768\" \/>\n\t<meta property=\"og:image:type\" content=\"image\/jpeg\" \/>\n<meta name=\"author\" content=\"Katar\u00edna Kov\u00e1\u010dov\u00e1\" \/>\n<meta name=\"twitter:card\" content=\"summary_large_image\" \/>\n<meta name=\"twitter:label1\" content=\"Written by\" \/>\n\t<meta name=\"twitter:data1\" content=\"Katar\u00edna Kov\u00e1\u010dov\u00e1\" \/>\n\t<meta name=\"twitter:label2\" content=\"Estimated reading time\" \/>\n\t<meta name=\"twitter:data2\" content=\"2 minutes\" \/>\n<script type=\"application\/ld+json\" class=\"yoast-schema-graph\">{\"@context\":\"https:\\\/\\\/schema.org\",\"@graph\":[{\"@type\":\"Article\",\"@id\":\"https:\\\/\\\/archiv.siov.sk\\\/majstrovstva-slovenska-skills-slovakia-vo-floristike-na-sklonku-septembra-privitaju-najlepsich-stredoskolakov-a-profesionalov-v-piestanoch\\\/#article\",\"isPartOf\":{\"@id\":\"https:\\\/\\\/archiv.siov.sk\\\/majstrovstva-slovenska-skills-slovakia-vo-floristike-na-sklonku-septembra-privitaju-najlepsich-stredoskolakov-a-profesionalov-v-piestanoch\\\/\"},\"author\":{\"name\":\"Katar\u00edna Kov\u00e1\u010dov\u00e1\",\"@id\":\"https:\\\/\\\/archiv.siov.sk\\\/#\\\/schema\\\/person\\\/e42d633fbd958c6a726e8834d8965e6c\"},\"headline\":\"Majstrovstv\u00e1 Slovenska \u201eSkills Slovakia\u201c vo floristike na sklonku septembra priv\u00edtaj\u00fa najlep\u0161\u00edch stredo\u0161kol\u00e1kov a profesion\u00e1lov v Pie\u0161\u0165anoch\",\"datePublished\":\"2023-09-18T08:08:46+00:00\",\"dateModified\":\"2023-09-18T08:09:47+00:00\",\"mainEntityOfPage\":{\"@id\":\"https:\\\/\\\/archiv.siov.sk\\\/majstrovstva-slovenska-skills-slovakia-vo-floristike-na-sklonku-septembra-privitaju-najlepsich-stredoskolakov-a-profesionalov-v-piestanoch\\\/\"},\"wordCount\":344,\"publisher\":{\"@id\":\"https:\\\/\\\/archiv.siov.sk\\\/#organization\"},\"image\":{\"@id\":\"https:\\\/\\\/archiv.siov.sk\\\/majstrovstva-slovenska-skills-slovakia-vo-floristike-na-sklonku-septembra-privitaju-najlepsich-stredoskolakov-a-profesionalov-v-piestanoch\\\/#primaryimage\"},\"thumbnailUrl\":\"https:\\\/\\\/archiv.siov.sk\\\/wp-content\\\/uploads\\\/2021\\\/09\\\/VR.jpg\",\"articleSection\":[\"Aktuality\"],\"inLanguage\":\"en-GB\"},{\"@type\":\"WebPage\",\"@id\":\"https:\\\/\\\/archiv.siov.sk\\\/majstrovstva-slovenska-skills-slovakia-vo-floristike-na-sklonku-septembra-privitaju-najlepsich-stredoskolakov-a-profesionalov-v-piestanoch\\\/\",\"url\":\"https:\\\/\\\/archiv.siov.sk\\\/majstrovstva-slovenska-skills-slovakia-vo-floristike-na-sklonku-septembra-privitaju-najlepsich-stredoskolakov-a-profesionalov-v-piestanoch\\\/\",\"name\":\"Majstrovstv\u00e1 Slovenska \u201eSkills Slovakia\u201c vo floristike na sklonku septembra priv\u00edtaj\u00fa najlep\u0161\u00edch stredo\u0161kol\u00e1kov a profesion\u00e1lov v Pie\u0161\u0165anoch - \u0160IOV - \u0161t\u00e1tny in\u0161tit\u00fat odborn\u00e9ho vzdel\u00e1vania\",\"isPartOf\":{\"@id\":\"https:\\\/\\\/archiv.siov.sk\\\/#website\"},\"primaryImageOfPage\":{\"@id\":\"https:\\\/\\\/archiv.siov.sk\\\/majstrovstva-slovenska-skills-slovakia-vo-floristike-na-sklonku-septembra-privitaju-najlepsich-stredoskolakov-a-profesionalov-v-piestanoch\\\/#primaryimage\"},\"image\":{\"@id\":\"https:\\\/\\\/archiv.siov.sk\\\/majstrovstva-slovenska-skills-slovakia-vo-floristike-na-sklonku-septembra-privitaju-najlepsich-stredoskolakov-a-profesionalov-v-piestanoch\\\/#primaryimage\"},\"thumbnailUrl\":\"https:\\\/\\\/archiv.siov.sk\\\/wp-content\\\/uploads\\\/2021\\\/09\\\/VR.jpg\",\"datePublished\":\"2023-09-18T08:08:46+00:00\",\"dateModified\":\"2023-09-18T08:09:47+00:00\",\"breadcrumb\":{\"@id\":\"https:\\\/\\\/archiv.siov.sk\\\/majstrovstva-slovenska-skills-slovakia-vo-floristike-na-sklonku-septembra-privitaju-najlepsich-stredoskolakov-a-profesionalov-v-piestanoch\\\/#breadcrumb\"},\"inLanguage\":\"en-GB\",\"potentialAction\":[{\"@type\":\"ReadAction\",\"target\":[\"https:\\\/\\\/archiv.siov.sk\\\/majstrovstva-slovenska-skills-slovakia-vo-floristike-na-sklonku-septembra-privitaju-najlepsich-stredoskolakov-a-profesionalov-v-piestanoch\\\/\"]}]},{\"@type\":\"ImageObject\",\"inLanguage\":\"en-GB\",\"@id\":\"https:\\\/\\\/archiv.siov.sk\\\/majstrovstva-slovenska-skills-slovakia-vo-floristike-na-sklonku-septembra-privitaju-najlepsich-stredoskolakov-a-profesionalov-v-piestanoch\\\/#primaryimage\",\"url\":\"https:\\\/\\\/archiv.siov.sk\\\/wp-content\\\/uploads\\\/2021\\\/09\\\/VR.jpg\",\"contentUrl\":\"https:\\\/\\\/archiv.siov.sk\\\/wp-content\\\/uploads\\\/2021\\\/09\\\/VR.jpg\",\"width\":576,\"height\":768},{\"@type\":\"BreadcrumbList\",\"@id\":\"https:\\\/\\\/archiv.siov.sk\\\/majstrovstva-slovenska-skills-slovakia-vo-floristike-na-sklonku-septembra-privitaju-najlepsich-stredoskolakov-a-profesionalov-v-piestanoch\\\/#breadcrumb\",\"itemListElement\":[{\"@type\":\"ListItem\",\"position\":1,\"name\":\"Home\",\"item\":\"https:\\\/\\\/archiv.siov.sk\\\/\"},{\"@type\":\"ListItem\",\"position\":2,\"name\":\"Majstrovstv\u00e1 Slovenska \u201eSkills Slovakia\u201c vo floristike na sklonku septembra priv\u00edtaj\u00fa najlep\u0161\u00edch stredo\u0161kol\u00e1kov a profesion\u00e1lov v Pie\u0161\u0165anoch\"}]},{\"@type\":\"WebSite\",\"@id\":\"https:\\\/\\\/archiv.siov.sk\\\/#website\",\"url\":\"https:\\\/\\\/archiv.siov.sk\\\/\",\"name\":\"\u0160IOV - \u0161t\u00e1tny in\u0161tit\u00fat odborn\u00e9ho vzdel\u00e1vania\",\"description\":\"\",\"publisher\":{\"@id\":\"https:\\\/\\\/archiv.siov.sk\\\/#organization\"},\"potentialAction\":[{\"@type\":\"SearchAction\",\"target\":{\"@type\":\"EntryPoint\",\"urlTemplate\":\"https:\\\/\\\/archiv.siov.sk\\\/?s={search_term_string}\"},\"query-input\":{\"@type\":\"PropertyValueSpecification\",\"valueRequired\":true,\"valueName\":\"search_term_string\"}}],\"inLanguage\":\"en-GB\"},{\"@type\":\"Organization\",\"@id\":\"https:\\\/\\\/archiv.siov.sk\\\/#organization\",\"name\":\"\u0160IOV - \u0161t\u00e1tny in\u0161tit\u00fat odborn\u00e9ho vzdel\u00e1vania\",\"url\":\"https:\\\/\\\/archiv.siov.sk\\\/\",\"logo\":{\"@type\":\"ImageObject\",\"inLanguage\":\"en-GB\",\"@id\":\"https:\\\/\\\/archiv.siov.sk\\\/#\\\/schema\\\/logo\\\/image\\\/\",\"url\":\"https:\\\/\\\/archiv.siov.sk\\\/wp-content\\\/uploads\\\/2024\\\/02\\\/logo-SIOV.png\",\"contentUrl\":\"https:\\\/\\\/archiv.siov.sk\\\/wp-content\\\/uploads\\\/2024\\\/02\\\/logo-SIOV.png\",\"width\":431,\"height\":143,\"caption\":\"\u0160IOV - \u0161t\u00e1tny in\u0161tit\u00fat odborn\u00e9ho vzdel\u00e1vania\"},\"image\":{\"@id\":\"https:\\\/\\\/archiv.siov.sk\\\/#\\\/schema\\\/logo\\\/image\\\/\"},\"sameAs\":[\"https:\\\/\\\/www.facebook.com\\\/Statnyinstitutodbornehovzdelavania\"]},{\"@type\":\"Person\",\"@id\":\"https:\\\/\\\/archiv.siov.sk\\\/#\\\/schema\\\/person\\\/e42d633fbd958c6a726e8834d8965e6c\",\"name\":\"Katar\u00edna Kov\u00e1\u010dov\u00e1\",\"url\":\"https:\\\/\\\/archiv.siov.sk\\\/en\\\/author\\\/katkakovacova\\\/\"}]}<\/script>\n<!-- \/ Yoast SEO plugin. -->","yoast_head_json":{"title":"Majstrovstv\u00e1 Slovenska \u201eSkills Slovakia\u201c vo floristike na sklonku septembra priv\u00edtaj\u00fa najlep\u0161\u00edch stredo\u0161kol\u00e1kov a profesion\u00e1lov v Pie\u0161\u0165anoch - \u0160IOV - \u0161t\u00e1tny in\u0161tit\u00fat odborn\u00e9ho vzdel\u00e1vania","robots":{"index":"index","follow":"follow","max-snippet":"max-snippet:-1","max-image-preview":"max-image-preview:large","max-video-preview":"max-video-preview:-1"},"canonical":"https:\/\/archiv.siov.sk\/en\/majstrovstva-slovenska-skills-slovakia-vo-floristike-na-sklonku-septembra-privitaju-najlepsich-stredoskolakov-a-profesionalov-v-piestanoch\/","og_locale":"en_GB","og_type":"article","og_title":"Majstrovstv\u00e1 Slovenska \u201eSkills Slovakia\u201c vo floristike na sklonku septembra priv\u00edtaj\u00fa najlep\u0161\u00edch stredo\u0161kol\u00e1kov a profesion\u00e1lov v Pie\u0161\u0165anoch - \u0160IOV - \u0161t\u00e1tny in\u0161tit\u00fat odborn\u00e9ho vzdel\u00e1vania","og_description":"Slovensk\u00e1 asoci\u00e1cia kvetin\u00e1rov a\u00a0floristov v\u00a0Pie\u0161\u0165anoch op\u00e4\u0165 spolu s\u00a0partnermi organizuje tradi\u010dn\u00fa celo\u0161t\u00e1tnu s\u00fa\u0165a\u017e s\u00a0medzin\u00e1rodnou \u00fa\u010das\u0165ou ur\u010den\u00fa\u00a0 stredo\u0161kol\u00e1kom\u00a0 aj profesion\u00e1lom vo floristike. Jubilejn\u00fd 30. ro\u010dn\u00edk s\u00fa\u0165a\u017ee vo viazan\u00ed a\u00a0aran\u017eovan\u00ed kvetov s\u00a0medzin\u00e1rodnou \u00fa\u010das\u0165ou VICTORIA REGIA 2023 prebehne 20. septembra. \u00a0\u00a0Pred\u00a0 \u0161trn\u00e1stimi rokmi sa zaradila do syst\u00e9mu s\u00fa\u0165a\u017e\u00ed stredn\u00fdch \u0161k\u00f4l v\u00a0odborn\u00fdch zru\u010dnostiach Skill Slovakia s mo\u017enos\u0165ou nomin\u00e1cie v\u00ed\u0165azov na [&hellip;]","og_url":"https:\/\/archiv.siov.sk\/en\/majstrovstva-slovenska-skills-slovakia-vo-floristike-na-sklonku-septembra-privitaju-najlepsich-stredoskolakov-a-profesionalov-v-piestanoch\/","og_site_name":"\u0160IOV - \u0161t\u00e1tny in\u0161tit\u00fat odborn\u00e9ho vzdel\u00e1vania","article_publisher":"https:\/\/www.facebook.com\/Statnyinstitutodbornehovzdelavania","article_published_time":"2023-09-18T08:08:46+00:00","article_modified_time":"2023-09-18T08:09:47+00:00","og_image":[{"width":576,"height":768,"url":"https:\/\/archiv.siov.sk\/wp-content\/uploads\/2021\/09\/VR.jpg","type":"image\/jpeg"}],"author":"Katar\u00edna Kov\u00e1\u010dov\u00e1","twitter_card":"summary_large_image","twitter_misc":{"Written by":"Katar\u00edna Kov\u00e1\u010dov\u00e1","Estimated reading time":"2 minutes"},"schema":{"@context":"https:\/\/schema.org","@graph":[{"@type":"Article","@id":"https:\/\/archiv.siov.sk\/majstrovstva-slovenska-skills-slovakia-vo-floristike-na-sklonku-septembra-privitaju-najlepsich-stredoskolakov-a-profesionalov-v-piestanoch\/#article","isPartOf":{"@id":"https:\/\/archiv.siov.sk\/majstrovstva-slovenska-skills-slovakia-vo-floristike-na-sklonku-septembra-privitaju-najlepsich-stredoskolakov-a-profesionalov-v-piestanoch\/"},"author":{"name":"Katar\u00edna Kov\u00e1\u010dov\u00e1","@id":"https:\/\/archiv.siov.sk\/#\/schema\/person\/e42d633fbd958c6a726e8834d8965e6c"},"headline":"Majstrovstv\u00e1 Slovenska \u201eSkills Slovakia\u201c vo floristike na sklonku septembra priv\u00edtaj\u00fa najlep\u0161\u00edch stredo\u0161kol\u00e1kov a profesion\u00e1lov v Pie\u0161\u0165anoch","datePublished":"2023-09-18T08:08:46+00:00","dateModified":"2023-09-18T08:09:47+00:00","mainEntityOfPage":{"@id":"https:\/\/archiv.siov.sk\/majstrovstva-slovenska-skills-slovakia-vo-floristike-na-sklonku-septembra-privitaju-najlepsich-stredoskolakov-a-profesionalov-v-piestanoch\/"},"wordCount":344,"publisher":{"@id":"https:\/\/archiv.siov.sk\/#organization"},"image":{"@id":"https:\/\/archiv.siov.sk\/majstrovstva-slovenska-skills-slovakia-vo-floristike-na-sklonku-septembra-privitaju-najlepsich-stredoskolakov-a-profesionalov-v-piestanoch\/#primaryimage"},"thumbnailUrl":"https:\/\/archiv.siov.sk\/wp-content\/uploads\/2021\/09\/VR.jpg","articleSection":["Aktuality"],"inLanguage":"en-GB"},{"@type":"WebPage","@id":"https:\/\/archiv.siov.sk\/majstrovstva-slovenska-skills-slovakia-vo-floristike-na-sklonku-septembra-privitaju-najlepsich-stredoskolakov-a-profesionalov-v-piestanoch\/","url":"https:\/\/archiv.siov.sk\/majstrovstva-slovenska-skills-slovakia-vo-floristike-na-sklonku-septembra-privitaju-najlepsich-stredoskolakov-a-profesionalov-v-piestanoch\/","name":"Majstrovstv\u00e1 Slovenska \u201eSkills Slovakia\u201c vo floristike na sklonku septembra priv\u00edtaj\u00fa najlep\u0161\u00edch stredo\u0161kol\u00e1kov a profesion\u00e1lov v Pie\u0161\u0165anoch - \u0160IOV - \u0161t\u00e1tny in\u0161tit\u00fat odborn\u00e9ho vzdel\u00e1vania","isPartOf":{"@id":"https:\/\/archiv.siov.sk\/#website"},"primaryImageOfPage":{"@id":"https:\/\/archiv.siov.sk\/majstrovstva-slovenska-skills-slovakia-vo-floristike-na-sklonku-septembra-privitaju-najlepsich-stredoskolakov-a-profesionalov-v-piestanoch\/#primaryimage"},"image":{"@id":"https:\/\/archiv.siov.sk\/majstrovstva-slovenska-skills-slovakia-vo-floristike-na-sklonku-septembra-privitaju-najlepsich-stredoskolakov-a-profesionalov-v-piestanoch\/#primaryimage"},"thumbnailUrl":"https:\/\/archiv.siov.sk\/wp-content\/uploads\/2021\/09\/VR.jpg","datePublished":"2023-09-18T08:08:46+00:00","dateModified":"2023-09-18T08:09:47+00:00","breadcrumb":{"@id":"https:\/\/archiv.siov.sk\/majstrovstva-slovenska-skills-slovakia-vo-floristike-na-sklonku-septembra-privitaju-najlepsich-stredoskolakov-a-profesionalov-v-piestanoch\/#breadcrumb"},"inLanguage":"en-GB","potentialAction":[{"@type":"ReadAction","target":["https:\/\/archiv.siov.sk\/majstrovstva-slovenska-skills-slovakia-vo-floristike-na-sklonku-septembra-privitaju-najlepsich-stredoskolakov-a-profesionalov-v-piestanoch\/"]}]},{"@type":"ImageObject","inLanguage":"en-GB","@id":"https:\/\/archiv.siov.sk\/majstrovstva-slovenska-skills-slovakia-vo-floristike-na-sklonku-septembra-privitaju-najlepsich-stredoskolakov-a-profesionalov-v-piestanoch\/#primaryimage","url":"https:\/\/archiv.siov.sk\/wp-content\/uploads\/2021\/09\/VR.jpg","contentUrl":"https:\/\/archiv.siov.sk\/wp-content\/uploads\/2021\/09\/VR.jpg","width":576,"height":768},{"@type":"BreadcrumbList","@id":"https:\/\/archiv.siov.sk\/majstrovstva-slovenska-skills-slovakia-vo-floristike-na-sklonku-septembra-privitaju-najlepsich-stredoskolakov-a-profesionalov-v-piestanoch\/#breadcrumb","itemListElement":[{"@type":"ListItem","position":1,"name":"Home","item":"https:\/\/archiv.siov.sk\/"},{"@type":"ListItem","position":2,"name":"Majstrovstv\u00e1 Slovenska \u201eSkills Slovakia\u201c vo floristike na sklonku septembra priv\u00edtaj\u00fa najlep\u0161\u00edch stredo\u0161kol\u00e1kov a profesion\u00e1lov v Pie\u0161\u0165anoch"}]},{"@type":"WebSite","@id":"https:\/\/archiv.siov.sk\/#website","url":"https:\/\/archiv.siov.sk\/","name":"\u0160IOV - \u0161t\u00e1tny in\u0161tit\u00fat odborn\u00e9ho vzdel\u00e1vania","description":"","publisher":{"@id":"https:\/\/archiv.siov.sk\/#organization"},"potentialAction":[{"@type":"SearchAction","target":{"@type":"EntryPoint","urlTemplate":"https:\/\/archiv.siov.sk\/?s={search_term_string}"},"query-input":{"@type":"PropertyValueSpecification","valueRequired":true,"valueName":"search_term_string"}}],"inLanguage":"en-GB"},{"@type":"Organization","@id":"https:\/\/archiv.siov.sk\/#organization","name":"\u0160IOV - \u0161t\u00e1tny in\u0161tit\u00fat odborn\u00e9ho vzdel\u00e1vania","url":"https:\/\/archiv.siov.sk\/","logo":{"@type":"ImageObject","inLanguage":"en-GB","@id":"https:\/\/archiv.siov.sk\/#\/schema\/logo\/image\/","url":"https:\/\/archiv.siov.sk\/wp-content\/uploads\/2024\/02\/logo-SIOV.png","contentUrl":"https:\/\/archiv.siov.sk\/wp-content\/uploads\/2024\/02\/logo-SIOV.png","width":431,"height":143,"caption":"\u0160IOV - \u0161t\u00e1tny in\u0161tit\u00fat odborn\u00e9ho vzdel\u00e1vania"},"image":{"@id":"https:\/\/archiv.siov.sk\/#\/schema\/logo\/image\/"},"sameAs":["https:\/\/www.facebook.com\/Statnyinstitutodbornehovzdelavania"]},{"@type":"Person","@id":"https:\/\/archiv.siov.sk\/#\/schema\/person\/e42d633fbd958c6a726e8834d8965e6c","name":"Katar\u00edna Kov\u00e1\u010dov\u00e1","url":"https:\/\/archiv.siov.sk\/en\/author\/katkakovacova\/"}]}},"_links":{"self":[{"href":"https:\/\/archiv.siov.sk\/en\/wp-json\/wp\/v2\/posts\/14172","targetHints":{"allow":["GET"]}}],"collection":[{"href":"https:\/\/archiv.siov.sk\/en\/wp-json\/wp\/v2\/posts"}],"about":[{"href":"https:\/\/archiv.siov.sk\/en\/wp-json\/wp\/v2\/types\/post"}],"author":[{"embeddable":true,"href":"https:\/\/archiv.siov.sk\/en\/wp-json\/wp\/v2\/users\/6"}],"replies":[{"embeddable":true,"href":"https:\/\/archiv.siov.sk\/en\/wp-json\/wp\/v2\/comments?post=14172"}],"version-history":[{"count":2,"href":"https:\/\/archiv.siov.sk\/en\/wp-json\/wp\/v2\/posts\/14172\/revisions"}],"predecessor-version":[{"id":14174,"href":"https:\/\/archiv.siov.sk\/en\/wp-json\/wp\/v2\/posts\/14172\/revisions\/14174"}],"wp:featuredmedia":[{"embeddable":true,"href":"https:\/\/archiv.siov.sk\/en\/wp-json\/wp\/v2\/media\/9699"}],"wp:attachment":[{"href":"https:\/\/archiv.siov.sk\/en\/wp-json\/wp\/v2\/media?parent=14172"}],"wp:term":[{"taxonomy":"category","embeddable":true,"href":"https:\/\/archiv.siov.sk\/en\/wp-json\/wp\/v2\/categories?post=14172"},{"taxonomy":"post_tag","embeddable":true,"href":"https:\/\/archiv.siov.sk\/en\/wp-json\/wp\/v2\/tags?post=14172"}],"curies":[{"name":"wp","href":"https:\/\/api.w.org\/{rel}","templated":true}]}}