{"id":14147,"date":"2023-09-11T14:57:41","date_gmt":"2023-09-11T12:57:41","guid":{"rendered":"https:\/\/archiv.siov.sk\/?p=14147"},"modified":"2025-07-03T13:54:35","modified_gmt":"2025-07-03T11:54:35","slug":"festival-zrucnosti-2023","status":"publish","type":"post","link":"https:\/\/archiv.siov.sk\/en\/festival-zrucnosti-2023\/","title":{"rendered":"Festival Zru\u010dnost\u00ed 2023"},"content":{"rendered":"<p><strong>Poz\u00fdvame v\u00e1s na FESTIVAL ZRU\u010cNOST\u00cd 2023<\/strong><\/p>\n<p>\u0160t\u00e1tny in\u0161tit\u00fat odborn\u00e9ho vzdel\u00e1vania v\u00a0spolupr\u00e1ci s Ministerstvom \u0161kolstva, vedy, v\u00fdskumu a\u00a0\u0161portu SR V\u00e1s poz\u00fdvaj\u00fa na <strong><a href=\"https:\/\/mesiacvzdelavania.sk\/festival-zrucnosti-2\/\">FESTIVAL ZRU\u010cNOST\u00cd 2023<\/a><\/strong> v d\u0148och 25. \u2013 29. septembra 2023. ktor\u00fd je s\u00fa\u010das\u0165ou Eur\u00f3pskeho roka zru\u010dnost\u00ed.<\/p>\n<p>Festival pribl\u00ed\u017ei r\u00f4zne poh\u013eady a pr\u00edstupy k rozvoju zru\u010dnost\u00ed na Slovensku, aj na pripravenos\u0165 Slovenska na s\u00fa\u010dasn\u00fa dynamiku spolo\u010dnosti a ekonomiky, r\u00fdchle napredovanie technol\u00f3gi\u00ed\u00a0 v ostatn\u00fdch rokoch. Po\u010das cel\u00e9ho t\u00fd\u017ed\u0148a sa m\u00f4\u017eete zapoji\u0165 do r\u00f4znych vzdel\u00e1vac\u00edch podujat\u00ed so zameran\u00edm na r\u00f4zne zru\u010dnosti a diskusi\u00ed s tvorcami vzdel\u00e1vac\u00edch polit\u00edk, z\u00e1stupcami verejn\u00fdch in\u0161tit\u00faci\u00ed, vzdel\u00e1vac\u00edch organiz\u00e1ci\u00ed, podnikov, expertmi, lektormi, u\u010diacimi sa a \u010fal\u0161\u00edmi, kto maj\u00fa \u010do poveda\u0165 k rozvoju zru\u010dnost\u00ed.<\/p>\n<p>FESTIVAL ZRU\u010cNOST\u00cd 2023 otvor\u00ed konferencia <strong>Zru\u010dnosti pre na\u0161u bud\u00facnos\u0165<\/strong> d\u0148a 25. 9. 2023 v\u00a0hoteli Park Inn v\u00a0Bratislave.<\/p>\n<p>V\u00a0d\u0148och 26. &#8211; 29. septembra 2023 si m\u00f4\u017eete vybra\u0165 z\u00a0nasleduj\u00facich podujat\u00ed:<\/p>\n<p><a href=\"https:\/\/archiv.siov.sk\/wp-content\/uploads\/2023\/09\/Harmonogram-podujati_Festival-zrucnosti-1.pdf\" target=\"_blank\" rel=\"noopener\"><strong>HARMONOGRAM PODUJAT\u00cd<\/strong><\/a><\/p>\n<p style=\"text-align: justify;\">Rok 2023 vyhl\u00e1sila Eur\u00f3pska komisia za\u00a0<strong><a href=\"https:\/\/year-of-skills.europa.eu\/about_en\">Eur\u00f3psky rok zru\u010dnost\u00ed<\/a>.<\/strong>\u00a0Jeho cie\u013eom je pom\u00f4c\u0165 \u013eu\u010fom z\u00edska\u0165 spr\u00e1vne zru\u010dnosti pre kvalitn\u00e9 pracovn\u00e9 miesta a\u00a0podpori\u0165 spolo\u010dnosti pri rie\u0161en\u00ed nedostatku kvalifikovan\u00fdch pracovn\u00edkov v\u00a0Eur\u00f3pe, ale aj\u00a0 pri rozvoji zru\u010dnost\u00ed d\u00f4le\u017eit\u00fdch pre dlhodob\u00fd udr\u017eate\u013en\u00fd rast, konkurencieschopnos\u0165 a\u00a0soci\u00e1lne spravodliv\u00fd ekologick\u00fd a digit\u00e1lny prechod.<\/p>\n<figure id=\"attachment_19606\" aria-describedby=\"caption-attachment-19606\" style=\"width: 450px\" class=\"wp-caption aligncenter\"><img fetchpriority=\"high\" decoding=\"async\" class=\"wp-image-19606\" src=\"https:\/\/archiv.siov.sk\/wp-content\/uploads\/2025\/06\/spolufinancovane-EU-300x86.png\" alt=\"spolufinancovany EU logo\" width=\"450\" height=\"128\" srcset=\"https:\/\/archiv.siov.sk\/wp-content\/uploads\/2025\/06\/spolufinancovane-EU-300x86.png 300w, https:\/\/archiv.siov.sk\/wp-content\/uploads\/2025\/06\/spolufinancovane-EU-18x5.png 18w, https:\/\/archiv.siov.sk\/wp-content\/uploads\/2025\/06\/spolufinancovane-EU.png 600w\" sizes=\"(max-width: 450px) 100vw, 450px\" \/><figcaption id=\"caption-attachment-19606\" class=\"wp-caption-text\">Financovan\u00e9 Eur\u00f3pskou \u00faniou. Vyjadren\u00e9 n\u00e1zory a postoje s\u00fa n\u00e1zormi a vyhl\u00e1seniami autora a nemusia nevyhnutne odr\u00e1\u017ea\u0165 n\u00e1zory a stanovisk\u00e1 Eur\u00f3pskej \u00fanie alebo Eur\u00f3pskej v\u00fdkonnej agent\u00fary pre vzdel\u00e1vanie a kult\u00faru (EACEA). Eur\u00f3pska \u00fania ani EACEA za ne nepreberaj\u00fa \u017eiadnu zodpovednos\u0165.<\/figcaption><\/figure>","protected":false},"excerpt":{"rendered":"<p>Poz\u00fdvame v\u00e1s na FESTIVAL ZRU\u010cNOST\u00cd 2023 \u0160t\u00e1tny in\u0161tit\u00fat odborn\u00e9ho vzdel\u00e1vania v\u00a0spolupr\u00e1ci s Ministerstvom \u0161kolstva, vedy, v\u00fdskumu a\u00a0\u0161portu SR V\u00e1s poz\u00fdvaj\u00fa na FESTIVAL ZRU\u010cNOST\u00cd 2023 v d\u0148och 25. \u2013 29. septembra 2023. ktor\u00fd je s\u00fa\u010das\u0165ou Eur\u00f3pskeho roka zru\u010dnost\u00ed. Festival pribl\u00ed\u017ei r\u00f4zne poh\u013eady a pr\u00edstupy k rozvoju zru\u010dnost\u00ed na Slovensku, aj na pripravenos\u0165 Slovenska na s\u00fa\u010dasn\u00fa dynamiku [&hellip;]<\/p>\n","protected":false},"author":4,"featured_media":14151,"comment_status":"closed","ping_status":"closed","sticky":false,"template":"","format":"standard","meta":{"site-sidebar-layout":"default","site-content-layout":"","ast-site-content-layout":"default","site-content-style":"default","site-sidebar-style":"default","ast-global-header-display":"","ast-banner-title-visibility":"","ast-main-header-display":"","ast-hfb-above-header-display":"","ast-hfb-below-header-display":"","ast-hfb-mobile-header-display":"","site-post-title":"","ast-breadcrumbs-content":"","ast-featured-img":"","footer-sml-layout":"","ast-disable-related-posts":"","theme-transparent-header-meta":"default","adv-header-id-meta":"","stick-header-meta":"default","header-above-stick-meta":"","header-main-stick-meta":"","header-below-stick-meta":"","astra-migrate-meta-layouts":"set","ast-page-background-enabled":"default","ast-page-background-meta":{"desktop":{"background-color":"var(--ast-global-color-4)","background-image":"","background-repeat":"repeat","background-position":"center center","background-size":"auto","background-attachment":"scroll","background-type":"","background-media":"","overlay-type":"","overlay-color":"","overlay-opacity":"","overlay-gradient":""},"tablet":{"background-color":"","background-image":"","background-repeat":"repeat","background-position":"center center","background-size":"auto","background-attachment":"scroll","background-type":"","background-media":"","overlay-type":"","overlay-color":"","overlay-opacity":"","overlay-gradient":""},"mobile":{"background-color":"","background-image":"","background-repeat":"repeat","background-position":"center center","background-size":"auto","background-attachment":"scroll","background-type":"","background-media":"","overlay-type":"","overlay-color":"","overlay-opacity":"","overlay-gradient":""}},"ast-content-background-meta":{"desktop":{"background-color":"var(--ast-global-color-5)","background-image":"","background-repeat":"repeat","background-position":"center center","background-size":"auto","background-attachment":"scroll","background-type":"","background-media":"","overlay-type":"","overlay-color":"","overlay-opacity":"","overlay-gradient":""},"tablet":{"background-color":"var(--ast-global-color-5)","background-image":"","background-repeat":"repeat","background-position":"center center","background-size":"auto","background-attachment":"scroll","background-type":"","background-media":"","overlay-type":"","overlay-color":"","overlay-opacity":"","overlay-gradient":""},"mobile":{"background-color":"var(--ast-global-color-5)","background-image":"","background-repeat":"repeat","background-position":"center center","background-size":"auto","background-attachment":"scroll","background-type":"","background-media":"","overlay-type":"","overlay-color":"","overlay-opacity":"","overlay-gradient":""}},"footnotes":""},"categories":[1],"tags":[],"class_list":["post-14147","post","type-post","status-publish","format-standard","has-post-thumbnail","hentry","category-aktuality"],"yoast_head":"<!-- This site is optimized with the Yoast SEO plugin v27.5 - https:\/\/yoast.com\/product\/yoast-seo-wordpress\/ -->\n<title>Festival Zru\u010dnost\u00ed 2023 - \u0160IOV - \u0161t\u00e1tny in\u0161tit\u00fat odborn\u00e9ho vzdel\u00e1vania<\/title>\n<meta name=\"description\" content=\"\u0160t\u00e1tny in\u0161tit\u00fat odborn\u00e9ho vzdel\u00e1vania v\u00a0spolupr\u00e1ci s Ministerstvom \u0161kolstva, vedy, v\u00fdskumu a\u00a0\u0161portu V\u00e1s poz\u00fdvaj\u00fa na FESTIVAL ZRU\u010cNOST\u00cd 2023\" \/>\n<meta name=\"robots\" content=\"index, follow, max-snippet:-1, max-image-preview:large, max-video-preview:-1\" \/>\n<link rel=\"canonical\" href=\"https:\/\/archiv.siov.sk\/en\/festival-zrucnosti-2023\/\" \/>\n<meta property=\"og:locale\" content=\"en_GB\" \/>\n<meta property=\"og:type\" content=\"article\" \/>\n<meta property=\"og:title\" content=\"Festival Zru\u010dnost\u00ed 2023 - \u0160IOV - \u0161t\u00e1tny in\u0161tit\u00fat odborn\u00e9ho vzdel\u00e1vania\" \/>\n<meta property=\"og:description\" content=\"\u0160t\u00e1tny in\u0161tit\u00fat odborn\u00e9ho vzdel\u00e1vania v\u00a0spolupr\u00e1ci s Ministerstvom \u0161kolstva, vedy, v\u00fdskumu a\u00a0\u0161portu V\u00e1s poz\u00fdvaj\u00fa na FESTIVAL ZRU\u010cNOST\u00cd 2023\" \/>\n<meta property=\"og:url\" content=\"https:\/\/archiv.siov.sk\/en\/festival-zrucnosti-2023\/\" \/>\n<meta property=\"og:site_name\" content=\"\u0160IOV - \u0161t\u00e1tny in\u0161tit\u00fat odborn\u00e9ho vzdel\u00e1vania\" \/>\n<meta property=\"article:publisher\" content=\"https:\/\/www.facebook.com\/Statnyinstitutodbornehovzdelavania\" \/>\n<meta property=\"article:published_time\" content=\"2023-09-11T12:57:41+00:00\" \/>\n<meta property=\"article:modified_time\" content=\"2025-07-03T11:54:35+00:00\" \/>\n<meta property=\"og:image\" content=\"https:\/\/archiv.siov.sk\/wp-content\/uploads\/2023\/09\/festival-banner-zahlavie-1.png\" \/>\n\t<meta property=\"og:image:width\" content=\"1050\" \/>\n\t<meta property=\"og:image:height\" content=\"350\" \/>\n\t<meta property=\"og:image:type\" content=\"image\/png\" \/>\n<meta name=\"author\" content=\"Tom\u00e1\u0161 Rus\u0148\u00e1k\" \/>\n<meta name=\"twitter:card\" content=\"summary_large_image\" \/>\n<meta name=\"twitter:label1\" content=\"Written by\" \/>\n\t<meta name=\"twitter:data1\" content=\"Tom\u00e1\u0161 Rus\u0148\u00e1k\" \/>\n\t<meta name=\"twitter:label2\" content=\"Estimated reading time\" \/>\n\t<meta name=\"twitter:data2\" content=\"2 minutes\" \/>\n<script type=\"application\/ld+json\" class=\"yoast-schema-graph\">{\"@context\":\"https:\\\/\\\/schema.org\",\"@graph\":[{\"@type\":\"Article\",\"@id\":\"https:\\\/\\\/archiv.siov.sk\\\/festival-zrucnosti-2023\\\/#article\",\"isPartOf\":{\"@id\":\"https:\\\/\\\/archiv.siov.sk\\\/festival-zrucnosti-2023\\\/\"},\"author\":{\"name\":\"Tom\u00e1\u0161 Rus\u0148\u00e1k\",\"@id\":\"https:\\\/\\\/archiv.siov.sk\\\/#\\\/schema\\\/person\\\/cd5e238f461d845b603811e5c041307d\"},\"headline\":\"Festival Zru\u010dnost\u00ed 2023\",\"datePublished\":\"2023-09-11T12:57:41+00:00\",\"dateModified\":\"2025-07-03T11:54:35+00:00\",\"mainEntityOfPage\":{\"@id\":\"https:\\\/\\\/archiv.siov.sk\\\/festival-zrucnosti-2023\\\/\"},\"wordCount\":320,\"publisher\":{\"@id\":\"https:\\\/\\\/archiv.siov.sk\\\/#organization\"},\"image\":{\"@id\":\"https:\\\/\\\/archiv.siov.sk\\\/festival-zrucnosti-2023\\\/#primaryimage\"},\"thumbnailUrl\":\"https:\\\/\\\/archiv.siov.sk\\\/wp-content\\\/uploads\\\/2023\\\/09\\\/festival-banner-zahlavie-1.png\",\"articleSection\":[\"Aktuality\"],\"inLanguage\":\"en-GB\"},{\"@type\":\"WebPage\",\"@id\":\"https:\\\/\\\/archiv.siov.sk\\\/festival-zrucnosti-2023\\\/\",\"url\":\"https:\\\/\\\/archiv.siov.sk\\\/festival-zrucnosti-2023\\\/\",\"name\":\"Festival Zru\u010dnost\u00ed 2023 - \u0160IOV - \u0161t\u00e1tny in\u0161tit\u00fat odborn\u00e9ho vzdel\u00e1vania\",\"isPartOf\":{\"@id\":\"https:\\\/\\\/archiv.siov.sk\\\/#website\"},\"primaryImageOfPage\":{\"@id\":\"https:\\\/\\\/archiv.siov.sk\\\/festival-zrucnosti-2023\\\/#primaryimage\"},\"image\":{\"@id\":\"https:\\\/\\\/archiv.siov.sk\\\/festival-zrucnosti-2023\\\/#primaryimage\"},\"thumbnailUrl\":\"https:\\\/\\\/archiv.siov.sk\\\/wp-content\\\/uploads\\\/2023\\\/09\\\/festival-banner-zahlavie-1.png\",\"datePublished\":\"2023-09-11T12:57:41+00:00\",\"dateModified\":\"2025-07-03T11:54:35+00:00\",\"description\":\"\u0160t\u00e1tny in\u0161tit\u00fat odborn\u00e9ho vzdel\u00e1vania v\u00a0spolupr\u00e1ci s Ministerstvom \u0161kolstva, vedy, v\u00fdskumu a\u00a0\u0161portu V\u00e1s poz\u00fdvaj\u00fa na FESTIVAL ZRU\u010cNOST\u00cd 2023\",\"breadcrumb\":{\"@id\":\"https:\\\/\\\/archiv.siov.sk\\\/festival-zrucnosti-2023\\\/#breadcrumb\"},\"inLanguage\":\"en-GB\",\"potentialAction\":[{\"@type\":\"ReadAction\",\"target\":[\"https:\\\/\\\/archiv.siov.sk\\\/festival-zrucnosti-2023\\\/\"]}]},{\"@type\":\"ImageObject\",\"inLanguage\":\"en-GB\",\"@id\":\"https:\\\/\\\/archiv.siov.sk\\\/festival-zrucnosti-2023\\\/#primaryimage\",\"url\":\"https:\\\/\\\/archiv.siov.sk\\\/wp-content\\\/uploads\\\/2023\\\/09\\\/festival-banner-zahlavie-1.png\",\"contentUrl\":\"https:\\\/\\\/archiv.siov.sk\\\/wp-content\\\/uploads\\\/2023\\\/09\\\/festival-banner-zahlavie-1.png\",\"width\":1050,\"height\":350},{\"@type\":\"BreadcrumbList\",\"@id\":\"https:\\\/\\\/archiv.siov.sk\\\/festival-zrucnosti-2023\\\/#breadcrumb\",\"itemListElement\":[{\"@type\":\"ListItem\",\"position\":1,\"name\":\"Home\",\"item\":\"https:\\\/\\\/archiv.siov.sk\\\/\"},{\"@type\":\"ListItem\",\"position\":2,\"name\":\"Festival Zru\u010dnost\u00ed 2023\"}]},{\"@type\":\"WebSite\",\"@id\":\"https:\\\/\\\/archiv.siov.sk\\\/#website\",\"url\":\"https:\\\/\\\/archiv.siov.sk\\\/\",\"name\":\"\u0160IOV - \u0161t\u00e1tny in\u0161tit\u00fat odborn\u00e9ho vzdel\u00e1vania\",\"description\":\"\",\"publisher\":{\"@id\":\"https:\\\/\\\/archiv.siov.sk\\\/#organization\"},\"potentialAction\":[{\"@type\":\"SearchAction\",\"target\":{\"@type\":\"EntryPoint\",\"urlTemplate\":\"https:\\\/\\\/archiv.siov.sk\\\/?s={search_term_string}\"},\"query-input\":{\"@type\":\"PropertyValueSpecification\",\"valueRequired\":true,\"valueName\":\"search_term_string\"}}],\"inLanguage\":\"en-GB\"},{\"@type\":\"Organization\",\"@id\":\"https:\\\/\\\/archiv.siov.sk\\\/#organization\",\"name\":\"\u0160IOV - \u0161t\u00e1tny in\u0161tit\u00fat odborn\u00e9ho vzdel\u00e1vania\",\"url\":\"https:\\\/\\\/archiv.siov.sk\\\/\",\"logo\":{\"@type\":\"ImageObject\",\"inLanguage\":\"en-GB\",\"@id\":\"https:\\\/\\\/archiv.siov.sk\\\/#\\\/schema\\\/logo\\\/image\\\/\",\"url\":\"https:\\\/\\\/archiv.siov.sk\\\/wp-content\\\/uploads\\\/2024\\\/02\\\/logo-SIOV.png\",\"contentUrl\":\"https:\\\/\\\/archiv.siov.sk\\\/wp-content\\\/uploads\\\/2024\\\/02\\\/logo-SIOV.png\",\"width\":431,\"height\":143,\"caption\":\"\u0160IOV - \u0161t\u00e1tny in\u0161tit\u00fat odborn\u00e9ho vzdel\u00e1vania\"},\"image\":{\"@id\":\"https:\\\/\\\/archiv.siov.sk\\\/#\\\/schema\\\/logo\\\/image\\\/\"},\"sameAs\":[\"https:\\\/\\\/www.facebook.com\\\/Statnyinstitutodbornehovzdelavania\"]},{\"@type\":\"Person\",\"@id\":\"https:\\\/\\\/archiv.siov.sk\\\/#\\\/schema\\\/person\\\/cd5e238f461d845b603811e5c041307d\",\"name\":\"Tom\u00e1\u0161 Rus\u0148\u00e1k\",\"url\":\"https:\\\/\\\/archiv.siov.sk\\\/en\\\/author\\\/adminsiov\\\/\"}]}<\/script>\n<!-- \/ Yoast SEO plugin. -->","yoast_head_json":{"title":"Festival Zru\u010dnost\u00ed 2023 - \u0160IOV - \u0161t\u00e1tny in\u0161tit\u00fat odborn\u00e9ho vzdel\u00e1vania","description":"\u0160t\u00e1tny in\u0161tit\u00fat odborn\u00e9ho vzdel\u00e1vania v\u00a0spolupr\u00e1ci s Ministerstvom \u0161kolstva, vedy, v\u00fdskumu a\u00a0\u0161portu V\u00e1s poz\u00fdvaj\u00fa na FESTIVAL ZRU\u010cNOST\u00cd 2023","robots":{"index":"index","follow":"follow","max-snippet":"max-snippet:-1","max-image-preview":"max-image-preview:large","max-video-preview":"max-video-preview:-1"},"canonical":"https:\/\/archiv.siov.sk\/en\/festival-zrucnosti-2023\/","og_locale":"en_GB","og_type":"article","og_title":"Festival Zru\u010dnost\u00ed 2023 - \u0160IOV - \u0161t\u00e1tny in\u0161tit\u00fat odborn\u00e9ho vzdel\u00e1vania","og_description":"\u0160t\u00e1tny in\u0161tit\u00fat odborn\u00e9ho vzdel\u00e1vania v\u00a0spolupr\u00e1ci s Ministerstvom \u0161kolstva, vedy, v\u00fdskumu a\u00a0\u0161portu V\u00e1s poz\u00fdvaj\u00fa na FESTIVAL ZRU\u010cNOST\u00cd 2023","og_url":"https:\/\/archiv.siov.sk\/en\/festival-zrucnosti-2023\/","og_site_name":"\u0160IOV - \u0161t\u00e1tny in\u0161tit\u00fat odborn\u00e9ho vzdel\u00e1vania","article_publisher":"https:\/\/www.facebook.com\/Statnyinstitutodbornehovzdelavania","article_published_time":"2023-09-11T12:57:41+00:00","article_modified_time":"2025-07-03T11:54:35+00:00","og_image":[{"width":1050,"height":350,"url":"https:\/\/archiv.siov.sk\/wp-content\/uploads\/2023\/09\/festival-banner-zahlavie-1.png","type":"image\/png"}],"author":"Tom\u00e1\u0161 Rus\u0148\u00e1k","twitter_card":"summary_large_image","twitter_misc":{"Written by":"Tom\u00e1\u0161 Rus\u0148\u00e1k","Estimated reading time":"2 minutes"},"schema":{"@context":"https:\/\/schema.org","@graph":[{"@type":"Article","@id":"https:\/\/archiv.siov.sk\/festival-zrucnosti-2023\/#article","isPartOf":{"@id":"https:\/\/archiv.siov.sk\/festival-zrucnosti-2023\/"},"author":{"name":"Tom\u00e1\u0161 Rus\u0148\u00e1k","@id":"https:\/\/archiv.siov.sk\/#\/schema\/person\/cd5e238f461d845b603811e5c041307d"},"headline":"Festival Zru\u010dnost\u00ed 2023","datePublished":"2023-09-11T12:57:41+00:00","dateModified":"2025-07-03T11:54:35+00:00","mainEntityOfPage":{"@id":"https:\/\/archiv.siov.sk\/festival-zrucnosti-2023\/"},"wordCount":320,"publisher":{"@id":"https:\/\/archiv.siov.sk\/#organization"},"image":{"@id":"https:\/\/archiv.siov.sk\/festival-zrucnosti-2023\/#primaryimage"},"thumbnailUrl":"https:\/\/archiv.siov.sk\/wp-content\/uploads\/2023\/09\/festival-banner-zahlavie-1.png","articleSection":["Aktuality"],"inLanguage":"en-GB"},{"@type":"WebPage","@id":"https:\/\/archiv.siov.sk\/festival-zrucnosti-2023\/","url":"https:\/\/archiv.siov.sk\/festival-zrucnosti-2023\/","name":"Festival Zru\u010dnost\u00ed 2023 - \u0160IOV - \u0161t\u00e1tny in\u0161tit\u00fat odborn\u00e9ho vzdel\u00e1vania","isPartOf":{"@id":"https:\/\/archiv.siov.sk\/#website"},"primaryImageOfPage":{"@id":"https:\/\/archiv.siov.sk\/festival-zrucnosti-2023\/#primaryimage"},"image":{"@id":"https:\/\/archiv.siov.sk\/festival-zrucnosti-2023\/#primaryimage"},"thumbnailUrl":"https:\/\/archiv.siov.sk\/wp-content\/uploads\/2023\/09\/festival-banner-zahlavie-1.png","datePublished":"2023-09-11T12:57:41+00:00","dateModified":"2025-07-03T11:54:35+00:00","description":"\u0160t\u00e1tny in\u0161tit\u00fat odborn\u00e9ho vzdel\u00e1vania v\u00a0spolupr\u00e1ci s Ministerstvom \u0161kolstva, vedy, v\u00fdskumu a\u00a0\u0161portu V\u00e1s poz\u00fdvaj\u00fa na FESTIVAL ZRU\u010cNOST\u00cd 2023","breadcrumb":{"@id":"https:\/\/archiv.siov.sk\/festival-zrucnosti-2023\/#breadcrumb"},"inLanguage":"en-GB","potentialAction":[{"@type":"ReadAction","target":["https:\/\/archiv.siov.sk\/festival-zrucnosti-2023\/"]}]},{"@type":"ImageObject","inLanguage":"en-GB","@id":"https:\/\/archiv.siov.sk\/festival-zrucnosti-2023\/#primaryimage","url":"https:\/\/archiv.siov.sk\/wp-content\/uploads\/2023\/09\/festival-banner-zahlavie-1.png","contentUrl":"https:\/\/archiv.siov.sk\/wp-content\/uploads\/2023\/09\/festival-banner-zahlavie-1.png","width":1050,"height":350},{"@type":"BreadcrumbList","@id":"https:\/\/archiv.siov.sk\/festival-zrucnosti-2023\/#breadcrumb","itemListElement":[{"@type":"ListItem","position":1,"name":"Home","item":"https:\/\/archiv.siov.sk\/"},{"@type":"ListItem","position":2,"name":"Festival Zru\u010dnost\u00ed 2023"}]},{"@type":"WebSite","@id":"https:\/\/archiv.siov.sk\/#website","url":"https:\/\/archiv.siov.sk\/","name":"\u0160IOV - \u0161t\u00e1tny in\u0161tit\u00fat odborn\u00e9ho vzdel\u00e1vania","description":"","publisher":{"@id":"https:\/\/archiv.siov.sk\/#organization"},"potentialAction":[{"@type":"SearchAction","target":{"@type":"EntryPoint","urlTemplate":"https:\/\/archiv.siov.sk\/?s={search_term_string}"},"query-input":{"@type":"PropertyValueSpecification","valueRequired":true,"valueName":"search_term_string"}}],"inLanguage":"en-GB"},{"@type":"Organization","@id":"https:\/\/archiv.siov.sk\/#organization","name":"\u0160IOV - \u0161t\u00e1tny in\u0161tit\u00fat odborn\u00e9ho vzdel\u00e1vania","url":"https:\/\/archiv.siov.sk\/","logo":{"@type":"ImageObject","inLanguage":"en-GB","@id":"https:\/\/archiv.siov.sk\/#\/schema\/logo\/image\/","url":"https:\/\/archiv.siov.sk\/wp-content\/uploads\/2024\/02\/logo-SIOV.png","contentUrl":"https:\/\/archiv.siov.sk\/wp-content\/uploads\/2024\/02\/logo-SIOV.png","width":431,"height":143,"caption":"\u0160IOV - \u0161t\u00e1tny in\u0161tit\u00fat odborn\u00e9ho vzdel\u00e1vania"},"image":{"@id":"https:\/\/archiv.siov.sk\/#\/schema\/logo\/image\/"},"sameAs":["https:\/\/www.facebook.com\/Statnyinstitutodbornehovzdelavania"]},{"@type":"Person","@id":"https:\/\/archiv.siov.sk\/#\/schema\/person\/cd5e238f461d845b603811e5c041307d","name":"Tom\u00e1\u0161 Rus\u0148\u00e1k","url":"https:\/\/archiv.siov.sk\/en\/author\/adminsiov\/"}]}},"_links":{"self":[{"href":"https:\/\/archiv.siov.sk\/en\/wp-json\/wp\/v2\/posts\/14147","targetHints":{"allow":["GET"]}}],"collection":[{"href":"https:\/\/archiv.siov.sk\/en\/wp-json\/wp\/v2\/posts"}],"about":[{"href":"https:\/\/archiv.siov.sk\/en\/wp-json\/wp\/v2\/types\/post"}],"author":[{"embeddable":true,"href":"https:\/\/archiv.siov.sk\/en\/wp-json\/wp\/v2\/users\/4"}],"replies":[{"embeddable":true,"href":"https:\/\/archiv.siov.sk\/en\/wp-json\/wp\/v2\/comments?post=14147"}],"version-history":[{"count":2,"href":"https:\/\/archiv.siov.sk\/en\/wp-json\/wp\/v2\/posts\/14147\/revisions"}],"predecessor-version":[{"id":19776,"href":"https:\/\/archiv.siov.sk\/en\/wp-json\/wp\/v2\/posts\/14147\/revisions\/19776"}],"wp:featuredmedia":[{"embeddable":true,"href":"https:\/\/archiv.siov.sk\/en\/wp-json\/wp\/v2\/media\/14151"}],"wp:attachment":[{"href":"https:\/\/archiv.siov.sk\/en\/wp-json\/wp\/v2\/media?parent=14147"}],"wp:term":[{"taxonomy":"category","embeddable":true,"href":"https:\/\/archiv.siov.sk\/en\/wp-json\/wp\/v2\/categories?post=14147"},{"taxonomy":"post_tag","embeddable":true,"href":"https:\/\/archiv.siov.sk\/en\/wp-json\/wp\/v2\/tags?post=14147"}],"curies":[{"name":"wp","href":"https:\/\/api.w.org\/{rel}","templated":true}]}}