{"id":13978,"date":"2023-07-12T12:13:30","date_gmt":"2023-07-12T10:13:30","guid":{"rendered":"https:\/\/archiv.siov.sk\/?p=13978"},"modified":"2023-07-12T12:13:30","modified_gmt":"2023-07-12T10:13:30","slug":"priority-rozvoja-odborneho-vzdelavania-a-pripravy-v-eu","status":"publish","type":"post","link":"https:\/\/archiv.siov.sk\/en\/priority-rozvoja-odborneho-vzdelavania-a-pripravy-v-eu\/","title":{"rendered":"Priority rozvoja odborn\u00e9ho vzdel\u00e1vania a pr\u00edpravy v E\u00da"},"content":{"rendered":"<p style=\"text-align: justify;\">V\u0161etky \u010dlensk\u00e9 \u0161t\u00e1ty E\u00da vypracovali a predlo\u017eili Eur\u00f3pskej komisii svoje n\u00e1rodn\u00e9 implementa\u010dn\u00e9 pl\u00e1ny (NIP) rozvoja odborn\u00e9ho vzdel\u00e1vania a pr\u00edpravy (OVP). Stru\u010dn\u00e1 spr\u00e1va Cedefopu pon\u00faka na z\u00e1klade anal\u00fdzy NIP z\u00e1kladn\u00fd preh\u013ead diania v E\u00da, na Islande a v N\u00f3rsku v obdob\u00ed od roku 2020.<\/p>\n<p style=\"text-align: justify;\">V NIP si krajiny samy vybrali priority reforiem OVP v reakcii na <a href=\"https:\/\/eur-lex.europa.eu\/legal-content\/SK\/TXT\/PDF\/?uri=CELEX:32020H1202(01)&amp;from=SK\">odpor\u00fa\u010danie Rady o OVP pre udr\u017eate\u013en\u00fa konkurencieschopnos\u0165, soci\u00e1lnu spravodlivos\u0165 a odolnos\u0165<\/a> a <a href=\"https:\/\/archiv.siov.sk\/wp-content\/uploads\/2020\/12\/DEKLARACIA-OSNABRUCK-2020-SK.pdf\">Osnabr\u00fcck\u00fa deklar\u00e1ciu<\/a>. 18 kraj\u00edn pracuje na rev\u00edzii \u0161tandardov OVP, 18 kraj\u00edn zd\u00f4raz\u0148uje potrebu prierezov\u00fdch a z\u00e1kladn\u00fdch zru\u010dnost\u00ed, v 16 krajin\u00e1ch sa do \u0161tandardov a kurikula OVP zapracuj\u00fa digit\u00e1lne zru\u010dnosti a kompetencie a v 12 krajin\u00e1ch sa bude pracova\u0165 na zelenej transform\u00e1cii a postupoch, ktor\u00e9 viac podporuj\u00fa udr\u017eate\u013en\u00fd rozvoj v OVP. 18 kraj\u00edn pl\u00e1nuje vytvori\u0165 alebo podpori\u0165 centr\u00e1 excelentnosti OVP, pri\u010dom Cedefop si explicitne v\u0161\u00edma, \u017ee na Slovensku sa vybuduj\u00fa centr\u00e1 excelentnosti OVP, ktor\u00e9 bud\u00fa p\u00f4sobi\u0165 v&nbsp;spolupr\u00e1ci s&nbsp;podnikmi ako inova\u010dn\u00e9 centr\u00e1 poskytuj\u00face kari\u00e9rov\u00e9 poradenstvo, inicia\u010dn\u00e9 a \u010fal\u0161ie OVP v&nbsp;prepojen\u00ed na trh pr\u00e1ce.<\/p>\n<p style=\"text-align: justify;\">Tento z\u00e1mer \u00fazko s\u00favis\u00ed s&nbsp;\u010fal\u0161\u00edmi t\u00e9mami, ktor\u00e9 s\u00fa atrakt\u00edvne nielen pre Slovensko: 21 kraj\u00edn pl\u00e1nuje zapoji\u0165 do tvorby, riadenia a poskytovania OVP \u0161irok\u00e9 spektrum vplyvn\u00fdch akt\u00e9rov vr\u00e1tane soci\u00e1lnych partnerov. 19 kraj\u00edn pl\u00e1nuje posilni\u0165 vzdel\u00e1vanie v pracovnom prostred\u00ed (work-based learning), 15 kraj\u00edn pl\u00e1nuje vytvori\u0165 alebo vyvin\u00fa\u0165 n\u00e1stroje na zhroma\u017e\u010fovanie inform\u00e1ci\u00ed o zru\u010dnostiach (skills intelligence) a trasovanie absolventov (graduate tracking). Je d\u00f4le\u017eit\u00e9 upozorni\u0165, \u017ee zahrani\u010dn\u00e9 sk\u00fasenosti v\u0161etk\u00fdch kraj\u00edn s&nbsp;podobn\u00fdmi pl\u00e1nmi n\u00e1m m\u00f4\u017eu by\u0165 ve\u013emi prospe\u0161n\u00e9. Cedefop si uvedomuje v\u00fdhody \u0161t\u00fadia zahrani\u010dn\u00fdch sk\u00fasenost\u00ed, a preto z\u00e1rove\u0148 ohlasuje nov\u00fd komparat\u00edvny n\u00e1stroj \u201eTimeline of VET policies in Europe (\u010casov\u00e1 os polit\u00edk OVP v Eur\u00f3pe)\u201c, ktor\u00fd umo\u017en\u00ed sledova\u0165 &nbsp;zav\u00e1dzanie a&nbsp;v\u00fdvoj t\u00fdkaj\u00faci sa v\u0161etk\u00fdch v\u00fdznamn\u00fdch strat\u00e9gi\u00ed, ak\u010dn\u00fdch pl\u00e1nov, pr\u00e1vnych aktov a praktick\u00fdch opatren\u00ed v oblasti odborn\u00e9ho vzdel\u00e1vania a pr\u00edpravy a celo\u017eivotn\u00e9ho vzdel\u00e1vania.<\/p>\n<p>&nbsp;<\/p>\n<p>Stru\u010dn\u00e1 spr\u00e1va Cedefopu je <a href=\"https:\/\/www.cedefop.europa.eu\/en\/publications\/9180\">tu<\/a>.<br \/>\nPreklad stru\u010dnej spr\u00e1vy do sloven\u010diny je <a href=\"http:\/\/www.refernet.sk\/images\/news\/files\/NIP_SSC_januar_2023.pdf\">tu<\/a>.<\/p>\n<p>Port\u00e1l pon\u00fakaj\u00faci NIP z\u00fa\u010dastnen\u00fdch kraj\u00edn (nielen \u010dlenov E\u00da) je <a href=\"https:\/\/ec.europa.eu\/social\/main.jsp?catId=1603&amp;langId=en\">tu<\/a>.<\/p>\n<p>&nbsp;<\/p>","protected":false},"excerpt":{"rendered":"<p>V\u0161etky \u010dlensk\u00e9 \u0161t\u00e1ty E\u00da vypracovali a predlo\u017eili Eur\u00f3pskej komisii svoje n\u00e1rodn\u00e9 implementa\u010dn\u00e9 pl\u00e1ny (NIP) rozvoja odborn\u00e9ho vzdel\u00e1vania a pr\u00edpravy (OVP). Stru\u010dn\u00e1 spr\u00e1va Cedefopu pon\u00faka na z\u00e1klade anal\u00fdzy NIP z\u00e1kladn\u00fd preh\u013ead diania v E\u00da, na Islande a v N\u00f3rsku v obdob\u00ed od roku 2020. V NIP si krajiny samy vybrali priority reforiem OVP v reakcii na [&hellip;]<\/p>\n","protected":false},"author":6,"featured_media":13980,"comment_status":"closed","ping_status":"closed","sticky":false,"template":"","format":"standard","meta":{"site-sidebar-layout":"default","site-content-layout":"default","ast-site-content-layout":"default","site-content-style":"default","site-sidebar-style":"default","ast-global-header-display":"","ast-banner-title-visibility":"","ast-main-header-display":"","ast-hfb-above-header-display":"","ast-hfb-below-header-display":"","ast-hfb-mobile-header-display":"","site-post-title":"","ast-breadcrumbs-content":"","ast-featured-img":"","footer-sml-layout":"","ast-disable-related-posts":"","theme-transparent-header-meta":"default","adv-header-id-meta":"","stick-header-meta":"","header-above-stick-meta":"","header-main-stick-meta":"","header-below-stick-meta":"","astra-migrate-meta-layouts":"default","ast-page-background-enabled":"default","ast-page-background-meta":{"desktop":{"background-color":"var(--ast-global-color-4)","background-image":"","background-repeat":"repeat","background-position":"center center","background-size":"auto","background-attachment":"scroll","background-type":"","background-media":"","overlay-type":"","overlay-color":"","overlay-opacity":"","overlay-gradient":""},"tablet":{"background-color":"","background-image":"","background-repeat":"repeat","background-position":"center center","background-size":"auto","background-attachment":"scroll","background-type":"","background-media":"","overlay-type":"","overlay-color":"","overlay-opacity":"","overlay-gradient":""},"mobile":{"background-color":"","background-image":"","background-repeat":"repeat","background-position":"center center","background-size":"auto","background-attachment":"scroll","background-type":"","background-media":"","overlay-type":"","overlay-color":"","overlay-opacity":"","overlay-gradient":""}},"ast-content-background-meta":{"desktop":{"background-color":"var(--ast-global-color-5)","background-image":"","background-repeat":"repeat","background-position":"center center","background-size":"auto","background-attachment":"scroll","background-type":"","background-media":"","overlay-type":"","overlay-color":"","overlay-opacity":"","overlay-gradient":""},"tablet":{"background-color":"var(--ast-global-color-5)","background-image":"","background-repeat":"repeat","background-position":"center center","background-size":"auto","background-attachment":"scroll","background-type":"","background-media":"","overlay-type":"","overlay-color":"","overlay-opacity":"","overlay-gradient":""},"mobile":{"background-color":"var(--ast-global-color-5)","background-image":"","background-repeat":"repeat","background-position":"center center","background-size":"auto","background-attachment":"scroll","background-type":"","background-media":"","overlay-type":"","overlay-color":"","overlay-opacity":"","overlay-gradient":""}},"footnotes":""},"categories":[1],"tags":[],"class_list":["post-13978","post","type-post","status-publish","format-standard","has-post-thumbnail","hentry","category-aktuality"],"yoast_head":"<!-- This site is optimized with the Yoast SEO plugin v27.5 - https:\/\/yoast.com\/product\/yoast-seo-wordpress\/ -->\n<title>Priority rozvoja odborn\u00e9ho vzdel\u00e1vania a pr\u00edpravy v E\u00da - \u0160IOV - \u0161t\u00e1tny in\u0161tit\u00fat odborn\u00e9ho vzdel\u00e1vania<\/title>\n<meta name=\"robots\" content=\"index, follow, max-snippet:-1, max-image-preview:large, max-video-preview:-1\" \/>\n<link rel=\"canonical\" href=\"https:\/\/archiv.siov.sk\/en\/priority-rozvoja-odborneho-vzdelavania-a-pripravy-v-eu\/\" \/>\n<meta property=\"og:locale\" content=\"en_GB\" \/>\n<meta property=\"og:type\" content=\"article\" \/>\n<meta property=\"og:title\" content=\"Priority rozvoja odborn\u00e9ho vzdel\u00e1vania a pr\u00edpravy v E\u00da - \u0160IOV - \u0161t\u00e1tny in\u0161tit\u00fat odborn\u00e9ho vzdel\u00e1vania\" \/>\n<meta property=\"og:description\" content=\"V\u0161etky \u010dlensk\u00e9 \u0161t\u00e1ty E\u00da vypracovali a predlo\u017eili Eur\u00f3pskej komisii svoje n\u00e1rodn\u00e9 implementa\u010dn\u00e9 pl\u00e1ny (NIP) rozvoja odborn\u00e9ho vzdel\u00e1vania a pr\u00edpravy (OVP). Stru\u010dn\u00e1 spr\u00e1va Cedefopu pon\u00faka na z\u00e1klade anal\u00fdzy NIP z\u00e1kladn\u00fd preh\u013ead diania v E\u00da, na Islande a v N\u00f3rsku v obdob\u00ed od roku 2020. V NIP si krajiny samy vybrali priority reforiem OVP v reakcii na [&hellip;]\" \/>\n<meta property=\"og:url\" content=\"https:\/\/archiv.siov.sk\/en\/priority-rozvoja-odborneho-vzdelavania-a-pripravy-v-eu\/\" \/>\n<meta property=\"og:site_name\" content=\"\u0160IOV - \u0161t\u00e1tny in\u0161tit\u00fat odborn\u00e9ho vzdel\u00e1vania\" \/>\n<meta property=\"article:publisher\" content=\"https:\/\/www.facebook.com\/Statnyinstitutodbornehovzdelavania\" \/>\n<meta property=\"article:published_time\" content=\"2023-07-12T10:13:30+00:00\" \/>\n<meta property=\"og:image\" content=\"https:\/\/archiv.siov.sk\/wp-content\/uploads\/2023\/07\/Logo-square-EN-COL.jpg\" \/>\n\t<meta property=\"og:image:width\" content=\"925\" \/>\n\t<meta property=\"og:image:height\" content=\"308\" \/>\n\t<meta property=\"og:image:type\" content=\"image\/jpeg\" \/>\n<meta name=\"author\" content=\"Katar\u00edna Kov\u00e1\u010dov\u00e1\" \/>\n<meta name=\"twitter:card\" content=\"summary_large_image\" \/>\n<meta name=\"twitter:label1\" content=\"Written by\" \/>\n\t<meta name=\"twitter:data1\" content=\"Katar\u00edna Kov\u00e1\u010dov\u00e1\" \/>\n\t<meta name=\"twitter:label2\" content=\"Estimated reading time\" \/>\n\t<meta name=\"twitter:data2\" content=\"2 minutes\" \/>\n<script type=\"application\/ld+json\" class=\"yoast-schema-graph\">{\"@context\":\"https:\\\/\\\/schema.org\",\"@graph\":[{\"@type\":\"Article\",\"@id\":\"https:\\\/\\\/archiv.siov.sk\\\/priority-rozvoja-odborneho-vzdelavania-a-pripravy-v-eu\\\/#article\",\"isPartOf\":{\"@id\":\"https:\\\/\\\/archiv.siov.sk\\\/priority-rozvoja-odborneho-vzdelavania-a-pripravy-v-eu\\\/\"},\"author\":{\"name\":\"Katar\u00edna Kov\u00e1\u010dov\u00e1\",\"@id\":\"https:\\\/\\\/archiv.siov.sk\\\/#\\\/schema\\\/person\\\/e42d633fbd958c6a726e8834d8965e6c\"},\"headline\":\"Priority rozvoja odborn\u00e9ho vzdel\u00e1vania a pr\u00edpravy v E\u00da\",\"datePublished\":\"2023-07-12T10:13:30+00:00\",\"mainEntityOfPage\":{\"@id\":\"https:\\\/\\\/archiv.siov.sk\\\/priority-rozvoja-odborneho-vzdelavania-a-pripravy-v-eu\\\/\"},\"wordCount\":449,\"publisher\":{\"@id\":\"https:\\\/\\\/archiv.siov.sk\\\/#organization\"},\"image\":{\"@id\":\"https:\\\/\\\/archiv.siov.sk\\\/priority-rozvoja-odborneho-vzdelavania-a-pripravy-v-eu\\\/#primaryimage\"},\"thumbnailUrl\":\"https:\\\/\\\/archiv.siov.sk\\\/wp-content\\\/uploads\\\/2023\\\/07\\\/Logo-square-EN-COL.jpg\",\"articleSection\":[\"Aktuality\"],\"inLanguage\":\"en-GB\"},{\"@type\":\"WebPage\",\"@id\":\"https:\\\/\\\/archiv.siov.sk\\\/priority-rozvoja-odborneho-vzdelavania-a-pripravy-v-eu\\\/\",\"url\":\"https:\\\/\\\/archiv.siov.sk\\\/priority-rozvoja-odborneho-vzdelavania-a-pripravy-v-eu\\\/\",\"name\":\"Priority rozvoja odborn\u00e9ho vzdel\u00e1vania a pr\u00edpravy v E\u00da - \u0160IOV - \u0161t\u00e1tny in\u0161tit\u00fat odborn\u00e9ho vzdel\u00e1vania\",\"isPartOf\":{\"@id\":\"https:\\\/\\\/archiv.siov.sk\\\/#website\"},\"primaryImageOfPage\":{\"@id\":\"https:\\\/\\\/archiv.siov.sk\\\/priority-rozvoja-odborneho-vzdelavania-a-pripravy-v-eu\\\/#primaryimage\"},\"image\":{\"@id\":\"https:\\\/\\\/archiv.siov.sk\\\/priority-rozvoja-odborneho-vzdelavania-a-pripravy-v-eu\\\/#primaryimage\"},\"thumbnailUrl\":\"https:\\\/\\\/archiv.siov.sk\\\/wp-content\\\/uploads\\\/2023\\\/07\\\/Logo-square-EN-COL.jpg\",\"datePublished\":\"2023-07-12T10:13:30+00:00\",\"breadcrumb\":{\"@id\":\"https:\\\/\\\/archiv.siov.sk\\\/priority-rozvoja-odborneho-vzdelavania-a-pripravy-v-eu\\\/#breadcrumb\"},\"inLanguage\":\"en-GB\",\"potentialAction\":[{\"@type\":\"ReadAction\",\"target\":[\"https:\\\/\\\/archiv.siov.sk\\\/priority-rozvoja-odborneho-vzdelavania-a-pripravy-v-eu\\\/\"]}]},{\"@type\":\"ImageObject\",\"inLanguage\":\"en-GB\",\"@id\":\"https:\\\/\\\/archiv.siov.sk\\\/priority-rozvoja-odborneho-vzdelavania-a-pripravy-v-eu\\\/#primaryimage\",\"url\":\"https:\\\/\\\/archiv.siov.sk\\\/wp-content\\\/uploads\\\/2023\\\/07\\\/Logo-square-EN-COL.jpg\",\"contentUrl\":\"https:\\\/\\\/archiv.siov.sk\\\/wp-content\\\/uploads\\\/2023\\\/07\\\/Logo-square-EN-COL.jpg\",\"width\":925,\"height\":308},{\"@type\":\"BreadcrumbList\",\"@id\":\"https:\\\/\\\/archiv.siov.sk\\\/priority-rozvoja-odborneho-vzdelavania-a-pripravy-v-eu\\\/#breadcrumb\",\"itemListElement\":[{\"@type\":\"ListItem\",\"position\":1,\"name\":\"Home\",\"item\":\"https:\\\/\\\/archiv.siov.sk\\\/\"},{\"@type\":\"ListItem\",\"position\":2,\"name\":\"Priority rozvoja odborn\u00e9ho vzdel\u00e1vania a pr\u00edpravy v E\u00da\"}]},{\"@type\":\"WebSite\",\"@id\":\"https:\\\/\\\/archiv.siov.sk\\\/#website\",\"url\":\"https:\\\/\\\/archiv.siov.sk\\\/\",\"name\":\"\u0160IOV - \u0161t\u00e1tny in\u0161tit\u00fat odborn\u00e9ho vzdel\u00e1vania\",\"description\":\"\",\"publisher\":{\"@id\":\"https:\\\/\\\/archiv.siov.sk\\\/#organization\"},\"potentialAction\":[{\"@type\":\"SearchAction\",\"target\":{\"@type\":\"EntryPoint\",\"urlTemplate\":\"https:\\\/\\\/archiv.siov.sk\\\/?s={search_term_string}\"},\"query-input\":{\"@type\":\"PropertyValueSpecification\",\"valueRequired\":true,\"valueName\":\"search_term_string\"}}],\"inLanguage\":\"en-GB\"},{\"@type\":\"Organization\",\"@id\":\"https:\\\/\\\/archiv.siov.sk\\\/#organization\",\"name\":\"\u0160IOV - \u0161t\u00e1tny in\u0161tit\u00fat odborn\u00e9ho vzdel\u00e1vania\",\"url\":\"https:\\\/\\\/archiv.siov.sk\\\/\",\"logo\":{\"@type\":\"ImageObject\",\"inLanguage\":\"en-GB\",\"@id\":\"https:\\\/\\\/archiv.siov.sk\\\/#\\\/schema\\\/logo\\\/image\\\/\",\"url\":\"https:\\\/\\\/archiv.siov.sk\\\/wp-content\\\/uploads\\\/2024\\\/02\\\/logo-SIOV.png\",\"contentUrl\":\"https:\\\/\\\/archiv.siov.sk\\\/wp-content\\\/uploads\\\/2024\\\/02\\\/logo-SIOV.png\",\"width\":431,\"height\":143,\"caption\":\"\u0160IOV - \u0161t\u00e1tny in\u0161tit\u00fat odborn\u00e9ho vzdel\u00e1vania\"},\"image\":{\"@id\":\"https:\\\/\\\/archiv.siov.sk\\\/#\\\/schema\\\/logo\\\/image\\\/\"},\"sameAs\":[\"https:\\\/\\\/www.facebook.com\\\/Statnyinstitutodbornehovzdelavania\"]},{\"@type\":\"Person\",\"@id\":\"https:\\\/\\\/archiv.siov.sk\\\/#\\\/schema\\\/person\\\/e42d633fbd958c6a726e8834d8965e6c\",\"name\":\"Katar\u00edna Kov\u00e1\u010dov\u00e1\",\"url\":\"https:\\\/\\\/archiv.siov.sk\\\/en\\\/author\\\/katkakovacova\\\/\"}]}<\/script>\n<!-- \/ Yoast SEO plugin. -->","yoast_head_json":{"title":"Priority rozvoja odborn\u00e9ho vzdel\u00e1vania a pr\u00edpravy v E\u00da - \u0160IOV - \u0161t\u00e1tny in\u0161tit\u00fat odborn\u00e9ho vzdel\u00e1vania","robots":{"index":"index","follow":"follow","max-snippet":"max-snippet:-1","max-image-preview":"max-image-preview:large","max-video-preview":"max-video-preview:-1"},"canonical":"https:\/\/archiv.siov.sk\/en\/priority-rozvoja-odborneho-vzdelavania-a-pripravy-v-eu\/","og_locale":"en_GB","og_type":"article","og_title":"Priority rozvoja odborn\u00e9ho vzdel\u00e1vania a pr\u00edpravy v E\u00da - \u0160IOV - \u0161t\u00e1tny in\u0161tit\u00fat odborn\u00e9ho vzdel\u00e1vania","og_description":"V\u0161etky \u010dlensk\u00e9 \u0161t\u00e1ty E\u00da vypracovali a predlo\u017eili Eur\u00f3pskej komisii svoje n\u00e1rodn\u00e9 implementa\u010dn\u00e9 pl\u00e1ny (NIP) rozvoja odborn\u00e9ho vzdel\u00e1vania a pr\u00edpravy (OVP). Stru\u010dn\u00e1 spr\u00e1va Cedefopu pon\u00faka na z\u00e1klade anal\u00fdzy NIP z\u00e1kladn\u00fd preh\u013ead diania v E\u00da, na Islande a v N\u00f3rsku v obdob\u00ed od roku 2020. V NIP si krajiny samy vybrali priority reforiem OVP v reakcii na [&hellip;]","og_url":"https:\/\/archiv.siov.sk\/en\/priority-rozvoja-odborneho-vzdelavania-a-pripravy-v-eu\/","og_site_name":"\u0160IOV - \u0161t\u00e1tny in\u0161tit\u00fat odborn\u00e9ho vzdel\u00e1vania","article_publisher":"https:\/\/www.facebook.com\/Statnyinstitutodbornehovzdelavania","article_published_time":"2023-07-12T10:13:30+00:00","og_image":[{"width":925,"height":308,"url":"https:\/\/archiv.siov.sk\/wp-content\/uploads\/2023\/07\/Logo-square-EN-COL.jpg","type":"image\/jpeg"}],"author":"Katar\u00edna Kov\u00e1\u010dov\u00e1","twitter_card":"summary_large_image","twitter_misc":{"Written by":"Katar\u00edna Kov\u00e1\u010dov\u00e1","Estimated reading time":"2 minutes"},"schema":{"@context":"https:\/\/schema.org","@graph":[{"@type":"Article","@id":"https:\/\/archiv.siov.sk\/priority-rozvoja-odborneho-vzdelavania-a-pripravy-v-eu\/#article","isPartOf":{"@id":"https:\/\/archiv.siov.sk\/priority-rozvoja-odborneho-vzdelavania-a-pripravy-v-eu\/"},"author":{"name":"Katar\u00edna Kov\u00e1\u010dov\u00e1","@id":"https:\/\/archiv.siov.sk\/#\/schema\/person\/e42d633fbd958c6a726e8834d8965e6c"},"headline":"Priority rozvoja odborn\u00e9ho vzdel\u00e1vania a pr\u00edpravy v E\u00da","datePublished":"2023-07-12T10:13:30+00:00","mainEntityOfPage":{"@id":"https:\/\/archiv.siov.sk\/priority-rozvoja-odborneho-vzdelavania-a-pripravy-v-eu\/"},"wordCount":449,"publisher":{"@id":"https:\/\/archiv.siov.sk\/#organization"},"image":{"@id":"https:\/\/archiv.siov.sk\/priority-rozvoja-odborneho-vzdelavania-a-pripravy-v-eu\/#primaryimage"},"thumbnailUrl":"https:\/\/archiv.siov.sk\/wp-content\/uploads\/2023\/07\/Logo-square-EN-COL.jpg","articleSection":["Aktuality"],"inLanguage":"en-GB"},{"@type":"WebPage","@id":"https:\/\/archiv.siov.sk\/priority-rozvoja-odborneho-vzdelavania-a-pripravy-v-eu\/","url":"https:\/\/archiv.siov.sk\/priority-rozvoja-odborneho-vzdelavania-a-pripravy-v-eu\/","name":"Priority rozvoja odborn\u00e9ho vzdel\u00e1vania a pr\u00edpravy v E\u00da - \u0160IOV - \u0161t\u00e1tny in\u0161tit\u00fat odborn\u00e9ho vzdel\u00e1vania","isPartOf":{"@id":"https:\/\/archiv.siov.sk\/#website"},"primaryImageOfPage":{"@id":"https:\/\/archiv.siov.sk\/priority-rozvoja-odborneho-vzdelavania-a-pripravy-v-eu\/#primaryimage"},"image":{"@id":"https:\/\/archiv.siov.sk\/priority-rozvoja-odborneho-vzdelavania-a-pripravy-v-eu\/#primaryimage"},"thumbnailUrl":"https:\/\/archiv.siov.sk\/wp-content\/uploads\/2023\/07\/Logo-square-EN-COL.jpg","datePublished":"2023-07-12T10:13:30+00:00","breadcrumb":{"@id":"https:\/\/archiv.siov.sk\/priority-rozvoja-odborneho-vzdelavania-a-pripravy-v-eu\/#breadcrumb"},"inLanguage":"en-GB","potentialAction":[{"@type":"ReadAction","target":["https:\/\/archiv.siov.sk\/priority-rozvoja-odborneho-vzdelavania-a-pripravy-v-eu\/"]}]},{"@type":"ImageObject","inLanguage":"en-GB","@id":"https:\/\/archiv.siov.sk\/priority-rozvoja-odborneho-vzdelavania-a-pripravy-v-eu\/#primaryimage","url":"https:\/\/archiv.siov.sk\/wp-content\/uploads\/2023\/07\/Logo-square-EN-COL.jpg","contentUrl":"https:\/\/archiv.siov.sk\/wp-content\/uploads\/2023\/07\/Logo-square-EN-COL.jpg","width":925,"height":308},{"@type":"BreadcrumbList","@id":"https:\/\/archiv.siov.sk\/priority-rozvoja-odborneho-vzdelavania-a-pripravy-v-eu\/#breadcrumb","itemListElement":[{"@type":"ListItem","position":1,"name":"Home","item":"https:\/\/archiv.siov.sk\/"},{"@type":"ListItem","position":2,"name":"Priority rozvoja odborn\u00e9ho vzdel\u00e1vania a pr\u00edpravy v E\u00da"}]},{"@type":"WebSite","@id":"https:\/\/archiv.siov.sk\/#website","url":"https:\/\/archiv.siov.sk\/","name":"\u0160IOV - \u0161t\u00e1tny in\u0161tit\u00fat odborn\u00e9ho vzdel\u00e1vania","description":"","publisher":{"@id":"https:\/\/archiv.siov.sk\/#organization"},"potentialAction":[{"@type":"SearchAction","target":{"@type":"EntryPoint","urlTemplate":"https:\/\/archiv.siov.sk\/?s={search_term_string}"},"query-input":{"@type":"PropertyValueSpecification","valueRequired":true,"valueName":"search_term_string"}}],"inLanguage":"en-GB"},{"@type":"Organization","@id":"https:\/\/archiv.siov.sk\/#organization","name":"\u0160IOV - \u0161t\u00e1tny in\u0161tit\u00fat odborn\u00e9ho vzdel\u00e1vania","url":"https:\/\/archiv.siov.sk\/","logo":{"@type":"ImageObject","inLanguage":"en-GB","@id":"https:\/\/archiv.siov.sk\/#\/schema\/logo\/image\/","url":"https:\/\/archiv.siov.sk\/wp-content\/uploads\/2024\/02\/logo-SIOV.png","contentUrl":"https:\/\/archiv.siov.sk\/wp-content\/uploads\/2024\/02\/logo-SIOV.png","width":431,"height":143,"caption":"\u0160IOV - \u0161t\u00e1tny in\u0161tit\u00fat odborn\u00e9ho vzdel\u00e1vania"},"image":{"@id":"https:\/\/archiv.siov.sk\/#\/schema\/logo\/image\/"},"sameAs":["https:\/\/www.facebook.com\/Statnyinstitutodbornehovzdelavania"]},{"@type":"Person","@id":"https:\/\/archiv.siov.sk\/#\/schema\/person\/e42d633fbd958c6a726e8834d8965e6c","name":"Katar\u00edna Kov\u00e1\u010dov\u00e1","url":"https:\/\/archiv.siov.sk\/en\/author\/katkakovacova\/"}]}},"_links":{"self":[{"href":"https:\/\/archiv.siov.sk\/en\/wp-json\/wp\/v2\/posts\/13978","targetHints":{"allow":["GET"]}}],"collection":[{"href":"https:\/\/archiv.siov.sk\/en\/wp-json\/wp\/v2\/posts"}],"about":[{"href":"https:\/\/archiv.siov.sk\/en\/wp-json\/wp\/v2\/types\/post"}],"author":[{"embeddable":true,"href":"https:\/\/archiv.siov.sk\/en\/wp-json\/wp\/v2\/users\/6"}],"replies":[{"embeddable":true,"href":"https:\/\/archiv.siov.sk\/en\/wp-json\/wp\/v2\/comments?post=13978"}],"version-history":[{"count":2,"href":"https:\/\/archiv.siov.sk\/en\/wp-json\/wp\/v2\/posts\/13978\/revisions"}],"predecessor-version":[{"id":13981,"href":"https:\/\/archiv.siov.sk\/en\/wp-json\/wp\/v2\/posts\/13978\/revisions\/13981"}],"wp:featuredmedia":[{"embeddable":true,"href":"https:\/\/archiv.siov.sk\/en\/wp-json\/wp\/v2\/media\/13980"}],"wp:attachment":[{"href":"https:\/\/archiv.siov.sk\/en\/wp-json\/wp\/v2\/media?parent=13978"}],"wp:term":[{"taxonomy":"category","embeddable":true,"href":"https:\/\/archiv.siov.sk\/en\/wp-json\/wp\/v2\/categories?post=13978"},{"taxonomy":"post_tag","embeddable":true,"href":"https:\/\/archiv.siov.sk\/en\/wp-json\/wp\/v2\/tags?post=13978"}],"curies":[{"name":"wp","href":"https:\/\/api.w.org\/{rel}","templated":true}]}}