{"id":13960,"date":"2023-07-10T13:37:06","date_gmt":"2023-07-10T11:37:06","guid":{"rendered":"https:\/\/archiv.siov.sk\/?p=13960"},"modified":"2023-08-24T10:36:08","modified_gmt":"2023-08-24T08:36:08","slug":"stante-sa-sucastou-zrucnosti-euroskills-gdansk-2023","status":"publish","type":"post","link":"https:\/\/archiv.siov.sk\/en\/stante-sa-sucastou-zrucnosti-euroskills-gdansk-2023\/","title":{"rendered":"Sta\u0148te sa s\u00fa\u010das\u0165ou zru\u010dnosti EuroSkills Gda\u0144sk 2023"},"content":{"rendered":"<p style=\"text-align: justify;\"><strong><em>Talenty z tridsiatich dvoch \u010dlensk\u00fdch kraj\u00edn WorldSkills Europe sa predstavia na jednom z najunik\u00e1tnej\u0161\u00edch podujat\u00ed, ktor\u00e9 sa v aktu\u00e1lnom roku kon\u00e1 v po\u013eskom Gda\u0144sku. Vy\u0161e \u0161es\u0165sto&nbsp; mlad\u00fdch profesion\u00e1lov &nbsp;m\u00f4\u017eeme vidie\u0165 na za\u010diatku septembra (od 5. do 9.) na majstrovstv\u00e1ch Eur\u00f3py v povolaniach. &nbsp;S\u00fa\u0165a\u017ei\u0165 bud\u00fa v pribli\u017ene \u0161tyridsiatich r\u00f4znych povolaniach o jednu z medail\u00ed. T\u00ed najlep\u0161\u00ed maj\u00fa \u0161ancu z\u00edska\u0165 Best in Europe. Slovensko nominovalo v\u00ed\u0165azov Skills Slovakia. Zast\u00fapia n\u00e1s mlad\u00e9 talenty z deviatich odborov &#8211; floritika, mechatronika, elektronika, grafick\u00fd dizajn, web developer, chladiaca a klimatiza\u010dn\u00e1 technika, kuch\u00e1r, kadern\u00edk a mur\u00e1r. Pr\u00edpravu &nbsp;v t\u00fdchto d\u0148och vykon\u00e1vaj\u00fa pod doh\u013eadom profesion\u00e1lnych &nbsp;odborn\u00edkov z hospod\u00e1rskej praxe.&nbsp;&nbsp; <\/em><\/strong><\/p>\n<p>\u0160t\u00e1tny in\u0161tit\u00fat odborn\u00e9ho vzdel\u00e1vania (\u0160IOV) &nbsp;v&nbsp;spolupr\u00e1ci s&nbsp;odborn\u00fdmi expertami &nbsp;dohliada na pr\u00edpravu tak, aby prezent\u00e1cia Slovenska bola \u010do naj\u00faspe\u0161nej\u0161ia.&nbsp; &nbsp;<\/p>\n<p style=\"text-align: justify;\">V&nbsp;odbore mechatronika &nbsp;n\u00e1s bud\u00fa reprezentova\u0165&nbsp; \u017eiaci zo Strednej priemyselnej \u0161koly technickej Spi\u0161sk\u00e1 Nov\u00e1 Ves <strong>Jakub Hrn\u010diar &nbsp;a&nbsp;Mat\u00fa\u0161 Macejko<\/strong>, v&nbsp;odbore elektrotechnika <strong>Filip Pavlovi\u010d<\/strong> z&nbsp;Vysok\u00e9ho u\u010den\u00ed technick\u00e9ho Brno, v &nbsp;odbore grafick\u00fd dizajn&nbsp; sa predstav\u00ed &nbsp;<strong>Silvia \u0160evcov\u00e1<\/strong> zo&nbsp;SO\u0160 informa\u010dn\u00fdch technol\u00f3gi\u00ed&nbsp; Bansk\u00e1 Bystrica, &nbsp;&nbsp;v&nbsp;odbore web developer <strong>Samuel \u0160adl\u00e1k<\/strong> zo Strednej priemyselnej \u0161koly J. Murga\u0161a Bansk\u00e1 Bystrica, v&nbsp;odbore floristika <strong>Du\u0161an Pav\u00far<\/strong> zo Spojenej \u0161koly Rakovice, v&nbsp;odbore kuch\u00e1r <strong>Ondrej Kul\u00ed\u0161ek<\/strong> z&nbsp;Hotelovej akad\u00e9mie &nbsp;\u017dilina, v&nbsp;odbore chladiaca a&nbsp;klimatiza\u010dn\u00e1 technika <strong>Andrej Ladi\u010d<\/strong> z&nbsp;STU Stavebn\u00e1 fakulta Bratislava, v&nbsp;odbore mur\u00e1r <strong>\u0160tefan Luzar<\/strong> zo&nbsp;Strednej odbornej \u0161koly stavebnej Nitra, v&nbsp;odbore kadern\u00edk <strong>Mel\u00e1nia Hegyiov\u00e1<\/strong> zo&nbsp;Strednej odbornej \u0161koly Beauty slu\u017eieb, Bratislava. &nbsp;<\/p>\n<p style=\"text-align: justify;\">Cie\u013eom projektu EuroSkills je zapojenie slovensk\u00fdch talentovan\u00fdch mlad\u00fdch \u013eud\u00ed do s\u00fa\u0165a\u017ee. Z\u00e1merom projektu je systematicky napom\u00e1ha\u0165 budova\u0165 spolo\u010dnos\u0165 zalo\u017een\u00fa na vedomostiach a odborn\u00fdch zru\u010dnostiach. D\u00f4le\u017eit\u00fdm aspektom je \u00faspe\u0161ne rozv\u00edja\u0165 nov\u00e9 eur\u00f3pske kontakty na odborn\u00edkov a spolupr\u00e1ca s podnikate\u013eskou sf\u00e9rou.<\/p>\n<p style=\"text-align: justify;\">Pr\u00edprava &nbsp;na EuroSkills prebieha za plnej podpory partnerov z &nbsp;cechov, zv\u00e4zov &nbsp;a&nbsp;zamestn\u00e1vate\u013eov z&nbsp;praxe. Deleg\u00e1ti&nbsp; slovenskej reprezent\u00e1cie boli vybran\u00ed na z\u00e1klade v\u00ed\u0165azstva v&nbsp;n\u00e1rodn\u00fdch s\u00fa\u0165a\u017eiach Skills Slovakia, ktor\u00e9 podporuj\u00fa odborn\u00e9 vzdel\u00e1vanie a&nbsp;pr\u00edpravu mlad\u00fdch \u013eud\u00ed na Slovensku a&nbsp;zvy\u0161uj\u00fa kvalitu a atraktivitu odborn\u00e9ho vzdel\u00e1vania a&nbsp;pr\u00edpravy v&nbsp;odboroch. &nbsp;<\/p>\n<p style=\"text-align: justify;\">EuroSkills podporuje a&nbsp;propaguje odborn\u00e9 vzdel\u00e1vanie a&nbsp;pr\u00edpravu nielen prostredn\u00edctvom s\u00fa\u0165a\u017e\u00ed v&nbsp;odborn\u00fdch zru\u010dnostiach a uk\u00e1\u017eky excelentnosti mlad\u00fdch \u013eud\u00ed v&nbsp;ich profesi\u00e1ch. V\u010faka prepracovanej koncepcii zabezpe\u010denia a prevencie podujatie vytvor\u00ed&nbsp; na ploche 70&nbsp;000 m2 priestor pre 10 tis\u00edc n\u00e1v\u0161tevn\u00edkov. WorldSkills Europe sa rad\u00ed ako centr\u00e1lna p\u00e1ka &nbsp;proti nedostaku kvalifikovan\u00fdch pracovn\u00edkov.<\/p>\n<p style=\"text-align: justify;\">Sprievodn\u00fdm podujat\u00edm bude medzin\u00e1rodn\u00fd kongres EuroSkills, v&nbsp;ktorom&nbsp; bud\u00fa rezonova\u0165 t\u00e9my \u0161pi\u010dkov\u00e9ho vzdel\u00e1vania.&nbsp; Diskusie s&nbsp;medzin\u00e1rodn\u00fdmi odborn\u00edkmi bud\u00fa rie\u0161i\u0165 aktu\u00e1lnu problematiku &nbsp;bud\u00facnosti odborn\u00e9ho vzdel\u00e1vania.&nbsp;<\/p>\n<p>S\u00fa\u0165a\u017e je ur\u010den\u00e1 pre \u017eiakov stredn\u00fdch \u0161k\u00f4l, vysok\u00fdch \u0161k\u00f4l a&nbsp;odbornej praxe vo veku 17 a\u017e 26 rokov. &nbsp;<\/p>\n<p style=\"text-align: justify;\">Ved\u00faca t\u00edmu slovenskej deleg\u00e1cie Vlasta P\u00fachovsk\u00e1 ver\u00ed, \u017ee aj mal\u00e1 krajina m\u00f4\u017ee b\u00fd\u0165 \u00faspe\u0161n\u00e1 o&nbsp;\u010dom sved\u010dia aj doteraj\u0161ie \u00faspechy z&nbsp;podujatia tak v&nbsp;individu\u00e1lnych, ako i&nbsp;v kolekt\u00edvnych s\u00fa\u0165a\u017en\u00fdch profesi\u00e1ch sa &nbsp;za&nbsp; sedem doteraj\u0161\u00edch ro\u010dn\u00edkov EuroSkills Slovensko v&nbsp;trin\u00e1stich profesi\u00e1ch reprezentovalo 64 mlad\u00fdch \u013eud\u00ed, ktor\u00ed z\u00edskali zlat\u00fa, dve strieborn\u00e9, &nbsp;dve bronzov\u00e9 medaily a dve \u0161tvrt\u00e9 miesta. &nbsp;<\/p>\n<p>&nbsp;<\/p>","protected":false},"excerpt":{"rendered":"<p>Talenty z tridsiatich dvoch \u010dlensk\u00fdch kraj\u00edn WorldSkills Europe sa predstavia na jednom z najunik\u00e1tnej\u0161\u00edch podujat\u00ed, ktor\u00e9 sa v aktu\u00e1lnom roku kon\u00e1 v po\u013eskom Gda\u0144sku. Vy\u0161e \u0161es\u0165sto&nbsp; mlad\u00fdch profesion\u00e1lov &nbsp;m\u00f4\u017eeme vidie\u0165 na za\u010diatku septembra (od 5. do 9.) na majstrovstv\u00e1ch Eur\u00f3py v povolaniach. &nbsp;S\u00fa\u0165a\u017ei\u0165 bud\u00fa v pribli\u017ene \u0161tyridsiatich r\u00f4znych povolaniach o jednu z medail\u00ed. T\u00ed najlep\u0161\u00ed [&hellip;]<\/p>\n","protected":false},"author":6,"featured_media":13962,"comment_status":"closed","ping_status":"closed","sticky":false,"template":"","format":"standard","meta":{"site-sidebar-layout":"default","site-content-layout":"default","ast-site-content-layout":"default","site-content-style":"default","site-sidebar-style":"default","ast-global-header-display":"","ast-banner-title-visibility":"","ast-main-header-display":"","ast-hfb-above-header-display":"","ast-hfb-below-header-display":"","ast-hfb-mobile-header-display":"","site-post-title":"","ast-breadcrumbs-content":"","ast-featured-img":"","footer-sml-layout":"","ast-disable-related-posts":"","theme-transparent-header-meta":"default","adv-header-id-meta":"","stick-header-meta":"","header-above-stick-meta":"","header-main-stick-meta":"","header-below-stick-meta":"","astra-migrate-meta-layouts":"default","ast-page-background-enabled":"default","ast-page-background-meta":{"desktop":{"background-color":"var(--ast-global-color-4)","background-image":"","background-repeat":"repeat","background-position":"center center","background-size":"auto","background-attachment":"scroll","background-type":"","background-media":"","overlay-type":"","overlay-color":"","overlay-opacity":"","overlay-gradient":""},"tablet":{"background-color":"","background-image":"","background-repeat":"repeat","background-position":"center center","background-size":"auto","background-attachment":"scroll","background-type":"","background-media":"","overlay-type":"","overlay-color":"","overlay-opacity":"","overlay-gradient":""},"mobile":{"background-color":"","background-image":"","background-repeat":"repeat","background-position":"center center","background-size":"auto","background-attachment":"scroll","background-type":"","background-media":"","overlay-type":"","overlay-color":"","overlay-opacity":"","overlay-gradient":""}},"ast-content-background-meta":{"desktop":{"background-color":"var(--ast-global-color-5)","background-image":"","background-repeat":"repeat","background-position":"center center","background-size":"auto","background-attachment":"scroll","background-type":"","background-media":"","overlay-type":"","overlay-color":"","overlay-opacity":"","overlay-gradient":""},"tablet":{"background-color":"var(--ast-global-color-5)","background-image":"","background-repeat":"repeat","background-position":"center center","background-size":"auto","background-attachment":"scroll","background-type":"","background-media":"","overlay-type":"","overlay-color":"","overlay-opacity":"","overlay-gradient":""},"mobile":{"background-color":"var(--ast-global-color-5)","background-image":"","background-repeat":"repeat","background-position":"center center","background-size":"auto","background-attachment":"scroll","background-type":"","background-media":"","overlay-type":"","overlay-color":"","overlay-opacity":"","overlay-gradient":""}},"footnotes":""},"categories":[1],"tags":[],"class_list":["post-13960","post","type-post","status-publish","format-standard","has-post-thumbnail","hentry","category-aktuality"],"yoast_head":"<!-- This site is optimized with the Yoast SEO plugin v27.5 - https:\/\/yoast.com\/product\/yoast-seo-wordpress\/ -->\n<title>Sta\u0148te sa s\u00fa\u010das\u0165ou zru\u010dnosti EuroSkills Gda\u0144sk 2023 - \u0160IOV - \u0161t\u00e1tny in\u0161tit\u00fat odborn\u00e9ho vzdel\u00e1vania<\/title>\n<meta name=\"robots\" content=\"index, follow, max-snippet:-1, max-image-preview:large, max-video-preview:-1\" \/>\n<link rel=\"canonical\" href=\"https:\/\/archiv.siov.sk\/en\/stante-sa-sucastou-zrucnosti-euroskills-gdansk-2023\/\" \/>\n<meta property=\"og:locale\" content=\"en_GB\" \/>\n<meta property=\"og:type\" content=\"article\" \/>\n<meta property=\"og:title\" content=\"Sta\u0148te sa s\u00fa\u010das\u0165ou zru\u010dnosti EuroSkills Gda\u0144sk 2023 - \u0160IOV - \u0161t\u00e1tny in\u0161tit\u00fat odborn\u00e9ho vzdel\u00e1vania\" \/>\n<meta property=\"og:description\" content=\"Talenty z tridsiatich dvoch \u010dlensk\u00fdch kraj\u00edn WorldSkills Europe sa predstavia na jednom z najunik\u00e1tnej\u0161\u00edch podujat\u00ed, ktor\u00e9 sa v aktu\u00e1lnom roku kon\u00e1 v po\u013eskom Gda\u0144sku. Vy\u0161e \u0161es\u0165sto&nbsp; mlad\u00fdch profesion\u00e1lov &nbsp;m\u00f4\u017eeme vidie\u0165 na za\u010diatku septembra (od 5. do 9.) na majstrovstv\u00e1ch Eur\u00f3py v povolaniach. &nbsp;S\u00fa\u0165a\u017ei\u0165 bud\u00fa v pribli\u017ene \u0161tyridsiatich r\u00f4znych povolaniach o jednu z medail\u00ed. T\u00ed najlep\u0161\u00ed [&hellip;]\" \/>\n<meta property=\"og:url\" content=\"https:\/\/archiv.siov.sk\/en\/stante-sa-sucastou-zrucnosti-euroskills-gdansk-2023\/\" \/>\n<meta property=\"og:site_name\" content=\"\u0160IOV - \u0161t\u00e1tny in\u0161tit\u00fat odborn\u00e9ho vzdel\u00e1vania\" \/>\n<meta property=\"article:publisher\" content=\"https:\/\/www.facebook.com\/Statnyinstitutodbornehovzdelavania\" \/>\n<meta property=\"article:published_time\" content=\"2023-07-10T11:37:06+00:00\" \/>\n<meta property=\"article:modified_time\" content=\"2023-08-24T08:36:08+00:00\" \/>\n<meta property=\"og:image\" content=\"https:\/\/archiv.siov.sk\/wp-content\/uploads\/2023\/07\/euroskills-2023.png\" \/>\n\t<meta property=\"og:image:width\" content=\"300\" \/>\n\t<meta property=\"og:image:height\" content=\"168\" \/>\n\t<meta property=\"og:image:type\" content=\"image\/png\" \/>\n<meta name=\"author\" content=\"Katar\u00edna Kov\u00e1\u010dov\u00e1\" \/>\n<meta name=\"twitter:card\" content=\"summary_large_image\" \/>\n<meta name=\"twitter:label1\" content=\"Written by\" \/>\n\t<meta name=\"twitter:data1\" content=\"Katar\u00edna Kov\u00e1\u010dov\u00e1\" \/>\n\t<meta name=\"twitter:label2\" content=\"Estimated reading time\" \/>\n\t<meta name=\"twitter:data2\" content=\"3 minutes\" \/>\n<script type=\"application\/ld+json\" class=\"yoast-schema-graph\">{\"@context\":\"https:\\\/\\\/schema.org\",\"@graph\":[{\"@type\":\"Article\",\"@id\":\"https:\\\/\\\/archiv.siov.sk\\\/stante-sa-sucastou-zrucnosti-euroskills-gdansk-2023\\\/#article\",\"isPartOf\":{\"@id\":\"https:\\\/\\\/archiv.siov.sk\\\/stante-sa-sucastou-zrucnosti-euroskills-gdansk-2023\\\/\"},\"author\":{\"name\":\"Katar\u00edna Kov\u00e1\u010dov\u00e1\",\"@id\":\"https:\\\/\\\/archiv.siov.sk\\\/#\\\/schema\\\/person\\\/e42d633fbd958c6a726e8834d8965e6c\"},\"headline\":\"Sta\u0148te sa s\u00fa\u010das\u0165ou zru\u010dnosti EuroSkills Gda\u0144sk 2023\",\"datePublished\":\"2023-07-10T11:37:06+00:00\",\"dateModified\":\"2023-08-24T08:36:08+00:00\",\"mainEntityOfPage\":{\"@id\":\"https:\\\/\\\/archiv.siov.sk\\\/stante-sa-sucastou-zrucnosti-euroskills-gdansk-2023\\\/\"},\"wordCount\":721,\"publisher\":{\"@id\":\"https:\\\/\\\/archiv.siov.sk\\\/#organization\"},\"image\":{\"@id\":\"https:\\\/\\\/archiv.siov.sk\\\/stante-sa-sucastou-zrucnosti-euroskills-gdansk-2023\\\/#primaryimage\"},\"thumbnailUrl\":\"https:\\\/\\\/archiv.siov.sk\\\/wp-content\\\/uploads\\\/2023\\\/07\\\/euroskills-2023.png\",\"articleSection\":[\"Aktuality\"],\"inLanguage\":\"en-GB\"},{\"@type\":\"WebPage\",\"@id\":\"https:\\\/\\\/archiv.siov.sk\\\/stante-sa-sucastou-zrucnosti-euroskills-gdansk-2023\\\/\",\"url\":\"https:\\\/\\\/archiv.siov.sk\\\/stante-sa-sucastou-zrucnosti-euroskills-gdansk-2023\\\/\",\"name\":\"Sta\u0148te sa s\u00fa\u010das\u0165ou zru\u010dnosti EuroSkills Gda\u0144sk 2023 - \u0160IOV - \u0161t\u00e1tny in\u0161tit\u00fat odborn\u00e9ho vzdel\u00e1vania\",\"isPartOf\":{\"@id\":\"https:\\\/\\\/archiv.siov.sk\\\/#website\"},\"primaryImageOfPage\":{\"@id\":\"https:\\\/\\\/archiv.siov.sk\\\/stante-sa-sucastou-zrucnosti-euroskills-gdansk-2023\\\/#primaryimage\"},\"image\":{\"@id\":\"https:\\\/\\\/archiv.siov.sk\\\/stante-sa-sucastou-zrucnosti-euroskills-gdansk-2023\\\/#primaryimage\"},\"thumbnailUrl\":\"https:\\\/\\\/archiv.siov.sk\\\/wp-content\\\/uploads\\\/2023\\\/07\\\/euroskills-2023.png\",\"datePublished\":\"2023-07-10T11:37:06+00:00\",\"dateModified\":\"2023-08-24T08:36:08+00:00\",\"breadcrumb\":{\"@id\":\"https:\\\/\\\/archiv.siov.sk\\\/stante-sa-sucastou-zrucnosti-euroskills-gdansk-2023\\\/#breadcrumb\"},\"inLanguage\":\"en-GB\",\"potentialAction\":[{\"@type\":\"ReadAction\",\"target\":[\"https:\\\/\\\/archiv.siov.sk\\\/stante-sa-sucastou-zrucnosti-euroskills-gdansk-2023\\\/\"]}]},{\"@type\":\"ImageObject\",\"inLanguage\":\"en-GB\",\"@id\":\"https:\\\/\\\/archiv.siov.sk\\\/stante-sa-sucastou-zrucnosti-euroskills-gdansk-2023\\\/#primaryimage\",\"url\":\"https:\\\/\\\/archiv.siov.sk\\\/wp-content\\\/uploads\\\/2023\\\/07\\\/euroskills-2023.png\",\"contentUrl\":\"https:\\\/\\\/archiv.siov.sk\\\/wp-content\\\/uploads\\\/2023\\\/07\\\/euroskills-2023.png\",\"width\":300,\"height\":168},{\"@type\":\"BreadcrumbList\",\"@id\":\"https:\\\/\\\/archiv.siov.sk\\\/stante-sa-sucastou-zrucnosti-euroskills-gdansk-2023\\\/#breadcrumb\",\"itemListElement\":[{\"@type\":\"ListItem\",\"position\":1,\"name\":\"Home\",\"item\":\"https:\\\/\\\/archiv.siov.sk\\\/\"},{\"@type\":\"ListItem\",\"position\":2,\"name\":\"Sta\u0148te sa s\u00fa\u010das\u0165ou zru\u010dnosti EuroSkills Gda\u0144sk 2023\"}]},{\"@type\":\"WebSite\",\"@id\":\"https:\\\/\\\/archiv.siov.sk\\\/#website\",\"url\":\"https:\\\/\\\/archiv.siov.sk\\\/\",\"name\":\"\u0160IOV - \u0161t\u00e1tny in\u0161tit\u00fat odborn\u00e9ho vzdel\u00e1vania\",\"description\":\"\",\"publisher\":{\"@id\":\"https:\\\/\\\/archiv.siov.sk\\\/#organization\"},\"potentialAction\":[{\"@type\":\"SearchAction\",\"target\":{\"@type\":\"EntryPoint\",\"urlTemplate\":\"https:\\\/\\\/archiv.siov.sk\\\/?s={search_term_string}\"},\"query-input\":{\"@type\":\"PropertyValueSpecification\",\"valueRequired\":true,\"valueName\":\"search_term_string\"}}],\"inLanguage\":\"en-GB\"},{\"@type\":\"Organization\",\"@id\":\"https:\\\/\\\/archiv.siov.sk\\\/#organization\",\"name\":\"\u0160IOV - \u0161t\u00e1tny in\u0161tit\u00fat odborn\u00e9ho vzdel\u00e1vania\",\"url\":\"https:\\\/\\\/archiv.siov.sk\\\/\",\"logo\":{\"@type\":\"ImageObject\",\"inLanguage\":\"en-GB\",\"@id\":\"https:\\\/\\\/archiv.siov.sk\\\/#\\\/schema\\\/logo\\\/image\\\/\",\"url\":\"https:\\\/\\\/archiv.siov.sk\\\/wp-content\\\/uploads\\\/2024\\\/02\\\/logo-SIOV.png\",\"contentUrl\":\"https:\\\/\\\/archiv.siov.sk\\\/wp-content\\\/uploads\\\/2024\\\/02\\\/logo-SIOV.png\",\"width\":431,\"height\":143,\"caption\":\"\u0160IOV - \u0161t\u00e1tny in\u0161tit\u00fat odborn\u00e9ho vzdel\u00e1vania\"},\"image\":{\"@id\":\"https:\\\/\\\/archiv.siov.sk\\\/#\\\/schema\\\/logo\\\/image\\\/\"},\"sameAs\":[\"https:\\\/\\\/www.facebook.com\\\/Statnyinstitutodbornehovzdelavania\"]},{\"@type\":\"Person\",\"@id\":\"https:\\\/\\\/archiv.siov.sk\\\/#\\\/schema\\\/person\\\/e42d633fbd958c6a726e8834d8965e6c\",\"name\":\"Katar\u00edna Kov\u00e1\u010dov\u00e1\",\"url\":\"https:\\\/\\\/archiv.siov.sk\\\/en\\\/author\\\/katkakovacova\\\/\"}]}<\/script>\n<!-- \/ Yoast SEO plugin. -->","yoast_head_json":{"title":"Sta\u0148te sa s\u00fa\u010das\u0165ou zru\u010dnosti EuroSkills Gda\u0144sk 2023 - \u0160IOV - \u0161t\u00e1tny in\u0161tit\u00fat odborn\u00e9ho vzdel\u00e1vania","robots":{"index":"index","follow":"follow","max-snippet":"max-snippet:-1","max-image-preview":"max-image-preview:large","max-video-preview":"max-video-preview:-1"},"canonical":"https:\/\/archiv.siov.sk\/en\/stante-sa-sucastou-zrucnosti-euroskills-gdansk-2023\/","og_locale":"en_GB","og_type":"article","og_title":"Sta\u0148te sa s\u00fa\u010das\u0165ou zru\u010dnosti EuroSkills Gda\u0144sk 2023 - \u0160IOV - \u0161t\u00e1tny in\u0161tit\u00fat odborn\u00e9ho vzdel\u00e1vania","og_description":"Talenty z tridsiatich dvoch \u010dlensk\u00fdch kraj\u00edn WorldSkills Europe sa predstavia na jednom z najunik\u00e1tnej\u0161\u00edch podujat\u00ed, ktor\u00e9 sa v aktu\u00e1lnom roku kon\u00e1 v po\u013eskom Gda\u0144sku. Vy\u0161e \u0161es\u0165sto&nbsp; mlad\u00fdch profesion\u00e1lov &nbsp;m\u00f4\u017eeme vidie\u0165 na za\u010diatku septembra (od 5. do 9.) na majstrovstv\u00e1ch Eur\u00f3py v povolaniach. &nbsp;S\u00fa\u0165a\u017ei\u0165 bud\u00fa v pribli\u017ene \u0161tyridsiatich r\u00f4znych povolaniach o jednu z medail\u00ed. T\u00ed najlep\u0161\u00ed [&hellip;]","og_url":"https:\/\/archiv.siov.sk\/en\/stante-sa-sucastou-zrucnosti-euroskills-gdansk-2023\/","og_site_name":"\u0160IOV - \u0161t\u00e1tny in\u0161tit\u00fat odborn\u00e9ho vzdel\u00e1vania","article_publisher":"https:\/\/www.facebook.com\/Statnyinstitutodbornehovzdelavania","article_published_time":"2023-07-10T11:37:06+00:00","article_modified_time":"2023-08-24T08:36:08+00:00","og_image":[{"width":300,"height":168,"url":"https:\/\/archiv.siov.sk\/wp-content\/uploads\/2023\/07\/euroskills-2023.png","type":"image\/png"}],"author":"Katar\u00edna Kov\u00e1\u010dov\u00e1","twitter_card":"summary_large_image","twitter_misc":{"Written by":"Katar\u00edna Kov\u00e1\u010dov\u00e1","Estimated reading time":"3 minutes"},"schema":{"@context":"https:\/\/schema.org","@graph":[{"@type":"Article","@id":"https:\/\/archiv.siov.sk\/stante-sa-sucastou-zrucnosti-euroskills-gdansk-2023\/#article","isPartOf":{"@id":"https:\/\/archiv.siov.sk\/stante-sa-sucastou-zrucnosti-euroskills-gdansk-2023\/"},"author":{"name":"Katar\u00edna Kov\u00e1\u010dov\u00e1","@id":"https:\/\/archiv.siov.sk\/#\/schema\/person\/e42d633fbd958c6a726e8834d8965e6c"},"headline":"Sta\u0148te sa s\u00fa\u010das\u0165ou zru\u010dnosti EuroSkills Gda\u0144sk 2023","datePublished":"2023-07-10T11:37:06+00:00","dateModified":"2023-08-24T08:36:08+00:00","mainEntityOfPage":{"@id":"https:\/\/archiv.siov.sk\/stante-sa-sucastou-zrucnosti-euroskills-gdansk-2023\/"},"wordCount":721,"publisher":{"@id":"https:\/\/archiv.siov.sk\/#organization"},"image":{"@id":"https:\/\/archiv.siov.sk\/stante-sa-sucastou-zrucnosti-euroskills-gdansk-2023\/#primaryimage"},"thumbnailUrl":"https:\/\/archiv.siov.sk\/wp-content\/uploads\/2023\/07\/euroskills-2023.png","articleSection":["Aktuality"],"inLanguage":"en-GB"},{"@type":"WebPage","@id":"https:\/\/archiv.siov.sk\/stante-sa-sucastou-zrucnosti-euroskills-gdansk-2023\/","url":"https:\/\/archiv.siov.sk\/stante-sa-sucastou-zrucnosti-euroskills-gdansk-2023\/","name":"Sta\u0148te sa s\u00fa\u010das\u0165ou zru\u010dnosti EuroSkills Gda\u0144sk 2023 - \u0160IOV - \u0161t\u00e1tny in\u0161tit\u00fat odborn\u00e9ho vzdel\u00e1vania","isPartOf":{"@id":"https:\/\/archiv.siov.sk\/#website"},"primaryImageOfPage":{"@id":"https:\/\/archiv.siov.sk\/stante-sa-sucastou-zrucnosti-euroskills-gdansk-2023\/#primaryimage"},"image":{"@id":"https:\/\/archiv.siov.sk\/stante-sa-sucastou-zrucnosti-euroskills-gdansk-2023\/#primaryimage"},"thumbnailUrl":"https:\/\/archiv.siov.sk\/wp-content\/uploads\/2023\/07\/euroskills-2023.png","datePublished":"2023-07-10T11:37:06+00:00","dateModified":"2023-08-24T08:36:08+00:00","breadcrumb":{"@id":"https:\/\/archiv.siov.sk\/stante-sa-sucastou-zrucnosti-euroskills-gdansk-2023\/#breadcrumb"},"inLanguage":"en-GB","potentialAction":[{"@type":"ReadAction","target":["https:\/\/archiv.siov.sk\/stante-sa-sucastou-zrucnosti-euroskills-gdansk-2023\/"]}]},{"@type":"ImageObject","inLanguage":"en-GB","@id":"https:\/\/archiv.siov.sk\/stante-sa-sucastou-zrucnosti-euroskills-gdansk-2023\/#primaryimage","url":"https:\/\/archiv.siov.sk\/wp-content\/uploads\/2023\/07\/euroskills-2023.png","contentUrl":"https:\/\/archiv.siov.sk\/wp-content\/uploads\/2023\/07\/euroskills-2023.png","width":300,"height":168},{"@type":"BreadcrumbList","@id":"https:\/\/archiv.siov.sk\/stante-sa-sucastou-zrucnosti-euroskills-gdansk-2023\/#breadcrumb","itemListElement":[{"@type":"ListItem","position":1,"name":"Home","item":"https:\/\/archiv.siov.sk\/"},{"@type":"ListItem","position":2,"name":"Sta\u0148te sa s\u00fa\u010das\u0165ou zru\u010dnosti EuroSkills Gda\u0144sk 2023"}]},{"@type":"WebSite","@id":"https:\/\/archiv.siov.sk\/#website","url":"https:\/\/archiv.siov.sk\/","name":"\u0160IOV - \u0161t\u00e1tny in\u0161tit\u00fat odborn\u00e9ho vzdel\u00e1vania","description":"","publisher":{"@id":"https:\/\/archiv.siov.sk\/#organization"},"potentialAction":[{"@type":"SearchAction","target":{"@type":"EntryPoint","urlTemplate":"https:\/\/archiv.siov.sk\/?s={search_term_string}"},"query-input":{"@type":"PropertyValueSpecification","valueRequired":true,"valueName":"search_term_string"}}],"inLanguage":"en-GB"},{"@type":"Organization","@id":"https:\/\/archiv.siov.sk\/#organization","name":"\u0160IOV - \u0161t\u00e1tny in\u0161tit\u00fat odborn\u00e9ho vzdel\u00e1vania","url":"https:\/\/archiv.siov.sk\/","logo":{"@type":"ImageObject","inLanguage":"en-GB","@id":"https:\/\/archiv.siov.sk\/#\/schema\/logo\/image\/","url":"https:\/\/archiv.siov.sk\/wp-content\/uploads\/2024\/02\/logo-SIOV.png","contentUrl":"https:\/\/archiv.siov.sk\/wp-content\/uploads\/2024\/02\/logo-SIOV.png","width":431,"height":143,"caption":"\u0160IOV - \u0161t\u00e1tny in\u0161tit\u00fat odborn\u00e9ho vzdel\u00e1vania"},"image":{"@id":"https:\/\/archiv.siov.sk\/#\/schema\/logo\/image\/"},"sameAs":["https:\/\/www.facebook.com\/Statnyinstitutodbornehovzdelavania"]},{"@type":"Person","@id":"https:\/\/archiv.siov.sk\/#\/schema\/person\/e42d633fbd958c6a726e8834d8965e6c","name":"Katar\u00edna Kov\u00e1\u010dov\u00e1","url":"https:\/\/archiv.siov.sk\/en\/author\/katkakovacova\/"}]}},"_links":{"self":[{"href":"https:\/\/archiv.siov.sk\/en\/wp-json\/wp\/v2\/posts\/13960","targetHints":{"allow":["GET"]}}],"collection":[{"href":"https:\/\/archiv.siov.sk\/en\/wp-json\/wp\/v2\/posts"}],"about":[{"href":"https:\/\/archiv.siov.sk\/en\/wp-json\/wp\/v2\/types\/post"}],"author":[{"embeddable":true,"href":"https:\/\/archiv.siov.sk\/en\/wp-json\/wp\/v2\/users\/6"}],"replies":[{"embeddable":true,"href":"https:\/\/archiv.siov.sk\/en\/wp-json\/wp\/v2\/comments?post=13960"}],"version-history":[{"count":3,"href":"https:\/\/archiv.siov.sk\/en\/wp-json\/wp\/v2\/posts\/13960\/revisions"}],"predecessor-version":[{"id":14103,"href":"https:\/\/archiv.siov.sk\/en\/wp-json\/wp\/v2\/posts\/13960\/revisions\/14103"}],"wp:featuredmedia":[{"embeddable":true,"href":"https:\/\/archiv.siov.sk\/en\/wp-json\/wp\/v2\/media\/13962"}],"wp:attachment":[{"href":"https:\/\/archiv.siov.sk\/en\/wp-json\/wp\/v2\/media?parent=13960"}],"wp:term":[{"taxonomy":"category","embeddable":true,"href":"https:\/\/archiv.siov.sk\/en\/wp-json\/wp\/v2\/categories?post=13960"},{"taxonomy":"post_tag","embeddable":true,"href":"https:\/\/archiv.siov.sk\/en\/wp-json\/wp\/v2\/tags?post=13960"}],"curies":[{"name":"wp","href":"https:\/\/api.w.org\/{rel}","templated":true}]}}