{"id":13862,"date":"2023-06-14T10:47:44","date_gmt":"2023-06-14T08:47:44","guid":{"rendered":"https:\/\/archiv.siov.sk\/?p=13862"},"modified":"2023-06-14T10:47:44","modified_gmt":"2023-06-14T08:47:44","slug":"konferencia-podpora-rozvoja-zrucnosti-pre-zivot-v-meniacom-sa-svete","status":"publish","type":"post","link":"https:\/\/archiv.siov.sk\/en\/konferencia-podpora-rozvoja-zrucnosti-pre-zivot-v-meniacom-sa-svete\/","title":{"rendered":"Konferencia Podpora rozvoja zru\u010dnost\u00ed pre \u017eivot v meniacom sa svete"},"content":{"rendered":"<p style=\"text-align: justify;\">Konferencia Podpora rozvoja zru\u010dnost\u00ed pre \u017eivot v meniacom sa svete v r\u00e1mci iniciat\u00edvy N\u00e1rodn\u00fd koordin\u00e1tor Eur\u00f3pskeho programu vo vzdel\u00e1van\u00ed dospel\u00fdch sa konala 6. j\u00fana. N\u00e1rodn\u00fd koordin\u00e1tor Eur\u00f3pskeho programu vzdel\u00e1vania dospel\u00fdch p\u00f4sob\u00ed na \u0160t\u00e1tnom in\u0161tit\u00fate odborn\u00e9ho vzdel\u00e1vania od roku 2018. Hlavn\u00fdm cie\u013eom iniciat\u00edvy je podpora vzdel\u00e1vania dospel\u00fdch na Slovensku a jeho \u010fal\u0161ieho rozvoja prostredn\u00edctvom posilnenia vn\u00edmania vzdel\u00e1vania dospel\u00fdch a celo\u017eivotn\u00e9ho poradenstva ako n\u00e1stroja rozvoja os\u00f4b a ich kari\u00e9ry ako i n\u00e1rodnej ekonomiky. Aktivity N\u00e1rodn\u00e9ho koordin\u00e1tora na Slovensku, ktor\u00e9ho \u00falohu vykon\u00e1va od 1. 1. 2022 \u00dasek celo\u017eivotn\u00e9ho vzdel\u00e1vania (\u0160IOV), s\u00fa naliehav\u00e9 najm\u00e4 v s\u00favislosti s dlhodobo n\u00edzkou particip\u00e1ciou Slov\u00e1kov a Sloveniek na vzdel\u00e1van\u00ed v dospelosti.<\/p>\n<p style=\"text-align: justify;\">Po\u010das konferencie boli predstaven\u00e9 jednak v\u00fdstupy iniciat\u00edvy od roku 2022, odzneli zauj\u00edmav\u00e9 predn\u00e1\u0161ky a paraleln\u00e9 diskusie, kde hlavnou t\u00e9mou bola podpora rozvoja zru\u010dnost\u00ed, motiv\u00e1cie dospel\u00fdch, odolnosti vo\u010di zmen\u00e1m, pre\u010do je to d\u00f4le\u017eit\u00e9 a ak\u00fd to m\u00e1 dopad, \u010di u\u017e na jednotlivca, alebo organiz\u00e1cie, zamestn\u00e1vate\u013eov.<\/p>\n<p>Konferencia je tie\u017e jednou z aktiv\u00edt, ktor\u00e9 \u0160IOV realizuje v r\u00e1mci Eur\u00f3pskeho roku zru\u010dnost\u00ed 2023, preh\u013ead v\u0161etk\u00fdch aktiv\u00edt n\u00e1jdete na: <a href=\"https:\/\/mesiacvzdelavania.sk\/aktivity-siov\/\">https:\/\/mesiacvzdelavania.sk\/aktivity-siov\/<\/a>.<\/p>\n<p style=\"text-align: justify;\">Cel\u00fa konferenciu sme sa sna\u017eili posklada\u0165 obsahovo tak, aby sa vytvoril priestor pre diskusie okolo viacer\u00fdch zru\u010dnost\u00ed a kompetenci\u00ed, aby \u010do najviac vynikli aktivity z\u00fa\u010dastnen\u00fdch sp\u00edkrov a aj samotn\u00fdch \u00fa\u010dastn\u00edkov konferencie, \u010d\u00edm sa vytvorili predpoklady na networking medzi r\u00f4znymi akt\u00e9rmi.<\/p>\n<p style=\"text-align: justify;\">Konferenciu otvoril svoj\u00edm pr\u00edhovorom J\u00e1n Varchola, gener\u00e1lne riadite\u013estvo pre zamestnanos\u0165, soci\u00e1lne z\u00e1le\u017eitosti a za\u010dlenenie, Eur\u00f3pska komisia, Brusel. Vo svojom pr\u00edhovore sa zameral hlavne na predstavenie k\u013e\u00fa\u010dov\u00fdch eur\u00f3pskych iniciat\u00edv po\u010das <a href=\"https:\/\/year-of-skills.europa.eu\/index_sk\">Eur\u00f3pskeho roka zru\u010dnost\u00ed 2023<\/a>.<\/p>\n<p style=\"text-align: justify;\">Prv\u00e1 \u010das\u0165 konferencie bola venovan\u00e1 prezent\u00e1ci\u00e1m od expertov, ktor\u00ed sa venuj\u00fa vo svojej pr\u00e1ci podpore r\u00f4znych zru\u010dnost\u00ed pre \u017eivot \u2013 odolnos\u0165, umel\u00e1 inteligencia, v\u00fdznam a dopad rozvoja zru\u010dnost\u00ed pre \u017eivot a zistenia z okr\u00fahlych stolov v r\u00f4znych regi\u00f3noch na Slovensku.<\/p>\n<p style=\"text-align: justify;\">Po\u010das panelovej diskusie Zru\u010dnosti pre \u017eivot na Slovensku sa n\u00e1m podarilo da\u0165 dohromady skupinu expertov, ktor\u00ed s \u00fa\u010dastn\u00edkmi zdie\u013eali svoje sk\u00fasenosti a pl\u00e1ny v oblasti podpory, medi\u00e1lnej &#8211; digit\u00e1lnej, jazykovej a finan\u010dnej gramotnosti.<\/p>\n<p style=\"text-align: justify;\">\u201eZ prezent\u00e1ci\u00ed aj diskusi\u00ed vy\u0161li ako spolo\u010dn\u00fd menovate\u013e a tie\u017e najv\u00e4\u010d\u0161ia v\u00fdzva pre s\u00fa\u010dasnos\u0165 aj bl\u00edzku bud\u00facnos\u0165: odolnos\u0165 a pripravenos\u0165 na zmeny; zmena myslenia a ch\u00e1panie podstaty tejto zmeny; kritick\u00e9 myslenie a schopnos\u0165 vyhodnocova\u0165 inform\u00e1cie a zdroje; schopnos\u0165 kriticky a akt\u00edvne pristupova\u0165 k technol\u00f3gi\u00e1m ako k n\u00e1stroju zmeny.\u201c \u013dubica G\u00e1llov\u00e1, \u0160IOV<\/p>\n<p style=\"text-align: justify;\">Druh\u00e1 \u010das\u0165 konferencie bola venovan\u00e1 paraleln\u00fdm diskusi\u00e1m, kde mali \u00fa\u010dastn\u00edci mo\u017enos\u0165 z\u00fa\u010dastni\u0165 sa rozhovorov na t\u00e9my vyu\u017eitia umelej inteligencie vo vzdel\u00e1van\u00ed; pozrie\u0165 sa na met\u00f3dy rozvoja zru\u010dnost\u00ed v neform\u00e1lnom vzdel\u00e1van\u00ed a partnerstv\u00e1 a r\u00e1mce podpory rozvoja zru\u010dnost\u00ed pre \u017eivot.<\/p>\n<p style=\"text-align: justify;\">\u201eZ\u00e1plavu poznatkov a inform\u00e1ci\u00ed rie\u0161ime tak, \u017ee sa u\u010d\u00edme od konkr\u00e9tnych \u013eud\u00ed, ktor\u00ed n\u00e1m pom\u00e1haj\u00fa poznatky nielen z\u00edska\u0165, ale aj utriedi\u0165 a prioritizova\u0165, uk\u00e1za\u0165 medzi nim s\u00favislosti, da\u0165 pr\u00edklady z praxe, pomenova\u0165 existuj\u00face dilemy a nejednozna\u010dnosti. Toho s\u00fa u\u010ditelia\/mentori\/kou\u010dovia schopn\u00ed, preto\u017ee t\u00e9me rozumej\u00fa, prem\u00fd\u0161\u013eaj\u00fa o nej, vn\u00e1\u0161aj\u00fa ju do \u017eivota a sami ju \u017eij\u00fa.\u201c Peter Gu\u0161taf\u00edk, PDCS.<\/p>\n<p style=\"text-align: justify;\">V\u00fdstupy z paraleln\u00fdch diskusi\u00ed bud\u00fa spracovan\u00e9 do v\u00fdslednej mapovacej spr\u00e1vy Podpora rozvoja zru\u010dnost\u00ed pre \u017eivot, ktor\u00e1 bude hlavne vych\u00e1dza\u0165 z diskusi\u00ed po\u010das okr\u00fahlych stolov, ktor\u00e9 sme realizovali po\u010das minul\u00e9ho roku v r\u00f4znych regi\u00f3noch Slovenska.<\/p>\n<p style=\"text-align: justify;\">V\u0161etky v\u00fdstupy budete m\u00f4c\u0165 n\u00e1js\u0165 na webovej str\u00e1nke: <a href=\"http:\/\/www.vzdelavaniedospelych.sk\">www.vzdelavaniedospelych.sk<\/a> Na konferencii sa z\u00fa\u010dastnilo 90 \u00fa\u010dastn\u00edkov zastupuj\u00facich r\u00f4zne organiz\u00e1cie, ktor\u00e9 sa zaoberaj\u00fa form\u00e1lnym aj neform\u00e1lnym vzdel\u00e1van\u00edm, zamestnanos\u0165ou a soci\u00e1lnymi ot\u00e1zkami.<\/p>\n<p style=\"text-align: justify;\">Na konferencii sa z\u00fa\u010dastnilo 90 \u00fa\u010dastn\u00edkov zastupuj\u00facich r\u00f4zne organiz\u00e1cie, ktor\u00e9 sa zaoberaj\u00fa form\u00e1lnym aj neform\u00e1lnym vzdel\u00e1van\u00edm, zamestnanos\u0165ou a soci\u00e1lnymi ot\u00e1zkami.<\/p>","protected":false},"excerpt":{"rendered":"<p>Konferencia Podpora rozvoja zru\u010dnost\u00ed pre \u017eivot v meniacom sa svete v r\u00e1mci iniciat\u00edvy N\u00e1rodn\u00fd koordin\u00e1tor Eur\u00f3pskeho programu vo vzdel\u00e1van\u00ed dospel\u00fdch sa konala 6. j\u00fana. N\u00e1rodn\u00fd koordin\u00e1tor Eur\u00f3pskeho programu vzdel\u00e1vania dospel\u00fdch p\u00f4sob\u00ed na \u0160t\u00e1tnom in\u0161tit\u00fate odborn\u00e9ho vzdel\u00e1vania od roku 2018. Hlavn\u00fdm cie\u013eom iniciat\u00edvy je podpora vzdel\u00e1vania dospel\u00fdch na Slovensku a jeho \u010fal\u0161ieho rozvoja prostredn\u00edctvom posilnenia vn\u00edmania [&hellip;]<\/p>\n","protected":false},"author":6,"featured_media":13864,"comment_status":"closed","ping_status":"closed","sticky":false,"template":"","format":"standard","meta":{"site-sidebar-layout":"default","site-content-layout":"default","ast-site-content-layout":"default","site-content-style":"default","site-sidebar-style":"default","ast-global-header-display":"","ast-banner-title-visibility":"","ast-main-header-display":"","ast-hfb-above-header-display":"","ast-hfb-below-header-display":"","ast-hfb-mobile-header-display":"","site-post-title":"","ast-breadcrumbs-content":"","ast-featured-img":"","footer-sml-layout":"","ast-disable-related-posts":"","theme-transparent-header-meta":"default","adv-header-id-meta":"","stick-header-meta":"","header-above-stick-meta":"","header-main-stick-meta":"","header-below-stick-meta":"","astra-migrate-meta-layouts":"default","ast-page-background-enabled":"default","ast-page-background-meta":{"desktop":{"background-color":"var(--ast-global-color-4)","background-image":"","background-repeat":"repeat","background-position":"center center","background-size":"auto","background-attachment":"scroll","background-type":"","background-media":"","overlay-type":"","overlay-color":"","overlay-opacity":"","overlay-gradient":""},"tablet":{"background-color":"","background-image":"","background-repeat":"repeat","background-position":"center center","background-size":"auto","background-attachment":"scroll","background-type":"","background-media":"","overlay-type":"","overlay-color":"","overlay-opacity":"","overlay-gradient":""},"mobile":{"background-color":"","background-image":"","background-repeat":"repeat","background-position":"center center","background-size":"auto","background-attachment":"scroll","background-type":"","background-media":"","overlay-type":"","overlay-color":"","overlay-opacity":"","overlay-gradient":""}},"ast-content-background-meta":{"desktop":{"background-color":"var(--ast-global-color-5)","background-image":"","background-repeat":"repeat","background-position":"center center","background-size":"auto","background-attachment":"scroll","background-type":"","background-media":"","overlay-type":"","overlay-color":"","overlay-opacity":"","overlay-gradient":""},"tablet":{"background-color":"var(--ast-global-color-5)","background-image":"","background-repeat":"repeat","background-position":"center center","background-size":"auto","background-attachment":"scroll","background-type":"","background-media":"","overlay-type":"","overlay-color":"","overlay-opacity":"","overlay-gradient":""},"mobile":{"background-color":"var(--ast-global-color-5)","background-image":"","background-repeat":"repeat","background-position":"center center","background-size":"auto","background-attachment":"scroll","background-type":"","background-media":"","overlay-type":"","overlay-color":"","overlay-opacity":"","overlay-gradient":""}},"footnotes":""},"categories":[1],"tags":[],"class_list":["post-13862","post","type-post","status-publish","format-standard","has-post-thumbnail","hentry","category-aktuality"],"yoast_head":"<!-- This site is optimized with the Yoast SEO plugin v27.5 - https:\/\/yoast.com\/product\/yoast-seo-wordpress\/ -->\n<title>Konferencia Podpora rozvoja zru\u010dnost\u00ed pre \u017eivot v meniacom sa svete - \u0160IOV - \u0161t\u00e1tny in\u0161tit\u00fat odborn\u00e9ho vzdel\u00e1vania<\/title>\n<meta name=\"robots\" content=\"index, follow, max-snippet:-1, max-image-preview:large, max-video-preview:-1\" \/>\n<link rel=\"canonical\" href=\"https:\/\/archiv.siov.sk\/en\/konferencia-podpora-rozvoja-zrucnosti-pre-zivot-v-meniacom-sa-svete\/\" \/>\n<meta property=\"og:locale\" content=\"en_GB\" \/>\n<meta property=\"og:type\" content=\"article\" \/>\n<meta property=\"og:title\" content=\"Konferencia Podpora rozvoja zru\u010dnost\u00ed pre \u017eivot v meniacom sa svete - \u0160IOV - \u0161t\u00e1tny in\u0161tit\u00fat odborn\u00e9ho vzdel\u00e1vania\" \/>\n<meta property=\"og:description\" content=\"Konferencia Podpora rozvoja zru\u010dnost\u00ed pre \u017eivot v meniacom sa svete v r\u00e1mci iniciat\u00edvy N\u00e1rodn\u00fd koordin\u00e1tor Eur\u00f3pskeho programu vo vzdel\u00e1van\u00ed dospel\u00fdch sa konala 6. j\u00fana. N\u00e1rodn\u00fd koordin\u00e1tor Eur\u00f3pskeho programu vzdel\u00e1vania dospel\u00fdch p\u00f4sob\u00ed na \u0160t\u00e1tnom in\u0161tit\u00fate odborn\u00e9ho vzdel\u00e1vania od roku 2018. Hlavn\u00fdm cie\u013eom iniciat\u00edvy je podpora vzdel\u00e1vania dospel\u00fdch na Slovensku a jeho \u010fal\u0161ieho rozvoja prostredn\u00edctvom posilnenia vn\u00edmania [&hellip;]\" \/>\n<meta property=\"og:url\" content=\"https:\/\/archiv.siov.sk\/en\/konferencia-podpora-rozvoja-zrucnosti-pre-zivot-v-meniacom-sa-svete\/\" \/>\n<meta property=\"og:site_name\" content=\"\u0160IOV - \u0161t\u00e1tny in\u0161tit\u00fat odborn\u00e9ho vzdel\u00e1vania\" \/>\n<meta property=\"article:publisher\" content=\"https:\/\/www.facebook.com\/Statnyinstitutodbornehovzdelavania\" \/>\n<meta property=\"article:published_time\" content=\"2023-06-14T08:47:44+00:00\" \/>\n<meta property=\"og:image\" content=\"https:\/\/archiv.siov.sk\/wp-content\/uploads\/2023\/06\/353078891_610465520852858_7923081399010531195_n.jpg\" \/>\n\t<meta property=\"og:image:width\" content=\"2000\" \/>\n\t<meta property=\"og:image:height\" content=\"1500\" \/>\n\t<meta property=\"og:image:type\" content=\"image\/jpeg\" \/>\n<meta name=\"author\" content=\"Katar\u00edna Kov\u00e1\u010dov\u00e1\" \/>\n<meta name=\"twitter:card\" content=\"summary_large_image\" \/>\n<meta name=\"twitter:label1\" content=\"Written by\" \/>\n\t<meta name=\"twitter:data1\" content=\"Katar\u00edna Kov\u00e1\u010dov\u00e1\" \/>\n\t<meta name=\"twitter:label2\" content=\"Estimated reading time\" \/>\n\t<meta name=\"twitter:data2\" content=\"3 minutes\" \/>\n<script type=\"application\/ld+json\" class=\"yoast-schema-graph\">{\"@context\":\"https:\\\/\\\/schema.org\",\"@graph\":[{\"@type\":\"Article\",\"@id\":\"https:\\\/\\\/archiv.siov.sk\\\/konferencia-podpora-rozvoja-zrucnosti-pre-zivot-v-meniacom-sa-svete\\\/#article\",\"isPartOf\":{\"@id\":\"https:\\\/\\\/archiv.siov.sk\\\/konferencia-podpora-rozvoja-zrucnosti-pre-zivot-v-meniacom-sa-svete\\\/\"},\"author\":{\"name\":\"Katar\u00edna Kov\u00e1\u010dov\u00e1\",\"@id\":\"https:\\\/\\\/archiv.siov.sk\\\/#\\\/schema\\\/person\\\/e42d633fbd958c6a726e8834d8965e6c\"},\"headline\":\"Konferencia Podpora rozvoja zru\u010dnost\u00ed pre \u017eivot v meniacom sa svete\",\"datePublished\":\"2023-06-14T08:47:44+00:00\",\"mainEntityOfPage\":{\"@id\":\"https:\\\/\\\/archiv.siov.sk\\\/konferencia-podpora-rozvoja-zrucnosti-pre-zivot-v-meniacom-sa-svete\\\/\"},\"wordCount\":765,\"publisher\":{\"@id\":\"https:\\\/\\\/archiv.siov.sk\\\/#organization\"},\"image\":{\"@id\":\"https:\\\/\\\/archiv.siov.sk\\\/konferencia-podpora-rozvoja-zrucnosti-pre-zivot-v-meniacom-sa-svete\\\/#primaryimage\"},\"thumbnailUrl\":\"https:\\\/\\\/archiv.siov.sk\\\/wp-content\\\/uploads\\\/2023\\\/06\\\/353078891_610465520852858_7923081399010531195_n.jpg\",\"articleSection\":[\"Aktuality\"],\"inLanguage\":\"en-GB\"},{\"@type\":\"WebPage\",\"@id\":\"https:\\\/\\\/archiv.siov.sk\\\/konferencia-podpora-rozvoja-zrucnosti-pre-zivot-v-meniacom-sa-svete\\\/\",\"url\":\"https:\\\/\\\/archiv.siov.sk\\\/konferencia-podpora-rozvoja-zrucnosti-pre-zivot-v-meniacom-sa-svete\\\/\",\"name\":\"Konferencia Podpora rozvoja zru\u010dnost\u00ed pre \u017eivot v meniacom sa svete - \u0160IOV - \u0161t\u00e1tny in\u0161tit\u00fat odborn\u00e9ho vzdel\u00e1vania\",\"isPartOf\":{\"@id\":\"https:\\\/\\\/archiv.siov.sk\\\/#website\"},\"primaryImageOfPage\":{\"@id\":\"https:\\\/\\\/archiv.siov.sk\\\/konferencia-podpora-rozvoja-zrucnosti-pre-zivot-v-meniacom-sa-svete\\\/#primaryimage\"},\"image\":{\"@id\":\"https:\\\/\\\/archiv.siov.sk\\\/konferencia-podpora-rozvoja-zrucnosti-pre-zivot-v-meniacom-sa-svete\\\/#primaryimage\"},\"thumbnailUrl\":\"https:\\\/\\\/archiv.siov.sk\\\/wp-content\\\/uploads\\\/2023\\\/06\\\/353078891_610465520852858_7923081399010531195_n.jpg\",\"datePublished\":\"2023-06-14T08:47:44+00:00\",\"breadcrumb\":{\"@id\":\"https:\\\/\\\/archiv.siov.sk\\\/konferencia-podpora-rozvoja-zrucnosti-pre-zivot-v-meniacom-sa-svete\\\/#breadcrumb\"},\"inLanguage\":\"en-GB\",\"potentialAction\":[{\"@type\":\"ReadAction\",\"target\":[\"https:\\\/\\\/archiv.siov.sk\\\/konferencia-podpora-rozvoja-zrucnosti-pre-zivot-v-meniacom-sa-svete\\\/\"]}]},{\"@type\":\"ImageObject\",\"inLanguage\":\"en-GB\",\"@id\":\"https:\\\/\\\/archiv.siov.sk\\\/konferencia-podpora-rozvoja-zrucnosti-pre-zivot-v-meniacom-sa-svete\\\/#primaryimage\",\"url\":\"https:\\\/\\\/archiv.siov.sk\\\/wp-content\\\/uploads\\\/2023\\\/06\\\/353078891_610465520852858_7923081399010531195_n.jpg\",\"contentUrl\":\"https:\\\/\\\/archiv.siov.sk\\\/wp-content\\\/uploads\\\/2023\\\/06\\\/353078891_610465520852858_7923081399010531195_n.jpg\",\"width\":2000,\"height\":1500},{\"@type\":\"BreadcrumbList\",\"@id\":\"https:\\\/\\\/archiv.siov.sk\\\/konferencia-podpora-rozvoja-zrucnosti-pre-zivot-v-meniacom-sa-svete\\\/#breadcrumb\",\"itemListElement\":[{\"@type\":\"ListItem\",\"position\":1,\"name\":\"Home\",\"item\":\"https:\\\/\\\/archiv.siov.sk\\\/\"},{\"@type\":\"ListItem\",\"position\":2,\"name\":\"Konferencia Podpora rozvoja zru\u010dnost\u00ed pre \u017eivot v meniacom sa svete\"}]},{\"@type\":\"WebSite\",\"@id\":\"https:\\\/\\\/archiv.siov.sk\\\/#website\",\"url\":\"https:\\\/\\\/archiv.siov.sk\\\/\",\"name\":\"\u0160IOV - \u0161t\u00e1tny in\u0161tit\u00fat odborn\u00e9ho vzdel\u00e1vania\",\"description\":\"\",\"publisher\":{\"@id\":\"https:\\\/\\\/archiv.siov.sk\\\/#organization\"},\"potentialAction\":[{\"@type\":\"SearchAction\",\"target\":{\"@type\":\"EntryPoint\",\"urlTemplate\":\"https:\\\/\\\/archiv.siov.sk\\\/?s={search_term_string}\"},\"query-input\":{\"@type\":\"PropertyValueSpecification\",\"valueRequired\":true,\"valueName\":\"search_term_string\"}}],\"inLanguage\":\"en-GB\"},{\"@type\":\"Organization\",\"@id\":\"https:\\\/\\\/archiv.siov.sk\\\/#organization\",\"name\":\"\u0160IOV - \u0161t\u00e1tny in\u0161tit\u00fat odborn\u00e9ho vzdel\u00e1vania\",\"url\":\"https:\\\/\\\/archiv.siov.sk\\\/\",\"logo\":{\"@type\":\"ImageObject\",\"inLanguage\":\"en-GB\",\"@id\":\"https:\\\/\\\/archiv.siov.sk\\\/#\\\/schema\\\/logo\\\/image\\\/\",\"url\":\"https:\\\/\\\/archiv.siov.sk\\\/wp-content\\\/uploads\\\/2024\\\/02\\\/logo-SIOV.png\",\"contentUrl\":\"https:\\\/\\\/archiv.siov.sk\\\/wp-content\\\/uploads\\\/2024\\\/02\\\/logo-SIOV.png\",\"width\":431,\"height\":143,\"caption\":\"\u0160IOV - \u0161t\u00e1tny in\u0161tit\u00fat odborn\u00e9ho vzdel\u00e1vania\"},\"image\":{\"@id\":\"https:\\\/\\\/archiv.siov.sk\\\/#\\\/schema\\\/logo\\\/image\\\/\"},\"sameAs\":[\"https:\\\/\\\/www.facebook.com\\\/Statnyinstitutodbornehovzdelavania\"]},{\"@type\":\"Person\",\"@id\":\"https:\\\/\\\/archiv.siov.sk\\\/#\\\/schema\\\/person\\\/e42d633fbd958c6a726e8834d8965e6c\",\"name\":\"Katar\u00edna Kov\u00e1\u010dov\u00e1\",\"url\":\"https:\\\/\\\/archiv.siov.sk\\\/en\\\/author\\\/katkakovacova\\\/\"}]}<\/script>\n<!-- \/ Yoast SEO plugin. -->","yoast_head_json":{"title":"Konferencia Podpora rozvoja zru\u010dnost\u00ed pre \u017eivot v meniacom sa svete - \u0160IOV - \u0161t\u00e1tny in\u0161tit\u00fat odborn\u00e9ho vzdel\u00e1vania","robots":{"index":"index","follow":"follow","max-snippet":"max-snippet:-1","max-image-preview":"max-image-preview:large","max-video-preview":"max-video-preview:-1"},"canonical":"https:\/\/archiv.siov.sk\/en\/konferencia-podpora-rozvoja-zrucnosti-pre-zivot-v-meniacom-sa-svete\/","og_locale":"en_GB","og_type":"article","og_title":"Konferencia Podpora rozvoja zru\u010dnost\u00ed pre \u017eivot v meniacom sa svete - \u0160IOV - \u0161t\u00e1tny in\u0161tit\u00fat odborn\u00e9ho vzdel\u00e1vania","og_description":"Konferencia Podpora rozvoja zru\u010dnost\u00ed pre \u017eivot v meniacom sa svete v r\u00e1mci iniciat\u00edvy N\u00e1rodn\u00fd koordin\u00e1tor Eur\u00f3pskeho programu vo vzdel\u00e1van\u00ed dospel\u00fdch sa konala 6. j\u00fana. N\u00e1rodn\u00fd koordin\u00e1tor Eur\u00f3pskeho programu vzdel\u00e1vania dospel\u00fdch p\u00f4sob\u00ed na \u0160t\u00e1tnom in\u0161tit\u00fate odborn\u00e9ho vzdel\u00e1vania od roku 2018. Hlavn\u00fdm cie\u013eom iniciat\u00edvy je podpora vzdel\u00e1vania dospel\u00fdch na Slovensku a jeho \u010fal\u0161ieho rozvoja prostredn\u00edctvom posilnenia vn\u00edmania [&hellip;]","og_url":"https:\/\/archiv.siov.sk\/en\/konferencia-podpora-rozvoja-zrucnosti-pre-zivot-v-meniacom-sa-svete\/","og_site_name":"\u0160IOV - \u0161t\u00e1tny in\u0161tit\u00fat odborn\u00e9ho vzdel\u00e1vania","article_publisher":"https:\/\/www.facebook.com\/Statnyinstitutodbornehovzdelavania","article_published_time":"2023-06-14T08:47:44+00:00","og_image":[{"width":2000,"height":1500,"url":"https:\/\/archiv.siov.sk\/wp-content\/uploads\/2023\/06\/353078891_610465520852858_7923081399010531195_n.jpg","type":"image\/jpeg"}],"author":"Katar\u00edna Kov\u00e1\u010dov\u00e1","twitter_card":"summary_large_image","twitter_misc":{"Written by":"Katar\u00edna Kov\u00e1\u010dov\u00e1","Estimated reading time":"3 minutes"},"schema":{"@context":"https:\/\/schema.org","@graph":[{"@type":"Article","@id":"https:\/\/archiv.siov.sk\/konferencia-podpora-rozvoja-zrucnosti-pre-zivot-v-meniacom-sa-svete\/#article","isPartOf":{"@id":"https:\/\/archiv.siov.sk\/konferencia-podpora-rozvoja-zrucnosti-pre-zivot-v-meniacom-sa-svete\/"},"author":{"name":"Katar\u00edna Kov\u00e1\u010dov\u00e1","@id":"https:\/\/archiv.siov.sk\/#\/schema\/person\/e42d633fbd958c6a726e8834d8965e6c"},"headline":"Konferencia Podpora rozvoja zru\u010dnost\u00ed pre \u017eivot v meniacom sa svete","datePublished":"2023-06-14T08:47:44+00:00","mainEntityOfPage":{"@id":"https:\/\/archiv.siov.sk\/konferencia-podpora-rozvoja-zrucnosti-pre-zivot-v-meniacom-sa-svete\/"},"wordCount":765,"publisher":{"@id":"https:\/\/archiv.siov.sk\/#organization"},"image":{"@id":"https:\/\/archiv.siov.sk\/konferencia-podpora-rozvoja-zrucnosti-pre-zivot-v-meniacom-sa-svete\/#primaryimage"},"thumbnailUrl":"https:\/\/archiv.siov.sk\/wp-content\/uploads\/2023\/06\/353078891_610465520852858_7923081399010531195_n.jpg","articleSection":["Aktuality"],"inLanguage":"en-GB"},{"@type":"WebPage","@id":"https:\/\/archiv.siov.sk\/konferencia-podpora-rozvoja-zrucnosti-pre-zivot-v-meniacom-sa-svete\/","url":"https:\/\/archiv.siov.sk\/konferencia-podpora-rozvoja-zrucnosti-pre-zivot-v-meniacom-sa-svete\/","name":"Konferencia Podpora rozvoja zru\u010dnost\u00ed pre \u017eivot v meniacom sa svete - \u0160IOV - \u0161t\u00e1tny in\u0161tit\u00fat odborn\u00e9ho vzdel\u00e1vania","isPartOf":{"@id":"https:\/\/archiv.siov.sk\/#website"},"primaryImageOfPage":{"@id":"https:\/\/archiv.siov.sk\/konferencia-podpora-rozvoja-zrucnosti-pre-zivot-v-meniacom-sa-svete\/#primaryimage"},"image":{"@id":"https:\/\/archiv.siov.sk\/konferencia-podpora-rozvoja-zrucnosti-pre-zivot-v-meniacom-sa-svete\/#primaryimage"},"thumbnailUrl":"https:\/\/archiv.siov.sk\/wp-content\/uploads\/2023\/06\/353078891_610465520852858_7923081399010531195_n.jpg","datePublished":"2023-06-14T08:47:44+00:00","breadcrumb":{"@id":"https:\/\/archiv.siov.sk\/konferencia-podpora-rozvoja-zrucnosti-pre-zivot-v-meniacom-sa-svete\/#breadcrumb"},"inLanguage":"en-GB","potentialAction":[{"@type":"ReadAction","target":["https:\/\/archiv.siov.sk\/konferencia-podpora-rozvoja-zrucnosti-pre-zivot-v-meniacom-sa-svete\/"]}]},{"@type":"ImageObject","inLanguage":"en-GB","@id":"https:\/\/archiv.siov.sk\/konferencia-podpora-rozvoja-zrucnosti-pre-zivot-v-meniacom-sa-svete\/#primaryimage","url":"https:\/\/archiv.siov.sk\/wp-content\/uploads\/2023\/06\/353078891_610465520852858_7923081399010531195_n.jpg","contentUrl":"https:\/\/archiv.siov.sk\/wp-content\/uploads\/2023\/06\/353078891_610465520852858_7923081399010531195_n.jpg","width":2000,"height":1500},{"@type":"BreadcrumbList","@id":"https:\/\/archiv.siov.sk\/konferencia-podpora-rozvoja-zrucnosti-pre-zivot-v-meniacom-sa-svete\/#breadcrumb","itemListElement":[{"@type":"ListItem","position":1,"name":"Home","item":"https:\/\/archiv.siov.sk\/"},{"@type":"ListItem","position":2,"name":"Konferencia Podpora rozvoja zru\u010dnost\u00ed pre \u017eivot v meniacom sa svete"}]},{"@type":"WebSite","@id":"https:\/\/archiv.siov.sk\/#website","url":"https:\/\/archiv.siov.sk\/","name":"\u0160IOV - \u0161t\u00e1tny in\u0161tit\u00fat odborn\u00e9ho vzdel\u00e1vania","description":"","publisher":{"@id":"https:\/\/archiv.siov.sk\/#organization"},"potentialAction":[{"@type":"SearchAction","target":{"@type":"EntryPoint","urlTemplate":"https:\/\/archiv.siov.sk\/?s={search_term_string}"},"query-input":{"@type":"PropertyValueSpecification","valueRequired":true,"valueName":"search_term_string"}}],"inLanguage":"en-GB"},{"@type":"Organization","@id":"https:\/\/archiv.siov.sk\/#organization","name":"\u0160IOV - \u0161t\u00e1tny in\u0161tit\u00fat odborn\u00e9ho vzdel\u00e1vania","url":"https:\/\/archiv.siov.sk\/","logo":{"@type":"ImageObject","inLanguage":"en-GB","@id":"https:\/\/archiv.siov.sk\/#\/schema\/logo\/image\/","url":"https:\/\/archiv.siov.sk\/wp-content\/uploads\/2024\/02\/logo-SIOV.png","contentUrl":"https:\/\/archiv.siov.sk\/wp-content\/uploads\/2024\/02\/logo-SIOV.png","width":431,"height":143,"caption":"\u0160IOV - \u0161t\u00e1tny in\u0161tit\u00fat odborn\u00e9ho vzdel\u00e1vania"},"image":{"@id":"https:\/\/archiv.siov.sk\/#\/schema\/logo\/image\/"},"sameAs":["https:\/\/www.facebook.com\/Statnyinstitutodbornehovzdelavania"]},{"@type":"Person","@id":"https:\/\/archiv.siov.sk\/#\/schema\/person\/e42d633fbd958c6a726e8834d8965e6c","name":"Katar\u00edna Kov\u00e1\u010dov\u00e1","url":"https:\/\/archiv.siov.sk\/en\/author\/katkakovacova\/"}]}},"_links":{"self":[{"href":"https:\/\/archiv.siov.sk\/en\/wp-json\/wp\/v2\/posts\/13862","targetHints":{"allow":["GET"]}}],"collection":[{"href":"https:\/\/archiv.siov.sk\/en\/wp-json\/wp\/v2\/posts"}],"about":[{"href":"https:\/\/archiv.siov.sk\/en\/wp-json\/wp\/v2\/types\/post"}],"author":[{"embeddable":true,"href":"https:\/\/archiv.siov.sk\/en\/wp-json\/wp\/v2\/users\/6"}],"replies":[{"embeddable":true,"href":"https:\/\/archiv.siov.sk\/en\/wp-json\/wp\/v2\/comments?post=13862"}],"version-history":[{"count":2,"href":"https:\/\/archiv.siov.sk\/en\/wp-json\/wp\/v2\/posts\/13862\/revisions"}],"predecessor-version":[{"id":13865,"href":"https:\/\/archiv.siov.sk\/en\/wp-json\/wp\/v2\/posts\/13862\/revisions\/13865"}],"wp:featuredmedia":[{"embeddable":true,"href":"https:\/\/archiv.siov.sk\/en\/wp-json\/wp\/v2\/media\/13864"}],"wp:attachment":[{"href":"https:\/\/archiv.siov.sk\/en\/wp-json\/wp\/v2\/media?parent=13862"}],"wp:term":[{"taxonomy":"category","embeddable":true,"href":"https:\/\/archiv.siov.sk\/en\/wp-json\/wp\/v2\/categories?post=13862"},{"taxonomy":"post_tag","embeddable":true,"href":"https:\/\/archiv.siov.sk\/en\/wp-json\/wp\/v2\/tags?post=13862"}],"curies":[{"name":"wp","href":"https:\/\/api.w.org\/{rel}","templated":true}]}}