{"id":13839,"date":"2023-06-01T14:06:59","date_gmt":"2023-06-01T12:06:59","guid":{"rendered":"https:\/\/archiv.siov.sk\/?p=13839"},"modified":"2023-06-13T14:11:56","modified_gmt":"2023-06-13T12:11:56","slug":"pozvanka-seminar-pre-ucitelov-cvicnej-firmy","status":"publish","type":"post","link":"https:\/\/archiv.siov.sk\/en\/pozvanka-seminar-pre-ucitelov-cvicnej-firmy\/","title":{"rendered":"Pozv\u00e1nka  &#8211; Semin\u00e1r pre u\u010dite\u013eov cvi\u010dnej firmy"},"content":{"rendered":"<p style=\"text-align: justify;\">\u0160t\u00e1tny in\u0161tit\u00fat odborn\u00e9ho vzdel\u00e1vania, odbor \u201efinan\u010dnej gramotnosti, Slovensk\u00e9 centrum cvi\u010dn\u00fdch firiem a podpory smerovania ml\u00e1de\u017ee\u201c, pripravuje online semin\u00e1r pre u\u010dite\u013eov so zameran\u00edm na v\u00fdu\u010dbu predmetu cvi\u010dn\u00e1 firma. Semin\u00e1r je ur\u010den\u00fd za\u010d\u00ednaj\u00facim ale aj pokro\u010dil\u00fdm u\u010dite\u013eom stredn\u00fdch \u0161k\u00f4l so zameran\u00edm na odborn\u00fa&nbsp; problematiku v\u00fdu\u010dby predmetu cvi\u010dn\u00e1 firma.<\/p>\n<p><strong>T\u00e9ma :&nbsp;&nbsp;&nbsp;&nbsp; Podnikate\u013esk\u00e9 vzdel\u00e1vanie cestou cvi\u010dnej firmy doma i&nbsp;v&nbsp;zahrani\u010d\u00ed,&nbsp;PEN Worldwide<\/strong><\/p>\n<p>Term\u00edn:&nbsp;&nbsp;&nbsp; 27. j\u00fan 2023 od 11:00 do 14:45<\/p>\n<p>Miesto:&nbsp;&nbsp;&nbsp; Online cez MS Teams<\/p>\n<p>&nbsp;<\/p>\n<p><strong>Lektori: &nbsp;&nbsp; <\/strong><\/p>\n<p>Gabriela Horeck\u00e1 &nbsp;\u0336 &nbsp;\u0160IOV<br \/>\nMarta Maru\u0161incov\u00e1 &nbsp;\u0336 &nbsp;\u0160IOV<br \/>\nDaniel \u0147arja\u0161 &nbsp;\u0336 &#8211; \u0160IOV<br \/>\nVictoria H\u00e4dler \u0336 &nbsp;PEN Worldwide , \u010cesk\u00e1 republika<\/p>\n<p>Scott Mitchell &nbsp;&nbsp;\u0336 &nbsp;PEN Worldwide, Kanada<br \/>\n&nbsp;&nbsp;&nbsp;&nbsp;&nbsp;&nbsp;&nbsp;&nbsp;&nbsp;&nbsp;&nbsp;&nbsp;&nbsp;&nbsp;&nbsp;&nbsp;&nbsp;&nbsp;&nbsp;&nbsp;&nbsp;&nbsp;&nbsp;&nbsp;&nbsp;&nbsp;&nbsp;&nbsp;&nbsp; &nbsp;&nbsp;&nbsp;&nbsp;&nbsp;&nbsp;&nbsp;&nbsp;&nbsp;&nbsp;&nbsp;<\/p>\n<p><strong>Program:&nbsp;&nbsp;<\/strong><\/p>\n<p>11:00 \u2013 11:15&nbsp; &nbsp; Otvorenie. Predstavenie \u00fa\u010dastn\u00edkov. (Ing. Gabriela Horeck\u00e1)<\/p>\n<p>11:15 \u2013 11:45&nbsp; &nbsp; SCCF, cvi\u010dn\u00e1 firma, projekty CF a&nbsp;PEN Worldwide. (Ing. Gabriela Horeck\u00e1)<\/p>\n<p>11:45 \u2013 12:15&nbsp; &nbsp; \u00darady, registr\u00e1cia, ve\u013etrhy. (Mgr. Marta Maru\u0161incov\u00e1)<\/p>\n<p>12:25 \u2013 12:55&nbsp; &nbsp; Banka CF, \u00favery, zahrani\u010dn\u00e9 platby. (Ing. Daniel \u0147arja\u0161)<\/p>\n<p>13:00 \u2013 14:00&nbsp;&nbsp;&nbsp; PEN Worldwide, Marketplace, IT Ticketing system; Certification. (Scott Mitchell a&nbsp;Victoria H\u00e4dler)<\/p>\n<p>14:00 \u2013 14:45&nbsp; &nbsp; Diskusia a z\u00e1ver<\/p>\n<p>&nbsp;<\/p>\n<p>Na semin\u00e1r sa m\u00f4\u017eete prihl\u00e1si\u0165 najnesk\u00f4r do 23. j\u00fana 2023 prostredn\u00edctvom registra\u010dn\u00e9ho formul\u00e1ra Google:&nbsp; &nbsp;<strong><a href=\"https:\/\/docs.google.com\/forms\/d\/e\/1FAIpQLSdyz4wLG78-GZF5fJQVMA_IZChiWGxVAVkPyi0vY6n6NgrJOA\/viewform\">Vyplni\u0165 formul\u00e1r&nbsp;&nbsp; <\/a><\/strong>&nbsp;<\/p>\n<p>Na V\u00e1\u0161 registra\u010dn\u00fd e-mail V\u00e1m po\u0161leme najnesk\u00f4r 26. j\u00fana 2023 link na pripojenie na online semin\u00e1r cez MS Teams.<\/p>","protected":false},"excerpt":{"rendered":"<p>\u0160t\u00e1tny in\u0161tit\u00fat odborn\u00e9ho vzdel\u00e1vania, odbor \u201efinan\u010dnej gramotnosti, Slovensk\u00e9 centrum cvi\u010dn\u00fdch firiem a podpory smerovania ml\u00e1de\u017ee\u201c, pripravuje online semin\u00e1r pre u\u010dite\u013eov so zameran\u00edm na v\u00fdu\u010dbu predmetu cvi\u010dn\u00e1 firma. Semin\u00e1r je ur\u010den\u00fd za\u010d\u00ednaj\u00facim ale aj pokro\u010dil\u00fdm u\u010dite\u013eom stredn\u00fdch \u0161k\u00f4l so zameran\u00edm na odborn\u00fa&nbsp; problematiku v\u00fdu\u010dby predmetu cvi\u010dn\u00e1 firma. T\u00e9ma :&nbsp;&nbsp;&nbsp;&nbsp; Podnikate\u013esk\u00e9 vzdel\u00e1vanie cestou cvi\u010dnej firmy doma i&nbsp;v&nbsp;zahrani\u010d\u00ed,&nbsp;PEN [&hellip;]<\/p>\n","protected":false},"author":6,"featured_media":2380,"comment_status":"closed","ping_status":"closed","sticky":false,"template":"","format":"standard","meta":{"site-sidebar-layout":"default","site-content-layout":"default","ast-site-content-layout":"default","site-content-style":"default","site-sidebar-style":"default","ast-global-header-display":"","ast-banner-title-visibility":"","ast-main-header-display":"","ast-hfb-above-header-display":"","ast-hfb-below-header-display":"","ast-hfb-mobile-header-display":"","site-post-title":"","ast-breadcrumbs-content":"","ast-featured-img":"","footer-sml-layout":"","ast-disable-related-posts":"","theme-transparent-header-meta":"default","adv-header-id-meta":"","stick-header-meta":"","header-above-stick-meta":"","header-main-stick-meta":"","header-below-stick-meta":"","astra-migrate-meta-layouts":"default","ast-page-background-enabled":"default","ast-page-background-meta":{"desktop":{"background-color":"var(--ast-global-color-4)","background-image":"","background-repeat":"repeat","background-position":"center center","background-size":"auto","background-attachment":"scroll","background-type":"","background-media":"","overlay-type":"","overlay-color":"","overlay-opacity":"","overlay-gradient":""},"tablet":{"background-color":"","background-image":"","background-repeat":"repeat","background-position":"center center","background-size":"auto","background-attachment":"scroll","background-type":"","background-media":"","overlay-type":"","overlay-color":"","overlay-opacity":"","overlay-gradient":""},"mobile":{"background-color":"","background-image":"","background-repeat":"repeat","background-position":"center center","background-size":"auto","background-attachment":"scroll","background-type":"","background-media":"","overlay-type":"","overlay-color":"","overlay-opacity":"","overlay-gradient":""}},"ast-content-background-meta":{"desktop":{"background-color":"var(--ast-global-color-5)","background-image":"","background-repeat":"repeat","background-position":"center center","background-size":"auto","background-attachment":"scroll","background-type":"","background-media":"","overlay-type":"","overlay-color":"","overlay-opacity":"","overlay-gradient":""},"tablet":{"background-color":"var(--ast-global-color-5)","background-image":"","background-repeat":"repeat","background-position":"center center","background-size":"auto","background-attachment":"scroll","background-type":"","background-media":"","overlay-type":"","overlay-color":"","overlay-opacity":"","overlay-gradient":""},"mobile":{"background-color":"var(--ast-global-color-5)","background-image":"","background-repeat":"repeat","background-position":"center center","background-size":"auto","background-attachment":"scroll","background-type":"","background-media":"","overlay-type":"","overlay-color":"","overlay-opacity":"","overlay-gradient":""}},"footnotes":""},"categories":[1],"tags":[],"class_list":["post-13839","post","type-post","status-publish","format-standard","has-post-thumbnail","hentry","category-aktuality"],"yoast_head":"<!-- This site is optimized with the Yoast SEO plugin v27.5 - https:\/\/yoast.com\/product\/yoast-seo-wordpress\/ -->\n<title>Pozv\u00e1nka - Semin\u00e1r pre u\u010dite\u013eov cvi\u010dnej firmy - \u0160IOV - \u0161t\u00e1tny in\u0161tit\u00fat odborn\u00e9ho vzdel\u00e1vania<\/title>\n<meta name=\"robots\" content=\"index, follow, max-snippet:-1, max-image-preview:large, max-video-preview:-1\" \/>\n<link rel=\"canonical\" href=\"https:\/\/archiv.siov.sk\/en\/pozvanka-seminar-pre-ucitelov-cvicnej-firmy\/\" \/>\n<meta property=\"og:locale\" content=\"en_GB\" \/>\n<meta property=\"og:type\" content=\"article\" \/>\n<meta property=\"og:title\" content=\"Pozv\u00e1nka - Semin\u00e1r pre u\u010dite\u013eov cvi\u010dnej firmy - \u0160IOV - \u0161t\u00e1tny in\u0161tit\u00fat odborn\u00e9ho vzdel\u00e1vania\" \/>\n<meta property=\"og:description\" content=\"\u0160t\u00e1tny in\u0161tit\u00fat odborn\u00e9ho vzdel\u00e1vania, odbor \u201efinan\u010dnej gramotnosti, Slovensk\u00e9 centrum cvi\u010dn\u00fdch firiem a podpory smerovania ml\u00e1de\u017ee\u201c, pripravuje online semin\u00e1r pre u\u010dite\u013eov so zameran\u00edm na v\u00fdu\u010dbu predmetu cvi\u010dn\u00e1 firma. Semin\u00e1r je ur\u010den\u00fd za\u010d\u00ednaj\u00facim ale aj pokro\u010dil\u00fdm u\u010dite\u013eom stredn\u00fdch \u0161k\u00f4l so zameran\u00edm na odborn\u00fa&nbsp; problematiku v\u00fdu\u010dby predmetu cvi\u010dn\u00e1 firma. T\u00e9ma :&nbsp;&nbsp;&nbsp;&nbsp; Podnikate\u013esk\u00e9 vzdel\u00e1vanie cestou cvi\u010dnej firmy doma i&nbsp;v&nbsp;zahrani\u010d\u00ed,&nbsp;PEN [&hellip;]\" \/>\n<meta property=\"og:url\" content=\"https:\/\/archiv.siov.sk\/en\/pozvanka-seminar-pre-ucitelov-cvicnej-firmy\/\" \/>\n<meta property=\"og:site_name\" content=\"\u0160IOV - \u0161t\u00e1tny in\u0161tit\u00fat odborn\u00e9ho vzdel\u00e1vania\" \/>\n<meta property=\"article:publisher\" content=\"https:\/\/www.facebook.com\/Statnyinstitutodbornehovzdelavania\" \/>\n<meta property=\"article:published_time\" content=\"2023-06-01T12:06:59+00:00\" \/>\n<meta property=\"article:modified_time\" content=\"2023-06-13T12:11:56+00:00\" \/>\n<meta property=\"og:image\" content=\"https:\/\/archiv.siov.sk\/wp-content\/uploads\/2019\/02\/top_program.jpg\" \/>\n\t<meta property=\"og:image:width\" content=\"1100\" \/>\n\t<meta property=\"og:image:height\" content=\"445\" \/>\n\t<meta property=\"og:image:type\" content=\"image\/jpeg\" \/>\n<meta name=\"author\" content=\"Katar\u00edna Kov\u00e1\u010dov\u00e1\" \/>\n<meta name=\"twitter:card\" content=\"summary_large_image\" \/>\n<meta name=\"twitter:label1\" content=\"Written by\" \/>\n\t<meta name=\"twitter:data1\" content=\"Katar\u00edna Kov\u00e1\u010dov\u00e1\" \/>\n\t<meta name=\"twitter:label2\" content=\"Estimated reading time\" \/>\n\t<meta name=\"twitter:data2\" content=\"2 minutes\" \/>\n<script type=\"application\/ld+json\" class=\"yoast-schema-graph\">{\"@context\":\"https:\\\/\\\/schema.org\",\"@graph\":[{\"@type\":\"Article\",\"@id\":\"https:\\\/\\\/archiv.siov.sk\\\/pozvanka-seminar-pre-ucitelov-cvicnej-firmy\\\/#article\",\"isPartOf\":{\"@id\":\"https:\\\/\\\/archiv.siov.sk\\\/pozvanka-seminar-pre-ucitelov-cvicnej-firmy\\\/\"},\"author\":{\"name\":\"Katar\u00edna Kov\u00e1\u010dov\u00e1\",\"@id\":\"https:\\\/\\\/archiv.siov.sk\\\/#\\\/schema\\\/person\\\/e42d633fbd958c6a726e8834d8965e6c\"},\"headline\":\"Pozv\u00e1nka &#8211; Semin\u00e1r pre u\u010dite\u013eov cvi\u010dnej firmy\",\"datePublished\":\"2023-06-01T12:06:59+00:00\",\"dateModified\":\"2023-06-13T12:11:56+00:00\",\"mainEntityOfPage\":{\"@id\":\"https:\\\/\\\/archiv.siov.sk\\\/pozvanka-seminar-pre-ucitelov-cvicnej-firmy\\\/\"},\"wordCount\":331,\"publisher\":{\"@id\":\"https:\\\/\\\/archiv.siov.sk\\\/#organization\"},\"image\":{\"@id\":\"https:\\\/\\\/archiv.siov.sk\\\/pozvanka-seminar-pre-ucitelov-cvicnej-firmy\\\/#primaryimage\"},\"thumbnailUrl\":\"https:\\\/\\\/archiv.siov.sk\\\/wp-content\\\/uploads\\\/2019\\\/02\\\/top_program.jpg\",\"articleSection\":[\"Aktuality\"],\"inLanguage\":\"en-GB\"},{\"@type\":\"WebPage\",\"@id\":\"https:\\\/\\\/archiv.siov.sk\\\/pozvanka-seminar-pre-ucitelov-cvicnej-firmy\\\/\",\"url\":\"https:\\\/\\\/archiv.siov.sk\\\/pozvanka-seminar-pre-ucitelov-cvicnej-firmy\\\/\",\"name\":\"Pozv\u00e1nka - Semin\u00e1r pre u\u010dite\u013eov cvi\u010dnej firmy - \u0160IOV - \u0161t\u00e1tny in\u0161tit\u00fat odborn\u00e9ho vzdel\u00e1vania\",\"isPartOf\":{\"@id\":\"https:\\\/\\\/archiv.siov.sk\\\/#website\"},\"primaryImageOfPage\":{\"@id\":\"https:\\\/\\\/archiv.siov.sk\\\/pozvanka-seminar-pre-ucitelov-cvicnej-firmy\\\/#primaryimage\"},\"image\":{\"@id\":\"https:\\\/\\\/archiv.siov.sk\\\/pozvanka-seminar-pre-ucitelov-cvicnej-firmy\\\/#primaryimage\"},\"thumbnailUrl\":\"https:\\\/\\\/archiv.siov.sk\\\/wp-content\\\/uploads\\\/2019\\\/02\\\/top_program.jpg\",\"datePublished\":\"2023-06-01T12:06:59+00:00\",\"dateModified\":\"2023-06-13T12:11:56+00:00\",\"breadcrumb\":{\"@id\":\"https:\\\/\\\/archiv.siov.sk\\\/pozvanka-seminar-pre-ucitelov-cvicnej-firmy\\\/#breadcrumb\"},\"inLanguage\":\"en-GB\",\"potentialAction\":[{\"@type\":\"ReadAction\",\"target\":[\"https:\\\/\\\/archiv.siov.sk\\\/pozvanka-seminar-pre-ucitelov-cvicnej-firmy\\\/\"]}]},{\"@type\":\"ImageObject\",\"inLanguage\":\"en-GB\",\"@id\":\"https:\\\/\\\/archiv.siov.sk\\\/pozvanka-seminar-pre-ucitelov-cvicnej-firmy\\\/#primaryimage\",\"url\":\"https:\\\/\\\/archiv.siov.sk\\\/wp-content\\\/uploads\\\/2019\\\/02\\\/top_program.jpg\",\"contentUrl\":\"https:\\\/\\\/archiv.siov.sk\\\/wp-content\\\/uploads\\\/2019\\\/02\\\/top_program.jpg\",\"width\":1100,\"height\":445,\"caption\":\"\u0160tudenti z cel\u00e9ho Slovenska si zmeraj\u00fa svoje technick\u00e9 zru\u010dnosti na s\u00fa\u0165a\u017ei ZENIT\"},{\"@type\":\"BreadcrumbList\",\"@id\":\"https:\\\/\\\/archiv.siov.sk\\\/pozvanka-seminar-pre-ucitelov-cvicnej-firmy\\\/#breadcrumb\",\"itemListElement\":[{\"@type\":\"ListItem\",\"position\":1,\"name\":\"Home\",\"item\":\"https:\\\/\\\/archiv.siov.sk\\\/\"},{\"@type\":\"ListItem\",\"position\":2,\"name\":\"Pozv\u00e1nka &#8211; Semin\u00e1r pre u\u010dite\u013eov cvi\u010dnej firmy\"}]},{\"@type\":\"WebSite\",\"@id\":\"https:\\\/\\\/archiv.siov.sk\\\/#website\",\"url\":\"https:\\\/\\\/archiv.siov.sk\\\/\",\"name\":\"\u0160IOV - \u0161t\u00e1tny in\u0161tit\u00fat odborn\u00e9ho vzdel\u00e1vania\",\"description\":\"\",\"publisher\":{\"@id\":\"https:\\\/\\\/archiv.siov.sk\\\/#organization\"},\"potentialAction\":[{\"@type\":\"SearchAction\",\"target\":{\"@type\":\"EntryPoint\",\"urlTemplate\":\"https:\\\/\\\/archiv.siov.sk\\\/?s={search_term_string}\"},\"query-input\":{\"@type\":\"PropertyValueSpecification\",\"valueRequired\":true,\"valueName\":\"search_term_string\"}}],\"inLanguage\":\"en-GB\"},{\"@type\":\"Organization\",\"@id\":\"https:\\\/\\\/archiv.siov.sk\\\/#organization\",\"name\":\"\u0160IOV - \u0161t\u00e1tny in\u0161tit\u00fat odborn\u00e9ho vzdel\u00e1vania\",\"url\":\"https:\\\/\\\/archiv.siov.sk\\\/\",\"logo\":{\"@type\":\"ImageObject\",\"inLanguage\":\"en-GB\",\"@id\":\"https:\\\/\\\/archiv.siov.sk\\\/#\\\/schema\\\/logo\\\/image\\\/\",\"url\":\"https:\\\/\\\/archiv.siov.sk\\\/wp-content\\\/uploads\\\/2024\\\/02\\\/logo-SIOV.png\",\"contentUrl\":\"https:\\\/\\\/archiv.siov.sk\\\/wp-content\\\/uploads\\\/2024\\\/02\\\/logo-SIOV.png\",\"width\":431,\"height\":143,\"caption\":\"\u0160IOV - \u0161t\u00e1tny in\u0161tit\u00fat odborn\u00e9ho vzdel\u00e1vania\"},\"image\":{\"@id\":\"https:\\\/\\\/archiv.siov.sk\\\/#\\\/schema\\\/logo\\\/image\\\/\"},\"sameAs\":[\"https:\\\/\\\/www.facebook.com\\\/Statnyinstitutodbornehovzdelavania\"]},{\"@type\":\"Person\",\"@id\":\"https:\\\/\\\/archiv.siov.sk\\\/#\\\/schema\\\/person\\\/e42d633fbd958c6a726e8834d8965e6c\",\"name\":\"Katar\u00edna Kov\u00e1\u010dov\u00e1\",\"url\":\"https:\\\/\\\/archiv.siov.sk\\\/en\\\/author\\\/katkakovacova\\\/\"}]}<\/script>\n<!-- \/ Yoast SEO plugin. -->","yoast_head_json":{"title":"Pozv\u00e1nka - Semin\u00e1r pre u\u010dite\u013eov cvi\u010dnej firmy - \u0160IOV - \u0161t\u00e1tny in\u0161tit\u00fat odborn\u00e9ho vzdel\u00e1vania","robots":{"index":"index","follow":"follow","max-snippet":"max-snippet:-1","max-image-preview":"max-image-preview:large","max-video-preview":"max-video-preview:-1"},"canonical":"https:\/\/archiv.siov.sk\/en\/pozvanka-seminar-pre-ucitelov-cvicnej-firmy\/","og_locale":"en_GB","og_type":"article","og_title":"Pozv\u00e1nka - Semin\u00e1r pre u\u010dite\u013eov cvi\u010dnej firmy - \u0160IOV - \u0161t\u00e1tny in\u0161tit\u00fat odborn\u00e9ho vzdel\u00e1vania","og_description":"\u0160t\u00e1tny in\u0161tit\u00fat odborn\u00e9ho vzdel\u00e1vania, odbor \u201efinan\u010dnej gramotnosti, Slovensk\u00e9 centrum cvi\u010dn\u00fdch firiem a podpory smerovania ml\u00e1de\u017ee\u201c, pripravuje online semin\u00e1r pre u\u010dite\u013eov so zameran\u00edm na v\u00fdu\u010dbu predmetu cvi\u010dn\u00e1 firma. Semin\u00e1r je ur\u010den\u00fd za\u010d\u00ednaj\u00facim ale aj pokro\u010dil\u00fdm u\u010dite\u013eom stredn\u00fdch \u0161k\u00f4l so zameran\u00edm na odborn\u00fa&nbsp; problematiku v\u00fdu\u010dby predmetu cvi\u010dn\u00e1 firma. T\u00e9ma :&nbsp;&nbsp;&nbsp;&nbsp; Podnikate\u013esk\u00e9 vzdel\u00e1vanie cestou cvi\u010dnej firmy doma i&nbsp;v&nbsp;zahrani\u010d\u00ed,&nbsp;PEN [&hellip;]","og_url":"https:\/\/archiv.siov.sk\/en\/pozvanka-seminar-pre-ucitelov-cvicnej-firmy\/","og_site_name":"\u0160IOV - \u0161t\u00e1tny in\u0161tit\u00fat odborn\u00e9ho vzdel\u00e1vania","article_publisher":"https:\/\/www.facebook.com\/Statnyinstitutodbornehovzdelavania","article_published_time":"2023-06-01T12:06:59+00:00","article_modified_time":"2023-06-13T12:11:56+00:00","og_image":[{"width":1100,"height":445,"url":"https:\/\/archiv.siov.sk\/wp-content\/uploads\/2019\/02\/top_program.jpg","type":"image\/jpeg"}],"author":"Katar\u00edna Kov\u00e1\u010dov\u00e1","twitter_card":"summary_large_image","twitter_misc":{"Written by":"Katar\u00edna Kov\u00e1\u010dov\u00e1","Estimated reading time":"2 minutes"},"schema":{"@context":"https:\/\/schema.org","@graph":[{"@type":"Article","@id":"https:\/\/archiv.siov.sk\/pozvanka-seminar-pre-ucitelov-cvicnej-firmy\/#article","isPartOf":{"@id":"https:\/\/archiv.siov.sk\/pozvanka-seminar-pre-ucitelov-cvicnej-firmy\/"},"author":{"name":"Katar\u00edna Kov\u00e1\u010dov\u00e1","@id":"https:\/\/archiv.siov.sk\/#\/schema\/person\/e42d633fbd958c6a726e8834d8965e6c"},"headline":"Pozv\u00e1nka &#8211; Semin\u00e1r pre u\u010dite\u013eov cvi\u010dnej firmy","datePublished":"2023-06-01T12:06:59+00:00","dateModified":"2023-06-13T12:11:56+00:00","mainEntityOfPage":{"@id":"https:\/\/archiv.siov.sk\/pozvanka-seminar-pre-ucitelov-cvicnej-firmy\/"},"wordCount":331,"publisher":{"@id":"https:\/\/archiv.siov.sk\/#organization"},"image":{"@id":"https:\/\/archiv.siov.sk\/pozvanka-seminar-pre-ucitelov-cvicnej-firmy\/#primaryimage"},"thumbnailUrl":"https:\/\/archiv.siov.sk\/wp-content\/uploads\/2019\/02\/top_program.jpg","articleSection":["Aktuality"],"inLanguage":"en-GB"},{"@type":"WebPage","@id":"https:\/\/archiv.siov.sk\/pozvanka-seminar-pre-ucitelov-cvicnej-firmy\/","url":"https:\/\/archiv.siov.sk\/pozvanka-seminar-pre-ucitelov-cvicnej-firmy\/","name":"Pozv\u00e1nka - Semin\u00e1r pre u\u010dite\u013eov cvi\u010dnej firmy - \u0160IOV - \u0161t\u00e1tny in\u0161tit\u00fat odborn\u00e9ho vzdel\u00e1vania","isPartOf":{"@id":"https:\/\/archiv.siov.sk\/#website"},"primaryImageOfPage":{"@id":"https:\/\/archiv.siov.sk\/pozvanka-seminar-pre-ucitelov-cvicnej-firmy\/#primaryimage"},"image":{"@id":"https:\/\/archiv.siov.sk\/pozvanka-seminar-pre-ucitelov-cvicnej-firmy\/#primaryimage"},"thumbnailUrl":"https:\/\/archiv.siov.sk\/wp-content\/uploads\/2019\/02\/top_program.jpg","datePublished":"2023-06-01T12:06:59+00:00","dateModified":"2023-06-13T12:11:56+00:00","breadcrumb":{"@id":"https:\/\/archiv.siov.sk\/pozvanka-seminar-pre-ucitelov-cvicnej-firmy\/#breadcrumb"},"inLanguage":"en-GB","potentialAction":[{"@type":"ReadAction","target":["https:\/\/archiv.siov.sk\/pozvanka-seminar-pre-ucitelov-cvicnej-firmy\/"]}]},{"@type":"ImageObject","inLanguage":"en-GB","@id":"https:\/\/archiv.siov.sk\/pozvanka-seminar-pre-ucitelov-cvicnej-firmy\/#primaryimage","url":"https:\/\/archiv.siov.sk\/wp-content\/uploads\/2019\/02\/top_program.jpg","contentUrl":"https:\/\/archiv.siov.sk\/wp-content\/uploads\/2019\/02\/top_program.jpg","width":1100,"height":445,"caption":"\u0160tudenti z cel\u00e9ho Slovenska si zmeraj\u00fa svoje technick\u00e9 zru\u010dnosti na s\u00fa\u0165a\u017ei ZENIT"},{"@type":"BreadcrumbList","@id":"https:\/\/archiv.siov.sk\/pozvanka-seminar-pre-ucitelov-cvicnej-firmy\/#breadcrumb","itemListElement":[{"@type":"ListItem","position":1,"name":"Home","item":"https:\/\/archiv.siov.sk\/"},{"@type":"ListItem","position":2,"name":"Pozv\u00e1nka &#8211; Semin\u00e1r pre u\u010dite\u013eov cvi\u010dnej firmy"}]},{"@type":"WebSite","@id":"https:\/\/archiv.siov.sk\/#website","url":"https:\/\/archiv.siov.sk\/","name":"\u0160IOV - \u0161t\u00e1tny in\u0161tit\u00fat odborn\u00e9ho vzdel\u00e1vania","description":"","publisher":{"@id":"https:\/\/archiv.siov.sk\/#organization"},"potentialAction":[{"@type":"SearchAction","target":{"@type":"EntryPoint","urlTemplate":"https:\/\/archiv.siov.sk\/?s={search_term_string}"},"query-input":{"@type":"PropertyValueSpecification","valueRequired":true,"valueName":"search_term_string"}}],"inLanguage":"en-GB"},{"@type":"Organization","@id":"https:\/\/archiv.siov.sk\/#organization","name":"\u0160IOV - \u0161t\u00e1tny in\u0161tit\u00fat odborn\u00e9ho vzdel\u00e1vania","url":"https:\/\/archiv.siov.sk\/","logo":{"@type":"ImageObject","inLanguage":"en-GB","@id":"https:\/\/archiv.siov.sk\/#\/schema\/logo\/image\/","url":"https:\/\/archiv.siov.sk\/wp-content\/uploads\/2024\/02\/logo-SIOV.png","contentUrl":"https:\/\/archiv.siov.sk\/wp-content\/uploads\/2024\/02\/logo-SIOV.png","width":431,"height":143,"caption":"\u0160IOV - \u0161t\u00e1tny in\u0161tit\u00fat odborn\u00e9ho vzdel\u00e1vania"},"image":{"@id":"https:\/\/archiv.siov.sk\/#\/schema\/logo\/image\/"},"sameAs":["https:\/\/www.facebook.com\/Statnyinstitutodbornehovzdelavania"]},{"@type":"Person","@id":"https:\/\/archiv.siov.sk\/#\/schema\/person\/e42d633fbd958c6a726e8834d8965e6c","name":"Katar\u00edna Kov\u00e1\u010dov\u00e1","url":"https:\/\/archiv.siov.sk\/en\/author\/katkakovacova\/"}]}},"_links":{"self":[{"href":"https:\/\/archiv.siov.sk\/en\/wp-json\/wp\/v2\/posts\/13839","targetHints":{"allow":["GET"]}}],"collection":[{"href":"https:\/\/archiv.siov.sk\/en\/wp-json\/wp\/v2\/posts"}],"about":[{"href":"https:\/\/archiv.siov.sk\/en\/wp-json\/wp\/v2\/types\/post"}],"author":[{"embeddable":true,"href":"https:\/\/archiv.siov.sk\/en\/wp-json\/wp\/v2\/users\/6"}],"replies":[{"embeddable":true,"href":"https:\/\/archiv.siov.sk\/en\/wp-json\/wp\/v2\/comments?post=13839"}],"version-history":[{"count":2,"href":"https:\/\/archiv.siov.sk\/en\/wp-json\/wp\/v2\/posts\/13839\/revisions"}],"predecessor-version":[{"id":13841,"href":"https:\/\/archiv.siov.sk\/en\/wp-json\/wp\/v2\/posts\/13839\/revisions\/13841"}],"wp:featuredmedia":[{"embeddable":true,"href":"https:\/\/archiv.siov.sk\/en\/wp-json\/wp\/v2\/media\/2380"}],"wp:attachment":[{"href":"https:\/\/archiv.siov.sk\/en\/wp-json\/wp\/v2\/media?parent=13839"}],"wp:term":[{"taxonomy":"category","embeddable":true,"href":"https:\/\/archiv.siov.sk\/en\/wp-json\/wp\/v2\/categories?post=13839"},{"taxonomy":"post_tag","embeddable":true,"href":"https:\/\/archiv.siov.sk\/en\/wp-json\/wp\/v2\/tags?post=13839"}],"curies":[{"name":"wp","href":"https:\/\/api.w.org\/{rel}","templated":true}]}}