{"id":13804,"date":"2023-05-22T12:08:03","date_gmt":"2023-05-22T10:08:03","guid":{"rendered":"https:\/\/archiv.siov.sk\/?p=13804"},"modified":"2023-06-13T12:12:31","modified_gmt":"2023-06-13T10:12:31","slug":"podpora-organizacneho-zabezpecenia-vzdelavania-pedagogickych-zamestnancov-v-oblasti-financnej-gramotnosti-a-vychovy-k-podnikaniu-na-rok-2023","status":"publish","type":"post","link":"https:\/\/archiv.siov.sk\/en\/podpora-organizacneho-zabezpecenia-vzdelavania-pedagogickych-zamestnancov-v-oblasti-financnej-gramotnosti-a-vychovy-k-podnikaniu-na-rok-2023\/","title":{"rendered":"Podpora organiza\u010dn\u00e9ho zabezpe\u010denia vzdel\u00e1vania pedagogick\u00fdch zamestnancov v oblasti finan\u010dnej gramotnosti a v\u00fdchovy k podnikaniu na rok 2023"},"content":{"rendered":"<p style=\"text-align: justify;\">Ministerstvo \u0161kolstva, vedy, v\u00fdskumu a \u0161portu Slovenskej republiky (\u010falej len \u201eministerstvo\u201c) zverejnilo 18. m\u00e1ja na svojom web s\u00eddle v\u00fdzvu na predlo\u017eenie \u017eiadost\u00ed o financovanie rozvojov\u00fdch projektov na podporu organiza\u010dn\u00e9ho zabezpe\u010denia vzdel\u00e1vania pedagogick\u00fdch zamestnancov v oblasti finan\u010dnej gramotnosti a v\u00fdchovy k podnikaniu, ktor\u00fa n\u00e1jdete na:<\/p>\n<p><a href=\"https:\/\/www.minedu.sk\/vyzva-na-predlozenie-ziadosti-o-financovanie-rp-podpora-organizacneho-zabezpecenia-vzdelavania-pedagogickych-zamestnancov-v-oblasti-financnej-gramotnosti-a-vychovy-k-podnikaniu-na-rok-2023\/\">https:\/\/www.minedu.sk\/vyzva-na-predlozenie-ziadosti-o-financovanie-rp-podpora-organizacneho-zabezpecenia-vzdelavania-pedagogickych-zamestnancov-v-oblasti-financnej-gramotnosti-a-vychovy-k-podnikaniu-na-rok-2023\/<\/a><\/p>\n<p style=\"text-align: justify;\">\u017diados\u0165 sa predklad\u00e1 online pod\u013ea metodick\u00e9ho usmernenia k&nbsp;v\u00fdzve spolu s&nbsp;troma pr\u00edlohami (Opis projektu, Finan\u010dn\u00e9 zabezpe\u010denie projektu s&nbsp;dokladom o&nbsp;spolu\u00fa\u010dasti, Rozpo\u010det).<\/p>\n<p style=\"text-align: justify;\">Na v\u00fdzvu je vy\u010dlenen\u00fdch 51&nbsp;500,- Eur. Opr\u00e1vnen\u00fdmi \u017eiadate\u013emi s\u00fa zria\u010fovatelia z\u00e1kladn\u00fdch a&nbsp;stredn\u00fdch \u0161k\u00f4l. Riadite\u013e \u0161koly vypln\u00ed elektronick\u00fd formul\u00e1r dostupn\u00fd na:&nbsp;<a href=\"https:\/\/financnagramotnost.iedu.sk\/\">https:\/\/financnagramotnost.iedu.sk<\/a>&nbsp;.<\/p>\n<p style=\"text-align: justify;\">Kone\u010dn\u00fd term\u00edn na predlo\u017eenie \u017eiadosti je&nbsp;<strong>5. j\u00fana &nbsp;2023 do 23:59 hod.&nbsp;<\/strong>Vyhodnotenie bude zverejnen\u00e9 najnesk\u00f4r&nbsp;<strong>do 15. j\u00fana 2023<\/strong>.<\/p>","protected":false},"excerpt":{"rendered":"<p>Ministerstvo \u0161kolstva, vedy, v\u00fdskumu a \u0161portu Slovenskej republiky (\u010falej len \u201eministerstvo\u201c) zverejnilo 18. m\u00e1ja na svojom web s\u00eddle v\u00fdzvu na predlo\u017eenie \u017eiadost\u00ed o financovanie rozvojov\u00fdch projektov na podporu organiza\u010dn\u00e9ho zabezpe\u010denia vzdel\u00e1vania pedagogick\u00fdch zamestnancov v oblasti finan\u010dnej gramotnosti a v\u00fdchovy k podnikaniu, ktor\u00fa n\u00e1jdete na: https:\/\/www.minedu.sk\/vyzva-na-predlozenie-ziadosti-o-financovanie-rp-podpora-organizacneho-zabezpecenia-vzdelavania-pedagogickych-zamestnancov-v-oblasti-financnej-gramotnosti-a-vychovy-k-podnikaniu-na-rok-2023\/ \u017diados\u0165 sa predklad\u00e1 online pod\u013ea metodick\u00e9ho usmernenia k&nbsp;v\u00fdzve spolu s&nbsp;troma [&hellip;]<\/p>\n","protected":false},"author":6,"featured_media":3894,"comment_status":"closed","ping_status":"closed","sticky":false,"template":"","format":"standard","meta":{"site-sidebar-layout":"default","site-content-layout":"default","ast-site-content-layout":"default","site-content-style":"default","site-sidebar-style":"default","ast-global-header-display":"","ast-banner-title-visibility":"","ast-main-header-display":"","ast-hfb-above-header-display":"","ast-hfb-below-header-display":"","ast-hfb-mobile-header-display":"","site-post-title":"","ast-breadcrumbs-content":"","ast-featured-img":"","footer-sml-layout":"","ast-disable-related-posts":"","theme-transparent-header-meta":"default","adv-header-id-meta":"","stick-header-meta":"","header-above-stick-meta":"","header-main-stick-meta":"","header-below-stick-meta":"","astra-migrate-meta-layouts":"default","ast-page-background-enabled":"default","ast-page-background-meta":{"desktop":{"background-color":"var(--ast-global-color-4)","background-image":"","background-repeat":"repeat","background-position":"center center","background-size":"auto","background-attachment":"scroll","background-type":"","background-media":"","overlay-type":"","overlay-color":"","overlay-opacity":"","overlay-gradient":""},"tablet":{"background-color":"","background-image":"","background-repeat":"repeat","background-position":"center center","background-size":"auto","background-attachment":"scroll","background-type":"","background-media":"","overlay-type":"","overlay-color":"","overlay-opacity":"","overlay-gradient":""},"mobile":{"background-color":"","background-image":"","background-repeat":"repeat","background-position":"center center","background-size":"auto","background-attachment":"scroll","background-type":"","background-media":"","overlay-type":"","overlay-color":"","overlay-opacity":"","overlay-gradient":""}},"ast-content-background-meta":{"desktop":{"background-color":"var(--ast-global-color-5)","background-image":"","background-repeat":"repeat","background-position":"center center","background-size":"auto","background-attachment":"scroll","background-type":"","background-media":"","overlay-type":"","overlay-color":"","overlay-opacity":"","overlay-gradient":""},"tablet":{"background-color":"var(--ast-global-color-5)","background-image":"","background-repeat":"repeat","background-position":"center center","background-size":"auto","background-attachment":"scroll","background-type":"","background-media":"","overlay-type":"","overlay-color":"","overlay-opacity":"","overlay-gradient":""},"mobile":{"background-color":"var(--ast-global-color-5)","background-image":"","background-repeat":"repeat","background-position":"center center","background-size":"auto","background-attachment":"scroll","background-type":"","background-media":"","overlay-type":"","overlay-color":"","overlay-opacity":"","overlay-gradient":""}},"footnotes":""},"categories":[1],"tags":[],"class_list":["post-13804","post","type-post","status-publish","format-standard","has-post-thumbnail","hentry","category-aktuality"],"yoast_head":"<!-- This site is optimized with the Yoast SEO plugin v27.5 - https:\/\/yoast.com\/product\/yoast-seo-wordpress\/ -->\n<title>Podpora organiza\u010dn\u00e9ho zabezpe\u010denia vzdel\u00e1vania pedagogick\u00fdch zamestnancov v oblasti finan\u010dnej gramotnosti a v\u00fdchovy k podnikaniu na rok 2023 - \u0160IOV - \u0161t\u00e1tny in\u0161tit\u00fat odborn\u00e9ho vzdel\u00e1vania<\/title>\n<meta name=\"robots\" content=\"index, follow, max-snippet:-1, max-image-preview:large, max-video-preview:-1\" \/>\n<link rel=\"canonical\" href=\"https:\/\/archiv.siov.sk\/en\/podpora-organizacneho-zabezpecenia-vzdelavania-pedagogickych-zamestnancov-v-oblasti-financnej-gramotnosti-a-vychovy-k-podnikaniu-na-rok-2023\/\" \/>\n<meta property=\"og:locale\" content=\"en_GB\" \/>\n<meta property=\"og:type\" content=\"article\" \/>\n<meta property=\"og:title\" content=\"Podpora organiza\u010dn\u00e9ho zabezpe\u010denia vzdel\u00e1vania pedagogick\u00fdch zamestnancov v oblasti finan\u010dnej gramotnosti a v\u00fdchovy k podnikaniu na rok 2023 - \u0160IOV - \u0161t\u00e1tny in\u0161tit\u00fat odborn\u00e9ho vzdel\u00e1vania\" \/>\n<meta property=\"og:description\" content=\"Ministerstvo \u0161kolstva, vedy, v\u00fdskumu a \u0161portu Slovenskej republiky (\u010falej len \u201eministerstvo\u201c) zverejnilo 18. m\u00e1ja na svojom web s\u00eddle v\u00fdzvu na predlo\u017eenie \u017eiadost\u00ed o financovanie rozvojov\u00fdch projektov na podporu organiza\u010dn\u00e9ho zabezpe\u010denia vzdel\u00e1vania pedagogick\u00fdch zamestnancov v oblasti finan\u010dnej gramotnosti a v\u00fdchovy k podnikaniu, ktor\u00fa n\u00e1jdete na: https:\/\/www.minedu.sk\/vyzva-na-predlozenie-ziadosti-o-financovanie-rp-podpora-organizacneho-zabezpecenia-vzdelavania-pedagogickych-zamestnancov-v-oblasti-financnej-gramotnosti-a-vychovy-k-podnikaniu-na-rok-2023\/ \u017diados\u0165 sa predklad\u00e1 online pod\u013ea metodick\u00e9ho usmernenia k&nbsp;v\u00fdzve spolu s&nbsp;troma [&hellip;]\" \/>\n<meta property=\"og:url\" content=\"https:\/\/archiv.siov.sk\/en\/podpora-organizacneho-zabezpecenia-vzdelavania-pedagogickych-zamestnancov-v-oblasti-financnej-gramotnosti-a-vychovy-k-podnikaniu-na-rok-2023\/\" \/>\n<meta property=\"og:site_name\" content=\"\u0160IOV - \u0161t\u00e1tny in\u0161tit\u00fat odborn\u00e9ho vzdel\u00e1vania\" \/>\n<meta property=\"article:publisher\" content=\"https:\/\/www.facebook.com\/Statnyinstitutodbornehovzdelavania\" \/>\n<meta property=\"article:published_time\" content=\"2023-05-22T10:08:03+00:00\" \/>\n<meta property=\"article:modified_time\" content=\"2023-06-13T10:12:31+00:00\" \/>\n<meta property=\"og:image\" content=\"https:\/\/archiv.siov.sk\/wp-content\/uploads\/2019\/06\/top_news.jpg\" \/>\n\t<meta property=\"og:image:width\" content=\"1100\" \/>\n\t<meta property=\"og:image:height\" content=\"445\" \/>\n\t<meta property=\"og:image:type\" content=\"image\/jpeg\" \/>\n<meta name=\"author\" content=\"Katar\u00edna Kov\u00e1\u010dov\u00e1\" \/>\n<meta name=\"twitter:card\" content=\"summary_large_image\" \/>\n<meta name=\"twitter:label1\" content=\"Written by\" \/>\n\t<meta name=\"twitter:data1\" content=\"Katar\u00edna Kov\u00e1\u010dov\u00e1\" \/>\n\t<meta name=\"twitter:label2\" content=\"Estimated reading time\" \/>\n\t<meta name=\"twitter:data2\" content=\"1 minute\" \/>\n<script type=\"application\/ld+json\" class=\"yoast-schema-graph\">{\"@context\":\"https:\\\/\\\/schema.org\",\"@graph\":[{\"@type\":\"Article\",\"@id\":\"https:\\\/\\\/archiv.siov.sk\\\/podpora-organizacneho-zabezpecenia-vzdelavania-pedagogickych-zamestnancov-v-oblasti-financnej-gramotnosti-a-vychovy-k-podnikaniu-na-rok-2023\\\/#article\",\"isPartOf\":{\"@id\":\"https:\\\/\\\/archiv.siov.sk\\\/podpora-organizacneho-zabezpecenia-vzdelavania-pedagogickych-zamestnancov-v-oblasti-financnej-gramotnosti-a-vychovy-k-podnikaniu-na-rok-2023\\\/\"},\"author\":{\"name\":\"Katar\u00edna Kov\u00e1\u010dov\u00e1\",\"@id\":\"https:\\\/\\\/archiv.siov.sk\\\/#\\\/schema\\\/person\\\/e42d633fbd958c6a726e8834d8965e6c\"},\"headline\":\"Podpora organiza\u010dn\u00e9ho zabezpe\u010denia vzdel\u00e1vania pedagogick\u00fdch zamestnancov v oblasti finan\u010dnej gramotnosti a v\u00fdchovy k podnikaniu na rok 2023\",\"datePublished\":\"2023-05-22T10:08:03+00:00\",\"dateModified\":\"2023-06-13T10:12:31+00:00\",\"mainEntityOfPage\":{\"@id\":\"https:\\\/\\\/archiv.siov.sk\\\/podpora-organizacneho-zabezpecenia-vzdelavania-pedagogickych-zamestnancov-v-oblasti-financnej-gramotnosti-a-vychovy-k-podnikaniu-na-rok-2023\\\/\"},\"wordCount\":186,\"publisher\":{\"@id\":\"https:\\\/\\\/archiv.siov.sk\\\/#organization\"},\"image\":{\"@id\":\"https:\\\/\\\/archiv.siov.sk\\\/podpora-organizacneho-zabezpecenia-vzdelavania-pedagogickych-zamestnancov-v-oblasti-financnej-gramotnosti-a-vychovy-k-podnikaniu-na-rok-2023\\\/#primaryimage\"},\"thumbnailUrl\":\"https:\\\/\\\/archiv.siov.sk\\\/wp-content\\\/uploads\\\/2019\\\/06\\\/top_news.jpg\",\"articleSection\":[\"Aktuality\"],\"inLanguage\":\"en-GB\"},{\"@type\":\"WebPage\",\"@id\":\"https:\\\/\\\/archiv.siov.sk\\\/podpora-organizacneho-zabezpecenia-vzdelavania-pedagogickych-zamestnancov-v-oblasti-financnej-gramotnosti-a-vychovy-k-podnikaniu-na-rok-2023\\\/\",\"url\":\"https:\\\/\\\/archiv.siov.sk\\\/podpora-organizacneho-zabezpecenia-vzdelavania-pedagogickych-zamestnancov-v-oblasti-financnej-gramotnosti-a-vychovy-k-podnikaniu-na-rok-2023\\\/\",\"name\":\"Podpora organiza\u010dn\u00e9ho zabezpe\u010denia vzdel\u00e1vania pedagogick\u00fdch zamestnancov v oblasti finan\u010dnej gramotnosti a v\u00fdchovy k podnikaniu na rok 2023 - \u0160IOV - \u0161t\u00e1tny in\u0161tit\u00fat odborn\u00e9ho vzdel\u00e1vania\",\"isPartOf\":{\"@id\":\"https:\\\/\\\/archiv.siov.sk\\\/#website\"},\"primaryImageOfPage\":{\"@id\":\"https:\\\/\\\/archiv.siov.sk\\\/podpora-organizacneho-zabezpecenia-vzdelavania-pedagogickych-zamestnancov-v-oblasti-financnej-gramotnosti-a-vychovy-k-podnikaniu-na-rok-2023\\\/#primaryimage\"},\"image\":{\"@id\":\"https:\\\/\\\/archiv.siov.sk\\\/podpora-organizacneho-zabezpecenia-vzdelavania-pedagogickych-zamestnancov-v-oblasti-financnej-gramotnosti-a-vychovy-k-podnikaniu-na-rok-2023\\\/#primaryimage\"},\"thumbnailUrl\":\"https:\\\/\\\/archiv.siov.sk\\\/wp-content\\\/uploads\\\/2019\\\/06\\\/top_news.jpg\",\"datePublished\":\"2023-05-22T10:08:03+00:00\",\"dateModified\":\"2023-06-13T10:12:31+00:00\",\"breadcrumb\":{\"@id\":\"https:\\\/\\\/archiv.siov.sk\\\/podpora-organizacneho-zabezpecenia-vzdelavania-pedagogickych-zamestnancov-v-oblasti-financnej-gramotnosti-a-vychovy-k-podnikaniu-na-rok-2023\\\/#breadcrumb\"},\"inLanguage\":\"en-GB\",\"potentialAction\":[{\"@type\":\"ReadAction\",\"target\":[\"https:\\\/\\\/archiv.siov.sk\\\/podpora-organizacneho-zabezpecenia-vzdelavania-pedagogickych-zamestnancov-v-oblasti-financnej-gramotnosti-a-vychovy-k-podnikaniu-na-rok-2023\\\/\"]}]},{\"@type\":\"ImageObject\",\"inLanguage\":\"en-GB\",\"@id\":\"https:\\\/\\\/archiv.siov.sk\\\/podpora-organizacneho-zabezpecenia-vzdelavania-pedagogickych-zamestnancov-v-oblasti-financnej-gramotnosti-a-vychovy-k-podnikaniu-na-rok-2023\\\/#primaryimage\",\"url\":\"https:\\\/\\\/archiv.siov.sk\\\/wp-content\\\/uploads\\\/2019\\\/06\\\/top_news.jpg\",\"contentUrl\":\"https:\\\/\\\/archiv.siov.sk\\\/wp-content\\\/uploads\\\/2019\\\/06\\\/top_news.jpg\",\"width\":1100,\"height\":445},{\"@type\":\"BreadcrumbList\",\"@id\":\"https:\\\/\\\/archiv.siov.sk\\\/podpora-organizacneho-zabezpecenia-vzdelavania-pedagogickych-zamestnancov-v-oblasti-financnej-gramotnosti-a-vychovy-k-podnikaniu-na-rok-2023\\\/#breadcrumb\",\"itemListElement\":[{\"@type\":\"ListItem\",\"position\":1,\"name\":\"Home\",\"item\":\"https:\\\/\\\/archiv.siov.sk\\\/\"},{\"@type\":\"ListItem\",\"position\":2,\"name\":\"Podpora organiza\u010dn\u00e9ho zabezpe\u010denia vzdel\u00e1vania pedagogick\u00fdch zamestnancov v oblasti finan\u010dnej gramotnosti a v\u00fdchovy k podnikaniu na rok 2023\"}]},{\"@type\":\"WebSite\",\"@id\":\"https:\\\/\\\/archiv.siov.sk\\\/#website\",\"url\":\"https:\\\/\\\/archiv.siov.sk\\\/\",\"name\":\"\u0160IOV - \u0161t\u00e1tny in\u0161tit\u00fat odborn\u00e9ho vzdel\u00e1vania\",\"description\":\"\",\"publisher\":{\"@id\":\"https:\\\/\\\/archiv.siov.sk\\\/#organization\"},\"potentialAction\":[{\"@type\":\"SearchAction\",\"target\":{\"@type\":\"EntryPoint\",\"urlTemplate\":\"https:\\\/\\\/archiv.siov.sk\\\/?s={search_term_string}\"},\"query-input\":{\"@type\":\"PropertyValueSpecification\",\"valueRequired\":true,\"valueName\":\"search_term_string\"}}],\"inLanguage\":\"en-GB\"},{\"@type\":\"Organization\",\"@id\":\"https:\\\/\\\/archiv.siov.sk\\\/#organization\",\"name\":\"\u0160IOV - \u0161t\u00e1tny in\u0161tit\u00fat odborn\u00e9ho vzdel\u00e1vania\",\"url\":\"https:\\\/\\\/archiv.siov.sk\\\/\",\"logo\":{\"@type\":\"ImageObject\",\"inLanguage\":\"en-GB\",\"@id\":\"https:\\\/\\\/archiv.siov.sk\\\/#\\\/schema\\\/logo\\\/image\\\/\",\"url\":\"https:\\\/\\\/archiv.siov.sk\\\/wp-content\\\/uploads\\\/2024\\\/02\\\/logo-SIOV.png\",\"contentUrl\":\"https:\\\/\\\/archiv.siov.sk\\\/wp-content\\\/uploads\\\/2024\\\/02\\\/logo-SIOV.png\",\"width\":431,\"height\":143,\"caption\":\"\u0160IOV - \u0161t\u00e1tny in\u0161tit\u00fat odborn\u00e9ho vzdel\u00e1vania\"},\"image\":{\"@id\":\"https:\\\/\\\/archiv.siov.sk\\\/#\\\/schema\\\/logo\\\/image\\\/\"},\"sameAs\":[\"https:\\\/\\\/www.facebook.com\\\/Statnyinstitutodbornehovzdelavania\"]},{\"@type\":\"Person\",\"@id\":\"https:\\\/\\\/archiv.siov.sk\\\/#\\\/schema\\\/person\\\/e42d633fbd958c6a726e8834d8965e6c\",\"name\":\"Katar\u00edna Kov\u00e1\u010dov\u00e1\",\"url\":\"https:\\\/\\\/archiv.siov.sk\\\/en\\\/author\\\/katkakovacova\\\/\"}]}<\/script>\n<!-- \/ Yoast SEO plugin. -->","yoast_head_json":{"title":"Podpora organiza\u010dn\u00e9ho zabezpe\u010denia vzdel\u00e1vania pedagogick\u00fdch zamestnancov v oblasti finan\u010dnej gramotnosti a v\u00fdchovy k podnikaniu na rok 2023 - \u0160IOV - \u0161t\u00e1tny in\u0161tit\u00fat odborn\u00e9ho vzdel\u00e1vania","robots":{"index":"index","follow":"follow","max-snippet":"max-snippet:-1","max-image-preview":"max-image-preview:large","max-video-preview":"max-video-preview:-1"},"canonical":"https:\/\/archiv.siov.sk\/en\/podpora-organizacneho-zabezpecenia-vzdelavania-pedagogickych-zamestnancov-v-oblasti-financnej-gramotnosti-a-vychovy-k-podnikaniu-na-rok-2023\/","og_locale":"en_GB","og_type":"article","og_title":"Podpora organiza\u010dn\u00e9ho zabezpe\u010denia vzdel\u00e1vania pedagogick\u00fdch zamestnancov v oblasti finan\u010dnej gramotnosti a v\u00fdchovy k podnikaniu na rok 2023 - \u0160IOV - \u0161t\u00e1tny in\u0161tit\u00fat odborn\u00e9ho vzdel\u00e1vania","og_description":"Ministerstvo \u0161kolstva, vedy, v\u00fdskumu a \u0161portu Slovenskej republiky (\u010falej len \u201eministerstvo\u201c) zverejnilo 18. m\u00e1ja na svojom web s\u00eddle v\u00fdzvu na predlo\u017eenie \u017eiadost\u00ed o financovanie rozvojov\u00fdch projektov na podporu organiza\u010dn\u00e9ho zabezpe\u010denia vzdel\u00e1vania pedagogick\u00fdch zamestnancov v oblasti finan\u010dnej gramotnosti a v\u00fdchovy k podnikaniu, ktor\u00fa n\u00e1jdete na: https:\/\/www.minedu.sk\/vyzva-na-predlozenie-ziadosti-o-financovanie-rp-podpora-organizacneho-zabezpecenia-vzdelavania-pedagogickych-zamestnancov-v-oblasti-financnej-gramotnosti-a-vychovy-k-podnikaniu-na-rok-2023\/ \u017diados\u0165 sa predklad\u00e1 online pod\u013ea metodick\u00e9ho usmernenia k&nbsp;v\u00fdzve spolu s&nbsp;troma [&hellip;]","og_url":"https:\/\/archiv.siov.sk\/en\/podpora-organizacneho-zabezpecenia-vzdelavania-pedagogickych-zamestnancov-v-oblasti-financnej-gramotnosti-a-vychovy-k-podnikaniu-na-rok-2023\/","og_site_name":"\u0160IOV - \u0161t\u00e1tny in\u0161tit\u00fat odborn\u00e9ho vzdel\u00e1vania","article_publisher":"https:\/\/www.facebook.com\/Statnyinstitutodbornehovzdelavania","article_published_time":"2023-05-22T10:08:03+00:00","article_modified_time":"2023-06-13T10:12:31+00:00","og_image":[{"width":1100,"height":445,"url":"https:\/\/archiv.siov.sk\/wp-content\/uploads\/2019\/06\/top_news.jpg","type":"image\/jpeg"}],"author":"Katar\u00edna Kov\u00e1\u010dov\u00e1","twitter_card":"summary_large_image","twitter_misc":{"Written by":"Katar\u00edna Kov\u00e1\u010dov\u00e1","Estimated reading time":"1 minute"},"schema":{"@context":"https:\/\/schema.org","@graph":[{"@type":"Article","@id":"https:\/\/archiv.siov.sk\/podpora-organizacneho-zabezpecenia-vzdelavania-pedagogickych-zamestnancov-v-oblasti-financnej-gramotnosti-a-vychovy-k-podnikaniu-na-rok-2023\/#article","isPartOf":{"@id":"https:\/\/archiv.siov.sk\/podpora-organizacneho-zabezpecenia-vzdelavania-pedagogickych-zamestnancov-v-oblasti-financnej-gramotnosti-a-vychovy-k-podnikaniu-na-rok-2023\/"},"author":{"name":"Katar\u00edna Kov\u00e1\u010dov\u00e1","@id":"https:\/\/archiv.siov.sk\/#\/schema\/person\/e42d633fbd958c6a726e8834d8965e6c"},"headline":"Podpora organiza\u010dn\u00e9ho zabezpe\u010denia vzdel\u00e1vania pedagogick\u00fdch zamestnancov v oblasti finan\u010dnej gramotnosti a v\u00fdchovy k podnikaniu na rok 2023","datePublished":"2023-05-22T10:08:03+00:00","dateModified":"2023-06-13T10:12:31+00:00","mainEntityOfPage":{"@id":"https:\/\/archiv.siov.sk\/podpora-organizacneho-zabezpecenia-vzdelavania-pedagogickych-zamestnancov-v-oblasti-financnej-gramotnosti-a-vychovy-k-podnikaniu-na-rok-2023\/"},"wordCount":186,"publisher":{"@id":"https:\/\/archiv.siov.sk\/#organization"},"image":{"@id":"https:\/\/archiv.siov.sk\/podpora-organizacneho-zabezpecenia-vzdelavania-pedagogickych-zamestnancov-v-oblasti-financnej-gramotnosti-a-vychovy-k-podnikaniu-na-rok-2023\/#primaryimage"},"thumbnailUrl":"https:\/\/archiv.siov.sk\/wp-content\/uploads\/2019\/06\/top_news.jpg","articleSection":["Aktuality"],"inLanguage":"en-GB"},{"@type":"WebPage","@id":"https:\/\/archiv.siov.sk\/podpora-organizacneho-zabezpecenia-vzdelavania-pedagogickych-zamestnancov-v-oblasti-financnej-gramotnosti-a-vychovy-k-podnikaniu-na-rok-2023\/","url":"https:\/\/archiv.siov.sk\/podpora-organizacneho-zabezpecenia-vzdelavania-pedagogickych-zamestnancov-v-oblasti-financnej-gramotnosti-a-vychovy-k-podnikaniu-na-rok-2023\/","name":"Podpora organiza\u010dn\u00e9ho zabezpe\u010denia vzdel\u00e1vania pedagogick\u00fdch zamestnancov v oblasti finan\u010dnej gramotnosti a v\u00fdchovy k podnikaniu na rok 2023 - \u0160IOV - \u0161t\u00e1tny in\u0161tit\u00fat odborn\u00e9ho vzdel\u00e1vania","isPartOf":{"@id":"https:\/\/archiv.siov.sk\/#website"},"primaryImageOfPage":{"@id":"https:\/\/archiv.siov.sk\/podpora-organizacneho-zabezpecenia-vzdelavania-pedagogickych-zamestnancov-v-oblasti-financnej-gramotnosti-a-vychovy-k-podnikaniu-na-rok-2023\/#primaryimage"},"image":{"@id":"https:\/\/archiv.siov.sk\/podpora-organizacneho-zabezpecenia-vzdelavania-pedagogickych-zamestnancov-v-oblasti-financnej-gramotnosti-a-vychovy-k-podnikaniu-na-rok-2023\/#primaryimage"},"thumbnailUrl":"https:\/\/archiv.siov.sk\/wp-content\/uploads\/2019\/06\/top_news.jpg","datePublished":"2023-05-22T10:08:03+00:00","dateModified":"2023-06-13T10:12:31+00:00","breadcrumb":{"@id":"https:\/\/archiv.siov.sk\/podpora-organizacneho-zabezpecenia-vzdelavania-pedagogickych-zamestnancov-v-oblasti-financnej-gramotnosti-a-vychovy-k-podnikaniu-na-rok-2023\/#breadcrumb"},"inLanguage":"en-GB","potentialAction":[{"@type":"ReadAction","target":["https:\/\/archiv.siov.sk\/podpora-organizacneho-zabezpecenia-vzdelavania-pedagogickych-zamestnancov-v-oblasti-financnej-gramotnosti-a-vychovy-k-podnikaniu-na-rok-2023\/"]}]},{"@type":"ImageObject","inLanguage":"en-GB","@id":"https:\/\/archiv.siov.sk\/podpora-organizacneho-zabezpecenia-vzdelavania-pedagogickych-zamestnancov-v-oblasti-financnej-gramotnosti-a-vychovy-k-podnikaniu-na-rok-2023\/#primaryimage","url":"https:\/\/archiv.siov.sk\/wp-content\/uploads\/2019\/06\/top_news.jpg","contentUrl":"https:\/\/archiv.siov.sk\/wp-content\/uploads\/2019\/06\/top_news.jpg","width":1100,"height":445},{"@type":"BreadcrumbList","@id":"https:\/\/archiv.siov.sk\/podpora-organizacneho-zabezpecenia-vzdelavania-pedagogickych-zamestnancov-v-oblasti-financnej-gramotnosti-a-vychovy-k-podnikaniu-na-rok-2023\/#breadcrumb","itemListElement":[{"@type":"ListItem","position":1,"name":"Home","item":"https:\/\/archiv.siov.sk\/"},{"@type":"ListItem","position":2,"name":"Podpora organiza\u010dn\u00e9ho zabezpe\u010denia vzdel\u00e1vania pedagogick\u00fdch zamestnancov v oblasti finan\u010dnej gramotnosti a v\u00fdchovy k podnikaniu na rok 2023"}]},{"@type":"WebSite","@id":"https:\/\/archiv.siov.sk\/#website","url":"https:\/\/archiv.siov.sk\/","name":"\u0160IOV - \u0161t\u00e1tny in\u0161tit\u00fat odborn\u00e9ho vzdel\u00e1vania","description":"","publisher":{"@id":"https:\/\/archiv.siov.sk\/#organization"},"potentialAction":[{"@type":"SearchAction","target":{"@type":"EntryPoint","urlTemplate":"https:\/\/archiv.siov.sk\/?s={search_term_string}"},"query-input":{"@type":"PropertyValueSpecification","valueRequired":true,"valueName":"search_term_string"}}],"inLanguage":"en-GB"},{"@type":"Organization","@id":"https:\/\/archiv.siov.sk\/#organization","name":"\u0160IOV - \u0161t\u00e1tny in\u0161tit\u00fat odborn\u00e9ho vzdel\u00e1vania","url":"https:\/\/archiv.siov.sk\/","logo":{"@type":"ImageObject","inLanguage":"en-GB","@id":"https:\/\/archiv.siov.sk\/#\/schema\/logo\/image\/","url":"https:\/\/archiv.siov.sk\/wp-content\/uploads\/2024\/02\/logo-SIOV.png","contentUrl":"https:\/\/archiv.siov.sk\/wp-content\/uploads\/2024\/02\/logo-SIOV.png","width":431,"height":143,"caption":"\u0160IOV - \u0161t\u00e1tny in\u0161tit\u00fat odborn\u00e9ho vzdel\u00e1vania"},"image":{"@id":"https:\/\/archiv.siov.sk\/#\/schema\/logo\/image\/"},"sameAs":["https:\/\/www.facebook.com\/Statnyinstitutodbornehovzdelavania"]},{"@type":"Person","@id":"https:\/\/archiv.siov.sk\/#\/schema\/person\/e42d633fbd958c6a726e8834d8965e6c","name":"Katar\u00edna Kov\u00e1\u010dov\u00e1","url":"https:\/\/archiv.siov.sk\/en\/author\/katkakovacova\/"}]}},"_links":{"self":[{"href":"https:\/\/archiv.siov.sk\/en\/wp-json\/wp\/v2\/posts\/13804","targetHints":{"allow":["GET"]}}],"collection":[{"href":"https:\/\/archiv.siov.sk\/en\/wp-json\/wp\/v2\/posts"}],"about":[{"href":"https:\/\/archiv.siov.sk\/en\/wp-json\/wp\/v2\/types\/post"}],"author":[{"embeddable":true,"href":"https:\/\/archiv.siov.sk\/en\/wp-json\/wp\/v2\/users\/6"}],"replies":[{"embeddable":true,"href":"https:\/\/archiv.siov.sk\/en\/wp-json\/wp\/v2\/comments?post=13804"}],"version-history":[{"count":2,"href":"https:\/\/archiv.siov.sk\/en\/wp-json\/wp\/v2\/posts\/13804\/revisions"}],"predecessor-version":[{"id":13806,"href":"https:\/\/archiv.siov.sk\/en\/wp-json\/wp\/v2\/posts\/13804\/revisions\/13806"}],"wp:featuredmedia":[{"embeddable":true,"href":"https:\/\/archiv.siov.sk\/en\/wp-json\/wp\/v2\/media\/3894"}],"wp:attachment":[{"href":"https:\/\/archiv.siov.sk\/en\/wp-json\/wp\/v2\/media?parent=13804"}],"wp:term":[{"taxonomy":"category","embeddable":true,"href":"https:\/\/archiv.siov.sk\/en\/wp-json\/wp\/v2\/categories?post=13804"},{"taxonomy":"post_tag","embeddable":true,"href":"https:\/\/archiv.siov.sk\/en\/wp-json\/wp\/v2\/tags?post=13804"}],"curies":[{"name":"wp","href":"https:\/\/api.w.org\/{rel}","templated":true}]}}