{"id":13763,"date":"2023-04-19T15:12:43","date_gmt":"2023-04-19T13:12:43","guid":{"rendered":"https:\/\/archiv.siov.sk\/?p=13763"},"modified":"2023-04-19T15:12:43","modified_gmt":"2023-04-19T13:12:43","slug":"stredoskolska-odborna-cinnost-predstavi-talenty-na-jubilejnom-45-rocniku-v-modre","status":"publish","type":"post","link":"https:\/\/archiv.siov.sk\/en\/stredoskolska-odborna-cinnost-predstavi-talenty-na-jubilejnom-45-rocniku-v-modre\/","title":{"rendered":"Stredo\u0161kolsk\u00e1 odborn\u00e1 \u010dinnos\u0165 predstav\u00ed talenty na jubilejnom 45. ro\u010dn\u00edku v Modre"},"content":{"rendered":"<p style=\"text-align: justify;\">Stredo\u0161kolsk\u00e1 odborn\u00e1 \u010dinnos\u0165 je vedomostnou s\u00fa\u0165a\u017eou \u017eiakov stredn\u00fdch \u0161k\u00f4l na celom Slovensku. Po\u010det zapojen\u00fdch&nbsp; \u0161tudentov prekro\u010dil aktu\u00e1lne hranicu p\u00e4\u0165 tis\u00edc. &nbsp;&nbsp;<\/p>\n<p style=\"text-align: justify;\">Pre \u0161kolsk\u00fd rok 2022\/2023 Ministerstvo \u0161kolstva, vedy, v\u00fdskumu a&nbsp;\u0161portu SR vyhl\u00e1silo 45. ro\u010dn\u00edk.&nbsp; &nbsp;Celo\u0161t\u00e1tnej prehliadke predch\u00e1dzali postupne \u0161kolsk\u00e9, okresn\u00e9 a&nbsp;krajsk\u00e9 kol\u00e1. &nbsp;\u017diaci stredn\u00fdch \u0161k\u00f4l &nbsp;mali mo\u017enos\u0165 prihl\u00e1si\u0165 zauj\u00edmav\u00e9 rie\u0161enia do 17 s\u00fa\u0165a\u017en\u00fdch odborov s pr\u00edrodovedn\u00fdm, technick\u00fdm, humanitn\u00fdm a&nbsp;spolo\u010denskovedn\u00fdm zameran\u00edm. &nbsp;V\u00fdsledky, ktor\u00e9 splnili&nbsp; krit\u00e9ri\u00e1 postupu&nbsp; z&nbsp;\u00f4smych &nbsp;krajov&nbsp; v&nbsp;po\u010dte 272 odborn\u00fdch pr\u00e1c sa stretn\u00fa na celo\u0161t\u00e1tnej prehliadke v&nbsp;Modre. Ka\u017ed\u00fd kraj reprezentuje 34 najlep\u0161\u00edch \u017eiakov. Celo\u0161t\u00e1tna prehliadka sa bude tento rok kona\u0165 25. &#8211; 28. apr\u00edla 2023 &nbsp;na p\u00f4de Strednej odbornej \u0161koly vin\u00e1rsko-ovocin\u00e1rskej v&nbsp;Modre. &nbsp;&nbsp;<\/p>\n<p style=\"text-align: justify;\">Stredo\u0161kolsk\u00e1 odborn\u00e1 \u010dinnos\u0165 je pre s\u00fa\u0165a\u017eiacich pr\u00ed\u0165a\u017eliv\u00e1 pre zauj\u00edmav\u00e9 stretnutia \u017eiakov s&nbsp;odborn\u00edkmi z&nbsp;r\u00f4znych vysok\u00fdch \u0161k\u00f4l aj z&nbsp;odbornej praxe, ktor\u00ed s&nbsp;rados\u0165ou a&nbsp;nezi\u0161tne odovzd\u00e1vaj\u00fa svoje sk\u00fasenosti stredo\u0161kol\u00e1kom t\u00fa\u017eiacim po vedomostiach. \u0160t\u00e1tny in\u0161tit\u00fat odborn\u00e9ho vzdel\u00e1vania vn\u00edma Stredo\u0161kolsk\u00fa odborn\u00fa \u010dinnos\u0165 ako jedine\u010dn\u00fa aktivitu podporuj\u00facu nadan\u00fdch a&nbsp;talentovan\u00fdch \u017eiakov sprev\u00e1dzan\u00fa \u010fal\u0161\u00edmi motiv\u00e1ciami a&nbsp;podujatiami, konferenciou stredo\u0161kol\u00e1kov, ale aj prezent\u00e1ciami&nbsp; na s\u00fa\u0165a\u017eiach a&nbsp;v\u00fdstav\u00e1ch v&nbsp;zahrani\u010d\u00ed. &nbsp;<\/p>\n<p style=\"text-align: justify;\">Priestory Strednej odbornej \u0161koly&nbsp; vin\u00e1rsko- ovocin\u00e1rskej v&nbsp;Modre&nbsp; sa stan\u00fa miestom obhajob &nbsp;pr\u00e1c \u017eiakov.&nbsp; Odborn\u00e9 hodnotiace komisie pedag\u00f3gov a&nbsp;profesion\u00e1lnych odborn\u00edkov z&nbsp;cel\u00e9ho Slovenska&nbsp; zhodnotia &nbsp;v\u00fdstupy kreat\u00edvnych &nbsp;pr\u00e1c.&nbsp; V\u00fdnimo\u010dnos\u0165&nbsp; s\u00fa\u0165a\u017ee&nbsp; pod\u010diarkuje skuto\u010dnos\u0165, \u017ee sa v\u00fdrazne podie\u013ea&nbsp; na odbornom,&nbsp; osobnostnom a profesijnom rozvoji \u017eiakov, roz\u0161iruje im obzory poznania, nov\u00e9 vedomosti v&nbsp;odborno-teoretick\u00fdch a&nbsp;odborno-praktick\u00fdch zru\u010dnostiach. By\u0165 akt\u00edvnym \u00fa\u010dastn\u00edkom v&nbsp;Stredo\u0161kolskej&nbsp; odbornej \u010dinnosti&nbsp; je v\u00fdbornou sk\u00fasenos\u0165ou a&nbsp;odrazov\u00fdm most\u00edkom, \u010di u\u017e pre \u00faspe\u0161n\u00e9 zav\u0155\u0161enie stredo\u0161kolsk\u00e9ho \u0161t\u00fadia alebo motiv\u00e1ciou pre spr\u00e1vny v\u00fdber vysoko\u0161kolsk\u00e9ho \u0161t\u00fadia a&nbsp;bud\u00facej profesijnej orient\u00e1cie. Za d\u00f4slednou a&nbsp;systematickou pr\u00e1cou podporuj\u00facou tvorivos\u0165 \u017eiakov&nbsp; je rad zanieten\u00fdch pedag\u00f3gov stredn\u00fdch, &nbsp;vysok\u00fdch \u0161k\u00f4l a&nbsp;\u010fal\u0161\u00edch odborn\u00edkov z&nbsp;praxe, ktor\u00fdm patr\u00ed&nbsp; po\u010fakovanie.&nbsp;&nbsp;<\/p>\n<p style=\"text-align: justify;\">V\u00ed\u0165azi bud\u00fa ma\u0165 mo\u017enos\u0165 sa predstavi\u0165 u&nbsp;na\u0161ich partnerov&nbsp; v&nbsp;\u010cesku na celo\u0161t\u00e1tnej prehliadke SO\u010c. &nbsp;&nbsp;<\/p>\n<p>&nbsp;<\/p>\n<p>&nbsp;<\/p>","protected":false},"excerpt":{"rendered":"<p>Stredo\u0161kolsk\u00e1 odborn\u00e1 \u010dinnos\u0165 je vedomostnou s\u00fa\u0165a\u017eou \u017eiakov stredn\u00fdch \u0161k\u00f4l na celom Slovensku. Po\u010det zapojen\u00fdch&nbsp; \u0161tudentov prekro\u010dil aktu\u00e1lne hranicu p\u00e4\u0165 tis\u00edc. &nbsp;&nbsp; Pre \u0161kolsk\u00fd rok 2022\/2023 Ministerstvo \u0161kolstva, vedy, v\u00fdskumu a&nbsp;\u0161portu SR vyhl\u00e1silo 45. ro\u010dn\u00edk.&nbsp; &nbsp;Celo\u0161t\u00e1tnej prehliadke predch\u00e1dzali postupne \u0161kolsk\u00e9, okresn\u00e9 a&nbsp;krajsk\u00e9 kol\u00e1. &nbsp;\u017diaci stredn\u00fdch \u0161k\u00f4l &nbsp;mali mo\u017enos\u0165 prihl\u00e1si\u0165 zauj\u00edmav\u00e9 rie\u0161enia do 17 s\u00fa\u0165a\u017en\u00fdch odborov s [&hellip;]<\/p>\n","protected":false},"author":6,"featured_media":7764,"comment_status":"closed","ping_status":"closed","sticky":false,"template":"","format":"standard","meta":{"site-sidebar-layout":"default","site-content-layout":"default","ast-site-content-layout":"default","site-content-style":"default","site-sidebar-style":"default","ast-global-header-display":"","ast-banner-title-visibility":"","ast-main-header-display":"","ast-hfb-above-header-display":"","ast-hfb-below-header-display":"","ast-hfb-mobile-header-display":"","site-post-title":"","ast-breadcrumbs-content":"","ast-featured-img":"","footer-sml-layout":"","ast-disable-related-posts":"","theme-transparent-header-meta":"default","adv-header-id-meta":"","stick-header-meta":"","header-above-stick-meta":"","header-main-stick-meta":"","header-below-stick-meta":"","astra-migrate-meta-layouts":"default","ast-page-background-enabled":"default","ast-page-background-meta":{"desktop":{"background-color":"var(--ast-global-color-4)","background-image":"","background-repeat":"repeat","background-position":"center center","background-size":"auto","background-attachment":"scroll","background-type":"","background-media":"","overlay-type":"","overlay-color":"","overlay-opacity":"","overlay-gradient":""},"tablet":{"background-color":"","background-image":"","background-repeat":"repeat","background-position":"center center","background-size":"auto","background-attachment":"scroll","background-type":"","background-media":"","overlay-type":"","overlay-color":"","overlay-opacity":"","overlay-gradient":""},"mobile":{"background-color":"","background-image":"","background-repeat":"repeat","background-position":"center center","background-size":"auto","background-attachment":"scroll","background-type":"","background-media":"","overlay-type":"","overlay-color":"","overlay-opacity":"","overlay-gradient":""}},"ast-content-background-meta":{"desktop":{"background-color":"var(--ast-global-color-5)","background-image":"","background-repeat":"repeat","background-position":"center center","background-size":"auto","background-attachment":"scroll","background-type":"","background-media":"","overlay-type":"","overlay-color":"","overlay-opacity":"","overlay-gradient":""},"tablet":{"background-color":"var(--ast-global-color-5)","background-image":"","background-repeat":"repeat","background-position":"center center","background-size":"auto","background-attachment":"scroll","background-type":"","background-media":"","overlay-type":"","overlay-color":"","overlay-opacity":"","overlay-gradient":""},"mobile":{"background-color":"var(--ast-global-color-5)","background-image":"","background-repeat":"repeat","background-position":"center center","background-size":"auto","background-attachment":"scroll","background-type":"","background-media":"","overlay-type":"","overlay-color":"","overlay-opacity":"","overlay-gradient":""}},"footnotes":""},"categories":[1],"tags":[],"class_list":["post-13763","post","type-post","status-publish","format-standard","has-post-thumbnail","hentry","category-aktuality"],"yoast_head":"<!-- This site is optimized with the Yoast SEO plugin v27.5 - https:\/\/yoast.com\/product\/yoast-seo-wordpress\/ -->\n<title>Stredo\u0161kolsk\u00e1 odborn\u00e1 \u010dinnos\u0165 predstav\u00ed talenty na jubilejnom 45. ro\u010dn\u00edku v Modre - \u0160IOV - \u0161t\u00e1tny in\u0161tit\u00fat odborn\u00e9ho vzdel\u00e1vania<\/title>\n<meta name=\"robots\" content=\"index, follow, max-snippet:-1, max-image-preview:large, max-video-preview:-1\" \/>\n<link rel=\"canonical\" href=\"https:\/\/archiv.siov.sk\/en\/stredoskolska-odborna-cinnost-predstavi-talenty-na-jubilejnom-45-rocniku-v-modre\/\" \/>\n<meta property=\"og:locale\" content=\"en_GB\" \/>\n<meta property=\"og:type\" content=\"article\" \/>\n<meta property=\"og:title\" content=\"Stredo\u0161kolsk\u00e1 odborn\u00e1 \u010dinnos\u0165 predstav\u00ed talenty na jubilejnom 45. ro\u010dn\u00edku v Modre - \u0160IOV - \u0161t\u00e1tny in\u0161tit\u00fat odborn\u00e9ho vzdel\u00e1vania\" \/>\n<meta property=\"og:description\" content=\"Stredo\u0161kolsk\u00e1 odborn\u00e1 \u010dinnos\u0165 je vedomostnou s\u00fa\u0165a\u017eou \u017eiakov stredn\u00fdch \u0161k\u00f4l na celom Slovensku. Po\u010det zapojen\u00fdch&nbsp; \u0161tudentov prekro\u010dil aktu\u00e1lne hranicu p\u00e4\u0165 tis\u00edc. &nbsp;&nbsp; Pre \u0161kolsk\u00fd rok 2022\/2023 Ministerstvo \u0161kolstva, vedy, v\u00fdskumu a&nbsp;\u0161portu SR vyhl\u00e1silo 45. ro\u010dn\u00edk.&nbsp; &nbsp;Celo\u0161t\u00e1tnej prehliadke predch\u00e1dzali postupne \u0161kolsk\u00e9, okresn\u00e9 a&nbsp;krajsk\u00e9 kol\u00e1. &nbsp;\u017diaci stredn\u00fdch \u0161k\u00f4l &nbsp;mali mo\u017enos\u0165 prihl\u00e1si\u0165 zauj\u00edmav\u00e9 rie\u0161enia do 17 s\u00fa\u0165a\u017en\u00fdch odborov s [&hellip;]\" \/>\n<meta property=\"og:url\" content=\"https:\/\/archiv.siov.sk\/en\/stredoskolska-odborna-cinnost-predstavi-talenty-na-jubilejnom-45-rocniku-v-modre\/\" \/>\n<meta property=\"og:site_name\" content=\"\u0160IOV - \u0161t\u00e1tny in\u0161tit\u00fat odborn\u00e9ho vzdel\u00e1vania\" \/>\n<meta property=\"article:publisher\" content=\"https:\/\/www.facebook.com\/Statnyinstitutodbornehovzdelavania\" \/>\n<meta property=\"article:published_time\" content=\"2023-04-19T13:12:43+00:00\" \/>\n<meta property=\"og:image\" content=\"https:\/\/archiv.siov.sk\/wp-content\/uploads\/2021\/05\/soc-logo-e1628065010669.jpg\" \/>\n\t<meta property=\"og:image:width\" content=\"250\" \/>\n\t<meta property=\"og:image:height\" content=\"179\" \/>\n\t<meta property=\"og:image:type\" content=\"image\/jpeg\" \/>\n<meta name=\"author\" content=\"Katar\u00edna Kov\u00e1\u010dov\u00e1\" \/>\n<meta name=\"twitter:card\" content=\"summary_large_image\" \/>\n<meta name=\"twitter:label1\" content=\"Written by\" \/>\n\t<meta name=\"twitter:data1\" content=\"Katar\u00edna Kov\u00e1\u010dov\u00e1\" \/>\n\t<meta name=\"twitter:label2\" content=\"Estimated reading time\" \/>\n\t<meta name=\"twitter:data2\" content=\"2 minutes\" \/>\n<script type=\"application\/ld+json\" class=\"yoast-schema-graph\">{\"@context\":\"https:\\\/\\\/schema.org\",\"@graph\":[{\"@type\":\"Article\",\"@id\":\"https:\\\/\\\/archiv.siov.sk\\\/stredoskolska-odborna-cinnost-predstavi-talenty-na-jubilejnom-45-rocniku-v-modre\\\/#article\",\"isPartOf\":{\"@id\":\"https:\\\/\\\/archiv.siov.sk\\\/stredoskolska-odborna-cinnost-predstavi-talenty-na-jubilejnom-45-rocniku-v-modre\\\/\"},\"author\":{\"name\":\"Katar\u00edna Kov\u00e1\u010dov\u00e1\",\"@id\":\"https:\\\/\\\/archiv.siov.sk\\\/#\\\/schema\\\/person\\\/e42d633fbd958c6a726e8834d8965e6c\"},\"headline\":\"Stredo\u0161kolsk\u00e1 odborn\u00e1 \u010dinnos\u0165 predstav\u00ed talenty na jubilejnom 45. ro\u010dn\u00edku v Modre\",\"datePublished\":\"2023-04-19T13:12:43+00:00\",\"mainEntityOfPage\":{\"@id\":\"https:\\\/\\\/archiv.siov.sk\\\/stredoskolska-odborna-cinnost-predstavi-talenty-na-jubilejnom-45-rocniku-v-modre\\\/\"},\"wordCount\":517,\"publisher\":{\"@id\":\"https:\\\/\\\/archiv.siov.sk\\\/#organization\"},\"image\":{\"@id\":\"https:\\\/\\\/archiv.siov.sk\\\/stredoskolska-odborna-cinnost-predstavi-talenty-na-jubilejnom-45-rocniku-v-modre\\\/#primaryimage\"},\"thumbnailUrl\":\"https:\\\/\\\/archiv.siov.sk\\\/wp-content\\\/uploads\\\/2021\\\/05\\\/soc-logo-e1628065010669.jpg\",\"articleSection\":[\"Aktuality\"],\"inLanguage\":\"en-GB\"},{\"@type\":\"WebPage\",\"@id\":\"https:\\\/\\\/archiv.siov.sk\\\/stredoskolska-odborna-cinnost-predstavi-talenty-na-jubilejnom-45-rocniku-v-modre\\\/\",\"url\":\"https:\\\/\\\/archiv.siov.sk\\\/stredoskolska-odborna-cinnost-predstavi-talenty-na-jubilejnom-45-rocniku-v-modre\\\/\",\"name\":\"Stredo\u0161kolsk\u00e1 odborn\u00e1 \u010dinnos\u0165 predstav\u00ed talenty na jubilejnom 45. ro\u010dn\u00edku v Modre - \u0160IOV - \u0161t\u00e1tny in\u0161tit\u00fat odborn\u00e9ho vzdel\u00e1vania\",\"isPartOf\":{\"@id\":\"https:\\\/\\\/archiv.siov.sk\\\/#website\"},\"primaryImageOfPage\":{\"@id\":\"https:\\\/\\\/archiv.siov.sk\\\/stredoskolska-odborna-cinnost-predstavi-talenty-na-jubilejnom-45-rocniku-v-modre\\\/#primaryimage\"},\"image\":{\"@id\":\"https:\\\/\\\/archiv.siov.sk\\\/stredoskolska-odborna-cinnost-predstavi-talenty-na-jubilejnom-45-rocniku-v-modre\\\/#primaryimage\"},\"thumbnailUrl\":\"https:\\\/\\\/archiv.siov.sk\\\/wp-content\\\/uploads\\\/2021\\\/05\\\/soc-logo-e1628065010669.jpg\",\"datePublished\":\"2023-04-19T13:12:43+00:00\",\"breadcrumb\":{\"@id\":\"https:\\\/\\\/archiv.siov.sk\\\/stredoskolska-odborna-cinnost-predstavi-talenty-na-jubilejnom-45-rocniku-v-modre\\\/#breadcrumb\"},\"inLanguage\":\"en-GB\",\"potentialAction\":[{\"@type\":\"ReadAction\",\"target\":[\"https:\\\/\\\/archiv.siov.sk\\\/stredoskolska-odborna-cinnost-predstavi-talenty-na-jubilejnom-45-rocniku-v-modre\\\/\"]}]},{\"@type\":\"ImageObject\",\"inLanguage\":\"en-GB\",\"@id\":\"https:\\\/\\\/archiv.siov.sk\\\/stredoskolska-odborna-cinnost-predstavi-talenty-na-jubilejnom-45-rocniku-v-modre\\\/#primaryimage\",\"url\":\"https:\\\/\\\/archiv.siov.sk\\\/wp-content\\\/uploads\\\/2021\\\/05\\\/soc-logo-e1628065010669.jpg\",\"contentUrl\":\"https:\\\/\\\/archiv.siov.sk\\\/wp-content\\\/uploads\\\/2021\\\/05\\\/soc-logo-e1628065010669.jpg\",\"width\":250,\"height\":179},{\"@type\":\"BreadcrumbList\",\"@id\":\"https:\\\/\\\/archiv.siov.sk\\\/stredoskolska-odborna-cinnost-predstavi-talenty-na-jubilejnom-45-rocniku-v-modre\\\/#breadcrumb\",\"itemListElement\":[{\"@type\":\"ListItem\",\"position\":1,\"name\":\"Home\",\"item\":\"https:\\\/\\\/archiv.siov.sk\\\/\"},{\"@type\":\"ListItem\",\"position\":2,\"name\":\"Stredo\u0161kolsk\u00e1 odborn\u00e1 \u010dinnos\u0165 predstav\u00ed talenty na jubilejnom 45. ro\u010dn\u00edku v Modre\"}]},{\"@type\":\"WebSite\",\"@id\":\"https:\\\/\\\/archiv.siov.sk\\\/#website\",\"url\":\"https:\\\/\\\/archiv.siov.sk\\\/\",\"name\":\"\u0160IOV - \u0161t\u00e1tny in\u0161tit\u00fat odborn\u00e9ho vzdel\u00e1vania\",\"description\":\"\",\"publisher\":{\"@id\":\"https:\\\/\\\/archiv.siov.sk\\\/#organization\"},\"potentialAction\":[{\"@type\":\"SearchAction\",\"target\":{\"@type\":\"EntryPoint\",\"urlTemplate\":\"https:\\\/\\\/archiv.siov.sk\\\/?s={search_term_string}\"},\"query-input\":{\"@type\":\"PropertyValueSpecification\",\"valueRequired\":true,\"valueName\":\"search_term_string\"}}],\"inLanguage\":\"en-GB\"},{\"@type\":\"Organization\",\"@id\":\"https:\\\/\\\/archiv.siov.sk\\\/#organization\",\"name\":\"\u0160IOV - \u0161t\u00e1tny in\u0161tit\u00fat odborn\u00e9ho vzdel\u00e1vania\",\"url\":\"https:\\\/\\\/archiv.siov.sk\\\/\",\"logo\":{\"@type\":\"ImageObject\",\"inLanguage\":\"en-GB\",\"@id\":\"https:\\\/\\\/archiv.siov.sk\\\/#\\\/schema\\\/logo\\\/image\\\/\",\"url\":\"https:\\\/\\\/archiv.siov.sk\\\/wp-content\\\/uploads\\\/2024\\\/02\\\/logo-SIOV.png\",\"contentUrl\":\"https:\\\/\\\/archiv.siov.sk\\\/wp-content\\\/uploads\\\/2024\\\/02\\\/logo-SIOV.png\",\"width\":431,\"height\":143,\"caption\":\"\u0160IOV - \u0161t\u00e1tny in\u0161tit\u00fat odborn\u00e9ho vzdel\u00e1vania\"},\"image\":{\"@id\":\"https:\\\/\\\/archiv.siov.sk\\\/#\\\/schema\\\/logo\\\/image\\\/\"},\"sameAs\":[\"https:\\\/\\\/www.facebook.com\\\/Statnyinstitutodbornehovzdelavania\"]},{\"@type\":\"Person\",\"@id\":\"https:\\\/\\\/archiv.siov.sk\\\/#\\\/schema\\\/person\\\/e42d633fbd958c6a726e8834d8965e6c\",\"name\":\"Katar\u00edna Kov\u00e1\u010dov\u00e1\",\"url\":\"https:\\\/\\\/archiv.siov.sk\\\/en\\\/author\\\/katkakovacova\\\/\"}]}<\/script>\n<!-- \/ Yoast SEO plugin. -->","yoast_head_json":{"title":"Stredo\u0161kolsk\u00e1 odborn\u00e1 \u010dinnos\u0165 predstav\u00ed talenty na jubilejnom 45. ro\u010dn\u00edku v Modre - \u0160IOV - \u0161t\u00e1tny in\u0161tit\u00fat odborn\u00e9ho vzdel\u00e1vania","robots":{"index":"index","follow":"follow","max-snippet":"max-snippet:-1","max-image-preview":"max-image-preview:large","max-video-preview":"max-video-preview:-1"},"canonical":"https:\/\/archiv.siov.sk\/en\/stredoskolska-odborna-cinnost-predstavi-talenty-na-jubilejnom-45-rocniku-v-modre\/","og_locale":"en_GB","og_type":"article","og_title":"Stredo\u0161kolsk\u00e1 odborn\u00e1 \u010dinnos\u0165 predstav\u00ed talenty na jubilejnom 45. ro\u010dn\u00edku v Modre - \u0160IOV - \u0161t\u00e1tny in\u0161tit\u00fat odborn\u00e9ho vzdel\u00e1vania","og_description":"Stredo\u0161kolsk\u00e1 odborn\u00e1 \u010dinnos\u0165 je vedomostnou s\u00fa\u0165a\u017eou \u017eiakov stredn\u00fdch \u0161k\u00f4l na celom Slovensku. Po\u010det zapojen\u00fdch&nbsp; \u0161tudentov prekro\u010dil aktu\u00e1lne hranicu p\u00e4\u0165 tis\u00edc. &nbsp;&nbsp; Pre \u0161kolsk\u00fd rok 2022\/2023 Ministerstvo \u0161kolstva, vedy, v\u00fdskumu a&nbsp;\u0161portu SR vyhl\u00e1silo 45. ro\u010dn\u00edk.&nbsp; &nbsp;Celo\u0161t\u00e1tnej prehliadke predch\u00e1dzali postupne \u0161kolsk\u00e9, okresn\u00e9 a&nbsp;krajsk\u00e9 kol\u00e1. &nbsp;\u017diaci stredn\u00fdch \u0161k\u00f4l &nbsp;mali mo\u017enos\u0165 prihl\u00e1si\u0165 zauj\u00edmav\u00e9 rie\u0161enia do 17 s\u00fa\u0165a\u017en\u00fdch odborov s [&hellip;]","og_url":"https:\/\/archiv.siov.sk\/en\/stredoskolska-odborna-cinnost-predstavi-talenty-na-jubilejnom-45-rocniku-v-modre\/","og_site_name":"\u0160IOV - \u0161t\u00e1tny in\u0161tit\u00fat odborn\u00e9ho vzdel\u00e1vania","article_publisher":"https:\/\/www.facebook.com\/Statnyinstitutodbornehovzdelavania","article_published_time":"2023-04-19T13:12:43+00:00","og_image":[{"width":250,"height":179,"url":"https:\/\/archiv.siov.sk\/wp-content\/uploads\/2021\/05\/soc-logo-e1628065010669.jpg","type":"image\/jpeg"}],"author":"Katar\u00edna Kov\u00e1\u010dov\u00e1","twitter_card":"summary_large_image","twitter_misc":{"Written by":"Katar\u00edna Kov\u00e1\u010dov\u00e1","Estimated reading time":"2 minutes"},"schema":{"@context":"https:\/\/schema.org","@graph":[{"@type":"Article","@id":"https:\/\/archiv.siov.sk\/stredoskolska-odborna-cinnost-predstavi-talenty-na-jubilejnom-45-rocniku-v-modre\/#article","isPartOf":{"@id":"https:\/\/archiv.siov.sk\/stredoskolska-odborna-cinnost-predstavi-talenty-na-jubilejnom-45-rocniku-v-modre\/"},"author":{"name":"Katar\u00edna Kov\u00e1\u010dov\u00e1","@id":"https:\/\/archiv.siov.sk\/#\/schema\/person\/e42d633fbd958c6a726e8834d8965e6c"},"headline":"Stredo\u0161kolsk\u00e1 odborn\u00e1 \u010dinnos\u0165 predstav\u00ed talenty na jubilejnom 45. ro\u010dn\u00edku v Modre","datePublished":"2023-04-19T13:12:43+00:00","mainEntityOfPage":{"@id":"https:\/\/archiv.siov.sk\/stredoskolska-odborna-cinnost-predstavi-talenty-na-jubilejnom-45-rocniku-v-modre\/"},"wordCount":517,"publisher":{"@id":"https:\/\/archiv.siov.sk\/#organization"},"image":{"@id":"https:\/\/archiv.siov.sk\/stredoskolska-odborna-cinnost-predstavi-talenty-na-jubilejnom-45-rocniku-v-modre\/#primaryimage"},"thumbnailUrl":"https:\/\/archiv.siov.sk\/wp-content\/uploads\/2021\/05\/soc-logo-e1628065010669.jpg","articleSection":["Aktuality"],"inLanguage":"en-GB"},{"@type":"WebPage","@id":"https:\/\/archiv.siov.sk\/stredoskolska-odborna-cinnost-predstavi-talenty-na-jubilejnom-45-rocniku-v-modre\/","url":"https:\/\/archiv.siov.sk\/stredoskolska-odborna-cinnost-predstavi-talenty-na-jubilejnom-45-rocniku-v-modre\/","name":"Stredo\u0161kolsk\u00e1 odborn\u00e1 \u010dinnos\u0165 predstav\u00ed talenty na jubilejnom 45. ro\u010dn\u00edku v Modre - \u0160IOV - \u0161t\u00e1tny in\u0161tit\u00fat odborn\u00e9ho vzdel\u00e1vania","isPartOf":{"@id":"https:\/\/archiv.siov.sk\/#website"},"primaryImageOfPage":{"@id":"https:\/\/archiv.siov.sk\/stredoskolska-odborna-cinnost-predstavi-talenty-na-jubilejnom-45-rocniku-v-modre\/#primaryimage"},"image":{"@id":"https:\/\/archiv.siov.sk\/stredoskolska-odborna-cinnost-predstavi-talenty-na-jubilejnom-45-rocniku-v-modre\/#primaryimage"},"thumbnailUrl":"https:\/\/archiv.siov.sk\/wp-content\/uploads\/2021\/05\/soc-logo-e1628065010669.jpg","datePublished":"2023-04-19T13:12:43+00:00","breadcrumb":{"@id":"https:\/\/archiv.siov.sk\/stredoskolska-odborna-cinnost-predstavi-talenty-na-jubilejnom-45-rocniku-v-modre\/#breadcrumb"},"inLanguage":"en-GB","potentialAction":[{"@type":"ReadAction","target":["https:\/\/archiv.siov.sk\/stredoskolska-odborna-cinnost-predstavi-talenty-na-jubilejnom-45-rocniku-v-modre\/"]}]},{"@type":"ImageObject","inLanguage":"en-GB","@id":"https:\/\/archiv.siov.sk\/stredoskolska-odborna-cinnost-predstavi-talenty-na-jubilejnom-45-rocniku-v-modre\/#primaryimage","url":"https:\/\/archiv.siov.sk\/wp-content\/uploads\/2021\/05\/soc-logo-e1628065010669.jpg","contentUrl":"https:\/\/archiv.siov.sk\/wp-content\/uploads\/2021\/05\/soc-logo-e1628065010669.jpg","width":250,"height":179},{"@type":"BreadcrumbList","@id":"https:\/\/archiv.siov.sk\/stredoskolska-odborna-cinnost-predstavi-talenty-na-jubilejnom-45-rocniku-v-modre\/#breadcrumb","itemListElement":[{"@type":"ListItem","position":1,"name":"Home","item":"https:\/\/archiv.siov.sk\/"},{"@type":"ListItem","position":2,"name":"Stredo\u0161kolsk\u00e1 odborn\u00e1 \u010dinnos\u0165 predstav\u00ed talenty na jubilejnom 45. ro\u010dn\u00edku v Modre"}]},{"@type":"WebSite","@id":"https:\/\/archiv.siov.sk\/#website","url":"https:\/\/archiv.siov.sk\/","name":"\u0160IOV - \u0161t\u00e1tny in\u0161tit\u00fat odborn\u00e9ho vzdel\u00e1vania","description":"","publisher":{"@id":"https:\/\/archiv.siov.sk\/#organization"},"potentialAction":[{"@type":"SearchAction","target":{"@type":"EntryPoint","urlTemplate":"https:\/\/archiv.siov.sk\/?s={search_term_string}"},"query-input":{"@type":"PropertyValueSpecification","valueRequired":true,"valueName":"search_term_string"}}],"inLanguage":"en-GB"},{"@type":"Organization","@id":"https:\/\/archiv.siov.sk\/#organization","name":"\u0160IOV - \u0161t\u00e1tny in\u0161tit\u00fat odborn\u00e9ho vzdel\u00e1vania","url":"https:\/\/archiv.siov.sk\/","logo":{"@type":"ImageObject","inLanguage":"en-GB","@id":"https:\/\/archiv.siov.sk\/#\/schema\/logo\/image\/","url":"https:\/\/archiv.siov.sk\/wp-content\/uploads\/2024\/02\/logo-SIOV.png","contentUrl":"https:\/\/archiv.siov.sk\/wp-content\/uploads\/2024\/02\/logo-SIOV.png","width":431,"height":143,"caption":"\u0160IOV - \u0161t\u00e1tny in\u0161tit\u00fat odborn\u00e9ho vzdel\u00e1vania"},"image":{"@id":"https:\/\/archiv.siov.sk\/#\/schema\/logo\/image\/"},"sameAs":["https:\/\/www.facebook.com\/Statnyinstitutodbornehovzdelavania"]},{"@type":"Person","@id":"https:\/\/archiv.siov.sk\/#\/schema\/person\/e42d633fbd958c6a726e8834d8965e6c","name":"Katar\u00edna Kov\u00e1\u010dov\u00e1","url":"https:\/\/archiv.siov.sk\/en\/author\/katkakovacova\/"}]}},"_links":{"self":[{"href":"https:\/\/archiv.siov.sk\/en\/wp-json\/wp\/v2\/posts\/13763","targetHints":{"allow":["GET"]}}],"collection":[{"href":"https:\/\/archiv.siov.sk\/en\/wp-json\/wp\/v2\/posts"}],"about":[{"href":"https:\/\/archiv.siov.sk\/en\/wp-json\/wp\/v2\/types\/post"}],"author":[{"embeddable":true,"href":"https:\/\/archiv.siov.sk\/en\/wp-json\/wp\/v2\/users\/6"}],"replies":[{"embeddable":true,"href":"https:\/\/archiv.siov.sk\/en\/wp-json\/wp\/v2\/comments?post=13763"}],"version-history":[{"count":2,"href":"https:\/\/archiv.siov.sk\/en\/wp-json\/wp\/v2\/posts\/13763\/revisions"}],"predecessor-version":[{"id":13765,"href":"https:\/\/archiv.siov.sk\/en\/wp-json\/wp\/v2\/posts\/13763\/revisions\/13765"}],"wp:featuredmedia":[{"embeddable":true,"href":"https:\/\/archiv.siov.sk\/en\/wp-json\/wp\/v2\/media\/7764"}],"wp:attachment":[{"href":"https:\/\/archiv.siov.sk\/en\/wp-json\/wp\/v2\/media?parent=13763"}],"wp:term":[{"taxonomy":"category","embeddable":true,"href":"https:\/\/archiv.siov.sk\/en\/wp-json\/wp\/v2\/categories?post=13763"},{"taxonomy":"post_tag","embeddable":true,"href":"https:\/\/archiv.siov.sk\/en\/wp-json\/wp\/v2\/tags?post=13763"}],"curies":[{"name":"wp","href":"https:\/\/api.w.org\/{rel}","templated":true}]}}