{"id":13671,"date":"2023-03-30T14:42:03","date_gmt":"2023-03-30T12:42:03","guid":{"rendered":"https:\/\/archiv.siov.sk\/?p=13671"},"modified":"2023-03-30T14:42:03","modified_gmt":"2023-03-30T12:42:03","slug":"cvicna-firma-nie-je-o-jednotlivcoch-ale-o-fungujucom-time","status":"publish","type":"post","link":"https:\/\/archiv.siov.sk\/en\/cvicna-firma-nie-je-o-jednotlivcoch-ale-o-fungujucom-time\/","title":{"rendered":"Cvi\u010dn\u00e1 firma nie je o jednotlivcoch, ale o funguj\u00facom t\u00edme"},"content":{"rendered":"<p style=\"text-align: justify;\">Jednozna\u010dne sa na tom zhoduj\u00fa \u017eiaci cvi\u010dnej firmy FillEco zo Strednej odbornej \u0161koly podnikania na Stre\u010dnianskej ulici v&nbsp;Bratislave, ktor\u00ed na z\u00e1klade zozbieran\u00fdch ocenen\u00ed zjavne&nbsp; funguj\u00facim t\u00edmom s\u00fa. Okrem kolekt\u00edvu je pod\u013ea nich z\u00e1kladom \u00faspe\u0161nej \u017eiackej firmy hlavne origin\u00e1lny, premyslen\u00fd predmet podnikania, chu\u0165, motiv\u00e1cia a&nbsp;\u010das. Na cvi\u010dnej firme oce\u0148uj\u00fa najm\u00e4 sk\u00fasenosti a&nbsp;mimoriadne si pochva\u013euj\u00fa aj spolupr\u00e1cu s&nbsp;lektormi z&nbsp;praxe, z&nbsp;ktor\u00fdch jeden je tie\u017e absolventom cvi\u010dnej firmy.<\/p>\n<p style=\"text-align: justify;\">\u201eM\u00e1me mo\u017enos\u0165 vysk\u00fa\u0161a\u0165 si, ako re\u00e1lne funguj\u00fa firmy, \u010do v\u0161etko mus\u00edme zvl\u00e1dnu\u0165, aby sme boli \u00faspe\u0161n\u00ed a aby sme posilnili n\u00e1\u0161 t\u00edm. V\u0161etky tieto veci si m\u00f4\u017eeme vysk\u00fa\u0161a\u0165 v praxi,\u201c zhrnul predmet cvi\u010dn\u00e1 firma riadite\u013e cvi\u010dnej firmy FillEco J\u00e1n Mikuli\u010d. \u201ePre m\u0148a je to prv\u00fd n\u00e1znak, \u017ee to, \u010do sa u\u010d\u00edme aj praktizujeme v re\u00e1lnom \u017eivote a m\u00f4\u017eeme vyu\u017ei\u0165 v\u0161etky poznatky, ktor\u00e9 sme sa doteraz u\u010dili,\u201c dop\u013a\u0148a ho spolu\u017eia\u010dka Katar\u00edna \u0160imov\u00e1, ktor\u00e1 m\u00e1 vo FillEcu na starosti marketing. Pod\u013ea Romana, ktor\u00fd je obchodn\u00fdm riadite\u013eom FillEco je cvi\u010dn\u00e1 firma v skratke u\u010denie v praxi. \u201eNapr\u00edklad, ak sa po \u0161kole rozdel\u00edme a niekto by chcel za\u010da\u0165 so svojou vlastnou firmou, u\u017e vie, \u010do ho \u010dak\u00e1, na \u010do si mus\u00ed d\u00e1va\u0165 pozor a na \u010do sa pripravi\u0165,\u201c dodal personalista FillEco Mat\u00fa\u0161 Knaus, zatia\u013e \u010do ja od za\u010diatku rozhovoru testujem ich produkt \u2013 antistresov\u00fa hra\u010dku vyr\u00e1ban\u00fa z recyklovan\u00e9ho plastu.<\/p>\n<p>&nbsp;<\/p>\n<p><img fetchpriority=\"high\" decoding=\"async\" class=\"aligncenter wp-image-13675 size-medium\" src=\"https:\/\/archiv.siov.sk\/wp-content\/uploads\/2023\/03\/spolu-brusel-300x241.jpg\" alt=\"\" width=\"300\" height=\"241\" srcset=\"https:\/\/archiv.siov.sk\/wp-content\/uploads\/2023\/03\/spolu-brusel-300x241.jpg 300w, https:\/\/archiv.siov.sk\/wp-content\/uploads\/2023\/03\/spolu-brusel-768x618.jpg 768w, https:\/\/archiv.siov.sk\/wp-content\/uploads\/2023\/03\/spolu-brusel-15x12.jpg 15w, https:\/\/archiv.siov.sk\/wp-content\/uploads\/2023\/03\/spolu-brusel.jpg 819w\" sizes=\"(max-width: 300px) 100vw, 300px\" \/><\/p>\n<p style=\"text-align: center;\">T\u00edm cvi\u010dnej firmy FillEco spolu so svojimi mentormi<\/p>\n<p style=\"text-align: justify;\">Od prvotn\u00e9ho n\u00e1padu na predmet podnikania a&nbsp;v\u00fdrobok sa pod\u013ea osadenstva firmy za\u010dalo u\u017e v\u0161etko sp\u00e1ja\u0165 a&nbsp;prep\u00e1ja\u0165. \u201eNiektor\u00ed m\u00e1me doma 3D tla\u010diarne, tak\u017ee sme si uvedomili, \u017ee by sa to dalo spoji\u0165, ale nechceli sme ma\u0165 iba klasick\u00fd v\u00fdrobok. Povedali sme si, \u017ee chceme vyr\u00e1ba\u0165 nie\u010do, \u010do bude \u013eu\u010fom pom\u00e1ha\u0165 a&nbsp;z\u00e1rove\u0148 to vyr\u00e1ba\u0165 sp\u00f4sobom, ktor\u00fd pom\u00f4\u017ee na\u0161ej plan\u00e9te a&nbsp;\u017eivotn\u00e9mu prostrediu,\u201c pribl\u00ed\u017eila Katar\u00edna. To sa prepojilo aj s&nbsp;n\u00e1zvom firmy, ktor\u00e9ho originalitu \u017eiaci a&nbsp;zamestnanci v&nbsp;jednom overovali cez Obchodn\u00fd register.<\/p>\n<p style=\"text-align: justify;\">Kon\u0161tatovanie \u201eFuuu, m\u00e1me to za sebou&#8230;\u201c vraj prich\u00e1dza po ka\u017edom ve\u013etrhu, s\u00fa\u0165a\u017ei alebo podobnom podujat\u00ed. Konkurencia tu toti\u017e b\u00fdva v\u00e4\u010d\u0161inou siln\u00e1, ale aj to ich pos\u00fava \u010falej a prin\u00e1\u0161a nov\u00e9 n\u00e1pady. \u201eV\u017edy sa n\u00e1jde nie\u010do, \u010do n\u00e1s prekvap\u00ed, ale aj posunie \u010falej. Vid\u00edme in\u00e9 firmy, ktor\u00e9 maj\u00fa in\u00e9 veci, niekedy lep\u0161ie, niekedy hor\u0161ie a z toho sa m\u00f4\u017eeme pou\u010di\u0165,\u201c zhodnotil Mat\u00fa\u0161. Zahrani\u010dn\u00e9 ve\u013etrhy, ako napr\u00edklad Medzin\u00e1rodn\u00fd ve\u013etrh v Bruseli so stop\u00e4\u0165desiatimi cvi\u010dn\u00fdmi firmami znamenal okrem konkurencie aj sk\u00fa\u0161ku angli\u010dtiny, aj ke\u010f sa nakoniec uk\u00e1zalo, \u017ee niektor\u00e9 firmy hovorili iba po franc\u00fazsky \u010di holandsky a angli\u010dtina im takmer ni\u010d nehovorila. Celkovo s\u00fa pod\u013ea \u017eiakov rozdiely nielen medzi zahrani\u010dn\u00fdmi a dom\u00e1cimi podujatiami, ale aj medzi ve\u013etrhmi navz\u00e1jom. Samozrejme, v \u00fa\u010dasti firiem, ale aj v organiza\u010dnom zabezpe\u010den\u00ed, s\u00fa\u0165a\u017eiach a podmienkach. V\u0161etko v\u0161ak ber\u00fa hlavne ako nenahradite\u013en\u00fa sk\u00fasenos\u0165 a mo\u017enos\u0165 porovna\u0165 sa s konkurenciou.<\/p>\n<p style=\"text-align: justify;\">\u201eNeviem si predstavi\u0165, \u017ee by sme pracovali iba v \u0161kole, tri hodiny do t\u00fd\u017ed\u0148a a nemohli by sme nikde vyu\u017ei\u0165 a uk\u00e1za\u0165, \u010do sa n\u00e1m podarilo. Bolo by to asi ove\u013ea nez\u00e1\u017eivnej\u0161ie, nebola by tam a\u017e tak\u00e1 motiv\u00e1cia, ideme teraz do toho na sto percent, lebo chceme vyhra\u0165. Samozrejme, nie je d\u00f4le\u017eit\u00e9 vyhra\u0165, ale nie je to ani na \u0161kodu :)\u201c mysl\u00ed si Katar\u00edna. \u201eV\u017edy m\u00e1me aspo\u0148 sp\u00e4tn\u00fa v\u00e4zbu. Aj ke\u010f sa neumiestnime, aspo\u0148 vid\u00edme, ako sa \u013eudia zauj\u00edmaj\u00fa o n\u00e1\u0161 st\u00e1nok a ako sa im p\u00e1\u010di n\u00e1\u0161 produkt. Na z\u00e1klade toho sa dok\u00e1\u017eeme pos\u00fava\u0165 \u010falej,\u201c pop\u013a\u0148a ju riadite\u013e FillEco J\u00e1n.<\/p>\n<p style=\"text-align: justify;\">Zatia\u013e, \u010do u\u017e v\u0161etci m\u00e1me v&nbsp;ruk\u00e1ch v\u00fdrobok FillEco a&nbsp;popri rozpr\u00e1van\u00ed sa n\u00edm sna\u017e\u00edme odb\u00fara\u0165 stres, pripom\u00ednaj\u00fa \u017eiaci a&nbsp;z\u00e1rove\u0148 zamestnanci firmy, \u017ee chceli vymyslie\u0165 nie\u010do nov\u00e9 a&nbsp;i\u0161lo im hlavne o&nbsp;inovat\u00edvny n\u00e1pad, ktor\u00fd nem\u00e1 ka\u017ed\u00fd. \u201ePod\u013ea m\u0148a je to hlavne o&nbsp;n\u00e1pade, lebo na ve\u013etrhoch s\u00fa \u010dasto podobn\u00e9 firmy.&nbsp; M\u00f4\u017eu ma\u0165 nejak\u00e9 in\u00e9 produkty alebo zauj\u00edmavej\u0161iu \u010dinnos\u0165, ale ak ide o&nbsp;nov\u00fd produkt a&nbsp;e\u0161te aj ekologick\u00fd, je to ve\u013emi zauj\u00edmav\u00e9,\u201c mysl\u00ed si Roman. \u201eKe\u010f idete na ve\u013etrh, vid\u00edte \u0161tyri alebo p\u00e4\u0165 predmetov podnikania, ktor\u00e9 sa opakuj\u00fa. Ke\u010f \u013eudia vidia na na\u0161om stole 3D tla\u010diare\u0148, hne\u010f sa zastavia a&nbsp;zauj\u00edma ich, \u010do rob\u00edme. Ke\u010f im o&nbsp;tom povieme s\u00fa v&nbsp;e\u0161te v\u00e4\u010d\u0161om \u00fa\u017ease a&nbsp;v\u00e4\u010d\u0161inou hovoria, \u017ee je to super n\u00e1pad,\u201c dod\u00e1va Katar\u00edna.<\/p>\n<p>&nbsp;<\/p>\n<p>&nbsp; &nbsp; &nbsp; &nbsp; &nbsp; &nbsp; &nbsp; &nbsp; &nbsp; &nbsp; &nbsp; &nbsp; &nbsp; &nbsp; &nbsp; &nbsp; &nbsp; &nbsp; &nbsp; &nbsp; &nbsp; &nbsp; &nbsp; &nbsp; &nbsp; &nbsp; &nbsp; &nbsp; &nbsp; &nbsp; &nbsp; &nbsp; &nbsp; &nbsp;<img decoding=\"async\" class=\"alignnone wp-image-13674 size-medium\" src=\"https:\/\/archiv.siov.sk\/wp-content\/uploads\/2023\/03\/1666726225621-300x225.jpg\" alt=\"\" width=\"300\" height=\"225\" srcset=\"https:\/\/archiv.siov.sk\/wp-content\/uploads\/2023\/03\/1666726225621-300x225.jpg 300w, https:\/\/archiv.siov.sk\/wp-content\/uploads\/2023\/03\/1666726225621-768x576.jpg 768w, https:\/\/archiv.siov.sk\/wp-content\/uploads\/2023\/03\/1666726225621-16x12.jpg 16w, https:\/\/archiv.siov.sk\/wp-content\/uploads\/2023\/03\/1666726225621.jpg 1000w\" sizes=\"(max-width: 300px) 100vw, 300px\" \/><\/p>\n<p style=\"text-align: center;\">V\u00fdrobky cvi\u010dnej firmy FillEco<\/p>\n<p style=\"text-align: justify;\">FillEco nenech\u00e1va ni\u010d na n\u00e1hodu a&nbsp;naplno vyu\u017e\u00edva aj spolupr\u00e1ce. Po odbornej str\u00e1nke spolupracuj\u00fa so Strojn\u00edckou fakultou Slovenskej technickej univerzity. T\u00e1 im poskytla z\u00e1kladn\u00e9 za\u0161kolenie oh\u013eadom toho, ako 3D tla\u010diarne funguj\u00fa, nau\u010dili ich tla\u010diarne programova\u0165 a&nbsp;kalibrova\u0165. Okrem spolupr\u00e1ce s&nbsp;univerzitou si pochva\u013euj\u00fa aj spolupr\u00e1cu s&nbsp;odborn\u00fdmi lektormi, ktor\u00ed s\u00fa \u010dasto aj ich sponzormi. V\u00fdnimo\u010dn\u00fdm odborn\u00fdm garantom je pre FillEco Matej Lipt\u00e1k, ktor\u00fd je s\u00e1m absolventom predmetu cvi\u010dn\u00e1 firma, ktor\u00fd ho u\u010dila rovnak\u00e1 pedagogi\u010dka, ktor\u00e1 m\u00e1 teraz na starosti t\u00edm FillEca. \u201eVe\u013emi d\u00f4le\u017eit\u00e9 s\u00fa pre n\u00e1s najm\u00e4 jeho sk\u00fasenosti. M\u00e1 u\u017e dve firmy. Je to aj ve\u013ek\u00e1 motiv\u00e1cia pre n\u00e1s v\u0161etk\u00fdch. Niekto, kto m\u00e1 re\u00e1lne firmy a&nbsp;aj v\u00fdsledky. Ako nezainteresovan\u00fd \u010dlovek n\u00e1m vedel poveda\u0165, \u010do sa mu p\u00e1\u010di, \u010do by sme mali zlep\u0161i\u0165,\u201c zhrnul za v\u0161etk\u00fdch Roman.<\/p>\n<p style=\"text-align: justify;\">Pri ot\u00e1zke, \u010do v\u0161etko by mala ma\u0165 \u00faspe\u0161n\u00e1 cvi\u010dn\u00e1 firma sa v\u0161etci \u017eiaci zhoduj\u00fa v&nbsp;prvom rade na dobrom t\u00edme. Aj ten ich si pre\u0161iel ur\u010dit\u00fdmi zmenami a&nbsp;\u00fapravami. Z\u00e1kladom pod\u013ea nich je, aby si ka\u017ed\u00fd plnil svoje povinnosti a&nbsp;bol t\u00edmov\u00fdm hr\u00e1\u010dom. Ako sami hovoria, v\u0161etci stoja za firmou a&nbsp;nie s\u00fa v&nbsp;nej ako \u0161tyria jednotlivci, ale ako jeden t\u00edm. \u201ePod\u013ea m\u0148a sme po zmen\u00e1ch e\u0161te silnej\u0161\u00ed. Viac sme sa spojili a&nbsp;za\u010dali viac pracova\u0165. Aj medzi sebou sme si vykomunikovali na\u0161e vz\u0165ahy. Nieko\u013eko hod\u00edn sme spolu ka\u017ed\u00fd ve\u010der telefonovali a&nbsp;iba sa rozpr\u00e1vali,\u201c pribl\u00ed\u017eil riadite\u013e firmy J\u00e1n. A&nbsp;okrem t\u00edmu sa dost\u00e1vame aj k&nbsp;\u010fal\u0161\u00edm z\u00e1kladn\u00fdm s\u00fa\u010dastiam \u00faspe\u0161nej firmy \u017eiakov pod\u013ea FillEca a&nbsp;t\u00fdmi s\u00fa predmet podnikania, chu\u0165, motiv\u00e1cia a&nbsp;\u010das.<\/p>\n<p style=\"text-align: justify;\">Pri poslednej ot\u00e1zke na to, \u010di cvi\u010dn\u00e1 firmy stoj\u00ed aj za tie ve\u010dery a&nbsp;v\u00edkendy, ktor\u00e9 niekedy nad \u0148ou musia str\u00e1vi\u0165, za ur\u010dit\u00fd stres a&nbsp;nutnos\u0165 rie\u0161i\u0165 kr\u00edzov\u00e9 situ\u00e1cie dostanem jednozna\u010dn\u00fa a&nbsp;jednohlasn\u00fa odpove\u010f. Ur\u010dite. Na sto percent. \u201eVe\u013ea \u013eud\u00ed to berie tak, \u017ee je to iba predmet, ale pod\u013ea m\u0148a dok\u00e1\u017ee nau\u010di\u0165 naozaj ve\u013ea. Kto chce, tak v&nbsp;r\u00e1mci neho dok\u00e1\u017ee ve\u013ea. Kto nechce, s\u00e1m seba oberie o&nbsp;sk\u00fasenosti,\u201c uzavrel Roman.<\/p>","protected":false},"excerpt":{"rendered":"<p>Jednozna\u010dne sa na tom zhoduj\u00fa \u017eiaci cvi\u010dnej firmy FillEco zo Strednej odbornej \u0161koly podnikania na Stre\u010dnianskej ulici v&nbsp;Bratislave, ktor\u00ed na z\u00e1klade zozbieran\u00fdch ocenen\u00ed zjavne&nbsp; funguj\u00facim t\u00edmom s\u00fa. Okrem kolekt\u00edvu je pod\u013ea nich z\u00e1kladom \u00faspe\u0161nej \u017eiackej firmy hlavne origin\u00e1lny, premyslen\u00fd predmet podnikania, chu\u0165, motiv\u00e1cia a&nbsp;\u010das. Na cvi\u010dnej firme oce\u0148uj\u00fa najm\u00e4 sk\u00fasenosti a&nbsp;mimoriadne si pochva\u013euj\u00fa aj spolupr\u00e1cu [&hellip;]<\/p>\n","protected":false},"author":6,"featured_media":13673,"comment_status":"closed","ping_status":"closed","sticky":false,"template":"","format":"standard","meta":{"site-sidebar-layout":"default","site-content-layout":"default","ast-site-content-layout":"default","site-content-style":"default","site-sidebar-style":"default","ast-global-header-display":"","ast-banner-title-visibility":"","ast-main-header-display":"","ast-hfb-above-header-display":"","ast-hfb-below-header-display":"","ast-hfb-mobile-header-display":"","site-post-title":"","ast-breadcrumbs-content":"","ast-featured-img":"","footer-sml-layout":"","ast-disable-related-posts":"","theme-transparent-header-meta":"default","adv-header-id-meta":"","stick-header-meta":"","header-above-stick-meta":"","header-main-stick-meta":"","header-below-stick-meta":"","astra-migrate-meta-layouts":"default","ast-page-background-enabled":"default","ast-page-background-meta":{"desktop":{"background-color":"var(--ast-global-color-4)","background-image":"","background-repeat":"repeat","background-position":"center center","background-size":"auto","background-attachment":"scroll","background-type":"","background-media":"","overlay-type":"","overlay-color":"","overlay-opacity":"","overlay-gradient":""},"tablet":{"background-color":"","background-image":"","background-repeat":"repeat","background-position":"center center","background-size":"auto","background-attachment":"scroll","background-type":"","background-media":"","overlay-type":"","overlay-color":"","overlay-opacity":"","overlay-gradient":""},"mobile":{"background-color":"","background-image":"","background-repeat":"repeat","background-position":"center center","background-size":"auto","background-attachment":"scroll","background-type":"","background-media":"","overlay-type":"","overlay-color":"","overlay-opacity":"","overlay-gradient":""}},"ast-content-background-meta":{"desktop":{"background-color":"var(--ast-global-color-5)","background-image":"","background-repeat":"repeat","background-position":"center center","background-size":"auto","background-attachment":"scroll","background-type":"","background-media":"","overlay-type":"","overlay-color":"","overlay-opacity":"","overlay-gradient":""},"tablet":{"background-color":"var(--ast-global-color-5)","background-image":"","background-repeat":"repeat","background-position":"center center","background-size":"auto","background-attachment":"scroll","background-type":"","background-media":"","overlay-type":"","overlay-color":"","overlay-opacity":"","overlay-gradient":""},"mobile":{"background-color":"var(--ast-global-color-5)","background-image":"","background-repeat":"repeat","background-position":"center center","background-size":"auto","background-attachment":"scroll","background-type":"","background-media":"","overlay-type":"","overlay-color":"","overlay-opacity":"","overlay-gradient":""}},"footnotes":""},"categories":[1],"tags":[],"class_list":["post-13671","post","type-post","status-publish","format-standard","has-post-thumbnail","hentry","category-aktuality"],"yoast_head":"<!-- This site is optimized with the Yoast SEO plugin v27.5 - https:\/\/yoast.com\/product\/yoast-seo-wordpress\/ -->\n<title>Cvi\u010dn\u00e1 firma nie je o jednotlivcoch, ale o funguj\u00facom t\u00edme - \u0160IOV - \u0161t\u00e1tny in\u0161tit\u00fat odborn\u00e9ho vzdel\u00e1vania<\/title>\n<meta name=\"robots\" content=\"index, follow, max-snippet:-1, max-image-preview:large, max-video-preview:-1\" \/>\n<link rel=\"canonical\" href=\"https:\/\/archiv.siov.sk\/en\/cvicna-firma-nie-je-o-jednotlivcoch-ale-o-fungujucom-time\/\" \/>\n<meta property=\"og:locale\" content=\"en_GB\" \/>\n<meta property=\"og:type\" content=\"article\" \/>\n<meta property=\"og:title\" content=\"Cvi\u010dn\u00e1 firma nie je o jednotlivcoch, ale o funguj\u00facom t\u00edme - \u0160IOV - \u0161t\u00e1tny in\u0161tit\u00fat odborn\u00e9ho vzdel\u00e1vania\" \/>\n<meta property=\"og:description\" content=\"Jednozna\u010dne sa na tom zhoduj\u00fa \u017eiaci cvi\u010dnej firmy FillEco zo Strednej odbornej \u0161koly podnikania na Stre\u010dnianskej ulici v&nbsp;Bratislave, ktor\u00ed na z\u00e1klade zozbieran\u00fdch ocenen\u00ed zjavne&nbsp; funguj\u00facim t\u00edmom s\u00fa. Okrem kolekt\u00edvu je pod\u013ea nich z\u00e1kladom \u00faspe\u0161nej \u017eiackej firmy hlavne origin\u00e1lny, premyslen\u00fd predmet podnikania, chu\u0165, motiv\u00e1cia a&nbsp;\u010das. Na cvi\u010dnej firme oce\u0148uj\u00fa najm\u00e4 sk\u00fasenosti a&nbsp;mimoriadne si pochva\u013euj\u00fa aj spolupr\u00e1cu [&hellip;]\" \/>\n<meta property=\"og:url\" content=\"https:\/\/archiv.siov.sk\/en\/cvicna-firma-nie-je-o-jednotlivcoch-ale-o-fungujucom-time\/\" \/>\n<meta property=\"og:site_name\" content=\"\u0160IOV - \u0161t\u00e1tny in\u0161tit\u00fat odborn\u00e9ho vzdel\u00e1vania\" \/>\n<meta property=\"article:publisher\" content=\"https:\/\/www.facebook.com\/Statnyinstitutodbornehovzdelavania\" \/>\n<meta property=\"article:published_time\" content=\"2023-03-30T12:42:03+00:00\" \/>\n<meta property=\"og:image\" content=\"https:\/\/archiv.siov.sk\/wp-content\/uploads\/2023\/03\/1678638203515-scaled.jpg\" \/>\n\t<meta property=\"og:image:width\" content=\"2560\" \/>\n\t<meta property=\"og:image:height\" content=\"1307\" \/>\n\t<meta property=\"og:image:type\" content=\"image\/jpeg\" \/>\n<meta name=\"author\" content=\"Katar\u00edna Kov\u00e1\u010dov\u00e1\" \/>\n<meta name=\"twitter:card\" content=\"summary_large_image\" \/>\n<meta name=\"twitter:label1\" content=\"Written by\" \/>\n\t<meta name=\"twitter:data1\" content=\"Katar\u00edna Kov\u00e1\u010dov\u00e1\" \/>\n\t<meta name=\"twitter:label2\" content=\"Estimated reading time\" \/>\n\t<meta name=\"twitter:data2\" content=\"6 minutes\" \/>\n<script type=\"application\/ld+json\" class=\"yoast-schema-graph\">{\"@context\":\"https:\\\/\\\/schema.org\",\"@graph\":[{\"@type\":\"Article\",\"@id\":\"https:\\\/\\\/archiv.siov.sk\\\/cvicna-firma-nie-je-o-jednotlivcoch-ale-o-fungujucom-time\\\/#article\",\"isPartOf\":{\"@id\":\"https:\\\/\\\/archiv.siov.sk\\\/cvicna-firma-nie-je-o-jednotlivcoch-ale-o-fungujucom-time\\\/\"},\"author\":{\"name\":\"Katar\u00edna Kov\u00e1\u010dov\u00e1\",\"@id\":\"https:\\\/\\\/archiv.siov.sk\\\/#\\\/schema\\\/person\\\/e42d633fbd958c6a726e8834d8965e6c\"},\"headline\":\"Cvi\u010dn\u00e1 firma nie je o jednotlivcoch, ale o funguj\u00facom t\u00edme\",\"datePublished\":\"2023-03-30T12:42:03+00:00\",\"mainEntityOfPage\":{\"@id\":\"https:\\\/\\\/archiv.siov.sk\\\/cvicna-firma-nie-je-o-jednotlivcoch-ale-o-fungujucom-time\\\/\"},\"wordCount\":1404,\"publisher\":{\"@id\":\"https:\\\/\\\/archiv.siov.sk\\\/#organization\"},\"image\":{\"@id\":\"https:\\\/\\\/archiv.siov.sk\\\/cvicna-firma-nie-je-o-jednotlivcoch-ale-o-fungujucom-time\\\/#primaryimage\"},\"thumbnailUrl\":\"https:\\\/\\\/archiv.siov.sk\\\/wp-content\\\/uploads\\\/2023\\\/03\\\/1678638203515-scaled.jpg\",\"articleSection\":[\"Aktuality\"],\"inLanguage\":\"en-GB\"},{\"@type\":\"WebPage\",\"@id\":\"https:\\\/\\\/archiv.siov.sk\\\/cvicna-firma-nie-je-o-jednotlivcoch-ale-o-fungujucom-time\\\/\",\"url\":\"https:\\\/\\\/archiv.siov.sk\\\/cvicna-firma-nie-je-o-jednotlivcoch-ale-o-fungujucom-time\\\/\",\"name\":\"Cvi\u010dn\u00e1 firma nie je o jednotlivcoch, ale o funguj\u00facom t\u00edme - \u0160IOV - \u0161t\u00e1tny in\u0161tit\u00fat odborn\u00e9ho vzdel\u00e1vania\",\"isPartOf\":{\"@id\":\"https:\\\/\\\/archiv.siov.sk\\\/#website\"},\"primaryImageOfPage\":{\"@id\":\"https:\\\/\\\/archiv.siov.sk\\\/cvicna-firma-nie-je-o-jednotlivcoch-ale-o-fungujucom-time\\\/#primaryimage\"},\"image\":{\"@id\":\"https:\\\/\\\/archiv.siov.sk\\\/cvicna-firma-nie-je-o-jednotlivcoch-ale-o-fungujucom-time\\\/#primaryimage\"},\"thumbnailUrl\":\"https:\\\/\\\/archiv.siov.sk\\\/wp-content\\\/uploads\\\/2023\\\/03\\\/1678638203515-scaled.jpg\",\"datePublished\":\"2023-03-30T12:42:03+00:00\",\"breadcrumb\":{\"@id\":\"https:\\\/\\\/archiv.siov.sk\\\/cvicna-firma-nie-je-o-jednotlivcoch-ale-o-fungujucom-time\\\/#breadcrumb\"},\"inLanguage\":\"en-GB\",\"potentialAction\":[{\"@type\":\"ReadAction\",\"target\":[\"https:\\\/\\\/archiv.siov.sk\\\/cvicna-firma-nie-je-o-jednotlivcoch-ale-o-fungujucom-time\\\/\"]}]},{\"@type\":\"ImageObject\",\"inLanguage\":\"en-GB\",\"@id\":\"https:\\\/\\\/archiv.siov.sk\\\/cvicna-firma-nie-je-o-jednotlivcoch-ale-o-fungujucom-time\\\/#primaryimage\",\"url\":\"https:\\\/\\\/archiv.siov.sk\\\/wp-content\\\/uploads\\\/2023\\\/03\\\/1678638203515-scaled.jpg\",\"contentUrl\":\"https:\\\/\\\/archiv.siov.sk\\\/wp-content\\\/uploads\\\/2023\\\/03\\\/1678638203515-scaled.jpg\",\"width\":2560,\"height\":1307},{\"@type\":\"BreadcrumbList\",\"@id\":\"https:\\\/\\\/archiv.siov.sk\\\/cvicna-firma-nie-je-o-jednotlivcoch-ale-o-fungujucom-time\\\/#breadcrumb\",\"itemListElement\":[{\"@type\":\"ListItem\",\"position\":1,\"name\":\"Home\",\"item\":\"https:\\\/\\\/archiv.siov.sk\\\/\"},{\"@type\":\"ListItem\",\"position\":2,\"name\":\"Cvi\u010dn\u00e1 firma nie je o jednotlivcoch, ale o funguj\u00facom t\u00edme\"}]},{\"@type\":\"WebSite\",\"@id\":\"https:\\\/\\\/archiv.siov.sk\\\/#website\",\"url\":\"https:\\\/\\\/archiv.siov.sk\\\/\",\"name\":\"\u0160IOV - \u0161t\u00e1tny in\u0161tit\u00fat odborn\u00e9ho vzdel\u00e1vania\",\"description\":\"\",\"publisher\":{\"@id\":\"https:\\\/\\\/archiv.siov.sk\\\/#organization\"},\"potentialAction\":[{\"@type\":\"SearchAction\",\"target\":{\"@type\":\"EntryPoint\",\"urlTemplate\":\"https:\\\/\\\/archiv.siov.sk\\\/?s={search_term_string}\"},\"query-input\":{\"@type\":\"PropertyValueSpecification\",\"valueRequired\":true,\"valueName\":\"search_term_string\"}}],\"inLanguage\":\"en-GB\"},{\"@type\":\"Organization\",\"@id\":\"https:\\\/\\\/archiv.siov.sk\\\/#organization\",\"name\":\"\u0160IOV - \u0161t\u00e1tny in\u0161tit\u00fat odborn\u00e9ho vzdel\u00e1vania\",\"url\":\"https:\\\/\\\/archiv.siov.sk\\\/\",\"logo\":{\"@type\":\"ImageObject\",\"inLanguage\":\"en-GB\",\"@id\":\"https:\\\/\\\/archiv.siov.sk\\\/#\\\/schema\\\/logo\\\/image\\\/\",\"url\":\"https:\\\/\\\/archiv.siov.sk\\\/wp-content\\\/uploads\\\/2024\\\/02\\\/logo-SIOV.png\",\"contentUrl\":\"https:\\\/\\\/archiv.siov.sk\\\/wp-content\\\/uploads\\\/2024\\\/02\\\/logo-SIOV.png\",\"width\":431,\"height\":143,\"caption\":\"\u0160IOV - \u0161t\u00e1tny in\u0161tit\u00fat odborn\u00e9ho vzdel\u00e1vania\"},\"image\":{\"@id\":\"https:\\\/\\\/archiv.siov.sk\\\/#\\\/schema\\\/logo\\\/image\\\/\"},\"sameAs\":[\"https:\\\/\\\/www.facebook.com\\\/Statnyinstitutodbornehovzdelavania\"]},{\"@type\":\"Person\",\"@id\":\"https:\\\/\\\/archiv.siov.sk\\\/#\\\/schema\\\/person\\\/e42d633fbd958c6a726e8834d8965e6c\",\"name\":\"Katar\u00edna Kov\u00e1\u010dov\u00e1\",\"url\":\"https:\\\/\\\/archiv.siov.sk\\\/en\\\/author\\\/katkakovacova\\\/\"}]}<\/script>\n<!-- \/ Yoast SEO plugin. -->","yoast_head_json":{"title":"Cvi\u010dn\u00e1 firma nie je o jednotlivcoch, ale o funguj\u00facom t\u00edme - \u0160IOV - \u0161t\u00e1tny in\u0161tit\u00fat odborn\u00e9ho vzdel\u00e1vania","robots":{"index":"index","follow":"follow","max-snippet":"max-snippet:-1","max-image-preview":"max-image-preview:large","max-video-preview":"max-video-preview:-1"},"canonical":"https:\/\/archiv.siov.sk\/en\/cvicna-firma-nie-je-o-jednotlivcoch-ale-o-fungujucom-time\/","og_locale":"en_GB","og_type":"article","og_title":"Cvi\u010dn\u00e1 firma nie je o jednotlivcoch, ale o funguj\u00facom t\u00edme - \u0160IOV - \u0161t\u00e1tny in\u0161tit\u00fat odborn\u00e9ho vzdel\u00e1vania","og_description":"Jednozna\u010dne sa na tom zhoduj\u00fa \u017eiaci cvi\u010dnej firmy FillEco zo Strednej odbornej \u0161koly podnikania na Stre\u010dnianskej ulici v&nbsp;Bratislave, ktor\u00ed na z\u00e1klade zozbieran\u00fdch ocenen\u00ed zjavne&nbsp; funguj\u00facim t\u00edmom s\u00fa. Okrem kolekt\u00edvu je pod\u013ea nich z\u00e1kladom \u00faspe\u0161nej \u017eiackej firmy hlavne origin\u00e1lny, premyslen\u00fd predmet podnikania, chu\u0165, motiv\u00e1cia a&nbsp;\u010das. Na cvi\u010dnej firme oce\u0148uj\u00fa najm\u00e4 sk\u00fasenosti a&nbsp;mimoriadne si pochva\u013euj\u00fa aj spolupr\u00e1cu [&hellip;]","og_url":"https:\/\/archiv.siov.sk\/en\/cvicna-firma-nie-je-o-jednotlivcoch-ale-o-fungujucom-time\/","og_site_name":"\u0160IOV - \u0161t\u00e1tny in\u0161tit\u00fat odborn\u00e9ho vzdel\u00e1vania","article_publisher":"https:\/\/www.facebook.com\/Statnyinstitutodbornehovzdelavania","article_published_time":"2023-03-30T12:42:03+00:00","og_image":[{"width":2560,"height":1307,"url":"https:\/\/archiv.siov.sk\/wp-content\/uploads\/2023\/03\/1678638203515-scaled.jpg","type":"image\/jpeg"}],"author":"Katar\u00edna Kov\u00e1\u010dov\u00e1","twitter_card":"summary_large_image","twitter_misc":{"Written by":"Katar\u00edna Kov\u00e1\u010dov\u00e1","Estimated reading time":"6 minutes"},"schema":{"@context":"https:\/\/schema.org","@graph":[{"@type":"Article","@id":"https:\/\/archiv.siov.sk\/cvicna-firma-nie-je-o-jednotlivcoch-ale-o-fungujucom-time\/#article","isPartOf":{"@id":"https:\/\/archiv.siov.sk\/cvicna-firma-nie-je-o-jednotlivcoch-ale-o-fungujucom-time\/"},"author":{"name":"Katar\u00edna Kov\u00e1\u010dov\u00e1","@id":"https:\/\/archiv.siov.sk\/#\/schema\/person\/e42d633fbd958c6a726e8834d8965e6c"},"headline":"Cvi\u010dn\u00e1 firma nie je o jednotlivcoch, ale o funguj\u00facom t\u00edme","datePublished":"2023-03-30T12:42:03+00:00","mainEntityOfPage":{"@id":"https:\/\/archiv.siov.sk\/cvicna-firma-nie-je-o-jednotlivcoch-ale-o-fungujucom-time\/"},"wordCount":1404,"publisher":{"@id":"https:\/\/archiv.siov.sk\/#organization"},"image":{"@id":"https:\/\/archiv.siov.sk\/cvicna-firma-nie-je-o-jednotlivcoch-ale-o-fungujucom-time\/#primaryimage"},"thumbnailUrl":"https:\/\/archiv.siov.sk\/wp-content\/uploads\/2023\/03\/1678638203515-scaled.jpg","articleSection":["Aktuality"],"inLanguage":"en-GB"},{"@type":"WebPage","@id":"https:\/\/archiv.siov.sk\/cvicna-firma-nie-je-o-jednotlivcoch-ale-o-fungujucom-time\/","url":"https:\/\/archiv.siov.sk\/cvicna-firma-nie-je-o-jednotlivcoch-ale-o-fungujucom-time\/","name":"Cvi\u010dn\u00e1 firma nie je o jednotlivcoch, ale o funguj\u00facom t\u00edme - \u0160IOV - \u0161t\u00e1tny in\u0161tit\u00fat odborn\u00e9ho vzdel\u00e1vania","isPartOf":{"@id":"https:\/\/archiv.siov.sk\/#website"},"primaryImageOfPage":{"@id":"https:\/\/archiv.siov.sk\/cvicna-firma-nie-je-o-jednotlivcoch-ale-o-fungujucom-time\/#primaryimage"},"image":{"@id":"https:\/\/archiv.siov.sk\/cvicna-firma-nie-je-o-jednotlivcoch-ale-o-fungujucom-time\/#primaryimage"},"thumbnailUrl":"https:\/\/archiv.siov.sk\/wp-content\/uploads\/2023\/03\/1678638203515-scaled.jpg","datePublished":"2023-03-30T12:42:03+00:00","breadcrumb":{"@id":"https:\/\/archiv.siov.sk\/cvicna-firma-nie-je-o-jednotlivcoch-ale-o-fungujucom-time\/#breadcrumb"},"inLanguage":"en-GB","potentialAction":[{"@type":"ReadAction","target":["https:\/\/archiv.siov.sk\/cvicna-firma-nie-je-o-jednotlivcoch-ale-o-fungujucom-time\/"]}]},{"@type":"ImageObject","inLanguage":"en-GB","@id":"https:\/\/archiv.siov.sk\/cvicna-firma-nie-je-o-jednotlivcoch-ale-o-fungujucom-time\/#primaryimage","url":"https:\/\/archiv.siov.sk\/wp-content\/uploads\/2023\/03\/1678638203515-scaled.jpg","contentUrl":"https:\/\/archiv.siov.sk\/wp-content\/uploads\/2023\/03\/1678638203515-scaled.jpg","width":2560,"height":1307},{"@type":"BreadcrumbList","@id":"https:\/\/archiv.siov.sk\/cvicna-firma-nie-je-o-jednotlivcoch-ale-o-fungujucom-time\/#breadcrumb","itemListElement":[{"@type":"ListItem","position":1,"name":"Home","item":"https:\/\/archiv.siov.sk\/"},{"@type":"ListItem","position":2,"name":"Cvi\u010dn\u00e1 firma nie je o jednotlivcoch, ale o funguj\u00facom t\u00edme"}]},{"@type":"WebSite","@id":"https:\/\/archiv.siov.sk\/#website","url":"https:\/\/archiv.siov.sk\/","name":"\u0160IOV - \u0161t\u00e1tny in\u0161tit\u00fat odborn\u00e9ho vzdel\u00e1vania","description":"","publisher":{"@id":"https:\/\/archiv.siov.sk\/#organization"},"potentialAction":[{"@type":"SearchAction","target":{"@type":"EntryPoint","urlTemplate":"https:\/\/archiv.siov.sk\/?s={search_term_string}"},"query-input":{"@type":"PropertyValueSpecification","valueRequired":true,"valueName":"search_term_string"}}],"inLanguage":"en-GB"},{"@type":"Organization","@id":"https:\/\/archiv.siov.sk\/#organization","name":"\u0160IOV - \u0161t\u00e1tny in\u0161tit\u00fat odborn\u00e9ho vzdel\u00e1vania","url":"https:\/\/archiv.siov.sk\/","logo":{"@type":"ImageObject","inLanguage":"en-GB","@id":"https:\/\/archiv.siov.sk\/#\/schema\/logo\/image\/","url":"https:\/\/archiv.siov.sk\/wp-content\/uploads\/2024\/02\/logo-SIOV.png","contentUrl":"https:\/\/archiv.siov.sk\/wp-content\/uploads\/2024\/02\/logo-SIOV.png","width":431,"height":143,"caption":"\u0160IOV - \u0161t\u00e1tny in\u0161tit\u00fat odborn\u00e9ho vzdel\u00e1vania"},"image":{"@id":"https:\/\/archiv.siov.sk\/#\/schema\/logo\/image\/"},"sameAs":["https:\/\/www.facebook.com\/Statnyinstitutodbornehovzdelavania"]},{"@type":"Person","@id":"https:\/\/archiv.siov.sk\/#\/schema\/person\/e42d633fbd958c6a726e8834d8965e6c","name":"Katar\u00edna Kov\u00e1\u010dov\u00e1","url":"https:\/\/archiv.siov.sk\/en\/author\/katkakovacova\/"}]}},"_links":{"self":[{"href":"https:\/\/archiv.siov.sk\/en\/wp-json\/wp\/v2\/posts\/13671","targetHints":{"allow":["GET"]}}],"collection":[{"href":"https:\/\/archiv.siov.sk\/en\/wp-json\/wp\/v2\/posts"}],"about":[{"href":"https:\/\/archiv.siov.sk\/en\/wp-json\/wp\/v2\/types\/post"}],"author":[{"embeddable":true,"href":"https:\/\/archiv.siov.sk\/en\/wp-json\/wp\/v2\/users\/6"}],"replies":[{"embeddable":true,"href":"https:\/\/archiv.siov.sk\/en\/wp-json\/wp\/v2\/comments?post=13671"}],"version-history":[{"count":2,"href":"https:\/\/archiv.siov.sk\/en\/wp-json\/wp\/v2\/posts\/13671\/revisions"}],"predecessor-version":[{"id":13676,"href":"https:\/\/archiv.siov.sk\/en\/wp-json\/wp\/v2\/posts\/13671\/revisions\/13676"}],"wp:featuredmedia":[{"embeddable":true,"href":"https:\/\/archiv.siov.sk\/en\/wp-json\/wp\/v2\/media\/13673"}],"wp:attachment":[{"href":"https:\/\/archiv.siov.sk\/en\/wp-json\/wp\/v2\/media?parent=13671"}],"wp:term":[{"taxonomy":"category","embeddable":true,"href":"https:\/\/archiv.siov.sk\/en\/wp-json\/wp\/v2\/categories?post=13671"},{"taxonomy":"post_tag","embeddable":true,"href":"https:\/\/archiv.siov.sk\/en\/wp-json\/wp\/v2\/tags?post=13671"}],"curies":[{"name":"wp","href":"https:\/\/api.w.org\/{rel}","templated":true}]}}