{"id":13642,"date":"2023-03-27T09:57:28","date_gmt":"2023-03-27T07:57:28","guid":{"rendered":"https:\/\/archiv.siov.sk\/?p=13642"},"modified":"2023-03-27T09:57:28","modified_gmt":"2023-03-27T07:57:28","slug":"absolutnym-vitazom-medzinarodneho-veltrhu-cvicnych-firiem-praha-2023-je-opat-slovenska-firma","status":"publish","type":"post","link":"https:\/\/archiv.siov.sk\/en\/absolutnym-vitazom-medzinarodneho-veltrhu-cvicnych-firiem-praha-2023-je-opat-slovenska-firma\/","title":{"rendered":"Absol\u00fatnym v\u00ed\u0165azom Medzin\u00e1rodn\u00e9ho ve\u013etrhu cvi\u010dn\u00fdch firiem Praha 2023 je op\u00e4\u0165 slovensk\u00e1 firma"},"content":{"rendered":"<p style=\"text-align: justify;\">Cvi\u010dn\u00e1 firma Antr\u00e9 pripravila 22.-23. marca v aplik\u00e1cii Gather Town v porad\u00ed&nbsp; 28. Medzin\u00e1rodn\u00fd ve\u013etrh \u201efikt\u00edvnych\u201c firiem Praha, ktor\u00e9ho t\u00e9mou bola voda: \u201eH2O \u2013 bez vody to nejde\u201c.<\/p>\n<p style=\"text-align: justify;\">Medzin\u00e1rodn\u00fd ve\u013etrh cvi\u010dn\u00fdch firiem podporuje podnikate\u013esk\u00fa kreativitu a&nbsp;rozvoj schopnosti \u017eiakov, aby sa v&nbsp;bud\u00facnosti mohli sta\u0165 \u00faspe\u0161n\u00fdmi podnikate\u013emi ale aj zamestnancami. Ve\u013etrh pripravili \u017eiaci \u0161tvrt\u00e9ho ro\u010dn\u00edka pra\u017eskej Obchodnej akad\u00e9mie Heroldovy sady.<\/p>\n<p style=\"text-align: justify;\">Pra\u017esk\u00fd ve\u013etrh sa u\u017e druh\u00fd raz realizoval prostredn\u00edctvom aplik\u00e1cie Gather Town. &nbsp;Ve\u013etr\u017en\u00e9 dni, kde sa v\u0161etci pohybovali prostredn\u00edctvom Avatarov, spestril zauj\u00edmav\u00fd program. Na ve\u013etrhu sa z\u00fa\u010dastnilo p\u00e4\u0165desiattri cvi\u010dn\u00fdch firiem, z&nbsp;toho p\u00e4\u0165 zo Slovenska, \u0161es\u0165 z&nbsp;Talianska, dve z&nbsp;Belgicka, \u0161tyri z&nbsp;Bulharska, jedna z&nbsp;Rak\u00faska, tri z&nbsp;Rumunska, jedna z&nbsp;Luxemburgu a&nbsp;jedna z&nbsp;Franc\u00fazska.<\/p>\n<p style=\"text-align: justify;\">S\u00fa\u0165a\u017eili v&nbsp;kateg\u00f3ri\u00e1ch najlep\u0161ia Prezent\u00e1cia, najlep\u0161\u00ed Reklamn\u00fd spot, najlep\u0161\u00ed Katal\u00f3g, najlep\u0161\u00ed Let\u00e1k ve\u013etrhu &nbsp;a&nbsp;90 sek\u00fand vo v\u00fd\u0165ahu. Po zapojen\u00ed do v\u0161etk\u00fdch s\u00fa\u0165a\u017e\u00ed mohla cvi\u010dn\u00e1 firma vyhra\u0165 titul \u201enajlep\u0161ia firma ve\u013etrhu\u201c. Garantom a&nbsp;usporiadate\u013eom s\u00fa\u0165a\u017ee 90\u00b4vo v\u00fd\u0165ahu, ktorej cie\u013eom je v&nbsp;priebehu tohto \u010dasu \u010do najorigin\u00e1lnej\u0161ie predstavi\u0165 svoju firmu n\u00e1hodn\u00e9mu nezn\u00e1memu, bol &nbsp;CEFIF. Porotcami s\u00fa\u0165a\u017ee&nbsp; 90\u00b4vo v\u00fd\u0165ahu boli aj porotkyne zo SCCF a&nbsp;z PEN Worldvide. Garantom a&nbsp;organiz\u00e1torom s\u00fa\u0165a\u017ee najlep\u0161\u00ed let\u00e1k ve\u013etrhu bola Metropolitn\u00ed univerzita Praha. Aj v&nbsp;tejto s\u00fa\u0165a\u017ei boli v&nbsp;porote SCCF aj PEN Worldvide.<\/p>\n<p style=\"text-align: justify;\">Slovensk\u00e9 firmy boli na Medzin\u00e1rodnom ve\u013etrhu cvi\u010dn\u00fdch firiem Praha 2023 op\u00e4\u0165 ve\u013emi \u00faspe\u0161n\u00e9 a&nbsp;to hne\u010f v&nbsp;nieko\u013ek\u00fdch zo spom\u00ednan\u00fdch s\u00fa\u0165a\u017e\u00ed: &nbsp;Cvi\u010dn\u00e1 firma Comfur n\u00e1bytok z OA Ro\u017e\u0148ava sa stala absol\u00fatnym v\u00ed\u0165azom 28. MVFF Praha &nbsp;a&nbsp;okrem toho z\u00edskala prv\u00e9 miesto v kateg\u00f3rii najlep\u0161\u00ed Katal\u00f3g, tretie miesto v kateg\u00f3ri\u00e1ch najlep\u0161ia Prezent\u00e1cia, najlep\u0161\u00ed Reklamn\u00fd spot a 90 sek\u00fand vo v\u00fd\u0165ahu.<\/p>\n<p>Cvi\u010dn\u00e1 firma U Vaj\u00ed\u010dka z&nbsp;Obchodnej akad\u00e9mie v Nitre z\u00edskala druh\u00e9 miesto v kateg\u00f3ri\u00e1ch najlep\u0161\u00ed Katal\u00f3g a tie\u017e najlep\u0161\u00ed Let\u00e1k Ve\u013etrhu.<\/p>\n<p>Cvi\u010dn\u00e1 firma JUMBO z&nbsp;Obchodnej akad\u00e9mie Nev\u00e4dzova v&nbsp;Bratislave z\u00edskala op\u00e4\u0165 kr\u00e1sne&nbsp; prv\u00e9 miesto v kateg\u00f3rii najlep\u0161\u00ed Reklamn\u00fd spot.<\/p>\n<p>Cvi\u010dn\u00e1 firma V\u010delia farma Slnovrat z&nbsp;Obchodnej akad\u00e9mie Ro\u017e\u0148ava z\u00edskala prv\u00e9 miesto v kateg\u00f3rii najlep\u0161ia Prezent\u00e1cia a tretie miesto v kateg\u00f3rii najlep\u0161\u00ed Let\u00e1k ve\u013etrhu.<\/p>\n<p style=\"text-align: justify;\">Na z\u00e1ver ve\u013etrhu Metropolitn\u00e1 univerzita Praha vyhodnotila anketu, v&nbsp;ktorej \u017eiaci slovensk\u00fdch a&nbsp;\u010desk\u00fdch cvi\u010dn\u00fdch firiem nap\u00edsali pr\u00edbeh, pre\u010do by sa pr\u00e1ve ich u\u010dite\u013e mal sta\u0165 najlep\u0161\u00edm&nbsp; u\u010dite\u013eom cvi\u010dnej firmy roka 2022. Anketu &nbsp;vyhl\u00e1sila v&nbsp;spolupr\u00e1ci s&nbsp;\u010ceskou po\u0161tou v&nbsp;decembri 2021. Tretie miesto v&nbsp;ankete s&nbsp;n\u00e1zvom \u201eNajlep\u0161\u00ed vyu\u010duj\u00faci cvi\u010dnej firmy roku 2022\u201c, z\u00edskala pani u\u010dite\u013eka Martina Puk\u00e1\u010dov\u00e1 z&nbsp;Obchodnej akad\u00e9mie Doln\u00fd Kub\u00edn a&nbsp;prv\u00e9 miesto, teda absol\u00fatnym v\u00ed\u0165azom ankety je pani u\u010dite\u013eka Martina Sirn\u00edkov\u00e1 z&nbsp;Obchodnej akad\u00e9mie Vranov nad Top\u013eou.<\/p>\n<p style=\"text-align: justify;\">Ka\u017edoro\u010dne je pra\u017esk\u00fd ve\u013etrh podporovan\u00fd mestom Praha a&nbsp;z\u00e1\u0161titu nad n\u00edm m\u00e1 Ministerstvo \u0161kolstva, ml\u00e1de\u017ee a&nbsp;telov\u00fdchovy \u010cR. U\u017e tradi\u010dn\u00fdm partnerom ve\u013etrhu bola Metropolitn\u00e1 univerzita Praha, Centrum fikt\u00edvnych firiem (CEFIF) z&nbsp;N\u00e1rodn\u00e9ho pedagogick\u00e9ho in\u0161tit\u00fatu \u010cR, PEN Worldvide, svetov\u00e9 zdru\u017eenie cvi\u010dn\u00fdch firiem ako aj Slovensk\u00e9 centrum cvi\u010dn\u00fdch firiem (SCCF), odbor \u0160t\u00e1tneho in\u0161tit\u00fatu odborn\u00e9ho vzdel\u00e1vania a&nbsp;\u010fal\u0161ie re\u00e1lne firmy.<\/p>\n<p>&nbsp;<\/p>\n<p>V\u0161etk\u00fdm ocenen\u00fdm srde\u010dne gratulujeme.<\/p>\n<p>V\u0161etko o&nbsp;ve\u013etrhu n\u00e1jdete na <a href=\"https:\/\/antreprague.cz\/\">https:\/\/antreprague.cz\/<\/a>; https:\/\/www.mubanka.cz.<\/p>","protected":false},"excerpt":{"rendered":"<p>Cvi\u010dn\u00e1 firma Antr\u00e9 pripravila 22.-23. marca v aplik\u00e1cii Gather Town v porad\u00ed&nbsp; 28. Medzin\u00e1rodn\u00fd ve\u013etrh \u201efikt\u00edvnych\u201c firiem Praha, ktor\u00e9ho t\u00e9mou bola voda: \u201eH2O \u2013 bez vody to nejde\u201c. Medzin\u00e1rodn\u00fd ve\u013etrh cvi\u010dn\u00fdch firiem podporuje podnikate\u013esk\u00fa kreativitu a&nbsp;rozvoj schopnosti \u017eiakov, aby sa v&nbsp;bud\u00facnosti mohli sta\u0165 \u00faspe\u0161n\u00fdmi podnikate\u013emi ale aj zamestnancami. Ve\u013etrh pripravili \u017eiaci \u0161tvrt\u00e9ho ro\u010dn\u00edka pra\u017eskej Obchodnej [&hellip;]<\/p>\n","protected":false},"author":6,"featured_media":3894,"comment_status":"closed","ping_status":"closed","sticky":false,"template":"","format":"standard","meta":{"site-sidebar-layout":"default","site-content-layout":"default","ast-site-content-layout":"default","site-content-style":"default","site-sidebar-style":"default","ast-global-header-display":"","ast-banner-title-visibility":"","ast-main-header-display":"","ast-hfb-above-header-display":"","ast-hfb-below-header-display":"","ast-hfb-mobile-header-display":"","site-post-title":"","ast-breadcrumbs-content":"","ast-featured-img":"","footer-sml-layout":"","ast-disable-related-posts":"","theme-transparent-header-meta":"default","adv-header-id-meta":"","stick-header-meta":"","header-above-stick-meta":"","header-main-stick-meta":"","header-below-stick-meta":"","astra-migrate-meta-layouts":"default","ast-page-background-enabled":"default","ast-page-background-meta":{"desktop":{"background-color":"var(--ast-global-color-4)","background-image":"","background-repeat":"repeat","background-position":"center center","background-size":"auto","background-attachment":"scroll","background-type":"","background-media":"","overlay-type":"","overlay-color":"","overlay-opacity":"","overlay-gradient":""},"tablet":{"background-color":"","background-image":"","background-repeat":"repeat","background-position":"center center","background-size":"auto","background-attachment":"scroll","background-type":"","background-media":"","overlay-type":"","overlay-color":"","overlay-opacity":"","overlay-gradient":""},"mobile":{"background-color":"","background-image":"","background-repeat":"repeat","background-position":"center center","background-size":"auto","background-attachment":"scroll","background-type":"","background-media":"","overlay-type":"","overlay-color":"","overlay-opacity":"","overlay-gradient":""}},"ast-content-background-meta":{"desktop":{"background-color":"var(--ast-global-color-5)","background-image":"","background-repeat":"repeat","background-position":"center center","background-size":"auto","background-attachment":"scroll","background-type":"","background-media":"","overlay-type":"","overlay-color":"","overlay-opacity":"","overlay-gradient":""},"tablet":{"background-color":"var(--ast-global-color-5)","background-image":"","background-repeat":"repeat","background-position":"center center","background-size":"auto","background-attachment":"scroll","background-type":"","background-media":"","overlay-type":"","overlay-color":"","overlay-opacity":"","overlay-gradient":""},"mobile":{"background-color":"var(--ast-global-color-5)","background-image":"","background-repeat":"repeat","background-position":"center center","background-size":"auto","background-attachment":"scroll","background-type":"","background-media":"","overlay-type":"","overlay-color":"","overlay-opacity":"","overlay-gradient":""}},"footnotes":""},"categories":[1],"tags":[],"class_list":["post-13642","post","type-post","status-publish","format-standard","has-post-thumbnail","hentry","category-aktuality"],"yoast_head":"<!-- This site is optimized with the Yoast SEO plugin v27.5 - https:\/\/yoast.com\/product\/yoast-seo-wordpress\/ -->\n<title>Absol\u00fatnym v\u00ed\u0165azom Medzin\u00e1rodn\u00e9ho ve\u013etrhu cvi\u010dn\u00fdch firiem Praha 2023 je op\u00e4\u0165 slovensk\u00e1 firma - \u0160IOV - \u0161t\u00e1tny in\u0161tit\u00fat odborn\u00e9ho vzdel\u00e1vania<\/title>\n<meta name=\"robots\" content=\"index, follow, max-snippet:-1, max-image-preview:large, max-video-preview:-1\" \/>\n<link rel=\"canonical\" href=\"https:\/\/archiv.siov.sk\/en\/absolutnym-vitazom-medzinarodneho-veltrhu-cvicnych-firiem-praha-2023-je-opat-slovenska-firma\/\" \/>\n<meta property=\"og:locale\" content=\"en_GB\" \/>\n<meta property=\"og:type\" content=\"article\" \/>\n<meta property=\"og:title\" content=\"Absol\u00fatnym v\u00ed\u0165azom Medzin\u00e1rodn\u00e9ho ve\u013etrhu cvi\u010dn\u00fdch firiem Praha 2023 je op\u00e4\u0165 slovensk\u00e1 firma - \u0160IOV - \u0161t\u00e1tny in\u0161tit\u00fat odborn\u00e9ho vzdel\u00e1vania\" \/>\n<meta property=\"og:description\" content=\"Cvi\u010dn\u00e1 firma Antr\u00e9 pripravila 22.-23. marca v aplik\u00e1cii Gather Town v porad\u00ed&nbsp; 28. Medzin\u00e1rodn\u00fd ve\u013etrh \u201efikt\u00edvnych\u201c firiem Praha, ktor\u00e9ho t\u00e9mou bola voda: \u201eH2O \u2013 bez vody to nejde\u201c. Medzin\u00e1rodn\u00fd ve\u013etrh cvi\u010dn\u00fdch firiem podporuje podnikate\u013esk\u00fa kreativitu a&nbsp;rozvoj schopnosti \u017eiakov, aby sa v&nbsp;bud\u00facnosti mohli sta\u0165 \u00faspe\u0161n\u00fdmi podnikate\u013emi ale aj zamestnancami. Ve\u013etrh pripravili \u017eiaci \u0161tvrt\u00e9ho ro\u010dn\u00edka pra\u017eskej Obchodnej [&hellip;]\" \/>\n<meta property=\"og:url\" content=\"https:\/\/archiv.siov.sk\/en\/absolutnym-vitazom-medzinarodneho-veltrhu-cvicnych-firiem-praha-2023-je-opat-slovenska-firma\/\" \/>\n<meta property=\"og:site_name\" content=\"\u0160IOV - \u0161t\u00e1tny in\u0161tit\u00fat odborn\u00e9ho vzdel\u00e1vania\" \/>\n<meta property=\"article:publisher\" content=\"https:\/\/www.facebook.com\/Statnyinstitutodbornehovzdelavania\" \/>\n<meta property=\"article:published_time\" content=\"2023-03-27T07:57:28+00:00\" \/>\n<meta property=\"og:image\" content=\"https:\/\/archiv.siov.sk\/wp-content\/uploads\/2019\/06\/top_news.jpg\" \/>\n\t<meta property=\"og:image:width\" content=\"1100\" \/>\n\t<meta property=\"og:image:height\" content=\"445\" \/>\n\t<meta property=\"og:image:type\" content=\"image\/jpeg\" \/>\n<meta name=\"author\" content=\"Katar\u00edna Kov\u00e1\u010dov\u00e1\" \/>\n<meta name=\"twitter:card\" content=\"summary_large_image\" \/>\n<meta name=\"twitter:label1\" content=\"Written by\" \/>\n\t<meta name=\"twitter:data1\" content=\"Katar\u00edna Kov\u00e1\u010dov\u00e1\" \/>\n\t<meta name=\"twitter:label2\" content=\"Estimated reading time\" \/>\n\t<meta name=\"twitter:data2\" content=\"3 minutes\" \/>\n<script type=\"application\/ld+json\" class=\"yoast-schema-graph\">{\"@context\":\"https:\\\/\\\/schema.org\",\"@graph\":[{\"@type\":\"Article\",\"@id\":\"https:\\\/\\\/archiv.siov.sk\\\/absolutnym-vitazom-medzinarodneho-veltrhu-cvicnych-firiem-praha-2023-je-opat-slovenska-firma\\\/#article\",\"isPartOf\":{\"@id\":\"https:\\\/\\\/archiv.siov.sk\\\/absolutnym-vitazom-medzinarodneho-veltrhu-cvicnych-firiem-praha-2023-je-opat-slovenska-firma\\\/\"},\"author\":{\"name\":\"Katar\u00edna Kov\u00e1\u010dov\u00e1\",\"@id\":\"https:\\\/\\\/archiv.siov.sk\\\/#\\\/schema\\\/person\\\/e42d633fbd958c6a726e8834d8965e6c\"},\"headline\":\"Absol\u00fatnym v\u00ed\u0165azom Medzin\u00e1rodn\u00e9ho ve\u013etrhu cvi\u010dn\u00fdch firiem Praha 2023 je op\u00e4\u0165 slovensk\u00e1 firma\",\"datePublished\":\"2023-03-27T07:57:28+00:00\",\"mainEntityOfPage\":{\"@id\":\"https:\\\/\\\/archiv.siov.sk\\\/absolutnym-vitazom-medzinarodneho-veltrhu-cvicnych-firiem-praha-2023-je-opat-slovenska-firma\\\/\"},\"wordCount\":742,\"publisher\":{\"@id\":\"https:\\\/\\\/archiv.siov.sk\\\/#organization\"},\"image\":{\"@id\":\"https:\\\/\\\/archiv.siov.sk\\\/absolutnym-vitazom-medzinarodneho-veltrhu-cvicnych-firiem-praha-2023-je-opat-slovenska-firma\\\/#primaryimage\"},\"thumbnailUrl\":\"https:\\\/\\\/archiv.siov.sk\\\/wp-content\\\/uploads\\\/2019\\\/06\\\/top_news.jpg\",\"articleSection\":[\"Aktuality\"],\"inLanguage\":\"en-GB\"},{\"@type\":\"WebPage\",\"@id\":\"https:\\\/\\\/archiv.siov.sk\\\/absolutnym-vitazom-medzinarodneho-veltrhu-cvicnych-firiem-praha-2023-je-opat-slovenska-firma\\\/\",\"url\":\"https:\\\/\\\/archiv.siov.sk\\\/absolutnym-vitazom-medzinarodneho-veltrhu-cvicnych-firiem-praha-2023-je-opat-slovenska-firma\\\/\",\"name\":\"Absol\u00fatnym v\u00ed\u0165azom Medzin\u00e1rodn\u00e9ho ve\u013etrhu cvi\u010dn\u00fdch firiem Praha 2023 je op\u00e4\u0165 slovensk\u00e1 firma - \u0160IOV - \u0161t\u00e1tny in\u0161tit\u00fat odborn\u00e9ho vzdel\u00e1vania\",\"isPartOf\":{\"@id\":\"https:\\\/\\\/archiv.siov.sk\\\/#website\"},\"primaryImageOfPage\":{\"@id\":\"https:\\\/\\\/archiv.siov.sk\\\/absolutnym-vitazom-medzinarodneho-veltrhu-cvicnych-firiem-praha-2023-je-opat-slovenska-firma\\\/#primaryimage\"},\"image\":{\"@id\":\"https:\\\/\\\/archiv.siov.sk\\\/absolutnym-vitazom-medzinarodneho-veltrhu-cvicnych-firiem-praha-2023-je-opat-slovenska-firma\\\/#primaryimage\"},\"thumbnailUrl\":\"https:\\\/\\\/archiv.siov.sk\\\/wp-content\\\/uploads\\\/2019\\\/06\\\/top_news.jpg\",\"datePublished\":\"2023-03-27T07:57:28+00:00\",\"breadcrumb\":{\"@id\":\"https:\\\/\\\/archiv.siov.sk\\\/absolutnym-vitazom-medzinarodneho-veltrhu-cvicnych-firiem-praha-2023-je-opat-slovenska-firma\\\/#breadcrumb\"},\"inLanguage\":\"en-GB\",\"potentialAction\":[{\"@type\":\"ReadAction\",\"target\":[\"https:\\\/\\\/archiv.siov.sk\\\/absolutnym-vitazom-medzinarodneho-veltrhu-cvicnych-firiem-praha-2023-je-opat-slovenska-firma\\\/\"]}]},{\"@type\":\"ImageObject\",\"inLanguage\":\"en-GB\",\"@id\":\"https:\\\/\\\/archiv.siov.sk\\\/absolutnym-vitazom-medzinarodneho-veltrhu-cvicnych-firiem-praha-2023-je-opat-slovenska-firma\\\/#primaryimage\",\"url\":\"https:\\\/\\\/archiv.siov.sk\\\/wp-content\\\/uploads\\\/2019\\\/06\\\/top_news.jpg\",\"contentUrl\":\"https:\\\/\\\/archiv.siov.sk\\\/wp-content\\\/uploads\\\/2019\\\/06\\\/top_news.jpg\",\"width\":1100,\"height\":445},{\"@type\":\"BreadcrumbList\",\"@id\":\"https:\\\/\\\/archiv.siov.sk\\\/absolutnym-vitazom-medzinarodneho-veltrhu-cvicnych-firiem-praha-2023-je-opat-slovenska-firma\\\/#breadcrumb\",\"itemListElement\":[{\"@type\":\"ListItem\",\"position\":1,\"name\":\"Home\",\"item\":\"https:\\\/\\\/archiv.siov.sk\\\/\"},{\"@type\":\"ListItem\",\"position\":2,\"name\":\"Absol\u00fatnym v\u00ed\u0165azom Medzin\u00e1rodn\u00e9ho ve\u013etrhu cvi\u010dn\u00fdch firiem Praha 2023 je op\u00e4\u0165 slovensk\u00e1 firma\"}]},{\"@type\":\"WebSite\",\"@id\":\"https:\\\/\\\/archiv.siov.sk\\\/#website\",\"url\":\"https:\\\/\\\/archiv.siov.sk\\\/\",\"name\":\"\u0160IOV - \u0161t\u00e1tny in\u0161tit\u00fat odborn\u00e9ho vzdel\u00e1vania\",\"description\":\"\",\"publisher\":{\"@id\":\"https:\\\/\\\/archiv.siov.sk\\\/#organization\"},\"potentialAction\":[{\"@type\":\"SearchAction\",\"target\":{\"@type\":\"EntryPoint\",\"urlTemplate\":\"https:\\\/\\\/archiv.siov.sk\\\/?s={search_term_string}\"},\"query-input\":{\"@type\":\"PropertyValueSpecification\",\"valueRequired\":true,\"valueName\":\"search_term_string\"}}],\"inLanguage\":\"en-GB\"},{\"@type\":\"Organization\",\"@id\":\"https:\\\/\\\/archiv.siov.sk\\\/#organization\",\"name\":\"\u0160IOV - \u0161t\u00e1tny in\u0161tit\u00fat odborn\u00e9ho vzdel\u00e1vania\",\"url\":\"https:\\\/\\\/archiv.siov.sk\\\/\",\"logo\":{\"@type\":\"ImageObject\",\"inLanguage\":\"en-GB\",\"@id\":\"https:\\\/\\\/archiv.siov.sk\\\/#\\\/schema\\\/logo\\\/image\\\/\",\"url\":\"https:\\\/\\\/archiv.siov.sk\\\/wp-content\\\/uploads\\\/2024\\\/02\\\/logo-SIOV.png\",\"contentUrl\":\"https:\\\/\\\/archiv.siov.sk\\\/wp-content\\\/uploads\\\/2024\\\/02\\\/logo-SIOV.png\",\"width\":431,\"height\":143,\"caption\":\"\u0160IOV - \u0161t\u00e1tny in\u0161tit\u00fat odborn\u00e9ho vzdel\u00e1vania\"},\"image\":{\"@id\":\"https:\\\/\\\/archiv.siov.sk\\\/#\\\/schema\\\/logo\\\/image\\\/\"},\"sameAs\":[\"https:\\\/\\\/www.facebook.com\\\/Statnyinstitutodbornehovzdelavania\"]},{\"@type\":\"Person\",\"@id\":\"https:\\\/\\\/archiv.siov.sk\\\/#\\\/schema\\\/person\\\/e42d633fbd958c6a726e8834d8965e6c\",\"name\":\"Katar\u00edna Kov\u00e1\u010dov\u00e1\",\"url\":\"https:\\\/\\\/archiv.siov.sk\\\/en\\\/author\\\/katkakovacova\\\/\"}]}<\/script>\n<!-- \/ Yoast SEO plugin. -->","yoast_head_json":{"title":"Absol\u00fatnym v\u00ed\u0165azom Medzin\u00e1rodn\u00e9ho ve\u013etrhu cvi\u010dn\u00fdch firiem Praha 2023 je op\u00e4\u0165 slovensk\u00e1 firma - \u0160IOV - \u0161t\u00e1tny in\u0161tit\u00fat odborn\u00e9ho vzdel\u00e1vania","robots":{"index":"index","follow":"follow","max-snippet":"max-snippet:-1","max-image-preview":"max-image-preview:large","max-video-preview":"max-video-preview:-1"},"canonical":"https:\/\/archiv.siov.sk\/en\/absolutnym-vitazom-medzinarodneho-veltrhu-cvicnych-firiem-praha-2023-je-opat-slovenska-firma\/","og_locale":"en_GB","og_type":"article","og_title":"Absol\u00fatnym v\u00ed\u0165azom Medzin\u00e1rodn\u00e9ho ve\u013etrhu cvi\u010dn\u00fdch firiem Praha 2023 je op\u00e4\u0165 slovensk\u00e1 firma - \u0160IOV - \u0161t\u00e1tny in\u0161tit\u00fat odborn\u00e9ho vzdel\u00e1vania","og_description":"Cvi\u010dn\u00e1 firma Antr\u00e9 pripravila 22.-23. marca v aplik\u00e1cii Gather Town v porad\u00ed&nbsp; 28. Medzin\u00e1rodn\u00fd ve\u013etrh \u201efikt\u00edvnych\u201c firiem Praha, ktor\u00e9ho t\u00e9mou bola voda: \u201eH2O \u2013 bez vody to nejde\u201c. Medzin\u00e1rodn\u00fd ve\u013etrh cvi\u010dn\u00fdch firiem podporuje podnikate\u013esk\u00fa kreativitu a&nbsp;rozvoj schopnosti \u017eiakov, aby sa v&nbsp;bud\u00facnosti mohli sta\u0165 \u00faspe\u0161n\u00fdmi podnikate\u013emi ale aj zamestnancami. Ve\u013etrh pripravili \u017eiaci \u0161tvrt\u00e9ho ro\u010dn\u00edka pra\u017eskej Obchodnej [&hellip;]","og_url":"https:\/\/archiv.siov.sk\/en\/absolutnym-vitazom-medzinarodneho-veltrhu-cvicnych-firiem-praha-2023-je-opat-slovenska-firma\/","og_site_name":"\u0160IOV - \u0161t\u00e1tny in\u0161tit\u00fat odborn\u00e9ho vzdel\u00e1vania","article_publisher":"https:\/\/www.facebook.com\/Statnyinstitutodbornehovzdelavania","article_published_time":"2023-03-27T07:57:28+00:00","og_image":[{"width":1100,"height":445,"url":"https:\/\/archiv.siov.sk\/wp-content\/uploads\/2019\/06\/top_news.jpg","type":"image\/jpeg"}],"author":"Katar\u00edna Kov\u00e1\u010dov\u00e1","twitter_card":"summary_large_image","twitter_misc":{"Written by":"Katar\u00edna Kov\u00e1\u010dov\u00e1","Estimated reading time":"3 minutes"},"schema":{"@context":"https:\/\/schema.org","@graph":[{"@type":"Article","@id":"https:\/\/archiv.siov.sk\/absolutnym-vitazom-medzinarodneho-veltrhu-cvicnych-firiem-praha-2023-je-opat-slovenska-firma\/#article","isPartOf":{"@id":"https:\/\/archiv.siov.sk\/absolutnym-vitazom-medzinarodneho-veltrhu-cvicnych-firiem-praha-2023-je-opat-slovenska-firma\/"},"author":{"name":"Katar\u00edna Kov\u00e1\u010dov\u00e1","@id":"https:\/\/archiv.siov.sk\/#\/schema\/person\/e42d633fbd958c6a726e8834d8965e6c"},"headline":"Absol\u00fatnym v\u00ed\u0165azom Medzin\u00e1rodn\u00e9ho ve\u013etrhu cvi\u010dn\u00fdch firiem Praha 2023 je op\u00e4\u0165 slovensk\u00e1 firma","datePublished":"2023-03-27T07:57:28+00:00","mainEntityOfPage":{"@id":"https:\/\/archiv.siov.sk\/absolutnym-vitazom-medzinarodneho-veltrhu-cvicnych-firiem-praha-2023-je-opat-slovenska-firma\/"},"wordCount":742,"publisher":{"@id":"https:\/\/archiv.siov.sk\/#organization"},"image":{"@id":"https:\/\/archiv.siov.sk\/absolutnym-vitazom-medzinarodneho-veltrhu-cvicnych-firiem-praha-2023-je-opat-slovenska-firma\/#primaryimage"},"thumbnailUrl":"https:\/\/archiv.siov.sk\/wp-content\/uploads\/2019\/06\/top_news.jpg","articleSection":["Aktuality"],"inLanguage":"en-GB"},{"@type":"WebPage","@id":"https:\/\/archiv.siov.sk\/absolutnym-vitazom-medzinarodneho-veltrhu-cvicnych-firiem-praha-2023-je-opat-slovenska-firma\/","url":"https:\/\/archiv.siov.sk\/absolutnym-vitazom-medzinarodneho-veltrhu-cvicnych-firiem-praha-2023-je-opat-slovenska-firma\/","name":"Absol\u00fatnym v\u00ed\u0165azom Medzin\u00e1rodn\u00e9ho ve\u013etrhu cvi\u010dn\u00fdch firiem Praha 2023 je op\u00e4\u0165 slovensk\u00e1 firma - \u0160IOV - \u0161t\u00e1tny in\u0161tit\u00fat odborn\u00e9ho vzdel\u00e1vania","isPartOf":{"@id":"https:\/\/archiv.siov.sk\/#website"},"primaryImageOfPage":{"@id":"https:\/\/archiv.siov.sk\/absolutnym-vitazom-medzinarodneho-veltrhu-cvicnych-firiem-praha-2023-je-opat-slovenska-firma\/#primaryimage"},"image":{"@id":"https:\/\/archiv.siov.sk\/absolutnym-vitazom-medzinarodneho-veltrhu-cvicnych-firiem-praha-2023-je-opat-slovenska-firma\/#primaryimage"},"thumbnailUrl":"https:\/\/archiv.siov.sk\/wp-content\/uploads\/2019\/06\/top_news.jpg","datePublished":"2023-03-27T07:57:28+00:00","breadcrumb":{"@id":"https:\/\/archiv.siov.sk\/absolutnym-vitazom-medzinarodneho-veltrhu-cvicnych-firiem-praha-2023-je-opat-slovenska-firma\/#breadcrumb"},"inLanguage":"en-GB","potentialAction":[{"@type":"ReadAction","target":["https:\/\/archiv.siov.sk\/absolutnym-vitazom-medzinarodneho-veltrhu-cvicnych-firiem-praha-2023-je-opat-slovenska-firma\/"]}]},{"@type":"ImageObject","inLanguage":"en-GB","@id":"https:\/\/archiv.siov.sk\/absolutnym-vitazom-medzinarodneho-veltrhu-cvicnych-firiem-praha-2023-je-opat-slovenska-firma\/#primaryimage","url":"https:\/\/archiv.siov.sk\/wp-content\/uploads\/2019\/06\/top_news.jpg","contentUrl":"https:\/\/archiv.siov.sk\/wp-content\/uploads\/2019\/06\/top_news.jpg","width":1100,"height":445},{"@type":"BreadcrumbList","@id":"https:\/\/archiv.siov.sk\/absolutnym-vitazom-medzinarodneho-veltrhu-cvicnych-firiem-praha-2023-je-opat-slovenska-firma\/#breadcrumb","itemListElement":[{"@type":"ListItem","position":1,"name":"Home","item":"https:\/\/archiv.siov.sk\/"},{"@type":"ListItem","position":2,"name":"Absol\u00fatnym v\u00ed\u0165azom Medzin\u00e1rodn\u00e9ho ve\u013etrhu cvi\u010dn\u00fdch firiem Praha 2023 je op\u00e4\u0165 slovensk\u00e1 firma"}]},{"@type":"WebSite","@id":"https:\/\/archiv.siov.sk\/#website","url":"https:\/\/archiv.siov.sk\/","name":"\u0160IOV - \u0161t\u00e1tny in\u0161tit\u00fat odborn\u00e9ho vzdel\u00e1vania","description":"","publisher":{"@id":"https:\/\/archiv.siov.sk\/#organization"},"potentialAction":[{"@type":"SearchAction","target":{"@type":"EntryPoint","urlTemplate":"https:\/\/archiv.siov.sk\/?s={search_term_string}"},"query-input":{"@type":"PropertyValueSpecification","valueRequired":true,"valueName":"search_term_string"}}],"inLanguage":"en-GB"},{"@type":"Organization","@id":"https:\/\/archiv.siov.sk\/#organization","name":"\u0160IOV - \u0161t\u00e1tny in\u0161tit\u00fat odborn\u00e9ho vzdel\u00e1vania","url":"https:\/\/archiv.siov.sk\/","logo":{"@type":"ImageObject","inLanguage":"en-GB","@id":"https:\/\/archiv.siov.sk\/#\/schema\/logo\/image\/","url":"https:\/\/archiv.siov.sk\/wp-content\/uploads\/2024\/02\/logo-SIOV.png","contentUrl":"https:\/\/archiv.siov.sk\/wp-content\/uploads\/2024\/02\/logo-SIOV.png","width":431,"height":143,"caption":"\u0160IOV - \u0161t\u00e1tny in\u0161tit\u00fat odborn\u00e9ho vzdel\u00e1vania"},"image":{"@id":"https:\/\/archiv.siov.sk\/#\/schema\/logo\/image\/"},"sameAs":["https:\/\/www.facebook.com\/Statnyinstitutodbornehovzdelavania"]},{"@type":"Person","@id":"https:\/\/archiv.siov.sk\/#\/schema\/person\/e42d633fbd958c6a726e8834d8965e6c","name":"Katar\u00edna Kov\u00e1\u010dov\u00e1","url":"https:\/\/archiv.siov.sk\/en\/author\/katkakovacova\/"}]}},"_links":{"self":[{"href":"https:\/\/archiv.siov.sk\/en\/wp-json\/wp\/v2\/posts\/13642","targetHints":{"allow":["GET"]}}],"collection":[{"href":"https:\/\/archiv.siov.sk\/en\/wp-json\/wp\/v2\/posts"}],"about":[{"href":"https:\/\/archiv.siov.sk\/en\/wp-json\/wp\/v2\/types\/post"}],"author":[{"embeddable":true,"href":"https:\/\/archiv.siov.sk\/en\/wp-json\/wp\/v2\/users\/6"}],"replies":[{"embeddable":true,"href":"https:\/\/archiv.siov.sk\/en\/wp-json\/wp\/v2\/comments?post=13642"}],"version-history":[{"count":2,"href":"https:\/\/archiv.siov.sk\/en\/wp-json\/wp\/v2\/posts\/13642\/revisions"}],"predecessor-version":[{"id":13644,"href":"https:\/\/archiv.siov.sk\/en\/wp-json\/wp\/v2\/posts\/13642\/revisions\/13644"}],"wp:featuredmedia":[{"embeddable":true,"href":"https:\/\/archiv.siov.sk\/en\/wp-json\/wp\/v2\/media\/3894"}],"wp:attachment":[{"href":"https:\/\/archiv.siov.sk\/en\/wp-json\/wp\/v2\/media?parent=13642"}],"wp:term":[{"taxonomy":"category","embeddable":true,"href":"https:\/\/archiv.siov.sk\/en\/wp-json\/wp\/v2\/categories?post=13642"},{"taxonomy":"post_tag","embeddable":true,"href":"https:\/\/archiv.siov.sk\/en\/wp-json\/wp\/v2\/tags?post=13642"}],"curies":[{"name":"wp","href":"https:\/\/api.w.org\/{rel}","templated":true}]}}