{"id":13528,"date":"2023-02-22T10:18:16","date_gmt":"2023-02-22T09:18:16","guid":{"rendered":"https:\/\/archiv.siov.sk\/?p=13528"},"modified":"2025-07-03T14:09:05","modified_gmt":"2025-07-03T12:09:05","slug":"chorvatske-inspiracie-vdaka-vzdelavacej-mobilite-erasmus","status":"publish","type":"post","link":"https:\/\/archiv.siov.sk\/en\/chorvatske-inspiracie-vdaka-vzdelavacej-mobilite-erasmus\/","title":{"rendered":"CHORV\u00c1TSKE IN\u0160PIR\u00c1CIE V\u010eAKA VZDEL\u00c1VACEJ MOBILITE ERASMUS+"},"content":{"rendered":"<p>Vo febru\u00e1ri 2023 sa n\u00e1m podarilo vycestova\u0165 za in\u0161pir\u00e1ciami k\u00a0na\u0161im sk\u00fasen\u00fdm kolegom z\u00a0EQAVET Chorv\u00e1tsko.<\/p>\n<p style=\"text-align: justify;\"><strong><a href=\"https:\/\/www.asoo.hr\/\">Agent\u00fara pre odborn\u00e9 vzdel\u00e1vanie a vzdel\u00e1vanie dospel\u00fdch<\/a><\/strong> (Agencija za strukovno obrazovanje i obrazovanje odraslih) v Z\u00e1hrebe m\u00e1 rovnak\u00e9 postavenie, pr\u00e1vomoci a povinnosti ako \u0160t\u00e1tny in\u0161tit\u00fat odborn\u00e9ho vzdel\u00e1vania. Okrem eur\u00f3pskych iniciat\u00edv EQAVET a EPALE pod agent\u00faru spad\u00e1 tvorba vzdel\u00e1vac\u00edch programov OVP \u010di \u0161tudentsk\u00e9 s\u00fa\u0165a\u017ee zru\u010dnost\u00ed a podobne.<\/p>\n<p>&nbsp;<\/p>\n<p><img fetchpriority=\"high\" decoding=\"async\" class=\"size-medium wp-image-13530 aligncenter\" src=\"https:\/\/archiv.siov.sk\/wp-content\/uploads\/2023\/02\/newsletter-AVETAE-300x225.jpeg\" alt=\"\" width=\"300\" height=\"225\" srcset=\"https:\/\/archiv.siov.sk\/wp-content\/uploads\/2023\/02\/newsletter-AVETAE-300x225.jpeg 300w, https:\/\/archiv.siov.sk\/wp-content\/uploads\/2023\/02\/newsletter-AVETAE-768x576.jpeg 768w, https:\/\/archiv.siov.sk\/wp-content\/uploads\/2023\/02\/newsletter-AVETAE-16x12.jpeg 16w, https:\/\/archiv.siov.sk\/wp-content\/uploads\/2023\/02\/newsletter-AVETAE.jpeg 1024w\" sizes=\"(max-width: 300px) 100vw, 300px\" \/><\/p>\n<p>&nbsp;<\/p>\n<p style=\"text-align: justify;\">Hlavnou t\u00e9mou mobility bolo <strong>trasovanie absolventov<\/strong>, ktor\u00e9 v\u00a0Chorv\u00e1tsku prebieha od roku 2017 na in\u0161titucion\u00e1lnej \u00farovni. Ich cie\u013eom je zhroma\u017e\u010fova\u0165 sp\u00e4tn\u00fa v\u00e4zbu o vzdel\u00e1vac\u00edch programoch a inform\u00e1cie o uplatnen\u00ed absolventov na trhu pr\u00e1ce alebo v \u010fal\u0161om vzdel\u00e1van\u00ed. D\u00fafame, \u017ee ich prezent\u00e1cia o implement\u00e1cii, pr\u00ednosoch, v\u00fdzvach a pl\u00e1noch do bl\u00edzkej bud\u00facnosti n\u00e1m pom\u00f4\u017ee v presadzovan\u00ed a propagovan\u00ed tohto n\u00e1stroja kvality na Slovensku.<\/p>\n<p><img decoding=\"async\" class=\"alignnone size-medium wp-image-13531 aligncenter\" src=\"https:\/\/archiv.siov.sk\/wp-content\/uploads\/2023\/02\/newsletter-school-300x225.jpeg\" alt=\"\" width=\"300\" height=\"225\" srcset=\"https:\/\/archiv.siov.sk\/wp-content\/uploads\/2023\/02\/newsletter-school-300x225.jpeg 300w, https:\/\/archiv.siov.sk\/wp-content\/uploads\/2023\/02\/newsletter-school-768x576.jpeg 768w, https:\/\/archiv.siov.sk\/wp-content\/uploads\/2023\/02\/newsletter-school-16x12.jpeg 16w, https:\/\/archiv.siov.sk\/wp-content\/uploads\/2023\/02\/newsletter-school.jpeg 1024w\" sizes=\"(max-width: 300px) 100vw, 300px\" \/><\/p>\n<p style=\"text-align: justify;\">Okrem toho sme mali mo\u017enos\u0165 nav\u0161t\u00edvi\u0165 tri stredn\u00e9 odborn\u00e9 \u0161koly, ktor\u00e9 sa zapojili do trasovania absolventov od \u00fapln\u00e9ho za\u010diatku<strong>&#8211; \u0160kola za medicinske sestre Vrap\u010de, Obrtni\u010dka \u0161kola za osobne usluge a Strojarska tehni\u010dka \u0161kola Fausta Vran\u010di\u0107a<\/strong>. V\u010faka rozmanitosti \u0161k\u00f4l sme mali mo\u017enos\u0165 vidie\u0165 r\u00f4zne pr\u00edstupy a\u00a0v\u00fdsledky v\u00a0trasovan\u00ed absolventov, no na v\u0161etk\u00fdch troch \u0161kol\u00e1ch sme sa stretli s\u00a0rovnak\u00fdm entuziazmom, nad\u0161en\u00edm a\u00a0pozit\u00edvnym pr\u00edstupom v\u00a0oblasti zvy\u0161ovania kvality v\u00a0OVP napriek n\u00e1ro\u010dn\u00fdm \u00faloh\u00e1m, ktor\u00e9 so sebou trasovanie absolventov prin\u00e1\u0161a.<\/p>\n<p>Inform\u00e1cie o\u00a0\u010fal\u0161\u00edch mobilit\u00e1ch \u010di aktivit\u00e1ch EQAVET Slovensko n\u00e1jdete na <strong><a href=\"https:\/\/okvalite.sk\/category\/novinky\/\">okvalite.sk<\/a><\/strong> .<\/p>\n<p><img decoding=\"async\" class=\"alignnone size-medium wp-image-16154\" src=\"https:\/\/archiv.siov.sk\/wp-content\/uploads\/2024\/07\/logo-erasmus-300x170.png\" alt=\"erasmus_plus\" width=\"300\" height=\"170\" srcset=\"https:\/\/archiv.siov.sk\/wp-content\/uploads\/2024\/07\/logo-erasmus-300x170.png 300w, https:\/\/archiv.siov.sk\/wp-content\/uploads\/2024\/07\/logo-erasmus-1024x580.png 1024w, https:\/\/archiv.siov.sk\/wp-content\/uploads\/2024\/07\/logo-erasmus-768x435.png 768w, https:\/\/archiv.siov.sk\/wp-content\/uploads\/2024\/07\/logo-erasmus-18x10.png 18w, https:\/\/archiv.siov.sk\/wp-content\/uploads\/2024\/07\/logo-erasmus.png 1200w\" sizes=\"(max-width: 300px) 100vw, 300px\" \/> <img loading=\"lazy\" decoding=\"async\" class=\"alignnone size-medium wp-image-19606\" src=\"https:\/\/archiv.siov.sk\/wp-content\/uploads\/2025\/06\/spolufinancovane-EU-300x86.png\" alt=\"spolufinancovany EU logo\" width=\"300\" height=\"86\" srcset=\"https:\/\/archiv.siov.sk\/wp-content\/uploads\/2025\/06\/spolufinancovane-EU-300x86.png 300w, https:\/\/archiv.siov.sk\/wp-content\/uploads\/2025\/06\/spolufinancovane-EU-18x5.png 18w, https:\/\/archiv.siov.sk\/wp-content\/uploads\/2025\/06\/spolufinancovane-EU.png 600w\" sizes=\"(max-width: 300px) 100vw, 300px\" \/><\/p>","protected":false},"excerpt":{"rendered":"<p>Vo febru\u00e1ri 2023 sa n\u00e1m podarilo vycestova\u0165 za in\u0161pir\u00e1ciami k\u00a0na\u0161im sk\u00fasen\u00fdm kolegom z\u00a0EQAVET Chorv\u00e1tsko. Agent\u00fara pre odborn\u00e9 vzdel\u00e1vanie a vzdel\u00e1vanie dospel\u00fdch (Agencija za strukovno obrazovanje i obrazovanje odraslih) v Z\u00e1hrebe m\u00e1 rovnak\u00e9 postavenie, pr\u00e1vomoci a povinnosti ako \u0160t\u00e1tny in\u0161tit\u00fat odborn\u00e9ho vzdel\u00e1vania. Okrem eur\u00f3pskych iniciat\u00edv EQAVET a EPALE pod agent\u00faru spad\u00e1 tvorba vzdel\u00e1vac\u00edch programov OVP \u010di [&hellip;]<\/p>\n","protected":false},"author":6,"featured_media":13532,"comment_status":"closed","ping_status":"closed","sticky":false,"template":"","format":"standard","meta":{"site-sidebar-layout":"default","site-content-layout":"default","ast-site-content-layout":"default","site-content-style":"default","site-sidebar-style":"default","ast-global-header-display":"","ast-banner-title-visibility":"","ast-main-header-display":"","ast-hfb-above-header-display":"","ast-hfb-below-header-display":"","ast-hfb-mobile-header-display":"","site-post-title":"","ast-breadcrumbs-content":"","ast-featured-img":"","footer-sml-layout":"","ast-disable-related-posts":"","theme-transparent-header-meta":"default","adv-header-id-meta":"","stick-header-meta":"default","header-above-stick-meta":"","header-main-stick-meta":"","header-below-stick-meta":"","astra-migrate-meta-layouts":"set","ast-page-background-enabled":"default","ast-page-background-meta":{"desktop":{"background-color":"var(--ast-global-color-4)","background-image":"","background-repeat":"repeat","background-position":"center center","background-size":"auto","background-attachment":"scroll","background-type":"","background-media":"","overlay-type":"","overlay-color":"","overlay-opacity":"","overlay-gradient":""},"tablet":{"background-color":"","background-image":"","background-repeat":"repeat","background-position":"center center","background-size":"auto","background-attachment":"scroll","background-type":"","background-media":"","overlay-type":"","overlay-color":"","overlay-opacity":"","overlay-gradient":""},"mobile":{"background-color":"","background-image":"","background-repeat":"repeat","background-position":"center center","background-size":"auto","background-attachment":"scroll","background-type":"","background-media":"","overlay-type":"","overlay-color":"","overlay-opacity":"","overlay-gradient":""}},"ast-content-background-meta":{"desktop":{"background-color":"var(--ast-global-color-5)","background-image":"","background-repeat":"repeat","background-position":"center center","background-size":"auto","background-attachment":"scroll","background-type":"","background-media":"","overlay-type":"","overlay-color":"","overlay-opacity":"","overlay-gradient":""},"tablet":{"background-color":"var(--ast-global-color-5)","background-image":"","background-repeat":"repeat","background-position":"center center","background-size":"auto","background-attachment":"scroll","background-type":"","background-media":"","overlay-type":"","overlay-color":"","overlay-opacity":"","overlay-gradient":""},"mobile":{"background-color":"var(--ast-global-color-5)","background-image":"","background-repeat":"repeat","background-position":"center center","background-size":"auto","background-attachment":"scroll","background-type":"","background-media":"","overlay-type":"","overlay-color":"","overlay-opacity":"","overlay-gradient":""}},"footnotes":""},"categories":[1,25],"tags":[],"class_list":["post-13528","post","type-post","status-publish","format-standard","has-post-thumbnail","hentry","category-aktuality","category-erasmusplus"],"yoast_head":"<!-- This site is optimized with the Yoast SEO plugin v27.5 - https:\/\/yoast.com\/product\/yoast-seo-wordpress\/ -->\n<title>CHORV\u00c1TSKE IN\u0160PIR\u00c1CIE V\u010eAKA VZDEL\u00c1VACEJ MOBILITE ERASMUS+ - \u0160IOV - \u0161t\u00e1tny in\u0161tit\u00fat odborn\u00e9ho vzdel\u00e1vania<\/title>\n<meta name=\"robots\" content=\"index, follow, max-snippet:-1, max-image-preview:large, max-video-preview:-1\" \/>\n<link rel=\"canonical\" href=\"https:\/\/archiv.siov.sk\/en\/chorvatske-inspiracie-vdaka-vzdelavacej-mobilite-erasmus\/\" \/>\n<meta property=\"og:locale\" content=\"en_GB\" \/>\n<meta property=\"og:type\" content=\"article\" \/>\n<meta property=\"og:title\" content=\"CHORV\u00c1TSKE IN\u0160PIR\u00c1CIE V\u010eAKA VZDEL\u00c1VACEJ MOBILITE ERASMUS+ - \u0160IOV - \u0161t\u00e1tny in\u0161tit\u00fat odborn\u00e9ho vzdel\u00e1vania\" \/>\n<meta property=\"og:description\" content=\"Vo febru\u00e1ri 2023 sa n\u00e1m podarilo vycestova\u0165 za in\u0161pir\u00e1ciami k\u00a0na\u0161im sk\u00fasen\u00fdm kolegom z\u00a0EQAVET Chorv\u00e1tsko. Agent\u00fara pre odborn\u00e9 vzdel\u00e1vanie a vzdel\u00e1vanie dospel\u00fdch (Agencija za strukovno obrazovanje i obrazovanje odraslih) v Z\u00e1hrebe m\u00e1 rovnak\u00e9 postavenie, pr\u00e1vomoci a povinnosti ako \u0160t\u00e1tny in\u0161tit\u00fat odborn\u00e9ho vzdel\u00e1vania. Okrem eur\u00f3pskych iniciat\u00edv EQAVET a EPALE pod agent\u00faru spad\u00e1 tvorba vzdel\u00e1vac\u00edch programov OVP \u010di [&hellip;]\" \/>\n<meta property=\"og:url\" content=\"https:\/\/archiv.siov.sk\/en\/chorvatske-inspiracie-vdaka-vzdelavacej-mobilite-erasmus\/\" \/>\n<meta property=\"og:site_name\" content=\"\u0160IOV - \u0161t\u00e1tny in\u0161tit\u00fat odborn\u00e9ho vzdel\u00e1vania\" \/>\n<meta property=\"article:publisher\" content=\"https:\/\/www.facebook.com\/Statnyinstitutodbornehovzdelavania\" \/>\n<meta property=\"article:published_time\" content=\"2023-02-22T09:18:16+00:00\" \/>\n<meta property=\"article:modified_time\" content=\"2025-07-03T12:09:05+00:00\" \/>\n<meta property=\"og:image\" content=\"https:\/\/archiv.siov.sk\/wp-content\/uploads\/2023\/02\/logo-erasmus.png\" \/>\n\t<meta property=\"og:image:width\" content=\"1200\" \/>\n\t<meta property=\"og:image:height\" content=\"680\" \/>\n\t<meta property=\"og:image:type\" content=\"image\/png\" \/>\n<meta name=\"author\" content=\"Katar\u00edna Kov\u00e1\u010dov\u00e1\" \/>\n<meta name=\"twitter:card\" content=\"summary_large_image\" \/>\n<meta name=\"twitter:label1\" content=\"Written by\" \/>\n\t<meta name=\"twitter:data1\" content=\"Katar\u00edna Kov\u00e1\u010dov\u00e1\" \/>\n\t<meta name=\"twitter:label2\" content=\"Estimated reading time\" \/>\n\t<meta name=\"twitter:data2\" content=\"3 minutes\" \/>\n<script type=\"application\/ld+json\" class=\"yoast-schema-graph\">{\"@context\":\"https:\\\/\\\/schema.org\",\"@graph\":[{\"@type\":\"Article\",\"@id\":\"https:\\\/\\\/archiv.siov.sk\\\/chorvatske-inspiracie-vdaka-vzdelavacej-mobilite-erasmus\\\/#article\",\"isPartOf\":{\"@id\":\"https:\\\/\\\/archiv.siov.sk\\\/chorvatske-inspiracie-vdaka-vzdelavacej-mobilite-erasmus\\\/\"},\"author\":{\"name\":\"Katar\u00edna Kov\u00e1\u010dov\u00e1\",\"@id\":\"https:\\\/\\\/archiv.siov.sk\\\/#\\\/schema\\\/person\\\/e42d633fbd958c6a726e8834d8965e6c\"},\"headline\":\"CHORV\u00c1TSKE IN\u0160PIR\u00c1CIE V\u010eAKA VZDEL\u00c1VACEJ MOBILITE ERASMUS+\",\"datePublished\":\"2023-02-22T09:18:16+00:00\",\"dateModified\":\"2025-07-03T12:09:05+00:00\",\"mainEntityOfPage\":{\"@id\":\"https:\\\/\\\/archiv.siov.sk\\\/chorvatske-inspiracie-vdaka-vzdelavacej-mobilite-erasmus\\\/\"},\"wordCount\":312,\"publisher\":{\"@id\":\"https:\\\/\\\/archiv.siov.sk\\\/#organization\"},\"image\":{\"@id\":\"https:\\\/\\\/archiv.siov.sk\\\/chorvatske-inspiracie-vdaka-vzdelavacej-mobilite-erasmus\\\/#primaryimage\"},\"thumbnailUrl\":\"https:\\\/\\\/archiv.siov.sk\\\/wp-content\\\/uploads\\\/2023\\\/02\\\/logo-erasmus.png\",\"articleSection\":[\"Aktuality\",\"Erasmus+\"],\"inLanguage\":\"en-GB\"},{\"@type\":\"WebPage\",\"@id\":\"https:\\\/\\\/archiv.siov.sk\\\/chorvatske-inspiracie-vdaka-vzdelavacej-mobilite-erasmus\\\/\",\"url\":\"https:\\\/\\\/archiv.siov.sk\\\/chorvatske-inspiracie-vdaka-vzdelavacej-mobilite-erasmus\\\/\",\"name\":\"CHORV\u00c1TSKE IN\u0160PIR\u00c1CIE V\u010eAKA VZDEL\u00c1VACEJ MOBILITE ERASMUS+ - \u0160IOV - \u0161t\u00e1tny in\u0161tit\u00fat odborn\u00e9ho vzdel\u00e1vania\",\"isPartOf\":{\"@id\":\"https:\\\/\\\/archiv.siov.sk\\\/#website\"},\"primaryImageOfPage\":{\"@id\":\"https:\\\/\\\/archiv.siov.sk\\\/chorvatske-inspiracie-vdaka-vzdelavacej-mobilite-erasmus\\\/#primaryimage\"},\"image\":{\"@id\":\"https:\\\/\\\/archiv.siov.sk\\\/chorvatske-inspiracie-vdaka-vzdelavacej-mobilite-erasmus\\\/#primaryimage\"},\"thumbnailUrl\":\"https:\\\/\\\/archiv.siov.sk\\\/wp-content\\\/uploads\\\/2023\\\/02\\\/logo-erasmus.png\",\"datePublished\":\"2023-02-22T09:18:16+00:00\",\"dateModified\":\"2025-07-03T12:09:05+00:00\",\"breadcrumb\":{\"@id\":\"https:\\\/\\\/archiv.siov.sk\\\/chorvatske-inspiracie-vdaka-vzdelavacej-mobilite-erasmus\\\/#breadcrumb\"},\"inLanguage\":\"en-GB\",\"potentialAction\":[{\"@type\":\"ReadAction\",\"target\":[\"https:\\\/\\\/archiv.siov.sk\\\/chorvatske-inspiracie-vdaka-vzdelavacej-mobilite-erasmus\\\/\"]}]},{\"@type\":\"ImageObject\",\"inLanguage\":\"en-GB\",\"@id\":\"https:\\\/\\\/archiv.siov.sk\\\/chorvatske-inspiracie-vdaka-vzdelavacej-mobilite-erasmus\\\/#primaryimage\",\"url\":\"https:\\\/\\\/archiv.siov.sk\\\/wp-content\\\/uploads\\\/2023\\\/02\\\/logo-erasmus.png\",\"contentUrl\":\"https:\\\/\\\/archiv.siov.sk\\\/wp-content\\\/uploads\\\/2023\\\/02\\\/logo-erasmus.png\",\"width\":1200,\"height\":680},{\"@type\":\"BreadcrumbList\",\"@id\":\"https:\\\/\\\/archiv.siov.sk\\\/chorvatske-inspiracie-vdaka-vzdelavacej-mobilite-erasmus\\\/#breadcrumb\",\"itemListElement\":[{\"@type\":\"ListItem\",\"position\":1,\"name\":\"Home\",\"item\":\"https:\\\/\\\/archiv.siov.sk\\\/\"},{\"@type\":\"ListItem\",\"position\":2,\"name\":\"CHORV\u00c1TSKE IN\u0160PIR\u00c1CIE V\u010eAKA VZDEL\u00c1VACEJ MOBILITE ERASMUS+\"}]},{\"@type\":\"WebSite\",\"@id\":\"https:\\\/\\\/archiv.siov.sk\\\/#website\",\"url\":\"https:\\\/\\\/archiv.siov.sk\\\/\",\"name\":\"\u0160IOV - \u0161t\u00e1tny in\u0161tit\u00fat odborn\u00e9ho vzdel\u00e1vania\",\"description\":\"\",\"publisher\":{\"@id\":\"https:\\\/\\\/archiv.siov.sk\\\/#organization\"},\"potentialAction\":[{\"@type\":\"SearchAction\",\"target\":{\"@type\":\"EntryPoint\",\"urlTemplate\":\"https:\\\/\\\/archiv.siov.sk\\\/?s={search_term_string}\"},\"query-input\":{\"@type\":\"PropertyValueSpecification\",\"valueRequired\":true,\"valueName\":\"search_term_string\"}}],\"inLanguage\":\"en-GB\"},{\"@type\":\"Organization\",\"@id\":\"https:\\\/\\\/archiv.siov.sk\\\/#organization\",\"name\":\"\u0160IOV - \u0161t\u00e1tny in\u0161tit\u00fat odborn\u00e9ho vzdel\u00e1vania\",\"url\":\"https:\\\/\\\/archiv.siov.sk\\\/\",\"logo\":{\"@type\":\"ImageObject\",\"inLanguage\":\"en-GB\",\"@id\":\"https:\\\/\\\/archiv.siov.sk\\\/#\\\/schema\\\/logo\\\/image\\\/\",\"url\":\"https:\\\/\\\/archiv.siov.sk\\\/wp-content\\\/uploads\\\/2024\\\/02\\\/logo-SIOV.png\",\"contentUrl\":\"https:\\\/\\\/archiv.siov.sk\\\/wp-content\\\/uploads\\\/2024\\\/02\\\/logo-SIOV.png\",\"width\":431,\"height\":143,\"caption\":\"\u0160IOV - \u0161t\u00e1tny in\u0161tit\u00fat odborn\u00e9ho vzdel\u00e1vania\"},\"image\":{\"@id\":\"https:\\\/\\\/archiv.siov.sk\\\/#\\\/schema\\\/logo\\\/image\\\/\"},\"sameAs\":[\"https:\\\/\\\/www.facebook.com\\\/Statnyinstitutodbornehovzdelavania\"]},{\"@type\":\"Person\",\"@id\":\"https:\\\/\\\/archiv.siov.sk\\\/#\\\/schema\\\/person\\\/e42d633fbd958c6a726e8834d8965e6c\",\"name\":\"Katar\u00edna Kov\u00e1\u010dov\u00e1\",\"url\":\"https:\\\/\\\/archiv.siov.sk\\\/en\\\/author\\\/katkakovacova\\\/\"}]}<\/script>\n<!-- \/ Yoast SEO plugin. -->","yoast_head_json":{"title":"CHORV\u00c1TSKE IN\u0160PIR\u00c1CIE V\u010eAKA VZDEL\u00c1VACEJ MOBILITE ERASMUS+ - \u0160IOV - \u0161t\u00e1tny in\u0161tit\u00fat odborn\u00e9ho vzdel\u00e1vania","robots":{"index":"index","follow":"follow","max-snippet":"max-snippet:-1","max-image-preview":"max-image-preview:large","max-video-preview":"max-video-preview:-1"},"canonical":"https:\/\/archiv.siov.sk\/en\/chorvatske-inspiracie-vdaka-vzdelavacej-mobilite-erasmus\/","og_locale":"en_GB","og_type":"article","og_title":"CHORV\u00c1TSKE IN\u0160PIR\u00c1CIE V\u010eAKA VZDEL\u00c1VACEJ MOBILITE ERASMUS+ - \u0160IOV - \u0161t\u00e1tny in\u0161tit\u00fat odborn\u00e9ho vzdel\u00e1vania","og_description":"Vo febru\u00e1ri 2023 sa n\u00e1m podarilo vycestova\u0165 za in\u0161pir\u00e1ciami k\u00a0na\u0161im sk\u00fasen\u00fdm kolegom z\u00a0EQAVET Chorv\u00e1tsko. Agent\u00fara pre odborn\u00e9 vzdel\u00e1vanie a vzdel\u00e1vanie dospel\u00fdch (Agencija za strukovno obrazovanje i obrazovanje odraslih) v Z\u00e1hrebe m\u00e1 rovnak\u00e9 postavenie, pr\u00e1vomoci a povinnosti ako \u0160t\u00e1tny in\u0161tit\u00fat odborn\u00e9ho vzdel\u00e1vania. Okrem eur\u00f3pskych iniciat\u00edv EQAVET a EPALE pod agent\u00faru spad\u00e1 tvorba vzdel\u00e1vac\u00edch programov OVP \u010di [&hellip;]","og_url":"https:\/\/archiv.siov.sk\/en\/chorvatske-inspiracie-vdaka-vzdelavacej-mobilite-erasmus\/","og_site_name":"\u0160IOV - \u0161t\u00e1tny in\u0161tit\u00fat odborn\u00e9ho vzdel\u00e1vania","article_publisher":"https:\/\/www.facebook.com\/Statnyinstitutodbornehovzdelavania","article_published_time":"2023-02-22T09:18:16+00:00","article_modified_time":"2025-07-03T12:09:05+00:00","og_image":[{"width":1200,"height":680,"url":"https:\/\/archiv.siov.sk\/wp-content\/uploads\/2023\/02\/logo-erasmus.png","type":"image\/png"}],"author":"Katar\u00edna Kov\u00e1\u010dov\u00e1","twitter_card":"summary_large_image","twitter_misc":{"Written by":"Katar\u00edna Kov\u00e1\u010dov\u00e1","Estimated reading time":"3 minutes"},"schema":{"@context":"https:\/\/schema.org","@graph":[{"@type":"Article","@id":"https:\/\/archiv.siov.sk\/chorvatske-inspiracie-vdaka-vzdelavacej-mobilite-erasmus\/#article","isPartOf":{"@id":"https:\/\/archiv.siov.sk\/chorvatske-inspiracie-vdaka-vzdelavacej-mobilite-erasmus\/"},"author":{"name":"Katar\u00edna Kov\u00e1\u010dov\u00e1","@id":"https:\/\/archiv.siov.sk\/#\/schema\/person\/e42d633fbd958c6a726e8834d8965e6c"},"headline":"CHORV\u00c1TSKE IN\u0160PIR\u00c1CIE V\u010eAKA VZDEL\u00c1VACEJ MOBILITE ERASMUS+","datePublished":"2023-02-22T09:18:16+00:00","dateModified":"2025-07-03T12:09:05+00:00","mainEntityOfPage":{"@id":"https:\/\/archiv.siov.sk\/chorvatske-inspiracie-vdaka-vzdelavacej-mobilite-erasmus\/"},"wordCount":312,"publisher":{"@id":"https:\/\/archiv.siov.sk\/#organization"},"image":{"@id":"https:\/\/archiv.siov.sk\/chorvatske-inspiracie-vdaka-vzdelavacej-mobilite-erasmus\/#primaryimage"},"thumbnailUrl":"https:\/\/archiv.siov.sk\/wp-content\/uploads\/2023\/02\/logo-erasmus.png","articleSection":["Aktuality","Erasmus+"],"inLanguage":"en-GB"},{"@type":"WebPage","@id":"https:\/\/archiv.siov.sk\/chorvatske-inspiracie-vdaka-vzdelavacej-mobilite-erasmus\/","url":"https:\/\/archiv.siov.sk\/chorvatske-inspiracie-vdaka-vzdelavacej-mobilite-erasmus\/","name":"CHORV\u00c1TSKE IN\u0160PIR\u00c1CIE V\u010eAKA VZDEL\u00c1VACEJ MOBILITE ERASMUS+ - \u0160IOV - \u0161t\u00e1tny in\u0161tit\u00fat odborn\u00e9ho vzdel\u00e1vania","isPartOf":{"@id":"https:\/\/archiv.siov.sk\/#website"},"primaryImageOfPage":{"@id":"https:\/\/archiv.siov.sk\/chorvatske-inspiracie-vdaka-vzdelavacej-mobilite-erasmus\/#primaryimage"},"image":{"@id":"https:\/\/archiv.siov.sk\/chorvatske-inspiracie-vdaka-vzdelavacej-mobilite-erasmus\/#primaryimage"},"thumbnailUrl":"https:\/\/archiv.siov.sk\/wp-content\/uploads\/2023\/02\/logo-erasmus.png","datePublished":"2023-02-22T09:18:16+00:00","dateModified":"2025-07-03T12:09:05+00:00","breadcrumb":{"@id":"https:\/\/archiv.siov.sk\/chorvatske-inspiracie-vdaka-vzdelavacej-mobilite-erasmus\/#breadcrumb"},"inLanguage":"en-GB","potentialAction":[{"@type":"ReadAction","target":["https:\/\/archiv.siov.sk\/chorvatske-inspiracie-vdaka-vzdelavacej-mobilite-erasmus\/"]}]},{"@type":"ImageObject","inLanguage":"en-GB","@id":"https:\/\/archiv.siov.sk\/chorvatske-inspiracie-vdaka-vzdelavacej-mobilite-erasmus\/#primaryimage","url":"https:\/\/archiv.siov.sk\/wp-content\/uploads\/2023\/02\/logo-erasmus.png","contentUrl":"https:\/\/archiv.siov.sk\/wp-content\/uploads\/2023\/02\/logo-erasmus.png","width":1200,"height":680},{"@type":"BreadcrumbList","@id":"https:\/\/archiv.siov.sk\/chorvatske-inspiracie-vdaka-vzdelavacej-mobilite-erasmus\/#breadcrumb","itemListElement":[{"@type":"ListItem","position":1,"name":"Home","item":"https:\/\/archiv.siov.sk\/"},{"@type":"ListItem","position":2,"name":"CHORV\u00c1TSKE IN\u0160PIR\u00c1CIE V\u010eAKA VZDEL\u00c1VACEJ MOBILITE ERASMUS+"}]},{"@type":"WebSite","@id":"https:\/\/archiv.siov.sk\/#website","url":"https:\/\/archiv.siov.sk\/","name":"\u0160IOV - \u0161t\u00e1tny in\u0161tit\u00fat odborn\u00e9ho vzdel\u00e1vania","description":"","publisher":{"@id":"https:\/\/archiv.siov.sk\/#organization"},"potentialAction":[{"@type":"SearchAction","target":{"@type":"EntryPoint","urlTemplate":"https:\/\/archiv.siov.sk\/?s={search_term_string}"},"query-input":{"@type":"PropertyValueSpecification","valueRequired":true,"valueName":"search_term_string"}}],"inLanguage":"en-GB"},{"@type":"Organization","@id":"https:\/\/archiv.siov.sk\/#organization","name":"\u0160IOV - \u0161t\u00e1tny in\u0161tit\u00fat odborn\u00e9ho vzdel\u00e1vania","url":"https:\/\/archiv.siov.sk\/","logo":{"@type":"ImageObject","inLanguage":"en-GB","@id":"https:\/\/archiv.siov.sk\/#\/schema\/logo\/image\/","url":"https:\/\/archiv.siov.sk\/wp-content\/uploads\/2024\/02\/logo-SIOV.png","contentUrl":"https:\/\/archiv.siov.sk\/wp-content\/uploads\/2024\/02\/logo-SIOV.png","width":431,"height":143,"caption":"\u0160IOV - \u0161t\u00e1tny in\u0161tit\u00fat odborn\u00e9ho vzdel\u00e1vania"},"image":{"@id":"https:\/\/archiv.siov.sk\/#\/schema\/logo\/image\/"},"sameAs":["https:\/\/www.facebook.com\/Statnyinstitutodbornehovzdelavania"]},{"@type":"Person","@id":"https:\/\/archiv.siov.sk\/#\/schema\/person\/e42d633fbd958c6a726e8834d8965e6c","name":"Katar\u00edna Kov\u00e1\u010dov\u00e1","url":"https:\/\/archiv.siov.sk\/en\/author\/katkakovacova\/"}]}},"_links":{"self":[{"href":"https:\/\/archiv.siov.sk\/en\/wp-json\/wp\/v2\/posts\/13528","targetHints":{"allow":["GET"]}}],"collection":[{"href":"https:\/\/archiv.siov.sk\/en\/wp-json\/wp\/v2\/posts"}],"about":[{"href":"https:\/\/archiv.siov.sk\/en\/wp-json\/wp\/v2\/types\/post"}],"author":[{"embeddable":true,"href":"https:\/\/archiv.siov.sk\/en\/wp-json\/wp\/v2\/users\/6"}],"replies":[{"embeddable":true,"href":"https:\/\/archiv.siov.sk\/en\/wp-json\/wp\/v2\/comments?post=13528"}],"version-history":[{"count":4,"href":"https:\/\/archiv.siov.sk\/en\/wp-json\/wp\/v2\/posts\/13528\/revisions"}],"predecessor-version":[{"id":19779,"href":"https:\/\/archiv.siov.sk\/en\/wp-json\/wp\/v2\/posts\/13528\/revisions\/19779"}],"wp:featuredmedia":[{"embeddable":true,"href":"https:\/\/archiv.siov.sk\/en\/wp-json\/wp\/v2\/media\/13532"}],"wp:attachment":[{"href":"https:\/\/archiv.siov.sk\/en\/wp-json\/wp\/v2\/media?parent=13528"}],"wp:term":[{"taxonomy":"category","embeddable":true,"href":"https:\/\/archiv.siov.sk\/en\/wp-json\/wp\/v2\/categories?post=13528"},{"taxonomy":"post_tag","embeddable":true,"href":"https:\/\/archiv.siov.sk\/en\/wp-json\/wp\/v2\/tags?post=13528"}],"curies":[{"name":"wp","href":"https:\/\/api.w.org\/{rel}","templated":true}]}}