{"id":13523,"date":"2023-02-21T09:22:17","date_gmt":"2023-02-21T08:22:17","guid":{"rendered":"https:\/\/archiv.siov.sk\/?p=13523"},"modified":"2025-07-03T14:11:46","modified_gmt":"2025-07-03T12:11:46","slug":"otvorenie-narodnej-ceny-kvality-ovp","status":"publish","type":"post","link":"https:\/\/archiv.siov.sk\/en\/otvorenie-narodnej-ceny-kvality-ovp\/","title":{"rendered":"Otvorenie N\u00e1rodnej ceny kvality OVP"},"content":{"rendered":"<h5><strong>Pre\u010do Mesiac kvality?<\/strong><\/h5>\n<p style=\"text-align: justify;\">Kvalita odborn\u00e9ho vzdel\u00e1vania a pr\u00edpravy je na \u0160t\u00e1tnom in\u0161tit\u00fate odborn\u00e9ho vzdel\u00e1vania jednou z prioritn\u00fdch t\u00e9m a zost\u00e1va \u0148ou aj v roku 2023. Kvalitn\u00e1 pr\u00edprava mlad\u00fdch \u013eud\u00ed pred vstupom na trh pr\u00e1ce, ako aj zvy\u0161ovanie a zmena kvalifik\u00e1ci\u00ed dospel\u00fdch, s\u00fa v\u00fdznamn\u00fdmi aspektmi, ktor\u00e9 ovplyv\u0148uj\u00fa \u017eivoty jednotlivcov po\u010das ich akt\u00edvneho pracovn\u00e9ho \u017eivota. Okrem toho so sebou prin\u00e1\u0161a aj prosperitu a ekonomick\u00fd rozvoj celej spolo\u010dnosti. Po\u010das apr\u00edla sa preto budeme zaobera\u0165 t\u00e9mami a aktivitami v r\u00f4znych segmentoch OVP, ktor\u00e9 s\u00fa d\u00f4le\u017eit\u00e9 pre zvy\u0161ovanie v\u00fdkonnosti a efekt\u00edvnosti poskytovania odborn\u00e9ho vzdel\u00e1vania.<\/p>\n<p style=\"text-align: justify;\">Svoj\u00edm vstupom po\u010das Otvorenia N\u00e1rodnej ceny kvality OVP priamo podporil t\u00fato iniciat\u00edvu\u00a0<strong>Slavom\u00edr Partila, RNDr. ,\u0161t\u00e1tny tajomn\u00edk M\u0160VVa\u0160 SR<\/strong>:\u00a0<em>\u201cZabezpe\u010dovanie kvality m\u00e1 mno\u017estvo aspektov a vy\u017eaduje si zv\u00fd\u0161en\u00e9 \u00fasilie od mana\u017ementov \u0161k\u00f4l aj samotn\u00fdch pedag\u00f3gov a \u010fal\u0161\u00edch zamestnancov \u2013 \u010di u\u017e ide o pou\u017e\u00edvanie r\u00f4znych n\u00e1strojov a met\u00f3d, nastavenia procesov sebahodnotenia a zbierania sp\u00e4tnej v\u00e4zby, akt\u00edvnu komunik\u00e1ciu so zamestn\u00e1vate\u013emi a \u010fal\u0161\u00edmi partnermi, sledovanie v\u00fdvoja trhu pr\u00e1ce, \u010di nov\u00fdch pedagogick\u00fdch pr\u00edstupov, obsahov a technol\u00f3gi\u00ed. Som v\u0161ak presved\u010den\u00fd, \u017ee toto \u00fasilie sa premieta do lep\u0161ej, modernej\u0161ej a atrakt\u00edvnej\u0161ej ponuky pre \u017eiakov, zvy\u0161ovan\u00ed jej responz\u00edvnosti na s\u00fa\u010dasn\u00e9 potreby v ekonomike a tie\u017e vytv\u00e1rania zdrav\u00e9ho konkuren\u010dn\u00e9ho prostredia.\u201d<\/em><\/p>\n<h5><strong>Podujatie ka\u017ed\u00fd t\u00fd\u017ede\u0148<\/strong><\/h5>\n<p style=\"text-align: justify;\">Tento rok op\u00e4\u0165 otv\u00e1rame pr\u00edle\u017eitos\u0165 pre stredn\u00e9 odborn\u00e9 \u0161koly pochv\u00e1li\u0165 sa svojimi v\u00fdsledkami, dobrou praxou a v\u00fdnimo\u010dn\u00fdmi pr\u00edstupmi alebo projektmi prostredn\u00edctvom N\u00e1rodnej ceny kvality v OVP 2023.\u00a0Po\u010das Otvorenia sme \u00fa\u010dastn\u00edkom pribl\u00ed\u017eili okrem\u00a0<a href=\"https:\/\/okvalite.sk\/narodna-cena-kvality-v-ovp-2023\/\">kateg\u00f3ri\u00ed, do ktor\u00fdch sa \u0161koly m\u00f4\u017eu prihlasova\u0165<\/a> aj podujatia organizovan\u00e9 po\u010das cel\u00e9ho mesiaca. Sme radi, \u017ee podujatia s\u00fa v\u00fdlu\u010dne mimo Bratislavy, \u010do je zmenou oproti minul\u00e9mu roku. Te\u0161\u00edme sa, \u017ee budeme m\u00f4c\u0165 cestova\u0165 za vami a to konkr\u00e9tne do Trnavsk\u00e9ho, Tren\u010dianskeho a Ko\u0161ick\u00e9ho kraja a z\u00e1rove\u0148 bude mo\u017enos\u0165 na\u010derpa\u0165 sk\u00fasenosti aj z \u010ceskej republiky, kedy z\u00e1jdeme do Jihomoravsk\u00e9ho a Zl\u00ednskeho kraja. V\u0161etky podujatia a inform\u00e1cie o nich n\u00e1jdete\u00a0<a href=\"https:\/\/okvalite.sk\/podujatia-2022-copy\/\">tu.\u00a0<\/a><\/p>\n<p>Prezent\u00e1ciu z Otvorenia mesiaca kvality n\u00e1jdete tu na <strong><a href=\"https:\/\/okvalite.sk\/april-ako-mesiac-kvality-uz-po-druhykrat\/\">https:\/\/okvalite.sk\/april-ako-mesiac-kvality-uz-po-druhykrat\/<\/a><\/strong> .<\/p>\n<p>Te\u0161\u00edme sa na v\u0161etky\u00a0<a href=\"https:\/\/okvalite.sk\/narodna-cena-kvality-v-ovp-2023\/\">prihl\u00e1\u0161ky<\/a>\u00a0do N\u00e1rodnej ceny kvality a taktie\u017e na stretnutia s vami v apr\u00edli.<\/p>\n<figure id=\"attachment_19606\" aria-describedby=\"caption-attachment-19606\" style=\"width: 450px\" class=\"wp-caption aligncenter\"><img fetchpriority=\"high\" decoding=\"async\" class=\"wp-image-19606\" src=\"https:\/\/archiv.siov.sk\/wp-content\/uploads\/2025\/06\/spolufinancovane-EU-300x86.png\" alt=\"spolufinancovany EU logo\" width=\"450\" height=\"128\" srcset=\"https:\/\/archiv.siov.sk\/wp-content\/uploads\/2025\/06\/spolufinancovane-EU-300x86.png 300w, https:\/\/archiv.siov.sk\/wp-content\/uploads\/2025\/06\/spolufinancovane-EU-18x5.png 18w, https:\/\/archiv.siov.sk\/wp-content\/uploads\/2025\/06\/spolufinancovane-EU.png 600w\" sizes=\"(max-width: 450px) 100vw, 450px\" \/><figcaption id=\"caption-attachment-19606\" class=\"wp-caption-text\">Financovan\u00e9 Eur\u00f3pskou \u00faniou. Vyjadren\u00e9 n\u00e1zory a postoje s\u00fa n\u00e1zormi a vyhl\u00e1seniami autora a nemusia nevyhnutne odr\u00e1\u017ea\u0165 n\u00e1zory a stanovisk\u00e1 Eur\u00f3pskej \u00fanie alebo Eur\u00f3pskej v\u00fdkonnej agent\u00fary pre vzdel\u00e1vanie a kult\u00faru (EACEA). Eur\u00f3pska \u00fania ani EACEA za ne nepreberaj\u00fa \u017eiadnu zodpovednos\u0165.<\/figcaption><\/figure>","protected":false},"excerpt":{"rendered":"<p>Pre\u010do Mesiac kvality? Kvalita odborn\u00e9ho vzdel\u00e1vania a pr\u00edpravy je na \u0160t\u00e1tnom in\u0161tit\u00fate odborn\u00e9ho vzdel\u00e1vania jednou z prioritn\u00fdch t\u00e9m a zost\u00e1va \u0148ou aj v roku 2023. Kvalitn\u00e1 pr\u00edprava mlad\u00fdch \u013eud\u00ed pred vstupom na trh pr\u00e1ce, ako aj zvy\u0161ovanie a zmena kvalifik\u00e1ci\u00ed dospel\u00fdch, s\u00fa v\u00fdznamn\u00fdmi aspektmi, ktor\u00e9 ovplyv\u0148uj\u00fa \u017eivoty jednotlivcov po\u010das ich akt\u00edvneho pracovn\u00e9ho \u017eivota. Okrem toho [&hellip;]<\/p>\n","protected":false},"author":6,"featured_media":13525,"comment_status":"closed","ping_status":"closed","sticky":false,"template":"","format":"standard","meta":{"site-sidebar-layout":"default","site-content-layout":"default","ast-site-content-layout":"default","site-content-style":"default","site-sidebar-style":"default","ast-global-header-display":"","ast-banner-title-visibility":"","ast-main-header-display":"","ast-hfb-above-header-display":"","ast-hfb-below-header-display":"","ast-hfb-mobile-header-display":"","site-post-title":"","ast-breadcrumbs-content":"","ast-featured-img":"","footer-sml-layout":"","ast-disable-related-posts":"","theme-transparent-header-meta":"default","adv-header-id-meta":"","stick-header-meta":"default","header-above-stick-meta":"","header-main-stick-meta":"","header-below-stick-meta":"","astra-migrate-meta-layouts":"set","ast-page-background-enabled":"default","ast-page-background-meta":{"desktop":{"background-color":"var(--ast-global-color-4)","background-image":"","background-repeat":"repeat","background-position":"center center","background-size":"auto","background-attachment":"scroll","background-type":"","background-media":"","overlay-type":"","overlay-color":"","overlay-opacity":"","overlay-gradient":""},"tablet":{"background-color":"","background-image":"","background-repeat":"repeat","background-position":"center center","background-size":"auto","background-attachment":"scroll","background-type":"","background-media":"","overlay-type":"","overlay-color":"","overlay-opacity":"","overlay-gradient":""},"mobile":{"background-color":"","background-image":"","background-repeat":"repeat","background-position":"center center","background-size":"auto","background-attachment":"scroll","background-type":"","background-media":"","overlay-type":"","overlay-color":"","overlay-opacity":"","overlay-gradient":""}},"ast-content-background-meta":{"desktop":{"background-color":"var(--ast-global-color-5)","background-image":"","background-repeat":"repeat","background-position":"center center","background-size":"auto","background-attachment":"scroll","background-type":"","background-media":"","overlay-type":"","overlay-color":"","overlay-opacity":"","overlay-gradient":""},"tablet":{"background-color":"var(--ast-global-color-5)","background-image":"","background-repeat":"repeat","background-position":"center center","background-size":"auto","background-attachment":"scroll","background-type":"","background-media":"","overlay-type":"","overlay-color":"","overlay-opacity":"","overlay-gradient":""},"mobile":{"background-color":"var(--ast-global-color-5)","background-image":"","background-repeat":"repeat","background-position":"center center","background-size":"auto","background-attachment":"scroll","background-type":"","background-media":"","overlay-type":"","overlay-color":"","overlay-opacity":"","overlay-gradient":""}},"footnotes":""},"categories":[1],"tags":[],"class_list":["post-13523","post","type-post","status-publish","format-standard","has-post-thumbnail","hentry","category-aktuality"],"yoast_head":"<!-- This site is optimized with the Yoast SEO plugin v27.5 - https:\/\/yoast.com\/product\/yoast-seo-wordpress\/ -->\n<title>Otvorenie N\u00e1rodnej ceny kvality OVP - \u0160IOV - \u0161t\u00e1tny in\u0161tit\u00fat odborn\u00e9ho vzdel\u00e1vania<\/title>\n<meta name=\"robots\" content=\"index, follow, max-snippet:-1, max-image-preview:large, max-video-preview:-1\" \/>\n<link rel=\"canonical\" href=\"https:\/\/archiv.siov.sk\/en\/otvorenie-narodnej-ceny-kvality-ovp\/\" \/>\n<meta property=\"og:locale\" content=\"en_GB\" \/>\n<meta property=\"og:type\" content=\"article\" \/>\n<meta property=\"og:title\" content=\"Otvorenie N\u00e1rodnej ceny kvality OVP - \u0160IOV - \u0161t\u00e1tny in\u0161tit\u00fat odborn\u00e9ho vzdel\u00e1vania\" \/>\n<meta property=\"og:description\" content=\"Pre\u010do Mesiac kvality? Kvalita odborn\u00e9ho vzdel\u00e1vania a pr\u00edpravy je na \u0160t\u00e1tnom in\u0161tit\u00fate odborn\u00e9ho vzdel\u00e1vania jednou z prioritn\u00fdch t\u00e9m a zost\u00e1va \u0148ou aj v roku 2023. Kvalitn\u00e1 pr\u00edprava mlad\u00fdch \u013eud\u00ed pred vstupom na trh pr\u00e1ce, ako aj zvy\u0161ovanie a zmena kvalifik\u00e1ci\u00ed dospel\u00fdch, s\u00fa v\u00fdznamn\u00fdmi aspektmi, ktor\u00e9 ovplyv\u0148uj\u00fa \u017eivoty jednotlivcov po\u010das ich akt\u00edvneho pracovn\u00e9ho \u017eivota. Okrem toho [&hellip;]\" \/>\n<meta property=\"og:url\" content=\"https:\/\/archiv.siov.sk\/en\/otvorenie-narodnej-ceny-kvality-ovp\/\" \/>\n<meta property=\"og:site_name\" content=\"\u0160IOV - \u0161t\u00e1tny in\u0161tit\u00fat odborn\u00e9ho vzdel\u00e1vania\" \/>\n<meta property=\"article:publisher\" content=\"https:\/\/www.facebook.com\/Statnyinstitutodbornehovzdelavania\" \/>\n<meta property=\"article:published_time\" content=\"2023-02-21T08:22:17+00:00\" \/>\n<meta property=\"article:modified_time\" content=\"2025-07-03T12:11:46+00:00\" \/>\n<meta property=\"og:image\" content=\"https:\/\/archiv.siov.sk\/wp-content\/uploads\/2023\/02\/mesiac-kvality-sk-23.png\" \/>\n\t<meta property=\"og:image:width\" content=\"1423\" \/>\n\t<meta property=\"og:image:height\" content=\"405\" \/>\n\t<meta property=\"og:image:type\" content=\"image\/png\" \/>\n<meta name=\"author\" content=\"Katar\u00edna Kov\u00e1\u010dov\u00e1\" \/>\n<meta name=\"twitter:card\" content=\"summary_large_image\" \/>\n<meta name=\"twitter:label1\" content=\"Written by\" \/>\n\t<meta name=\"twitter:data1\" content=\"Katar\u00edna Kov\u00e1\u010dov\u00e1\" \/>\n\t<meta name=\"twitter:label2\" content=\"Estimated reading time\" \/>\n\t<meta name=\"twitter:data2\" content=\"3 minutes\" \/>\n<script type=\"application\/ld+json\" class=\"yoast-schema-graph\">{\"@context\":\"https:\\\/\\\/schema.org\",\"@graph\":[{\"@type\":\"Article\",\"@id\":\"https:\\\/\\\/archiv.siov.sk\\\/otvorenie-narodnej-ceny-kvality-ovp\\\/#article\",\"isPartOf\":{\"@id\":\"https:\\\/\\\/archiv.siov.sk\\\/otvorenie-narodnej-ceny-kvality-ovp\\\/\"},\"author\":{\"name\":\"Katar\u00edna Kov\u00e1\u010dov\u00e1\",\"@id\":\"https:\\\/\\\/archiv.siov.sk\\\/#\\\/schema\\\/person\\\/e42d633fbd958c6a726e8834d8965e6c\"},\"headline\":\"Otvorenie N\u00e1rodnej ceny kvality OVP\",\"datePublished\":\"2023-02-21T08:22:17+00:00\",\"dateModified\":\"2025-07-03T12:11:46+00:00\",\"mainEntityOfPage\":{\"@id\":\"https:\\\/\\\/archiv.siov.sk\\\/otvorenie-narodnej-ceny-kvality-ovp\\\/\"},\"wordCount\":521,\"publisher\":{\"@id\":\"https:\\\/\\\/archiv.siov.sk\\\/#organization\"},\"image\":{\"@id\":\"https:\\\/\\\/archiv.siov.sk\\\/otvorenie-narodnej-ceny-kvality-ovp\\\/#primaryimage\"},\"thumbnailUrl\":\"https:\\\/\\\/archiv.siov.sk\\\/wp-content\\\/uploads\\\/2023\\\/02\\\/mesiac-kvality-sk-23.png\",\"articleSection\":[\"Aktuality\"],\"inLanguage\":\"en-GB\"},{\"@type\":\"WebPage\",\"@id\":\"https:\\\/\\\/archiv.siov.sk\\\/otvorenie-narodnej-ceny-kvality-ovp\\\/\",\"url\":\"https:\\\/\\\/archiv.siov.sk\\\/otvorenie-narodnej-ceny-kvality-ovp\\\/\",\"name\":\"Otvorenie N\u00e1rodnej ceny kvality OVP - \u0160IOV - \u0161t\u00e1tny in\u0161tit\u00fat odborn\u00e9ho vzdel\u00e1vania\",\"isPartOf\":{\"@id\":\"https:\\\/\\\/archiv.siov.sk\\\/#website\"},\"primaryImageOfPage\":{\"@id\":\"https:\\\/\\\/archiv.siov.sk\\\/otvorenie-narodnej-ceny-kvality-ovp\\\/#primaryimage\"},\"image\":{\"@id\":\"https:\\\/\\\/archiv.siov.sk\\\/otvorenie-narodnej-ceny-kvality-ovp\\\/#primaryimage\"},\"thumbnailUrl\":\"https:\\\/\\\/archiv.siov.sk\\\/wp-content\\\/uploads\\\/2023\\\/02\\\/mesiac-kvality-sk-23.png\",\"datePublished\":\"2023-02-21T08:22:17+00:00\",\"dateModified\":\"2025-07-03T12:11:46+00:00\",\"breadcrumb\":{\"@id\":\"https:\\\/\\\/archiv.siov.sk\\\/otvorenie-narodnej-ceny-kvality-ovp\\\/#breadcrumb\"},\"inLanguage\":\"en-GB\",\"potentialAction\":[{\"@type\":\"ReadAction\",\"target\":[\"https:\\\/\\\/archiv.siov.sk\\\/otvorenie-narodnej-ceny-kvality-ovp\\\/\"]}]},{\"@type\":\"ImageObject\",\"inLanguage\":\"en-GB\",\"@id\":\"https:\\\/\\\/archiv.siov.sk\\\/otvorenie-narodnej-ceny-kvality-ovp\\\/#primaryimage\",\"url\":\"https:\\\/\\\/archiv.siov.sk\\\/wp-content\\\/uploads\\\/2023\\\/02\\\/mesiac-kvality-sk-23.png\",\"contentUrl\":\"https:\\\/\\\/archiv.siov.sk\\\/wp-content\\\/uploads\\\/2023\\\/02\\\/mesiac-kvality-sk-23.png\",\"width\":1423,\"height\":405},{\"@type\":\"BreadcrumbList\",\"@id\":\"https:\\\/\\\/archiv.siov.sk\\\/otvorenie-narodnej-ceny-kvality-ovp\\\/#breadcrumb\",\"itemListElement\":[{\"@type\":\"ListItem\",\"position\":1,\"name\":\"Home\",\"item\":\"https:\\\/\\\/archiv.siov.sk\\\/\"},{\"@type\":\"ListItem\",\"position\":2,\"name\":\"Otvorenie N\u00e1rodnej ceny kvality OVP\"}]},{\"@type\":\"WebSite\",\"@id\":\"https:\\\/\\\/archiv.siov.sk\\\/#website\",\"url\":\"https:\\\/\\\/archiv.siov.sk\\\/\",\"name\":\"\u0160IOV - \u0161t\u00e1tny in\u0161tit\u00fat odborn\u00e9ho vzdel\u00e1vania\",\"description\":\"\",\"publisher\":{\"@id\":\"https:\\\/\\\/archiv.siov.sk\\\/#organization\"},\"potentialAction\":[{\"@type\":\"SearchAction\",\"target\":{\"@type\":\"EntryPoint\",\"urlTemplate\":\"https:\\\/\\\/archiv.siov.sk\\\/?s={search_term_string}\"},\"query-input\":{\"@type\":\"PropertyValueSpecification\",\"valueRequired\":true,\"valueName\":\"search_term_string\"}}],\"inLanguage\":\"en-GB\"},{\"@type\":\"Organization\",\"@id\":\"https:\\\/\\\/archiv.siov.sk\\\/#organization\",\"name\":\"\u0160IOV - \u0161t\u00e1tny in\u0161tit\u00fat odborn\u00e9ho vzdel\u00e1vania\",\"url\":\"https:\\\/\\\/archiv.siov.sk\\\/\",\"logo\":{\"@type\":\"ImageObject\",\"inLanguage\":\"en-GB\",\"@id\":\"https:\\\/\\\/archiv.siov.sk\\\/#\\\/schema\\\/logo\\\/image\\\/\",\"url\":\"https:\\\/\\\/archiv.siov.sk\\\/wp-content\\\/uploads\\\/2024\\\/02\\\/logo-SIOV.png\",\"contentUrl\":\"https:\\\/\\\/archiv.siov.sk\\\/wp-content\\\/uploads\\\/2024\\\/02\\\/logo-SIOV.png\",\"width\":431,\"height\":143,\"caption\":\"\u0160IOV - \u0161t\u00e1tny in\u0161tit\u00fat odborn\u00e9ho vzdel\u00e1vania\"},\"image\":{\"@id\":\"https:\\\/\\\/archiv.siov.sk\\\/#\\\/schema\\\/logo\\\/image\\\/\"},\"sameAs\":[\"https:\\\/\\\/www.facebook.com\\\/Statnyinstitutodbornehovzdelavania\"]},{\"@type\":\"Person\",\"@id\":\"https:\\\/\\\/archiv.siov.sk\\\/#\\\/schema\\\/person\\\/e42d633fbd958c6a726e8834d8965e6c\",\"name\":\"Katar\u00edna Kov\u00e1\u010dov\u00e1\",\"url\":\"https:\\\/\\\/archiv.siov.sk\\\/en\\\/author\\\/katkakovacova\\\/\"}]}<\/script>\n<!-- \/ Yoast SEO plugin. -->","yoast_head_json":{"title":"Otvorenie N\u00e1rodnej ceny kvality OVP - \u0160IOV - \u0161t\u00e1tny in\u0161tit\u00fat odborn\u00e9ho vzdel\u00e1vania","robots":{"index":"index","follow":"follow","max-snippet":"max-snippet:-1","max-image-preview":"max-image-preview:large","max-video-preview":"max-video-preview:-1"},"canonical":"https:\/\/archiv.siov.sk\/en\/otvorenie-narodnej-ceny-kvality-ovp\/","og_locale":"en_GB","og_type":"article","og_title":"Otvorenie N\u00e1rodnej ceny kvality OVP - \u0160IOV - \u0161t\u00e1tny in\u0161tit\u00fat odborn\u00e9ho vzdel\u00e1vania","og_description":"Pre\u010do Mesiac kvality? Kvalita odborn\u00e9ho vzdel\u00e1vania a pr\u00edpravy je na \u0160t\u00e1tnom in\u0161tit\u00fate odborn\u00e9ho vzdel\u00e1vania jednou z prioritn\u00fdch t\u00e9m a zost\u00e1va \u0148ou aj v roku 2023. Kvalitn\u00e1 pr\u00edprava mlad\u00fdch \u013eud\u00ed pred vstupom na trh pr\u00e1ce, ako aj zvy\u0161ovanie a zmena kvalifik\u00e1ci\u00ed dospel\u00fdch, s\u00fa v\u00fdznamn\u00fdmi aspektmi, ktor\u00e9 ovplyv\u0148uj\u00fa \u017eivoty jednotlivcov po\u010das ich akt\u00edvneho pracovn\u00e9ho \u017eivota. Okrem toho [&hellip;]","og_url":"https:\/\/archiv.siov.sk\/en\/otvorenie-narodnej-ceny-kvality-ovp\/","og_site_name":"\u0160IOV - \u0161t\u00e1tny in\u0161tit\u00fat odborn\u00e9ho vzdel\u00e1vania","article_publisher":"https:\/\/www.facebook.com\/Statnyinstitutodbornehovzdelavania","article_published_time":"2023-02-21T08:22:17+00:00","article_modified_time":"2025-07-03T12:11:46+00:00","og_image":[{"width":1423,"height":405,"url":"https:\/\/archiv.siov.sk\/wp-content\/uploads\/2023\/02\/mesiac-kvality-sk-23.png","type":"image\/png"}],"author":"Katar\u00edna Kov\u00e1\u010dov\u00e1","twitter_card":"summary_large_image","twitter_misc":{"Written by":"Katar\u00edna Kov\u00e1\u010dov\u00e1","Estimated reading time":"3 minutes"},"schema":{"@context":"https:\/\/schema.org","@graph":[{"@type":"Article","@id":"https:\/\/archiv.siov.sk\/otvorenie-narodnej-ceny-kvality-ovp\/#article","isPartOf":{"@id":"https:\/\/archiv.siov.sk\/otvorenie-narodnej-ceny-kvality-ovp\/"},"author":{"name":"Katar\u00edna Kov\u00e1\u010dov\u00e1","@id":"https:\/\/archiv.siov.sk\/#\/schema\/person\/e42d633fbd958c6a726e8834d8965e6c"},"headline":"Otvorenie N\u00e1rodnej ceny kvality OVP","datePublished":"2023-02-21T08:22:17+00:00","dateModified":"2025-07-03T12:11:46+00:00","mainEntityOfPage":{"@id":"https:\/\/archiv.siov.sk\/otvorenie-narodnej-ceny-kvality-ovp\/"},"wordCount":521,"publisher":{"@id":"https:\/\/archiv.siov.sk\/#organization"},"image":{"@id":"https:\/\/archiv.siov.sk\/otvorenie-narodnej-ceny-kvality-ovp\/#primaryimage"},"thumbnailUrl":"https:\/\/archiv.siov.sk\/wp-content\/uploads\/2023\/02\/mesiac-kvality-sk-23.png","articleSection":["Aktuality"],"inLanguage":"en-GB"},{"@type":"WebPage","@id":"https:\/\/archiv.siov.sk\/otvorenie-narodnej-ceny-kvality-ovp\/","url":"https:\/\/archiv.siov.sk\/otvorenie-narodnej-ceny-kvality-ovp\/","name":"Otvorenie N\u00e1rodnej ceny kvality OVP - \u0160IOV - \u0161t\u00e1tny in\u0161tit\u00fat odborn\u00e9ho vzdel\u00e1vania","isPartOf":{"@id":"https:\/\/archiv.siov.sk\/#website"},"primaryImageOfPage":{"@id":"https:\/\/archiv.siov.sk\/otvorenie-narodnej-ceny-kvality-ovp\/#primaryimage"},"image":{"@id":"https:\/\/archiv.siov.sk\/otvorenie-narodnej-ceny-kvality-ovp\/#primaryimage"},"thumbnailUrl":"https:\/\/archiv.siov.sk\/wp-content\/uploads\/2023\/02\/mesiac-kvality-sk-23.png","datePublished":"2023-02-21T08:22:17+00:00","dateModified":"2025-07-03T12:11:46+00:00","breadcrumb":{"@id":"https:\/\/archiv.siov.sk\/otvorenie-narodnej-ceny-kvality-ovp\/#breadcrumb"},"inLanguage":"en-GB","potentialAction":[{"@type":"ReadAction","target":["https:\/\/archiv.siov.sk\/otvorenie-narodnej-ceny-kvality-ovp\/"]}]},{"@type":"ImageObject","inLanguage":"en-GB","@id":"https:\/\/archiv.siov.sk\/otvorenie-narodnej-ceny-kvality-ovp\/#primaryimage","url":"https:\/\/archiv.siov.sk\/wp-content\/uploads\/2023\/02\/mesiac-kvality-sk-23.png","contentUrl":"https:\/\/archiv.siov.sk\/wp-content\/uploads\/2023\/02\/mesiac-kvality-sk-23.png","width":1423,"height":405},{"@type":"BreadcrumbList","@id":"https:\/\/archiv.siov.sk\/otvorenie-narodnej-ceny-kvality-ovp\/#breadcrumb","itemListElement":[{"@type":"ListItem","position":1,"name":"Home","item":"https:\/\/archiv.siov.sk\/"},{"@type":"ListItem","position":2,"name":"Otvorenie N\u00e1rodnej ceny kvality OVP"}]},{"@type":"WebSite","@id":"https:\/\/archiv.siov.sk\/#website","url":"https:\/\/archiv.siov.sk\/","name":"\u0160IOV - \u0161t\u00e1tny in\u0161tit\u00fat odborn\u00e9ho vzdel\u00e1vania","description":"","publisher":{"@id":"https:\/\/archiv.siov.sk\/#organization"},"potentialAction":[{"@type":"SearchAction","target":{"@type":"EntryPoint","urlTemplate":"https:\/\/archiv.siov.sk\/?s={search_term_string}"},"query-input":{"@type":"PropertyValueSpecification","valueRequired":true,"valueName":"search_term_string"}}],"inLanguage":"en-GB"},{"@type":"Organization","@id":"https:\/\/archiv.siov.sk\/#organization","name":"\u0160IOV - \u0161t\u00e1tny in\u0161tit\u00fat odborn\u00e9ho vzdel\u00e1vania","url":"https:\/\/archiv.siov.sk\/","logo":{"@type":"ImageObject","inLanguage":"en-GB","@id":"https:\/\/archiv.siov.sk\/#\/schema\/logo\/image\/","url":"https:\/\/archiv.siov.sk\/wp-content\/uploads\/2024\/02\/logo-SIOV.png","contentUrl":"https:\/\/archiv.siov.sk\/wp-content\/uploads\/2024\/02\/logo-SIOV.png","width":431,"height":143,"caption":"\u0160IOV - \u0161t\u00e1tny in\u0161tit\u00fat odborn\u00e9ho vzdel\u00e1vania"},"image":{"@id":"https:\/\/archiv.siov.sk\/#\/schema\/logo\/image\/"},"sameAs":["https:\/\/www.facebook.com\/Statnyinstitutodbornehovzdelavania"]},{"@type":"Person","@id":"https:\/\/archiv.siov.sk\/#\/schema\/person\/e42d633fbd958c6a726e8834d8965e6c","name":"Katar\u00edna Kov\u00e1\u010dov\u00e1","url":"https:\/\/archiv.siov.sk\/en\/author\/katkakovacova\/"}]}},"_links":{"self":[{"href":"https:\/\/archiv.siov.sk\/en\/wp-json\/wp\/v2\/posts\/13523","targetHints":{"allow":["GET"]}}],"collection":[{"href":"https:\/\/archiv.siov.sk\/en\/wp-json\/wp\/v2\/posts"}],"about":[{"href":"https:\/\/archiv.siov.sk\/en\/wp-json\/wp\/v2\/types\/post"}],"author":[{"embeddable":true,"href":"https:\/\/archiv.siov.sk\/en\/wp-json\/wp\/v2\/users\/6"}],"replies":[{"embeddable":true,"href":"https:\/\/archiv.siov.sk\/en\/wp-json\/wp\/v2\/comments?post=13523"}],"version-history":[{"count":3,"href":"https:\/\/archiv.siov.sk\/en\/wp-json\/wp\/v2\/posts\/13523\/revisions"}],"predecessor-version":[{"id":19780,"href":"https:\/\/archiv.siov.sk\/en\/wp-json\/wp\/v2\/posts\/13523\/revisions\/19780"}],"wp:featuredmedia":[{"embeddable":true,"href":"https:\/\/archiv.siov.sk\/en\/wp-json\/wp\/v2\/media\/13525"}],"wp:attachment":[{"href":"https:\/\/archiv.siov.sk\/en\/wp-json\/wp\/v2\/media?parent=13523"}],"wp:term":[{"taxonomy":"category","embeddable":true,"href":"https:\/\/archiv.siov.sk\/en\/wp-json\/wp\/v2\/categories?post=13523"},{"taxonomy":"post_tag","embeddable":true,"href":"https:\/\/archiv.siov.sk\/en\/wp-json\/wp\/v2\/tags?post=13523"}],"curies":[{"name":"wp","href":"https:\/\/api.w.org\/{rel}","templated":true}]}}